{"id":7021,"date":"2022-02-24T10:00:34","date_gmt":"2022-02-24T09:00:34","guid":{"rendered":"https:\/\/www.anovapeneira.gal\/?p=7021"},"modified":"2022-02-22T09:38:59","modified_gmt":"2022-02-22T08:38:59","slug":"como-acip-expuxo-en-outubro-o-ministerio-de-facenda-obrigara-o-concello-de-ponteareas-a-realizar-recortes","status":"publish","type":"post","link":"https:\/\/www.anovapeneira.gal\/index.php\/2022\/02\/24\/como-acip-expuxo-en-outubro-o-ministerio-de-facenda-obrigara-o-concello-de-ponteareas-a-realizar-recortes\/","title":{"rendered":"Como ACIP expuxo en outubro, o ministerio de facenda obrigar\u00e1 o Concello de Ponteareas a realizar recortes"},"content":{"rendered":"\n<h2 class=\"wp-block-heading\">A elevada d\u00e9beda do consistorio, ao redor dos 15 mill\u00f3ns, provocar\u00e1 que Ponteareas deba executar un Plan de Axuste que ter\u00e1 que aprobar antes do 22 de marzo.<\/h2>\n\n\n\n<h2 class=\"wp-block-heading\">Dende ACiP xa avisamos desta problem\u00e1tica en outubro, e posteriormente ante a falta de aprobaci\u00f3n do presuposto para o presente ano.<\/h2>\n\n\n\n<p><strong>Ponteareas, 17 de febreiro de 2022<\/strong><\/p>\n\n\n\n<p>No d\u00eda de hoxe a prensa faise eco da imposici\u00f3n de recortes, por parte do Ministerio de Facenda, a 140 concellos galegos, entre os que se encontra o Concello de Ponteareas. Para facer fronte a este Plan de Axuste, o ente municipal estar\u00e1 obrigado a realizar recortes ao demostrar o goberno unha incapacidade total de asumir o pago en data os provedores. Esta autoreco\u00f1ecemento como \u00abpufero\u00bb ser\u00e1 obrigatorio e ter\u00e1 que ser aprobado polo Pleno Municipal antes do 22 de marzo do presente ano.<\/p>\n\n\n\n<p>A pesar de presumir de ser os xestores que vi\u00f1an a acabar ca d\u00e9beda do Concello, esta restrici\u00f3n prod\u00facese por non ser capaces de executar o pago a provedores nos prazos legalmente establecidos. O Goberno local, formado por BNG e PSdG, a pesar destas cifras continuaron co despilfarro sen control do di\u00f1eiro p\u00fablico.<\/p>\n\n\n\n<p>Como declara o l\u00edder de Alternativa Ciudadana de Ponteareas, Juan Carlos Gonz\u00e1lez Carrera, \u00abvimos vivindo un aut\u00e9ntico descontrol dentro do Goberno local, onde as rivalidades internas provoca que a comunicaci\u00f3n non sexa flu\u00edda e que se dispare este dispendio por conceller\u00edas, sen que a Alcaldesa sexa consciente da metade\u00bb.<\/p>\n\n\n\n<p>En outubro de 2021, dende a nosa formaci\u00f3n realizamos unha nota de prensa denunciando a desorb\u00edtante d\u00e9beda que alcanzaba o Concello de Ponteareas, superando os 15 mill\u00f3ns de euros cando esta era de 0 \u20ac cando asumiron o poder. Resumindo, dende que o bipartito asumiu o poder:<\/p>\n\n\n\n<ul class=\"wp-block-list\"><li>No primeiro ano xeraron un monto de 5 mill\u00f3ns de euros.<\/li><li>A construci\u00f3n da depuradora, na que a p\u00e9sima negociaci\u00f3n por parte do goberno, comprometeu 6 mill\u00f3ns de euros m\u00e1is as arcas de Ponteareas.<\/li><li>No 2020, xa solicitaron unha p\u00f3liza de cr\u00e9dito de 1 900 000 \u20ac por falta de liquidez, que a\u00ednda non foron quen de devolver.<\/li><li>A finais de 2021, realizan unha nova solicitude de 2 360 000 \u20ac.<\/li><\/ul>\n\n\n\n<p>Este feito ben a confirmar o exposto por ACiP, que sinalou que a carencia de realizar un novo presuposto prod\u00facese pola incapacidade que te\u00f1en dende o actual goberno de cifrar a d\u00e9beda actual, imposibilitando que os n\u00fameros encaixen. O Concello de Ponteareas convertese desgraciadamente nunha entidade \u00abpufera\u00bb, deixando a empresas e aut\u00f3nomos en vilo de cobro nun momento econ\u00f3mico moi del\u00edcado.<\/p>\n","protected":false},"excerpt":{"rendered":"<div class=\"mh-excerpt\"><p>Ponteareas deba executar un Plan de Axuste que ter\u00e1 que aprobar antes do 22 de marzo <a class=\"mh-excerpt-more\" href=\"https:\/\/www.anovapeneira.gal\/index.php\/2022\/02\/24\/como-acip-expuxo-en-outubro-o-ministerio-de-facenda-obrigara-o-concello-de-ponteareas-a-realizar-recortes\/\" title=\"Como ACIP expuxo en outubro, o ministerio de facenda obrigar\u00e1 o Concello de Ponteareas a realizar recortes\">[&#8230;]<\/a><\/p>\n<\/div>","protected":false},"author":3,"featured_media":7022,"comment_status":"open","ping_status":"open","sticky":false,"template":"","format":"standard","meta":{"_exactmetrics_skip_tracking":false,"_exactmetrics_sitenote_active":false,"_exactmetrics_sitenote_note":"","_exactmetrics_sitenote_category":0,"footnotes":""},"categories":[25],"tags":[208],"class_list":{"0":"post-7021","1":"post","2":"type-post","3":"status-publish","4":"format-standard","5":"has-post-thumbnail","7":"category-condado","8":"tag-concello-de-ponteareas"},"yoast_head":"<!-- This site is optimized with the Yoast SEO plugin v27.4 - https:\/\/yoast.com\/product\/yoast-seo-wordpress\/ -->\n<title>Como ACIP expuxo en outubro, o ministerio de facenda obrigar\u00e1 o Concello de Ponteareas a realizar recortes -<\/title>\n<meta name=\"description\" content=\"Ponteareas deba executar un Plan de Axuste que ter\u00e1 que aprobar antes do 22 de marzo\" \/>\n<meta name=\"robots\" content=\"index, follow, max-snippet:-1, max-image-preview:large, max-video-preview:-1\" \/>\n<link rel=\"canonical\" href=\"https:\/\/www.anovapeneira.gal\/index.php\/2022\/02\/24\/como-acip-expuxo-en-outubro-o-ministerio-de-facenda-obrigara-o-concello-de-ponteareas-a-realizar-recortes\/\" \/>\n<meta property=\"og:locale\" content=\"gl_ES\" \/>\n<meta property=\"og:type\" content=\"article\" \/>\n<meta property=\"og:title\" content=\"Como ACIP expuxo en outubro, o ministerio de facenda obrigar\u00e1 o Concello de Ponteareas a realizar recortes -\" \/>\n<meta property=\"og:description\" content=\"Ponteareas deba executar un Plan de Axuste que ter\u00e1 que aprobar antes do 22 de marzo\" \/>\n<meta property=\"og:url\" content=\"https:\/\/www.anovapeneira.gal\/index.php\/2022\/02\/24\/como-acip-expuxo-en-outubro-o-ministerio-de-facenda-obrigara-o-concello-de-ponteareas-a-realizar-recortes\/\" \/>\n<meta property=\"article:publisher\" content=\"https:\/\/www.facebook.com\/anovapeneira\" \/>\n<meta property=\"article:published_time\" content=\"2022-02-24T09:00:34+00:00\" \/>\n<meta property=\"og:image\" content=\"https:\/\/www.anovapeneira.gal\/wp-content\/uploads\/2022\/02\/acip_ponteareas.jpg\" \/>\n\t<meta property=\"og:image:width\" content=\"720\" \/>\n\t<meta property=\"og:image:height\" content=\"432\" \/>\n\t<meta property=\"og:image:type\" content=\"image\/jpeg\" \/>\n<meta name=\"author\" content=\"Redacci\u00f3n A Nova Peneira\" \/>\n<meta name=\"twitter:card\" content=\"summary_large_image\" \/>\n<meta name=\"twitter:creator\" content=\"@APeneira\" \/>\n<meta name=\"twitter:site\" content=\"@APeneira\" \/>\n<meta name=\"twitter:label1\" content=\"Escrito por\" \/>\n\t<meta name=\"twitter:data1\" content=\"Redacci\u00f3n A Nova Peneira\" \/>\n\t<meta name=\"twitter:label2\" content=\"Tempo de lectura\" \/>\n\t<meta name=\"twitter:data2\" content=\"3 minutos\" \/>\n<script type=\"application\/ld+json\" class=\"yoast-schema-graph\">{\"@context\":\"https:\\\/\\\/schema.org\",\"@graph\":[{\"@type\":\"Article\",\"@id\":\"https:\\\/\\\/www.anovapeneira.gal\\\/index.php\\\/2022\\\/02\\\/24\\\/como-acip-expuxo-en-outubro-o-ministerio-de-facenda-obrigara-o-concello-de-ponteareas-a-realizar-recortes\\\/#article\",\"isPartOf\":{\"@id\":\"https:\\\/\\\/www.anovapeneira.gal\\\/index.php\\\/2022\\\/02\\\/24\\\/como-acip-expuxo-en-outubro-o-ministerio-de-facenda-obrigara-o-concello-de-ponteareas-a-realizar-recortes\\\/\"},\"author\":{\"name\":\"Redacci\u00f3n A Nova Peneira\",\"@id\":\"https:\\\/\\\/www.anovapeneira.gal\\\/#\\\/schema\\\/person\\\/b93e3f8932e3f8da96334607eb6ac6aa\"},\"headline\":\"Como ACIP expuxo en outubro, o ministerio de facenda obrigar\u00e1 o Concello de Ponteareas a realizar recortes\",\"datePublished\":\"2022-02-24T09:00:34+00:00\",\"mainEntityOfPage\":{\"@id\":\"https:\\\/\\\/www.anovapeneira.gal\\\/index.php\\\/2022\\\/02\\\/24\\\/como-acip-expuxo-en-outubro-o-ministerio-de-facenda-obrigara-o-concello-de-ponteareas-a-realizar-recortes\\\/\"},\"wordCount\":454,\"commentCount\":0,\"publisher\":{\"@id\":\"https:\\\/\\\/www.anovapeneira.gal\\\/#organization\"},\"image\":{\"@id\":\"https:\\\/\\\/www.anovapeneira.gal\\\/index.php\\\/2022\\\/02\\\/24\\\/como-acip-expuxo-en-outubro-o-ministerio-de-facenda-obrigara-o-concello-de-ponteareas-a-realizar-recortes\\\/#primaryimage\"},\"thumbnailUrl\":\"https:\\\/\\\/www.anovapeneira.gal\\\/wp-content\\\/uploads\\\/2022\\\/02\\\/acip_ponteareas.jpg\",\"keywords\":[\"Concello de Ponteareas\"],\"articleSection\":[\"Condado\"],\"inLanguage\":\"gl-ES\",\"potentialAction\":[{\"@type\":\"CommentAction\",\"name\":\"Comment\",\"target\":[\"https:\\\/\\\/www.anovapeneira.gal\\\/index.php\\\/2022\\\/02\\\/24\\\/como-acip-expuxo-en-outubro-o-ministerio-de-facenda-obrigara-o-concello-de-ponteareas-a-realizar-recortes\\\/#respond\"]}]},{\"@type\":\"WebPage\",\"@id\":\"https:\\\/\\\/www.anovapeneira.gal\\\/index.php\\\/2022\\\/02\\\/24\\\/como-acip-expuxo-en-outubro-o-ministerio-de-facenda-obrigara-o-concello-de-ponteareas-a-realizar-recortes\\\/\",\"url\":\"https:\\\/\\\/www.anovapeneira.gal\\\/index.php\\\/2022\\\/02\\\/24\\\/como-acip-expuxo-en-outubro-o-ministerio-de-facenda-obrigara-o-concello-de-ponteareas-a-realizar-recortes\\\/\",\"name\":\"Como ACIP expuxo en outubro, o ministerio de facenda obrigar\u00e1 o Concello de Ponteareas a realizar recortes -\",\"isPartOf\":{\"@id\":\"https:\\\/\\\/www.anovapeneira.gal\\\/#website\"},\"primaryImageOfPage\":{\"@id\":\"https:\\\/\\\/www.anovapeneira.gal\\\/index.php\\\/2022\\\/02\\\/24\\\/como-acip-expuxo-en-outubro-o-ministerio-de-facenda-obrigara-o-concello-de-ponteareas-a-realizar-recortes\\\/#primaryimage\"},\"image\":{\"@id\":\"https:\\\/\\\/www.anovapeneira.gal\\\/index.php\\\/2022\\\/02\\\/24\\\/como-acip-expuxo-en-outubro-o-ministerio-de-facenda-obrigara-o-concello-de-ponteareas-a-realizar-recortes\\\/#primaryimage\"},\"thumbnailUrl\":\"https:\\\/\\\/www.anovapeneira.gal\\\/wp-content\\\/uploads\\\/2022\\\/02\\\/acip_ponteareas.jpg\",\"datePublished\":\"2022-02-24T09:00:34+00:00\",\"description\":\"Ponteareas deba executar un Plan de Axuste que ter\u00e1 que aprobar antes do 22 de marzo\",\"breadcrumb\":{\"@id\":\"https:\\\/\\\/www.anovapeneira.gal\\\/index.php\\\/2022\\\/02\\\/24\\\/como-acip-expuxo-en-outubro-o-ministerio-de-facenda-obrigara-o-concello-de-ponteareas-a-realizar-recortes\\\/#breadcrumb\"},\"inLanguage\":\"gl-ES\",\"potentialAction\":[{\"@type\":\"ReadAction\",\"target\":[\"https:\\\/\\\/www.anovapeneira.gal\\\/index.php\\\/2022\\\/02\\\/24\\\/como-acip-expuxo-en-outubro-o-ministerio-de-facenda-obrigara-o-concello-de-ponteareas-a-realizar-recortes\\\/\"]}]},{\"@type\":\"ImageObject\",\"inLanguage\":\"gl-ES\",\"@id\":\"https:\\\/\\\/www.anovapeneira.gal\\\/index.php\\\/2022\\\/02\\\/24\\\/como-acip-expuxo-en-outubro-o-ministerio-de-facenda-obrigara-o-concello-de-ponteareas-a-realizar-recortes\\\/#primaryimage\",\"url\":\"https:\\\/\\\/www.anovapeneira.gal\\\/wp-content\\\/uploads\\\/2022\\\/02\\\/acip_ponteareas.jpg\",\"contentUrl\":\"https:\\\/\\\/www.anovapeneira.gal\\\/wp-content\\\/uploads\\\/2022\\\/02\\\/acip_ponteareas.jpg\",\"width\":720,\"height\":432,\"caption\":\"Como ACIP expuxo en outubro, o ministerio de facenda obrigar\u00e1 o Concello de Ponteareas a realizar recortes\"},{\"@type\":\"BreadcrumbList\",\"@id\":\"https:\\\/\\\/www.anovapeneira.gal\\\/index.php\\\/2022\\\/02\\\/24\\\/como-acip-expuxo-en-outubro-o-ministerio-de-facenda-obrigara-o-concello-de-ponteareas-a-realizar-recortes\\\/#breadcrumb\",\"itemListElement\":[{\"@type\":\"ListItem\",\"position\":1,\"name\":\"Portada\",\"item\":\"https:\\\/\\\/www.anovapeneira.gal\\\/\"},{\"@type\":\"ListItem\",\"position\":2,\"name\":\"Como ACIP expuxo en outubro, o ministerio de facenda obrigar\u00e1 o Concello de Ponteareas a realizar recortes\"}]},{\"@type\":\"WebSite\",\"@id\":\"https:\\\/\\\/www.anovapeneira.gal\\\/#website\",\"url\":\"https:\\\/\\\/www.anovapeneira.gal\\\/\",\"name\":\"\",\"description\":\"Xornal galego de informaci\u00f3n xeral Publicaci\u00f3n mensual de novas de Galicia e en especial dos Concellos da sur da provincia de Pontevedra.\",\"publisher\":{\"@id\":\"https:\\\/\\\/www.anovapeneira.gal\\\/#organization\"},\"potentialAction\":[{\"@type\":\"SearchAction\",\"target\":{\"@type\":\"EntryPoint\",\"urlTemplate\":\"https:\\\/\\\/www.anovapeneira.gal\\\/?s={search_term_string}\"},\"query-input\":{\"@type\":\"PropertyValueSpecification\",\"valueRequired\":true,\"valueName\":\"search_term_string\"}}],\"inLanguage\":\"gl-ES\"},{\"@type\":\"Organization\",\"@id\":\"https:\\\/\\\/www.anovapeneira.gal\\\/#organization\",\"name\":\"A Nova Peneira\",\"url\":\"https:\\\/\\\/www.anovapeneira.gal\\\/\",\"logo\":{\"@type\":\"ImageObject\",\"inLanguage\":\"gl-ES\",\"@id\":\"https:\\\/\\\/www.anovapeneira.gal\\\/#\\\/schema\\\/logo\\\/image\\\/\",\"url\":\"http:\\\/\\\/www.anovapeneira.gal\\\/wp-content\\\/uploads\\\/2019\\\/06\\\/logo_a_nova_peneira_portal_web.png\",\"contentUrl\":\"http:\\\/\\\/www.anovapeneira.gal\\\/wp-content\\\/uploads\\\/2019\\\/06\\\/logo_a_nova_peneira_portal_web.png\",\"width\":300,\"height\":100,\"caption\":\"A Nova Peneira\"},\"image\":{\"@id\":\"https:\\\/\\\/www.anovapeneira.gal\\\/#\\\/schema\\\/logo\\\/image\\\/\"},\"sameAs\":[\"https:\\\/\\\/www.facebook.com\\\/anovapeneira\",\"https:\\\/\\\/x.com\\\/APeneira\"]},{\"@type\":\"Person\",\"@id\":\"https:\\\/\\\/www.anovapeneira.gal\\\/#\\\/schema\\\/person\\\/b93e3f8932e3f8da96334607eb6ac6aa\",\"name\":\"Redacci\u00f3n A Nova Peneira\",\"image\":{\"@type\":\"ImageObject\",\"inLanguage\":\"gl-ES\",\"@id\":\"https:\\\/\\\/secure.gravatar.com\\\/avatar\\\/c052a2551a06e23fac63626232eaa90abd78dbcf1700fc46a2b2c89fd27b735f?s=96&d=mm&r=g\",\"url\":\"https:\\\/\\\/secure.gravatar.com\\\/avatar\\\/c052a2551a06e23fac63626232eaa90abd78dbcf1700fc46a2b2c89fd27b735f?s=96&d=mm&r=g\",\"contentUrl\":\"https:\\\/\\\/secure.gravatar.com\\\/avatar\\\/c052a2551a06e23fac63626232eaa90abd78dbcf1700fc46a2b2c89fd27b735f?s=96&d=mm&r=g\",\"caption\":\"Redacci\u00f3n A Nova Peneira\"},\"sameAs\":[\"http:\\\/\\\/www.anovapeneira.gal\\\/\"],\"url\":\"https:\\\/\\\/www.anovapeneira.gal\\\/index.php\\\/author\\\/redactor\\\/\"}]}<\/script>\n<!-- \/ Yoast SEO plugin. -->","yoast_head_json":{"title":"Como ACIP expuxo en outubro, o ministerio de facenda obrigar\u00e1 o Concello de Ponteareas a realizar recortes -","description":"Ponteareas deba executar un Plan de Axuste que ter\u00e1 que aprobar antes do 22 de marzo","robots":{"index":"index","follow":"follow","max-snippet":"max-snippet:-1","max-image-preview":"max-image-preview:large","max-video-preview":"max-video-preview:-1"},"canonical":"https:\/\/www.anovapeneira.gal\/index.php\/2022\/02\/24\/como-acip-expuxo-en-outubro-o-ministerio-de-facenda-obrigara-o-concello-de-ponteareas-a-realizar-recortes\/","og_locale":"gl_ES","og_type":"article","og_title":"Como ACIP expuxo en outubro, o ministerio de facenda obrigar\u00e1 o Concello de Ponteareas a realizar recortes -","og_description":"Ponteareas deba executar un Plan de Axuste que ter\u00e1 que aprobar antes do 22 de marzo","og_url":"https:\/\/www.anovapeneira.gal\/index.php\/2022\/02\/24\/como-acip-expuxo-en-outubro-o-ministerio-de-facenda-obrigara-o-concello-de-ponteareas-a-realizar-recortes\/","article_publisher":"https:\/\/www.facebook.com\/anovapeneira","article_published_time":"2022-02-24T09:00:34+00:00","og_image":[{"width":720,"height":432,"url":"https:\/\/www.anovapeneira.gal\/wp-content\/uploads\/2022\/02\/acip_ponteareas.jpg","type":"image\/jpeg"}],"author":"Redacci\u00f3n A Nova Peneira","twitter_card":"summary_large_image","twitter_creator":"@APeneira","twitter_site":"@APeneira","twitter_misc":{"Escrito por":"Redacci\u00f3n A Nova Peneira","Tempo de lectura":"3 minutos"},"schema":{"@context":"https:\/\/schema.org","@graph":[{"@type":"Article","@id":"https:\/\/www.anovapeneira.gal\/index.php\/2022\/02\/24\/como-acip-expuxo-en-outubro-o-ministerio-de-facenda-obrigara-o-concello-de-ponteareas-a-realizar-recortes\/#article","isPartOf":{"@id":"https:\/\/www.anovapeneira.gal\/index.php\/2022\/02\/24\/como-acip-expuxo-en-outubro-o-ministerio-de-facenda-obrigara-o-concello-de-ponteareas-a-realizar-recortes\/"},"author":{"name":"Redacci\u00f3n A Nova Peneira","@id":"https:\/\/www.anovapeneira.gal\/#\/schema\/person\/b93e3f8932e3f8da96334607eb6ac6aa"},"headline":"Como ACIP expuxo en outubro, o ministerio de facenda obrigar\u00e1 o Concello de Ponteareas a realizar recortes","datePublished":"2022-02-24T09:00:34+00:00","mainEntityOfPage":{"@id":"https:\/\/www.anovapeneira.gal\/index.php\/2022\/02\/24\/como-acip-expuxo-en-outubro-o-ministerio-de-facenda-obrigara-o-concello-de-ponteareas-a-realizar-recortes\/"},"wordCount":454,"commentCount":0,"publisher":{"@id":"https:\/\/www.anovapeneira.gal\/#organization"},"image":{"@id":"https:\/\/www.anovapeneira.gal\/index.php\/2022\/02\/24\/como-acip-expuxo-en-outubro-o-ministerio-de-facenda-obrigara-o-concello-de-ponteareas-a-realizar-recortes\/#primaryimage"},"thumbnailUrl":"https:\/\/www.anovapeneira.gal\/wp-content\/uploads\/2022\/02\/acip_ponteareas.jpg","keywords":["Concello de Ponteareas"],"articleSection":["Condado"],"inLanguage":"gl-ES","potentialAction":[{"@type":"CommentAction","name":"Comment","target":["https:\/\/www.anovapeneira.gal\/index.php\/2022\/02\/24\/como-acip-expuxo-en-outubro-o-ministerio-de-facenda-obrigara-o-concello-de-ponteareas-a-realizar-recortes\/#respond"]}]},{"@type":"WebPage","@id":"https:\/\/www.anovapeneira.gal\/index.php\/2022\/02\/24\/como-acip-expuxo-en-outubro-o-ministerio-de-facenda-obrigara-o-concello-de-ponteareas-a-realizar-recortes\/","url":"https:\/\/www.anovapeneira.gal\/index.php\/2022\/02\/24\/como-acip-expuxo-en-outubro-o-ministerio-de-facenda-obrigara-o-concello-de-ponteareas-a-realizar-recortes\/","name":"Como ACIP expuxo en outubro, o ministerio de facenda obrigar\u00e1 o Concello de Ponteareas a realizar recortes -","isPartOf":{"@id":"https:\/\/www.anovapeneira.gal\/#website"},"primaryImageOfPage":{"@id":"https:\/\/www.anovapeneira.gal\/index.php\/2022\/02\/24\/como-acip-expuxo-en-outubro-o-ministerio-de-facenda-obrigara-o-concello-de-ponteareas-a-realizar-recortes\/#primaryimage"},"image":{"@id":"https:\/\/www.anovapeneira.gal\/index.php\/2022\/02\/24\/como-acip-expuxo-en-outubro-o-ministerio-de-facenda-obrigara-o-concello-de-ponteareas-a-realizar-recortes\/#primaryimage"},"thumbnailUrl":"https:\/\/www.anovapeneira.gal\/wp-content\/uploads\/2022\/02\/acip_ponteareas.jpg","datePublished":"2022-02-24T09:00:34+00:00","description":"Ponteareas deba executar un Plan de Axuste que ter\u00e1 que aprobar antes do 22 de marzo","breadcrumb":{"@id":"https:\/\/www.anovapeneira.gal\/index.php\/2022\/02\/24\/como-acip-expuxo-en-outubro-o-ministerio-de-facenda-obrigara-o-concello-de-ponteareas-a-realizar-recortes\/#breadcrumb"},"inLanguage":"gl-ES","potentialAction":[{"@type":"ReadAction","target":["https:\/\/www.anovapeneira.gal\/index.php\/2022\/02\/24\/como-acip-expuxo-en-outubro-o-ministerio-de-facenda-obrigara-o-concello-de-ponteareas-a-realizar-recortes\/"]}]},{"@type":"ImageObject","inLanguage":"gl-ES","@id":"https:\/\/www.anovapeneira.gal\/index.php\/2022\/02\/24\/como-acip-expuxo-en-outubro-o-ministerio-de-facenda-obrigara-o-concello-de-ponteareas-a-realizar-recortes\/#primaryimage","url":"https:\/\/www.anovapeneira.gal\/wp-content\/uploads\/2022\/02\/acip_ponteareas.jpg","contentUrl":"https:\/\/www.anovapeneira.gal\/wp-content\/uploads\/2022\/02\/acip_ponteareas.jpg","width":720,"height":432,"caption":"Como ACIP expuxo en outubro, o ministerio de facenda obrigar\u00e1 o Concello de Ponteareas a realizar recortes"},{"@type":"BreadcrumbList","@id":"https:\/\/www.anovapeneira.gal\/index.php\/2022\/02\/24\/como-acip-expuxo-en-outubro-o-ministerio-de-facenda-obrigara-o-concello-de-ponteareas-a-realizar-recortes\/#breadcrumb","itemListElement":[{"@type":"ListItem","position":1,"name":"Portada","item":"https:\/\/www.anovapeneira.gal\/"},{"@type":"ListItem","position":2,"name":"Como ACIP expuxo en outubro, o ministerio de facenda obrigar\u00e1 o Concello de Ponteareas a realizar recortes"}]},{"@type":"WebSite","@id":"https:\/\/www.anovapeneira.gal\/#website","url":"https:\/\/www.anovapeneira.gal\/","name":"","description":"Xornal galego de informaci\u00f3n xeral Publicaci\u00f3n mensual de novas de Galicia e en especial dos Concellos da sur da provincia de Pontevedra.","publisher":{"@id":"https:\/\/www.anovapeneira.gal\/#organization"},"potentialAction":[{"@type":"SearchAction","target":{"@type":"EntryPoint","urlTemplate":"https:\/\/www.anovapeneira.gal\/?s={search_term_string}"},"query-input":{"@type":"PropertyValueSpecification","valueRequired":true,"valueName":"search_term_string"}}],"inLanguage":"gl-ES"},{"@type":"Organization","@id":"https:\/\/www.anovapeneira.gal\/#organization","name":"A Nova Peneira","url":"https:\/\/www.anovapeneira.gal\/","logo":{"@type":"ImageObject","inLanguage":"gl-ES","@id":"https:\/\/www.anovapeneira.gal\/#\/schema\/logo\/image\/","url":"http:\/\/www.anovapeneira.gal\/wp-content\/uploads\/2019\/06\/logo_a_nova_peneira_portal_web.png","contentUrl":"http:\/\/www.anovapeneira.gal\/wp-content\/uploads\/2019\/06\/logo_a_nova_peneira_portal_web.png","width":300,"height":100,"caption":"A Nova Peneira"},"image":{"@id":"https:\/\/www.anovapeneira.gal\/#\/schema\/logo\/image\/"},"sameAs":["https:\/\/www.facebook.com\/anovapeneira","https:\/\/x.com\/APeneira"]},{"@type":"Person","@id":"https:\/\/www.anovapeneira.gal\/#\/schema\/person\/b93e3f8932e3f8da96334607eb6ac6aa","name":"Redacci\u00f3n A Nova Peneira","image":{"@type":"ImageObject","inLanguage":"gl-ES","@id":"https:\/\/secure.gravatar.com\/avatar\/c052a2551a06e23fac63626232eaa90abd78dbcf1700fc46a2b2c89fd27b735f?s=96&d=mm&r=g","url":"https:\/\/secure.gravatar.com\/avatar\/c052a2551a06e23fac63626232eaa90abd78dbcf1700fc46a2b2c89fd27b735f?s=96&d=mm&r=g","contentUrl":"https:\/\/secure.gravatar.com\/avatar\/c052a2551a06e23fac63626232eaa90abd78dbcf1700fc46a2b2c89fd27b735f?s=96&d=mm&r=g","caption":"Redacci\u00f3n A Nova Peneira"},"sameAs":["http:\/\/www.anovapeneira.gal\/"],"url":"https:\/\/www.anovapeneira.gal\/index.php\/author\/redactor\/"}]}},"jetpack_featured_media_url":"https:\/\/www.anovapeneira.gal\/wp-content\/uploads\/2022\/02\/acip_ponteareas.jpg","_links":{"self":[{"href":"https:\/\/www.anovapeneira.gal\/index.php\/wp-json\/wp\/v2\/posts\/7021","targetHints":{"allow":["GET"]}}],"collection":[{"href":"https:\/\/www.anovapeneira.gal\/index.php\/wp-json\/wp\/v2\/posts"}],"about":[{"href":"https:\/\/www.anovapeneira.gal\/index.php\/wp-json\/wp\/v2\/types\/post"}],"author":[{"embeddable":true,"href":"https:\/\/www.anovapeneira.gal\/index.php\/wp-json\/wp\/v2\/users\/3"}],"replies":[{"embeddable":true,"href":"https:\/\/www.anovapeneira.gal\/index.php\/wp-json\/wp\/v2\/comments?post=7021"}],"version-history":[{"count":1,"href":"https:\/\/www.anovapeneira.gal\/index.php\/wp-json\/wp\/v2\/posts\/7021\/revisions"}],"predecessor-version":[{"id":7023,"href":"https:\/\/www.anovapeneira.gal\/index.php\/wp-json\/wp\/v2\/posts\/7021\/revisions\/7023"}],"wp:featuredmedia":[{"embeddable":true,"href":"https:\/\/www.anovapeneira.gal\/index.php\/wp-json\/wp\/v2\/media\/7022"}],"wp:attachment":[{"href":"https:\/\/www.anovapeneira.gal\/index.php\/wp-json\/wp\/v2\/media?parent=7021"}],"wp:term":[{"taxonomy":"category","embeddable":true,"href":"https:\/\/www.anovapeneira.gal\/index.php\/wp-json\/wp\/v2\/categories?post=7021"},{"taxonomy":"post_tag","embeddable":true,"href":"https:\/\/www.anovapeneira.gal\/index.php\/wp-json\/wp\/v2\/tags?post=7021"}],"curies":[{"name":"wp","href":"https:\/\/api.w.org\/{rel}","templated":true}]}}