{"id":7028,"date":"2022-02-25T10:00:12","date_gmt":"2022-02-25T09:00:12","guid":{"rendered":"https:\/\/www.anovapeneira.gal\/?p=7028"},"modified":"2022-02-22T10:01:44","modified_gmt":"2022-02-22T09:01:44","slug":"hostalaria-e-comercio-guardes-reivindican-unha-comunicacion-eficaz-e-sustentabel-entre-a-guarda-e-caminha","status":"publish","type":"post","link":"https:\/\/www.anovapeneira.gal\/index.php\/2022\/02\/25\/hostalaria-e-comercio-guardes-reivindican-unha-comunicacion-eficaz-e-sustentabel-entre-a-guarda-e-caminha\/","title":{"rendered":"Hostalar\u00eda e comercio guard\u00e9s reivindican unha comunicaci\u00f3n eficaz e sustent\u00e1bel entre a Guarda e Caminha"},"content":{"rendered":"\n<p>O precario funcionamento do ferry entre A Guarda e Caminha \u00e9 a raz\u00f3n pola que o sector da hostalar\u00eda e do comercio guard\u00e9s ve\u00f1en de constitu\u00edr nunha asemblea celebrada esta semana a <strong>Plataforma Conexi\u00f3n A Guarda-Caminha<\/strong>.<\/p>\n\n\n\n<p>Desde a plataforma rec\u00e9n constitu\u00edda manifestan que hai moito tempo que se est\u00e1 traballando en estratexias de pol\u00edticas transfronteirizas, afondando na creaci\u00f3n das eurocidades e eurorexi\u00f3ns; pol\u00edticas de futuro enmarcadas na axenda europea con resultados ben claros cerca de n\u00f3s. Eurocidades como Tomi\u00f1o- Cerveira, Tui- Valen\u00e7a, Salvaterra- Mon\u00e7ao , levan dando pasos dende hai moito tempo, mentres que aqu\u00ed quedamos fora entre outras raz\u00f3ns por carecer dunha comunicaci\u00f3n real e efectiva con Caminha.<\/p>\n\n\n\n<p>A Plataforma esixe o compromiso da Xunta de Galiza e do Goberno do Estado Espa\u00f1ol para que conxuntamente co Goberno Portugu\u00e9s po\u00f1an en marcha unha comunicaci\u00f3n eficaz e sustent\u00e1bel entre A Guarda e Caminha que recolla t\u00f3dalas necesidades dos distintos desprazamentos que se precisan. Unha proposta que a s\u00faa vez sexa respectuosa cun dos factores diferenciais da nosa zona como \u00e9 o entorno natural do Esteiro do Mi\u00f1o.<\/p>\n","protected":false},"excerpt":{"rendered":"<div class=\"mh-excerpt\"><p>comercio guard\u00e9s ve\u00f1en de constitu\u00edr nunha asemblea celebrada esta semana a Plataforma Conexi\u00f3n A Guarda-Caminha. <a class=\"mh-excerpt-more\" href=\"https:\/\/www.anovapeneira.gal\/index.php\/2022\/02\/25\/hostalaria-e-comercio-guardes-reivindican-unha-comunicacion-eficaz-e-sustentabel-entre-a-guarda-e-caminha\/\" title=\"Hostalar\u00eda e comercio guard\u00e9s reivindican unha comunicaci\u00f3n eficaz e sustent\u00e1bel entre a Guarda e Caminha\">[&#8230;]<\/a><\/p>\n<\/div>","protected":false},"author":3,"featured_media":7029,"comment_status":"open","ping_status":"open","sticky":false,"template":"","format":"standard","meta":{"_exactmetrics_skip_tracking":false,"_exactmetrics_sitenote_active":false,"_exactmetrics_sitenote_note":"","_exactmetrics_sitenote_category":0,"footnotes":""},"categories":[21],"tags":[238],"class_list":{"0":"post-7028","1":"post","2":"type-post","3":"status-publish","4":"format-standard","5":"has-post-thumbnail","7":"category-baixo-mino","8":"tag-concello-da-guarda"},"yoast_head":"<!-- This site is optimized with the Yoast SEO plugin v27.4 - https:\/\/yoast.com\/product\/yoast-seo-wordpress\/ -->\n<title>Hostalar\u00eda e comercio guard\u00e9s reivindican unha comunicaci\u00f3n eficaz e sustent\u00e1bel entre a Guarda e Caminha -<\/title>\n<meta name=\"description\" content=\"O precario funcionamento do ferry entre A Guarda e Caminha \u00e9 a raz\u00f3n pola que o sector da hostalar\u00eda e do comercio guard\u00e9s ve\u00f1en de constitu\u00edr nunha asemblea celebrada esta semana a Plataforma Conexi\u00f3n A Guarda-Caminha.\" \/>\n<meta name=\"robots\" content=\"index, follow, max-snippet:-1, max-image-preview:large, max-video-preview:-1\" \/>\n<link rel=\"canonical\" href=\"https:\/\/www.anovapeneira.gal\/index.php\/2022\/02\/25\/hostalaria-e-comercio-guardes-reivindican-unha-comunicacion-eficaz-e-sustentabel-entre-a-guarda-e-caminha\/\" \/>\n<meta property=\"og:locale\" content=\"gl_ES\" \/>\n<meta property=\"og:type\" content=\"article\" \/>\n<meta property=\"og:title\" content=\"Hostalar\u00eda e comercio guard\u00e9s reivindican unha comunicaci\u00f3n eficaz e sustent\u00e1bel entre a Guarda e Caminha -\" \/>\n<meta property=\"og:description\" content=\"O precario funcionamento do ferry entre A Guarda e Caminha \u00e9 a raz\u00f3n pola que o sector da hostalar\u00eda e do comercio guard\u00e9s ve\u00f1en de constitu\u00edr nunha asemblea celebrada esta semana a Plataforma Conexi\u00f3n A Guarda-Caminha.\" \/>\n<meta property=\"og:url\" content=\"https:\/\/www.anovapeneira.gal\/index.php\/2022\/02\/25\/hostalaria-e-comercio-guardes-reivindican-unha-comunicacion-eficaz-e-sustentabel-entre-a-guarda-e-caminha\/\" \/>\n<meta property=\"article:publisher\" content=\"https:\/\/www.facebook.com\/anovapeneira\" \/>\n<meta property=\"article:published_time\" content=\"2022-02-25T09:00:12+00:00\" \/>\n<meta property=\"og:image\" content=\"https:\/\/www.anovapeneira.gal\/wp-content\/uploads\/2022\/02\/comercio_garda.jpg\" \/>\n\t<meta property=\"og:image:width\" content=\"720\" \/>\n\t<meta property=\"og:image:height\" content=\"432\" \/>\n\t<meta property=\"og:image:type\" content=\"image\/jpeg\" \/>\n<meta name=\"author\" content=\"Redacci\u00f3n A Nova Peneira\" \/>\n<meta name=\"twitter:card\" content=\"summary_large_image\" \/>\n<meta name=\"twitter:creator\" content=\"@APeneira\" \/>\n<meta name=\"twitter:site\" content=\"@APeneira\" \/>\n<meta name=\"twitter:label1\" content=\"Escrito por\" \/>\n\t<meta name=\"twitter:data1\" content=\"Redacci\u00f3n A Nova Peneira\" \/>\n\t<meta name=\"twitter:label2\" content=\"Tempo de lectura\" \/>\n\t<meta name=\"twitter:data2\" content=\"1 minuto\" \/>\n<script type=\"application\/ld+json\" class=\"yoast-schema-graph\">{\"@context\":\"https:\\\/\\\/schema.org\",\"@graph\":[{\"@type\":\"Article\",\"@id\":\"https:\\\/\\\/www.anovapeneira.gal\\\/index.php\\\/2022\\\/02\\\/25\\\/hostalaria-e-comercio-guardes-reivindican-unha-comunicacion-eficaz-e-sustentabel-entre-a-guarda-e-caminha\\\/#article\",\"isPartOf\":{\"@id\":\"https:\\\/\\\/www.anovapeneira.gal\\\/index.php\\\/2022\\\/02\\\/25\\\/hostalaria-e-comercio-guardes-reivindican-unha-comunicacion-eficaz-e-sustentabel-entre-a-guarda-e-caminha\\\/\"},\"author\":{\"name\":\"Redacci\u00f3n A Nova Peneira\",\"@id\":\"https:\\\/\\\/www.anovapeneira.gal\\\/#\\\/schema\\\/person\\\/b93e3f8932e3f8da96334607eb6ac6aa\"},\"headline\":\"Hostalar\u00eda e comercio guard\u00e9s reivindican unha comunicaci\u00f3n eficaz e sustent\u00e1bel entre a Guarda e Caminha\",\"datePublished\":\"2022-02-25T09:00:12+00:00\",\"mainEntityOfPage\":{\"@id\":\"https:\\\/\\\/www.anovapeneira.gal\\\/index.php\\\/2022\\\/02\\\/25\\\/hostalaria-e-comercio-guardes-reivindican-unha-comunicacion-eficaz-e-sustentabel-entre-a-guarda-e-caminha\\\/\"},\"wordCount\":219,\"commentCount\":0,\"publisher\":{\"@id\":\"https:\\\/\\\/www.anovapeneira.gal\\\/#organization\"},\"image\":{\"@id\":\"https:\\\/\\\/www.anovapeneira.gal\\\/index.php\\\/2022\\\/02\\\/25\\\/hostalaria-e-comercio-guardes-reivindican-unha-comunicacion-eficaz-e-sustentabel-entre-a-guarda-e-caminha\\\/#primaryimage\"},\"thumbnailUrl\":\"https:\\\/\\\/www.anovapeneira.gal\\\/wp-content\\\/uploads\\\/2022\\\/02\\\/comercio_garda.jpg\",\"keywords\":[\"Concello da Guarda\"],\"articleSection\":[\"Baixo Mi\u00f1o\"],\"inLanguage\":\"gl-ES\",\"potentialAction\":[{\"@type\":\"CommentAction\",\"name\":\"Comment\",\"target\":[\"https:\\\/\\\/www.anovapeneira.gal\\\/index.php\\\/2022\\\/02\\\/25\\\/hostalaria-e-comercio-guardes-reivindican-unha-comunicacion-eficaz-e-sustentabel-entre-a-guarda-e-caminha\\\/#respond\"]}]},{\"@type\":\"WebPage\",\"@id\":\"https:\\\/\\\/www.anovapeneira.gal\\\/index.php\\\/2022\\\/02\\\/25\\\/hostalaria-e-comercio-guardes-reivindican-unha-comunicacion-eficaz-e-sustentabel-entre-a-guarda-e-caminha\\\/\",\"url\":\"https:\\\/\\\/www.anovapeneira.gal\\\/index.php\\\/2022\\\/02\\\/25\\\/hostalaria-e-comercio-guardes-reivindican-unha-comunicacion-eficaz-e-sustentabel-entre-a-guarda-e-caminha\\\/\",\"name\":\"Hostalar\u00eda e comercio guard\u00e9s reivindican unha comunicaci\u00f3n eficaz e sustent\u00e1bel entre a Guarda e Caminha -\",\"isPartOf\":{\"@id\":\"https:\\\/\\\/www.anovapeneira.gal\\\/#website\"},\"primaryImageOfPage\":{\"@id\":\"https:\\\/\\\/www.anovapeneira.gal\\\/index.php\\\/2022\\\/02\\\/25\\\/hostalaria-e-comercio-guardes-reivindican-unha-comunicacion-eficaz-e-sustentabel-entre-a-guarda-e-caminha\\\/#primaryimage\"},\"image\":{\"@id\":\"https:\\\/\\\/www.anovapeneira.gal\\\/index.php\\\/2022\\\/02\\\/25\\\/hostalaria-e-comercio-guardes-reivindican-unha-comunicacion-eficaz-e-sustentabel-entre-a-guarda-e-caminha\\\/#primaryimage\"},\"thumbnailUrl\":\"https:\\\/\\\/www.anovapeneira.gal\\\/wp-content\\\/uploads\\\/2022\\\/02\\\/comercio_garda.jpg\",\"datePublished\":\"2022-02-25T09:00:12+00:00\",\"description\":\"O precario funcionamento do ferry entre A Guarda e Caminha \u00e9 a raz\u00f3n pola que o sector da hostalar\u00eda e do comercio guard\u00e9s ve\u00f1en de constitu\u00edr nunha asemblea celebrada esta semana a Plataforma Conexi\u00f3n A Guarda-Caminha.\",\"breadcrumb\":{\"@id\":\"https:\\\/\\\/www.anovapeneira.gal\\\/index.php\\\/2022\\\/02\\\/25\\\/hostalaria-e-comercio-guardes-reivindican-unha-comunicacion-eficaz-e-sustentabel-entre-a-guarda-e-caminha\\\/#breadcrumb\"},\"inLanguage\":\"gl-ES\",\"potentialAction\":[{\"@type\":\"ReadAction\",\"target\":[\"https:\\\/\\\/www.anovapeneira.gal\\\/index.php\\\/2022\\\/02\\\/25\\\/hostalaria-e-comercio-guardes-reivindican-unha-comunicacion-eficaz-e-sustentabel-entre-a-guarda-e-caminha\\\/\"]}]},{\"@type\":\"ImageObject\",\"inLanguage\":\"gl-ES\",\"@id\":\"https:\\\/\\\/www.anovapeneira.gal\\\/index.php\\\/2022\\\/02\\\/25\\\/hostalaria-e-comercio-guardes-reivindican-unha-comunicacion-eficaz-e-sustentabel-entre-a-guarda-e-caminha\\\/#primaryimage\",\"url\":\"https:\\\/\\\/www.anovapeneira.gal\\\/wp-content\\\/uploads\\\/2022\\\/02\\\/comercio_garda.jpg\",\"contentUrl\":\"https:\\\/\\\/www.anovapeneira.gal\\\/wp-content\\\/uploads\\\/2022\\\/02\\\/comercio_garda.jpg\",\"width\":720,\"height\":432,\"caption\":\"Hostalar\u00eda e comercio guard\u00e9s reivindican unha comunicaci\u00f3n eficaz e sustent\u00e1bel entre a Guarda e Caminha\"},{\"@type\":\"BreadcrumbList\",\"@id\":\"https:\\\/\\\/www.anovapeneira.gal\\\/index.php\\\/2022\\\/02\\\/25\\\/hostalaria-e-comercio-guardes-reivindican-unha-comunicacion-eficaz-e-sustentabel-entre-a-guarda-e-caminha\\\/#breadcrumb\",\"itemListElement\":[{\"@type\":\"ListItem\",\"position\":1,\"name\":\"Portada\",\"item\":\"https:\\\/\\\/www.anovapeneira.gal\\\/\"},{\"@type\":\"ListItem\",\"position\":2,\"name\":\"Hostalar\u00eda e comercio guard\u00e9s reivindican unha comunicaci\u00f3n eficaz e sustent\u00e1bel entre a Guarda e Caminha\"}]},{\"@type\":\"WebSite\",\"@id\":\"https:\\\/\\\/www.anovapeneira.gal\\\/#website\",\"url\":\"https:\\\/\\\/www.anovapeneira.gal\\\/\",\"name\":\"\",\"description\":\"Xornal galego de informaci\u00f3n xeral Publicaci\u00f3n mensual de novas de Galicia e en especial dos Concellos da sur da provincia de Pontevedra.\",\"publisher\":{\"@id\":\"https:\\\/\\\/www.anovapeneira.gal\\\/#organization\"},\"potentialAction\":[{\"@type\":\"SearchAction\",\"target\":{\"@type\":\"EntryPoint\",\"urlTemplate\":\"https:\\\/\\\/www.anovapeneira.gal\\\/?s={search_term_string}\"},\"query-input\":{\"@type\":\"PropertyValueSpecification\",\"valueRequired\":true,\"valueName\":\"search_term_string\"}}],\"inLanguage\":\"gl-ES\"},{\"@type\":\"Organization\",\"@id\":\"https:\\\/\\\/www.anovapeneira.gal\\\/#organization\",\"name\":\"A Nova Peneira\",\"url\":\"https:\\\/\\\/www.anovapeneira.gal\\\/\",\"logo\":{\"@type\":\"ImageObject\",\"inLanguage\":\"gl-ES\",\"@id\":\"https:\\\/\\\/www.anovapeneira.gal\\\/#\\\/schema\\\/logo\\\/image\\\/\",\"url\":\"http:\\\/\\\/www.anovapeneira.gal\\\/wp-content\\\/uploads\\\/2019\\\/06\\\/logo_a_nova_peneira_portal_web.png\",\"contentUrl\":\"http:\\\/\\\/www.anovapeneira.gal\\\/wp-content\\\/uploads\\\/2019\\\/06\\\/logo_a_nova_peneira_portal_web.png\",\"width\":300,\"height\":100,\"caption\":\"A Nova Peneira\"},\"image\":{\"@id\":\"https:\\\/\\\/www.anovapeneira.gal\\\/#\\\/schema\\\/logo\\\/image\\\/\"},\"sameAs\":[\"https:\\\/\\\/www.facebook.com\\\/anovapeneira\",\"https:\\\/\\\/x.com\\\/APeneira\"]},{\"@type\":\"Person\",\"@id\":\"https:\\\/\\\/www.anovapeneira.gal\\\/#\\\/schema\\\/person\\\/b93e3f8932e3f8da96334607eb6ac6aa\",\"name\":\"Redacci\u00f3n A Nova Peneira\",\"image\":{\"@type\":\"ImageObject\",\"inLanguage\":\"gl-ES\",\"@id\":\"https:\\\/\\\/secure.gravatar.com\\\/avatar\\\/c052a2551a06e23fac63626232eaa90abd78dbcf1700fc46a2b2c89fd27b735f?s=96&d=mm&r=g\",\"url\":\"https:\\\/\\\/secure.gravatar.com\\\/avatar\\\/c052a2551a06e23fac63626232eaa90abd78dbcf1700fc46a2b2c89fd27b735f?s=96&d=mm&r=g\",\"contentUrl\":\"https:\\\/\\\/secure.gravatar.com\\\/avatar\\\/c052a2551a06e23fac63626232eaa90abd78dbcf1700fc46a2b2c89fd27b735f?s=96&d=mm&r=g\",\"caption\":\"Redacci\u00f3n A Nova Peneira\"},\"sameAs\":[\"http:\\\/\\\/www.anovapeneira.gal\\\/\"],\"url\":\"https:\\\/\\\/www.anovapeneira.gal\\\/index.php\\\/author\\\/redactor\\\/\"}]}<\/script>\n<!-- \/ Yoast SEO plugin. -->","yoast_head_json":{"title":"Hostalar\u00eda e comercio guard\u00e9s reivindican unha comunicaci\u00f3n eficaz e sustent\u00e1bel entre a Guarda e Caminha -","description":"O precario funcionamento do ferry entre A Guarda e Caminha \u00e9 a raz\u00f3n pola que o sector da hostalar\u00eda e do comercio guard\u00e9s ve\u00f1en de constitu\u00edr nunha asemblea celebrada esta semana a Plataforma Conexi\u00f3n A Guarda-Caminha.","robots":{"index":"index","follow":"follow","max-snippet":"max-snippet:-1","max-image-preview":"max-image-preview:large","max-video-preview":"max-video-preview:-1"},"canonical":"https:\/\/www.anovapeneira.gal\/index.php\/2022\/02\/25\/hostalaria-e-comercio-guardes-reivindican-unha-comunicacion-eficaz-e-sustentabel-entre-a-guarda-e-caminha\/","og_locale":"gl_ES","og_type":"article","og_title":"Hostalar\u00eda e comercio guard\u00e9s reivindican unha comunicaci\u00f3n eficaz e sustent\u00e1bel entre a Guarda e Caminha -","og_description":"O precario funcionamento do ferry entre A Guarda e Caminha \u00e9 a raz\u00f3n pola que o sector da hostalar\u00eda e do comercio guard\u00e9s ve\u00f1en de constitu\u00edr nunha asemblea celebrada esta semana a Plataforma Conexi\u00f3n A Guarda-Caminha.","og_url":"https:\/\/www.anovapeneira.gal\/index.php\/2022\/02\/25\/hostalaria-e-comercio-guardes-reivindican-unha-comunicacion-eficaz-e-sustentabel-entre-a-guarda-e-caminha\/","article_publisher":"https:\/\/www.facebook.com\/anovapeneira","article_published_time":"2022-02-25T09:00:12+00:00","og_image":[{"width":720,"height":432,"url":"https:\/\/www.anovapeneira.gal\/wp-content\/uploads\/2022\/02\/comercio_garda.jpg","type":"image\/jpeg"}],"author":"Redacci\u00f3n A Nova Peneira","twitter_card":"summary_large_image","twitter_creator":"@APeneira","twitter_site":"@APeneira","twitter_misc":{"Escrito por":"Redacci\u00f3n A Nova Peneira","Tempo de lectura":"1 minuto"},"schema":{"@context":"https:\/\/schema.org","@graph":[{"@type":"Article","@id":"https:\/\/www.anovapeneira.gal\/index.php\/2022\/02\/25\/hostalaria-e-comercio-guardes-reivindican-unha-comunicacion-eficaz-e-sustentabel-entre-a-guarda-e-caminha\/#article","isPartOf":{"@id":"https:\/\/www.anovapeneira.gal\/index.php\/2022\/02\/25\/hostalaria-e-comercio-guardes-reivindican-unha-comunicacion-eficaz-e-sustentabel-entre-a-guarda-e-caminha\/"},"author":{"name":"Redacci\u00f3n A Nova Peneira","@id":"https:\/\/www.anovapeneira.gal\/#\/schema\/person\/b93e3f8932e3f8da96334607eb6ac6aa"},"headline":"Hostalar\u00eda e comercio guard\u00e9s reivindican unha comunicaci\u00f3n eficaz e sustent\u00e1bel entre a Guarda e Caminha","datePublished":"2022-02-25T09:00:12+00:00","mainEntityOfPage":{"@id":"https:\/\/www.anovapeneira.gal\/index.php\/2022\/02\/25\/hostalaria-e-comercio-guardes-reivindican-unha-comunicacion-eficaz-e-sustentabel-entre-a-guarda-e-caminha\/"},"wordCount":219,"commentCount":0,"publisher":{"@id":"https:\/\/www.anovapeneira.gal\/#organization"},"image":{"@id":"https:\/\/www.anovapeneira.gal\/index.php\/2022\/02\/25\/hostalaria-e-comercio-guardes-reivindican-unha-comunicacion-eficaz-e-sustentabel-entre-a-guarda-e-caminha\/#primaryimage"},"thumbnailUrl":"https:\/\/www.anovapeneira.gal\/wp-content\/uploads\/2022\/02\/comercio_garda.jpg","keywords":["Concello da Guarda"],"articleSection":["Baixo Mi\u00f1o"],"inLanguage":"gl-ES","potentialAction":[{"@type":"CommentAction","name":"Comment","target":["https:\/\/www.anovapeneira.gal\/index.php\/2022\/02\/25\/hostalaria-e-comercio-guardes-reivindican-unha-comunicacion-eficaz-e-sustentabel-entre-a-guarda-e-caminha\/#respond"]}]},{"@type":"WebPage","@id":"https:\/\/www.anovapeneira.gal\/index.php\/2022\/02\/25\/hostalaria-e-comercio-guardes-reivindican-unha-comunicacion-eficaz-e-sustentabel-entre-a-guarda-e-caminha\/","url":"https:\/\/www.anovapeneira.gal\/index.php\/2022\/02\/25\/hostalaria-e-comercio-guardes-reivindican-unha-comunicacion-eficaz-e-sustentabel-entre-a-guarda-e-caminha\/","name":"Hostalar\u00eda e comercio guard\u00e9s reivindican unha comunicaci\u00f3n eficaz e sustent\u00e1bel entre a Guarda e Caminha -","isPartOf":{"@id":"https:\/\/www.anovapeneira.gal\/#website"},"primaryImageOfPage":{"@id":"https:\/\/www.anovapeneira.gal\/index.php\/2022\/02\/25\/hostalaria-e-comercio-guardes-reivindican-unha-comunicacion-eficaz-e-sustentabel-entre-a-guarda-e-caminha\/#primaryimage"},"image":{"@id":"https:\/\/www.anovapeneira.gal\/index.php\/2022\/02\/25\/hostalaria-e-comercio-guardes-reivindican-unha-comunicacion-eficaz-e-sustentabel-entre-a-guarda-e-caminha\/#primaryimage"},"thumbnailUrl":"https:\/\/www.anovapeneira.gal\/wp-content\/uploads\/2022\/02\/comercio_garda.jpg","datePublished":"2022-02-25T09:00:12+00:00","description":"O precario funcionamento do ferry entre A Guarda e Caminha \u00e9 a raz\u00f3n pola que o sector da hostalar\u00eda e do comercio guard\u00e9s ve\u00f1en de constitu\u00edr nunha asemblea celebrada esta semana a Plataforma Conexi\u00f3n A Guarda-Caminha.","breadcrumb":{"@id":"https:\/\/www.anovapeneira.gal\/index.php\/2022\/02\/25\/hostalaria-e-comercio-guardes-reivindican-unha-comunicacion-eficaz-e-sustentabel-entre-a-guarda-e-caminha\/#breadcrumb"},"inLanguage":"gl-ES","potentialAction":[{"@type":"ReadAction","target":["https:\/\/www.anovapeneira.gal\/index.php\/2022\/02\/25\/hostalaria-e-comercio-guardes-reivindican-unha-comunicacion-eficaz-e-sustentabel-entre-a-guarda-e-caminha\/"]}]},{"@type":"ImageObject","inLanguage":"gl-ES","@id":"https:\/\/www.anovapeneira.gal\/index.php\/2022\/02\/25\/hostalaria-e-comercio-guardes-reivindican-unha-comunicacion-eficaz-e-sustentabel-entre-a-guarda-e-caminha\/#primaryimage","url":"https:\/\/www.anovapeneira.gal\/wp-content\/uploads\/2022\/02\/comercio_garda.jpg","contentUrl":"https:\/\/www.anovapeneira.gal\/wp-content\/uploads\/2022\/02\/comercio_garda.jpg","width":720,"height":432,"caption":"Hostalar\u00eda e comercio guard\u00e9s reivindican unha comunicaci\u00f3n eficaz e sustent\u00e1bel entre a Guarda e Caminha"},{"@type":"BreadcrumbList","@id":"https:\/\/www.anovapeneira.gal\/index.php\/2022\/02\/25\/hostalaria-e-comercio-guardes-reivindican-unha-comunicacion-eficaz-e-sustentabel-entre-a-guarda-e-caminha\/#breadcrumb","itemListElement":[{"@type":"ListItem","position":1,"name":"Portada","item":"https:\/\/www.anovapeneira.gal\/"},{"@type":"ListItem","position":2,"name":"Hostalar\u00eda e comercio guard\u00e9s reivindican unha comunicaci\u00f3n eficaz e sustent\u00e1bel entre a Guarda e Caminha"}]},{"@type":"WebSite","@id":"https:\/\/www.anovapeneira.gal\/#website","url":"https:\/\/www.anovapeneira.gal\/","name":"","description":"Xornal galego de informaci\u00f3n xeral Publicaci\u00f3n mensual de novas de Galicia e en especial dos Concellos da sur da provincia de Pontevedra.","publisher":{"@id":"https:\/\/www.anovapeneira.gal\/#organization"},"potentialAction":[{"@type":"SearchAction","target":{"@type":"EntryPoint","urlTemplate":"https:\/\/www.anovapeneira.gal\/?s={search_term_string}"},"query-input":{"@type":"PropertyValueSpecification","valueRequired":true,"valueName":"search_term_string"}}],"inLanguage":"gl-ES"},{"@type":"Organization","@id":"https:\/\/www.anovapeneira.gal\/#organization","name":"A Nova Peneira","url":"https:\/\/www.anovapeneira.gal\/","logo":{"@type":"ImageObject","inLanguage":"gl-ES","@id":"https:\/\/www.anovapeneira.gal\/#\/schema\/logo\/image\/","url":"http:\/\/www.anovapeneira.gal\/wp-content\/uploads\/2019\/06\/logo_a_nova_peneira_portal_web.png","contentUrl":"http:\/\/www.anovapeneira.gal\/wp-content\/uploads\/2019\/06\/logo_a_nova_peneira_portal_web.png","width":300,"height":100,"caption":"A Nova Peneira"},"image":{"@id":"https:\/\/www.anovapeneira.gal\/#\/schema\/logo\/image\/"},"sameAs":["https:\/\/www.facebook.com\/anovapeneira","https:\/\/x.com\/APeneira"]},{"@type":"Person","@id":"https:\/\/www.anovapeneira.gal\/#\/schema\/person\/b93e3f8932e3f8da96334607eb6ac6aa","name":"Redacci\u00f3n A Nova Peneira","image":{"@type":"ImageObject","inLanguage":"gl-ES","@id":"https:\/\/secure.gravatar.com\/avatar\/c052a2551a06e23fac63626232eaa90abd78dbcf1700fc46a2b2c89fd27b735f?s=96&d=mm&r=g","url":"https:\/\/secure.gravatar.com\/avatar\/c052a2551a06e23fac63626232eaa90abd78dbcf1700fc46a2b2c89fd27b735f?s=96&d=mm&r=g","contentUrl":"https:\/\/secure.gravatar.com\/avatar\/c052a2551a06e23fac63626232eaa90abd78dbcf1700fc46a2b2c89fd27b735f?s=96&d=mm&r=g","caption":"Redacci\u00f3n A Nova Peneira"},"sameAs":["http:\/\/www.anovapeneira.gal\/"],"url":"https:\/\/www.anovapeneira.gal\/index.php\/author\/redactor\/"}]}},"jetpack_featured_media_url":"https:\/\/www.anovapeneira.gal\/wp-content\/uploads\/2022\/02\/comercio_garda.jpg","_links":{"self":[{"href":"https:\/\/www.anovapeneira.gal\/index.php\/wp-json\/wp\/v2\/posts\/7028","targetHints":{"allow":["GET"]}}],"collection":[{"href":"https:\/\/www.anovapeneira.gal\/index.php\/wp-json\/wp\/v2\/posts"}],"about":[{"href":"https:\/\/www.anovapeneira.gal\/index.php\/wp-json\/wp\/v2\/types\/post"}],"author":[{"embeddable":true,"href":"https:\/\/www.anovapeneira.gal\/index.php\/wp-json\/wp\/v2\/users\/3"}],"replies":[{"embeddable":true,"href":"https:\/\/www.anovapeneira.gal\/index.php\/wp-json\/wp\/v2\/comments?post=7028"}],"version-history":[{"count":1,"href":"https:\/\/www.anovapeneira.gal\/index.php\/wp-json\/wp\/v2\/posts\/7028\/revisions"}],"predecessor-version":[{"id":7030,"href":"https:\/\/www.anovapeneira.gal\/index.php\/wp-json\/wp\/v2\/posts\/7028\/revisions\/7030"}],"wp:featuredmedia":[{"embeddable":true,"href":"https:\/\/www.anovapeneira.gal\/index.php\/wp-json\/wp\/v2\/media\/7029"}],"wp:attachment":[{"href":"https:\/\/www.anovapeneira.gal\/index.php\/wp-json\/wp\/v2\/media?parent=7028"}],"wp:term":[{"taxonomy":"category","embeddable":true,"href":"https:\/\/www.anovapeneira.gal\/index.php\/wp-json\/wp\/v2\/categories?post=7028"},{"taxonomy":"post_tag","embeddable":true,"href":"https:\/\/www.anovapeneira.gal\/index.php\/wp-json\/wp\/v2\/tags?post=7028"}],"curies":[{"name":"wp","href":"https:\/\/api.w.org\/{rel}","templated":true}]}}