{"id":7036,"date":"2022-02-28T10:00:59","date_gmt":"2022-02-28T09:00:59","guid":{"rendered":"https:\/\/www.anovapeneira.gal\/?p=7036"},"modified":"2022-02-23T11:00:32","modified_gmt":"2022-02-23T10:00:32","slug":"urxe-actuar-contra-o-empobrecemento","status":"publish","type":"post","link":"https:\/\/www.anovapeneira.gal\/index.php\/2022\/02\/28\/urxe-actuar-contra-o-empobrecemento\/","title":{"rendered":"Urxe actuar contra o empobrecemento"},"content":{"rendered":"\n<pre class=\"wp-block-verse\">Xabier P. Igrexas, concelleiro do BNG de Vigo<\/pre>\n\n\n\n<p>A carest\u00eda dos prezos, empurrando unha inflaci\u00f3n galopante, \u00e9 moito m\u00e1is que un preocupante indicador macroecon\u00f3mico. Sup\u00f3n na pr\u00e1ctica, para a maior\u00eda social que representamos as clases populares e traballadoras, unha das maiores ameazas para as nosas condici\u00f3ns materiais de vida.<\/p>\n\n\n\n<p>Deixando a un lado a (necesaria) discusi\u00f3n do propio IPC como indicador axeitado para cifrar a evoluci\u00f3n real dos prezos e o seu impacto na cesta b\u00e1sica de produtos e servizos, o certo \u00e9 que no \u00faltimo ano incrementouse en Galiza por volta dun 6,7%. Moi por acima do incremento dos salarios \u2014dado que o aumento medio nos convenios (datos do Consello Galego de Relaci\u00f3ns Laborais) foi de apenas o 2,49% de media en Galiza e a \u00faltima suba do SMI foi de s\u00f3 o 3%\u2014, pero tam\u00e9n das pensi\u00f3ns e prestaci\u00f3ns, o que se traduce nunha perda neta de poder adquisitivo, ou o que \u00e9 o mesmo: que os ingresos das familias traballadoras valen menos e os gastos son maiores.<\/p>\n\n\n\n<p>Especialmente not\u00e1beis son os aumentos dos custes dos alimentos, dos combust\u00edbeis, de subministros esenciais (como a electricidade) e da vivenda. De a\u00ed que m\u00e1is da metade dos fogares de Galiza, segundo os \u00faltimos datos oficiais do IGE, te\u00f1an dificultades para chegaren a final de mes. Que en cidades como Vigo o \u00edndice Arope cifre en m\u00e1is de 60 mil as persoas en risco de exclusi\u00f3n social e pobreza. Ou que o 14,90% dos fogares galegos non poida permitirse o consumo de carne ou peixe cada dous d\u00edas, o 28,10% non te\u00f1a capacidade para afrontar gastos imprevistos, o 8,50% se vise obrigado a atrasarse no pago de gastos da s\u00faa vivenda e a pobreza enerx\u00e9tica afecte xa ao 9,60%.<\/p>\n\n\n\n<p>Ali\u00e1s, contin\u00faa avanzando a ultraprecarizaci\u00f3n das condici\u00f3ns de traballo, en forma de temporalidade e parcialidade, e tam\u00e9n da drenaxe salarial a trav\u00e9s do impago das horas realmente realizadas ou os descolgues de convenio. Do mesmo xeito que avanza, agora xa nun ritmo e ton moito m\u00e1is agudos, a desertizaci\u00f3n produtiva do Pa\u00eds que se manifesta no devalar industrial que coloca actividades estrat\u00e9xicas, como o naval de Vigo, ao bordo da s\u00faa desaparici\u00f3n tal e como o co\u00f1ec\u00edamos.<\/p>\n\n\n\n<p>Fronte \u00e1 narrativa c\u00ednica e fantasiosa dos relatos propagand\u00edsticos de Xunta e Goberno espa\u00f1ol, non hai s\u00edntoma ning\u00fan de recuperaci\u00f3n nin de mellora. Non para o povo traballador, que volve padecer o efecto combinado da crise econ\u00f3mica e das s\u00faas pol\u00edticas econ\u00f3micas, produtivas e sociais. Urxe, xa que logo, unha mudanza radical que despregue medidas efectivas para evitar que a crise se volva tornar, na pr\u00e1ctica, nun novo saqueo antisocial. Con medidas de fondo que vaian para al\u00e9n da cosm\u00e9tica electoralista. Abordando dunha vez por todas unha reforma fiscal que alivie a carga impositiva a quen menos ten e force unha maior achega por parte das grandes rendas e capitais, e reduza a imposici\u00f3n indirecta (IVE e outros impostos) sob os produtos e servizos esenciais. Pulando polo incremento de salarios (a principiar por equiparar o SMI ao 60% do salario medio), das pensi\u00f3ns p\u00fablicas e das prestaci\u00f3ns e subsidios, toda vez o Ingreso M\u00ednimo Vital demostrouse un fiasco m\u00e1is da pol\u00edtica <em>bluff <\/em>do Goberno de PSOE e Unidas Podemos.<\/p>\n\n\n\n<p>Urxe actuar contra o empobrecemento porque estamos a falar de garantir, ou non, as m\u00ednimas condici\u00f3ns de vida da maior\u00eda social.<\/p>\n","protected":false},"excerpt":{"rendered":"<div class=\"mh-excerpt\"><p>A carest\u00eda dos prezos, empurrando unha inflaci\u00f3n galopante, \u00e9 moito m\u00e1is que un preocupante indicador macroecon\u00f3mico. Sup\u00f3n na pr\u00e1ctica, para a maior\u00eda social que representamos as clases populares e traballadoras, unha das maiores ameazas para as nosas condici\u00f3ns materiais de vida. <a class=\"mh-excerpt-more\" href=\"https:\/\/www.anovapeneira.gal\/index.php\/2022\/02\/28\/urxe-actuar-contra-o-empobrecemento\/\" title=\"Urxe actuar contra o empobrecemento\">[&#8230;]<\/a><\/p>\n<\/div>","protected":false},"author":19,"featured_media":6131,"comment_status":"open","ping_status":"open","sticky":false,"template":"","format":"standard","meta":{"_exactmetrics_skip_tracking":false,"_exactmetrics_sitenote_active":false,"_exactmetrics_sitenote_note":"","_exactmetrics_sitenote_category":0,"footnotes":""},"categories":[7],"tags":[227],"class_list":{"0":"post-7036","1":"post","2":"type-post","3":"status-publish","4":"format-standard","5":"has-post-thumbnail","7":"category-artigos-de-opinion","8":"tag-concello-de-vigo"},"yoast_head":"<!-- This site is optimized with the Yoast SEO plugin v27.4 - https:\/\/yoast.com\/product\/yoast-seo-wordpress\/ -->\n<title>Urxe actuar contra o empobrecemento -<\/title>\n<meta name=\"description\" content=\"A carest\u00eda dos prezos, empurrando unha inflaci\u00f3n galopante, \u00e9 moito m\u00e1is que un preocupante indicador macroecon\u00f3mico. Sup\u00f3n na pr\u00e1ctica, para a maior\u00eda social que representamos as clases populares e traballadoras, unha das maiores ameazas para as nosas condici\u00f3ns materiais de vida.\" \/>\n<meta name=\"robots\" content=\"index, follow, max-snippet:-1, max-image-preview:large, max-video-preview:-1\" \/>\n<link rel=\"canonical\" href=\"https:\/\/www.anovapeneira.gal\/index.php\/2022\/02\/28\/urxe-actuar-contra-o-empobrecemento\/\" \/>\n<meta property=\"og:locale\" content=\"gl_ES\" \/>\n<meta property=\"og:type\" content=\"article\" \/>\n<meta property=\"og:title\" content=\"Urxe actuar contra o empobrecemento -\" \/>\n<meta property=\"og:description\" content=\"A carest\u00eda dos prezos, empurrando unha inflaci\u00f3n galopante, \u00e9 moito m\u00e1is que un preocupante indicador macroecon\u00f3mico. Sup\u00f3n na pr\u00e1ctica, para a maior\u00eda social que representamos as clases populares e traballadoras, unha das maiores ameazas para as nosas condici\u00f3ns materiais de vida.\" \/>\n<meta property=\"og:url\" content=\"https:\/\/www.anovapeneira.gal\/index.php\/2022\/02\/28\/urxe-actuar-contra-o-empobrecemento\/\" \/>\n<meta property=\"article:publisher\" content=\"https:\/\/www.facebook.com\/anovapeneira\" \/>\n<meta property=\"article:published_time\" content=\"2022-02-28T09:00:59+00:00\" \/>\n<meta property=\"og:image\" content=\"https:\/\/www.anovapeneira.gal\/wp-content\/uploads\/2021\/09\/xabier_p_igrexas_opinion.jpg\" \/>\n\t<meta property=\"og:image:width\" content=\"720\" \/>\n\t<meta property=\"og:image:height\" content=\"432\" \/>\n\t<meta property=\"og:image:type\" content=\"image\/jpeg\" \/>\n<meta name=\"author\" content=\"Xabier P. Igrexas\" \/>\n<meta name=\"twitter:card\" content=\"summary_large_image\" \/>\n<meta name=\"twitter:creator\" content=\"@APeneira\" \/>\n<meta name=\"twitter:site\" content=\"@APeneira\" \/>\n<meta name=\"twitter:label1\" content=\"Escrito por\" \/>\n\t<meta name=\"twitter:data1\" content=\"Xabier P. Igrexas\" \/>\n\t<meta name=\"twitter:label2\" content=\"Tempo de lectura\" \/>\n\t<meta name=\"twitter:data2\" content=\"4 minutos\" \/>\n<script type=\"application\/ld+json\" class=\"yoast-schema-graph\">{\"@context\":\"https:\\\/\\\/schema.org\",\"@graph\":[{\"@type\":\"Article\",\"@id\":\"https:\\\/\\\/www.anovapeneira.gal\\\/index.php\\\/2022\\\/02\\\/28\\\/urxe-actuar-contra-o-empobrecemento\\\/#article\",\"isPartOf\":{\"@id\":\"https:\\\/\\\/www.anovapeneira.gal\\\/index.php\\\/2022\\\/02\\\/28\\\/urxe-actuar-contra-o-empobrecemento\\\/\"},\"author\":{\"name\":\"Xabier P. Igrexas\",\"@id\":\"https:\\\/\\\/www.anovapeneira.gal\\\/#\\\/schema\\\/person\\\/b315a9629cd031f734260aaed292fc7b\"},\"headline\":\"Urxe actuar contra o empobrecemento\",\"datePublished\":\"2022-02-28T09:00:59+00:00\",\"mainEntityOfPage\":{\"@id\":\"https:\\\/\\\/www.anovapeneira.gal\\\/index.php\\\/2022\\\/02\\\/28\\\/urxe-actuar-contra-o-empobrecemento\\\/\"},\"wordCount\":601,\"commentCount\":0,\"publisher\":{\"@id\":\"https:\\\/\\\/www.anovapeneira.gal\\\/#organization\"},\"image\":{\"@id\":\"https:\\\/\\\/www.anovapeneira.gal\\\/index.php\\\/2022\\\/02\\\/28\\\/urxe-actuar-contra-o-empobrecemento\\\/#primaryimage\"},\"thumbnailUrl\":\"https:\\\/\\\/www.anovapeneira.gal\\\/wp-content\\\/uploads\\\/2021\\\/09\\\/xabier_p_igrexas_opinion.jpg\",\"keywords\":[\"Concello de Vigo\"],\"articleSection\":[\"Artigos de opini\u00f3n\"],\"inLanguage\":\"gl-ES\",\"potentialAction\":[{\"@type\":\"CommentAction\",\"name\":\"Comment\",\"target\":[\"https:\\\/\\\/www.anovapeneira.gal\\\/index.php\\\/2022\\\/02\\\/28\\\/urxe-actuar-contra-o-empobrecemento\\\/#respond\"]}]},{\"@type\":\"WebPage\",\"@id\":\"https:\\\/\\\/www.anovapeneira.gal\\\/index.php\\\/2022\\\/02\\\/28\\\/urxe-actuar-contra-o-empobrecemento\\\/\",\"url\":\"https:\\\/\\\/www.anovapeneira.gal\\\/index.php\\\/2022\\\/02\\\/28\\\/urxe-actuar-contra-o-empobrecemento\\\/\",\"name\":\"Urxe actuar contra o empobrecemento -\",\"isPartOf\":{\"@id\":\"https:\\\/\\\/www.anovapeneira.gal\\\/#website\"},\"primaryImageOfPage\":{\"@id\":\"https:\\\/\\\/www.anovapeneira.gal\\\/index.php\\\/2022\\\/02\\\/28\\\/urxe-actuar-contra-o-empobrecemento\\\/#primaryimage\"},\"image\":{\"@id\":\"https:\\\/\\\/www.anovapeneira.gal\\\/index.php\\\/2022\\\/02\\\/28\\\/urxe-actuar-contra-o-empobrecemento\\\/#primaryimage\"},\"thumbnailUrl\":\"https:\\\/\\\/www.anovapeneira.gal\\\/wp-content\\\/uploads\\\/2021\\\/09\\\/xabier_p_igrexas_opinion.jpg\",\"datePublished\":\"2022-02-28T09:00:59+00:00\",\"description\":\"A carest\u00eda dos prezos, empurrando unha inflaci\u00f3n galopante, \u00e9 moito m\u00e1is que un preocupante indicador macroecon\u00f3mico. Sup\u00f3n na pr\u00e1ctica, para a maior\u00eda social que representamos as clases populares e traballadoras, unha das maiores ameazas para as nosas condici\u00f3ns materiais de vida.\",\"breadcrumb\":{\"@id\":\"https:\\\/\\\/www.anovapeneira.gal\\\/index.php\\\/2022\\\/02\\\/28\\\/urxe-actuar-contra-o-empobrecemento\\\/#breadcrumb\"},\"inLanguage\":\"gl-ES\",\"potentialAction\":[{\"@type\":\"ReadAction\",\"target\":[\"https:\\\/\\\/www.anovapeneira.gal\\\/index.php\\\/2022\\\/02\\\/28\\\/urxe-actuar-contra-o-empobrecemento\\\/\"]}]},{\"@type\":\"ImageObject\",\"inLanguage\":\"gl-ES\",\"@id\":\"https:\\\/\\\/www.anovapeneira.gal\\\/index.php\\\/2022\\\/02\\\/28\\\/urxe-actuar-contra-o-empobrecemento\\\/#primaryimage\",\"url\":\"https:\\\/\\\/www.anovapeneira.gal\\\/wp-content\\\/uploads\\\/2021\\\/09\\\/xabier_p_igrexas_opinion.jpg\",\"contentUrl\":\"https:\\\/\\\/www.anovapeneira.gal\\\/wp-content\\\/uploads\\\/2021\\\/09\\\/xabier_p_igrexas_opinion.jpg\",\"width\":720,\"height\":432,\"caption\":\"Xabier P. Igrexas\"},{\"@type\":\"BreadcrumbList\",\"@id\":\"https:\\\/\\\/www.anovapeneira.gal\\\/index.php\\\/2022\\\/02\\\/28\\\/urxe-actuar-contra-o-empobrecemento\\\/#breadcrumb\",\"itemListElement\":[{\"@type\":\"ListItem\",\"position\":1,\"name\":\"Portada\",\"item\":\"https:\\\/\\\/www.anovapeneira.gal\\\/\"},{\"@type\":\"ListItem\",\"position\":2,\"name\":\"Urxe actuar contra o empobrecemento\"}]},{\"@type\":\"WebSite\",\"@id\":\"https:\\\/\\\/www.anovapeneira.gal\\\/#website\",\"url\":\"https:\\\/\\\/www.anovapeneira.gal\\\/\",\"name\":\"\",\"description\":\"Xornal galego de informaci\u00f3n xeral Publicaci\u00f3n mensual de novas de Galicia e en especial dos Concellos da sur da provincia de Pontevedra.\",\"publisher\":{\"@id\":\"https:\\\/\\\/www.anovapeneira.gal\\\/#organization\"},\"potentialAction\":[{\"@type\":\"SearchAction\",\"target\":{\"@type\":\"EntryPoint\",\"urlTemplate\":\"https:\\\/\\\/www.anovapeneira.gal\\\/?s={search_term_string}\"},\"query-input\":{\"@type\":\"PropertyValueSpecification\",\"valueRequired\":true,\"valueName\":\"search_term_string\"}}],\"inLanguage\":\"gl-ES\"},{\"@type\":\"Organization\",\"@id\":\"https:\\\/\\\/www.anovapeneira.gal\\\/#organization\",\"name\":\"A Nova Peneira\",\"url\":\"https:\\\/\\\/www.anovapeneira.gal\\\/\",\"logo\":{\"@type\":\"ImageObject\",\"inLanguage\":\"gl-ES\",\"@id\":\"https:\\\/\\\/www.anovapeneira.gal\\\/#\\\/schema\\\/logo\\\/image\\\/\",\"url\":\"http:\\\/\\\/www.anovapeneira.gal\\\/wp-content\\\/uploads\\\/2019\\\/06\\\/logo_a_nova_peneira_portal_web.png\",\"contentUrl\":\"http:\\\/\\\/www.anovapeneira.gal\\\/wp-content\\\/uploads\\\/2019\\\/06\\\/logo_a_nova_peneira_portal_web.png\",\"width\":300,\"height\":100,\"caption\":\"A Nova Peneira\"},\"image\":{\"@id\":\"https:\\\/\\\/www.anovapeneira.gal\\\/#\\\/schema\\\/logo\\\/image\\\/\"},\"sameAs\":[\"https:\\\/\\\/www.facebook.com\\\/anovapeneira\",\"https:\\\/\\\/x.com\\\/APeneira\"]},{\"@type\":\"Person\",\"@id\":\"https:\\\/\\\/www.anovapeneira.gal\\\/#\\\/schema\\\/person\\\/b315a9629cd031f734260aaed292fc7b\",\"name\":\"Xabier P. Igrexas\",\"image\":{\"@type\":\"ImageObject\",\"inLanguage\":\"gl-ES\",\"@id\":\"https:\\\/\\\/secure.gravatar.com\\\/avatar\\\/515b373a53f49f0acb6e8c9b324ca59bebc1b082fa690fc83028098b4d3bc8cd?s=96&d=mm&r=g\",\"url\":\"https:\\\/\\\/secure.gravatar.com\\\/avatar\\\/515b373a53f49f0acb6e8c9b324ca59bebc1b082fa690fc83028098b4d3bc8cd?s=96&d=mm&r=g\",\"contentUrl\":\"https:\\\/\\\/secure.gravatar.com\\\/avatar\\\/515b373a53f49f0acb6e8c9b324ca59bebc1b082fa690fc83028098b4d3bc8cd?s=96&d=mm&r=g\",\"caption\":\"Xabier P. Igrexas\"},\"sameAs\":[\"http:\\\/\\\/www.anovapeneira.gal\"],\"url\":\"https:\\\/\\\/www.anovapeneira.gal\\\/index.php\\\/author\\\/xabier-p-igrexas\\\/\"}]}<\/script>\n<!-- \/ Yoast SEO plugin. -->","yoast_head_json":{"title":"Urxe actuar contra o empobrecemento -","description":"A carest\u00eda dos prezos, empurrando unha inflaci\u00f3n galopante, \u00e9 moito m\u00e1is que un preocupante indicador macroecon\u00f3mico. Sup\u00f3n na pr\u00e1ctica, para a maior\u00eda social que representamos as clases populares e traballadoras, unha das maiores ameazas para as nosas condici\u00f3ns materiais de vida.","robots":{"index":"index","follow":"follow","max-snippet":"max-snippet:-1","max-image-preview":"max-image-preview:large","max-video-preview":"max-video-preview:-1"},"canonical":"https:\/\/www.anovapeneira.gal\/index.php\/2022\/02\/28\/urxe-actuar-contra-o-empobrecemento\/","og_locale":"gl_ES","og_type":"article","og_title":"Urxe actuar contra o empobrecemento -","og_description":"A carest\u00eda dos prezos, empurrando unha inflaci\u00f3n galopante, \u00e9 moito m\u00e1is que un preocupante indicador macroecon\u00f3mico. Sup\u00f3n na pr\u00e1ctica, para a maior\u00eda social que representamos as clases populares e traballadoras, unha das maiores ameazas para as nosas condici\u00f3ns materiais de vida.","og_url":"https:\/\/www.anovapeneira.gal\/index.php\/2022\/02\/28\/urxe-actuar-contra-o-empobrecemento\/","article_publisher":"https:\/\/www.facebook.com\/anovapeneira","article_published_time":"2022-02-28T09:00:59+00:00","og_image":[{"width":720,"height":432,"url":"https:\/\/www.anovapeneira.gal\/wp-content\/uploads\/2021\/09\/xabier_p_igrexas_opinion.jpg","type":"image\/jpeg"}],"author":"Xabier P. Igrexas","twitter_card":"summary_large_image","twitter_creator":"@APeneira","twitter_site":"@APeneira","twitter_misc":{"Escrito por":"Xabier P. Igrexas","Tempo de lectura":"4 minutos"},"schema":{"@context":"https:\/\/schema.org","@graph":[{"@type":"Article","@id":"https:\/\/www.anovapeneira.gal\/index.php\/2022\/02\/28\/urxe-actuar-contra-o-empobrecemento\/#article","isPartOf":{"@id":"https:\/\/www.anovapeneira.gal\/index.php\/2022\/02\/28\/urxe-actuar-contra-o-empobrecemento\/"},"author":{"name":"Xabier P. Igrexas","@id":"https:\/\/www.anovapeneira.gal\/#\/schema\/person\/b315a9629cd031f734260aaed292fc7b"},"headline":"Urxe actuar contra o empobrecemento","datePublished":"2022-02-28T09:00:59+00:00","mainEntityOfPage":{"@id":"https:\/\/www.anovapeneira.gal\/index.php\/2022\/02\/28\/urxe-actuar-contra-o-empobrecemento\/"},"wordCount":601,"commentCount":0,"publisher":{"@id":"https:\/\/www.anovapeneira.gal\/#organization"},"image":{"@id":"https:\/\/www.anovapeneira.gal\/index.php\/2022\/02\/28\/urxe-actuar-contra-o-empobrecemento\/#primaryimage"},"thumbnailUrl":"https:\/\/www.anovapeneira.gal\/wp-content\/uploads\/2021\/09\/xabier_p_igrexas_opinion.jpg","keywords":["Concello de Vigo"],"articleSection":["Artigos de opini\u00f3n"],"inLanguage":"gl-ES","potentialAction":[{"@type":"CommentAction","name":"Comment","target":["https:\/\/www.anovapeneira.gal\/index.php\/2022\/02\/28\/urxe-actuar-contra-o-empobrecemento\/#respond"]}]},{"@type":"WebPage","@id":"https:\/\/www.anovapeneira.gal\/index.php\/2022\/02\/28\/urxe-actuar-contra-o-empobrecemento\/","url":"https:\/\/www.anovapeneira.gal\/index.php\/2022\/02\/28\/urxe-actuar-contra-o-empobrecemento\/","name":"Urxe actuar contra o empobrecemento -","isPartOf":{"@id":"https:\/\/www.anovapeneira.gal\/#website"},"primaryImageOfPage":{"@id":"https:\/\/www.anovapeneira.gal\/index.php\/2022\/02\/28\/urxe-actuar-contra-o-empobrecemento\/#primaryimage"},"image":{"@id":"https:\/\/www.anovapeneira.gal\/index.php\/2022\/02\/28\/urxe-actuar-contra-o-empobrecemento\/#primaryimage"},"thumbnailUrl":"https:\/\/www.anovapeneira.gal\/wp-content\/uploads\/2021\/09\/xabier_p_igrexas_opinion.jpg","datePublished":"2022-02-28T09:00:59+00:00","description":"A carest\u00eda dos prezos, empurrando unha inflaci\u00f3n galopante, \u00e9 moito m\u00e1is que un preocupante indicador macroecon\u00f3mico. Sup\u00f3n na pr\u00e1ctica, para a maior\u00eda social que representamos as clases populares e traballadoras, unha das maiores ameazas para as nosas condici\u00f3ns materiais de vida.","breadcrumb":{"@id":"https:\/\/www.anovapeneira.gal\/index.php\/2022\/02\/28\/urxe-actuar-contra-o-empobrecemento\/#breadcrumb"},"inLanguage":"gl-ES","potentialAction":[{"@type":"ReadAction","target":["https:\/\/www.anovapeneira.gal\/index.php\/2022\/02\/28\/urxe-actuar-contra-o-empobrecemento\/"]}]},{"@type":"ImageObject","inLanguage":"gl-ES","@id":"https:\/\/www.anovapeneira.gal\/index.php\/2022\/02\/28\/urxe-actuar-contra-o-empobrecemento\/#primaryimage","url":"https:\/\/www.anovapeneira.gal\/wp-content\/uploads\/2021\/09\/xabier_p_igrexas_opinion.jpg","contentUrl":"https:\/\/www.anovapeneira.gal\/wp-content\/uploads\/2021\/09\/xabier_p_igrexas_opinion.jpg","width":720,"height":432,"caption":"Xabier P. Igrexas"},{"@type":"BreadcrumbList","@id":"https:\/\/www.anovapeneira.gal\/index.php\/2022\/02\/28\/urxe-actuar-contra-o-empobrecemento\/#breadcrumb","itemListElement":[{"@type":"ListItem","position":1,"name":"Portada","item":"https:\/\/www.anovapeneira.gal\/"},{"@type":"ListItem","position":2,"name":"Urxe actuar contra o empobrecemento"}]},{"@type":"WebSite","@id":"https:\/\/www.anovapeneira.gal\/#website","url":"https:\/\/www.anovapeneira.gal\/","name":"","description":"Xornal galego de informaci\u00f3n xeral Publicaci\u00f3n mensual de novas de Galicia e en especial dos Concellos da sur da provincia de Pontevedra.","publisher":{"@id":"https:\/\/www.anovapeneira.gal\/#organization"},"potentialAction":[{"@type":"SearchAction","target":{"@type":"EntryPoint","urlTemplate":"https:\/\/www.anovapeneira.gal\/?s={search_term_string}"},"query-input":{"@type":"PropertyValueSpecification","valueRequired":true,"valueName":"search_term_string"}}],"inLanguage":"gl-ES"},{"@type":"Organization","@id":"https:\/\/www.anovapeneira.gal\/#organization","name":"A Nova Peneira","url":"https:\/\/www.anovapeneira.gal\/","logo":{"@type":"ImageObject","inLanguage":"gl-ES","@id":"https:\/\/www.anovapeneira.gal\/#\/schema\/logo\/image\/","url":"http:\/\/www.anovapeneira.gal\/wp-content\/uploads\/2019\/06\/logo_a_nova_peneira_portal_web.png","contentUrl":"http:\/\/www.anovapeneira.gal\/wp-content\/uploads\/2019\/06\/logo_a_nova_peneira_portal_web.png","width":300,"height":100,"caption":"A Nova Peneira"},"image":{"@id":"https:\/\/www.anovapeneira.gal\/#\/schema\/logo\/image\/"},"sameAs":["https:\/\/www.facebook.com\/anovapeneira","https:\/\/x.com\/APeneira"]},{"@type":"Person","@id":"https:\/\/www.anovapeneira.gal\/#\/schema\/person\/b315a9629cd031f734260aaed292fc7b","name":"Xabier P. Igrexas","image":{"@type":"ImageObject","inLanguage":"gl-ES","@id":"https:\/\/secure.gravatar.com\/avatar\/515b373a53f49f0acb6e8c9b324ca59bebc1b082fa690fc83028098b4d3bc8cd?s=96&d=mm&r=g","url":"https:\/\/secure.gravatar.com\/avatar\/515b373a53f49f0acb6e8c9b324ca59bebc1b082fa690fc83028098b4d3bc8cd?s=96&d=mm&r=g","contentUrl":"https:\/\/secure.gravatar.com\/avatar\/515b373a53f49f0acb6e8c9b324ca59bebc1b082fa690fc83028098b4d3bc8cd?s=96&d=mm&r=g","caption":"Xabier P. Igrexas"},"sameAs":["http:\/\/www.anovapeneira.gal"],"url":"https:\/\/www.anovapeneira.gal\/index.php\/author\/xabier-p-igrexas\/"}]}},"jetpack_featured_media_url":"https:\/\/www.anovapeneira.gal\/wp-content\/uploads\/2021\/09\/xabier_p_igrexas_opinion.jpg","_links":{"self":[{"href":"https:\/\/www.anovapeneira.gal\/index.php\/wp-json\/wp\/v2\/posts\/7036","targetHints":{"allow":["GET"]}}],"collection":[{"href":"https:\/\/www.anovapeneira.gal\/index.php\/wp-json\/wp\/v2\/posts"}],"about":[{"href":"https:\/\/www.anovapeneira.gal\/index.php\/wp-json\/wp\/v2\/types\/post"}],"author":[{"embeddable":true,"href":"https:\/\/www.anovapeneira.gal\/index.php\/wp-json\/wp\/v2\/users\/19"}],"replies":[{"embeddable":true,"href":"https:\/\/www.anovapeneira.gal\/index.php\/wp-json\/wp\/v2\/comments?post=7036"}],"version-history":[{"count":1,"href":"https:\/\/www.anovapeneira.gal\/index.php\/wp-json\/wp\/v2\/posts\/7036\/revisions"}],"predecessor-version":[{"id":7037,"href":"https:\/\/www.anovapeneira.gal\/index.php\/wp-json\/wp\/v2\/posts\/7036\/revisions\/7037"}],"wp:featuredmedia":[{"embeddable":true,"href":"https:\/\/www.anovapeneira.gal\/index.php\/wp-json\/wp\/v2\/media\/6131"}],"wp:attachment":[{"href":"https:\/\/www.anovapeneira.gal\/index.php\/wp-json\/wp\/v2\/media?parent=7036"}],"wp:term":[{"taxonomy":"category","embeddable":true,"href":"https:\/\/www.anovapeneira.gal\/index.php\/wp-json\/wp\/v2\/categories?post=7036"},{"taxonomy":"post_tag","embeddable":true,"href":"https:\/\/www.anovapeneira.gal\/index.php\/wp-json\/wp\/v2\/tags?post=7036"}],"curies":[{"name":"wp","href":"https:\/\/api.w.org\/{rel}","templated":true}]}}