{"id":7043,"date":"2022-03-01T10:00:06","date_gmt":"2022-03-01T09:00:06","guid":{"rendered":"https:\/\/www.anovapeneira.gal\/?p=7043"},"modified":"2022-02-23T11:20:55","modified_gmt":"2022-02-23T10:20:55","slug":"o-bng-denuncia-a-discriminacion-da-sala-rebullon-e-a-musica-en-galego-no-reparto-de-axudas-do-agadic","status":"publish","type":"post","link":"https:\/\/www.anovapeneira.gal\/index.php\/2022\/03\/01\/o-bng-denuncia-a-discriminacion-da-sala-rebullon-e-a-musica-en-galego-no-reparto-de-axudas-do-agadic\/","title":{"rendered":"O BNG denuncia a discriminaci\u00f3n da Sala Rebull\u00f3n e a m\u00fasica en galego no reparto de axudas do AGADIC"},"content":{"rendered":"\n<h2 class=\"wp-block-heading\">A xuntanza serviu para abordar outras cuesti\u00f3ns, como a creaci\u00f3n dunha comunidade enerx\u00e9tica ou a situaci\u00f3n do pol\u00edgono de Monte Faqui\u00f1a.<\/h2>\n\n\n\n<p><br>M<strong>os, 21 de febreiro de 2022. <\/strong><\/p>\n\n\n\n<p>Algunhas salas de concertos, particularmente as que programan m\u00fasica en galego, expresaron o seu malestar trala publicaci\u00f3n das subvenci\u00f3ns do AGADIC do ano 2021.<br><\/p>\n\n\n\n<p>Denunciaron que o reparto das dos fondos p\u00fablicos favoreceu \u00e1s grandes salas privadas e discriminou a outras, m\u00e1is pequenas, que apostan por artistas e bandas galegas. No concello de Mos, por exemplo, a discoteca Queen recibiu 20.000 euros para programar, esencialmente, sesi\u00f3ns de DJ mentres a Sala Rebull\u00f3n, cunha programaci\u00f3n estable de m\u00fasica ao vivo, quedou directamente f\u00f3ra das axudas. A deputada no Parlamento Galego Alexandra Fern\u00e1ndez e varios membros do Consello Local do BNG mantiveron unha reuni\u00f3n coa directiva da Comunidade de Montes de Tameiga, entidade que xestiona a sala mosense, para co\u00f1ecer de primeira man os motivos do seu malestar. O encontro serviu para constatar a falla de apoio institucional por parte da administraci\u00f3n galega e municipal.<\/p>\n\n\n\n<p>Dende a Comunidade de Montes denunciaron non s\u00f3 o desd\u00e9n pola m\u00fasica en galego na asignaci\u00f3n das axudas da Xunta, sen\u00f3n tam\u00e9n as barreiras que lles est\u00e1n a po\u00f1er dende o goberno municipal. Recentemente atop\u00e1ronse coa negativa do Concello de Mos a autorizar un ciclo de concertos patrocinado polo Xacobeo, unha decisi\u00f3n que dende o BNG foi cualificada como \u201csectaria e inxustificable\u201d. A deputada Alexandra Fern\u00e1ndez preguntar\u00e1 no Parlamento polo criterio que se seguiu dende o AGADIC para o reparto das subvenci\u00f3ns e lamenta \u201co desprezo que o PP de Feix\u00f3o sente pola produci\u00f3n cultural propia\u201d. Reclamou unha revisi\u00f3n da actual pol\u00edtica cultural, \u201cque favorece a artistas de<br>f\u00f3ra de Galiza e subvenciona grandes eventos orientados ao turismo mentres marxina os creadores e creadoras do pa\u00eds\u201d.<\/p>\n\n\n\n<p>Outras cuesti\u00f3ns<\/p>\n\n\n\n<p>No encontro, Alexandra Fern\u00e1ndez interesouse tam\u00e9n pola constituci\u00f3n da comunidade enerx\u00e9tica impulsada dende a Comunidade de Montes de Tameiga, un proxecto que arrancou coa instalaci\u00f3n de paneis fotovoltaicos e que se est\u00e1 a ver freado, segundo denuncian os propios comuneiros, por causa das administraci\u00f3ns. Tam\u00e9n se abordou a problem\u00e1tica derivada da renovaci\u00f3n dos contratos dalgunhas das empresas instaladas en Monte Faqui\u00f1a, unha vez rematadas as concesi\u00f3ns administrativas que lles permitiron manter a s\u00faa actividade durante 50 anos. Respecto a esta cuesti\u00f3n, o BNG denunciou en reiteradas ocasi\u00f3ns a \u201cposici\u00f3n sectaria\u201d do PP de Nidia Ar\u00e9valo, que segue neg\u00e1ndose a dialogar coa entidade propietaria dos terreos.<\/p>\n\n\n\n<p><br><br><\/p>\n","protected":false},"excerpt":{"rendered":"<div class=\"mh-excerpt\"><p>A xuntanza serviu para abordar outras cuesti\u00f3ns, como a creaci\u00f3n dunha comunidade enerx\u00e9tica ou a situaci\u00f3n do pol\u00edgono de Monte Faqui\u00f1a. Mos, 21 de febreiro de 2022. Algunhas salas de concertos, particularmente as que programan <a class=\"mh-excerpt-more\" href=\"https:\/\/www.anovapeneira.gal\/index.php\/2022\/03\/01\/o-bng-denuncia-a-discriminacion-da-sala-rebullon-e-a-musica-en-galego-no-reparto-de-axudas-do-agadic\/\" title=\"O BNG denuncia a discriminaci\u00f3n da Sala Rebull\u00f3n e a m\u00fasica en galego no reparto de axudas do AGADIC\">[&#8230;]<\/a><\/p>\n<\/div>","protected":false},"author":3,"featured_media":7045,"comment_status":"open","ping_status":"open","sticky":false,"template":"","format":"standard","meta":{"_exactmetrics_skip_tracking":false,"_exactmetrics_sitenote_active":false,"_exactmetrics_sitenote_note":"","_exactmetrics_sitenote_category":0,"footnotes":""},"categories":[23],"tags":[218],"class_list":{"0":"post-7043","1":"post","2":"type-post","3":"status-publish","4":"format-standard","5":"has-post-thumbnail","7":"category-a-lourina","8":"tag-concello-de-mos"},"yoast_head":"<!-- This site is optimized with the Yoast SEO plugin v27.4 - https:\/\/yoast.com\/product\/yoast-seo-wordpress\/ -->\n<title>O BNG denuncia a discriminaci\u00f3n da Sala Rebull\u00f3n e a m\u00fasica en galego no reparto de axudas do AGADIC -<\/title>\n<meta name=\"robots\" content=\"index, follow, max-snippet:-1, max-image-preview:large, max-video-preview:-1\" \/>\n<link rel=\"canonical\" href=\"https:\/\/www.anovapeneira.gal\/index.php\/2022\/03\/01\/o-bng-denuncia-a-discriminacion-da-sala-rebullon-e-a-musica-en-galego-no-reparto-de-axudas-do-agadic\/\" \/>\n<meta property=\"og:locale\" content=\"gl_ES\" \/>\n<meta property=\"og:type\" content=\"article\" \/>\n<meta property=\"og:title\" content=\"O BNG denuncia a discriminaci\u00f3n da Sala Rebull\u00f3n e a m\u00fasica en galego no reparto de axudas do AGADIC -\" \/>\n<meta property=\"og:description\" content=\"A xuntanza serviu para abordar outras cuesti\u00f3ns, como a creaci\u00f3n dunha comunidade enerx\u00e9tica ou a situaci\u00f3n do pol\u00edgono de Monte Faqui\u00f1a. Mos, 21 de febreiro de 2022. Algunhas salas de concertos, particularmente as que programan [...]\" \/>\n<meta property=\"og:url\" content=\"https:\/\/www.anovapeneira.gal\/index.php\/2022\/03\/01\/o-bng-denuncia-a-discriminacion-da-sala-rebullon-e-a-musica-en-galego-no-reparto-de-axudas-do-agadic\/\" \/>\n<meta property=\"article:publisher\" content=\"https:\/\/www.facebook.com\/anovapeneira\" \/>\n<meta property=\"article:published_time\" content=\"2022-03-01T09:00:06+00:00\" \/>\n<meta property=\"og:image\" content=\"https:\/\/www.anovapeneira.gal\/wp-content\/uploads\/2022\/02\/reunion_tameiga.jpg\" \/>\n\t<meta property=\"og:image:width\" content=\"720\" \/>\n\t<meta property=\"og:image:height\" content=\"432\" \/>\n\t<meta property=\"og:image:type\" content=\"image\/jpeg\" \/>\n<meta name=\"author\" content=\"Redacci\u00f3n A Nova Peneira\" \/>\n<meta name=\"twitter:card\" content=\"summary_large_image\" \/>\n<meta name=\"twitter:creator\" content=\"@APeneira\" \/>\n<meta name=\"twitter:site\" content=\"@APeneira\" \/>\n<meta name=\"twitter:label1\" content=\"Escrito por\" \/>\n\t<meta name=\"twitter:data1\" content=\"Redacci\u00f3n A Nova Peneira\" \/>\n\t<meta name=\"twitter:label2\" content=\"Tempo de lectura\" \/>\n\t<meta name=\"twitter:data2\" content=\"3 minutos\" \/>\n<script type=\"application\/ld+json\" class=\"yoast-schema-graph\">{\"@context\":\"https:\\\/\\\/schema.org\",\"@graph\":[{\"@type\":\"Article\",\"@id\":\"https:\\\/\\\/www.anovapeneira.gal\\\/index.php\\\/2022\\\/03\\\/01\\\/o-bng-denuncia-a-discriminacion-da-sala-rebullon-e-a-musica-en-galego-no-reparto-de-axudas-do-agadic\\\/#article\",\"isPartOf\":{\"@id\":\"https:\\\/\\\/www.anovapeneira.gal\\\/index.php\\\/2022\\\/03\\\/01\\\/o-bng-denuncia-a-discriminacion-da-sala-rebullon-e-a-musica-en-galego-no-reparto-de-axudas-do-agadic\\\/\"},\"author\":{\"name\":\"Redacci\u00f3n A Nova Peneira\",\"@id\":\"https:\\\/\\\/www.anovapeneira.gal\\\/#\\\/schema\\\/person\\\/b93e3f8932e3f8da96334607eb6ac6aa\"},\"headline\":\"O BNG denuncia a discriminaci\u00f3n da Sala Rebull\u00f3n e a m\u00fasica en galego no reparto de axudas do AGADIC\",\"datePublished\":\"2022-03-01T09:00:06+00:00\",\"mainEntityOfPage\":{\"@id\":\"https:\\\/\\\/www.anovapeneira.gal\\\/index.php\\\/2022\\\/03\\\/01\\\/o-bng-denuncia-a-discriminacion-da-sala-rebullon-e-a-musica-en-galego-no-reparto-de-axudas-do-agadic\\\/\"},\"wordCount\":474,\"commentCount\":0,\"publisher\":{\"@id\":\"https:\\\/\\\/www.anovapeneira.gal\\\/#organization\"},\"image\":{\"@id\":\"https:\\\/\\\/www.anovapeneira.gal\\\/index.php\\\/2022\\\/03\\\/01\\\/o-bng-denuncia-a-discriminacion-da-sala-rebullon-e-a-musica-en-galego-no-reparto-de-axudas-do-agadic\\\/#primaryimage\"},\"thumbnailUrl\":\"https:\\\/\\\/www.anovapeneira.gal\\\/wp-content\\\/uploads\\\/2022\\\/02\\\/reunion_tameiga.jpg\",\"keywords\":[\"Concello de Mos\"],\"articleSection\":[\"A Louri\u00f1a\"],\"inLanguage\":\"gl-ES\",\"potentialAction\":[{\"@type\":\"CommentAction\",\"name\":\"Comment\",\"target\":[\"https:\\\/\\\/www.anovapeneira.gal\\\/index.php\\\/2022\\\/03\\\/01\\\/o-bng-denuncia-a-discriminacion-da-sala-rebullon-e-a-musica-en-galego-no-reparto-de-axudas-do-agadic\\\/#respond\"]}]},{\"@type\":\"WebPage\",\"@id\":\"https:\\\/\\\/www.anovapeneira.gal\\\/index.php\\\/2022\\\/03\\\/01\\\/o-bng-denuncia-a-discriminacion-da-sala-rebullon-e-a-musica-en-galego-no-reparto-de-axudas-do-agadic\\\/\",\"url\":\"https:\\\/\\\/www.anovapeneira.gal\\\/index.php\\\/2022\\\/03\\\/01\\\/o-bng-denuncia-a-discriminacion-da-sala-rebullon-e-a-musica-en-galego-no-reparto-de-axudas-do-agadic\\\/\",\"name\":\"O BNG denuncia a discriminaci\u00f3n da Sala Rebull\u00f3n e a m\u00fasica en galego no reparto de axudas do AGADIC -\",\"isPartOf\":{\"@id\":\"https:\\\/\\\/www.anovapeneira.gal\\\/#website\"},\"primaryImageOfPage\":{\"@id\":\"https:\\\/\\\/www.anovapeneira.gal\\\/index.php\\\/2022\\\/03\\\/01\\\/o-bng-denuncia-a-discriminacion-da-sala-rebullon-e-a-musica-en-galego-no-reparto-de-axudas-do-agadic\\\/#primaryimage\"},\"image\":{\"@id\":\"https:\\\/\\\/www.anovapeneira.gal\\\/index.php\\\/2022\\\/03\\\/01\\\/o-bng-denuncia-a-discriminacion-da-sala-rebullon-e-a-musica-en-galego-no-reparto-de-axudas-do-agadic\\\/#primaryimage\"},\"thumbnailUrl\":\"https:\\\/\\\/www.anovapeneira.gal\\\/wp-content\\\/uploads\\\/2022\\\/02\\\/reunion_tameiga.jpg\",\"datePublished\":\"2022-03-01T09:00:06+00:00\",\"breadcrumb\":{\"@id\":\"https:\\\/\\\/www.anovapeneira.gal\\\/index.php\\\/2022\\\/03\\\/01\\\/o-bng-denuncia-a-discriminacion-da-sala-rebullon-e-a-musica-en-galego-no-reparto-de-axudas-do-agadic\\\/#breadcrumb\"},\"inLanguage\":\"gl-ES\",\"potentialAction\":[{\"@type\":\"ReadAction\",\"target\":[\"https:\\\/\\\/www.anovapeneira.gal\\\/index.php\\\/2022\\\/03\\\/01\\\/o-bng-denuncia-a-discriminacion-da-sala-rebullon-e-a-musica-en-galego-no-reparto-de-axudas-do-agadic\\\/\"]}]},{\"@type\":\"ImageObject\",\"inLanguage\":\"gl-ES\",\"@id\":\"https:\\\/\\\/www.anovapeneira.gal\\\/index.php\\\/2022\\\/03\\\/01\\\/o-bng-denuncia-a-discriminacion-da-sala-rebullon-e-a-musica-en-galego-no-reparto-de-axudas-do-agadic\\\/#primaryimage\",\"url\":\"https:\\\/\\\/www.anovapeneira.gal\\\/wp-content\\\/uploads\\\/2022\\\/02\\\/reunion_tameiga.jpg\",\"contentUrl\":\"https:\\\/\\\/www.anovapeneira.gal\\\/wp-content\\\/uploads\\\/2022\\\/02\\\/reunion_tameiga.jpg\",\"width\":720,\"height\":432,\"caption\":\"Reuni\u00f3n Tameiga\"},{\"@type\":\"BreadcrumbList\",\"@id\":\"https:\\\/\\\/www.anovapeneira.gal\\\/index.php\\\/2022\\\/03\\\/01\\\/o-bng-denuncia-a-discriminacion-da-sala-rebullon-e-a-musica-en-galego-no-reparto-de-axudas-do-agadic\\\/#breadcrumb\",\"itemListElement\":[{\"@type\":\"ListItem\",\"position\":1,\"name\":\"Portada\",\"item\":\"https:\\\/\\\/www.anovapeneira.gal\\\/\"},{\"@type\":\"ListItem\",\"position\":2,\"name\":\"O BNG denuncia a discriminaci\u00f3n da Sala Rebull\u00f3n e a m\u00fasica en galego no reparto de axudas do AGADIC\"}]},{\"@type\":\"WebSite\",\"@id\":\"https:\\\/\\\/www.anovapeneira.gal\\\/#website\",\"url\":\"https:\\\/\\\/www.anovapeneira.gal\\\/\",\"name\":\"\",\"description\":\"Xornal galego de informaci\u00f3n xeral Publicaci\u00f3n mensual de novas de Galicia e en especial dos Concellos da sur da provincia de Pontevedra.\",\"publisher\":{\"@id\":\"https:\\\/\\\/www.anovapeneira.gal\\\/#organization\"},\"potentialAction\":[{\"@type\":\"SearchAction\",\"target\":{\"@type\":\"EntryPoint\",\"urlTemplate\":\"https:\\\/\\\/www.anovapeneira.gal\\\/?s={search_term_string}\"},\"query-input\":{\"@type\":\"PropertyValueSpecification\",\"valueRequired\":true,\"valueName\":\"search_term_string\"}}],\"inLanguage\":\"gl-ES\"},{\"@type\":\"Organization\",\"@id\":\"https:\\\/\\\/www.anovapeneira.gal\\\/#organization\",\"name\":\"A Nova Peneira\",\"url\":\"https:\\\/\\\/www.anovapeneira.gal\\\/\",\"logo\":{\"@type\":\"ImageObject\",\"inLanguage\":\"gl-ES\",\"@id\":\"https:\\\/\\\/www.anovapeneira.gal\\\/#\\\/schema\\\/logo\\\/image\\\/\",\"url\":\"http:\\\/\\\/www.anovapeneira.gal\\\/wp-content\\\/uploads\\\/2019\\\/06\\\/logo_a_nova_peneira_portal_web.png\",\"contentUrl\":\"http:\\\/\\\/www.anovapeneira.gal\\\/wp-content\\\/uploads\\\/2019\\\/06\\\/logo_a_nova_peneira_portal_web.png\",\"width\":300,\"height\":100,\"caption\":\"A Nova Peneira\"},\"image\":{\"@id\":\"https:\\\/\\\/www.anovapeneira.gal\\\/#\\\/schema\\\/logo\\\/image\\\/\"},\"sameAs\":[\"https:\\\/\\\/www.facebook.com\\\/anovapeneira\",\"https:\\\/\\\/x.com\\\/APeneira\"]},{\"@type\":\"Person\",\"@id\":\"https:\\\/\\\/www.anovapeneira.gal\\\/#\\\/schema\\\/person\\\/b93e3f8932e3f8da96334607eb6ac6aa\",\"name\":\"Redacci\u00f3n A Nova Peneira\",\"image\":{\"@type\":\"ImageObject\",\"inLanguage\":\"gl-ES\",\"@id\":\"https:\\\/\\\/secure.gravatar.com\\\/avatar\\\/c052a2551a06e23fac63626232eaa90abd78dbcf1700fc46a2b2c89fd27b735f?s=96&d=mm&r=g\",\"url\":\"https:\\\/\\\/secure.gravatar.com\\\/avatar\\\/c052a2551a06e23fac63626232eaa90abd78dbcf1700fc46a2b2c89fd27b735f?s=96&d=mm&r=g\",\"contentUrl\":\"https:\\\/\\\/secure.gravatar.com\\\/avatar\\\/c052a2551a06e23fac63626232eaa90abd78dbcf1700fc46a2b2c89fd27b735f?s=96&d=mm&r=g\",\"caption\":\"Redacci\u00f3n A Nova Peneira\"},\"sameAs\":[\"http:\\\/\\\/www.anovapeneira.gal\\\/\"],\"url\":\"https:\\\/\\\/www.anovapeneira.gal\\\/index.php\\\/author\\\/redactor\\\/\"}]}<\/script>\n<!-- \/ Yoast SEO plugin. -->","yoast_head_json":{"title":"O BNG denuncia a discriminaci\u00f3n da Sala Rebull\u00f3n e a m\u00fasica en galego no reparto de axudas do AGADIC -","robots":{"index":"index","follow":"follow","max-snippet":"max-snippet:-1","max-image-preview":"max-image-preview:large","max-video-preview":"max-video-preview:-1"},"canonical":"https:\/\/www.anovapeneira.gal\/index.php\/2022\/03\/01\/o-bng-denuncia-a-discriminacion-da-sala-rebullon-e-a-musica-en-galego-no-reparto-de-axudas-do-agadic\/","og_locale":"gl_ES","og_type":"article","og_title":"O BNG denuncia a discriminaci\u00f3n da Sala Rebull\u00f3n e a m\u00fasica en galego no reparto de axudas do AGADIC -","og_description":"A xuntanza serviu para abordar outras cuesti\u00f3ns, como a creaci\u00f3n dunha comunidade enerx\u00e9tica ou a situaci\u00f3n do pol\u00edgono de Monte Faqui\u00f1a. Mos, 21 de febreiro de 2022. Algunhas salas de concertos, particularmente as que programan [...]","og_url":"https:\/\/www.anovapeneira.gal\/index.php\/2022\/03\/01\/o-bng-denuncia-a-discriminacion-da-sala-rebullon-e-a-musica-en-galego-no-reparto-de-axudas-do-agadic\/","article_publisher":"https:\/\/www.facebook.com\/anovapeneira","article_published_time":"2022-03-01T09:00:06+00:00","og_image":[{"width":720,"height":432,"url":"https:\/\/www.anovapeneira.gal\/wp-content\/uploads\/2022\/02\/reunion_tameiga.jpg","type":"image\/jpeg"}],"author":"Redacci\u00f3n A Nova Peneira","twitter_card":"summary_large_image","twitter_creator":"@APeneira","twitter_site":"@APeneira","twitter_misc":{"Escrito por":"Redacci\u00f3n A Nova Peneira","Tempo de lectura":"3 minutos"},"schema":{"@context":"https:\/\/schema.org","@graph":[{"@type":"Article","@id":"https:\/\/www.anovapeneira.gal\/index.php\/2022\/03\/01\/o-bng-denuncia-a-discriminacion-da-sala-rebullon-e-a-musica-en-galego-no-reparto-de-axudas-do-agadic\/#article","isPartOf":{"@id":"https:\/\/www.anovapeneira.gal\/index.php\/2022\/03\/01\/o-bng-denuncia-a-discriminacion-da-sala-rebullon-e-a-musica-en-galego-no-reparto-de-axudas-do-agadic\/"},"author":{"name":"Redacci\u00f3n A Nova Peneira","@id":"https:\/\/www.anovapeneira.gal\/#\/schema\/person\/b93e3f8932e3f8da96334607eb6ac6aa"},"headline":"O BNG denuncia a discriminaci\u00f3n da Sala Rebull\u00f3n e a m\u00fasica en galego no reparto de axudas do AGADIC","datePublished":"2022-03-01T09:00:06+00:00","mainEntityOfPage":{"@id":"https:\/\/www.anovapeneira.gal\/index.php\/2022\/03\/01\/o-bng-denuncia-a-discriminacion-da-sala-rebullon-e-a-musica-en-galego-no-reparto-de-axudas-do-agadic\/"},"wordCount":474,"commentCount":0,"publisher":{"@id":"https:\/\/www.anovapeneira.gal\/#organization"},"image":{"@id":"https:\/\/www.anovapeneira.gal\/index.php\/2022\/03\/01\/o-bng-denuncia-a-discriminacion-da-sala-rebullon-e-a-musica-en-galego-no-reparto-de-axudas-do-agadic\/#primaryimage"},"thumbnailUrl":"https:\/\/www.anovapeneira.gal\/wp-content\/uploads\/2022\/02\/reunion_tameiga.jpg","keywords":["Concello de Mos"],"articleSection":["A Louri\u00f1a"],"inLanguage":"gl-ES","potentialAction":[{"@type":"CommentAction","name":"Comment","target":["https:\/\/www.anovapeneira.gal\/index.php\/2022\/03\/01\/o-bng-denuncia-a-discriminacion-da-sala-rebullon-e-a-musica-en-galego-no-reparto-de-axudas-do-agadic\/#respond"]}]},{"@type":"WebPage","@id":"https:\/\/www.anovapeneira.gal\/index.php\/2022\/03\/01\/o-bng-denuncia-a-discriminacion-da-sala-rebullon-e-a-musica-en-galego-no-reparto-de-axudas-do-agadic\/","url":"https:\/\/www.anovapeneira.gal\/index.php\/2022\/03\/01\/o-bng-denuncia-a-discriminacion-da-sala-rebullon-e-a-musica-en-galego-no-reparto-de-axudas-do-agadic\/","name":"O BNG denuncia a discriminaci\u00f3n da Sala Rebull\u00f3n e a m\u00fasica en galego no reparto de axudas do AGADIC -","isPartOf":{"@id":"https:\/\/www.anovapeneira.gal\/#website"},"primaryImageOfPage":{"@id":"https:\/\/www.anovapeneira.gal\/index.php\/2022\/03\/01\/o-bng-denuncia-a-discriminacion-da-sala-rebullon-e-a-musica-en-galego-no-reparto-de-axudas-do-agadic\/#primaryimage"},"image":{"@id":"https:\/\/www.anovapeneira.gal\/index.php\/2022\/03\/01\/o-bng-denuncia-a-discriminacion-da-sala-rebullon-e-a-musica-en-galego-no-reparto-de-axudas-do-agadic\/#primaryimage"},"thumbnailUrl":"https:\/\/www.anovapeneira.gal\/wp-content\/uploads\/2022\/02\/reunion_tameiga.jpg","datePublished":"2022-03-01T09:00:06+00:00","breadcrumb":{"@id":"https:\/\/www.anovapeneira.gal\/index.php\/2022\/03\/01\/o-bng-denuncia-a-discriminacion-da-sala-rebullon-e-a-musica-en-galego-no-reparto-de-axudas-do-agadic\/#breadcrumb"},"inLanguage":"gl-ES","potentialAction":[{"@type":"ReadAction","target":["https:\/\/www.anovapeneira.gal\/index.php\/2022\/03\/01\/o-bng-denuncia-a-discriminacion-da-sala-rebullon-e-a-musica-en-galego-no-reparto-de-axudas-do-agadic\/"]}]},{"@type":"ImageObject","inLanguage":"gl-ES","@id":"https:\/\/www.anovapeneira.gal\/index.php\/2022\/03\/01\/o-bng-denuncia-a-discriminacion-da-sala-rebullon-e-a-musica-en-galego-no-reparto-de-axudas-do-agadic\/#primaryimage","url":"https:\/\/www.anovapeneira.gal\/wp-content\/uploads\/2022\/02\/reunion_tameiga.jpg","contentUrl":"https:\/\/www.anovapeneira.gal\/wp-content\/uploads\/2022\/02\/reunion_tameiga.jpg","width":720,"height":432,"caption":"Reuni\u00f3n Tameiga"},{"@type":"BreadcrumbList","@id":"https:\/\/www.anovapeneira.gal\/index.php\/2022\/03\/01\/o-bng-denuncia-a-discriminacion-da-sala-rebullon-e-a-musica-en-galego-no-reparto-de-axudas-do-agadic\/#breadcrumb","itemListElement":[{"@type":"ListItem","position":1,"name":"Portada","item":"https:\/\/www.anovapeneira.gal\/"},{"@type":"ListItem","position":2,"name":"O BNG denuncia a discriminaci\u00f3n da Sala Rebull\u00f3n e a m\u00fasica en galego no reparto de axudas do AGADIC"}]},{"@type":"WebSite","@id":"https:\/\/www.anovapeneira.gal\/#website","url":"https:\/\/www.anovapeneira.gal\/","name":"","description":"Xornal galego de informaci\u00f3n xeral Publicaci\u00f3n mensual de novas de Galicia e en especial dos Concellos da sur da provincia de Pontevedra.","publisher":{"@id":"https:\/\/www.anovapeneira.gal\/#organization"},"potentialAction":[{"@type":"SearchAction","target":{"@type":"EntryPoint","urlTemplate":"https:\/\/www.anovapeneira.gal\/?s={search_term_string}"},"query-input":{"@type":"PropertyValueSpecification","valueRequired":true,"valueName":"search_term_string"}}],"inLanguage":"gl-ES"},{"@type":"Organization","@id":"https:\/\/www.anovapeneira.gal\/#organization","name":"A Nova Peneira","url":"https:\/\/www.anovapeneira.gal\/","logo":{"@type":"ImageObject","inLanguage":"gl-ES","@id":"https:\/\/www.anovapeneira.gal\/#\/schema\/logo\/image\/","url":"http:\/\/www.anovapeneira.gal\/wp-content\/uploads\/2019\/06\/logo_a_nova_peneira_portal_web.png","contentUrl":"http:\/\/www.anovapeneira.gal\/wp-content\/uploads\/2019\/06\/logo_a_nova_peneira_portal_web.png","width":300,"height":100,"caption":"A Nova Peneira"},"image":{"@id":"https:\/\/www.anovapeneira.gal\/#\/schema\/logo\/image\/"},"sameAs":["https:\/\/www.facebook.com\/anovapeneira","https:\/\/x.com\/APeneira"]},{"@type":"Person","@id":"https:\/\/www.anovapeneira.gal\/#\/schema\/person\/b93e3f8932e3f8da96334607eb6ac6aa","name":"Redacci\u00f3n A Nova Peneira","image":{"@type":"ImageObject","inLanguage":"gl-ES","@id":"https:\/\/secure.gravatar.com\/avatar\/c052a2551a06e23fac63626232eaa90abd78dbcf1700fc46a2b2c89fd27b735f?s=96&d=mm&r=g","url":"https:\/\/secure.gravatar.com\/avatar\/c052a2551a06e23fac63626232eaa90abd78dbcf1700fc46a2b2c89fd27b735f?s=96&d=mm&r=g","contentUrl":"https:\/\/secure.gravatar.com\/avatar\/c052a2551a06e23fac63626232eaa90abd78dbcf1700fc46a2b2c89fd27b735f?s=96&d=mm&r=g","caption":"Redacci\u00f3n A Nova Peneira"},"sameAs":["http:\/\/www.anovapeneira.gal\/"],"url":"https:\/\/www.anovapeneira.gal\/index.php\/author\/redactor\/"}]}},"jetpack_featured_media_url":"https:\/\/www.anovapeneira.gal\/wp-content\/uploads\/2022\/02\/reunion_tameiga.jpg","_links":{"self":[{"href":"https:\/\/www.anovapeneira.gal\/index.php\/wp-json\/wp\/v2\/posts\/7043","targetHints":{"allow":["GET"]}}],"collection":[{"href":"https:\/\/www.anovapeneira.gal\/index.php\/wp-json\/wp\/v2\/posts"}],"about":[{"href":"https:\/\/www.anovapeneira.gal\/index.php\/wp-json\/wp\/v2\/types\/post"}],"author":[{"embeddable":true,"href":"https:\/\/www.anovapeneira.gal\/index.php\/wp-json\/wp\/v2\/users\/3"}],"replies":[{"embeddable":true,"href":"https:\/\/www.anovapeneira.gal\/index.php\/wp-json\/wp\/v2\/comments?post=7043"}],"version-history":[{"count":1,"href":"https:\/\/www.anovapeneira.gal\/index.php\/wp-json\/wp\/v2\/posts\/7043\/revisions"}],"predecessor-version":[{"id":7044,"href":"https:\/\/www.anovapeneira.gal\/index.php\/wp-json\/wp\/v2\/posts\/7043\/revisions\/7044"}],"wp:featuredmedia":[{"embeddable":true,"href":"https:\/\/www.anovapeneira.gal\/index.php\/wp-json\/wp\/v2\/media\/7045"}],"wp:attachment":[{"href":"https:\/\/www.anovapeneira.gal\/index.php\/wp-json\/wp\/v2\/media?parent=7043"}],"wp:term":[{"taxonomy":"category","embeddable":true,"href":"https:\/\/www.anovapeneira.gal\/index.php\/wp-json\/wp\/v2\/categories?post=7043"},{"taxonomy":"post_tag","embeddable":true,"href":"https:\/\/www.anovapeneira.gal\/index.php\/wp-json\/wp\/v2\/tags?post=7043"}],"curies":[{"name":"wp","href":"https:\/\/api.w.org\/{rel}","templated":true}]}}