{"id":7052,"date":"2022-03-02T12:00:11","date_gmt":"2022-03-02T11:00:11","guid":{"rendered":"https:\/\/www.anovapeneira.gal\/?p=7052"},"modified":"2022-02-28T10:44:46","modified_gmt":"2022-02-28T09:44:46","slug":"as-pedras-que-nos-miran","status":"publish","type":"post","link":"https:\/\/www.anovapeneira.gal\/index.php\/2022\/03\/02\/as-pedras-que-nos-miran\/","title":{"rendered":"As pedras que nos miran"},"content":{"rendered":"\n<pre class=\"wp-block-verse\">Manuel\u00a0Alfonso\u00a0Est\u00e9vez<\/pre>\n\n\n\n<p>Rescatadas do amigo, Alejandro Manuel M\u00edguez \u00c1lvarez, de Taboexa, para O Condado de Salvaterra do Mi\u00f1o, como un espazo com\u00fan, e rueiros onde confl\u00faen percorridos e encontros. A mellor medida do noso pulso. E dicimos que as pedras nos miran, para manifestarnos, o sentimento, a protesta e a desaprobaci\u00f3n.<br><br>Os rueiros predestinados por excelencia, albergan elementos que no Condado de Salvaterra do Mi\u00f1o, constit\u00faen a s\u00faa propia identificaci\u00f3n e renden homenaxe a s\u00faa historia.<br><br>O Condado de Salvaterra do Mi\u00f1o \u00e9, un grande rueiro, onde se revela a s\u00faa memoria, e onde se segue escribindo, porque t\u00f3dalas parroquias, t\u00f3dolos rueiros do Condado, rezuman historia. Est\u00e1 escrita nas s\u00faas pontes, nos seus cami\u00f1os e sendeiros, nos seus r\u00edos, nos seus campos, nos seus bosques lendarios, nas s\u00faas igrexas e camposantos, pazos e casas solares, e nos restos que a\u00ednda se conservan das culturas que nos<br>precederon : O Pai Mi\u00f1o.<br><br>Cada un dos elementos do Condado de Salvaterra do Mi\u00f1o, son un documento excepcional sobre o desenrolo e transformaci\u00f3n do noso entorno. E sobre todo, un reclamo a memoria de algo, empraz\u00e1ndonos a evocar os momentos hist\u00f3ricos.<br><br>O Condado de Salvaterra do Mi\u00f1o, pechado en si mesmo, e un valor intanxible e subxectivo que transcende a pedra. Coa sua presenza se reivindica e se xustifica t\u00f3dolos d\u00edas na A Nova Peneira \u00a1A Nosa! E Novas do Eixe Atl\u00e1ntico, que non act\u00faan por simbolismo, sen\u00f3n, por contar o noso patrimonio, asi como o noso pasado, e a loita polo noso presente e futuro.<br><br>O patrimonio que \u00e9 noso, \u00e9 de todos. E temos que conservalo en bo estado, mais al\u00f3 da responsabilidade do Concello, que ten o compromiso co pasado, e o deber co presente e futuro. Que o saiba a se\u00f1ora alcaldesa.<br><br>Amigos: Debemos ser os vix\u00edas do tempo, \u00e9 este nos obriga a preservalo. Porque \u00a1Quen sabe si detr\u00e1s das pedras, caladamente, nos indica que nos decatemos! Estas pedras nos observan a trav\u00e9s dos s\u00e9culos, para lembrarnos quen somos e de onde vi\u00f1emos. A pedras te\u00f1en memoria. Grazas, Alejandro Manuel M\u00edguez \u00c1lvarez, por lembralas. Nos, nos esquecemos, nos, pasamos de largo, pero elas non.<\/p>\n\n\n\n<p>\u00a1Cantas pedras tiven a dita de co\u00f1ecer, sendo meni\u00f1o! \u00a1Cantas! Naquela afortunada infancia en Fornelos da Ribeira. A mi\u00f1a madri\u00f1a que me levaba en costa arriba, ai Igrexa de San Xo\u00e1n de Fornelos, cando s\u00f3 exist\u00eda terra e pedra.<\/p>\n\n\n\n<p><br>Hoxe, como onte, hai que entender que o infantil non est\u00e1 rifado coa cr\u00edtica social e cos problemas do Condado. L\u00e9mbrome do Progresistas, daqueles fillos de Fornelos en Bos Aires, que se distinguiron, e lembramos \u00e9pocas pasadas.<\/p>\n\n\n\n<h2 class=\"wp-block-heading\"><br>Por \u00faltimo:<\/h2>\n\n\n\n<p><br>\u00a1Ai dos poetas,<\/p>\n\n\n\n<p>que son r\u00edos<br><br>e van o mar a morrer.<\/p>\n\n\n\n<p>E como o recio cami\u00f1o<\/p>\n\n\n\n<p><br>os leva como equipaxe:<\/p>\n\n\n\n<p><br>O peito, o coraz\u00f3n<\/p>\n\n\n\n<p><br>e na boca, unha canci\u00f3n<\/p>\n\n\n\n<p>para o viaxe!<\/p>\n","protected":false},"excerpt":{"rendered":"<div class=\"mh-excerpt\"><p>Rescatadas do amigo, Alejandro Manuel M\u00edguez \u00c1lvarez, de Taboexa, para O Condado de Salvaterra do Mi\u00f1o, como un espazo com\u00fan, e rueiros onde confl\u00faen percorridos e encontros. A mellor medida do noso pulso. E dicimos que as pedras nos miran, para manifestarnos, o sentimento, a protesta e a desaprobaci\u00f3n <a class=\"mh-excerpt-more\" href=\"https:\/\/www.anovapeneira.gal\/index.php\/2022\/03\/02\/as-pedras-que-nos-miran\/\" title=\"As pedras que nos miran\">[&#8230;]<\/a><\/p>\n<\/div>","protected":false},"author":12,"featured_media":5108,"comment_status":"open","ping_status":"open","sticky":false,"template":"","format":"standard","meta":{"_exactmetrics_skip_tracking":false,"_exactmetrics_sitenote_active":false,"_exactmetrics_sitenote_note":"","_exactmetrics_sitenote_category":0,"footnotes":""},"categories":[7],"tags":[],"class_list":{"0":"post-7052","1":"post","2":"type-post","3":"status-publish","4":"format-standard","5":"has-post-thumbnail","7":"category-artigos-de-opinion"},"yoast_head":"<!-- This site is optimized with the Yoast SEO plugin v27.5 - https:\/\/yoast.com\/product\/yoast-seo-wordpress\/ -->\n<title>As pedras que nos miran -<\/title>\n<meta name=\"description\" content=\"Rescatadas do amigo, Alejandro Manuel M\u00edguez \u00c1lvarez, de Taboexa, para O Condado de Salvaterra do Mi\u00f1o, como un espazo com\u00fan, e rueiros onde confl\u00faen percorridos e encontros. A mellor medida do noso pulso. E dicimos que as pedras nos miran, para manifestarnos, o sentimento, a protesta e a desaprobaci\u00f3n.\" \/>\n<meta name=\"robots\" content=\"index, follow, max-snippet:-1, max-image-preview:large, max-video-preview:-1\" \/>\n<link rel=\"canonical\" href=\"https:\/\/www.anovapeneira.gal\/index.php\/2022\/03\/02\/as-pedras-que-nos-miran\/\" \/>\n<meta property=\"og:locale\" content=\"gl_ES\" \/>\n<meta property=\"og:type\" content=\"article\" \/>\n<meta property=\"og:title\" content=\"As pedras que nos miran -\" \/>\n<meta property=\"og:description\" content=\"Rescatadas do amigo, Alejandro Manuel M\u00edguez \u00c1lvarez, de Taboexa, para O Condado de Salvaterra do Mi\u00f1o, como un espazo com\u00fan, e rueiros onde confl\u00faen percorridos e encontros. A mellor medida do noso pulso. E dicimos que as pedras nos miran, para manifestarnos, o sentimento, a protesta e a desaprobaci\u00f3n.\" \/>\n<meta property=\"og:url\" content=\"https:\/\/www.anovapeneira.gal\/index.php\/2022\/03\/02\/as-pedras-que-nos-miran\/\" \/>\n<meta property=\"article:publisher\" content=\"https:\/\/www.facebook.com\/anovapeneira\" \/>\n<meta property=\"article:published_time\" content=\"2022-03-02T11:00:11+00:00\" \/>\n<meta property=\"og:image\" content=\"https:\/\/www.anovapeneira.gal\/wp-content\/uploads\/2021\/03\/manuel_alfonso_estevez.jpg\" \/>\n\t<meta property=\"og:image:width\" content=\"720\" \/>\n\t<meta property=\"og:image:height\" content=\"432\" \/>\n\t<meta property=\"og:image:type\" content=\"image\/jpeg\" \/>\n<meta name=\"author\" content=\"Artigos Opini\u00f3n\" \/>\n<meta name=\"twitter:card\" content=\"summary_large_image\" \/>\n<meta name=\"twitter:creator\" content=\"@APeneira\" \/>\n<meta name=\"twitter:site\" content=\"@APeneira\" \/>\n<meta name=\"twitter:label1\" content=\"Escrito por\" \/>\n\t<meta name=\"twitter:data1\" content=\"Artigos Opini\u00f3n\" \/>\n\t<meta name=\"twitter:label2\" content=\"Tempo de lectura\" \/>\n\t<meta name=\"twitter:data2\" content=\"3 minutos\" \/>\n<script type=\"application\/ld+json\" class=\"yoast-schema-graph\">{\"@context\":\"https:\\\/\\\/schema.org\",\"@graph\":[{\"@type\":\"Article\",\"@id\":\"https:\\\/\\\/www.anovapeneira.gal\\\/index.php\\\/2022\\\/03\\\/02\\\/as-pedras-que-nos-miran\\\/#article\",\"isPartOf\":{\"@id\":\"https:\\\/\\\/www.anovapeneira.gal\\\/index.php\\\/2022\\\/03\\\/02\\\/as-pedras-que-nos-miran\\\/\"},\"author\":{\"name\":\"Artigos Opini\u00f3n\",\"@id\":\"https:\\\/\\\/www.anovapeneira.gal\\\/#\\\/schema\\\/person\\\/f18a4feb302e8f20bcef4490b5b60bb3\"},\"headline\":\"As pedras que nos miran\",\"datePublished\":\"2022-03-02T11:00:11+00:00\",\"mainEntityOfPage\":{\"@id\":\"https:\\\/\\\/www.anovapeneira.gal\\\/index.php\\\/2022\\\/03\\\/02\\\/as-pedras-que-nos-miran\\\/\"},\"wordCount\":514,\"commentCount\":0,\"publisher\":{\"@id\":\"https:\\\/\\\/www.anovapeneira.gal\\\/#organization\"},\"image\":{\"@id\":\"https:\\\/\\\/www.anovapeneira.gal\\\/index.php\\\/2022\\\/03\\\/02\\\/as-pedras-que-nos-miran\\\/#primaryimage\"},\"thumbnailUrl\":\"https:\\\/\\\/www.anovapeneira.gal\\\/wp-content\\\/uploads\\\/2021\\\/03\\\/manuel_alfonso_estevez.jpg\",\"articleSection\":[\"Artigos de opini\u00f3n\"],\"inLanguage\":\"gl-ES\",\"potentialAction\":[{\"@type\":\"CommentAction\",\"name\":\"Comment\",\"target\":[\"https:\\\/\\\/www.anovapeneira.gal\\\/index.php\\\/2022\\\/03\\\/02\\\/as-pedras-que-nos-miran\\\/#respond\"]}]},{\"@type\":\"WebPage\",\"@id\":\"https:\\\/\\\/www.anovapeneira.gal\\\/index.php\\\/2022\\\/03\\\/02\\\/as-pedras-que-nos-miran\\\/\",\"url\":\"https:\\\/\\\/www.anovapeneira.gal\\\/index.php\\\/2022\\\/03\\\/02\\\/as-pedras-que-nos-miran\\\/\",\"name\":\"As pedras que nos miran -\",\"isPartOf\":{\"@id\":\"https:\\\/\\\/www.anovapeneira.gal\\\/#website\"},\"primaryImageOfPage\":{\"@id\":\"https:\\\/\\\/www.anovapeneira.gal\\\/index.php\\\/2022\\\/03\\\/02\\\/as-pedras-que-nos-miran\\\/#primaryimage\"},\"image\":{\"@id\":\"https:\\\/\\\/www.anovapeneira.gal\\\/index.php\\\/2022\\\/03\\\/02\\\/as-pedras-que-nos-miran\\\/#primaryimage\"},\"thumbnailUrl\":\"https:\\\/\\\/www.anovapeneira.gal\\\/wp-content\\\/uploads\\\/2021\\\/03\\\/manuel_alfonso_estevez.jpg\",\"datePublished\":\"2022-03-02T11:00:11+00:00\",\"description\":\"Rescatadas do amigo, Alejandro Manuel M\u00edguez \u00c1lvarez, de Taboexa, para O Condado de Salvaterra do Mi\u00f1o, como un espazo com\u00fan, e rueiros onde confl\u00faen percorridos e encontros. A mellor medida do noso pulso. E dicimos que as pedras nos miran, para manifestarnos, o sentimento, a protesta e a desaprobaci\u00f3n.\",\"breadcrumb\":{\"@id\":\"https:\\\/\\\/www.anovapeneira.gal\\\/index.php\\\/2022\\\/03\\\/02\\\/as-pedras-que-nos-miran\\\/#breadcrumb\"},\"inLanguage\":\"gl-ES\",\"potentialAction\":[{\"@type\":\"ReadAction\",\"target\":[\"https:\\\/\\\/www.anovapeneira.gal\\\/index.php\\\/2022\\\/03\\\/02\\\/as-pedras-que-nos-miran\\\/\"]}]},{\"@type\":\"ImageObject\",\"inLanguage\":\"gl-ES\",\"@id\":\"https:\\\/\\\/www.anovapeneira.gal\\\/index.php\\\/2022\\\/03\\\/02\\\/as-pedras-que-nos-miran\\\/#primaryimage\",\"url\":\"https:\\\/\\\/www.anovapeneira.gal\\\/wp-content\\\/uploads\\\/2021\\\/03\\\/manuel_alfonso_estevez.jpg\",\"contentUrl\":\"https:\\\/\\\/www.anovapeneira.gal\\\/wp-content\\\/uploads\\\/2021\\\/03\\\/manuel_alfonso_estevez.jpg\",\"width\":720,\"height\":432,\"caption\":\"Manuel Alfonso Est\u00e9vez. Historia viva de Fornelos da Ribeira\"},{\"@type\":\"BreadcrumbList\",\"@id\":\"https:\\\/\\\/www.anovapeneira.gal\\\/index.php\\\/2022\\\/03\\\/02\\\/as-pedras-que-nos-miran\\\/#breadcrumb\",\"itemListElement\":[{\"@type\":\"ListItem\",\"position\":1,\"name\":\"Portada\",\"item\":\"https:\\\/\\\/www.anovapeneira.gal\\\/\"},{\"@type\":\"ListItem\",\"position\":2,\"name\":\"As pedras que nos miran\"}]},{\"@type\":\"WebSite\",\"@id\":\"https:\\\/\\\/www.anovapeneira.gal\\\/#website\",\"url\":\"https:\\\/\\\/www.anovapeneira.gal\\\/\",\"name\":\"\",\"description\":\"Xornal galego de informaci\u00f3n xeral Publicaci\u00f3n mensual de novas de Galicia e en especial dos Concellos da sur da provincia de Pontevedra.\",\"publisher\":{\"@id\":\"https:\\\/\\\/www.anovapeneira.gal\\\/#organization\"},\"potentialAction\":[{\"@type\":\"SearchAction\",\"target\":{\"@type\":\"EntryPoint\",\"urlTemplate\":\"https:\\\/\\\/www.anovapeneira.gal\\\/?s={search_term_string}\"},\"query-input\":{\"@type\":\"PropertyValueSpecification\",\"valueRequired\":true,\"valueName\":\"search_term_string\"}}],\"inLanguage\":\"gl-ES\"},{\"@type\":\"Organization\",\"@id\":\"https:\\\/\\\/www.anovapeneira.gal\\\/#organization\",\"name\":\"A Nova Peneira\",\"url\":\"https:\\\/\\\/www.anovapeneira.gal\\\/\",\"logo\":{\"@type\":\"ImageObject\",\"inLanguage\":\"gl-ES\",\"@id\":\"https:\\\/\\\/www.anovapeneira.gal\\\/#\\\/schema\\\/logo\\\/image\\\/\",\"url\":\"http:\\\/\\\/www.anovapeneira.gal\\\/wp-content\\\/uploads\\\/2019\\\/06\\\/logo_a_nova_peneira_portal_web.png\",\"contentUrl\":\"http:\\\/\\\/www.anovapeneira.gal\\\/wp-content\\\/uploads\\\/2019\\\/06\\\/logo_a_nova_peneira_portal_web.png\",\"width\":300,\"height\":100,\"caption\":\"A Nova Peneira\"},\"image\":{\"@id\":\"https:\\\/\\\/www.anovapeneira.gal\\\/#\\\/schema\\\/logo\\\/image\\\/\"},\"sameAs\":[\"https:\\\/\\\/www.facebook.com\\\/anovapeneira\",\"https:\\\/\\\/x.com\\\/APeneira\"]},{\"@type\":\"Person\",\"@id\":\"https:\\\/\\\/www.anovapeneira.gal\\\/#\\\/schema\\\/person\\\/f18a4feb302e8f20bcef4490b5b60bb3\",\"name\":\"Artigos Opini\u00f3n\",\"image\":{\"@type\":\"ImageObject\",\"inLanguage\":\"gl-ES\",\"@id\":\"https:\\\/\\\/secure.gravatar.com\\\/avatar\\\/072844300f4881150aee2da4278f7a65d16eefdf8262eb67085f1e702de2b959?s=96&d=mm&r=g\",\"url\":\"https:\\\/\\\/secure.gravatar.com\\\/avatar\\\/072844300f4881150aee2da4278f7a65d16eefdf8262eb67085f1e702de2b959?s=96&d=mm&r=g\",\"contentUrl\":\"https:\\\/\\\/secure.gravatar.com\\\/avatar\\\/072844300f4881150aee2da4278f7a65d16eefdf8262eb67085f1e702de2b959?s=96&d=mm&r=g\",\"caption\":\"Artigos Opini\u00f3n\"},\"sameAs\":[\"http:\\\/\\\/anovapeneira.gal\"],\"url\":\"https:\\\/\\\/www.anovapeneira.gal\\\/index.php\\\/author\\\/artigosopinion\\\/\"}]}<\/script>\n<!-- \/ Yoast SEO plugin. -->","yoast_head_json":{"title":"As pedras que nos miran -","description":"Rescatadas do amigo, Alejandro Manuel M\u00edguez \u00c1lvarez, de Taboexa, para O Condado de Salvaterra do Mi\u00f1o, como un espazo com\u00fan, e rueiros onde confl\u00faen percorridos e encontros. A mellor medida do noso pulso. E dicimos que as pedras nos miran, para manifestarnos, o sentimento, a protesta e a desaprobaci\u00f3n.","robots":{"index":"index","follow":"follow","max-snippet":"max-snippet:-1","max-image-preview":"max-image-preview:large","max-video-preview":"max-video-preview:-1"},"canonical":"https:\/\/www.anovapeneira.gal\/index.php\/2022\/03\/02\/as-pedras-que-nos-miran\/","og_locale":"gl_ES","og_type":"article","og_title":"As pedras que nos miran -","og_description":"Rescatadas do amigo, Alejandro Manuel M\u00edguez \u00c1lvarez, de Taboexa, para O Condado de Salvaterra do Mi\u00f1o, como un espazo com\u00fan, e rueiros onde confl\u00faen percorridos e encontros. A mellor medida do noso pulso. E dicimos que as pedras nos miran, para manifestarnos, o sentimento, a protesta e a desaprobaci\u00f3n.","og_url":"https:\/\/www.anovapeneira.gal\/index.php\/2022\/03\/02\/as-pedras-que-nos-miran\/","article_publisher":"https:\/\/www.facebook.com\/anovapeneira","article_published_time":"2022-03-02T11:00:11+00:00","og_image":[{"width":720,"height":432,"url":"https:\/\/www.anovapeneira.gal\/wp-content\/uploads\/2021\/03\/manuel_alfonso_estevez.jpg","type":"image\/jpeg"}],"author":"Artigos Opini\u00f3n","twitter_card":"summary_large_image","twitter_creator":"@APeneira","twitter_site":"@APeneira","twitter_misc":{"Escrito por":"Artigos Opini\u00f3n","Tempo de lectura":"3 minutos"},"schema":{"@context":"https:\/\/schema.org","@graph":[{"@type":"Article","@id":"https:\/\/www.anovapeneira.gal\/index.php\/2022\/03\/02\/as-pedras-que-nos-miran\/#article","isPartOf":{"@id":"https:\/\/www.anovapeneira.gal\/index.php\/2022\/03\/02\/as-pedras-que-nos-miran\/"},"author":{"name":"Artigos Opini\u00f3n","@id":"https:\/\/www.anovapeneira.gal\/#\/schema\/person\/f18a4feb302e8f20bcef4490b5b60bb3"},"headline":"As pedras que nos miran","datePublished":"2022-03-02T11:00:11+00:00","mainEntityOfPage":{"@id":"https:\/\/www.anovapeneira.gal\/index.php\/2022\/03\/02\/as-pedras-que-nos-miran\/"},"wordCount":514,"commentCount":0,"publisher":{"@id":"https:\/\/www.anovapeneira.gal\/#organization"},"image":{"@id":"https:\/\/www.anovapeneira.gal\/index.php\/2022\/03\/02\/as-pedras-que-nos-miran\/#primaryimage"},"thumbnailUrl":"https:\/\/www.anovapeneira.gal\/wp-content\/uploads\/2021\/03\/manuel_alfonso_estevez.jpg","articleSection":["Artigos de opini\u00f3n"],"inLanguage":"gl-ES","potentialAction":[{"@type":"CommentAction","name":"Comment","target":["https:\/\/www.anovapeneira.gal\/index.php\/2022\/03\/02\/as-pedras-que-nos-miran\/#respond"]}]},{"@type":"WebPage","@id":"https:\/\/www.anovapeneira.gal\/index.php\/2022\/03\/02\/as-pedras-que-nos-miran\/","url":"https:\/\/www.anovapeneira.gal\/index.php\/2022\/03\/02\/as-pedras-que-nos-miran\/","name":"As pedras que nos miran -","isPartOf":{"@id":"https:\/\/www.anovapeneira.gal\/#website"},"primaryImageOfPage":{"@id":"https:\/\/www.anovapeneira.gal\/index.php\/2022\/03\/02\/as-pedras-que-nos-miran\/#primaryimage"},"image":{"@id":"https:\/\/www.anovapeneira.gal\/index.php\/2022\/03\/02\/as-pedras-que-nos-miran\/#primaryimage"},"thumbnailUrl":"https:\/\/www.anovapeneira.gal\/wp-content\/uploads\/2021\/03\/manuel_alfonso_estevez.jpg","datePublished":"2022-03-02T11:00:11+00:00","description":"Rescatadas do amigo, Alejandro Manuel M\u00edguez \u00c1lvarez, de Taboexa, para O Condado de Salvaterra do Mi\u00f1o, como un espazo com\u00fan, e rueiros onde confl\u00faen percorridos e encontros. A mellor medida do noso pulso. E dicimos que as pedras nos miran, para manifestarnos, o sentimento, a protesta e a desaprobaci\u00f3n.","breadcrumb":{"@id":"https:\/\/www.anovapeneira.gal\/index.php\/2022\/03\/02\/as-pedras-que-nos-miran\/#breadcrumb"},"inLanguage":"gl-ES","potentialAction":[{"@type":"ReadAction","target":["https:\/\/www.anovapeneira.gal\/index.php\/2022\/03\/02\/as-pedras-que-nos-miran\/"]}]},{"@type":"ImageObject","inLanguage":"gl-ES","@id":"https:\/\/www.anovapeneira.gal\/index.php\/2022\/03\/02\/as-pedras-que-nos-miran\/#primaryimage","url":"https:\/\/www.anovapeneira.gal\/wp-content\/uploads\/2021\/03\/manuel_alfonso_estevez.jpg","contentUrl":"https:\/\/www.anovapeneira.gal\/wp-content\/uploads\/2021\/03\/manuel_alfonso_estevez.jpg","width":720,"height":432,"caption":"Manuel Alfonso Est\u00e9vez. Historia viva de Fornelos da Ribeira"},{"@type":"BreadcrumbList","@id":"https:\/\/www.anovapeneira.gal\/index.php\/2022\/03\/02\/as-pedras-que-nos-miran\/#breadcrumb","itemListElement":[{"@type":"ListItem","position":1,"name":"Portada","item":"https:\/\/www.anovapeneira.gal\/"},{"@type":"ListItem","position":2,"name":"As pedras que nos miran"}]},{"@type":"WebSite","@id":"https:\/\/www.anovapeneira.gal\/#website","url":"https:\/\/www.anovapeneira.gal\/","name":"","description":"Xornal galego de informaci\u00f3n xeral Publicaci\u00f3n mensual de novas de Galicia e en especial dos Concellos da sur da provincia de Pontevedra.","publisher":{"@id":"https:\/\/www.anovapeneira.gal\/#organization"},"potentialAction":[{"@type":"SearchAction","target":{"@type":"EntryPoint","urlTemplate":"https:\/\/www.anovapeneira.gal\/?s={search_term_string}"},"query-input":{"@type":"PropertyValueSpecification","valueRequired":true,"valueName":"search_term_string"}}],"inLanguage":"gl-ES"},{"@type":"Organization","@id":"https:\/\/www.anovapeneira.gal\/#organization","name":"A Nova Peneira","url":"https:\/\/www.anovapeneira.gal\/","logo":{"@type":"ImageObject","inLanguage":"gl-ES","@id":"https:\/\/www.anovapeneira.gal\/#\/schema\/logo\/image\/","url":"http:\/\/www.anovapeneira.gal\/wp-content\/uploads\/2019\/06\/logo_a_nova_peneira_portal_web.png","contentUrl":"http:\/\/www.anovapeneira.gal\/wp-content\/uploads\/2019\/06\/logo_a_nova_peneira_portal_web.png","width":300,"height":100,"caption":"A Nova Peneira"},"image":{"@id":"https:\/\/www.anovapeneira.gal\/#\/schema\/logo\/image\/"},"sameAs":["https:\/\/www.facebook.com\/anovapeneira","https:\/\/x.com\/APeneira"]},{"@type":"Person","@id":"https:\/\/www.anovapeneira.gal\/#\/schema\/person\/f18a4feb302e8f20bcef4490b5b60bb3","name":"Artigos Opini\u00f3n","image":{"@type":"ImageObject","inLanguage":"gl-ES","@id":"https:\/\/secure.gravatar.com\/avatar\/072844300f4881150aee2da4278f7a65d16eefdf8262eb67085f1e702de2b959?s=96&d=mm&r=g","url":"https:\/\/secure.gravatar.com\/avatar\/072844300f4881150aee2da4278f7a65d16eefdf8262eb67085f1e702de2b959?s=96&d=mm&r=g","contentUrl":"https:\/\/secure.gravatar.com\/avatar\/072844300f4881150aee2da4278f7a65d16eefdf8262eb67085f1e702de2b959?s=96&d=mm&r=g","caption":"Artigos Opini\u00f3n"},"sameAs":["http:\/\/anovapeneira.gal"],"url":"https:\/\/www.anovapeneira.gal\/index.php\/author\/artigosopinion\/"}]}},"jetpack_featured_media_url":"https:\/\/www.anovapeneira.gal\/wp-content\/uploads\/2021\/03\/manuel_alfonso_estevez.jpg","_links":{"self":[{"href":"https:\/\/www.anovapeneira.gal\/index.php\/wp-json\/wp\/v2\/posts\/7052","targetHints":{"allow":["GET"]}}],"collection":[{"href":"https:\/\/www.anovapeneira.gal\/index.php\/wp-json\/wp\/v2\/posts"}],"about":[{"href":"https:\/\/www.anovapeneira.gal\/index.php\/wp-json\/wp\/v2\/types\/post"}],"author":[{"embeddable":true,"href":"https:\/\/www.anovapeneira.gal\/index.php\/wp-json\/wp\/v2\/users\/12"}],"replies":[{"embeddable":true,"href":"https:\/\/www.anovapeneira.gal\/index.php\/wp-json\/wp\/v2\/comments?post=7052"}],"version-history":[{"count":1,"href":"https:\/\/www.anovapeneira.gal\/index.php\/wp-json\/wp\/v2\/posts\/7052\/revisions"}],"predecessor-version":[{"id":7053,"href":"https:\/\/www.anovapeneira.gal\/index.php\/wp-json\/wp\/v2\/posts\/7052\/revisions\/7053"}],"wp:featuredmedia":[{"embeddable":true,"href":"https:\/\/www.anovapeneira.gal\/index.php\/wp-json\/wp\/v2\/media\/5108"}],"wp:attachment":[{"href":"https:\/\/www.anovapeneira.gal\/index.php\/wp-json\/wp\/v2\/media?parent=7052"}],"wp:term":[{"taxonomy":"category","embeddable":true,"href":"https:\/\/www.anovapeneira.gal\/index.php\/wp-json\/wp\/v2\/categories?post=7052"},{"taxonomy":"post_tag","embeddable":true,"href":"https:\/\/www.anovapeneira.gal\/index.php\/wp-json\/wp\/v2\/tags?post=7052"}],"curies":[{"name":"wp","href":"https:\/\/api.w.org\/{rel}","templated":true}]}}