{"id":706,"date":"2019-07-22T08:24:07","date_gmt":"2019-07-22T06:24:07","guid":{"rendered":"http:\/\/www.anovapeneira.gal\/?p=706"},"modified":"2019-07-23T08:25:15","modified_gmt":"2019-07-23T06:25:15","slug":"comeza-o-veran-en-mos-ben-quente","status":"publish","type":"post","link":"https:\/\/www.anovapeneira.gal\/index.php\/2019\/07\/22\/comeza-o-veran-en-mos-ben-quente\/","title":{"rendered":"Comeza o ver\u00e1n en Mos ben quente"},"content":{"rendered":"\n<figure class=\"wp-block-image is-resized\"><img loading=\"lazy\" decoding=\"async\" src=\"http:\/\/www.anovapeneira.gal\/wp-content\/uploads\/2019\/07\/alejandro_concelleiro_socialista_mos.jpg\" alt=\"Alejandro Figueroa Concelleiro Socialista en Mos\" class=\"wp-image-707\" width=\"95\" height=\"111\"\/><figcaption>Alejandro Figueroa. Concelleiro socialista en Mos<\/figcaption><\/figure>\n\n\n\n<p>Levamos pouco m\u00e1is\nde un mes de lexislatura no concello de Mos e no partido socialista\ncomezamos a traballar nas necesidades da veci\u00f1anza d\u00eda a d\u00eda, para\no pr\u00f3ximo pleno do mes de Xulio levamos unha moci\u00f3n para estudar o\ntr\u00e1fico pesado na zona urbana de Puxeiros, en especial o que esta\narredor do edificio de correos, fac\u00e9ndonos eco das reclamaci\u00f3ns da\nveci\u00f1anza da contorna que solicitan o regulamento do transito de\ncami\u00f3ns pesados que acceden o lugar Faqui\u00f1a polo cami\u00f1o do monte\nde Cabral. Soamente reclaman que no cami\u00f1o do monte se limite unha\ntonelaxe m\u00e1xima para que os cami\u00f3ns deixen de usar o edificio coma\nglorieta, cousa que xa fac\u00edan cando ese cami\u00f1o estaba en obras e\nnon se pod\u00eda circular por el e se acced\u00eda polo acceso o lugar\nFaqui\u00f1a sen ning\u00fan tipo de problema. \n<\/p>\n\n\n\n<p>O concello de Mos \u00e9\nco\u00f1ecedor desta situaci\u00f3n pero ata o de agora a veci\u00f1anza non tivo\nresposta sobre as s\u00faas reclamaci\u00f3ns, pero foi cando o partido\nsocialista presenta esta moci\u00f3n cando responden que este tema esta\nen estudo, que non estamos o d\u00eda e que dende Febreiro esta situaci\u00f3n\nesta controlada, ent\u00f3n eu pregunto. Porque non se lle informa de tal\nestudo os veci\u00f1os e veci\u00f1as da zona? Ser\u00e1 que \u00e9 outra desas\ntantas cousas pendentes que ten o goberno do concello de Mos no\ncaix\u00f3n mentres eles se dedican o circo nos medios.<\/p>\n\n\n\n<p>E igual pasa con\noutras moitas necesidades que est\u00e1n esperando a ser atendidas polo\nconcello de Mos. Al\u00e9granos saber que van ser arranxadas grazas as\nreclamaci\u00f3ns do partido socialista como xa estamos comprobando, coma\nno caso da seguridade viaria na rotonda do cristo de Bel\u00e9n en\nPereiras, onde os coches ve\u00f1en a unha gran velocidade da rotonda do\nCostilleta e o partido socialista reclamou no rexistro do concello e\nnas redes sociais unha soluci\u00f3n, d\u00edas despois vemos coma o goberno\nestivo na zona facendo eco de unha serie de medidas entre as cales\nest\u00e1n as que o partido socialista lle reclamou.<\/p>\n\n\n\n<p>Igual que neste caso\nos socialistas vemos de reclamar arranxos en cami\u00f1os que precisan\natenci\u00f3n urxente, denunciamos vertidos de escombros no monte,\nreclamamos ter un mellor mantemento nos parques xa que \u00e9 agora cando\nm\u00e1is hai que ter estes lugares de lecer en condici\u00f3ns para a\nveci\u00f1anza.<\/p>\n\n\n\n<p>E fix\u00e9monos eco do\ndescoido do goberno cando se trata dos temas m\u00e1is importantes coma\npode ser a formaci\u00f3n e o emprego da veci\u00f1anza de Mos. Neste caso\nfoi cando descubrimos que se deixara de pedir dende o concello dous\nobradoiros da Xunta dirixidos a desempregados, un para persoas\ndesempregadas de menos de 30 anos e outro para desempregados de\navanzada idade. Cursos nos cales o concello non ti\u00f1a nada m\u00e1is que\ncorrer cos gastos de material para a s\u00faa realizaci\u00f3n e que a os\nveci\u00f1os e veci\u00f1as desempregadas perderon a oportunidade de facer.<\/p>\n\n\n\n<p>Pero non nos\npreocupemos que temos unha alcaldesa que a pesares de non\npreocuparlle os desempregados, non preocuparlle o estado dos cami\u00f1os,\nque atende as necesidades da veci\u00f1anza cando se ve intimidada pola\npresi\u00f3n da oposici\u00f3n. Temos unha alcaldesa que non deixa de\nconvocar a corporaci\u00f3n a plenos extraordinarios para que os temas\nimportantes se arranxen. Temos a fortuna de ter unha alcaldesa que\ndefende a veci\u00f1anza \u201cpor enrriba de todo\u201d e soamente se preocupa\npolo ben estar das veci\u00f1as e veci\u00f1os de Mos mentres a oposici\u00f3n\nnos rascamos a barriga como ela pretende facer crer a unha veci\u00f1anza\nque cada vez esta m\u00e1is farta dos enganos do goberno do Partido\nPopular.<\/p>\n\n\n\n<p>Soamente quero dicir\nque o partido socialista, como se pode ver, si estamos traballando\nnas necesidades diarias dos veci\u00f1os e veci\u00f1as de Mos. O goberno\nsabe perfectamente que pode contar co nos para que o concello mellore\ne sexan atendidas as necesidades que a veci\u00f1anza reclama. Pero non\nnos vai atopar nas s\u00faas batallas nos medios, nos seus circos para\ndesviar a atenci\u00f3n dos temas m\u00e1is importantes que nestes momentos\nest\u00e1n esquecidos e non sabemos cales ser\u00e1n os pasos a seguir do\ngoberno. O partido socialista de Mos temos moi claro que a nosa folla\nde ruta non vai estar marcada por un goberno o cal so pensa en facer\na oposici\u00f3n c\u00f3mplice das s\u00faas falcatruadas, pero esperamos que\npronto se de conta que cando se trata de confrontar esta totalmente\ns\u00f3. \n<\/p>\n","protected":false},"excerpt":{"rendered":"<div class=\"mh-excerpt\"><p>Levamos pouco m\u00e1is de un mes de lexislatura no concello de Mos e no partido socialista comezamos a traballar nas necesidades da veci\u00f1anza d\u00eda a d\u00eda, para o pr\u00f3ximo pleno do mes de Xulio levamos unha moci\u00f3n para estudar o tr\u00e1fico pesado na zona urbana de Puxeiros <a class=\"mh-excerpt-more\" href=\"https:\/\/www.anovapeneira.gal\/index.php\/2019\/07\/22\/comeza-o-veran-en-mos-ben-quente\/\" title=\"Comeza o ver\u00e1n en Mos ben quente\">[&#8230;]<\/a><\/p>\n<\/div>","protected":false},"author":3,"featured_media":584,"comment_status":"open","ping_status":"open","sticky":false,"template":"","format":"standard","meta":{"_exactmetrics_skip_tracking":false,"_exactmetrics_sitenote_active":false,"_exactmetrics_sitenote_note":"","_exactmetrics_sitenote_category":0,"footnotes":""},"categories":[7],"tags":[218,17,219],"class_list":{"0":"post-706","1":"post","2":"type-post","3":"status-publish","4":"format-standard","5":"has-post-thumbnail","7":"category-artigos-de-opinion","8":"tag-concello-de-mos","9":"tag-psoe","10":"tag-puxeiros"},"yoast_head":"<!-- This site is optimized with the Yoast SEO plugin v27.4 - https:\/\/yoast.com\/product\/yoast-seo-wordpress\/ -->\n<title>Comeza o ver\u00e1n en Mos ben quente -<\/title>\n<meta name=\"robots\" content=\"index, follow, max-snippet:-1, max-image-preview:large, max-video-preview:-1\" \/>\n<link rel=\"canonical\" href=\"https:\/\/www.anovapeneira.gal\/index.php\/2019\/07\/22\/comeza-o-veran-en-mos-ben-quente\/\" \/>\n<meta property=\"og:locale\" content=\"gl_ES\" \/>\n<meta property=\"og:type\" content=\"article\" \/>\n<meta property=\"og:title\" content=\"Comeza o ver\u00e1n en Mos ben quente -\" \/>\n<meta property=\"og:description\" content=\"Levamos pouco m\u00e1is de un mes de lexislatura no concello de Mos e no partido socialista comezamos a traballar nas necesidades da veci\u00f1anza d\u00eda a d\u00eda, para o pr\u00f3ximo pleno do mes de Xulio levamos unha moci\u00f3n para estudar o tr\u00e1fico pesado na zona urbana de Puxeiros [...]\" \/>\n<meta property=\"og:url\" content=\"https:\/\/www.anovapeneira.gal\/index.php\/2019\/07\/22\/comeza-o-veran-en-mos-ben-quente\/\" \/>\n<meta property=\"article:publisher\" content=\"https:\/\/www.facebook.com\/anovapeneira\" \/>\n<meta property=\"article:published_time\" content=\"2019-07-22T06:24:07+00:00\" \/>\n<meta property=\"article:modified_time\" content=\"2019-07-23T06:25:15+00:00\" \/>\n<meta property=\"og:image\" content=\"https:\/\/www.anovapeneira.gal\/wp-content\/uploads\/2019\/07\/ARTIGO_DE_OPINION_A_NOVA_PENEIRA.jpg\" \/>\n\t<meta property=\"og:image:width\" content=\"720\" \/>\n\t<meta property=\"og:image:height\" content=\"473\" \/>\n\t<meta property=\"og:image:type\" content=\"image\/jpeg\" \/>\n<meta name=\"author\" content=\"Redacci\u00f3n A Nova Peneira\" \/>\n<meta name=\"twitter:card\" content=\"summary_large_image\" \/>\n<meta name=\"twitter:creator\" content=\"@APeneira\" \/>\n<meta name=\"twitter:site\" content=\"@APeneira\" \/>\n<meta name=\"twitter:label1\" content=\"Escrito por\" \/>\n\t<meta name=\"twitter:data1\" content=\"Redacci\u00f3n A Nova Peneira\" \/>\n\t<meta name=\"twitter:label2\" content=\"Tempo de lectura\" \/>\n\t<meta name=\"twitter:data2\" content=\"4 minutos\" \/>\n<script type=\"application\/ld+json\" class=\"yoast-schema-graph\">{\"@context\":\"https:\\\/\\\/schema.org\",\"@graph\":[{\"@type\":\"Article\",\"@id\":\"https:\\\/\\\/www.anovapeneira.gal\\\/index.php\\\/2019\\\/07\\\/22\\\/comeza-o-veran-en-mos-ben-quente\\\/#article\",\"isPartOf\":{\"@id\":\"https:\\\/\\\/www.anovapeneira.gal\\\/index.php\\\/2019\\\/07\\\/22\\\/comeza-o-veran-en-mos-ben-quente\\\/\"},\"author\":{\"name\":\"Redacci\u00f3n A Nova Peneira\",\"@id\":\"https:\\\/\\\/www.anovapeneira.gal\\\/#\\\/schema\\\/person\\\/b93e3f8932e3f8da96334607eb6ac6aa\"},\"headline\":\"Comeza o ver\u00e1n en Mos ben quente\",\"datePublished\":\"2019-07-22T06:24:07+00:00\",\"dateModified\":\"2019-07-23T06:25:15+00:00\",\"mainEntityOfPage\":{\"@id\":\"https:\\\/\\\/www.anovapeneira.gal\\\/index.php\\\/2019\\\/07\\\/22\\\/comeza-o-veran-en-mos-ben-quente\\\/\"},\"wordCount\":808,\"commentCount\":0,\"publisher\":{\"@id\":\"https:\\\/\\\/www.anovapeneira.gal\\\/#organization\"},\"image\":{\"@id\":\"https:\\\/\\\/www.anovapeneira.gal\\\/index.php\\\/2019\\\/07\\\/22\\\/comeza-o-veran-en-mos-ben-quente\\\/#primaryimage\"},\"thumbnailUrl\":\"https:\\\/\\\/www.anovapeneira.gal\\\/wp-content\\\/uploads\\\/2019\\\/07\\\/ARTIGO_DE_OPINION_A_NOVA_PENEIRA.jpg\",\"keywords\":[\"Concello de Mos\",\"PSOE\",\"Puxeiros\"],\"articleSection\":[\"Artigos de opini\u00f3n\"],\"inLanguage\":\"gl-ES\",\"potentialAction\":[{\"@type\":\"CommentAction\",\"name\":\"Comment\",\"target\":[\"https:\\\/\\\/www.anovapeneira.gal\\\/index.php\\\/2019\\\/07\\\/22\\\/comeza-o-veran-en-mos-ben-quente\\\/#respond\"]}]},{\"@type\":\"WebPage\",\"@id\":\"https:\\\/\\\/www.anovapeneira.gal\\\/index.php\\\/2019\\\/07\\\/22\\\/comeza-o-veran-en-mos-ben-quente\\\/\",\"url\":\"https:\\\/\\\/www.anovapeneira.gal\\\/index.php\\\/2019\\\/07\\\/22\\\/comeza-o-veran-en-mos-ben-quente\\\/\",\"name\":\"Comeza o ver\u00e1n en Mos ben quente -\",\"isPartOf\":{\"@id\":\"https:\\\/\\\/www.anovapeneira.gal\\\/#website\"},\"primaryImageOfPage\":{\"@id\":\"https:\\\/\\\/www.anovapeneira.gal\\\/index.php\\\/2019\\\/07\\\/22\\\/comeza-o-veran-en-mos-ben-quente\\\/#primaryimage\"},\"image\":{\"@id\":\"https:\\\/\\\/www.anovapeneira.gal\\\/index.php\\\/2019\\\/07\\\/22\\\/comeza-o-veran-en-mos-ben-quente\\\/#primaryimage\"},\"thumbnailUrl\":\"https:\\\/\\\/www.anovapeneira.gal\\\/wp-content\\\/uploads\\\/2019\\\/07\\\/ARTIGO_DE_OPINION_A_NOVA_PENEIRA.jpg\",\"datePublished\":\"2019-07-22T06:24:07+00:00\",\"dateModified\":\"2019-07-23T06:25:15+00:00\",\"breadcrumb\":{\"@id\":\"https:\\\/\\\/www.anovapeneira.gal\\\/index.php\\\/2019\\\/07\\\/22\\\/comeza-o-veran-en-mos-ben-quente\\\/#breadcrumb\"},\"inLanguage\":\"gl-ES\",\"potentialAction\":[{\"@type\":\"ReadAction\",\"target\":[\"https:\\\/\\\/www.anovapeneira.gal\\\/index.php\\\/2019\\\/07\\\/22\\\/comeza-o-veran-en-mos-ben-quente\\\/\"]}]},{\"@type\":\"ImageObject\",\"inLanguage\":\"gl-ES\",\"@id\":\"https:\\\/\\\/www.anovapeneira.gal\\\/index.php\\\/2019\\\/07\\\/22\\\/comeza-o-veran-en-mos-ben-quente\\\/#primaryimage\",\"url\":\"https:\\\/\\\/www.anovapeneira.gal\\\/wp-content\\\/uploads\\\/2019\\\/07\\\/ARTIGO_DE_OPINION_A_NOVA_PENEIRA.jpg\",\"contentUrl\":\"https:\\\/\\\/www.anovapeneira.gal\\\/wp-content\\\/uploads\\\/2019\\\/07\\\/ARTIGO_DE_OPINION_A_NOVA_PENEIRA.jpg\",\"width\":720,\"height\":473,\"caption\":\"Artigo de opini\u00f3n A Nova Peneira\"},{\"@type\":\"BreadcrumbList\",\"@id\":\"https:\\\/\\\/www.anovapeneira.gal\\\/index.php\\\/2019\\\/07\\\/22\\\/comeza-o-veran-en-mos-ben-quente\\\/#breadcrumb\",\"itemListElement\":[{\"@type\":\"ListItem\",\"position\":1,\"name\":\"Portada\",\"item\":\"https:\\\/\\\/www.anovapeneira.gal\\\/\"},{\"@type\":\"ListItem\",\"position\":2,\"name\":\"Comeza o ver\u00e1n en Mos ben quente\"}]},{\"@type\":\"WebSite\",\"@id\":\"https:\\\/\\\/www.anovapeneira.gal\\\/#website\",\"url\":\"https:\\\/\\\/www.anovapeneira.gal\\\/\",\"name\":\"\",\"description\":\"Xornal galego de informaci\u00f3n xeral Publicaci\u00f3n mensual de novas de Galicia e en especial dos Concellos da sur da provincia de Pontevedra.\",\"publisher\":{\"@id\":\"https:\\\/\\\/www.anovapeneira.gal\\\/#organization\"},\"potentialAction\":[{\"@type\":\"SearchAction\",\"target\":{\"@type\":\"EntryPoint\",\"urlTemplate\":\"https:\\\/\\\/www.anovapeneira.gal\\\/?s={search_term_string}\"},\"query-input\":{\"@type\":\"PropertyValueSpecification\",\"valueRequired\":true,\"valueName\":\"search_term_string\"}}],\"inLanguage\":\"gl-ES\"},{\"@type\":\"Organization\",\"@id\":\"https:\\\/\\\/www.anovapeneira.gal\\\/#organization\",\"name\":\"A Nova Peneira\",\"url\":\"https:\\\/\\\/www.anovapeneira.gal\\\/\",\"logo\":{\"@type\":\"ImageObject\",\"inLanguage\":\"gl-ES\",\"@id\":\"https:\\\/\\\/www.anovapeneira.gal\\\/#\\\/schema\\\/logo\\\/image\\\/\",\"url\":\"http:\\\/\\\/www.anovapeneira.gal\\\/wp-content\\\/uploads\\\/2019\\\/06\\\/logo_a_nova_peneira_portal_web.png\",\"contentUrl\":\"http:\\\/\\\/www.anovapeneira.gal\\\/wp-content\\\/uploads\\\/2019\\\/06\\\/logo_a_nova_peneira_portal_web.png\",\"width\":300,\"height\":100,\"caption\":\"A Nova Peneira\"},\"image\":{\"@id\":\"https:\\\/\\\/www.anovapeneira.gal\\\/#\\\/schema\\\/logo\\\/image\\\/\"},\"sameAs\":[\"https:\\\/\\\/www.facebook.com\\\/anovapeneira\",\"https:\\\/\\\/x.com\\\/APeneira\"]},{\"@type\":\"Person\",\"@id\":\"https:\\\/\\\/www.anovapeneira.gal\\\/#\\\/schema\\\/person\\\/b93e3f8932e3f8da96334607eb6ac6aa\",\"name\":\"Redacci\u00f3n A Nova Peneira\",\"image\":{\"@type\":\"ImageObject\",\"inLanguage\":\"gl-ES\",\"@id\":\"https:\\\/\\\/secure.gravatar.com\\\/avatar\\\/c052a2551a06e23fac63626232eaa90abd78dbcf1700fc46a2b2c89fd27b735f?s=96&d=mm&r=g\",\"url\":\"https:\\\/\\\/secure.gravatar.com\\\/avatar\\\/c052a2551a06e23fac63626232eaa90abd78dbcf1700fc46a2b2c89fd27b735f?s=96&d=mm&r=g\",\"contentUrl\":\"https:\\\/\\\/secure.gravatar.com\\\/avatar\\\/c052a2551a06e23fac63626232eaa90abd78dbcf1700fc46a2b2c89fd27b735f?s=96&d=mm&r=g\",\"caption\":\"Redacci\u00f3n A Nova Peneira\"},\"sameAs\":[\"http:\\\/\\\/www.anovapeneira.gal\\\/\"],\"url\":\"https:\\\/\\\/www.anovapeneira.gal\\\/index.php\\\/author\\\/redactor\\\/\"}]}<\/script>\n<!-- \/ Yoast SEO plugin. -->","yoast_head_json":{"title":"Comeza o ver\u00e1n en Mos ben quente -","robots":{"index":"index","follow":"follow","max-snippet":"max-snippet:-1","max-image-preview":"max-image-preview:large","max-video-preview":"max-video-preview:-1"},"canonical":"https:\/\/www.anovapeneira.gal\/index.php\/2019\/07\/22\/comeza-o-veran-en-mos-ben-quente\/","og_locale":"gl_ES","og_type":"article","og_title":"Comeza o ver\u00e1n en Mos ben quente -","og_description":"Levamos pouco m\u00e1is de un mes de lexislatura no concello de Mos e no partido socialista comezamos a traballar nas necesidades da veci\u00f1anza d\u00eda a d\u00eda, para o pr\u00f3ximo pleno do mes de Xulio levamos unha moci\u00f3n para estudar o tr\u00e1fico pesado na zona urbana de Puxeiros [...]","og_url":"https:\/\/www.anovapeneira.gal\/index.php\/2019\/07\/22\/comeza-o-veran-en-mos-ben-quente\/","article_publisher":"https:\/\/www.facebook.com\/anovapeneira","article_published_time":"2019-07-22T06:24:07+00:00","article_modified_time":"2019-07-23T06:25:15+00:00","og_image":[{"width":720,"height":473,"url":"https:\/\/www.anovapeneira.gal\/wp-content\/uploads\/2019\/07\/ARTIGO_DE_OPINION_A_NOVA_PENEIRA.jpg","type":"image\/jpeg"}],"author":"Redacci\u00f3n A Nova Peneira","twitter_card":"summary_large_image","twitter_creator":"@APeneira","twitter_site":"@APeneira","twitter_misc":{"Escrito por":"Redacci\u00f3n A Nova Peneira","Tempo de lectura":"4 minutos"},"schema":{"@context":"https:\/\/schema.org","@graph":[{"@type":"Article","@id":"https:\/\/www.anovapeneira.gal\/index.php\/2019\/07\/22\/comeza-o-veran-en-mos-ben-quente\/#article","isPartOf":{"@id":"https:\/\/www.anovapeneira.gal\/index.php\/2019\/07\/22\/comeza-o-veran-en-mos-ben-quente\/"},"author":{"name":"Redacci\u00f3n A Nova Peneira","@id":"https:\/\/www.anovapeneira.gal\/#\/schema\/person\/b93e3f8932e3f8da96334607eb6ac6aa"},"headline":"Comeza o ver\u00e1n en Mos ben quente","datePublished":"2019-07-22T06:24:07+00:00","dateModified":"2019-07-23T06:25:15+00:00","mainEntityOfPage":{"@id":"https:\/\/www.anovapeneira.gal\/index.php\/2019\/07\/22\/comeza-o-veran-en-mos-ben-quente\/"},"wordCount":808,"commentCount":0,"publisher":{"@id":"https:\/\/www.anovapeneira.gal\/#organization"},"image":{"@id":"https:\/\/www.anovapeneira.gal\/index.php\/2019\/07\/22\/comeza-o-veran-en-mos-ben-quente\/#primaryimage"},"thumbnailUrl":"https:\/\/www.anovapeneira.gal\/wp-content\/uploads\/2019\/07\/ARTIGO_DE_OPINION_A_NOVA_PENEIRA.jpg","keywords":["Concello de Mos","PSOE","Puxeiros"],"articleSection":["Artigos de opini\u00f3n"],"inLanguage":"gl-ES","potentialAction":[{"@type":"CommentAction","name":"Comment","target":["https:\/\/www.anovapeneira.gal\/index.php\/2019\/07\/22\/comeza-o-veran-en-mos-ben-quente\/#respond"]}]},{"@type":"WebPage","@id":"https:\/\/www.anovapeneira.gal\/index.php\/2019\/07\/22\/comeza-o-veran-en-mos-ben-quente\/","url":"https:\/\/www.anovapeneira.gal\/index.php\/2019\/07\/22\/comeza-o-veran-en-mos-ben-quente\/","name":"Comeza o ver\u00e1n en Mos ben quente -","isPartOf":{"@id":"https:\/\/www.anovapeneira.gal\/#website"},"primaryImageOfPage":{"@id":"https:\/\/www.anovapeneira.gal\/index.php\/2019\/07\/22\/comeza-o-veran-en-mos-ben-quente\/#primaryimage"},"image":{"@id":"https:\/\/www.anovapeneira.gal\/index.php\/2019\/07\/22\/comeza-o-veran-en-mos-ben-quente\/#primaryimage"},"thumbnailUrl":"https:\/\/www.anovapeneira.gal\/wp-content\/uploads\/2019\/07\/ARTIGO_DE_OPINION_A_NOVA_PENEIRA.jpg","datePublished":"2019-07-22T06:24:07+00:00","dateModified":"2019-07-23T06:25:15+00:00","breadcrumb":{"@id":"https:\/\/www.anovapeneira.gal\/index.php\/2019\/07\/22\/comeza-o-veran-en-mos-ben-quente\/#breadcrumb"},"inLanguage":"gl-ES","potentialAction":[{"@type":"ReadAction","target":["https:\/\/www.anovapeneira.gal\/index.php\/2019\/07\/22\/comeza-o-veran-en-mos-ben-quente\/"]}]},{"@type":"ImageObject","inLanguage":"gl-ES","@id":"https:\/\/www.anovapeneira.gal\/index.php\/2019\/07\/22\/comeza-o-veran-en-mos-ben-quente\/#primaryimage","url":"https:\/\/www.anovapeneira.gal\/wp-content\/uploads\/2019\/07\/ARTIGO_DE_OPINION_A_NOVA_PENEIRA.jpg","contentUrl":"https:\/\/www.anovapeneira.gal\/wp-content\/uploads\/2019\/07\/ARTIGO_DE_OPINION_A_NOVA_PENEIRA.jpg","width":720,"height":473,"caption":"Artigo de opini\u00f3n A Nova Peneira"},{"@type":"BreadcrumbList","@id":"https:\/\/www.anovapeneira.gal\/index.php\/2019\/07\/22\/comeza-o-veran-en-mos-ben-quente\/#breadcrumb","itemListElement":[{"@type":"ListItem","position":1,"name":"Portada","item":"https:\/\/www.anovapeneira.gal\/"},{"@type":"ListItem","position":2,"name":"Comeza o ver\u00e1n en Mos ben quente"}]},{"@type":"WebSite","@id":"https:\/\/www.anovapeneira.gal\/#website","url":"https:\/\/www.anovapeneira.gal\/","name":"","description":"Xornal galego de informaci\u00f3n xeral Publicaci\u00f3n mensual de novas de Galicia e en especial dos Concellos da sur da provincia de Pontevedra.","publisher":{"@id":"https:\/\/www.anovapeneira.gal\/#organization"},"potentialAction":[{"@type":"SearchAction","target":{"@type":"EntryPoint","urlTemplate":"https:\/\/www.anovapeneira.gal\/?s={search_term_string}"},"query-input":{"@type":"PropertyValueSpecification","valueRequired":true,"valueName":"search_term_string"}}],"inLanguage":"gl-ES"},{"@type":"Organization","@id":"https:\/\/www.anovapeneira.gal\/#organization","name":"A Nova Peneira","url":"https:\/\/www.anovapeneira.gal\/","logo":{"@type":"ImageObject","inLanguage":"gl-ES","@id":"https:\/\/www.anovapeneira.gal\/#\/schema\/logo\/image\/","url":"http:\/\/www.anovapeneira.gal\/wp-content\/uploads\/2019\/06\/logo_a_nova_peneira_portal_web.png","contentUrl":"http:\/\/www.anovapeneira.gal\/wp-content\/uploads\/2019\/06\/logo_a_nova_peneira_portal_web.png","width":300,"height":100,"caption":"A Nova Peneira"},"image":{"@id":"https:\/\/www.anovapeneira.gal\/#\/schema\/logo\/image\/"},"sameAs":["https:\/\/www.facebook.com\/anovapeneira","https:\/\/x.com\/APeneira"]},{"@type":"Person","@id":"https:\/\/www.anovapeneira.gal\/#\/schema\/person\/b93e3f8932e3f8da96334607eb6ac6aa","name":"Redacci\u00f3n A Nova Peneira","image":{"@type":"ImageObject","inLanguage":"gl-ES","@id":"https:\/\/secure.gravatar.com\/avatar\/c052a2551a06e23fac63626232eaa90abd78dbcf1700fc46a2b2c89fd27b735f?s=96&d=mm&r=g","url":"https:\/\/secure.gravatar.com\/avatar\/c052a2551a06e23fac63626232eaa90abd78dbcf1700fc46a2b2c89fd27b735f?s=96&d=mm&r=g","contentUrl":"https:\/\/secure.gravatar.com\/avatar\/c052a2551a06e23fac63626232eaa90abd78dbcf1700fc46a2b2c89fd27b735f?s=96&d=mm&r=g","caption":"Redacci\u00f3n A Nova Peneira"},"sameAs":["http:\/\/www.anovapeneira.gal\/"],"url":"https:\/\/www.anovapeneira.gal\/index.php\/author\/redactor\/"}]}},"jetpack_featured_media_url":"https:\/\/www.anovapeneira.gal\/wp-content\/uploads\/2019\/07\/ARTIGO_DE_OPINION_A_NOVA_PENEIRA.jpg","_links":{"self":[{"href":"https:\/\/www.anovapeneira.gal\/index.php\/wp-json\/wp\/v2\/posts\/706","targetHints":{"allow":["GET"]}}],"collection":[{"href":"https:\/\/www.anovapeneira.gal\/index.php\/wp-json\/wp\/v2\/posts"}],"about":[{"href":"https:\/\/www.anovapeneira.gal\/index.php\/wp-json\/wp\/v2\/types\/post"}],"author":[{"embeddable":true,"href":"https:\/\/www.anovapeneira.gal\/index.php\/wp-json\/wp\/v2\/users\/3"}],"replies":[{"embeddable":true,"href":"https:\/\/www.anovapeneira.gal\/index.php\/wp-json\/wp\/v2\/comments?post=706"}],"version-history":[{"count":1,"href":"https:\/\/www.anovapeneira.gal\/index.php\/wp-json\/wp\/v2\/posts\/706\/revisions"}],"predecessor-version":[{"id":708,"href":"https:\/\/www.anovapeneira.gal\/index.php\/wp-json\/wp\/v2\/posts\/706\/revisions\/708"}],"wp:featuredmedia":[{"embeddable":true,"href":"https:\/\/www.anovapeneira.gal\/index.php\/wp-json\/wp\/v2\/media\/584"}],"wp:attachment":[{"href":"https:\/\/www.anovapeneira.gal\/index.php\/wp-json\/wp\/v2\/media?parent=706"}],"wp:term":[{"taxonomy":"category","embeddable":true,"href":"https:\/\/www.anovapeneira.gal\/index.php\/wp-json\/wp\/v2\/categories?post=706"},{"taxonomy":"post_tag","embeddable":true,"href":"https:\/\/www.anovapeneira.gal\/index.php\/wp-json\/wp\/v2\/tags?post=706"}],"curies":[{"name":"wp","href":"https:\/\/api.w.org\/{rel}","templated":true}]}}