{"id":7072,"date":"2022-03-07T10:00:15","date_gmt":"2022-03-07T09:00:15","guid":{"rendered":"https:\/\/www.anovapeneira.gal\/?p=7072"},"modified":"2022-03-10T09:25:17","modified_gmt":"2022-03-10T08:25:17","slug":"a-inaceptabel-e-evitabel-invasion-rusa-de-ucraina","status":"publish","type":"post","link":"https:\/\/www.anovapeneira.gal\/index.php\/2022\/03\/07\/a-inaceptabel-e-evitabel-invasion-rusa-de-ucraina\/","title":{"rendered":"A inacept\u00e1bel e evit\u00e1bel invasi\u00f3n rusa de Ucra\u00edna"},"content":{"rendered":"\n<figure class=\"wp-block-image size-large is-resized is-style-default\"><img loading=\"lazy\" decoding=\"async\" src=\"http:\/\/www.anovapeneira.gal\/wp-content\/uploads\/2020\/12\/Xurxo-Agra-do-Pazo.jpg\" alt=\"\" class=\"wp-image-4554\" width=\"95\" height=\"115\"\/><figcaption>Xurxo Agra. Especialista en pol\u00edtica internacional<\/figcaption><\/figure>\n\n\n\n<p>O 24 de febreiro o presidente ruso Vladimir Putin lanzou unha \u201coperaci\u00f3n militar especial\u201d e tropas rusas penetraron en Ucra\u00edna nun ataque por terra, mar e aire. O conflito, que deixar\u00e1 enormes consecuencias, marca o comezo dunha nova era xeopol\u00edtica.<\/p>\n\n\n\n<p>Esta invasi\u00f3n dun pa\u00eds soberano, que procura o desmantelamento do Estado ucra\u00edno, \u00e9 unha actuaci\u00f3n inacept\u00e1bel. Mais c\u00f3mpre denunciar a groseira manipulaci\u00f3n dun conflito que presenta unha maior complexidade.<\/p>\n\n\n\n<p>Durante o proceso de disoluci\u00f3n da URSS, o secretario de Estado James Baker prometeulle ao l\u00edder sovi\u00e9tico Mikhail Gorbachev que a OTAN non se ampliar\u00eda nin unha pulgada cara Rusia. Mais desde ent\u00f3n a OTAN veu cercando a Rusia con 5 ampliaci\u00f3ns e 14 novos membros, incorporando a pr\u00e1ctica totalidade de pa\u00edses que formaban parte da URSS ou da s\u00faa \u00f3rbita no este de Europa, a excepci\u00f3n de Bielorrusia, aliada de Moscova, e Ucra\u00edna.<\/p>\n\n\n\n<p>A miop\u00eda de EEUU e a UE fixo que en lugar de contar con Rusia para construir un sistema de seguridade para todos, apostaran por unha pol\u00edtica de confrontaci\u00f3n, especialmente intensa desde 2014. En particular desde a chegada de Donald Trump, a prioridade de EEUU na esfera internacional est\u00e1 en enfrontarse \u00e1 ameaza que supo\u00f1en Rusia e China. Para EEUU e a UE ser\u00eda aconsell\u00e1bel manter boas relaci\u00f3ns con Rusia, para por unha banda aillar a China, e por outra garantir as necesidades enerx\u00e9ticas de Europa, mais preferiron o acoso.<\/p>\n\n\n\n<p>En 2014 tivo lugar en Ucra\u00edna un golpe de Estado instigado e apoiado por EEUU, orixinado tras a negativa do presidente pro-ruso Viktor Yanukovych a asinar un acordo de integraci\u00f3n econ\u00f3mica coa UE, que rematou coa s\u00faa destituci\u00f3n e a anexi\u00f3n rusa de Crimea. Os sucesivos gobernos ucra\u00ednos, rusof\u00f3bicos, non respectaron os acordos de Minsk (2014 e 2015) para po\u00f1er fin ao conflito na rexi\u00f3n rus\u00f3fila de Donbass e o conflito deixou desde ent\u00f3n 14.000 mortos.<\/p>\n\n\n\n<p>Rusia ven esixindo con insistencia garant\u00edas para a s\u00faa seguridade e trazou unha li\u00f1a vermella sobre Ucra\u00edna, a quen EEUU pretende integrar tanto na OTAN como na UE. A s\u00faa incorporaci\u00f3n \u00e1 OTAN sup\u00f3n unha grave ameaza para a seguridade nacional rusa, pois os mis\u00eds da alianza poder\u00edan acadar Moscova en 5 minutos e caber\u00eda a posibilidade de ubicar armas nucleares no pa\u00eds veci\u00f1o.<\/p>\n\n\n\n<p>A preocupaci\u00f3n de Rusia \u00e9 totalmente razon\u00e1bel. EEUU nunca aceptar\u00eda a colocaci\u00f3n de armemento ruso en M\u00e9xico. En 1962, cando a URSS propuxo instalar mis\u00eds en Cuba, EEUU advertiu que empregar\u00eda todos os medios para defenderse, armas nucleares inclu\u00eddas, desat\u00e1ndose a \u201ccrise dos mis\u00eds\u201d que puxo ao mundo ao bordo dun enfrontamento nuclear de consecuencias devastadoras.<\/p>\n\n\n\n<p>Este conflito puido terse solucionado a trav\u00e9s do di\u00e1logo e a diplomacia. EEUU, a UE e a OTAN neg\u00e1ronse a garantir a seguridade rusa e utilizaron como un pe\u00f3n de xadrez a un pa\u00eds, Ucra\u00edna, que agora vese soa, con armamento da OTAN mais sen tropas no terreo, facendo fronte \u00e1 intervenci\u00f3n militar rusa.<\/p>\n","protected":false},"excerpt":{"rendered":"<div class=\"mh-excerpt\"><p>O pasado xoves 24 de febreiro o presidente ruso Vladimir Putin lanzou unha \u201coperaci\u00f3n militar especial\u201d e tropas rusas penetraron en territorio ucra\u00edno desde varios puntos (norte, sur, este) nun ataque por terra, mar e aire. <a class=\"mh-excerpt-more\" href=\"https:\/\/www.anovapeneira.gal\/index.php\/2022\/03\/07\/a-inaceptabel-e-evitabel-invasion-rusa-de-ucraina\/\" title=\"A inacept\u00e1bel e evit\u00e1bel invasi\u00f3n rusa de Ucra\u00edna\">[&#8230;]<\/a><\/p>\n<\/div>","protected":false},"author":35,"featured_media":7073,"comment_status":"open","ping_status":"open","sticky":false,"template":"","format":"standard","meta":{"_exactmetrics_skip_tracking":false,"_exactmetrics_sitenote_active":false,"_exactmetrics_sitenote_note":"","_exactmetrics_sitenote_category":0,"footnotes":""},"categories":[7],"tags":[1298],"class_list":{"0":"post-7072","1":"post","2":"type-post","3":"status-publish","4":"format-standard","5":"has-post-thumbnail","7":"category-artigos-de-opinion","8":"tag-ucraina"},"yoast_head":"<!-- This site is optimized with the Yoast SEO plugin v27.4 - https:\/\/yoast.com\/product\/yoast-seo-wordpress\/ -->\n<title>A inacept\u00e1bel e evit\u00e1bel invasi\u00f3n rusa de Ucra\u00edna -<\/title>\n<meta name=\"description\" content=\"O pasado xoves 24 de febreiro o presidente ruso Vladimir Putin lanzou unha \u201coperaci\u00f3n militar especial\u201d e tropas rusas penetraron en territorio ucra\u00edno desde varios puntos (norte, sur, este) nun ataque por terra, mar e aire.\" \/>\n<meta name=\"robots\" content=\"index, follow, max-snippet:-1, max-image-preview:large, max-video-preview:-1\" \/>\n<link rel=\"canonical\" href=\"https:\/\/www.anovapeneira.gal\/index.php\/2022\/03\/07\/a-inaceptabel-e-evitabel-invasion-rusa-de-ucraina\/\" \/>\n<meta property=\"og:locale\" content=\"gl_ES\" \/>\n<meta property=\"og:type\" content=\"article\" \/>\n<meta property=\"og:title\" content=\"A inacept\u00e1bel e evit\u00e1bel invasi\u00f3n rusa de Ucra\u00edna -\" \/>\n<meta property=\"og:description\" content=\"O pasado xoves 24 de febreiro o presidente ruso Vladimir Putin lanzou unha \u201coperaci\u00f3n militar especial\u201d e tropas rusas penetraron en territorio ucra\u00edno desde varios puntos (norte, sur, este) nun ataque por terra, mar e aire.\" \/>\n<meta property=\"og:url\" content=\"https:\/\/www.anovapeneira.gal\/index.php\/2022\/03\/07\/a-inaceptabel-e-evitabel-invasion-rusa-de-ucraina\/\" \/>\n<meta property=\"article:publisher\" content=\"https:\/\/www.facebook.com\/anovapeneira\" \/>\n<meta property=\"article:published_time\" content=\"2022-03-07T09:00:15+00:00\" \/>\n<meta property=\"article:modified_time\" content=\"2022-03-10T08:25:17+00:00\" \/>\n<meta property=\"og:image\" content=\"https:\/\/www.anovapeneira.gal\/wp-content\/uploads\/2022\/03\/Flag_of_Ukraine.png\" \/>\n\t<meta property=\"og:image:width\" content=\"720\" \/>\n\t<meta property=\"og:image:height\" content=\"432\" \/>\n\t<meta property=\"og:image:type\" content=\"image\/png\" \/>\n<meta name=\"author\" content=\"Xurxo Agra\" \/>\n<meta name=\"twitter:card\" content=\"summary_large_image\" \/>\n<meta name=\"twitter:creator\" content=\"@APeneira\" \/>\n<meta name=\"twitter:site\" content=\"@APeneira\" \/>\n<meta name=\"twitter:label1\" content=\"Escrito por\" \/>\n\t<meta name=\"twitter:data1\" content=\"Xurxo Agra\" \/>\n\t<meta name=\"twitter:label2\" content=\"Tempo de lectura\" \/>\n\t<meta name=\"twitter:data2\" content=\"3 minutos\" \/>\n<script type=\"application\/ld+json\" class=\"yoast-schema-graph\">{\"@context\":\"https:\\\/\\\/schema.org\",\"@graph\":[{\"@type\":\"Article\",\"@id\":\"https:\\\/\\\/www.anovapeneira.gal\\\/index.php\\\/2022\\\/03\\\/07\\\/a-inaceptabel-e-evitabel-invasion-rusa-de-ucraina\\\/#article\",\"isPartOf\":{\"@id\":\"https:\\\/\\\/www.anovapeneira.gal\\\/index.php\\\/2022\\\/03\\\/07\\\/a-inaceptabel-e-evitabel-invasion-rusa-de-ucraina\\\/\"},\"author\":{\"name\":\"Xurxo Agra\",\"@id\":\"https:\\\/\\\/www.anovapeneira.gal\\\/#\\\/schema\\\/person\\\/a366bebab0087abcaac646148d290ba6\"},\"headline\":\"A inacept\u00e1bel e evit\u00e1bel invasi\u00f3n rusa de Ucra\u00edna\",\"datePublished\":\"2022-03-07T09:00:15+00:00\",\"dateModified\":\"2022-03-10T08:25:17+00:00\",\"mainEntityOfPage\":{\"@id\":\"https:\\\/\\\/www.anovapeneira.gal\\\/index.php\\\/2022\\\/03\\\/07\\\/a-inaceptabel-e-evitabel-invasion-rusa-de-ucraina\\\/\"},\"wordCount\":550,\"commentCount\":0,\"publisher\":{\"@id\":\"https:\\\/\\\/www.anovapeneira.gal\\\/#organization\"},\"image\":{\"@id\":\"https:\\\/\\\/www.anovapeneira.gal\\\/index.php\\\/2022\\\/03\\\/07\\\/a-inaceptabel-e-evitabel-invasion-rusa-de-ucraina\\\/#primaryimage\"},\"thumbnailUrl\":\"https:\\\/\\\/www.anovapeneira.gal\\\/wp-content\\\/uploads\\\/2022\\\/03\\\/Flag_of_Ukraine.png\",\"keywords\":[\"Ucra\u00edna\"],\"articleSection\":[\"Artigos de opini\u00f3n\"],\"inLanguage\":\"gl-ES\",\"potentialAction\":[{\"@type\":\"CommentAction\",\"name\":\"Comment\",\"target\":[\"https:\\\/\\\/www.anovapeneira.gal\\\/index.php\\\/2022\\\/03\\\/07\\\/a-inaceptabel-e-evitabel-invasion-rusa-de-ucraina\\\/#respond\"]}]},{\"@type\":\"WebPage\",\"@id\":\"https:\\\/\\\/www.anovapeneira.gal\\\/index.php\\\/2022\\\/03\\\/07\\\/a-inaceptabel-e-evitabel-invasion-rusa-de-ucraina\\\/\",\"url\":\"https:\\\/\\\/www.anovapeneira.gal\\\/index.php\\\/2022\\\/03\\\/07\\\/a-inaceptabel-e-evitabel-invasion-rusa-de-ucraina\\\/\",\"name\":\"A inacept\u00e1bel e evit\u00e1bel invasi\u00f3n rusa de Ucra\u00edna -\",\"isPartOf\":{\"@id\":\"https:\\\/\\\/www.anovapeneira.gal\\\/#website\"},\"primaryImageOfPage\":{\"@id\":\"https:\\\/\\\/www.anovapeneira.gal\\\/index.php\\\/2022\\\/03\\\/07\\\/a-inaceptabel-e-evitabel-invasion-rusa-de-ucraina\\\/#primaryimage\"},\"image\":{\"@id\":\"https:\\\/\\\/www.anovapeneira.gal\\\/index.php\\\/2022\\\/03\\\/07\\\/a-inaceptabel-e-evitabel-invasion-rusa-de-ucraina\\\/#primaryimage\"},\"thumbnailUrl\":\"https:\\\/\\\/www.anovapeneira.gal\\\/wp-content\\\/uploads\\\/2022\\\/03\\\/Flag_of_Ukraine.png\",\"datePublished\":\"2022-03-07T09:00:15+00:00\",\"dateModified\":\"2022-03-10T08:25:17+00:00\",\"description\":\"O pasado xoves 24 de febreiro o presidente ruso Vladimir Putin lanzou unha \u201coperaci\u00f3n militar especial\u201d e tropas rusas penetraron en territorio ucra\u00edno desde varios puntos (norte, sur, este) nun ataque por terra, mar e aire.\",\"breadcrumb\":{\"@id\":\"https:\\\/\\\/www.anovapeneira.gal\\\/index.php\\\/2022\\\/03\\\/07\\\/a-inaceptabel-e-evitabel-invasion-rusa-de-ucraina\\\/#breadcrumb\"},\"inLanguage\":\"gl-ES\",\"potentialAction\":[{\"@type\":\"ReadAction\",\"target\":[\"https:\\\/\\\/www.anovapeneira.gal\\\/index.php\\\/2022\\\/03\\\/07\\\/a-inaceptabel-e-evitabel-invasion-rusa-de-ucraina\\\/\"]}]},{\"@type\":\"ImageObject\",\"inLanguage\":\"gl-ES\",\"@id\":\"https:\\\/\\\/www.anovapeneira.gal\\\/index.php\\\/2022\\\/03\\\/07\\\/a-inaceptabel-e-evitabel-invasion-rusa-de-ucraina\\\/#primaryimage\",\"url\":\"https:\\\/\\\/www.anovapeneira.gal\\\/wp-content\\\/uploads\\\/2022\\\/03\\\/Flag_of_Ukraine.png\",\"contentUrl\":\"https:\\\/\\\/www.anovapeneira.gal\\\/wp-content\\\/uploads\\\/2022\\\/03\\\/Flag_of_Ukraine.png\",\"width\":720,\"height\":432,\"caption\":\"ucrania\"},{\"@type\":\"BreadcrumbList\",\"@id\":\"https:\\\/\\\/www.anovapeneira.gal\\\/index.php\\\/2022\\\/03\\\/07\\\/a-inaceptabel-e-evitabel-invasion-rusa-de-ucraina\\\/#breadcrumb\",\"itemListElement\":[{\"@type\":\"ListItem\",\"position\":1,\"name\":\"Portada\",\"item\":\"https:\\\/\\\/www.anovapeneira.gal\\\/\"},{\"@type\":\"ListItem\",\"position\":2,\"name\":\"A inacept\u00e1bel e evit\u00e1bel invasi\u00f3n rusa de Ucra\u00edna\"}]},{\"@type\":\"WebSite\",\"@id\":\"https:\\\/\\\/www.anovapeneira.gal\\\/#website\",\"url\":\"https:\\\/\\\/www.anovapeneira.gal\\\/\",\"name\":\"\",\"description\":\"Xornal galego de informaci\u00f3n xeral Publicaci\u00f3n mensual de novas de Galicia e en especial dos Concellos da sur da provincia de Pontevedra.\",\"publisher\":{\"@id\":\"https:\\\/\\\/www.anovapeneira.gal\\\/#organization\"},\"potentialAction\":[{\"@type\":\"SearchAction\",\"target\":{\"@type\":\"EntryPoint\",\"urlTemplate\":\"https:\\\/\\\/www.anovapeneira.gal\\\/?s={search_term_string}\"},\"query-input\":{\"@type\":\"PropertyValueSpecification\",\"valueRequired\":true,\"valueName\":\"search_term_string\"}}],\"inLanguage\":\"gl-ES\"},{\"@type\":\"Organization\",\"@id\":\"https:\\\/\\\/www.anovapeneira.gal\\\/#organization\",\"name\":\"A Nova Peneira\",\"url\":\"https:\\\/\\\/www.anovapeneira.gal\\\/\",\"logo\":{\"@type\":\"ImageObject\",\"inLanguage\":\"gl-ES\",\"@id\":\"https:\\\/\\\/www.anovapeneira.gal\\\/#\\\/schema\\\/logo\\\/image\\\/\",\"url\":\"http:\\\/\\\/www.anovapeneira.gal\\\/wp-content\\\/uploads\\\/2019\\\/06\\\/logo_a_nova_peneira_portal_web.png\",\"contentUrl\":\"http:\\\/\\\/www.anovapeneira.gal\\\/wp-content\\\/uploads\\\/2019\\\/06\\\/logo_a_nova_peneira_portal_web.png\",\"width\":300,\"height\":100,\"caption\":\"A Nova Peneira\"},\"image\":{\"@id\":\"https:\\\/\\\/www.anovapeneira.gal\\\/#\\\/schema\\\/logo\\\/image\\\/\"},\"sameAs\":[\"https:\\\/\\\/www.facebook.com\\\/anovapeneira\",\"https:\\\/\\\/x.com\\\/APeneira\"]},{\"@type\":\"Person\",\"@id\":\"https:\\\/\\\/www.anovapeneira.gal\\\/#\\\/schema\\\/person\\\/a366bebab0087abcaac646148d290ba6\",\"name\":\"Xurxo Agra\",\"image\":{\"@type\":\"ImageObject\",\"inLanguage\":\"gl-ES\",\"@id\":\"https:\\\/\\\/secure.gravatar.com\\\/avatar\\\/2393f992666bf58af5aa00ae513f24da53518b6d1531c6fd7b2e60fde1026c15?s=96&d=mm&r=g\",\"url\":\"https:\\\/\\\/secure.gravatar.com\\\/avatar\\\/2393f992666bf58af5aa00ae513f24da53518b6d1531c6fd7b2e60fde1026c15?s=96&d=mm&r=g\",\"contentUrl\":\"https:\\\/\\\/secure.gravatar.com\\\/avatar\\\/2393f992666bf58af5aa00ae513f24da53518b6d1531c6fd7b2e60fde1026c15?s=96&d=mm&r=g\",\"caption\":\"Xurxo Agra\"},\"url\":\"https:\\\/\\\/www.anovapeneira.gal\\\/index.php\\\/author\\\/xurxoagra\\\/\"}]}<\/script>\n<!-- \/ Yoast SEO plugin. -->","yoast_head_json":{"title":"A inacept\u00e1bel e evit\u00e1bel invasi\u00f3n rusa de Ucra\u00edna -","description":"O pasado xoves 24 de febreiro o presidente ruso Vladimir Putin lanzou unha \u201coperaci\u00f3n militar especial\u201d e tropas rusas penetraron en territorio ucra\u00edno desde varios puntos (norte, sur, este) nun ataque por terra, mar e aire.","robots":{"index":"index","follow":"follow","max-snippet":"max-snippet:-1","max-image-preview":"max-image-preview:large","max-video-preview":"max-video-preview:-1"},"canonical":"https:\/\/www.anovapeneira.gal\/index.php\/2022\/03\/07\/a-inaceptabel-e-evitabel-invasion-rusa-de-ucraina\/","og_locale":"gl_ES","og_type":"article","og_title":"A inacept\u00e1bel e evit\u00e1bel invasi\u00f3n rusa de Ucra\u00edna -","og_description":"O pasado xoves 24 de febreiro o presidente ruso Vladimir Putin lanzou unha \u201coperaci\u00f3n militar especial\u201d e tropas rusas penetraron en territorio ucra\u00edno desde varios puntos (norte, sur, este) nun ataque por terra, mar e aire.","og_url":"https:\/\/www.anovapeneira.gal\/index.php\/2022\/03\/07\/a-inaceptabel-e-evitabel-invasion-rusa-de-ucraina\/","article_publisher":"https:\/\/www.facebook.com\/anovapeneira","article_published_time":"2022-03-07T09:00:15+00:00","article_modified_time":"2022-03-10T08:25:17+00:00","og_image":[{"width":720,"height":432,"url":"https:\/\/www.anovapeneira.gal\/wp-content\/uploads\/2022\/03\/Flag_of_Ukraine.png","type":"image\/png"}],"author":"Xurxo Agra","twitter_card":"summary_large_image","twitter_creator":"@APeneira","twitter_site":"@APeneira","twitter_misc":{"Escrito por":"Xurxo Agra","Tempo de lectura":"3 minutos"},"schema":{"@context":"https:\/\/schema.org","@graph":[{"@type":"Article","@id":"https:\/\/www.anovapeneira.gal\/index.php\/2022\/03\/07\/a-inaceptabel-e-evitabel-invasion-rusa-de-ucraina\/#article","isPartOf":{"@id":"https:\/\/www.anovapeneira.gal\/index.php\/2022\/03\/07\/a-inaceptabel-e-evitabel-invasion-rusa-de-ucraina\/"},"author":{"name":"Xurxo Agra","@id":"https:\/\/www.anovapeneira.gal\/#\/schema\/person\/a366bebab0087abcaac646148d290ba6"},"headline":"A inacept\u00e1bel e evit\u00e1bel invasi\u00f3n rusa de Ucra\u00edna","datePublished":"2022-03-07T09:00:15+00:00","dateModified":"2022-03-10T08:25:17+00:00","mainEntityOfPage":{"@id":"https:\/\/www.anovapeneira.gal\/index.php\/2022\/03\/07\/a-inaceptabel-e-evitabel-invasion-rusa-de-ucraina\/"},"wordCount":550,"commentCount":0,"publisher":{"@id":"https:\/\/www.anovapeneira.gal\/#organization"},"image":{"@id":"https:\/\/www.anovapeneira.gal\/index.php\/2022\/03\/07\/a-inaceptabel-e-evitabel-invasion-rusa-de-ucraina\/#primaryimage"},"thumbnailUrl":"https:\/\/www.anovapeneira.gal\/wp-content\/uploads\/2022\/03\/Flag_of_Ukraine.png","keywords":["Ucra\u00edna"],"articleSection":["Artigos de opini\u00f3n"],"inLanguage":"gl-ES","potentialAction":[{"@type":"CommentAction","name":"Comment","target":["https:\/\/www.anovapeneira.gal\/index.php\/2022\/03\/07\/a-inaceptabel-e-evitabel-invasion-rusa-de-ucraina\/#respond"]}]},{"@type":"WebPage","@id":"https:\/\/www.anovapeneira.gal\/index.php\/2022\/03\/07\/a-inaceptabel-e-evitabel-invasion-rusa-de-ucraina\/","url":"https:\/\/www.anovapeneira.gal\/index.php\/2022\/03\/07\/a-inaceptabel-e-evitabel-invasion-rusa-de-ucraina\/","name":"A inacept\u00e1bel e evit\u00e1bel invasi\u00f3n rusa de Ucra\u00edna -","isPartOf":{"@id":"https:\/\/www.anovapeneira.gal\/#website"},"primaryImageOfPage":{"@id":"https:\/\/www.anovapeneira.gal\/index.php\/2022\/03\/07\/a-inaceptabel-e-evitabel-invasion-rusa-de-ucraina\/#primaryimage"},"image":{"@id":"https:\/\/www.anovapeneira.gal\/index.php\/2022\/03\/07\/a-inaceptabel-e-evitabel-invasion-rusa-de-ucraina\/#primaryimage"},"thumbnailUrl":"https:\/\/www.anovapeneira.gal\/wp-content\/uploads\/2022\/03\/Flag_of_Ukraine.png","datePublished":"2022-03-07T09:00:15+00:00","dateModified":"2022-03-10T08:25:17+00:00","description":"O pasado xoves 24 de febreiro o presidente ruso Vladimir Putin lanzou unha \u201coperaci\u00f3n militar especial\u201d e tropas rusas penetraron en territorio ucra\u00edno desde varios puntos (norte, sur, este) nun ataque por terra, mar e aire.","breadcrumb":{"@id":"https:\/\/www.anovapeneira.gal\/index.php\/2022\/03\/07\/a-inaceptabel-e-evitabel-invasion-rusa-de-ucraina\/#breadcrumb"},"inLanguage":"gl-ES","potentialAction":[{"@type":"ReadAction","target":["https:\/\/www.anovapeneira.gal\/index.php\/2022\/03\/07\/a-inaceptabel-e-evitabel-invasion-rusa-de-ucraina\/"]}]},{"@type":"ImageObject","inLanguage":"gl-ES","@id":"https:\/\/www.anovapeneira.gal\/index.php\/2022\/03\/07\/a-inaceptabel-e-evitabel-invasion-rusa-de-ucraina\/#primaryimage","url":"https:\/\/www.anovapeneira.gal\/wp-content\/uploads\/2022\/03\/Flag_of_Ukraine.png","contentUrl":"https:\/\/www.anovapeneira.gal\/wp-content\/uploads\/2022\/03\/Flag_of_Ukraine.png","width":720,"height":432,"caption":"ucrania"},{"@type":"BreadcrumbList","@id":"https:\/\/www.anovapeneira.gal\/index.php\/2022\/03\/07\/a-inaceptabel-e-evitabel-invasion-rusa-de-ucraina\/#breadcrumb","itemListElement":[{"@type":"ListItem","position":1,"name":"Portada","item":"https:\/\/www.anovapeneira.gal\/"},{"@type":"ListItem","position":2,"name":"A inacept\u00e1bel e evit\u00e1bel invasi\u00f3n rusa de Ucra\u00edna"}]},{"@type":"WebSite","@id":"https:\/\/www.anovapeneira.gal\/#website","url":"https:\/\/www.anovapeneira.gal\/","name":"","description":"Xornal galego de informaci\u00f3n xeral Publicaci\u00f3n mensual de novas de Galicia e en especial dos Concellos da sur da provincia de Pontevedra.","publisher":{"@id":"https:\/\/www.anovapeneira.gal\/#organization"},"potentialAction":[{"@type":"SearchAction","target":{"@type":"EntryPoint","urlTemplate":"https:\/\/www.anovapeneira.gal\/?s={search_term_string}"},"query-input":{"@type":"PropertyValueSpecification","valueRequired":true,"valueName":"search_term_string"}}],"inLanguage":"gl-ES"},{"@type":"Organization","@id":"https:\/\/www.anovapeneira.gal\/#organization","name":"A Nova Peneira","url":"https:\/\/www.anovapeneira.gal\/","logo":{"@type":"ImageObject","inLanguage":"gl-ES","@id":"https:\/\/www.anovapeneira.gal\/#\/schema\/logo\/image\/","url":"http:\/\/www.anovapeneira.gal\/wp-content\/uploads\/2019\/06\/logo_a_nova_peneira_portal_web.png","contentUrl":"http:\/\/www.anovapeneira.gal\/wp-content\/uploads\/2019\/06\/logo_a_nova_peneira_portal_web.png","width":300,"height":100,"caption":"A Nova Peneira"},"image":{"@id":"https:\/\/www.anovapeneira.gal\/#\/schema\/logo\/image\/"},"sameAs":["https:\/\/www.facebook.com\/anovapeneira","https:\/\/x.com\/APeneira"]},{"@type":"Person","@id":"https:\/\/www.anovapeneira.gal\/#\/schema\/person\/a366bebab0087abcaac646148d290ba6","name":"Xurxo Agra","image":{"@type":"ImageObject","inLanguage":"gl-ES","@id":"https:\/\/secure.gravatar.com\/avatar\/2393f992666bf58af5aa00ae513f24da53518b6d1531c6fd7b2e60fde1026c15?s=96&d=mm&r=g","url":"https:\/\/secure.gravatar.com\/avatar\/2393f992666bf58af5aa00ae513f24da53518b6d1531c6fd7b2e60fde1026c15?s=96&d=mm&r=g","contentUrl":"https:\/\/secure.gravatar.com\/avatar\/2393f992666bf58af5aa00ae513f24da53518b6d1531c6fd7b2e60fde1026c15?s=96&d=mm&r=g","caption":"Xurxo Agra"},"url":"https:\/\/www.anovapeneira.gal\/index.php\/author\/xurxoagra\/"}]}},"jetpack_featured_media_url":"https:\/\/www.anovapeneira.gal\/wp-content\/uploads\/2022\/03\/Flag_of_Ukraine.png","_links":{"self":[{"href":"https:\/\/www.anovapeneira.gal\/index.php\/wp-json\/wp\/v2\/posts\/7072","targetHints":{"allow":["GET"]}}],"collection":[{"href":"https:\/\/www.anovapeneira.gal\/index.php\/wp-json\/wp\/v2\/posts"}],"about":[{"href":"https:\/\/www.anovapeneira.gal\/index.php\/wp-json\/wp\/v2\/types\/post"}],"author":[{"embeddable":true,"href":"https:\/\/www.anovapeneira.gal\/index.php\/wp-json\/wp\/v2\/users\/35"}],"replies":[{"embeddable":true,"href":"https:\/\/www.anovapeneira.gal\/index.php\/wp-json\/wp\/v2\/comments?post=7072"}],"version-history":[{"count":2,"href":"https:\/\/www.anovapeneira.gal\/index.php\/wp-json\/wp\/v2\/posts\/7072\/revisions"}],"predecessor-version":[{"id":7120,"href":"https:\/\/www.anovapeneira.gal\/index.php\/wp-json\/wp\/v2\/posts\/7072\/revisions\/7120"}],"wp:featuredmedia":[{"embeddable":true,"href":"https:\/\/www.anovapeneira.gal\/index.php\/wp-json\/wp\/v2\/media\/7073"}],"wp:attachment":[{"href":"https:\/\/www.anovapeneira.gal\/index.php\/wp-json\/wp\/v2\/media?parent=7072"}],"wp:term":[{"taxonomy":"category","embeddable":true,"href":"https:\/\/www.anovapeneira.gal\/index.php\/wp-json\/wp\/v2\/categories?post=7072"},{"taxonomy":"post_tag","embeddable":true,"href":"https:\/\/www.anovapeneira.gal\/index.php\/wp-json\/wp\/v2\/tags?post=7072"}],"curies":[{"name":"wp","href":"https:\/\/api.w.org\/{rel}","templated":true}]}}