{"id":7075,"date":"2022-03-07T12:00:54","date_gmt":"2022-03-07T11:00:54","guid":{"rendered":"https:\/\/www.anovapeneira.gal\/?p=7075"},"modified":"2022-03-07T17:48:40","modified_gmt":"2022-03-07T16:48:40","slug":"gustavo-barcia-portavoz-do-bng-de-mos","status":"publish","type":"post","link":"https:\/\/www.anovapeneira.gal\/index.php\/2022\/03\/07\/gustavo-barcia-portavoz-do-bng-de-mos\/","title":{"rendered":"Gustavo Barcia portavoz do BNG de Mos"},"content":{"rendered":"\n<pre class=\"wp-block-verse\"><strong>Tino Lago<\/strong><\/pre>\n\n\n\n<p><strong>Nun lugar de Galicia, de cuxo nome non me quero acordar, un alcalde histri\u00f3n, con \u00ednfulas de pequeno ditador, acaba de ofrecerse voluntario para ir combater \u00e1 guerra de Ukraina. E si, un onagro pol\u00edtico como ese alcalde, ten maior\u00eda absoluta. \u00c1s veces , moitas veces dir\u00eda eu, a vida non \u00e9 xusta e conc\u00e9delle premios, que non merecen, a quen baixo a aparencia de pol\u00edticos que ve\u00f1en a achegar aires novos non son m\u00e1is que monicreques que pasan pola xesti\u00f3n p\u00fablica para satisfacer infant\u00eds pulsi\u00f3ns narcisistas ou, o que \u00e9 peor, para ga\u00f1ar a vida folgadamente a costa de empobrecer a dos seus veci\u00f1os e veci\u00f1as. Mos \u00e9 un deses concellos nos que a xustiza e a pol\u00edtica cami\u00f1an por sendas diferentes. O seu goberno \u00e9 nefasto. E a s\u00faa alcaldesa \u00e9 unha pol\u00edtica nefasta en grado superlativo. O seu modus operandi \u00e9 o cancro que leva padecendo Galicia desde a noite dos tempos; a bipolarizaci\u00f3n da sociedade en amigos, os que est\u00e1n con eles, e inimigos,os que non o est\u00e1n. Cando pase \u00e1 historia, que pasar\u00e1, porque todo ten un principio e un final, pasar\u00e1 ao lado m\u00e1is negro da historia da pol\u00edtica. Non s\u00f3 o goberno, sen\u00f3n todos aqueles que contribu\u00edron, todos aqueles que se beneficiaron, todos aqueles que miraron a outro lado, e todos aqueles que fixeron o rid\u00edculo. E cando pase \u00e1 historia, que pasar\u00e1, porque todo ten un principio e un final, Gustavo ser\u00e1 unha das persoas que ter\u00e1n un papel relevante na conformaci\u00f3n dunha alternativa pol\u00edtica decente. Vela\u00ed vai o que deu de si a nosa conversa.<\/strong><\/p>\n\n\n\n<p>\u201c<strong>O BNG \u00e9 unha forza de goberno e sempre aspira a gobernar. E Mos non \u00e9 ningunha excepci\u00f3n\u201d<\/strong><\/p>\n\n\n\n<p><strong>A \u00faltima vez que falamos estabas moi satisfeito de como marchaban as cousas no BNG pois estabades nunha fase na que bastante xente , incluso xente nova, se achegaba \u00e1 organizaci\u00f3n .Estades na mesma li\u00f1a?<\/strong><\/p>\n\n\n\n<blockquote class=\"wp-block-quote is-layout-flow wp-block-quote-is-layout-flow\"><p>Si, malia as dif\u00edciles circunstancias que provocou a pandemia no que se refire ao contacto directo coa veci\u00f1anza, a ilusi\u00f3n que provoca o BNG en todo o pa\u00eds d\u00e1se tam\u00e9n en Mos e notamos que moita xente se achega. Incluso xente moza, algo que me enche de satisfacci\u00f3n<\/p><\/blockquote>\n\n\n\n<p><strong>A falta de alternativas laborais para que a mocidade galega poida desenvolver un proxecto vital nos seus lugares de orixe \u00e9 , por desgraza, unha constante. Not\u00e1delo na mocidade mosense?<\/strong><\/p>\n\n\n\n<blockquote class=\"wp-block-quote is-layout-flow wp-block-quote-is-layout-flow\"><p>E tanto que si. Not\u00e1molo na propia militancia do BNG local, pois distintos compa\u00f1eiros e compa\u00f1eiras te\u00f1en que buscarse a vida f\u00f3ra de Mos<\/p><\/blockquote>\n\n\n\n<p><strong>Este mandado estre\u00e1cheste na pol\u00edtica org\u00e1nica. Como valoras a t\u00faa primeira experiencia como concelleiro?<\/strong><\/p>\n\n\n\n<blockquote class=\"wp-block-quote is-layout-flow wp-block-quote-is-layout-flow\"><p>A pol\u00edtica, concibida non como unha profesi\u00f3n sen\u00f3n como un servizo p\u00fablico, ent\u00e9ndoa como unha das partes m\u00e1is nobres do ser humano pois implica sacrificar parte da t\u00faa vida persoal co obxectivo final de contribu\u00edr ao ben com\u00fan. Por\u00e9n, no concello de Mos encontreime coa parte m\u00e1is desagradable da pol\u00edtica<\/p><\/blockquote>\n\n\n\n<p><strong>En que consiste?<\/strong><\/p>\n\n\n\n<blockquote class=\"wp-block-quote is-layout-flow wp-block-quote-is-layout-flow\"><p>En insultos, en alusi\u00f3ns persoais, en faltas de respecto e en cr\u00edticas desmesuradas \u00e1s meras propostas.<\/p><\/blockquote>\n\n\n\n<p><strong>Esa parte desagradable que mencionas de onde ven?<\/strong><\/p>\n\n\n\n<blockquote class=\"wp-block-quote is-layout-flow wp-block-quote-is-layout-flow\"><p>Do goberno en xeral e da alcaldesa en particular. Afortunadamente Mos non \u00e9 s\u00f3 o seu goberno. Estes anos serv\u00edronme tam\u00e9n de aprendizaxe e co\u00f1ec\u00edn en profundidade o tecido asociativo do noso pobo. E creme, hai un Mos vivo, un Mos digno, un Mos que pelexa d\u00eda a d\u00eda para poder vivir con normalidade. E esa parte da pol\u00edtica \u00e9 moi gratificante. D\u00e1me azos para seguir porque Mos merece moito m\u00e1is que o goberno que ten<\/p><\/blockquote>\n\n\n\n<p><strong>Que pasou cos regalos de reis?<\/strong><\/p>\n\n\n\n<blockquote class=\"wp-block-quote is-layout-flow wp-block-quote-is-layout-flow\"><p>O concello de Mos publicou nas s\u00faas redes sociais unha nota, con imaxes penduradas, na que comentaba que os reis magos visitaron o concello para entregarlle agasallos aos nenos e nenas que son usuarios dos servizos sociais. Nas imaxes as crianzas sa\u00edan de costas pero sen ning\u00fan tipo de filtro. E calquera que co\u00f1eza aos nenos pode identificalos. O que fixeron foi sinalar publicamente a nenos e a nenas. Consid\u00e9roo intolerable e motivo suficiente para que dimita a concelleira responsable.<\/p><\/blockquote>\n\n\n\n<p><strong>Canto lle custou a volta ciclista ao concello de Mos?<\/strong><\/p>\n\n\n\n<blockquote class=\"wp-block-quote is-layout-flow wp-block-quote-is-layout-flow\"><p>O que sei \u00e9 que entraron d\u00faas facturas de 25.000\u20ac cada unha, da empresa organizadora do evento. Iso foi o que cobrou a organizaci\u00f3n. Os gastos asociados ao propio acto desco\u00f1\u00e9zoos. Van aparecendo de cando en vez algunha factura pero o importe total non o sabemos pois malia telo preguntado no pleno a alcaldesa n\u00e9gase a contestar.<\/p><\/blockquote>\n\n\n\n<p><strong>Pero a alcaldesa est\u00e1 obrigada a contestar en pleno as preguntas da oposici\u00f3n. Na mesma sesi\u00f3n se se formulan por escrito con 24 horas de antelaci\u00f3n, ou na sesi\u00f3n seguinte se non se fai as\u00ed. Como \u00e9 iso de que se nega a contestar?<\/strong><\/p>\n\n\n\n<blockquote class=\"wp-block-quote is-layout-flow wp-block-quote-is-layout-flow\"><p>Pois l\u00e9voo preguntado nos tres \u00faltimos plenos, decembro xaneiro e febreiro e a\u00ednda non obtiven resposta. Incluso neste \u00faltimo chegoume dicir que non me contestaba a prop\u00f3sito porque lle cansaba a pregunta. O secretario municipal non cumpre a s\u00faa funci\u00f3n de garantir que se cumpra a legalidade no desenvolvemento do pleno, e a alcaldesa fai o que lle d\u00e1 a gana<\/p><\/blockquote>\n\n\n\n<p><strong>Ben, falemos das distintas moci\u00f3ns que se presentaron no pleno referentes ao 8M?<\/strong><\/p>\n\n\n\n<blockquote class=\"wp-block-quote is-layout-flow wp-block-quote-is-layout-flow\"><p>Neste \u00faltimo pleno hab\u00eda 3 moci\u00f3ns ao respecto. Unha do PP, outra do concelleiro non adscrito e outra do BNG. Na comisi\u00f3n previa o goberno propuxo unificar as 3 moci\u00f3ns nunha soa. O concelleiro non adscrito aceptou e n\u00f3s non.<\/p><\/blockquote>\n\n\n\n<p><strong>Por que?<\/strong><\/p>\n\n\n\n<blockquote class=\"wp-block-quote is-layout-flow wp-block-quote-is-layout-flow\"><p>Por dous motivos:1) O contido da s\u00faa moci\u00f3n era un brinde ao sol.2) Non consideramos oportuno asinar moci\u00f3ns conxuntas sobre a violencia de x\u00e9nero con quen asina pactos de goberno cunha forza fascista que directamente quere derogar as leis contra a violencia de x\u00e9nero.<\/p><\/blockquote>\n\n\n\n<p><strong>Cal \u00e9 o motivo que che leva a cualificar como \u201cun brinde ao sol\u201d a moci\u00f3n do PP sobre a violencia de x\u00e9nero?<\/strong><\/p>\n\n\n\n<blockquote class=\"wp-block-quote is-layout-flow wp-block-quote-is-layout-flow\"><p>A lectura polo mi\u00fado do seu contido. As\u00ed, a modo de exemplo hai un punto no que falan de \u201creforzar o CIM\u201d, pero claro n\u00f3s present\u00e1moslle emendas ao orzamento o ano pasado pedindo aumentar o gasto no CIM e o goberno negouse. Ent\u00f3n que significa reforzar??. T\u00e9mome que sexa s\u00f3 significante sen significado. Unha mera propaganda. Todos os cartos que leva o CIM ve\u00f1en da Xunta. O goberno pon 0\u20ac de fondos propios para o CIM<\/p><\/blockquote>\n\n\n\n<p><strong>O concello de Mos compra a li\u00f1a editorial dos distintos medios de comunicaci\u00f3n aos que subvenciona con publicidade institucional?<\/strong><\/p>\n\n\n\n<blockquote class=\"wp-block-quote is-layout-flow wp-block-quote-is-layout-flow\"><p>Si, ao meu entender si. De feito cada vez que lle demandamos que reduza a publicidade institucional a alcaldesa alpor\u00edzase toda. E nalg\u00fan caso van ao tope do que ser\u00eda o contrato menor, \u00e9 dicir do que poden outorgar a dedo, d\u00e1ndolles 18.000\u20ac ao ano. Hai medios de comunicaci\u00f3n, que reciben cartos do goberno, que reproducen tal cal as notas que lles manda o goberno sen tomarse a molestia de contrastar os datos con ningu\u00e9n. A min, de todos os medios que reciben cartos do Concello ,en tres anos ag\u00e1s un xornalista de La Voz nunca me chamou ningu\u00e9n. N\u00f3s chegamos a estar m\u00e1is dun ano sen que o Faro nos sacase nin unha soa nota.<\/p><\/blockquote>\n\n\n\n<p><strong>Recentemente estabas detr\u00e1s dunha faixa protestando polo estado da A55, por que?<\/strong><\/p>\n\n\n\n<blockquote class=\"wp-block-quote is-layout-flow wp-block-quote-is-layout-flow\"><p>As curvas da autov\u00eda baixando Puxeiros son perigos\u00edsimas. Levamos 30 anos cun problema que por moitos ministros ou ministras de fomento que sempre se comprometen a arranxalo, nunca se arranxa. E o BNG nunca deixa de pelexar polo ben com\u00fan. Por iso estaba protestando na A55<\/p><\/blockquote>\n\n\n\n<p><strong>Como est\u00e1 a situaci\u00f3n da cidade deportiva e do proxecto do centro comercial do Celta?<\/strong><\/p>\n\n\n\n<blockquote class=\"wp-block-quote is-layout-flow wp-block-quote-is-layout-flow\"><p>Absolutamente paralizada. No tema de Pereiras pendentes de resoluci\u00f3n do TSXG, e no que respecta ao proxecto do centro comercial a mi\u00f1a sensaci\u00f3n \u00e9 que xa est\u00e1 desbotado<\/p><\/blockquote>\n\n\n\n<p><strong>A situaci\u00f3n econ\u00f3mica do concello de Mos como est\u00e1?<\/strong><\/p>\n\n\n\n<blockquote class=\"wp-block-quote is-layout-flow wp-block-quote-is-layout-flow\"><p>Mal. Sempre se gasta moi por riba do que se ingresa. Por exemplo este mes aprob\u00e1ronse 1 mill\u00f3n de \u20ac en facturas atrasadas. E en moitas ocasi\u00f3ns fanse gastos sen sentido como pode ser 1.000 \u20ac nunha bandeira xigante que se utilizou na volta ciclista, ou os sinais \u201cde somos Mos\u201d.A situaci\u00f3n xeral mellorou algo, pero non por nada que fixera o goberno sen\u00f3n pola axuda do goberno do estado que ampl\u00eda o prazo de pago de anteriores cr\u00e9ditos en 7 anos m\u00e1is. Este goberno gasta sen ning\u00fan sentido. F\u00edxate, cheg\u00e1ronse a gastar 1.500\u20ac en botellas de licor caf\u00e9 para regalos en mandatos anteriores.<\/p><\/blockquote>\n\n\n\n<p><strong>Nas municipais do 2.019 hab\u00eda unha pulsi\u00f3n importante que parec\u00eda indicar que este goberno \u00eda perder a maior\u00eda. Tivo moit\u00edsima sorte pois conservouna por pouco m\u00e1is de 30 votos. Pero a sensaci\u00f3n que neste mandato provoca parte da suposta oposici\u00f3n, \u00e9 moi preocupante. Cres que no 2.023 daranse as circunstancias sociol\u00f3xicas adecuadas para que por fin Mos poida ter un goberno diferente?<\/strong><\/p>\n\n\n\n<blockquote class=\"wp-block-quote is-layout-flow wp-block-quote-is-layout-flow\"><p>Eu estou seguro que si. Xa nas municipais do 2.015 foron 60 votos os que lle deron a maior\u00eda e nas do 2.019 foron en concreto 39 votos os que lle deron a 9 acta. O proxecto do PP s\u00f3 se basea na propaganda e na pura e dura chapuza. Non achega nada positivo .E conf\u00edo que nas vindeiras municipais haxa unha maior\u00eda que sexa capaz de velo. O da oposici\u00f3n de Mos \u00e9 paradigm\u00e1tico si, que en dous mandatos te\u00f1amos padecido 4 episodios de transfugismo \u00e9 de traca.<\/p><\/blockquote>\n\n\n\n<p><strong>Non tes medo que esa situaci\u00f3n poida provocar unha percepci\u00f3n, no votante potencial de esquerdas, de desastre absoluto, de que non hai nada que facer e remate por quedar na casa?<\/strong><\/p>\n\n\n\n<blockquote class=\"wp-block-quote is-layout-flow wp-block-quote-is-layout-flow\"><p>En parte si. Pero te\u00f1o esperanza de que a xente sexa capaz de percibir que unha organizaci\u00f3n como o BNG fai un traballo de campo inmenso, presenta moci\u00f3ns constantemente , est\u00e1 sempre a car\u00f3n da veci\u00f1anza &#8230;e que nos dea a confianza que, con toda humidade, creo que o noso traballo merece<\/p><\/blockquote>\n\n\n\n<p><strong>Cales son as vosas aspiraci\u00f3ns realistas para as vindeiras municipais?<\/strong><\/p>\n\n\n\n<blockquote class=\"wp-block-quote is-layout-flow wp-block-quote-is-layout-flow\"><p>O BNG \u00e9 unha forza de goberno e sempre aspira a gobernar e Mos non \u00e9 ningunha excepci\u00f3n. Eu conf\u00edo en que acadaremos unha suba moi importante tanto en votos como en n\u00famero de actas.<\/p><\/blockquote>\n","protected":false},"excerpt":{"rendered":"<div class=\"mh-excerpt\"><p>Nun lugar de Galicia, de cuxo nome non me quero acordar, un alcalde histri\u00f3n, con \u00ednfulas de pequeno ditador, acaba de ofrecerse voluntario para ir combater \u00e1 guerra de Ukraina <a class=\"mh-excerpt-more\" href=\"https:\/\/www.anovapeneira.gal\/index.php\/2022\/03\/07\/gustavo-barcia-portavoz-do-bng-de-mos\/\" title=\"Gustavo Barcia portavoz do BNG de Mos\">[&#8230;]<\/a><\/p>\n<\/div>","protected":false},"author":2,"featured_media":4012,"comment_status":"open","ping_status":"open","sticky":false,"template":"","format":"standard","meta":{"_exactmetrics_skip_tracking":false,"_exactmetrics_sitenote_active":false,"_exactmetrics_sitenote_note":"","_exactmetrics_sitenote_category":0,"footnotes":""},"categories":[265],"tags":[218],"class_list":{"0":"post-7075","1":"post","2":"type-post","3":"status-publish","4":"format-standard","5":"has-post-thumbnail","7":"category-a-lourina-entrevistas","8":"tag-concello-de-mos"},"yoast_head":"<!-- This site is optimized with the Yoast SEO plugin v27.4 - https:\/\/yoast.com\/product\/yoast-seo-wordpress\/ -->\n<title>Gustavo Barcia portavoz do BNG de Mos -<\/title>\n<meta name=\"description\" content=\"Nun lugar de Galicia, de cuxo nome non me quero acordar, un alcalde histri\u00f3n, con \u00ednfulas de pequeno ditador, acaba de ofrecerse voluntario para ir combater \u00e1 guerra de Ukraina\" \/>\n<meta name=\"robots\" content=\"index, follow, max-snippet:-1, max-image-preview:large, max-video-preview:-1\" \/>\n<link rel=\"canonical\" href=\"https:\/\/www.anovapeneira.gal\/index.php\/2022\/03\/07\/gustavo-barcia-portavoz-do-bng-de-mos\/\" \/>\n<meta property=\"og:locale\" content=\"gl_ES\" \/>\n<meta property=\"og:type\" content=\"article\" \/>\n<meta property=\"og:title\" content=\"Gustavo Barcia portavoz do BNG de Mos -\" \/>\n<meta property=\"og:description\" content=\"Nun lugar de Galicia, de cuxo nome non me quero acordar, un alcalde histri\u00f3n, con \u00ednfulas de pequeno ditador, acaba de ofrecerse voluntario para ir combater \u00e1 guerra de Ukraina\" \/>\n<meta property=\"og:url\" content=\"https:\/\/www.anovapeneira.gal\/index.php\/2022\/03\/07\/gustavo-barcia-portavoz-do-bng-de-mos\/\" \/>\n<meta property=\"article:publisher\" content=\"https:\/\/www.facebook.com\/anovapeneira\" \/>\n<meta property=\"article:published_time\" content=\"2022-03-07T11:00:54+00:00\" \/>\n<meta property=\"article:modified_time\" content=\"2022-03-07T16:48:40+00:00\" \/>\n<meta property=\"og:image\" content=\"https:\/\/www.anovapeneira.gal\/wp-content\/uploads\/2020\/09\/gustavo_barcia_bng_mos_a_nova_peneira.jpg\" \/>\n\t<meta property=\"og:image:width\" content=\"720\" \/>\n\t<meta property=\"og:image:height\" content=\"432\" \/>\n\t<meta property=\"og:image:type\" content=\"image\/jpeg\" \/>\n<meta name=\"author\" content=\"Tino Lago\" \/>\n<meta name=\"twitter:card\" content=\"summary_large_image\" \/>\n<meta name=\"twitter:creator\" content=\"@APeneira\" \/>\n<meta name=\"twitter:site\" content=\"@APeneira\" \/>\n<meta name=\"twitter:label1\" content=\"Escrito por\" \/>\n\t<meta name=\"twitter:data1\" content=\"Tino Lago\" \/>\n\t<meta name=\"twitter:label2\" content=\"Tempo de lectura\" \/>\n\t<meta name=\"twitter:data2\" content=\"10 minutos\" \/>\n<script type=\"application\/ld+json\" class=\"yoast-schema-graph\">{\"@context\":\"https:\\\/\\\/schema.org\",\"@graph\":[{\"@type\":\"Article\",\"@id\":\"https:\\\/\\\/www.anovapeneira.gal\\\/index.php\\\/2022\\\/03\\\/07\\\/gustavo-barcia-portavoz-do-bng-de-mos\\\/#article\",\"isPartOf\":{\"@id\":\"https:\\\/\\\/www.anovapeneira.gal\\\/index.php\\\/2022\\\/03\\\/07\\\/gustavo-barcia-portavoz-do-bng-de-mos\\\/\"},\"author\":{\"name\":\"Tino Lago\",\"@id\":\"https:\\\/\\\/www.anovapeneira.gal\\\/#\\\/schema\\\/person\\\/424dfe65e3070fd8a44d22d2c088762a\"},\"headline\":\"Gustavo Barcia portavoz do BNG de Mos\",\"datePublished\":\"2022-03-07T11:00:54+00:00\",\"dateModified\":\"2022-03-07T16:48:40+00:00\",\"mainEntityOfPage\":{\"@id\":\"https:\\\/\\\/www.anovapeneira.gal\\\/index.php\\\/2022\\\/03\\\/07\\\/gustavo-barcia-portavoz-do-bng-de-mos\\\/\"},\"wordCount\":1797,\"commentCount\":0,\"publisher\":{\"@id\":\"https:\\\/\\\/www.anovapeneira.gal\\\/#organization\"},\"image\":{\"@id\":\"https:\\\/\\\/www.anovapeneira.gal\\\/index.php\\\/2022\\\/03\\\/07\\\/gustavo-barcia-portavoz-do-bng-de-mos\\\/#primaryimage\"},\"thumbnailUrl\":\"https:\\\/\\\/www.anovapeneira.gal\\\/wp-content\\\/uploads\\\/2020\\\/09\\\/gustavo_barcia_bng_mos_a_nova_peneira.jpg\",\"keywords\":[\"Concello de Mos\"],\"articleSection\":[\"A Louri\u00f1a\"],\"inLanguage\":\"gl-ES\",\"potentialAction\":[{\"@type\":\"CommentAction\",\"name\":\"Comment\",\"target\":[\"https:\\\/\\\/www.anovapeneira.gal\\\/index.php\\\/2022\\\/03\\\/07\\\/gustavo-barcia-portavoz-do-bng-de-mos\\\/#respond\"]}]},{\"@type\":\"WebPage\",\"@id\":\"https:\\\/\\\/www.anovapeneira.gal\\\/index.php\\\/2022\\\/03\\\/07\\\/gustavo-barcia-portavoz-do-bng-de-mos\\\/\",\"url\":\"https:\\\/\\\/www.anovapeneira.gal\\\/index.php\\\/2022\\\/03\\\/07\\\/gustavo-barcia-portavoz-do-bng-de-mos\\\/\",\"name\":\"Gustavo Barcia portavoz do BNG de Mos -\",\"isPartOf\":{\"@id\":\"https:\\\/\\\/www.anovapeneira.gal\\\/#website\"},\"primaryImageOfPage\":{\"@id\":\"https:\\\/\\\/www.anovapeneira.gal\\\/index.php\\\/2022\\\/03\\\/07\\\/gustavo-barcia-portavoz-do-bng-de-mos\\\/#primaryimage\"},\"image\":{\"@id\":\"https:\\\/\\\/www.anovapeneira.gal\\\/index.php\\\/2022\\\/03\\\/07\\\/gustavo-barcia-portavoz-do-bng-de-mos\\\/#primaryimage\"},\"thumbnailUrl\":\"https:\\\/\\\/www.anovapeneira.gal\\\/wp-content\\\/uploads\\\/2020\\\/09\\\/gustavo_barcia_bng_mos_a_nova_peneira.jpg\",\"datePublished\":\"2022-03-07T11:00:54+00:00\",\"dateModified\":\"2022-03-07T16:48:40+00:00\",\"description\":\"Nun lugar de Galicia, de cuxo nome non me quero acordar, un alcalde histri\u00f3n, con \u00ednfulas de pequeno ditador, acaba de ofrecerse voluntario para ir combater \u00e1 guerra de Ukraina\",\"breadcrumb\":{\"@id\":\"https:\\\/\\\/www.anovapeneira.gal\\\/index.php\\\/2022\\\/03\\\/07\\\/gustavo-barcia-portavoz-do-bng-de-mos\\\/#breadcrumb\"},\"inLanguage\":\"gl-ES\",\"potentialAction\":[{\"@type\":\"ReadAction\",\"target\":[\"https:\\\/\\\/www.anovapeneira.gal\\\/index.php\\\/2022\\\/03\\\/07\\\/gustavo-barcia-portavoz-do-bng-de-mos\\\/\"]}]},{\"@type\":\"ImageObject\",\"inLanguage\":\"gl-ES\",\"@id\":\"https:\\\/\\\/www.anovapeneira.gal\\\/index.php\\\/2022\\\/03\\\/07\\\/gustavo-barcia-portavoz-do-bng-de-mos\\\/#primaryimage\",\"url\":\"https:\\\/\\\/www.anovapeneira.gal\\\/wp-content\\\/uploads\\\/2020\\\/09\\\/gustavo_barcia_bng_mos_a_nova_peneira.jpg\",\"contentUrl\":\"https:\\\/\\\/www.anovapeneira.gal\\\/wp-content\\\/uploads\\\/2020\\\/09\\\/gustavo_barcia_bng_mos_a_nova_peneira.jpg\",\"width\":720,\"height\":432,\"caption\":\"Gustavo Barcia BNG Mos\"},{\"@type\":\"BreadcrumbList\",\"@id\":\"https:\\\/\\\/www.anovapeneira.gal\\\/index.php\\\/2022\\\/03\\\/07\\\/gustavo-barcia-portavoz-do-bng-de-mos\\\/#breadcrumb\",\"itemListElement\":[{\"@type\":\"ListItem\",\"position\":1,\"name\":\"Portada\",\"item\":\"https:\\\/\\\/www.anovapeneira.gal\\\/\"},{\"@type\":\"ListItem\",\"position\":2,\"name\":\"Gustavo Barcia portavoz do BNG de Mos\"}]},{\"@type\":\"WebSite\",\"@id\":\"https:\\\/\\\/www.anovapeneira.gal\\\/#website\",\"url\":\"https:\\\/\\\/www.anovapeneira.gal\\\/\",\"name\":\"\",\"description\":\"Xornal galego de informaci\u00f3n xeral Publicaci\u00f3n mensual de novas de Galicia e en especial dos Concellos da sur da provincia de Pontevedra.\",\"publisher\":{\"@id\":\"https:\\\/\\\/www.anovapeneira.gal\\\/#organization\"},\"potentialAction\":[{\"@type\":\"SearchAction\",\"target\":{\"@type\":\"EntryPoint\",\"urlTemplate\":\"https:\\\/\\\/www.anovapeneira.gal\\\/?s={search_term_string}\"},\"query-input\":{\"@type\":\"PropertyValueSpecification\",\"valueRequired\":true,\"valueName\":\"search_term_string\"}}],\"inLanguage\":\"gl-ES\"},{\"@type\":\"Organization\",\"@id\":\"https:\\\/\\\/www.anovapeneira.gal\\\/#organization\",\"name\":\"A Nova Peneira\",\"url\":\"https:\\\/\\\/www.anovapeneira.gal\\\/\",\"logo\":{\"@type\":\"ImageObject\",\"inLanguage\":\"gl-ES\",\"@id\":\"https:\\\/\\\/www.anovapeneira.gal\\\/#\\\/schema\\\/logo\\\/image\\\/\",\"url\":\"http:\\\/\\\/www.anovapeneira.gal\\\/wp-content\\\/uploads\\\/2019\\\/06\\\/logo_a_nova_peneira_portal_web.png\",\"contentUrl\":\"http:\\\/\\\/www.anovapeneira.gal\\\/wp-content\\\/uploads\\\/2019\\\/06\\\/logo_a_nova_peneira_portal_web.png\",\"width\":300,\"height\":100,\"caption\":\"A Nova Peneira\"},\"image\":{\"@id\":\"https:\\\/\\\/www.anovapeneira.gal\\\/#\\\/schema\\\/logo\\\/image\\\/\"},\"sameAs\":[\"https:\\\/\\\/www.facebook.com\\\/anovapeneira\",\"https:\\\/\\\/x.com\\\/APeneira\"]},{\"@type\":\"Person\",\"@id\":\"https:\\\/\\\/www.anovapeneira.gal\\\/#\\\/schema\\\/person\\\/424dfe65e3070fd8a44d22d2c088762a\",\"name\":\"Tino Lago\",\"image\":{\"@type\":\"ImageObject\",\"inLanguage\":\"gl-ES\",\"@id\":\"https:\\\/\\\/secure.gravatar.com\\\/avatar\\\/b3df6a06e44bab3111583b90f0f33a0379ee5e3d22cbadd232d39f21c30c62be?s=96&d=mm&r=g\",\"url\":\"https:\\\/\\\/secure.gravatar.com\\\/avatar\\\/b3df6a06e44bab3111583b90f0f33a0379ee5e3d22cbadd232d39f21c30c62be?s=96&d=mm&r=g\",\"contentUrl\":\"https:\\\/\\\/secure.gravatar.com\\\/avatar\\\/b3df6a06e44bab3111583b90f0f33a0379ee5e3d22cbadd232d39f21c30c62be?s=96&d=mm&r=g\",\"caption\":\"Tino Lago\"},\"sameAs\":[\"http:\\\/\\\/www.anovapeneira.gal\"],\"url\":\"https:\\\/\\\/www.anovapeneira.gal\\\/index.php\\\/author\\\/director\\\/\"}]}<\/script>\n<!-- \/ Yoast SEO plugin. -->","yoast_head_json":{"title":"Gustavo Barcia portavoz do BNG de Mos -","description":"Nun lugar de Galicia, de cuxo nome non me quero acordar, un alcalde histri\u00f3n, con \u00ednfulas de pequeno ditador, acaba de ofrecerse voluntario para ir combater \u00e1 guerra de Ukraina","robots":{"index":"index","follow":"follow","max-snippet":"max-snippet:-1","max-image-preview":"max-image-preview:large","max-video-preview":"max-video-preview:-1"},"canonical":"https:\/\/www.anovapeneira.gal\/index.php\/2022\/03\/07\/gustavo-barcia-portavoz-do-bng-de-mos\/","og_locale":"gl_ES","og_type":"article","og_title":"Gustavo Barcia portavoz do BNG de Mos -","og_description":"Nun lugar de Galicia, de cuxo nome non me quero acordar, un alcalde histri\u00f3n, con \u00ednfulas de pequeno ditador, acaba de ofrecerse voluntario para ir combater \u00e1 guerra de Ukraina","og_url":"https:\/\/www.anovapeneira.gal\/index.php\/2022\/03\/07\/gustavo-barcia-portavoz-do-bng-de-mos\/","article_publisher":"https:\/\/www.facebook.com\/anovapeneira","article_published_time":"2022-03-07T11:00:54+00:00","article_modified_time":"2022-03-07T16:48:40+00:00","og_image":[{"width":720,"height":432,"url":"https:\/\/www.anovapeneira.gal\/wp-content\/uploads\/2020\/09\/gustavo_barcia_bng_mos_a_nova_peneira.jpg","type":"image\/jpeg"}],"author":"Tino Lago","twitter_card":"summary_large_image","twitter_creator":"@APeneira","twitter_site":"@APeneira","twitter_misc":{"Escrito por":"Tino Lago","Tempo de lectura":"10 minutos"},"schema":{"@context":"https:\/\/schema.org","@graph":[{"@type":"Article","@id":"https:\/\/www.anovapeneira.gal\/index.php\/2022\/03\/07\/gustavo-barcia-portavoz-do-bng-de-mos\/#article","isPartOf":{"@id":"https:\/\/www.anovapeneira.gal\/index.php\/2022\/03\/07\/gustavo-barcia-portavoz-do-bng-de-mos\/"},"author":{"name":"Tino Lago","@id":"https:\/\/www.anovapeneira.gal\/#\/schema\/person\/424dfe65e3070fd8a44d22d2c088762a"},"headline":"Gustavo Barcia portavoz do BNG de Mos","datePublished":"2022-03-07T11:00:54+00:00","dateModified":"2022-03-07T16:48:40+00:00","mainEntityOfPage":{"@id":"https:\/\/www.anovapeneira.gal\/index.php\/2022\/03\/07\/gustavo-barcia-portavoz-do-bng-de-mos\/"},"wordCount":1797,"commentCount":0,"publisher":{"@id":"https:\/\/www.anovapeneira.gal\/#organization"},"image":{"@id":"https:\/\/www.anovapeneira.gal\/index.php\/2022\/03\/07\/gustavo-barcia-portavoz-do-bng-de-mos\/#primaryimage"},"thumbnailUrl":"https:\/\/www.anovapeneira.gal\/wp-content\/uploads\/2020\/09\/gustavo_barcia_bng_mos_a_nova_peneira.jpg","keywords":["Concello de Mos"],"articleSection":["A Louri\u00f1a"],"inLanguage":"gl-ES","potentialAction":[{"@type":"CommentAction","name":"Comment","target":["https:\/\/www.anovapeneira.gal\/index.php\/2022\/03\/07\/gustavo-barcia-portavoz-do-bng-de-mos\/#respond"]}]},{"@type":"WebPage","@id":"https:\/\/www.anovapeneira.gal\/index.php\/2022\/03\/07\/gustavo-barcia-portavoz-do-bng-de-mos\/","url":"https:\/\/www.anovapeneira.gal\/index.php\/2022\/03\/07\/gustavo-barcia-portavoz-do-bng-de-mos\/","name":"Gustavo Barcia portavoz do BNG de Mos -","isPartOf":{"@id":"https:\/\/www.anovapeneira.gal\/#website"},"primaryImageOfPage":{"@id":"https:\/\/www.anovapeneira.gal\/index.php\/2022\/03\/07\/gustavo-barcia-portavoz-do-bng-de-mos\/#primaryimage"},"image":{"@id":"https:\/\/www.anovapeneira.gal\/index.php\/2022\/03\/07\/gustavo-barcia-portavoz-do-bng-de-mos\/#primaryimage"},"thumbnailUrl":"https:\/\/www.anovapeneira.gal\/wp-content\/uploads\/2020\/09\/gustavo_barcia_bng_mos_a_nova_peneira.jpg","datePublished":"2022-03-07T11:00:54+00:00","dateModified":"2022-03-07T16:48:40+00:00","description":"Nun lugar de Galicia, de cuxo nome non me quero acordar, un alcalde histri\u00f3n, con \u00ednfulas de pequeno ditador, acaba de ofrecerse voluntario para ir combater \u00e1 guerra de Ukraina","breadcrumb":{"@id":"https:\/\/www.anovapeneira.gal\/index.php\/2022\/03\/07\/gustavo-barcia-portavoz-do-bng-de-mos\/#breadcrumb"},"inLanguage":"gl-ES","potentialAction":[{"@type":"ReadAction","target":["https:\/\/www.anovapeneira.gal\/index.php\/2022\/03\/07\/gustavo-barcia-portavoz-do-bng-de-mos\/"]}]},{"@type":"ImageObject","inLanguage":"gl-ES","@id":"https:\/\/www.anovapeneira.gal\/index.php\/2022\/03\/07\/gustavo-barcia-portavoz-do-bng-de-mos\/#primaryimage","url":"https:\/\/www.anovapeneira.gal\/wp-content\/uploads\/2020\/09\/gustavo_barcia_bng_mos_a_nova_peneira.jpg","contentUrl":"https:\/\/www.anovapeneira.gal\/wp-content\/uploads\/2020\/09\/gustavo_barcia_bng_mos_a_nova_peneira.jpg","width":720,"height":432,"caption":"Gustavo Barcia BNG Mos"},{"@type":"BreadcrumbList","@id":"https:\/\/www.anovapeneira.gal\/index.php\/2022\/03\/07\/gustavo-barcia-portavoz-do-bng-de-mos\/#breadcrumb","itemListElement":[{"@type":"ListItem","position":1,"name":"Portada","item":"https:\/\/www.anovapeneira.gal\/"},{"@type":"ListItem","position":2,"name":"Gustavo Barcia portavoz do BNG de Mos"}]},{"@type":"WebSite","@id":"https:\/\/www.anovapeneira.gal\/#website","url":"https:\/\/www.anovapeneira.gal\/","name":"","description":"Xornal galego de informaci\u00f3n xeral Publicaci\u00f3n mensual de novas de Galicia e en especial dos Concellos da sur da provincia de Pontevedra.","publisher":{"@id":"https:\/\/www.anovapeneira.gal\/#organization"},"potentialAction":[{"@type":"SearchAction","target":{"@type":"EntryPoint","urlTemplate":"https:\/\/www.anovapeneira.gal\/?s={search_term_string}"},"query-input":{"@type":"PropertyValueSpecification","valueRequired":true,"valueName":"search_term_string"}}],"inLanguage":"gl-ES"},{"@type":"Organization","@id":"https:\/\/www.anovapeneira.gal\/#organization","name":"A Nova Peneira","url":"https:\/\/www.anovapeneira.gal\/","logo":{"@type":"ImageObject","inLanguage":"gl-ES","@id":"https:\/\/www.anovapeneira.gal\/#\/schema\/logo\/image\/","url":"http:\/\/www.anovapeneira.gal\/wp-content\/uploads\/2019\/06\/logo_a_nova_peneira_portal_web.png","contentUrl":"http:\/\/www.anovapeneira.gal\/wp-content\/uploads\/2019\/06\/logo_a_nova_peneira_portal_web.png","width":300,"height":100,"caption":"A Nova Peneira"},"image":{"@id":"https:\/\/www.anovapeneira.gal\/#\/schema\/logo\/image\/"},"sameAs":["https:\/\/www.facebook.com\/anovapeneira","https:\/\/x.com\/APeneira"]},{"@type":"Person","@id":"https:\/\/www.anovapeneira.gal\/#\/schema\/person\/424dfe65e3070fd8a44d22d2c088762a","name":"Tino Lago","image":{"@type":"ImageObject","inLanguage":"gl-ES","@id":"https:\/\/secure.gravatar.com\/avatar\/b3df6a06e44bab3111583b90f0f33a0379ee5e3d22cbadd232d39f21c30c62be?s=96&d=mm&r=g","url":"https:\/\/secure.gravatar.com\/avatar\/b3df6a06e44bab3111583b90f0f33a0379ee5e3d22cbadd232d39f21c30c62be?s=96&d=mm&r=g","contentUrl":"https:\/\/secure.gravatar.com\/avatar\/b3df6a06e44bab3111583b90f0f33a0379ee5e3d22cbadd232d39f21c30c62be?s=96&d=mm&r=g","caption":"Tino Lago"},"sameAs":["http:\/\/www.anovapeneira.gal"],"url":"https:\/\/www.anovapeneira.gal\/index.php\/author\/director\/"}]}},"jetpack_featured_media_url":"https:\/\/www.anovapeneira.gal\/wp-content\/uploads\/2020\/09\/gustavo_barcia_bng_mos_a_nova_peneira.jpg","_links":{"self":[{"href":"https:\/\/www.anovapeneira.gal\/index.php\/wp-json\/wp\/v2\/posts\/7075","targetHints":{"allow":["GET"]}}],"collection":[{"href":"https:\/\/www.anovapeneira.gal\/index.php\/wp-json\/wp\/v2\/posts"}],"about":[{"href":"https:\/\/www.anovapeneira.gal\/index.php\/wp-json\/wp\/v2\/types\/post"}],"author":[{"embeddable":true,"href":"https:\/\/www.anovapeneira.gal\/index.php\/wp-json\/wp\/v2\/users\/2"}],"replies":[{"embeddable":true,"href":"https:\/\/www.anovapeneira.gal\/index.php\/wp-json\/wp\/v2\/comments?post=7075"}],"version-history":[{"count":2,"href":"https:\/\/www.anovapeneira.gal\/index.php\/wp-json\/wp\/v2\/posts\/7075\/revisions"}],"predecessor-version":[{"id":7111,"href":"https:\/\/www.anovapeneira.gal\/index.php\/wp-json\/wp\/v2\/posts\/7075\/revisions\/7111"}],"wp:featuredmedia":[{"embeddable":true,"href":"https:\/\/www.anovapeneira.gal\/index.php\/wp-json\/wp\/v2\/media\/4012"}],"wp:attachment":[{"href":"https:\/\/www.anovapeneira.gal\/index.php\/wp-json\/wp\/v2\/media?parent=7075"}],"wp:term":[{"taxonomy":"category","embeddable":true,"href":"https:\/\/www.anovapeneira.gal\/index.php\/wp-json\/wp\/v2\/categories?post=7075"},{"taxonomy":"post_tag","embeddable":true,"href":"https:\/\/www.anovapeneira.gal\/index.php\/wp-json\/wp\/v2\/tags?post=7075"}],"curies":[{"name":"wp","href":"https:\/\/api.w.org\/{rel}","templated":true}]}}