{"id":7086,"date":"2022-03-09T12:00:41","date_gmt":"2022-03-09T11:00:41","guid":{"rendered":"https:\/\/www.anovapeneira.gal\/?p=7086"},"modified":"2022-03-05T11:58:10","modified_gmt":"2022-03-05T10:58:10","slug":"o-cim-do-porrino-atendeu-preto-de-600-consultas-o-ano-pasado-e-sumou-84-novas-usuarias","status":"publish","type":"post","link":"https:\/\/www.anovapeneira.gal\/index.php\/2022\/03\/09\/o-cim-do-porrino-atendeu-preto-de-600-consultas-o-ano-pasado-e-sumou-84-novas-usuarias\/","title":{"rendered":"O CIM do Porri\u00f1o atendeu preto de 600 consultas o ano pasado e sumou 84 novas usuarias"},"content":{"rendered":"\n<h2 class=\"wp-block-heading\">Destaca a atenci\u00f3n \u00e1s v\u00edtimas de violencia de x\u00e9nero (189) e a atenci\u00f3n psicol\u00f3xica (272)<\/h2>\n\n\n\n<p><strong>O Porri\u00f1o, 4 de marzo de 2022<\/strong><\/p>\n\n\n\n<p>O Centro de Informaci\u00f3n \u00e1 Muller (CIM) do Porri\u00f1o, ubicado no Concello, atendeu o ano pasado un total 590 consultas, a maior\u00eda delas demandando atenci\u00f3n psicol\u00f3xica e asesoramento xur\u00eddico en casos de violencia de x\u00e9nero.<\/p>\n\n\n\n<p>Po\u00f1endo o foco nas cifras destaca a atenci\u00f3n \u00e1s v\u00edtimas de violencia machista que ascende a 189 consultas. As referentes a atenci\u00f3n psicol\u00f3xica foron 222, 30 as demandas de terapia psicol\u00f3xica, 57 as consultas sobre dereito de familia e d\u00faas de orientaci\u00f3n de emprego.<\/p>\n\n\n\n<p>Cabe destacar estes datos son os que reflicte o informe estat\u00edstico auton\u00f3mico, pendente de actualizaci\u00f3n que elevar\u00eda sensiblemente o n\u00famero de consultas por cada usuaria.<\/p>\n\n\n\n<p><strong>Un servizo confidencial, personalizado e gratu\u00edto<\/strong><\/p>\n\n\n\n<p>O Centro de Informaci\u00f3n \u00e1 Muller ten como obxectivo favorecer e impulsar a participaci\u00f3n da muller, en igualdade de condici\u00f3ns, na vida pol\u00edtica, social e econ\u00f3mica do Porri\u00f1o. O seu equipo est\u00e1 formado por unha asesora xur\u00eddica e un psic\u00f3logo que realizan un importante labor como porta de entrada \u00e1s administraci\u00f3ns para as mulleres en situaci\u00f3n de vulnerabilidade, proporcion\u00e1ndolles asesoramento xur\u00eddico, atenci\u00f3n psicol\u00f3xica e informaci\u00f3n en materia de recursos dispo\u00f1ibles no \u00e1mbito territorial.<\/p>\n\n\n\n<p>A entidade coordina diferentes actividades divulgativas dirixidas \u00e1 promoci\u00f3n da igualdade e \u00e1 eliminaci\u00f3n da violencia machista.<\/p>\n\n\n\n<p>Cabe destacar a atenci\u00f3n especializada en casos de violencia machista, que proporciona \u00e1s v\u00edtimas asesoramento xur\u00eddico e psicol\u00f3xico (denuncias, ordes de afastamento e protecci\u00f3n, entre outros), xesti\u00f3n do aloxamento alternativo e dos recursos necesarios nestes casos, tramitaci\u00f3n da teleasistencia para as v\u00edtimas, apoio psicol\u00f3xico e colaboraci\u00f3n con outros servizos de intervenci\u00f3n en casos de violencia contra a muller como a Garda Civil, as casas de acollida e outros servizos p\u00fablicos. Tam\u00e9n gardan unha estreita colaboraci\u00f3n co corpo da Polic\u00eda Local, que fai seguemento das v\u00edtimas de violencia de x\u00e9nero, que actualmente ascenden a nove mulleres residentes no Porri\u00f1o, protecci\u00f3n \u00e1 v\u00edtima, evitar a dobre vitimizaci\u00f3n e comunican os casos que nos que se interve\u00f1en.<\/p>\n\n\n\n<p>&#8220;\u00c9 moi importante que as mulleres saiban que o servizo que se ofrece \u00e9 totalmente gratu\u00edto, personalizado e confidencial, e que se respecta en todo momento o anonimato e a s\u00faa vontade na busca de posibles soluci\u00f3ns aos seus problemas&#8221;, explicou a concelleira de Igualdade, Carolina Gonz\u00e1lez.<\/p>\n\n\n\n<p>No mesmo sentido se manifestou o alcalde, Alejandro Lorenzo, que animou &#8220;a todas aquelas mulleres que estean atravesando unha situaci\u00f3n de vulnerabilidade a pedir axuda no CIM. Al\u00ed atopar\u00e1n a un equipo de profesionais dispostos a axudalas e guialas na procura dunha sa\u00edda ao problema que atravesan. Deben saber que non est\u00e1n soas&#8221;.<\/p>\n","protected":false},"excerpt":{"rendered":"<div class=\"mh-excerpt\"><p>Destaca a atenci\u00f3n \u00e1s v\u00edtimas de violencia de x\u00e9nero (189) e a atenci\u00f3n psicol\u00f3xica (272) <a class=\"mh-excerpt-more\" href=\"https:\/\/www.anovapeneira.gal\/index.php\/2022\/03\/09\/o-cim-do-porrino-atendeu-preto-de-600-consultas-o-ano-pasado-e-sumou-84-novas-usuarias\/\" title=\"O CIM do Porri\u00f1o atendeu preto de 600 consultas o ano pasado e sumou 84 novas usuarias\">[&#8230;]<\/a><\/p>\n<\/div>","protected":false},"author":3,"featured_media":7087,"comment_status":"open","ping_status":"open","sticky":false,"template":"","format":"standard","meta":{"_exactmetrics_skip_tracking":false,"_exactmetrics_sitenote_active":false,"_exactmetrics_sitenote_note":"","_exactmetrics_sitenote_category":0,"footnotes":""},"categories":[23],"tags":[411],"class_list":{"0":"post-7086","1":"post","2":"type-post","3":"status-publish","4":"format-standard","5":"has-post-thumbnail","7":"category-a-lourina","8":"tag-concello-do-porrino"},"yoast_head":"<!-- This site is optimized with the Yoast SEO plugin v27.4 - https:\/\/yoast.com\/product\/yoast-seo-wordpress\/ -->\n<title>O CIM do Porri\u00f1o atendeu preto de 600 consultas o ano pasado e sumou 84 novas usuarias -<\/title>\n<meta name=\"description\" content=\"Destaca a atenci\u00f3n \u00e1s v\u00edtimas de violencia de x\u00e9nero (189) e a atenci\u00f3n psicol\u00f3xica (272)\" \/>\n<meta name=\"robots\" content=\"index, follow, max-snippet:-1, max-image-preview:large, max-video-preview:-1\" \/>\n<link rel=\"canonical\" href=\"https:\/\/www.anovapeneira.gal\/index.php\/2022\/03\/09\/o-cim-do-porrino-atendeu-preto-de-600-consultas-o-ano-pasado-e-sumou-84-novas-usuarias\/\" \/>\n<meta property=\"og:locale\" content=\"gl_ES\" \/>\n<meta property=\"og:type\" content=\"article\" \/>\n<meta property=\"og:title\" content=\"O CIM do Porri\u00f1o atendeu preto de 600 consultas o ano pasado e sumou 84 novas usuarias -\" \/>\n<meta property=\"og:description\" content=\"Destaca a atenci\u00f3n \u00e1s v\u00edtimas de violencia de x\u00e9nero (189) e a atenci\u00f3n psicol\u00f3xica (272)\" \/>\n<meta property=\"og:url\" content=\"https:\/\/www.anovapeneira.gal\/index.php\/2022\/03\/09\/o-cim-do-porrino-atendeu-preto-de-600-consultas-o-ano-pasado-e-sumou-84-novas-usuarias\/\" \/>\n<meta property=\"article:publisher\" content=\"https:\/\/www.facebook.com\/anovapeneira\" \/>\n<meta property=\"article:published_time\" content=\"2022-03-09T11:00:41+00:00\" \/>\n<meta property=\"og:image\" content=\"https:\/\/www.anovapeneira.gal\/wp-content\/uploads\/2022\/03\/CIM.jpg\" \/>\n\t<meta property=\"og:image:width\" content=\"720\" \/>\n\t<meta property=\"og:image:height\" content=\"432\" \/>\n\t<meta property=\"og:image:type\" content=\"image\/jpeg\" \/>\n<meta name=\"author\" content=\"Redacci\u00f3n A Nova Peneira\" \/>\n<meta name=\"twitter:card\" content=\"summary_large_image\" \/>\n<meta name=\"twitter:creator\" content=\"@APeneira\" \/>\n<meta name=\"twitter:site\" content=\"@APeneira\" \/>\n<meta name=\"twitter:label1\" content=\"Escrito por\" \/>\n\t<meta name=\"twitter:data1\" content=\"Redacci\u00f3n A Nova Peneira\" \/>\n\t<meta name=\"twitter:label2\" content=\"Tempo de lectura\" \/>\n\t<meta name=\"twitter:data2\" content=\"3 minutos\" \/>\n<script type=\"application\/ld+json\" class=\"yoast-schema-graph\">{\"@context\":\"https:\\\/\\\/schema.org\",\"@graph\":[{\"@type\":\"Article\",\"@id\":\"https:\\\/\\\/www.anovapeneira.gal\\\/index.php\\\/2022\\\/03\\\/09\\\/o-cim-do-porrino-atendeu-preto-de-600-consultas-o-ano-pasado-e-sumou-84-novas-usuarias\\\/#article\",\"isPartOf\":{\"@id\":\"https:\\\/\\\/www.anovapeneira.gal\\\/index.php\\\/2022\\\/03\\\/09\\\/o-cim-do-porrino-atendeu-preto-de-600-consultas-o-ano-pasado-e-sumou-84-novas-usuarias\\\/\"},\"author\":{\"name\":\"Redacci\u00f3n A Nova Peneira\",\"@id\":\"https:\\\/\\\/www.anovapeneira.gal\\\/#\\\/schema\\\/person\\\/b93e3f8932e3f8da96334607eb6ac6aa\"},\"headline\":\"O CIM do Porri\u00f1o atendeu preto de 600 consultas o ano pasado e sumou 84 novas usuarias\",\"datePublished\":\"2022-03-09T11:00:41+00:00\",\"mainEntityOfPage\":{\"@id\":\"https:\\\/\\\/www.anovapeneira.gal\\\/index.php\\\/2022\\\/03\\\/09\\\/o-cim-do-porrino-atendeu-preto-de-600-consultas-o-ano-pasado-e-sumou-84-novas-usuarias\\\/\"},\"wordCount\":511,\"commentCount\":0,\"publisher\":{\"@id\":\"https:\\\/\\\/www.anovapeneira.gal\\\/#organization\"},\"image\":{\"@id\":\"https:\\\/\\\/www.anovapeneira.gal\\\/index.php\\\/2022\\\/03\\\/09\\\/o-cim-do-porrino-atendeu-preto-de-600-consultas-o-ano-pasado-e-sumou-84-novas-usuarias\\\/#primaryimage\"},\"thumbnailUrl\":\"https:\\\/\\\/www.anovapeneira.gal\\\/wp-content\\\/uploads\\\/2022\\\/03\\\/CIM.jpg\",\"keywords\":[\"Concello do Porri\u00f1o\"],\"articleSection\":[\"A Louri\u00f1a\"],\"inLanguage\":\"gl-ES\",\"potentialAction\":[{\"@type\":\"CommentAction\",\"name\":\"Comment\",\"target\":[\"https:\\\/\\\/www.anovapeneira.gal\\\/index.php\\\/2022\\\/03\\\/09\\\/o-cim-do-porrino-atendeu-preto-de-600-consultas-o-ano-pasado-e-sumou-84-novas-usuarias\\\/#respond\"]}]},{\"@type\":\"WebPage\",\"@id\":\"https:\\\/\\\/www.anovapeneira.gal\\\/index.php\\\/2022\\\/03\\\/09\\\/o-cim-do-porrino-atendeu-preto-de-600-consultas-o-ano-pasado-e-sumou-84-novas-usuarias\\\/\",\"url\":\"https:\\\/\\\/www.anovapeneira.gal\\\/index.php\\\/2022\\\/03\\\/09\\\/o-cim-do-porrino-atendeu-preto-de-600-consultas-o-ano-pasado-e-sumou-84-novas-usuarias\\\/\",\"name\":\"O CIM do Porri\u00f1o atendeu preto de 600 consultas o ano pasado e sumou 84 novas usuarias -\",\"isPartOf\":{\"@id\":\"https:\\\/\\\/www.anovapeneira.gal\\\/#website\"},\"primaryImageOfPage\":{\"@id\":\"https:\\\/\\\/www.anovapeneira.gal\\\/index.php\\\/2022\\\/03\\\/09\\\/o-cim-do-porrino-atendeu-preto-de-600-consultas-o-ano-pasado-e-sumou-84-novas-usuarias\\\/#primaryimage\"},\"image\":{\"@id\":\"https:\\\/\\\/www.anovapeneira.gal\\\/index.php\\\/2022\\\/03\\\/09\\\/o-cim-do-porrino-atendeu-preto-de-600-consultas-o-ano-pasado-e-sumou-84-novas-usuarias\\\/#primaryimage\"},\"thumbnailUrl\":\"https:\\\/\\\/www.anovapeneira.gal\\\/wp-content\\\/uploads\\\/2022\\\/03\\\/CIM.jpg\",\"datePublished\":\"2022-03-09T11:00:41+00:00\",\"description\":\"Destaca a atenci\u00f3n \u00e1s v\u00edtimas de violencia de x\u00e9nero (189) e a atenci\u00f3n psicol\u00f3xica (272)\",\"breadcrumb\":{\"@id\":\"https:\\\/\\\/www.anovapeneira.gal\\\/index.php\\\/2022\\\/03\\\/09\\\/o-cim-do-porrino-atendeu-preto-de-600-consultas-o-ano-pasado-e-sumou-84-novas-usuarias\\\/#breadcrumb\"},\"inLanguage\":\"gl-ES\",\"potentialAction\":[{\"@type\":\"ReadAction\",\"target\":[\"https:\\\/\\\/www.anovapeneira.gal\\\/index.php\\\/2022\\\/03\\\/09\\\/o-cim-do-porrino-atendeu-preto-de-600-consultas-o-ano-pasado-e-sumou-84-novas-usuarias\\\/\"]}]},{\"@type\":\"ImageObject\",\"inLanguage\":\"gl-ES\",\"@id\":\"https:\\\/\\\/www.anovapeneira.gal\\\/index.php\\\/2022\\\/03\\\/09\\\/o-cim-do-porrino-atendeu-preto-de-600-consultas-o-ano-pasado-e-sumou-84-novas-usuarias\\\/#primaryimage\",\"url\":\"https:\\\/\\\/www.anovapeneira.gal\\\/wp-content\\\/uploads\\\/2022\\\/03\\\/CIM.jpg\",\"contentUrl\":\"https:\\\/\\\/www.anovapeneira.gal\\\/wp-content\\\/uploads\\\/2022\\\/03\\\/CIM.jpg\",\"width\":720,\"height\":432,\"caption\":\"cim\"},{\"@type\":\"BreadcrumbList\",\"@id\":\"https:\\\/\\\/www.anovapeneira.gal\\\/index.php\\\/2022\\\/03\\\/09\\\/o-cim-do-porrino-atendeu-preto-de-600-consultas-o-ano-pasado-e-sumou-84-novas-usuarias\\\/#breadcrumb\",\"itemListElement\":[{\"@type\":\"ListItem\",\"position\":1,\"name\":\"Portada\",\"item\":\"https:\\\/\\\/www.anovapeneira.gal\\\/\"},{\"@type\":\"ListItem\",\"position\":2,\"name\":\"O CIM do Porri\u00f1o atendeu preto de 600 consultas o ano pasado e sumou 84 novas usuarias\"}]},{\"@type\":\"WebSite\",\"@id\":\"https:\\\/\\\/www.anovapeneira.gal\\\/#website\",\"url\":\"https:\\\/\\\/www.anovapeneira.gal\\\/\",\"name\":\"\",\"description\":\"Xornal galego de informaci\u00f3n xeral Publicaci\u00f3n mensual de novas de Galicia e en especial dos Concellos da sur da provincia de Pontevedra.\",\"publisher\":{\"@id\":\"https:\\\/\\\/www.anovapeneira.gal\\\/#organization\"},\"potentialAction\":[{\"@type\":\"SearchAction\",\"target\":{\"@type\":\"EntryPoint\",\"urlTemplate\":\"https:\\\/\\\/www.anovapeneira.gal\\\/?s={search_term_string}\"},\"query-input\":{\"@type\":\"PropertyValueSpecification\",\"valueRequired\":true,\"valueName\":\"search_term_string\"}}],\"inLanguage\":\"gl-ES\"},{\"@type\":\"Organization\",\"@id\":\"https:\\\/\\\/www.anovapeneira.gal\\\/#organization\",\"name\":\"A Nova Peneira\",\"url\":\"https:\\\/\\\/www.anovapeneira.gal\\\/\",\"logo\":{\"@type\":\"ImageObject\",\"inLanguage\":\"gl-ES\",\"@id\":\"https:\\\/\\\/www.anovapeneira.gal\\\/#\\\/schema\\\/logo\\\/image\\\/\",\"url\":\"http:\\\/\\\/www.anovapeneira.gal\\\/wp-content\\\/uploads\\\/2019\\\/06\\\/logo_a_nova_peneira_portal_web.png\",\"contentUrl\":\"http:\\\/\\\/www.anovapeneira.gal\\\/wp-content\\\/uploads\\\/2019\\\/06\\\/logo_a_nova_peneira_portal_web.png\",\"width\":300,\"height\":100,\"caption\":\"A Nova Peneira\"},\"image\":{\"@id\":\"https:\\\/\\\/www.anovapeneira.gal\\\/#\\\/schema\\\/logo\\\/image\\\/\"},\"sameAs\":[\"https:\\\/\\\/www.facebook.com\\\/anovapeneira\",\"https:\\\/\\\/x.com\\\/APeneira\"]},{\"@type\":\"Person\",\"@id\":\"https:\\\/\\\/www.anovapeneira.gal\\\/#\\\/schema\\\/person\\\/b93e3f8932e3f8da96334607eb6ac6aa\",\"name\":\"Redacci\u00f3n A Nova Peneira\",\"image\":{\"@type\":\"ImageObject\",\"inLanguage\":\"gl-ES\",\"@id\":\"https:\\\/\\\/secure.gravatar.com\\\/avatar\\\/c052a2551a06e23fac63626232eaa90abd78dbcf1700fc46a2b2c89fd27b735f?s=96&d=mm&r=g\",\"url\":\"https:\\\/\\\/secure.gravatar.com\\\/avatar\\\/c052a2551a06e23fac63626232eaa90abd78dbcf1700fc46a2b2c89fd27b735f?s=96&d=mm&r=g\",\"contentUrl\":\"https:\\\/\\\/secure.gravatar.com\\\/avatar\\\/c052a2551a06e23fac63626232eaa90abd78dbcf1700fc46a2b2c89fd27b735f?s=96&d=mm&r=g\",\"caption\":\"Redacci\u00f3n A Nova Peneira\"},\"sameAs\":[\"http:\\\/\\\/www.anovapeneira.gal\\\/\"],\"url\":\"https:\\\/\\\/www.anovapeneira.gal\\\/index.php\\\/author\\\/redactor\\\/\"}]}<\/script>\n<!-- \/ Yoast SEO plugin. -->","yoast_head_json":{"title":"O CIM do Porri\u00f1o atendeu preto de 600 consultas o ano pasado e sumou 84 novas usuarias -","description":"Destaca a atenci\u00f3n \u00e1s v\u00edtimas de violencia de x\u00e9nero (189) e a atenci\u00f3n psicol\u00f3xica (272)","robots":{"index":"index","follow":"follow","max-snippet":"max-snippet:-1","max-image-preview":"max-image-preview:large","max-video-preview":"max-video-preview:-1"},"canonical":"https:\/\/www.anovapeneira.gal\/index.php\/2022\/03\/09\/o-cim-do-porrino-atendeu-preto-de-600-consultas-o-ano-pasado-e-sumou-84-novas-usuarias\/","og_locale":"gl_ES","og_type":"article","og_title":"O CIM do Porri\u00f1o atendeu preto de 600 consultas o ano pasado e sumou 84 novas usuarias -","og_description":"Destaca a atenci\u00f3n \u00e1s v\u00edtimas de violencia de x\u00e9nero (189) e a atenci\u00f3n psicol\u00f3xica (272)","og_url":"https:\/\/www.anovapeneira.gal\/index.php\/2022\/03\/09\/o-cim-do-porrino-atendeu-preto-de-600-consultas-o-ano-pasado-e-sumou-84-novas-usuarias\/","article_publisher":"https:\/\/www.facebook.com\/anovapeneira","article_published_time":"2022-03-09T11:00:41+00:00","og_image":[{"width":720,"height":432,"url":"https:\/\/www.anovapeneira.gal\/wp-content\/uploads\/2022\/03\/CIM.jpg","type":"image\/jpeg"}],"author":"Redacci\u00f3n A Nova Peneira","twitter_card":"summary_large_image","twitter_creator":"@APeneira","twitter_site":"@APeneira","twitter_misc":{"Escrito por":"Redacci\u00f3n A Nova Peneira","Tempo de lectura":"3 minutos"},"schema":{"@context":"https:\/\/schema.org","@graph":[{"@type":"Article","@id":"https:\/\/www.anovapeneira.gal\/index.php\/2022\/03\/09\/o-cim-do-porrino-atendeu-preto-de-600-consultas-o-ano-pasado-e-sumou-84-novas-usuarias\/#article","isPartOf":{"@id":"https:\/\/www.anovapeneira.gal\/index.php\/2022\/03\/09\/o-cim-do-porrino-atendeu-preto-de-600-consultas-o-ano-pasado-e-sumou-84-novas-usuarias\/"},"author":{"name":"Redacci\u00f3n A Nova Peneira","@id":"https:\/\/www.anovapeneira.gal\/#\/schema\/person\/b93e3f8932e3f8da96334607eb6ac6aa"},"headline":"O CIM do Porri\u00f1o atendeu preto de 600 consultas o ano pasado e sumou 84 novas usuarias","datePublished":"2022-03-09T11:00:41+00:00","mainEntityOfPage":{"@id":"https:\/\/www.anovapeneira.gal\/index.php\/2022\/03\/09\/o-cim-do-porrino-atendeu-preto-de-600-consultas-o-ano-pasado-e-sumou-84-novas-usuarias\/"},"wordCount":511,"commentCount":0,"publisher":{"@id":"https:\/\/www.anovapeneira.gal\/#organization"},"image":{"@id":"https:\/\/www.anovapeneira.gal\/index.php\/2022\/03\/09\/o-cim-do-porrino-atendeu-preto-de-600-consultas-o-ano-pasado-e-sumou-84-novas-usuarias\/#primaryimage"},"thumbnailUrl":"https:\/\/www.anovapeneira.gal\/wp-content\/uploads\/2022\/03\/CIM.jpg","keywords":["Concello do Porri\u00f1o"],"articleSection":["A Louri\u00f1a"],"inLanguage":"gl-ES","potentialAction":[{"@type":"CommentAction","name":"Comment","target":["https:\/\/www.anovapeneira.gal\/index.php\/2022\/03\/09\/o-cim-do-porrino-atendeu-preto-de-600-consultas-o-ano-pasado-e-sumou-84-novas-usuarias\/#respond"]}]},{"@type":"WebPage","@id":"https:\/\/www.anovapeneira.gal\/index.php\/2022\/03\/09\/o-cim-do-porrino-atendeu-preto-de-600-consultas-o-ano-pasado-e-sumou-84-novas-usuarias\/","url":"https:\/\/www.anovapeneira.gal\/index.php\/2022\/03\/09\/o-cim-do-porrino-atendeu-preto-de-600-consultas-o-ano-pasado-e-sumou-84-novas-usuarias\/","name":"O CIM do Porri\u00f1o atendeu preto de 600 consultas o ano pasado e sumou 84 novas usuarias -","isPartOf":{"@id":"https:\/\/www.anovapeneira.gal\/#website"},"primaryImageOfPage":{"@id":"https:\/\/www.anovapeneira.gal\/index.php\/2022\/03\/09\/o-cim-do-porrino-atendeu-preto-de-600-consultas-o-ano-pasado-e-sumou-84-novas-usuarias\/#primaryimage"},"image":{"@id":"https:\/\/www.anovapeneira.gal\/index.php\/2022\/03\/09\/o-cim-do-porrino-atendeu-preto-de-600-consultas-o-ano-pasado-e-sumou-84-novas-usuarias\/#primaryimage"},"thumbnailUrl":"https:\/\/www.anovapeneira.gal\/wp-content\/uploads\/2022\/03\/CIM.jpg","datePublished":"2022-03-09T11:00:41+00:00","description":"Destaca a atenci\u00f3n \u00e1s v\u00edtimas de violencia de x\u00e9nero (189) e a atenci\u00f3n psicol\u00f3xica (272)","breadcrumb":{"@id":"https:\/\/www.anovapeneira.gal\/index.php\/2022\/03\/09\/o-cim-do-porrino-atendeu-preto-de-600-consultas-o-ano-pasado-e-sumou-84-novas-usuarias\/#breadcrumb"},"inLanguage":"gl-ES","potentialAction":[{"@type":"ReadAction","target":["https:\/\/www.anovapeneira.gal\/index.php\/2022\/03\/09\/o-cim-do-porrino-atendeu-preto-de-600-consultas-o-ano-pasado-e-sumou-84-novas-usuarias\/"]}]},{"@type":"ImageObject","inLanguage":"gl-ES","@id":"https:\/\/www.anovapeneira.gal\/index.php\/2022\/03\/09\/o-cim-do-porrino-atendeu-preto-de-600-consultas-o-ano-pasado-e-sumou-84-novas-usuarias\/#primaryimage","url":"https:\/\/www.anovapeneira.gal\/wp-content\/uploads\/2022\/03\/CIM.jpg","contentUrl":"https:\/\/www.anovapeneira.gal\/wp-content\/uploads\/2022\/03\/CIM.jpg","width":720,"height":432,"caption":"cim"},{"@type":"BreadcrumbList","@id":"https:\/\/www.anovapeneira.gal\/index.php\/2022\/03\/09\/o-cim-do-porrino-atendeu-preto-de-600-consultas-o-ano-pasado-e-sumou-84-novas-usuarias\/#breadcrumb","itemListElement":[{"@type":"ListItem","position":1,"name":"Portada","item":"https:\/\/www.anovapeneira.gal\/"},{"@type":"ListItem","position":2,"name":"O CIM do Porri\u00f1o atendeu preto de 600 consultas o ano pasado e sumou 84 novas usuarias"}]},{"@type":"WebSite","@id":"https:\/\/www.anovapeneira.gal\/#website","url":"https:\/\/www.anovapeneira.gal\/","name":"","description":"Xornal galego de informaci\u00f3n xeral Publicaci\u00f3n mensual de novas de Galicia e en especial dos Concellos da sur da provincia de Pontevedra.","publisher":{"@id":"https:\/\/www.anovapeneira.gal\/#organization"},"potentialAction":[{"@type":"SearchAction","target":{"@type":"EntryPoint","urlTemplate":"https:\/\/www.anovapeneira.gal\/?s={search_term_string}"},"query-input":{"@type":"PropertyValueSpecification","valueRequired":true,"valueName":"search_term_string"}}],"inLanguage":"gl-ES"},{"@type":"Organization","@id":"https:\/\/www.anovapeneira.gal\/#organization","name":"A Nova Peneira","url":"https:\/\/www.anovapeneira.gal\/","logo":{"@type":"ImageObject","inLanguage":"gl-ES","@id":"https:\/\/www.anovapeneira.gal\/#\/schema\/logo\/image\/","url":"http:\/\/www.anovapeneira.gal\/wp-content\/uploads\/2019\/06\/logo_a_nova_peneira_portal_web.png","contentUrl":"http:\/\/www.anovapeneira.gal\/wp-content\/uploads\/2019\/06\/logo_a_nova_peneira_portal_web.png","width":300,"height":100,"caption":"A Nova Peneira"},"image":{"@id":"https:\/\/www.anovapeneira.gal\/#\/schema\/logo\/image\/"},"sameAs":["https:\/\/www.facebook.com\/anovapeneira","https:\/\/x.com\/APeneira"]},{"@type":"Person","@id":"https:\/\/www.anovapeneira.gal\/#\/schema\/person\/b93e3f8932e3f8da96334607eb6ac6aa","name":"Redacci\u00f3n A Nova Peneira","image":{"@type":"ImageObject","inLanguage":"gl-ES","@id":"https:\/\/secure.gravatar.com\/avatar\/c052a2551a06e23fac63626232eaa90abd78dbcf1700fc46a2b2c89fd27b735f?s=96&d=mm&r=g","url":"https:\/\/secure.gravatar.com\/avatar\/c052a2551a06e23fac63626232eaa90abd78dbcf1700fc46a2b2c89fd27b735f?s=96&d=mm&r=g","contentUrl":"https:\/\/secure.gravatar.com\/avatar\/c052a2551a06e23fac63626232eaa90abd78dbcf1700fc46a2b2c89fd27b735f?s=96&d=mm&r=g","caption":"Redacci\u00f3n A Nova Peneira"},"sameAs":["http:\/\/www.anovapeneira.gal\/"],"url":"https:\/\/www.anovapeneira.gal\/index.php\/author\/redactor\/"}]}},"jetpack_featured_media_url":"https:\/\/www.anovapeneira.gal\/wp-content\/uploads\/2022\/03\/CIM.jpg","_links":{"self":[{"href":"https:\/\/www.anovapeneira.gal\/index.php\/wp-json\/wp\/v2\/posts\/7086","targetHints":{"allow":["GET"]}}],"collection":[{"href":"https:\/\/www.anovapeneira.gal\/index.php\/wp-json\/wp\/v2\/posts"}],"about":[{"href":"https:\/\/www.anovapeneira.gal\/index.php\/wp-json\/wp\/v2\/types\/post"}],"author":[{"embeddable":true,"href":"https:\/\/www.anovapeneira.gal\/index.php\/wp-json\/wp\/v2\/users\/3"}],"replies":[{"embeddable":true,"href":"https:\/\/www.anovapeneira.gal\/index.php\/wp-json\/wp\/v2\/comments?post=7086"}],"version-history":[{"count":1,"href":"https:\/\/www.anovapeneira.gal\/index.php\/wp-json\/wp\/v2\/posts\/7086\/revisions"}],"predecessor-version":[{"id":7088,"href":"https:\/\/www.anovapeneira.gal\/index.php\/wp-json\/wp\/v2\/posts\/7086\/revisions\/7088"}],"wp:featuredmedia":[{"embeddable":true,"href":"https:\/\/www.anovapeneira.gal\/index.php\/wp-json\/wp\/v2\/media\/7087"}],"wp:attachment":[{"href":"https:\/\/www.anovapeneira.gal\/index.php\/wp-json\/wp\/v2\/media?parent=7086"}],"wp:term":[{"taxonomy":"category","embeddable":true,"href":"https:\/\/www.anovapeneira.gal\/index.php\/wp-json\/wp\/v2\/categories?post=7086"},{"taxonomy":"post_tag","embeddable":true,"href":"https:\/\/www.anovapeneira.gal\/index.php\/wp-json\/wp\/v2\/tags?post=7086"}],"curies":[{"name":"wp","href":"https:\/\/api.w.org\/{rel}","templated":true}]}}