{"id":7103,"date":"2022-03-11T10:00:41","date_gmt":"2022-03-11T09:00:41","guid":{"rendered":"https:\/\/www.anovapeneira.gal\/?p=7103"},"modified":"2022-03-07T10:59:22","modified_gmt":"2022-03-07T09:59:22","slug":"o-que-non-nos-contan-con-rusia-sen-amor","status":"publish","type":"post","link":"https:\/\/www.anovapeneira.gal\/index.php\/2022\/03\/11\/o-que-non-nos-contan-con-rusia-sen-amor\/","title":{"rendered":"O que non nos contan. Con Rusia sen amor"},"content":{"rendered":"\n<figure class=\"wp-block-image size-full is-resized\"><img loading=\"lazy\" decoding=\"async\" src=\"https:\/\/www.anovapeneira.gal\/wp-content\/uploads\/2019\/07\/moncho_lareu_a_nova_peneira_bn.jpg\" alt=\"\" class=\"wp-image-751\" width=\"95\" height=\"111\"\/><figcaption>Moncho Lareu. Militante independista<\/figcaption><\/figure>\n\n\n\n<p>\u201cA primeira v\u00edtima dunha guerra \u00e9 a verdade\u201d, algo as\u00ed dixo o senador estadounidense Hiram Johnson hai 125 anos. Isto mesmo est\u00e1molo a experimentar nestes d\u00edas nos que uns medios de comunicaci\u00f3n nada afeitos xa a nos contar a verdade, converteron os seus informativos en \u201cpartes de guerra\u201d e a s\u00faa programaci\u00f3n en propaganda manique\u00edsta.<\/p>\n\n\n\n<p>Insatisfeitos con ter practicamente o monopolio da informaci\u00f3n ou, o que \u00e9 o mesmo, o monopolio da propaganda, o poder admistrativo do imperialismo en Europa \u2013a Uni\u00f3n Europea\u2013 prohibe tam\u00e9n a emisi\u00f3n de Rusia Today e Sputnik gard\u00e1ndose para si a exclusividade da mentira b\u00e9lica. Faise, polo tanto, necesario difundirmos o que outros non difunden.<\/p>\n\n\n\n<p>Non \u00e9 a mi\u00f1a intenci\u00f3n facer contrapropaganda, a\u00ednda que esta for lex\u00edtima, dado a pouca difusi\u00f3n que temos as xentes do com\u00fan que nos expresamos en medios humildes. Ser\u00eda inxenua empresa. Tan s\u00f3 pretendo dar a co\u00f1ecer uns cantos datos que non se divulgam nos medios oficiais, nos voceiros do Poder, \u00e9 dicir, o que se nos oculta. Eis, a saber:<\/p>\n\n\n\n<p>1. Ucra\u00edna non \u00e9 unha realidade nacional homox\u00e9nea e nela conviven \u2013ou conviv\u00edan\u2013 dende hai s\u00e9culos varias nacionalidades entre as que est\u00e1 tam\u00e9n a rusa. Foi coa Revoluci\u00f3n Bolxevique, e coa s\u00faa adhesi\u00f3n \u00e1 Uni\u00f3n Sovi\u00e9tica, cando Ucra\u00edna disfrutou por primeira vez na s\u00faa historia de democracia, igualdade e dereito \u00e1 autodeterminaci\u00f3n.<\/p>\n\n\n\n<p>2. Durante a invasi\u00f3n nazi da II\u00aa Guerra Mundial, as antigas forzas reaccionarias e prozaristas colaboraron co III\u00ba Reich e abrazaron o racismo \u201cantieslavo\u201d [sic] e a xenofobia antirrusa. Tam\u00e9n se propagou o delirante mito de \u201cholodomor\u201d, unha suposta grande fame que ter\u00eda sido promovida polos bolxeviques para exterminar \u00e1 poboaci\u00f3n do pa\u00eds.<\/p>\n\n\n\n<p>3. Tras o colapso da URSS, a malchamada &#8220;Revoluci\u00f3n\u201d Laranxa foi un golpe de estado ultranacionalista planificado e apoiado pola Casa Branca por medio da CIA e outros axentes. Este tipo de manobras intervencionistas dirixidas dende os EEUU xa foran tristemente co\u00f1ecidas na Am\u00e9rica Latina dende as d\u00e9cadas dos 70 e 80 do XX.<\/p>\n\n\n\n<p>4. O ultranacionalismo ucra\u00edno actual est\u00e1 inspirado en S. Bandera, un supremacista que colaborou co nazismo alem\u00e1n no xenocidio das minor\u00edas \u00e9tnicas do pa\u00eds. Boa parte das forzas pol\u00edticas legais do actual r\u00e9xime pol\u00edtico ucra\u00edno beben destas fontes fundamentadas no fascismo, no anticomunismo e no ultraliberalismo \u201ceurope\u00edsta\u201d.<\/p>\n\n\n\n<p>5. A contrarrevoluci\u00f3n denominada \u201cEuro Maidan\u201d foi outro golpe de estado ultranacionalista organizado para enmendar, outravolta, uns resultados electorais completamente democr\u00e1ticos. De novo, o intervencionismo otanista utilizou a desestabilizaci\u00f3n, a manipulaci\u00f3n medi\u00e1tica e a xenofobia para subverter o resultado das urnas.<\/p>\n\n\n\n<p>6. Tras isto, un goberno formado por ultranacionalistas e neonazis ilegalizou partidos obreiros, socialistas e comunistas e permitiron a impunidade dos asasinatos pol\u00edticos. O m\u00e1is co\u00f1ecido foi o incendio provocado no edificio dos sindicatos de Odessa, no cal foron queimados vivos medio cento de sindicalistas e militantes de esquerda.<\/p>\n\n\n\n<p>7. O ex\u00e9rcito ucra\u00edno, no cal se integraron \u2013co visto e prace do goberno de Kiev\u2013 milicias neonazis como o Batall\u00f3n Azov, leva facendo unha limpeza \u00e9tnica xenocida en Donbass dende hai oito longos anos. Nesta masacre silenciada, Ucra\u00edna leva asasinadas a m\u00e1is de 14 mil persoas, moitas delas civ\u00eds, entre as cales se atopan moitos nenos e nenas.<\/p>\n\n\n\n<p>8. De feito, foron Ucra\u00edna e a OTAN quen violaron continuadamente os Acordos de Minsk no relativo os masacres do ex\u00e9rcito ucra\u00edno sobre a poboaci\u00f3n civil de Donbass. A diplomacia da Federaci\u00f3n Rusa leva anos denunciando eses incumprimentos coa calada por resposta por parte das potencias imperialistas occidentais e dos seus estados monicreques.<\/p>\n\n\n\n<p>Finalmente, c\u00f3mpre esclarecer que os comunistas pouca ou nada simpat\u00eda podemos ter polo V. Putin, un personaxe que foi posto a\u00ed precisamente para evitar o acceso ao poder do Partido Comunista da Federaci\u00f3n Rusa, forza l\u00edder da oposici\u00f3n. Por\u00e9n, moita menos simpat\u00eda podemos ter por un goberno ucra\u00edno criminal, racista, nazi e supremacista.<\/p>\n","protected":false},"excerpt":{"rendered":"<div class=\"mh-excerpt\"><p>\u201cA primeira v\u00edtima dunha guerra \u00e9 a verdade\u201d, algo as\u00ed dixo o senador estadounidense Hiram Johnson hai 125 anos. Isto mesmo est\u00e1molo a experimentar nestes d\u00edas nos que uns medios de comunicaci\u00f3n nada afeitos xa a nos contar a verdade, converteron os seus informativos en \u201cpartes de guerra\u201d e a s\u00faa programaci\u00f3n en propaganda manique\u00edsta. <a class=\"mh-excerpt-more\" href=\"https:\/\/www.anovapeneira.gal\/index.php\/2022\/03\/11\/o-que-non-nos-contan-con-rusia-sen-amor\/\" title=\"O que non nos contan. Con Rusia sen amor\">[&#8230;]<\/a><\/p>\n<\/div>","protected":false},"author":1,"featured_media":584,"comment_status":"open","ping_status":"open","sticky":false,"template":"","format":"standard","meta":{"_exactmetrics_skip_tracking":false,"_exactmetrics_sitenote_active":false,"_exactmetrics_sitenote_note":"","_exactmetrics_sitenote_category":0,"footnotes":""},"categories":[1],"tags":[],"class_list":{"0":"post-7103","1":"post","2":"type-post","3":"status-publish","4":"format-standard","5":"has-post-thumbnail","7":"category-sin-categoria"},"yoast_head":"<!-- This site is optimized with the Yoast SEO plugin v27.4 - https:\/\/yoast.com\/product\/yoast-seo-wordpress\/ -->\n<title>O que non nos contan. Con Rusia sen amor -<\/title>\n<meta name=\"robots\" content=\"index, follow, max-snippet:-1, max-image-preview:large, max-video-preview:-1\" \/>\n<link rel=\"canonical\" href=\"https:\/\/www.anovapeneira.gal\/index.php\/2022\/03\/11\/o-que-non-nos-contan-con-rusia-sen-amor\/\" \/>\n<meta property=\"og:locale\" content=\"gl_ES\" \/>\n<meta property=\"og:type\" content=\"article\" \/>\n<meta property=\"og:title\" content=\"O que non nos contan. Con Rusia sen amor -\" \/>\n<meta property=\"og:description\" content=\"\u201cA primeira v\u00edtima dunha guerra \u00e9 a verdade\u201d, algo as\u00ed dixo o senador estadounidense Hiram Johnson hai 125 anos. Isto mesmo est\u00e1molo a experimentar nestes d\u00edas nos que uns medios de comunicaci\u00f3n nada afeitos xa a nos contar a verdade, converteron os seus informativos en \u201cpartes de guerra\u201d e a s\u00faa programaci\u00f3n en propaganda manique\u00edsta. [...]\" \/>\n<meta property=\"og:url\" content=\"https:\/\/www.anovapeneira.gal\/index.php\/2022\/03\/11\/o-que-non-nos-contan-con-rusia-sen-amor\/\" \/>\n<meta property=\"article:publisher\" content=\"https:\/\/www.facebook.com\/anovapeneira\" \/>\n<meta property=\"article:author\" content=\"https:\/\/www.facebook.com\/anovapeneira\/\" \/>\n<meta property=\"article:published_time\" content=\"2022-03-11T09:00:41+00:00\" \/>\n<meta property=\"og:image\" content=\"https:\/\/www.anovapeneira.gal\/wp-content\/uploads\/2019\/07\/ARTIGO_DE_OPINION_A_NOVA_PENEIRA.jpg\" \/>\n\t<meta property=\"og:image:width\" content=\"720\" \/>\n\t<meta property=\"og:image:height\" content=\"473\" \/>\n\t<meta property=\"og:image:type\" content=\"image\/jpeg\" \/>\n<meta name=\"author\" content=\"admin\" \/>\n<meta name=\"twitter:card\" content=\"summary_large_image\" \/>\n<meta name=\"twitter:creator\" content=\"@APeneira\" \/>\n<meta name=\"twitter:site\" content=\"@APeneira\" \/>\n<meta name=\"twitter:label1\" content=\"Escrito por\" \/>\n\t<meta name=\"twitter:data1\" content=\"admin\" \/>\n\t<meta name=\"twitter:label2\" content=\"Tempo de lectura\" \/>\n\t<meta name=\"twitter:data2\" content=\"4 minutos\" \/>\n<script type=\"application\/ld+json\" class=\"yoast-schema-graph\">{\"@context\":\"https:\\\/\\\/schema.org\",\"@graph\":[{\"@type\":\"Article\",\"@id\":\"https:\\\/\\\/www.anovapeneira.gal\\\/index.php\\\/2022\\\/03\\\/11\\\/o-que-non-nos-contan-con-rusia-sen-amor\\\/#article\",\"isPartOf\":{\"@id\":\"https:\\\/\\\/www.anovapeneira.gal\\\/index.php\\\/2022\\\/03\\\/11\\\/o-que-non-nos-contan-con-rusia-sen-amor\\\/\"},\"author\":{\"name\":\"admin\",\"@id\":\"https:\\\/\\\/www.anovapeneira.gal\\\/#\\\/schema\\\/person\\\/fb77575328c93684dae4b0075f90c2cb\"},\"headline\":\"O que non nos contan. Con Rusia sen amor\",\"datePublished\":\"2022-03-11T09:00:41+00:00\",\"mainEntityOfPage\":{\"@id\":\"https:\\\/\\\/www.anovapeneira.gal\\\/index.php\\\/2022\\\/03\\\/11\\\/o-que-non-nos-contan-con-rusia-sen-amor\\\/\"},\"wordCount\":704,\"commentCount\":0,\"publisher\":{\"@id\":\"https:\\\/\\\/www.anovapeneira.gal\\\/#organization\"},\"image\":{\"@id\":\"https:\\\/\\\/www.anovapeneira.gal\\\/index.php\\\/2022\\\/03\\\/11\\\/o-que-non-nos-contan-con-rusia-sen-amor\\\/#primaryimage\"},\"thumbnailUrl\":\"https:\\\/\\\/www.anovapeneira.gal\\\/wp-content\\\/uploads\\\/2019\\\/07\\\/ARTIGO_DE_OPINION_A_NOVA_PENEIRA.jpg\",\"articleSection\":[\"Sin categor\u00eda\"],\"inLanguage\":\"gl-ES\",\"potentialAction\":[{\"@type\":\"CommentAction\",\"name\":\"Comment\",\"target\":[\"https:\\\/\\\/www.anovapeneira.gal\\\/index.php\\\/2022\\\/03\\\/11\\\/o-que-non-nos-contan-con-rusia-sen-amor\\\/#respond\"]}]},{\"@type\":\"WebPage\",\"@id\":\"https:\\\/\\\/www.anovapeneira.gal\\\/index.php\\\/2022\\\/03\\\/11\\\/o-que-non-nos-contan-con-rusia-sen-amor\\\/\",\"url\":\"https:\\\/\\\/www.anovapeneira.gal\\\/index.php\\\/2022\\\/03\\\/11\\\/o-que-non-nos-contan-con-rusia-sen-amor\\\/\",\"name\":\"O que non nos contan. Con Rusia sen amor -\",\"isPartOf\":{\"@id\":\"https:\\\/\\\/www.anovapeneira.gal\\\/#website\"},\"primaryImageOfPage\":{\"@id\":\"https:\\\/\\\/www.anovapeneira.gal\\\/index.php\\\/2022\\\/03\\\/11\\\/o-que-non-nos-contan-con-rusia-sen-amor\\\/#primaryimage\"},\"image\":{\"@id\":\"https:\\\/\\\/www.anovapeneira.gal\\\/index.php\\\/2022\\\/03\\\/11\\\/o-que-non-nos-contan-con-rusia-sen-amor\\\/#primaryimage\"},\"thumbnailUrl\":\"https:\\\/\\\/www.anovapeneira.gal\\\/wp-content\\\/uploads\\\/2019\\\/07\\\/ARTIGO_DE_OPINION_A_NOVA_PENEIRA.jpg\",\"datePublished\":\"2022-03-11T09:00:41+00:00\",\"breadcrumb\":{\"@id\":\"https:\\\/\\\/www.anovapeneira.gal\\\/index.php\\\/2022\\\/03\\\/11\\\/o-que-non-nos-contan-con-rusia-sen-amor\\\/#breadcrumb\"},\"inLanguage\":\"gl-ES\",\"potentialAction\":[{\"@type\":\"ReadAction\",\"target\":[\"https:\\\/\\\/www.anovapeneira.gal\\\/index.php\\\/2022\\\/03\\\/11\\\/o-que-non-nos-contan-con-rusia-sen-amor\\\/\"]}]},{\"@type\":\"ImageObject\",\"inLanguage\":\"gl-ES\",\"@id\":\"https:\\\/\\\/www.anovapeneira.gal\\\/index.php\\\/2022\\\/03\\\/11\\\/o-que-non-nos-contan-con-rusia-sen-amor\\\/#primaryimage\",\"url\":\"https:\\\/\\\/www.anovapeneira.gal\\\/wp-content\\\/uploads\\\/2019\\\/07\\\/ARTIGO_DE_OPINION_A_NOVA_PENEIRA.jpg\",\"contentUrl\":\"https:\\\/\\\/www.anovapeneira.gal\\\/wp-content\\\/uploads\\\/2019\\\/07\\\/ARTIGO_DE_OPINION_A_NOVA_PENEIRA.jpg\",\"width\":720,\"height\":473,\"caption\":\"Artigo de opini\u00f3n A Nova Peneira\"},{\"@type\":\"BreadcrumbList\",\"@id\":\"https:\\\/\\\/www.anovapeneira.gal\\\/index.php\\\/2022\\\/03\\\/11\\\/o-que-non-nos-contan-con-rusia-sen-amor\\\/#breadcrumb\",\"itemListElement\":[{\"@type\":\"ListItem\",\"position\":1,\"name\":\"Portada\",\"item\":\"https:\\\/\\\/www.anovapeneira.gal\\\/\"},{\"@type\":\"ListItem\",\"position\":2,\"name\":\"O que non nos contan. Con Rusia sen amor\"}]},{\"@type\":\"WebSite\",\"@id\":\"https:\\\/\\\/www.anovapeneira.gal\\\/#website\",\"url\":\"https:\\\/\\\/www.anovapeneira.gal\\\/\",\"name\":\"\",\"description\":\"Xornal galego de informaci\u00f3n xeral Publicaci\u00f3n mensual de novas de Galicia e en especial dos Concellos da sur da provincia de Pontevedra.\",\"publisher\":{\"@id\":\"https:\\\/\\\/www.anovapeneira.gal\\\/#organization\"},\"potentialAction\":[{\"@type\":\"SearchAction\",\"target\":{\"@type\":\"EntryPoint\",\"urlTemplate\":\"https:\\\/\\\/www.anovapeneira.gal\\\/?s={search_term_string}\"},\"query-input\":{\"@type\":\"PropertyValueSpecification\",\"valueRequired\":true,\"valueName\":\"search_term_string\"}}],\"inLanguage\":\"gl-ES\"},{\"@type\":\"Organization\",\"@id\":\"https:\\\/\\\/www.anovapeneira.gal\\\/#organization\",\"name\":\"A Nova Peneira\",\"url\":\"https:\\\/\\\/www.anovapeneira.gal\\\/\",\"logo\":{\"@type\":\"ImageObject\",\"inLanguage\":\"gl-ES\",\"@id\":\"https:\\\/\\\/www.anovapeneira.gal\\\/#\\\/schema\\\/logo\\\/image\\\/\",\"url\":\"http:\\\/\\\/www.anovapeneira.gal\\\/wp-content\\\/uploads\\\/2019\\\/06\\\/logo_a_nova_peneira_portal_web.png\",\"contentUrl\":\"http:\\\/\\\/www.anovapeneira.gal\\\/wp-content\\\/uploads\\\/2019\\\/06\\\/logo_a_nova_peneira_portal_web.png\",\"width\":300,\"height\":100,\"caption\":\"A Nova Peneira\"},\"image\":{\"@id\":\"https:\\\/\\\/www.anovapeneira.gal\\\/#\\\/schema\\\/logo\\\/image\\\/\"},\"sameAs\":[\"https:\\\/\\\/www.facebook.com\\\/anovapeneira\",\"https:\\\/\\\/x.com\\\/APeneira\"]},{\"@type\":\"Person\",\"@id\":\"https:\\\/\\\/www.anovapeneira.gal\\\/#\\\/schema\\\/person\\\/fb77575328c93684dae4b0075f90c2cb\",\"name\":\"admin\",\"image\":{\"@type\":\"ImageObject\",\"inLanguage\":\"gl-ES\",\"@id\":\"https:\\\/\\\/secure.gravatar.com\\\/avatar\\\/df15c36ce375448325e0bc870e91bbee95947a002eb98dcfd6c2b053e18843e9?s=96&d=mm&r=g\",\"url\":\"https:\\\/\\\/secure.gravatar.com\\\/avatar\\\/df15c36ce375448325e0bc870e91bbee95947a002eb98dcfd6c2b053e18843e9?s=96&d=mm&r=g\",\"contentUrl\":\"https:\\\/\\\/secure.gravatar.com\\\/avatar\\\/df15c36ce375448325e0bc870e91bbee95947a002eb98dcfd6c2b053e18843e9?s=96&d=mm&r=g\",\"caption\":\"admin\"},\"description\":\"Xornal galego de informaci\u00f3n xeral Publicaci\u00f3n mensual de novas de Galicia e en especial dos Concellos da sur da provincia de Pontevedra.\",\"sameAs\":[\"http:\\\/\\\/www.anovapeneira.gal\\\/\",\"https:\\\/\\\/www.facebook.com\\\/anovapeneira\\\/\"],\"url\":\"https:\\\/\\\/www.anovapeneira.gal\\\/index.php\\\/author\\\/admin\\\/\"}]}<\/script>\n<!-- \/ Yoast SEO plugin. -->","yoast_head_json":{"title":"O que non nos contan. Con Rusia sen amor -","robots":{"index":"index","follow":"follow","max-snippet":"max-snippet:-1","max-image-preview":"max-image-preview:large","max-video-preview":"max-video-preview:-1"},"canonical":"https:\/\/www.anovapeneira.gal\/index.php\/2022\/03\/11\/o-que-non-nos-contan-con-rusia-sen-amor\/","og_locale":"gl_ES","og_type":"article","og_title":"O que non nos contan. Con Rusia sen amor -","og_description":"\u201cA primeira v\u00edtima dunha guerra \u00e9 a verdade\u201d, algo as\u00ed dixo o senador estadounidense Hiram Johnson hai 125 anos. Isto mesmo est\u00e1molo a experimentar nestes d\u00edas nos que uns medios de comunicaci\u00f3n nada afeitos xa a nos contar a verdade, converteron os seus informativos en \u201cpartes de guerra\u201d e a s\u00faa programaci\u00f3n en propaganda manique\u00edsta. [...]","og_url":"https:\/\/www.anovapeneira.gal\/index.php\/2022\/03\/11\/o-que-non-nos-contan-con-rusia-sen-amor\/","article_publisher":"https:\/\/www.facebook.com\/anovapeneira","article_author":"https:\/\/www.facebook.com\/anovapeneira\/","article_published_time":"2022-03-11T09:00:41+00:00","og_image":[{"width":720,"height":473,"url":"https:\/\/www.anovapeneira.gal\/wp-content\/uploads\/2019\/07\/ARTIGO_DE_OPINION_A_NOVA_PENEIRA.jpg","type":"image\/jpeg"}],"author":"admin","twitter_card":"summary_large_image","twitter_creator":"@APeneira","twitter_site":"@APeneira","twitter_misc":{"Escrito por":"admin","Tempo de lectura":"4 minutos"},"schema":{"@context":"https:\/\/schema.org","@graph":[{"@type":"Article","@id":"https:\/\/www.anovapeneira.gal\/index.php\/2022\/03\/11\/o-que-non-nos-contan-con-rusia-sen-amor\/#article","isPartOf":{"@id":"https:\/\/www.anovapeneira.gal\/index.php\/2022\/03\/11\/o-que-non-nos-contan-con-rusia-sen-amor\/"},"author":{"name":"admin","@id":"https:\/\/www.anovapeneira.gal\/#\/schema\/person\/fb77575328c93684dae4b0075f90c2cb"},"headline":"O que non nos contan. Con Rusia sen amor","datePublished":"2022-03-11T09:00:41+00:00","mainEntityOfPage":{"@id":"https:\/\/www.anovapeneira.gal\/index.php\/2022\/03\/11\/o-que-non-nos-contan-con-rusia-sen-amor\/"},"wordCount":704,"commentCount":0,"publisher":{"@id":"https:\/\/www.anovapeneira.gal\/#organization"},"image":{"@id":"https:\/\/www.anovapeneira.gal\/index.php\/2022\/03\/11\/o-que-non-nos-contan-con-rusia-sen-amor\/#primaryimage"},"thumbnailUrl":"https:\/\/www.anovapeneira.gal\/wp-content\/uploads\/2019\/07\/ARTIGO_DE_OPINION_A_NOVA_PENEIRA.jpg","articleSection":["Sin categor\u00eda"],"inLanguage":"gl-ES","potentialAction":[{"@type":"CommentAction","name":"Comment","target":["https:\/\/www.anovapeneira.gal\/index.php\/2022\/03\/11\/o-que-non-nos-contan-con-rusia-sen-amor\/#respond"]}]},{"@type":"WebPage","@id":"https:\/\/www.anovapeneira.gal\/index.php\/2022\/03\/11\/o-que-non-nos-contan-con-rusia-sen-amor\/","url":"https:\/\/www.anovapeneira.gal\/index.php\/2022\/03\/11\/o-que-non-nos-contan-con-rusia-sen-amor\/","name":"O que non nos contan. Con Rusia sen amor -","isPartOf":{"@id":"https:\/\/www.anovapeneira.gal\/#website"},"primaryImageOfPage":{"@id":"https:\/\/www.anovapeneira.gal\/index.php\/2022\/03\/11\/o-que-non-nos-contan-con-rusia-sen-amor\/#primaryimage"},"image":{"@id":"https:\/\/www.anovapeneira.gal\/index.php\/2022\/03\/11\/o-que-non-nos-contan-con-rusia-sen-amor\/#primaryimage"},"thumbnailUrl":"https:\/\/www.anovapeneira.gal\/wp-content\/uploads\/2019\/07\/ARTIGO_DE_OPINION_A_NOVA_PENEIRA.jpg","datePublished":"2022-03-11T09:00:41+00:00","breadcrumb":{"@id":"https:\/\/www.anovapeneira.gal\/index.php\/2022\/03\/11\/o-que-non-nos-contan-con-rusia-sen-amor\/#breadcrumb"},"inLanguage":"gl-ES","potentialAction":[{"@type":"ReadAction","target":["https:\/\/www.anovapeneira.gal\/index.php\/2022\/03\/11\/o-que-non-nos-contan-con-rusia-sen-amor\/"]}]},{"@type":"ImageObject","inLanguage":"gl-ES","@id":"https:\/\/www.anovapeneira.gal\/index.php\/2022\/03\/11\/o-que-non-nos-contan-con-rusia-sen-amor\/#primaryimage","url":"https:\/\/www.anovapeneira.gal\/wp-content\/uploads\/2019\/07\/ARTIGO_DE_OPINION_A_NOVA_PENEIRA.jpg","contentUrl":"https:\/\/www.anovapeneira.gal\/wp-content\/uploads\/2019\/07\/ARTIGO_DE_OPINION_A_NOVA_PENEIRA.jpg","width":720,"height":473,"caption":"Artigo de opini\u00f3n A Nova Peneira"},{"@type":"BreadcrumbList","@id":"https:\/\/www.anovapeneira.gal\/index.php\/2022\/03\/11\/o-que-non-nos-contan-con-rusia-sen-amor\/#breadcrumb","itemListElement":[{"@type":"ListItem","position":1,"name":"Portada","item":"https:\/\/www.anovapeneira.gal\/"},{"@type":"ListItem","position":2,"name":"O que non nos contan. Con Rusia sen amor"}]},{"@type":"WebSite","@id":"https:\/\/www.anovapeneira.gal\/#website","url":"https:\/\/www.anovapeneira.gal\/","name":"","description":"Xornal galego de informaci\u00f3n xeral Publicaci\u00f3n mensual de novas de Galicia e en especial dos Concellos da sur da provincia de Pontevedra.","publisher":{"@id":"https:\/\/www.anovapeneira.gal\/#organization"},"potentialAction":[{"@type":"SearchAction","target":{"@type":"EntryPoint","urlTemplate":"https:\/\/www.anovapeneira.gal\/?s={search_term_string}"},"query-input":{"@type":"PropertyValueSpecification","valueRequired":true,"valueName":"search_term_string"}}],"inLanguage":"gl-ES"},{"@type":"Organization","@id":"https:\/\/www.anovapeneira.gal\/#organization","name":"A Nova Peneira","url":"https:\/\/www.anovapeneira.gal\/","logo":{"@type":"ImageObject","inLanguage":"gl-ES","@id":"https:\/\/www.anovapeneira.gal\/#\/schema\/logo\/image\/","url":"http:\/\/www.anovapeneira.gal\/wp-content\/uploads\/2019\/06\/logo_a_nova_peneira_portal_web.png","contentUrl":"http:\/\/www.anovapeneira.gal\/wp-content\/uploads\/2019\/06\/logo_a_nova_peneira_portal_web.png","width":300,"height":100,"caption":"A Nova Peneira"},"image":{"@id":"https:\/\/www.anovapeneira.gal\/#\/schema\/logo\/image\/"},"sameAs":["https:\/\/www.facebook.com\/anovapeneira","https:\/\/x.com\/APeneira"]},{"@type":"Person","@id":"https:\/\/www.anovapeneira.gal\/#\/schema\/person\/fb77575328c93684dae4b0075f90c2cb","name":"admin","image":{"@type":"ImageObject","inLanguage":"gl-ES","@id":"https:\/\/secure.gravatar.com\/avatar\/df15c36ce375448325e0bc870e91bbee95947a002eb98dcfd6c2b053e18843e9?s=96&d=mm&r=g","url":"https:\/\/secure.gravatar.com\/avatar\/df15c36ce375448325e0bc870e91bbee95947a002eb98dcfd6c2b053e18843e9?s=96&d=mm&r=g","contentUrl":"https:\/\/secure.gravatar.com\/avatar\/df15c36ce375448325e0bc870e91bbee95947a002eb98dcfd6c2b053e18843e9?s=96&d=mm&r=g","caption":"admin"},"description":"Xornal galego de informaci\u00f3n xeral Publicaci\u00f3n mensual de novas de Galicia e en especial dos Concellos da sur da provincia de Pontevedra.","sameAs":["http:\/\/www.anovapeneira.gal\/","https:\/\/www.facebook.com\/anovapeneira\/"],"url":"https:\/\/www.anovapeneira.gal\/index.php\/author\/admin\/"}]}},"jetpack_featured_media_url":"https:\/\/www.anovapeneira.gal\/wp-content\/uploads\/2019\/07\/ARTIGO_DE_OPINION_A_NOVA_PENEIRA.jpg","_links":{"self":[{"href":"https:\/\/www.anovapeneira.gal\/index.php\/wp-json\/wp\/v2\/posts\/7103","targetHints":{"allow":["GET"]}}],"collection":[{"href":"https:\/\/www.anovapeneira.gal\/index.php\/wp-json\/wp\/v2\/posts"}],"about":[{"href":"https:\/\/www.anovapeneira.gal\/index.php\/wp-json\/wp\/v2\/types\/post"}],"author":[{"embeddable":true,"href":"https:\/\/www.anovapeneira.gal\/index.php\/wp-json\/wp\/v2\/users\/1"}],"replies":[{"embeddable":true,"href":"https:\/\/www.anovapeneira.gal\/index.php\/wp-json\/wp\/v2\/comments?post=7103"}],"version-history":[{"count":1,"href":"https:\/\/www.anovapeneira.gal\/index.php\/wp-json\/wp\/v2\/posts\/7103\/revisions"}],"predecessor-version":[{"id":7104,"href":"https:\/\/www.anovapeneira.gal\/index.php\/wp-json\/wp\/v2\/posts\/7103\/revisions\/7104"}],"wp:featuredmedia":[{"embeddable":true,"href":"https:\/\/www.anovapeneira.gal\/index.php\/wp-json\/wp\/v2\/media\/584"}],"wp:attachment":[{"href":"https:\/\/www.anovapeneira.gal\/index.php\/wp-json\/wp\/v2\/media?parent=7103"}],"wp:term":[{"taxonomy":"category","embeddable":true,"href":"https:\/\/www.anovapeneira.gal\/index.php\/wp-json\/wp\/v2\/categories?post=7103"},{"taxonomy":"post_tag","embeddable":true,"href":"https:\/\/www.anovapeneira.gal\/index.php\/wp-json\/wp\/v2\/tags?post=7103"}],"curies":[{"name":"wp","href":"https:\/\/api.w.org\/{rel}","templated":true}]}}