{"id":7132,"date":"2022-03-17T10:00:25","date_gmt":"2022-03-17T09:00:25","guid":{"rendered":"https:\/\/www.anovapeneira.gal\/?p=7132"},"modified":"2022-03-14T11:37:43","modified_gmt":"2022-03-14T10:37:43","slug":"a-caniza-a-exame","status":"publish","type":"post","link":"https:\/\/www.anovapeneira.gal\/index.php\/2022\/03\/17\/a-caniza-a-exame\/","title":{"rendered":"A Ca\u00f1iza a exame"},"content":{"rendered":"\n<p><strong>Os cami\u00f1os da vida lev\u00e1ronnos a mergullarnos polas terras da Ca\u00f1iza co obxectivo de co\u00f1ecer, de primeira man, como marcha a s\u00faa realidade pol\u00edtica e sociol\u00f3xica. Nesta primeira xeira da nosa viaxe conversamos con Miguel e con Sandra. El \u00e9 o ex alcalde, do PP, e ela \u00e9 a actual presidenta da asociaci\u00f3n de comerciantes da Ca\u00f1iza. Vela\u00ed vai o que deron de si as nosas conversas<\/strong><\/p>\n\n\n\n<p><strong>Miguel Dom\u00ednguez Ex alcalde da Ca\u00f1iza do PP<\/strong><\/p>\n\n\n\n<p>\u201c <strong>O goberno de Luis Pi\u00f1a \u00e9 un goberno de pura propaganda\u201d<\/strong><\/p>\n\n\n\n<p><strong>Ti entraches en pol\u00edtica no ano 2.011, xa como candidato \u00e1 alcald\u00eda, de onde che veu a vocaci\u00f3n?<\/strong><\/p>\n\n\n\n<blockquote class=\"wp-block-quote is-layout-flow wp-block-quote-is-layout-flow\"><p>Ben, como dis eu non ti\u00f1a experiencia pol\u00edtica ata ese momento, pero si ti\u00f1a unha profunda vinculaci\u00f3n coa sociedade do meu pobo. De feito fun moitos anos presidente do seu equipo de f\u00fatbol<\/p><\/blockquote>\n\n\n\n<p><strong>Botas de menos o mundo do f\u00fatbol?<\/strong><\/p>\n\n\n\n<blockquote class=\"wp-block-quote is-layout-flow wp-block-quote-is-layout-flow\"><p>Non me apartei, sigo mantendo certa vinculaci\u00f3n co equipo. Pero francamente o f\u00fatbol modesto non \u00e9 un mundo nada f\u00e1cil. D\u00e1che moitos problemas ,e pasas moito tempo resolvendo conflitos.<\/p><\/blockquote>\n\n\n\n<p><strong>Ga\u00f1aches no 11 e no 15, en ambos casos con maior\u00eda absoluta, e perdiches no 2.019.Por que?<\/strong><\/p>\n\n\n\n<blockquote class=\"wp-block-quote is-layout-flow wp-block-quote-is-layout-flow\"><p>Perd\u00edn a alcald\u00eda non as elecci\u00f3ns, pois o PP ga\u00f1ou as municipais do 2.019 pero , por moi pouqui\u00f1os votos non nos deu para conservar a maior\u00eda absoluta. Houbo un pacto, politicamente inexplicable entre o PSOE e unha persoa, nese momento en CS, que chegara a ser afiliado do PP que, insisto, politicamente non se entende. S\u00f3 se pode entender desde o prisma da existencia dunha mala relaci\u00f3n persoal coa mi\u00f1a persoa.<\/p><\/blockquote>\n\n\n\n<p><strong>Pero v\u00f3s intentastes negociar con el non?<\/strong><\/p>\n\n\n\n<blockquote class=\"wp-block-quote is-layout-flow wp-block-quote-is-layout-flow\"><p>Si claro, de feito aceptab\u00e1moslle todo o que nos ped\u00eda<\/p><\/blockquote>\n\n\n\n<p><strong>Que vos ped\u00eda?<\/strong><\/p>\n\n\n\n<blockquote class=\"wp-block-quote is-layout-flow wp-block-quote-is-layout-flow\"><p>Tenencia de alcald\u00eda, unha liberaci\u00f3n, despacho propio e persoal adscrito ao seu cargo. Eles venderon de maneira ostentosa o pacto que fixeron co psoe, por certo tivemos que pedir un pleno extraordinario para que nos amosaran ese pacto, e non cumpriron ningunha das condici\u00f3ns pol\u00edticas do pacto.<\/p><\/blockquote>\n\n\n\n<p><strong>Dime algunha desas condici\u00f3ns do pacto que supostamente non cumpriron?<\/strong><\/p>\n\n\n\n<blockquote class=\"wp-block-quote is-layout-flow wp-block-quote-is-layout-flow\"><p>Pois a modo de exemplo unha moi peculiar consistente na construci\u00f3n dun mono ra\u00edl, de ver\u00e1n desde o Pedroso ata o centro urbano, cun investimento superior a 1 mill\u00f3n de \u20ac. Ou a mellora dos accesos \u00e1 Franqueira. N\u00f3s presentamos unha moci\u00f3n no pleno ao respecto diso e curiosamente, a\u00ednda que era unha das condici\u00f3ns do pacto entre PSOE e C,S, rexeit\u00e1rona<\/p><\/blockquote>\n\n\n\n<p><strong>Cando Pi\u00f1a accede a alcald\u00eda acusou ao teu goberno de deixar \u00e1 Ca\u00f1iza nunha moi mala situaci\u00f3n econ\u00f3mica. Eso \u00e9 as\u00ed?<\/strong><\/p>\n\n\n\n<blockquote class=\"wp-block-quote is-layout-flow wp-block-quote-is-layout-flow\"><p>Si, si que acusou. Tam\u00e9n dixo que \u00eda contratou a unha persoa para facer unha auditor\u00eda externa. Esa persoa cobrou 8.500\u20ac polo informe. E de momento est\u00e1 agochado. Debe de ser porque o informe non di o que quere Pi\u00f1a que diga. A situaci\u00f3n econ\u00f3mica da Ca\u00f1iza era semellante \u00e1 de moitos concellos. Pode que tiveramos alg\u00fan problema para liquidar con Fenosa ou Sogama en prazo, pero cos pequenos provedores locais cumprimos escrupulosamente. E el acusar acusou, si, pero non fala das s\u00faas deficiencias de xesti\u00f3n econ\u00f3mica?<\/p><\/blockquote>\n\n\n\n<p><strong>Por exemplo?<\/strong><\/p>\n\n\n\n<blockquote class=\"wp-block-quote is-layout-flow wp-block-quote-is-layout-flow\"><p>A perda da subvenci\u00f3n da piscina, unha subvenci\u00f3n de 130.000\u20ac, a perda das subvenci\u00f3ns do canon ambiental por non presentar as contas en prazo, outras subvenci\u00f3ns que perdeu por non ter a conta xeral cando a ti\u00f1a que ter&#8230;.<\/p><\/blockquote>\n\n\n\n<p><strong>Faime unha valoraci\u00f3n xeral da xesti\u00f3n do goberno actual?<\/strong><\/p>\n\n\n\n<blockquote class=\"wp-block-quote is-layout-flow wp-block-quote-is-layout-flow\"><p>\u00c9 un goberno de propaganda. Gasta moit\u00edsimo en asistencias t\u00e9cnicas e en estudos pero non concreta nada. Non hai ning\u00fan tipo de mellor\u00eda. O que percibo na r\u00faa, incluso en moitos votantes socialistas, \u00e9 decepci\u00f3n. O \u00fanico que fai \u00e9 atacarme a min<\/p><\/blockquote>\n\n\n\n<p><strong>Alg\u00fans dos nosos lectores da Ca\u00f1iza traslad\u00e1ronnos certo malestar pola nova organizaci\u00f3n das feiras. C\u00f3ntanos a t\u00faa versi\u00f3n deste feito?<\/strong><\/p>\n\n\n\n<blockquote class=\"wp-block-quote is-layout-flow wp-block-quote-is-layout-flow\"><p>Os d\u00edas de feira son no noso pobo, desde tempos inmemoriais, os d\u00edas 6 e 20 ag\u00e1s que cadrasen en domingo .Se fose as\u00ed adiant\u00e1banse ao 5 ou ao 19.Nada m\u00e1is chegar \u00e1 alcald\u00eda, Pi\u00f1a publica un bando no que di que as feiras ser\u00edan o 6 e o 20 a\u00ednda que cadrasen en domingo, co que se vulnera o dereito ao descanso dos comerciantes. Cando se d\u00e1 de conta de conta que non \u00e9 legal facelo cun bando inicia unha modificaci\u00f3n da ordenanza reguladora.<\/p><\/blockquote>\n\n\n\n<blockquote class=\"wp-block-quote is-layout-flow wp-block-quote-is-layout-flow\"><p>O malestar foi moi grande , incluso houbo unha protesta nun pleno de persoas afectadas que expresaron o seu grande desacougo porque isto se fixera sen contar cos s\u00faa opini\u00f3n. En outubro do ano 2021 aprobouse definitivamente a modificaci\u00f3n e, agora, as feiras son o 6 e o 20 con independencia de que caian en domingo ou non. Ademais hai o proxecto de d\u00faas novas feiras que son o pen\u00faltimo e o antepen\u00faltimo domingo de mes, co que poder\u00eda darse o caso dalg\u00fan mes en que haxa feiras todos os domingos.<\/p><\/blockquote>\n\n\n\n<p><strong>Se volveses chegar a alcald\u00eda comprom\u00e9teste a cambialo?<\/strong><\/p>\n\n\n\n<blockquote class=\"wp-block-quote is-layout-flow wp-block-quote-is-layout-flow\"><p>Comprom\u00e9tome a facer o que queiran os comerciantes<\/p><\/blockquote>\n\n\n\n<p><strong>Xa vexo que est\u00e1s animado a volver a presentarche como candidato \u00e1 alcald\u00eda?<\/strong><\/p>\n\n\n\n<blockquote class=\"wp-block-quote is-layout-flow wp-block-quote-is-layout-flow\"><p>Si, si que estou moi animado. Quero deixar claro que eu non preciso da pol\u00edtica para vivir. Eu fago pol\u00edtica porque quero defender os intereses do meu pobo.<\/p><\/blockquote>\n\n\n\n<p><strong>Ti es deputado provincial. Como valoras esta experiencia?<\/strong><\/p>\n\n\n\n<blockquote class=\"wp-block-quote is-layout-flow wp-block-quote-is-layout-flow\"><p>Val\u00f3roa de maneira moi positiva. Estou aprendendo moito<\/p><\/blockquote>\n\n\n\n<p><strong>A deputaci\u00f3n trata con equidade aos distintos concellos con independencia do signo pol\u00edtico do seu goberno?<\/strong><\/p>\n\n\n\n<blockquote class=\"wp-block-quote is-layout-flow wp-block-quote-is-layout-flow\"><p>O goberno da deputaci\u00f3n \u00e9 parecido ao goberno da Ca\u00f1iza, un goberno de propaganda. Vigo \u00e9 claramente beneficiada polo goberno da DEP .Vigo \u00e9 un concello dopado pola DEP<\/p><\/blockquote>\n\n\n\n<p><strong>A Xunta trata con equidade aos distintos concellos con independencia do signo pol\u00edtico do seu goberno?<\/strong><\/p>\n\n\n\n<blockquote class=\"wp-block-quote is-layout-flow wp-block-quote-is-layout-flow\"><p>Seguro que alg\u00fan alcalde que non sexa do PP vaiche dicir que non, pero eu o que vexo \u00e9 que si. O fondo de compensaci\u00f3n local da Xunta rep\u00e1rtese en funci\u00f3n de criterios obxectivos<\/p><\/blockquote>\n\n\n\n<p><strong>Por quen apostas para suceder a Feij\u00f3o na Xunta?<\/strong><\/p>\n\n\n\n<blockquote class=\"wp-block-quote is-layout-flow wp-block-quote-is-layout-flow\"><p>Iso ter\u00e1 que dicilo o presidente no seu momento. Eu non o sei. F\u00e1lase de Rueda e a min gustar\u00edame moito pois t\u00e9\u00f1oo en moita estima pol\u00edtica e tam\u00e9n persoal.<\/p><\/blockquote>\n","protected":false},"excerpt":{"rendered":"<div class=\"mh-excerpt\"><p>Os cami\u00f1os da vida lev\u00e1ronnos a mergullarnos polas terras da Ca\u00f1iza co obxectivo de co\u00f1ecer, de primeira man, como marcha a s\u00faa realidade pol\u00edtica e sociol\u00f3xica. Nesta primeira xeira da nosa viaxe conversamos con Miguel e con Sandra. El \u00e9 o ex alcalde, do PP, e ela \u00e9 a actual presidenta da asociaci\u00f3n de comerciantes da Ca\u00f1iza. Vela\u00ed vai o que deron de si as nosas conversas <a class=\"mh-excerpt-more\" href=\"https:\/\/www.anovapeneira.gal\/index.php\/2022\/03\/17\/a-caniza-a-exame\/\" title=\"A Ca\u00f1iza a exame\">[&#8230;]<\/a><\/p>\n<\/div>","protected":false},"author":3,"featured_media":7134,"comment_status":"open","ping_status":"open","sticky":false,"template":"","format":"standard","meta":{"_exactmetrics_skip_tracking":false,"_exactmetrics_sitenote_active":false,"_exactmetrics_sitenote_note":"","_exactmetrics_sitenote_category":0,"footnotes":""},"categories":[25],"tags":[867],"class_list":{"0":"post-7132","1":"post","2":"type-post","3":"status-publish","4":"format-standard","5":"has-post-thumbnail","7":"category-condado","8":"tag-concello-da-caniza"},"yoast_head":"<!-- This site is optimized with the Yoast SEO plugin v27.4 - https:\/\/yoast.com\/product\/yoast-seo-wordpress\/ -->\n<title>A Ca\u00f1iza a exame -<\/title>\n<meta name=\"description\" content=\"Os cami\u00f1os da vida lev\u00e1ronnos a mergullarnos polas terras da Ca\u00f1iza co obxectivo de co\u00f1ecer, de primeira man, como marcha a s\u00faa realidade pol\u00edtica e sociol\u00f3xica. Nesta primeira xeira da nosa viaxe conversamos con Miguel e con Sandra. El \u00e9 o ex alcalde, do PP, e ela \u00e9 a actual presidenta da asociaci\u00f3n de comerciantes da Ca\u00f1iza. Vela\u00ed vai o que deron de si as nosas conversas\" \/>\n<meta name=\"robots\" content=\"index, follow, max-snippet:-1, max-image-preview:large, max-video-preview:-1\" \/>\n<link rel=\"canonical\" href=\"https:\/\/www.anovapeneira.gal\/index.php\/2022\/03\/17\/a-caniza-a-exame\/\" \/>\n<meta property=\"og:locale\" content=\"gl_ES\" \/>\n<meta property=\"og:type\" content=\"article\" \/>\n<meta property=\"og:title\" content=\"A Ca\u00f1iza a exame -\" \/>\n<meta property=\"og:description\" content=\"Os cami\u00f1os da vida lev\u00e1ronnos a mergullarnos polas terras da Ca\u00f1iza co obxectivo de co\u00f1ecer, de primeira man, como marcha a s\u00faa realidade pol\u00edtica e sociol\u00f3xica. Nesta primeira xeira da nosa viaxe conversamos con Miguel e con Sandra. El \u00e9 o ex alcalde, do PP, e ela \u00e9 a actual presidenta da asociaci\u00f3n de comerciantes da Ca\u00f1iza. Vela\u00ed vai o que deron de si as nosas conversas\" \/>\n<meta property=\"og:url\" content=\"https:\/\/www.anovapeneira.gal\/index.php\/2022\/03\/17\/a-caniza-a-exame\/\" \/>\n<meta property=\"article:publisher\" content=\"https:\/\/www.facebook.com\/anovapeneira\" \/>\n<meta property=\"article:published_time\" content=\"2022-03-17T09:00:25+00:00\" \/>\n<meta property=\"og:image\" content=\"https:\/\/www.anovapeneira.gal\/wp-content\/uploads\/2022\/03\/miguel_Dominguez_caniza.jpg\" \/>\n\t<meta property=\"og:image:width\" content=\"720\" \/>\n\t<meta property=\"og:image:height\" content=\"432\" \/>\n\t<meta property=\"og:image:type\" content=\"image\/jpeg\" \/>\n<meta name=\"author\" content=\"Redacci\u00f3n A Nova Peneira\" \/>\n<meta name=\"twitter:card\" content=\"summary_large_image\" \/>\n<meta name=\"twitter:creator\" content=\"@APeneira\" \/>\n<meta name=\"twitter:site\" content=\"@APeneira\" \/>\n<meta name=\"twitter:label1\" content=\"Escrito por\" \/>\n\t<meta name=\"twitter:data1\" content=\"Redacci\u00f3n A Nova Peneira\" \/>\n\t<meta name=\"twitter:label2\" content=\"Tempo de lectura\" \/>\n\t<meta name=\"twitter:data2\" content=\"6 minutos\" \/>\n<script type=\"application\/ld+json\" class=\"yoast-schema-graph\">{\"@context\":\"https:\\\/\\\/schema.org\",\"@graph\":[{\"@type\":\"Article\",\"@id\":\"https:\\\/\\\/www.anovapeneira.gal\\\/index.php\\\/2022\\\/03\\\/17\\\/a-caniza-a-exame\\\/#article\",\"isPartOf\":{\"@id\":\"https:\\\/\\\/www.anovapeneira.gal\\\/index.php\\\/2022\\\/03\\\/17\\\/a-caniza-a-exame\\\/\"},\"author\":{\"name\":\"Redacci\u00f3n A Nova Peneira\",\"@id\":\"https:\\\/\\\/www.anovapeneira.gal\\\/#\\\/schema\\\/person\\\/b93e3f8932e3f8da96334607eb6ac6aa\"},\"headline\":\"A Ca\u00f1iza a exame\",\"datePublished\":\"2022-03-17T09:00:25+00:00\",\"mainEntityOfPage\":{\"@id\":\"https:\\\/\\\/www.anovapeneira.gal\\\/index.php\\\/2022\\\/03\\\/17\\\/a-caniza-a-exame\\\/\"},\"wordCount\":1103,\"commentCount\":0,\"publisher\":{\"@id\":\"https:\\\/\\\/www.anovapeneira.gal\\\/#organization\"},\"image\":{\"@id\":\"https:\\\/\\\/www.anovapeneira.gal\\\/index.php\\\/2022\\\/03\\\/17\\\/a-caniza-a-exame\\\/#primaryimage\"},\"thumbnailUrl\":\"https:\\\/\\\/www.anovapeneira.gal\\\/wp-content\\\/uploads\\\/2022\\\/03\\\/miguel_Dominguez_caniza.jpg\",\"keywords\":[\"Concello da Ca\u00f1iza\"],\"articleSection\":[\"Condado\"],\"inLanguage\":\"gl-ES\",\"potentialAction\":[{\"@type\":\"CommentAction\",\"name\":\"Comment\",\"target\":[\"https:\\\/\\\/www.anovapeneira.gal\\\/index.php\\\/2022\\\/03\\\/17\\\/a-caniza-a-exame\\\/#respond\"]}]},{\"@type\":\"WebPage\",\"@id\":\"https:\\\/\\\/www.anovapeneira.gal\\\/index.php\\\/2022\\\/03\\\/17\\\/a-caniza-a-exame\\\/\",\"url\":\"https:\\\/\\\/www.anovapeneira.gal\\\/index.php\\\/2022\\\/03\\\/17\\\/a-caniza-a-exame\\\/\",\"name\":\"A Ca\u00f1iza a exame -\",\"isPartOf\":{\"@id\":\"https:\\\/\\\/www.anovapeneira.gal\\\/#website\"},\"primaryImageOfPage\":{\"@id\":\"https:\\\/\\\/www.anovapeneira.gal\\\/index.php\\\/2022\\\/03\\\/17\\\/a-caniza-a-exame\\\/#primaryimage\"},\"image\":{\"@id\":\"https:\\\/\\\/www.anovapeneira.gal\\\/index.php\\\/2022\\\/03\\\/17\\\/a-caniza-a-exame\\\/#primaryimage\"},\"thumbnailUrl\":\"https:\\\/\\\/www.anovapeneira.gal\\\/wp-content\\\/uploads\\\/2022\\\/03\\\/miguel_Dominguez_caniza.jpg\",\"datePublished\":\"2022-03-17T09:00:25+00:00\",\"description\":\"Os cami\u00f1os da vida lev\u00e1ronnos a mergullarnos polas terras da Ca\u00f1iza co obxectivo de co\u00f1ecer, de primeira man, como marcha a s\u00faa realidade pol\u00edtica e sociol\u00f3xica. Nesta primeira xeira da nosa viaxe conversamos con Miguel e con Sandra. El \u00e9 o ex alcalde, do PP, e ela \u00e9 a actual presidenta da asociaci\u00f3n de comerciantes da Ca\u00f1iza. Vela\u00ed vai o que deron de si as nosas conversas\",\"breadcrumb\":{\"@id\":\"https:\\\/\\\/www.anovapeneira.gal\\\/index.php\\\/2022\\\/03\\\/17\\\/a-caniza-a-exame\\\/#breadcrumb\"},\"inLanguage\":\"gl-ES\",\"potentialAction\":[{\"@type\":\"ReadAction\",\"target\":[\"https:\\\/\\\/www.anovapeneira.gal\\\/index.php\\\/2022\\\/03\\\/17\\\/a-caniza-a-exame\\\/\"]}]},{\"@type\":\"ImageObject\",\"inLanguage\":\"gl-ES\",\"@id\":\"https:\\\/\\\/www.anovapeneira.gal\\\/index.php\\\/2022\\\/03\\\/17\\\/a-caniza-a-exame\\\/#primaryimage\",\"url\":\"https:\\\/\\\/www.anovapeneira.gal\\\/wp-content\\\/uploads\\\/2022\\\/03\\\/miguel_Dominguez_caniza.jpg\",\"contentUrl\":\"https:\\\/\\\/www.anovapeneira.gal\\\/wp-content\\\/uploads\\\/2022\\\/03\\\/miguel_Dominguez_caniza.jpg\",\"width\":720,\"height\":432,\"caption\":\"Miguel Dom\u00ednguez ex Alcalde Ca\u00f1iza\"},{\"@type\":\"BreadcrumbList\",\"@id\":\"https:\\\/\\\/www.anovapeneira.gal\\\/index.php\\\/2022\\\/03\\\/17\\\/a-caniza-a-exame\\\/#breadcrumb\",\"itemListElement\":[{\"@type\":\"ListItem\",\"position\":1,\"name\":\"Portada\",\"item\":\"https:\\\/\\\/www.anovapeneira.gal\\\/\"},{\"@type\":\"ListItem\",\"position\":2,\"name\":\"A Ca\u00f1iza a exame\"}]},{\"@type\":\"WebSite\",\"@id\":\"https:\\\/\\\/www.anovapeneira.gal\\\/#website\",\"url\":\"https:\\\/\\\/www.anovapeneira.gal\\\/\",\"name\":\"\",\"description\":\"Xornal galego de informaci\u00f3n xeral Publicaci\u00f3n mensual de novas de Galicia e en especial dos Concellos da sur da provincia de Pontevedra.\",\"publisher\":{\"@id\":\"https:\\\/\\\/www.anovapeneira.gal\\\/#organization\"},\"potentialAction\":[{\"@type\":\"SearchAction\",\"target\":{\"@type\":\"EntryPoint\",\"urlTemplate\":\"https:\\\/\\\/www.anovapeneira.gal\\\/?s={search_term_string}\"},\"query-input\":{\"@type\":\"PropertyValueSpecification\",\"valueRequired\":true,\"valueName\":\"search_term_string\"}}],\"inLanguage\":\"gl-ES\"},{\"@type\":\"Organization\",\"@id\":\"https:\\\/\\\/www.anovapeneira.gal\\\/#organization\",\"name\":\"A Nova Peneira\",\"url\":\"https:\\\/\\\/www.anovapeneira.gal\\\/\",\"logo\":{\"@type\":\"ImageObject\",\"inLanguage\":\"gl-ES\",\"@id\":\"https:\\\/\\\/www.anovapeneira.gal\\\/#\\\/schema\\\/logo\\\/image\\\/\",\"url\":\"http:\\\/\\\/www.anovapeneira.gal\\\/wp-content\\\/uploads\\\/2019\\\/06\\\/logo_a_nova_peneira_portal_web.png\",\"contentUrl\":\"http:\\\/\\\/www.anovapeneira.gal\\\/wp-content\\\/uploads\\\/2019\\\/06\\\/logo_a_nova_peneira_portal_web.png\",\"width\":300,\"height\":100,\"caption\":\"A Nova Peneira\"},\"image\":{\"@id\":\"https:\\\/\\\/www.anovapeneira.gal\\\/#\\\/schema\\\/logo\\\/image\\\/\"},\"sameAs\":[\"https:\\\/\\\/www.facebook.com\\\/anovapeneira\",\"https:\\\/\\\/x.com\\\/APeneira\"]},{\"@type\":\"Person\",\"@id\":\"https:\\\/\\\/www.anovapeneira.gal\\\/#\\\/schema\\\/person\\\/b93e3f8932e3f8da96334607eb6ac6aa\",\"name\":\"Redacci\u00f3n A Nova Peneira\",\"image\":{\"@type\":\"ImageObject\",\"inLanguage\":\"gl-ES\",\"@id\":\"https:\\\/\\\/secure.gravatar.com\\\/avatar\\\/c052a2551a06e23fac63626232eaa90abd78dbcf1700fc46a2b2c89fd27b735f?s=96&d=mm&r=g\",\"url\":\"https:\\\/\\\/secure.gravatar.com\\\/avatar\\\/c052a2551a06e23fac63626232eaa90abd78dbcf1700fc46a2b2c89fd27b735f?s=96&d=mm&r=g\",\"contentUrl\":\"https:\\\/\\\/secure.gravatar.com\\\/avatar\\\/c052a2551a06e23fac63626232eaa90abd78dbcf1700fc46a2b2c89fd27b735f?s=96&d=mm&r=g\",\"caption\":\"Redacci\u00f3n A Nova Peneira\"},\"sameAs\":[\"http:\\\/\\\/www.anovapeneira.gal\\\/\"],\"url\":\"https:\\\/\\\/www.anovapeneira.gal\\\/index.php\\\/author\\\/redactor\\\/\"}]}<\/script>\n<!-- \/ Yoast SEO plugin. -->","yoast_head_json":{"title":"A Ca\u00f1iza a exame -","description":"Os cami\u00f1os da vida lev\u00e1ronnos a mergullarnos polas terras da Ca\u00f1iza co obxectivo de co\u00f1ecer, de primeira man, como marcha a s\u00faa realidade pol\u00edtica e sociol\u00f3xica. Nesta primeira xeira da nosa viaxe conversamos con Miguel e con Sandra. El \u00e9 o ex alcalde, do PP, e ela \u00e9 a actual presidenta da asociaci\u00f3n de comerciantes da Ca\u00f1iza. Vela\u00ed vai o que deron de si as nosas conversas","robots":{"index":"index","follow":"follow","max-snippet":"max-snippet:-1","max-image-preview":"max-image-preview:large","max-video-preview":"max-video-preview:-1"},"canonical":"https:\/\/www.anovapeneira.gal\/index.php\/2022\/03\/17\/a-caniza-a-exame\/","og_locale":"gl_ES","og_type":"article","og_title":"A Ca\u00f1iza a exame -","og_description":"Os cami\u00f1os da vida lev\u00e1ronnos a mergullarnos polas terras da Ca\u00f1iza co obxectivo de co\u00f1ecer, de primeira man, como marcha a s\u00faa realidade pol\u00edtica e sociol\u00f3xica. Nesta primeira xeira da nosa viaxe conversamos con Miguel e con Sandra. El \u00e9 o ex alcalde, do PP, e ela \u00e9 a actual presidenta da asociaci\u00f3n de comerciantes da Ca\u00f1iza. Vela\u00ed vai o que deron de si as nosas conversas","og_url":"https:\/\/www.anovapeneira.gal\/index.php\/2022\/03\/17\/a-caniza-a-exame\/","article_publisher":"https:\/\/www.facebook.com\/anovapeneira","article_published_time":"2022-03-17T09:00:25+00:00","og_image":[{"width":720,"height":432,"url":"https:\/\/www.anovapeneira.gal\/wp-content\/uploads\/2022\/03\/miguel_Dominguez_caniza.jpg","type":"image\/jpeg"}],"author":"Redacci\u00f3n A Nova Peneira","twitter_card":"summary_large_image","twitter_creator":"@APeneira","twitter_site":"@APeneira","twitter_misc":{"Escrito por":"Redacci\u00f3n A Nova Peneira","Tempo de lectura":"6 minutos"},"schema":{"@context":"https:\/\/schema.org","@graph":[{"@type":"Article","@id":"https:\/\/www.anovapeneira.gal\/index.php\/2022\/03\/17\/a-caniza-a-exame\/#article","isPartOf":{"@id":"https:\/\/www.anovapeneira.gal\/index.php\/2022\/03\/17\/a-caniza-a-exame\/"},"author":{"name":"Redacci\u00f3n A Nova Peneira","@id":"https:\/\/www.anovapeneira.gal\/#\/schema\/person\/b93e3f8932e3f8da96334607eb6ac6aa"},"headline":"A Ca\u00f1iza a exame","datePublished":"2022-03-17T09:00:25+00:00","mainEntityOfPage":{"@id":"https:\/\/www.anovapeneira.gal\/index.php\/2022\/03\/17\/a-caniza-a-exame\/"},"wordCount":1103,"commentCount":0,"publisher":{"@id":"https:\/\/www.anovapeneira.gal\/#organization"},"image":{"@id":"https:\/\/www.anovapeneira.gal\/index.php\/2022\/03\/17\/a-caniza-a-exame\/#primaryimage"},"thumbnailUrl":"https:\/\/www.anovapeneira.gal\/wp-content\/uploads\/2022\/03\/miguel_Dominguez_caniza.jpg","keywords":["Concello da Ca\u00f1iza"],"articleSection":["Condado"],"inLanguage":"gl-ES","potentialAction":[{"@type":"CommentAction","name":"Comment","target":["https:\/\/www.anovapeneira.gal\/index.php\/2022\/03\/17\/a-caniza-a-exame\/#respond"]}]},{"@type":"WebPage","@id":"https:\/\/www.anovapeneira.gal\/index.php\/2022\/03\/17\/a-caniza-a-exame\/","url":"https:\/\/www.anovapeneira.gal\/index.php\/2022\/03\/17\/a-caniza-a-exame\/","name":"A Ca\u00f1iza a exame -","isPartOf":{"@id":"https:\/\/www.anovapeneira.gal\/#website"},"primaryImageOfPage":{"@id":"https:\/\/www.anovapeneira.gal\/index.php\/2022\/03\/17\/a-caniza-a-exame\/#primaryimage"},"image":{"@id":"https:\/\/www.anovapeneira.gal\/index.php\/2022\/03\/17\/a-caniza-a-exame\/#primaryimage"},"thumbnailUrl":"https:\/\/www.anovapeneira.gal\/wp-content\/uploads\/2022\/03\/miguel_Dominguez_caniza.jpg","datePublished":"2022-03-17T09:00:25+00:00","description":"Os cami\u00f1os da vida lev\u00e1ronnos a mergullarnos polas terras da Ca\u00f1iza co obxectivo de co\u00f1ecer, de primeira man, como marcha a s\u00faa realidade pol\u00edtica e sociol\u00f3xica. Nesta primeira xeira da nosa viaxe conversamos con Miguel e con Sandra. El \u00e9 o ex alcalde, do PP, e ela \u00e9 a actual presidenta da asociaci\u00f3n de comerciantes da Ca\u00f1iza. Vela\u00ed vai o que deron de si as nosas conversas","breadcrumb":{"@id":"https:\/\/www.anovapeneira.gal\/index.php\/2022\/03\/17\/a-caniza-a-exame\/#breadcrumb"},"inLanguage":"gl-ES","potentialAction":[{"@type":"ReadAction","target":["https:\/\/www.anovapeneira.gal\/index.php\/2022\/03\/17\/a-caniza-a-exame\/"]}]},{"@type":"ImageObject","inLanguage":"gl-ES","@id":"https:\/\/www.anovapeneira.gal\/index.php\/2022\/03\/17\/a-caniza-a-exame\/#primaryimage","url":"https:\/\/www.anovapeneira.gal\/wp-content\/uploads\/2022\/03\/miguel_Dominguez_caniza.jpg","contentUrl":"https:\/\/www.anovapeneira.gal\/wp-content\/uploads\/2022\/03\/miguel_Dominguez_caniza.jpg","width":720,"height":432,"caption":"Miguel Dom\u00ednguez ex Alcalde Ca\u00f1iza"},{"@type":"BreadcrumbList","@id":"https:\/\/www.anovapeneira.gal\/index.php\/2022\/03\/17\/a-caniza-a-exame\/#breadcrumb","itemListElement":[{"@type":"ListItem","position":1,"name":"Portada","item":"https:\/\/www.anovapeneira.gal\/"},{"@type":"ListItem","position":2,"name":"A Ca\u00f1iza a exame"}]},{"@type":"WebSite","@id":"https:\/\/www.anovapeneira.gal\/#website","url":"https:\/\/www.anovapeneira.gal\/","name":"","description":"Xornal galego de informaci\u00f3n xeral Publicaci\u00f3n mensual de novas de Galicia e en especial dos Concellos da sur da provincia de Pontevedra.","publisher":{"@id":"https:\/\/www.anovapeneira.gal\/#organization"},"potentialAction":[{"@type":"SearchAction","target":{"@type":"EntryPoint","urlTemplate":"https:\/\/www.anovapeneira.gal\/?s={search_term_string}"},"query-input":{"@type":"PropertyValueSpecification","valueRequired":true,"valueName":"search_term_string"}}],"inLanguage":"gl-ES"},{"@type":"Organization","@id":"https:\/\/www.anovapeneira.gal\/#organization","name":"A Nova Peneira","url":"https:\/\/www.anovapeneira.gal\/","logo":{"@type":"ImageObject","inLanguage":"gl-ES","@id":"https:\/\/www.anovapeneira.gal\/#\/schema\/logo\/image\/","url":"http:\/\/www.anovapeneira.gal\/wp-content\/uploads\/2019\/06\/logo_a_nova_peneira_portal_web.png","contentUrl":"http:\/\/www.anovapeneira.gal\/wp-content\/uploads\/2019\/06\/logo_a_nova_peneira_portal_web.png","width":300,"height":100,"caption":"A Nova Peneira"},"image":{"@id":"https:\/\/www.anovapeneira.gal\/#\/schema\/logo\/image\/"},"sameAs":["https:\/\/www.facebook.com\/anovapeneira","https:\/\/x.com\/APeneira"]},{"@type":"Person","@id":"https:\/\/www.anovapeneira.gal\/#\/schema\/person\/b93e3f8932e3f8da96334607eb6ac6aa","name":"Redacci\u00f3n A Nova Peneira","image":{"@type":"ImageObject","inLanguage":"gl-ES","@id":"https:\/\/secure.gravatar.com\/avatar\/c052a2551a06e23fac63626232eaa90abd78dbcf1700fc46a2b2c89fd27b735f?s=96&d=mm&r=g","url":"https:\/\/secure.gravatar.com\/avatar\/c052a2551a06e23fac63626232eaa90abd78dbcf1700fc46a2b2c89fd27b735f?s=96&d=mm&r=g","contentUrl":"https:\/\/secure.gravatar.com\/avatar\/c052a2551a06e23fac63626232eaa90abd78dbcf1700fc46a2b2c89fd27b735f?s=96&d=mm&r=g","caption":"Redacci\u00f3n A Nova Peneira"},"sameAs":["http:\/\/www.anovapeneira.gal\/"],"url":"https:\/\/www.anovapeneira.gal\/index.php\/author\/redactor\/"}]}},"jetpack_featured_media_url":"https:\/\/www.anovapeneira.gal\/wp-content\/uploads\/2022\/03\/miguel_Dominguez_caniza.jpg","_links":{"self":[{"href":"https:\/\/www.anovapeneira.gal\/index.php\/wp-json\/wp\/v2\/posts\/7132","targetHints":{"allow":["GET"]}}],"collection":[{"href":"https:\/\/www.anovapeneira.gal\/index.php\/wp-json\/wp\/v2\/posts"}],"about":[{"href":"https:\/\/www.anovapeneira.gal\/index.php\/wp-json\/wp\/v2\/types\/post"}],"author":[{"embeddable":true,"href":"https:\/\/www.anovapeneira.gal\/index.php\/wp-json\/wp\/v2\/users\/3"}],"replies":[{"embeddable":true,"href":"https:\/\/www.anovapeneira.gal\/index.php\/wp-json\/wp\/v2\/comments?post=7132"}],"version-history":[{"count":1,"href":"https:\/\/www.anovapeneira.gal\/index.php\/wp-json\/wp\/v2\/posts\/7132\/revisions"}],"predecessor-version":[{"id":7133,"href":"https:\/\/www.anovapeneira.gal\/index.php\/wp-json\/wp\/v2\/posts\/7132\/revisions\/7133"}],"wp:featuredmedia":[{"embeddable":true,"href":"https:\/\/www.anovapeneira.gal\/index.php\/wp-json\/wp\/v2\/media\/7134"}],"wp:attachment":[{"href":"https:\/\/www.anovapeneira.gal\/index.php\/wp-json\/wp\/v2\/media?parent=7132"}],"wp:term":[{"taxonomy":"category","embeddable":true,"href":"https:\/\/www.anovapeneira.gal\/index.php\/wp-json\/wp\/v2\/categories?post=7132"},{"taxonomy":"post_tag","embeddable":true,"href":"https:\/\/www.anovapeneira.gal\/index.php\/wp-json\/wp\/v2\/tags?post=7132"}],"curies":[{"name":"wp","href":"https:\/\/api.w.org\/{rel}","templated":true}]}}