{"id":7137,"date":"2022-03-18T10:00:30","date_gmt":"2022-03-18T09:00:30","guid":{"rendered":"https:\/\/www.anovapeneira.gal\/?p=7137"},"modified":"2022-03-14T11:50:17","modified_gmt":"2022-03-14T10:50:17","slug":"chus-garrote-tenenta-de-alcaldesa-de-ponteareas-polo-psdeg","status":"publish","type":"post","link":"https:\/\/www.anovapeneira.gal\/index.php\/2022\/03\/18\/chus-garrote-tenenta-de-alcaldesa-de-ponteareas-polo-psdeg\/","title":{"rendered":"Chus Garrote tenenta de alcaldesa de Ponteareas polo PSdeG"},"content":{"rendered":"\n<pre class=\"wp-block-verse\">Tino Lago<\/pre>\n\n\n\n<p>Chus \u00e9 unha muller de Ponteareas, nova en idade, ten tres anos menos ca min, pero xa veterana neste mundo da pol\u00edtica. Despois exercer a oposici\u00f3n ao alcalde Salvador Gonz\u00e1lez entrou no goberno con Pepe Represas de alcalde, e agora exerce de tenenta de alcaldesa no mandato de Cristina Fern\u00e1ndez. Chus \u00e9 unha muller profundamente vinculada co seu pobo, malia que vive en Areas \u00e9 natural de Xinzo \u00e9 que exerce a s\u00faa responsabilidade con entusiasmo. N\u00f3s fomos conversar con ela e manif\u00e9stase orgullosa do traballo dos socialistas de Ponteareas no goberno conxunto co Bng, e am\u00f3sase esperanzada en obter un moi bo resultado nas elecci\u00f3ns do 2.023<\/p>\n\n\n\n<p>\u201c<strong>O partido socialista \u00e9 tan responsable como o BNG dos \u00e9xitos deste goberno\u201d<\/strong><\/p>\n\n\n\n<p><strong>Al\u00e9n da tenencia de alcald\u00eda que \u00e1reas levas ti Chus?<\/strong><\/p>\n\n\n\n<blockquote class=\"wp-block-quote is-layout-flow wp-block-quote-is-layout-flow\"><p>V\u00edas e obras, e alumeado<\/p><\/blockquote>\n\n\n\n<p><strong>Canto tempo leva no concello ?<\/strong><\/p>\n\n\n\n<blockquote class=\"wp-block-quote is-layout-flow wp-block-quote-is-layout-flow\"><p>Este \u00e9 o 4\u00ba mandato. Os dous primeiros na oposici\u00f3n e os dous \u00faltimos formando parte do goberno<\/p><\/blockquote>\n\n\n\n<p><strong>E despois de ser oposici\u00f3n 8 anos como levaches o teu primeiro mandato no goberno?<\/strong><\/p>\n\n\n\n<blockquote class=\"wp-block-quote is-layout-flow wp-block-quote-is-layout-flow\"><p>Ter a posibilidade de levar \u00e1 pr\u00e1ctica os nosos proxectos para Ponteareas foi unha experiencia enormemente ilusionante. Recordo con moito cari\u00f1o os meus inicios no goberno municipal. A redacci\u00f3n do documento da estratexia urbana sostible foi desas cousas que me fixo valorar a enorme responsabilidade e importancia que supu\u00f1a participar no goberno do meu querido pobo. Nese primeiro mandato conseguimos arredor de 10 mill\u00f3ns de \u20ac extras de fondos europeos para o concello de Ponteareas, que en grande medida son todas estas obras que estamos mirando na actualidade<\/p><\/blockquote>\n\n\n\n<p><strong>Cando chegastes ao goberno , Ponteareas estaba arruinada?<\/strong><\/p>\n\n\n\n<blockquote class=\"wp-block-quote is-layout-flow wp-block-quote-is-layout-flow\"><p>Si. O noso goberno tivo que pagar en torno a 14 mill\u00f3ns de \u20ac.E estivemos nun plan de pagos a provedores supervisados polo goberno do estado. Esa situaci\u00f3n limitounos moito as actuaci\u00f3ns<\/p><\/blockquote>\n\n\n\n<p><strong>Nese primeiro mandato sent\u00edcheste c\u00f3moda nas relaci\u00f3ns co BNG?<\/strong><\/p>\n\n\n\n<blockquote class=\"wp-block-quote is-layout-flow wp-block-quote-is-layout-flow\"><p>A relaci\u00f3n entre Pepe e eu sempre foi moi cordial e todas as tensi\u00f3ns que tivemos foron resoltas de maneira moi civilizada. Eu tiven claro desde o principio que estabamos condenados a entendernos. Por outra parte a aritm\u00e9tica municipal era m\u00e1is complexa do que \u00e9 agora. Eramos catro grupos os que nos ti\u00f1abamos que entender e non foi nada f\u00e1cil. Te\u00f1o a convicci\u00f3n de que fixemos un moi bo traballo<\/p><\/blockquote>\n\n\n\n<p><strong>E non sentiches certa frustraci\u00f3n por ter baixado , neste segundo mandato, de 4 a 3 actas?<\/strong><\/p>\n\n\n\n<blockquote class=\"wp-block-quote is-layout-flow wp-block-quote-is-layout-flow\"><p>\u00c9 algo que soe ser normal nos bipartitos. A pata m\u00e1is forte dese tipo de gobernos sempre leva todo o m\u00e9rito. Eu no meu interior s\u00edntome tan responsable de todos os \u00e9xitos daquel mandato como o BNG.<\/p><\/blockquote>\n\n\n\n<p><strong>A morte de Pepe foi unha traxedia e unha inxustiza tremenda. Sempre se fala ben dos mortos, pero neste caso a natureza boa e xenerosa de Pepe Represas \u00e9 unha verdade incontrovertible ao meu xu\u00edzo claro<\/strong><\/p>\n\n\n\n<blockquote class=\"wp-block-quote is-layout-flow wp-block-quote-is-layout-flow\"><p>E ao meu tam\u00e9n desde logo. A min o seu falecemento afectoume moit\u00edsimo. El era unha moi boa persoa ademais ti\u00f1amos relaci\u00f3n familiar somos primos segundos. Pero o m\u00e1is importante \u00e9 que compartimos tanto tempo xuntos que inevitablemente creamos un forte v\u00ednculo afectivo. El deixouse a pel para mellorar este concello.<\/p><\/blockquote>\n\n\n\n<p><strong>E chegamos ao segundo mandato. Cales son as actuaci\u00f3ns m\u00e1is importantes que est\u00e1s facendo nas \u00e1reas das que es ti responsable?<\/strong><\/p>\n\n\n\n<blockquote class=\"wp-block-quote is-layout-flow wp-block-quote-is-layout-flow\"><p>Todas as obras que se fan nas parroquias de asfaltado e mellora de cami\u00f1os fanse desde as \u00e1reas das que eu son responsable<\/p><\/blockquote>\n\n\n\n<p><strong>Pero o rural de Ponteareas \u00e9 moi grande<\/strong><\/p>\n\n\n\n<blockquote class=\"wp-block-quote is-layout-flow wp-block-quote-is-layout-flow\"><p>E tanto que si. Ten 400 kmts de v\u00edas. Fixemos obras en Cristi\u00f1ade, en Chan da G\u00e1ndara, en Bugar\u00edn en Gul\u00e1ns, en Ganade&#8230;&#8230;&#8230;Os cartos son limitados para tanta superficie de terreo, pero a mi\u00f1a vontade \u00e9 atender o m\u00e1ximo posible, con equidade eficacia e dilixencia. Temos un proxecto moi interesante para operar na Picara\u00f1a no que imos investir 100.000\u20ac.Por outra parte quixera falar do alumeado porque creo que \u00e9 o proxecto estrela da mi\u00f1a \u00e1rea. Nas subvenci\u00f3ns europeas, que antes che comentaba, conseguimos 4 mill\u00f3ns de \u20ac que dan para mudar as luminarias de todo o concello. Xa temos m\u00e1is do 60% executado. Estamos pondo todas as luces LED<\/p><\/blockquote>\n\n\n\n<p><strong>Os outros dos <a href=\"mailto:concelleir@s\">concelleir@s<\/a> socialistas que \u00e1reas levan?<\/strong><\/p>\n\n\n\n<blockquote class=\"wp-block-quote is-layout-flow wp-block-quote-is-layout-flow\"><p>O compa\u00f1eiro Benito leva novas tecnolox\u00edas e persoal, e a compa\u00f1eira Vanessa leva formaci\u00f3n. Ambos desenvolveron un traballo brillante. Cando chegamos ao concello era case decimon\u00f3nico, os expedientes eran A-Z todos. A modernizaci\u00f3n desta \u00e1rea de novas tecnolox\u00edas, tan importante, froito do traballo do noso compa\u00f1eiro, \u00e9 sobresa\u00ednte. No que respecta ao traballo de Vanessa o \u00e9xito dos nosos obradoiros amosa ben \u00e1s claras o gran traballo que fai. Estamos intentando conseguir este ano o de albanel que penso ser\u00eda moi importante.<\/p><\/blockquote>\n\n\n\n<p><strong>Que percepci\u00f3n observas na veci\u00f1anza sobre a vosa acci\u00f3n de goberno?<\/strong><\/p>\n\n\n\n<blockquote class=\"wp-block-quote is-layout-flow wp-block-quote-is-layout-flow\"><p>Eu creo que moi positiva , o rural est\u00e1 encantado<\/p><\/blockquote>\n\n\n\n<p><strong>F\u00edxate, sen embargo eu, nas r\u00faas do casco urbano, observo importantes niveis de tensi\u00f3n?<\/strong><\/p>\n\n\n\n<blockquote class=\"wp-block-quote is-layout-flow wp-block-quote-is-layout-flow\"><p>A tensi\u00f3n que se nota no casco eu creo que se debe matizar. Tanta obra en tan pouco espazo de tempo \u00e9 inevitable que xere certa tensi\u00f3n. Agardo que se vaia esvaecendo aos poucos pois cando se comprobe que todo \u00e9 para mellorar a calidade de vida da veci\u00f1anza penso que a maior\u00eda valorar\u00e1 que o esforzo e as molestias, que eu entendo e respecto, pagaron a pena.<\/p><\/blockquote>\n\n\n\n<p><strong>Recentemente representantes da plataforma de afectados pola N120 abandonaron unha xuntanza no concello non conformes coa t\u00faa presenza na mesma. Cal \u00e9 a t\u00faa valoraci\u00f3n ao respecto?<\/strong><\/p>\n\n\n\n<blockquote class=\"wp-block-quote is-layout-flow wp-block-quote-is-layout-flow\"><p>Ben, creo que para entendelo c\u00f3mpre pornos en contexto. O Partido socialista pertence \u00e1 asociaci\u00f3n de afectados desde o principio. Eu persoalmente consid\u00e9rome afectada porque vivo en Areas. Cando n\u00f3s entramos no goberno insistimos con firmeza \u00e1 Xunta para que redactara o proxecto para quitar tr\u00e1fico da N120<\/p><\/blockquote>\n\n\n\n<p><strong>Que fac\u00eda a Xunta?<\/strong><\/p>\n\n\n\n<blockquote class=\"wp-block-quote is-layout-flow wp-block-quote-is-layout-flow\"><p>Miraba para outro lado e pas\u00e1balle a pelota ao goberno do estado. Cando entra o PSOE no goberno de Espa\u00f1a colle o toro polos cornos e asume a responsabilidade da redacci\u00f3n dunha variante para Ponteareas. Faise, e f\u00f3mola co\u00f1ecer a Pontevedra. As expectativas da plataforma vense melloradas porque entenden que o proxecto \u00e9 bo. Cando saen os orzamentos do estado non aparece unha partida como tal para a N120 pero si que aparecen partidas xen\u00e9ricas. Sen embargo a plataforma sempre tivo unha actitude hostil cara ao partido socialista en xeral e cara a mi\u00f1a persoa en particular<\/p><\/blockquote>\n\n\n\n<p><strong>Por que?<\/strong><\/p>\n\n\n\n<blockquote class=\"wp-block-quote is-layout-flow wp-block-quote-is-layout-flow\"><p>Pois non o sei. Se cadra entenden que cargando contra n\u00f3s chegan mellor \u00e1 veci\u00f1anza. Pero eu creo que se extralimitaron. Incluso o presidente da xestora do PSOE recibiu algunha mensaxe inadecuada por parte de algu\u00e9n da plataforma. De feito n\u00f3s non avalamos a concentraci\u00f3n na subdelegaci\u00f3n do goberno. N\u00f3s quitamos unha nota na que manifestamos que non iamos aguantar ning\u00fan tipo de actitude inadecuada m\u00e1is. Eles seica se sentiron moi ofendidos e decidiron marcharse da xuntanza \u00e1 que nos convocou a nosa alcaldesa.<\/p><\/blockquote>\n\n\n\n<p><strong>E que pasa co proxecto?<\/strong><\/p>\n\n\n\n<blockquote class=\"wp-block-quote is-layout-flow wp-block-quote-is-layout-flow\"><p>Eu xa hai tempo que decid\u00edn non comprometer unha data m\u00e1is en algo que non dependa de min. O que te\u00f1o a certeza absoluta \u00e9 do compromiso do meu partido con Ponteareas. A mellora da N120 vaise facer.<\/p><\/blockquote>\n\n\n\n<p><strong>Antes pregunteiche polas relaci\u00f3ns con Pepe. E con Cristina?<\/strong><\/p>\n\n\n\n<blockquote class=\"wp-block-quote is-layout-flow wp-block-quote-is-layout-flow\"><p>Son cordiais a\u00ednda que temos sobre a mesa varios puntos de desacordo que esperamos resolver.<\/p><\/blockquote>\n\n\n\n<p><strong>Cales son?<\/strong><\/p>\n\n\n\n<blockquote class=\"wp-block-quote is-layout-flow wp-block-quote-is-layout-flow\"><p>Fundamentalmente os orzamentos e o centro de sa\u00fade. No caso dos orzamentos , por primeira vez, mand\u00e1ronnos \u00e1 oposici\u00f3n sen un consenso previo co partido socialista. E iso xerou certa tensi\u00f3n que conf\u00edo esteamos en v\u00edas de resolver despois dunha xuntanza que acabamos de ter co BNG. E no que respecta \u00e1 ubicaci\u00f3n do novo centro de sa\u00fade tam\u00e9n temos diferencias de criterio co bloque.<\/p><\/blockquote>\n\n\n\n<p><strong>Vas ser a candidata do PSOE nas elecci\u00f3ns municipais do ano pr\u00f3ximo?<\/strong><\/p>\n\n\n\n<blockquote class=\"wp-block-quote is-layout-flow wp-block-quote-is-layout-flow\"><p>A\u00ednda \u00e9 pronto para responder a esa pregunta. Pero se te\u00f1o a confianza das compa\u00f1eiras e compa\u00f1eiros da agrupaci\u00f3n local de Ponteareas eu estarei a\u00ed. Traballar polo ben com\u00fan do meu pobo \u00e9 unha inmensa honra.<\/p><\/blockquote>\n\n\n\n<p><strong>As expectativas electorais para o Partido socialista como as ves?<\/strong><\/p>\n\n\n\n<blockquote class=\"wp-block-quote is-layout-flow wp-block-quote-is-layout-flow\"><p>Eu te\u00f1o a esperanza de que sexan moi favorables.<\/p><\/blockquote>\n","protected":false},"excerpt":{"rendered":"<div class=\"mh-excerpt\"><p>Chus \u00e9 unha muller de Ponteareas, nova en idade, ten tres anos menos ca min, pero xa veterana neste mundo da pol\u00edtica. Despois exercer a oposici\u00f3n ao alcalde Salvador Gonz\u00e1lez entrou no goberno con Pepe Represas de alcalde, e agora exerce de tenenta de alcaldesa no mandato de Cristina Fern\u00e1ndez. Chus \u00e9 unha muller profundamente vinculada co seu pobo, malia que vive en Areas \u00e9 natural de Xinzo \u00e9 que exerce a s\u00faa responsabilidade con entusiasmo <a class=\"mh-excerpt-more\" href=\"https:\/\/www.anovapeneira.gal\/index.php\/2022\/03\/18\/chus-garrote-tenenta-de-alcaldesa-de-ponteareas-polo-psdeg\/\" title=\"Chus Garrote tenenta de alcaldesa de Ponteareas polo PSdeG\">[&#8230;]<\/a><\/p>\n<\/div>","protected":false},"author":2,"featured_media":7138,"comment_status":"open","ping_status":"open","sticky":false,"template":"","format":"standard","meta":{"_exactmetrics_skip_tracking":false,"_exactmetrics_sitenote_active":false,"_exactmetrics_sitenote_note":"","_exactmetrics_sitenote_category":0,"footnotes":""},"categories":[25],"tags":[208],"class_list":{"0":"post-7137","1":"post","2":"type-post","3":"status-publish","4":"format-standard","5":"has-post-thumbnail","7":"category-condado","8":"tag-concello-de-ponteareas"},"yoast_head":"<!-- This site is optimized with the Yoast SEO plugin v27.4 - https:\/\/yoast.com\/product\/yoast-seo-wordpress\/ -->\n<title>Chus Garrote tenenta de alcaldesa de Ponteareas polo PSdeG -<\/title>\n<meta name=\"description\" content=\"Chus \u00e9 unha muller de Ponteareas, nova en idade, ten tres anos menos ca min, pero xa veterana neste mundo da pol\u00edtica. Despois exercer a oposici\u00f3n ao alcalde Salvador Gonz\u00e1lez entrou no goberno con Pepe Represas de alcalde, e agora exerce de tenenta de alcaldesa no mandato de Cristina Fern\u00e1ndez. Chus \u00e9 unha muller profundamente vinculada co seu pobo, malia que vive en Areas \u00e9 natural de Xinzo \u00e9 que exerce a s\u00faa responsabilidade con entusiasmo\" \/>\n<meta name=\"robots\" content=\"index, follow, max-snippet:-1, max-image-preview:large, max-video-preview:-1\" \/>\n<link rel=\"canonical\" href=\"https:\/\/www.anovapeneira.gal\/index.php\/2022\/03\/18\/chus-garrote-tenenta-de-alcaldesa-de-ponteareas-polo-psdeg\/\" \/>\n<meta property=\"og:locale\" content=\"gl_ES\" \/>\n<meta property=\"og:type\" content=\"article\" \/>\n<meta property=\"og:title\" content=\"Chus Garrote tenenta de alcaldesa de Ponteareas polo PSdeG -\" \/>\n<meta property=\"og:description\" content=\"Chus \u00e9 unha muller de Ponteareas, nova en idade, ten tres anos menos ca min, pero xa veterana neste mundo da pol\u00edtica. Despois exercer a oposici\u00f3n ao alcalde Salvador Gonz\u00e1lez entrou no goberno con Pepe Represas de alcalde, e agora exerce de tenenta de alcaldesa no mandato de Cristina Fern\u00e1ndez. Chus \u00e9 unha muller profundamente vinculada co seu pobo, malia que vive en Areas \u00e9 natural de Xinzo \u00e9 que exerce a s\u00faa responsabilidade con entusiasmo\" \/>\n<meta property=\"og:url\" content=\"https:\/\/www.anovapeneira.gal\/index.php\/2022\/03\/18\/chus-garrote-tenenta-de-alcaldesa-de-ponteareas-polo-psdeg\/\" \/>\n<meta property=\"article:publisher\" content=\"https:\/\/www.facebook.com\/anovapeneira\" \/>\n<meta property=\"article:published_time\" content=\"2022-03-18T09:00:30+00:00\" \/>\n<meta property=\"og:image\" content=\"https:\/\/www.anovapeneira.gal\/wp-content\/uploads\/2022\/03\/chus_garrote.jpg\" \/>\n\t<meta property=\"og:image:width\" content=\"720\" \/>\n\t<meta property=\"og:image:height\" content=\"432\" \/>\n\t<meta property=\"og:image:type\" content=\"image\/jpeg\" \/>\n<meta name=\"author\" content=\"Tino Lago\" \/>\n<meta name=\"twitter:card\" content=\"summary_large_image\" \/>\n<meta name=\"twitter:creator\" content=\"@APeneira\" \/>\n<meta name=\"twitter:site\" content=\"@APeneira\" \/>\n<meta name=\"twitter:label1\" content=\"Escrito por\" \/>\n\t<meta name=\"twitter:data1\" content=\"Tino Lago\" \/>\n\t<meta name=\"twitter:label2\" content=\"Tempo de lectura\" \/>\n\t<meta name=\"twitter:data2\" content=\"8 minutos\" \/>\n<script type=\"application\/ld+json\" class=\"yoast-schema-graph\">{\"@context\":\"https:\\\/\\\/schema.org\",\"@graph\":[{\"@type\":\"Article\",\"@id\":\"https:\\\/\\\/www.anovapeneira.gal\\\/index.php\\\/2022\\\/03\\\/18\\\/chus-garrote-tenenta-de-alcaldesa-de-ponteareas-polo-psdeg\\\/#article\",\"isPartOf\":{\"@id\":\"https:\\\/\\\/www.anovapeneira.gal\\\/index.php\\\/2022\\\/03\\\/18\\\/chus-garrote-tenenta-de-alcaldesa-de-ponteareas-polo-psdeg\\\/\"},\"author\":{\"name\":\"Tino Lago\",\"@id\":\"https:\\\/\\\/www.anovapeneira.gal\\\/#\\\/schema\\\/person\\\/424dfe65e3070fd8a44d22d2c088762a\"},\"headline\":\"Chus Garrote tenenta de alcaldesa de Ponteareas polo PSdeG\",\"datePublished\":\"2022-03-18T09:00:30+00:00\",\"mainEntityOfPage\":{\"@id\":\"https:\\\/\\\/www.anovapeneira.gal\\\/index.php\\\/2022\\\/03\\\/18\\\/chus-garrote-tenenta-de-alcaldesa-de-ponteareas-polo-psdeg\\\/\"},\"wordCount\":1434,\"commentCount\":0,\"publisher\":{\"@id\":\"https:\\\/\\\/www.anovapeneira.gal\\\/#organization\"},\"image\":{\"@id\":\"https:\\\/\\\/www.anovapeneira.gal\\\/index.php\\\/2022\\\/03\\\/18\\\/chus-garrote-tenenta-de-alcaldesa-de-ponteareas-polo-psdeg\\\/#primaryimage\"},\"thumbnailUrl\":\"https:\\\/\\\/www.anovapeneira.gal\\\/wp-content\\\/uploads\\\/2022\\\/03\\\/chus_garrote.jpg\",\"keywords\":[\"Concello de Ponteareas\"],\"articleSection\":[\"Condado\"],\"inLanguage\":\"gl-ES\",\"potentialAction\":[{\"@type\":\"CommentAction\",\"name\":\"Comment\",\"target\":[\"https:\\\/\\\/www.anovapeneira.gal\\\/index.php\\\/2022\\\/03\\\/18\\\/chus-garrote-tenenta-de-alcaldesa-de-ponteareas-polo-psdeg\\\/#respond\"]}]},{\"@type\":\"WebPage\",\"@id\":\"https:\\\/\\\/www.anovapeneira.gal\\\/index.php\\\/2022\\\/03\\\/18\\\/chus-garrote-tenenta-de-alcaldesa-de-ponteareas-polo-psdeg\\\/\",\"url\":\"https:\\\/\\\/www.anovapeneira.gal\\\/index.php\\\/2022\\\/03\\\/18\\\/chus-garrote-tenenta-de-alcaldesa-de-ponteareas-polo-psdeg\\\/\",\"name\":\"Chus Garrote tenenta de alcaldesa de Ponteareas polo PSdeG -\",\"isPartOf\":{\"@id\":\"https:\\\/\\\/www.anovapeneira.gal\\\/#website\"},\"primaryImageOfPage\":{\"@id\":\"https:\\\/\\\/www.anovapeneira.gal\\\/index.php\\\/2022\\\/03\\\/18\\\/chus-garrote-tenenta-de-alcaldesa-de-ponteareas-polo-psdeg\\\/#primaryimage\"},\"image\":{\"@id\":\"https:\\\/\\\/www.anovapeneira.gal\\\/index.php\\\/2022\\\/03\\\/18\\\/chus-garrote-tenenta-de-alcaldesa-de-ponteareas-polo-psdeg\\\/#primaryimage\"},\"thumbnailUrl\":\"https:\\\/\\\/www.anovapeneira.gal\\\/wp-content\\\/uploads\\\/2022\\\/03\\\/chus_garrote.jpg\",\"datePublished\":\"2022-03-18T09:00:30+00:00\",\"description\":\"Chus \u00e9 unha muller de Ponteareas, nova en idade, ten tres anos menos ca min, pero xa veterana neste mundo da pol\u00edtica. Despois exercer a oposici\u00f3n ao alcalde Salvador Gonz\u00e1lez entrou no goberno con Pepe Represas de alcalde, e agora exerce de tenenta de alcaldesa no mandato de Cristina Fern\u00e1ndez. Chus \u00e9 unha muller profundamente vinculada co seu pobo, malia que vive en Areas \u00e9 natural de Xinzo \u00e9 que exerce a s\u00faa responsabilidade con entusiasmo\",\"breadcrumb\":{\"@id\":\"https:\\\/\\\/www.anovapeneira.gal\\\/index.php\\\/2022\\\/03\\\/18\\\/chus-garrote-tenenta-de-alcaldesa-de-ponteareas-polo-psdeg\\\/#breadcrumb\"},\"inLanguage\":\"gl-ES\",\"potentialAction\":[{\"@type\":\"ReadAction\",\"target\":[\"https:\\\/\\\/www.anovapeneira.gal\\\/index.php\\\/2022\\\/03\\\/18\\\/chus-garrote-tenenta-de-alcaldesa-de-ponteareas-polo-psdeg\\\/\"]}]},{\"@type\":\"ImageObject\",\"inLanguage\":\"gl-ES\",\"@id\":\"https:\\\/\\\/www.anovapeneira.gal\\\/index.php\\\/2022\\\/03\\\/18\\\/chus-garrote-tenenta-de-alcaldesa-de-ponteareas-polo-psdeg\\\/#primaryimage\",\"url\":\"https:\\\/\\\/www.anovapeneira.gal\\\/wp-content\\\/uploads\\\/2022\\\/03\\\/chus_garrote.jpg\",\"contentUrl\":\"https:\\\/\\\/www.anovapeneira.gal\\\/wp-content\\\/uploads\\\/2022\\\/03\\\/chus_garrote.jpg\",\"width\":720,\"height\":432,\"caption\":\"Chus Garrote\"},{\"@type\":\"BreadcrumbList\",\"@id\":\"https:\\\/\\\/www.anovapeneira.gal\\\/index.php\\\/2022\\\/03\\\/18\\\/chus-garrote-tenenta-de-alcaldesa-de-ponteareas-polo-psdeg\\\/#breadcrumb\",\"itemListElement\":[{\"@type\":\"ListItem\",\"position\":1,\"name\":\"Portada\",\"item\":\"https:\\\/\\\/www.anovapeneira.gal\\\/\"},{\"@type\":\"ListItem\",\"position\":2,\"name\":\"Chus Garrote tenenta de alcaldesa de Ponteareas polo PSdeG\"}]},{\"@type\":\"WebSite\",\"@id\":\"https:\\\/\\\/www.anovapeneira.gal\\\/#website\",\"url\":\"https:\\\/\\\/www.anovapeneira.gal\\\/\",\"name\":\"\",\"description\":\"Xornal galego de informaci\u00f3n xeral Publicaci\u00f3n mensual de novas de Galicia e en especial dos Concellos da sur da provincia de Pontevedra.\",\"publisher\":{\"@id\":\"https:\\\/\\\/www.anovapeneira.gal\\\/#organization\"},\"potentialAction\":[{\"@type\":\"SearchAction\",\"target\":{\"@type\":\"EntryPoint\",\"urlTemplate\":\"https:\\\/\\\/www.anovapeneira.gal\\\/?s={search_term_string}\"},\"query-input\":{\"@type\":\"PropertyValueSpecification\",\"valueRequired\":true,\"valueName\":\"search_term_string\"}}],\"inLanguage\":\"gl-ES\"},{\"@type\":\"Organization\",\"@id\":\"https:\\\/\\\/www.anovapeneira.gal\\\/#organization\",\"name\":\"A Nova Peneira\",\"url\":\"https:\\\/\\\/www.anovapeneira.gal\\\/\",\"logo\":{\"@type\":\"ImageObject\",\"inLanguage\":\"gl-ES\",\"@id\":\"https:\\\/\\\/www.anovapeneira.gal\\\/#\\\/schema\\\/logo\\\/image\\\/\",\"url\":\"http:\\\/\\\/www.anovapeneira.gal\\\/wp-content\\\/uploads\\\/2019\\\/06\\\/logo_a_nova_peneira_portal_web.png\",\"contentUrl\":\"http:\\\/\\\/www.anovapeneira.gal\\\/wp-content\\\/uploads\\\/2019\\\/06\\\/logo_a_nova_peneira_portal_web.png\",\"width\":300,\"height\":100,\"caption\":\"A Nova Peneira\"},\"image\":{\"@id\":\"https:\\\/\\\/www.anovapeneira.gal\\\/#\\\/schema\\\/logo\\\/image\\\/\"},\"sameAs\":[\"https:\\\/\\\/www.facebook.com\\\/anovapeneira\",\"https:\\\/\\\/x.com\\\/APeneira\"]},{\"@type\":\"Person\",\"@id\":\"https:\\\/\\\/www.anovapeneira.gal\\\/#\\\/schema\\\/person\\\/424dfe65e3070fd8a44d22d2c088762a\",\"name\":\"Tino Lago\",\"image\":{\"@type\":\"ImageObject\",\"inLanguage\":\"gl-ES\",\"@id\":\"https:\\\/\\\/secure.gravatar.com\\\/avatar\\\/b3df6a06e44bab3111583b90f0f33a0379ee5e3d22cbadd232d39f21c30c62be?s=96&d=mm&r=g\",\"url\":\"https:\\\/\\\/secure.gravatar.com\\\/avatar\\\/b3df6a06e44bab3111583b90f0f33a0379ee5e3d22cbadd232d39f21c30c62be?s=96&d=mm&r=g\",\"contentUrl\":\"https:\\\/\\\/secure.gravatar.com\\\/avatar\\\/b3df6a06e44bab3111583b90f0f33a0379ee5e3d22cbadd232d39f21c30c62be?s=96&d=mm&r=g\",\"caption\":\"Tino Lago\"},\"sameAs\":[\"http:\\\/\\\/www.anovapeneira.gal\"],\"url\":\"https:\\\/\\\/www.anovapeneira.gal\\\/index.php\\\/author\\\/director\\\/\"}]}<\/script>\n<!-- \/ Yoast SEO plugin. -->","yoast_head_json":{"title":"Chus Garrote tenenta de alcaldesa de Ponteareas polo PSdeG -","description":"Chus \u00e9 unha muller de Ponteareas, nova en idade, ten tres anos menos ca min, pero xa veterana neste mundo da pol\u00edtica. Despois exercer a oposici\u00f3n ao alcalde Salvador Gonz\u00e1lez entrou no goberno con Pepe Represas de alcalde, e agora exerce de tenenta de alcaldesa no mandato de Cristina Fern\u00e1ndez. Chus \u00e9 unha muller profundamente vinculada co seu pobo, malia que vive en Areas \u00e9 natural de Xinzo \u00e9 que exerce a s\u00faa responsabilidade con entusiasmo","robots":{"index":"index","follow":"follow","max-snippet":"max-snippet:-1","max-image-preview":"max-image-preview:large","max-video-preview":"max-video-preview:-1"},"canonical":"https:\/\/www.anovapeneira.gal\/index.php\/2022\/03\/18\/chus-garrote-tenenta-de-alcaldesa-de-ponteareas-polo-psdeg\/","og_locale":"gl_ES","og_type":"article","og_title":"Chus Garrote tenenta de alcaldesa de Ponteareas polo PSdeG -","og_description":"Chus \u00e9 unha muller de Ponteareas, nova en idade, ten tres anos menos ca min, pero xa veterana neste mundo da pol\u00edtica. Despois exercer a oposici\u00f3n ao alcalde Salvador Gonz\u00e1lez entrou no goberno con Pepe Represas de alcalde, e agora exerce de tenenta de alcaldesa no mandato de Cristina Fern\u00e1ndez. Chus \u00e9 unha muller profundamente vinculada co seu pobo, malia que vive en Areas \u00e9 natural de Xinzo \u00e9 que exerce a s\u00faa responsabilidade con entusiasmo","og_url":"https:\/\/www.anovapeneira.gal\/index.php\/2022\/03\/18\/chus-garrote-tenenta-de-alcaldesa-de-ponteareas-polo-psdeg\/","article_publisher":"https:\/\/www.facebook.com\/anovapeneira","article_published_time":"2022-03-18T09:00:30+00:00","og_image":[{"width":720,"height":432,"url":"https:\/\/www.anovapeneira.gal\/wp-content\/uploads\/2022\/03\/chus_garrote.jpg","type":"image\/jpeg"}],"author":"Tino Lago","twitter_card":"summary_large_image","twitter_creator":"@APeneira","twitter_site":"@APeneira","twitter_misc":{"Escrito por":"Tino Lago","Tempo de lectura":"8 minutos"},"schema":{"@context":"https:\/\/schema.org","@graph":[{"@type":"Article","@id":"https:\/\/www.anovapeneira.gal\/index.php\/2022\/03\/18\/chus-garrote-tenenta-de-alcaldesa-de-ponteareas-polo-psdeg\/#article","isPartOf":{"@id":"https:\/\/www.anovapeneira.gal\/index.php\/2022\/03\/18\/chus-garrote-tenenta-de-alcaldesa-de-ponteareas-polo-psdeg\/"},"author":{"name":"Tino Lago","@id":"https:\/\/www.anovapeneira.gal\/#\/schema\/person\/424dfe65e3070fd8a44d22d2c088762a"},"headline":"Chus Garrote tenenta de alcaldesa de Ponteareas polo PSdeG","datePublished":"2022-03-18T09:00:30+00:00","mainEntityOfPage":{"@id":"https:\/\/www.anovapeneira.gal\/index.php\/2022\/03\/18\/chus-garrote-tenenta-de-alcaldesa-de-ponteareas-polo-psdeg\/"},"wordCount":1434,"commentCount":0,"publisher":{"@id":"https:\/\/www.anovapeneira.gal\/#organization"},"image":{"@id":"https:\/\/www.anovapeneira.gal\/index.php\/2022\/03\/18\/chus-garrote-tenenta-de-alcaldesa-de-ponteareas-polo-psdeg\/#primaryimage"},"thumbnailUrl":"https:\/\/www.anovapeneira.gal\/wp-content\/uploads\/2022\/03\/chus_garrote.jpg","keywords":["Concello de Ponteareas"],"articleSection":["Condado"],"inLanguage":"gl-ES","potentialAction":[{"@type":"CommentAction","name":"Comment","target":["https:\/\/www.anovapeneira.gal\/index.php\/2022\/03\/18\/chus-garrote-tenenta-de-alcaldesa-de-ponteareas-polo-psdeg\/#respond"]}]},{"@type":"WebPage","@id":"https:\/\/www.anovapeneira.gal\/index.php\/2022\/03\/18\/chus-garrote-tenenta-de-alcaldesa-de-ponteareas-polo-psdeg\/","url":"https:\/\/www.anovapeneira.gal\/index.php\/2022\/03\/18\/chus-garrote-tenenta-de-alcaldesa-de-ponteareas-polo-psdeg\/","name":"Chus Garrote tenenta de alcaldesa de Ponteareas polo PSdeG -","isPartOf":{"@id":"https:\/\/www.anovapeneira.gal\/#website"},"primaryImageOfPage":{"@id":"https:\/\/www.anovapeneira.gal\/index.php\/2022\/03\/18\/chus-garrote-tenenta-de-alcaldesa-de-ponteareas-polo-psdeg\/#primaryimage"},"image":{"@id":"https:\/\/www.anovapeneira.gal\/index.php\/2022\/03\/18\/chus-garrote-tenenta-de-alcaldesa-de-ponteareas-polo-psdeg\/#primaryimage"},"thumbnailUrl":"https:\/\/www.anovapeneira.gal\/wp-content\/uploads\/2022\/03\/chus_garrote.jpg","datePublished":"2022-03-18T09:00:30+00:00","description":"Chus \u00e9 unha muller de Ponteareas, nova en idade, ten tres anos menos ca min, pero xa veterana neste mundo da pol\u00edtica. Despois exercer a oposici\u00f3n ao alcalde Salvador Gonz\u00e1lez entrou no goberno con Pepe Represas de alcalde, e agora exerce de tenenta de alcaldesa no mandato de Cristina Fern\u00e1ndez. Chus \u00e9 unha muller profundamente vinculada co seu pobo, malia que vive en Areas \u00e9 natural de Xinzo \u00e9 que exerce a s\u00faa responsabilidade con entusiasmo","breadcrumb":{"@id":"https:\/\/www.anovapeneira.gal\/index.php\/2022\/03\/18\/chus-garrote-tenenta-de-alcaldesa-de-ponteareas-polo-psdeg\/#breadcrumb"},"inLanguage":"gl-ES","potentialAction":[{"@type":"ReadAction","target":["https:\/\/www.anovapeneira.gal\/index.php\/2022\/03\/18\/chus-garrote-tenenta-de-alcaldesa-de-ponteareas-polo-psdeg\/"]}]},{"@type":"ImageObject","inLanguage":"gl-ES","@id":"https:\/\/www.anovapeneira.gal\/index.php\/2022\/03\/18\/chus-garrote-tenenta-de-alcaldesa-de-ponteareas-polo-psdeg\/#primaryimage","url":"https:\/\/www.anovapeneira.gal\/wp-content\/uploads\/2022\/03\/chus_garrote.jpg","contentUrl":"https:\/\/www.anovapeneira.gal\/wp-content\/uploads\/2022\/03\/chus_garrote.jpg","width":720,"height":432,"caption":"Chus Garrote"},{"@type":"BreadcrumbList","@id":"https:\/\/www.anovapeneira.gal\/index.php\/2022\/03\/18\/chus-garrote-tenenta-de-alcaldesa-de-ponteareas-polo-psdeg\/#breadcrumb","itemListElement":[{"@type":"ListItem","position":1,"name":"Portada","item":"https:\/\/www.anovapeneira.gal\/"},{"@type":"ListItem","position":2,"name":"Chus Garrote tenenta de alcaldesa de Ponteareas polo PSdeG"}]},{"@type":"WebSite","@id":"https:\/\/www.anovapeneira.gal\/#website","url":"https:\/\/www.anovapeneira.gal\/","name":"","description":"Xornal galego de informaci\u00f3n xeral Publicaci\u00f3n mensual de novas de Galicia e en especial dos Concellos da sur da provincia de Pontevedra.","publisher":{"@id":"https:\/\/www.anovapeneira.gal\/#organization"},"potentialAction":[{"@type":"SearchAction","target":{"@type":"EntryPoint","urlTemplate":"https:\/\/www.anovapeneira.gal\/?s={search_term_string}"},"query-input":{"@type":"PropertyValueSpecification","valueRequired":true,"valueName":"search_term_string"}}],"inLanguage":"gl-ES"},{"@type":"Organization","@id":"https:\/\/www.anovapeneira.gal\/#organization","name":"A Nova Peneira","url":"https:\/\/www.anovapeneira.gal\/","logo":{"@type":"ImageObject","inLanguage":"gl-ES","@id":"https:\/\/www.anovapeneira.gal\/#\/schema\/logo\/image\/","url":"http:\/\/www.anovapeneira.gal\/wp-content\/uploads\/2019\/06\/logo_a_nova_peneira_portal_web.png","contentUrl":"http:\/\/www.anovapeneira.gal\/wp-content\/uploads\/2019\/06\/logo_a_nova_peneira_portal_web.png","width":300,"height":100,"caption":"A Nova Peneira"},"image":{"@id":"https:\/\/www.anovapeneira.gal\/#\/schema\/logo\/image\/"},"sameAs":["https:\/\/www.facebook.com\/anovapeneira","https:\/\/x.com\/APeneira"]},{"@type":"Person","@id":"https:\/\/www.anovapeneira.gal\/#\/schema\/person\/424dfe65e3070fd8a44d22d2c088762a","name":"Tino Lago","image":{"@type":"ImageObject","inLanguage":"gl-ES","@id":"https:\/\/secure.gravatar.com\/avatar\/b3df6a06e44bab3111583b90f0f33a0379ee5e3d22cbadd232d39f21c30c62be?s=96&d=mm&r=g","url":"https:\/\/secure.gravatar.com\/avatar\/b3df6a06e44bab3111583b90f0f33a0379ee5e3d22cbadd232d39f21c30c62be?s=96&d=mm&r=g","contentUrl":"https:\/\/secure.gravatar.com\/avatar\/b3df6a06e44bab3111583b90f0f33a0379ee5e3d22cbadd232d39f21c30c62be?s=96&d=mm&r=g","caption":"Tino Lago"},"sameAs":["http:\/\/www.anovapeneira.gal"],"url":"https:\/\/www.anovapeneira.gal\/index.php\/author\/director\/"}]}},"jetpack_featured_media_url":"https:\/\/www.anovapeneira.gal\/wp-content\/uploads\/2022\/03\/chus_garrote.jpg","_links":{"self":[{"href":"https:\/\/www.anovapeneira.gal\/index.php\/wp-json\/wp\/v2\/posts\/7137","targetHints":{"allow":["GET"]}}],"collection":[{"href":"https:\/\/www.anovapeneira.gal\/index.php\/wp-json\/wp\/v2\/posts"}],"about":[{"href":"https:\/\/www.anovapeneira.gal\/index.php\/wp-json\/wp\/v2\/types\/post"}],"author":[{"embeddable":true,"href":"https:\/\/www.anovapeneira.gal\/index.php\/wp-json\/wp\/v2\/users\/2"}],"replies":[{"embeddable":true,"href":"https:\/\/www.anovapeneira.gal\/index.php\/wp-json\/wp\/v2\/comments?post=7137"}],"version-history":[{"count":1,"href":"https:\/\/www.anovapeneira.gal\/index.php\/wp-json\/wp\/v2\/posts\/7137\/revisions"}],"predecessor-version":[{"id":7139,"href":"https:\/\/www.anovapeneira.gal\/index.php\/wp-json\/wp\/v2\/posts\/7137\/revisions\/7139"}],"wp:featuredmedia":[{"embeddable":true,"href":"https:\/\/www.anovapeneira.gal\/index.php\/wp-json\/wp\/v2\/media\/7138"}],"wp:attachment":[{"href":"https:\/\/www.anovapeneira.gal\/index.php\/wp-json\/wp\/v2\/media?parent=7137"}],"wp:term":[{"taxonomy":"category","embeddable":true,"href":"https:\/\/www.anovapeneira.gal\/index.php\/wp-json\/wp\/v2\/categories?post=7137"},{"taxonomy":"post_tag","embeddable":true,"href":"https:\/\/www.anovapeneira.gal\/index.php\/wp-json\/wp\/v2\/tags?post=7137"}],"curies":[{"name":"wp","href":"https:\/\/api.w.org\/{rel}","templated":true}]}}