{"id":7140,"date":"2022-03-18T12:00:32","date_gmt":"2022-03-18T11:00:32","guid":{"rendered":"https:\/\/www.anovapeneira.gal\/?p=7140"},"modified":"2022-03-14T12:01:49","modified_gmt":"2022-03-14T11:01:49","slug":"eles-deciden-todas-pagamos","status":"publish","type":"post","link":"https:\/\/www.anovapeneira.gal\/index.php\/2022\/03\/18\/eles-deciden-todas-pagamos\/","title":{"rendered":"Eles deciden, todas pagamos"},"content":{"rendered":"\n<figure class=\"wp-block-image size-full is-resized\"><img loading=\"lazy\" decoding=\"async\" src=\"https:\/\/www.anovapeneira.gal\/wp-content\/uploads\/2021\/02\/ruben_cela.jpg\" alt=\"Rub\u00e9n Cela\" class=\"wp-image-4903\" width=\"95\" height=\"115\"\/><figcaption>Presidente da Fundaci\u00f3n Galiza Sempre\n e membro da Executiva Nacional do BNG<\/figcaption><\/figure>\n\n\n\n<p>As clases populares galegas -e do conxunto do estado-, enfr\u00f3ntanse a un grav\u00edsimo problema: a escandalosa suba xeneralizada dos prezos que se traduce nun brusco empobrecemento da maior\u00eda da sociedade. Atop\u00e1monos antes unhas taxas de inflaci\u00f3n absolutamente insoport\u00e1beis: segundo os \u00faltimos datos dispo\u00f1\u00edbeis do <em>Instituto Nacional de Estad\u00edstica<\/em> (INE), referidos ao mes de febreiro, os prezos increment\u00e1ronse na Galiza un 8% (catro d\u00e9cimas por riba da media estatal). Tr\u00e1tase dunha taxa, de por si, alarmante por\u00e9n, nela a\u00ednda non est\u00e1n reflectidas algunhas das subas producidas como consecuencia da guerra na Ucra\u00edna e \u00e1s sanci\u00f3ns comercias \u00e1 Federaci\u00f3n Rusa. Isto fai agoirar, novos incrementos no curto prazo (neste mes de marzo pasaremos xa, moi probabelmente, do 10%) e unha pos\u00edbel estabilizaci\u00f3n no medio prazo en taxas superiores ao 5% durante un per\u00edodo non curto de tempo.<\/p>\n\n\n\n<p>Isto implica a perda de poder adquisitivo do conxunto das galegas e galegos, o dr\u00e1stico empobrecemento de altas capas da nosa sociedade, a perda valor do noso aforro e impor un <em>\u201cimposto adicional\u201d<\/em> que se ceba en quen menos ten xa que, artificialmente, se incrementan as bases impo\u00f1\u00edbeis nominais e fai que paguemos m\u00e1is impostos polo mesmo produto ou servizo. Polo tanto, a inflaci\u00f3n af\u00e9ctanos a todas e a todos. Not\u00e1molo cando vamos ao supermercado, a encher o dep\u00f3sito do coche, pagar a factura da luz ou a calefacci\u00f3n ou cando vemos reducido o valor dos nosos aforros. E n\u00f3tano, especialmente, quen menos ten: persoas xubiladas, no paro ou as m\u00e1is precarizadas. Unha parte moi importante da poboaci\u00f3n galega cobra o mesmo que o ano pasado (hai que ter en conta que menos do 25% dos contratos asinados no noso pa\u00eds est\u00e1n actualizados conforme a suba do IPC). Por\u00e9n, pagan moito m\u00e1is pola luz, a gasolina, gas, ou pola cesta da compra ou alugueiro de vivenda. Isto quere dicir que, sen facer nada, estanse a empobrecer a unha grande velocidade. No mes de xaneiro, o prezo da luz subiu un 46% con respecto ao ano anterior, pero \u00e9 que, no vai de ano, perforou todos os r\u00e9cords hist\u00f3ricos chegando a pagarse o megavatio a m\u00e1is de 700 euros en determinadas franxas horarias. No caso dos carburantes, atopamos gasolineiras ofertando, por vez primeira na historia, gasolina por riba dos 2 euros o litro ou a bombona de butano case un 40% m\u00e1is cara que hai s\u00f3 un ano e rozando xa os 20 euros. Todo isto ao tempo que os beneficios das grandes empresas enerx\u00e9ticas non deixan de medrar (m\u00e1is 6.500 mill\u00f3ns de beneficio entre as tres grandes el\u00e9ctricas en 2021. O presidente de Iberdrola embolsouse 13,2 mill\u00f3ns en 2021 e o de Repsol 4,2 mill\u00f3ns de euros). Simplemente, \u00e9 indecente. E m\u00e1is indecente a\u00ednda \u00e9 que as respostas que nos dan desde o poder sexan como as do Sr. Borrel: de baixar un grao as nosas calefacci\u00f3ns (cando o problema real \u00e9 que moita xente non se pode permitir prendela), como as de Yolanda D\u00edaz e Pedro S\u00e1nchez baseadas na \u201ccontenci\u00f3n salarial\u201d que volver\u00e1n pactar con patronal e sindicatos espa\u00f1ois nunha segunda volta da non derrogaci\u00f3n das reformas laborais do PP ou como as do sr. Feij\u00f3o que son mirar para outro lado como se isto non fora con el.<\/p>\n\n\n\n<p>Al\u00e9n da afectaci\u00f3n individual, a alta inflaci\u00f3n condiciona o conxunto da nosa econom\u00eda, a\u00ednda non recuperada das consecuencias da crise de 2008 e, moitos menos, das da pandemia da covid-19. Esta situaci\u00f3n reduce o consumo, a produci\u00f3n e, como resultado, o investimento e o emprego. Isto, nun estado como espa\u00f1ol cun alta taxa de paro e precariedade e moi dependente enerxeticamente do exterior, ten unhas consecuencias agravadas que poden facer que, un problema, a priori, conxuntural, se poida converter nun problema estrutural e pasemos dunha alta inflaci\u00f3n \u00e1 temida estaflaci\u00f3n. Desde logo, todos os sinais de alarma est\u00e1n a\u00ed: industrias electrointensivas como Megasa ou Ferroatl\u00e1ntica parando polos altos custes enerx\u00e9ticos ou outras como Stellantis (antiga Citro\u00ebn) paralizadas por falta de subministros. Gandeiros sacrificando animais antes de tempo por non poder pagar os piensos para alimentalos. Parte da nosa flota amarrada porque o peixe capturado non d\u00e1 para pagar o gas\u00f3leo ou os nosos camioneiros perdendo di\u00f1eiro cada d\u00eda que fan unha ruta. \u00c9 unha situaci\u00f3n absolutamente insost\u00edbel.<\/p>\n\n\n\n<p>O goberno espa\u00f1ol e a Xunta de Galicia cun presidente de xira-PP por Espa\u00f1a e gobernando Galiza por whatsapp, non se poden seguir po\u00f1endo de perfil, nin moito menos, botar bal\u00f3ns f\u00f3ra bot\u00e1ndolle toda a culpa da situaci\u00f3n a Putin. \u00c9 indiscut\u00edbel que a guerra na Ucra\u00edna e as s\u00faas consecuencias agrandan o problema, mais non \u00e9 menos indiscut\u00edbel que esta situaci\u00f3n non ven motivada nin exclusiva nin fundamentalmente, pola guerra na Ucra\u00edna. O problema ven xa moi de atr\u00e1s e as s\u00faas causas son moito m\u00e1is profundas. Que non nos falten a nosa intelixencia: un ano antes da guerra na Ucra\u00edna desde o nacionalismo galego xa vi\u00f1amos advertindo deste problema. A diferencia \u00e9 que mentres outros estados levan meses tomando medidas dr\u00e1sticas para conter esta escalada e mitigar o seu efecto nas capas sociais m\u00e1is desprotexidas (Polonia hai tempo que xa eliminou o IVE nos combust\u00edbeis e alimentos ou Turqu\u00eda baixo o IVE dos alimentos do 8% ao 1%), na Galiza e no estado espa\u00f1ol non se ten tomado ningunha medida con efectos reais.<\/p>\n\n\n\n<p>A soluci\u00f3n, pasa, como xa ten proposto o BNG por medidas como a baixada temporal de impostos en alimentos e enerx\u00eda, a suba de salarios, prensi\u00f3ns m\u00ednimas e prestaci\u00f3ns sociais ou medidas como a creaci\u00f3n dunha banca p\u00fablica, unha empresa p\u00fablica de enerx\u00eda, un novo sistema tarifario enerx\u00e9tico sost\u00edbel e socialmente xusto e a posibilidade de nos dotar dunha tarifa el\u00e9ctrica galega, entre outras. Ese non \u00e9 s\u00f3 o cami\u00f1o que prop\u00f3n o BNG. \u00c9 o \u00fanico cami\u00f1o para non volvan a decidir os de sempre como abordar esta crise e non volvamos a pagala as e os de sempre.<\/p>\n\n\n\n<p><strong>Rub\u00e9n Cela D\u00edaz<\/strong><\/p>\n\n\n\n<p><em>Presidente da Fundaci\u00f3n Galiza Sempre<\/em> <em>e membro da Executiva Nacional do BNG<\/em><\/p>\n","protected":false},"excerpt":{"rendered":"<div class=\"mh-excerpt\"><p>As clases populares galegas -e do conxunto do estado-, enfr\u00f3ntanse a un grav\u00edsimo problema: a escandalosa suba xeneralizada dos prezos que se traduce nun brusco empobrecemento da maior\u00eda da sociedade. <a class=\"mh-excerpt-more\" href=\"https:\/\/www.anovapeneira.gal\/index.php\/2022\/03\/18\/eles-deciden-todas-pagamos\/\" title=\"Eles deciden, todas pagamos\">[&#8230;]<\/a><\/p>\n<\/div>","protected":false},"author":36,"featured_media":584,"comment_status":"open","ping_status":"open","sticky":false,"template":"","format":"standard","meta":{"_exactmetrics_skip_tracking":false,"_exactmetrics_sitenote_active":false,"_exactmetrics_sitenote_note":"","_exactmetrics_sitenote_category":0,"footnotes":""},"categories":[7],"tags":[1303],"class_list":{"0":"post-7140","1":"post","2":"type-post","3":"status-publish","4":"format-standard","5":"has-post-thumbnail","7":"category-artigos-de-opinion","8":"tag-ruben-cela"},"yoast_head":"<!-- This site is optimized with the Yoast SEO plugin v27.4 - https:\/\/yoast.com\/product\/yoast-seo-wordpress\/ -->\n<title>Eles deciden, todas pagamos -<\/title>\n<meta name=\"robots\" content=\"index, follow, max-snippet:-1, max-image-preview:large, max-video-preview:-1\" \/>\n<link rel=\"canonical\" href=\"https:\/\/www.anovapeneira.gal\/index.php\/2022\/03\/18\/eles-deciden-todas-pagamos\/\" \/>\n<meta property=\"og:locale\" content=\"gl_ES\" \/>\n<meta property=\"og:type\" content=\"article\" \/>\n<meta property=\"og:title\" content=\"Eles deciden, todas pagamos -\" \/>\n<meta property=\"og:description\" content=\"As clases populares galegas -e do conxunto do estado-, enfr\u00f3ntanse a un grav\u00edsimo problema: a escandalosa suba xeneralizada dos prezos que se traduce nun brusco empobrecemento da maior\u00eda da sociedade. [...]\" \/>\n<meta property=\"og:url\" content=\"https:\/\/www.anovapeneira.gal\/index.php\/2022\/03\/18\/eles-deciden-todas-pagamos\/\" \/>\n<meta property=\"article:publisher\" content=\"https:\/\/www.facebook.com\/anovapeneira\" \/>\n<meta property=\"article:published_time\" content=\"2022-03-18T11:00:32+00:00\" \/>\n<meta property=\"og:image\" content=\"https:\/\/www.anovapeneira.gal\/wp-content\/uploads\/2019\/07\/ARTIGO_DE_OPINION_A_NOVA_PENEIRA.jpg\" \/>\n\t<meta property=\"og:image:width\" content=\"720\" \/>\n\t<meta property=\"og:image:height\" content=\"473\" \/>\n\t<meta property=\"og:image:type\" content=\"image\/jpeg\" \/>\n<meta name=\"author\" content=\"Rub\u00e9n Cela\" \/>\n<meta name=\"twitter:card\" content=\"summary_large_image\" \/>\n<meta name=\"twitter:image\" content=\"https:\/\/www.anovapeneira.gal\/wp-content\/uploads\/2019\/07\/ARTIGO_DE_OPINION_A_NOVA_PENEIRA.jpg\" \/>\n<meta name=\"twitter:creator\" content=\"@APeneira\" \/>\n<meta name=\"twitter:site\" content=\"@APeneira\" \/>\n<meta name=\"twitter:label1\" content=\"Escrito por\" \/>\n\t<meta name=\"twitter:data1\" content=\"Rub\u00e9n Cela\" \/>\n\t<meta name=\"twitter:label2\" content=\"Tempo de lectura\" \/>\n\t<meta name=\"twitter:data2\" content=\"6 minutos\" \/>\n<script type=\"application\/ld+json\" class=\"yoast-schema-graph\">{\"@context\":\"https:\\\/\\\/schema.org\",\"@graph\":[{\"@type\":\"Article\",\"@id\":\"https:\\\/\\\/www.anovapeneira.gal\\\/index.php\\\/2022\\\/03\\\/18\\\/eles-deciden-todas-pagamos\\\/#article\",\"isPartOf\":{\"@id\":\"https:\\\/\\\/www.anovapeneira.gal\\\/index.php\\\/2022\\\/03\\\/18\\\/eles-deciden-todas-pagamos\\\/\"},\"author\":{\"name\":\"Rub\u00e9n Cela\",\"@id\":\"https:\\\/\\\/www.anovapeneira.gal\\\/#\\\/schema\\\/person\\\/592db4739a29f9cc9b3afda8ab09965f\"},\"headline\":\"Eles deciden, todas pagamos\",\"datePublished\":\"2022-03-18T11:00:32+00:00\",\"mainEntityOfPage\":{\"@id\":\"https:\\\/\\\/www.anovapeneira.gal\\\/index.php\\\/2022\\\/03\\\/18\\\/eles-deciden-todas-pagamos\\\/\"},\"wordCount\":1095,\"commentCount\":0,\"publisher\":{\"@id\":\"https:\\\/\\\/www.anovapeneira.gal\\\/#organization\"},\"image\":{\"@id\":\"https:\\\/\\\/www.anovapeneira.gal\\\/index.php\\\/2022\\\/03\\\/18\\\/eles-deciden-todas-pagamos\\\/#primaryimage\"},\"thumbnailUrl\":\"https:\\\/\\\/www.anovapeneira.gal\\\/wp-content\\\/uploads\\\/2019\\\/07\\\/ARTIGO_DE_OPINION_A_NOVA_PENEIRA.jpg\",\"keywords\":[\"Rub\u00e9n Cela\"],\"articleSection\":[\"Artigos de opini\u00f3n\"],\"inLanguage\":\"gl-ES\",\"potentialAction\":[{\"@type\":\"CommentAction\",\"name\":\"Comment\",\"target\":[\"https:\\\/\\\/www.anovapeneira.gal\\\/index.php\\\/2022\\\/03\\\/18\\\/eles-deciden-todas-pagamos\\\/#respond\"]}]},{\"@type\":\"WebPage\",\"@id\":\"https:\\\/\\\/www.anovapeneira.gal\\\/index.php\\\/2022\\\/03\\\/18\\\/eles-deciden-todas-pagamos\\\/\",\"url\":\"https:\\\/\\\/www.anovapeneira.gal\\\/index.php\\\/2022\\\/03\\\/18\\\/eles-deciden-todas-pagamos\\\/\",\"name\":\"Eles deciden, todas pagamos -\",\"isPartOf\":{\"@id\":\"https:\\\/\\\/www.anovapeneira.gal\\\/#website\"},\"primaryImageOfPage\":{\"@id\":\"https:\\\/\\\/www.anovapeneira.gal\\\/index.php\\\/2022\\\/03\\\/18\\\/eles-deciden-todas-pagamos\\\/#primaryimage\"},\"image\":{\"@id\":\"https:\\\/\\\/www.anovapeneira.gal\\\/index.php\\\/2022\\\/03\\\/18\\\/eles-deciden-todas-pagamos\\\/#primaryimage\"},\"thumbnailUrl\":\"https:\\\/\\\/www.anovapeneira.gal\\\/wp-content\\\/uploads\\\/2019\\\/07\\\/ARTIGO_DE_OPINION_A_NOVA_PENEIRA.jpg\",\"datePublished\":\"2022-03-18T11:00:32+00:00\",\"breadcrumb\":{\"@id\":\"https:\\\/\\\/www.anovapeneira.gal\\\/index.php\\\/2022\\\/03\\\/18\\\/eles-deciden-todas-pagamos\\\/#breadcrumb\"},\"inLanguage\":\"gl-ES\",\"potentialAction\":[{\"@type\":\"ReadAction\",\"target\":[\"https:\\\/\\\/www.anovapeneira.gal\\\/index.php\\\/2022\\\/03\\\/18\\\/eles-deciden-todas-pagamos\\\/\"]}]},{\"@type\":\"ImageObject\",\"inLanguage\":\"gl-ES\",\"@id\":\"https:\\\/\\\/www.anovapeneira.gal\\\/index.php\\\/2022\\\/03\\\/18\\\/eles-deciden-todas-pagamos\\\/#primaryimage\",\"url\":\"https:\\\/\\\/www.anovapeneira.gal\\\/wp-content\\\/uploads\\\/2019\\\/07\\\/ARTIGO_DE_OPINION_A_NOVA_PENEIRA.jpg\",\"contentUrl\":\"https:\\\/\\\/www.anovapeneira.gal\\\/wp-content\\\/uploads\\\/2019\\\/07\\\/ARTIGO_DE_OPINION_A_NOVA_PENEIRA.jpg\",\"width\":720,\"height\":473,\"caption\":\"Artigo de opini\u00f3n A Nova Peneira\"},{\"@type\":\"BreadcrumbList\",\"@id\":\"https:\\\/\\\/www.anovapeneira.gal\\\/index.php\\\/2022\\\/03\\\/18\\\/eles-deciden-todas-pagamos\\\/#breadcrumb\",\"itemListElement\":[{\"@type\":\"ListItem\",\"position\":1,\"name\":\"Portada\",\"item\":\"https:\\\/\\\/www.anovapeneira.gal\\\/\"},{\"@type\":\"ListItem\",\"position\":2,\"name\":\"Eles deciden, todas pagamos\"}]},{\"@type\":\"WebSite\",\"@id\":\"https:\\\/\\\/www.anovapeneira.gal\\\/#website\",\"url\":\"https:\\\/\\\/www.anovapeneira.gal\\\/\",\"name\":\"\",\"description\":\"Xornal galego de informaci\u00f3n xeral Publicaci\u00f3n mensual de novas de Galicia e en especial dos Concellos da sur da provincia de Pontevedra.\",\"publisher\":{\"@id\":\"https:\\\/\\\/www.anovapeneira.gal\\\/#organization\"},\"potentialAction\":[{\"@type\":\"SearchAction\",\"target\":{\"@type\":\"EntryPoint\",\"urlTemplate\":\"https:\\\/\\\/www.anovapeneira.gal\\\/?s={search_term_string}\"},\"query-input\":{\"@type\":\"PropertyValueSpecification\",\"valueRequired\":true,\"valueName\":\"search_term_string\"}}],\"inLanguage\":\"gl-ES\"},{\"@type\":\"Organization\",\"@id\":\"https:\\\/\\\/www.anovapeneira.gal\\\/#organization\",\"name\":\"A Nova Peneira\",\"url\":\"https:\\\/\\\/www.anovapeneira.gal\\\/\",\"logo\":{\"@type\":\"ImageObject\",\"inLanguage\":\"gl-ES\",\"@id\":\"https:\\\/\\\/www.anovapeneira.gal\\\/#\\\/schema\\\/logo\\\/image\\\/\",\"url\":\"http:\\\/\\\/www.anovapeneira.gal\\\/wp-content\\\/uploads\\\/2019\\\/06\\\/logo_a_nova_peneira_portal_web.png\",\"contentUrl\":\"http:\\\/\\\/www.anovapeneira.gal\\\/wp-content\\\/uploads\\\/2019\\\/06\\\/logo_a_nova_peneira_portal_web.png\",\"width\":300,\"height\":100,\"caption\":\"A Nova Peneira\"},\"image\":{\"@id\":\"https:\\\/\\\/www.anovapeneira.gal\\\/#\\\/schema\\\/logo\\\/image\\\/\"},\"sameAs\":[\"https:\\\/\\\/www.facebook.com\\\/anovapeneira\",\"https:\\\/\\\/x.com\\\/APeneira\"]},{\"@type\":\"Person\",\"@id\":\"https:\\\/\\\/www.anovapeneira.gal\\\/#\\\/schema\\\/person\\\/592db4739a29f9cc9b3afda8ab09965f\",\"name\":\"Rub\u00e9n Cela\",\"image\":{\"@type\":\"ImageObject\",\"inLanguage\":\"gl-ES\",\"@id\":\"https:\\\/\\\/secure.gravatar.com\\\/avatar\\\/10541c425e5244798e406eec46323f374d4af67d9594a13f7f7022466f685bc6?s=96&d=mm&r=g\",\"url\":\"https:\\\/\\\/secure.gravatar.com\\\/avatar\\\/10541c425e5244798e406eec46323f374d4af67d9594a13f7f7022466f685bc6?s=96&d=mm&r=g\",\"contentUrl\":\"https:\\\/\\\/secure.gravatar.com\\\/avatar\\\/10541c425e5244798e406eec46323f374d4af67d9594a13f7f7022466f685bc6?s=96&d=mm&r=g\",\"caption\":\"Rub\u00e9n Cela\"},\"url\":\"https:\\\/\\\/www.anovapeneira.gal\\\/index.php\\\/author\\\/ruben-cela\\\/\"}]}<\/script>\n<!-- \/ Yoast SEO plugin. -->","yoast_head_json":{"title":"Eles deciden, todas pagamos -","robots":{"index":"index","follow":"follow","max-snippet":"max-snippet:-1","max-image-preview":"max-image-preview:large","max-video-preview":"max-video-preview:-1"},"canonical":"https:\/\/www.anovapeneira.gal\/index.php\/2022\/03\/18\/eles-deciden-todas-pagamos\/","og_locale":"gl_ES","og_type":"article","og_title":"Eles deciden, todas pagamos -","og_description":"As clases populares galegas -e do conxunto do estado-, enfr\u00f3ntanse a un grav\u00edsimo problema: a escandalosa suba xeneralizada dos prezos que se traduce nun brusco empobrecemento da maior\u00eda da sociedade. [...]","og_url":"https:\/\/www.anovapeneira.gal\/index.php\/2022\/03\/18\/eles-deciden-todas-pagamos\/","article_publisher":"https:\/\/www.facebook.com\/anovapeneira","article_published_time":"2022-03-18T11:00:32+00:00","og_image":[{"width":720,"height":473,"url":"https:\/\/www.anovapeneira.gal\/wp-content\/uploads\/2019\/07\/ARTIGO_DE_OPINION_A_NOVA_PENEIRA.jpg","type":"image\/jpeg"}],"author":"Rub\u00e9n Cela","twitter_card":"summary_large_image","twitter_image":"https:\/\/www.anovapeneira.gal\/wp-content\/uploads\/2019\/07\/ARTIGO_DE_OPINION_A_NOVA_PENEIRA.jpg","twitter_creator":"@APeneira","twitter_site":"@APeneira","twitter_misc":{"Escrito por":"Rub\u00e9n Cela","Tempo de lectura":"6 minutos"},"schema":{"@context":"https:\/\/schema.org","@graph":[{"@type":"Article","@id":"https:\/\/www.anovapeneira.gal\/index.php\/2022\/03\/18\/eles-deciden-todas-pagamos\/#article","isPartOf":{"@id":"https:\/\/www.anovapeneira.gal\/index.php\/2022\/03\/18\/eles-deciden-todas-pagamos\/"},"author":{"name":"Rub\u00e9n Cela","@id":"https:\/\/www.anovapeneira.gal\/#\/schema\/person\/592db4739a29f9cc9b3afda8ab09965f"},"headline":"Eles deciden, todas pagamos","datePublished":"2022-03-18T11:00:32+00:00","mainEntityOfPage":{"@id":"https:\/\/www.anovapeneira.gal\/index.php\/2022\/03\/18\/eles-deciden-todas-pagamos\/"},"wordCount":1095,"commentCount":0,"publisher":{"@id":"https:\/\/www.anovapeneira.gal\/#organization"},"image":{"@id":"https:\/\/www.anovapeneira.gal\/index.php\/2022\/03\/18\/eles-deciden-todas-pagamos\/#primaryimage"},"thumbnailUrl":"https:\/\/www.anovapeneira.gal\/wp-content\/uploads\/2019\/07\/ARTIGO_DE_OPINION_A_NOVA_PENEIRA.jpg","keywords":["Rub\u00e9n Cela"],"articleSection":["Artigos de opini\u00f3n"],"inLanguage":"gl-ES","potentialAction":[{"@type":"CommentAction","name":"Comment","target":["https:\/\/www.anovapeneira.gal\/index.php\/2022\/03\/18\/eles-deciden-todas-pagamos\/#respond"]}]},{"@type":"WebPage","@id":"https:\/\/www.anovapeneira.gal\/index.php\/2022\/03\/18\/eles-deciden-todas-pagamos\/","url":"https:\/\/www.anovapeneira.gal\/index.php\/2022\/03\/18\/eles-deciden-todas-pagamos\/","name":"Eles deciden, todas pagamos -","isPartOf":{"@id":"https:\/\/www.anovapeneira.gal\/#website"},"primaryImageOfPage":{"@id":"https:\/\/www.anovapeneira.gal\/index.php\/2022\/03\/18\/eles-deciden-todas-pagamos\/#primaryimage"},"image":{"@id":"https:\/\/www.anovapeneira.gal\/index.php\/2022\/03\/18\/eles-deciden-todas-pagamos\/#primaryimage"},"thumbnailUrl":"https:\/\/www.anovapeneira.gal\/wp-content\/uploads\/2019\/07\/ARTIGO_DE_OPINION_A_NOVA_PENEIRA.jpg","datePublished":"2022-03-18T11:00:32+00:00","breadcrumb":{"@id":"https:\/\/www.anovapeneira.gal\/index.php\/2022\/03\/18\/eles-deciden-todas-pagamos\/#breadcrumb"},"inLanguage":"gl-ES","potentialAction":[{"@type":"ReadAction","target":["https:\/\/www.anovapeneira.gal\/index.php\/2022\/03\/18\/eles-deciden-todas-pagamos\/"]}]},{"@type":"ImageObject","inLanguage":"gl-ES","@id":"https:\/\/www.anovapeneira.gal\/index.php\/2022\/03\/18\/eles-deciden-todas-pagamos\/#primaryimage","url":"https:\/\/www.anovapeneira.gal\/wp-content\/uploads\/2019\/07\/ARTIGO_DE_OPINION_A_NOVA_PENEIRA.jpg","contentUrl":"https:\/\/www.anovapeneira.gal\/wp-content\/uploads\/2019\/07\/ARTIGO_DE_OPINION_A_NOVA_PENEIRA.jpg","width":720,"height":473,"caption":"Artigo de opini\u00f3n A Nova Peneira"},{"@type":"BreadcrumbList","@id":"https:\/\/www.anovapeneira.gal\/index.php\/2022\/03\/18\/eles-deciden-todas-pagamos\/#breadcrumb","itemListElement":[{"@type":"ListItem","position":1,"name":"Portada","item":"https:\/\/www.anovapeneira.gal\/"},{"@type":"ListItem","position":2,"name":"Eles deciden, todas pagamos"}]},{"@type":"WebSite","@id":"https:\/\/www.anovapeneira.gal\/#website","url":"https:\/\/www.anovapeneira.gal\/","name":"","description":"Xornal galego de informaci\u00f3n xeral Publicaci\u00f3n mensual de novas de Galicia e en especial dos Concellos da sur da provincia de Pontevedra.","publisher":{"@id":"https:\/\/www.anovapeneira.gal\/#organization"},"potentialAction":[{"@type":"SearchAction","target":{"@type":"EntryPoint","urlTemplate":"https:\/\/www.anovapeneira.gal\/?s={search_term_string}"},"query-input":{"@type":"PropertyValueSpecification","valueRequired":true,"valueName":"search_term_string"}}],"inLanguage":"gl-ES"},{"@type":"Organization","@id":"https:\/\/www.anovapeneira.gal\/#organization","name":"A Nova Peneira","url":"https:\/\/www.anovapeneira.gal\/","logo":{"@type":"ImageObject","inLanguage":"gl-ES","@id":"https:\/\/www.anovapeneira.gal\/#\/schema\/logo\/image\/","url":"http:\/\/www.anovapeneira.gal\/wp-content\/uploads\/2019\/06\/logo_a_nova_peneira_portal_web.png","contentUrl":"http:\/\/www.anovapeneira.gal\/wp-content\/uploads\/2019\/06\/logo_a_nova_peneira_portal_web.png","width":300,"height":100,"caption":"A Nova Peneira"},"image":{"@id":"https:\/\/www.anovapeneira.gal\/#\/schema\/logo\/image\/"},"sameAs":["https:\/\/www.facebook.com\/anovapeneira","https:\/\/x.com\/APeneira"]},{"@type":"Person","@id":"https:\/\/www.anovapeneira.gal\/#\/schema\/person\/592db4739a29f9cc9b3afda8ab09965f","name":"Rub\u00e9n Cela","image":{"@type":"ImageObject","inLanguage":"gl-ES","@id":"https:\/\/secure.gravatar.com\/avatar\/10541c425e5244798e406eec46323f374d4af67d9594a13f7f7022466f685bc6?s=96&d=mm&r=g","url":"https:\/\/secure.gravatar.com\/avatar\/10541c425e5244798e406eec46323f374d4af67d9594a13f7f7022466f685bc6?s=96&d=mm&r=g","contentUrl":"https:\/\/secure.gravatar.com\/avatar\/10541c425e5244798e406eec46323f374d4af67d9594a13f7f7022466f685bc6?s=96&d=mm&r=g","caption":"Rub\u00e9n Cela"},"url":"https:\/\/www.anovapeneira.gal\/index.php\/author\/ruben-cela\/"}]}},"jetpack_featured_media_url":"https:\/\/www.anovapeneira.gal\/wp-content\/uploads\/2019\/07\/ARTIGO_DE_OPINION_A_NOVA_PENEIRA.jpg","_links":{"self":[{"href":"https:\/\/www.anovapeneira.gal\/index.php\/wp-json\/wp\/v2\/posts\/7140","targetHints":{"allow":["GET"]}}],"collection":[{"href":"https:\/\/www.anovapeneira.gal\/index.php\/wp-json\/wp\/v2\/posts"}],"about":[{"href":"https:\/\/www.anovapeneira.gal\/index.php\/wp-json\/wp\/v2\/types\/post"}],"author":[{"embeddable":true,"href":"https:\/\/www.anovapeneira.gal\/index.php\/wp-json\/wp\/v2\/users\/36"}],"replies":[{"embeddable":true,"href":"https:\/\/www.anovapeneira.gal\/index.php\/wp-json\/wp\/v2\/comments?post=7140"}],"version-history":[{"count":1,"href":"https:\/\/www.anovapeneira.gal\/index.php\/wp-json\/wp\/v2\/posts\/7140\/revisions"}],"predecessor-version":[{"id":7141,"href":"https:\/\/www.anovapeneira.gal\/index.php\/wp-json\/wp\/v2\/posts\/7140\/revisions\/7141"}],"wp:featuredmedia":[{"embeddable":true,"href":"https:\/\/www.anovapeneira.gal\/index.php\/wp-json\/wp\/v2\/media\/584"}],"wp:attachment":[{"href":"https:\/\/www.anovapeneira.gal\/index.php\/wp-json\/wp\/v2\/media?parent=7140"}],"wp:term":[{"taxonomy":"category","embeddable":true,"href":"https:\/\/www.anovapeneira.gal\/index.php\/wp-json\/wp\/v2\/categories?post=7140"},{"taxonomy":"post_tag","embeddable":true,"href":"https:\/\/www.anovapeneira.gal\/index.php\/wp-json\/wp\/v2\/tags?post=7140"}],"curies":[{"name":"wp","href":"https:\/\/api.w.org\/{rel}","templated":true}]}}