{"id":7142,"date":"2022-03-21T10:00:37","date_gmt":"2022-03-21T09:00:37","guid":{"rendered":"https:\/\/www.anovapeneira.gal\/?p=7142"},"modified":"2022-03-16T10:08:32","modified_gmt":"2022-03-16T09:08:32","slug":"unha-nova-edicion-do-arte-lixo-alumea-as-ruas-de-redondela","status":"publish","type":"post","link":"https:\/\/www.anovapeneira.gal\/index.php\/2022\/03\/21\/unha-nova-edicion-do-arte-lixo-alumea-as-ruas-de-redondela\/","title":{"rendered":"Unha nova edici\u00f3n do Arte Lixo alumea as r\u00faas de Redondela"},"content":{"rendered":"\n<pre class=\"wp-block-verse\"><strong>Marcos Santos<\/strong><\/pre>\n\n\n\n<p><strong>Unha vez m\u00e1is, no abrente do mes de abril, o Arte Lixo est\u00e1 a piques de deixar a s\u00faa pegada nas r\u00faas da nosa vila e de novo, como non pod\u00eda ser doutra maneira, A Nova Peneira acompa\u00f1a a un evento do que nos sentimos parte e que xa est\u00e1 inserido na alma da vila dos viadutos. Tanto \u00e9 as\u00ed que moitas das obras van ser expostas nos escaparates de moitos comercios da localidade. Xa choveu moito desde aquela 1\u00ba edici\u00f3n na que os organizadores falaron con alg\u00fans dos comerciantes da vila, para pedirlles espazo para as obras nos seus escaparates. E desde aquela , unha fervenza constate de negocios vanse sumando, ano si e ano tam\u00e9n, a esta iniciativa socio cultural. Incluso organ\u00edzase unha ruta polos escaparates das distintas tendas que te\u00f1en obras expostas. O Arte Lixo ten un nivel de consolidaci\u00f3n tan elevado no tecido social redondel\u00e1n, que tam\u00e9n chega \u00e1 comunidade educativa de Redondela, de feito distintas actividades relacionadas co evento vanse desenvolver nalg\u00fans dos centro de ensino do noso pobo. A arte abre o esp\u00edrito \u00e1s percepci\u00f3ns alleas , \u00e9 un instrumento de luz e paz, tan necesario nestes negros tempos de guerra e morte, e como din os seus propios integrantes<\/strong><\/p>\n\n\n\n<p>\u201c <strong>A Arte non ten Cancelas\u201d<\/strong><\/p>\n\n\n\n<p><strong>N\u00f3s erguemos de forma simb\u00f3lica a nosa copa, para brindar cos organizadores do Arte Lixo por 1.000 primaveras m\u00e1is para as s\u00faas obras nas nosa r\u00faas. E falamos con algunhas das persoas que organizan este marabilloso certame:Fran\u201dlarry,\u201d Quico Amoedo, Berto Covelo e Sonia M\u00edguez<\/strong><\/p>\n\n\n\n<p>\u201c <strong>Acompa\u00f1\u00e1denos nesta viaxe pola creatividade, pois mentres haxa enerx\u00eda para crear ser\u00e1 imposible destru\u00edr\u201d<\/strong><\/p>\n\n\n\n<p><strong>Como foi o Arte Lixo nestes dous anos de pandemia?<\/strong><\/p>\n\n\n\n<blockquote class=\"wp-block-quote is-layout-flow wp-block-quote-is-layout-flow\"><p>Puido desenvolverse, con moito esforzo desde logo, con toneladas de imaxinaci\u00f3n e coa axuda das redes sociais. No 2.020 inicialmente cham\u00e1molo \u201cArte Lixo Confinado\u201d.Logo cando houbo certa apertura no mes de maio puidemos quitar as obras \u00e1 r\u00faa e facer unha presentaci\u00f3n dun disco do Arte Lixo<\/p><\/blockquote>\n\n\n\n<p><strong>Seica no \u201cArte Lixo confinado\u201d tivestes un participante significativo?<\/strong><\/p>\n\n\n\n<blockquote class=\"wp-block-quote is-layout-flow wp-block-quote-is-layout-flow\"><p>Supo\u00f1o que te refires a Suso de Toro, e si, para n\u00f3s foi unha alegr\u00eda enorme a s\u00faa participaci\u00f3n. Tam\u00e9n tivemos a Ux\u00eda Senlle e a Xurxo Souto<\/p><\/blockquote>\n\n\n\n<p><strong>Este ano temos unha novidade importante non?<\/strong><\/p>\n\n\n\n<blockquote class=\"wp-block-quote is-layout-flow wp-block-quote-is-layout-flow\"><p>Si, teremos a colaboraci\u00f3n do restaurador Dani Barreiro. El polo seu tipo de traballo encaixa perfectamente no perfil do Arte Lixo<\/p><\/blockquote>\n\n\n\n<p><strong>O lixo de antes \u00e9 da mesma calidade que o lixo de agora?<\/strong><\/p>\n\n\n\n<blockquote class=\"wp-block-quote is-layout-flow wp-block-quote-is-layout-flow\"><p>Non, o lixo de antes era de moita mellor calidade.<\/p><p>Pod\u00edas encontrar obxectos moi interesantes feitos con materiais moi bos.<\/p><\/blockquote>\n\n\n\n<p><strong>Seguiremos facendo exposici\u00f3ns de sala, de r\u00faa e de escaparate?<\/strong><\/p>\n\n\n\n<blockquote class=\"wp-block-quote is-layout-flow wp-block-quote-is-layout-flow\"><p>Si, a\u00ednda que este ano a idea \u00e9 facer \u201cArte Lixo no sal\u00f3n\u201d.Teremos 4 propostas expostas no multiusos: A de Dani, a de Mois\u00e9s Iglesias, Lara Bacelos vai facer unha v\u00eddeo creaci\u00f3n e temos a ilusi\u00f3n de a 4\u00ba proposta sexa a de X\u00edo o grande artista de Mos.<\/p><\/blockquote>\n\n\n\n<p><strong>Penso que desta volta ides proclamar un \u201c arte lixeiro de honra\u201d non?<\/strong><\/p>\n\n\n\n<blockquote class=\"wp-block-quote is-layout-flow wp-block-quote-is-layout-flow\"><p>Pois si, pero a\u00ednda non podemos dicir quen vai ser.<\/p><\/blockquote>\n\n\n\n<p><strong>Despois de dous anos volve o \u201c Sona Lixo\u201d?<\/strong><\/p>\n\n\n\n<blockquote class=\"wp-block-quote is-layout-flow wp-block-quote-is-layout-flow\"><p>Si, despois de dous anos volveremos a facelo. A\u00ednda estamos decidindo pero a nosa idea \u00e9 facer unha versi\u00f3n infantil e logo pola noite a versi\u00f3n para os adultos<\/p><\/blockquote>\n\n\n\n<p><strong>O Arte Lixo \u00e9 xa moi co\u00f1ecido pero sempre pode selo m\u00e1is. Que lle diriades a quen a\u00ednda non vos co\u00f1ece para que se achegue este ano?<\/strong><\/p>\n\n\n\n<blockquote class=\"wp-block-quote is-layout-flow wp-block-quote-is-layout-flow\"><p>A arte \u00e9 esencial para reflectir as pulsi\u00f3ns creativas do ser humano. E a arte a partir da reciclaxe, do que era \u201clixo\u201d, simboliza as partes m\u00e1is nobres da humanidade, aquelas que se resisten a deixar a ningu\u00e9n atr\u00e1s e que te\u00f1en unha conciencia coa conservaci\u00f3n do planeta e coa utilizaci\u00f3n popular dos espazos p\u00fablicos. O Arte Lixo \u00e9 como a enerx\u00eda que move a vida ; nin nace nin morre s\u00f3 se transforma. Acompa\u00f1\u00e1denos nesta viaxe pola creatividade pois, mentres haxa enerx\u00eda para crear ser\u00e1 imposible destru\u00edr\u00a1\u00a1<\/p><\/blockquote>\n\n\n\n<p><strong>Estades contentos co apoio do Concello?<\/strong><\/p>\n\n\n\n<blockquote class=\"wp-block-quote is-layout-flow wp-block-quote-is-layout-flow\"><p>Sempre pod\u00eda ser mellor claro. Pero este ano si, este ano estannos axudando bastante ben. De feito unha obra do Arte Lixo do ano pasado foi exposta no posto de Redondela na feira de \u201cCulturgal\u201d<\/p><\/blockquote>\n","protected":false},"excerpt":{"rendered":"<div class=\"mh-excerpt\"><p>Unha vez m\u00e1is, no abrente do mes de abril, o Arte Lixo est\u00e1 a piques de deixar a s\u00faa pegada nas r\u00faas da nosa vila e de novo, como non pod\u00eda ser doutra maneira, A Nova Peneira acompa\u00f1a a un evento do que nos sentimos parte e que xa est\u00e1 inserido na alma da vila dos viadutos <a class=\"mh-excerpt-more\" href=\"https:\/\/www.anovapeneira.gal\/index.php\/2022\/03\/21\/unha-nova-edicion-do-arte-lixo-alumea-as-ruas-de-redondela\/\" title=\"Unha nova edici\u00f3n do Arte Lixo alumea as r\u00faas de Redondela\">[&#8230;]<\/a><\/p>\n<\/div>","protected":false},"author":6,"featured_media":7143,"comment_status":"open","ping_status":"open","sticky":false,"template":"","format":"standard","meta":{"_exactmetrics_skip_tracking":false,"_exactmetrics_sitenote_active":false,"_exactmetrics_sitenote_note":"","_exactmetrics_sitenote_category":0,"footnotes":""},"categories":[270],"tags":[171],"class_list":{"0":"post-7142","1":"post","2":"type-post","3":"status-publish","4":"format-standard","5":"has-post-thumbnail","7":"category-redondela-entrevistas","8":"tag-concello-de-redondela"},"yoast_head":"<!-- This site is optimized with the Yoast SEO plugin v27.4 - https:\/\/yoast.com\/product\/yoast-seo-wordpress\/ -->\n<title>Unha nova edici\u00f3n do Arte Lixo alumea as r\u00faas de Redondela -<\/title>\n<meta name=\"description\" content=\"Unha vez m\u00e1is, no abrente do mes de abril, o Arte Lixo est\u00e1 a piques de deixar a s\u00faa pegada nas r\u00faas da nosa vila e de novo, como non pod\u00eda ser doutra maneira, A Nova Peneira acompa\u00f1a a un evento do que nos sentimos parte e que xa est\u00e1 inserido na alma da vila dos viadutos\" \/>\n<meta name=\"robots\" content=\"index, follow, max-snippet:-1, max-image-preview:large, max-video-preview:-1\" \/>\n<link rel=\"canonical\" href=\"https:\/\/www.anovapeneira.gal\/index.php\/2022\/03\/21\/unha-nova-edicion-do-arte-lixo-alumea-as-ruas-de-redondela\/\" \/>\n<meta property=\"og:locale\" content=\"gl_ES\" \/>\n<meta property=\"og:type\" content=\"article\" \/>\n<meta property=\"og:title\" content=\"Unha nova edici\u00f3n do Arte Lixo alumea as r\u00faas de Redondela -\" \/>\n<meta property=\"og:description\" content=\"Unha vez m\u00e1is, no abrente do mes de abril, o Arte Lixo est\u00e1 a piques de deixar a s\u00faa pegada nas r\u00faas da nosa vila e de novo, como non pod\u00eda ser doutra maneira, A Nova Peneira acompa\u00f1a a un evento do que nos sentimos parte e que xa est\u00e1 inserido na alma da vila dos viadutos\" \/>\n<meta property=\"og:url\" content=\"https:\/\/www.anovapeneira.gal\/index.php\/2022\/03\/21\/unha-nova-edicion-do-arte-lixo-alumea-as-ruas-de-redondela\/\" \/>\n<meta property=\"article:publisher\" content=\"https:\/\/www.facebook.com\/anovapeneira\" \/>\n<meta property=\"article:published_time\" content=\"2022-03-21T09:00:37+00:00\" \/>\n<meta property=\"og:image\" content=\"https:\/\/www.anovapeneira.gal\/wp-content\/uploads\/2022\/03\/arte_lixo_2022.jpg\" \/>\n\t<meta property=\"og:image:width\" content=\"720\" \/>\n\t<meta property=\"og:image:height\" content=\"432\" \/>\n\t<meta property=\"og:image:type\" content=\"image\/jpeg\" \/>\n<meta name=\"author\" content=\"Marcos Santos\" \/>\n<meta name=\"twitter:card\" content=\"summary_large_image\" \/>\n<meta name=\"twitter:creator\" content=\"@APeneira\" \/>\n<meta name=\"twitter:site\" content=\"@APeneira\" \/>\n<meta name=\"twitter:label1\" content=\"Escrito por\" \/>\n\t<meta name=\"twitter:data1\" content=\"Marcos Santos\" \/>\n\t<meta name=\"twitter:label2\" content=\"Tempo de lectura\" \/>\n\t<meta name=\"twitter:data2\" content=\"4 minutos\" \/>\n<script type=\"application\/ld+json\" class=\"yoast-schema-graph\">{\"@context\":\"https:\\\/\\\/schema.org\",\"@graph\":[{\"@type\":\"Article\",\"@id\":\"https:\\\/\\\/www.anovapeneira.gal\\\/index.php\\\/2022\\\/03\\\/21\\\/unha-nova-edicion-do-arte-lixo-alumea-as-ruas-de-redondela\\\/#article\",\"isPartOf\":{\"@id\":\"https:\\\/\\\/www.anovapeneira.gal\\\/index.php\\\/2022\\\/03\\\/21\\\/unha-nova-edicion-do-arte-lixo-alumea-as-ruas-de-redondela\\\/\"},\"author\":{\"name\":\"Marcos Santos\",\"@id\":\"https:\\\/\\\/www.anovapeneira.gal\\\/#\\\/schema\\\/person\\\/d9d84823564720e7593293bab054e52d\"},\"headline\":\"Unha nova edici\u00f3n do Arte Lixo alumea as r\u00faas de Redondela\",\"datePublished\":\"2022-03-21T09:00:37+00:00\",\"mainEntityOfPage\":{\"@id\":\"https:\\\/\\\/www.anovapeneira.gal\\\/index.php\\\/2022\\\/03\\\/21\\\/unha-nova-edicion-do-arte-lixo-alumea-as-ruas-de-redondela\\\/\"},\"wordCount\":765,\"commentCount\":0,\"publisher\":{\"@id\":\"https:\\\/\\\/www.anovapeneira.gal\\\/#organization\"},\"image\":{\"@id\":\"https:\\\/\\\/www.anovapeneira.gal\\\/index.php\\\/2022\\\/03\\\/21\\\/unha-nova-edicion-do-arte-lixo-alumea-as-ruas-de-redondela\\\/#primaryimage\"},\"thumbnailUrl\":\"https:\\\/\\\/www.anovapeneira.gal\\\/wp-content\\\/uploads\\\/2022\\\/03\\\/arte_lixo_2022.jpg\",\"keywords\":[\"Concello de Redondela\"],\"articleSection\":[\"Redondela\"],\"inLanguage\":\"gl-ES\",\"potentialAction\":[{\"@type\":\"CommentAction\",\"name\":\"Comment\",\"target\":[\"https:\\\/\\\/www.anovapeneira.gal\\\/index.php\\\/2022\\\/03\\\/21\\\/unha-nova-edicion-do-arte-lixo-alumea-as-ruas-de-redondela\\\/#respond\"]}]},{\"@type\":\"WebPage\",\"@id\":\"https:\\\/\\\/www.anovapeneira.gal\\\/index.php\\\/2022\\\/03\\\/21\\\/unha-nova-edicion-do-arte-lixo-alumea-as-ruas-de-redondela\\\/\",\"url\":\"https:\\\/\\\/www.anovapeneira.gal\\\/index.php\\\/2022\\\/03\\\/21\\\/unha-nova-edicion-do-arte-lixo-alumea-as-ruas-de-redondela\\\/\",\"name\":\"Unha nova edici\u00f3n do Arte Lixo alumea as r\u00faas de Redondela -\",\"isPartOf\":{\"@id\":\"https:\\\/\\\/www.anovapeneira.gal\\\/#website\"},\"primaryImageOfPage\":{\"@id\":\"https:\\\/\\\/www.anovapeneira.gal\\\/index.php\\\/2022\\\/03\\\/21\\\/unha-nova-edicion-do-arte-lixo-alumea-as-ruas-de-redondela\\\/#primaryimage\"},\"image\":{\"@id\":\"https:\\\/\\\/www.anovapeneira.gal\\\/index.php\\\/2022\\\/03\\\/21\\\/unha-nova-edicion-do-arte-lixo-alumea-as-ruas-de-redondela\\\/#primaryimage\"},\"thumbnailUrl\":\"https:\\\/\\\/www.anovapeneira.gal\\\/wp-content\\\/uploads\\\/2022\\\/03\\\/arte_lixo_2022.jpg\",\"datePublished\":\"2022-03-21T09:00:37+00:00\",\"description\":\"Unha vez m\u00e1is, no abrente do mes de abril, o Arte Lixo est\u00e1 a piques de deixar a s\u00faa pegada nas r\u00faas da nosa vila e de novo, como non pod\u00eda ser doutra maneira, A Nova Peneira acompa\u00f1a a un evento do que nos sentimos parte e que xa est\u00e1 inserido na alma da vila dos viadutos\",\"breadcrumb\":{\"@id\":\"https:\\\/\\\/www.anovapeneira.gal\\\/index.php\\\/2022\\\/03\\\/21\\\/unha-nova-edicion-do-arte-lixo-alumea-as-ruas-de-redondela\\\/#breadcrumb\"},\"inLanguage\":\"gl-ES\",\"potentialAction\":[{\"@type\":\"ReadAction\",\"target\":[\"https:\\\/\\\/www.anovapeneira.gal\\\/index.php\\\/2022\\\/03\\\/21\\\/unha-nova-edicion-do-arte-lixo-alumea-as-ruas-de-redondela\\\/\"]}]},{\"@type\":\"ImageObject\",\"inLanguage\":\"gl-ES\",\"@id\":\"https:\\\/\\\/www.anovapeneira.gal\\\/index.php\\\/2022\\\/03\\\/21\\\/unha-nova-edicion-do-arte-lixo-alumea-as-ruas-de-redondela\\\/#primaryimage\",\"url\":\"https:\\\/\\\/www.anovapeneira.gal\\\/wp-content\\\/uploads\\\/2022\\\/03\\\/arte_lixo_2022.jpg\",\"contentUrl\":\"https:\\\/\\\/www.anovapeneira.gal\\\/wp-content\\\/uploads\\\/2022\\\/03\\\/arte_lixo_2022.jpg\",\"width\":720,\"height\":432,\"caption\":\"Unha nova edici\u00f3n do Arte Lixo alumea as r\u00faas de Redondela\"},{\"@type\":\"BreadcrumbList\",\"@id\":\"https:\\\/\\\/www.anovapeneira.gal\\\/index.php\\\/2022\\\/03\\\/21\\\/unha-nova-edicion-do-arte-lixo-alumea-as-ruas-de-redondela\\\/#breadcrumb\",\"itemListElement\":[{\"@type\":\"ListItem\",\"position\":1,\"name\":\"Portada\",\"item\":\"https:\\\/\\\/www.anovapeneira.gal\\\/\"},{\"@type\":\"ListItem\",\"position\":2,\"name\":\"Unha nova edici\u00f3n do Arte Lixo alumea as r\u00faas de Redondela\"}]},{\"@type\":\"WebSite\",\"@id\":\"https:\\\/\\\/www.anovapeneira.gal\\\/#website\",\"url\":\"https:\\\/\\\/www.anovapeneira.gal\\\/\",\"name\":\"\",\"description\":\"Xornal galego de informaci\u00f3n xeral Publicaci\u00f3n mensual de novas de Galicia e en especial dos Concellos da sur da provincia de Pontevedra.\",\"publisher\":{\"@id\":\"https:\\\/\\\/www.anovapeneira.gal\\\/#organization\"},\"potentialAction\":[{\"@type\":\"SearchAction\",\"target\":{\"@type\":\"EntryPoint\",\"urlTemplate\":\"https:\\\/\\\/www.anovapeneira.gal\\\/?s={search_term_string}\"},\"query-input\":{\"@type\":\"PropertyValueSpecification\",\"valueRequired\":true,\"valueName\":\"search_term_string\"}}],\"inLanguage\":\"gl-ES\"},{\"@type\":\"Organization\",\"@id\":\"https:\\\/\\\/www.anovapeneira.gal\\\/#organization\",\"name\":\"A Nova Peneira\",\"url\":\"https:\\\/\\\/www.anovapeneira.gal\\\/\",\"logo\":{\"@type\":\"ImageObject\",\"inLanguage\":\"gl-ES\",\"@id\":\"https:\\\/\\\/www.anovapeneira.gal\\\/#\\\/schema\\\/logo\\\/image\\\/\",\"url\":\"http:\\\/\\\/www.anovapeneira.gal\\\/wp-content\\\/uploads\\\/2019\\\/06\\\/logo_a_nova_peneira_portal_web.png\",\"contentUrl\":\"http:\\\/\\\/www.anovapeneira.gal\\\/wp-content\\\/uploads\\\/2019\\\/06\\\/logo_a_nova_peneira_portal_web.png\",\"width\":300,\"height\":100,\"caption\":\"A Nova Peneira\"},\"image\":{\"@id\":\"https:\\\/\\\/www.anovapeneira.gal\\\/#\\\/schema\\\/logo\\\/image\\\/\"},\"sameAs\":[\"https:\\\/\\\/www.facebook.com\\\/anovapeneira\",\"https:\\\/\\\/x.com\\\/APeneira\"]},{\"@type\":\"Person\",\"@id\":\"https:\\\/\\\/www.anovapeneira.gal\\\/#\\\/schema\\\/person\\\/d9d84823564720e7593293bab054e52d\",\"name\":\"Marcos Santos\",\"image\":{\"@type\":\"ImageObject\",\"inLanguage\":\"gl-ES\",\"@id\":\"https:\\\/\\\/secure.gravatar.com\\\/avatar\\\/0e8017099a7a47c0a9d2275e865fe326484561eb3d70649069e4b8e61a8d2e8c?s=96&d=mm&r=g\",\"url\":\"https:\\\/\\\/secure.gravatar.com\\\/avatar\\\/0e8017099a7a47c0a9d2275e865fe326484561eb3d70649069e4b8e61a8d2e8c?s=96&d=mm&r=g\",\"contentUrl\":\"https:\\\/\\\/secure.gravatar.com\\\/avatar\\\/0e8017099a7a47c0a9d2275e865fe326484561eb3d70649069e4b8e61a8d2e8c?s=96&d=mm&r=g\",\"caption\":\"Marcos Santos\"},\"sameAs\":[\"http:\\\/\\\/anovapeneira.gal\"],\"url\":\"https:\\\/\\\/www.anovapeneira.gal\\\/index.php\\\/author\\\/marcos-santos\\\/\"}]}<\/script>\n<!-- \/ Yoast SEO plugin. -->","yoast_head_json":{"title":"Unha nova edici\u00f3n do Arte Lixo alumea as r\u00faas de Redondela -","description":"Unha vez m\u00e1is, no abrente do mes de abril, o Arte Lixo est\u00e1 a piques de deixar a s\u00faa pegada nas r\u00faas da nosa vila e de novo, como non pod\u00eda ser doutra maneira, A Nova Peneira acompa\u00f1a a un evento do que nos sentimos parte e que xa est\u00e1 inserido na alma da vila dos viadutos","robots":{"index":"index","follow":"follow","max-snippet":"max-snippet:-1","max-image-preview":"max-image-preview:large","max-video-preview":"max-video-preview:-1"},"canonical":"https:\/\/www.anovapeneira.gal\/index.php\/2022\/03\/21\/unha-nova-edicion-do-arte-lixo-alumea-as-ruas-de-redondela\/","og_locale":"gl_ES","og_type":"article","og_title":"Unha nova edici\u00f3n do Arte Lixo alumea as r\u00faas de Redondela -","og_description":"Unha vez m\u00e1is, no abrente do mes de abril, o Arte Lixo est\u00e1 a piques de deixar a s\u00faa pegada nas r\u00faas da nosa vila e de novo, como non pod\u00eda ser doutra maneira, A Nova Peneira acompa\u00f1a a un evento do que nos sentimos parte e que xa est\u00e1 inserido na alma da vila dos viadutos","og_url":"https:\/\/www.anovapeneira.gal\/index.php\/2022\/03\/21\/unha-nova-edicion-do-arte-lixo-alumea-as-ruas-de-redondela\/","article_publisher":"https:\/\/www.facebook.com\/anovapeneira","article_published_time":"2022-03-21T09:00:37+00:00","og_image":[{"width":720,"height":432,"url":"https:\/\/www.anovapeneira.gal\/wp-content\/uploads\/2022\/03\/arte_lixo_2022.jpg","type":"image\/jpeg"}],"author":"Marcos Santos","twitter_card":"summary_large_image","twitter_creator":"@APeneira","twitter_site":"@APeneira","twitter_misc":{"Escrito por":"Marcos Santos","Tempo de lectura":"4 minutos"},"schema":{"@context":"https:\/\/schema.org","@graph":[{"@type":"Article","@id":"https:\/\/www.anovapeneira.gal\/index.php\/2022\/03\/21\/unha-nova-edicion-do-arte-lixo-alumea-as-ruas-de-redondela\/#article","isPartOf":{"@id":"https:\/\/www.anovapeneira.gal\/index.php\/2022\/03\/21\/unha-nova-edicion-do-arte-lixo-alumea-as-ruas-de-redondela\/"},"author":{"name":"Marcos Santos","@id":"https:\/\/www.anovapeneira.gal\/#\/schema\/person\/d9d84823564720e7593293bab054e52d"},"headline":"Unha nova edici\u00f3n do Arte Lixo alumea as r\u00faas de Redondela","datePublished":"2022-03-21T09:00:37+00:00","mainEntityOfPage":{"@id":"https:\/\/www.anovapeneira.gal\/index.php\/2022\/03\/21\/unha-nova-edicion-do-arte-lixo-alumea-as-ruas-de-redondela\/"},"wordCount":765,"commentCount":0,"publisher":{"@id":"https:\/\/www.anovapeneira.gal\/#organization"},"image":{"@id":"https:\/\/www.anovapeneira.gal\/index.php\/2022\/03\/21\/unha-nova-edicion-do-arte-lixo-alumea-as-ruas-de-redondela\/#primaryimage"},"thumbnailUrl":"https:\/\/www.anovapeneira.gal\/wp-content\/uploads\/2022\/03\/arte_lixo_2022.jpg","keywords":["Concello de Redondela"],"articleSection":["Redondela"],"inLanguage":"gl-ES","potentialAction":[{"@type":"CommentAction","name":"Comment","target":["https:\/\/www.anovapeneira.gal\/index.php\/2022\/03\/21\/unha-nova-edicion-do-arte-lixo-alumea-as-ruas-de-redondela\/#respond"]}]},{"@type":"WebPage","@id":"https:\/\/www.anovapeneira.gal\/index.php\/2022\/03\/21\/unha-nova-edicion-do-arte-lixo-alumea-as-ruas-de-redondela\/","url":"https:\/\/www.anovapeneira.gal\/index.php\/2022\/03\/21\/unha-nova-edicion-do-arte-lixo-alumea-as-ruas-de-redondela\/","name":"Unha nova edici\u00f3n do Arte Lixo alumea as r\u00faas de Redondela -","isPartOf":{"@id":"https:\/\/www.anovapeneira.gal\/#website"},"primaryImageOfPage":{"@id":"https:\/\/www.anovapeneira.gal\/index.php\/2022\/03\/21\/unha-nova-edicion-do-arte-lixo-alumea-as-ruas-de-redondela\/#primaryimage"},"image":{"@id":"https:\/\/www.anovapeneira.gal\/index.php\/2022\/03\/21\/unha-nova-edicion-do-arte-lixo-alumea-as-ruas-de-redondela\/#primaryimage"},"thumbnailUrl":"https:\/\/www.anovapeneira.gal\/wp-content\/uploads\/2022\/03\/arte_lixo_2022.jpg","datePublished":"2022-03-21T09:00:37+00:00","description":"Unha vez m\u00e1is, no abrente do mes de abril, o Arte Lixo est\u00e1 a piques de deixar a s\u00faa pegada nas r\u00faas da nosa vila e de novo, como non pod\u00eda ser doutra maneira, A Nova Peneira acompa\u00f1a a un evento do que nos sentimos parte e que xa est\u00e1 inserido na alma da vila dos viadutos","breadcrumb":{"@id":"https:\/\/www.anovapeneira.gal\/index.php\/2022\/03\/21\/unha-nova-edicion-do-arte-lixo-alumea-as-ruas-de-redondela\/#breadcrumb"},"inLanguage":"gl-ES","potentialAction":[{"@type":"ReadAction","target":["https:\/\/www.anovapeneira.gal\/index.php\/2022\/03\/21\/unha-nova-edicion-do-arte-lixo-alumea-as-ruas-de-redondela\/"]}]},{"@type":"ImageObject","inLanguage":"gl-ES","@id":"https:\/\/www.anovapeneira.gal\/index.php\/2022\/03\/21\/unha-nova-edicion-do-arte-lixo-alumea-as-ruas-de-redondela\/#primaryimage","url":"https:\/\/www.anovapeneira.gal\/wp-content\/uploads\/2022\/03\/arte_lixo_2022.jpg","contentUrl":"https:\/\/www.anovapeneira.gal\/wp-content\/uploads\/2022\/03\/arte_lixo_2022.jpg","width":720,"height":432,"caption":"Unha nova edici\u00f3n do Arte Lixo alumea as r\u00faas de Redondela"},{"@type":"BreadcrumbList","@id":"https:\/\/www.anovapeneira.gal\/index.php\/2022\/03\/21\/unha-nova-edicion-do-arte-lixo-alumea-as-ruas-de-redondela\/#breadcrumb","itemListElement":[{"@type":"ListItem","position":1,"name":"Portada","item":"https:\/\/www.anovapeneira.gal\/"},{"@type":"ListItem","position":2,"name":"Unha nova edici\u00f3n do Arte Lixo alumea as r\u00faas de Redondela"}]},{"@type":"WebSite","@id":"https:\/\/www.anovapeneira.gal\/#website","url":"https:\/\/www.anovapeneira.gal\/","name":"","description":"Xornal galego de informaci\u00f3n xeral Publicaci\u00f3n mensual de novas de Galicia e en especial dos Concellos da sur da provincia de Pontevedra.","publisher":{"@id":"https:\/\/www.anovapeneira.gal\/#organization"},"potentialAction":[{"@type":"SearchAction","target":{"@type":"EntryPoint","urlTemplate":"https:\/\/www.anovapeneira.gal\/?s={search_term_string}"},"query-input":{"@type":"PropertyValueSpecification","valueRequired":true,"valueName":"search_term_string"}}],"inLanguage":"gl-ES"},{"@type":"Organization","@id":"https:\/\/www.anovapeneira.gal\/#organization","name":"A Nova Peneira","url":"https:\/\/www.anovapeneira.gal\/","logo":{"@type":"ImageObject","inLanguage":"gl-ES","@id":"https:\/\/www.anovapeneira.gal\/#\/schema\/logo\/image\/","url":"http:\/\/www.anovapeneira.gal\/wp-content\/uploads\/2019\/06\/logo_a_nova_peneira_portal_web.png","contentUrl":"http:\/\/www.anovapeneira.gal\/wp-content\/uploads\/2019\/06\/logo_a_nova_peneira_portal_web.png","width":300,"height":100,"caption":"A Nova Peneira"},"image":{"@id":"https:\/\/www.anovapeneira.gal\/#\/schema\/logo\/image\/"},"sameAs":["https:\/\/www.facebook.com\/anovapeneira","https:\/\/x.com\/APeneira"]},{"@type":"Person","@id":"https:\/\/www.anovapeneira.gal\/#\/schema\/person\/d9d84823564720e7593293bab054e52d","name":"Marcos Santos","image":{"@type":"ImageObject","inLanguage":"gl-ES","@id":"https:\/\/secure.gravatar.com\/avatar\/0e8017099a7a47c0a9d2275e865fe326484561eb3d70649069e4b8e61a8d2e8c?s=96&d=mm&r=g","url":"https:\/\/secure.gravatar.com\/avatar\/0e8017099a7a47c0a9d2275e865fe326484561eb3d70649069e4b8e61a8d2e8c?s=96&d=mm&r=g","contentUrl":"https:\/\/secure.gravatar.com\/avatar\/0e8017099a7a47c0a9d2275e865fe326484561eb3d70649069e4b8e61a8d2e8c?s=96&d=mm&r=g","caption":"Marcos Santos"},"sameAs":["http:\/\/anovapeneira.gal"],"url":"https:\/\/www.anovapeneira.gal\/index.php\/author\/marcos-santos\/"}]}},"jetpack_featured_media_url":"https:\/\/www.anovapeneira.gal\/wp-content\/uploads\/2022\/03\/arte_lixo_2022.jpg","_links":{"self":[{"href":"https:\/\/www.anovapeneira.gal\/index.php\/wp-json\/wp\/v2\/posts\/7142","targetHints":{"allow":["GET"]}}],"collection":[{"href":"https:\/\/www.anovapeneira.gal\/index.php\/wp-json\/wp\/v2\/posts"}],"about":[{"href":"https:\/\/www.anovapeneira.gal\/index.php\/wp-json\/wp\/v2\/types\/post"}],"author":[{"embeddable":true,"href":"https:\/\/www.anovapeneira.gal\/index.php\/wp-json\/wp\/v2\/users\/6"}],"replies":[{"embeddable":true,"href":"https:\/\/www.anovapeneira.gal\/index.php\/wp-json\/wp\/v2\/comments?post=7142"}],"version-history":[{"count":1,"href":"https:\/\/www.anovapeneira.gal\/index.php\/wp-json\/wp\/v2\/posts\/7142\/revisions"}],"predecessor-version":[{"id":7144,"href":"https:\/\/www.anovapeneira.gal\/index.php\/wp-json\/wp\/v2\/posts\/7142\/revisions\/7144"}],"wp:featuredmedia":[{"embeddable":true,"href":"https:\/\/www.anovapeneira.gal\/index.php\/wp-json\/wp\/v2\/media\/7143"}],"wp:attachment":[{"href":"https:\/\/www.anovapeneira.gal\/index.php\/wp-json\/wp\/v2\/media?parent=7142"}],"wp:term":[{"taxonomy":"category","embeddable":true,"href":"https:\/\/www.anovapeneira.gal\/index.php\/wp-json\/wp\/v2\/categories?post=7142"},{"taxonomy":"post_tag","embeddable":true,"href":"https:\/\/www.anovapeneira.gal\/index.php\/wp-json\/wp\/v2\/tags?post=7142"}],"curies":[{"name":"wp","href":"https:\/\/api.w.org\/{rel}","templated":true}]}}