{"id":7149,"date":"2022-03-22T10:00:20","date_gmt":"2022-03-22T09:00:20","guid":{"rendered":"https:\/\/www.anovapeneira.gal\/?p=7149"},"modified":"2022-03-16T10:24:41","modified_gmt":"2022-03-16T09:24:41","slug":"o-goberno-de-mos-a-nova-senda-do-louro-e-a-insoportable-levedade-do-ser","status":"publish","type":"post","link":"https:\/\/www.anovapeneira.gal\/index.php\/2022\/03\/22\/o-goberno-de-mos-a-nova-senda-do-louro-e-a-insoportable-levedade-do-ser\/","title":{"rendered":"O Goberno de Mos a nova senda do Louro, e a insoportable levedade do ser"},"content":{"rendered":"\n<pre class=\"wp-block-verse\"><strong>Tino Lago<\/strong><\/pre>\n\n\n\n<p><strong>Non co\u00f1ezo persoalmente \u00e1 alcaldesa de Mos. As veces que intentei entrevistala fun solicitalo ao concello e fun despachado pola persoa que me atendeu cun \u201c xa te chamaremos\u201d. A devandita chamada nunca se produciu, ata o punto que hai anos que desist\u00edn pois era evidente que non ti\u00f1an a menor intenci\u00f3n de conceder ningunha entrevista a este medio de comunicaci\u00f3n. E como non a co\u00f1ezo, non sei se ela ou calquera dos seus concelleiros e concelleiras ter\u00e1n lido algunha vez a magn\u00edfica novela do escritor checo Milan Kundera \u201c A insoportable levedade do ser\u201d. Nesta novela Kundera constr\u00fae o escenario dun conflito afectivo, que lle serve para reflexionar sobre a levedade e o peso como dous factores de controversia. E esta novela, exactamente a dicotom\u00eda entre a levedade e o peso, foi o que me veu \u00e1 mente cando co\u00f1ec\u00edn o abuso ao que o Concello somete a un grupo de veci\u00f1os da parroquia de Louredo. Neste caso o combate entre a lene caricia da levedade, e a abafante presi\u00f3n do peso non se artella, como o fai Milan Kundera, sobre o amor, sen\u00f3n sobre algo bastante m\u00e1is desagradable pero que todos e todas estamos na obriga de cumprir; a lei. Po\u00f1\u00e1monos en contexto:<\/strong><\/p>\n\n\n\n<p><strong>Hai uns anos o concello redacta un proxecto para a construci\u00f3n dunha senda peonil no Louro e env\u00edao \u00e1 confederaci\u00f3n hidrogr\u00e1fica dicindo que pos\u00fae os terreos e non \u00e9 necesario realizar expropiaci\u00f3ns. As persoas afectadas, que desco\u00f1ec\u00edan as intenci\u00f3ns do concello, op\u00f3\u00f1ense a este proxecto e n\u00e9ganse a ceder os seus terreos. Ante esta negativa o concello inicia un proceso de expropiaci\u00f3n por v\u00eda de urxente ocupaci\u00f3n que \u00e9 autorizado pola Xunta en base a un informe da secretar\u00eda do propio Concello. Os afectados inician a v\u00eda xudicial pois o proxecto desta senda incumpre o propio PXOM municipal que determina que non se pode obrar a unha distancia inferior a 20 mts dun leito h\u00eddrico. E os tribunais danlle a raz\u00f3n ao Concello, pois o PXOM municipal , do ano 2.017, non est\u00e1 adaptado \u00e1 lei do solo do ano anterior o que , din os xu\u00edces, non far\u00eda obrigatorio cumprir as maiores restrici\u00f3ns que contempla. E unha vez contextualizado volvamos a Kundera e falemos de levedade fronte ao peso. Levedade da lei cando o concello incumpre a s\u00faa propia norma, non se pode constru\u00edr a unha distancia inferior a 20 mts do leito dun r\u00edo, fronte ao peso inexorable cando calquera particular de calquera concello fai algo na s\u00faa propia casa que non se axuste \u00e1s normas urban\u00edsticas vixentes. En breve,en Louredo, uns veci\u00f1os van ver expropiados os seus terreos , a un prezo de 4\u20ac o metro cadrado, e unha zona de bosque de ribeira vai ser agredida para p\u00f3r un cami\u00f1o de formig\u00f3n. N\u00f3s conversamos cun voceiro dos afectados<\/strong><\/p>\n\n\n\n<p><strong>Oscar Carrera , veci\u00f1o de Louredo.<\/strong><\/p>\n\n\n\n<p>\u201c <strong>Para facer o parque da auga o concello comprou os terreos a 10\u20ac o metro cadrado. Para facer esta senda, que s\u00f3 \u00e9 un capricho da alcaldesa, expr\u00f3piaos a 4\u20ac o metro cadrado\u201d<\/strong><\/p>\n\n\n\n<p><strong>Cando constitu\u00edstes o colectivo ao que ti representas?<\/strong><\/p>\n\n\n\n<blockquote class=\"wp-block-quote is-layout-flow wp-block-quote-is-layout-flow\"><p>Foi a ra\u00edz de que o concello de Mos, creo que foi no 2017, enviase \u00e1 confederaci\u00f3n hidrogr\u00e1fica un proxecto para a construci\u00f3n dunha nova senda a car\u00f3n do Louro. Nun dos apartados do proxecto dic\u00eda que o concello pu\u00f1a ao dispor da confederaci\u00f3n hidrogr\u00e1fica todos os terreos necesarios sen que fose necesario realizar expropiaci\u00f3ns, algo que a n\u00f3s nos indignou<\/p><\/blockquote>\n\n\n\n<p><strong>V\u00f3s non ti\u00f1ades co\u00f1ecemento de que o concello quer\u00eda facer esa obra?<\/strong><\/p>\n\n\n\n<blockquote class=\"wp-block-quote is-layout-flow wp-block-quote-is-layout-flow\"><p>En ning\u00fan momento. Soub\u00e9molo cando a confederaci\u00f3n hidrogr\u00e1fica p\u00faxoo en exposici\u00f3n p\u00fablica para que quen o estimase alegase o que lle interesase<\/p><\/blockquote>\n\n\n\n<p><strong>E contrariamente ao que manifestou o concello de Mos, si que \u00e9 necesario expropiar?<\/strong><\/p>\n\n\n\n<blockquote class=\"wp-block-quote is-layout-flow wp-block-quote-is-layout-flow\"><p>Si, claro que si. N\u00f3s cando co\u00f1ecemos as s\u00faas intenci\u00f3ns comezamos a mobilizarnos .A partir de a\u00ed o concello organiza unha xuntanza en Louredo no local da comunidade de veci\u00f1os. Al\u00ed alg\u00fans dos veci\u00f1os dix\u00e9ronlle \u00e1 alcaldesa que eles non ti\u00f1an intenci\u00f3n de ceder os sus terreos, m\u00e1xime cando esa obra o que vai facer \u00e9 dividir as parcelas dos propietarios en d\u00faas. O que fixo o concello \u00e9 coller a li\u00f1a de dominio p\u00fablico hidr\u00e1ulico, \u00e9 dicir a parte na que non se pode obrar,e desde al\u00ed trazar a senda que ten entre dous metros e medio e tres metros de ancho.<\/p><\/blockquote>\n\n\n\n<p><strong>Pero \u00e9 un acondicionamento do terreo que xa hai?<\/strong><\/p>\n\n\n\n<blockquote class=\"wp-block-quote is-layout-flow wp-block-quote-is-layout-flow\"><p>Non, \u00e9 un cami\u00f1o con formig\u00f3n<\/p><\/blockquote>\n\n\n\n<p><strong>Que lonxitude ten esa senda?<\/strong><\/p>\n\n\n\n<blockquote class=\"wp-block-quote is-layout-flow wp-block-quote-is-layout-flow\"><p>Case 1 kmt<\/p><\/blockquote>\n\n\n\n<p><strong>\u00c9 necesario facer esa senda?<\/strong><\/p>\n\n\n\n<blockquote class=\"wp-block-quote is-layout-flow wp-block-quote-is-layout-flow\"><p>Non. Actualmente xa hai unha senda que \u00e9 perfectamente transitable para calquera persoa que queira facelo. De feito na autorizaci\u00f3n que env\u00eda patrimonio di que os materiais que se utilizan non son os m\u00e1is apropiados para este tipo de contornas. Son m\u00e1is propios de zonas urbanas<\/p><\/blockquote>\n\n\n\n<p><strong>V\u00f3s levastes o conflito aos tribunais e perdestes?<\/strong><\/p>\n\n\n\n<blockquote class=\"wp-block-quote is-layout-flow wp-block-quote-is-layout-flow\"><p>Si, n\u00f3s presentamos d\u00faas demandas no contencioso de Pontevedra. Entre outras moitas cousas alegabamos a afecci\u00f3n que lles causa aos regadores, a responsabilidade que nos causa, aos regadores, de posibles accidentes. Por outra parte tam\u00e9n se incumpre o plan xeral urban\u00edstico de Mos, que \u00e9 moi claro. Di que a 20 metros de marxe do leito do r\u00edo non se pode realizar ning\u00fan tipo de obra<\/p><\/blockquote>\n\n\n\n<p><strong>Ent\u00f3n por que os tribunais non vos deron a raz\u00f3n?<\/strong><\/p>\n\n\n\n<blockquote class=\"wp-block-quote is-layout-flow wp-block-quote-is-layout-flow\"><p>Porque o equipo de avogados do concello encontrou unha posibilidade legal no sentido que o plan xeral de Mos, do 2.017, ten unha norma m\u00e1is restritiva c\u00e1 lei do solo do 2.016 e polo tanto este plan deber\u00eda seguir a norma da anterior lei do solo, do ano 2.002, que \u00e9 m\u00e1is laxa. Iso dino os dous xu\u00edces nas d\u00faas sentenzas. Ent\u00f3n preg\u00fantome eu; a persoa que asinou ese proxecto \u00e9 consciente de que estaba a incumprir o plan urban\u00edstico?.\u00c9 que o plan xeral p\u00f3dese incumprir cando nos interesa?<\/p><\/blockquote>\n\n\n\n<p><strong>A v\u00eda xudicial est\u00e1 esgotada?<\/strong><\/p>\n\n\n\n<blockquote class=\"wp-block-quote is-layout-flow wp-block-quote-is-layout-flow\"><p>Si<\/p><\/blockquote>\n\n\n\n<p><strong>Xa se iniciou o proceso de expropiaci\u00f3ns?<\/strong><\/p>\n\n\n\n<blockquote class=\"wp-block-quote is-layout-flow wp-block-quote-is-layout-flow\"><p>Penso que si. Cando van tomar posesi\u00f3n dos terreos non o sei.<\/p><\/blockquote>\n\n\n\n<p><strong>Ti persoalmente est\u00e1s afectado?<\/strong><\/p>\n\n\n\n<blockquote class=\"wp-block-quote is-layout-flow wp-block-quote-is-layout-flow\"><p>A min non me expropian pero polos meus terreos te\u00f1en que acceder para facer as obras. \u00c9 dicir vanme esnaquizar as mi\u00f1as terras e non vou percibir un \u20ac<\/p><\/blockquote>\n\n\n\n<p><strong>O prezo da expropiaci\u00f3n?<\/strong><\/p>\n\n\n\n<blockquote class=\"wp-block-quote is-layout-flow wp-block-quote-is-layout-flow\"><p>Quedou establecido en 4\u20ac o metro cadrado. Fai poucos anos o concello fixo unha obra moi preto, o parque da auga. E para facela non expropiou os terreos sen\u00f3n que mercounos a un prezo de 10\u20ac o metro cadrado. \u00c9 dicir a uns veci\u00f1os compr\u00e1selle os terreos e a outros expr\u00f3piaselles para o lucimento e o capricho da alcaldesa\u00a1\u00a1<\/p><\/blockquote>\n\n\n\n<p><strong>O impacto ambiental da obra sabemos como vai ser?<\/strong><\/p>\n\n\n\n<blockquote class=\"wp-block-quote is-layout-flow wp-block-quote-is-layout-flow\"><p>Nun dos tramos nos que o r\u00edo baixa por un can\u00f3n de arredor de 15 metros de altura van meter explosivos para colocar escaleiras de madeira. Logo as \u00e1rbores , de bosque de ribeira, que haxa no trazado da obra van ser cortadas.<\/p><\/blockquote>\n","protected":false},"excerpt":{"rendered":"<div class=\"mh-excerpt\"><p>Non co\u00f1ezo persoalmente \u00e1 alcaldesa de Mos. As veces que intentei entrevistala fun solicitalo ao concello e fun despachado pola persoa que me atendeu cun \u201c xa te chamaremos\u201d. A devandita chamada nunca se produciu, ata o punto que hai anos que desist\u00edn pois era evidente que non ti\u00f1an a menor intenci\u00f3n de conceder ningunha entrevista a este medio de comunicaci\u00f3n.  <a class=\"mh-excerpt-more\" href=\"https:\/\/www.anovapeneira.gal\/index.php\/2022\/03\/22\/o-goberno-de-mos-a-nova-senda-do-louro-e-a-insoportable-levedade-do-ser\/\" title=\"O Goberno de Mos a nova senda do Louro, e a insoportable levedade do ser\">[&#8230;]<\/a><\/p>\n<\/div>","protected":false},"author":2,"featured_media":7150,"comment_status":"open","ping_status":"open","sticky":false,"template":"","format":"standard","meta":{"_exactmetrics_skip_tracking":false,"_exactmetrics_sitenote_active":false,"_exactmetrics_sitenote_note":"","_exactmetrics_sitenote_category":0,"footnotes":""},"categories":[265],"tags":[218],"class_list":{"0":"post-7149","1":"post","2":"type-post","3":"status-publish","4":"format-standard","5":"has-post-thumbnail","7":"category-a-lourina-entrevistas","8":"tag-concello-de-mos"},"yoast_head":"<!-- This site is optimized with the Yoast SEO plugin v27.4 - https:\/\/yoast.com\/product\/yoast-seo-wordpress\/ -->\n<title>O Goberno de Mos a nova senda do Louro, e a insoportable levedade do ser -<\/title>\n<meta name=\"description\" content=\"Non co\u00f1ezo persoalmente \u00e1 alcaldesa de Mos. As veces que intentei entrevistala fun solicitalo ao concello e fun despachado pola persoa que me atendeu cun \u201c xa te chamaremos\u201d.\" \/>\n<meta name=\"robots\" content=\"index, follow, max-snippet:-1, max-image-preview:large, max-video-preview:-1\" \/>\n<link rel=\"canonical\" href=\"https:\/\/www.anovapeneira.gal\/index.php\/2022\/03\/22\/o-goberno-de-mos-a-nova-senda-do-louro-e-a-insoportable-levedade-do-ser\/\" \/>\n<meta property=\"og:locale\" content=\"gl_ES\" \/>\n<meta property=\"og:type\" content=\"article\" \/>\n<meta property=\"og:title\" content=\"O Goberno de Mos a nova senda do Louro, e a insoportable levedade do ser -\" \/>\n<meta property=\"og:description\" content=\"Non co\u00f1ezo persoalmente \u00e1 alcaldesa de Mos. As veces que intentei entrevistala fun solicitalo ao concello e fun despachado pola persoa que me atendeu cun \u201c xa te chamaremos\u201d.\" \/>\n<meta property=\"og:url\" content=\"https:\/\/www.anovapeneira.gal\/index.php\/2022\/03\/22\/o-goberno-de-mos-a-nova-senda-do-louro-e-a-insoportable-levedade-do-ser\/\" \/>\n<meta property=\"article:publisher\" content=\"https:\/\/www.facebook.com\/anovapeneira\" \/>\n<meta property=\"article:published_time\" content=\"2022-03-22T09:00:20+00:00\" \/>\n<meta property=\"og:image\" content=\"https:\/\/www.anovapeneira.gal\/wp-content\/uploads\/2022\/03\/oscar_varela_louredo.jpg\" \/>\n\t<meta property=\"og:image:width\" content=\"720\" \/>\n\t<meta property=\"og:image:height\" content=\"432\" \/>\n\t<meta property=\"og:image:type\" content=\"image\/jpeg\" \/>\n<meta name=\"author\" content=\"Tino Lago\" \/>\n<meta name=\"twitter:card\" content=\"summary_large_image\" \/>\n<meta name=\"twitter:creator\" content=\"@APeneira\" \/>\n<meta name=\"twitter:site\" content=\"@APeneira\" \/>\n<meta name=\"twitter:label1\" content=\"Escrito por\" \/>\n\t<meta name=\"twitter:data1\" content=\"Tino Lago\" \/>\n\t<meta name=\"twitter:label2\" content=\"Tempo de lectura\" \/>\n\t<meta name=\"twitter:data2\" content=\"7 minutos\" \/>\n<script type=\"application\/ld+json\" class=\"yoast-schema-graph\">{\"@context\":\"https:\\\/\\\/schema.org\",\"@graph\":[{\"@type\":\"Article\",\"@id\":\"https:\\\/\\\/www.anovapeneira.gal\\\/index.php\\\/2022\\\/03\\\/22\\\/o-goberno-de-mos-a-nova-senda-do-louro-e-a-insoportable-levedade-do-ser\\\/#article\",\"isPartOf\":{\"@id\":\"https:\\\/\\\/www.anovapeneira.gal\\\/index.php\\\/2022\\\/03\\\/22\\\/o-goberno-de-mos-a-nova-senda-do-louro-e-a-insoportable-levedade-do-ser\\\/\"},\"author\":{\"name\":\"Tino Lago\",\"@id\":\"https:\\\/\\\/www.anovapeneira.gal\\\/#\\\/schema\\\/person\\\/424dfe65e3070fd8a44d22d2c088762a\"},\"headline\":\"O Goberno de Mos a nova senda do Louro, e a insoportable levedade do ser\",\"datePublished\":\"2022-03-22T09:00:20+00:00\",\"mainEntityOfPage\":{\"@id\":\"https:\\\/\\\/www.anovapeneira.gal\\\/index.php\\\/2022\\\/03\\\/22\\\/o-goberno-de-mos-a-nova-senda-do-louro-e-a-insoportable-levedade-do-ser\\\/\"},\"wordCount\":1244,\"commentCount\":0,\"publisher\":{\"@id\":\"https:\\\/\\\/www.anovapeneira.gal\\\/#organization\"},\"image\":{\"@id\":\"https:\\\/\\\/www.anovapeneira.gal\\\/index.php\\\/2022\\\/03\\\/22\\\/o-goberno-de-mos-a-nova-senda-do-louro-e-a-insoportable-levedade-do-ser\\\/#primaryimage\"},\"thumbnailUrl\":\"https:\\\/\\\/www.anovapeneira.gal\\\/wp-content\\\/uploads\\\/2022\\\/03\\\/oscar_varela_louredo.jpg\",\"keywords\":[\"Concello de Mos\"],\"articleSection\":[\"A Louri\u00f1a\"],\"inLanguage\":\"gl-ES\",\"potentialAction\":[{\"@type\":\"CommentAction\",\"name\":\"Comment\",\"target\":[\"https:\\\/\\\/www.anovapeneira.gal\\\/index.php\\\/2022\\\/03\\\/22\\\/o-goberno-de-mos-a-nova-senda-do-louro-e-a-insoportable-levedade-do-ser\\\/#respond\"]}]},{\"@type\":\"WebPage\",\"@id\":\"https:\\\/\\\/www.anovapeneira.gal\\\/index.php\\\/2022\\\/03\\\/22\\\/o-goberno-de-mos-a-nova-senda-do-louro-e-a-insoportable-levedade-do-ser\\\/\",\"url\":\"https:\\\/\\\/www.anovapeneira.gal\\\/index.php\\\/2022\\\/03\\\/22\\\/o-goberno-de-mos-a-nova-senda-do-louro-e-a-insoportable-levedade-do-ser\\\/\",\"name\":\"O Goberno de Mos a nova senda do Louro, e a insoportable levedade do ser -\",\"isPartOf\":{\"@id\":\"https:\\\/\\\/www.anovapeneira.gal\\\/#website\"},\"primaryImageOfPage\":{\"@id\":\"https:\\\/\\\/www.anovapeneira.gal\\\/index.php\\\/2022\\\/03\\\/22\\\/o-goberno-de-mos-a-nova-senda-do-louro-e-a-insoportable-levedade-do-ser\\\/#primaryimage\"},\"image\":{\"@id\":\"https:\\\/\\\/www.anovapeneira.gal\\\/index.php\\\/2022\\\/03\\\/22\\\/o-goberno-de-mos-a-nova-senda-do-louro-e-a-insoportable-levedade-do-ser\\\/#primaryimage\"},\"thumbnailUrl\":\"https:\\\/\\\/www.anovapeneira.gal\\\/wp-content\\\/uploads\\\/2022\\\/03\\\/oscar_varela_louredo.jpg\",\"datePublished\":\"2022-03-22T09:00:20+00:00\",\"description\":\"Non co\u00f1ezo persoalmente \u00e1 alcaldesa de Mos. As veces que intentei entrevistala fun solicitalo ao concello e fun despachado pola persoa que me atendeu cun \u201c xa te chamaremos\u201d.\",\"breadcrumb\":{\"@id\":\"https:\\\/\\\/www.anovapeneira.gal\\\/index.php\\\/2022\\\/03\\\/22\\\/o-goberno-de-mos-a-nova-senda-do-louro-e-a-insoportable-levedade-do-ser\\\/#breadcrumb\"},\"inLanguage\":\"gl-ES\",\"potentialAction\":[{\"@type\":\"ReadAction\",\"target\":[\"https:\\\/\\\/www.anovapeneira.gal\\\/index.php\\\/2022\\\/03\\\/22\\\/o-goberno-de-mos-a-nova-senda-do-louro-e-a-insoportable-levedade-do-ser\\\/\"]}]},{\"@type\":\"ImageObject\",\"inLanguage\":\"gl-ES\",\"@id\":\"https:\\\/\\\/www.anovapeneira.gal\\\/index.php\\\/2022\\\/03\\\/22\\\/o-goberno-de-mos-a-nova-senda-do-louro-e-a-insoportable-levedade-do-ser\\\/#primaryimage\",\"url\":\"https:\\\/\\\/www.anovapeneira.gal\\\/wp-content\\\/uploads\\\/2022\\\/03\\\/oscar_varela_louredo.jpg\",\"contentUrl\":\"https:\\\/\\\/www.anovapeneira.gal\\\/wp-content\\\/uploads\\\/2022\\\/03\\\/oscar_varela_louredo.jpg\",\"width\":720,\"height\":432,\"caption\":\"Oscar Carrera , veci\u00f1o de Louredo\"},{\"@type\":\"BreadcrumbList\",\"@id\":\"https:\\\/\\\/www.anovapeneira.gal\\\/index.php\\\/2022\\\/03\\\/22\\\/o-goberno-de-mos-a-nova-senda-do-louro-e-a-insoportable-levedade-do-ser\\\/#breadcrumb\",\"itemListElement\":[{\"@type\":\"ListItem\",\"position\":1,\"name\":\"Portada\",\"item\":\"https:\\\/\\\/www.anovapeneira.gal\\\/\"},{\"@type\":\"ListItem\",\"position\":2,\"name\":\"O Goberno de Mos a nova senda do Louro, e a insoportable levedade do ser\"}]},{\"@type\":\"WebSite\",\"@id\":\"https:\\\/\\\/www.anovapeneira.gal\\\/#website\",\"url\":\"https:\\\/\\\/www.anovapeneira.gal\\\/\",\"name\":\"\",\"description\":\"Xornal galego de informaci\u00f3n xeral Publicaci\u00f3n mensual de novas de Galicia e en especial dos Concellos da sur da provincia de Pontevedra.\",\"publisher\":{\"@id\":\"https:\\\/\\\/www.anovapeneira.gal\\\/#organization\"},\"potentialAction\":[{\"@type\":\"SearchAction\",\"target\":{\"@type\":\"EntryPoint\",\"urlTemplate\":\"https:\\\/\\\/www.anovapeneira.gal\\\/?s={search_term_string}\"},\"query-input\":{\"@type\":\"PropertyValueSpecification\",\"valueRequired\":true,\"valueName\":\"search_term_string\"}}],\"inLanguage\":\"gl-ES\"},{\"@type\":\"Organization\",\"@id\":\"https:\\\/\\\/www.anovapeneira.gal\\\/#organization\",\"name\":\"A Nova Peneira\",\"url\":\"https:\\\/\\\/www.anovapeneira.gal\\\/\",\"logo\":{\"@type\":\"ImageObject\",\"inLanguage\":\"gl-ES\",\"@id\":\"https:\\\/\\\/www.anovapeneira.gal\\\/#\\\/schema\\\/logo\\\/image\\\/\",\"url\":\"http:\\\/\\\/www.anovapeneira.gal\\\/wp-content\\\/uploads\\\/2019\\\/06\\\/logo_a_nova_peneira_portal_web.png\",\"contentUrl\":\"http:\\\/\\\/www.anovapeneira.gal\\\/wp-content\\\/uploads\\\/2019\\\/06\\\/logo_a_nova_peneira_portal_web.png\",\"width\":300,\"height\":100,\"caption\":\"A Nova Peneira\"},\"image\":{\"@id\":\"https:\\\/\\\/www.anovapeneira.gal\\\/#\\\/schema\\\/logo\\\/image\\\/\"},\"sameAs\":[\"https:\\\/\\\/www.facebook.com\\\/anovapeneira\",\"https:\\\/\\\/x.com\\\/APeneira\"]},{\"@type\":\"Person\",\"@id\":\"https:\\\/\\\/www.anovapeneira.gal\\\/#\\\/schema\\\/person\\\/424dfe65e3070fd8a44d22d2c088762a\",\"name\":\"Tino Lago\",\"image\":{\"@type\":\"ImageObject\",\"inLanguage\":\"gl-ES\",\"@id\":\"https:\\\/\\\/secure.gravatar.com\\\/avatar\\\/b3df6a06e44bab3111583b90f0f33a0379ee5e3d22cbadd232d39f21c30c62be?s=96&d=mm&r=g\",\"url\":\"https:\\\/\\\/secure.gravatar.com\\\/avatar\\\/b3df6a06e44bab3111583b90f0f33a0379ee5e3d22cbadd232d39f21c30c62be?s=96&d=mm&r=g\",\"contentUrl\":\"https:\\\/\\\/secure.gravatar.com\\\/avatar\\\/b3df6a06e44bab3111583b90f0f33a0379ee5e3d22cbadd232d39f21c30c62be?s=96&d=mm&r=g\",\"caption\":\"Tino Lago\"},\"sameAs\":[\"http:\\\/\\\/www.anovapeneira.gal\"],\"url\":\"https:\\\/\\\/www.anovapeneira.gal\\\/index.php\\\/author\\\/director\\\/\"}]}<\/script>\n<!-- \/ Yoast SEO plugin. -->","yoast_head_json":{"title":"O Goberno de Mos a nova senda do Louro, e a insoportable levedade do ser -","description":"Non co\u00f1ezo persoalmente \u00e1 alcaldesa de Mos. As veces que intentei entrevistala fun solicitalo ao concello e fun despachado pola persoa que me atendeu cun \u201c xa te chamaremos\u201d.","robots":{"index":"index","follow":"follow","max-snippet":"max-snippet:-1","max-image-preview":"max-image-preview:large","max-video-preview":"max-video-preview:-1"},"canonical":"https:\/\/www.anovapeneira.gal\/index.php\/2022\/03\/22\/o-goberno-de-mos-a-nova-senda-do-louro-e-a-insoportable-levedade-do-ser\/","og_locale":"gl_ES","og_type":"article","og_title":"O Goberno de Mos a nova senda do Louro, e a insoportable levedade do ser -","og_description":"Non co\u00f1ezo persoalmente \u00e1 alcaldesa de Mos. As veces que intentei entrevistala fun solicitalo ao concello e fun despachado pola persoa que me atendeu cun \u201c xa te chamaremos\u201d.","og_url":"https:\/\/www.anovapeneira.gal\/index.php\/2022\/03\/22\/o-goberno-de-mos-a-nova-senda-do-louro-e-a-insoportable-levedade-do-ser\/","article_publisher":"https:\/\/www.facebook.com\/anovapeneira","article_published_time":"2022-03-22T09:00:20+00:00","og_image":[{"width":720,"height":432,"url":"https:\/\/www.anovapeneira.gal\/wp-content\/uploads\/2022\/03\/oscar_varela_louredo.jpg","type":"image\/jpeg"}],"author":"Tino Lago","twitter_card":"summary_large_image","twitter_creator":"@APeneira","twitter_site":"@APeneira","twitter_misc":{"Escrito por":"Tino Lago","Tempo de lectura":"7 minutos"},"schema":{"@context":"https:\/\/schema.org","@graph":[{"@type":"Article","@id":"https:\/\/www.anovapeneira.gal\/index.php\/2022\/03\/22\/o-goberno-de-mos-a-nova-senda-do-louro-e-a-insoportable-levedade-do-ser\/#article","isPartOf":{"@id":"https:\/\/www.anovapeneira.gal\/index.php\/2022\/03\/22\/o-goberno-de-mos-a-nova-senda-do-louro-e-a-insoportable-levedade-do-ser\/"},"author":{"name":"Tino Lago","@id":"https:\/\/www.anovapeneira.gal\/#\/schema\/person\/424dfe65e3070fd8a44d22d2c088762a"},"headline":"O Goberno de Mos a nova senda do Louro, e a insoportable levedade do ser","datePublished":"2022-03-22T09:00:20+00:00","mainEntityOfPage":{"@id":"https:\/\/www.anovapeneira.gal\/index.php\/2022\/03\/22\/o-goberno-de-mos-a-nova-senda-do-louro-e-a-insoportable-levedade-do-ser\/"},"wordCount":1244,"commentCount":0,"publisher":{"@id":"https:\/\/www.anovapeneira.gal\/#organization"},"image":{"@id":"https:\/\/www.anovapeneira.gal\/index.php\/2022\/03\/22\/o-goberno-de-mos-a-nova-senda-do-louro-e-a-insoportable-levedade-do-ser\/#primaryimage"},"thumbnailUrl":"https:\/\/www.anovapeneira.gal\/wp-content\/uploads\/2022\/03\/oscar_varela_louredo.jpg","keywords":["Concello de Mos"],"articleSection":["A Louri\u00f1a"],"inLanguage":"gl-ES","potentialAction":[{"@type":"CommentAction","name":"Comment","target":["https:\/\/www.anovapeneira.gal\/index.php\/2022\/03\/22\/o-goberno-de-mos-a-nova-senda-do-louro-e-a-insoportable-levedade-do-ser\/#respond"]}]},{"@type":"WebPage","@id":"https:\/\/www.anovapeneira.gal\/index.php\/2022\/03\/22\/o-goberno-de-mos-a-nova-senda-do-louro-e-a-insoportable-levedade-do-ser\/","url":"https:\/\/www.anovapeneira.gal\/index.php\/2022\/03\/22\/o-goberno-de-mos-a-nova-senda-do-louro-e-a-insoportable-levedade-do-ser\/","name":"O Goberno de Mos a nova senda do Louro, e a insoportable levedade do ser -","isPartOf":{"@id":"https:\/\/www.anovapeneira.gal\/#website"},"primaryImageOfPage":{"@id":"https:\/\/www.anovapeneira.gal\/index.php\/2022\/03\/22\/o-goberno-de-mos-a-nova-senda-do-louro-e-a-insoportable-levedade-do-ser\/#primaryimage"},"image":{"@id":"https:\/\/www.anovapeneira.gal\/index.php\/2022\/03\/22\/o-goberno-de-mos-a-nova-senda-do-louro-e-a-insoportable-levedade-do-ser\/#primaryimage"},"thumbnailUrl":"https:\/\/www.anovapeneira.gal\/wp-content\/uploads\/2022\/03\/oscar_varela_louredo.jpg","datePublished":"2022-03-22T09:00:20+00:00","description":"Non co\u00f1ezo persoalmente \u00e1 alcaldesa de Mos. As veces que intentei entrevistala fun solicitalo ao concello e fun despachado pola persoa que me atendeu cun \u201c xa te chamaremos\u201d.","breadcrumb":{"@id":"https:\/\/www.anovapeneira.gal\/index.php\/2022\/03\/22\/o-goberno-de-mos-a-nova-senda-do-louro-e-a-insoportable-levedade-do-ser\/#breadcrumb"},"inLanguage":"gl-ES","potentialAction":[{"@type":"ReadAction","target":["https:\/\/www.anovapeneira.gal\/index.php\/2022\/03\/22\/o-goberno-de-mos-a-nova-senda-do-louro-e-a-insoportable-levedade-do-ser\/"]}]},{"@type":"ImageObject","inLanguage":"gl-ES","@id":"https:\/\/www.anovapeneira.gal\/index.php\/2022\/03\/22\/o-goberno-de-mos-a-nova-senda-do-louro-e-a-insoportable-levedade-do-ser\/#primaryimage","url":"https:\/\/www.anovapeneira.gal\/wp-content\/uploads\/2022\/03\/oscar_varela_louredo.jpg","contentUrl":"https:\/\/www.anovapeneira.gal\/wp-content\/uploads\/2022\/03\/oscar_varela_louredo.jpg","width":720,"height":432,"caption":"Oscar Carrera , veci\u00f1o de Louredo"},{"@type":"BreadcrumbList","@id":"https:\/\/www.anovapeneira.gal\/index.php\/2022\/03\/22\/o-goberno-de-mos-a-nova-senda-do-louro-e-a-insoportable-levedade-do-ser\/#breadcrumb","itemListElement":[{"@type":"ListItem","position":1,"name":"Portada","item":"https:\/\/www.anovapeneira.gal\/"},{"@type":"ListItem","position":2,"name":"O Goberno de Mos a nova senda do Louro, e a insoportable levedade do ser"}]},{"@type":"WebSite","@id":"https:\/\/www.anovapeneira.gal\/#website","url":"https:\/\/www.anovapeneira.gal\/","name":"","description":"Xornal galego de informaci\u00f3n xeral Publicaci\u00f3n mensual de novas de Galicia e en especial dos Concellos da sur da provincia de Pontevedra.","publisher":{"@id":"https:\/\/www.anovapeneira.gal\/#organization"},"potentialAction":[{"@type":"SearchAction","target":{"@type":"EntryPoint","urlTemplate":"https:\/\/www.anovapeneira.gal\/?s={search_term_string}"},"query-input":{"@type":"PropertyValueSpecification","valueRequired":true,"valueName":"search_term_string"}}],"inLanguage":"gl-ES"},{"@type":"Organization","@id":"https:\/\/www.anovapeneira.gal\/#organization","name":"A Nova Peneira","url":"https:\/\/www.anovapeneira.gal\/","logo":{"@type":"ImageObject","inLanguage":"gl-ES","@id":"https:\/\/www.anovapeneira.gal\/#\/schema\/logo\/image\/","url":"http:\/\/www.anovapeneira.gal\/wp-content\/uploads\/2019\/06\/logo_a_nova_peneira_portal_web.png","contentUrl":"http:\/\/www.anovapeneira.gal\/wp-content\/uploads\/2019\/06\/logo_a_nova_peneira_portal_web.png","width":300,"height":100,"caption":"A Nova Peneira"},"image":{"@id":"https:\/\/www.anovapeneira.gal\/#\/schema\/logo\/image\/"},"sameAs":["https:\/\/www.facebook.com\/anovapeneira","https:\/\/x.com\/APeneira"]},{"@type":"Person","@id":"https:\/\/www.anovapeneira.gal\/#\/schema\/person\/424dfe65e3070fd8a44d22d2c088762a","name":"Tino Lago","image":{"@type":"ImageObject","inLanguage":"gl-ES","@id":"https:\/\/secure.gravatar.com\/avatar\/b3df6a06e44bab3111583b90f0f33a0379ee5e3d22cbadd232d39f21c30c62be?s=96&d=mm&r=g","url":"https:\/\/secure.gravatar.com\/avatar\/b3df6a06e44bab3111583b90f0f33a0379ee5e3d22cbadd232d39f21c30c62be?s=96&d=mm&r=g","contentUrl":"https:\/\/secure.gravatar.com\/avatar\/b3df6a06e44bab3111583b90f0f33a0379ee5e3d22cbadd232d39f21c30c62be?s=96&d=mm&r=g","caption":"Tino Lago"},"sameAs":["http:\/\/www.anovapeneira.gal"],"url":"https:\/\/www.anovapeneira.gal\/index.php\/author\/director\/"}]}},"jetpack_featured_media_url":"https:\/\/www.anovapeneira.gal\/wp-content\/uploads\/2022\/03\/oscar_varela_louredo.jpg","_links":{"self":[{"href":"https:\/\/www.anovapeneira.gal\/index.php\/wp-json\/wp\/v2\/posts\/7149","targetHints":{"allow":["GET"]}}],"collection":[{"href":"https:\/\/www.anovapeneira.gal\/index.php\/wp-json\/wp\/v2\/posts"}],"about":[{"href":"https:\/\/www.anovapeneira.gal\/index.php\/wp-json\/wp\/v2\/types\/post"}],"author":[{"embeddable":true,"href":"https:\/\/www.anovapeneira.gal\/index.php\/wp-json\/wp\/v2\/users\/2"}],"replies":[{"embeddable":true,"href":"https:\/\/www.anovapeneira.gal\/index.php\/wp-json\/wp\/v2\/comments?post=7149"}],"version-history":[{"count":1,"href":"https:\/\/www.anovapeneira.gal\/index.php\/wp-json\/wp\/v2\/posts\/7149\/revisions"}],"predecessor-version":[{"id":7151,"href":"https:\/\/www.anovapeneira.gal\/index.php\/wp-json\/wp\/v2\/posts\/7149\/revisions\/7151"}],"wp:featuredmedia":[{"embeddable":true,"href":"https:\/\/www.anovapeneira.gal\/index.php\/wp-json\/wp\/v2\/media\/7150"}],"wp:attachment":[{"href":"https:\/\/www.anovapeneira.gal\/index.php\/wp-json\/wp\/v2\/media?parent=7149"}],"wp:term":[{"taxonomy":"category","embeddable":true,"href":"https:\/\/www.anovapeneira.gal\/index.php\/wp-json\/wp\/v2\/categories?post=7149"},{"taxonomy":"post_tag","embeddable":true,"href":"https:\/\/www.anovapeneira.gal\/index.php\/wp-json\/wp\/v2\/tags?post=7149"}],"curies":[{"name":"wp","href":"https:\/\/api.w.org\/{rel}","templated":true}]}}