{"id":7152,"date":"2022-03-22T12:00:58","date_gmt":"2022-03-22T11:00:58","guid":{"rendered":"https:\/\/www.anovapeneira.gal\/?p=7152"},"modified":"2022-03-17T09:58:32","modified_gmt":"2022-03-17T08:58:32","slug":"cafe-cowork-un-novo-espazo-cultural-en-redondela","status":"publish","type":"post","link":"https:\/\/www.anovapeneira.gal\/index.php\/2022\/03\/22\/cafe-cowork-un-novo-espazo-cultural-en-redondela\/","title":{"rendered":"Caf\u00e9 cowork. Un novo espazo cultural en Redondela"},"content":{"rendered":"\n<p><strong>Na r\u00faa Ernestina Otero n\u00famero 33 leva xa un tempo aberto un moi interesante espazo, que ofrece \u00e1s persoas que o visiten a posibilidade de gozar da arte a trav\u00e9s das distintas exposici\u00f3ns que organizan. E se unimos os conceptos de cultura e Redondela nun mesmo escenario, A Nova Peneira non pode deixar de co\u00f1ecelos. Al\u00e1 fomos e conversamos con Moncho, o seu propietario,e con dous pintores que no momento da nosa vista estaban a expor no local; Abel Barandela e Chus Guedella<\/strong><\/p>\n\n\n\n<pre class=\"wp-block-verse\">Marcos Santos.<\/pre>\n\n\n\n<p><strong>Ram\u00f3n S. Propietario do local<\/strong><\/p>\n\n\n\n<p><strong>Parab\u00e9ns pola exposici\u00f3n. Cont\u00e1demos como xurde o cowork.<\/strong><\/p>\n\n\n\n<blockquote class=\"wp-block-quote is-layout-flow wp-block-quote-is-layout-flow\"><p>Xurde pola idea de montar un espazo en Redondela onde poder traballar e facer unha comunidade de negocio. Non hab\u00eda na vila un local axeitado para montar un cowork.<\/p><\/blockquote>\n\n\n\n<p><strong>De a\u00ed que cambiaras un parque de bolas por un local de cowork?<\/strong><\/p>\n\n\n\n<blockquote class=\"wp-block-quote is-layout-flow wp-block-quote-is-layout-flow\"><p>Si buscabamos un local onde ter un espazo de ocio e de negocio. Compaxinar un espazo de traballo pola semana, e poder dedicarllo ao ocio as fin de semana onde se transmita a cultura, os valores e sobre todo onde as inquedanzas que ten a xente ,despois de todo o que levamos pasado, te\u00f1an un espazo para a s\u00faa expresi\u00f3n .<\/p><\/blockquote>\n\n\n\n<p><strong>Ent\u00f3n unha persoa pode alugar o espazo para ter un reuni\u00f3n de negocios e logo desfrutar o resto do d\u00eda do local cos concertos, exposici\u00f3ns..?<\/strong><\/p>\n\n\n\n<blockquote class=\"wp-block-quote is-layout-flow wp-block-quote-is-layout-flow\"><p>Si, e mesmo imos comezar cun ciclo de mon\u00f3logos tam\u00e9n. Temos feito sesi\u00f3n verm\u00fa con m\u00fasica, artes\u00e1ns. Buscamos darlle significado a palabra socializar e topar un punto de reuni\u00f3n com\u00fan para todos sen exclu\u00edr a ningu\u00e9n.<\/p><\/blockquote>\n\n\n\n<p><strong>Ti es unha persoa referente no mundo da noite, en locais como Jackson, La F\u00e1brica, Brujas\u2026 Como cambias este mundo polo do d\u00eda?<\/strong><\/p>\n\n\n\n<blockquote class=\"wp-block-quote is-layout-flow wp-block-quote-is-layout-flow\"><p>Con 32 anos deixei profesionalmente o mundo da noite pero nunca me desvinculei de todo.<\/p><\/blockquote>\n\n\n\n<p><strong>E para ler prensa aqu\u00ed que te\u00f1o que facer?<\/strong><\/p>\n\n\n\n<blockquote class=\"wp-block-quote is-layout-flow wp-block-quote-is-layout-flow\"><p>Aqu\u00ed non temos prensa escrita. Fixemos unha colaboraci\u00f3n con eficiencia enerx\u00e9tica de Redondela, con Nardo, reciclamos e queremos e chegar a ser oficina sen papel. Nardo cedeunos d\u00faas mesas onde poder ler dixitalmente todo tipo de prensa, inclu\u00edda a Nova Peneira.<\/p><\/blockquote>\n\n\n\n<p><strong>Colaboras co comercio local de Redondela?<\/strong><\/p>\n\n\n\n<blockquote class=\"wp-block-quote is-layout-flow wp-block-quote-is-layout-flow\"><p>Tanto Bel\u00e9n coma eu, que somos os art\u00edfices deste proxecto, apoiamos o comercio local e de proximidade. Intentamos mercar todo nel<\/p><\/blockquote>\n\n\n\n<p><strong>Abel e Chus, pintores que expo\u00f1en no local<\/strong><\/p>\n\n\n\n<p><strong>Abel Barandela, ch\u00e1mante o pintor do vi\u00f1o. C\u00f3ntame esta historia, dinme que todo naceu nunha cena cuns amigos?<\/strong><\/p>\n\n\n\n<blockquote class=\"wp-block-quote is-layout-flow wp-block-quote-is-layout-flow\"><p>Si, esperando pola cena nunha taberna antiga onde che po\u00f1en os manteis de papel, fixeime no cerco que deixan as cunhas de vi\u00f1o nos mesmo, cun pano de mesa comecei a facer caras cos sucos do vi\u00f1o e un amigo que se chama Suso deume a idea de sacarlle partido a todo isto. Resulta que o taberneiro enmarcara o anaco de mantel onde fixera o debuxo d\u00faas semanas atr\u00e1s.<\/p><\/blockquote>\n\n\n\n<blockquote class=\"wp-block-quote is-layout-flow wp-block-quote-is-layout-flow\"><p>De aqu\u00ed despois de varias probas co vi\u00f1o comecei a xogar coa mestura do poso do vi\u00f1o deshidratado e pinturas con base de auga. Foi o p\u00fablico e a prensa os que me puxeron o alcume de \u201cPintor do Vi\u00f1o\u201d.<\/p><\/blockquote>\n\n\n\n<p><strong>Xa me dixeches que eras abstemio, pero cal \u00e9 o mellor vi\u00f1o para desenrolar este tipo de pinturas?<\/strong><\/p>\n\n\n\n<blockquote class=\"wp-block-quote is-layout-flow wp-block-quote-is-layout-flow\"><p>O de Barrantes este ten moito corpo. Intento mercar no comercio de proximidade e a\u00ednda que nac\u00edn en Ourense, veraneaba de pequeno en San Xenxo e agora vivo e traballo al\u00ed.<\/p><\/blockquote>\n\n\n\n<p><strong>Botas de menos Ourense?<\/strong><\/p>\n\n\n\n<blockquote class=\"wp-block-quote is-layout-flow wp-block-quote-is-layout-flow\"><p>Si, vou con certa frecuencia, de feito te\u00f1o al\u00ed unha exposici\u00f3n hai dous meses no Restaurante Monterrei do Casco Vello.<\/p><\/blockquote>\n\n\n\n<p><strong>Chus Guedella, ti eras membro dun grupo punki chamado \u201cDe Cagarrutas Band\u201d, de profesi\u00f3n soldador e por onde che ben o de dedicarte ao audiovisual?<\/strong><\/p>\n\n\n\n<blockquote class=\"wp-block-quote is-layout-flow wp-block-quote-is-layout-flow\"><p>Estou no equipo de direcci\u00f3n concretamente. Aqu\u00ed metinme de casualidade, un d\u00eda \u00eda por Vigo e par\u00e1ronme unha rapazas para propo\u00f1erme participar nun proxecto audiovisual, d\u00edxenlles que si mentres que non tivera que p\u00f3r cartos, <strong>risas\u2026<\/strong> Resulta que era para a pel\u00edcula \u201cLos lunes al sol\u201d. Comecei como figurante e participei nunhas dez pel\u00edculas. Sendo figurante co\u00f1ec\u00edn \u00e1 xefa de produci\u00f3n de \u201cFari\u00f1a\u201d e nesta serie traballei seis meses, logo desta serie xa fixen alg\u00fan papel como garda civil, camelo ou polic\u00eda nacional noutros proxectos.<\/p><\/blockquote>\n\n\n\n<p><strong>Non temes encadrarte nestes papeis?<\/strong><\/p>\n\n\n\n<blockquote class=\"wp-block-quote is-layout-flow wp-block-quote-is-layout-flow\"><p>Non, sei que te\u00f1o moitos rexistros, <strong>risas\u2026<\/strong>Tiven moita sorte de chegar a este mundo do audiovisual e co\u00f1ecer a moita xente como \u00c1ngela Molina ou Jean Reno e sentirme tan ben como me fan sentir.<\/p><\/blockquote>\n\n\n\n<p><strong>E entre os teus descansos das rodaxes ded\u00edcaste a facer as caricaturas?<\/strong><\/p>\n\n\n\n<blockquote class=\"wp-block-quote is-layout-flow wp-block-quote-is-layout-flow\"><p>Nos descansos de \u201cFari\u00f1a\u201d hab\u00eda un actor que fac\u00eda de polic\u00eda que se pu\u00f1a a debuxar entre secuencia e secuencia. Un d\u00eda d\u00edxenlle que me regalara un dos seus debuxos e regaloumo coa condici\u00f3n de que eu lle fixera un debuxo tam\u00e9n. Eu non pintara na vida pero como terapia entre un proxecto e outro p\u00faxenme a debuxar, fixen un primeiro retrato de Ricardo de Barreiro, isto gustou e os demais actores de Fari\u00f1a tam\u00e9n me pediron. Estiven debuxando case dous anos e fixen m\u00e1is de vinte retratos. De aqu\u00ed sa\u00edu que me animara xunto con Abel Barandela a facer unha exposici\u00f3n dos nosos debuxos. Esta que facemos aqu\u00ed no caf\u00e9 work con Moncho \u00e9 a nosa segunda exposici\u00f3n, a primeira foi en Noia onde se redou \u201cFari\u00f1a\u201d. O nome da exposici\u00f3n \u00e9 \u201cVino Bic\u201d.<\/p><\/blockquote>\n\n\n\n<p><strong>Moitos actores cos que te\u00f1o falado pensan que o audiovisual galego est\u00e1 en perigo, opinades o mesmo?<\/strong><\/p>\n\n\n\n<blockquote class=\"wp-block-quote is-layout-flow wp-block-quote-is-layout-flow\"><p>Si, posiblemente. Parte do audiovisual galego tivo que marchar f\u00f3ra por falta de recursos de financiamento.<\/p><\/blockquote>\n\n\n\n<blockquote class=\"wp-block-quote is-layout-flow wp-block-quote-is-layout-flow\"><p>Moita xente da que co\u00f1ezo, non s\u00f3 no mundo audiovisual, sen\u00f3n na arte, el\u00e9ctricos ou mesmo produci\u00f3n tiveron que marchar para Madrid a traballar, consid\u00e9rome afortunado por poder traballar aqu\u00ed 7 ou 8 meses ao ano.<\/p><\/blockquote>\n\n\n\n<p><strong>E para rematar, dicirlle as nosas lectoras e lectores porque te\u00f1en que vir ver esta exposici\u00f3n?<\/strong><\/p>\n\n\n\n<blockquote class=\"wp-block-quote is-layout-flow wp-block-quote-is-layout-flow\"><p>Desde o punto de vista art\u00edstico, a calidade do noso traballo penso que \u00e9 o suficientemente seria para que a xente ve\u00f1a vela.<\/p><\/blockquote>\n\n\n\n<p><strong>Isto podo dicir que \u00e9 certo.<\/strong><\/p>\n","protected":false},"excerpt":{"rendered":"<div class=\"mh-excerpt\"><p>Na r\u00faa Ernestina Otero n\u00famero 33 leva xa un tempo aberto un moi interesante espazo, que ofrece \u00e1s persoas que o visiten a posibilidade de gozar da arte a trav\u00e9s das distintas exposici\u00f3ns que organizan <a class=\"mh-excerpt-more\" href=\"https:\/\/www.anovapeneira.gal\/index.php\/2022\/03\/22\/cafe-cowork-un-novo-espazo-cultural-en-redondela\/\" title=\"Caf\u00e9 cowork. Un novo espazo cultural en Redondela\">[&#8230;]<\/a><\/p>\n<\/div>","protected":false},"author":6,"featured_media":7153,"comment_status":"open","ping_status":"open","sticky":false,"template":"","format":"standard","meta":{"_exactmetrics_skip_tracking":false,"_exactmetrics_sitenote_active":false,"_exactmetrics_sitenote_note":"","_exactmetrics_sitenote_category":0,"footnotes":""},"categories":[270],"tags":[171],"class_list":{"0":"post-7152","1":"post","2":"type-post","3":"status-publish","4":"format-standard","5":"has-post-thumbnail","7":"category-redondela-entrevistas","8":"tag-concello-de-redondela"},"yoast_head":"<!-- This site is optimized with the Yoast SEO plugin v27.4 - https:\/\/yoast.com\/product\/yoast-seo-wordpress\/ -->\n<title>Caf\u00e9 cowork. Un novo espazo cultural en Redondela -<\/title>\n<meta name=\"description\" content=\"Na r\u00faa Ernestina Otero n\u00famero 33 leva xa un tempo aberto un moi interesante espazo, que ofrece \u00e1s persoas que o visiten a posibilidade de gozar da arte a trav\u00e9s das distintas exposici\u00f3ns que organizan\" \/>\n<meta name=\"robots\" content=\"index, follow, max-snippet:-1, max-image-preview:large, max-video-preview:-1\" \/>\n<link rel=\"canonical\" href=\"https:\/\/www.anovapeneira.gal\/index.php\/2022\/03\/22\/cafe-cowork-un-novo-espazo-cultural-en-redondela\/\" \/>\n<meta property=\"og:locale\" content=\"gl_ES\" \/>\n<meta property=\"og:type\" content=\"article\" \/>\n<meta property=\"og:title\" content=\"Caf\u00e9 cowork. Un novo espazo cultural en Redondela -\" \/>\n<meta property=\"og:description\" content=\"Na r\u00faa Ernestina Otero n\u00famero 33 leva xa un tempo aberto un moi interesante espazo, que ofrece \u00e1s persoas que o visiten a posibilidade de gozar da arte a trav\u00e9s das distintas exposici\u00f3ns que organizan\" \/>\n<meta property=\"og:url\" content=\"https:\/\/www.anovapeneira.gal\/index.php\/2022\/03\/22\/cafe-cowork-un-novo-espazo-cultural-en-redondela\/\" \/>\n<meta property=\"article:publisher\" content=\"https:\/\/www.facebook.com\/anovapeneira\" \/>\n<meta property=\"article:published_time\" content=\"2022-03-22T11:00:58+00:00\" \/>\n<meta property=\"og:image\" content=\"https:\/\/www.anovapeneira.gal\/wp-content\/uploads\/2022\/03\/cafe_cowork_redondela.jpg\" \/>\n\t<meta property=\"og:image:width\" content=\"720\" \/>\n\t<meta property=\"og:image:height\" content=\"432\" \/>\n\t<meta property=\"og:image:type\" content=\"image\/jpeg\" \/>\n<meta name=\"author\" content=\"Marcos Santos\" \/>\n<meta name=\"twitter:card\" content=\"summary_large_image\" \/>\n<meta name=\"twitter:creator\" content=\"@APeneira\" \/>\n<meta name=\"twitter:site\" content=\"@APeneira\" \/>\n<meta name=\"twitter:label1\" content=\"Escrito por\" \/>\n\t<meta name=\"twitter:data1\" content=\"Marcos Santos\" \/>\n\t<meta name=\"twitter:label2\" content=\"Tempo de lectura\" \/>\n\t<meta name=\"twitter:data2\" content=\"6 minutos\" \/>\n<script type=\"application\/ld+json\" class=\"yoast-schema-graph\">{\"@context\":\"https:\\\/\\\/schema.org\",\"@graph\":[{\"@type\":\"Article\",\"@id\":\"https:\\\/\\\/www.anovapeneira.gal\\\/index.php\\\/2022\\\/03\\\/22\\\/cafe-cowork-un-novo-espazo-cultural-en-redondela\\\/#article\",\"isPartOf\":{\"@id\":\"https:\\\/\\\/www.anovapeneira.gal\\\/index.php\\\/2022\\\/03\\\/22\\\/cafe-cowork-un-novo-espazo-cultural-en-redondela\\\/\"},\"author\":{\"name\":\"Marcos Santos\",\"@id\":\"https:\\\/\\\/www.anovapeneira.gal\\\/#\\\/schema\\\/person\\\/d9d84823564720e7593293bab054e52d\"},\"headline\":\"Caf\u00e9 cowork. Un novo espazo cultural en Redondela\",\"datePublished\":\"2022-03-22T11:00:58+00:00\",\"mainEntityOfPage\":{\"@id\":\"https:\\\/\\\/www.anovapeneira.gal\\\/index.php\\\/2022\\\/03\\\/22\\\/cafe-cowork-un-novo-espazo-cultural-en-redondela\\\/\"},\"wordCount\":1093,\"commentCount\":0,\"publisher\":{\"@id\":\"https:\\\/\\\/www.anovapeneira.gal\\\/#organization\"},\"image\":{\"@id\":\"https:\\\/\\\/www.anovapeneira.gal\\\/index.php\\\/2022\\\/03\\\/22\\\/cafe-cowork-un-novo-espazo-cultural-en-redondela\\\/#primaryimage\"},\"thumbnailUrl\":\"https:\\\/\\\/www.anovapeneira.gal\\\/wp-content\\\/uploads\\\/2022\\\/03\\\/cafe_cowork_redondela.jpg\",\"keywords\":[\"Concello de Redondela\"],\"articleSection\":[\"Redondela\"],\"inLanguage\":\"gl-ES\",\"potentialAction\":[{\"@type\":\"CommentAction\",\"name\":\"Comment\",\"target\":[\"https:\\\/\\\/www.anovapeneira.gal\\\/index.php\\\/2022\\\/03\\\/22\\\/cafe-cowork-un-novo-espazo-cultural-en-redondela\\\/#respond\"]}]},{\"@type\":\"WebPage\",\"@id\":\"https:\\\/\\\/www.anovapeneira.gal\\\/index.php\\\/2022\\\/03\\\/22\\\/cafe-cowork-un-novo-espazo-cultural-en-redondela\\\/\",\"url\":\"https:\\\/\\\/www.anovapeneira.gal\\\/index.php\\\/2022\\\/03\\\/22\\\/cafe-cowork-un-novo-espazo-cultural-en-redondela\\\/\",\"name\":\"Caf\u00e9 cowork. Un novo espazo cultural en Redondela -\",\"isPartOf\":{\"@id\":\"https:\\\/\\\/www.anovapeneira.gal\\\/#website\"},\"primaryImageOfPage\":{\"@id\":\"https:\\\/\\\/www.anovapeneira.gal\\\/index.php\\\/2022\\\/03\\\/22\\\/cafe-cowork-un-novo-espazo-cultural-en-redondela\\\/#primaryimage\"},\"image\":{\"@id\":\"https:\\\/\\\/www.anovapeneira.gal\\\/index.php\\\/2022\\\/03\\\/22\\\/cafe-cowork-un-novo-espazo-cultural-en-redondela\\\/#primaryimage\"},\"thumbnailUrl\":\"https:\\\/\\\/www.anovapeneira.gal\\\/wp-content\\\/uploads\\\/2022\\\/03\\\/cafe_cowork_redondela.jpg\",\"datePublished\":\"2022-03-22T11:00:58+00:00\",\"description\":\"Na r\u00faa Ernestina Otero n\u00famero 33 leva xa un tempo aberto un moi interesante espazo, que ofrece \u00e1s persoas que o visiten a posibilidade de gozar da arte a trav\u00e9s das distintas exposici\u00f3ns que organizan\",\"breadcrumb\":{\"@id\":\"https:\\\/\\\/www.anovapeneira.gal\\\/index.php\\\/2022\\\/03\\\/22\\\/cafe-cowork-un-novo-espazo-cultural-en-redondela\\\/#breadcrumb\"},\"inLanguage\":\"gl-ES\",\"potentialAction\":[{\"@type\":\"ReadAction\",\"target\":[\"https:\\\/\\\/www.anovapeneira.gal\\\/index.php\\\/2022\\\/03\\\/22\\\/cafe-cowork-un-novo-espazo-cultural-en-redondela\\\/\"]}]},{\"@type\":\"ImageObject\",\"inLanguage\":\"gl-ES\",\"@id\":\"https:\\\/\\\/www.anovapeneira.gal\\\/index.php\\\/2022\\\/03\\\/22\\\/cafe-cowork-un-novo-espazo-cultural-en-redondela\\\/#primaryimage\",\"url\":\"https:\\\/\\\/www.anovapeneira.gal\\\/wp-content\\\/uploads\\\/2022\\\/03\\\/cafe_cowork_redondela.jpg\",\"contentUrl\":\"https:\\\/\\\/www.anovapeneira.gal\\\/wp-content\\\/uploads\\\/2022\\\/03\\\/cafe_cowork_redondela.jpg\",\"width\":720,\"height\":432,\"caption\":\"Caf\u00e9 cowork. Un novo espazo cultural en Redondela\"},{\"@type\":\"BreadcrumbList\",\"@id\":\"https:\\\/\\\/www.anovapeneira.gal\\\/index.php\\\/2022\\\/03\\\/22\\\/cafe-cowork-un-novo-espazo-cultural-en-redondela\\\/#breadcrumb\",\"itemListElement\":[{\"@type\":\"ListItem\",\"position\":1,\"name\":\"Portada\",\"item\":\"https:\\\/\\\/www.anovapeneira.gal\\\/\"},{\"@type\":\"ListItem\",\"position\":2,\"name\":\"Caf\u00e9 cowork. Un novo espazo cultural en Redondela\"}]},{\"@type\":\"WebSite\",\"@id\":\"https:\\\/\\\/www.anovapeneira.gal\\\/#website\",\"url\":\"https:\\\/\\\/www.anovapeneira.gal\\\/\",\"name\":\"\",\"description\":\"Xornal galego de informaci\u00f3n xeral Publicaci\u00f3n mensual de novas de Galicia e en especial dos Concellos da sur da provincia de Pontevedra.\",\"publisher\":{\"@id\":\"https:\\\/\\\/www.anovapeneira.gal\\\/#organization\"},\"potentialAction\":[{\"@type\":\"SearchAction\",\"target\":{\"@type\":\"EntryPoint\",\"urlTemplate\":\"https:\\\/\\\/www.anovapeneira.gal\\\/?s={search_term_string}\"},\"query-input\":{\"@type\":\"PropertyValueSpecification\",\"valueRequired\":true,\"valueName\":\"search_term_string\"}}],\"inLanguage\":\"gl-ES\"},{\"@type\":\"Organization\",\"@id\":\"https:\\\/\\\/www.anovapeneira.gal\\\/#organization\",\"name\":\"A Nova Peneira\",\"url\":\"https:\\\/\\\/www.anovapeneira.gal\\\/\",\"logo\":{\"@type\":\"ImageObject\",\"inLanguage\":\"gl-ES\",\"@id\":\"https:\\\/\\\/www.anovapeneira.gal\\\/#\\\/schema\\\/logo\\\/image\\\/\",\"url\":\"http:\\\/\\\/www.anovapeneira.gal\\\/wp-content\\\/uploads\\\/2019\\\/06\\\/logo_a_nova_peneira_portal_web.png\",\"contentUrl\":\"http:\\\/\\\/www.anovapeneira.gal\\\/wp-content\\\/uploads\\\/2019\\\/06\\\/logo_a_nova_peneira_portal_web.png\",\"width\":300,\"height\":100,\"caption\":\"A Nova Peneira\"},\"image\":{\"@id\":\"https:\\\/\\\/www.anovapeneira.gal\\\/#\\\/schema\\\/logo\\\/image\\\/\"},\"sameAs\":[\"https:\\\/\\\/www.facebook.com\\\/anovapeneira\",\"https:\\\/\\\/x.com\\\/APeneira\"]},{\"@type\":\"Person\",\"@id\":\"https:\\\/\\\/www.anovapeneira.gal\\\/#\\\/schema\\\/person\\\/d9d84823564720e7593293bab054e52d\",\"name\":\"Marcos Santos\",\"image\":{\"@type\":\"ImageObject\",\"inLanguage\":\"gl-ES\",\"@id\":\"https:\\\/\\\/secure.gravatar.com\\\/avatar\\\/0e8017099a7a47c0a9d2275e865fe326484561eb3d70649069e4b8e61a8d2e8c?s=96&d=mm&r=g\",\"url\":\"https:\\\/\\\/secure.gravatar.com\\\/avatar\\\/0e8017099a7a47c0a9d2275e865fe326484561eb3d70649069e4b8e61a8d2e8c?s=96&d=mm&r=g\",\"contentUrl\":\"https:\\\/\\\/secure.gravatar.com\\\/avatar\\\/0e8017099a7a47c0a9d2275e865fe326484561eb3d70649069e4b8e61a8d2e8c?s=96&d=mm&r=g\",\"caption\":\"Marcos Santos\"},\"sameAs\":[\"http:\\\/\\\/anovapeneira.gal\"],\"url\":\"https:\\\/\\\/www.anovapeneira.gal\\\/index.php\\\/author\\\/marcos-santos\\\/\"}]}<\/script>\n<!-- \/ Yoast SEO plugin. -->","yoast_head_json":{"title":"Caf\u00e9 cowork. Un novo espazo cultural en Redondela -","description":"Na r\u00faa Ernestina Otero n\u00famero 33 leva xa un tempo aberto un moi interesante espazo, que ofrece \u00e1s persoas que o visiten a posibilidade de gozar da arte a trav\u00e9s das distintas exposici\u00f3ns que organizan","robots":{"index":"index","follow":"follow","max-snippet":"max-snippet:-1","max-image-preview":"max-image-preview:large","max-video-preview":"max-video-preview:-1"},"canonical":"https:\/\/www.anovapeneira.gal\/index.php\/2022\/03\/22\/cafe-cowork-un-novo-espazo-cultural-en-redondela\/","og_locale":"gl_ES","og_type":"article","og_title":"Caf\u00e9 cowork. Un novo espazo cultural en Redondela -","og_description":"Na r\u00faa Ernestina Otero n\u00famero 33 leva xa un tempo aberto un moi interesante espazo, que ofrece \u00e1s persoas que o visiten a posibilidade de gozar da arte a trav\u00e9s das distintas exposici\u00f3ns que organizan","og_url":"https:\/\/www.anovapeneira.gal\/index.php\/2022\/03\/22\/cafe-cowork-un-novo-espazo-cultural-en-redondela\/","article_publisher":"https:\/\/www.facebook.com\/anovapeneira","article_published_time":"2022-03-22T11:00:58+00:00","og_image":[{"width":720,"height":432,"url":"https:\/\/www.anovapeneira.gal\/wp-content\/uploads\/2022\/03\/cafe_cowork_redondela.jpg","type":"image\/jpeg"}],"author":"Marcos Santos","twitter_card":"summary_large_image","twitter_creator":"@APeneira","twitter_site":"@APeneira","twitter_misc":{"Escrito por":"Marcos Santos","Tempo de lectura":"6 minutos"},"schema":{"@context":"https:\/\/schema.org","@graph":[{"@type":"Article","@id":"https:\/\/www.anovapeneira.gal\/index.php\/2022\/03\/22\/cafe-cowork-un-novo-espazo-cultural-en-redondela\/#article","isPartOf":{"@id":"https:\/\/www.anovapeneira.gal\/index.php\/2022\/03\/22\/cafe-cowork-un-novo-espazo-cultural-en-redondela\/"},"author":{"name":"Marcos Santos","@id":"https:\/\/www.anovapeneira.gal\/#\/schema\/person\/d9d84823564720e7593293bab054e52d"},"headline":"Caf\u00e9 cowork. Un novo espazo cultural en Redondela","datePublished":"2022-03-22T11:00:58+00:00","mainEntityOfPage":{"@id":"https:\/\/www.anovapeneira.gal\/index.php\/2022\/03\/22\/cafe-cowork-un-novo-espazo-cultural-en-redondela\/"},"wordCount":1093,"commentCount":0,"publisher":{"@id":"https:\/\/www.anovapeneira.gal\/#organization"},"image":{"@id":"https:\/\/www.anovapeneira.gal\/index.php\/2022\/03\/22\/cafe-cowork-un-novo-espazo-cultural-en-redondela\/#primaryimage"},"thumbnailUrl":"https:\/\/www.anovapeneira.gal\/wp-content\/uploads\/2022\/03\/cafe_cowork_redondela.jpg","keywords":["Concello de Redondela"],"articleSection":["Redondela"],"inLanguage":"gl-ES","potentialAction":[{"@type":"CommentAction","name":"Comment","target":["https:\/\/www.anovapeneira.gal\/index.php\/2022\/03\/22\/cafe-cowork-un-novo-espazo-cultural-en-redondela\/#respond"]}]},{"@type":"WebPage","@id":"https:\/\/www.anovapeneira.gal\/index.php\/2022\/03\/22\/cafe-cowork-un-novo-espazo-cultural-en-redondela\/","url":"https:\/\/www.anovapeneira.gal\/index.php\/2022\/03\/22\/cafe-cowork-un-novo-espazo-cultural-en-redondela\/","name":"Caf\u00e9 cowork. Un novo espazo cultural en Redondela -","isPartOf":{"@id":"https:\/\/www.anovapeneira.gal\/#website"},"primaryImageOfPage":{"@id":"https:\/\/www.anovapeneira.gal\/index.php\/2022\/03\/22\/cafe-cowork-un-novo-espazo-cultural-en-redondela\/#primaryimage"},"image":{"@id":"https:\/\/www.anovapeneira.gal\/index.php\/2022\/03\/22\/cafe-cowork-un-novo-espazo-cultural-en-redondela\/#primaryimage"},"thumbnailUrl":"https:\/\/www.anovapeneira.gal\/wp-content\/uploads\/2022\/03\/cafe_cowork_redondela.jpg","datePublished":"2022-03-22T11:00:58+00:00","description":"Na r\u00faa Ernestina Otero n\u00famero 33 leva xa un tempo aberto un moi interesante espazo, que ofrece \u00e1s persoas que o visiten a posibilidade de gozar da arte a trav\u00e9s das distintas exposici\u00f3ns que organizan","breadcrumb":{"@id":"https:\/\/www.anovapeneira.gal\/index.php\/2022\/03\/22\/cafe-cowork-un-novo-espazo-cultural-en-redondela\/#breadcrumb"},"inLanguage":"gl-ES","potentialAction":[{"@type":"ReadAction","target":["https:\/\/www.anovapeneira.gal\/index.php\/2022\/03\/22\/cafe-cowork-un-novo-espazo-cultural-en-redondela\/"]}]},{"@type":"ImageObject","inLanguage":"gl-ES","@id":"https:\/\/www.anovapeneira.gal\/index.php\/2022\/03\/22\/cafe-cowork-un-novo-espazo-cultural-en-redondela\/#primaryimage","url":"https:\/\/www.anovapeneira.gal\/wp-content\/uploads\/2022\/03\/cafe_cowork_redondela.jpg","contentUrl":"https:\/\/www.anovapeneira.gal\/wp-content\/uploads\/2022\/03\/cafe_cowork_redondela.jpg","width":720,"height":432,"caption":"Caf\u00e9 cowork. Un novo espazo cultural en Redondela"},{"@type":"BreadcrumbList","@id":"https:\/\/www.anovapeneira.gal\/index.php\/2022\/03\/22\/cafe-cowork-un-novo-espazo-cultural-en-redondela\/#breadcrumb","itemListElement":[{"@type":"ListItem","position":1,"name":"Portada","item":"https:\/\/www.anovapeneira.gal\/"},{"@type":"ListItem","position":2,"name":"Caf\u00e9 cowork. Un novo espazo cultural en Redondela"}]},{"@type":"WebSite","@id":"https:\/\/www.anovapeneira.gal\/#website","url":"https:\/\/www.anovapeneira.gal\/","name":"","description":"Xornal galego de informaci\u00f3n xeral Publicaci\u00f3n mensual de novas de Galicia e en especial dos Concellos da sur da provincia de Pontevedra.","publisher":{"@id":"https:\/\/www.anovapeneira.gal\/#organization"},"potentialAction":[{"@type":"SearchAction","target":{"@type":"EntryPoint","urlTemplate":"https:\/\/www.anovapeneira.gal\/?s={search_term_string}"},"query-input":{"@type":"PropertyValueSpecification","valueRequired":true,"valueName":"search_term_string"}}],"inLanguage":"gl-ES"},{"@type":"Organization","@id":"https:\/\/www.anovapeneira.gal\/#organization","name":"A Nova Peneira","url":"https:\/\/www.anovapeneira.gal\/","logo":{"@type":"ImageObject","inLanguage":"gl-ES","@id":"https:\/\/www.anovapeneira.gal\/#\/schema\/logo\/image\/","url":"http:\/\/www.anovapeneira.gal\/wp-content\/uploads\/2019\/06\/logo_a_nova_peneira_portal_web.png","contentUrl":"http:\/\/www.anovapeneira.gal\/wp-content\/uploads\/2019\/06\/logo_a_nova_peneira_portal_web.png","width":300,"height":100,"caption":"A Nova Peneira"},"image":{"@id":"https:\/\/www.anovapeneira.gal\/#\/schema\/logo\/image\/"},"sameAs":["https:\/\/www.facebook.com\/anovapeneira","https:\/\/x.com\/APeneira"]},{"@type":"Person","@id":"https:\/\/www.anovapeneira.gal\/#\/schema\/person\/d9d84823564720e7593293bab054e52d","name":"Marcos Santos","image":{"@type":"ImageObject","inLanguage":"gl-ES","@id":"https:\/\/secure.gravatar.com\/avatar\/0e8017099a7a47c0a9d2275e865fe326484561eb3d70649069e4b8e61a8d2e8c?s=96&d=mm&r=g","url":"https:\/\/secure.gravatar.com\/avatar\/0e8017099a7a47c0a9d2275e865fe326484561eb3d70649069e4b8e61a8d2e8c?s=96&d=mm&r=g","contentUrl":"https:\/\/secure.gravatar.com\/avatar\/0e8017099a7a47c0a9d2275e865fe326484561eb3d70649069e4b8e61a8d2e8c?s=96&d=mm&r=g","caption":"Marcos Santos"},"sameAs":["http:\/\/anovapeneira.gal"],"url":"https:\/\/www.anovapeneira.gal\/index.php\/author\/marcos-santos\/"}]}},"jetpack_featured_media_url":"https:\/\/www.anovapeneira.gal\/wp-content\/uploads\/2022\/03\/cafe_cowork_redondela.jpg","_links":{"self":[{"href":"https:\/\/www.anovapeneira.gal\/index.php\/wp-json\/wp\/v2\/posts\/7152","targetHints":{"allow":["GET"]}}],"collection":[{"href":"https:\/\/www.anovapeneira.gal\/index.php\/wp-json\/wp\/v2\/posts"}],"about":[{"href":"https:\/\/www.anovapeneira.gal\/index.php\/wp-json\/wp\/v2\/types\/post"}],"author":[{"embeddable":true,"href":"https:\/\/www.anovapeneira.gal\/index.php\/wp-json\/wp\/v2\/users\/6"}],"replies":[{"embeddable":true,"href":"https:\/\/www.anovapeneira.gal\/index.php\/wp-json\/wp\/v2\/comments?post=7152"}],"version-history":[{"count":1,"href":"https:\/\/www.anovapeneira.gal\/index.php\/wp-json\/wp\/v2\/posts\/7152\/revisions"}],"predecessor-version":[{"id":7154,"href":"https:\/\/www.anovapeneira.gal\/index.php\/wp-json\/wp\/v2\/posts\/7152\/revisions\/7154"}],"wp:featuredmedia":[{"embeddable":true,"href":"https:\/\/www.anovapeneira.gal\/index.php\/wp-json\/wp\/v2\/media\/7153"}],"wp:attachment":[{"href":"https:\/\/www.anovapeneira.gal\/index.php\/wp-json\/wp\/v2\/media?parent=7152"}],"wp:term":[{"taxonomy":"category","embeddable":true,"href":"https:\/\/www.anovapeneira.gal\/index.php\/wp-json\/wp\/v2\/categories?post=7152"},{"taxonomy":"post_tag","embeddable":true,"href":"https:\/\/www.anovapeneira.gal\/index.php\/wp-json\/wp\/v2\/tags?post=7152"}],"curies":[{"name":"wp","href":"https:\/\/api.w.org\/{rel}","templated":true}]}}