{"id":7155,"date":"2022-03-23T10:00:46","date_gmt":"2022-03-23T09:00:46","guid":{"rendered":"https:\/\/www.anovapeneira.gal\/?p=7155"},"modified":"2022-03-17T10:08:03","modified_gmt":"2022-03-17T09:08:03","slug":"o-musico-seso-duran-ascende-ao-olimpo-co-seu-novo-disco-ascension","status":"publish","type":"post","link":"https:\/\/www.anovapeneira.gal\/index.php\/2022\/03\/23\/o-musico-seso-duran-ascende-ao-olimpo-co-seu-novo-disco-ascension\/","title":{"rendered":"O m\u00fasico Seso Dur\u00e1n ascende ao Olimpo co seu novo disco &#8220;Ascensi\u00f3n&#8221;"},"content":{"rendered":"\n<pre class=\"wp-block-verse\"><strong>Marcos Santos<\/strong><\/pre>\n\n\n\n<p><strong>Seso \u00e9 m\u00fasico e historiador. E por encima de todo, polo menos aos meus ollos, \u00e9 un tipo dunha lucidez extraordinaria que \u00e9 capaz de mergullarse no m\u00e1is profundo e formular d\u00fabidas rigorosas onde outros moitos s\u00f3 son quen de emitir certezas est\u00fapidas. El est\u00e1 a piques de quitar o seu segundo traballo musical e para min, unha vez m\u00e1is, foi un pracer conversar con Seso Dur\u00e1n, amigo de A Nova Peneira. Vela\u00ed vai o que deu de si a nosa charla.<\/strong><\/p>\n\n\n\n<p>\u201c<strong>Estase substitu\u00edndo o pensamento racional polas emoci\u00f3ns. E a mocidade \u00e9 a principal v\u00edtima desa situaci\u00f3n\u201d<\/strong><\/p>\n\n\n\n<p><strong>Est\u00e1s a piques de parir un novo disco?<\/strong><\/p>\n\n\n\n<blockquote class=\"wp-block-quote is-layout-flow wp-block-quote-is-layout-flow\"><p>Pois si, malia as circunstancias que nos sumiu a pandemia nestes dous anos isto \u00e9 un non parar. E o pr\u00f3ximo 18 de xu\u00f1o que estaremos facendo o concerto de despedida do son da memoria, no teatro Col\u00f3n da Coru\u00f1a, vainos coller coa xira de presentaci\u00f3n deste novo traballo.<\/p><\/blockquote>\n\n\n\n<p><strong>Esta \u00e9 a primeira vez que traballas cun produtor verdade?<\/strong><\/p>\n\n\n\n<blockquote class=\"wp-block-quote is-layout-flow wp-block-quote-is-layout-flow\"><p>En efecto, ata este momento sempre produc\u00eda eu. E a verdade esta primeira experiencia de traballo en conxunto cun produtor foi moi positiva<\/p><\/blockquote>\n\n\n\n<p><strong>Co\u00f1ec\u00edas previamente a Iago Lorenzo, o produtor?<\/strong><\/p>\n\n\n\n<blockquote class=\"wp-block-quote is-layout-flow wp-block-quote-is-layout-flow\"><p>Ti\u00f1amos amigos en com\u00fan. As circunstancias da pandemia fixeron que o traballo fose dif\u00edcil, o que lle d\u00e1 asemade un plus de encanto especial.<\/p><\/blockquote>\n\n\n\n<p><strong>Por que dis que foi dif\u00edcil?<\/strong><\/p>\n\n\n\n<blockquote class=\"wp-block-quote is-layout-flow wp-block-quote-is-layout-flow\"><p>Eu traballei no meu estudio, Iago no seu e Jose, o bater\u00eda. no seu. Foi todo a trav\u00e9s de correos electr\u00f3nicos e arquivos we transfer. Pero todo decorreu cunha fluidez extraordinaria. \u00c9 un proxecto de solista e a xente que est\u00e1 comigo espera polo meu traballo e trab\u00e1llase sobre iso. O disco non est\u00e1 lonxe dun disco en directo. A maior\u00eda do disco soa a banda tocando.<\/p><\/blockquote>\n\n\n\n<p><strong>Neste disco, te\u00f1o a sensaci\u00f3n de que a t\u00faa faceta de historiador est\u00e1 moi presente?<\/strong><\/p>\n\n\n\n<blockquote class=\"wp-block-quote is-layout-flow wp-block-quote-is-layout-flow\"><p>A historia avanza en progresi\u00f3n espiral. E episodios dram\u00e1ticos do pasado por desgraza tam\u00e9n os estamos a vivir no presente. Esa parte da an\u00e1lise hist\u00f3rica de relaci\u00f3n do pasado coa actualidade si que procuro facela ver nalgunha canci\u00f3n. Pero hai un abano amplo de temas, alg\u00fans m\u00e1is expl\u00edcitos que outros. Incluso hainos que foron escritos pensando nun tema e logo \u00e1brense a interpretaci\u00f3ns moi interesantes por parte de quen xa os te\u00f1en escoitado.<\/p><\/blockquote>\n\n\n\n<p><strong>Tam\u00e9n hai espazo para o amor verdade?<\/strong><\/p>\n\n\n\n<blockquote class=\"wp-block-quote is-layout-flow wp-block-quote-is-layout-flow\"><p>Si, e igualmente para a violencia de x\u00e9nero, o illamento causado pola h\u00edper comunicaci\u00f3n dixital. Como che dixen o abano tem\u00e1tico \u00e9 amplo.<\/p><\/blockquote>\n\n\n\n<p><strong>F\u00e1lame de\u201d O pa\u00eds non pa\u00eds\u201d?<\/strong><\/p>\n\n\n\n<blockquote class=\"wp-block-quote is-layout-flow wp-block-quote-is-layout-flow\"><p>\u00c9 unha reflexi\u00f3n sobre como vivimos a nosa identidade os galegos e as galegas. Eu creo que con independencia das adscrici\u00f3ns pol\u00edticas somos conscientes de que conformamos un pa\u00eds. Sen embargo non facemos o necesario para defender os nosos sinais de identidade. Por exemplo a radio galega m\u00fasica non sei porque se chama as\u00ed, porque emite moi poucas canci\u00f3ns en galego, unha de cada dez aproximadamente. e ningu\u00e9n protesta para mudar esa situaci\u00f3n. Non \u00e9 unha canci\u00f3n que vai en contra de ningu\u00e9n s\u00f3 pretende fomentar \u00e1 introspecci\u00f3n.<\/p><\/blockquote>\n\n\n\n<p><strong>Ti es profesor e podes ver de primeira man a relaci\u00f3n entre a mocidade e o idioma?<\/strong><\/p>\n\n\n\n<blockquote class=\"wp-block-quote is-layout-flow wp-block-quote-is-layout-flow\"><p>Si, e si me deran 1\u20ac por cada vez que unha alumna ou un alumno me pediu facer alg\u00fan traballo en castel\u00e1n, por desgraza ser\u00eda rico<\/p><\/blockquote>\n\n\n\n<p>\u201c<strong>Tanta tristura hai no que dis ,que ata a luz do d\u00eda desconf\u00eda de ti\u201d.Expl\u00edcanolo?<\/strong><\/p>\n\n\n\n<blockquote class=\"wp-block-quote is-layout-flow wp-block-quote-is-layout-flow\"><p>\u00c9 un discurso para un totalitario, para un totalitario contempor\u00e1neo. Vemos como hoxe d\u00eda moita xente, incluso da clase obreira, cren as mesmas mentiras que se formularon nos anos 30 do s\u00e9culo pasado. Algo falla para que chegaramos a esta situaci\u00f3n e non se pode mirar para outro lado<\/p><\/blockquote>\n\n\n\n<p><strong>E nun mundo tan superficial como se leva iso de intentar mergullarse nas profundidades?<\/strong><\/p>\n\n\n\n<blockquote class=\"wp-block-quote is-layout-flow wp-block-quote-is-layout-flow\"><p>A\u00ed est\u00e1 a chave creo eu, Marcos. Non damos pasado da superficie e as\u00ed, non hai maneira de comprender as raz\u00f3ns que motivan as cousas. Hoxe xa non importa tanto o contido das creaci\u00f3ns, a bondade ou a maldade das persoas. O relevante, o que marca a aceptaci\u00f3n ou non aceptaci\u00f3n son os\u201dlikes\u201d.E iso preoc\u00fapame moito pero se penso nos adolescentes, cuxas personalidades est\u00e1n a\u00ednda en construci\u00f3n , en verdade que \u00e1 para asustarse. No mundo actual o pensamento emocional est\u00e1 substitu\u00edndo ao pensamento racional e a mocidade non \u00e9 responsable, \u00e9 v\u00edtima desta situaci\u00f3n.<\/p><\/blockquote>\n\n\n\n<p><strong>Tes algunha preferencia sobre o p\u00fablico que poida estar interesado no teu traballo?<\/strong><\/p>\n\n\n\n<blockquote class=\"wp-block-quote is-layout-flow wp-block-quote-is-layout-flow\"><p>Ti tes unha idea da xente a quen lle poida interesar, pero o que aspiras a chegar \u00e1 maior e m\u00e1is diversa cantidade de xente posible. Para min o m\u00e1is relevante \u00e9 ter algo que dicir. E se o que queres transmitir chega a algu\u00e9n,que antes non o percib\u00eda desa maneira, xa rozamos o sublime. A mensaxe que transmitas \u00e9 moito m\u00e1is importante que as complexidades harm\u00f3nicas ou r\u00edtmicas<\/p><\/blockquote>\n\n\n\n<p><strong>A portada \u00e9 impresionante<\/strong><\/p>\n\n\n\n<blockquote class=\"wp-block-quote is-layout-flow wp-block-quote-is-layout-flow\"><p>Grazas Marcos a min tam\u00e9n me gusta moito. A foto de Esther Medra\u00f1o cando ma pasou xa pensei que ti\u00f1a portada e t\u00edtulo. Ch\u00e1mase \u201cAscensi\u00f3n\u201d.O disco est\u00e1 agora en estudio e agardo que estea listo no mes de abril. Temos un v\u00eddeo clip gravado e espero que na segunda quincena de marzo xa se poida ver.<\/p><\/blockquote>\n\n\n\n<p><strong>Rematamos Seso. O pr\u00f3ximo concerto?<\/strong><\/p>\n\n\n\n<blockquote class=\"wp-block-quote is-layout-flow wp-block-quote-is-layout-flow\"><p>O 29 de abril en Vigo<\/p><\/blockquote>\n","protected":false},"excerpt":{"rendered":"<div class=\"mh-excerpt\"><p>Seso \u00e9 m\u00fasico e historiador. E por encima de todo, polo menos aos meus ollos, \u00e9 un tipo dunha lucidez extraordinaria que \u00e9 capaz de mergullarse no m\u00e1is profundo e formular d\u00fabidas rigorosas onde outros moitos s\u00f3 son quen de emitir certezas est\u00fapidas <a class=\"mh-excerpt-more\" href=\"https:\/\/www.anovapeneira.gal\/index.php\/2022\/03\/23\/o-musico-seso-duran-ascende-ao-olimpo-co-seu-novo-disco-ascension\/\" title=\"O m\u00fasico Seso Dur\u00e1n ascende ao Olimpo co seu novo disco &#8220;Ascensi\u00f3n&#8221;\">[&#8230;]<\/a><\/p>\n<\/div>","protected":false},"author":1,"featured_media":7157,"comment_status":"open","ping_status":"open","sticky":false,"template":"","format":"standard","meta":{"_exactmetrics_skip_tracking":false,"_exactmetrics_sitenote_active":false,"_exactmetrics_sitenote_note":"","_exactmetrics_sitenote_category":0,"footnotes":""},"categories":[270],"tags":[171],"class_list":{"0":"post-7155","1":"post","2":"type-post","3":"status-publish","4":"format-standard","5":"has-post-thumbnail","7":"category-redondela-entrevistas","8":"tag-concello-de-redondela"},"yoast_head":"<!-- This site is optimized with the Yoast SEO plugin v27.4 - https:\/\/yoast.com\/product\/yoast-seo-wordpress\/ -->\n<title>O m\u00fasico Seso Dur\u00e1n ascende ao Olimpo co seu novo disco &quot;Ascensi\u00f3n&quot; -<\/title>\n<meta name=\"description\" content=\"Seso \u00e9 m\u00fasico e historiador. E por encima de todo, polo menos aos meus ollos, \u00e9 un tipo dunha lucidez extraordinaria que \u00e9 capaz de mergullarse no m\u00e1is profundo e formular d\u00fabidas rigorosas onde outros moitos s\u00f3 son quen de emitir certezas est\u00fapidas\" \/>\n<meta name=\"robots\" content=\"index, follow, max-snippet:-1, max-image-preview:large, max-video-preview:-1\" \/>\n<link rel=\"canonical\" href=\"https:\/\/www.anovapeneira.gal\/index.php\/2022\/03\/23\/o-musico-seso-duran-ascende-ao-olimpo-co-seu-novo-disco-ascension\/\" \/>\n<meta property=\"og:locale\" content=\"gl_ES\" \/>\n<meta property=\"og:type\" content=\"article\" \/>\n<meta property=\"og:title\" content=\"O m\u00fasico Seso Dur\u00e1n ascende ao Olimpo co seu novo disco &quot;Ascensi\u00f3n&quot; -\" \/>\n<meta property=\"og:description\" content=\"Seso \u00e9 m\u00fasico e historiador. E por encima de todo, polo menos aos meus ollos, \u00e9 un tipo dunha lucidez extraordinaria que \u00e9 capaz de mergullarse no m\u00e1is profundo e formular d\u00fabidas rigorosas onde outros moitos s\u00f3 son quen de emitir certezas est\u00fapidas\" \/>\n<meta property=\"og:url\" content=\"https:\/\/www.anovapeneira.gal\/index.php\/2022\/03\/23\/o-musico-seso-duran-ascende-ao-olimpo-co-seu-novo-disco-ascension\/\" \/>\n<meta property=\"article:publisher\" content=\"https:\/\/www.facebook.com\/anovapeneira\" \/>\n<meta property=\"article:author\" content=\"https:\/\/www.facebook.com\/anovapeneira\/\" \/>\n<meta property=\"article:published_time\" content=\"2022-03-23T09:00:46+00:00\" \/>\n<meta property=\"og:image\" content=\"https:\/\/www.anovapeneira.gal\/wp-content\/uploads\/2022\/03\/seso_duran.jpg\" \/>\n\t<meta property=\"og:image:width\" content=\"720\" \/>\n\t<meta property=\"og:image:height\" content=\"432\" \/>\n\t<meta property=\"og:image:type\" content=\"image\/jpeg\" \/>\n<meta name=\"author\" content=\"admin\" \/>\n<meta name=\"twitter:card\" content=\"summary_large_image\" \/>\n<meta name=\"twitter:creator\" content=\"@APeneira\" \/>\n<meta name=\"twitter:site\" content=\"@APeneira\" \/>\n<meta name=\"twitter:label1\" content=\"Escrito por\" \/>\n\t<meta name=\"twitter:data1\" content=\"admin\" \/>\n\t<meta name=\"twitter:label2\" content=\"Tempo de lectura\" \/>\n\t<meta name=\"twitter:data2\" content=\"5 minutos\" \/>\n<script type=\"application\/ld+json\" class=\"yoast-schema-graph\">{\"@context\":\"https:\\\/\\\/schema.org\",\"@graph\":[{\"@type\":\"Article\",\"@id\":\"https:\\\/\\\/www.anovapeneira.gal\\\/index.php\\\/2022\\\/03\\\/23\\\/o-musico-seso-duran-ascende-ao-olimpo-co-seu-novo-disco-ascension\\\/#article\",\"isPartOf\":{\"@id\":\"https:\\\/\\\/www.anovapeneira.gal\\\/index.php\\\/2022\\\/03\\\/23\\\/o-musico-seso-duran-ascende-ao-olimpo-co-seu-novo-disco-ascension\\\/\"},\"author\":{\"name\":\"admin\",\"@id\":\"https:\\\/\\\/www.anovapeneira.gal\\\/#\\\/schema\\\/person\\\/fb77575328c93684dae4b0075f90c2cb\"},\"headline\":\"O m\u00fasico Seso Dur\u00e1n ascende ao Olimpo co seu novo disco &#8220;Ascensi\u00f3n&#8221;\",\"datePublished\":\"2022-03-23T09:00:46+00:00\",\"mainEntityOfPage\":{\"@id\":\"https:\\\/\\\/www.anovapeneira.gal\\\/index.php\\\/2022\\\/03\\\/23\\\/o-musico-seso-duran-ascende-ao-olimpo-co-seu-novo-disco-ascension\\\/\"},\"wordCount\":969,\"commentCount\":0,\"publisher\":{\"@id\":\"https:\\\/\\\/www.anovapeneira.gal\\\/#organization\"},\"image\":{\"@id\":\"https:\\\/\\\/www.anovapeneira.gal\\\/index.php\\\/2022\\\/03\\\/23\\\/o-musico-seso-duran-ascende-ao-olimpo-co-seu-novo-disco-ascension\\\/#primaryimage\"},\"thumbnailUrl\":\"https:\\\/\\\/www.anovapeneira.gal\\\/wp-content\\\/uploads\\\/2022\\\/03\\\/seso_duran.jpg\",\"keywords\":[\"Concello de Redondela\"],\"articleSection\":[\"Redondela\"],\"inLanguage\":\"gl-ES\",\"potentialAction\":[{\"@type\":\"CommentAction\",\"name\":\"Comment\",\"target\":[\"https:\\\/\\\/www.anovapeneira.gal\\\/index.php\\\/2022\\\/03\\\/23\\\/o-musico-seso-duran-ascende-ao-olimpo-co-seu-novo-disco-ascension\\\/#respond\"]}]},{\"@type\":\"WebPage\",\"@id\":\"https:\\\/\\\/www.anovapeneira.gal\\\/index.php\\\/2022\\\/03\\\/23\\\/o-musico-seso-duran-ascende-ao-olimpo-co-seu-novo-disco-ascension\\\/\",\"url\":\"https:\\\/\\\/www.anovapeneira.gal\\\/index.php\\\/2022\\\/03\\\/23\\\/o-musico-seso-duran-ascende-ao-olimpo-co-seu-novo-disco-ascension\\\/\",\"name\":\"O m\u00fasico Seso Dur\u00e1n ascende ao Olimpo co seu novo disco \\\"Ascensi\u00f3n\\\" -\",\"isPartOf\":{\"@id\":\"https:\\\/\\\/www.anovapeneira.gal\\\/#website\"},\"primaryImageOfPage\":{\"@id\":\"https:\\\/\\\/www.anovapeneira.gal\\\/index.php\\\/2022\\\/03\\\/23\\\/o-musico-seso-duran-ascende-ao-olimpo-co-seu-novo-disco-ascension\\\/#primaryimage\"},\"image\":{\"@id\":\"https:\\\/\\\/www.anovapeneira.gal\\\/index.php\\\/2022\\\/03\\\/23\\\/o-musico-seso-duran-ascende-ao-olimpo-co-seu-novo-disco-ascension\\\/#primaryimage\"},\"thumbnailUrl\":\"https:\\\/\\\/www.anovapeneira.gal\\\/wp-content\\\/uploads\\\/2022\\\/03\\\/seso_duran.jpg\",\"datePublished\":\"2022-03-23T09:00:46+00:00\",\"description\":\"Seso \u00e9 m\u00fasico e historiador. E por encima de todo, polo menos aos meus ollos, \u00e9 un tipo dunha lucidez extraordinaria que \u00e9 capaz de mergullarse no m\u00e1is profundo e formular d\u00fabidas rigorosas onde outros moitos s\u00f3 son quen de emitir certezas est\u00fapidas\",\"breadcrumb\":{\"@id\":\"https:\\\/\\\/www.anovapeneira.gal\\\/index.php\\\/2022\\\/03\\\/23\\\/o-musico-seso-duran-ascende-ao-olimpo-co-seu-novo-disco-ascension\\\/#breadcrumb\"},\"inLanguage\":\"gl-ES\",\"potentialAction\":[{\"@type\":\"ReadAction\",\"target\":[\"https:\\\/\\\/www.anovapeneira.gal\\\/index.php\\\/2022\\\/03\\\/23\\\/o-musico-seso-duran-ascende-ao-olimpo-co-seu-novo-disco-ascension\\\/\"]}]},{\"@type\":\"ImageObject\",\"inLanguage\":\"gl-ES\",\"@id\":\"https:\\\/\\\/www.anovapeneira.gal\\\/index.php\\\/2022\\\/03\\\/23\\\/o-musico-seso-duran-ascende-ao-olimpo-co-seu-novo-disco-ascension\\\/#primaryimage\",\"url\":\"https:\\\/\\\/www.anovapeneira.gal\\\/wp-content\\\/uploads\\\/2022\\\/03\\\/seso_duran.jpg\",\"contentUrl\":\"https:\\\/\\\/www.anovapeneira.gal\\\/wp-content\\\/uploads\\\/2022\\\/03\\\/seso_duran.jpg\",\"width\":720,\"height\":432,\"caption\":\"Seso Dur\u00e1n\"},{\"@type\":\"BreadcrumbList\",\"@id\":\"https:\\\/\\\/www.anovapeneira.gal\\\/index.php\\\/2022\\\/03\\\/23\\\/o-musico-seso-duran-ascende-ao-olimpo-co-seu-novo-disco-ascension\\\/#breadcrumb\",\"itemListElement\":[{\"@type\":\"ListItem\",\"position\":1,\"name\":\"Portada\",\"item\":\"https:\\\/\\\/www.anovapeneira.gal\\\/\"},{\"@type\":\"ListItem\",\"position\":2,\"name\":\"O m\u00fasico Seso Dur\u00e1n ascende ao Olimpo co seu novo disco &#8220;Ascensi\u00f3n&#8221;\"}]},{\"@type\":\"WebSite\",\"@id\":\"https:\\\/\\\/www.anovapeneira.gal\\\/#website\",\"url\":\"https:\\\/\\\/www.anovapeneira.gal\\\/\",\"name\":\"\",\"description\":\"Xornal galego de informaci\u00f3n xeral Publicaci\u00f3n mensual de novas de Galicia e en especial dos Concellos da sur da provincia de Pontevedra.\",\"publisher\":{\"@id\":\"https:\\\/\\\/www.anovapeneira.gal\\\/#organization\"},\"potentialAction\":[{\"@type\":\"SearchAction\",\"target\":{\"@type\":\"EntryPoint\",\"urlTemplate\":\"https:\\\/\\\/www.anovapeneira.gal\\\/?s={search_term_string}\"},\"query-input\":{\"@type\":\"PropertyValueSpecification\",\"valueRequired\":true,\"valueName\":\"search_term_string\"}}],\"inLanguage\":\"gl-ES\"},{\"@type\":\"Organization\",\"@id\":\"https:\\\/\\\/www.anovapeneira.gal\\\/#organization\",\"name\":\"A Nova Peneira\",\"url\":\"https:\\\/\\\/www.anovapeneira.gal\\\/\",\"logo\":{\"@type\":\"ImageObject\",\"inLanguage\":\"gl-ES\",\"@id\":\"https:\\\/\\\/www.anovapeneira.gal\\\/#\\\/schema\\\/logo\\\/image\\\/\",\"url\":\"http:\\\/\\\/www.anovapeneira.gal\\\/wp-content\\\/uploads\\\/2019\\\/06\\\/logo_a_nova_peneira_portal_web.png\",\"contentUrl\":\"http:\\\/\\\/www.anovapeneira.gal\\\/wp-content\\\/uploads\\\/2019\\\/06\\\/logo_a_nova_peneira_portal_web.png\",\"width\":300,\"height\":100,\"caption\":\"A Nova Peneira\"},\"image\":{\"@id\":\"https:\\\/\\\/www.anovapeneira.gal\\\/#\\\/schema\\\/logo\\\/image\\\/\"},\"sameAs\":[\"https:\\\/\\\/www.facebook.com\\\/anovapeneira\",\"https:\\\/\\\/x.com\\\/APeneira\"]},{\"@type\":\"Person\",\"@id\":\"https:\\\/\\\/www.anovapeneira.gal\\\/#\\\/schema\\\/person\\\/fb77575328c93684dae4b0075f90c2cb\",\"name\":\"admin\",\"image\":{\"@type\":\"ImageObject\",\"inLanguage\":\"gl-ES\",\"@id\":\"https:\\\/\\\/secure.gravatar.com\\\/avatar\\\/df15c36ce375448325e0bc870e91bbee95947a002eb98dcfd6c2b053e18843e9?s=96&d=mm&r=g\",\"url\":\"https:\\\/\\\/secure.gravatar.com\\\/avatar\\\/df15c36ce375448325e0bc870e91bbee95947a002eb98dcfd6c2b053e18843e9?s=96&d=mm&r=g\",\"contentUrl\":\"https:\\\/\\\/secure.gravatar.com\\\/avatar\\\/df15c36ce375448325e0bc870e91bbee95947a002eb98dcfd6c2b053e18843e9?s=96&d=mm&r=g\",\"caption\":\"admin\"},\"description\":\"Xornal galego de informaci\u00f3n xeral Publicaci\u00f3n mensual de novas de Galicia e en especial dos Concellos da sur da provincia de Pontevedra.\",\"sameAs\":[\"http:\\\/\\\/www.anovapeneira.gal\\\/\",\"https:\\\/\\\/www.facebook.com\\\/anovapeneira\\\/\"],\"url\":\"https:\\\/\\\/www.anovapeneira.gal\\\/index.php\\\/author\\\/admin\\\/\"}]}<\/script>\n<!-- \/ Yoast SEO plugin. -->","yoast_head_json":{"title":"O m\u00fasico Seso Dur\u00e1n ascende ao Olimpo co seu novo disco \"Ascensi\u00f3n\" -","description":"Seso \u00e9 m\u00fasico e historiador. E por encima de todo, polo menos aos meus ollos, \u00e9 un tipo dunha lucidez extraordinaria que \u00e9 capaz de mergullarse no m\u00e1is profundo e formular d\u00fabidas rigorosas onde outros moitos s\u00f3 son quen de emitir certezas est\u00fapidas","robots":{"index":"index","follow":"follow","max-snippet":"max-snippet:-1","max-image-preview":"max-image-preview:large","max-video-preview":"max-video-preview:-1"},"canonical":"https:\/\/www.anovapeneira.gal\/index.php\/2022\/03\/23\/o-musico-seso-duran-ascende-ao-olimpo-co-seu-novo-disco-ascension\/","og_locale":"gl_ES","og_type":"article","og_title":"O m\u00fasico Seso Dur\u00e1n ascende ao Olimpo co seu novo disco \"Ascensi\u00f3n\" -","og_description":"Seso \u00e9 m\u00fasico e historiador. E por encima de todo, polo menos aos meus ollos, \u00e9 un tipo dunha lucidez extraordinaria que \u00e9 capaz de mergullarse no m\u00e1is profundo e formular d\u00fabidas rigorosas onde outros moitos s\u00f3 son quen de emitir certezas est\u00fapidas","og_url":"https:\/\/www.anovapeneira.gal\/index.php\/2022\/03\/23\/o-musico-seso-duran-ascende-ao-olimpo-co-seu-novo-disco-ascension\/","article_publisher":"https:\/\/www.facebook.com\/anovapeneira","article_author":"https:\/\/www.facebook.com\/anovapeneira\/","article_published_time":"2022-03-23T09:00:46+00:00","og_image":[{"width":720,"height":432,"url":"https:\/\/www.anovapeneira.gal\/wp-content\/uploads\/2022\/03\/seso_duran.jpg","type":"image\/jpeg"}],"author":"admin","twitter_card":"summary_large_image","twitter_creator":"@APeneira","twitter_site":"@APeneira","twitter_misc":{"Escrito por":"admin","Tempo de lectura":"5 minutos"},"schema":{"@context":"https:\/\/schema.org","@graph":[{"@type":"Article","@id":"https:\/\/www.anovapeneira.gal\/index.php\/2022\/03\/23\/o-musico-seso-duran-ascende-ao-olimpo-co-seu-novo-disco-ascension\/#article","isPartOf":{"@id":"https:\/\/www.anovapeneira.gal\/index.php\/2022\/03\/23\/o-musico-seso-duran-ascende-ao-olimpo-co-seu-novo-disco-ascension\/"},"author":{"name":"admin","@id":"https:\/\/www.anovapeneira.gal\/#\/schema\/person\/fb77575328c93684dae4b0075f90c2cb"},"headline":"O m\u00fasico Seso Dur\u00e1n ascende ao Olimpo co seu novo disco &#8220;Ascensi\u00f3n&#8221;","datePublished":"2022-03-23T09:00:46+00:00","mainEntityOfPage":{"@id":"https:\/\/www.anovapeneira.gal\/index.php\/2022\/03\/23\/o-musico-seso-duran-ascende-ao-olimpo-co-seu-novo-disco-ascension\/"},"wordCount":969,"commentCount":0,"publisher":{"@id":"https:\/\/www.anovapeneira.gal\/#organization"},"image":{"@id":"https:\/\/www.anovapeneira.gal\/index.php\/2022\/03\/23\/o-musico-seso-duran-ascende-ao-olimpo-co-seu-novo-disco-ascension\/#primaryimage"},"thumbnailUrl":"https:\/\/www.anovapeneira.gal\/wp-content\/uploads\/2022\/03\/seso_duran.jpg","keywords":["Concello de Redondela"],"articleSection":["Redondela"],"inLanguage":"gl-ES","potentialAction":[{"@type":"CommentAction","name":"Comment","target":["https:\/\/www.anovapeneira.gal\/index.php\/2022\/03\/23\/o-musico-seso-duran-ascende-ao-olimpo-co-seu-novo-disco-ascension\/#respond"]}]},{"@type":"WebPage","@id":"https:\/\/www.anovapeneira.gal\/index.php\/2022\/03\/23\/o-musico-seso-duran-ascende-ao-olimpo-co-seu-novo-disco-ascension\/","url":"https:\/\/www.anovapeneira.gal\/index.php\/2022\/03\/23\/o-musico-seso-duran-ascende-ao-olimpo-co-seu-novo-disco-ascension\/","name":"O m\u00fasico Seso Dur\u00e1n ascende ao Olimpo co seu novo disco \"Ascensi\u00f3n\" -","isPartOf":{"@id":"https:\/\/www.anovapeneira.gal\/#website"},"primaryImageOfPage":{"@id":"https:\/\/www.anovapeneira.gal\/index.php\/2022\/03\/23\/o-musico-seso-duran-ascende-ao-olimpo-co-seu-novo-disco-ascension\/#primaryimage"},"image":{"@id":"https:\/\/www.anovapeneira.gal\/index.php\/2022\/03\/23\/o-musico-seso-duran-ascende-ao-olimpo-co-seu-novo-disco-ascension\/#primaryimage"},"thumbnailUrl":"https:\/\/www.anovapeneira.gal\/wp-content\/uploads\/2022\/03\/seso_duran.jpg","datePublished":"2022-03-23T09:00:46+00:00","description":"Seso \u00e9 m\u00fasico e historiador. E por encima de todo, polo menos aos meus ollos, \u00e9 un tipo dunha lucidez extraordinaria que \u00e9 capaz de mergullarse no m\u00e1is profundo e formular d\u00fabidas rigorosas onde outros moitos s\u00f3 son quen de emitir certezas est\u00fapidas","breadcrumb":{"@id":"https:\/\/www.anovapeneira.gal\/index.php\/2022\/03\/23\/o-musico-seso-duran-ascende-ao-olimpo-co-seu-novo-disco-ascension\/#breadcrumb"},"inLanguage":"gl-ES","potentialAction":[{"@type":"ReadAction","target":["https:\/\/www.anovapeneira.gal\/index.php\/2022\/03\/23\/o-musico-seso-duran-ascende-ao-olimpo-co-seu-novo-disco-ascension\/"]}]},{"@type":"ImageObject","inLanguage":"gl-ES","@id":"https:\/\/www.anovapeneira.gal\/index.php\/2022\/03\/23\/o-musico-seso-duran-ascende-ao-olimpo-co-seu-novo-disco-ascension\/#primaryimage","url":"https:\/\/www.anovapeneira.gal\/wp-content\/uploads\/2022\/03\/seso_duran.jpg","contentUrl":"https:\/\/www.anovapeneira.gal\/wp-content\/uploads\/2022\/03\/seso_duran.jpg","width":720,"height":432,"caption":"Seso Dur\u00e1n"},{"@type":"BreadcrumbList","@id":"https:\/\/www.anovapeneira.gal\/index.php\/2022\/03\/23\/o-musico-seso-duran-ascende-ao-olimpo-co-seu-novo-disco-ascension\/#breadcrumb","itemListElement":[{"@type":"ListItem","position":1,"name":"Portada","item":"https:\/\/www.anovapeneira.gal\/"},{"@type":"ListItem","position":2,"name":"O m\u00fasico Seso Dur\u00e1n ascende ao Olimpo co seu novo disco &#8220;Ascensi\u00f3n&#8221;"}]},{"@type":"WebSite","@id":"https:\/\/www.anovapeneira.gal\/#website","url":"https:\/\/www.anovapeneira.gal\/","name":"","description":"Xornal galego de informaci\u00f3n xeral Publicaci\u00f3n mensual de novas de Galicia e en especial dos Concellos da sur da provincia de Pontevedra.","publisher":{"@id":"https:\/\/www.anovapeneira.gal\/#organization"},"potentialAction":[{"@type":"SearchAction","target":{"@type":"EntryPoint","urlTemplate":"https:\/\/www.anovapeneira.gal\/?s={search_term_string}"},"query-input":{"@type":"PropertyValueSpecification","valueRequired":true,"valueName":"search_term_string"}}],"inLanguage":"gl-ES"},{"@type":"Organization","@id":"https:\/\/www.anovapeneira.gal\/#organization","name":"A Nova Peneira","url":"https:\/\/www.anovapeneira.gal\/","logo":{"@type":"ImageObject","inLanguage":"gl-ES","@id":"https:\/\/www.anovapeneira.gal\/#\/schema\/logo\/image\/","url":"http:\/\/www.anovapeneira.gal\/wp-content\/uploads\/2019\/06\/logo_a_nova_peneira_portal_web.png","contentUrl":"http:\/\/www.anovapeneira.gal\/wp-content\/uploads\/2019\/06\/logo_a_nova_peneira_portal_web.png","width":300,"height":100,"caption":"A Nova Peneira"},"image":{"@id":"https:\/\/www.anovapeneira.gal\/#\/schema\/logo\/image\/"},"sameAs":["https:\/\/www.facebook.com\/anovapeneira","https:\/\/x.com\/APeneira"]},{"@type":"Person","@id":"https:\/\/www.anovapeneira.gal\/#\/schema\/person\/fb77575328c93684dae4b0075f90c2cb","name":"admin","image":{"@type":"ImageObject","inLanguage":"gl-ES","@id":"https:\/\/secure.gravatar.com\/avatar\/df15c36ce375448325e0bc870e91bbee95947a002eb98dcfd6c2b053e18843e9?s=96&d=mm&r=g","url":"https:\/\/secure.gravatar.com\/avatar\/df15c36ce375448325e0bc870e91bbee95947a002eb98dcfd6c2b053e18843e9?s=96&d=mm&r=g","contentUrl":"https:\/\/secure.gravatar.com\/avatar\/df15c36ce375448325e0bc870e91bbee95947a002eb98dcfd6c2b053e18843e9?s=96&d=mm&r=g","caption":"admin"},"description":"Xornal galego de informaci\u00f3n xeral Publicaci\u00f3n mensual de novas de Galicia e en especial dos Concellos da sur da provincia de Pontevedra.","sameAs":["http:\/\/www.anovapeneira.gal\/","https:\/\/www.facebook.com\/anovapeneira\/"],"url":"https:\/\/www.anovapeneira.gal\/index.php\/author\/admin\/"}]}},"jetpack_featured_media_url":"https:\/\/www.anovapeneira.gal\/wp-content\/uploads\/2022\/03\/seso_duran.jpg","_links":{"self":[{"href":"https:\/\/www.anovapeneira.gal\/index.php\/wp-json\/wp\/v2\/posts\/7155","targetHints":{"allow":["GET"]}}],"collection":[{"href":"https:\/\/www.anovapeneira.gal\/index.php\/wp-json\/wp\/v2\/posts"}],"about":[{"href":"https:\/\/www.anovapeneira.gal\/index.php\/wp-json\/wp\/v2\/types\/post"}],"author":[{"embeddable":true,"href":"https:\/\/www.anovapeneira.gal\/index.php\/wp-json\/wp\/v2\/users\/1"}],"replies":[{"embeddable":true,"href":"https:\/\/www.anovapeneira.gal\/index.php\/wp-json\/wp\/v2\/comments?post=7155"}],"version-history":[{"count":2,"href":"https:\/\/www.anovapeneira.gal\/index.php\/wp-json\/wp\/v2\/posts\/7155\/revisions"}],"predecessor-version":[{"id":7158,"href":"https:\/\/www.anovapeneira.gal\/index.php\/wp-json\/wp\/v2\/posts\/7155\/revisions\/7158"}],"wp:featuredmedia":[{"embeddable":true,"href":"https:\/\/www.anovapeneira.gal\/index.php\/wp-json\/wp\/v2\/media\/7157"}],"wp:attachment":[{"href":"https:\/\/www.anovapeneira.gal\/index.php\/wp-json\/wp\/v2\/media?parent=7155"}],"wp:term":[{"taxonomy":"category","embeddable":true,"href":"https:\/\/www.anovapeneira.gal\/index.php\/wp-json\/wp\/v2\/categories?post=7155"},{"taxonomy":"post_tag","embeddable":true,"href":"https:\/\/www.anovapeneira.gal\/index.php\/wp-json\/wp\/v2\/tags?post=7155"}],"curies":[{"name":"wp","href":"https:\/\/api.w.org\/{rel}","templated":true}]}}