{"id":7159,"date":"2022-03-23T12:00:50","date_gmt":"2022-03-23T11:00:50","guid":{"rendered":"https:\/\/www.anovapeneira.gal\/?p=7159"},"modified":"2022-03-17T10:15:21","modified_gmt":"2022-03-17T09:15:21","slug":"as-suas-guerras-cos-nosos-mortos","status":"publish","type":"post","link":"https:\/\/www.anovapeneira.gal\/index.php\/2022\/03\/23\/as-suas-guerras-cos-nosos-mortos\/","title":{"rendered":"As s\u00faas guerras cos nosos mortos"},"content":{"rendered":"\n<figure class=\"wp-block-image size-large is-resized\"><img loading=\"lazy\" decoding=\"async\" src=\"http:\/\/www.anovapeneira.gal\/wp-content\/uploads\/2019\/07\/Baldomero_Iglesias_Dobarrio_Mero.jpg\" alt=\"Baldomero Iglesias Dobarrio Mero artigos de opini\u00f3n A Nova Peneira\" class=\"wp-image-482\" width=\"95\" height=\"111\"\/><figcaption>Baldomero Iglesias Dobarrio, Mero<\/figcaption><\/figure>\n\n\n\n<p>Despois de negacionistas e terraplanistas, era o que faltaba! Unha guerra! Non debemos ter remedio. A guerra, sab\u00e9molo todos, \u00e9 a derrota sempre. A guerra \u00e9 a perdici\u00f3n total e o fracaso. Nega a palabra e o di\u00e1logo, nega este punto de vista feliz de calquera acordo. Sup\u00f3n abrazar a paranoia de crernos libres mentres nos abondan conciencias<br>reaccionarias, machos alfa, misoxini\u00f1os idiotas que s\u00f3 fan crear fronteiras de bombas e podremia, entre n\u00f3s mesmos.<\/p>\n\n\n\n<p><br>Aqu\u00ed, en Galiza, ademais dos que negan e ven todo liso, temos os desarraigados, as persoas que renegan de ser o que son, que se negan a si mesmas e non se reco\u00f1ecen na orixe, faltas de orientaci\u00f3n nin sequera se ven nin reco\u00f1ecen diante do espello.<br><br>Podemos loitar contra os virus, a enfermidade, os volc\u00e1ns, as depresi\u00f3ns econ\u00f3micas, pero contra a nosa estupidez \u00e9 imposible. Pois ben, aqu\u00ed estamos de novo no punto de sa\u00edda. Esta condena que nos envolve de novo por mor da est\u00fapida condici\u00f3n humana, por este pro\u00eddo de protagonismo onde eu son m\u00e1is c\u00e1 ti. Gozamos de moita informaci\u00f3n e vivimos desinformados. Tam\u00e9n mata o exceso, tam\u00e9n se morre de abundancia. E isto v\u00edase vir! Tantos tolos gobernando non pod\u00eda traer nada bo! Desmandos e abusos, reacci\u00f3ns, atropelos, violencia, excesos por todos lados, trampas, corrupci\u00f3n! Hai que privatizar, din uns, para descargar o sistema. Hai que apoiar o p\u00fablico, din outros, para que<br>chegue a todos. A responsabilidade \u00e9 colectiva, por permitir que os turbados e ditadores fagan sequera ostentaci\u00f3n de destru\u00edr a paz xogando a facer bombas que nos maten, boicoteando o futuro e a xustiza, desestabilizando acordos, dando cancha \u00e1 mesquindade e desigualdades, convertendo \u00e1s v\u00edtimas non s\u00f3 en culpables sen\u00f3n en verdugos. Tam\u00e9n son c\u00f3mplices os que difunden as mentiras, os que sibilinamente apoian<br>a especulaci\u00f3n e o roubo. E agora, por non querer velo, porque a bola de neve \u00eda a m\u00e1is grande, estamos nesta apocal\u00edptica ameaza global e multicolor. Tan desgraciada. Ningu\u00e9n quixo mirar e ver, crer nas ameazas que nos vi\u00f1an facendo os mandatarios absolutos, os que non est\u00e1n ben da chola. Vistes como roubou Crimea? A democracia estaba parva mirando a paisaxe dos n\u00fameros nas bolsas do mundo, o ibex 35 e parentela. Agora chegou a guerra, como? Non a vimos vir? Veu despois mesmo da pandemia, con esta a\u00ednda sen irse de todo. Toda Europa estamos en guerra e nesta espiral de derrota, de horrores. E non a vimos? Non a viron? Onde estaban os adivi\u00f1os, os pol\u00edticos preconizadores, os visionarios? Xa se pod\u00eda un imaxinar que no medio destes animais pol\u00edticos non pod\u00eda pasar outra cousa. Tampouco caen pacificamente os aut\u00f3cratas, cam\u00faflanse ata que amosan o seu verdadeiro rostro violento e cando as\u00ed sucede xa resulta ser tarde. Morte e destruci\u00f3n, parada e retroceso, derrota, sufrimento, crise. Sufrimento, involuci\u00f3n.<br>Sufrimento, refuxiados, sangue, fame. Terceira guerra mundial?<\/p>\n\n\n\n<p><br>De todas formas a guerra non debera castigar aos pobos, \u00e1 xente que non se apercibe das s\u00faas coitas. E se queren pelexar, que sexa un arremedo, unha posta en escena na que se pegaran entre eles, os mandatarios, os que ostentan o poder, os que saen nas fotos, que son os que tanto se enfadan. Quizais deberan falar, anque xa dixemos: de nada vale pois a guerra en si, anula ese modo de entenderse e negociar, deixamos de ser persoas. Peg\u00e1monos ou, como \u00e9 o caso, pegan uns sobre dos outros que est\u00e1n indefensos. Entraron a saco, imp\u00f3ndose nunha confrontaci\u00f3n desigual e irregular, abusiva. De nada vale que se insulten, que se chamen psic\u00f3patas ou trogloditas. Nada hai que xustifique a morte de ningu\u00e9n, e menos tan violentamente, deste xeito tan cruel. Non, non \u00e9 ue non deberan ameazar a vellos e crianzas: non deberan ameazar a ningu\u00e9n. Isto \u00e9 unha cat\u00e1strofe sucesiva despois doutras moitas! Que culpa ten ningu\u00e9n de que entre eles non se entendan?<\/p>\n","protected":false},"excerpt":{"rendered":"<div class=\"mh-excerpt\"><p>Despois de negacionistas e terraplanistas, era o que faltaba! Unha guerra! Non debemos ter remedio. A guerra, sab\u00e9molo todos, \u00e9 a derrota sempre. A guerra \u00e9 a perdici\u00f3n total e o fracaso. Nega a palabra <a class=\"mh-excerpt-more\" href=\"https:\/\/www.anovapeneira.gal\/index.php\/2022\/03\/23\/as-suas-guerras-cos-nosos-mortos\/\" title=\"As s\u00faas guerras cos nosos mortos\">[&#8230;]<\/a><\/p>\n<\/div>","protected":false},"author":5,"featured_media":584,"comment_status":"open","ping_status":"open","sticky":false,"template":"","format":"standard","meta":{"_exactmetrics_skip_tracking":false,"_exactmetrics_sitenote_active":false,"_exactmetrics_sitenote_note":"","_exactmetrics_sitenote_category":0,"footnotes":""},"categories":[7],"tags":[],"class_list":{"0":"post-7159","1":"post","2":"type-post","3":"status-publish","4":"format-standard","5":"has-post-thumbnail","7":"category-artigos-de-opinion"},"yoast_head":"<!-- This site is optimized with the Yoast SEO plugin v27.4 - https:\/\/yoast.com\/product\/yoast-seo-wordpress\/ -->\n<title>As s\u00faas guerras cos nosos mortos -<\/title>\n<meta name=\"description\" content=\"Despois de negacionistas e terraplanistas, era o que faltaba! Unha guerra! Non debemos ter remedio. A guerra, sab\u00e9molo todos, \u00e9 a derrota sempre. A guerra \u00e9 a perdici\u00f3n total e o fracaso. Nega a palabra e o di\u00e1logo, nega este punto de vista feliz de calquera acordo\" \/>\n<meta name=\"robots\" content=\"index, follow, max-snippet:-1, max-image-preview:large, max-video-preview:-1\" \/>\n<link rel=\"canonical\" href=\"https:\/\/www.anovapeneira.gal\/index.php\/2022\/03\/23\/as-suas-guerras-cos-nosos-mortos\/\" \/>\n<meta property=\"og:locale\" content=\"gl_ES\" \/>\n<meta property=\"og:type\" content=\"article\" \/>\n<meta property=\"og:title\" content=\"As s\u00faas guerras cos nosos mortos -\" \/>\n<meta property=\"og:description\" content=\"Despois de negacionistas e terraplanistas, era o que faltaba! Unha guerra! Non debemos ter remedio. A guerra, sab\u00e9molo todos, \u00e9 a derrota sempre. A guerra \u00e9 a perdici\u00f3n total e o fracaso. Nega a palabra e o di\u00e1logo, nega este punto de vista feliz de calquera acordo\" \/>\n<meta property=\"og:url\" content=\"https:\/\/www.anovapeneira.gal\/index.php\/2022\/03\/23\/as-suas-guerras-cos-nosos-mortos\/\" \/>\n<meta property=\"article:publisher\" content=\"https:\/\/www.facebook.com\/anovapeneira\" \/>\n<meta property=\"article:published_time\" content=\"2022-03-23T11:00:50+00:00\" \/>\n<meta property=\"og:image\" content=\"https:\/\/www.anovapeneira.gal\/wp-content\/uploads\/2019\/07\/ARTIGO_DE_OPINION_A_NOVA_PENEIRA.jpg\" \/>\n\t<meta property=\"og:image:width\" content=\"720\" \/>\n\t<meta property=\"og:image:height\" content=\"473\" \/>\n\t<meta property=\"og:image:type\" content=\"image\/jpeg\" \/>\n<meta name=\"author\" content=\"Baldomero Iglesias Dobarrio, Mero\" \/>\n<meta name=\"twitter:card\" content=\"summary_large_image\" \/>\n<meta name=\"twitter:image\" content=\"https:\/\/www.anovapeneira.gal\/wp-content\/uploads\/2019\/07\/ARTIGO_DE_OPINION_A_NOVA_PENEIRA.jpg\" \/>\n<meta name=\"twitter:creator\" content=\"@APeneira\" \/>\n<meta name=\"twitter:site\" content=\"@APeneira\" \/>\n<meta name=\"twitter:label1\" content=\"Escrito por\" \/>\n\t<meta name=\"twitter:data1\" content=\"Baldomero Iglesias Dobarrio, Mero\" \/>\n\t<meta name=\"twitter:label2\" content=\"Tempo de lectura\" \/>\n\t<meta name=\"twitter:data2\" content=\"4 minutos\" \/>\n<script type=\"application\/ld+json\" class=\"yoast-schema-graph\">{\"@context\":\"https:\\\/\\\/schema.org\",\"@graph\":[{\"@type\":\"Article\",\"@id\":\"https:\\\/\\\/www.anovapeneira.gal\\\/index.php\\\/2022\\\/03\\\/23\\\/as-suas-guerras-cos-nosos-mortos\\\/#article\",\"isPartOf\":{\"@id\":\"https:\\\/\\\/www.anovapeneira.gal\\\/index.php\\\/2022\\\/03\\\/23\\\/as-suas-guerras-cos-nosos-mortos\\\/\"},\"author\":{\"name\":\"Baldomero Iglesias Dobarrio, Mero\",\"@id\":\"https:\\\/\\\/www.anovapeneira.gal\\\/#\\\/schema\\\/person\\\/b051ed40cfc100e281476674783b32fc\"},\"headline\":\"As s\u00faas guerras cos nosos mortos\",\"datePublished\":\"2022-03-23T11:00:50+00:00\",\"mainEntityOfPage\":{\"@id\":\"https:\\\/\\\/www.anovapeneira.gal\\\/index.php\\\/2022\\\/03\\\/23\\\/as-suas-guerras-cos-nosos-mortos\\\/\"},\"wordCount\":695,\"commentCount\":0,\"publisher\":{\"@id\":\"https:\\\/\\\/www.anovapeneira.gal\\\/#organization\"},\"image\":{\"@id\":\"https:\\\/\\\/www.anovapeneira.gal\\\/index.php\\\/2022\\\/03\\\/23\\\/as-suas-guerras-cos-nosos-mortos\\\/#primaryimage\"},\"thumbnailUrl\":\"https:\\\/\\\/www.anovapeneira.gal\\\/wp-content\\\/uploads\\\/2019\\\/07\\\/ARTIGO_DE_OPINION_A_NOVA_PENEIRA.jpg\",\"articleSection\":[\"Artigos de opini\u00f3n\"],\"inLanguage\":\"gl-ES\",\"potentialAction\":[{\"@type\":\"CommentAction\",\"name\":\"Comment\",\"target\":[\"https:\\\/\\\/www.anovapeneira.gal\\\/index.php\\\/2022\\\/03\\\/23\\\/as-suas-guerras-cos-nosos-mortos\\\/#respond\"]}]},{\"@type\":\"WebPage\",\"@id\":\"https:\\\/\\\/www.anovapeneira.gal\\\/index.php\\\/2022\\\/03\\\/23\\\/as-suas-guerras-cos-nosos-mortos\\\/\",\"url\":\"https:\\\/\\\/www.anovapeneira.gal\\\/index.php\\\/2022\\\/03\\\/23\\\/as-suas-guerras-cos-nosos-mortos\\\/\",\"name\":\"As s\u00faas guerras cos nosos mortos -\",\"isPartOf\":{\"@id\":\"https:\\\/\\\/www.anovapeneira.gal\\\/#website\"},\"primaryImageOfPage\":{\"@id\":\"https:\\\/\\\/www.anovapeneira.gal\\\/index.php\\\/2022\\\/03\\\/23\\\/as-suas-guerras-cos-nosos-mortos\\\/#primaryimage\"},\"image\":{\"@id\":\"https:\\\/\\\/www.anovapeneira.gal\\\/index.php\\\/2022\\\/03\\\/23\\\/as-suas-guerras-cos-nosos-mortos\\\/#primaryimage\"},\"thumbnailUrl\":\"https:\\\/\\\/www.anovapeneira.gal\\\/wp-content\\\/uploads\\\/2019\\\/07\\\/ARTIGO_DE_OPINION_A_NOVA_PENEIRA.jpg\",\"datePublished\":\"2022-03-23T11:00:50+00:00\",\"description\":\"Despois de negacionistas e terraplanistas, era o que faltaba! Unha guerra! Non debemos ter remedio. A guerra, sab\u00e9molo todos, \u00e9 a derrota sempre. A guerra \u00e9 a perdici\u00f3n total e o fracaso. Nega a palabra e o di\u00e1logo, nega este punto de vista feliz de calquera acordo\",\"breadcrumb\":{\"@id\":\"https:\\\/\\\/www.anovapeneira.gal\\\/index.php\\\/2022\\\/03\\\/23\\\/as-suas-guerras-cos-nosos-mortos\\\/#breadcrumb\"},\"inLanguage\":\"gl-ES\",\"potentialAction\":[{\"@type\":\"ReadAction\",\"target\":[\"https:\\\/\\\/www.anovapeneira.gal\\\/index.php\\\/2022\\\/03\\\/23\\\/as-suas-guerras-cos-nosos-mortos\\\/\"]}]},{\"@type\":\"ImageObject\",\"inLanguage\":\"gl-ES\",\"@id\":\"https:\\\/\\\/www.anovapeneira.gal\\\/index.php\\\/2022\\\/03\\\/23\\\/as-suas-guerras-cos-nosos-mortos\\\/#primaryimage\",\"url\":\"https:\\\/\\\/www.anovapeneira.gal\\\/wp-content\\\/uploads\\\/2019\\\/07\\\/ARTIGO_DE_OPINION_A_NOVA_PENEIRA.jpg\",\"contentUrl\":\"https:\\\/\\\/www.anovapeneira.gal\\\/wp-content\\\/uploads\\\/2019\\\/07\\\/ARTIGO_DE_OPINION_A_NOVA_PENEIRA.jpg\",\"width\":720,\"height\":473,\"caption\":\"Artigo de opini\u00f3n A Nova Peneira\"},{\"@type\":\"BreadcrumbList\",\"@id\":\"https:\\\/\\\/www.anovapeneira.gal\\\/index.php\\\/2022\\\/03\\\/23\\\/as-suas-guerras-cos-nosos-mortos\\\/#breadcrumb\",\"itemListElement\":[{\"@type\":\"ListItem\",\"position\":1,\"name\":\"Portada\",\"item\":\"https:\\\/\\\/www.anovapeneira.gal\\\/\"},{\"@type\":\"ListItem\",\"position\":2,\"name\":\"As s\u00faas guerras cos nosos mortos\"}]},{\"@type\":\"WebSite\",\"@id\":\"https:\\\/\\\/www.anovapeneira.gal\\\/#website\",\"url\":\"https:\\\/\\\/www.anovapeneira.gal\\\/\",\"name\":\"\",\"description\":\"Xornal galego de informaci\u00f3n xeral Publicaci\u00f3n mensual de novas de Galicia e en especial dos Concellos da sur da provincia de Pontevedra.\",\"publisher\":{\"@id\":\"https:\\\/\\\/www.anovapeneira.gal\\\/#organization\"},\"potentialAction\":[{\"@type\":\"SearchAction\",\"target\":{\"@type\":\"EntryPoint\",\"urlTemplate\":\"https:\\\/\\\/www.anovapeneira.gal\\\/?s={search_term_string}\"},\"query-input\":{\"@type\":\"PropertyValueSpecification\",\"valueRequired\":true,\"valueName\":\"search_term_string\"}}],\"inLanguage\":\"gl-ES\"},{\"@type\":\"Organization\",\"@id\":\"https:\\\/\\\/www.anovapeneira.gal\\\/#organization\",\"name\":\"A Nova Peneira\",\"url\":\"https:\\\/\\\/www.anovapeneira.gal\\\/\",\"logo\":{\"@type\":\"ImageObject\",\"inLanguage\":\"gl-ES\",\"@id\":\"https:\\\/\\\/www.anovapeneira.gal\\\/#\\\/schema\\\/logo\\\/image\\\/\",\"url\":\"http:\\\/\\\/www.anovapeneira.gal\\\/wp-content\\\/uploads\\\/2019\\\/06\\\/logo_a_nova_peneira_portal_web.png\",\"contentUrl\":\"http:\\\/\\\/www.anovapeneira.gal\\\/wp-content\\\/uploads\\\/2019\\\/06\\\/logo_a_nova_peneira_portal_web.png\",\"width\":300,\"height\":100,\"caption\":\"A Nova Peneira\"},\"image\":{\"@id\":\"https:\\\/\\\/www.anovapeneira.gal\\\/#\\\/schema\\\/logo\\\/image\\\/\"},\"sameAs\":[\"https:\\\/\\\/www.facebook.com\\\/anovapeneira\",\"https:\\\/\\\/x.com\\\/APeneira\"]},{\"@type\":\"Person\",\"@id\":\"https:\\\/\\\/www.anovapeneira.gal\\\/#\\\/schema\\\/person\\\/b051ed40cfc100e281476674783b32fc\",\"name\":\"Baldomero Iglesias Dobarrio, Mero\",\"image\":{\"@type\":\"ImageObject\",\"inLanguage\":\"gl-ES\",\"@id\":\"https:\\\/\\\/secure.gravatar.com\\\/avatar\\\/ca78fc089f8cf28197f88de2c9ac213e2f7d2097d8e359d9359b8778b539c59d?s=96&d=mm&r=g\",\"url\":\"https:\\\/\\\/secure.gravatar.com\\\/avatar\\\/ca78fc089f8cf28197f88de2c9ac213e2f7d2097d8e359d9359b8778b539c59d?s=96&d=mm&r=g\",\"contentUrl\":\"https:\\\/\\\/secure.gravatar.com\\\/avatar\\\/ca78fc089f8cf28197f88de2c9ac213e2f7d2097d8e359d9359b8778b539c59d?s=96&d=mm&r=g\",\"caption\":\"Baldomero Iglesias Dobarrio, Mero\"},\"sameAs\":[\"http:\\\/\\\/anovapeneira.gal\"],\"url\":\"https:\\\/\\\/www.anovapeneira.gal\\\/index.php\\\/author\\\/opinionmero\\\/\"}]}<\/script>\n<!-- \/ Yoast SEO plugin. -->","yoast_head_json":{"title":"As s\u00faas guerras cos nosos mortos -","description":"Despois de negacionistas e terraplanistas, era o que faltaba! Unha guerra! Non debemos ter remedio. A guerra, sab\u00e9molo todos, \u00e9 a derrota sempre. A guerra \u00e9 a perdici\u00f3n total e o fracaso. Nega a palabra e o di\u00e1logo, nega este punto de vista feliz de calquera acordo","robots":{"index":"index","follow":"follow","max-snippet":"max-snippet:-1","max-image-preview":"max-image-preview:large","max-video-preview":"max-video-preview:-1"},"canonical":"https:\/\/www.anovapeneira.gal\/index.php\/2022\/03\/23\/as-suas-guerras-cos-nosos-mortos\/","og_locale":"gl_ES","og_type":"article","og_title":"As s\u00faas guerras cos nosos mortos -","og_description":"Despois de negacionistas e terraplanistas, era o que faltaba! Unha guerra! Non debemos ter remedio. A guerra, sab\u00e9molo todos, \u00e9 a derrota sempre. A guerra \u00e9 a perdici\u00f3n total e o fracaso. Nega a palabra e o di\u00e1logo, nega este punto de vista feliz de calquera acordo","og_url":"https:\/\/www.anovapeneira.gal\/index.php\/2022\/03\/23\/as-suas-guerras-cos-nosos-mortos\/","article_publisher":"https:\/\/www.facebook.com\/anovapeneira","article_published_time":"2022-03-23T11:00:50+00:00","og_image":[{"width":720,"height":473,"url":"https:\/\/www.anovapeneira.gal\/wp-content\/uploads\/2019\/07\/ARTIGO_DE_OPINION_A_NOVA_PENEIRA.jpg","type":"image\/jpeg"}],"author":"Baldomero Iglesias Dobarrio, Mero","twitter_card":"summary_large_image","twitter_image":"https:\/\/www.anovapeneira.gal\/wp-content\/uploads\/2019\/07\/ARTIGO_DE_OPINION_A_NOVA_PENEIRA.jpg","twitter_creator":"@APeneira","twitter_site":"@APeneira","twitter_misc":{"Escrito por":"Baldomero Iglesias Dobarrio, Mero","Tempo de lectura":"4 minutos"},"schema":{"@context":"https:\/\/schema.org","@graph":[{"@type":"Article","@id":"https:\/\/www.anovapeneira.gal\/index.php\/2022\/03\/23\/as-suas-guerras-cos-nosos-mortos\/#article","isPartOf":{"@id":"https:\/\/www.anovapeneira.gal\/index.php\/2022\/03\/23\/as-suas-guerras-cos-nosos-mortos\/"},"author":{"name":"Baldomero Iglesias Dobarrio, Mero","@id":"https:\/\/www.anovapeneira.gal\/#\/schema\/person\/b051ed40cfc100e281476674783b32fc"},"headline":"As s\u00faas guerras cos nosos mortos","datePublished":"2022-03-23T11:00:50+00:00","mainEntityOfPage":{"@id":"https:\/\/www.anovapeneira.gal\/index.php\/2022\/03\/23\/as-suas-guerras-cos-nosos-mortos\/"},"wordCount":695,"commentCount":0,"publisher":{"@id":"https:\/\/www.anovapeneira.gal\/#organization"},"image":{"@id":"https:\/\/www.anovapeneira.gal\/index.php\/2022\/03\/23\/as-suas-guerras-cos-nosos-mortos\/#primaryimage"},"thumbnailUrl":"https:\/\/www.anovapeneira.gal\/wp-content\/uploads\/2019\/07\/ARTIGO_DE_OPINION_A_NOVA_PENEIRA.jpg","articleSection":["Artigos de opini\u00f3n"],"inLanguage":"gl-ES","potentialAction":[{"@type":"CommentAction","name":"Comment","target":["https:\/\/www.anovapeneira.gal\/index.php\/2022\/03\/23\/as-suas-guerras-cos-nosos-mortos\/#respond"]}]},{"@type":"WebPage","@id":"https:\/\/www.anovapeneira.gal\/index.php\/2022\/03\/23\/as-suas-guerras-cos-nosos-mortos\/","url":"https:\/\/www.anovapeneira.gal\/index.php\/2022\/03\/23\/as-suas-guerras-cos-nosos-mortos\/","name":"As s\u00faas guerras cos nosos mortos -","isPartOf":{"@id":"https:\/\/www.anovapeneira.gal\/#website"},"primaryImageOfPage":{"@id":"https:\/\/www.anovapeneira.gal\/index.php\/2022\/03\/23\/as-suas-guerras-cos-nosos-mortos\/#primaryimage"},"image":{"@id":"https:\/\/www.anovapeneira.gal\/index.php\/2022\/03\/23\/as-suas-guerras-cos-nosos-mortos\/#primaryimage"},"thumbnailUrl":"https:\/\/www.anovapeneira.gal\/wp-content\/uploads\/2019\/07\/ARTIGO_DE_OPINION_A_NOVA_PENEIRA.jpg","datePublished":"2022-03-23T11:00:50+00:00","description":"Despois de negacionistas e terraplanistas, era o que faltaba! Unha guerra! Non debemos ter remedio. A guerra, sab\u00e9molo todos, \u00e9 a derrota sempre. A guerra \u00e9 a perdici\u00f3n total e o fracaso. Nega a palabra e o di\u00e1logo, nega este punto de vista feliz de calquera acordo","breadcrumb":{"@id":"https:\/\/www.anovapeneira.gal\/index.php\/2022\/03\/23\/as-suas-guerras-cos-nosos-mortos\/#breadcrumb"},"inLanguage":"gl-ES","potentialAction":[{"@type":"ReadAction","target":["https:\/\/www.anovapeneira.gal\/index.php\/2022\/03\/23\/as-suas-guerras-cos-nosos-mortos\/"]}]},{"@type":"ImageObject","inLanguage":"gl-ES","@id":"https:\/\/www.anovapeneira.gal\/index.php\/2022\/03\/23\/as-suas-guerras-cos-nosos-mortos\/#primaryimage","url":"https:\/\/www.anovapeneira.gal\/wp-content\/uploads\/2019\/07\/ARTIGO_DE_OPINION_A_NOVA_PENEIRA.jpg","contentUrl":"https:\/\/www.anovapeneira.gal\/wp-content\/uploads\/2019\/07\/ARTIGO_DE_OPINION_A_NOVA_PENEIRA.jpg","width":720,"height":473,"caption":"Artigo de opini\u00f3n A Nova Peneira"},{"@type":"BreadcrumbList","@id":"https:\/\/www.anovapeneira.gal\/index.php\/2022\/03\/23\/as-suas-guerras-cos-nosos-mortos\/#breadcrumb","itemListElement":[{"@type":"ListItem","position":1,"name":"Portada","item":"https:\/\/www.anovapeneira.gal\/"},{"@type":"ListItem","position":2,"name":"As s\u00faas guerras cos nosos mortos"}]},{"@type":"WebSite","@id":"https:\/\/www.anovapeneira.gal\/#website","url":"https:\/\/www.anovapeneira.gal\/","name":"","description":"Xornal galego de informaci\u00f3n xeral Publicaci\u00f3n mensual de novas de Galicia e en especial dos Concellos da sur da provincia de Pontevedra.","publisher":{"@id":"https:\/\/www.anovapeneira.gal\/#organization"},"potentialAction":[{"@type":"SearchAction","target":{"@type":"EntryPoint","urlTemplate":"https:\/\/www.anovapeneira.gal\/?s={search_term_string}"},"query-input":{"@type":"PropertyValueSpecification","valueRequired":true,"valueName":"search_term_string"}}],"inLanguage":"gl-ES"},{"@type":"Organization","@id":"https:\/\/www.anovapeneira.gal\/#organization","name":"A Nova Peneira","url":"https:\/\/www.anovapeneira.gal\/","logo":{"@type":"ImageObject","inLanguage":"gl-ES","@id":"https:\/\/www.anovapeneira.gal\/#\/schema\/logo\/image\/","url":"http:\/\/www.anovapeneira.gal\/wp-content\/uploads\/2019\/06\/logo_a_nova_peneira_portal_web.png","contentUrl":"http:\/\/www.anovapeneira.gal\/wp-content\/uploads\/2019\/06\/logo_a_nova_peneira_portal_web.png","width":300,"height":100,"caption":"A Nova Peneira"},"image":{"@id":"https:\/\/www.anovapeneira.gal\/#\/schema\/logo\/image\/"},"sameAs":["https:\/\/www.facebook.com\/anovapeneira","https:\/\/x.com\/APeneira"]},{"@type":"Person","@id":"https:\/\/www.anovapeneira.gal\/#\/schema\/person\/b051ed40cfc100e281476674783b32fc","name":"Baldomero Iglesias Dobarrio, Mero","image":{"@type":"ImageObject","inLanguage":"gl-ES","@id":"https:\/\/secure.gravatar.com\/avatar\/ca78fc089f8cf28197f88de2c9ac213e2f7d2097d8e359d9359b8778b539c59d?s=96&d=mm&r=g","url":"https:\/\/secure.gravatar.com\/avatar\/ca78fc089f8cf28197f88de2c9ac213e2f7d2097d8e359d9359b8778b539c59d?s=96&d=mm&r=g","contentUrl":"https:\/\/secure.gravatar.com\/avatar\/ca78fc089f8cf28197f88de2c9ac213e2f7d2097d8e359d9359b8778b539c59d?s=96&d=mm&r=g","caption":"Baldomero Iglesias Dobarrio, Mero"},"sameAs":["http:\/\/anovapeneira.gal"],"url":"https:\/\/www.anovapeneira.gal\/index.php\/author\/opinionmero\/"}]}},"jetpack_featured_media_url":"https:\/\/www.anovapeneira.gal\/wp-content\/uploads\/2019\/07\/ARTIGO_DE_OPINION_A_NOVA_PENEIRA.jpg","_links":{"self":[{"href":"https:\/\/www.anovapeneira.gal\/index.php\/wp-json\/wp\/v2\/posts\/7159","targetHints":{"allow":["GET"]}}],"collection":[{"href":"https:\/\/www.anovapeneira.gal\/index.php\/wp-json\/wp\/v2\/posts"}],"about":[{"href":"https:\/\/www.anovapeneira.gal\/index.php\/wp-json\/wp\/v2\/types\/post"}],"author":[{"embeddable":true,"href":"https:\/\/www.anovapeneira.gal\/index.php\/wp-json\/wp\/v2\/users\/5"}],"replies":[{"embeddable":true,"href":"https:\/\/www.anovapeneira.gal\/index.php\/wp-json\/wp\/v2\/comments?post=7159"}],"version-history":[{"count":1,"href":"https:\/\/www.anovapeneira.gal\/index.php\/wp-json\/wp\/v2\/posts\/7159\/revisions"}],"predecessor-version":[{"id":7160,"href":"https:\/\/www.anovapeneira.gal\/index.php\/wp-json\/wp\/v2\/posts\/7159\/revisions\/7160"}],"wp:featuredmedia":[{"embeddable":true,"href":"https:\/\/www.anovapeneira.gal\/index.php\/wp-json\/wp\/v2\/media\/584"}],"wp:attachment":[{"href":"https:\/\/www.anovapeneira.gal\/index.php\/wp-json\/wp\/v2\/media?parent=7159"}],"wp:term":[{"taxonomy":"category","embeddable":true,"href":"https:\/\/www.anovapeneira.gal\/index.php\/wp-json\/wp\/v2\/categories?post=7159"},{"taxonomy":"post_tag","embeddable":true,"href":"https:\/\/www.anovapeneira.gal\/index.php\/wp-json\/wp\/v2\/tags?post=7159"}],"curies":[{"name":"wp","href":"https:\/\/api.w.org\/{rel}","templated":true}]}}