{"id":7163,"date":"2022-03-24T10:00:28","date_gmt":"2022-03-24T09:00:28","guid":{"rendered":"https:\/\/www.anovapeneira.gal\/?p=7163"},"modified":"2022-03-21T12:22:44","modified_gmt":"2022-03-21T11:22:44","slug":"sandra-fidalgo-e-sergio-cobas-presidenta-e-vogal-da-asociacion-de-comerciantes-da-caniza","status":"publish","type":"post","link":"https:\/\/www.anovapeneira.gal\/index.php\/2022\/03\/24\/sandra-fidalgo-e-sergio-cobas-presidenta-e-vogal-da-asociacion-de-comerciantes-da-caniza\/","title":{"rendered":"Sandra Fidalgo  e Sergio Cobas presidenta e vogal da asociaci\u00f3n de comerciantes da Ca\u00f1iza"},"content":{"rendered":"\n<p><strong>Sandra e Sergio son respectivamente a presidenta e vogal da asociaci\u00f3n de comerciantes da Ca\u00f1iza. Ambos levan anos , de feito Sergio \u00e9 un dos fundadores da asociaci\u00f3n, desenvolvendo un traballo absolutamente de balde ao que lle dedican moito tempo, que debera ser para as s\u00faas respectivas vidas persoais , para tratar de mellorar a situaci\u00f3n do comercio local. Con eles analizamos a situaci\u00f3n do comercio na vila da Ca\u00f1iza. Vela\u00ed vai o que deu de si a nosa conversa.<\/strong><\/p>\n\n\n\n<p>\u201c<strong>A asociaci\u00f3n de comerciantes est\u00e1 a dispor de todos e cada un dos negocios do noso pobo, coa \u00fanica intenci\u00f3n de colaborar no ben com\u00fan do conxunto do tecido comercial\u201d<\/strong><\/p>\n\n\n\n<p><strong>Cantos asociados tedes?<\/strong><\/p>\n\n\n\n<blockquote class=\"wp-block-quote is-layout-flow wp-block-quote-is-layout-flow\"><p>Non \u00e9 un n\u00famero rigoroso porque n\u00f3s non cobramos ningunha cota. Implicados poderemos ser arredor de 30 a\u00ednda que os beneficiarios son todos os comercios da localidade. \u00c9 preciso apuntarse para figurar pero a asociaci\u00f3n est\u00e1 aberta, para todos os que queiran vir, sen ning\u00fan tipo de traba. Na iniciativas que facemos, con independencia de que se estea ou non apuntado na lista da asociaci\u00f3n de comerciantes , procuramos non deixar a ningu\u00e9n f\u00f3ra<\/p><\/blockquote>\n\n\n\n<p><strong>E canto tempo levades na directiva?<\/strong><\/p>\n\n\n\n<blockquote class=\"wp-block-quote is-layout-flow wp-block-quote-is-layout-flow\"><p>N\u00f3s levamos desde antes da pandemia. Estamos pendentes de renovar. A ver se aparece algu\u00e9n que te\u00f1a interese en participar. Facemos o noso traballo con ilusi\u00f3n e tratamos de achegar cousas que vaian en beneficio do colectivo. E estamos contentos, pero botamos de menos un pouco de colaboraci\u00f3n. \u00c9 un traballo completamente altru\u00edsta que che fai perder parte do tempo da t\u00faa vida persoal<\/p><\/blockquote>\n\n\n\n<p><strong>Cubrides o casco e as parroquias?<\/strong><\/p>\n\n\n\n<blockquote class=\"wp-block-quote is-layout-flow wp-block-quote-is-layout-flow\"><p>Tratamos de acoller a todos, pero as iniciativas tiran m\u00e1is ao centro,pois nas parroquias \u00e9 m\u00e1is dif\u00edcil<\/p><\/blockquote>\n\n\n\n<p><strong>Cont\u00e1deme algunha das iniciativas que te\u00f1ades desenvolto?<\/strong><\/p>\n\n\n\n<blockquote class=\"wp-block-quote is-layout-flow wp-block-quote-is-layout-flow\"><p>Se cadra a m\u00e1is destacada \u00e9 o \u201c Merca Ca\u00f1iza\u201d que consiste en darlle uns tickets aos clientes que fagan compras superiores a 20\u20ac ,cos que entran nun sorteo de 20 vales de 50\u20ac, para gastar nos comercios do pobo<\/p><\/blockquote>\n\n\n\n<p><strong>1.000\u20ac ent\u00f3n \u00e9 o importe da totalidade do sorteo do Merca Ca\u00f1iza?<\/strong><\/p>\n\n\n\n<blockquote class=\"wp-block-quote is-layout-flow wp-block-quote-is-layout-flow\"><p>Si, 20 vales de 50\u20ac.Tam\u00e9n estamos traballando na li\u00f1a de crear unha p\u00e1xina web. Estamos valorando distintas alternativas, entre elas unha li\u00f1a de axudas da DEP, que temos esperanza de que nos concedan. O noso obxectivo \u00e9 unha web integral para o conxunto do comercio local. Non \u00e9 nada f\u00e1cil porque cadaqu\u00e9n temos as nosas particularidades, e facer unha que funcione ben para todos \u00e9 complexo. Por outra parte valoramos tam\u00e9n facer algo e publicidade conxunta. De feito xa fixemos, con fondos propios, algunhas campa\u00f1as en radio e prensa. No ver\u00e1n do 2.020,en colaboraci\u00f3n co concello, fixemos unha campa\u00f1a de recuperaci\u00f3n de confianza enfocada ao consumidor local. Tam\u00e9n nos adherimos \u00e1 federaci\u00f3n de comercio de Pontevedra o que posibilitou, para quen as\u00ed o quixera, lucir o selo da Xunta de comercio seguro<\/p><\/blockquote>\n\n\n\n<p><strong>Se fixeramos unha valoraci\u00f3n xeral do estado do comercio da Ca\u00f1iza como diagnosticariamos a s\u00faa sa\u00fade?<\/strong><\/p>\n\n\n\n<blockquote class=\"wp-block-quote is-layout-flow wp-block-quote-is-layout-flow\"><p>A cousa non est\u00e1 ben. A situaci\u00f3n econ\u00f3mica xeral \u00e9 mala co que a xente compra menos e o golpe da pandemia foi moi duro para o pequeno comercio<\/p><\/blockquote>\n\n\n\n<p><strong>Como estaba a cousa antes da Pandemia?<\/strong><\/p>\n\n\n\n<blockquote class=\"wp-block-quote is-layout-flow wp-block-quote-is-layout-flow\"><p>Algo mellor, pero como che dixen antes o COVID foi unha proba dur\u00edsima para o sector comercial<\/p><\/blockquote>\n\n\n\n<p><strong>Naquel momento de extrema dureza, no que hab\u00eda restrici\u00f3ns horarias e incluso peches perimetrais, como se portou o Concello con v\u00f3s?<\/strong><\/p>\n\n\n\n<blockquote class=\"wp-block-quote is-layout-flow wp-block-quote-is-layout-flow\"><p>Dunha maneira un tanto descafeinada. O \u00fanico que fac\u00edan era desinfectar as r\u00faas e facilitar m\u00e1scaras de protecci\u00f3n<\/p><\/blockquote>\n\n\n\n<p><strong>E non quitou ningunha li\u00f1a de axudas para os comerciantes do pobo?<\/strong><\/p>\n\n\n\n<blockquote class=\"wp-block-quote is-layout-flow wp-block-quote-is-layout-flow\"><p>Si, a posteriori. Ve\u00f1en e cobrarse hai pouco<\/p><\/blockquote>\n\n\n\n<p><strong>Foi doado ou dif\u00edcil acceder a elas?<\/strong><\/p>\n\n\n\n<blockquote class=\"wp-block-quote is-layout-flow wp-block-quote-is-layout-flow\"><p>Hab\u00eda que facer bastantes tr\u00e1mites e ti\u00f1an uns baremos de puntuaci\u00f3n en funci\u00f3n das circunstancias de cada quen, algo que nos parece razoable. Pero unha vez solicitadas os cobros foron \u00e1xiles<\/p><\/blockquote>\n\n\n\n<p><strong>Dici\u00e1desme antes que durante a pandemia o comportamento do concello foi un tanto\u201d descafeinado\u201d.E en li\u00f1as xerais como se porta con v\u00f3s?, porque eu creo que unha interacci\u00f3n adecuada entre o tecido comercial e a administraci\u00f3n municipal e chave para que o sector te\u00f1a boa sa\u00fade?<\/strong><\/p>\n\n\n\n<blockquote class=\"wp-block-quote is-layout-flow wp-block-quote-is-layout-flow\"><p>\u00c9 dif\u00edcil de valorar descontextualiz\u00e1ndoo dun factor tan relevante como a pandemia que mediatiza e condiciona case todo. Seguro que se pod\u00edan facer m\u00e1is cousas. Pero n\u00f3s imos pedindo as distintas suxesti\u00f3ns que nos fan os comerciantes e eles procuran atendelas<\/p><\/blockquote>\n\n\n\n<p><strong>E son sensibles a esas suxesti\u00f3ns?<\/strong><\/p>\n\n\n\n<blockquote class=\"wp-block-quote is-layout-flow wp-block-quote-is-layout-flow\"><p>Como di un amigo meu \u201c das palabras non hai queixa\u201d.Logo cando chegan os feitos nunca chove a gusto de todos<\/p><\/blockquote>\n\n\n\n<p><strong>Alg\u00fan exemplo dalgunha desas iniciativas?<\/strong><\/p>\n\n\n\n<blockquote class=\"wp-block-quote is-layout-flow wp-block-quote-is-layout-flow\"><p>No ano anterior \u00e1 pandemia o concello montara na praza maior unha pista de patinaxe para dinamizar a \u00e9poca do Nadal.<\/p><\/blockquote>\n\n\n\n<p><strong>Notastes algunha diferencia significativa entre esta administraci\u00f3n do PSOE e a anterior do PP?<\/strong><\/p>\n\n\n\n<blockquote class=\"wp-block-quote is-layout-flow wp-block-quote-is-layout-flow\"><p>Non, as li\u00f1as son similares.<\/p><\/blockquote>\n\n\n\n<p><strong>Alg\u00fans dos nosos lectores queix\u00e1ronsenos do cambio de criterio con relaci\u00f3n \u00e1s feiras, polo que van ser os d\u00edas 6 e 20 a\u00ednda que alg\u00fan deles coincida en domingo. Ata agora cando se daba esa coincidencia modific\u00e1base o d\u00eda da feira. Cal \u00e9 a vosa opini\u00f3n ao respecto?<\/strong><\/p>\n\n\n\n<blockquote class=\"wp-block-quote is-layout-flow wp-block-quote-is-layout-flow\"><p>N\u00f3s como representantes dos comerciantes temos que dicir que a maior\u00eda te\u00f1en unha opini\u00f3n desfavorable sobre este cambio. A asociaci\u00f3n este cambio non se lle comunicou. Tam\u00e9n \u00e9 verdade que levamos anos escoitando opini\u00f3ns negativas sobre a feira da Ca\u00f1iza e pode ser necesario darlle unha volta. Isto \u00e9 un experimento e haber\u00e1 que ver como sae. N\u00f3s presentamos no Concello unha proposta sobre como nos gustar\u00eda a n\u00f3s que fose a feira<\/p><\/blockquote>\n\n\n\n<p><strong>En que consist\u00eda a vosa proposta?<\/strong><\/p>\n\n\n\n<blockquote class=\"wp-block-quote is-layout-flow wp-block-quote-is-layout-flow\"><p>En que as feiras se celebrasen os s\u00e1bados, en que os postos se organizaran por sectores, non que estiveran mesturados, e en tratar de rebaixar,ese d\u00eda , a tarifa dos taxis para facilitar o desprazamento.<\/p><\/blockquote>\n\n\n\n<p><strong>Rematamos, cal credes que pode ser a principal necesidade da Ca\u00f1iza en aras de beneficiar ao comercio local?<\/strong><\/p>\n\n\n\n<blockquote class=\"wp-block-quote is-layout-flow wp-block-quote-is-layout-flow\"><p>N\u00f3s cremos que fixar poboaci\u00f3n. O despoboamento da Galicia interior \u00e9 un problema enormemente grave ao que A Ca\u00f1iza non \u00e9 alleo, e os seus efectos negativos fanse notar na nosa actividade.<\/p><\/blockquote>\n","protected":false},"excerpt":{"rendered":"<div class=\"mh-excerpt\"><p>Sandra e Sergio son respectivamente a presidenta e vogal da asociaci\u00f3n de comerciantes da Ca\u00f1iza. Ambos levan anos , de feito Sergio \u00e9 un dos fundadores da asociaci\u00f3n, desenvolvendo un traballo absolutamente de balde ao que lle dedican moito tempo, que debera ser para as s\u00faas respectivas vidas persoais , para tratar de mellorar a situaci\u00f3n do comercio local <a class=\"mh-excerpt-more\" href=\"https:\/\/www.anovapeneira.gal\/index.php\/2022\/03\/24\/sandra-fidalgo-e-sergio-cobas-presidenta-e-vogal-da-asociacion-de-comerciantes-da-caniza\/\" title=\"Sandra Fidalgo  e Sergio Cobas presidenta e vogal da asociaci\u00f3n de comerciantes da Ca\u00f1iza\">[&#8230;]<\/a><\/p>\n<\/div>","protected":false},"author":3,"featured_media":7164,"comment_status":"open","ping_status":"open","sticky":false,"template":"","format":"standard","meta":{"_exactmetrics_skip_tracking":false,"_exactmetrics_sitenote_active":false,"_exactmetrics_sitenote_note":"","_exactmetrics_sitenote_category":0,"footnotes":""},"categories":[25],"tags":[867],"class_list":{"0":"post-7163","1":"post","2":"type-post","3":"status-publish","4":"format-standard","5":"has-post-thumbnail","7":"category-condado","8":"tag-concello-da-caniza"},"yoast_head":"<!-- This site is optimized with the Yoast SEO plugin v27.4 - https:\/\/yoast.com\/product\/yoast-seo-wordpress\/ -->\n<title>Sandra Fidalgo e Sergio Cobas presidenta e vogal da asociaci\u00f3n de comerciantes da Ca\u00f1iza -<\/title>\n<meta name=\"description\" content=\"Sandra e Sergio son respectivamente a presidenta e vogal da asociaci\u00f3n de comerciantes da Ca\u00f1iza.\" \/>\n<meta name=\"robots\" content=\"index, follow, max-snippet:-1, max-image-preview:large, max-video-preview:-1\" \/>\n<link rel=\"canonical\" href=\"https:\/\/www.anovapeneira.gal\/index.php\/2022\/03\/24\/sandra-fidalgo-e-sergio-cobas-presidenta-e-vogal-da-asociacion-de-comerciantes-da-caniza\/\" \/>\n<meta property=\"og:locale\" content=\"gl_ES\" \/>\n<meta property=\"og:type\" content=\"article\" \/>\n<meta property=\"og:title\" content=\"Sandra Fidalgo e Sergio Cobas presidenta e vogal da asociaci\u00f3n de comerciantes da Ca\u00f1iza -\" \/>\n<meta property=\"og:description\" content=\"Sandra e Sergio son respectivamente a presidenta e vogal da asociaci\u00f3n de comerciantes da Ca\u00f1iza.\" \/>\n<meta property=\"og:url\" content=\"https:\/\/www.anovapeneira.gal\/index.php\/2022\/03\/24\/sandra-fidalgo-e-sergio-cobas-presidenta-e-vogal-da-asociacion-de-comerciantes-da-caniza\/\" \/>\n<meta property=\"article:publisher\" content=\"https:\/\/www.facebook.com\/anovapeneira\" \/>\n<meta property=\"article:published_time\" content=\"2022-03-24T09:00:28+00:00\" \/>\n<meta property=\"og:image\" content=\"https:\/\/www.anovapeneira.gal\/wp-content\/uploads\/2022\/03\/comerciantes_caniza.jpg\" \/>\n\t<meta property=\"og:image:width\" content=\"720\" \/>\n\t<meta property=\"og:image:height\" content=\"432\" \/>\n\t<meta property=\"og:image:type\" content=\"image\/jpeg\" \/>\n<meta name=\"author\" content=\"Redacci\u00f3n A Nova Peneira\" \/>\n<meta name=\"twitter:card\" content=\"summary_large_image\" \/>\n<meta name=\"twitter:creator\" content=\"@APeneira\" \/>\n<meta name=\"twitter:site\" content=\"@APeneira\" \/>\n<meta name=\"twitter:label1\" content=\"Escrito por\" \/>\n\t<meta name=\"twitter:data1\" content=\"Redacci\u00f3n A Nova Peneira\" \/>\n\t<meta name=\"twitter:label2\" content=\"Tempo de lectura\" \/>\n\t<meta name=\"twitter:data2\" content=\"6 minutos\" \/>\n<script type=\"application\/ld+json\" class=\"yoast-schema-graph\">{\"@context\":\"https:\\\/\\\/schema.org\",\"@graph\":[{\"@type\":\"Article\",\"@id\":\"https:\\\/\\\/www.anovapeneira.gal\\\/index.php\\\/2022\\\/03\\\/24\\\/sandra-fidalgo-e-sergio-cobas-presidenta-e-vogal-da-asociacion-de-comerciantes-da-caniza\\\/#article\",\"isPartOf\":{\"@id\":\"https:\\\/\\\/www.anovapeneira.gal\\\/index.php\\\/2022\\\/03\\\/24\\\/sandra-fidalgo-e-sergio-cobas-presidenta-e-vogal-da-asociacion-de-comerciantes-da-caniza\\\/\"},\"author\":{\"name\":\"Redacci\u00f3n A Nova Peneira\",\"@id\":\"https:\\\/\\\/www.anovapeneira.gal\\\/#\\\/schema\\\/person\\\/b93e3f8932e3f8da96334607eb6ac6aa\"},\"headline\":\"Sandra Fidalgo e Sergio Cobas presidenta e vogal da asociaci\u00f3n de comerciantes da Ca\u00f1iza\",\"datePublished\":\"2022-03-24T09:00:28+00:00\",\"mainEntityOfPage\":{\"@id\":\"https:\\\/\\\/www.anovapeneira.gal\\\/index.php\\\/2022\\\/03\\\/24\\\/sandra-fidalgo-e-sergio-cobas-presidenta-e-vogal-da-asociacion-de-comerciantes-da-caniza\\\/\"},\"wordCount\":1109,\"commentCount\":0,\"publisher\":{\"@id\":\"https:\\\/\\\/www.anovapeneira.gal\\\/#organization\"},\"image\":{\"@id\":\"https:\\\/\\\/www.anovapeneira.gal\\\/index.php\\\/2022\\\/03\\\/24\\\/sandra-fidalgo-e-sergio-cobas-presidenta-e-vogal-da-asociacion-de-comerciantes-da-caniza\\\/#primaryimage\"},\"thumbnailUrl\":\"https:\\\/\\\/www.anovapeneira.gal\\\/wp-content\\\/uploads\\\/2022\\\/03\\\/comerciantes_caniza.jpg\",\"keywords\":[\"Concello da Ca\u00f1iza\"],\"articleSection\":[\"Condado\"],\"inLanguage\":\"gl-ES\",\"potentialAction\":[{\"@type\":\"CommentAction\",\"name\":\"Comment\",\"target\":[\"https:\\\/\\\/www.anovapeneira.gal\\\/index.php\\\/2022\\\/03\\\/24\\\/sandra-fidalgo-e-sergio-cobas-presidenta-e-vogal-da-asociacion-de-comerciantes-da-caniza\\\/#respond\"]}]},{\"@type\":\"WebPage\",\"@id\":\"https:\\\/\\\/www.anovapeneira.gal\\\/index.php\\\/2022\\\/03\\\/24\\\/sandra-fidalgo-e-sergio-cobas-presidenta-e-vogal-da-asociacion-de-comerciantes-da-caniza\\\/\",\"url\":\"https:\\\/\\\/www.anovapeneira.gal\\\/index.php\\\/2022\\\/03\\\/24\\\/sandra-fidalgo-e-sergio-cobas-presidenta-e-vogal-da-asociacion-de-comerciantes-da-caniza\\\/\",\"name\":\"Sandra Fidalgo e Sergio Cobas presidenta e vogal da asociaci\u00f3n de comerciantes da Ca\u00f1iza -\",\"isPartOf\":{\"@id\":\"https:\\\/\\\/www.anovapeneira.gal\\\/#website\"},\"primaryImageOfPage\":{\"@id\":\"https:\\\/\\\/www.anovapeneira.gal\\\/index.php\\\/2022\\\/03\\\/24\\\/sandra-fidalgo-e-sergio-cobas-presidenta-e-vogal-da-asociacion-de-comerciantes-da-caniza\\\/#primaryimage\"},\"image\":{\"@id\":\"https:\\\/\\\/www.anovapeneira.gal\\\/index.php\\\/2022\\\/03\\\/24\\\/sandra-fidalgo-e-sergio-cobas-presidenta-e-vogal-da-asociacion-de-comerciantes-da-caniza\\\/#primaryimage\"},\"thumbnailUrl\":\"https:\\\/\\\/www.anovapeneira.gal\\\/wp-content\\\/uploads\\\/2022\\\/03\\\/comerciantes_caniza.jpg\",\"datePublished\":\"2022-03-24T09:00:28+00:00\",\"description\":\"Sandra e Sergio son respectivamente a presidenta e vogal da asociaci\u00f3n de comerciantes da Ca\u00f1iza.\",\"breadcrumb\":{\"@id\":\"https:\\\/\\\/www.anovapeneira.gal\\\/index.php\\\/2022\\\/03\\\/24\\\/sandra-fidalgo-e-sergio-cobas-presidenta-e-vogal-da-asociacion-de-comerciantes-da-caniza\\\/#breadcrumb\"},\"inLanguage\":\"gl-ES\",\"potentialAction\":[{\"@type\":\"ReadAction\",\"target\":[\"https:\\\/\\\/www.anovapeneira.gal\\\/index.php\\\/2022\\\/03\\\/24\\\/sandra-fidalgo-e-sergio-cobas-presidenta-e-vogal-da-asociacion-de-comerciantes-da-caniza\\\/\"]}]},{\"@type\":\"ImageObject\",\"inLanguage\":\"gl-ES\",\"@id\":\"https:\\\/\\\/www.anovapeneira.gal\\\/index.php\\\/2022\\\/03\\\/24\\\/sandra-fidalgo-e-sergio-cobas-presidenta-e-vogal-da-asociacion-de-comerciantes-da-caniza\\\/#primaryimage\",\"url\":\"https:\\\/\\\/www.anovapeneira.gal\\\/wp-content\\\/uploads\\\/2022\\\/03\\\/comerciantes_caniza.jpg\",\"contentUrl\":\"https:\\\/\\\/www.anovapeneira.gal\\\/wp-content\\\/uploads\\\/2022\\\/03\\\/comerciantes_caniza.jpg\",\"width\":720,\"height\":432,\"caption\":\"Sandra Fidalgo e Sergio Cobas presidenta e vogal da asociaci\u00f3n de comerciantes da Ca\u00f1iza\"},{\"@type\":\"BreadcrumbList\",\"@id\":\"https:\\\/\\\/www.anovapeneira.gal\\\/index.php\\\/2022\\\/03\\\/24\\\/sandra-fidalgo-e-sergio-cobas-presidenta-e-vogal-da-asociacion-de-comerciantes-da-caniza\\\/#breadcrumb\",\"itemListElement\":[{\"@type\":\"ListItem\",\"position\":1,\"name\":\"Portada\",\"item\":\"https:\\\/\\\/www.anovapeneira.gal\\\/\"},{\"@type\":\"ListItem\",\"position\":2,\"name\":\"Sandra Fidalgo e Sergio Cobas presidenta e vogal da asociaci\u00f3n de comerciantes da Ca\u00f1iza\"}]},{\"@type\":\"WebSite\",\"@id\":\"https:\\\/\\\/www.anovapeneira.gal\\\/#website\",\"url\":\"https:\\\/\\\/www.anovapeneira.gal\\\/\",\"name\":\"\",\"description\":\"Xornal galego de informaci\u00f3n xeral Publicaci\u00f3n mensual de novas de Galicia e en especial dos Concellos da sur da provincia de Pontevedra.\",\"publisher\":{\"@id\":\"https:\\\/\\\/www.anovapeneira.gal\\\/#organization\"},\"potentialAction\":[{\"@type\":\"SearchAction\",\"target\":{\"@type\":\"EntryPoint\",\"urlTemplate\":\"https:\\\/\\\/www.anovapeneira.gal\\\/?s={search_term_string}\"},\"query-input\":{\"@type\":\"PropertyValueSpecification\",\"valueRequired\":true,\"valueName\":\"search_term_string\"}}],\"inLanguage\":\"gl-ES\"},{\"@type\":\"Organization\",\"@id\":\"https:\\\/\\\/www.anovapeneira.gal\\\/#organization\",\"name\":\"A Nova Peneira\",\"url\":\"https:\\\/\\\/www.anovapeneira.gal\\\/\",\"logo\":{\"@type\":\"ImageObject\",\"inLanguage\":\"gl-ES\",\"@id\":\"https:\\\/\\\/www.anovapeneira.gal\\\/#\\\/schema\\\/logo\\\/image\\\/\",\"url\":\"http:\\\/\\\/www.anovapeneira.gal\\\/wp-content\\\/uploads\\\/2019\\\/06\\\/logo_a_nova_peneira_portal_web.png\",\"contentUrl\":\"http:\\\/\\\/www.anovapeneira.gal\\\/wp-content\\\/uploads\\\/2019\\\/06\\\/logo_a_nova_peneira_portal_web.png\",\"width\":300,\"height\":100,\"caption\":\"A Nova Peneira\"},\"image\":{\"@id\":\"https:\\\/\\\/www.anovapeneira.gal\\\/#\\\/schema\\\/logo\\\/image\\\/\"},\"sameAs\":[\"https:\\\/\\\/www.facebook.com\\\/anovapeneira\",\"https:\\\/\\\/x.com\\\/APeneira\"]},{\"@type\":\"Person\",\"@id\":\"https:\\\/\\\/www.anovapeneira.gal\\\/#\\\/schema\\\/person\\\/b93e3f8932e3f8da96334607eb6ac6aa\",\"name\":\"Redacci\u00f3n A Nova Peneira\",\"image\":{\"@type\":\"ImageObject\",\"inLanguage\":\"gl-ES\",\"@id\":\"https:\\\/\\\/secure.gravatar.com\\\/avatar\\\/c052a2551a06e23fac63626232eaa90abd78dbcf1700fc46a2b2c89fd27b735f?s=96&d=mm&r=g\",\"url\":\"https:\\\/\\\/secure.gravatar.com\\\/avatar\\\/c052a2551a06e23fac63626232eaa90abd78dbcf1700fc46a2b2c89fd27b735f?s=96&d=mm&r=g\",\"contentUrl\":\"https:\\\/\\\/secure.gravatar.com\\\/avatar\\\/c052a2551a06e23fac63626232eaa90abd78dbcf1700fc46a2b2c89fd27b735f?s=96&d=mm&r=g\",\"caption\":\"Redacci\u00f3n A Nova Peneira\"},\"sameAs\":[\"http:\\\/\\\/www.anovapeneira.gal\\\/\"],\"url\":\"https:\\\/\\\/www.anovapeneira.gal\\\/index.php\\\/author\\\/redactor\\\/\"}]}<\/script>\n<!-- \/ Yoast SEO plugin. -->","yoast_head_json":{"title":"Sandra Fidalgo e Sergio Cobas presidenta e vogal da asociaci\u00f3n de comerciantes da Ca\u00f1iza -","description":"Sandra e Sergio son respectivamente a presidenta e vogal da asociaci\u00f3n de comerciantes da Ca\u00f1iza.","robots":{"index":"index","follow":"follow","max-snippet":"max-snippet:-1","max-image-preview":"max-image-preview:large","max-video-preview":"max-video-preview:-1"},"canonical":"https:\/\/www.anovapeneira.gal\/index.php\/2022\/03\/24\/sandra-fidalgo-e-sergio-cobas-presidenta-e-vogal-da-asociacion-de-comerciantes-da-caniza\/","og_locale":"gl_ES","og_type":"article","og_title":"Sandra Fidalgo e Sergio Cobas presidenta e vogal da asociaci\u00f3n de comerciantes da Ca\u00f1iza -","og_description":"Sandra e Sergio son respectivamente a presidenta e vogal da asociaci\u00f3n de comerciantes da Ca\u00f1iza.","og_url":"https:\/\/www.anovapeneira.gal\/index.php\/2022\/03\/24\/sandra-fidalgo-e-sergio-cobas-presidenta-e-vogal-da-asociacion-de-comerciantes-da-caniza\/","article_publisher":"https:\/\/www.facebook.com\/anovapeneira","article_published_time":"2022-03-24T09:00:28+00:00","og_image":[{"width":720,"height":432,"url":"https:\/\/www.anovapeneira.gal\/wp-content\/uploads\/2022\/03\/comerciantes_caniza.jpg","type":"image\/jpeg"}],"author":"Redacci\u00f3n A Nova Peneira","twitter_card":"summary_large_image","twitter_creator":"@APeneira","twitter_site":"@APeneira","twitter_misc":{"Escrito por":"Redacci\u00f3n A Nova Peneira","Tempo de lectura":"6 minutos"},"schema":{"@context":"https:\/\/schema.org","@graph":[{"@type":"Article","@id":"https:\/\/www.anovapeneira.gal\/index.php\/2022\/03\/24\/sandra-fidalgo-e-sergio-cobas-presidenta-e-vogal-da-asociacion-de-comerciantes-da-caniza\/#article","isPartOf":{"@id":"https:\/\/www.anovapeneira.gal\/index.php\/2022\/03\/24\/sandra-fidalgo-e-sergio-cobas-presidenta-e-vogal-da-asociacion-de-comerciantes-da-caniza\/"},"author":{"name":"Redacci\u00f3n A Nova Peneira","@id":"https:\/\/www.anovapeneira.gal\/#\/schema\/person\/b93e3f8932e3f8da96334607eb6ac6aa"},"headline":"Sandra Fidalgo e Sergio Cobas presidenta e vogal da asociaci\u00f3n de comerciantes da Ca\u00f1iza","datePublished":"2022-03-24T09:00:28+00:00","mainEntityOfPage":{"@id":"https:\/\/www.anovapeneira.gal\/index.php\/2022\/03\/24\/sandra-fidalgo-e-sergio-cobas-presidenta-e-vogal-da-asociacion-de-comerciantes-da-caniza\/"},"wordCount":1109,"commentCount":0,"publisher":{"@id":"https:\/\/www.anovapeneira.gal\/#organization"},"image":{"@id":"https:\/\/www.anovapeneira.gal\/index.php\/2022\/03\/24\/sandra-fidalgo-e-sergio-cobas-presidenta-e-vogal-da-asociacion-de-comerciantes-da-caniza\/#primaryimage"},"thumbnailUrl":"https:\/\/www.anovapeneira.gal\/wp-content\/uploads\/2022\/03\/comerciantes_caniza.jpg","keywords":["Concello da Ca\u00f1iza"],"articleSection":["Condado"],"inLanguage":"gl-ES","potentialAction":[{"@type":"CommentAction","name":"Comment","target":["https:\/\/www.anovapeneira.gal\/index.php\/2022\/03\/24\/sandra-fidalgo-e-sergio-cobas-presidenta-e-vogal-da-asociacion-de-comerciantes-da-caniza\/#respond"]}]},{"@type":"WebPage","@id":"https:\/\/www.anovapeneira.gal\/index.php\/2022\/03\/24\/sandra-fidalgo-e-sergio-cobas-presidenta-e-vogal-da-asociacion-de-comerciantes-da-caniza\/","url":"https:\/\/www.anovapeneira.gal\/index.php\/2022\/03\/24\/sandra-fidalgo-e-sergio-cobas-presidenta-e-vogal-da-asociacion-de-comerciantes-da-caniza\/","name":"Sandra Fidalgo e Sergio Cobas presidenta e vogal da asociaci\u00f3n de comerciantes da Ca\u00f1iza -","isPartOf":{"@id":"https:\/\/www.anovapeneira.gal\/#website"},"primaryImageOfPage":{"@id":"https:\/\/www.anovapeneira.gal\/index.php\/2022\/03\/24\/sandra-fidalgo-e-sergio-cobas-presidenta-e-vogal-da-asociacion-de-comerciantes-da-caniza\/#primaryimage"},"image":{"@id":"https:\/\/www.anovapeneira.gal\/index.php\/2022\/03\/24\/sandra-fidalgo-e-sergio-cobas-presidenta-e-vogal-da-asociacion-de-comerciantes-da-caniza\/#primaryimage"},"thumbnailUrl":"https:\/\/www.anovapeneira.gal\/wp-content\/uploads\/2022\/03\/comerciantes_caniza.jpg","datePublished":"2022-03-24T09:00:28+00:00","description":"Sandra e Sergio son respectivamente a presidenta e vogal da asociaci\u00f3n de comerciantes da Ca\u00f1iza.","breadcrumb":{"@id":"https:\/\/www.anovapeneira.gal\/index.php\/2022\/03\/24\/sandra-fidalgo-e-sergio-cobas-presidenta-e-vogal-da-asociacion-de-comerciantes-da-caniza\/#breadcrumb"},"inLanguage":"gl-ES","potentialAction":[{"@type":"ReadAction","target":["https:\/\/www.anovapeneira.gal\/index.php\/2022\/03\/24\/sandra-fidalgo-e-sergio-cobas-presidenta-e-vogal-da-asociacion-de-comerciantes-da-caniza\/"]}]},{"@type":"ImageObject","inLanguage":"gl-ES","@id":"https:\/\/www.anovapeneira.gal\/index.php\/2022\/03\/24\/sandra-fidalgo-e-sergio-cobas-presidenta-e-vogal-da-asociacion-de-comerciantes-da-caniza\/#primaryimage","url":"https:\/\/www.anovapeneira.gal\/wp-content\/uploads\/2022\/03\/comerciantes_caniza.jpg","contentUrl":"https:\/\/www.anovapeneira.gal\/wp-content\/uploads\/2022\/03\/comerciantes_caniza.jpg","width":720,"height":432,"caption":"Sandra Fidalgo e Sergio Cobas presidenta e vogal da asociaci\u00f3n de comerciantes da Ca\u00f1iza"},{"@type":"BreadcrumbList","@id":"https:\/\/www.anovapeneira.gal\/index.php\/2022\/03\/24\/sandra-fidalgo-e-sergio-cobas-presidenta-e-vogal-da-asociacion-de-comerciantes-da-caniza\/#breadcrumb","itemListElement":[{"@type":"ListItem","position":1,"name":"Portada","item":"https:\/\/www.anovapeneira.gal\/"},{"@type":"ListItem","position":2,"name":"Sandra Fidalgo e Sergio Cobas presidenta e vogal da asociaci\u00f3n de comerciantes da Ca\u00f1iza"}]},{"@type":"WebSite","@id":"https:\/\/www.anovapeneira.gal\/#website","url":"https:\/\/www.anovapeneira.gal\/","name":"","description":"Xornal galego de informaci\u00f3n xeral Publicaci\u00f3n mensual de novas de Galicia e en especial dos Concellos da sur da provincia de Pontevedra.","publisher":{"@id":"https:\/\/www.anovapeneira.gal\/#organization"},"potentialAction":[{"@type":"SearchAction","target":{"@type":"EntryPoint","urlTemplate":"https:\/\/www.anovapeneira.gal\/?s={search_term_string}"},"query-input":{"@type":"PropertyValueSpecification","valueRequired":true,"valueName":"search_term_string"}}],"inLanguage":"gl-ES"},{"@type":"Organization","@id":"https:\/\/www.anovapeneira.gal\/#organization","name":"A Nova Peneira","url":"https:\/\/www.anovapeneira.gal\/","logo":{"@type":"ImageObject","inLanguage":"gl-ES","@id":"https:\/\/www.anovapeneira.gal\/#\/schema\/logo\/image\/","url":"http:\/\/www.anovapeneira.gal\/wp-content\/uploads\/2019\/06\/logo_a_nova_peneira_portal_web.png","contentUrl":"http:\/\/www.anovapeneira.gal\/wp-content\/uploads\/2019\/06\/logo_a_nova_peneira_portal_web.png","width":300,"height":100,"caption":"A Nova Peneira"},"image":{"@id":"https:\/\/www.anovapeneira.gal\/#\/schema\/logo\/image\/"},"sameAs":["https:\/\/www.facebook.com\/anovapeneira","https:\/\/x.com\/APeneira"]},{"@type":"Person","@id":"https:\/\/www.anovapeneira.gal\/#\/schema\/person\/b93e3f8932e3f8da96334607eb6ac6aa","name":"Redacci\u00f3n A Nova Peneira","image":{"@type":"ImageObject","inLanguage":"gl-ES","@id":"https:\/\/secure.gravatar.com\/avatar\/c052a2551a06e23fac63626232eaa90abd78dbcf1700fc46a2b2c89fd27b735f?s=96&d=mm&r=g","url":"https:\/\/secure.gravatar.com\/avatar\/c052a2551a06e23fac63626232eaa90abd78dbcf1700fc46a2b2c89fd27b735f?s=96&d=mm&r=g","contentUrl":"https:\/\/secure.gravatar.com\/avatar\/c052a2551a06e23fac63626232eaa90abd78dbcf1700fc46a2b2c89fd27b735f?s=96&d=mm&r=g","caption":"Redacci\u00f3n A Nova Peneira"},"sameAs":["http:\/\/www.anovapeneira.gal\/"],"url":"https:\/\/www.anovapeneira.gal\/index.php\/author\/redactor\/"}]}},"jetpack_featured_media_url":"https:\/\/www.anovapeneira.gal\/wp-content\/uploads\/2022\/03\/comerciantes_caniza.jpg","_links":{"self":[{"href":"https:\/\/www.anovapeneira.gal\/index.php\/wp-json\/wp\/v2\/posts\/7163","targetHints":{"allow":["GET"]}}],"collection":[{"href":"https:\/\/www.anovapeneira.gal\/index.php\/wp-json\/wp\/v2\/posts"}],"about":[{"href":"https:\/\/www.anovapeneira.gal\/index.php\/wp-json\/wp\/v2\/types\/post"}],"author":[{"embeddable":true,"href":"https:\/\/www.anovapeneira.gal\/index.php\/wp-json\/wp\/v2\/users\/3"}],"replies":[{"embeddable":true,"href":"https:\/\/www.anovapeneira.gal\/index.php\/wp-json\/wp\/v2\/comments?post=7163"}],"version-history":[{"count":1,"href":"https:\/\/www.anovapeneira.gal\/index.php\/wp-json\/wp\/v2\/posts\/7163\/revisions"}],"predecessor-version":[{"id":7165,"href":"https:\/\/www.anovapeneira.gal\/index.php\/wp-json\/wp\/v2\/posts\/7163\/revisions\/7165"}],"wp:featuredmedia":[{"embeddable":true,"href":"https:\/\/www.anovapeneira.gal\/index.php\/wp-json\/wp\/v2\/media\/7164"}],"wp:attachment":[{"href":"https:\/\/www.anovapeneira.gal\/index.php\/wp-json\/wp\/v2\/media?parent=7163"}],"wp:term":[{"taxonomy":"category","embeddable":true,"href":"https:\/\/www.anovapeneira.gal\/index.php\/wp-json\/wp\/v2\/categories?post=7163"},{"taxonomy":"post_tag","embeddable":true,"href":"https:\/\/www.anovapeneira.gal\/index.php\/wp-json\/wp\/v2\/tags?post=7163"}],"curies":[{"name":"wp","href":"https:\/\/api.w.org\/{rel}","templated":true}]}}