{"id":7166,"date":"2022-03-24T12:00:06","date_gmt":"2022-03-24T11:00:06","guid":{"rendered":"https:\/\/www.anovapeneira.gal\/?p=7166"},"modified":"2022-03-21T12:27:32","modified_gmt":"2022-03-21T11:27:32","slug":"carlos-parada-inmobiliaria-traviesas-de-salceda","status":"publish","type":"post","link":"https:\/\/www.anovapeneira.gal\/index.php\/2022\/03\/24\/carlos-parada-inmobiliaria-traviesas-de-salceda\/","title":{"rendered":"Carlos Parada Inmobiliaria Traviesas de Salceda"},"content":{"rendered":"\n<p><strong>Carlos, al\u00e9n de ser un tipo amable e cordial co que sempre \u00e9 un pracer conversar, \u00e9 un veci\u00f1o do meu barrio, as Travesas de Vigo, ao que os cami\u00f1os da vida me fixeron co\u00f1ecer polas terras da Louri\u00f1a. El leva 40 anos de experiencia no sector inmobiliario. O seu negocio, Inmobiliaria Traviesas, naceu en Vigo hai 4 d\u00e9cadas e desde os \u00faltimos 15 anos desenvolve a s\u00faa actividade na vila de Salceda. Para co\u00f1ecer o estado do sector conversamos con Carlos, un home que ten o mercado inmobiliario da provincia de Pontevedra dentro da s\u00faa cabeza,<\/strong><\/p>\n\n\n\n<p>\u201c <strong>A satisfacci\u00f3n dos clientes ao longo de tantos anos de traballo \u00e9 a nosa mellor publicidade\u201d<\/strong><\/p>\n\n\n\n<p><strong>Eu son de Vigo, en concreto do barrio das Travesas, e creo que este negocio ten bastante que ver co meu barrio natal verdade Carlos?<\/strong><\/p>\n\n\n\n<blockquote class=\"wp-block-quote is-layout-flow wp-block-quote-is-layout-flow\"><p>Pois si. Eu maila que nac\u00edn na provincia de Lugo, en concreto na Poboa de Broll\u00f3n levo xa moitos anos, medio s\u00e9culo, vivindo en Vigo, en concreto no mesmo barrio que ti naciches, e a mi\u00f1a empresa ten o nome do meu barrio, un lugar co que me sinto moi vencellado emocionalmente.<\/p><\/blockquote>\n\n\n\n<p><strong>E que fai un se\u00f1or do Val de Fragoso polas terras do Val da Louri\u00f1a?<\/strong><\/p>\n\n\n\n<blockquote class=\"wp-block-quote is-layout-flow wp-block-quote-is-layout-flow\"><p>A inmobiliaria abrina en Vigo hai 40 anos e nos \u00faltimos 15 estou por estas terras, de feito case me sinto un veci\u00f1o de Salceda m\u00e1is. Como pasa tant\u00edsimas veces, na historia dos pequenos negocios, vinme motivado polas circunstancias econ\u00f3micas. Naquel momento os prezos do mercado inmobiliario na zona de Vigo estaban disparados, era moi dif\u00edcil para moitas familias acceder \u00e1 vivenda, e decid\u00edn instalarme aqu\u00ed na procura de mellores oportunidades.<\/p><\/blockquote>\n\n\n\n<p><strong>Ti traballaches moitos anos nunha grande empresa de Vigo \u00e1 vez que ti\u00f1as aberta esta inmobiliaria. Como \u00e9 posible combinar eses dous traballos tanto tempo?<\/strong><\/p>\n\n\n\n<blockquote class=\"wp-block-quote is-layout-flow wp-block-quote-is-layout-flow\"><p>Con toda humildade creo que podo dicir que son un home moi traballador. Ademais o mundo inmobiliario sempre me resultou moi atractivo. E na combinaci\u00f3n de ambos factores est\u00e1 a resposta.<\/p><\/blockquote>\n\n\n\n<p><strong>A finais dos anos 90 do pasado s\u00e9culo Salceda o mercado inmobiliario experimentou en Salceda un boom estratosf\u00e9rico , pero ti chegaches un pouco tarde non Carlos?<\/strong><\/p>\n\n\n\n<blockquote class=\"wp-block-quote is-layout-flow wp-block-quote-is-layout-flow\"><p>Si, en efecto cheguei un pouco tarde, pero a\u00ednda coll\u00edn parte desa explosi\u00f3n inmobiliaria.<\/p><\/blockquote>\n\n\n\n<p><strong>Exactamente que servizos ofrece o teu negocio?<\/strong><\/p>\n\n\n\n<blockquote class=\"wp-block-quote is-layout-flow wp-block-quote-is-layout-flow\"><p>Vendemos e alugamos propiedades, tanto vivendas para residencias como baixos para locais comerciais. Facemos toda a xesti\u00f3n administrativa dos contratos de venda e ou alugueiro. E se \u00e9 necesario tam\u00e9n intervimos na negociaci\u00f3n da hipoteca.<\/p><\/blockquote>\n\n\n\n<p><strong>Que zonas abrangues?<\/strong><\/p>\n\n\n\n<blockquote class=\"wp-block-quote is-layout-flow wp-block-quote-is-layout-flow\"><p>Toda a provincia de Pontevedra. Na oficina est\u00e1 a mi\u00f1a compa\u00f1eira Sandra que \u00e9 unha profesional moi competente cun amplo co\u00f1ecemento do sector. E por outra parte n\u00f3s levamos tanto tempo no mercado que temos unha ampla carteira de clientes .Eles son a nosa mellor publicidade<\/p><\/blockquote>\n\n\n\n<p><strong>Non dubido das virtudes profesionais de Sandra, que seguro que as ten e moitas, pero como fas para co\u00f1ecer o mercado de propiedades \u00e1 venda nun territorio tan amplo como Pontevedra?<\/strong><\/p>\n\n\n\n<blockquote class=\"wp-block-quote is-layout-flow wp-block-quote-is-layout-flow\"><p>Hai que ter unha rede de colaboradores que che informan das novidades que poidan ir xurdindo desde logo.<\/p><\/blockquote>\n\n\n\n<p><strong>Que gama de casas ofrecedes v\u00f3s?<\/strong><\/p>\n\n\n\n<blockquote class=\"wp-block-quote is-layout-flow wp-block-quote-is-layout-flow\"><p>De todo tipo, depende das necesidades que poida ter o cliente<\/p><\/blockquote>\n\n\n\n<p><strong>Cal \u00e9 o perfil m\u00e1is habitual na actualidade?<\/strong><\/p>\n\n\n\n<blockquote class=\"wp-block-quote is-layout-flow wp-block-quote-is-layout-flow\"><p>Eu creo que o cliente humilde.<\/p><\/blockquote>\n\n\n\n<p><strong>O cliente busca m\u00e1is o centro urbano ou o rural?<\/strong><\/p>\n\n\n\n<blockquote class=\"wp-block-quote is-layout-flow wp-block-quote-is-layout-flow\"><p>O cliente no contexto actual busca m\u00e1is a vivenda econ\u00f3mica con independencia da zona na que estea.<\/p><\/blockquote>\n\n\n\n<p><strong>Como est\u00e1 a sa\u00fade do sector no momento presente?<\/strong><\/p>\n\n\n\n<blockquote class=\"wp-block-quote is-layout-flow wp-block-quote-is-layout-flow\"><p>En li\u00f1as xerais eu creo que ten un problema serio consistente na grande cantidade de xente que traballa nel de maneira clandestina. Este \u00e9 un sector no que hai moito pirata. Hai moitos comisionistas que est\u00e1n ser dar de alta que en realidade o \u00fanico que provocan \u00e9 que o cliente pague m\u00e1is do que debe, al\u00e9n dun prexu\u00edzo notable \u00e1s empresas que traballamos cumprindo a legalidade.<\/p><\/blockquote>\n\n\n\n<p><strong>E o prezo da vivenda como est\u00e1 agora mesmo?<\/strong><\/p>\n\n\n\n<blockquote class=\"wp-block-quote is-layout-flow wp-block-quote-is-layout-flow\"><p>Estamos nun momento de suba a consecuencia de que hai moi pouco inmoble no mercado. O que est\u00e1n moi baratos son os prezos dos baixos comerciais<\/p><\/blockquote>\n\n\n\n<p><strong>Ao sector inmobiliario af\u00e9ctalle a morosidade?<\/strong><\/p>\n\n\n\n<blockquote class=\"wp-block-quote is-layout-flow wp-block-quote-is-layout-flow\"><p>N\u00f3s temos alg\u00fans calotes si. Pero non \u00e9 algo moi frecuente<\/p><\/blockquote>\n\n\n\n<p><strong>Ti xa non es un rapaz Carlos, ata cando vas andar por aqu\u00ed?<\/strong><\/p>\n\n\n\n<blockquote class=\"wp-block-quote is-layout-flow wp-block-quote-is-layout-flow\"><p>Ata que me canse. De momento a\u00ednda te\u00f1o ilusi\u00f3n<\/p><\/blockquote>\n\n\n\n<p><strong>E cando canses, Inmobiliaria Traviesas seguir\u00e1?<\/strong><\/p>\n\n\n\n<blockquote class=\"wp-block-quote is-layout-flow wp-block-quote-is-layout-flow\"><p>Eu te\u00f1o a esperanza de que algo que creei eu non desapareza. Agardo encontrar a algu\u00e9n responsable que a queira coller.<\/p><\/blockquote>\n","protected":false},"excerpt":{"rendered":"<div class=\"mh-excerpt\"><p>Carlos, al\u00e9n de ser un tipo amable e cordial co que sempre \u00e9 un pracer conversar, \u00e9 un veci\u00f1o do meu barrio, as Travesas de Vigo, ao que os cami\u00f1os da vida me fixeron co\u00f1ecer polas terras da Louri\u00f1a. El leva 40 anos de experiencia no sector inmobiliario <a class=\"mh-excerpt-more\" href=\"https:\/\/www.anovapeneira.gal\/index.php\/2022\/03\/24\/carlos-parada-inmobiliaria-traviesas-de-salceda\/\" title=\"Carlos Parada Inmobiliaria Traviesas de Salceda\">[&#8230;]<\/a><\/p>\n<\/div>","protected":false},"author":3,"featured_media":7168,"comment_status":"open","ping_status":"open","sticky":false,"template":"","format":"standard","meta":{"_exactmetrics_skip_tracking":false,"_exactmetrics_sitenote_active":false,"_exactmetrics_sitenote_note":"","_exactmetrics_sitenote_category":0,"footnotes":""},"categories":[23,1],"tags":[359],"class_list":{"0":"post-7166","1":"post","2":"type-post","3":"status-publish","4":"format-standard","5":"has-post-thumbnail","7":"category-a-lourina","8":"category-sin-categoria","9":"tag-concello-de-salceda-de-caselas"},"yoast_head":"<!-- This site is optimized with the Yoast SEO plugin v27.5 - https:\/\/yoast.com\/product\/yoast-seo-wordpress\/ -->\n<title>Carlos Parada Inmobiliaria Traviesas de Salceda -<\/title>\n<meta name=\"description\" content=\"Carlos, al\u00e9n de ser un tipo amable e cordial co que sempre \u00e9 un pracer conversar, \u00e9 un veci\u00f1o do meu barrio, as Travesas de Vigo, ao que os cami\u00f1os da vida me fixeron co\u00f1ecer polas terras da Louri\u00f1a. El leva 40 anos de experiencia no sector inmobiliario\" \/>\n<meta name=\"robots\" content=\"index, follow, max-snippet:-1, max-image-preview:large, max-video-preview:-1\" \/>\n<link rel=\"canonical\" href=\"https:\/\/www.anovapeneira.gal\/index.php\/2022\/03\/24\/carlos-parada-inmobiliaria-traviesas-de-salceda\/\" \/>\n<meta property=\"og:locale\" content=\"gl_ES\" \/>\n<meta property=\"og:type\" content=\"article\" \/>\n<meta property=\"og:title\" content=\"Carlos Parada Inmobiliaria Traviesas de Salceda -\" \/>\n<meta property=\"og:description\" content=\"Carlos, al\u00e9n de ser un tipo amable e cordial co que sempre \u00e9 un pracer conversar, \u00e9 un veci\u00f1o do meu barrio, as Travesas de Vigo, ao que os cami\u00f1os da vida me fixeron co\u00f1ecer polas terras da Louri\u00f1a. El leva 40 anos de experiencia no sector inmobiliario\" \/>\n<meta property=\"og:url\" content=\"https:\/\/www.anovapeneira.gal\/index.php\/2022\/03\/24\/carlos-parada-inmobiliaria-traviesas-de-salceda\/\" \/>\n<meta property=\"article:publisher\" content=\"https:\/\/www.facebook.com\/anovapeneira\" \/>\n<meta property=\"article:published_time\" content=\"2022-03-24T11:00:06+00:00\" \/>\n<meta property=\"og:image\" content=\"https:\/\/www.anovapeneira.gal\/wp-content\/uploads\/2022\/03\/carlos_parada_salceda.jpg\" \/>\n\t<meta property=\"og:image:width\" content=\"720\" \/>\n\t<meta property=\"og:image:height\" content=\"432\" \/>\n\t<meta property=\"og:image:type\" content=\"image\/jpeg\" \/>\n<meta name=\"author\" content=\"Redacci\u00f3n A Nova Peneira\" \/>\n<meta name=\"twitter:card\" content=\"summary_large_image\" \/>\n<meta name=\"twitter:creator\" content=\"@APeneira\" \/>\n<meta name=\"twitter:site\" content=\"@APeneira\" \/>\n<meta name=\"twitter:label1\" content=\"Escrito por\" \/>\n\t<meta name=\"twitter:data1\" content=\"Redacci\u00f3n A Nova Peneira\" \/>\n\t<meta name=\"twitter:label2\" content=\"Tempo de lectura\" \/>\n\t<meta name=\"twitter:data2\" content=\"5 minutos\" \/>\n<script type=\"application\/ld+json\" class=\"yoast-schema-graph\">{\"@context\":\"https:\\\/\\\/schema.org\",\"@graph\":[{\"@type\":\"Article\",\"@id\":\"https:\\\/\\\/www.anovapeneira.gal\\\/index.php\\\/2022\\\/03\\\/24\\\/carlos-parada-inmobiliaria-traviesas-de-salceda\\\/#article\",\"isPartOf\":{\"@id\":\"https:\\\/\\\/www.anovapeneira.gal\\\/index.php\\\/2022\\\/03\\\/24\\\/carlos-parada-inmobiliaria-traviesas-de-salceda\\\/\"},\"author\":{\"name\":\"Redacci\u00f3n A Nova Peneira\",\"@id\":\"https:\\\/\\\/www.anovapeneira.gal\\\/#\\\/schema\\\/person\\\/b93e3f8932e3f8da96334607eb6ac6aa\"},\"headline\":\"Carlos Parada Inmobiliaria Traviesas de Salceda\",\"datePublished\":\"2022-03-24T11:00:06+00:00\",\"mainEntityOfPage\":{\"@id\":\"https:\\\/\\\/www.anovapeneira.gal\\\/index.php\\\/2022\\\/03\\\/24\\\/carlos-parada-inmobiliaria-traviesas-de-salceda\\\/\"},\"wordCount\":791,\"commentCount\":0,\"publisher\":{\"@id\":\"https:\\\/\\\/www.anovapeneira.gal\\\/#organization\"},\"image\":{\"@id\":\"https:\\\/\\\/www.anovapeneira.gal\\\/index.php\\\/2022\\\/03\\\/24\\\/carlos-parada-inmobiliaria-traviesas-de-salceda\\\/#primaryimage\"},\"thumbnailUrl\":\"https:\\\/\\\/www.anovapeneira.gal\\\/wp-content\\\/uploads\\\/2022\\\/03\\\/carlos_parada_salceda.jpg\",\"keywords\":[\"Concello de Salceda de Caselas\"],\"articleSection\":[\"A Louri\u00f1a\",\"Sin categor\u00eda\"],\"inLanguage\":\"gl-ES\",\"potentialAction\":[{\"@type\":\"CommentAction\",\"name\":\"Comment\",\"target\":[\"https:\\\/\\\/www.anovapeneira.gal\\\/index.php\\\/2022\\\/03\\\/24\\\/carlos-parada-inmobiliaria-traviesas-de-salceda\\\/#respond\"]}]},{\"@type\":\"WebPage\",\"@id\":\"https:\\\/\\\/www.anovapeneira.gal\\\/index.php\\\/2022\\\/03\\\/24\\\/carlos-parada-inmobiliaria-traviesas-de-salceda\\\/\",\"url\":\"https:\\\/\\\/www.anovapeneira.gal\\\/index.php\\\/2022\\\/03\\\/24\\\/carlos-parada-inmobiliaria-traviesas-de-salceda\\\/\",\"name\":\"Carlos Parada Inmobiliaria Traviesas de Salceda -\",\"isPartOf\":{\"@id\":\"https:\\\/\\\/www.anovapeneira.gal\\\/#website\"},\"primaryImageOfPage\":{\"@id\":\"https:\\\/\\\/www.anovapeneira.gal\\\/index.php\\\/2022\\\/03\\\/24\\\/carlos-parada-inmobiliaria-traviesas-de-salceda\\\/#primaryimage\"},\"image\":{\"@id\":\"https:\\\/\\\/www.anovapeneira.gal\\\/index.php\\\/2022\\\/03\\\/24\\\/carlos-parada-inmobiliaria-traviesas-de-salceda\\\/#primaryimage\"},\"thumbnailUrl\":\"https:\\\/\\\/www.anovapeneira.gal\\\/wp-content\\\/uploads\\\/2022\\\/03\\\/carlos_parada_salceda.jpg\",\"datePublished\":\"2022-03-24T11:00:06+00:00\",\"description\":\"Carlos, al\u00e9n de ser un tipo amable e cordial co que sempre \u00e9 un pracer conversar, \u00e9 un veci\u00f1o do meu barrio, as Travesas de Vigo, ao que os cami\u00f1os da vida me fixeron co\u00f1ecer polas terras da Louri\u00f1a. El leva 40 anos de experiencia no sector inmobiliario\",\"breadcrumb\":{\"@id\":\"https:\\\/\\\/www.anovapeneira.gal\\\/index.php\\\/2022\\\/03\\\/24\\\/carlos-parada-inmobiliaria-traviesas-de-salceda\\\/#breadcrumb\"},\"inLanguage\":\"gl-ES\",\"potentialAction\":[{\"@type\":\"ReadAction\",\"target\":[\"https:\\\/\\\/www.anovapeneira.gal\\\/index.php\\\/2022\\\/03\\\/24\\\/carlos-parada-inmobiliaria-traviesas-de-salceda\\\/\"]}]},{\"@type\":\"ImageObject\",\"inLanguage\":\"gl-ES\",\"@id\":\"https:\\\/\\\/www.anovapeneira.gal\\\/index.php\\\/2022\\\/03\\\/24\\\/carlos-parada-inmobiliaria-traviesas-de-salceda\\\/#primaryimage\",\"url\":\"https:\\\/\\\/www.anovapeneira.gal\\\/wp-content\\\/uploads\\\/2022\\\/03\\\/carlos_parada_salceda.jpg\",\"contentUrl\":\"https:\\\/\\\/www.anovapeneira.gal\\\/wp-content\\\/uploads\\\/2022\\\/03\\\/carlos_parada_salceda.jpg\",\"width\":720,\"height\":432,\"caption\":\"Carlos Parada Inmobiliaria Traviesas de Salceda\"},{\"@type\":\"BreadcrumbList\",\"@id\":\"https:\\\/\\\/www.anovapeneira.gal\\\/index.php\\\/2022\\\/03\\\/24\\\/carlos-parada-inmobiliaria-traviesas-de-salceda\\\/#breadcrumb\",\"itemListElement\":[{\"@type\":\"ListItem\",\"position\":1,\"name\":\"Portada\",\"item\":\"https:\\\/\\\/www.anovapeneira.gal\\\/\"},{\"@type\":\"ListItem\",\"position\":2,\"name\":\"Carlos Parada Inmobiliaria Traviesas de Salceda\"}]},{\"@type\":\"WebSite\",\"@id\":\"https:\\\/\\\/www.anovapeneira.gal\\\/#website\",\"url\":\"https:\\\/\\\/www.anovapeneira.gal\\\/\",\"name\":\"\",\"description\":\"Xornal galego de informaci\u00f3n xeral Publicaci\u00f3n mensual de novas de Galicia e en especial dos Concellos da sur da provincia de Pontevedra.\",\"publisher\":{\"@id\":\"https:\\\/\\\/www.anovapeneira.gal\\\/#organization\"},\"potentialAction\":[{\"@type\":\"SearchAction\",\"target\":{\"@type\":\"EntryPoint\",\"urlTemplate\":\"https:\\\/\\\/www.anovapeneira.gal\\\/?s={search_term_string}\"},\"query-input\":{\"@type\":\"PropertyValueSpecification\",\"valueRequired\":true,\"valueName\":\"search_term_string\"}}],\"inLanguage\":\"gl-ES\"},{\"@type\":\"Organization\",\"@id\":\"https:\\\/\\\/www.anovapeneira.gal\\\/#organization\",\"name\":\"A Nova Peneira\",\"url\":\"https:\\\/\\\/www.anovapeneira.gal\\\/\",\"logo\":{\"@type\":\"ImageObject\",\"inLanguage\":\"gl-ES\",\"@id\":\"https:\\\/\\\/www.anovapeneira.gal\\\/#\\\/schema\\\/logo\\\/image\\\/\",\"url\":\"http:\\\/\\\/www.anovapeneira.gal\\\/wp-content\\\/uploads\\\/2019\\\/06\\\/logo_a_nova_peneira_portal_web.png\",\"contentUrl\":\"http:\\\/\\\/www.anovapeneira.gal\\\/wp-content\\\/uploads\\\/2019\\\/06\\\/logo_a_nova_peneira_portal_web.png\",\"width\":300,\"height\":100,\"caption\":\"A Nova Peneira\"},\"image\":{\"@id\":\"https:\\\/\\\/www.anovapeneira.gal\\\/#\\\/schema\\\/logo\\\/image\\\/\"},\"sameAs\":[\"https:\\\/\\\/www.facebook.com\\\/anovapeneira\",\"https:\\\/\\\/x.com\\\/APeneira\"]},{\"@type\":\"Person\",\"@id\":\"https:\\\/\\\/www.anovapeneira.gal\\\/#\\\/schema\\\/person\\\/b93e3f8932e3f8da96334607eb6ac6aa\",\"name\":\"Redacci\u00f3n A Nova Peneira\",\"image\":{\"@type\":\"ImageObject\",\"inLanguage\":\"gl-ES\",\"@id\":\"https:\\\/\\\/secure.gravatar.com\\\/avatar\\\/c052a2551a06e23fac63626232eaa90abd78dbcf1700fc46a2b2c89fd27b735f?s=96&d=mm&r=g\",\"url\":\"https:\\\/\\\/secure.gravatar.com\\\/avatar\\\/c052a2551a06e23fac63626232eaa90abd78dbcf1700fc46a2b2c89fd27b735f?s=96&d=mm&r=g\",\"contentUrl\":\"https:\\\/\\\/secure.gravatar.com\\\/avatar\\\/c052a2551a06e23fac63626232eaa90abd78dbcf1700fc46a2b2c89fd27b735f?s=96&d=mm&r=g\",\"caption\":\"Redacci\u00f3n A Nova Peneira\"},\"sameAs\":[\"http:\\\/\\\/www.anovapeneira.gal\\\/\"],\"url\":\"https:\\\/\\\/www.anovapeneira.gal\\\/index.php\\\/author\\\/redactor\\\/\"}]}<\/script>\n<!-- \/ Yoast SEO plugin. -->","yoast_head_json":{"title":"Carlos Parada Inmobiliaria Traviesas de Salceda -","description":"Carlos, al\u00e9n de ser un tipo amable e cordial co que sempre \u00e9 un pracer conversar, \u00e9 un veci\u00f1o do meu barrio, as Travesas de Vigo, ao que os cami\u00f1os da vida me fixeron co\u00f1ecer polas terras da Louri\u00f1a. El leva 40 anos de experiencia no sector inmobiliario","robots":{"index":"index","follow":"follow","max-snippet":"max-snippet:-1","max-image-preview":"max-image-preview:large","max-video-preview":"max-video-preview:-1"},"canonical":"https:\/\/www.anovapeneira.gal\/index.php\/2022\/03\/24\/carlos-parada-inmobiliaria-traviesas-de-salceda\/","og_locale":"gl_ES","og_type":"article","og_title":"Carlos Parada Inmobiliaria Traviesas de Salceda -","og_description":"Carlos, al\u00e9n de ser un tipo amable e cordial co que sempre \u00e9 un pracer conversar, \u00e9 un veci\u00f1o do meu barrio, as Travesas de Vigo, ao que os cami\u00f1os da vida me fixeron co\u00f1ecer polas terras da Louri\u00f1a. El leva 40 anos de experiencia no sector inmobiliario","og_url":"https:\/\/www.anovapeneira.gal\/index.php\/2022\/03\/24\/carlos-parada-inmobiliaria-traviesas-de-salceda\/","article_publisher":"https:\/\/www.facebook.com\/anovapeneira","article_published_time":"2022-03-24T11:00:06+00:00","og_image":[{"width":720,"height":432,"url":"https:\/\/www.anovapeneira.gal\/wp-content\/uploads\/2022\/03\/carlos_parada_salceda.jpg","type":"image\/jpeg"}],"author":"Redacci\u00f3n A Nova Peneira","twitter_card":"summary_large_image","twitter_creator":"@APeneira","twitter_site":"@APeneira","twitter_misc":{"Escrito por":"Redacci\u00f3n A Nova Peneira","Tempo de lectura":"5 minutos"},"schema":{"@context":"https:\/\/schema.org","@graph":[{"@type":"Article","@id":"https:\/\/www.anovapeneira.gal\/index.php\/2022\/03\/24\/carlos-parada-inmobiliaria-traviesas-de-salceda\/#article","isPartOf":{"@id":"https:\/\/www.anovapeneira.gal\/index.php\/2022\/03\/24\/carlos-parada-inmobiliaria-traviesas-de-salceda\/"},"author":{"name":"Redacci\u00f3n A Nova Peneira","@id":"https:\/\/www.anovapeneira.gal\/#\/schema\/person\/b93e3f8932e3f8da96334607eb6ac6aa"},"headline":"Carlos Parada Inmobiliaria Traviesas de Salceda","datePublished":"2022-03-24T11:00:06+00:00","mainEntityOfPage":{"@id":"https:\/\/www.anovapeneira.gal\/index.php\/2022\/03\/24\/carlos-parada-inmobiliaria-traviesas-de-salceda\/"},"wordCount":791,"commentCount":0,"publisher":{"@id":"https:\/\/www.anovapeneira.gal\/#organization"},"image":{"@id":"https:\/\/www.anovapeneira.gal\/index.php\/2022\/03\/24\/carlos-parada-inmobiliaria-traviesas-de-salceda\/#primaryimage"},"thumbnailUrl":"https:\/\/www.anovapeneira.gal\/wp-content\/uploads\/2022\/03\/carlos_parada_salceda.jpg","keywords":["Concello de Salceda de Caselas"],"articleSection":["A Louri\u00f1a","Sin categor\u00eda"],"inLanguage":"gl-ES","potentialAction":[{"@type":"CommentAction","name":"Comment","target":["https:\/\/www.anovapeneira.gal\/index.php\/2022\/03\/24\/carlos-parada-inmobiliaria-traviesas-de-salceda\/#respond"]}]},{"@type":"WebPage","@id":"https:\/\/www.anovapeneira.gal\/index.php\/2022\/03\/24\/carlos-parada-inmobiliaria-traviesas-de-salceda\/","url":"https:\/\/www.anovapeneira.gal\/index.php\/2022\/03\/24\/carlos-parada-inmobiliaria-traviesas-de-salceda\/","name":"Carlos Parada Inmobiliaria Traviesas de Salceda -","isPartOf":{"@id":"https:\/\/www.anovapeneira.gal\/#website"},"primaryImageOfPage":{"@id":"https:\/\/www.anovapeneira.gal\/index.php\/2022\/03\/24\/carlos-parada-inmobiliaria-traviesas-de-salceda\/#primaryimage"},"image":{"@id":"https:\/\/www.anovapeneira.gal\/index.php\/2022\/03\/24\/carlos-parada-inmobiliaria-traviesas-de-salceda\/#primaryimage"},"thumbnailUrl":"https:\/\/www.anovapeneira.gal\/wp-content\/uploads\/2022\/03\/carlos_parada_salceda.jpg","datePublished":"2022-03-24T11:00:06+00:00","description":"Carlos, al\u00e9n de ser un tipo amable e cordial co que sempre \u00e9 un pracer conversar, \u00e9 un veci\u00f1o do meu barrio, as Travesas de Vigo, ao que os cami\u00f1os da vida me fixeron co\u00f1ecer polas terras da Louri\u00f1a. El leva 40 anos de experiencia no sector inmobiliario","breadcrumb":{"@id":"https:\/\/www.anovapeneira.gal\/index.php\/2022\/03\/24\/carlos-parada-inmobiliaria-traviesas-de-salceda\/#breadcrumb"},"inLanguage":"gl-ES","potentialAction":[{"@type":"ReadAction","target":["https:\/\/www.anovapeneira.gal\/index.php\/2022\/03\/24\/carlos-parada-inmobiliaria-traviesas-de-salceda\/"]}]},{"@type":"ImageObject","inLanguage":"gl-ES","@id":"https:\/\/www.anovapeneira.gal\/index.php\/2022\/03\/24\/carlos-parada-inmobiliaria-traviesas-de-salceda\/#primaryimage","url":"https:\/\/www.anovapeneira.gal\/wp-content\/uploads\/2022\/03\/carlos_parada_salceda.jpg","contentUrl":"https:\/\/www.anovapeneira.gal\/wp-content\/uploads\/2022\/03\/carlos_parada_salceda.jpg","width":720,"height":432,"caption":"Carlos Parada Inmobiliaria Traviesas de Salceda"},{"@type":"BreadcrumbList","@id":"https:\/\/www.anovapeneira.gal\/index.php\/2022\/03\/24\/carlos-parada-inmobiliaria-traviesas-de-salceda\/#breadcrumb","itemListElement":[{"@type":"ListItem","position":1,"name":"Portada","item":"https:\/\/www.anovapeneira.gal\/"},{"@type":"ListItem","position":2,"name":"Carlos Parada Inmobiliaria Traviesas de Salceda"}]},{"@type":"WebSite","@id":"https:\/\/www.anovapeneira.gal\/#website","url":"https:\/\/www.anovapeneira.gal\/","name":"","description":"Xornal galego de informaci\u00f3n xeral Publicaci\u00f3n mensual de novas de Galicia e en especial dos Concellos da sur da provincia de Pontevedra.","publisher":{"@id":"https:\/\/www.anovapeneira.gal\/#organization"},"potentialAction":[{"@type":"SearchAction","target":{"@type":"EntryPoint","urlTemplate":"https:\/\/www.anovapeneira.gal\/?s={search_term_string}"},"query-input":{"@type":"PropertyValueSpecification","valueRequired":true,"valueName":"search_term_string"}}],"inLanguage":"gl-ES"},{"@type":"Organization","@id":"https:\/\/www.anovapeneira.gal\/#organization","name":"A Nova Peneira","url":"https:\/\/www.anovapeneira.gal\/","logo":{"@type":"ImageObject","inLanguage":"gl-ES","@id":"https:\/\/www.anovapeneira.gal\/#\/schema\/logo\/image\/","url":"http:\/\/www.anovapeneira.gal\/wp-content\/uploads\/2019\/06\/logo_a_nova_peneira_portal_web.png","contentUrl":"http:\/\/www.anovapeneira.gal\/wp-content\/uploads\/2019\/06\/logo_a_nova_peneira_portal_web.png","width":300,"height":100,"caption":"A Nova Peneira"},"image":{"@id":"https:\/\/www.anovapeneira.gal\/#\/schema\/logo\/image\/"},"sameAs":["https:\/\/www.facebook.com\/anovapeneira","https:\/\/x.com\/APeneira"]},{"@type":"Person","@id":"https:\/\/www.anovapeneira.gal\/#\/schema\/person\/b93e3f8932e3f8da96334607eb6ac6aa","name":"Redacci\u00f3n A Nova Peneira","image":{"@type":"ImageObject","inLanguage":"gl-ES","@id":"https:\/\/secure.gravatar.com\/avatar\/c052a2551a06e23fac63626232eaa90abd78dbcf1700fc46a2b2c89fd27b735f?s=96&d=mm&r=g","url":"https:\/\/secure.gravatar.com\/avatar\/c052a2551a06e23fac63626232eaa90abd78dbcf1700fc46a2b2c89fd27b735f?s=96&d=mm&r=g","contentUrl":"https:\/\/secure.gravatar.com\/avatar\/c052a2551a06e23fac63626232eaa90abd78dbcf1700fc46a2b2c89fd27b735f?s=96&d=mm&r=g","caption":"Redacci\u00f3n A Nova Peneira"},"sameAs":["http:\/\/www.anovapeneira.gal\/"],"url":"https:\/\/www.anovapeneira.gal\/index.php\/author\/redactor\/"}]}},"jetpack_featured_media_url":"https:\/\/www.anovapeneira.gal\/wp-content\/uploads\/2022\/03\/carlos_parada_salceda.jpg","_links":{"self":[{"href":"https:\/\/www.anovapeneira.gal\/index.php\/wp-json\/wp\/v2\/posts\/7166","targetHints":{"allow":["GET"]}}],"collection":[{"href":"https:\/\/www.anovapeneira.gal\/index.php\/wp-json\/wp\/v2\/posts"}],"about":[{"href":"https:\/\/www.anovapeneira.gal\/index.php\/wp-json\/wp\/v2\/types\/post"}],"author":[{"embeddable":true,"href":"https:\/\/www.anovapeneira.gal\/index.php\/wp-json\/wp\/v2\/users\/3"}],"replies":[{"embeddable":true,"href":"https:\/\/www.anovapeneira.gal\/index.php\/wp-json\/wp\/v2\/comments?post=7166"}],"version-history":[{"count":2,"href":"https:\/\/www.anovapeneira.gal\/index.php\/wp-json\/wp\/v2\/posts\/7166\/revisions"}],"predecessor-version":[{"id":7170,"href":"https:\/\/www.anovapeneira.gal\/index.php\/wp-json\/wp\/v2\/posts\/7166\/revisions\/7170"}],"wp:featuredmedia":[{"embeddable":true,"href":"https:\/\/www.anovapeneira.gal\/index.php\/wp-json\/wp\/v2\/media\/7168"}],"wp:attachment":[{"href":"https:\/\/www.anovapeneira.gal\/index.php\/wp-json\/wp\/v2\/media?parent=7166"}],"wp:term":[{"taxonomy":"category","embeddable":true,"href":"https:\/\/www.anovapeneira.gal\/index.php\/wp-json\/wp\/v2\/categories?post=7166"},{"taxonomy":"post_tag","embeddable":true,"href":"https:\/\/www.anovapeneira.gal\/index.php\/wp-json\/wp\/v2\/tags?post=7166"}],"curies":[{"name":"wp","href":"https:\/\/api.w.org\/{rel}","templated":true}]}}