{"id":7179,"date":"2022-03-28T10:00:38","date_gmt":"2022-03-28T08:00:38","guid":{"rendered":"https:\/\/www.anovapeneira.gal\/?p=7179"},"modified":"2022-03-21T12:48:21","modified_gmt":"2022-03-21T11:48:21","slug":"loli-castineira-tenenta-de-alcaldesa-de-salceda-de-caselas","status":"publish","type":"post","link":"https:\/\/www.anovapeneira.gal\/index.php\/2022\/03\/28\/loli-castineira-tenenta-de-alcaldesa-de-salceda-de-caselas\/","title":{"rendered":"Loli Casti\u00f1eira. Tenenta de alcaldesa de Salceda de Caselas"},"content":{"rendered":"\n<p>Loli pasar\u00e1 a historia por ser a primeira muller alcaldesa do seu pobo. Agora, conforme ao pacto que asinaron co PSOE, os seus socios de goberno, t\u00f3calle a tenencia de alcald\u00eda. E a pouco m\u00e1is dun ano das vindeiras elecci\u00f3ns n\u00f3s quixemos co\u00f1ecer a s\u00faa visi\u00f3n sobre a realidade pol\u00edtica do seu pobo. Ela reivindica con orgullo a xesti\u00f3n do goberno bipartito e a parte que \u00e9 responsabilidade da s\u00faa formaci\u00f3n pol\u00edtica, Movemento Salceda. Asemade am\u00f3sase moi ilusionada en ser cabeza de cartel nas vindeiras elecci\u00f3ns, e obter a confianza maioritaria dos seus veci\u00f1os e veci\u00f1as.<\/p>\n\n\n\n<h2 class=\"wp-block-heading\">\u201cVou traballar para ga\u00f1ar as elecci\u00f3n do 2.023 , pero ga\u00f1alas de verdade\u201d<\/h2>\n\n\n\n<p><strong>Loli, como se leva iso de pasar de alcaldesa a tenenta de alcaldesa?<\/strong><\/p>\n\n\n\n<blockquote class=\"wp-block-quote is-layout-flow wp-block-quote-is-layout-flow\"><p>Con certa humildade para saber estar no tempo que che toca despois de dar un paso atras. Este foi un proxecto a catro anos onde traballamos en equipo independentemente de quen exerza a alcald\u00eda.<\/p><\/blockquote>\n\n\n\n<p><strong>Custouche emocionalmente dar ese paso?<\/strong><\/p>\n\n\n\n<blockquote class=\"wp-block-quote is-layout-flow wp-block-quote-is-layout-flow\"><p>C\u00fastame adaptarme aos cambios e ao principio foi as\u00ed, pero cando coll\u00edn as rendas das mi\u00f1as novas responsabilidades xa me fixen ao posto e sigo coordinando proxectos que vi\u00f1an da mi\u00f1a primeira etapa no Concello.<\/p><\/blockquote>\n\n\n\n<p><strong>Que \u00e1reas levas agora?<\/strong><\/p>\n\n\n\n<blockquote class=\"wp-block-quote is-layout-flow wp-block-quote-is-layout-flow\"><p>Na alcald\u00eda levaba coordinaci\u00f3n de proxectos, persoal e igualdade, agora a maiores levo v\u00edas e obras tam\u00e9n.<\/p><\/blockquote>\n\n\n\n<p><strong>Cales son as actuaci\u00f3ns m\u00e1is significativas que levas feito nestes \u00faltimos nove meses que levas neste cargo?<\/strong><\/p>\n\n\n\n<blockquote class=\"wp-block-quote is-layout-flow wp-block-quote-is-layout-flow\"><p>A m\u00e1is importante \u00e9 a posibilidade de trasladar todas as necesidades desas xuntanzas que tiven con m\u00e1is de 60 colectivos a p\u00e9 de r\u00faa e poder atender a maior parte delas.<\/p><\/blockquote>\n\n\n\n<p><strong>E cales son as principais necesidades das parroquias de Salceda?<\/strong><\/p>\n\n\n\n<blockquote class=\"wp-block-quote is-layout-flow wp-block-quote-is-layout-flow\"><p>Saneamento, que as v\u00edas estean nun estado decente para garantir a seguridade e cousas m\u00e1is pequenas do d\u00eda a d\u00eda como a recollida de augas\u2026<\/p><\/blockquote>\n\n\n\n<p><strong>Pero moitas destas non se poden atender non?<\/strong><\/p>\n\n\n\n<blockquote class=\"wp-block-quote is-layout-flow wp-block-quote-is-layout-flow\"><p>Creo que o 95% das chamadas da xente si que somos capaces de atendelas.<\/p><\/blockquote>\n\n\n\n<p><strong>Pateas todo o concello de curruncho en curruncho?<\/strong><\/p>\n\n\n\n<blockquote class=\"wp-block-quote is-layout-flow wp-block-quote-is-layout-flow\"><p>De punta a punta. Os luns sempre son revoltos porque hai que expor o traballo de v\u00edas e obras de toda a semana e logo xa me po\u00f1o a visitar os lugares onde se nos chama. \u00c1s 9 da ma\u00f1\u00e1 xa estamos na r\u00faa para poder facelo.<\/p><\/blockquote>\n\n\n\n<p><strong>En que nivel de saneamento est\u00e1n as parroquias de Salceda?<\/strong><\/p>\n\n\n\n<blockquote class=\"wp-block-quote is-layout-flow wp-block-quote-is-layout-flow\"><p>Das sete parroquias, hai d\u00faas que precisan unha actuaci\u00f3n de saneamento xa, Entenza e Soutelo<strong>. <\/strong>Levamos pelexando arreo coa Xunta porque nos te\u00f1en que dar unha axuda dun mill\u00f3n de euros por cada unha das parroquias e a\u00ednda non deron un euro.<\/p><\/blockquote>\n\n\n\n<blockquote class=\"wp-block-quote is-layout-flow wp-block-quote-is-layout-flow\"><p>Do resto das parroquias sobre un 75% te\u00f1en o saneamento completo. En Salceda temos unha poboaci\u00f3n de 9451 persoas das que a metade viven no rural, e \u00e9 fundamental seguir actuando no saneamento das parroquias para que o noso rural te\u00f1a vida. Isto \u00e9 esencial porque no centro non temos parque de vivenda activo, desde o 2007 non temos plan xeral e non se constr\u00fae un s\u00f3 edificio. Agora mesmo non temos capacidade para acoller a m\u00e1is veci\u00f1anza.<\/p><\/blockquote>\n\n\n\n<p><strong>Cando eras alcaldesa coment\u00e1basme que as relaci\u00f3n co PSOE eran \u00f3ptimas e cordiais, agora que es tenenta de alcaldesa est\u00e1s nese mesmo par\u00e1metro?<\/strong><\/p>\n\n\n\n<blockquote class=\"wp-block-quote is-layout-flow wp-block-quote-is-layout-flow\"><p>Somos persoas diferentes e diriximos co noso estilo, pero creo que tanto a mi\u00f1a compa\u00f1eira Ver\u00f3nica coma min temos como obxectivo o traballo pola veci\u00f1anza e imos chegar ao final do mandato con moit\u00edsimo do programa electoral cumprido, en equipo e unidas.<\/p><\/blockquote>\n\n\n\n<p><strong>Sodes catro concelleiros e concelleiras de Movemento Salceda, non?<\/strong><\/p>\n\n\n\n<blockquote class=\"wp-block-quote is-layout-flow wp-block-quote-is-layout-flow\"><p>Si. Alex, Miguel, Luc\u00eda e eu.<\/p><\/blockquote>\n\n\n\n<p><strong>Cales son as \u00e1reas que levan os teus compa\u00f1eiros e compa\u00f1eira?<\/strong><\/p>\n\n\n\n<blockquote class=\"wp-block-quote is-layout-flow wp-block-quote-is-layout-flow\"><p>Levamos a meirande parte do peso do goberno en areas como facenda, que a leva Luc\u00eda; mobilidade, cultura, coordinaci\u00f3n de proxectos, v\u00edas e obras, r\u00e9xime interior, seguridade, festexo, participaci\u00f3n ou patrimonio.<\/p><\/blockquote>\n\n\n\n<p><strong>Faime un resumo das principais actuaci\u00f3ns dos teus compa\u00f1eiros e compa\u00f1eiras de Movemento Salceda.<\/strong><\/p>\n\n\n\n<blockquote class=\"wp-block-quote is-layout-flow wp-block-quote-is-layout-flow\"><p>Na \u00e1rea de mobilidade que leva Miguel, a senda peonil desde o IES Pedras Rubias ata case o centro da vila. Leva saneamento, recollida de fluviais, tra\u00edda veci\u00f1al, e sobre todo, a seguridade para as persoas que a transiten.<\/p><\/blockquote>\n\n\n\n<blockquote class=\"wp-block-quote is-layout-flow wp-block-quote-is-layout-flow\"><p>En coordinaci\u00f3n de proxectos no que dediquei m\u00e1is tempo e estou m\u00e1is orgullosa son o cambio de luminarias no centro da vila por luces Led cun investimento de m\u00e1is de 100.000\u20ac que supuxo un aforro do 50% en electricidade. Temos presentado tam\u00e9n o proxecto de cambio de luminaria nas parroquias e agardamos que nolo concedan . A ampliaci\u00f3n do IES Pedras Rubias, isto \u00e9 fundamental pois nas idades de 0 a 14 a nosa poboaci\u00f3n est\u00e1 1550 nenos e nenas. Estamos no proceso de licitaci\u00f3n da obra de Joaqu\u00edn Fern\u00e1ndez Sestelo para poder dar cumprimento ao plan de mobilidade, esperamos que as obras comecen esta primavera.<\/p><\/blockquote>\n\n\n\n<blockquote class=\"wp-block-quote is-layout-flow wp-block-quote-is-layout-flow\"><p>Na \u00e1rea de persoal, aprobamos a RPT en febreiro e xa estamos a piques de presentar o primeiro convenio laboral que \u00e9 moi importante e necesario para a situaci\u00f3n dos traballadores e traballadoras do Concello .<\/p><\/blockquote>\n\n\n\n<blockquote class=\"wp-block-quote is-layout-flow wp-block-quote-is-layout-flow\"><p>En igualdade, orgullosa de ser a primeira muller alcaldesa, nesta segunda quenda tam\u00e9n hai unha muller alcaldesa, Ver\u00f3nica. Na corporaci\u00f3n a maior\u00eda son mulleres e a sensibilidade \u00e9 diferente. Apostamos por facer pol\u00edticas de igualdade en t\u00f3dalas \u00e1reas.<\/p><\/blockquote>\n\n\n\n<p><strong>Un dos temas recorrentes da oposici\u00f3n do PP \u00e9 a situaci\u00f3n econ\u00f3mica do Concello. Cal \u00e9 a t\u00faa visi\u00f3n da situaci\u00f3n econ\u00f3mica ?<\/strong><\/p>\n\n\n\n<blockquote class=\"wp-block-quote is-layout-flow wp-block-quote-is-layout-flow\"><p>O noso Concello agora mesmo cumpre a regra de gasto, os par\u00e1metros de estabilidade orzamentaria\u2026 As contas est\u00e1n a\u00ed e a s\u00faa diagnose \u00e9 p\u00fablica. O PP pode comprobalo cando queira, a non ser que non se f\u00ede do traballo dos t\u00e9cnicos e t\u00e9cnicas do Concello. O certo \u00e9 que sempre nos acusan de facer un mal uso do orzamento e de estar sistematicamente endebedados e, por outra banda, dunha maneira demag\u00f3xica p\u00eddennos reduci\u00f3n de impostos. Aqu\u00ed tomamos moitas medidas, pero hai outras que non son viables, nin xustas para o Concello<\/p><\/blockquote>\n\n\n\n<p><strong>Dic\u00edame a alcaldesa o mes pasado, sobre o conflito do catastro que o problema deste Concello, a diferenza doutros e que a oposici\u00f3n non estaba sendo leal co goberno, e mencionaba ao PP e ao BNG en concreto. Est\u00e1s de acordo?<\/strong><\/p>\n\n\n\n<blockquote class=\"wp-block-quote is-layout-flow wp-block-quote-is-layout-flow\"><p>En concellos como Bueu, Mos e Porri\u00f1o non tiveron esta oposici\u00f3n, s\u00f3 aqu\u00ed. O curioso \u00e9 que o problema m\u00e1is grave e das fincas que lindan co r\u00edo ou con regatos que en moitos casos non cumpren a distancia m\u00ednima, saben perfectamente que estar\u00edan resoltas si se aprobara este plan xeral do 2016 que curiosamente votaron en contra o PP e o PSOE neste caso tam\u00e9n.<\/p><\/blockquote>\n\n\n\n<p><strong>Antes dic\u00edas que o goberno de Salceda \u00e9 un goberno unido e cohesionado, pero nos gobernos bipartitos sempre hai o problema de que a meirande parte do m\u00e9rito l\u00e9vaa un . Non tes medo de que Movemento Salceda poida perder un pouco da s\u00faa personalidade \u00e1 hora de ser valorado pola veci\u00f1anza?<\/strong><\/p>\n\n\n\n<blockquote class=\"wp-block-quote is-layout-flow wp-block-quote-is-layout-flow\"><p>Eu penso que o contrario. Temos catro concelleiros e concelleiras que estamos a desenvolver un traballo intenso. Non te\u00f1o ese temor. Movemento Salceda \u00e9 un proxecto consolidado e s\u00f3lido que re\u00fane as inquedanzas da esquerda plural que ten claro que o seu traballo ten que ser por e para Salceda. Vi\u00f1emos demostrando que somo quen de dialogar con calquera, sexa da cor que sexa, non somos monicreques de ningu\u00e9n.<\/p><\/blockquote>\n\n\n\n<p><strong>Ti procedes no BNG?<\/strong><\/p>\n\n\n\n<blockquote class=\"wp-block-quote is-layout-flow wp-block-quote-is-layout-flow\"><p>Si.<\/p><\/blockquote>\n\n\n\n<p><strong>Houbo alg\u00fan intento do BNG porque Movemento Salceda sexa a representaci\u00f3n do BNG nas vindeiras elecci\u00f3ns?<\/strong><\/p>\n\n\n\n<blockquote class=\"wp-block-quote is-layout-flow wp-block-quote-is-layout-flow\"><p>Esta \u00e9 a segunda entrevista que te\u00f1o contigo. Na primeira xa che dixen que son unha persoa de di\u00e1logo e aseg\u00faroche que sigo estando na mesma predisposici\u00f3n de dialogar.<\/p><\/blockquote>\n\n\n\n<p><strong>A un ano das elecci\u00f3ns Loli, hai posibilidade de que Movemento Salceda non se presente como tal, sen\u00f3n que se meta dentro do BNG?<\/strong><\/p>\n\n\n\n<blockquote class=\"wp-block-quote is-layout-flow wp-block-quote-is-layout-flow\"><p>Agora mesmo non.<\/p><\/blockquote>\n\n\n\n<p><strong>E dentro dun ano?<\/strong><\/p>\n\n\n\n<blockquote class=\"wp-block-quote is-layout-flow wp-block-quote-is-layout-flow\"><p>A iso non che podo responder.<\/p><\/blockquote>\n\n\n\n<p><strong>Houbo algunha conversa ao respecto?<\/strong><\/p>\n\n\n\n<blockquote class=\"wp-block-quote is-layout-flow wp-block-quote-is-layout-flow\"><p>Si.<\/p><\/blockquote>\n\n\n\n<p><strong>\u00c9 posible que esas conversas cheguen a bo porto?<\/strong><\/p>\n\n\n\n<blockquote class=\"wp-block-quote is-layout-flow wp-block-quote-is-layout-flow\"><p>As propostas que me fagan eu vounas trasladar aos meus compa\u00f1eiros e compa\u00f1eiras de MS e decidiremos democraticamente como non pod\u00eda ser doutra maneira.<\/p><\/blockquote>\n\n\n\n<p><strong>Amio <\/strong><strong>foi un golpe dur\u00edsimo para o nacionalismo, cun divorcio traum\u00e1tico que deixou moitos rancores. Nesa parte de Movemento Salceda que se divorciou do BNG, pasou o resentimento?<\/strong><\/p>\n\n\n\n<blockquote class=\"wp-block-quote is-layout-flow wp-block-quote-is-layout-flow\"><p>Eu creo que si.<\/p><\/blockquote>\n\n\n\n<p><strong>Ti est\u00e1s animada para ser novamente candidata no 2023?<\/strong><\/p>\n\n\n\n<blockquote class=\"wp-block-quote is-layout-flow wp-block-quote-is-layout-flow\"><p>Si. G\u00fastame Salceda, g\u00fastame a pol\u00edtica e te\u00f1o un equipo fant\u00e1stico detr\u00e1s que ten o mesmo sentir ca min. En Movemento Salceda temos un moi bo ambiente e estou moi c\u00f3moda. Sinto a proximidade da xente e estou encantada.<\/p><\/blockquote>\n\n\n\n<p><strong>Cando paseas pola r\u00faa s\u00e9ntelo as\u00ed?<\/strong><\/p>\n\n\n\n<blockquote class=\"wp-block-quote is-layout-flow wp-block-quote-is-layout-flow\"><p>Si. Un mont\u00f3n. Ir polas parroquias e que as xentes te reco\u00f1ezan e o trato tan directo a min apaix\u00f3name.<\/p><\/blockquote>\n\n\n\n<p><strong>Haber\u00e1 posibilidades de recuperar Salceda para Movemento Salceda?<\/strong><\/p>\n\n\n\n<blockquote class=\"wp-block-quote is-layout-flow wp-block-quote-is-layout-flow\"><p>Desde logo eu vou a traballar para que sexa as\u00ed, non te imaxinas canto. No persoal non son unha persoa ambiciosa, pero si que son ambiciosa en equipo e vou traballar para ga\u00f1ar, ga\u00f1ar de verdade.<\/p><\/blockquote>\n","protected":false},"excerpt":{"rendered":"<div class=\"mh-excerpt\"><p>Loli pasar\u00e1 a historia por ser a primeira muller alcaldesa do seu pobo. Agora, conforme ao pacto que asinaron co PSOE, os seus socios de goberno, t\u00f3calle a tenencia de alcald\u00eda. E a pouco m\u00e1is dun ano das vindeiras elecci\u00f3ns n\u00f3s quixemos co\u00f1ecer a s\u00faa visi\u00f3n sobre a realidade pol\u00edtica do seu pobo <a class=\"mh-excerpt-more\" href=\"https:\/\/www.anovapeneira.gal\/index.php\/2022\/03\/28\/loli-castineira-tenenta-de-alcaldesa-de-salceda-de-caselas\/\" title=\"Loli Casti\u00f1eira. Tenenta de alcaldesa de Salceda de Caselas\">[&#8230;]<\/a><\/p>\n<\/div>","protected":false},"author":3,"featured_media":7181,"comment_status":"open","ping_status":"open","sticky":false,"template":"","format":"standard","meta":{"_exactmetrics_skip_tracking":false,"_exactmetrics_sitenote_active":false,"_exactmetrics_sitenote_note":"","_exactmetrics_sitenote_category":0,"footnotes":""},"categories":[265],"tags":[359],"class_list":{"0":"post-7179","1":"post","2":"type-post","3":"status-publish","4":"format-standard","5":"has-post-thumbnail","7":"category-a-lourina-entrevistas","8":"tag-concello-de-salceda-de-caselas"},"yoast_head":"<!-- This site is optimized with the Yoast SEO plugin v27.4 - https:\/\/yoast.com\/product\/yoast-seo-wordpress\/ -->\n<title>Loli Casti\u00f1eira. Tenenta de alcaldesa de Salceda de Caselas -<\/title>\n<meta name=\"description\" content=\"Loli pasar\u00e1 a historia por ser a primeira muller alcaldesa do seu pobo. Agora, conforme ao pacto que asinaron co PSOE, os seus socios de goberno, t\u00f3calle a tenencia de alcald\u00eda. E a pouco m\u00e1is dun ano das vindeiras elecci\u00f3ns n\u00f3s quixemos co\u00f1ecer a s\u00faa visi\u00f3n sobre a realidade pol\u00edtica do seu pobo\" \/>\n<meta name=\"robots\" content=\"index, follow, max-snippet:-1, max-image-preview:large, max-video-preview:-1\" \/>\n<link rel=\"canonical\" href=\"https:\/\/www.anovapeneira.gal\/index.php\/2022\/03\/28\/loli-castineira-tenenta-de-alcaldesa-de-salceda-de-caselas\/\" \/>\n<meta property=\"og:locale\" content=\"gl_ES\" \/>\n<meta property=\"og:type\" content=\"article\" \/>\n<meta property=\"og:title\" content=\"Loli Casti\u00f1eira. Tenenta de alcaldesa de Salceda de Caselas -\" \/>\n<meta property=\"og:description\" content=\"Loli pasar\u00e1 a historia por ser a primeira muller alcaldesa do seu pobo. Agora, conforme ao pacto que asinaron co PSOE, os seus socios de goberno, t\u00f3calle a tenencia de alcald\u00eda. E a pouco m\u00e1is dun ano das vindeiras elecci\u00f3ns n\u00f3s quixemos co\u00f1ecer a s\u00faa visi\u00f3n sobre a realidade pol\u00edtica do seu pobo\" \/>\n<meta property=\"og:url\" content=\"https:\/\/www.anovapeneira.gal\/index.php\/2022\/03\/28\/loli-castineira-tenenta-de-alcaldesa-de-salceda-de-caselas\/\" \/>\n<meta property=\"article:publisher\" content=\"https:\/\/www.facebook.com\/anovapeneira\" \/>\n<meta property=\"article:published_time\" content=\"2022-03-28T08:00:38+00:00\" \/>\n<meta property=\"og:image\" content=\"https:\/\/www.anovapeneira.gal\/wp-content\/uploads\/2022\/03\/loli-castineras-salceda-foto.jpg\" \/>\n\t<meta property=\"og:image:width\" content=\"720\" \/>\n\t<meta property=\"og:image:height\" content=\"432\" \/>\n\t<meta property=\"og:image:type\" content=\"image\/jpeg\" \/>\n<meta name=\"author\" content=\"Redacci\u00f3n A Nova Peneira\" \/>\n<meta name=\"twitter:card\" content=\"summary_large_image\" \/>\n<meta name=\"twitter:creator\" content=\"@APeneira\" \/>\n<meta name=\"twitter:site\" content=\"@APeneira\" \/>\n<meta name=\"twitter:label1\" content=\"Escrito por\" \/>\n\t<meta name=\"twitter:data1\" content=\"Redacci\u00f3n A Nova Peneira\" \/>\n\t<meta name=\"twitter:label2\" content=\"Tempo de lectura\" \/>\n\t<meta name=\"twitter:data2\" content=\"9 minutos\" \/>\n<script type=\"application\/ld+json\" class=\"yoast-schema-graph\">{\"@context\":\"https:\\\/\\\/schema.org\",\"@graph\":[{\"@type\":\"Article\",\"@id\":\"https:\\\/\\\/www.anovapeneira.gal\\\/index.php\\\/2022\\\/03\\\/28\\\/loli-castineira-tenenta-de-alcaldesa-de-salceda-de-caselas\\\/#article\",\"isPartOf\":{\"@id\":\"https:\\\/\\\/www.anovapeneira.gal\\\/index.php\\\/2022\\\/03\\\/28\\\/loli-castineira-tenenta-de-alcaldesa-de-salceda-de-caselas\\\/\"},\"author\":{\"name\":\"Redacci\u00f3n A Nova Peneira\",\"@id\":\"https:\\\/\\\/www.anovapeneira.gal\\\/#\\\/schema\\\/person\\\/b93e3f8932e3f8da96334607eb6ac6aa\"},\"headline\":\"Loli Casti\u00f1eira. Tenenta de alcaldesa de Salceda de Caselas\",\"datePublished\":\"2022-03-28T08:00:38+00:00\",\"mainEntityOfPage\":{\"@id\":\"https:\\\/\\\/www.anovapeneira.gal\\\/index.php\\\/2022\\\/03\\\/28\\\/loli-castineira-tenenta-de-alcaldesa-de-salceda-de-caselas\\\/\"},\"wordCount\":1614,\"commentCount\":0,\"publisher\":{\"@id\":\"https:\\\/\\\/www.anovapeneira.gal\\\/#organization\"},\"image\":{\"@id\":\"https:\\\/\\\/www.anovapeneira.gal\\\/index.php\\\/2022\\\/03\\\/28\\\/loli-castineira-tenenta-de-alcaldesa-de-salceda-de-caselas\\\/#primaryimage\"},\"thumbnailUrl\":\"https:\\\/\\\/www.anovapeneira.gal\\\/wp-content\\\/uploads\\\/2022\\\/03\\\/loli-castineras-salceda-foto.jpg\",\"keywords\":[\"Concello de Salceda de Caselas\"],\"articleSection\":[\"A Louri\u00f1a\"],\"inLanguage\":\"gl-ES\",\"potentialAction\":[{\"@type\":\"CommentAction\",\"name\":\"Comment\",\"target\":[\"https:\\\/\\\/www.anovapeneira.gal\\\/index.php\\\/2022\\\/03\\\/28\\\/loli-castineira-tenenta-de-alcaldesa-de-salceda-de-caselas\\\/#respond\"]}]},{\"@type\":\"WebPage\",\"@id\":\"https:\\\/\\\/www.anovapeneira.gal\\\/index.php\\\/2022\\\/03\\\/28\\\/loli-castineira-tenenta-de-alcaldesa-de-salceda-de-caselas\\\/\",\"url\":\"https:\\\/\\\/www.anovapeneira.gal\\\/index.php\\\/2022\\\/03\\\/28\\\/loli-castineira-tenenta-de-alcaldesa-de-salceda-de-caselas\\\/\",\"name\":\"Loli Casti\u00f1eira. Tenenta de alcaldesa de Salceda de Caselas -\",\"isPartOf\":{\"@id\":\"https:\\\/\\\/www.anovapeneira.gal\\\/#website\"},\"primaryImageOfPage\":{\"@id\":\"https:\\\/\\\/www.anovapeneira.gal\\\/index.php\\\/2022\\\/03\\\/28\\\/loli-castineira-tenenta-de-alcaldesa-de-salceda-de-caselas\\\/#primaryimage\"},\"image\":{\"@id\":\"https:\\\/\\\/www.anovapeneira.gal\\\/index.php\\\/2022\\\/03\\\/28\\\/loli-castineira-tenenta-de-alcaldesa-de-salceda-de-caselas\\\/#primaryimage\"},\"thumbnailUrl\":\"https:\\\/\\\/www.anovapeneira.gal\\\/wp-content\\\/uploads\\\/2022\\\/03\\\/loli-castineras-salceda-foto.jpg\",\"datePublished\":\"2022-03-28T08:00:38+00:00\",\"description\":\"Loli pasar\u00e1 a historia por ser a primeira muller alcaldesa do seu pobo. Agora, conforme ao pacto que asinaron co PSOE, os seus socios de goberno, t\u00f3calle a tenencia de alcald\u00eda. E a pouco m\u00e1is dun ano das vindeiras elecci\u00f3ns n\u00f3s quixemos co\u00f1ecer a s\u00faa visi\u00f3n sobre a realidade pol\u00edtica do seu pobo\",\"breadcrumb\":{\"@id\":\"https:\\\/\\\/www.anovapeneira.gal\\\/index.php\\\/2022\\\/03\\\/28\\\/loli-castineira-tenenta-de-alcaldesa-de-salceda-de-caselas\\\/#breadcrumb\"},\"inLanguage\":\"gl-ES\",\"potentialAction\":[{\"@type\":\"ReadAction\",\"target\":[\"https:\\\/\\\/www.anovapeneira.gal\\\/index.php\\\/2022\\\/03\\\/28\\\/loli-castineira-tenenta-de-alcaldesa-de-salceda-de-caselas\\\/\"]}]},{\"@type\":\"ImageObject\",\"inLanguage\":\"gl-ES\",\"@id\":\"https:\\\/\\\/www.anovapeneira.gal\\\/index.php\\\/2022\\\/03\\\/28\\\/loli-castineira-tenenta-de-alcaldesa-de-salceda-de-caselas\\\/#primaryimage\",\"url\":\"https:\\\/\\\/www.anovapeneira.gal\\\/wp-content\\\/uploads\\\/2022\\\/03\\\/loli-castineras-salceda-foto.jpg\",\"contentUrl\":\"https:\\\/\\\/www.anovapeneira.gal\\\/wp-content\\\/uploads\\\/2022\\\/03\\\/loli-castineras-salceda-foto.jpg\",\"width\":720,\"height\":432,\"caption\":\"Loli Casti\u00f1eira. Tenenta de alcaldesa de Salceda de Caselas\"},{\"@type\":\"BreadcrumbList\",\"@id\":\"https:\\\/\\\/www.anovapeneira.gal\\\/index.php\\\/2022\\\/03\\\/28\\\/loli-castineira-tenenta-de-alcaldesa-de-salceda-de-caselas\\\/#breadcrumb\",\"itemListElement\":[{\"@type\":\"ListItem\",\"position\":1,\"name\":\"Portada\",\"item\":\"https:\\\/\\\/www.anovapeneira.gal\\\/\"},{\"@type\":\"ListItem\",\"position\":2,\"name\":\"Loli Casti\u00f1eira. Tenenta de alcaldesa de Salceda de Caselas\"}]},{\"@type\":\"WebSite\",\"@id\":\"https:\\\/\\\/www.anovapeneira.gal\\\/#website\",\"url\":\"https:\\\/\\\/www.anovapeneira.gal\\\/\",\"name\":\"\",\"description\":\"Xornal galego de informaci\u00f3n xeral Publicaci\u00f3n mensual de novas de Galicia e en especial dos Concellos da sur da provincia de Pontevedra.\",\"publisher\":{\"@id\":\"https:\\\/\\\/www.anovapeneira.gal\\\/#organization\"},\"potentialAction\":[{\"@type\":\"SearchAction\",\"target\":{\"@type\":\"EntryPoint\",\"urlTemplate\":\"https:\\\/\\\/www.anovapeneira.gal\\\/?s={search_term_string}\"},\"query-input\":{\"@type\":\"PropertyValueSpecification\",\"valueRequired\":true,\"valueName\":\"search_term_string\"}}],\"inLanguage\":\"gl-ES\"},{\"@type\":\"Organization\",\"@id\":\"https:\\\/\\\/www.anovapeneira.gal\\\/#organization\",\"name\":\"A Nova Peneira\",\"url\":\"https:\\\/\\\/www.anovapeneira.gal\\\/\",\"logo\":{\"@type\":\"ImageObject\",\"inLanguage\":\"gl-ES\",\"@id\":\"https:\\\/\\\/www.anovapeneira.gal\\\/#\\\/schema\\\/logo\\\/image\\\/\",\"url\":\"http:\\\/\\\/www.anovapeneira.gal\\\/wp-content\\\/uploads\\\/2019\\\/06\\\/logo_a_nova_peneira_portal_web.png\",\"contentUrl\":\"http:\\\/\\\/www.anovapeneira.gal\\\/wp-content\\\/uploads\\\/2019\\\/06\\\/logo_a_nova_peneira_portal_web.png\",\"width\":300,\"height\":100,\"caption\":\"A Nova Peneira\"},\"image\":{\"@id\":\"https:\\\/\\\/www.anovapeneira.gal\\\/#\\\/schema\\\/logo\\\/image\\\/\"},\"sameAs\":[\"https:\\\/\\\/www.facebook.com\\\/anovapeneira\",\"https:\\\/\\\/x.com\\\/APeneira\"]},{\"@type\":\"Person\",\"@id\":\"https:\\\/\\\/www.anovapeneira.gal\\\/#\\\/schema\\\/person\\\/b93e3f8932e3f8da96334607eb6ac6aa\",\"name\":\"Redacci\u00f3n A Nova Peneira\",\"image\":{\"@type\":\"ImageObject\",\"inLanguage\":\"gl-ES\",\"@id\":\"https:\\\/\\\/secure.gravatar.com\\\/avatar\\\/c052a2551a06e23fac63626232eaa90abd78dbcf1700fc46a2b2c89fd27b735f?s=96&d=mm&r=g\",\"url\":\"https:\\\/\\\/secure.gravatar.com\\\/avatar\\\/c052a2551a06e23fac63626232eaa90abd78dbcf1700fc46a2b2c89fd27b735f?s=96&d=mm&r=g\",\"contentUrl\":\"https:\\\/\\\/secure.gravatar.com\\\/avatar\\\/c052a2551a06e23fac63626232eaa90abd78dbcf1700fc46a2b2c89fd27b735f?s=96&d=mm&r=g\",\"caption\":\"Redacci\u00f3n A Nova Peneira\"},\"sameAs\":[\"http:\\\/\\\/www.anovapeneira.gal\\\/\"],\"url\":\"https:\\\/\\\/www.anovapeneira.gal\\\/index.php\\\/author\\\/redactor\\\/\"}]}<\/script>\n<!-- \/ Yoast SEO plugin. -->","yoast_head_json":{"title":"Loli Casti\u00f1eira. Tenenta de alcaldesa de Salceda de Caselas -","description":"Loli pasar\u00e1 a historia por ser a primeira muller alcaldesa do seu pobo. Agora, conforme ao pacto que asinaron co PSOE, os seus socios de goberno, t\u00f3calle a tenencia de alcald\u00eda. E a pouco m\u00e1is dun ano das vindeiras elecci\u00f3ns n\u00f3s quixemos co\u00f1ecer a s\u00faa visi\u00f3n sobre a realidade pol\u00edtica do seu pobo","robots":{"index":"index","follow":"follow","max-snippet":"max-snippet:-1","max-image-preview":"max-image-preview:large","max-video-preview":"max-video-preview:-1"},"canonical":"https:\/\/www.anovapeneira.gal\/index.php\/2022\/03\/28\/loli-castineira-tenenta-de-alcaldesa-de-salceda-de-caselas\/","og_locale":"gl_ES","og_type":"article","og_title":"Loli Casti\u00f1eira. Tenenta de alcaldesa de Salceda de Caselas -","og_description":"Loli pasar\u00e1 a historia por ser a primeira muller alcaldesa do seu pobo. Agora, conforme ao pacto que asinaron co PSOE, os seus socios de goberno, t\u00f3calle a tenencia de alcald\u00eda. E a pouco m\u00e1is dun ano das vindeiras elecci\u00f3ns n\u00f3s quixemos co\u00f1ecer a s\u00faa visi\u00f3n sobre a realidade pol\u00edtica do seu pobo","og_url":"https:\/\/www.anovapeneira.gal\/index.php\/2022\/03\/28\/loli-castineira-tenenta-de-alcaldesa-de-salceda-de-caselas\/","article_publisher":"https:\/\/www.facebook.com\/anovapeneira","article_published_time":"2022-03-28T08:00:38+00:00","og_image":[{"width":720,"height":432,"url":"https:\/\/www.anovapeneira.gal\/wp-content\/uploads\/2022\/03\/loli-castineras-salceda-foto.jpg","type":"image\/jpeg"}],"author":"Redacci\u00f3n A Nova Peneira","twitter_card":"summary_large_image","twitter_creator":"@APeneira","twitter_site":"@APeneira","twitter_misc":{"Escrito por":"Redacci\u00f3n A Nova Peneira","Tempo de lectura":"9 minutos"},"schema":{"@context":"https:\/\/schema.org","@graph":[{"@type":"Article","@id":"https:\/\/www.anovapeneira.gal\/index.php\/2022\/03\/28\/loli-castineira-tenenta-de-alcaldesa-de-salceda-de-caselas\/#article","isPartOf":{"@id":"https:\/\/www.anovapeneira.gal\/index.php\/2022\/03\/28\/loli-castineira-tenenta-de-alcaldesa-de-salceda-de-caselas\/"},"author":{"name":"Redacci\u00f3n A Nova Peneira","@id":"https:\/\/www.anovapeneira.gal\/#\/schema\/person\/b93e3f8932e3f8da96334607eb6ac6aa"},"headline":"Loli Casti\u00f1eira. Tenenta de alcaldesa de Salceda de Caselas","datePublished":"2022-03-28T08:00:38+00:00","mainEntityOfPage":{"@id":"https:\/\/www.anovapeneira.gal\/index.php\/2022\/03\/28\/loli-castineira-tenenta-de-alcaldesa-de-salceda-de-caselas\/"},"wordCount":1614,"commentCount":0,"publisher":{"@id":"https:\/\/www.anovapeneira.gal\/#organization"},"image":{"@id":"https:\/\/www.anovapeneira.gal\/index.php\/2022\/03\/28\/loli-castineira-tenenta-de-alcaldesa-de-salceda-de-caselas\/#primaryimage"},"thumbnailUrl":"https:\/\/www.anovapeneira.gal\/wp-content\/uploads\/2022\/03\/loli-castineras-salceda-foto.jpg","keywords":["Concello de Salceda de Caselas"],"articleSection":["A Louri\u00f1a"],"inLanguage":"gl-ES","potentialAction":[{"@type":"CommentAction","name":"Comment","target":["https:\/\/www.anovapeneira.gal\/index.php\/2022\/03\/28\/loli-castineira-tenenta-de-alcaldesa-de-salceda-de-caselas\/#respond"]}]},{"@type":"WebPage","@id":"https:\/\/www.anovapeneira.gal\/index.php\/2022\/03\/28\/loli-castineira-tenenta-de-alcaldesa-de-salceda-de-caselas\/","url":"https:\/\/www.anovapeneira.gal\/index.php\/2022\/03\/28\/loli-castineira-tenenta-de-alcaldesa-de-salceda-de-caselas\/","name":"Loli Casti\u00f1eira. Tenenta de alcaldesa de Salceda de Caselas -","isPartOf":{"@id":"https:\/\/www.anovapeneira.gal\/#website"},"primaryImageOfPage":{"@id":"https:\/\/www.anovapeneira.gal\/index.php\/2022\/03\/28\/loli-castineira-tenenta-de-alcaldesa-de-salceda-de-caselas\/#primaryimage"},"image":{"@id":"https:\/\/www.anovapeneira.gal\/index.php\/2022\/03\/28\/loli-castineira-tenenta-de-alcaldesa-de-salceda-de-caselas\/#primaryimage"},"thumbnailUrl":"https:\/\/www.anovapeneira.gal\/wp-content\/uploads\/2022\/03\/loli-castineras-salceda-foto.jpg","datePublished":"2022-03-28T08:00:38+00:00","description":"Loli pasar\u00e1 a historia por ser a primeira muller alcaldesa do seu pobo. Agora, conforme ao pacto que asinaron co PSOE, os seus socios de goberno, t\u00f3calle a tenencia de alcald\u00eda. E a pouco m\u00e1is dun ano das vindeiras elecci\u00f3ns n\u00f3s quixemos co\u00f1ecer a s\u00faa visi\u00f3n sobre a realidade pol\u00edtica do seu pobo","breadcrumb":{"@id":"https:\/\/www.anovapeneira.gal\/index.php\/2022\/03\/28\/loli-castineira-tenenta-de-alcaldesa-de-salceda-de-caselas\/#breadcrumb"},"inLanguage":"gl-ES","potentialAction":[{"@type":"ReadAction","target":["https:\/\/www.anovapeneira.gal\/index.php\/2022\/03\/28\/loli-castineira-tenenta-de-alcaldesa-de-salceda-de-caselas\/"]}]},{"@type":"ImageObject","inLanguage":"gl-ES","@id":"https:\/\/www.anovapeneira.gal\/index.php\/2022\/03\/28\/loli-castineira-tenenta-de-alcaldesa-de-salceda-de-caselas\/#primaryimage","url":"https:\/\/www.anovapeneira.gal\/wp-content\/uploads\/2022\/03\/loli-castineras-salceda-foto.jpg","contentUrl":"https:\/\/www.anovapeneira.gal\/wp-content\/uploads\/2022\/03\/loli-castineras-salceda-foto.jpg","width":720,"height":432,"caption":"Loli Casti\u00f1eira. Tenenta de alcaldesa de Salceda de Caselas"},{"@type":"BreadcrumbList","@id":"https:\/\/www.anovapeneira.gal\/index.php\/2022\/03\/28\/loli-castineira-tenenta-de-alcaldesa-de-salceda-de-caselas\/#breadcrumb","itemListElement":[{"@type":"ListItem","position":1,"name":"Portada","item":"https:\/\/www.anovapeneira.gal\/"},{"@type":"ListItem","position":2,"name":"Loli Casti\u00f1eira. Tenenta de alcaldesa de Salceda de Caselas"}]},{"@type":"WebSite","@id":"https:\/\/www.anovapeneira.gal\/#website","url":"https:\/\/www.anovapeneira.gal\/","name":"","description":"Xornal galego de informaci\u00f3n xeral Publicaci\u00f3n mensual de novas de Galicia e en especial dos Concellos da sur da provincia de Pontevedra.","publisher":{"@id":"https:\/\/www.anovapeneira.gal\/#organization"},"potentialAction":[{"@type":"SearchAction","target":{"@type":"EntryPoint","urlTemplate":"https:\/\/www.anovapeneira.gal\/?s={search_term_string}"},"query-input":{"@type":"PropertyValueSpecification","valueRequired":true,"valueName":"search_term_string"}}],"inLanguage":"gl-ES"},{"@type":"Organization","@id":"https:\/\/www.anovapeneira.gal\/#organization","name":"A Nova Peneira","url":"https:\/\/www.anovapeneira.gal\/","logo":{"@type":"ImageObject","inLanguage":"gl-ES","@id":"https:\/\/www.anovapeneira.gal\/#\/schema\/logo\/image\/","url":"http:\/\/www.anovapeneira.gal\/wp-content\/uploads\/2019\/06\/logo_a_nova_peneira_portal_web.png","contentUrl":"http:\/\/www.anovapeneira.gal\/wp-content\/uploads\/2019\/06\/logo_a_nova_peneira_portal_web.png","width":300,"height":100,"caption":"A Nova Peneira"},"image":{"@id":"https:\/\/www.anovapeneira.gal\/#\/schema\/logo\/image\/"},"sameAs":["https:\/\/www.facebook.com\/anovapeneira","https:\/\/x.com\/APeneira"]},{"@type":"Person","@id":"https:\/\/www.anovapeneira.gal\/#\/schema\/person\/b93e3f8932e3f8da96334607eb6ac6aa","name":"Redacci\u00f3n A Nova Peneira","image":{"@type":"ImageObject","inLanguage":"gl-ES","@id":"https:\/\/secure.gravatar.com\/avatar\/c052a2551a06e23fac63626232eaa90abd78dbcf1700fc46a2b2c89fd27b735f?s=96&d=mm&r=g","url":"https:\/\/secure.gravatar.com\/avatar\/c052a2551a06e23fac63626232eaa90abd78dbcf1700fc46a2b2c89fd27b735f?s=96&d=mm&r=g","contentUrl":"https:\/\/secure.gravatar.com\/avatar\/c052a2551a06e23fac63626232eaa90abd78dbcf1700fc46a2b2c89fd27b735f?s=96&d=mm&r=g","caption":"Redacci\u00f3n A Nova Peneira"},"sameAs":["http:\/\/www.anovapeneira.gal\/"],"url":"https:\/\/www.anovapeneira.gal\/index.php\/author\/redactor\/"}]}},"jetpack_featured_media_url":"https:\/\/www.anovapeneira.gal\/wp-content\/uploads\/2022\/03\/loli-castineras-salceda-foto.jpg","_links":{"self":[{"href":"https:\/\/www.anovapeneira.gal\/index.php\/wp-json\/wp\/v2\/posts\/7179","targetHints":{"allow":["GET"]}}],"collection":[{"href":"https:\/\/www.anovapeneira.gal\/index.php\/wp-json\/wp\/v2\/posts"}],"about":[{"href":"https:\/\/www.anovapeneira.gal\/index.php\/wp-json\/wp\/v2\/types\/post"}],"author":[{"embeddable":true,"href":"https:\/\/www.anovapeneira.gal\/index.php\/wp-json\/wp\/v2\/users\/3"}],"replies":[{"embeddable":true,"href":"https:\/\/www.anovapeneira.gal\/index.php\/wp-json\/wp\/v2\/comments?post=7179"}],"version-history":[{"count":2,"href":"https:\/\/www.anovapeneira.gal\/index.php\/wp-json\/wp\/v2\/posts\/7179\/revisions"}],"predecessor-version":[{"id":7182,"href":"https:\/\/www.anovapeneira.gal\/index.php\/wp-json\/wp\/v2\/posts\/7179\/revisions\/7182"}],"wp:featuredmedia":[{"embeddable":true,"href":"https:\/\/www.anovapeneira.gal\/index.php\/wp-json\/wp\/v2\/media\/7181"}],"wp:attachment":[{"href":"https:\/\/www.anovapeneira.gal\/index.php\/wp-json\/wp\/v2\/media?parent=7179"}],"wp:term":[{"taxonomy":"category","embeddable":true,"href":"https:\/\/www.anovapeneira.gal\/index.php\/wp-json\/wp\/v2\/categories?post=7179"},{"taxonomy":"post_tag","embeddable":true,"href":"https:\/\/www.anovapeneira.gal\/index.php\/wp-json\/wp\/v2\/tags?post=7179"}],"curies":[{"name":"wp","href":"https:\/\/api.w.org\/{rel}","templated":true}]}}