{"id":7184,"date":"2022-03-28T12:00:01","date_gmt":"2022-03-28T10:00:01","guid":{"rendered":"https:\/\/www.anovapeneira.gal\/?p=7184"},"modified":"2022-03-23T09:29:40","modified_gmt":"2022-03-23T08:29:40","slug":"arte-para-o-cambio","status":"publish","type":"post","link":"https:\/\/www.anovapeneira.gal\/index.php\/2022\/03\/28\/arte-para-o-cambio\/","title":{"rendered":"Arte para o cambio"},"content":{"rendered":"\n<figure class=\"wp-block-image size-full is-resized\"><img loading=\"lazy\" decoding=\"async\" src=\"https:\/\/www.anovapeneira.gal\/wp-content\/uploads\/2021\/04\/retrato_fernando_miranda.jpg\" alt=\"Fernando Miranda\" class=\"wp-image-5285\" width=\"95\" height=\"115\"\/><figcaption>Fernando Miranda. Libreiro de Bueu<\/figcaption><\/figure>\n\n\n\n<p>\u201cFolerpas de papel caen devagar sobre fachos prendidos\u201d \u00e9 o t\u00edtulo da exposici\u00f3n que ve\u00f1o de volver gozar na Sala Amalia Dom\u00ednguez B\u00faa de Bueu. E digo o de \u201cvolver gozar\u201d porque \u00e9 un evento \u00f3 que fun varias veces (e volverei ir) neste marzo do 2022.<\/p>\n\n\n\n<p>Grazas a indispensable colaboraci\u00f3n do Concello de Bueu, Ramiro Agulla constru\u00edu unha atmosfera nova nun local que volve ser un oasis cultural da nosa vila.<\/p>\n\n\n\n<p>Esta exposici\u00f3n non s\u00f3 \u00e9 un conxunto de esculturas sen\u00f3n que converte este recuncho do meu pobo nun lugar de inescusable visita para calquera amante da arte, onde se combinan a beleza das pezas, a luz, a m\u00fasica e a escenograf\u00eda para convidarnos a reflexionar sobre unha serie de temas actuais que esta marabilla nos transmite.<\/p>\n\n\n\n<p>Se ben me provoca unha enorme satisfacci\u00f3n saber que algo as\u00ed pasa ao meu car\u00f3n non \u00e9, para nada, comparable cos azos que me transmite a esperanza que un evento as\u00ed me provoca. Expl\u00edcome:<\/p>\n\n\n\n<p>Esta exposici\u00f3n est\u00e1 sendo visitada por estudantes de colexios de Bueu (ogall\u00e1 tam\u00e9n ve\u00f1an da contorna) e son eles, coa complicidade do autor, quen crean mil e unha versi\u00f3ns dunha obra aberta \u00e1 interpretaci\u00f3n de quen a visita<\/p>\n\n\n\n<p>Se ben \u00e9 certo que a exposici\u00f3n foi visitada por xente da categor\u00eda art\u00edstica de Xulio Lago e Camilo Cama\u00f1o, (este acompa\u00f1ado pola sobri\u00f1a de Jos\u00e9 Solla) non resulta menos importante que \u201cxente de a p\u00e9\u201d coma un servidor vaia a sala con ganas de volver entrar. Mais creo que o fundamental \u00e9 que o alumnado dun Instituto chegue dunha maneira tan directa \u00e1 arte e que esta lles motive, lles faga pensar. As\u00ed pasou aqu\u00ed, unha representaci\u00f3n de estudantes do IES Johan Carballeira foron presentarlle un proxecto ao Alcalde de Bueu: o ART FOR CHANGE (que deberiades seguir no seu Instagram) e, tras explicarlle a idea que te\u00f1en deste traballo curricular foron convidados polo Concelleiro de Cultura a visitar as \u201cfolerpas\u201d de Ramiro.<\/p>\n\n\n\n<p>Que queredes que vos diga?<\/p>\n\n\n\n<p>Nun momento tan escuro onde temos uns dirixentes tan aterradores que non s\u00f3 son incapaces de evitar unha guerra no suposto mundo civilizado sen\u00f3n que son in\u00fatiles \u00e1 hora de buscar soluci\u00f3ns para os problemas da poboaci\u00f3n.<\/p>\n\n\n\n<p>Nunha \u00e9poca na que esa inutilidade da clase pol\u00edtica s\u00f3 reflicte o paup\u00e9rrimo da condici\u00f3n humana de case todos e cada un de n\u00f3s.<\/p>\n\n\n\n<p>Neste momento, nesta \u00e9poca&#8230; eu te\u00f1o esperanza!<\/p>\n\n\n\n<p>E te\u00f1o esperanza grazas ao alumnado do Johan Carballeira que, xunto a marabillosas e marabillosos docentes, son capaces de pensar nun cambio deste mundo, e de loitar por el. E fano a trav\u00e9s da arte!<\/p>\n\n\n\n<p>Desde unha pequena vila como Bueu son capaces de conectar con centros de Portugal, Francia, Irlanda, Turqu\u00eda, Italia, Estonia e Lituania e procurar que o seu futuro, o futuro do Planeta, sexa mellor que o que n\u00f3s lle queremos deixar.<\/p>\n\n\n\n<p>Elas, eles, son capaces de coller esas FOLERPAS QUE CAEN DEVAGAR e facer que eses FACHOS PRENDIDOS sexan os que alumeen a s\u00faa presenza na vida.<\/p>\n\n\n\n<p>GRAZAS por deixarme seguir tendo esperanza na Humanidade.<\/p>\n","protected":false},"excerpt":{"rendered":"<div class=\"mh-excerpt\"><p>\u201cFolerpas de papel caen devagar sobre fachos prendidos\u201d \u00e9 o t\u00edtulo da exposici\u00f3n que ve\u00f1o de volver gozar na Sala Amalia Dom\u00ednguez B\u00faa de Bueu. E digo o de \u201cvolver gozar\u201d porque \u00e9 un evento \u00f3 que fun varias veces (e volverei ir) neste marzo do 2022 <a class=\"mh-excerpt-more\" href=\"https:\/\/www.anovapeneira.gal\/index.php\/2022\/03\/28\/arte-para-o-cambio\/\" title=\"Arte para o cambio\">[&#8230;]<\/a><\/p>\n<\/div>","protected":false},"author":38,"featured_media":584,"comment_status":"open","ping_status":"open","sticky":false,"template":"","format":"standard","meta":{"_exactmetrics_skip_tracking":false,"_exactmetrics_sitenote_active":false,"_exactmetrics_sitenote_note":"","_exactmetrics_sitenote_category":0,"footnotes":""},"categories":[7],"tags":[],"class_list":{"0":"post-7184","1":"post","2":"type-post","3":"status-publish","4":"format-standard","5":"has-post-thumbnail","7":"category-artigos-de-opinion"},"yoast_head":"<!-- This site is optimized with the Yoast SEO plugin v27.4 - https:\/\/yoast.com\/product\/yoast-seo-wordpress\/ -->\n<title>Arte para o cambio -<\/title>\n<meta name=\"description\" content=\"\u201cFolerpas de papel caen devagar sobre fachos prendidos\u201d \u00e9 o t\u00edtulo da exposici\u00f3n que ve\u00f1o de volver gozar na Sala Amalia Dom\u00ednguez B\u00faa de Bueu. E digo o de \u201cvolver gozar\u201d porque \u00e9 un evento \u00f3 que fun varias veces (e volverei ir) neste marzo do 2022\" \/>\n<meta name=\"robots\" content=\"index, follow, max-snippet:-1, max-image-preview:large, max-video-preview:-1\" \/>\n<link rel=\"canonical\" href=\"https:\/\/www.anovapeneira.gal\/index.php\/2022\/03\/28\/arte-para-o-cambio\/\" \/>\n<meta property=\"og:locale\" content=\"gl_ES\" \/>\n<meta property=\"og:type\" content=\"article\" \/>\n<meta property=\"og:title\" content=\"Arte para o cambio -\" \/>\n<meta property=\"og:description\" content=\"\u201cFolerpas de papel caen devagar sobre fachos prendidos\u201d \u00e9 o t\u00edtulo da exposici\u00f3n que ve\u00f1o de volver gozar na Sala Amalia Dom\u00ednguez B\u00faa de Bueu. E digo o de \u201cvolver gozar\u201d porque \u00e9 un evento \u00f3 que fun varias veces (e volverei ir) neste marzo do 2022\" \/>\n<meta property=\"og:url\" content=\"https:\/\/www.anovapeneira.gal\/index.php\/2022\/03\/28\/arte-para-o-cambio\/\" \/>\n<meta property=\"article:publisher\" content=\"https:\/\/www.facebook.com\/anovapeneira\" \/>\n<meta property=\"article:published_time\" content=\"2022-03-28T10:00:01+00:00\" \/>\n<meta property=\"og:image\" content=\"https:\/\/www.anovapeneira.gal\/wp-content\/uploads\/2021\/04\/Fernando_Miranda_Libreiro_Bueu.jpg\" \/>\n\t<meta property=\"og:image:width\" content=\"720\" \/>\n\t<meta property=\"og:image:height\" content=\"432\" \/>\n\t<meta property=\"og:image:type\" content=\"image\/jpeg\" \/>\n<meta name=\"author\" content=\"Fernando Miranda Est\u00e9vez\" \/>\n<meta name=\"twitter:card\" content=\"summary_large_image\" \/>\n<meta name=\"twitter:image\" content=\"https:\/\/www.anovapeneira.gal\/wp-content\/uploads\/2021\/04\/Fernando_Miranda_Libreiro_Bueu.jpg\" \/>\n<meta name=\"twitter:creator\" content=\"@APeneira\" \/>\n<meta name=\"twitter:site\" content=\"@APeneira\" \/>\n<meta name=\"twitter:label1\" content=\"Escrito por\" \/>\n\t<meta name=\"twitter:data1\" content=\"Fernando Miranda Est\u00e9vez\" \/>\n\t<meta name=\"twitter:label2\" content=\"Tempo de lectura\" \/>\n\t<meta name=\"twitter:data2\" content=\"3 minutos\" \/>\n<script type=\"application\/ld+json\" class=\"yoast-schema-graph\">{\"@context\":\"https:\\\/\\\/schema.org\",\"@graph\":[{\"@type\":\"Article\",\"@id\":\"https:\\\/\\\/www.anovapeneira.gal\\\/index.php\\\/2022\\\/03\\\/28\\\/arte-para-o-cambio\\\/#article\",\"isPartOf\":{\"@id\":\"https:\\\/\\\/www.anovapeneira.gal\\\/index.php\\\/2022\\\/03\\\/28\\\/arte-para-o-cambio\\\/\"},\"author\":{\"name\":\"Fernando Miranda Est\u00e9vez\",\"@id\":\"https:\\\/\\\/www.anovapeneira.gal\\\/#\\\/schema\\\/person\\\/2e1b05e40bb557c3dc0a175352f7c5db\"},\"headline\":\"Arte para o cambio\",\"datePublished\":\"2022-03-28T10:00:01+00:00\",\"mainEntityOfPage\":{\"@id\":\"https:\\\/\\\/www.anovapeneira.gal\\\/index.php\\\/2022\\\/03\\\/28\\\/arte-para-o-cambio\\\/\"},\"wordCount\":545,\"commentCount\":0,\"publisher\":{\"@id\":\"https:\\\/\\\/www.anovapeneira.gal\\\/#organization\"},\"image\":{\"@id\":\"https:\\\/\\\/www.anovapeneira.gal\\\/index.php\\\/2022\\\/03\\\/28\\\/arte-para-o-cambio\\\/#primaryimage\"},\"thumbnailUrl\":\"https:\\\/\\\/www.anovapeneira.gal\\\/wp-content\\\/uploads\\\/2019\\\/07\\\/ARTIGO_DE_OPINION_A_NOVA_PENEIRA.jpg\",\"articleSection\":[\"Artigos de opini\u00f3n\"],\"inLanguage\":\"gl-ES\",\"potentialAction\":[{\"@type\":\"CommentAction\",\"name\":\"Comment\",\"target\":[\"https:\\\/\\\/www.anovapeneira.gal\\\/index.php\\\/2022\\\/03\\\/28\\\/arte-para-o-cambio\\\/#respond\"]}]},{\"@type\":\"WebPage\",\"@id\":\"https:\\\/\\\/www.anovapeneira.gal\\\/index.php\\\/2022\\\/03\\\/28\\\/arte-para-o-cambio\\\/\",\"url\":\"https:\\\/\\\/www.anovapeneira.gal\\\/index.php\\\/2022\\\/03\\\/28\\\/arte-para-o-cambio\\\/\",\"name\":\"Arte para o cambio -\",\"isPartOf\":{\"@id\":\"https:\\\/\\\/www.anovapeneira.gal\\\/#website\"},\"primaryImageOfPage\":{\"@id\":\"https:\\\/\\\/www.anovapeneira.gal\\\/index.php\\\/2022\\\/03\\\/28\\\/arte-para-o-cambio\\\/#primaryimage\"},\"image\":{\"@id\":\"https:\\\/\\\/www.anovapeneira.gal\\\/index.php\\\/2022\\\/03\\\/28\\\/arte-para-o-cambio\\\/#primaryimage\"},\"thumbnailUrl\":\"https:\\\/\\\/www.anovapeneira.gal\\\/wp-content\\\/uploads\\\/2019\\\/07\\\/ARTIGO_DE_OPINION_A_NOVA_PENEIRA.jpg\",\"datePublished\":\"2022-03-28T10:00:01+00:00\",\"description\":\"\u201cFolerpas de papel caen devagar sobre fachos prendidos\u201d \u00e9 o t\u00edtulo da exposici\u00f3n que ve\u00f1o de volver gozar na Sala Amalia Dom\u00ednguez B\u00faa de Bueu. E digo o de \u201cvolver gozar\u201d porque \u00e9 un evento \u00f3 que fun varias veces (e volverei ir) neste marzo do 2022\",\"breadcrumb\":{\"@id\":\"https:\\\/\\\/www.anovapeneira.gal\\\/index.php\\\/2022\\\/03\\\/28\\\/arte-para-o-cambio\\\/#breadcrumb\"},\"inLanguage\":\"gl-ES\",\"potentialAction\":[{\"@type\":\"ReadAction\",\"target\":[\"https:\\\/\\\/www.anovapeneira.gal\\\/index.php\\\/2022\\\/03\\\/28\\\/arte-para-o-cambio\\\/\"]}]},{\"@type\":\"ImageObject\",\"inLanguage\":\"gl-ES\",\"@id\":\"https:\\\/\\\/www.anovapeneira.gal\\\/index.php\\\/2022\\\/03\\\/28\\\/arte-para-o-cambio\\\/#primaryimage\",\"url\":\"https:\\\/\\\/www.anovapeneira.gal\\\/wp-content\\\/uploads\\\/2019\\\/07\\\/ARTIGO_DE_OPINION_A_NOVA_PENEIRA.jpg\",\"contentUrl\":\"https:\\\/\\\/www.anovapeneira.gal\\\/wp-content\\\/uploads\\\/2019\\\/07\\\/ARTIGO_DE_OPINION_A_NOVA_PENEIRA.jpg\",\"width\":720,\"height\":473,\"caption\":\"Artigo de opini\u00f3n A Nova Peneira\"},{\"@type\":\"BreadcrumbList\",\"@id\":\"https:\\\/\\\/www.anovapeneira.gal\\\/index.php\\\/2022\\\/03\\\/28\\\/arte-para-o-cambio\\\/#breadcrumb\",\"itemListElement\":[{\"@type\":\"ListItem\",\"position\":1,\"name\":\"Portada\",\"item\":\"https:\\\/\\\/www.anovapeneira.gal\\\/\"},{\"@type\":\"ListItem\",\"position\":2,\"name\":\"Arte para o cambio\"}]},{\"@type\":\"WebSite\",\"@id\":\"https:\\\/\\\/www.anovapeneira.gal\\\/#website\",\"url\":\"https:\\\/\\\/www.anovapeneira.gal\\\/\",\"name\":\"\",\"description\":\"Xornal galego de informaci\u00f3n xeral Publicaci\u00f3n mensual de novas de Galicia e en especial dos Concellos da sur da provincia de Pontevedra.\",\"publisher\":{\"@id\":\"https:\\\/\\\/www.anovapeneira.gal\\\/#organization\"},\"potentialAction\":[{\"@type\":\"SearchAction\",\"target\":{\"@type\":\"EntryPoint\",\"urlTemplate\":\"https:\\\/\\\/www.anovapeneira.gal\\\/?s={search_term_string}\"},\"query-input\":{\"@type\":\"PropertyValueSpecification\",\"valueRequired\":true,\"valueName\":\"search_term_string\"}}],\"inLanguage\":\"gl-ES\"},{\"@type\":\"Organization\",\"@id\":\"https:\\\/\\\/www.anovapeneira.gal\\\/#organization\",\"name\":\"A Nova Peneira\",\"url\":\"https:\\\/\\\/www.anovapeneira.gal\\\/\",\"logo\":{\"@type\":\"ImageObject\",\"inLanguage\":\"gl-ES\",\"@id\":\"https:\\\/\\\/www.anovapeneira.gal\\\/#\\\/schema\\\/logo\\\/image\\\/\",\"url\":\"http:\\\/\\\/www.anovapeneira.gal\\\/wp-content\\\/uploads\\\/2019\\\/06\\\/logo_a_nova_peneira_portal_web.png\",\"contentUrl\":\"http:\\\/\\\/www.anovapeneira.gal\\\/wp-content\\\/uploads\\\/2019\\\/06\\\/logo_a_nova_peneira_portal_web.png\",\"width\":300,\"height\":100,\"caption\":\"A Nova Peneira\"},\"image\":{\"@id\":\"https:\\\/\\\/www.anovapeneira.gal\\\/#\\\/schema\\\/logo\\\/image\\\/\"},\"sameAs\":[\"https:\\\/\\\/www.facebook.com\\\/anovapeneira\",\"https:\\\/\\\/x.com\\\/APeneira\"]},{\"@type\":\"Person\",\"@id\":\"https:\\\/\\\/www.anovapeneira.gal\\\/#\\\/schema\\\/person\\\/2e1b05e40bb557c3dc0a175352f7c5db\",\"name\":\"Fernando Miranda Est\u00e9vez\",\"image\":{\"@type\":\"ImageObject\",\"inLanguage\":\"gl-ES\",\"@id\":\"https:\\\/\\\/secure.gravatar.com\\\/avatar\\\/20fcdf350ac9152adc4a2baf08c10ddb3bb475a1881e6915a2a1e7936bd5cc68?s=96&d=mm&r=g\",\"url\":\"https:\\\/\\\/secure.gravatar.com\\\/avatar\\\/20fcdf350ac9152adc4a2baf08c10ddb3bb475a1881e6915a2a1e7936bd5cc68?s=96&d=mm&r=g\",\"contentUrl\":\"https:\\\/\\\/secure.gravatar.com\\\/avatar\\\/20fcdf350ac9152adc4a2baf08c10ddb3bb475a1881e6915a2a1e7936bd5cc68?s=96&d=mm&r=g\",\"caption\":\"Fernando Miranda Est\u00e9vez\"},\"url\":\"https:\\\/\\\/www.anovapeneira.gal\\\/index.php\\\/author\\\/fernandomiranda\\\/\"}]}<\/script>\n<!-- \/ Yoast SEO plugin. -->","yoast_head_json":{"title":"Arte para o cambio -","description":"\u201cFolerpas de papel caen devagar sobre fachos prendidos\u201d \u00e9 o t\u00edtulo da exposici\u00f3n que ve\u00f1o de volver gozar na Sala Amalia Dom\u00ednguez B\u00faa de Bueu. E digo o de \u201cvolver gozar\u201d porque \u00e9 un evento \u00f3 que fun varias veces (e volverei ir) neste marzo do 2022","robots":{"index":"index","follow":"follow","max-snippet":"max-snippet:-1","max-image-preview":"max-image-preview:large","max-video-preview":"max-video-preview:-1"},"canonical":"https:\/\/www.anovapeneira.gal\/index.php\/2022\/03\/28\/arte-para-o-cambio\/","og_locale":"gl_ES","og_type":"article","og_title":"Arte para o cambio -","og_description":"\u201cFolerpas de papel caen devagar sobre fachos prendidos\u201d \u00e9 o t\u00edtulo da exposici\u00f3n que ve\u00f1o de volver gozar na Sala Amalia Dom\u00ednguez B\u00faa de Bueu. E digo o de \u201cvolver gozar\u201d porque \u00e9 un evento \u00f3 que fun varias veces (e volverei ir) neste marzo do 2022","og_url":"https:\/\/www.anovapeneira.gal\/index.php\/2022\/03\/28\/arte-para-o-cambio\/","article_publisher":"https:\/\/www.facebook.com\/anovapeneira","article_published_time":"2022-03-28T10:00:01+00:00","og_image":[{"width":720,"height":432,"url":"https:\/\/www.anovapeneira.gal\/wp-content\/uploads\/2021\/04\/Fernando_Miranda_Libreiro_Bueu.jpg","type":"image\/jpeg"}],"author":"Fernando Miranda Est\u00e9vez","twitter_card":"summary_large_image","twitter_image":"https:\/\/www.anovapeneira.gal\/wp-content\/uploads\/2021\/04\/Fernando_Miranda_Libreiro_Bueu.jpg","twitter_creator":"@APeneira","twitter_site":"@APeneira","twitter_misc":{"Escrito por":"Fernando Miranda Est\u00e9vez","Tempo de lectura":"3 minutos"},"schema":{"@context":"https:\/\/schema.org","@graph":[{"@type":"Article","@id":"https:\/\/www.anovapeneira.gal\/index.php\/2022\/03\/28\/arte-para-o-cambio\/#article","isPartOf":{"@id":"https:\/\/www.anovapeneira.gal\/index.php\/2022\/03\/28\/arte-para-o-cambio\/"},"author":{"name":"Fernando Miranda Est\u00e9vez","@id":"https:\/\/www.anovapeneira.gal\/#\/schema\/person\/2e1b05e40bb557c3dc0a175352f7c5db"},"headline":"Arte para o cambio","datePublished":"2022-03-28T10:00:01+00:00","mainEntityOfPage":{"@id":"https:\/\/www.anovapeneira.gal\/index.php\/2022\/03\/28\/arte-para-o-cambio\/"},"wordCount":545,"commentCount":0,"publisher":{"@id":"https:\/\/www.anovapeneira.gal\/#organization"},"image":{"@id":"https:\/\/www.anovapeneira.gal\/index.php\/2022\/03\/28\/arte-para-o-cambio\/#primaryimage"},"thumbnailUrl":"https:\/\/www.anovapeneira.gal\/wp-content\/uploads\/2019\/07\/ARTIGO_DE_OPINION_A_NOVA_PENEIRA.jpg","articleSection":["Artigos de opini\u00f3n"],"inLanguage":"gl-ES","potentialAction":[{"@type":"CommentAction","name":"Comment","target":["https:\/\/www.anovapeneira.gal\/index.php\/2022\/03\/28\/arte-para-o-cambio\/#respond"]}]},{"@type":"WebPage","@id":"https:\/\/www.anovapeneira.gal\/index.php\/2022\/03\/28\/arte-para-o-cambio\/","url":"https:\/\/www.anovapeneira.gal\/index.php\/2022\/03\/28\/arte-para-o-cambio\/","name":"Arte para o cambio -","isPartOf":{"@id":"https:\/\/www.anovapeneira.gal\/#website"},"primaryImageOfPage":{"@id":"https:\/\/www.anovapeneira.gal\/index.php\/2022\/03\/28\/arte-para-o-cambio\/#primaryimage"},"image":{"@id":"https:\/\/www.anovapeneira.gal\/index.php\/2022\/03\/28\/arte-para-o-cambio\/#primaryimage"},"thumbnailUrl":"https:\/\/www.anovapeneira.gal\/wp-content\/uploads\/2019\/07\/ARTIGO_DE_OPINION_A_NOVA_PENEIRA.jpg","datePublished":"2022-03-28T10:00:01+00:00","description":"\u201cFolerpas de papel caen devagar sobre fachos prendidos\u201d \u00e9 o t\u00edtulo da exposici\u00f3n que ve\u00f1o de volver gozar na Sala Amalia Dom\u00ednguez B\u00faa de Bueu. E digo o de \u201cvolver gozar\u201d porque \u00e9 un evento \u00f3 que fun varias veces (e volverei ir) neste marzo do 2022","breadcrumb":{"@id":"https:\/\/www.anovapeneira.gal\/index.php\/2022\/03\/28\/arte-para-o-cambio\/#breadcrumb"},"inLanguage":"gl-ES","potentialAction":[{"@type":"ReadAction","target":["https:\/\/www.anovapeneira.gal\/index.php\/2022\/03\/28\/arte-para-o-cambio\/"]}]},{"@type":"ImageObject","inLanguage":"gl-ES","@id":"https:\/\/www.anovapeneira.gal\/index.php\/2022\/03\/28\/arte-para-o-cambio\/#primaryimage","url":"https:\/\/www.anovapeneira.gal\/wp-content\/uploads\/2019\/07\/ARTIGO_DE_OPINION_A_NOVA_PENEIRA.jpg","contentUrl":"https:\/\/www.anovapeneira.gal\/wp-content\/uploads\/2019\/07\/ARTIGO_DE_OPINION_A_NOVA_PENEIRA.jpg","width":720,"height":473,"caption":"Artigo de opini\u00f3n A Nova Peneira"},{"@type":"BreadcrumbList","@id":"https:\/\/www.anovapeneira.gal\/index.php\/2022\/03\/28\/arte-para-o-cambio\/#breadcrumb","itemListElement":[{"@type":"ListItem","position":1,"name":"Portada","item":"https:\/\/www.anovapeneira.gal\/"},{"@type":"ListItem","position":2,"name":"Arte para o cambio"}]},{"@type":"WebSite","@id":"https:\/\/www.anovapeneira.gal\/#website","url":"https:\/\/www.anovapeneira.gal\/","name":"","description":"Xornal galego de informaci\u00f3n xeral Publicaci\u00f3n mensual de novas de Galicia e en especial dos Concellos da sur da provincia de Pontevedra.","publisher":{"@id":"https:\/\/www.anovapeneira.gal\/#organization"},"potentialAction":[{"@type":"SearchAction","target":{"@type":"EntryPoint","urlTemplate":"https:\/\/www.anovapeneira.gal\/?s={search_term_string}"},"query-input":{"@type":"PropertyValueSpecification","valueRequired":true,"valueName":"search_term_string"}}],"inLanguage":"gl-ES"},{"@type":"Organization","@id":"https:\/\/www.anovapeneira.gal\/#organization","name":"A Nova Peneira","url":"https:\/\/www.anovapeneira.gal\/","logo":{"@type":"ImageObject","inLanguage":"gl-ES","@id":"https:\/\/www.anovapeneira.gal\/#\/schema\/logo\/image\/","url":"http:\/\/www.anovapeneira.gal\/wp-content\/uploads\/2019\/06\/logo_a_nova_peneira_portal_web.png","contentUrl":"http:\/\/www.anovapeneira.gal\/wp-content\/uploads\/2019\/06\/logo_a_nova_peneira_portal_web.png","width":300,"height":100,"caption":"A Nova Peneira"},"image":{"@id":"https:\/\/www.anovapeneira.gal\/#\/schema\/logo\/image\/"},"sameAs":["https:\/\/www.facebook.com\/anovapeneira","https:\/\/x.com\/APeneira"]},{"@type":"Person","@id":"https:\/\/www.anovapeneira.gal\/#\/schema\/person\/2e1b05e40bb557c3dc0a175352f7c5db","name":"Fernando Miranda Est\u00e9vez","image":{"@type":"ImageObject","inLanguage":"gl-ES","@id":"https:\/\/secure.gravatar.com\/avatar\/20fcdf350ac9152adc4a2baf08c10ddb3bb475a1881e6915a2a1e7936bd5cc68?s=96&d=mm&r=g","url":"https:\/\/secure.gravatar.com\/avatar\/20fcdf350ac9152adc4a2baf08c10ddb3bb475a1881e6915a2a1e7936bd5cc68?s=96&d=mm&r=g","contentUrl":"https:\/\/secure.gravatar.com\/avatar\/20fcdf350ac9152adc4a2baf08c10ddb3bb475a1881e6915a2a1e7936bd5cc68?s=96&d=mm&r=g","caption":"Fernando Miranda Est\u00e9vez"},"url":"https:\/\/www.anovapeneira.gal\/index.php\/author\/fernandomiranda\/"}]}},"jetpack_featured_media_url":"https:\/\/www.anovapeneira.gal\/wp-content\/uploads\/2019\/07\/ARTIGO_DE_OPINION_A_NOVA_PENEIRA.jpg","_links":{"self":[{"href":"https:\/\/www.anovapeneira.gal\/index.php\/wp-json\/wp\/v2\/posts\/7184","targetHints":{"allow":["GET"]}}],"collection":[{"href":"https:\/\/www.anovapeneira.gal\/index.php\/wp-json\/wp\/v2\/posts"}],"about":[{"href":"https:\/\/www.anovapeneira.gal\/index.php\/wp-json\/wp\/v2\/types\/post"}],"author":[{"embeddable":true,"href":"https:\/\/www.anovapeneira.gal\/index.php\/wp-json\/wp\/v2\/users\/38"}],"replies":[{"embeddable":true,"href":"https:\/\/www.anovapeneira.gal\/index.php\/wp-json\/wp\/v2\/comments?post=7184"}],"version-history":[{"count":2,"href":"https:\/\/www.anovapeneira.gal\/index.php\/wp-json\/wp\/v2\/posts\/7184\/revisions"}],"predecessor-version":[{"id":7186,"href":"https:\/\/www.anovapeneira.gal\/index.php\/wp-json\/wp\/v2\/posts\/7184\/revisions\/7186"}],"wp:featuredmedia":[{"embeddable":true,"href":"https:\/\/www.anovapeneira.gal\/index.php\/wp-json\/wp\/v2\/media\/584"}],"wp:attachment":[{"href":"https:\/\/www.anovapeneira.gal\/index.php\/wp-json\/wp\/v2\/media?parent=7184"}],"wp:term":[{"taxonomy":"category","embeddable":true,"href":"https:\/\/www.anovapeneira.gal\/index.php\/wp-json\/wp\/v2\/categories?post=7184"},{"taxonomy":"post_tag","embeddable":true,"href":"https:\/\/www.anovapeneira.gal\/index.php\/wp-json\/wp\/v2\/tags?post=7184"}],"curies":[{"name":"wp","href":"https:\/\/api.w.org\/{rel}","templated":true}]}}