{"id":7229,"date":"2022-04-06T10:00:55","date_gmt":"2022-04-06T08:00:55","guid":{"rendered":"https:\/\/www.anovapeneira.gal\/?p=7229"},"modified":"2022-03-31T10:08:29","modified_gmt":"2022-03-31T08:08:29","slug":"non-ao-neoliberalismo","status":"publish","type":"post","link":"https:\/\/www.anovapeneira.gal\/index.php\/2022\/04\/06\/non-ao-neoliberalismo\/","title":{"rendered":"Non ao neoliberalismo"},"content":{"rendered":"\n<figure class=\"wp-block-image size-full is-resized\"><img loading=\"lazy\" decoding=\"async\" src=\"https:\/\/www.anovapeneira.gal\/wp-content\/uploads\/2022\/03\/celso-posada.jpg\" alt=\"\" class=\"wp-image-7235\" width=\"95\" height=\"115\"\/><figcaption>Celso Posada Fern\u00e1ndez. Diplomado en maxisterio de educaci\u00f3n primaria pola UDC e Activista Social<\/figcaption><\/figure>\n\n\n\n<p><\/p>\n\n\n\n<p>Nestes tempos de Hexemon\u00eda Neoliberal e de auxe da econom\u00eda de mercado todo se mide dende o rasero econ\u00f3mico, as relaci\u00f3ns humanas se mercantilizan e predomina o individualismo salvaxe , o beneficio econ\u00f3mico e as ganancias das grandes trasnacionais por riba da vida humana, dos dereitos humanos, da solidariedade internacionalista, da xustiza social e do medioambiente.<br><br>Predomina a financiarizaci\u00f3n da econom\u00eda, o predominio do mundo das finanzas e o individual sobre o colectivo nun pensamento \u00fanico imposto como se Non Houbera Alternativa.<br><br>As democracias vac\u00edanse de contido, os dereitos quedan reducidos a ser meras mercanc\u00edas e a obxetos de consumo exemplo de sociedade de mercado na que tendr\u00e1n dereitos que poida pagalos, predominando o privado sobre o p\u00fablico.<br><br>Os Estados quedan reducidos a m\u00ednima expresi\u00f3n pra ter menos Estado e M\u00e1is Mercado e pra acabar co papel regulador dos estados pra contribuir a acabar coas desigualdades sociais.<br><br>O obxetivo e pasar dunha econom\u00eda de mercado a unha sociedade de mercado onde se privatizan salvaxemente os servizos p\u00fablicos , o poder pol\u00edtico est\u00e1 subordinado o poder econ\u00f3mico, mandan as grandes trasnacionais e quenes non se presentan as elecci\u00f3ns democr\u00e1ticas(grandes empresas, oligarqu\u00edas financieiras, \u00e9lites econ\u00f3micas) , a cidadan\u00eda e os dereitos son percibidos como meras mercanc\u00edas intercambiables, as organizaci\u00f3ns pol\u00edticas socialdem\u00f3cratas ou supostamente de esquerdas non son tales se han convertido en productos de consumo e de m\u00e1rketing e han derivado en social liberalismo, os medios de comunicaci\u00f3n son meros altavoces e correas de transmisi\u00f3n<br>dos intereses da banca, das grandes empresas e das \u00e9lites financieiras e interesa conformar unha cidadan\u00eda ap\u00e1tica, manipul\u00e1bel, insolidaria, consumista e empresaria de si mesma e competindo continuamente e constantemente entre ela nun salvaxe darwinismo social.<br><br>Unha Sociedade Neoliberal baseada nunha econom\u00eda de mercado precisa conformar persoas neoliberais, profundamente individualistas,capitalistas consumistas, mercantilistas, utilitaristas, narcisistas, egoc\u00e9ntricas caldo de cultivo dun perigoso fascismo social.<br><br>O Neoliberalismo non \u00e9 so un proxecto econ\u00f3mico senon cultural, pol\u00edtico, social o servizo dos intereses de clase dunha minor\u00eda privilexiada ( Loita de Clases) senon que \u00e9 tam\u00e9n un proxecto profundamente imperialista pra facer impo\u0148er os intereses econ\u00f3micos, xeoestrat\u00e9xicos, pol\u00edticos, medi\u00e1ticos, militares, empresariais e de clase dunhas naci\u00f3ns sobre outras e pra someter non so a unha clase social sobre outra senon unhas naci\u00f3ns sobre outras( imperialismo puro e duro).<br><br>O Neoliberalismo ha colonizado todo dende as mentes ata todos os lugares de socializaci\u00f3n , se ha convertido nun sentido com\u00fan nun mundo onde cada d\u00eda increm\u00e9ntanse m\u00e1is e m\u00e1is as desigualdades sociais por decisi\u00f3ns pol\u00edticas e o poder e a riqueza conc\u00e9ntranse cada vez en menos manos.<br><br>O Neoliberalismo que \u00e9 a ideolox\u00eda do Capital extende os seus tent\u00e1culos non so a intelectuais org\u00e1nicos o seu servizo( xornalistas, tertulianos, dirixentes pol\u00edticos) senon tam\u00e9n os medios de comunicaci\u00f3n de masas, a universidade, as escolas, as instituci\u00f3ns p\u00fablicas, as administraci\u00f3ns, as organizaci\u00f3ns pol\u00edticas supostamente de esquerdas( exemplo os partidos socialdem\u00f3cratas), as organizaci\u00f3ns sindicais supostamente de clase traballadora, a prensa escrita, programas de TV, da radio, xornais, revistas, redes sociais.<br><br>Fronte ao neoliberalismo form\u00e9monos cultural, sindical e pol\u00edticamente, organiz\u00e9monos dende a sociedade civil, nos movimentos sociales, no movimento feminista, ecoloxista, nas asociaci\u00f3ns veci\u00f1ais, culturais, estudant\u00eds, nas plataformas cidad\u00e1ns na defensa do Ensino e a Sanidade P\u00fablica, nas PAHS , en Stop Desafiuzamentos, nas plataformas de pensionistas, nas organizaci\u00f3ns pol\u00edticas de esquerdas ( UPG, BNG, etc) nos sindicatos de clase( CIG, etc), nas radios libres e comunitarias, nos centros sociais , etc.<br><br>Nos van os nosos dereitos e as nosas vidas en elo xa que Morremos cando gardamos silencio fronte as inxustizas.<br><br>Forza, Adiante e A loita \u00e9 o \u00fanico cami\u00f1o. Merecer o desprezo e o odio dos que rouban e envenenan o pobo ser\u00e1 a maior das nosas honras.<\/p>\n","protected":false},"excerpt":{"rendered":"<div class=\"mh-excerpt\"><p>asero econ\u00f3mico, as relaci\u00f3ns humanas se mercantilizan e predomina o individualismo salvaxe , o beneficio econ\u00f3mico e as ganancias das grandes trasnacionais por riba da vida humana, dos dereitos humanos, da solidariedade internacionalista, da xustiza social e do medioambiente. <a class=\"mh-excerpt-more\" href=\"https:\/\/www.anovapeneira.gal\/index.php\/2022\/04\/06\/non-ao-neoliberalismo\/\" title=\"Non ao neoliberalismo\">[&#8230;]<\/a><\/p>\n<\/div>","protected":false},"author":12,"featured_media":584,"comment_status":"open","ping_status":"open","sticky":false,"template":"","format":"standard","meta":{"_exactmetrics_skip_tracking":false,"_exactmetrics_sitenote_active":false,"_exactmetrics_sitenote_note":"","_exactmetrics_sitenote_category":0,"footnotes":""},"categories":[7],"tags":[],"class_list":{"0":"post-7229","1":"post","2":"type-post","3":"status-publish","4":"format-standard","5":"has-post-thumbnail","7":"category-artigos-de-opinion"},"yoast_head":"<!-- This site is optimized with the Yoast SEO plugin v27.4 - https:\/\/yoast.com\/product\/yoast-seo-wordpress\/ -->\n<title>Non ao neoliberalismo -<\/title>\n<meta name=\"description\" content=\"Nestes tempos de Hexemon\u00eda Neoliberal e de auxe da econom\u00eda de mercado todo se mide dende o rasero econ\u00f3mico, as relaci\u00f3ns humanas se mercantilizan e predomina o individualismo salvaxe , o beneficio econ\u00f3mico e as ganancias das grandes trasnacionais por riba da vida humana, dos dereitos humanos, da solidariedade internacionalista, da xustiza social e do medioambiente\" \/>\n<meta name=\"robots\" content=\"index, follow, max-snippet:-1, max-image-preview:large, max-video-preview:-1\" \/>\n<link rel=\"canonical\" href=\"https:\/\/www.anovapeneira.gal\/index.php\/2022\/04\/06\/non-ao-neoliberalismo\/\" \/>\n<meta property=\"og:locale\" content=\"gl_ES\" \/>\n<meta property=\"og:type\" content=\"article\" \/>\n<meta property=\"og:title\" content=\"Non ao neoliberalismo -\" \/>\n<meta property=\"og:description\" content=\"Nestes tempos de Hexemon\u00eda Neoliberal e de auxe da econom\u00eda de mercado todo se mide dende o rasero econ\u00f3mico, as relaci\u00f3ns humanas se mercantilizan e predomina o individualismo salvaxe , o beneficio econ\u00f3mico e as ganancias das grandes trasnacionais por riba da vida humana, dos dereitos humanos, da solidariedade internacionalista, da xustiza social e do medioambiente\" \/>\n<meta property=\"og:url\" content=\"https:\/\/www.anovapeneira.gal\/index.php\/2022\/04\/06\/non-ao-neoliberalismo\/\" \/>\n<meta property=\"article:publisher\" content=\"https:\/\/www.facebook.com\/anovapeneira\" \/>\n<meta property=\"article:published_time\" content=\"2022-04-06T08:00:55+00:00\" \/>\n<meta property=\"og:image\" content=\"https:\/\/www.anovapeneira.gal\/wp-content\/uploads\/2019\/07\/ARTIGO_DE_OPINION_A_NOVA_PENEIRA.jpg\" \/>\n\t<meta property=\"og:image:width\" content=\"720\" \/>\n\t<meta property=\"og:image:height\" content=\"473\" \/>\n\t<meta property=\"og:image:type\" content=\"image\/jpeg\" \/>\n<meta name=\"author\" content=\"Artigos Opini\u00f3n\" \/>\n<meta name=\"twitter:card\" content=\"summary_large_image\" \/>\n<meta name=\"twitter:creator\" content=\"@APeneira\" \/>\n<meta name=\"twitter:site\" content=\"@APeneira\" \/>\n<meta name=\"twitter:label1\" content=\"Escrito por\" \/>\n\t<meta name=\"twitter:data1\" content=\"Artigos Opini\u00f3n\" \/>\n\t<meta name=\"twitter:label2\" content=\"Tempo de lectura\" \/>\n\t<meta name=\"twitter:data2\" content=\"4 minutos\" \/>\n<script type=\"application\/ld+json\" class=\"yoast-schema-graph\">{\"@context\":\"https:\\\/\\\/schema.org\",\"@graph\":[{\"@type\":\"Article\",\"@id\":\"https:\\\/\\\/www.anovapeneira.gal\\\/index.php\\\/2022\\\/04\\\/06\\\/non-ao-neoliberalismo\\\/#article\",\"isPartOf\":{\"@id\":\"https:\\\/\\\/www.anovapeneira.gal\\\/index.php\\\/2022\\\/04\\\/06\\\/non-ao-neoliberalismo\\\/\"},\"author\":{\"name\":\"Artigos Opini\u00f3n\",\"@id\":\"https:\\\/\\\/www.anovapeneira.gal\\\/#\\\/schema\\\/person\\\/f18a4feb302e8f20bcef4490b5b60bb3\"},\"headline\":\"Non ao neoliberalismo\",\"datePublished\":\"2022-04-06T08:00:55+00:00\",\"mainEntityOfPage\":{\"@id\":\"https:\\\/\\\/www.anovapeneira.gal\\\/index.php\\\/2022\\\/04\\\/06\\\/non-ao-neoliberalismo\\\/\"},\"wordCount\":700,\"commentCount\":0,\"publisher\":{\"@id\":\"https:\\\/\\\/www.anovapeneira.gal\\\/#organization\"},\"image\":{\"@id\":\"https:\\\/\\\/www.anovapeneira.gal\\\/index.php\\\/2022\\\/04\\\/06\\\/non-ao-neoliberalismo\\\/#primaryimage\"},\"thumbnailUrl\":\"https:\\\/\\\/www.anovapeneira.gal\\\/wp-content\\\/uploads\\\/2019\\\/07\\\/ARTIGO_DE_OPINION_A_NOVA_PENEIRA.jpg\",\"articleSection\":[\"Artigos de opini\u00f3n\"],\"inLanguage\":\"gl-ES\",\"potentialAction\":[{\"@type\":\"CommentAction\",\"name\":\"Comment\",\"target\":[\"https:\\\/\\\/www.anovapeneira.gal\\\/index.php\\\/2022\\\/04\\\/06\\\/non-ao-neoliberalismo\\\/#respond\"]}]},{\"@type\":\"WebPage\",\"@id\":\"https:\\\/\\\/www.anovapeneira.gal\\\/index.php\\\/2022\\\/04\\\/06\\\/non-ao-neoliberalismo\\\/\",\"url\":\"https:\\\/\\\/www.anovapeneira.gal\\\/index.php\\\/2022\\\/04\\\/06\\\/non-ao-neoliberalismo\\\/\",\"name\":\"Non ao neoliberalismo -\",\"isPartOf\":{\"@id\":\"https:\\\/\\\/www.anovapeneira.gal\\\/#website\"},\"primaryImageOfPage\":{\"@id\":\"https:\\\/\\\/www.anovapeneira.gal\\\/index.php\\\/2022\\\/04\\\/06\\\/non-ao-neoliberalismo\\\/#primaryimage\"},\"image\":{\"@id\":\"https:\\\/\\\/www.anovapeneira.gal\\\/index.php\\\/2022\\\/04\\\/06\\\/non-ao-neoliberalismo\\\/#primaryimage\"},\"thumbnailUrl\":\"https:\\\/\\\/www.anovapeneira.gal\\\/wp-content\\\/uploads\\\/2019\\\/07\\\/ARTIGO_DE_OPINION_A_NOVA_PENEIRA.jpg\",\"datePublished\":\"2022-04-06T08:00:55+00:00\",\"description\":\"Nestes tempos de Hexemon\u00eda Neoliberal e de auxe da econom\u00eda de mercado todo se mide dende o rasero econ\u00f3mico, as relaci\u00f3ns humanas se mercantilizan e predomina o individualismo salvaxe , o beneficio econ\u00f3mico e as ganancias das grandes trasnacionais por riba da vida humana, dos dereitos humanos, da solidariedade internacionalista, da xustiza social e do medioambiente\",\"breadcrumb\":{\"@id\":\"https:\\\/\\\/www.anovapeneira.gal\\\/index.php\\\/2022\\\/04\\\/06\\\/non-ao-neoliberalismo\\\/#breadcrumb\"},\"inLanguage\":\"gl-ES\",\"potentialAction\":[{\"@type\":\"ReadAction\",\"target\":[\"https:\\\/\\\/www.anovapeneira.gal\\\/index.php\\\/2022\\\/04\\\/06\\\/non-ao-neoliberalismo\\\/\"]}]},{\"@type\":\"ImageObject\",\"inLanguage\":\"gl-ES\",\"@id\":\"https:\\\/\\\/www.anovapeneira.gal\\\/index.php\\\/2022\\\/04\\\/06\\\/non-ao-neoliberalismo\\\/#primaryimage\",\"url\":\"https:\\\/\\\/www.anovapeneira.gal\\\/wp-content\\\/uploads\\\/2019\\\/07\\\/ARTIGO_DE_OPINION_A_NOVA_PENEIRA.jpg\",\"contentUrl\":\"https:\\\/\\\/www.anovapeneira.gal\\\/wp-content\\\/uploads\\\/2019\\\/07\\\/ARTIGO_DE_OPINION_A_NOVA_PENEIRA.jpg\",\"width\":720,\"height\":473,\"caption\":\"Artigo de opini\u00f3n A Nova Peneira\"},{\"@type\":\"BreadcrumbList\",\"@id\":\"https:\\\/\\\/www.anovapeneira.gal\\\/index.php\\\/2022\\\/04\\\/06\\\/non-ao-neoliberalismo\\\/#breadcrumb\",\"itemListElement\":[{\"@type\":\"ListItem\",\"position\":1,\"name\":\"Portada\",\"item\":\"https:\\\/\\\/www.anovapeneira.gal\\\/\"},{\"@type\":\"ListItem\",\"position\":2,\"name\":\"Non ao neoliberalismo\"}]},{\"@type\":\"WebSite\",\"@id\":\"https:\\\/\\\/www.anovapeneira.gal\\\/#website\",\"url\":\"https:\\\/\\\/www.anovapeneira.gal\\\/\",\"name\":\"\",\"description\":\"Xornal galego de informaci\u00f3n xeral Publicaci\u00f3n mensual de novas de Galicia e en especial dos Concellos da sur da provincia de Pontevedra.\",\"publisher\":{\"@id\":\"https:\\\/\\\/www.anovapeneira.gal\\\/#organization\"},\"potentialAction\":[{\"@type\":\"SearchAction\",\"target\":{\"@type\":\"EntryPoint\",\"urlTemplate\":\"https:\\\/\\\/www.anovapeneira.gal\\\/?s={search_term_string}\"},\"query-input\":{\"@type\":\"PropertyValueSpecification\",\"valueRequired\":true,\"valueName\":\"search_term_string\"}}],\"inLanguage\":\"gl-ES\"},{\"@type\":\"Organization\",\"@id\":\"https:\\\/\\\/www.anovapeneira.gal\\\/#organization\",\"name\":\"A Nova Peneira\",\"url\":\"https:\\\/\\\/www.anovapeneira.gal\\\/\",\"logo\":{\"@type\":\"ImageObject\",\"inLanguage\":\"gl-ES\",\"@id\":\"https:\\\/\\\/www.anovapeneira.gal\\\/#\\\/schema\\\/logo\\\/image\\\/\",\"url\":\"http:\\\/\\\/www.anovapeneira.gal\\\/wp-content\\\/uploads\\\/2019\\\/06\\\/logo_a_nova_peneira_portal_web.png\",\"contentUrl\":\"http:\\\/\\\/www.anovapeneira.gal\\\/wp-content\\\/uploads\\\/2019\\\/06\\\/logo_a_nova_peneira_portal_web.png\",\"width\":300,\"height\":100,\"caption\":\"A Nova Peneira\"},\"image\":{\"@id\":\"https:\\\/\\\/www.anovapeneira.gal\\\/#\\\/schema\\\/logo\\\/image\\\/\"},\"sameAs\":[\"https:\\\/\\\/www.facebook.com\\\/anovapeneira\",\"https:\\\/\\\/x.com\\\/APeneira\"]},{\"@type\":\"Person\",\"@id\":\"https:\\\/\\\/www.anovapeneira.gal\\\/#\\\/schema\\\/person\\\/f18a4feb302e8f20bcef4490b5b60bb3\",\"name\":\"Artigos Opini\u00f3n\",\"image\":{\"@type\":\"ImageObject\",\"inLanguage\":\"gl-ES\",\"@id\":\"https:\\\/\\\/secure.gravatar.com\\\/avatar\\\/072844300f4881150aee2da4278f7a65d16eefdf8262eb67085f1e702de2b959?s=96&d=mm&r=g\",\"url\":\"https:\\\/\\\/secure.gravatar.com\\\/avatar\\\/072844300f4881150aee2da4278f7a65d16eefdf8262eb67085f1e702de2b959?s=96&d=mm&r=g\",\"contentUrl\":\"https:\\\/\\\/secure.gravatar.com\\\/avatar\\\/072844300f4881150aee2da4278f7a65d16eefdf8262eb67085f1e702de2b959?s=96&d=mm&r=g\",\"caption\":\"Artigos Opini\u00f3n\"},\"sameAs\":[\"http:\\\/\\\/anovapeneira.gal\"],\"url\":\"https:\\\/\\\/www.anovapeneira.gal\\\/index.php\\\/author\\\/artigosopinion\\\/\"}]}<\/script>\n<!-- \/ Yoast SEO plugin. -->","yoast_head_json":{"title":"Non ao neoliberalismo -","description":"Nestes tempos de Hexemon\u00eda Neoliberal e de auxe da econom\u00eda de mercado todo se mide dende o rasero econ\u00f3mico, as relaci\u00f3ns humanas se mercantilizan e predomina o individualismo salvaxe , o beneficio econ\u00f3mico e as ganancias das grandes trasnacionais por riba da vida humana, dos dereitos humanos, da solidariedade internacionalista, da xustiza social e do medioambiente","robots":{"index":"index","follow":"follow","max-snippet":"max-snippet:-1","max-image-preview":"max-image-preview:large","max-video-preview":"max-video-preview:-1"},"canonical":"https:\/\/www.anovapeneira.gal\/index.php\/2022\/04\/06\/non-ao-neoliberalismo\/","og_locale":"gl_ES","og_type":"article","og_title":"Non ao neoliberalismo -","og_description":"Nestes tempos de Hexemon\u00eda Neoliberal e de auxe da econom\u00eda de mercado todo se mide dende o rasero econ\u00f3mico, as relaci\u00f3ns humanas se mercantilizan e predomina o individualismo salvaxe , o beneficio econ\u00f3mico e as ganancias das grandes trasnacionais por riba da vida humana, dos dereitos humanos, da solidariedade internacionalista, da xustiza social e do medioambiente","og_url":"https:\/\/www.anovapeneira.gal\/index.php\/2022\/04\/06\/non-ao-neoliberalismo\/","article_publisher":"https:\/\/www.facebook.com\/anovapeneira","article_published_time":"2022-04-06T08:00:55+00:00","og_image":[{"width":720,"height":473,"url":"https:\/\/www.anovapeneira.gal\/wp-content\/uploads\/2019\/07\/ARTIGO_DE_OPINION_A_NOVA_PENEIRA.jpg","type":"image\/jpeg"}],"author":"Artigos Opini\u00f3n","twitter_card":"summary_large_image","twitter_creator":"@APeneira","twitter_site":"@APeneira","twitter_misc":{"Escrito por":"Artigos Opini\u00f3n","Tempo de lectura":"4 minutos"},"schema":{"@context":"https:\/\/schema.org","@graph":[{"@type":"Article","@id":"https:\/\/www.anovapeneira.gal\/index.php\/2022\/04\/06\/non-ao-neoliberalismo\/#article","isPartOf":{"@id":"https:\/\/www.anovapeneira.gal\/index.php\/2022\/04\/06\/non-ao-neoliberalismo\/"},"author":{"name":"Artigos Opini\u00f3n","@id":"https:\/\/www.anovapeneira.gal\/#\/schema\/person\/f18a4feb302e8f20bcef4490b5b60bb3"},"headline":"Non ao neoliberalismo","datePublished":"2022-04-06T08:00:55+00:00","mainEntityOfPage":{"@id":"https:\/\/www.anovapeneira.gal\/index.php\/2022\/04\/06\/non-ao-neoliberalismo\/"},"wordCount":700,"commentCount":0,"publisher":{"@id":"https:\/\/www.anovapeneira.gal\/#organization"},"image":{"@id":"https:\/\/www.anovapeneira.gal\/index.php\/2022\/04\/06\/non-ao-neoliberalismo\/#primaryimage"},"thumbnailUrl":"https:\/\/www.anovapeneira.gal\/wp-content\/uploads\/2019\/07\/ARTIGO_DE_OPINION_A_NOVA_PENEIRA.jpg","articleSection":["Artigos de opini\u00f3n"],"inLanguage":"gl-ES","potentialAction":[{"@type":"CommentAction","name":"Comment","target":["https:\/\/www.anovapeneira.gal\/index.php\/2022\/04\/06\/non-ao-neoliberalismo\/#respond"]}]},{"@type":"WebPage","@id":"https:\/\/www.anovapeneira.gal\/index.php\/2022\/04\/06\/non-ao-neoliberalismo\/","url":"https:\/\/www.anovapeneira.gal\/index.php\/2022\/04\/06\/non-ao-neoliberalismo\/","name":"Non ao neoliberalismo -","isPartOf":{"@id":"https:\/\/www.anovapeneira.gal\/#website"},"primaryImageOfPage":{"@id":"https:\/\/www.anovapeneira.gal\/index.php\/2022\/04\/06\/non-ao-neoliberalismo\/#primaryimage"},"image":{"@id":"https:\/\/www.anovapeneira.gal\/index.php\/2022\/04\/06\/non-ao-neoliberalismo\/#primaryimage"},"thumbnailUrl":"https:\/\/www.anovapeneira.gal\/wp-content\/uploads\/2019\/07\/ARTIGO_DE_OPINION_A_NOVA_PENEIRA.jpg","datePublished":"2022-04-06T08:00:55+00:00","description":"Nestes tempos de Hexemon\u00eda Neoliberal e de auxe da econom\u00eda de mercado todo se mide dende o rasero econ\u00f3mico, as relaci\u00f3ns humanas se mercantilizan e predomina o individualismo salvaxe , o beneficio econ\u00f3mico e as ganancias das grandes trasnacionais por riba da vida humana, dos dereitos humanos, da solidariedade internacionalista, da xustiza social e do medioambiente","breadcrumb":{"@id":"https:\/\/www.anovapeneira.gal\/index.php\/2022\/04\/06\/non-ao-neoliberalismo\/#breadcrumb"},"inLanguage":"gl-ES","potentialAction":[{"@type":"ReadAction","target":["https:\/\/www.anovapeneira.gal\/index.php\/2022\/04\/06\/non-ao-neoliberalismo\/"]}]},{"@type":"ImageObject","inLanguage":"gl-ES","@id":"https:\/\/www.anovapeneira.gal\/index.php\/2022\/04\/06\/non-ao-neoliberalismo\/#primaryimage","url":"https:\/\/www.anovapeneira.gal\/wp-content\/uploads\/2019\/07\/ARTIGO_DE_OPINION_A_NOVA_PENEIRA.jpg","contentUrl":"https:\/\/www.anovapeneira.gal\/wp-content\/uploads\/2019\/07\/ARTIGO_DE_OPINION_A_NOVA_PENEIRA.jpg","width":720,"height":473,"caption":"Artigo de opini\u00f3n A Nova Peneira"},{"@type":"BreadcrumbList","@id":"https:\/\/www.anovapeneira.gal\/index.php\/2022\/04\/06\/non-ao-neoliberalismo\/#breadcrumb","itemListElement":[{"@type":"ListItem","position":1,"name":"Portada","item":"https:\/\/www.anovapeneira.gal\/"},{"@type":"ListItem","position":2,"name":"Non ao neoliberalismo"}]},{"@type":"WebSite","@id":"https:\/\/www.anovapeneira.gal\/#website","url":"https:\/\/www.anovapeneira.gal\/","name":"","description":"Xornal galego de informaci\u00f3n xeral Publicaci\u00f3n mensual de novas de Galicia e en especial dos Concellos da sur da provincia de Pontevedra.","publisher":{"@id":"https:\/\/www.anovapeneira.gal\/#organization"},"potentialAction":[{"@type":"SearchAction","target":{"@type":"EntryPoint","urlTemplate":"https:\/\/www.anovapeneira.gal\/?s={search_term_string}"},"query-input":{"@type":"PropertyValueSpecification","valueRequired":true,"valueName":"search_term_string"}}],"inLanguage":"gl-ES"},{"@type":"Organization","@id":"https:\/\/www.anovapeneira.gal\/#organization","name":"A Nova Peneira","url":"https:\/\/www.anovapeneira.gal\/","logo":{"@type":"ImageObject","inLanguage":"gl-ES","@id":"https:\/\/www.anovapeneira.gal\/#\/schema\/logo\/image\/","url":"http:\/\/www.anovapeneira.gal\/wp-content\/uploads\/2019\/06\/logo_a_nova_peneira_portal_web.png","contentUrl":"http:\/\/www.anovapeneira.gal\/wp-content\/uploads\/2019\/06\/logo_a_nova_peneira_portal_web.png","width":300,"height":100,"caption":"A Nova Peneira"},"image":{"@id":"https:\/\/www.anovapeneira.gal\/#\/schema\/logo\/image\/"},"sameAs":["https:\/\/www.facebook.com\/anovapeneira","https:\/\/x.com\/APeneira"]},{"@type":"Person","@id":"https:\/\/www.anovapeneira.gal\/#\/schema\/person\/f18a4feb302e8f20bcef4490b5b60bb3","name":"Artigos Opini\u00f3n","image":{"@type":"ImageObject","inLanguage":"gl-ES","@id":"https:\/\/secure.gravatar.com\/avatar\/072844300f4881150aee2da4278f7a65d16eefdf8262eb67085f1e702de2b959?s=96&d=mm&r=g","url":"https:\/\/secure.gravatar.com\/avatar\/072844300f4881150aee2da4278f7a65d16eefdf8262eb67085f1e702de2b959?s=96&d=mm&r=g","contentUrl":"https:\/\/secure.gravatar.com\/avatar\/072844300f4881150aee2da4278f7a65d16eefdf8262eb67085f1e702de2b959?s=96&d=mm&r=g","caption":"Artigos Opini\u00f3n"},"sameAs":["http:\/\/anovapeneira.gal"],"url":"https:\/\/www.anovapeneira.gal\/index.php\/author\/artigosopinion\/"}]}},"jetpack_featured_media_url":"https:\/\/www.anovapeneira.gal\/wp-content\/uploads\/2019\/07\/ARTIGO_DE_OPINION_A_NOVA_PENEIRA.jpg","_links":{"self":[{"href":"https:\/\/www.anovapeneira.gal\/index.php\/wp-json\/wp\/v2\/posts\/7229","targetHints":{"allow":["GET"]}}],"collection":[{"href":"https:\/\/www.anovapeneira.gal\/index.php\/wp-json\/wp\/v2\/posts"}],"about":[{"href":"https:\/\/www.anovapeneira.gal\/index.php\/wp-json\/wp\/v2\/types\/post"}],"author":[{"embeddable":true,"href":"https:\/\/www.anovapeneira.gal\/index.php\/wp-json\/wp\/v2\/users\/12"}],"replies":[{"embeddable":true,"href":"https:\/\/www.anovapeneira.gal\/index.php\/wp-json\/wp\/v2\/comments?post=7229"}],"version-history":[{"count":4,"href":"https:\/\/www.anovapeneira.gal\/index.php\/wp-json\/wp\/v2\/posts\/7229\/revisions"}],"predecessor-version":[{"id":7236,"href":"https:\/\/www.anovapeneira.gal\/index.php\/wp-json\/wp\/v2\/posts\/7229\/revisions\/7236"}],"wp:featuredmedia":[{"embeddable":true,"href":"https:\/\/www.anovapeneira.gal\/index.php\/wp-json\/wp\/v2\/media\/584"}],"wp:attachment":[{"href":"https:\/\/www.anovapeneira.gal\/index.php\/wp-json\/wp\/v2\/media?parent=7229"}],"wp:term":[{"taxonomy":"category","embeddable":true,"href":"https:\/\/www.anovapeneira.gal\/index.php\/wp-json\/wp\/v2\/categories?post=7229"},{"taxonomy":"post_tag","embeddable":true,"href":"https:\/\/www.anovapeneira.gal\/index.php\/wp-json\/wp\/v2\/tags?post=7229"}],"curies":[{"name":"wp","href":"https:\/\/api.w.org\/{rel}","templated":true}]}}