{"id":7237,"date":"2022-04-06T12:00:09","date_gmt":"2022-04-06T10:00:09","guid":{"rendered":"https:\/\/www.anovapeneira.gal\/?p=7237"},"modified":"2022-04-01T09:42:12","modified_gmt":"2022-04-01T07:42:12","slug":"tildan-de-mais-do-mesmo-ao-novo-proxecto-do-celta","status":"publish","type":"post","link":"https:\/\/www.anovapeneira.gal\/index.php\/2022\/04\/06\/tildan-de-mais-do-mesmo-ao-novo-proxecto-do-celta\/","title":{"rendered":"Tildan\u00a0de\u00a0m\u00e1is\u00a0do\u00a0mesmo\u00a0ao\u00a0novo\u00a0proxecto\u00a0do\u00a0Celta"},"content":{"rendered":"\n<p>A Comunidade de Montes de Tameiga recibiu a representantes do Celta de Vigo, entre eles, Carlos Mouri\u00f1o, presidente do club de f\u00fatbol, quen presentaron o \u201cnovo proxecto\u201d de cidade deportiva en montes comunais das parroquias de Tameiga e Pereiras.<br><br>A xunta reitora de Tameiga entende que o novo proxecto non \u00e9 m\u00e1is que unha manobra para presionar \u00e1 Xunta e ao Tribunal superior de xustiza de Galicia para conseguir legalizar polas \u201cbravas\u201d unha cidade deportiva que a Xustiza declarou ilegal en primeira instancia.<br><br>Tras a reuni\u00f3n, a Comunidade de Montes de Tameiga considera m\u00e1is do mesmo ao novo intento do presidente do Celta, Carlos Mouri\u00f1o, de facer negocio persoal mediante un pelotazo urban\u00edstico coa recalificaci\u00f3n de solo r\u00fastico de especial protecci\u00f3n para facelo urbanizable.<br><br>Sinalan que se ben o novo proxecto minimiza o \u00e1mbito de actuaci\u00f3n no monte de Tameiga ao reducir a parte comercial, contin\u00faa sendo un desprop\u00f3sito ambiental asfaltar e formigonar terreo forestal e ademais as tra\u00eddas de augas comunais seguir\u00edan estando afectadas por esta actuaci\u00f3n.<br><br>A Comunidade de Montes de Tameiga lembra que a actual cidade deportiva foi declarada ilegal pola xustiza e que a\u00ednda agora, varios anos despois da concesi\u00f3ns da licenzas ilegais, o concello de Mos carece do plan de infraestructuras e dotaci\u00f3ns deportivas necesario para esta actuaci\u00f3n. Supo\u00f1en que toda esta manobra medi\u00e1tica \u00e9 debido \u00e1 que<br>est\u00e1 pr\u00f3ximo o dictame do TSX de Galicia, o cal pode ratificar a ilegalidade da cidade deportiva construida en solo forestal.<br><br>Sinalan que \u00e9 incomprensible que desde o goberno local, a alcaldesa segue aplaudindo e sendo complice dun proxecto urban\u00edstico que a xustiza declaro ilegal tanto na s\u00faa construcci\u00f3n como no xeito que a xunta de goberno de Mos concedeu as licenzas. Semella que agora buscan que a Xunta de Galicia legalice polas porta de atr\u00e1s todo este desprop\u00f3sito urban\u00edstico antes de que o Tribunal Superior dictamine.<br><br>&#8220;Na Comunidade de Montes de Tameiga mandan as\u00ed veci\u00f1as e veci\u00f1os da parroquia. Foron moi rotundos cando votaron en asamblea, dixeron alto e claro que o monte \u00e9 o primeiro que o monte non se vende&#8221;. Declara Cesar Lago, presidente da Comunidade de Montes de Tameiga.<\/p>\n","protected":false},"excerpt":{"rendered":"<div class=\"mh-excerpt\"><p>A Comunidade de Montes de Tameiga recibiu a representantes do Celta de Vigo, entre eles, Carlos Mouri\u00f1o, presidente do club de f\u00fatbol, quen presentaron o \u201cnovo proxecto\u201d de cidade deportiva en montes comunais das parroquias de Tameiga e Pereiras <a class=\"mh-excerpt-more\" href=\"https:\/\/www.anovapeneira.gal\/index.php\/2022\/04\/06\/tildan-de-mais-do-mesmo-ao-novo-proxecto-do-celta\/\" title=\"Tildan\u00a0de\u00a0m\u00e1is\u00a0do\u00a0mesmo\u00a0ao\u00a0novo\u00a0proxecto\u00a0do\u00a0Celta\">[&#8230;]<\/a><\/p>\n<\/div>","protected":false},"author":3,"featured_media":7239,"comment_status":"open","ping_status":"open","sticky":false,"template":"","format":"standard","meta":{"_exactmetrics_skip_tracking":false,"_exactmetrics_sitenote_active":false,"_exactmetrics_sitenote_note":"","_exactmetrics_sitenote_category":0,"footnotes":""},"categories":[23],"tags":[411],"class_list":{"0":"post-7237","1":"post","2":"type-post","3":"status-publish","4":"format-standard","5":"has-post-thumbnail","7":"category-a-lourina","8":"tag-concello-do-porrino"},"yoast_head":"<!-- This site is optimized with the Yoast SEO plugin v27.4 - https:\/\/yoast.com\/product\/yoast-seo-wordpress\/ -->\n<title>Tildan\u00a0de\u00a0m\u00e1is\u00a0do\u00a0mesmo\u00a0ao\u00a0novo\u00a0proxecto\u00a0do\u00a0Celta -<\/title>\n<meta name=\"description\" content=\"A Comunidade de Montes de Tameiga recibiu a representantes do Celta de Vigo, entre eles, Carlos Mouri\u00f1o, presidente do club de f\u00fatbol, quen presentaron o \u201cnovo proxecto\u201d de cidade deportiva en montes comunais das parroquias de Tameiga e Pereiras\" \/>\n<meta name=\"robots\" content=\"index, follow, max-snippet:-1, max-image-preview:large, max-video-preview:-1\" \/>\n<link rel=\"canonical\" href=\"https:\/\/www.anovapeneira.gal\/index.php\/2022\/04\/06\/tildan-de-mais-do-mesmo-ao-novo-proxecto-do-celta\/\" \/>\n<meta property=\"og:locale\" content=\"gl_ES\" \/>\n<meta property=\"og:type\" content=\"article\" \/>\n<meta property=\"og:title\" content=\"Tildan\u00a0de\u00a0m\u00e1is\u00a0do\u00a0mesmo\u00a0ao\u00a0novo\u00a0proxecto\u00a0do\u00a0Celta -\" \/>\n<meta property=\"og:description\" content=\"A Comunidade de Montes de Tameiga recibiu a representantes do Celta de Vigo, entre eles, Carlos Mouri\u00f1o, presidente do club de f\u00fatbol, quen presentaron o \u201cnovo proxecto\u201d de cidade deportiva en montes comunais das parroquias de Tameiga e Pereiras\" \/>\n<meta property=\"og:url\" content=\"https:\/\/www.anovapeneira.gal\/index.php\/2022\/04\/06\/tildan-de-mais-do-mesmo-ao-novo-proxecto-do-celta\/\" \/>\n<meta property=\"article:publisher\" content=\"https:\/\/www.facebook.com\/anovapeneira\" \/>\n<meta property=\"article:published_time\" content=\"2022-04-06T10:00:09+00:00\" \/>\n<meta property=\"og:image\" content=\"https:\/\/www.anovapeneira.gal\/wp-content\/uploads\/2022\/04\/tameiga-proxecto-celta.jpg\" \/>\n\t<meta property=\"og:image:width\" content=\"720\" \/>\n\t<meta property=\"og:image:height\" content=\"432\" \/>\n\t<meta property=\"og:image:type\" content=\"image\/jpeg\" \/>\n<meta name=\"author\" content=\"Redacci\u00f3n A Nova Peneira\" \/>\n<meta name=\"twitter:card\" content=\"summary_large_image\" \/>\n<meta name=\"twitter:creator\" content=\"@APeneira\" \/>\n<meta name=\"twitter:site\" content=\"@APeneira\" \/>\n<meta name=\"twitter:label1\" content=\"Escrito por\" \/>\n\t<meta name=\"twitter:data1\" content=\"Redacci\u00f3n A Nova Peneira\" \/>\n\t<meta name=\"twitter:label2\" content=\"Tempo de lectura\" \/>\n\t<meta name=\"twitter:data2\" content=\"2 minutos\" \/>\n<script type=\"application\/ld+json\" class=\"yoast-schema-graph\">{\"@context\":\"https:\\\/\\\/schema.org\",\"@graph\":[{\"@type\":\"Article\",\"@id\":\"https:\\\/\\\/www.anovapeneira.gal\\\/index.php\\\/2022\\\/04\\\/06\\\/tildan-de-mais-do-mesmo-ao-novo-proxecto-do-celta\\\/#article\",\"isPartOf\":{\"@id\":\"https:\\\/\\\/www.anovapeneira.gal\\\/index.php\\\/2022\\\/04\\\/06\\\/tildan-de-mais-do-mesmo-ao-novo-proxecto-do-celta\\\/\"},\"author\":{\"name\":\"Redacci\u00f3n A Nova Peneira\",\"@id\":\"https:\\\/\\\/www.anovapeneira.gal\\\/#\\\/schema\\\/person\\\/b93e3f8932e3f8da96334607eb6ac6aa\"},\"headline\":\"Tildan\u00a0de\u00a0m\u00e1is\u00a0do\u00a0mesmo\u00a0ao\u00a0novo\u00a0proxecto\u00a0do\u00a0Celta\",\"datePublished\":\"2022-04-06T10:00:09+00:00\",\"mainEntityOfPage\":{\"@id\":\"https:\\\/\\\/www.anovapeneira.gal\\\/index.php\\\/2022\\\/04\\\/06\\\/tildan-de-mais-do-mesmo-ao-novo-proxecto-do-celta\\\/\"},\"wordCount\":391,\"commentCount\":0,\"publisher\":{\"@id\":\"https:\\\/\\\/www.anovapeneira.gal\\\/#organization\"},\"image\":{\"@id\":\"https:\\\/\\\/www.anovapeneira.gal\\\/index.php\\\/2022\\\/04\\\/06\\\/tildan-de-mais-do-mesmo-ao-novo-proxecto-do-celta\\\/#primaryimage\"},\"thumbnailUrl\":\"https:\\\/\\\/www.anovapeneira.gal\\\/wp-content\\\/uploads\\\/2022\\\/04\\\/tameiga-proxecto-celta.jpg\",\"keywords\":[\"Concello do Porri\u00f1o\"],\"articleSection\":[\"A Louri\u00f1a\"],\"inLanguage\":\"gl-ES\",\"potentialAction\":[{\"@type\":\"CommentAction\",\"name\":\"Comment\",\"target\":[\"https:\\\/\\\/www.anovapeneira.gal\\\/index.php\\\/2022\\\/04\\\/06\\\/tildan-de-mais-do-mesmo-ao-novo-proxecto-do-celta\\\/#respond\"]}]},{\"@type\":\"WebPage\",\"@id\":\"https:\\\/\\\/www.anovapeneira.gal\\\/index.php\\\/2022\\\/04\\\/06\\\/tildan-de-mais-do-mesmo-ao-novo-proxecto-do-celta\\\/\",\"url\":\"https:\\\/\\\/www.anovapeneira.gal\\\/index.php\\\/2022\\\/04\\\/06\\\/tildan-de-mais-do-mesmo-ao-novo-proxecto-do-celta\\\/\",\"name\":\"Tildan\u00a0de\u00a0m\u00e1is\u00a0do\u00a0mesmo\u00a0ao\u00a0novo\u00a0proxecto\u00a0do\u00a0Celta -\",\"isPartOf\":{\"@id\":\"https:\\\/\\\/www.anovapeneira.gal\\\/#website\"},\"primaryImageOfPage\":{\"@id\":\"https:\\\/\\\/www.anovapeneira.gal\\\/index.php\\\/2022\\\/04\\\/06\\\/tildan-de-mais-do-mesmo-ao-novo-proxecto-do-celta\\\/#primaryimage\"},\"image\":{\"@id\":\"https:\\\/\\\/www.anovapeneira.gal\\\/index.php\\\/2022\\\/04\\\/06\\\/tildan-de-mais-do-mesmo-ao-novo-proxecto-do-celta\\\/#primaryimage\"},\"thumbnailUrl\":\"https:\\\/\\\/www.anovapeneira.gal\\\/wp-content\\\/uploads\\\/2022\\\/04\\\/tameiga-proxecto-celta.jpg\",\"datePublished\":\"2022-04-06T10:00:09+00:00\",\"description\":\"A Comunidade de Montes de Tameiga recibiu a representantes do Celta de Vigo, entre eles, Carlos Mouri\u00f1o, presidente do club de f\u00fatbol, quen presentaron o \u201cnovo proxecto\u201d de cidade deportiva en montes comunais das parroquias de Tameiga e Pereiras\",\"breadcrumb\":{\"@id\":\"https:\\\/\\\/www.anovapeneira.gal\\\/index.php\\\/2022\\\/04\\\/06\\\/tildan-de-mais-do-mesmo-ao-novo-proxecto-do-celta\\\/#breadcrumb\"},\"inLanguage\":\"gl-ES\",\"potentialAction\":[{\"@type\":\"ReadAction\",\"target\":[\"https:\\\/\\\/www.anovapeneira.gal\\\/index.php\\\/2022\\\/04\\\/06\\\/tildan-de-mais-do-mesmo-ao-novo-proxecto-do-celta\\\/\"]}]},{\"@type\":\"ImageObject\",\"inLanguage\":\"gl-ES\",\"@id\":\"https:\\\/\\\/www.anovapeneira.gal\\\/index.php\\\/2022\\\/04\\\/06\\\/tildan-de-mais-do-mesmo-ao-novo-proxecto-do-celta\\\/#primaryimage\",\"url\":\"https:\\\/\\\/www.anovapeneira.gal\\\/wp-content\\\/uploads\\\/2022\\\/04\\\/tameiga-proxecto-celta.jpg\",\"contentUrl\":\"https:\\\/\\\/www.anovapeneira.gal\\\/wp-content\\\/uploads\\\/2022\\\/04\\\/tameiga-proxecto-celta.jpg\",\"width\":720,\"height\":432,\"caption\":\"A Comunidade de Montes de Tameiga recibiu a representantes do Celta de Vigo\"},{\"@type\":\"BreadcrumbList\",\"@id\":\"https:\\\/\\\/www.anovapeneira.gal\\\/index.php\\\/2022\\\/04\\\/06\\\/tildan-de-mais-do-mesmo-ao-novo-proxecto-do-celta\\\/#breadcrumb\",\"itemListElement\":[{\"@type\":\"ListItem\",\"position\":1,\"name\":\"Portada\",\"item\":\"https:\\\/\\\/www.anovapeneira.gal\\\/\"},{\"@type\":\"ListItem\",\"position\":2,\"name\":\"Tildan\u00a0de\u00a0m\u00e1is\u00a0do\u00a0mesmo\u00a0ao\u00a0novo\u00a0proxecto\u00a0do\u00a0Celta\"}]},{\"@type\":\"WebSite\",\"@id\":\"https:\\\/\\\/www.anovapeneira.gal\\\/#website\",\"url\":\"https:\\\/\\\/www.anovapeneira.gal\\\/\",\"name\":\"\",\"description\":\"Xornal galego de informaci\u00f3n xeral Publicaci\u00f3n mensual de novas de Galicia e en especial dos Concellos da sur da provincia de Pontevedra.\",\"publisher\":{\"@id\":\"https:\\\/\\\/www.anovapeneira.gal\\\/#organization\"},\"potentialAction\":[{\"@type\":\"SearchAction\",\"target\":{\"@type\":\"EntryPoint\",\"urlTemplate\":\"https:\\\/\\\/www.anovapeneira.gal\\\/?s={search_term_string}\"},\"query-input\":{\"@type\":\"PropertyValueSpecification\",\"valueRequired\":true,\"valueName\":\"search_term_string\"}}],\"inLanguage\":\"gl-ES\"},{\"@type\":\"Organization\",\"@id\":\"https:\\\/\\\/www.anovapeneira.gal\\\/#organization\",\"name\":\"A Nova Peneira\",\"url\":\"https:\\\/\\\/www.anovapeneira.gal\\\/\",\"logo\":{\"@type\":\"ImageObject\",\"inLanguage\":\"gl-ES\",\"@id\":\"https:\\\/\\\/www.anovapeneira.gal\\\/#\\\/schema\\\/logo\\\/image\\\/\",\"url\":\"http:\\\/\\\/www.anovapeneira.gal\\\/wp-content\\\/uploads\\\/2019\\\/06\\\/logo_a_nova_peneira_portal_web.png\",\"contentUrl\":\"http:\\\/\\\/www.anovapeneira.gal\\\/wp-content\\\/uploads\\\/2019\\\/06\\\/logo_a_nova_peneira_portal_web.png\",\"width\":300,\"height\":100,\"caption\":\"A Nova Peneira\"},\"image\":{\"@id\":\"https:\\\/\\\/www.anovapeneira.gal\\\/#\\\/schema\\\/logo\\\/image\\\/\"},\"sameAs\":[\"https:\\\/\\\/www.facebook.com\\\/anovapeneira\",\"https:\\\/\\\/x.com\\\/APeneira\"]},{\"@type\":\"Person\",\"@id\":\"https:\\\/\\\/www.anovapeneira.gal\\\/#\\\/schema\\\/person\\\/b93e3f8932e3f8da96334607eb6ac6aa\",\"name\":\"Redacci\u00f3n A Nova Peneira\",\"image\":{\"@type\":\"ImageObject\",\"inLanguage\":\"gl-ES\",\"@id\":\"https:\\\/\\\/secure.gravatar.com\\\/avatar\\\/c052a2551a06e23fac63626232eaa90abd78dbcf1700fc46a2b2c89fd27b735f?s=96&d=mm&r=g\",\"url\":\"https:\\\/\\\/secure.gravatar.com\\\/avatar\\\/c052a2551a06e23fac63626232eaa90abd78dbcf1700fc46a2b2c89fd27b735f?s=96&d=mm&r=g\",\"contentUrl\":\"https:\\\/\\\/secure.gravatar.com\\\/avatar\\\/c052a2551a06e23fac63626232eaa90abd78dbcf1700fc46a2b2c89fd27b735f?s=96&d=mm&r=g\",\"caption\":\"Redacci\u00f3n A Nova Peneira\"},\"sameAs\":[\"http:\\\/\\\/www.anovapeneira.gal\\\/\"],\"url\":\"https:\\\/\\\/www.anovapeneira.gal\\\/index.php\\\/author\\\/redactor\\\/\"}]}<\/script>\n<!-- \/ Yoast SEO plugin. -->","yoast_head_json":{"title":"Tildan\u00a0de\u00a0m\u00e1is\u00a0do\u00a0mesmo\u00a0ao\u00a0novo\u00a0proxecto\u00a0do\u00a0Celta -","description":"A Comunidade de Montes de Tameiga recibiu a representantes do Celta de Vigo, entre eles, Carlos Mouri\u00f1o, presidente do club de f\u00fatbol, quen presentaron o \u201cnovo proxecto\u201d de cidade deportiva en montes comunais das parroquias de Tameiga e Pereiras","robots":{"index":"index","follow":"follow","max-snippet":"max-snippet:-1","max-image-preview":"max-image-preview:large","max-video-preview":"max-video-preview:-1"},"canonical":"https:\/\/www.anovapeneira.gal\/index.php\/2022\/04\/06\/tildan-de-mais-do-mesmo-ao-novo-proxecto-do-celta\/","og_locale":"gl_ES","og_type":"article","og_title":"Tildan\u00a0de\u00a0m\u00e1is\u00a0do\u00a0mesmo\u00a0ao\u00a0novo\u00a0proxecto\u00a0do\u00a0Celta -","og_description":"A Comunidade de Montes de Tameiga recibiu a representantes do Celta de Vigo, entre eles, Carlos Mouri\u00f1o, presidente do club de f\u00fatbol, quen presentaron o \u201cnovo proxecto\u201d de cidade deportiva en montes comunais das parroquias de Tameiga e Pereiras","og_url":"https:\/\/www.anovapeneira.gal\/index.php\/2022\/04\/06\/tildan-de-mais-do-mesmo-ao-novo-proxecto-do-celta\/","article_publisher":"https:\/\/www.facebook.com\/anovapeneira","article_published_time":"2022-04-06T10:00:09+00:00","og_image":[{"width":720,"height":432,"url":"https:\/\/www.anovapeneira.gal\/wp-content\/uploads\/2022\/04\/tameiga-proxecto-celta.jpg","type":"image\/jpeg"}],"author":"Redacci\u00f3n A Nova Peneira","twitter_card":"summary_large_image","twitter_creator":"@APeneira","twitter_site":"@APeneira","twitter_misc":{"Escrito por":"Redacci\u00f3n A Nova Peneira","Tempo de lectura":"2 minutos"},"schema":{"@context":"https:\/\/schema.org","@graph":[{"@type":"Article","@id":"https:\/\/www.anovapeneira.gal\/index.php\/2022\/04\/06\/tildan-de-mais-do-mesmo-ao-novo-proxecto-do-celta\/#article","isPartOf":{"@id":"https:\/\/www.anovapeneira.gal\/index.php\/2022\/04\/06\/tildan-de-mais-do-mesmo-ao-novo-proxecto-do-celta\/"},"author":{"name":"Redacci\u00f3n A Nova Peneira","@id":"https:\/\/www.anovapeneira.gal\/#\/schema\/person\/b93e3f8932e3f8da96334607eb6ac6aa"},"headline":"Tildan\u00a0de\u00a0m\u00e1is\u00a0do\u00a0mesmo\u00a0ao\u00a0novo\u00a0proxecto\u00a0do\u00a0Celta","datePublished":"2022-04-06T10:00:09+00:00","mainEntityOfPage":{"@id":"https:\/\/www.anovapeneira.gal\/index.php\/2022\/04\/06\/tildan-de-mais-do-mesmo-ao-novo-proxecto-do-celta\/"},"wordCount":391,"commentCount":0,"publisher":{"@id":"https:\/\/www.anovapeneira.gal\/#organization"},"image":{"@id":"https:\/\/www.anovapeneira.gal\/index.php\/2022\/04\/06\/tildan-de-mais-do-mesmo-ao-novo-proxecto-do-celta\/#primaryimage"},"thumbnailUrl":"https:\/\/www.anovapeneira.gal\/wp-content\/uploads\/2022\/04\/tameiga-proxecto-celta.jpg","keywords":["Concello do Porri\u00f1o"],"articleSection":["A Louri\u00f1a"],"inLanguage":"gl-ES","potentialAction":[{"@type":"CommentAction","name":"Comment","target":["https:\/\/www.anovapeneira.gal\/index.php\/2022\/04\/06\/tildan-de-mais-do-mesmo-ao-novo-proxecto-do-celta\/#respond"]}]},{"@type":"WebPage","@id":"https:\/\/www.anovapeneira.gal\/index.php\/2022\/04\/06\/tildan-de-mais-do-mesmo-ao-novo-proxecto-do-celta\/","url":"https:\/\/www.anovapeneira.gal\/index.php\/2022\/04\/06\/tildan-de-mais-do-mesmo-ao-novo-proxecto-do-celta\/","name":"Tildan\u00a0de\u00a0m\u00e1is\u00a0do\u00a0mesmo\u00a0ao\u00a0novo\u00a0proxecto\u00a0do\u00a0Celta -","isPartOf":{"@id":"https:\/\/www.anovapeneira.gal\/#website"},"primaryImageOfPage":{"@id":"https:\/\/www.anovapeneira.gal\/index.php\/2022\/04\/06\/tildan-de-mais-do-mesmo-ao-novo-proxecto-do-celta\/#primaryimage"},"image":{"@id":"https:\/\/www.anovapeneira.gal\/index.php\/2022\/04\/06\/tildan-de-mais-do-mesmo-ao-novo-proxecto-do-celta\/#primaryimage"},"thumbnailUrl":"https:\/\/www.anovapeneira.gal\/wp-content\/uploads\/2022\/04\/tameiga-proxecto-celta.jpg","datePublished":"2022-04-06T10:00:09+00:00","description":"A Comunidade de Montes de Tameiga recibiu a representantes do Celta de Vigo, entre eles, Carlos Mouri\u00f1o, presidente do club de f\u00fatbol, quen presentaron o \u201cnovo proxecto\u201d de cidade deportiva en montes comunais das parroquias de Tameiga e Pereiras","breadcrumb":{"@id":"https:\/\/www.anovapeneira.gal\/index.php\/2022\/04\/06\/tildan-de-mais-do-mesmo-ao-novo-proxecto-do-celta\/#breadcrumb"},"inLanguage":"gl-ES","potentialAction":[{"@type":"ReadAction","target":["https:\/\/www.anovapeneira.gal\/index.php\/2022\/04\/06\/tildan-de-mais-do-mesmo-ao-novo-proxecto-do-celta\/"]}]},{"@type":"ImageObject","inLanguage":"gl-ES","@id":"https:\/\/www.anovapeneira.gal\/index.php\/2022\/04\/06\/tildan-de-mais-do-mesmo-ao-novo-proxecto-do-celta\/#primaryimage","url":"https:\/\/www.anovapeneira.gal\/wp-content\/uploads\/2022\/04\/tameiga-proxecto-celta.jpg","contentUrl":"https:\/\/www.anovapeneira.gal\/wp-content\/uploads\/2022\/04\/tameiga-proxecto-celta.jpg","width":720,"height":432,"caption":"A Comunidade de Montes de Tameiga recibiu a representantes do Celta de Vigo"},{"@type":"BreadcrumbList","@id":"https:\/\/www.anovapeneira.gal\/index.php\/2022\/04\/06\/tildan-de-mais-do-mesmo-ao-novo-proxecto-do-celta\/#breadcrumb","itemListElement":[{"@type":"ListItem","position":1,"name":"Portada","item":"https:\/\/www.anovapeneira.gal\/"},{"@type":"ListItem","position":2,"name":"Tildan\u00a0de\u00a0m\u00e1is\u00a0do\u00a0mesmo\u00a0ao\u00a0novo\u00a0proxecto\u00a0do\u00a0Celta"}]},{"@type":"WebSite","@id":"https:\/\/www.anovapeneira.gal\/#website","url":"https:\/\/www.anovapeneira.gal\/","name":"","description":"Xornal galego de informaci\u00f3n xeral Publicaci\u00f3n mensual de novas de Galicia e en especial dos Concellos da sur da provincia de Pontevedra.","publisher":{"@id":"https:\/\/www.anovapeneira.gal\/#organization"},"potentialAction":[{"@type":"SearchAction","target":{"@type":"EntryPoint","urlTemplate":"https:\/\/www.anovapeneira.gal\/?s={search_term_string}"},"query-input":{"@type":"PropertyValueSpecification","valueRequired":true,"valueName":"search_term_string"}}],"inLanguage":"gl-ES"},{"@type":"Organization","@id":"https:\/\/www.anovapeneira.gal\/#organization","name":"A Nova Peneira","url":"https:\/\/www.anovapeneira.gal\/","logo":{"@type":"ImageObject","inLanguage":"gl-ES","@id":"https:\/\/www.anovapeneira.gal\/#\/schema\/logo\/image\/","url":"http:\/\/www.anovapeneira.gal\/wp-content\/uploads\/2019\/06\/logo_a_nova_peneira_portal_web.png","contentUrl":"http:\/\/www.anovapeneira.gal\/wp-content\/uploads\/2019\/06\/logo_a_nova_peneira_portal_web.png","width":300,"height":100,"caption":"A Nova Peneira"},"image":{"@id":"https:\/\/www.anovapeneira.gal\/#\/schema\/logo\/image\/"},"sameAs":["https:\/\/www.facebook.com\/anovapeneira","https:\/\/x.com\/APeneira"]},{"@type":"Person","@id":"https:\/\/www.anovapeneira.gal\/#\/schema\/person\/b93e3f8932e3f8da96334607eb6ac6aa","name":"Redacci\u00f3n A Nova Peneira","image":{"@type":"ImageObject","inLanguage":"gl-ES","@id":"https:\/\/secure.gravatar.com\/avatar\/c052a2551a06e23fac63626232eaa90abd78dbcf1700fc46a2b2c89fd27b735f?s=96&d=mm&r=g","url":"https:\/\/secure.gravatar.com\/avatar\/c052a2551a06e23fac63626232eaa90abd78dbcf1700fc46a2b2c89fd27b735f?s=96&d=mm&r=g","contentUrl":"https:\/\/secure.gravatar.com\/avatar\/c052a2551a06e23fac63626232eaa90abd78dbcf1700fc46a2b2c89fd27b735f?s=96&d=mm&r=g","caption":"Redacci\u00f3n A Nova Peneira"},"sameAs":["http:\/\/www.anovapeneira.gal\/"],"url":"https:\/\/www.anovapeneira.gal\/index.php\/author\/redactor\/"}]}},"jetpack_featured_media_url":"https:\/\/www.anovapeneira.gal\/wp-content\/uploads\/2022\/04\/tameiga-proxecto-celta.jpg","_links":{"self":[{"href":"https:\/\/www.anovapeneira.gal\/index.php\/wp-json\/wp\/v2\/posts\/7237","targetHints":{"allow":["GET"]}}],"collection":[{"href":"https:\/\/www.anovapeneira.gal\/index.php\/wp-json\/wp\/v2\/posts"}],"about":[{"href":"https:\/\/www.anovapeneira.gal\/index.php\/wp-json\/wp\/v2\/types\/post"}],"author":[{"embeddable":true,"href":"https:\/\/www.anovapeneira.gal\/index.php\/wp-json\/wp\/v2\/users\/3"}],"replies":[{"embeddable":true,"href":"https:\/\/www.anovapeneira.gal\/index.php\/wp-json\/wp\/v2\/comments?post=7237"}],"version-history":[{"count":2,"href":"https:\/\/www.anovapeneira.gal\/index.php\/wp-json\/wp\/v2\/posts\/7237\/revisions"}],"predecessor-version":[{"id":7240,"href":"https:\/\/www.anovapeneira.gal\/index.php\/wp-json\/wp\/v2\/posts\/7237\/revisions\/7240"}],"wp:featuredmedia":[{"embeddable":true,"href":"https:\/\/www.anovapeneira.gal\/index.php\/wp-json\/wp\/v2\/media\/7239"}],"wp:attachment":[{"href":"https:\/\/www.anovapeneira.gal\/index.php\/wp-json\/wp\/v2\/media?parent=7237"}],"wp:term":[{"taxonomy":"category","embeddable":true,"href":"https:\/\/www.anovapeneira.gal\/index.php\/wp-json\/wp\/v2\/categories?post=7237"},{"taxonomy":"post_tag","embeddable":true,"href":"https:\/\/www.anovapeneira.gal\/index.php\/wp-json\/wp\/v2\/tags?post=7237"}],"curies":[{"name":"wp","href":"https:\/\/api.w.org\/{rel}","templated":true}]}}