{"id":7241,"date":"2022-04-07T10:00:58","date_gmt":"2022-04-07T08:00:58","guid":{"rendered":"https:\/\/www.anovapeneira.gal\/?p=7241"},"modified":"2022-04-04T09:56:38","modified_gmt":"2022-04-04T07:56:38","slug":"a-nova-peneira-pola-liberdade-do-pobo-saharaui","status":"publish","type":"post","link":"https:\/\/www.anovapeneira.gal\/index.php\/2022\/04\/07\/a-nova-peneira-pola-liberdade-do-pobo-saharaui\/","title":{"rendered":"A Nova Peneira pola liberdade do pobo saharau\u00ed"},"content":{"rendered":"\n<pre class=\"wp-block-verse\">Tino Lago<\/pre>\n\n\n\n<p>O S\u00e1hara occidental \u00e9 un territorio que se encontra no borde occidental do deserto do S\u00e1hara e est\u00e9ndese ao longo de case 1.000 quil\u00f3metros de costa atl\u00e1ntica. Limita con Marrocos, con Alxeria e con Mauritania. Ten unha superficie de case 270.000 quil\u00f3metros cadrados, pero a maior parte do seu terreo \u00e9 deserto. O n\u00famero de habitantes que viven neste pa\u00eds ao que non lle permiten ser libre \u00e9 de arredor de 500.000 persoas. Malia que a maior parte do seu terreo \u00e9 deserto conta cun dos bancos pesqueiros m\u00e1is importantes de todo o mundo e con grandes reservas de fosfatos.<\/p>\n\n\n\n<p>O S\u00e1hara occidental foi poboado por tribos bereberes ata que en 1884 Espa\u00f1a colonizouno convert\u00e9ndoo medio s\u00e9culo m\u00e1is tarde, en 1934, en provincia espa\u00f1ola chamada S\u00e1hara espa\u00f1ol. Ent\u00f3n xa pesaban as demandas de Marrocos, que reclamaba o territorio como seu, as\u00ed como de Mauritania. Asemade en 1973 nace un movemento independentista entre o propio pobo saharau\u00ed coa creaci\u00f3n da Fronte Polisario. En 1974 Espa\u00f1a anuncia a s\u00faa intenci\u00f3n de conceder unha maior autonom\u00eda aos saharau\u00eds e de promover un referendo de independencia que nunca se chegou a celebrar pois un ano despois retirouse. Nese momento Marrocos anexi\u00f3nase o S\u00e1hara occidental alentando a milleiros de marroqu\u00eds a establec\u00e9rense al\u00ed. De feito en novembro dese ano arredor de 300.000 marroqu\u00eds cruzan a fronteira na chamada \u201cmarcha verde\u201d para presionar en prol das reivindicaci\u00f3ns do seu pa\u00eds. A partir dese momento a Fronte Polisario inicia unha guerra que se prolonga 16 anos. Foi en febreiro de 1976 cando proclamou a Rep\u00fablica \u00c1rabe Saharau\u00ed democr\u00e1tica (RASD) co apoio de aliados como Alxeria. A RASD \u00e9 reco\u00f1ecida por 80 pa\u00edses e \u00e9 membro da uni\u00f3n africana En 1991 a Onu conseguiu unha tregua que prev\u00eda a celebraci\u00f3n dun referendo, que nunca se puido realizar. O resultado da guerra foi que Marrocos controla arredor do 80% do territorio, o m\u00e1is rico, sendo o 20% m\u00e1is pobre o que administran os propios saharau\u00eds. Tres d\u00e9cadas despois o referendo segue sen celebrarse pois Marrocos oponse a que sexan os saharau\u00eds os que decidan o seu futuro e non se move da s\u00faa posici\u00f3n consistente en converter \u00e1 antiga colonia espa\u00f1ola nunha autonom\u00eda do seu estado. O goberno espa\u00f1ol nun xiro vergonzoso \u00e1 s\u00faa pol\u00edtica acaba de respaldar a posici\u00f3n de Marrocos nun acto a todas luces inmoral que deixa tirados e centos de miles de persoas que un d\u00eda foron espa\u00f1ois. A decisi\u00f3n sup\u00f3n seguir a posici\u00f3n pol\u00edtica dos EEUU, ou a saber se as s\u00faas ordes, cando en decembro do 2020 o ent\u00f3n presidente Trump reco\u00f1ece a soberan\u00eda marroqu\u00ed do S\u00e1hara, e anuncia( supo\u00f1o que como contraprestaci\u00f3n esixida aos marroqu\u00eds) a normalizaci\u00f3n das relaci\u00f3ns entre Marrocos e Israel. Desde este humilde medio de comunicaci\u00f3n non temos por costume mirar cara ao outro lado, todo o contrario adoitamos tomar partido, partido ata mancharnos e as\u00ed o facemos novamente pola \u00fanica posici\u00f3n xusta que \u00e9 que sexan os propios saharau\u00eds os que decidan o seu futuro. Asemade, temos a convicci\u00f3n de que que alg\u00fan d\u00eda o peso da historia bater\u00e1 con toda a s\u00faa intensidade sobre a ignominia, sobre a felon\u00eda que acaba de expresar o goberno de Espa\u00f1a p\u00f3ndose do lado do opresor e abandonando ao oprimido. N\u00f3s conversamos coa presidenta da asociaci\u00f3n de solidariedade galega co pobo saharau\u00ed<\/p>\n\n\n\n<h2 class=\"wp-block-heading\"><strong>Maite Isla, presidenta da asociaci\u00f3n: solidariedade galega co pobo saharau\u00ed<\/strong><\/h2>\n\n\n\n<h2 class=\"wp-block-heading\"><strong>o S\u00e1hara no coraz\u00f3n<\/strong><\/h2>\n\n\n\n<p>\u201c<strong>Hai militantes e cargos org\u00e1nicos do partido socialista que est\u00e1n asombrados pola posici\u00f3n que acaba de expresar Pedro S\u00e1nchez ao respecto do S\u00e1hara e que en absoluto comparten\u201d<\/strong><\/p>\n\n\n\n<figure class=\"wp-block-image size-full\"><img loading=\"lazy\" decoding=\"async\" width=\"720\" height=\"432\" src=\"https:\/\/www.anovapeneira.gal\/wp-content\/uploads\/2022\/04\/maite_sahara.jpg\" alt=\"\" class=\"wp-image-7242\" srcset=\"https:\/\/www.anovapeneira.gal\/wp-content\/uploads\/2022\/04\/maite_sahara.jpg 720w, https:\/\/www.anovapeneira.gal\/wp-content\/uploads\/2022\/04\/maite_sahara-300x180.jpg 300w\" sizes=\"auto, (max-width: 720px) 100vw, 720px\" \/><\/figure>\n\n\n\n<p><strong>Ti es natural do Condado verdade Maite?<\/strong><\/p>\n\n\n\n<blockquote class=\"wp-block-quote is-layout-flow wp-block-quote-is-layout-flow\"><p>Si, eu nac\u00edn en Mondariz, en concreto na parroquia de Cernadela<\/p><\/blockquote>\n\n\n\n<p><strong>Como chegaches a ter o v\u00ednculo tan intenso que tes co pobo saharau\u00ed ?<\/strong><\/p>\n\n\n\n<blockquote class=\"wp-block-quote is-layout-flow wp-block-quote-is-layout-flow\"><p>Todo comezou, como tantas cousas na vida , de casualidade. Era eu unha nena de arredor de 14 ou 15 anos e estaba a estudar no instituto do Porri\u00f1o cando co\u00f1ec\u00edn que en Vigo \u00eda impartirse unha charla sobre o S\u00e1hara e Palestina. E al\u00ed fun cun grupo de amigas<\/p><\/blockquote>\n\n\n\n<p><strong>Lembras quen deu esa charla?<\/strong><\/p>\n\n\n\n<blockquote class=\"wp-block-quote is-layout-flow wp-block-quote-is-layout-flow\"><p>Si, P\u00edo Moa xunto a dous profesores do Baixo Mi\u00f1o<\/p><\/blockquote>\n\n\n\n<p><strong>Caramba vaia sorpresa<\/strong><\/p>\n\n\n\n<blockquote class=\"wp-block-quote is-layout-flow wp-block-quote-is-layout-flow\"><p>Non, pero no \u00e9 quen ti pensas. Falo de P\u00edo Moa pai, un home marabilloso que estivo moitos anos ao fronte da asociaci\u00f3n<\/p><\/blockquote>\n\n\n\n<p><strong>Cando se fundou a asociaci\u00f3n?<\/strong><\/p>\n\n\n\n<blockquote class=\"wp-block-quote is-layout-flow wp-block-quote-is-layout-flow\"><p>No ano 1989<\/p><\/blockquote>\n\n\n\n<p><strong>Cando te incorporaches ti?<\/strong><\/p>\n\n\n\n<blockquote class=\"wp-block-quote is-layout-flow wp-block-quote-is-layout-flow\"><p>No ano 1992, o primeiro ano que vi\u00f1eron nenos e nenas saharau\u00eds a Galicia baixo o programa:\u201d vacaci\u00f3ns en paz\u201d.Eu inicialmente ach\u00e9gome como colaboradora. E dous anos despois, en 1994, acollemos na mi\u00f1a casa a un neno saharau\u00ed por vez primeira, e xa me met\u00edn de tal maneira que xa non podo concibir a mi\u00f1a vida sen o pobo saharau\u00ed. Se non me falla a memoria creo que foi no 2003 cando cheguei \u00e1 presidencia<\/p><\/blockquote>\n\n\n\n<p><strong>Creo que tendes unha relaci\u00f3n un tanto especial con esta r\u00faa, Gregorio Espino, verdade?<\/strong><\/p>\n\n\n\n<blockquote class=\"wp-block-quote is-layout-flow wp-block-quote-is-layout-flow\"><p>Si, antes de termos este local ti\u00f1amos outro na mesma r\u00faa. Supo\u00f1o que ten que ver con que a CIG estea aqu\u00ed ao lado. E, como xa te\u00f1o manifestado nalgunha outra ocasi\u00f3n, a CIG \u00e9 a nosa segunda casa.<\/p><\/blockquote>\n\n\n\n<p><strong>Cales son as principais actividades que organiza a asociaci\u00f3n?<\/strong><\/p>\n\n\n\n<blockquote class=\"wp-block-quote is-layout-flow wp-block-quote-is-layout-flow\"><p>A m\u00e1is co\u00f1ecida \u00e9 \u201cvacaci\u00f3ns en paz\u201d.\u00c9 un programa de acollemento de nenos e nenas de entre 8 e 12 anos durante os meses de ver\u00e1n. Entre os seus obxectivos est\u00e1 que se poidan separar das altas temperaturas dos campamentos<\/p><\/blockquote>\n\n\n\n<p><strong>Que temperatura pode haber?<\/strong><\/p>\n\n\n\n<blockquote class=\"wp-block-quote is-layout-flow wp-block-quote-is-layout-flow\"><p>Como pouco no ver\u00e1n 50 graos \u00e1 sombra<\/p><\/blockquote>\n\n\n\n<p><strong>Eses meses que est\u00e1n as crianzas en Galicia te\u00f1en alg\u00fan tipo de cobertura sanitaria?<\/strong><\/p>\n\n\n\n<blockquote class=\"wp-block-quote is-layout-flow wp-block-quote-is-layout-flow\"><p>Si. N\u00f3s temos un convenio co SERGAS. No momento que chegan xa lles temos listas as s\u00faas tarxetas sanitarias co que as familias poden levalas aos pediatras que lles corresponden. Tam\u00e9n temos convenios con distintas cl\u00ednicas e \u00f3pticas. A vista e a dentadura, polas condici\u00f3ns da vida no deserto, se cadra son dos problemas de sa\u00fade m\u00e1is habituais que adoitan ter as nenas e nenos saharau\u00eds<\/p><\/blockquote>\n\n\n\n<p><strong>Que tal se adaptan as crianzas aos idiomas das familias de acollida?<\/strong><\/p>\n\n\n\n<blockquote class=\"wp-block-quote is-layout-flow wp-block-quote-is-layout-flow\"><p>Moi ben eles son como esponxas<\/p><\/blockquote>\n\n\n\n<p><strong>Ben, al\u00e9n de \u201cvacaci\u00f3ns en paz\u201d, o voso programa m\u00e1is importante. Dime alg\u00fan outro dos que organice a vosa asociaci\u00f3n?<\/strong><\/p>\n\n\n\n<blockquote class=\"wp-block-quote is-layout-flow wp-block-quote-is-layout-flow\"><p>Temos o proxecto \u201c madrasa\u201d que son nenos e nenas que ve\u00f1en a estudar e no ver\u00e1n marchan coas s\u00faas familias. Tam\u00e9n quixera falar da \u201c comisi\u00f3n sanitaria\u201d que est\u00e1 formada por todo tipo de persoal sanitario que van traballar aos campamentos. A Caravana \u00e9 outro dos noso proxectos estrela. Mandamos cami\u00f3ns cheos de alimentos e medicamentos. Aproveito a oportunidade das vosas p\u00e1xinas para facer un chamamento \u00e1 solidariedade de calquera empresa que estea a ler esta reportaxe para pedirlles por favor que se dispo\u00f1en dalg\u00fan cami\u00f3n ou medio de transporte que xa non utilicen sexan tan amables de doalo. Para os saharau\u00eds seria marabilloso.<\/p><\/blockquote>\n\n\n\n<blockquote class=\"wp-block-quote is-layout-flow wp-block-quote-is-layout-flow\"><p>E por \u00faltimo menciono o intergrupo do parlamento galego \u201c paz e solidariedade polo pobo saharau\u00ed\u201d formado por <a href=\"mailto:parlamentari@s\">parlamentari@s<\/a> de todas as forzas pol\u00edticas que te\u00f1en representaci\u00f3n .<\/p><\/blockquote>\n\n\n\n<p><strong>Acabades e viaxar aos campamentos verdade?<\/strong><\/p>\n\n\n\n<blockquote class=\"wp-block-quote is-layout-flow wp-block-quote-is-layout-flow\"><p>Si,e os representantes do intergrupo vi\u00f1eron con n\u00f3s. Tivemos varios encontros coas principais autoridades pol\u00edticas saharau\u00eds. O parlamento galego \u00e9 dos parlamentos de todo o estado nos que hai unha maior sensibilidade cara a pobo saharau\u00ed.<\/p><\/blockquote>\n\n\n\n<p><strong>Como est\u00e1 a situaci\u00f3n no momento presente?<\/strong><\/p>\n\n\n\n<blockquote class=\"wp-block-quote is-layout-flow wp-block-quote-is-layout-flow\"><p>Os saharau\u00eds viven, al\u00e9n dos que est\u00e1n na di\u00e1spora, en 3 zonas diferentes:- Nos territorios ocupados por Marrocos-Na zona liberada, que era a que antes reclamaba Mauritania-E nos campamentos, nos que viven m\u00e1is de 200.000 persoas. Estes \u00faltimos est\u00e1n no que \u00e9 territorio de Alxeria, en concreto no deserto do Tinduf<\/p><\/blockquote>\n\n\n\n<p><strong>Cal desas 3 zonas \u00e9 a m\u00e1is rica?<\/strong><\/p>\n\n\n\n<blockquote class=\"wp-block-quote is-layout-flow wp-block-quote-is-layout-flow\"><p>As zonas ocupadas por Marrocos. Al\u00ed est\u00e1n os bancos de Pesca e as riquezas minerais m\u00e1is importantes<\/p><\/blockquote>\n\n\n\n<p><strong>Ti estiveches nas zonas ocupadas?<\/strong><\/p>\n\n\n\n<blockquote class=\"wp-block-quote is-layout-flow wp-block-quote-is-layout-flow\"><p>Si, un par de veces<\/p><\/blockquote>\n\n\n\n<p><strong>E non tiveches problemas coa polic\u00eda marroqu\u00ed?<\/strong><\/p>\n\n\n\n<blockquote class=\"wp-block-quote is-layout-flow wp-block-quote-is-layout-flow\"><p>Claro que tivemos<\/p><\/blockquote>\n\n\n\n<p><strong>Quen administra as zonas liberadas e os campamentos?<\/strong><\/p>\n\n\n\n<blockquote class=\"wp-block-quote is-layout-flow wp-block-quote-is-layout-flow\"><p>A fronte Polisario. Os campamentos te\u00f1en nomes das cidades das zonas ocupadas<\/p><\/blockquote>\n\n\n\n<p><strong>Os campamentos son zona des\u00e9rtica. Como conseguiron a auga e a electricidade?<\/strong><\/p>\n\n\n\n<blockquote class=\"wp-block-quote is-layout-flow wp-block-quote-is-layout-flow\"><p>Ao principio pas\u00e1rono realmente mal. Grazas a Alxeria foron mellorando a s\u00faa situaci\u00f3n. Os saharau\u00eds da di\u00e1spora tam\u00e9n son de grande axuda al\u00e9n da axuda humanitaria que lles vai chegando. Sen embargo estes dous anos de pandemia foron horribles para eles e non lles chegou apenas nada. De feito agora mesmo a situaci\u00f3n nos campamentos \u00e9 dificil\u00edsima<\/p><\/blockquote>\n\n\n\n<p><strong>Marrocos reclama s\u00f3 as zonas que ocupa na actualidade ou tam\u00e9n as zonas liberadas que administran os propios saharau\u00eds?<\/strong><\/p>\n\n\n\n<blockquote class=\"wp-block-quote is-layout-flow wp-block-quote-is-layout-flow\"><p>Reclama todo<\/p><\/blockquote>\n\n\n\n<p>S<strong>upo\u00f1o que estar\u00e1s indignada coa posici\u00f3n ao respecto do S\u00e1hara que acaba de expresar o goberno espa\u00f1ol?<\/strong><\/p>\n\n\n\n<blockquote class=\"wp-block-quote is-layout-flow wp-block-quote-is-layout-flow\"><p>Terriblemente indignada, absolutamente decepcionada e asombrada ata o infinito. \u00c9 unha traiz\u00f3n a pobo saharau\u00ed, \u00e9 unha traiz\u00f3n a Espa\u00f1a , \u00e9 un movemento pol\u00edtico absurdo que nos enfronta a un dos nosos principais subministradores de gas neste contexto tan dif\u00edcil e \u00e9 unha posici\u00f3n que vai en contra das resoluci\u00f3ns da ONU. Hai militantes e cargos org\u00e1nicos do partido socialista que est\u00e1n asombrados por esta posici\u00f3n que non comparten en absoluto.<\/p><\/blockquote>\n\n\n\n<blockquote class=\"wp-block-quote is-layout-flow wp-block-quote-is-layout-flow\"><p>E as xustificaci\u00f3ns do goberno e dos seus diferentes voceiros, referentes a que eles est\u00e1n polas resoluci\u00f3ns da ONU, non as cre ningu\u00e9n. As resoluci\u00f3ns da ONU non son compatibles coa posici\u00f3n que acaba de expresar Espa\u00f1a. Non \u00e9 posible defender ao mesmo tempo o dereito a autodeterminaci\u00f3n do pobo saharau\u00ed e a s\u00faa situaci\u00f3n como unha autonom\u00eda dentro do estado marroqu\u00ed. Son d\u00faas posici\u00f3ns antag\u00f3nicas. E tratar de convencer a algu\u00e9n de que se poden manifestar as d\u00faas \u00e9 absurdo e s\u00f3 engana a quen queira ser enganado.<\/p><\/blockquote>\n","protected":false},"excerpt":{"rendered":"<div class=\"mh-excerpt\"><p>O S\u00e1hara occidental \u00e9 un territorio que se encontra no borde occidental do deserto do S\u00e1hara e est\u00e9ndese ao longo de case 1.000 quil\u00f3metros de costa atl\u00e1ntica. Limita con Marrocos, con Alxeria e con Mauritania. Ten unha superficie de case 270.000 quil\u00f3metros cadrados, pero a maior parte do seu terreo \u00e9 deserto. O n\u00famero de habitantes que viven neste pa\u00eds ao que non lle permiten ser libre \u00e9 de arredor de 500.000 persoas <a class=\"mh-excerpt-more\" href=\"https:\/\/www.anovapeneira.gal\/index.php\/2022\/04\/07\/a-nova-peneira-pola-liberdade-do-pobo-saharaui\/\" title=\"A Nova Peneira pola liberdade do pobo saharau\u00ed\">[&#8230;]<\/a><\/p>\n<\/div>","protected":false},"author":2,"featured_media":7244,"comment_status":"open","ping_status":"open","sticky":false,"template":"","format":"standard","meta":{"_exactmetrics_skip_tracking":false,"_exactmetrics_sitenote_active":false,"_exactmetrics_sitenote_note":"","_exactmetrics_sitenote_category":0,"footnotes":""},"categories":[589],"tags":[126],"class_list":{"0":"post-7241","1":"post","2":"type-post","3":"status-publish","4":"format-standard","5":"has-post-thumbnail","7":"category-reportaxe_galicia","8":"tag-sahara"},"yoast_head":"<!-- This site is optimized with the Yoast SEO plugin v27.4 - https:\/\/yoast.com\/product\/yoast-seo-wordpress\/ -->\n<title>A Nova Peneira pola liberdade do pobo saharau\u00ed -<\/title>\n<meta name=\"robots\" content=\"index, follow, max-snippet:-1, max-image-preview:large, max-video-preview:-1\" \/>\n<link rel=\"canonical\" href=\"https:\/\/www.anovapeneira.gal\/index.php\/2022\/04\/07\/a-nova-peneira-pola-liberdade-do-pobo-saharaui\/\" \/>\n<meta property=\"og:locale\" content=\"gl_ES\" \/>\n<meta property=\"og:type\" content=\"article\" \/>\n<meta property=\"og:title\" content=\"A Nova Peneira pola liberdade do pobo saharau\u00ed -\" \/>\n<meta property=\"og:description\" content=\"O S\u00e1hara occidental \u00e9 un territorio que se encontra no borde occidental do deserto do S\u00e1hara e est\u00e9ndese ao longo de case 1.000 quil\u00f3metros de costa atl\u00e1ntica. Limita con Marrocos, con Alxeria e con Mauritania. Ten unha superficie de case 270.000 quil\u00f3metros cadrados, pero a maior parte do seu terreo \u00e9 deserto. O n\u00famero de habitantes que viven neste pa\u00eds ao que non lle permiten ser libre \u00e9 de arredor de 500.000 persoas [...]\" \/>\n<meta property=\"og:url\" content=\"https:\/\/www.anovapeneira.gal\/index.php\/2022\/04\/07\/a-nova-peneira-pola-liberdade-do-pobo-saharaui\/\" \/>\n<meta property=\"article:publisher\" content=\"https:\/\/www.facebook.com\/anovapeneira\" \/>\n<meta property=\"article:published_time\" content=\"2022-04-07T08:00:58+00:00\" \/>\n<meta property=\"og:image\" content=\"https:\/\/www.anovapeneira.gal\/wp-content\/uploads\/2022\/04\/mapa_sahara.jpg\" \/>\n\t<meta property=\"og:image:width\" content=\"720\" \/>\n\t<meta property=\"og:image:height\" content=\"432\" \/>\n\t<meta property=\"og:image:type\" content=\"image\/jpeg\" \/>\n<meta name=\"author\" content=\"Tino Lago\" \/>\n<meta name=\"twitter:card\" content=\"summary_large_image\" \/>\n<meta name=\"twitter:creator\" content=\"@APeneira\" \/>\n<meta name=\"twitter:site\" content=\"@APeneira\" \/>\n<meta name=\"twitter:label1\" content=\"Escrito por\" \/>\n\t<meta name=\"twitter:data1\" content=\"Tino Lago\" \/>\n\t<meta name=\"twitter:label2\" content=\"Tempo de lectura\" \/>\n\t<meta name=\"twitter:data2\" content=\"9 minutos\" \/>\n<script type=\"application\/ld+json\" class=\"yoast-schema-graph\">{\"@context\":\"https:\\\/\\\/schema.org\",\"@graph\":[{\"@type\":\"Article\",\"@id\":\"https:\\\/\\\/www.anovapeneira.gal\\\/index.php\\\/2022\\\/04\\\/07\\\/a-nova-peneira-pola-liberdade-do-pobo-saharaui\\\/#article\",\"isPartOf\":{\"@id\":\"https:\\\/\\\/www.anovapeneira.gal\\\/index.php\\\/2022\\\/04\\\/07\\\/a-nova-peneira-pola-liberdade-do-pobo-saharaui\\\/\"},\"author\":{\"name\":\"Tino Lago\",\"@id\":\"https:\\\/\\\/www.anovapeneira.gal\\\/#\\\/schema\\\/person\\\/424dfe65e3070fd8a44d22d2c088762a\"},\"headline\":\"A Nova Peneira pola liberdade do pobo saharau\u00ed\",\"datePublished\":\"2022-04-07T08:00:58+00:00\",\"mainEntityOfPage\":{\"@id\":\"https:\\\/\\\/www.anovapeneira.gal\\\/index.php\\\/2022\\\/04\\\/07\\\/a-nova-peneira-pola-liberdade-do-pobo-saharaui\\\/\"},\"wordCount\":1760,\"commentCount\":0,\"publisher\":{\"@id\":\"https:\\\/\\\/www.anovapeneira.gal\\\/#organization\"},\"image\":{\"@id\":\"https:\\\/\\\/www.anovapeneira.gal\\\/index.php\\\/2022\\\/04\\\/07\\\/a-nova-peneira-pola-liberdade-do-pobo-saharaui\\\/#primaryimage\"},\"thumbnailUrl\":\"https:\\\/\\\/www.anovapeneira.gal\\\/wp-content\\\/uploads\\\/2022\\\/04\\\/mapa_sahara.jpg\",\"keywords\":[\"S\u00e1hara\"],\"articleSection\":[\"Reportaxes\"],\"inLanguage\":\"gl-ES\",\"potentialAction\":[{\"@type\":\"CommentAction\",\"name\":\"Comment\",\"target\":[\"https:\\\/\\\/www.anovapeneira.gal\\\/index.php\\\/2022\\\/04\\\/07\\\/a-nova-peneira-pola-liberdade-do-pobo-saharaui\\\/#respond\"]}]},{\"@type\":\"WebPage\",\"@id\":\"https:\\\/\\\/www.anovapeneira.gal\\\/index.php\\\/2022\\\/04\\\/07\\\/a-nova-peneira-pola-liberdade-do-pobo-saharaui\\\/\",\"url\":\"https:\\\/\\\/www.anovapeneira.gal\\\/index.php\\\/2022\\\/04\\\/07\\\/a-nova-peneira-pola-liberdade-do-pobo-saharaui\\\/\",\"name\":\"A Nova Peneira pola liberdade do pobo saharau\u00ed -\",\"isPartOf\":{\"@id\":\"https:\\\/\\\/www.anovapeneira.gal\\\/#website\"},\"primaryImageOfPage\":{\"@id\":\"https:\\\/\\\/www.anovapeneira.gal\\\/index.php\\\/2022\\\/04\\\/07\\\/a-nova-peneira-pola-liberdade-do-pobo-saharaui\\\/#primaryimage\"},\"image\":{\"@id\":\"https:\\\/\\\/www.anovapeneira.gal\\\/index.php\\\/2022\\\/04\\\/07\\\/a-nova-peneira-pola-liberdade-do-pobo-saharaui\\\/#primaryimage\"},\"thumbnailUrl\":\"https:\\\/\\\/www.anovapeneira.gal\\\/wp-content\\\/uploads\\\/2022\\\/04\\\/mapa_sahara.jpg\",\"datePublished\":\"2022-04-07T08:00:58+00:00\",\"breadcrumb\":{\"@id\":\"https:\\\/\\\/www.anovapeneira.gal\\\/index.php\\\/2022\\\/04\\\/07\\\/a-nova-peneira-pola-liberdade-do-pobo-saharaui\\\/#breadcrumb\"},\"inLanguage\":\"gl-ES\",\"potentialAction\":[{\"@type\":\"ReadAction\",\"target\":[\"https:\\\/\\\/www.anovapeneira.gal\\\/index.php\\\/2022\\\/04\\\/07\\\/a-nova-peneira-pola-liberdade-do-pobo-saharaui\\\/\"]}]},{\"@type\":\"ImageObject\",\"inLanguage\":\"gl-ES\",\"@id\":\"https:\\\/\\\/www.anovapeneira.gal\\\/index.php\\\/2022\\\/04\\\/07\\\/a-nova-peneira-pola-liberdade-do-pobo-saharaui\\\/#primaryimage\",\"url\":\"https:\\\/\\\/www.anovapeneira.gal\\\/wp-content\\\/uploads\\\/2022\\\/04\\\/mapa_sahara.jpg\",\"contentUrl\":\"https:\\\/\\\/www.anovapeneira.gal\\\/wp-content\\\/uploads\\\/2022\\\/04\\\/mapa_sahara.jpg\",\"width\":720,\"height\":432,\"caption\":\"Mapa sahara\"},{\"@type\":\"BreadcrumbList\",\"@id\":\"https:\\\/\\\/www.anovapeneira.gal\\\/index.php\\\/2022\\\/04\\\/07\\\/a-nova-peneira-pola-liberdade-do-pobo-saharaui\\\/#breadcrumb\",\"itemListElement\":[{\"@type\":\"ListItem\",\"position\":1,\"name\":\"Portada\",\"item\":\"https:\\\/\\\/www.anovapeneira.gal\\\/\"},{\"@type\":\"ListItem\",\"position\":2,\"name\":\"A Nova Peneira pola liberdade do pobo saharau\u00ed\"}]},{\"@type\":\"WebSite\",\"@id\":\"https:\\\/\\\/www.anovapeneira.gal\\\/#website\",\"url\":\"https:\\\/\\\/www.anovapeneira.gal\\\/\",\"name\":\"\",\"description\":\"Xornal galego de informaci\u00f3n xeral Publicaci\u00f3n mensual de novas de Galicia e en especial dos Concellos da sur da provincia de Pontevedra.\",\"publisher\":{\"@id\":\"https:\\\/\\\/www.anovapeneira.gal\\\/#organization\"},\"potentialAction\":[{\"@type\":\"SearchAction\",\"target\":{\"@type\":\"EntryPoint\",\"urlTemplate\":\"https:\\\/\\\/www.anovapeneira.gal\\\/?s={search_term_string}\"},\"query-input\":{\"@type\":\"PropertyValueSpecification\",\"valueRequired\":true,\"valueName\":\"search_term_string\"}}],\"inLanguage\":\"gl-ES\"},{\"@type\":\"Organization\",\"@id\":\"https:\\\/\\\/www.anovapeneira.gal\\\/#organization\",\"name\":\"A Nova Peneira\",\"url\":\"https:\\\/\\\/www.anovapeneira.gal\\\/\",\"logo\":{\"@type\":\"ImageObject\",\"inLanguage\":\"gl-ES\",\"@id\":\"https:\\\/\\\/www.anovapeneira.gal\\\/#\\\/schema\\\/logo\\\/image\\\/\",\"url\":\"http:\\\/\\\/www.anovapeneira.gal\\\/wp-content\\\/uploads\\\/2019\\\/06\\\/logo_a_nova_peneira_portal_web.png\",\"contentUrl\":\"http:\\\/\\\/www.anovapeneira.gal\\\/wp-content\\\/uploads\\\/2019\\\/06\\\/logo_a_nova_peneira_portal_web.png\",\"width\":300,\"height\":100,\"caption\":\"A Nova Peneira\"},\"image\":{\"@id\":\"https:\\\/\\\/www.anovapeneira.gal\\\/#\\\/schema\\\/logo\\\/image\\\/\"},\"sameAs\":[\"https:\\\/\\\/www.facebook.com\\\/anovapeneira\",\"https:\\\/\\\/x.com\\\/APeneira\"]},{\"@type\":\"Person\",\"@id\":\"https:\\\/\\\/www.anovapeneira.gal\\\/#\\\/schema\\\/person\\\/424dfe65e3070fd8a44d22d2c088762a\",\"name\":\"Tino Lago\",\"image\":{\"@type\":\"ImageObject\",\"inLanguage\":\"gl-ES\",\"@id\":\"https:\\\/\\\/secure.gravatar.com\\\/avatar\\\/b3df6a06e44bab3111583b90f0f33a0379ee5e3d22cbadd232d39f21c30c62be?s=96&d=mm&r=g\",\"url\":\"https:\\\/\\\/secure.gravatar.com\\\/avatar\\\/b3df6a06e44bab3111583b90f0f33a0379ee5e3d22cbadd232d39f21c30c62be?s=96&d=mm&r=g\",\"contentUrl\":\"https:\\\/\\\/secure.gravatar.com\\\/avatar\\\/b3df6a06e44bab3111583b90f0f33a0379ee5e3d22cbadd232d39f21c30c62be?s=96&d=mm&r=g\",\"caption\":\"Tino Lago\"},\"sameAs\":[\"http:\\\/\\\/www.anovapeneira.gal\"],\"url\":\"https:\\\/\\\/www.anovapeneira.gal\\\/index.php\\\/author\\\/director\\\/\"}]}<\/script>\n<!-- \/ Yoast SEO plugin. -->","yoast_head_json":{"title":"A Nova Peneira pola liberdade do pobo saharau\u00ed -","robots":{"index":"index","follow":"follow","max-snippet":"max-snippet:-1","max-image-preview":"max-image-preview:large","max-video-preview":"max-video-preview:-1"},"canonical":"https:\/\/www.anovapeneira.gal\/index.php\/2022\/04\/07\/a-nova-peneira-pola-liberdade-do-pobo-saharaui\/","og_locale":"gl_ES","og_type":"article","og_title":"A Nova Peneira pola liberdade do pobo saharau\u00ed -","og_description":"O S\u00e1hara occidental \u00e9 un territorio que se encontra no borde occidental do deserto do S\u00e1hara e est\u00e9ndese ao longo de case 1.000 quil\u00f3metros de costa atl\u00e1ntica. Limita con Marrocos, con Alxeria e con Mauritania. Ten unha superficie de case 270.000 quil\u00f3metros cadrados, pero a maior parte do seu terreo \u00e9 deserto. O n\u00famero de habitantes que viven neste pa\u00eds ao que non lle permiten ser libre \u00e9 de arredor de 500.000 persoas [...]","og_url":"https:\/\/www.anovapeneira.gal\/index.php\/2022\/04\/07\/a-nova-peneira-pola-liberdade-do-pobo-saharaui\/","article_publisher":"https:\/\/www.facebook.com\/anovapeneira","article_published_time":"2022-04-07T08:00:58+00:00","og_image":[{"width":720,"height":432,"url":"https:\/\/www.anovapeneira.gal\/wp-content\/uploads\/2022\/04\/mapa_sahara.jpg","type":"image\/jpeg"}],"author":"Tino Lago","twitter_card":"summary_large_image","twitter_creator":"@APeneira","twitter_site":"@APeneira","twitter_misc":{"Escrito por":"Tino Lago","Tempo de lectura":"9 minutos"},"schema":{"@context":"https:\/\/schema.org","@graph":[{"@type":"Article","@id":"https:\/\/www.anovapeneira.gal\/index.php\/2022\/04\/07\/a-nova-peneira-pola-liberdade-do-pobo-saharaui\/#article","isPartOf":{"@id":"https:\/\/www.anovapeneira.gal\/index.php\/2022\/04\/07\/a-nova-peneira-pola-liberdade-do-pobo-saharaui\/"},"author":{"name":"Tino Lago","@id":"https:\/\/www.anovapeneira.gal\/#\/schema\/person\/424dfe65e3070fd8a44d22d2c088762a"},"headline":"A Nova Peneira pola liberdade do pobo saharau\u00ed","datePublished":"2022-04-07T08:00:58+00:00","mainEntityOfPage":{"@id":"https:\/\/www.anovapeneira.gal\/index.php\/2022\/04\/07\/a-nova-peneira-pola-liberdade-do-pobo-saharaui\/"},"wordCount":1760,"commentCount":0,"publisher":{"@id":"https:\/\/www.anovapeneira.gal\/#organization"},"image":{"@id":"https:\/\/www.anovapeneira.gal\/index.php\/2022\/04\/07\/a-nova-peneira-pola-liberdade-do-pobo-saharaui\/#primaryimage"},"thumbnailUrl":"https:\/\/www.anovapeneira.gal\/wp-content\/uploads\/2022\/04\/mapa_sahara.jpg","keywords":["S\u00e1hara"],"articleSection":["Reportaxes"],"inLanguage":"gl-ES","potentialAction":[{"@type":"CommentAction","name":"Comment","target":["https:\/\/www.anovapeneira.gal\/index.php\/2022\/04\/07\/a-nova-peneira-pola-liberdade-do-pobo-saharaui\/#respond"]}]},{"@type":"WebPage","@id":"https:\/\/www.anovapeneira.gal\/index.php\/2022\/04\/07\/a-nova-peneira-pola-liberdade-do-pobo-saharaui\/","url":"https:\/\/www.anovapeneira.gal\/index.php\/2022\/04\/07\/a-nova-peneira-pola-liberdade-do-pobo-saharaui\/","name":"A Nova Peneira pola liberdade do pobo saharau\u00ed -","isPartOf":{"@id":"https:\/\/www.anovapeneira.gal\/#website"},"primaryImageOfPage":{"@id":"https:\/\/www.anovapeneira.gal\/index.php\/2022\/04\/07\/a-nova-peneira-pola-liberdade-do-pobo-saharaui\/#primaryimage"},"image":{"@id":"https:\/\/www.anovapeneira.gal\/index.php\/2022\/04\/07\/a-nova-peneira-pola-liberdade-do-pobo-saharaui\/#primaryimage"},"thumbnailUrl":"https:\/\/www.anovapeneira.gal\/wp-content\/uploads\/2022\/04\/mapa_sahara.jpg","datePublished":"2022-04-07T08:00:58+00:00","breadcrumb":{"@id":"https:\/\/www.anovapeneira.gal\/index.php\/2022\/04\/07\/a-nova-peneira-pola-liberdade-do-pobo-saharaui\/#breadcrumb"},"inLanguage":"gl-ES","potentialAction":[{"@type":"ReadAction","target":["https:\/\/www.anovapeneira.gal\/index.php\/2022\/04\/07\/a-nova-peneira-pola-liberdade-do-pobo-saharaui\/"]}]},{"@type":"ImageObject","inLanguage":"gl-ES","@id":"https:\/\/www.anovapeneira.gal\/index.php\/2022\/04\/07\/a-nova-peneira-pola-liberdade-do-pobo-saharaui\/#primaryimage","url":"https:\/\/www.anovapeneira.gal\/wp-content\/uploads\/2022\/04\/mapa_sahara.jpg","contentUrl":"https:\/\/www.anovapeneira.gal\/wp-content\/uploads\/2022\/04\/mapa_sahara.jpg","width":720,"height":432,"caption":"Mapa sahara"},{"@type":"BreadcrumbList","@id":"https:\/\/www.anovapeneira.gal\/index.php\/2022\/04\/07\/a-nova-peneira-pola-liberdade-do-pobo-saharaui\/#breadcrumb","itemListElement":[{"@type":"ListItem","position":1,"name":"Portada","item":"https:\/\/www.anovapeneira.gal\/"},{"@type":"ListItem","position":2,"name":"A Nova Peneira pola liberdade do pobo saharau\u00ed"}]},{"@type":"WebSite","@id":"https:\/\/www.anovapeneira.gal\/#website","url":"https:\/\/www.anovapeneira.gal\/","name":"","description":"Xornal galego de informaci\u00f3n xeral Publicaci\u00f3n mensual de novas de Galicia e en especial dos Concellos da sur da provincia de Pontevedra.","publisher":{"@id":"https:\/\/www.anovapeneira.gal\/#organization"},"potentialAction":[{"@type":"SearchAction","target":{"@type":"EntryPoint","urlTemplate":"https:\/\/www.anovapeneira.gal\/?s={search_term_string}"},"query-input":{"@type":"PropertyValueSpecification","valueRequired":true,"valueName":"search_term_string"}}],"inLanguage":"gl-ES"},{"@type":"Organization","@id":"https:\/\/www.anovapeneira.gal\/#organization","name":"A Nova Peneira","url":"https:\/\/www.anovapeneira.gal\/","logo":{"@type":"ImageObject","inLanguage":"gl-ES","@id":"https:\/\/www.anovapeneira.gal\/#\/schema\/logo\/image\/","url":"http:\/\/www.anovapeneira.gal\/wp-content\/uploads\/2019\/06\/logo_a_nova_peneira_portal_web.png","contentUrl":"http:\/\/www.anovapeneira.gal\/wp-content\/uploads\/2019\/06\/logo_a_nova_peneira_portal_web.png","width":300,"height":100,"caption":"A Nova Peneira"},"image":{"@id":"https:\/\/www.anovapeneira.gal\/#\/schema\/logo\/image\/"},"sameAs":["https:\/\/www.facebook.com\/anovapeneira","https:\/\/x.com\/APeneira"]},{"@type":"Person","@id":"https:\/\/www.anovapeneira.gal\/#\/schema\/person\/424dfe65e3070fd8a44d22d2c088762a","name":"Tino Lago","image":{"@type":"ImageObject","inLanguage":"gl-ES","@id":"https:\/\/secure.gravatar.com\/avatar\/b3df6a06e44bab3111583b90f0f33a0379ee5e3d22cbadd232d39f21c30c62be?s=96&d=mm&r=g","url":"https:\/\/secure.gravatar.com\/avatar\/b3df6a06e44bab3111583b90f0f33a0379ee5e3d22cbadd232d39f21c30c62be?s=96&d=mm&r=g","contentUrl":"https:\/\/secure.gravatar.com\/avatar\/b3df6a06e44bab3111583b90f0f33a0379ee5e3d22cbadd232d39f21c30c62be?s=96&d=mm&r=g","caption":"Tino Lago"},"sameAs":["http:\/\/www.anovapeneira.gal"],"url":"https:\/\/www.anovapeneira.gal\/index.php\/author\/director\/"}]}},"jetpack_featured_media_url":"https:\/\/www.anovapeneira.gal\/wp-content\/uploads\/2022\/04\/mapa_sahara.jpg","_links":{"self":[{"href":"https:\/\/www.anovapeneira.gal\/index.php\/wp-json\/wp\/v2\/posts\/7241","targetHints":{"allow":["GET"]}}],"collection":[{"href":"https:\/\/www.anovapeneira.gal\/index.php\/wp-json\/wp\/v2\/posts"}],"about":[{"href":"https:\/\/www.anovapeneira.gal\/index.php\/wp-json\/wp\/v2\/types\/post"}],"author":[{"embeddable":true,"href":"https:\/\/www.anovapeneira.gal\/index.php\/wp-json\/wp\/v2\/users\/2"}],"replies":[{"embeddable":true,"href":"https:\/\/www.anovapeneira.gal\/index.php\/wp-json\/wp\/v2\/comments?post=7241"}],"version-history":[{"count":2,"href":"https:\/\/www.anovapeneira.gal\/index.php\/wp-json\/wp\/v2\/posts\/7241\/revisions"}],"predecessor-version":[{"id":7245,"href":"https:\/\/www.anovapeneira.gal\/index.php\/wp-json\/wp\/v2\/posts\/7241\/revisions\/7245"}],"wp:featuredmedia":[{"embeddable":true,"href":"https:\/\/www.anovapeneira.gal\/index.php\/wp-json\/wp\/v2\/media\/7244"}],"wp:attachment":[{"href":"https:\/\/www.anovapeneira.gal\/index.php\/wp-json\/wp\/v2\/media?parent=7241"}],"wp:term":[{"taxonomy":"category","embeddable":true,"href":"https:\/\/www.anovapeneira.gal\/index.php\/wp-json\/wp\/v2\/categories?post=7241"},{"taxonomy":"post_tag","embeddable":true,"href":"https:\/\/www.anovapeneira.gal\/index.php\/wp-json\/wp\/v2\/tags?post=7241"}],"curies":[{"name":"wp","href":"https:\/\/api.w.org\/{rel}","templated":true}]}}