{"id":7249,"date":"2022-04-08T10:00:54","date_gmt":"2022-04-08T08:00:54","guid":{"rendered":"https:\/\/www.anovapeneira.gal\/?p=7249"},"modified":"2022-04-04T10:15:35","modified_gmt":"2022-04-04T08:15:35","slug":"iria-vilaboa-concelleira-de-cultura-de-redondela","status":"publish","type":"post","link":"https:\/\/www.anovapeneira.gal\/index.php\/2022\/04\/08\/iria-vilaboa-concelleira-de-cultura-de-redondela\/","title":{"rendered":"Iria Vilaboa concelleira de Cultura de Redondela"},"content":{"rendered":"\n<p><strong>Marcos Santos<\/strong><\/p>\n\n\n\n<p><strong>Despois da ruptura do goberno bipartito na nosa Vila cultura foi unha das conceller\u00edas que mudou de titular, pois o membro de AER Daniel Boullosa foi substitu\u00eddo pola socialista Iria Vilaboa. Ela \u00e9 unha muller de Vilar que asume a s\u00faa responsabilidade con entusiasmo , coa mellor das vontades para facer ben as cousas e coa intenci\u00f3n de que o universo cultural redondel\u00e1n, o mellor do mundo, estea a altura que se merece.<\/strong><\/p>\n\n\n\n<p>\u201c<strong>A responsabilidade da conceller\u00eda de cultura de Redondela \u00e9 absorbente pero marabillosa\u201d<\/strong><\/p>\n\n\n\n<p><strong>Ti sendo de Vilar este ano tes moi preto a inauguraci\u00f3n do Arte Lixo?<\/strong><\/p>\n\n\n\n<blockquote class=\"wp-block-quote is-layout-flow wp-block-quote-is-layout-flow\"><p>Sii en Quintela. Non imaxinas a ilusi\u00f3n que me fai<\/p><\/blockquote>\n\n\n\n<p><strong>Que valoraci\u00f3n fas destes seis meses como concelleira de cultura?<\/strong><\/p>\n\n\n\n<blockquote class=\"wp-block-quote is-layout-flow wp-block-quote-is-layout-flow\"><p>Desde a mi\u00f1a \u00f3ptica \u00e9 unha valoraci\u00f3n moi positiva. Estou gozando enormemente do meu traballo<\/p><\/blockquote>\n\n\n\n<p><strong>E do traballo de Dani, o teu antecesor, que opini\u00f3n tes?<\/strong><\/p>\n\n\n\n<blockquote class=\"wp-block-quote is-layout-flow wp-block-quote-is-layout-flow\"><p>Prefiro non valorar o traballo de outros, seguro que o fixo o mellor que puido e soubo.<\/p><\/blockquote>\n\n\n\n<p><strong>Que relaci\u00f3n tes co inmenso tecido asociativo que traballa no campo cultural?<\/strong><\/p>\n\n\n\n<blockquote class=\"wp-block-quote is-layout-flow wp-block-quote-is-layout-flow\"><p>\u00c9 das partes m\u00e1is agradables do meu traballo. Aprendo moito deles e esta etapa perm\u00edteme co\u00f1ecer a colectivos moi interesantes<\/p><\/blockquote>\n\n\n\n<p><strong>A nosa vila e a cultura est\u00e1n indisolublemente unidas creo eu?<\/strong><\/p>\n\n\n\n<blockquote class=\"wp-block-quote is-layout-flow wp-block-quote-is-layout-flow\"><p>E tanto que si. Hai tantas actividades, de tanta calidade e con tanta xente, que ten unha enorme implicaci\u00f3n, que \u00e9 unha responsabilidade que esixe moit\u00edsimo tempo e esforzo<\/p><\/blockquote>\n\n\n\n<p><strong>Supo\u00f1o que neste tempo estar\u00e1s cun nivel de actividade enormemente elevado?<\/strong><\/p>\n\n\n\n<blockquote class=\"wp-block-quote is-layout-flow wp-block-quote-is-layout-flow\"><p>Abof\u00e9 que \u00e9 asi. Arte Lixo, T\u00edteres, Choco, Millo verde&#8230;&#8230;Estamos a tope xa pechando todo<\/p><\/blockquote>\n\n\n\n<p><strong>Creo que o choco 2022 vai ser un tanto diferente ao habitual verdade?<\/strong><\/p>\n\n\n\n<blockquote class=\"wp-block-quote is-layout-flow wp-block-quote-is-layout-flow\"><p>Si. Imos ir da man dos hostaleiros e da confrar\u00eda para darlle todo o pulo que sexamos capaces tanto ao produto local, marabilloso, como a nosa hostalar\u00eda exemplar toda ela, de calidade sobresa\u00ednte toda ela, e que tan mal o pasou nestes anos dur\u00edsimos. Este ano as xornadas gastron\u00f3micas ser\u00e1n nos propios locais de restauraci\u00f3n. \u00c9 unha demanda que nos fixo a hostalar\u00eda e n\u00f3s atend\u00e9mola porque a consideramos moi razoable. A programaci\u00f3n do Choco vai en d\u00faas fins de semana. Arrincamos o 29 de abril. Esas fins de semana teremos actuaci\u00f3ns musicais de tarde e de noite. As actuaci\u00f3ns tratar\u00e1n de abranguer todas as prazas da Vila e non estar concentradas nun \u00fanico punto. Trataremos de p\u00f3r en valor o mar e todo o relacionado coa pesca tradicional<\/p><\/blockquote>\n\n\n\n<p><strong>Alg\u00fan comerciante da zona do Salgueiral queixouse ao noso medio de que os tendes esquecidos?<\/strong><\/p>\n\n\n\n<blockquote class=\"wp-block-quote is-layout-flow wp-block-quote-is-layout-flow\"><p>Non \u00e9 f\u00e1cil estar en todas partes. Agrad\u00e9zoche Marcos a informaci\u00f3n, e prometo telo en conta para futuros eventos.<\/p><\/blockquote>\n\n\n\n<p><strong>Vai haber feira do libro?<\/strong><\/p>\n\n\n\n<blockquote class=\"wp-block-quote is-layout-flow wp-block-quote-is-layout-flow\"><p>Non, este ano non pois non houbo datas compatibles. E non creas que non me fastidia. Eu fun libreira durante 15 anos e \u00e9 un mundo ao que me sinto profundamente vinculada<\/p><\/blockquote>\n\n\n\n<p><strong>Deb\u00eda de ser un traballo moi bonito?<\/strong><\/p>\n\n\n\n<blockquote class=\"wp-block-quote is-layout-flow wp-block-quote-is-layout-flow\"><p>Desde logo que si, pero tiven un problema grave: deixaba o soldo en libros<\/p><\/blockquote>\n\n\n\n<p><strong>Este ano vai haber entroido de ver\u00e1n?<\/strong><\/p>\n\n\n\n<blockquote class=\"wp-block-quote is-layout-flow wp-block-quote-is-layout-flow\"><p>Si, vaino haber. Imos tratar de recuperar todas as festas que a pandemia non nos permitiu realizar<\/p><\/blockquote>\n\n\n\n<p><strong>O entroido de Ver\u00e1n vai ser como todos os anos?<\/strong><\/p>\n\n\n\n<blockquote class=\"wp-block-quote is-layout-flow wp-block-quote-is-layout-flow\"><p>A nosa idea vai ser manter o formato<\/p><\/blockquote>\n\n\n\n<p><strong>Alg\u00fan grupo destacado que ides traer?<\/strong><\/p>\n\n\n\n<blockquote class=\"wp-block-quote is-layout-flow wp-block-quote-is-layout-flow\"><p>Vas levar unha sorpresa. Imos traer un grupo moi destacado si. N\u00f3s apostamos polos grupos locais e polos grupos femininos a\u00ednda que \u00e1s veces poida ser , por cuesti\u00f3n de datas ou prezo, complicado<\/p><\/blockquote>\n\n\n\n<p><strong>Ides seguir sen acudir \u00e1s procesi\u00f3ns?<\/strong><\/p>\n\n\n\n<blockquote class=\"wp-block-quote is-layout-flow wp-block-quote-is-layout-flow\"><p>Si. Eu persoalmente, ou quen queira do goberno podemos acudir a misa se quixeramos, pero como corporaci\u00f3n municipal non.<\/p><\/blockquote>\n\n\n\n<p><strong>E despois do entroido de ver\u00e1n que tendes pensado?<\/strong><\/p>\n\n\n\n<blockquote class=\"wp-block-quote is-layout-flow wp-block-quote-is-layout-flow\"><p>Temos en mente volver a ciclos de teatro e mon\u00f3logos que est\u00e1n dando moi bos resultados. E estamos valorando a posibilidade de facer ciclos de maxia<\/p><\/blockquote>\n\n\n\n<p><strong>Finalmente teremos museo na antiga casa dos mestres?<\/strong><\/p>\n\n\n\n<blockquote class=\"wp-block-quote is-layout-flow wp-block-quote-is-layout-flow\"><p>Ese \u00e9 o uso que foi aprobado en pleno, o museo de \u00c1ngel Barros, e agardo que acabe concret\u00e1ndose<\/p><\/blockquote>\n\n\n\n<p><strong>A vosa posici\u00f3n sobre o bacharelato de Artes?<\/strong><\/p>\n\n\n\n<blockquote class=\"wp-block-quote is-layout-flow wp-block-quote-is-layout-flow\"><p>De firmeza absoluta na defensa de que se implante xa. Esta \u00e9 unha necesidade urxente non s\u00f3 da nosa vila sen\u00f3n de toda a nosa comarca e a Xunta debe de cumprir a s\u00faa responsabilidade e satisfacela de contado<\/p><\/blockquote>\n","protected":false},"excerpt":{"rendered":"<div class=\"mh-excerpt\"><p>Despois da ruptura do goberno bipartito na nosa Vila cultura foi unha das conceller\u00edas que mudou de titular, pois o membro de AER Daniel Boullosa foi substitu\u00eddo pola socialista Iria Vilaboa. Ela \u00e9 unha muller de Vilar que asume a s\u00faa responsabilidade con entusiasmo , coa mellor das vontades para facer ben as cousas e coa intenci\u00f3n de que o universo cultural redondel\u00e1n, o mellor do mundo, estea a altura que se merece <a class=\"mh-excerpt-more\" href=\"https:\/\/www.anovapeneira.gal\/index.php\/2022\/04\/08\/iria-vilaboa-concelleira-de-cultura-de-redondela\/\" title=\"Iria Vilaboa concelleira de Cultura de Redondela\">[&#8230;]<\/a><\/p>\n<\/div>","protected":false},"author":6,"featured_media":7250,"comment_status":"open","ping_status":"open","sticky":false,"template":"","format":"standard","meta":{"_exactmetrics_skip_tracking":false,"_exactmetrics_sitenote_active":false,"_exactmetrics_sitenote_note":"","_exactmetrics_sitenote_category":0,"footnotes":""},"categories":[270],"tags":[171],"class_list":{"0":"post-7249","1":"post","2":"type-post","3":"status-publish","4":"format-standard","5":"has-post-thumbnail","7":"category-redondela-entrevistas","8":"tag-concello-de-redondela"},"yoast_head":"<!-- This site is optimized with the Yoast SEO plugin v27.4 - https:\/\/yoast.com\/product\/yoast-seo-wordpress\/ -->\n<title>Iria Vilaboa concelleira de Cultura de Redondela -<\/title>\n<meta name=\"robots\" content=\"index, follow, max-snippet:-1, max-image-preview:large, max-video-preview:-1\" \/>\n<link rel=\"canonical\" href=\"https:\/\/www.anovapeneira.gal\/index.php\/2022\/04\/08\/iria-vilaboa-concelleira-de-cultura-de-redondela\/\" \/>\n<meta property=\"og:locale\" content=\"gl_ES\" \/>\n<meta property=\"og:type\" content=\"article\" \/>\n<meta property=\"og:title\" content=\"Iria Vilaboa concelleira de Cultura de Redondela -\" \/>\n<meta property=\"og:description\" content=\"Despois da ruptura do goberno bipartito na nosa Vila cultura foi unha das conceller\u00edas que mudou de titular, pois o membro de AER Daniel Boullosa foi substitu\u00eddo pola socialista Iria Vilaboa. Ela \u00e9 unha muller de Vilar que asume a s\u00faa responsabilidade con entusiasmo , coa mellor das vontades para facer ben as cousas e coa intenci\u00f3n de que o universo cultural redondel\u00e1n, o mellor do mundo, estea a altura que se merece [...]\" \/>\n<meta property=\"og:url\" content=\"https:\/\/www.anovapeneira.gal\/index.php\/2022\/04\/08\/iria-vilaboa-concelleira-de-cultura-de-redondela\/\" \/>\n<meta property=\"article:publisher\" content=\"https:\/\/www.facebook.com\/anovapeneira\" \/>\n<meta property=\"article:published_time\" content=\"2022-04-08T08:00:54+00:00\" \/>\n<meta property=\"og:image\" content=\"https:\/\/www.anovapeneira.gal\/wp-content\/uploads\/2022\/04\/iria_bilaboa.jpg\" \/>\n\t<meta property=\"og:image:width\" content=\"720\" \/>\n\t<meta property=\"og:image:height\" content=\"432\" \/>\n\t<meta property=\"og:image:type\" content=\"image\/jpeg\" \/>\n<meta name=\"author\" content=\"Marcos Santos\" \/>\n<meta name=\"twitter:card\" content=\"summary_large_image\" \/>\n<meta name=\"twitter:creator\" content=\"@APeneira\" \/>\n<meta name=\"twitter:site\" content=\"@APeneira\" \/>\n<meta name=\"twitter:label1\" content=\"Escrito por\" \/>\n\t<meta name=\"twitter:data1\" content=\"Marcos Santos\" \/>\n\t<meta name=\"twitter:label2\" content=\"Tempo de lectura\" \/>\n\t<meta name=\"twitter:data2\" content=\"4 minutos\" \/>\n<script type=\"application\/ld+json\" class=\"yoast-schema-graph\">{\"@context\":\"https:\\\/\\\/schema.org\",\"@graph\":[{\"@type\":\"Article\",\"@id\":\"https:\\\/\\\/www.anovapeneira.gal\\\/index.php\\\/2022\\\/04\\\/08\\\/iria-vilaboa-concelleira-de-cultura-de-redondela\\\/#article\",\"isPartOf\":{\"@id\":\"https:\\\/\\\/www.anovapeneira.gal\\\/index.php\\\/2022\\\/04\\\/08\\\/iria-vilaboa-concelleira-de-cultura-de-redondela\\\/\"},\"author\":{\"name\":\"Marcos Santos\",\"@id\":\"https:\\\/\\\/www.anovapeneira.gal\\\/#\\\/schema\\\/person\\\/d9d84823564720e7593293bab054e52d\"},\"headline\":\"Iria Vilaboa concelleira de Cultura de Redondela\",\"datePublished\":\"2022-04-08T08:00:54+00:00\",\"mainEntityOfPage\":{\"@id\":\"https:\\\/\\\/www.anovapeneira.gal\\\/index.php\\\/2022\\\/04\\\/08\\\/iria-vilaboa-concelleira-de-cultura-de-redondela\\\/\"},\"wordCount\":762,\"commentCount\":0,\"publisher\":{\"@id\":\"https:\\\/\\\/www.anovapeneira.gal\\\/#organization\"},\"image\":{\"@id\":\"https:\\\/\\\/www.anovapeneira.gal\\\/index.php\\\/2022\\\/04\\\/08\\\/iria-vilaboa-concelleira-de-cultura-de-redondela\\\/#primaryimage\"},\"thumbnailUrl\":\"https:\\\/\\\/www.anovapeneira.gal\\\/wp-content\\\/uploads\\\/2022\\\/04\\\/iria_bilaboa.jpg\",\"keywords\":[\"Concello de Redondela\"],\"articleSection\":[\"Redondela\"],\"inLanguage\":\"gl-ES\",\"potentialAction\":[{\"@type\":\"CommentAction\",\"name\":\"Comment\",\"target\":[\"https:\\\/\\\/www.anovapeneira.gal\\\/index.php\\\/2022\\\/04\\\/08\\\/iria-vilaboa-concelleira-de-cultura-de-redondela\\\/#respond\"]}]},{\"@type\":\"WebPage\",\"@id\":\"https:\\\/\\\/www.anovapeneira.gal\\\/index.php\\\/2022\\\/04\\\/08\\\/iria-vilaboa-concelleira-de-cultura-de-redondela\\\/\",\"url\":\"https:\\\/\\\/www.anovapeneira.gal\\\/index.php\\\/2022\\\/04\\\/08\\\/iria-vilaboa-concelleira-de-cultura-de-redondela\\\/\",\"name\":\"Iria Vilaboa concelleira de Cultura de Redondela -\",\"isPartOf\":{\"@id\":\"https:\\\/\\\/www.anovapeneira.gal\\\/#website\"},\"primaryImageOfPage\":{\"@id\":\"https:\\\/\\\/www.anovapeneira.gal\\\/index.php\\\/2022\\\/04\\\/08\\\/iria-vilaboa-concelleira-de-cultura-de-redondela\\\/#primaryimage\"},\"image\":{\"@id\":\"https:\\\/\\\/www.anovapeneira.gal\\\/index.php\\\/2022\\\/04\\\/08\\\/iria-vilaboa-concelleira-de-cultura-de-redondela\\\/#primaryimage\"},\"thumbnailUrl\":\"https:\\\/\\\/www.anovapeneira.gal\\\/wp-content\\\/uploads\\\/2022\\\/04\\\/iria_bilaboa.jpg\",\"datePublished\":\"2022-04-08T08:00:54+00:00\",\"breadcrumb\":{\"@id\":\"https:\\\/\\\/www.anovapeneira.gal\\\/index.php\\\/2022\\\/04\\\/08\\\/iria-vilaboa-concelleira-de-cultura-de-redondela\\\/#breadcrumb\"},\"inLanguage\":\"gl-ES\",\"potentialAction\":[{\"@type\":\"ReadAction\",\"target\":[\"https:\\\/\\\/www.anovapeneira.gal\\\/index.php\\\/2022\\\/04\\\/08\\\/iria-vilaboa-concelleira-de-cultura-de-redondela\\\/\"]}]},{\"@type\":\"ImageObject\",\"inLanguage\":\"gl-ES\",\"@id\":\"https:\\\/\\\/www.anovapeneira.gal\\\/index.php\\\/2022\\\/04\\\/08\\\/iria-vilaboa-concelleira-de-cultura-de-redondela\\\/#primaryimage\",\"url\":\"https:\\\/\\\/www.anovapeneira.gal\\\/wp-content\\\/uploads\\\/2022\\\/04\\\/iria_bilaboa.jpg\",\"contentUrl\":\"https:\\\/\\\/www.anovapeneira.gal\\\/wp-content\\\/uploads\\\/2022\\\/04\\\/iria_bilaboa.jpg\",\"width\":720,\"height\":432,\"caption\":\"Iria Bilaboa\"},{\"@type\":\"BreadcrumbList\",\"@id\":\"https:\\\/\\\/www.anovapeneira.gal\\\/index.php\\\/2022\\\/04\\\/08\\\/iria-vilaboa-concelleira-de-cultura-de-redondela\\\/#breadcrumb\",\"itemListElement\":[{\"@type\":\"ListItem\",\"position\":1,\"name\":\"Portada\",\"item\":\"https:\\\/\\\/www.anovapeneira.gal\\\/\"},{\"@type\":\"ListItem\",\"position\":2,\"name\":\"Iria Vilaboa concelleira de Cultura de Redondela\"}]},{\"@type\":\"WebSite\",\"@id\":\"https:\\\/\\\/www.anovapeneira.gal\\\/#website\",\"url\":\"https:\\\/\\\/www.anovapeneira.gal\\\/\",\"name\":\"\",\"description\":\"Xornal galego de informaci\u00f3n xeral Publicaci\u00f3n mensual de novas de Galicia e en especial dos Concellos da sur da provincia de Pontevedra.\",\"publisher\":{\"@id\":\"https:\\\/\\\/www.anovapeneira.gal\\\/#organization\"},\"potentialAction\":[{\"@type\":\"SearchAction\",\"target\":{\"@type\":\"EntryPoint\",\"urlTemplate\":\"https:\\\/\\\/www.anovapeneira.gal\\\/?s={search_term_string}\"},\"query-input\":{\"@type\":\"PropertyValueSpecification\",\"valueRequired\":true,\"valueName\":\"search_term_string\"}}],\"inLanguage\":\"gl-ES\"},{\"@type\":\"Organization\",\"@id\":\"https:\\\/\\\/www.anovapeneira.gal\\\/#organization\",\"name\":\"A Nova Peneira\",\"url\":\"https:\\\/\\\/www.anovapeneira.gal\\\/\",\"logo\":{\"@type\":\"ImageObject\",\"inLanguage\":\"gl-ES\",\"@id\":\"https:\\\/\\\/www.anovapeneira.gal\\\/#\\\/schema\\\/logo\\\/image\\\/\",\"url\":\"http:\\\/\\\/www.anovapeneira.gal\\\/wp-content\\\/uploads\\\/2019\\\/06\\\/logo_a_nova_peneira_portal_web.png\",\"contentUrl\":\"http:\\\/\\\/www.anovapeneira.gal\\\/wp-content\\\/uploads\\\/2019\\\/06\\\/logo_a_nova_peneira_portal_web.png\",\"width\":300,\"height\":100,\"caption\":\"A Nova Peneira\"},\"image\":{\"@id\":\"https:\\\/\\\/www.anovapeneira.gal\\\/#\\\/schema\\\/logo\\\/image\\\/\"},\"sameAs\":[\"https:\\\/\\\/www.facebook.com\\\/anovapeneira\",\"https:\\\/\\\/x.com\\\/APeneira\"]},{\"@type\":\"Person\",\"@id\":\"https:\\\/\\\/www.anovapeneira.gal\\\/#\\\/schema\\\/person\\\/d9d84823564720e7593293bab054e52d\",\"name\":\"Marcos Santos\",\"image\":{\"@type\":\"ImageObject\",\"inLanguage\":\"gl-ES\",\"@id\":\"https:\\\/\\\/secure.gravatar.com\\\/avatar\\\/0e8017099a7a47c0a9d2275e865fe326484561eb3d70649069e4b8e61a8d2e8c?s=96&d=mm&r=g\",\"url\":\"https:\\\/\\\/secure.gravatar.com\\\/avatar\\\/0e8017099a7a47c0a9d2275e865fe326484561eb3d70649069e4b8e61a8d2e8c?s=96&d=mm&r=g\",\"contentUrl\":\"https:\\\/\\\/secure.gravatar.com\\\/avatar\\\/0e8017099a7a47c0a9d2275e865fe326484561eb3d70649069e4b8e61a8d2e8c?s=96&d=mm&r=g\",\"caption\":\"Marcos Santos\"},\"sameAs\":[\"http:\\\/\\\/anovapeneira.gal\"],\"url\":\"https:\\\/\\\/www.anovapeneira.gal\\\/index.php\\\/author\\\/marcos-santos\\\/\"}]}<\/script>\n<!-- \/ Yoast SEO plugin. -->","yoast_head_json":{"title":"Iria Vilaboa concelleira de Cultura de Redondela -","robots":{"index":"index","follow":"follow","max-snippet":"max-snippet:-1","max-image-preview":"max-image-preview:large","max-video-preview":"max-video-preview:-1"},"canonical":"https:\/\/www.anovapeneira.gal\/index.php\/2022\/04\/08\/iria-vilaboa-concelleira-de-cultura-de-redondela\/","og_locale":"gl_ES","og_type":"article","og_title":"Iria Vilaboa concelleira de Cultura de Redondela -","og_description":"Despois da ruptura do goberno bipartito na nosa Vila cultura foi unha das conceller\u00edas que mudou de titular, pois o membro de AER Daniel Boullosa foi substitu\u00eddo pola socialista Iria Vilaboa. Ela \u00e9 unha muller de Vilar que asume a s\u00faa responsabilidade con entusiasmo , coa mellor das vontades para facer ben as cousas e coa intenci\u00f3n de que o universo cultural redondel\u00e1n, o mellor do mundo, estea a altura que se merece [...]","og_url":"https:\/\/www.anovapeneira.gal\/index.php\/2022\/04\/08\/iria-vilaboa-concelleira-de-cultura-de-redondela\/","article_publisher":"https:\/\/www.facebook.com\/anovapeneira","article_published_time":"2022-04-08T08:00:54+00:00","og_image":[{"width":720,"height":432,"url":"https:\/\/www.anovapeneira.gal\/wp-content\/uploads\/2022\/04\/iria_bilaboa.jpg","type":"image\/jpeg"}],"author":"Marcos Santos","twitter_card":"summary_large_image","twitter_creator":"@APeneira","twitter_site":"@APeneira","twitter_misc":{"Escrito por":"Marcos Santos","Tempo de lectura":"4 minutos"},"schema":{"@context":"https:\/\/schema.org","@graph":[{"@type":"Article","@id":"https:\/\/www.anovapeneira.gal\/index.php\/2022\/04\/08\/iria-vilaboa-concelleira-de-cultura-de-redondela\/#article","isPartOf":{"@id":"https:\/\/www.anovapeneira.gal\/index.php\/2022\/04\/08\/iria-vilaboa-concelleira-de-cultura-de-redondela\/"},"author":{"name":"Marcos Santos","@id":"https:\/\/www.anovapeneira.gal\/#\/schema\/person\/d9d84823564720e7593293bab054e52d"},"headline":"Iria Vilaboa concelleira de Cultura de Redondela","datePublished":"2022-04-08T08:00:54+00:00","mainEntityOfPage":{"@id":"https:\/\/www.anovapeneira.gal\/index.php\/2022\/04\/08\/iria-vilaboa-concelleira-de-cultura-de-redondela\/"},"wordCount":762,"commentCount":0,"publisher":{"@id":"https:\/\/www.anovapeneira.gal\/#organization"},"image":{"@id":"https:\/\/www.anovapeneira.gal\/index.php\/2022\/04\/08\/iria-vilaboa-concelleira-de-cultura-de-redondela\/#primaryimage"},"thumbnailUrl":"https:\/\/www.anovapeneira.gal\/wp-content\/uploads\/2022\/04\/iria_bilaboa.jpg","keywords":["Concello de Redondela"],"articleSection":["Redondela"],"inLanguage":"gl-ES","potentialAction":[{"@type":"CommentAction","name":"Comment","target":["https:\/\/www.anovapeneira.gal\/index.php\/2022\/04\/08\/iria-vilaboa-concelleira-de-cultura-de-redondela\/#respond"]}]},{"@type":"WebPage","@id":"https:\/\/www.anovapeneira.gal\/index.php\/2022\/04\/08\/iria-vilaboa-concelleira-de-cultura-de-redondela\/","url":"https:\/\/www.anovapeneira.gal\/index.php\/2022\/04\/08\/iria-vilaboa-concelleira-de-cultura-de-redondela\/","name":"Iria Vilaboa concelleira de Cultura de Redondela -","isPartOf":{"@id":"https:\/\/www.anovapeneira.gal\/#website"},"primaryImageOfPage":{"@id":"https:\/\/www.anovapeneira.gal\/index.php\/2022\/04\/08\/iria-vilaboa-concelleira-de-cultura-de-redondela\/#primaryimage"},"image":{"@id":"https:\/\/www.anovapeneira.gal\/index.php\/2022\/04\/08\/iria-vilaboa-concelleira-de-cultura-de-redondela\/#primaryimage"},"thumbnailUrl":"https:\/\/www.anovapeneira.gal\/wp-content\/uploads\/2022\/04\/iria_bilaboa.jpg","datePublished":"2022-04-08T08:00:54+00:00","breadcrumb":{"@id":"https:\/\/www.anovapeneira.gal\/index.php\/2022\/04\/08\/iria-vilaboa-concelleira-de-cultura-de-redondela\/#breadcrumb"},"inLanguage":"gl-ES","potentialAction":[{"@type":"ReadAction","target":["https:\/\/www.anovapeneira.gal\/index.php\/2022\/04\/08\/iria-vilaboa-concelleira-de-cultura-de-redondela\/"]}]},{"@type":"ImageObject","inLanguage":"gl-ES","@id":"https:\/\/www.anovapeneira.gal\/index.php\/2022\/04\/08\/iria-vilaboa-concelleira-de-cultura-de-redondela\/#primaryimage","url":"https:\/\/www.anovapeneira.gal\/wp-content\/uploads\/2022\/04\/iria_bilaboa.jpg","contentUrl":"https:\/\/www.anovapeneira.gal\/wp-content\/uploads\/2022\/04\/iria_bilaboa.jpg","width":720,"height":432,"caption":"Iria Bilaboa"},{"@type":"BreadcrumbList","@id":"https:\/\/www.anovapeneira.gal\/index.php\/2022\/04\/08\/iria-vilaboa-concelleira-de-cultura-de-redondela\/#breadcrumb","itemListElement":[{"@type":"ListItem","position":1,"name":"Portada","item":"https:\/\/www.anovapeneira.gal\/"},{"@type":"ListItem","position":2,"name":"Iria Vilaboa concelleira de Cultura de Redondela"}]},{"@type":"WebSite","@id":"https:\/\/www.anovapeneira.gal\/#website","url":"https:\/\/www.anovapeneira.gal\/","name":"","description":"Xornal galego de informaci\u00f3n xeral Publicaci\u00f3n mensual de novas de Galicia e en especial dos Concellos da sur da provincia de Pontevedra.","publisher":{"@id":"https:\/\/www.anovapeneira.gal\/#organization"},"potentialAction":[{"@type":"SearchAction","target":{"@type":"EntryPoint","urlTemplate":"https:\/\/www.anovapeneira.gal\/?s={search_term_string}"},"query-input":{"@type":"PropertyValueSpecification","valueRequired":true,"valueName":"search_term_string"}}],"inLanguage":"gl-ES"},{"@type":"Organization","@id":"https:\/\/www.anovapeneira.gal\/#organization","name":"A Nova Peneira","url":"https:\/\/www.anovapeneira.gal\/","logo":{"@type":"ImageObject","inLanguage":"gl-ES","@id":"https:\/\/www.anovapeneira.gal\/#\/schema\/logo\/image\/","url":"http:\/\/www.anovapeneira.gal\/wp-content\/uploads\/2019\/06\/logo_a_nova_peneira_portal_web.png","contentUrl":"http:\/\/www.anovapeneira.gal\/wp-content\/uploads\/2019\/06\/logo_a_nova_peneira_portal_web.png","width":300,"height":100,"caption":"A Nova Peneira"},"image":{"@id":"https:\/\/www.anovapeneira.gal\/#\/schema\/logo\/image\/"},"sameAs":["https:\/\/www.facebook.com\/anovapeneira","https:\/\/x.com\/APeneira"]},{"@type":"Person","@id":"https:\/\/www.anovapeneira.gal\/#\/schema\/person\/d9d84823564720e7593293bab054e52d","name":"Marcos Santos","image":{"@type":"ImageObject","inLanguage":"gl-ES","@id":"https:\/\/secure.gravatar.com\/avatar\/0e8017099a7a47c0a9d2275e865fe326484561eb3d70649069e4b8e61a8d2e8c?s=96&d=mm&r=g","url":"https:\/\/secure.gravatar.com\/avatar\/0e8017099a7a47c0a9d2275e865fe326484561eb3d70649069e4b8e61a8d2e8c?s=96&d=mm&r=g","contentUrl":"https:\/\/secure.gravatar.com\/avatar\/0e8017099a7a47c0a9d2275e865fe326484561eb3d70649069e4b8e61a8d2e8c?s=96&d=mm&r=g","caption":"Marcos Santos"},"sameAs":["http:\/\/anovapeneira.gal"],"url":"https:\/\/www.anovapeneira.gal\/index.php\/author\/marcos-santos\/"}]}},"jetpack_featured_media_url":"https:\/\/www.anovapeneira.gal\/wp-content\/uploads\/2022\/04\/iria_bilaboa.jpg","_links":{"self":[{"href":"https:\/\/www.anovapeneira.gal\/index.php\/wp-json\/wp\/v2\/posts\/7249","targetHints":{"allow":["GET"]}}],"collection":[{"href":"https:\/\/www.anovapeneira.gal\/index.php\/wp-json\/wp\/v2\/posts"}],"about":[{"href":"https:\/\/www.anovapeneira.gal\/index.php\/wp-json\/wp\/v2\/types\/post"}],"author":[{"embeddable":true,"href":"https:\/\/www.anovapeneira.gal\/index.php\/wp-json\/wp\/v2\/users\/6"}],"replies":[{"embeddable":true,"href":"https:\/\/www.anovapeneira.gal\/index.php\/wp-json\/wp\/v2\/comments?post=7249"}],"version-history":[{"count":1,"href":"https:\/\/www.anovapeneira.gal\/index.php\/wp-json\/wp\/v2\/posts\/7249\/revisions"}],"predecessor-version":[{"id":7251,"href":"https:\/\/www.anovapeneira.gal\/index.php\/wp-json\/wp\/v2\/posts\/7249\/revisions\/7251"}],"wp:featuredmedia":[{"embeddable":true,"href":"https:\/\/www.anovapeneira.gal\/index.php\/wp-json\/wp\/v2\/media\/7250"}],"wp:attachment":[{"href":"https:\/\/www.anovapeneira.gal\/index.php\/wp-json\/wp\/v2\/media?parent=7249"}],"wp:term":[{"taxonomy":"category","embeddable":true,"href":"https:\/\/www.anovapeneira.gal\/index.php\/wp-json\/wp\/v2\/categories?post=7249"},{"taxonomy":"post_tag","embeddable":true,"href":"https:\/\/www.anovapeneira.gal\/index.php\/wp-json\/wp\/v2\/tags?post=7249"}],"curies":[{"name":"wp","href":"https:\/\/api.w.org\/{rel}","templated":true}]}}