{"id":7268,"date":"2022-04-11T10:00:31","date_gmt":"2022-04-11T08:00:31","guid":{"rendered":"https:\/\/www.anovapeneira.gal\/?p=7268"},"modified":"2022-04-07T15:57:49","modified_gmt":"2022-04-07T13:57:49","slug":"tui-festexara-a-san-telmo-cun-amplo-e-innovador-programa","status":"publish","type":"post","link":"https:\/\/www.anovapeneira.gal\/index.php\/2022\/04\/11\/tui-festexara-a-san-telmo-cun-amplo-e-innovador-programa\/","title":{"rendered":"Tui festexar\u00e1 a San Telmo cun amplo e innovador programa"},"content":{"rendered":"\n<h2 class=\"wp-block-heading\">Lu\u00edz Zahera ser\u00e1 o pregoeiro dos festexos. Efecto Pasillo, grupos emerxentes e orquestras amenizar\u00e1n as noites festivas.<\/h2>\n\n\n\n<p><strong>Tui. Luns, 4 de abril de 2022<\/strong><\/p>\n\n\n\n<p>Tui vai celebrar as Festas de San Telmo 2022 do 16 ao 25 deste mes de abril cun programa \u201cambicioso, moi completo e innovador\u201d. As\u00ed o explicaba esta ma\u00f1\u00e1 o alcalde, Enrique Cabaleiro, na presentaci\u00f3n dos festexos patronais, na que participaron tam\u00e9n a concelleira de Cultura, Sonsoles Vicente, a concelleira de Comercio, Emprego, Formaci\u00f3n e Igualdade, Ana N\u00fa\u00f1ez, o concelleiro de Medio Rural e Deportes, Rafael Est\u00e9vez, e o concelleiro de Seguridade e Persoal, Jos\u00e9 Ram\u00f3n Mag\u00e1n.<\/p>\n\n\n\n<p>O inicio da festa ter\u00e1 lugar co preg\u00f3n popular que ler\u00e1 o actor Lu\u00eds Zahera o s\u00e1bado 16 \u00e1s 11.45 h na praza da Inmaculada. O alcalde de Tui, Enrique Cabaleiro, explicaba que \u201cse cambiou a filosof\u00eda do preg\u00f3n porque entendiamos que deb\u00eda ter un car\u00e1cter m\u00e1is popular e festivo\u201d. Engad\u00eda que o acto institucional pasa a ser a gala de entrega dos premios Cidade de Tui, que ter\u00e1 lugar o mesmo s\u00e1bado \u00e1s 19.30 h no Teatro Municipal \u201cnos que se reco\u00f1ecer\u00e1 a unha persoa e a un colectivo que dalgunha forma a s\u00faa traxectoria estea baseada na implicaci\u00f3n na cidade dende moitos puntos de vista\u201d.<\/p>\n\n\n\n<p>Explicaba tam\u00e9n o rexedor tudense que outra das apostas deste ano \u00e9 a deslocalizaci\u00f3n das actividades que se celebrar\u00e1n en at\u00e9 seis puntos da cidade con eventos festivos. Ser\u00e1 as\u00ed o Paseo da Corredoira, a r\u00faa Compostela, as prazas de San Fernando e San Telmo, o edificio Francisco S\u00e1nchez, e o espazo feira na prolongaci\u00f3n da traves\u00eda da r\u00faa Casal Aboy.<\/p>\n\n\n\n<p>A concelleira de Ensino e Cultura, Sonsoles Vicente, indicou que logo de dous anos as festas cel\u00e9branse este ano \u201ccun programa ao uso\u201d. A m\u00fasica moi presentes nestes festexos segundo explicaba a concelleira con concertos de grupos coma Efecto Pasillo, xunto a outras agrupaci\u00f3ns emerxentes e da zona coma Micalip\u2019s, No All Kansas, Rockin&#8217; Gina &amp; The Sentinels, Laura LaMontagne &amp; PicoAmperio + Dj Enter + G Face + Dj Adrian L, e Lucky Duckies. As charangas tudenses Cantos Somos e A Tu Ritmo actuar\u00e1n polas r\u00faas, ao igual que a Escola de Gaita e Percusi\u00f3n \u201cA Insua\u201d de Caldelas, a Banda de Gaitas \u201cArume\u201d de Malvas, e a Banda de Gaitas \u201cSan Xoan\u201d de Paramos que actuar\u00e1 na praza de San Fernando. Tam\u00e9n protagonizar\u00e1n pasarr\u00faas Troula Animaci\u00f3n e H\u00edpica Celta.<\/p>\n\n\n\n<p>Non faltar\u00e1 o son das bandas de m\u00fasica coa Banda de M\u00fasica Popular de Tui, xunto \u00e1s de Salvaterra, Mon\u00e7ao, Lanhelas, e a da Escola Naval Militar de Mar\u00edn. O p\u00fablico familiar poder\u00e1 gozar na carpa da Corredoira coa maxia de Samuel Moreno, o circo de Cia Assircopatas, a m\u00fasica de Pakolas e Odaiko, e o teatro con Culturactiva.<\/p>\n\n\n\n<p>Avanzou tam\u00e9n Sonsoles Vicente que da man do festival M\u00fasica no Claustro o domingo 24 na Catedral recuperarase a Misa medieval de San Telmo co concerto de Seconda Pratica de canto gregoriano.<\/p>\n\n\n\n<p>O domingo 17 \u00e1s 17.30 h celebrarase no Teatro Municipal o Festival Folcl\u00f3rico coa participaci\u00f3n dos grupos locais Traxe Tradicional, Seixos Albos de Areas, Lembranzas da Terra de Guillarei, Inquedanzas de Pazos de Reis, O Mosteiro de Pexegueiro, Xuntanza de Randufe, San Fins de Rebord\u00e1ns, Santa Columba de Ribadelouro) e San Telmo. Do mesmo xeito regresa tam\u00e9n a Semana do Teatro Amador cos grupos San Fins de Rebord\u00e1ns, Aloia de Pazos de Reis, Atalaia do Centro Sociocomunitario Chirlomirlo de Xuntanza de Randufe, estreando todos eles novas montaxes.<\/p>\n\n\n\n<p>As corais tudenses do Centro Sociocomunitario, Ponte das Febres, e San Telmo actuar\u00e1 tam\u00e9n estes festexos no centro de d\u00eda Amoralia, e nas residencias Paz e Ben e San Telmo.<\/p>\n\n\n\n<p>Outra das novidades deste ano ser\u00e1 o fin de festa, o luns 25, cunha tirada de Fogos Piromusicais.<\/p>\n\n\n\n<p>A gastronom\u00eda ser\u00e1 outro dos pratos fortes destes festexos. Do 8 ao 25 deste mes celebrarase a Festa do Meix\u00f3n que ser\u00e1 presentada este xoves. E o s\u00e1bado 16 e domingo 17 na praza da Inmaculada celebrarase o I Encontro de Vi\u00f1os da Raia. Con este evento, coma sinalou a concelleira Ana N\u00fa\u00f1ez, \u201db\u00fascase promocionar as adegas locais, da contorna e da outra beira do Mi\u00f1o\u201d. Explicaba que participar\u00e1n dez adegas de pequenos produtores que presentar\u00e1n vi\u00f1os brancos, tintos e espumosos.<\/p>\n\n\n\n<p>O deporte est\u00e1 presente neste programa coa Carreira Popular de San Telmo que se celebrar\u00e1 o o s\u00e1bado 23 organizada polo Club Atletismo Tui, coa Andaina Popular de San Telmo organizada polo club Andatui o domingo 24, e coa Feira Cabalar en San Bartolomeu que ter\u00e1 lugar o luns 25, D\u00eda de San Telmo, coa implicaci\u00f3n da Asociaci\u00f3n de Veci\u00f1os de San Roque e San Bartolomeu, o Club Equigalia, H\u00edpica Marcos, e a Pe\u00f1a Cabalar Valle do Louro coma explicaba o concelleiro de Deporte, Rafael Est\u00e9vez.<\/p>\n\n\n\n<p>O concelleiro de Seguridade, Jos\u00e9 Ram\u00f3n Mag\u00e1n, avanzou que xa dende esta Semana Santa e logo na fin de semana de San Telmo darase protagonismo \u00e1s persoas coa peonalizaci\u00f3n dun tramo de Augusto Besada e da Corredoira, do mesmo xeito que indicaba que na traves\u00eda da r\u00faa Casal Aboy, haber\u00e1 restrici\u00f3ns no tr\u00e1fico cando se celebren concertos neste emprazamento.<\/p>\n","protected":false},"excerpt":{"rendered":"<div class=\"mh-excerpt\"><p>Lu\u00edz Zahera ser\u00e1 o pregoeiro dos festexos. Efecto Pasillo, grupos emerxentes e orquestras amenizar\u00e1n as noites festivas <a class=\"mh-excerpt-more\" href=\"https:\/\/www.anovapeneira.gal\/index.php\/2022\/04\/11\/tui-festexara-a-san-telmo-cun-amplo-e-innovador-programa\/\" title=\"Tui festexar\u00e1 a San Telmo cun amplo e innovador programa\">[&#8230;]<\/a><\/p>\n<\/div>","protected":false},"author":3,"featured_media":7269,"comment_status":"open","ping_status":"open","sticky":false,"template":"","format":"standard","meta":{"_exactmetrics_skip_tracking":false,"_exactmetrics_sitenote_active":false,"_exactmetrics_sitenote_note":"","_exactmetrics_sitenote_category":0,"footnotes":""},"categories":[21],"tags":[426],"class_list":{"0":"post-7268","1":"post","2":"type-post","3":"status-publish","4":"format-standard","5":"has-post-thumbnail","7":"category-baixo-mino","8":"tag-concello-de-tui"},"yoast_head":"<!-- This site is optimized with the Yoast SEO plugin v27.4 - https:\/\/yoast.com\/product\/yoast-seo-wordpress\/ -->\n<title>Tui festexar\u00e1 a San Telmo cun amplo e innovador programa -<\/title>\n<meta name=\"description\" content=\"Lu\u00edz Zahera ser\u00e1 o pregoeiro dos festexos. Efecto Pasillo, grupos emerxentes e orquestras amenizar\u00e1n as noites festivas\" \/>\n<meta name=\"robots\" content=\"index, follow, max-snippet:-1, max-image-preview:large, max-video-preview:-1\" \/>\n<link rel=\"canonical\" href=\"https:\/\/www.anovapeneira.gal\/index.php\/2022\/04\/11\/tui-festexara-a-san-telmo-cun-amplo-e-innovador-programa\/\" \/>\n<meta property=\"og:locale\" content=\"gl_ES\" \/>\n<meta property=\"og:type\" content=\"article\" \/>\n<meta property=\"og:title\" content=\"Tui festexar\u00e1 a San Telmo cun amplo e innovador programa -\" \/>\n<meta property=\"og:description\" content=\"Lu\u00edz Zahera ser\u00e1 o pregoeiro dos festexos. Efecto Pasillo, grupos emerxentes e orquestras amenizar\u00e1n as noites festivas\" \/>\n<meta property=\"og:url\" content=\"https:\/\/www.anovapeneira.gal\/index.php\/2022\/04\/11\/tui-festexara-a-san-telmo-cun-amplo-e-innovador-programa\/\" \/>\n<meta property=\"article:publisher\" content=\"https:\/\/www.facebook.com\/anovapeneira\" \/>\n<meta property=\"article:published_time\" content=\"2022-04-11T08:00:31+00:00\" \/>\n<meta property=\"og:image\" content=\"https:\/\/www.anovapeneira.gal\/wp-content\/uploads\/2022\/04\/Festas_San_Telmo_tui.jpg\" \/>\n\t<meta property=\"og:image:width\" content=\"720\" \/>\n\t<meta property=\"og:image:height\" content=\"432\" \/>\n\t<meta property=\"og:image:type\" content=\"image\/jpeg\" \/>\n<meta name=\"author\" content=\"Redacci\u00f3n A Nova Peneira\" \/>\n<meta name=\"twitter:card\" content=\"summary_large_image\" \/>\n<meta name=\"twitter:creator\" content=\"@APeneira\" \/>\n<meta name=\"twitter:site\" content=\"@APeneira\" \/>\n<meta name=\"twitter:label1\" content=\"Escrito por\" \/>\n\t<meta name=\"twitter:data1\" content=\"Redacci\u00f3n A Nova Peneira\" \/>\n\t<meta name=\"twitter:label2\" content=\"Tempo de lectura\" \/>\n\t<meta name=\"twitter:data2\" content=\"5 minutos\" \/>\n<script type=\"application\/ld+json\" class=\"yoast-schema-graph\">{\"@context\":\"https:\\\/\\\/schema.org\",\"@graph\":[{\"@type\":\"Article\",\"@id\":\"https:\\\/\\\/www.anovapeneira.gal\\\/index.php\\\/2022\\\/04\\\/11\\\/tui-festexara-a-san-telmo-cun-amplo-e-innovador-programa\\\/#article\",\"isPartOf\":{\"@id\":\"https:\\\/\\\/www.anovapeneira.gal\\\/index.php\\\/2022\\\/04\\\/11\\\/tui-festexara-a-san-telmo-cun-amplo-e-innovador-programa\\\/\"},\"author\":{\"name\":\"Redacci\u00f3n A Nova Peneira\",\"@id\":\"https:\\\/\\\/www.anovapeneira.gal\\\/#\\\/schema\\\/person\\\/b93e3f8932e3f8da96334607eb6ac6aa\"},\"headline\":\"Tui festexar\u00e1 a San Telmo cun amplo e innovador programa\",\"datePublished\":\"2022-04-11T08:00:31+00:00\",\"mainEntityOfPage\":{\"@id\":\"https:\\\/\\\/www.anovapeneira.gal\\\/index.php\\\/2022\\\/04\\\/11\\\/tui-festexara-a-san-telmo-cun-amplo-e-innovador-programa\\\/\"},\"wordCount\":921,\"commentCount\":0,\"publisher\":{\"@id\":\"https:\\\/\\\/www.anovapeneira.gal\\\/#organization\"},\"image\":{\"@id\":\"https:\\\/\\\/www.anovapeneira.gal\\\/index.php\\\/2022\\\/04\\\/11\\\/tui-festexara-a-san-telmo-cun-amplo-e-innovador-programa\\\/#primaryimage\"},\"thumbnailUrl\":\"https:\\\/\\\/www.anovapeneira.gal\\\/wp-content\\\/uploads\\\/2022\\\/04\\\/Festas_San_Telmo_tui.jpg\",\"keywords\":[\"Concello de Tui\"],\"articleSection\":[\"Baixo Mi\u00f1o\"],\"inLanguage\":\"gl-ES\",\"potentialAction\":[{\"@type\":\"CommentAction\",\"name\":\"Comment\",\"target\":[\"https:\\\/\\\/www.anovapeneira.gal\\\/index.php\\\/2022\\\/04\\\/11\\\/tui-festexara-a-san-telmo-cun-amplo-e-innovador-programa\\\/#respond\"]}]},{\"@type\":\"WebPage\",\"@id\":\"https:\\\/\\\/www.anovapeneira.gal\\\/index.php\\\/2022\\\/04\\\/11\\\/tui-festexara-a-san-telmo-cun-amplo-e-innovador-programa\\\/\",\"url\":\"https:\\\/\\\/www.anovapeneira.gal\\\/index.php\\\/2022\\\/04\\\/11\\\/tui-festexara-a-san-telmo-cun-amplo-e-innovador-programa\\\/\",\"name\":\"Tui festexar\u00e1 a San Telmo cun amplo e innovador programa -\",\"isPartOf\":{\"@id\":\"https:\\\/\\\/www.anovapeneira.gal\\\/#website\"},\"primaryImageOfPage\":{\"@id\":\"https:\\\/\\\/www.anovapeneira.gal\\\/index.php\\\/2022\\\/04\\\/11\\\/tui-festexara-a-san-telmo-cun-amplo-e-innovador-programa\\\/#primaryimage\"},\"image\":{\"@id\":\"https:\\\/\\\/www.anovapeneira.gal\\\/index.php\\\/2022\\\/04\\\/11\\\/tui-festexara-a-san-telmo-cun-amplo-e-innovador-programa\\\/#primaryimage\"},\"thumbnailUrl\":\"https:\\\/\\\/www.anovapeneira.gal\\\/wp-content\\\/uploads\\\/2022\\\/04\\\/Festas_San_Telmo_tui.jpg\",\"datePublished\":\"2022-04-11T08:00:31+00:00\",\"description\":\"Lu\u00edz Zahera ser\u00e1 o pregoeiro dos festexos. Efecto Pasillo, grupos emerxentes e orquestras amenizar\u00e1n as noites festivas\",\"breadcrumb\":{\"@id\":\"https:\\\/\\\/www.anovapeneira.gal\\\/index.php\\\/2022\\\/04\\\/11\\\/tui-festexara-a-san-telmo-cun-amplo-e-innovador-programa\\\/#breadcrumb\"},\"inLanguage\":\"gl-ES\",\"potentialAction\":[{\"@type\":\"ReadAction\",\"target\":[\"https:\\\/\\\/www.anovapeneira.gal\\\/index.php\\\/2022\\\/04\\\/11\\\/tui-festexara-a-san-telmo-cun-amplo-e-innovador-programa\\\/\"]}]},{\"@type\":\"ImageObject\",\"inLanguage\":\"gl-ES\",\"@id\":\"https:\\\/\\\/www.anovapeneira.gal\\\/index.php\\\/2022\\\/04\\\/11\\\/tui-festexara-a-san-telmo-cun-amplo-e-innovador-programa\\\/#primaryimage\",\"url\":\"https:\\\/\\\/www.anovapeneira.gal\\\/wp-content\\\/uploads\\\/2022\\\/04\\\/Festas_San_Telmo_tui.jpg\",\"contentUrl\":\"https:\\\/\\\/www.anovapeneira.gal\\\/wp-content\\\/uploads\\\/2022\\\/04\\\/Festas_San_Telmo_tui.jpg\",\"width\":720,\"height\":432,\"caption\":\"Festas San Telmo Tui\"},{\"@type\":\"BreadcrumbList\",\"@id\":\"https:\\\/\\\/www.anovapeneira.gal\\\/index.php\\\/2022\\\/04\\\/11\\\/tui-festexara-a-san-telmo-cun-amplo-e-innovador-programa\\\/#breadcrumb\",\"itemListElement\":[{\"@type\":\"ListItem\",\"position\":1,\"name\":\"Portada\",\"item\":\"https:\\\/\\\/www.anovapeneira.gal\\\/\"},{\"@type\":\"ListItem\",\"position\":2,\"name\":\"Tui festexar\u00e1 a San Telmo cun amplo e innovador programa\"}]},{\"@type\":\"WebSite\",\"@id\":\"https:\\\/\\\/www.anovapeneira.gal\\\/#website\",\"url\":\"https:\\\/\\\/www.anovapeneira.gal\\\/\",\"name\":\"\",\"description\":\"Xornal galego de informaci\u00f3n xeral Publicaci\u00f3n mensual de novas de Galicia e en especial dos Concellos da sur da provincia de Pontevedra.\",\"publisher\":{\"@id\":\"https:\\\/\\\/www.anovapeneira.gal\\\/#organization\"},\"potentialAction\":[{\"@type\":\"SearchAction\",\"target\":{\"@type\":\"EntryPoint\",\"urlTemplate\":\"https:\\\/\\\/www.anovapeneira.gal\\\/?s={search_term_string}\"},\"query-input\":{\"@type\":\"PropertyValueSpecification\",\"valueRequired\":true,\"valueName\":\"search_term_string\"}}],\"inLanguage\":\"gl-ES\"},{\"@type\":\"Organization\",\"@id\":\"https:\\\/\\\/www.anovapeneira.gal\\\/#organization\",\"name\":\"A Nova Peneira\",\"url\":\"https:\\\/\\\/www.anovapeneira.gal\\\/\",\"logo\":{\"@type\":\"ImageObject\",\"inLanguage\":\"gl-ES\",\"@id\":\"https:\\\/\\\/www.anovapeneira.gal\\\/#\\\/schema\\\/logo\\\/image\\\/\",\"url\":\"http:\\\/\\\/www.anovapeneira.gal\\\/wp-content\\\/uploads\\\/2019\\\/06\\\/logo_a_nova_peneira_portal_web.png\",\"contentUrl\":\"http:\\\/\\\/www.anovapeneira.gal\\\/wp-content\\\/uploads\\\/2019\\\/06\\\/logo_a_nova_peneira_portal_web.png\",\"width\":300,\"height\":100,\"caption\":\"A Nova Peneira\"},\"image\":{\"@id\":\"https:\\\/\\\/www.anovapeneira.gal\\\/#\\\/schema\\\/logo\\\/image\\\/\"},\"sameAs\":[\"https:\\\/\\\/www.facebook.com\\\/anovapeneira\",\"https:\\\/\\\/x.com\\\/APeneira\"]},{\"@type\":\"Person\",\"@id\":\"https:\\\/\\\/www.anovapeneira.gal\\\/#\\\/schema\\\/person\\\/b93e3f8932e3f8da96334607eb6ac6aa\",\"name\":\"Redacci\u00f3n A Nova Peneira\",\"image\":{\"@type\":\"ImageObject\",\"inLanguage\":\"gl-ES\",\"@id\":\"https:\\\/\\\/secure.gravatar.com\\\/avatar\\\/c052a2551a06e23fac63626232eaa90abd78dbcf1700fc46a2b2c89fd27b735f?s=96&d=mm&r=g\",\"url\":\"https:\\\/\\\/secure.gravatar.com\\\/avatar\\\/c052a2551a06e23fac63626232eaa90abd78dbcf1700fc46a2b2c89fd27b735f?s=96&d=mm&r=g\",\"contentUrl\":\"https:\\\/\\\/secure.gravatar.com\\\/avatar\\\/c052a2551a06e23fac63626232eaa90abd78dbcf1700fc46a2b2c89fd27b735f?s=96&d=mm&r=g\",\"caption\":\"Redacci\u00f3n A Nova Peneira\"},\"sameAs\":[\"http:\\\/\\\/www.anovapeneira.gal\\\/\"],\"url\":\"https:\\\/\\\/www.anovapeneira.gal\\\/index.php\\\/author\\\/redactor\\\/\"}]}<\/script>\n<!-- \/ Yoast SEO plugin. -->","yoast_head_json":{"title":"Tui festexar\u00e1 a San Telmo cun amplo e innovador programa -","description":"Lu\u00edz Zahera ser\u00e1 o pregoeiro dos festexos. Efecto Pasillo, grupos emerxentes e orquestras amenizar\u00e1n as noites festivas","robots":{"index":"index","follow":"follow","max-snippet":"max-snippet:-1","max-image-preview":"max-image-preview:large","max-video-preview":"max-video-preview:-1"},"canonical":"https:\/\/www.anovapeneira.gal\/index.php\/2022\/04\/11\/tui-festexara-a-san-telmo-cun-amplo-e-innovador-programa\/","og_locale":"gl_ES","og_type":"article","og_title":"Tui festexar\u00e1 a San Telmo cun amplo e innovador programa -","og_description":"Lu\u00edz Zahera ser\u00e1 o pregoeiro dos festexos. Efecto Pasillo, grupos emerxentes e orquestras amenizar\u00e1n as noites festivas","og_url":"https:\/\/www.anovapeneira.gal\/index.php\/2022\/04\/11\/tui-festexara-a-san-telmo-cun-amplo-e-innovador-programa\/","article_publisher":"https:\/\/www.facebook.com\/anovapeneira","article_published_time":"2022-04-11T08:00:31+00:00","og_image":[{"width":720,"height":432,"url":"https:\/\/www.anovapeneira.gal\/wp-content\/uploads\/2022\/04\/Festas_San_Telmo_tui.jpg","type":"image\/jpeg"}],"author":"Redacci\u00f3n A Nova Peneira","twitter_card":"summary_large_image","twitter_creator":"@APeneira","twitter_site":"@APeneira","twitter_misc":{"Escrito por":"Redacci\u00f3n A Nova Peneira","Tempo de lectura":"5 minutos"},"schema":{"@context":"https:\/\/schema.org","@graph":[{"@type":"Article","@id":"https:\/\/www.anovapeneira.gal\/index.php\/2022\/04\/11\/tui-festexara-a-san-telmo-cun-amplo-e-innovador-programa\/#article","isPartOf":{"@id":"https:\/\/www.anovapeneira.gal\/index.php\/2022\/04\/11\/tui-festexara-a-san-telmo-cun-amplo-e-innovador-programa\/"},"author":{"name":"Redacci\u00f3n A Nova Peneira","@id":"https:\/\/www.anovapeneira.gal\/#\/schema\/person\/b93e3f8932e3f8da96334607eb6ac6aa"},"headline":"Tui festexar\u00e1 a San Telmo cun amplo e innovador programa","datePublished":"2022-04-11T08:00:31+00:00","mainEntityOfPage":{"@id":"https:\/\/www.anovapeneira.gal\/index.php\/2022\/04\/11\/tui-festexara-a-san-telmo-cun-amplo-e-innovador-programa\/"},"wordCount":921,"commentCount":0,"publisher":{"@id":"https:\/\/www.anovapeneira.gal\/#organization"},"image":{"@id":"https:\/\/www.anovapeneira.gal\/index.php\/2022\/04\/11\/tui-festexara-a-san-telmo-cun-amplo-e-innovador-programa\/#primaryimage"},"thumbnailUrl":"https:\/\/www.anovapeneira.gal\/wp-content\/uploads\/2022\/04\/Festas_San_Telmo_tui.jpg","keywords":["Concello de Tui"],"articleSection":["Baixo Mi\u00f1o"],"inLanguage":"gl-ES","potentialAction":[{"@type":"CommentAction","name":"Comment","target":["https:\/\/www.anovapeneira.gal\/index.php\/2022\/04\/11\/tui-festexara-a-san-telmo-cun-amplo-e-innovador-programa\/#respond"]}]},{"@type":"WebPage","@id":"https:\/\/www.anovapeneira.gal\/index.php\/2022\/04\/11\/tui-festexara-a-san-telmo-cun-amplo-e-innovador-programa\/","url":"https:\/\/www.anovapeneira.gal\/index.php\/2022\/04\/11\/tui-festexara-a-san-telmo-cun-amplo-e-innovador-programa\/","name":"Tui festexar\u00e1 a San Telmo cun amplo e innovador programa -","isPartOf":{"@id":"https:\/\/www.anovapeneira.gal\/#website"},"primaryImageOfPage":{"@id":"https:\/\/www.anovapeneira.gal\/index.php\/2022\/04\/11\/tui-festexara-a-san-telmo-cun-amplo-e-innovador-programa\/#primaryimage"},"image":{"@id":"https:\/\/www.anovapeneira.gal\/index.php\/2022\/04\/11\/tui-festexara-a-san-telmo-cun-amplo-e-innovador-programa\/#primaryimage"},"thumbnailUrl":"https:\/\/www.anovapeneira.gal\/wp-content\/uploads\/2022\/04\/Festas_San_Telmo_tui.jpg","datePublished":"2022-04-11T08:00:31+00:00","description":"Lu\u00edz Zahera ser\u00e1 o pregoeiro dos festexos. Efecto Pasillo, grupos emerxentes e orquestras amenizar\u00e1n as noites festivas","breadcrumb":{"@id":"https:\/\/www.anovapeneira.gal\/index.php\/2022\/04\/11\/tui-festexara-a-san-telmo-cun-amplo-e-innovador-programa\/#breadcrumb"},"inLanguage":"gl-ES","potentialAction":[{"@type":"ReadAction","target":["https:\/\/www.anovapeneira.gal\/index.php\/2022\/04\/11\/tui-festexara-a-san-telmo-cun-amplo-e-innovador-programa\/"]}]},{"@type":"ImageObject","inLanguage":"gl-ES","@id":"https:\/\/www.anovapeneira.gal\/index.php\/2022\/04\/11\/tui-festexara-a-san-telmo-cun-amplo-e-innovador-programa\/#primaryimage","url":"https:\/\/www.anovapeneira.gal\/wp-content\/uploads\/2022\/04\/Festas_San_Telmo_tui.jpg","contentUrl":"https:\/\/www.anovapeneira.gal\/wp-content\/uploads\/2022\/04\/Festas_San_Telmo_tui.jpg","width":720,"height":432,"caption":"Festas San Telmo Tui"},{"@type":"BreadcrumbList","@id":"https:\/\/www.anovapeneira.gal\/index.php\/2022\/04\/11\/tui-festexara-a-san-telmo-cun-amplo-e-innovador-programa\/#breadcrumb","itemListElement":[{"@type":"ListItem","position":1,"name":"Portada","item":"https:\/\/www.anovapeneira.gal\/"},{"@type":"ListItem","position":2,"name":"Tui festexar\u00e1 a San Telmo cun amplo e innovador programa"}]},{"@type":"WebSite","@id":"https:\/\/www.anovapeneira.gal\/#website","url":"https:\/\/www.anovapeneira.gal\/","name":"","description":"Xornal galego de informaci\u00f3n xeral Publicaci\u00f3n mensual de novas de Galicia e en especial dos Concellos da sur da provincia de Pontevedra.","publisher":{"@id":"https:\/\/www.anovapeneira.gal\/#organization"},"potentialAction":[{"@type":"SearchAction","target":{"@type":"EntryPoint","urlTemplate":"https:\/\/www.anovapeneira.gal\/?s={search_term_string}"},"query-input":{"@type":"PropertyValueSpecification","valueRequired":true,"valueName":"search_term_string"}}],"inLanguage":"gl-ES"},{"@type":"Organization","@id":"https:\/\/www.anovapeneira.gal\/#organization","name":"A Nova Peneira","url":"https:\/\/www.anovapeneira.gal\/","logo":{"@type":"ImageObject","inLanguage":"gl-ES","@id":"https:\/\/www.anovapeneira.gal\/#\/schema\/logo\/image\/","url":"http:\/\/www.anovapeneira.gal\/wp-content\/uploads\/2019\/06\/logo_a_nova_peneira_portal_web.png","contentUrl":"http:\/\/www.anovapeneira.gal\/wp-content\/uploads\/2019\/06\/logo_a_nova_peneira_portal_web.png","width":300,"height":100,"caption":"A Nova Peneira"},"image":{"@id":"https:\/\/www.anovapeneira.gal\/#\/schema\/logo\/image\/"},"sameAs":["https:\/\/www.facebook.com\/anovapeneira","https:\/\/x.com\/APeneira"]},{"@type":"Person","@id":"https:\/\/www.anovapeneira.gal\/#\/schema\/person\/b93e3f8932e3f8da96334607eb6ac6aa","name":"Redacci\u00f3n A Nova Peneira","image":{"@type":"ImageObject","inLanguage":"gl-ES","@id":"https:\/\/secure.gravatar.com\/avatar\/c052a2551a06e23fac63626232eaa90abd78dbcf1700fc46a2b2c89fd27b735f?s=96&d=mm&r=g","url":"https:\/\/secure.gravatar.com\/avatar\/c052a2551a06e23fac63626232eaa90abd78dbcf1700fc46a2b2c89fd27b735f?s=96&d=mm&r=g","contentUrl":"https:\/\/secure.gravatar.com\/avatar\/c052a2551a06e23fac63626232eaa90abd78dbcf1700fc46a2b2c89fd27b735f?s=96&d=mm&r=g","caption":"Redacci\u00f3n A Nova Peneira"},"sameAs":["http:\/\/www.anovapeneira.gal\/"],"url":"https:\/\/www.anovapeneira.gal\/index.php\/author\/redactor\/"}]}},"jetpack_featured_media_url":"https:\/\/www.anovapeneira.gal\/wp-content\/uploads\/2022\/04\/Festas_San_Telmo_tui.jpg","_links":{"self":[{"href":"https:\/\/www.anovapeneira.gal\/index.php\/wp-json\/wp\/v2\/posts\/7268","targetHints":{"allow":["GET"]}}],"collection":[{"href":"https:\/\/www.anovapeneira.gal\/index.php\/wp-json\/wp\/v2\/posts"}],"about":[{"href":"https:\/\/www.anovapeneira.gal\/index.php\/wp-json\/wp\/v2\/types\/post"}],"author":[{"embeddable":true,"href":"https:\/\/www.anovapeneira.gal\/index.php\/wp-json\/wp\/v2\/users\/3"}],"replies":[{"embeddable":true,"href":"https:\/\/www.anovapeneira.gal\/index.php\/wp-json\/wp\/v2\/comments?post=7268"}],"version-history":[{"count":1,"href":"https:\/\/www.anovapeneira.gal\/index.php\/wp-json\/wp\/v2\/posts\/7268\/revisions"}],"predecessor-version":[{"id":7270,"href":"https:\/\/www.anovapeneira.gal\/index.php\/wp-json\/wp\/v2\/posts\/7268\/revisions\/7270"}],"wp:featuredmedia":[{"embeddable":true,"href":"https:\/\/www.anovapeneira.gal\/index.php\/wp-json\/wp\/v2\/media\/7269"}],"wp:attachment":[{"href":"https:\/\/www.anovapeneira.gal\/index.php\/wp-json\/wp\/v2\/media?parent=7268"}],"wp:term":[{"taxonomy":"category","embeddable":true,"href":"https:\/\/www.anovapeneira.gal\/index.php\/wp-json\/wp\/v2\/categories?post=7268"},{"taxonomy":"post_tag","embeddable":true,"href":"https:\/\/www.anovapeneira.gal\/index.php\/wp-json\/wp\/v2\/tags?post=7268"}],"curies":[{"name":"wp","href":"https:\/\/api.w.org\/{rel}","templated":true}]}}