{"id":7277,"date":"2022-04-12T10:00:38","date_gmt":"2022-04-12T08:00:38","guid":{"rendered":"https:\/\/www.anovapeneira.gal\/?p=7277"},"modified":"2022-04-07T16:20:53","modified_gmt":"2022-04-07T14:20:53","slug":"eleccions-municipais-en-marin-que-vai-pasar","status":"publish","type":"post","link":"https:\/\/www.anovapeneira.gal\/index.php\/2022\/04\/12\/eleccions-municipais-en-marin-que-vai-pasar\/","title":{"rendered":"Elecci\u00f3ns municipais en Mar\u00edn, que vai pasar?"},"content":{"rendered":"\n<figure class=\"wp-block-image size-large is-resized\"><img loading=\"lazy\" decoding=\"async\" src=\"http:\/\/www.anovapeneira.gal\/wp-content\/uploads\/2019\/07\/pedro_cortegoso_opinion_a_nova_peneira_bn.jpg\" alt=\"Pedro M. Cortegoso Gago Artigo Opini\u00f3n A Nova Peneira\" class=\"wp-image-464\" width=\"95\" height=\"111\"\/><figcaption>Pedro M. Cortegoso Gago Traballador do Centro de Sa\u00fade de Moa\u00f1a<\/figcaption><\/figure>\n\n\n\n<p>O mes de Maio est\u00e1 a chegar, e con \u00e9l quedar\u00e1 s\u00f3 un ano para as pr\u00f3ximas elecci\u00f3ns municipais. Dar\u00e1 comezo a competici\u00f3n dos partidos pol\u00edticos locais para convencernos de que son a mellor alternativa para Mar\u00edn. Coma os pavos reais levantar\u00e1n a plumaxe e far\u00e1n bailes ex\u00f3ticos para chamar a nosa atenci\u00f3n.<\/p>\n\n\n\n<p>A estas alturas da pel\u00edcula xa podemos e debemos comezar a avaliar o traballo, pouco ou moito, feito por todos os concursantes. Teremos que ir po\u00f1endo puntuaci\u00f3ns e facendo c\u00e1balas para ver quen estar\u00e1 no primeiro posto de sa\u00edda e con moitas posibilidades de repetir.<\/p>\n\n\n\n<p>\u00c9 evidente que nestes tres anos que levamos de lexislatura o partido \u201creinante\u201d, o PP, non padeceu moito desgaste. O partido de Ramallo foi facendo, aproveitando os plans de outras administraci\u00f3ns para humanizar r\u00faas, cambiar farois, \u201cempichar\u201d cami\u00f1os no rural. E, o m\u00e1is importante, evitando calquera tipo de conflitividade social. E agora como colof\u00f3n da lexislatura vainos facer un auditorio, que deber\u00eda estar feito desde o s\u00e9culo pasado, e unha piscina de auga salgada.<\/p>\n\n\n\n<p>Por\u00e9n, Mar\u00edn segue tendo grandes problemas econ\u00f3micos, de vivenda, de urbanismo, etc, que o goberno do PP non ten interese en solucionar. Temos alugueiros cos prezos disparados mentres hai unhas setecentas vivendas baleiras, o centro de Mar\u00edn parece un campo de batalla con tantos edificios a medio facer ou abandonados, e solares a monte a cincuenta metros do concello.<\/p>\n\n\n\n<p><strong>Ula oposici\u00f3n?<\/strong><\/p>\n\n\n\n<p>Polo que podemos ver no que levamos de lexislatura, nin est\u00e1 nin se lle espera. Moito \u201cpostureo\u201d e moita foto, mais pouco traballo real. Esta debe ser a nova forma de facer pol\u00edtica nos tempos onde as redes sociais parecen m\u00e1is importantes que o traballo na r\u00faa d\u00eda a d\u00eda.<\/p>\n\n\n\n<p>Demostraron en todo estte tempo ser incapaces de propo\u00f1er alternativas, facer propostas serias e moito menos po\u00f1er contra as cordas ao actual goberno municipal.<\/p>\n\n\n\n<p>Esper\u00e1base algo m\u00e1is do PSOE, que con cinco concelleiros\/as \u00e9 a principal forza da oposici\u00f3n. Mais coa s\u00faa estratexia de oposici\u00f3n \u201cleal\u201d e condescendente co goberno municipal o \u00fanico que acadaron foi dilu\u00edrse e estar coma ausentes. Con cinco persoas no concello deber\u00edan ter un maior traballo e mais capacidade para propo\u00f1er alternativas.<\/p>\n\n\n\n<p>O BNG, como ven sendo habitual en Mar\u00edn, multiplicouse por cero e optou por substitu\u00edr o traballo social, cousas do pasado, por sesi\u00f3ns fotogr\u00e1ficas. Por\u00e9n, as fotos non poden agochar a falta de ideas e alternativas a\u00ednda que repitan sempre que te\u00f1en un \u201cproxecto ilusionante\u201d para Mar\u00edn. Ulo?<\/p>\n\n\n\n<p>As elecci\u00f3ns g\u00e1nanse con traballo e implantaci\u00f3n social, e dos tres principais actores s\u00f3 un cumpre con eses requisitos. \u00c9 evidente que o PP de Mar\u00edn si que ten implantaci\u00f3n social en todas as parroquias e no resto dos \u00e1mbitos sociais do noso concello. Tam\u00e9n demostraron nestes anos capacidade de traballo, a\u00ednda que o fagan para o \u201clado escuro\u201d e dun xeito caciquil.<\/p>\n\n\n\n<p>Polo tanto vai ser complicado enfrontarse a esta maquinaria electoral que est\u00e1 permanentemente en activo cuns coches coas rodas pinchadas e sen gasolina.<\/p>\n\n\n\n<p><strong>O que n\u00f3s queda \u00e9 a mobilizaci\u00f3n.<\/strong><\/p>\n\n\n\n<p>O desastre das pol\u00edticas sanitarias do PP est\u00e1 provocando un malestar social moi grande, e non s\u00f3 en Mar\u00edn, que deber\u00eda pasarlle factura a este partido en todos os procesos electorais. Non podemos esquecer que o goberno local, que conta cun deputado auton\u00f3mico, asume submisamente as pol\u00edticas de recortes sanitarios que chegan de Compostela e non levanta a voz ante o deterioro manifesto que padecemos en Mar\u00edn.<\/p>\n\n\n\n<p>Pese a este escuro panorama pol\u00edtico Mar\u00edn segue sendo un pobo reivindicativo que sae \u00e1 r\u00faa para reclamar e protestar. Est\u00e1molo vendo coas manifestaci\u00f3ns e mobilizaci\u00f3ns en defensa da sanidade p\u00fablica en Seixo e Mar\u00edn e coas concentraci\u00f3ns de solidariedade polo naufraxio do Vila de Pitanxo.<\/p>\n\n\n\n<p>Nestes momentos de orfandade pol\u00edtica, e mentres non te\u00f1amos unha alternativa ao servizo do pobo, debemos botar man da mobilizaci\u00f3n social como forma de presi\u00f3n e concienciaci\u00f3n para reclamar soluci\u00f3ns aos moitos problemas que temos en Mar\u00edn.<\/p>\n\n\n\n<p>Mar\u00edn, 5 de abril de 2022<\/p>\n","protected":false},"excerpt":{"rendered":"<div class=\"mh-excerpt\"><p>O mes de Maio est\u00e1 a chegar, e con \u00e9l quedar\u00e1 s\u00f3 un ano para as pr\u00f3ximas elecci\u00f3ns municipais. Dar\u00e1 comezo a competici\u00f3n dos partidos pol\u00edticos locais para convencernos de que son a mellor alternativa para Mar\u00edn. Coma os pavos reais levantar\u00e1n a plumaxe e far\u00e1n bailes ex\u00f3ticos para chamar a nosa atenci\u00f3n <a class=\"mh-excerpt-more\" href=\"https:\/\/www.anovapeneira.gal\/index.php\/2022\/04\/12\/eleccions-municipais-en-marin-que-vai-pasar\/\" title=\"Elecci\u00f3ns municipais en Mar\u00edn, que vai pasar?\">[&#8230;]<\/a><\/p>\n<\/div>","protected":false},"author":4,"featured_media":584,"comment_status":"open","ping_status":"open","sticky":false,"template":"","format":"standard","meta":{"_exactmetrics_skip_tracking":false,"_exactmetrics_sitenote_active":false,"_exactmetrics_sitenote_note":"","_exactmetrics_sitenote_category":0,"footnotes":""},"categories":[7],"tags":[144],"class_list":{"0":"post-7277","1":"post","2":"type-post","3":"status-publish","4":"format-standard","5":"has-post-thumbnail","7":"category-artigos-de-opinion","8":"tag-concello-de-marin"},"yoast_head":"<!-- This site is optimized with the Yoast SEO plugin v27.4 - https:\/\/yoast.com\/product\/yoast-seo-wordpress\/ -->\n<title>Elecci\u00f3ns municipais en Mar\u00edn, que vai pasar? -<\/title>\n<meta name=\"description\" content=\"O mes de Maio est\u00e1 a chegar, e con \u00e9l quedar\u00e1 s\u00f3 un ano para as pr\u00f3ximas elecci\u00f3ns municipais. Dar\u00e1 comezo a competici\u00f3n dos partidos pol\u00edticos locais para convencernos de que son a mellor alternativa para Mar\u00edn. Coma os pavos reais levantar\u00e1n a plumaxe e far\u00e1n bailes ex\u00f3ticos para chamar a nosa atenci\u00f3n\" \/>\n<meta name=\"robots\" content=\"index, follow, max-snippet:-1, max-image-preview:large, max-video-preview:-1\" \/>\n<link rel=\"canonical\" href=\"https:\/\/www.anovapeneira.gal\/index.php\/2022\/04\/12\/eleccions-municipais-en-marin-que-vai-pasar\/\" \/>\n<meta property=\"og:locale\" content=\"gl_ES\" \/>\n<meta property=\"og:type\" content=\"article\" \/>\n<meta property=\"og:title\" content=\"Elecci\u00f3ns municipais en Mar\u00edn, que vai pasar? -\" \/>\n<meta property=\"og:description\" content=\"O mes de Maio est\u00e1 a chegar, e con \u00e9l quedar\u00e1 s\u00f3 un ano para as pr\u00f3ximas elecci\u00f3ns municipais. Dar\u00e1 comezo a competici\u00f3n dos partidos pol\u00edticos locais para convencernos de que son a mellor alternativa para Mar\u00edn. Coma os pavos reais levantar\u00e1n a plumaxe e far\u00e1n bailes ex\u00f3ticos para chamar a nosa atenci\u00f3n\" \/>\n<meta property=\"og:url\" content=\"https:\/\/www.anovapeneira.gal\/index.php\/2022\/04\/12\/eleccions-municipais-en-marin-que-vai-pasar\/\" \/>\n<meta property=\"article:publisher\" content=\"https:\/\/www.facebook.com\/anovapeneira\" \/>\n<meta property=\"article:published_time\" content=\"2022-04-12T08:00:38+00:00\" \/>\n<meta property=\"og:image\" content=\"https:\/\/www.anovapeneira.gal\/wp-content\/uploads\/2019\/07\/ARTIGO_DE_OPINION_A_NOVA_PENEIRA.jpg\" \/>\n\t<meta property=\"og:image:width\" content=\"720\" \/>\n\t<meta property=\"og:image:height\" content=\"473\" \/>\n\t<meta property=\"og:image:type\" content=\"image\/jpeg\" \/>\n<meta name=\"author\" content=\"Pedro M. Cortegoso Gago\" \/>\n<meta name=\"twitter:card\" content=\"summary_large_image\" \/>\n<meta name=\"twitter:image\" content=\"https:\/\/www.anovapeneira.gal\/wp-content\/uploads\/2019\/07\/ARTIGO_DE_OPINION_A_NOVA_PENEIRA.jpg\" \/>\n<meta name=\"twitter:creator\" content=\"@APeneira\" \/>\n<meta name=\"twitter:site\" content=\"@APeneira\" \/>\n<meta name=\"twitter:label1\" content=\"Escrito por\" \/>\n\t<meta name=\"twitter:data1\" content=\"Pedro M. Cortegoso Gago\" \/>\n\t<meta name=\"twitter:label2\" content=\"Tempo de lectura\" \/>\n\t<meta name=\"twitter:data2\" content=\"4 minutos\" \/>\n<script type=\"application\/ld+json\" class=\"yoast-schema-graph\">{\"@context\":\"https:\\\/\\\/schema.org\",\"@graph\":[{\"@type\":\"Article\",\"@id\":\"https:\\\/\\\/www.anovapeneira.gal\\\/index.php\\\/2022\\\/04\\\/12\\\/eleccions-municipais-en-marin-que-vai-pasar\\\/#article\",\"isPartOf\":{\"@id\":\"https:\\\/\\\/www.anovapeneira.gal\\\/index.php\\\/2022\\\/04\\\/12\\\/eleccions-municipais-en-marin-que-vai-pasar\\\/\"},\"author\":{\"name\":\"Pedro M. Cortegoso Gago\",\"@id\":\"https:\\\/\\\/www.anovapeneira.gal\\\/#\\\/schema\\\/person\\\/c04a9c9f722c9446e71ae434c0353337\"},\"headline\":\"Elecci\u00f3ns municipais en Mar\u00edn, que vai pasar?\",\"datePublished\":\"2022-04-12T08:00:38+00:00\",\"mainEntityOfPage\":{\"@id\":\"https:\\\/\\\/www.anovapeneira.gal\\\/index.php\\\/2022\\\/04\\\/12\\\/eleccions-municipais-en-marin-que-vai-pasar\\\/\"},\"wordCount\":741,\"commentCount\":0,\"publisher\":{\"@id\":\"https:\\\/\\\/www.anovapeneira.gal\\\/#organization\"},\"image\":{\"@id\":\"https:\\\/\\\/www.anovapeneira.gal\\\/index.php\\\/2022\\\/04\\\/12\\\/eleccions-municipais-en-marin-que-vai-pasar\\\/#primaryimage\"},\"thumbnailUrl\":\"https:\\\/\\\/www.anovapeneira.gal\\\/wp-content\\\/uploads\\\/2019\\\/07\\\/ARTIGO_DE_OPINION_A_NOVA_PENEIRA.jpg\",\"keywords\":[\"Concello de Mar\u00edn\"],\"articleSection\":[\"Artigos de opini\u00f3n\"],\"inLanguage\":\"gl-ES\",\"potentialAction\":[{\"@type\":\"CommentAction\",\"name\":\"Comment\",\"target\":[\"https:\\\/\\\/www.anovapeneira.gal\\\/index.php\\\/2022\\\/04\\\/12\\\/eleccions-municipais-en-marin-que-vai-pasar\\\/#respond\"]}]},{\"@type\":\"WebPage\",\"@id\":\"https:\\\/\\\/www.anovapeneira.gal\\\/index.php\\\/2022\\\/04\\\/12\\\/eleccions-municipais-en-marin-que-vai-pasar\\\/\",\"url\":\"https:\\\/\\\/www.anovapeneira.gal\\\/index.php\\\/2022\\\/04\\\/12\\\/eleccions-municipais-en-marin-que-vai-pasar\\\/\",\"name\":\"Elecci\u00f3ns municipais en Mar\u00edn, que vai pasar? -\",\"isPartOf\":{\"@id\":\"https:\\\/\\\/www.anovapeneira.gal\\\/#website\"},\"primaryImageOfPage\":{\"@id\":\"https:\\\/\\\/www.anovapeneira.gal\\\/index.php\\\/2022\\\/04\\\/12\\\/eleccions-municipais-en-marin-que-vai-pasar\\\/#primaryimage\"},\"image\":{\"@id\":\"https:\\\/\\\/www.anovapeneira.gal\\\/index.php\\\/2022\\\/04\\\/12\\\/eleccions-municipais-en-marin-que-vai-pasar\\\/#primaryimage\"},\"thumbnailUrl\":\"https:\\\/\\\/www.anovapeneira.gal\\\/wp-content\\\/uploads\\\/2019\\\/07\\\/ARTIGO_DE_OPINION_A_NOVA_PENEIRA.jpg\",\"datePublished\":\"2022-04-12T08:00:38+00:00\",\"description\":\"O mes de Maio est\u00e1 a chegar, e con \u00e9l quedar\u00e1 s\u00f3 un ano para as pr\u00f3ximas elecci\u00f3ns municipais. Dar\u00e1 comezo a competici\u00f3n dos partidos pol\u00edticos locais para convencernos de que son a mellor alternativa para Mar\u00edn. Coma os pavos reais levantar\u00e1n a plumaxe e far\u00e1n bailes ex\u00f3ticos para chamar a nosa atenci\u00f3n\",\"breadcrumb\":{\"@id\":\"https:\\\/\\\/www.anovapeneira.gal\\\/index.php\\\/2022\\\/04\\\/12\\\/eleccions-municipais-en-marin-que-vai-pasar\\\/#breadcrumb\"},\"inLanguage\":\"gl-ES\",\"potentialAction\":[{\"@type\":\"ReadAction\",\"target\":[\"https:\\\/\\\/www.anovapeneira.gal\\\/index.php\\\/2022\\\/04\\\/12\\\/eleccions-municipais-en-marin-que-vai-pasar\\\/\"]}]},{\"@type\":\"ImageObject\",\"inLanguage\":\"gl-ES\",\"@id\":\"https:\\\/\\\/www.anovapeneira.gal\\\/index.php\\\/2022\\\/04\\\/12\\\/eleccions-municipais-en-marin-que-vai-pasar\\\/#primaryimage\",\"url\":\"https:\\\/\\\/www.anovapeneira.gal\\\/wp-content\\\/uploads\\\/2019\\\/07\\\/ARTIGO_DE_OPINION_A_NOVA_PENEIRA.jpg\",\"contentUrl\":\"https:\\\/\\\/www.anovapeneira.gal\\\/wp-content\\\/uploads\\\/2019\\\/07\\\/ARTIGO_DE_OPINION_A_NOVA_PENEIRA.jpg\",\"width\":720,\"height\":473,\"caption\":\"Artigo de opini\u00f3n A Nova Peneira\"},{\"@type\":\"BreadcrumbList\",\"@id\":\"https:\\\/\\\/www.anovapeneira.gal\\\/index.php\\\/2022\\\/04\\\/12\\\/eleccions-municipais-en-marin-que-vai-pasar\\\/#breadcrumb\",\"itemListElement\":[{\"@type\":\"ListItem\",\"position\":1,\"name\":\"Portada\",\"item\":\"https:\\\/\\\/www.anovapeneira.gal\\\/\"},{\"@type\":\"ListItem\",\"position\":2,\"name\":\"Elecci\u00f3ns municipais en Mar\u00edn, que vai pasar?\"}]},{\"@type\":\"WebSite\",\"@id\":\"https:\\\/\\\/www.anovapeneira.gal\\\/#website\",\"url\":\"https:\\\/\\\/www.anovapeneira.gal\\\/\",\"name\":\"\",\"description\":\"Xornal galego de informaci\u00f3n xeral Publicaci\u00f3n mensual de novas de Galicia e en especial dos Concellos da sur da provincia de Pontevedra.\",\"publisher\":{\"@id\":\"https:\\\/\\\/www.anovapeneira.gal\\\/#organization\"},\"potentialAction\":[{\"@type\":\"SearchAction\",\"target\":{\"@type\":\"EntryPoint\",\"urlTemplate\":\"https:\\\/\\\/www.anovapeneira.gal\\\/?s={search_term_string}\"},\"query-input\":{\"@type\":\"PropertyValueSpecification\",\"valueRequired\":true,\"valueName\":\"search_term_string\"}}],\"inLanguage\":\"gl-ES\"},{\"@type\":\"Organization\",\"@id\":\"https:\\\/\\\/www.anovapeneira.gal\\\/#organization\",\"name\":\"A Nova Peneira\",\"url\":\"https:\\\/\\\/www.anovapeneira.gal\\\/\",\"logo\":{\"@type\":\"ImageObject\",\"inLanguage\":\"gl-ES\",\"@id\":\"https:\\\/\\\/www.anovapeneira.gal\\\/#\\\/schema\\\/logo\\\/image\\\/\",\"url\":\"http:\\\/\\\/www.anovapeneira.gal\\\/wp-content\\\/uploads\\\/2019\\\/06\\\/logo_a_nova_peneira_portal_web.png\",\"contentUrl\":\"http:\\\/\\\/www.anovapeneira.gal\\\/wp-content\\\/uploads\\\/2019\\\/06\\\/logo_a_nova_peneira_portal_web.png\",\"width\":300,\"height\":100,\"caption\":\"A Nova Peneira\"},\"image\":{\"@id\":\"https:\\\/\\\/www.anovapeneira.gal\\\/#\\\/schema\\\/logo\\\/image\\\/\"},\"sameAs\":[\"https:\\\/\\\/www.facebook.com\\\/anovapeneira\",\"https:\\\/\\\/x.com\\\/APeneira\"]},{\"@type\":\"Person\",\"@id\":\"https:\\\/\\\/www.anovapeneira.gal\\\/#\\\/schema\\\/person\\\/c04a9c9f722c9446e71ae434c0353337\",\"name\":\"Pedro M. Cortegoso Gago\",\"image\":{\"@type\":\"ImageObject\",\"inLanguage\":\"gl-ES\",\"@id\":\"https:\\\/\\\/secure.gravatar.com\\\/avatar\\\/1613b27278a972c04db5c2f04fb2cbfa9edb58d6c3e2547817ecb8240eb58381?s=96&d=mm&r=g\",\"url\":\"https:\\\/\\\/secure.gravatar.com\\\/avatar\\\/1613b27278a972c04db5c2f04fb2cbfa9edb58d6c3e2547817ecb8240eb58381?s=96&d=mm&r=g\",\"contentUrl\":\"https:\\\/\\\/secure.gravatar.com\\\/avatar\\\/1613b27278a972c04db5c2f04fb2cbfa9edb58d6c3e2547817ecb8240eb58381?s=96&d=mm&r=g\",\"caption\":\"Pedro M. Cortegoso Gago\"},\"sameAs\":[\"http:\\\/\\\/anovapeneira.gal\"],\"url\":\"https:\\\/\\\/www.anovapeneira.gal\\\/index.php\\\/author\\\/opinionpcortegoso\\\/\"}]}<\/script>\n<!-- \/ Yoast SEO plugin. -->","yoast_head_json":{"title":"Elecci\u00f3ns municipais en Mar\u00edn, que vai pasar? -","description":"O mes de Maio est\u00e1 a chegar, e con \u00e9l quedar\u00e1 s\u00f3 un ano para as pr\u00f3ximas elecci\u00f3ns municipais. Dar\u00e1 comezo a competici\u00f3n dos partidos pol\u00edticos locais para convencernos de que son a mellor alternativa para Mar\u00edn. Coma os pavos reais levantar\u00e1n a plumaxe e far\u00e1n bailes ex\u00f3ticos para chamar a nosa atenci\u00f3n","robots":{"index":"index","follow":"follow","max-snippet":"max-snippet:-1","max-image-preview":"max-image-preview:large","max-video-preview":"max-video-preview:-1"},"canonical":"https:\/\/www.anovapeneira.gal\/index.php\/2022\/04\/12\/eleccions-municipais-en-marin-que-vai-pasar\/","og_locale":"gl_ES","og_type":"article","og_title":"Elecci\u00f3ns municipais en Mar\u00edn, que vai pasar? -","og_description":"O mes de Maio est\u00e1 a chegar, e con \u00e9l quedar\u00e1 s\u00f3 un ano para as pr\u00f3ximas elecci\u00f3ns municipais. Dar\u00e1 comezo a competici\u00f3n dos partidos pol\u00edticos locais para convencernos de que son a mellor alternativa para Mar\u00edn. Coma os pavos reais levantar\u00e1n a plumaxe e far\u00e1n bailes ex\u00f3ticos para chamar a nosa atenci\u00f3n","og_url":"https:\/\/www.anovapeneira.gal\/index.php\/2022\/04\/12\/eleccions-municipais-en-marin-que-vai-pasar\/","article_publisher":"https:\/\/www.facebook.com\/anovapeneira","article_published_time":"2022-04-12T08:00:38+00:00","og_image":[{"width":720,"height":473,"url":"https:\/\/www.anovapeneira.gal\/wp-content\/uploads\/2019\/07\/ARTIGO_DE_OPINION_A_NOVA_PENEIRA.jpg","type":"image\/jpeg"}],"author":"Pedro M. Cortegoso Gago","twitter_card":"summary_large_image","twitter_image":"https:\/\/www.anovapeneira.gal\/wp-content\/uploads\/2019\/07\/ARTIGO_DE_OPINION_A_NOVA_PENEIRA.jpg","twitter_creator":"@APeneira","twitter_site":"@APeneira","twitter_misc":{"Escrito por":"Pedro M. Cortegoso Gago","Tempo de lectura":"4 minutos"},"schema":{"@context":"https:\/\/schema.org","@graph":[{"@type":"Article","@id":"https:\/\/www.anovapeneira.gal\/index.php\/2022\/04\/12\/eleccions-municipais-en-marin-que-vai-pasar\/#article","isPartOf":{"@id":"https:\/\/www.anovapeneira.gal\/index.php\/2022\/04\/12\/eleccions-municipais-en-marin-que-vai-pasar\/"},"author":{"name":"Pedro M. Cortegoso Gago","@id":"https:\/\/www.anovapeneira.gal\/#\/schema\/person\/c04a9c9f722c9446e71ae434c0353337"},"headline":"Elecci\u00f3ns municipais en Mar\u00edn, que vai pasar?","datePublished":"2022-04-12T08:00:38+00:00","mainEntityOfPage":{"@id":"https:\/\/www.anovapeneira.gal\/index.php\/2022\/04\/12\/eleccions-municipais-en-marin-que-vai-pasar\/"},"wordCount":741,"commentCount":0,"publisher":{"@id":"https:\/\/www.anovapeneira.gal\/#organization"},"image":{"@id":"https:\/\/www.anovapeneira.gal\/index.php\/2022\/04\/12\/eleccions-municipais-en-marin-que-vai-pasar\/#primaryimage"},"thumbnailUrl":"https:\/\/www.anovapeneira.gal\/wp-content\/uploads\/2019\/07\/ARTIGO_DE_OPINION_A_NOVA_PENEIRA.jpg","keywords":["Concello de Mar\u00edn"],"articleSection":["Artigos de opini\u00f3n"],"inLanguage":"gl-ES","potentialAction":[{"@type":"CommentAction","name":"Comment","target":["https:\/\/www.anovapeneira.gal\/index.php\/2022\/04\/12\/eleccions-municipais-en-marin-que-vai-pasar\/#respond"]}]},{"@type":"WebPage","@id":"https:\/\/www.anovapeneira.gal\/index.php\/2022\/04\/12\/eleccions-municipais-en-marin-que-vai-pasar\/","url":"https:\/\/www.anovapeneira.gal\/index.php\/2022\/04\/12\/eleccions-municipais-en-marin-que-vai-pasar\/","name":"Elecci\u00f3ns municipais en Mar\u00edn, que vai pasar? -","isPartOf":{"@id":"https:\/\/www.anovapeneira.gal\/#website"},"primaryImageOfPage":{"@id":"https:\/\/www.anovapeneira.gal\/index.php\/2022\/04\/12\/eleccions-municipais-en-marin-que-vai-pasar\/#primaryimage"},"image":{"@id":"https:\/\/www.anovapeneira.gal\/index.php\/2022\/04\/12\/eleccions-municipais-en-marin-que-vai-pasar\/#primaryimage"},"thumbnailUrl":"https:\/\/www.anovapeneira.gal\/wp-content\/uploads\/2019\/07\/ARTIGO_DE_OPINION_A_NOVA_PENEIRA.jpg","datePublished":"2022-04-12T08:00:38+00:00","description":"O mes de Maio est\u00e1 a chegar, e con \u00e9l quedar\u00e1 s\u00f3 un ano para as pr\u00f3ximas elecci\u00f3ns municipais. Dar\u00e1 comezo a competici\u00f3n dos partidos pol\u00edticos locais para convencernos de que son a mellor alternativa para Mar\u00edn. Coma os pavos reais levantar\u00e1n a plumaxe e far\u00e1n bailes ex\u00f3ticos para chamar a nosa atenci\u00f3n","breadcrumb":{"@id":"https:\/\/www.anovapeneira.gal\/index.php\/2022\/04\/12\/eleccions-municipais-en-marin-que-vai-pasar\/#breadcrumb"},"inLanguage":"gl-ES","potentialAction":[{"@type":"ReadAction","target":["https:\/\/www.anovapeneira.gal\/index.php\/2022\/04\/12\/eleccions-municipais-en-marin-que-vai-pasar\/"]}]},{"@type":"ImageObject","inLanguage":"gl-ES","@id":"https:\/\/www.anovapeneira.gal\/index.php\/2022\/04\/12\/eleccions-municipais-en-marin-que-vai-pasar\/#primaryimage","url":"https:\/\/www.anovapeneira.gal\/wp-content\/uploads\/2019\/07\/ARTIGO_DE_OPINION_A_NOVA_PENEIRA.jpg","contentUrl":"https:\/\/www.anovapeneira.gal\/wp-content\/uploads\/2019\/07\/ARTIGO_DE_OPINION_A_NOVA_PENEIRA.jpg","width":720,"height":473,"caption":"Artigo de opini\u00f3n A Nova Peneira"},{"@type":"BreadcrumbList","@id":"https:\/\/www.anovapeneira.gal\/index.php\/2022\/04\/12\/eleccions-municipais-en-marin-que-vai-pasar\/#breadcrumb","itemListElement":[{"@type":"ListItem","position":1,"name":"Portada","item":"https:\/\/www.anovapeneira.gal\/"},{"@type":"ListItem","position":2,"name":"Elecci\u00f3ns municipais en Mar\u00edn, que vai pasar?"}]},{"@type":"WebSite","@id":"https:\/\/www.anovapeneira.gal\/#website","url":"https:\/\/www.anovapeneira.gal\/","name":"","description":"Xornal galego de informaci\u00f3n xeral Publicaci\u00f3n mensual de novas de Galicia e en especial dos Concellos da sur da provincia de Pontevedra.","publisher":{"@id":"https:\/\/www.anovapeneira.gal\/#organization"},"potentialAction":[{"@type":"SearchAction","target":{"@type":"EntryPoint","urlTemplate":"https:\/\/www.anovapeneira.gal\/?s={search_term_string}"},"query-input":{"@type":"PropertyValueSpecification","valueRequired":true,"valueName":"search_term_string"}}],"inLanguage":"gl-ES"},{"@type":"Organization","@id":"https:\/\/www.anovapeneira.gal\/#organization","name":"A Nova Peneira","url":"https:\/\/www.anovapeneira.gal\/","logo":{"@type":"ImageObject","inLanguage":"gl-ES","@id":"https:\/\/www.anovapeneira.gal\/#\/schema\/logo\/image\/","url":"http:\/\/www.anovapeneira.gal\/wp-content\/uploads\/2019\/06\/logo_a_nova_peneira_portal_web.png","contentUrl":"http:\/\/www.anovapeneira.gal\/wp-content\/uploads\/2019\/06\/logo_a_nova_peneira_portal_web.png","width":300,"height":100,"caption":"A Nova Peneira"},"image":{"@id":"https:\/\/www.anovapeneira.gal\/#\/schema\/logo\/image\/"},"sameAs":["https:\/\/www.facebook.com\/anovapeneira","https:\/\/x.com\/APeneira"]},{"@type":"Person","@id":"https:\/\/www.anovapeneira.gal\/#\/schema\/person\/c04a9c9f722c9446e71ae434c0353337","name":"Pedro M. Cortegoso Gago","image":{"@type":"ImageObject","inLanguage":"gl-ES","@id":"https:\/\/secure.gravatar.com\/avatar\/1613b27278a972c04db5c2f04fb2cbfa9edb58d6c3e2547817ecb8240eb58381?s=96&d=mm&r=g","url":"https:\/\/secure.gravatar.com\/avatar\/1613b27278a972c04db5c2f04fb2cbfa9edb58d6c3e2547817ecb8240eb58381?s=96&d=mm&r=g","contentUrl":"https:\/\/secure.gravatar.com\/avatar\/1613b27278a972c04db5c2f04fb2cbfa9edb58d6c3e2547817ecb8240eb58381?s=96&d=mm&r=g","caption":"Pedro M. Cortegoso Gago"},"sameAs":["http:\/\/anovapeneira.gal"],"url":"https:\/\/www.anovapeneira.gal\/index.php\/author\/opinionpcortegoso\/"}]}},"jetpack_featured_media_url":"https:\/\/www.anovapeneira.gal\/wp-content\/uploads\/2019\/07\/ARTIGO_DE_OPINION_A_NOVA_PENEIRA.jpg","_links":{"self":[{"href":"https:\/\/www.anovapeneira.gal\/index.php\/wp-json\/wp\/v2\/posts\/7277","targetHints":{"allow":["GET"]}}],"collection":[{"href":"https:\/\/www.anovapeneira.gal\/index.php\/wp-json\/wp\/v2\/posts"}],"about":[{"href":"https:\/\/www.anovapeneira.gal\/index.php\/wp-json\/wp\/v2\/types\/post"}],"author":[{"embeddable":true,"href":"https:\/\/www.anovapeneira.gal\/index.php\/wp-json\/wp\/v2\/users\/4"}],"replies":[{"embeddable":true,"href":"https:\/\/www.anovapeneira.gal\/index.php\/wp-json\/wp\/v2\/comments?post=7277"}],"version-history":[{"count":1,"href":"https:\/\/www.anovapeneira.gal\/index.php\/wp-json\/wp\/v2\/posts\/7277\/revisions"}],"predecessor-version":[{"id":7278,"href":"https:\/\/www.anovapeneira.gal\/index.php\/wp-json\/wp\/v2\/posts\/7277\/revisions\/7278"}],"wp:featuredmedia":[{"embeddable":true,"href":"https:\/\/www.anovapeneira.gal\/index.php\/wp-json\/wp\/v2\/media\/584"}],"wp:attachment":[{"href":"https:\/\/www.anovapeneira.gal\/index.php\/wp-json\/wp\/v2\/media?parent=7277"}],"wp:term":[{"taxonomy":"category","embeddable":true,"href":"https:\/\/www.anovapeneira.gal\/index.php\/wp-json\/wp\/v2\/categories?post=7277"},{"taxonomy":"post_tag","embeddable":true,"href":"https:\/\/www.anovapeneira.gal\/index.php\/wp-json\/wp\/v2\/tags?post=7277"}],"curies":[{"name":"wp","href":"https:\/\/api.w.org\/{rel}","templated":true}]}}