{"id":7297,"date":"2022-04-14T12:00:59","date_gmt":"2022-04-14T10:00:59","guid":{"rendered":"https:\/\/www.anovapeneira.gal\/?p=7297"},"modified":"2022-04-11T11:27:37","modified_gmt":"2022-04-11T09:27:37","slug":"o-tsxg-obriga-a-axencia-tributaria-a-garantir-o-uso-do-galego","status":"publish","type":"post","link":"https:\/\/www.anovapeneira.gal\/index.php\/2022\/04\/14\/o-tsxg-obriga-a-axencia-tributaria-a-garantir-o-uso-do-galego\/","title":{"rendered":"O TSXG obriga a Axencia Tributaria a garantir o uso do galego"},"content":{"rendered":"\n<p>Os servizos xur\u00eddicos d\u2019A Mesa pola Normalizaci\u00f3n Ling\u00fc\u00edstica, dirixidos por Elsa Quintas, obte\u00f1en unha resoluci\u00f3n favor\u00e1bel aos dereitos ling\u00fc\u00edsticos das persoas galegofalantes, despois de 4 anos de batalla xudicial.<br><br><strong>Compostela, 8 de abril de 2022<\/strong><\/p>\n\n\n\n<p>A Mesa pola Normalizaci\u00f3n considera &#8220;hist\u00f3rica&#8221; a sentenza emitida o 4 de abril de 2022 polo Tribunal Superior de Xustiza de Galiza, declarando nulos os actos administrativos efectuados pola Axencia Tributaria en castel\u00e1n, despois de que un cidad\u00e1n galego manifestase querer ser atendido na s\u00faa lingua, e ordenando retrotraer as actuaci\u00f3ns ao momento anterior \u00e1 vulneraci\u00f3n do seu dereito \u00e1 escolla ling\u00fc\u00edstica.<br><br>O \u00e9xito xudicial acadado polos servizos xur\u00eddicos da Mesa, dirixidos por Elsa Quintas, sup\u00f3n un reproche \u00e1 Axencia Tributaria por eludir a vontade inequ\u00edvoca do administrado a que se comunicasen con el na lingua galega e por baleirar, as\u00ed, de contido o dereito \u00e1 escolla ling\u00fc\u00edstica que asiste a cidadan\u00eda galega. O Tribunal ten en conta a dilixencia despregada polo administrado a requirirlle \u00e1 AEAT que lle notificase en galego e ordena a suspensi\u00f3n dos prazos das comunicaci\u00f3ns efectuadas en lingua diferente \u00e1 escollida mentres o ente tributario non cumpra a s\u00faa obriga de llas notificar en lingua galega.<br><br>Quintas recorda que a Axencia Tributaria ignorara en cada un dos procedementos incoados de oficio as reiteradas solicitudes do cidad\u00e1n de que lle notificasen en galego as comunicaci\u00f3ns e considera un verdadeiro \u00e9xito &#8220;que o Tribunal Superior de Xustiza de Galiza non convalide o pretexto do ente tributario de que se trata de procedementos desconectados entre si&#8221;. O TSXG establece, expresamente, na sentencia que \u201ca Administraci\u00f3n non pode ampararse nunha divisi\u00f3n do procedemento para impedir a eficacia do dereito exercitado polo obrigado tributario\u201d.<br><br>O Tribunal Superior de Xustiza de Galiza responsabiliza, as\u00ed, a administraci\u00f3n tributaria por non artellar un mecanismo de coordinaci\u00f3n dos diferentes \u00f3rganos que garanta o dereito \u00e1 escolla ling\u00fc\u00edstica do cidad\u00e1n, sen necesidade de ter que reiteralo en cada procedemento. Quintas destaca, tam\u00e9n, que os servizos xur\u00eddicos da Mesa puxeron especial empe\u00f1o ao requirir do Tribunal que o procedemento xudicial se seguise en galego, conseguindo que o TSXG se pronunciase tam\u00e9n nesta lingua, contribu\u00edndo e avanzando na normalizaci\u00f3n ling\u00fc\u00edstica da administraci\u00f3n de xustiza.<br><br>O cidad\u00e1n afectado, Xurxo Mart\u00ednez Gonz\u00e1lez, director do Servizo de Normalizaci\u00f3n Ling\u00fc\u00edstica de Redondela, celebra nas s\u00faas redes sociais [<a href=\"https:\/\/www.facebook.com\/xurxo.martinezgonzalez\/posts\/10223321559322248\" target=\"_blank\" rel=\"noreferrer noopener\">1<\/a>] a resoluci\u00f3n da loita xudicial que mantivo durante catro anos, acompa\u00f1ado polos servizos xur\u00eddicos da Mesa, calificando a sentenza de \u201cverdadeiro triunfo para o idioma galego&#8221; e afirmando que &#8220;os dereitos (incluso dentro do actual marco) deben ser exercidos at\u00e9 as \u00faltimas consecuencias&#8221; e que &#8220;ga\u00f1ando espazos legais e exercendo dereitos podemos consolidar un stataus de normalidade para o noso idioma\u201d.<br><br>As persoas que o desexen poden porse en contacto coa Li\u00f1a do Galego e manifestar as s\u00faas queixas ou d\u00fabidas a trav\u00e9s do n\u00famero 981 563 885, do correo-e <a href=\"mailto:linhadogalego@amesa.gal\">linhadogalego@amesa.gal<\/a> ou da app_ A Li\u00f1a do Galego_.<\/p>\n","protected":false},"excerpt":{"rendered":"<div class=\"mh-excerpt\"><p>Os servizos xur\u00eddicos d\u2019A Mesa pola Normalizaci\u00f3n Ling\u00fc\u00edstica, dirixidos por Elsa Quintas, obte\u00f1en unha resoluci\u00f3n favor\u00e1bel aos dereitos ling\u00fc\u00edsticos das persoas galegofalantes, despois de 4 anos de batalla xudicial <a class=\"mh-excerpt-more\" href=\"https:\/\/www.anovapeneira.gal\/index.php\/2022\/04\/14\/o-tsxg-obriga-a-axencia-tributaria-a-garantir-o-uso-do-galego\/\" title=\"O TSXG obriga a Axencia Tributaria a garantir o uso do galego\">[&#8230;]<\/a><\/p>\n<\/div>","protected":false},"author":3,"featured_media":7298,"comment_status":"open","ping_status":"open","sticky":false,"template":"","format":"standard","meta":{"_exactmetrics_skip_tracking":false,"_exactmetrics_sitenote_active":false,"_exactmetrics_sitenote_note":"","_exactmetrics_sitenote_category":0,"footnotes":""},"categories":[263],"tags":[729],"class_list":{"0":"post-7297","1":"post","2":"type-post","3":"status-publish","4":"format-standard","5":"has-post-thumbnail","7":"category-novas","8":"tag-normalizacion-linguistica"},"yoast_head":"<!-- This site is optimized with the Yoast SEO plugin v27.4 - https:\/\/yoast.com\/product\/yoast-seo-wordpress\/ -->\n<title>O TSXG obriga a Axencia Tributaria a garantir o uso do galego -<\/title>\n<meta name=\"robots\" content=\"index, follow, max-snippet:-1, max-image-preview:large, max-video-preview:-1\" \/>\n<link rel=\"canonical\" href=\"https:\/\/www.anovapeneira.gal\/index.php\/2022\/04\/14\/o-tsxg-obriga-a-axencia-tributaria-a-garantir-o-uso-do-galego\/\" \/>\n<meta property=\"og:locale\" content=\"gl_ES\" \/>\n<meta property=\"og:type\" content=\"article\" \/>\n<meta property=\"og:title\" content=\"O TSXG obriga a Axencia Tributaria a garantir o uso do galego -\" \/>\n<meta property=\"og:description\" content=\"Os servizos xur\u00eddicos d\u2019A Mesa pola Normalizaci\u00f3n Ling\u00fc\u00edstica, dirixidos por Elsa Quintas, obte\u00f1en unha resoluci\u00f3n favor\u00e1bel aos dereitos ling\u00fc\u00edsticos das persoas galegofalantes, despois de 4 anos de batalla xudicial [...]\" \/>\n<meta property=\"og:url\" content=\"https:\/\/www.anovapeneira.gal\/index.php\/2022\/04\/14\/o-tsxg-obriga-a-axencia-tributaria-a-garantir-o-uso-do-galego\/\" \/>\n<meta property=\"article:publisher\" content=\"https:\/\/www.facebook.com\/anovapeneira\" \/>\n<meta property=\"article:published_time\" content=\"2022-04-14T10:00:59+00:00\" \/>\n<meta property=\"og:image\" content=\"https:\/\/www.anovapeneira.gal\/wp-content\/uploads\/2022\/04\/denuncia_mesa_lingua.jpg\" \/>\n\t<meta property=\"og:image:width\" content=\"720\" \/>\n\t<meta property=\"og:image:height\" content=\"432\" \/>\n\t<meta property=\"og:image:type\" content=\"image\/jpeg\" \/>\n<meta name=\"author\" content=\"Redacci\u00f3n A Nova Peneira\" \/>\n<meta name=\"twitter:card\" content=\"summary_large_image\" \/>\n<meta name=\"twitter:creator\" content=\"@APeneira\" \/>\n<meta name=\"twitter:site\" content=\"@APeneira\" \/>\n<meta name=\"twitter:label1\" content=\"Escrito por\" \/>\n\t<meta name=\"twitter:data1\" content=\"Redacci\u00f3n A Nova Peneira\" \/>\n\t<meta name=\"twitter:label2\" content=\"Tempo de lectura\" \/>\n\t<meta name=\"twitter:data2\" content=\"3 minutos\" \/>\n<script type=\"application\/ld+json\" class=\"yoast-schema-graph\">{\"@context\":\"https:\\\/\\\/schema.org\",\"@graph\":[{\"@type\":\"Article\",\"@id\":\"https:\\\/\\\/www.anovapeneira.gal\\\/index.php\\\/2022\\\/04\\\/14\\\/o-tsxg-obriga-a-axencia-tributaria-a-garantir-o-uso-do-galego\\\/#article\",\"isPartOf\":{\"@id\":\"https:\\\/\\\/www.anovapeneira.gal\\\/index.php\\\/2022\\\/04\\\/14\\\/o-tsxg-obriga-a-axencia-tributaria-a-garantir-o-uso-do-galego\\\/\"},\"author\":{\"name\":\"Redacci\u00f3n A Nova Peneira\",\"@id\":\"https:\\\/\\\/www.anovapeneira.gal\\\/#\\\/schema\\\/person\\\/b93e3f8932e3f8da96334607eb6ac6aa\"},\"headline\":\"O TSXG obriga a Axencia Tributaria a garantir o uso do galego\",\"datePublished\":\"2022-04-14T10:00:59+00:00\",\"mainEntityOfPage\":{\"@id\":\"https:\\\/\\\/www.anovapeneira.gal\\\/index.php\\\/2022\\\/04\\\/14\\\/o-tsxg-obriga-a-axencia-tributaria-a-garantir-o-uso-do-galego\\\/\"},\"wordCount\":534,\"commentCount\":0,\"publisher\":{\"@id\":\"https:\\\/\\\/www.anovapeneira.gal\\\/#organization\"},\"image\":{\"@id\":\"https:\\\/\\\/www.anovapeneira.gal\\\/index.php\\\/2022\\\/04\\\/14\\\/o-tsxg-obriga-a-axencia-tributaria-a-garantir-o-uso-do-galego\\\/#primaryimage\"},\"thumbnailUrl\":\"https:\\\/\\\/www.anovapeneira.gal\\\/wp-content\\\/uploads\\\/2022\\\/04\\\/denuncia_mesa_lingua.jpg\",\"keywords\":[\"Normalizaci\u00f3n ling\u00fc\u00edstica\"],\"articleSection\":[\"Novas\"],\"inLanguage\":\"gl-ES\",\"potentialAction\":[{\"@type\":\"CommentAction\",\"name\":\"Comment\",\"target\":[\"https:\\\/\\\/www.anovapeneira.gal\\\/index.php\\\/2022\\\/04\\\/14\\\/o-tsxg-obriga-a-axencia-tributaria-a-garantir-o-uso-do-galego\\\/#respond\"]}]},{\"@type\":\"WebPage\",\"@id\":\"https:\\\/\\\/www.anovapeneira.gal\\\/index.php\\\/2022\\\/04\\\/14\\\/o-tsxg-obriga-a-axencia-tributaria-a-garantir-o-uso-do-galego\\\/\",\"url\":\"https:\\\/\\\/www.anovapeneira.gal\\\/index.php\\\/2022\\\/04\\\/14\\\/o-tsxg-obriga-a-axencia-tributaria-a-garantir-o-uso-do-galego\\\/\",\"name\":\"O TSXG obriga a Axencia Tributaria a garantir o uso do galego -\",\"isPartOf\":{\"@id\":\"https:\\\/\\\/www.anovapeneira.gal\\\/#website\"},\"primaryImageOfPage\":{\"@id\":\"https:\\\/\\\/www.anovapeneira.gal\\\/index.php\\\/2022\\\/04\\\/14\\\/o-tsxg-obriga-a-axencia-tributaria-a-garantir-o-uso-do-galego\\\/#primaryimage\"},\"image\":{\"@id\":\"https:\\\/\\\/www.anovapeneira.gal\\\/index.php\\\/2022\\\/04\\\/14\\\/o-tsxg-obriga-a-axencia-tributaria-a-garantir-o-uso-do-galego\\\/#primaryimage\"},\"thumbnailUrl\":\"https:\\\/\\\/www.anovapeneira.gal\\\/wp-content\\\/uploads\\\/2022\\\/04\\\/denuncia_mesa_lingua.jpg\",\"datePublished\":\"2022-04-14T10:00:59+00:00\",\"breadcrumb\":{\"@id\":\"https:\\\/\\\/www.anovapeneira.gal\\\/index.php\\\/2022\\\/04\\\/14\\\/o-tsxg-obriga-a-axencia-tributaria-a-garantir-o-uso-do-galego\\\/#breadcrumb\"},\"inLanguage\":\"gl-ES\",\"potentialAction\":[{\"@type\":\"ReadAction\",\"target\":[\"https:\\\/\\\/www.anovapeneira.gal\\\/index.php\\\/2022\\\/04\\\/14\\\/o-tsxg-obriga-a-axencia-tributaria-a-garantir-o-uso-do-galego\\\/\"]}]},{\"@type\":\"ImageObject\",\"inLanguage\":\"gl-ES\",\"@id\":\"https:\\\/\\\/www.anovapeneira.gal\\\/index.php\\\/2022\\\/04\\\/14\\\/o-tsxg-obriga-a-axencia-tributaria-a-garantir-o-uso-do-galego\\\/#primaryimage\",\"url\":\"https:\\\/\\\/www.anovapeneira.gal\\\/wp-content\\\/uploads\\\/2022\\\/04\\\/denuncia_mesa_lingua.jpg\",\"contentUrl\":\"https:\\\/\\\/www.anovapeneira.gal\\\/wp-content\\\/uploads\\\/2022\\\/04\\\/denuncia_mesa_lingua.jpg\",\"width\":720,\"height\":432,\"caption\":\"Mesa pola normalizaci\u00f3n\"},{\"@type\":\"BreadcrumbList\",\"@id\":\"https:\\\/\\\/www.anovapeneira.gal\\\/index.php\\\/2022\\\/04\\\/14\\\/o-tsxg-obriga-a-axencia-tributaria-a-garantir-o-uso-do-galego\\\/#breadcrumb\",\"itemListElement\":[{\"@type\":\"ListItem\",\"position\":1,\"name\":\"Portada\",\"item\":\"https:\\\/\\\/www.anovapeneira.gal\\\/\"},{\"@type\":\"ListItem\",\"position\":2,\"name\":\"O TSXG obriga a Axencia Tributaria a garantir o uso do galego\"}]},{\"@type\":\"WebSite\",\"@id\":\"https:\\\/\\\/www.anovapeneira.gal\\\/#website\",\"url\":\"https:\\\/\\\/www.anovapeneira.gal\\\/\",\"name\":\"\",\"description\":\"Xornal galego de informaci\u00f3n xeral Publicaci\u00f3n mensual de novas de Galicia e en especial dos Concellos da sur da provincia de Pontevedra.\",\"publisher\":{\"@id\":\"https:\\\/\\\/www.anovapeneira.gal\\\/#organization\"},\"potentialAction\":[{\"@type\":\"SearchAction\",\"target\":{\"@type\":\"EntryPoint\",\"urlTemplate\":\"https:\\\/\\\/www.anovapeneira.gal\\\/?s={search_term_string}\"},\"query-input\":{\"@type\":\"PropertyValueSpecification\",\"valueRequired\":true,\"valueName\":\"search_term_string\"}}],\"inLanguage\":\"gl-ES\"},{\"@type\":\"Organization\",\"@id\":\"https:\\\/\\\/www.anovapeneira.gal\\\/#organization\",\"name\":\"A Nova Peneira\",\"url\":\"https:\\\/\\\/www.anovapeneira.gal\\\/\",\"logo\":{\"@type\":\"ImageObject\",\"inLanguage\":\"gl-ES\",\"@id\":\"https:\\\/\\\/www.anovapeneira.gal\\\/#\\\/schema\\\/logo\\\/image\\\/\",\"url\":\"http:\\\/\\\/www.anovapeneira.gal\\\/wp-content\\\/uploads\\\/2019\\\/06\\\/logo_a_nova_peneira_portal_web.png\",\"contentUrl\":\"http:\\\/\\\/www.anovapeneira.gal\\\/wp-content\\\/uploads\\\/2019\\\/06\\\/logo_a_nova_peneira_portal_web.png\",\"width\":300,\"height\":100,\"caption\":\"A Nova Peneira\"},\"image\":{\"@id\":\"https:\\\/\\\/www.anovapeneira.gal\\\/#\\\/schema\\\/logo\\\/image\\\/\"},\"sameAs\":[\"https:\\\/\\\/www.facebook.com\\\/anovapeneira\",\"https:\\\/\\\/x.com\\\/APeneira\"]},{\"@type\":\"Person\",\"@id\":\"https:\\\/\\\/www.anovapeneira.gal\\\/#\\\/schema\\\/person\\\/b93e3f8932e3f8da96334607eb6ac6aa\",\"name\":\"Redacci\u00f3n A Nova Peneira\",\"image\":{\"@type\":\"ImageObject\",\"inLanguage\":\"gl-ES\",\"@id\":\"https:\\\/\\\/secure.gravatar.com\\\/avatar\\\/c052a2551a06e23fac63626232eaa90abd78dbcf1700fc46a2b2c89fd27b735f?s=96&d=mm&r=g\",\"url\":\"https:\\\/\\\/secure.gravatar.com\\\/avatar\\\/c052a2551a06e23fac63626232eaa90abd78dbcf1700fc46a2b2c89fd27b735f?s=96&d=mm&r=g\",\"contentUrl\":\"https:\\\/\\\/secure.gravatar.com\\\/avatar\\\/c052a2551a06e23fac63626232eaa90abd78dbcf1700fc46a2b2c89fd27b735f?s=96&d=mm&r=g\",\"caption\":\"Redacci\u00f3n A Nova Peneira\"},\"sameAs\":[\"http:\\\/\\\/www.anovapeneira.gal\\\/\"],\"url\":\"https:\\\/\\\/www.anovapeneira.gal\\\/index.php\\\/author\\\/redactor\\\/\"}]}<\/script>\n<!-- \/ Yoast SEO plugin. -->","yoast_head_json":{"title":"O TSXG obriga a Axencia Tributaria a garantir o uso do galego -","robots":{"index":"index","follow":"follow","max-snippet":"max-snippet:-1","max-image-preview":"max-image-preview:large","max-video-preview":"max-video-preview:-1"},"canonical":"https:\/\/www.anovapeneira.gal\/index.php\/2022\/04\/14\/o-tsxg-obriga-a-axencia-tributaria-a-garantir-o-uso-do-galego\/","og_locale":"gl_ES","og_type":"article","og_title":"O TSXG obriga a Axencia Tributaria a garantir o uso do galego -","og_description":"Os servizos xur\u00eddicos d\u2019A Mesa pola Normalizaci\u00f3n Ling\u00fc\u00edstica, dirixidos por Elsa Quintas, obte\u00f1en unha resoluci\u00f3n favor\u00e1bel aos dereitos ling\u00fc\u00edsticos das persoas galegofalantes, despois de 4 anos de batalla xudicial [...]","og_url":"https:\/\/www.anovapeneira.gal\/index.php\/2022\/04\/14\/o-tsxg-obriga-a-axencia-tributaria-a-garantir-o-uso-do-galego\/","article_publisher":"https:\/\/www.facebook.com\/anovapeneira","article_published_time":"2022-04-14T10:00:59+00:00","og_image":[{"width":720,"height":432,"url":"https:\/\/www.anovapeneira.gal\/wp-content\/uploads\/2022\/04\/denuncia_mesa_lingua.jpg","type":"image\/jpeg"}],"author":"Redacci\u00f3n A Nova Peneira","twitter_card":"summary_large_image","twitter_creator":"@APeneira","twitter_site":"@APeneira","twitter_misc":{"Escrito por":"Redacci\u00f3n A Nova Peneira","Tempo de lectura":"3 minutos"},"schema":{"@context":"https:\/\/schema.org","@graph":[{"@type":"Article","@id":"https:\/\/www.anovapeneira.gal\/index.php\/2022\/04\/14\/o-tsxg-obriga-a-axencia-tributaria-a-garantir-o-uso-do-galego\/#article","isPartOf":{"@id":"https:\/\/www.anovapeneira.gal\/index.php\/2022\/04\/14\/o-tsxg-obriga-a-axencia-tributaria-a-garantir-o-uso-do-galego\/"},"author":{"name":"Redacci\u00f3n A Nova Peneira","@id":"https:\/\/www.anovapeneira.gal\/#\/schema\/person\/b93e3f8932e3f8da96334607eb6ac6aa"},"headline":"O TSXG obriga a Axencia Tributaria a garantir o uso do galego","datePublished":"2022-04-14T10:00:59+00:00","mainEntityOfPage":{"@id":"https:\/\/www.anovapeneira.gal\/index.php\/2022\/04\/14\/o-tsxg-obriga-a-axencia-tributaria-a-garantir-o-uso-do-galego\/"},"wordCount":534,"commentCount":0,"publisher":{"@id":"https:\/\/www.anovapeneira.gal\/#organization"},"image":{"@id":"https:\/\/www.anovapeneira.gal\/index.php\/2022\/04\/14\/o-tsxg-obriga-a-axencia-tributaria-a-garantir-o-uso-do-galego\/#primaryimage"},"thumbnailUrl":"https:\/\/www.anovapeneira.gal\/wp-content\/uploads\/2022\/04\/denuncia_mesa_lingua.jpg","keywords":["Normalizaci\u00f3n ling\u00fc\u00edstica"],"articleSection":["Novas"],"inLanguage":"gl-ES","potentialAction":[{"@type":"CommentAction","name":"Comment","target":["https:\/\/www.anovapeneira.gal\/index.php\/2022\/04\/14\/o-tsxg-obriga-a-axencia-tributaria-a-garantir-o-uso-do-galego\/#respond"]}]},{"@type":"WebPage","@id":"https:\/\/www.anovapeneira.gal\/index.php\/2022\/04\/14\/o-tsxg-obriga-a-axencia-tributaria-a-garantir-o-uso-do-galego\/","url":"https:\/\/www.anovapeneira.gal\/index.php\/2022\/04\/14\/o-tsxg-obriga-a-axencia-tributaria-a-garantir-o-uso-do-galego\/","name":"O TSXG obriga a Axencia Tributaria a garantir o uso do galego -","isPartOf":{"@id":"https:\/\/www.anovapeneira.gal\/#website"},"primaryImageOfPage":{"@id":"https:\/\/www.anovapeneira.gal\/index.php\/2022\/04\/14\/o-tsxg-obriga-a-axencia-tributaria-a-garantir-o-uso-do-galego\/#primaryimage"},"image":{"@id":"https:\/\/www.anovapeneira.gal\/index.php\/2022\/04\/14\/o-tsxg-obriga-a-axencia-tributaria-a-garantir-o-uso-do-galego\/#primaryimage"},"thumbnailUrl":"https:\/\/www.anovapeneira.gal\/wp-content\/uploads\/2022\/04\/denuncia_mesa_lingua.jpg","datePublished":"2022-04-14T10:00:59+00:00","breadcrumb":{"@id":"https:\/\/www.anovapeneira.gal\/index.php\/2022\/04\/14\/o-tsxg-obriga-a-axencia-tributaria-a-garantir-o-uso-do-galego\/#breadcrumb"},"inLanguage":"gl-ES","potentialAction":[{"@type":"ReadAction","target":["https:\/\/www.anovapeneira.gal\/index.php\/2022\/04\/14\/o-tsxg-obriga-a-axencia-tributaria-a-garantir-o-uso-do-galego\/"]}]},{"@type":"ImageObject","inLanguage":"gl-ES","@id":"https:\/\/www.anovapeneira.gal\/index.php\/2022\/04\/14\/o-tsxg-obriga-a-axencia-tributaria-a-garantir-o-uso-do-galego\/#primaryimage","url":"https:\/\/www.anovapeneira.gal\/wp-content\/uploads\/2022\/04\/denuncia_mesa_lingua.jpg","contentUrl":"https:\/\/www.anovapeneira.gal\/wp-content\/uploads\/2022\/04\/denuncia_mesa_lingua.jpg","width":720,"height":432,"caption":"Mesa pola normalizaci\u00f3n"},{"@type":"BreadcrumbList","@id":"https:\/\/www.anovapeneira.gal\/index.php\/2022\/04\/14\/o-tsxg-obriga-a-axencia-tributaria-a-garantir-o-uso-do-galego\/#breadcrumb","itemListElement":[{"@type":"ListItem","position":1,"name":"Portada","item":"https:\/\/www.anovapeneira.gal\/"},{"@type":"ListItem","position":2,"name":"O TSXG obriga a Axencia Tributaria a garantir o uso do galego"}]},{"@type":"WebSite","@id":"https:\/\/www.anovapeneira.gal\/#website","url":"https:\/\/www.anovapeneira.gal\/","name":"","description":"Xornal galego de informaci\u00f3n xeral Publicaci\u00f3n mensual de novas de Galicia e en especial dos Concellos da sur da provincia de Pontevedra.","publisher":{"@id":"https:\/\/www.anovapeneira.gal\/#organization"},"potentialAction":[{"@type":"SearchAction","target":{"@type":"EntryPoint","urlTemplate":"https:\/\/www.anovapeneira.gal\/?s={search_term_string}"},"query-input":{"@type":"PropertyValueSpecification","valueRequired":true,"valueName":"search_term_string"}}],"inLanguage":"gl-ES"},{"@type":"Organization","@id":"https:\/\/www.anovapeneira.gal\/#organization","name":"A Nova Peneira","url":"https:\/\/www.anovapeneira.gal\/","logo":{"@type":"ImageObject","inLanguage":"gl-ES","@id":"https:\/\/www.anovapeneira.gal\/#\/schema\/logo\/image\/","url":"http:\/\/www.anovapeneira.gal\/wp-content\/uploads\/2019\/06\/logo_a_nova_peneira_portal_web.png","contentUrl":"http:\/\/www.anovapeneira.gal\/wp-content\/uploads\/2019\/06\/logo_a_nova_peneira_portal_web.png","width":300,"height":100,"caption":"A Nova Peneira"},"image":{"@id":"https:\/\/www.anovapeneira.gal\/#\/schema\/logo\/image\/"},"sameAs":["https:\/\/www.facebook.com\/anovapeneira","https:\/\/x.com\/APeneira"]},{"@type":"Person","@id":"https:\/\/www.anovapeneira.gal\/#\/schema\/person\/b93e3f8932e3f8da96334607eb6ac6aa","name":"Redacci\u00f3n A Nova Peneira","image":{"@type":"ImageObject","inLanguage":"gl-ES","@id":"https:\/\/secure.gravatar.com\/avatar\/c052a2551a06e23fac63626232eaa90abd78dbcf1700fc46a2b2c89fd27b735f?s=96&d=mm&r=g","url":"https:\/\/secure.gravatar.com\/avatar\/c052a2551a06e23fac63626232eaa90abd78dbcf1700fc46a2b2c89fd27b735f?s=96&d=mm&r=g","contentUrl":"https:\/\/secure.gravatar.com\/avatar\/c052a2551a06e23fac63626232eaa90abd78dbcf1700fc46a2b2c89fd27b735f?s=96&d=mm&r=g","caption":"Redacci\u00f3n A Nova Peneira"},"sameAs":["http:\/\/www.anovapeneira.gal\/"],"url":"https:\/\/www.anovapeneira.gal\/index.php\/author\/redactor\/"}]}},"jetpack_featured_media_url":"https:\/\/www.anovapeneira.gal\/wp-content\/uploads\/2022\/04\/denuncia_mesa_lingua.jpg","_links":{"self":[{"href":"https:\/\/www.anovapeneira.gal\/index.php\/wp-json\/wp\/v2\/posts\/7297","targetHints":{"allow":["GET"]}}],"collection":[{"href":"https:\/\/www.anovapeneira.gal\/index.php\/wp-json\/wp\/v2\/posts"}],"about":[{"href":"https:\/\/www.anovapeneira.gal\/index.php\/wp-json\/wp\/v2\/types\/post"}],"author":[{"embeddable":true,"href":"https:\/\/www.anovapeneira.gal\/index.php\/wp-json\/wp\/v2\/users\/3"}],"replies":[{"embeddable":true,"href":"https:\/\/www.anovapeneira.gal\/index.php\/wp-json\/wp\/v2\/comments?post=7297"}],"version-history":[{"count":2,"href":"https:\/\/www.anovapeneira.gal\/index.php\/wp-json\/wp\/v2\/posts\/7297\/revisions"}],"predecessor-version":[{"id":7300,"href":"https:\/\/www.anovapeneira.gal\/index.php\/wp-json\/wp\/v2\/posts\/7297\/revisions\/7300"}],"wp:featuredmedia":[{"embeddable":true,"href":"https:\/\/www.anovapeneira.gal\/index.php\/wp-json\/wp\/v2\/media\/7298"}],"wp:attachment":[{"href":"https:\/\/www.anovapeneira.gal\/index.php\/wp-json\/wp\/v2\/media?parent=7297"}],"wp:term":[{"taxonomy":"category","embeddable":true,"href":"https:\/\/www.anovapeneira.gal\/index.php\/wp-json\/wp\/v2\/categories?post=7297"},{"taxonomy":"post_tag","embeddable":true,"href":"https:\/\/www.anovapeneira.gal\/index.php\/wp-json\/wp\/v2\/tags?post=7297"}],"curies":[{"name":"wp","href":"https:\/\/api.w.org\/{rel}","templated":true}]}}