{"id":7301,"date":"2022-04-15T10:00:21","date_gmt":"2022-04-15T08:00:21","guid":{"rendered":"https:\/\/www.anovapeneira.gal\/?p=7301"},"modified":"2022-04-11T11:31:43","modified_gmt":"2022-04-11T09:31:43","slug":"tomino-amplia-e-mellora-a-rede-de-saneamento-publico-no-barrio-de-vilachan","status":"publish","type":"post","link":"https:\/\/www.anovapeneira.gal\/index.php\/2022\/04\/15\/tomino-amplia-e-mellora-a-rede-de-saneamento-publico-no-barrio-de-vilachan\/","title":{"rendered":"Tomi\u00f1o ampl\u00eda e mellora a rede de saneamento p\u00fablico no barrio de Vilach\u00e1n"},"content":{"rendered":"\n<h2 class=\"wp-block-heading\"><strong>A obra, inclu\u00edda no Plan Concellos 2022 e que dar\u00e1 servizo a 24 vivendas, levarase a cabo cun investimento de 190.000 euros<\/strong><\/h2>\n\n\n\n<p><strong>Tomi\u00f1o, 8 de abril de 2022.<\/strong><\/p>\n\n\n\n<p>A Concellar\u00eda de Servizos P\u00fablicos do Concello de Tomi\u00f1o emprender\u00e1 en breve obras de ampliaci\u00f3n e mellora da rede municipal de saneamento (fase 2) no barrio de Vilach\u00e1n (parroquia de Santa M\u00aa de Tomi\u00f1o).<\/p>\n\n\n\n<p>O custe total das obras, inclu\u00eddas no Plan Concellos 2022 da Deputaci\u00f3n de Pontevedra, ascende a 187.004,32 euros.<\/p>\n\n\n\n<p>Como explica o concelleiro da \u00e1rea, Lois V\u00e1zquez, a intervenci\u00f3n consistir\u00e1 concretamente, na colocaci\u00f3n dun colector de 1.100 metros de lonxitude, que pasar\u00e1 polos lugares de O Torneiro, A Rotea e O Xibao, dando servizo a 24 vivendas.<\/p>\n\n\n\n<p>Deses 1.100 metros de tubaxe, 240 son de renovaci\u00f3n do colector existente, por fallos no funcionamento. Ademais, renovaranse 8 acometidas (conexi\u00f3n do colector principal cas vivendas).<\/p>\n\n\n\n<p><a><\/a> O concelleiro de Servizos P\u00fablicos, Lois V\u00e1zquez, explica que o Concello vai acometendo novas obras de saneamento en distintos barrios do termo municipal(Vilach\u00e1n, O Torneiro, A Rotea, O Xibao, etc.) que se levan a cabo en varias fases.<\/p>\n\n\n\n<p>\u201cNa actualidade, m\u00e1is dun 60% do total de unidades familiares existentes en Tomi\u00f1o, gozan deste importante servizo e est\u00e1 previsto seguir ampli\u00e1ndoo progresivamente\u201d, comenta.<\/p>\n","protected":false},"excerpt":{"rendered":"<div class=\"mh-excerpt\"><p>A obra, inclu\u00edda no Plan Concellos 2022 e que dar\u00e1 servizo a 24 vivendas, levarase a cabo cun investimento de 190.000 euros <a class=\"mh-excerpt-more\" href=\"https:\/\/www.anovapeneira.gal\/index.php\/2022\/04\/15\/tomino-amplia-e-mellora-a-rede-de-saneamento-publico-no-barrio-de-vilachan\/\" title=\"Tomi\u00f1o ampl\u00eda e mellora a rede de saneamento p\u00fablico no barrio de Vilach\u00e1n\">[&#8230;]<\/a><\/p>\n<\/div>","protected":false},"author":3,"featured_media":1336,"comment_status":"open","ping_status":"open","sticky":false,"template":"","format":"standard","meta":{"_exactmetrics_skip_tracking":false,"_exactmetrics_sitenote_active":false,"_exactmetrics_sitenote_note":"","_exactmetrics_sitenote_category":0,"footnotes":""},"categories":[21],"tags":[81],"class_list":{"0":"post-7301","1":"post","2":"type-post","3":"status-publish","4":"format-standard","5":"has-post-thumbnail","7":"category-baixo-mino","8":"tag-concello-de-tomino"},"yoast_head":"<!-- This site is optimized with the Yoast SEO plugin v27.4 - https:\/\/yoast.com\/product\/yoast-seo-wordpress\/ -->\n<title>Tomi\u00f1o ampl\u00eda e mellora a rede de saneamento p\u00fablico no barrio de Vilach\u00e1n -<\/title>\n<meta name=\"description\" content=\"A obra, inclu\u00edda no Plan Concellos 2022 e que dar\u00e1 servizo a 24 vivendas, levarase a cabo cun investimento de 190.000 euros\" \/>\n<meta name=\"robots\" content=\"index, follow, max-snippet:-1, max-image-preview:large, max-video-preview:-1\" \/>\n<link rel=\"canonical\" href=\"https:\/\/www.anovapeneira.gal\/index.php\/2022\/04\/15\/tomino-amplia-e-mellora-a-rede-de-saneamento-publico-no-barrio-de-vilachan\/\" \/>\n<meta property=\"og:locale\" content=\"gl_ES\" \/>\n<meta property=\"og:type\" content=\"article\" \/>\n<meta property=\"og:title\" content=\"Tomi\u00f1o ampl\u00eda e mellora a rede de saneamento p\u00fablico no barrio de Vilach\u00e1n -\" \/>\n<meta property=\"og:description\" content=\"A obra, inclu\u00edda no Plan Concellos 2022 e que dar\u00e1 servizo a 24 vivendas, levarase a cabo cun investimento de 190.000 euros\" \/>\n<meta property=\"og:url\" content=\"https:\/\/www.anovapeneira.gal\/index.php\/2022\/04\/15\/tomino-amplia-e-mellora-a-rede-de-saneamento-publico-no-barrio-de-vilachan\/\" \/>\n<meta property=\"article:publisher\" content=\"https:\/\/www.facebook.com\/anovapeneira\" \/>\n<meta property=\"article:published_time\" content=\"2022-04-15T08:00:21+00:00\" \/>\n<meta property=\"og:image\" content=\"https:\/\/www.anovapeneira.gal\/wp-content\/uploads\/2019\/09\/concello_De_tominho_a_nova_peneria.jpg\" \/>\n\t<meta property=\"og:image:width\" content=\"720\" \/>\n\t<meta property=\"og:image:height\" content=\"473\" \/>\n\t<meta property=\"og:image:type\" content=\"image\/jpeg\" \/>\n<meta name=\"author\" content=\"Redacci\u00f3n A Nova Peneira\" \/>\n<meta name=\"twitter:card\" content=\"summary_large_image\" \/>\n<meta name=\"twitter:creator\" content=\"@APeneira\" \/>\n<meta name=\"twitter:site\" content=\"@APeneira\" \/>\n<meta name=\"twitter:label1\" content=\"Escrito por\" \/>\n\t<meta name=\"twitter:data1\" content=\"Redacci\u00f3n A Nova Peneira\" \/>\n\t<meta name=\"twitter:label2\" content=\"Tempo de lectura\" \/>\n\t<meta name=\"twitter:data2\" content=\"2 minutos\" \/>\n<script type=\"application\/ld+json\" class=\"yoast-schema-graph\">{\"@context\":\"https:\\\/\\\/schema.org\",\"@graph\":[{\"@type\":\"Article\",\"@id\":\"https:\\\/\\\/www.anovapeneira.gal\\\/index.php\\\/2022\\\/04\\\/15\\\/tomino-amplia-e-mellora-a-rede-de-saneamento-publico-no-barrio-de-vilachan\\\/#article\",\"isPartOf\":{\"@id\":\"https:\\\/\\\/www.anovapeneira.gal\\\/index.php\\\/2022\\\/04\\\/15\\\/tomino-amplia-e-mellora-a-rede-de-saneamento-publico-no-barrio-de-vilachan\\\/\"},\"author\":{\"name\":\"Redacci\u00f3n A Nova Peneira\",\"@id\":\"https:\\\/\\\/www.anovapeneira.gal\\\/#\\\/schema\\\/person\\\/b93e3f8932e3f8da96334607eb6ac6aa\"},\"headline\":\"Tomi\u00f1o ampl\u00eda e mellora a rede de saneamento p\u00fablico no barrio de Vilach\u00e1n\",\"datePublished\":\"2022-04-15T08:00:21+00:00\",\"mainEntityOfPage\":{\"@id\":\"https:\\\/\\\/www.anovapeneira.gal\\\/index.php\\\/2022\\\/04\\\/15\\\/tomino-amplia-e-mellora-a-rede-de-saneamento-publico-no-barrio-de-vilachan\\\/\"},\"wordCount\":231,\"commentCount\":0,\"publisher\":{\"@id\":\"https:\\\/\\\/www.anovapeneira.gal\\\/#organization\"},\"image\":{\"@id\":\"https:\\\/\\\/www.anovapeneira.gal\\\/index.php\\\/2022\\\/04\\\/15\\\/tomino-amplia-e-mellora-a-rede-de-saneamento-publico-no-barrio-de-vilachan\\\/#primaryimage\"},\"thumbnailUrl\":\"https:\\\/\\\/www.anovapeneira.gal\\\/wp-content\\\/uploads\\\/2019\\\/09\\\/concello_De_tominho_a_nova_peneria.jpg\",\"keywords\":[\"Concello de Tomi\u00f1o\"],\"articleSection\":[\"Baixo Mi\u00f1o\"],\"inLanguage\":\"gl-ES\",\"potentialAction\":[{\"@type\":\"CommentAction\",\"name\":\"Comment\",\"target\":[\"https:\\\/\\\/www.anovapeneira.gal\\\/index.php\\\/2022\\\/04\\\/15\\\/tomino-amplia-e-mellora-a-rede-de-saneamento-publico-no-barrio-de-vilachan\\\/#respond\"]}]},{\"@type\":\"WebPage\",\"@id\":\"https:\\\/\\\/www.anovapeneira.gal\\\/index.php\\\/2022\\\/04\\\/15\\\/tomino-amplia-e-mellora-a-rede-de-saneamento-publico-no-barrio-de-vilachan\\\/\",\"url\":\"https:\\\/\\\/www.anovapeneira.gal\\\/index.php\\\/2022\\\/04\\\/15\\\/tomino-amplia-e-mellora-a-rede-de-saneamento-publico-no-barrio-de-vilachan\\\/\",\"name\":\"Tomi\u00f1o ampl\u00eda e mellora a rede de saneamento p\u00fablico no barrio de Vilach\u00e1n -\",\"isPartOf\":{\"@id\":\"https:\\\/\\\/www.anovapeneira.gal\\\/#website\"},\"primaryImageOfPage\":{\"@id\":\"https:\\\/\\\/www.anovapeneira.gal\\\/index.php\\\/2022\\\/04\\\/15\\\/tomino-amplia-e-mellora-a-rede-de-saneamento-publico-no-barrio-de-vilachan\\\/#primaryimage\"},\"image\":{\"@id\":\"https:\\\/\\\/www.anovapeneira.gal\\\/index.php\\\/2022\\\/04\\\/15\\\/tomino-amplia-e-mellora-a-rede-de-saneamento-publico-no-barrio-de-vilachan\\\/#primaryimage\"},\"thumbnailUrl\":\"https:\\\/\\\/www.anovapeneira.gal\\\/wp-content\\\/uploads\\\/2019\\\/09\\\/concello_De_tominho_a_nova_peneria.jpg\",\"datePublished\":\"2022-04-15T08:00:21+00:00\",\"description\":\"A obra, inclu\u00edda no Plan Concellos 2022 e que dar\u00e1 servizo a 24 vivendas, levarase a cabo cun investimento de 190.000 euros\",\"breadcrumb\":{\"@id\":\"https:\\\/\\\/www.anovapeneira.gal\\\/index.php\\\/2022\\\/04\\\/15\\\/tomino-amplia-e-mellora-a-rede-de-saneamento-publico-no-barrio-de-vilachan\\\/#breadcrumb\"},\"inLanguage\":\"gl-ES\",\"potentialAction\":[{\"@type\":\"ReadAction\",\"target\":[\"https:\\\/\\\/www.anovapeneira.gal\\\/index.php\\\/2022\\\/04\\\/15\\\/tomino-amplia-e-mellora-a-rede-de-saneamento-publico-no-barrio-de-vilachan\\\/\"]}]},{\"@type\":\"ImageObject\",\"inLanguage\":\"gl-ES\",\"@id\":\"https:\\\/\\\/www.anovapeneira.gal\\\/index.php\\\/2022\\\/04\\\/15\\\/tomino-amplia-e-mellora-a-rede-de-saneamento-publico-no-barrio-de-vilachan\\\/#primaryimage\",\"url\":\"https:\\\/\\\/www.anovapeneira.gal\\\/wp-content\\\/uploads\\\/2019\\\/09\\\/concello_De_tominho_a_nova_peneria.jpg\",\"contentUrl\":\"https:\\\/\\\/www.anovapeneira.gal\\\/wp-content\\\/uploads\\\/2019\\\/09\\\/concello_De_tominho_a_nova_peneria.jpg\",\"width\":720,\"height\":473,\"caption\":\"Concello de Tomi\u00f1o A Nova Peneira\"},{\"@type\":\"BreadcrumbList\",\"@id\":\"https:\\\/\\\/www.anovapeneira.gal\\\/index.php\\\/2022\\\/04\\\/15\\\/tomino-amplia-e-mellora-a-rede-de-saneamento-publico-no-barrio-de-vilachan\\\/#breadcrumb\",\"itemListElement\":[{\"@type\":\"ListItem\",\"position\":1,\"name\":\"Portada\",\"item\":\"https:\\\/\\\/www.anovapeneira.gal\\\/\"},{\"@type\":\"ListItem\",\"position\":2,\"name\":\"Tomi\u00f1o ampl\u00eda e mellora a rede de saneamento p\u00fablico no barrio de Vilach\u00e1n\"}]},{\"@type\":\"WebSite\",\"@id\":\"https:\\\/\\\/www.anovapeneira.gal\\\/#website\",\"url\":\"https:\\\/\\\/www.anovapeneira.gal\\\/\",\"name\":\"\",\"description\":\"Xornal galego de informaci\u00f3n xeral Publicaci\u00f3n mensual de novas de Galicia e en especial dos Concellos da sur da provincia de Pontevedra.\",\"publisher\":{\"@id\":\"https:\\\/\\\/www.anovapeneira.gal\\\/#organization\"},\"potentialAction\":[{\"@type\":\"SearchAction\",\"target\":{\"@type\":\"EntryPoint\",\"urlTemplate\":\"https:\\\/\\\/www.anovapeneira.gal\\\/?s={search_term_string}\"},\"query-input\":{\"@type\":\"PropertyValueSpecification\",\"valueRequired\":true,\"valueName\":\"search_term_string\"}}],\"inLanguage\":\"gl-ES\"},{\"@type\":\"Organization\",\"@id\":\"https:\\\/\\\/www.anovapeneira.gal\\\/#organization\",\"name\":\"A Nova Peneira\",\"url\":\"https:\\\/\\\/www.anovapeneira.gal\\\/\",\"logo\":{\"@type\":\"ImageObject\",\"inLanguage\":\"gl-ES\",\"@id\":\"https:\\\/\\\/www.anovapeneira.gal\\\/#\\\/schema\\\/logo\\\/image\\\/\",\"url\":\"http:\\\/\\\/www.anovapeneira.gal\\\/wp-content\\\/uploads\\\/2019\\\/06\\\/logo_a_nova_peneira_portal_web.png\",\"contentUrl\":\"http:\\\/\\\/www.anovapeneira.gal\\\/wp-content\\\/uploads\\\/2019\\\/06\\\/logo_a_nova_peneira_portal_web.png\",\"width\":300,\"height\":100,\"caption\":\"A Nova Peneira\"},\"image\":{\"@id\":\"https:\\\/\\\/www.anovapeneira.gal\\\/#\\\/schema\\\/logo\\\/image\\\/\"},\"sameAs\":[\"https:\\\/\\\/www.facebook.com\\\/anovapeneira\",\"https:\\\/\\\/x.com\\\/APeneira\"]},{\"@type\":\"Person\",\"@id\":\"https:\\\/\\\/www.anovapeneira.gal\\\/#\\\/schema\\\/person\\\/b93e3f8932e3f8da96334607eb6ac6aa\",\"name\":\"Redacci\u00f3n A Nova Peneira\",\"image\":{\"@type\":\"ImageObject\",\"inLanguage\":\"gl-ES\",\"@id\":\"https:\\\/\\\/secure.gravatar.com\\\/avatar\\\/c052a2551a06e23fac63626232eaa90abd78dbcf1700fc46a2b2c89fd27b735f?s=96&d=mm&r=g\",\"url\":\"https:\\\/\\\/secure.gravatar.com\\\/avatar\\\/c052a2551a06e23fac63626232eaa90abd78dbcf1700fc46a2b2c89fd27b735f?s=96&d=mm&r=g\",\"contentUrl\":\"https:\\\/\\\/secure.gravatar.com\\\/avatar\\\/c052a2551a06e23fac63626232eaa90abd78dbcf1700fc46a2b2c89fd27b735f?s=96&d=mm&r=g\",\"caption\":\"Redacci\u00f3n A Nova Peneira\"},\"sameAs\":[\"http:\\\/\\\/www.anovapeneira.gal\\\/\"],\"url\":\"https:\\\/\\\/www.anovapeneira.gal\\\/index.php\\\/author\\\/redactor\\\/\"}]}<\/script>\n<!-- \/ Yoast SEO plugin. -->","yoast_head_json":{"title":"Tomi\u00f1o ampl\u00eda e mellora a rede de saneamento p\u00fablico no barrio de Vilach\u00e1n -","description":"A obra, inclu\u00edda no Plan Concellos 2022 e que dar\u00e1 servizo a 24 vivendas, levarase a cabo cun investimento de 190.000 euros","robots":{"index":"index","follow":"follow","max-snippet":"max-snippet:-1","max-image-preview":"max-image-preview:large","max-video-preview":"max-video-preview:-1"},"canonical":"https:\/\/www.anovapeneira.gal\/index.php\/2022\/04\/15\/tomino-amplia-e-mellora-a-rede-de-saneamento-publico-no-barrio-de-vilachan\/","og_locale":"gl_ES","og_type":"article","og_title":"Tomi\u00f1o ampl\u00eda e mellora a rede de saneamento p\u00fablico no barrio de Vilach\u00e1n -","og_description":"A obra, inclu\u00edda no Plan Concellos 2022 e que dar\u00e1 servizo a 24 vivendas, levarase a cabo cun investimento de 190.000 euros","og_url":"https:\/\/www.anovapeneira.gal\/index.php\/2022\/04\/15\/tomino-amplia-e-mellora-a-rede-de-saneamento-publico-no-barrio-de-vilachan\/","article_publisher":"https:\/\/www.facebook.com\/anovapeneira","article_published_time":"2022-04-15T08:00:21+00:00","og_image":[{"width":720,"height":473,"url":"https:\/\/www.anovapeneira.gal\/wp-content\/uploads\/2019\/09\/concello_De_tominho_a_nova_peneria.jpg","type":"image\/jpeg"}],"author":"Redacci\u00f3n A Nova Peneira","twitter_card":"summary_large_image","twitter_creator":"@APeneira","twitter_site":"@APeneira","twitter_misc":{"Escrito por":"Redacci\u00f3n A Nova Peneira","Tempo de lectura":"2 minutos"},"schema":{"@context":"https:\/\/schema.org","@graph":[{"@type":"Article","@id":"https:\/\/www.anovapeneira.gal\/index.php\/2022\/04\/15\/tomino-amplia-e-mellora-a-rede-de-saneamento-publico-no-barrio-de-vilachan\/#article","isPartOf":{"@id":"https:\/\/www.anovapeneira.gal\/index.php\/2022\/04\/15\/tomino-amplia-e-mellora-a-rede-de-saneamento-publico-no-barrio-de-vilachan\/"},"author":{"name":"Redacci\u00f3n A Nova Peneira","@id":"https:\/\/www.anovapeneira.gal\/#\/schema\/person\/b93e3f8932e3f8da96334607eb6ac6aa"},"headline":"Tomi\u00f1o ampl\u00eda e mellora a rede de saneamento p\u00fablico no barrio de Vilach\u00e1n","datePublished":"2022-04-15T08:00:21+00:00","mainEntityOfPage":{"@id":"https:\/\/www.anovapeneira.gal\/index.php\/2022\/04\/15\/tomino-amplia-e-mellora-a-rede-de-saneamento-publico-no-barrio-de-vilachan\/"},"wordCount":231,"commentCount":0,"publisher":{"@id":"https:\/\/www.anovapeneira.gal\/#organization"},"image":{"@id":"https:\/\/www.anovapeneira.gal\/index.php\/2022\/04\/15\/tomino-amplia-e-mellora-a-rede-de-saneamento-publico-no-barrio-de-vilachan\/#primaryimage"},"thumbnailUrl":"https:\/\/www.anovapeneira.gal\/wp-content\/uploads\/2019\/09\/concello_De_tominho_a_nova_peneria.jpg","keywords":["Concello de Tomi\u00f1o"],"articleSection":["Baixo Mi\u00f1o"],"inLanguage":"gl-ES","potentialAction":[{"@type":"CommentAction","name":"Comment","target":["https:\/\/www.anovapeneira.gal\/index.php\/2022\/04\/15\/tomino-amplia-e-mellora-a-rede-de-saneamento-publico-no-barrio-de-vilachan\/#respond"]}]},{"@type":"WebPage","@id":"https:\/\/www.anovapeneira.gal\/index.php\/2022\/04\/15\/tomino-amplia-e-mellora-a-rede-de-saneamento-publico-no-barrio-de-vilachan\/","url":"https:\/\/www.anovapeneira.gal\/index.php\/2022\/04\/15\/tomino-amplia-e-mellora-a-rede-de-saneamento-publico-no-barrio-de-vilachan\/","name":"Tomi\u00f1o ampl\u00eda e mellora a rede de saneamento p\u00fablico no barrio de Vilach\u00e1n -","isPartOf":{"@id":"https:\/\/www.anovapeneira.gal\/#website"},"primaryImageOfPage":{"@id":"https:\/\/www.anovapeneira.gal\/index.php\/2022\/04\/15\/tomino-amplia-e-mellora-a-rede-de-saneamento-publico-no-barrio-de-vilachan\/#primaryimage"},"image":{"@id":"https:\/\/www.anovapeneira.gal\/index.php\/2022\/04\/15\/tomino-amplia-e-mellora-a-rede-de-saneamento-publico-no-barrio-de-vilachan\/#primaryimage"},"thumbnailUrl":"https:\/\/www.anovapeneira.gal\/wp-content\/uploads\/2019\/09\/concello_De_tominho_a_nova_peneria.jpg","datePublished":"2022-04-15T08:00:21+00:00","description":"A obra, inclu\u00edda no Plan Concellos 2022 e que dar\u00e1 servizo a 24 vivendas, levarase a cabo cun investimento de 190.000 euros","breadcrumb":{"@id":"https:\/\/www.anovapeneira.gal\/index.php\/2022\/04\/15\/tomino-amplia-e-mellora-a-rede-de-saneamento-publico-no-barrio-de-vilachan\/#breadcrumb"},"inLanguage":"gl-ES","potentialAction":[{"@type":"ReadAction","target":["https:\/\/www.anovapeneira.gal\/index.php\/2022\/04\/15\/tomino-amplia-e-mellora-a-rede-de-saneamento-publico-no-barrio-de-vilachan\/"]}]},{"@type":"ImageObject","inLanguage":"gl-ES","@id":"https:\/\/www.anovapeneira.gal\/index.php\/2022\/04\/15\/tomino-amplia-e-mellora-a-rede-de-saneamento-publico-no-barrio-de-vilachan\/#primaryimage","url":"https:\/\/www.anovapeneira.gal\/wp-content\/uploads\/2019\/09\/concello_De_tominho_a_nova_peneria.jpg","contentUrl":"https:\/\/www.anovapeneira.gal\/wp-content\/uploads\/2019\/09\/concello_De_tominho_a_nova_peneria.jpg","width":720,"height":473,"caption":"Concello de Tomi\u00f1o A Nova Peneira"},{"@type":"BreadcrumbList","@id":"https:\/\/www.anovapeneira.gal\/index.php\/2022\/04\/15\/tomino-amplia-e-mellora-a-rede-de-saneamento-publico-no-barrio-de-vilachan\/#breadcrumb","itemListElement":[{"@type":"ListItem","position":1,"name":"Portada","item":"https:\/\/www.anovapeneira.gal\/"},{"@type":"ListItem","position":2,"name":"Tomi\u00f1o ampl\u00eda e mellora a rede de saneamento p\u00fablico no barrio de Vilach\u00e1n"}]},{"@type":"WebSite","@id":"https:\/\/www.anovapeneira.gal\/#website","url":"https:\/\/www.anovapeneira.gal\/","name":"","description":"Xornal galego de informaci\u00f3n xeral Publicaci\u00f3n mensual de novas de Galicia e en especial dos Concellos da sur da provincia de Pontevedra.","publisher":{"@id":"https:\/\/www.anovapeneira.gal\/#organization"},"potentialAction":[{"@type":"SearchAction","target":{"@type":"EntryPoint","urlTemplate":"https:\/\/www.anovapeneira.gal\/?s={search_term_string}"},"query-input":{"@type":"PropertyValueSpecification","valueRequired":true,"valueName":"search_term_string"}}],"inLanguage":"gl-ES"},{"@type":"Organization","@id":"https:\/\/www.anovapeneira.gal\/#organization","name":"A Nova Peneira","url":"https:\/\/www.anovapeneira.gal\/","logo":{"@type":"ImageObject","inLanguage":"gl-ES","@id":"https:\/\/www.anovapeneira.gal\/#\/schema\/logo\/image\/","url":"http:\/\/www.anovapeneira.gal\/wp-content\/uploads\/2019\/06\/logo_a_nova_peneira_portal_web.png","contentUrl":"http:\/\/www.anovapeneira.gal\/wp-content\/uploads\/2019\/06\/logo_a_nova_peneira_portal_web.png","width":300,"height":100,"caption":"A Nova Peneira"},"image":{"@id":"https:\/\/www.anovapeneira.gal\/#\/schema\/logo\/image\/"},"sameAs":["https:\/\/www.facebook.com\/anovapeneira","https:\/\/x.com\/APeneira"]},{"@type":"Person","@id":"https:\/\/www.anovapeneira.gal\/#\/schema\/person\/b93e3f8932e3f8da96334607eb6ac6aa","name":"Redacci\u00f3n A Nova Peneira","image":{"@type":"ImageObject","inLanguage":"gl-ES","@id":"https:\/\/secure.gravatar.com\/avatar\/c052a2551a06e23fac63626232eaa90abd78dbcf1700fc46a2b2c89fd27b735f?s=96&d=mm&r=g","url":"https:\/\/secure.gravatar.com\/avatar\/c052a2551a06e23fac63626232eaa90abd78dbcf1700fc46a2b2c89fd27b735f?s=96&d=mm&r=g","contentUrl":"https:\/\/secure.gravatar.com\/avatar\/c052a2551a06e23fac63626232eaa90abd78dbcf1700fc46a2b2c89fd27b735f?s=96&d=mm&r=g","caption":"Redacci\u00f3n A Nova Peneira"},"sameAs":["http:\/\/www.anovapeneira.gal\/"],"url":"https:\/\/www.anovapeneira.gal\/index.php\/author\/redactor\/"}]}},"jetpack_featured_media_url":"https:\/\/www.anovapeneira.gal\/wp-content\/uploads\/2019\/09\/concello_De_tominho_a_nova_peneria.jpg","_links":{"self":[{"href":"https:\/\/www.anovapeneira.gal\/index.php\/wp-json\/wp\/v2\/posts\/7301","targetHints":{"allow":["GET"]}}],"collection":[{"href":"https:\/\/www.anovapeneira.gal\/index.php\/wp-json\/wp\/v2\/posts"}],"about":[{"href":"https:\/\/www.anovapeneira.gal\/index.php\/wp-json\/wp\/v2\/types\/post"}],"author":[{"embeddable":true,"href":"https:\/\/www.anovapeneira.gal\/index.php\/wp-json\/wp\/v2\/users\/3"}],"replies":[{"embeddable":true,"href":"https:\/\/www.anovapeneira.gal\/index.php\/wp-json\/wp\/v2\/comments?post=7301"}],"version-history":[{"count":1,"href":"https:\/\/www.anovapeneira.gal\/index.php\/wp-json\/wp\/v2\/posts\/7301\/revisions"}],"predecessor-version":[{"id":7302,"href":"https:\/\/www.anovapeneira.gal\/index.php\/wp-json\/wp\/v2\/posts\/7301\/revisions\/7302"}],"wp:featuredmedia":[{"embeddable":true,"href":"https:\/\/www.anovapeneira.gal\/index.php\/wp-json\/wp\/v2\/media\/1336"}],"wp:attachment":[{"href":"https:\/\/www.anovapeneira.gal\/index.php\/wp-json\/wp\/v2\/media?parent=7301"}],"wp:term":[{"taxonomy":"category","embeddable":true,"href":"https:\/\/www.anovapeneira.gal\/index.php\/wp-json\/wp\/v2\/categories?post=7301"},{"taxonomy":"post_tag","embeddable":true,"href":"https:\/\/www.anovapeneira.gal\/index.php\/wp-json\/wp\/v2\/tags?post=7301"}],"curies":[{"name":"wp","href":"https:\/\/api.w.org\/{rel}","templated":true}]}}