{"id":7308,"date":"2022-04-18T10:00:17","date_gmt":"2022-04-18T08:00:17","guid":{"rendered":"https:\/\/www.anovapeneira.gal\/?p=7308"},"modified":"2022-04-11T12:31:19","modified_gmt":"2022-04-11T10:31:19","slug":"o-morrazo-contra-os-recortes-da-sua-sanidade","status":"publish","type":"post","link":"https:\/\/www.anovapeneira.gal\/index.php\/2022\/04\/18\/o-morrazo-contra-os-recortes-da-sua-sanidade\/","title":{"rendered":"O Morrazo contra os recortes da s\u00faa sanidade"},"content":{"rendered":"\n<pre class=\"wp-block-verse\">Redacci\u00f3n. Morrazo<\/pre>\n\n\n\n<p>En todo o pa\u00eds galego son moi numerosos os exemplos que amosan a nefasta pol\u00edtica sanitaria do partido popular. Recortes continuos en servizos, a non cobertura de xubilaci\u00f3ns e ou vacaci\u00f3ns, o deterioro ata o m\u00e1is profundo da atenci\u00f3n primaria&#8230;.. levan a que milleiros de persoas afoguen na desesperaci\u00f3n de non poderen recibir unha correcta atenci\u00f3n sanitaria. A nosa comarca non \u00e9 allea a esta agresi\u00f3n continua contra un dos piares b\u00e1sicos do estado do benestar, e as s\u00faas veci\u00f1as e veci\u00f1os demostran con frecuencia o seu desagrado a trav\u00e9s de protestas e concentraci\u00f3ns nas distintas localidades da pen\u00ednsula. Se cadra un dos colectivos de maior dimensi\u00f3n e que desenvolve un volume de actividade m\u00e1is elevado \u00e9 a plataforma en defensa do centro de sa\u00fade de Seixo. N\u00f3s defendemos en numerosas ocasi\u00f3ns que a uni\u00f3n da sociedade civil organizada \u00e9 o instrumento m\u00e1is adecuado para facerlle fronte \u00e1s agresi\u00f3ns daqueles que consideran que, inflar os custes do material sanitario para lucrarse cunha comisi\u00f3n de varios mill\u00f3ns de \u20ac mentres centos de persoas morr\u00edan, ou v\u00edan con angustia oce\u00e1nica como toda a s\u00faa vida se esnaquizaba , \u00e9 cousa de \u201cpillos\u201d.<\/p>\n\n\n\n<p><strong>N\u00f3s saudamos con alegr\u00eda esta plataforma e a outras semellantes e po\u00f1\u00e9monos ao seu car\u00f3n para facer aquilo que dic\u00eda Benedetti \u201c na r\u00faa c\u00f3bado a c\u00f3bado somos moito m\u00e1is ca dous\u201d.Iria \u00e9 a portavoz da plataforma, novamente foi un pracer para min conversar con ela<\/strong><\/p>\n\n\n\n<p><strong>Iria Aboi portavoz da plataforma en defensa do centro de sa\u00fade de Seixo<\/strong><\/p>\n\n\n\n<p>\u201c<strong>Pedimos ao pobo de Mar\u00edn que dea esta loita con n\u00f3s, porque o deterioro do centro de sa\u00fade de Seixo tam\u00e9n lles afecta a eles.\u201d<\/strong><\/p>\n\n\n\n<p><strong>L\u00e9mbranos como e cando naceu a plataforma?<\/strong><\/p>\n\n\n\n<blockquote class=\"wp-block-quote is-layout-flow wp-block-quote-is-layout-flow\"><p>Naceu a ra\u00edz das sospeitas de que cando se xubilara un dos facultativos, un dos dous que ti\u00f1amos, non \u00eda ser substitu\u00eddo. A s\u00faa xubilaci\u00f3n \u00eda coincidir en pleno ver\u00e1n<\/p><\/blockquote>\n\n\n\n<p><strong>No ver\u00e1n do ano pasado, non?<\/strong><\/p>\n\n\n\n<blockquote class=\"wp-block-quote is-layout-flow wp-block-quote-is-layout-flow\"><p>Si. O 15 de xullo el marchar\u00eda de vacaci\u00f3ns e xusto un mes despois ser\u00eda cando formalizar\u00eda a s\u00faa xubilaci\u00f3n, en coincidencia temporal coas vacaci\u00f3ns do outro m\u00e9dico .\u00c9 dicir ser\u00eda o momento perfecto para que a administraci\u00f3n aplicase a s\u00faa pol\u00edtica habitual de meter a tesoira. O colectivo de comerciantes ACEMAS, tiraron unha nota de prensa na que expresaban a s\u00faa profunda preocupaci\u00f3n por esta situaci\u00f3n<\/p><\/blockquote>\n\n\n\n<p><strong>O SERGAS fixo alg\u00fan movemento?<\/strong><\/p>\n\n\n\n<blockquote class=\"wp-block-quote is-layout-flow wp-block-quote-is-layout-flow\"><p>Si, acto seguido a xerencia, que non acostuma a reunirse con ningu\u00e9n, veu a Seixo da man da alcaldesa e da de alg\u00fan veci\u00f1o claramente connotado co PP local. Te\u00f1en unha xuntanza no centro de sa\u00fade cos dous facultativos, que defenderon con gran intensidade a necesidade de manter plenamente operativo o centro de Seixo. Quixera lembrar que nos momentos m\u00e1is duros da pandemia o noso centro de sa\u00fade mantivo a asistencia presencial, algo que \u00e9 moi reco\u00f1ecido pola veci\u00f1anza.<\/p><\/blockquote>\n\n\n\n<p><strong>Desa xuntanza co SERGAS e coa alcaldesa sa\u00edu algunha certeza?<\/strong><\/p>\n\n\n\n<blockquote class=\"wp-block-quote is-layout-flow wp-block-quote-is-layout-flow\"><p>Non, s\u00f3 sa\u00edron m\u00e1is d\u00fabidas. De feito ACEMAS convocou unha reuni\u00f3n na casa da cultura con todo o tecido asociativo das parroquias afectadas. E foi al\u00ed onde acordamos constitu\u00edr unha plataforma \u00e1 que convidamos a todas as organizaci\u00f3ns sindicais e pol\u00edticas<\/p><\/blockquote>\n\n\n\n<p><strong>\u00c1 xuntanza que, imaxino, teriades para constitu\u00edla asistiron as 3 forzas con representaci\u00f3n no Concello?<\/strong><\/p>\n\n\n\n<blockquote class=\"wp-block-quote is-layout-flow wp-block-quote-is-layout-flow\"><p>Si<\/p><\/blockquote>\n\n\n\n<p><strong>A alcaldesa tam\u00e9n?<\/strong><\/p>\n\n\n\n<blockquote class=\"wp-block-quote is-layout-flow wp-block-quote-is-layout-flow\"><p>Non, pero do PP asistiron 3 concelleiras e 1 concelleiro. E a\u00ed decat\u00e1monos de que, se o propio PP manifestaba a vontade de participar nunha plataforma como a que estabamos a montar, as promesas do SERGAS sobre a vontade de manter o noso centro de sa\u00fade non deber\u00edan ofrecer moita confianza<\/p><\/blockquote>\n\n\n\n<p><strong>Nas xuntanzas posteriores volveron participar os representantes do PP?<\/strong><\/p>\n\n\n\n<blockquote class=\"wp-block-quote is-layout-flow wp-block-quote-is-layout-flow\"><p>Non, nunca m\u00e1is. Supo\u00f1o que lles deberon de dar o toque porque O PP de Mar\u00edn nunca volveu estar do lado das reivindicaci\u00f3ns do seu pobo.<\/p><\/blockquote>\n\n\n\n<p><strong>Este centro atende \u00e1 poboaci\u00f3n de varias parroquias verdade?<\/strong><\/p>\n\n\n\n<blockquote class=\"wp-block-quote is-layout-flow wp-block-quote-is-layout-flow\"><p>Si, de catro: Seixo, Ard\u00e1n, Campo e San Tom\u00e9 de Pi\u00f1eiro. De feito na plataforma estamos arredor de 20 colectivos desas 4 parroquias<\/p><\/blockquote>\n\n\n\n<p><strong>Cales son as acci\u00f3ns m\u00e1is importantes que tendes desenvolto desde o ver\u00e1n do ano pasado que constitu\u00edstes a plataforma?<\/strong><\/p>\n\n\n\n<blockquote class=\"wp-block-quote is-layout-flow wp-block-quote-is-layout-flow\"><p>Inicialmente fixemos un manifesto que lle demos a todos os colectivos integrantes. Organizamos unha manifestaci\u00f3n o 9 de xullo que foi multitudinaria<\/p><\/blockquote>\n\n\n\n<p><strong>Foi en Seixo?<\/strong><\/p>\n\n\n\n<blockquote class=\"wp-block-quote is-layout-flow wp-block-quote-is-layout-flow\"><p>Si, sa\u00edu da estaci\u00f3n de servizo e rematou no centro de sa\u00fade. E como che digo a asistencia foi espectacular<\/p><\/blockquote>\n\n\n\n<p><strong>Asistiron representantes das 3 forzas pol\u00edticas que te\u00f1en representaci\u00f3n no voso Concello?<\/strong><\/p>\n\n\n\n<blockquote class=\"wp-block-quote is-layout-flow wp-block-quote-is-layout-flow\"><p>Do PP non veu ningu\u00e9n<\/p><\/blockquote>\n\n\n\n<p><strong>Tam\u00e9n fostes ao Parlamento ?<\/strong><\/p>\n\n\n\n<blockquote class=\"wp-block-quote is-layout-flow wp-block-quote-is-layout-flow\"><p>Si, fomos convidados porque Paulo R\u00edos, o deputado do Bng, levou unha pregunta ao conselleiro sobre a situaci\u00f3n do centro de sa\u00fade de Seixo<\/p><\/blockquote>\n\n\n\n<p><strong>Que respondeu o conselleiro?<\/strong><\/p>\n\n\n\n<blockquote class=\"wp-block-quote is-layout-flow wp-block-quote-is-layout-flow\"><p>Que o centro de sa\u00fade non se \u00eda pechar pero non dixo nada do persoal. E un edificio sanitario sen persoal xa me dir\u00e1s para que serve<\/p><\/blockquote>\n\n\n\n<p><strong>Que pasou o 15 de agosto do ano pasado, cando se xubilou o doutor Mart\u00edn?<\/strong><\/p>\n\n\n\n<blockquote class=\"wp-block-quote is-layout-flow wp-block-quote-is-layout-flow\"><p>A s\u00faa cota quedou sen asistencia m\u00e9dica. Cerca de 1.000 persoas de catro parroquias de Mar\u00edn quedamos sen asistencia sanitaria. S\u00f3 podiamos, en caso de precisalo, ir a urxencias a Mar\u00edn<\/p><\/blockquote>\n\n\n\n<p><strong>Ata cando se prolongou esa situaci\u00f3n?<\/strong><\/p>\n\n\n\n<blockquote class=\"wp-block-quote is-layout-flow wp-block-quote-is-layout-flow\"><p>O 1 de setembro incorporouse o m\u00e9dico que estivera esa quincena de vacaci\u00f3ns e a partir de a\u00ed comezou a atender el s\u00f3 as d\u00faas cotas; a s\u00faa e a do seu compa\u00f1eiro xubilado. Arredor de 2.200 persoas para un \u00fanico facultativo.<\/p><\/blockquote>\n\n\n\n<p><strong>V\u00f3s despois daquela manifestaci\u00f3n seguistes amosando as vosas reivindicaci\u00f3ns?<\/strong><\/p>\n\n\n\n<blockquote class=\"wp-block-quote is-layout-flow wp-block-quote-is-layout-flow\"><p>Abof\u00e9. Os carteis que levamos espall\u00e1molos por todos os comercios e por moitas casas particulares para que houbese unha visi\u00f3n permanente que demostre que as catro parroquias afectadas queremos o centro de sa\u00fade en Seixo .Tam\u00e9n fixemos unha cadea humana que rodeou toda a maz\u00e1 que vai do centro de sa\u00fade \u00e1 praza de abastos baixando polo grupo escolar. A nosa intenci\u00f3n foi enlazar o centro de sa\u00fade coa vida social e econ\u00f3mica de Seixo<\/p><\/blockquote>\n\n\n\n<p><strong>\u00c9 que se finalmente pecha, iso afectar\u00eda a toda a vida da parroquia creo eu?<\/strong><\/p>\n\n\n\n<blockquote class=\"wp-block-quote is-layout-flow wp-block-quote-is-layout-flow\"><p>Absolutamente si. En Seixo non puideron facelo, de momento, pola elevada resposta social que suscitou pero a s\u00faa intenci\u00f3n e pechar os centros de sa\u00fade como o noso. Xa nos pecharon a \u00fanica oficina bancaria que ti\u00f1amos, o centro cultural leva pechado desde o comezo da pandemia, a oficina de correos est\u00e1 en precario&#8230;.Para o rural \u00e9 necesario ter servizos no caso contrario esmorece aos poucos ata morrer. Por desgraza esa \u00e1 a situaci\u00f3n ao que nos conduce, falo do rural galego en xeral, as pol\u00edticas do PP.<\/p><\/blockquote>\n\n\n\n<p><strong>A sensibilidade da veci\u00f1anza co seu centro de sa\u00fade segue sendo elevada? Ou o paso do tempo pode facer que vaia esmorecendo?<\/strong><\/p>\n\n\n\n<blockquote class=\"wp-block-quote is-layout-flow wp-block-quote-is-layout-flow\"><p>E tanto que si. Como mostra a manifestaci\u00f3n que convocou en Santiago a finais de marzo SOS SANIDADE P\u00daBLICA. N\u00f3s al\u00ed estivemos. Levamos 4 autobuses de aqu\u00ed e unha chea de coches particulares. O problema \u00e9 sentido por toda a comunidade. Toda a veci\u00f1anza ten moito apego ao seu centro de sa\u00fade.<\/p><\/blockquote>\n\n\n\n<p><strong>O concello de Mar\u00edn apoiouvos algo na organizaci\u00f3n da viaxe que tantos veci\u00f1os e veci\u00f1as de Mar\u00edn fixestes a Santiago para defender os dereitos dunha parte de Mar\u00edn?<\/strong><\/p>\n\n\n\n<blockquote class=\"wp-block-quote is-layout-flow wp-block-quote-is-layout-flow\"><p>Nada, non nos apoiou en absoluto. Neg\u00e1ronse a facilitar calquera tipo de colaboraci\u00f3n. Sempre nos deron as costas. Nas v\u00e9speras daquel acto o SERGAS anunciou un parche dunha m\u00e9dica d\u00faas ma\u00f1\u00e1s en Seixo e os outros 3 d\u00edas en Mar\u00edn<\/p><\/blockquote>\n\n\n\n<p><strong>En calquera caso semella que \u00e9 a mobilizaci\u00f3n o \u00fanico que achega alg\u00fan tipo de resultado?<\/strong><\/p>\n\n\n\n<blockquote class=\"wp-block-quote is-layout-flow wp-block-quote-is-layout-flow\"><p>E tanto que si, de feito desde que nos mobilizamos conseguimos que cubrisen a praza de enfermer\u00eda que se perdera por xubilaci\u00f3n e conseguimos o remendo que antes che mencione, pero a n\u00f3s iso non nos chega. N\u00f3s queremos o servizo que ti\u00f1amos antes dos recortes. Pero parece que o que est\u00e1n a buscar \u00e9 que a xente recorra \u00e1 sanidade privada.<\/p><\/blockquote>\n\n\n\n<p><strong>A vosa vontade para o futuro cal \u00e9, Iria?<\/strong><\/p>\n\n\n\n<blockquote class=\"wp-block-quote is-layout-flow wp-block-quote-is-layout-flow\"><p>A vontade da plataforma \u00e9 continuar indefinidamente. Os recortes do noso centro de sa\u00fade non s\u00f3 afectan \u00e1 poboaci\u00f3n de Seixo, pois o seu deterioro ou futuro peche prexudican tanto \u00e1 poboaci\u00f3n de Mar\u00edn como \u00e1 de Bueu, polo tanto convido a que esta loita a deamos en conxunto<\/p><\/blockquote>\n\n\n\n<p><strong>Agardas que esta situaci\u00f3n lle supo\u00f1a custe electoral a Mar\u00eda Ramallo?<\/strong><\/p>\n\n\n\n<blockquote class=\"wp-block-quote is-layout-flow wp-block-quote-is-layout-flow\"><p>Eu o que creo \u00e9 que semella evidente a vontade do PP de recortar a sanidade p\u00fablica, hai moitos exemplos en todo o pa\u00eds galego. Agardo que cada votante decida se iso \u00e9 correcto ou non&#8230;Eu digo con toda claridade que non.<\/p><\/blockquote>\n","protected":false},"excerpt":{"rendered":"<div class=\"mh-excerpt\"><p>En todo o pa\u00eds galego son moi numerosos os exemplos que amosan a nefasta pol\u00edtica sanitaria do partido popular. Recortes continuos en servizos, a non cobertura de xubilaci\u00f3ns e ou vacaci\u00f3ns, o deterioro ata o m\u00e1is profundo da atenci\u00f3n primaria&#8230;.. levan a que milleiros de persoas afoguen na desesperaci\u00f3n de non poderen recibir unha correcta atenci\u00f3n sanitaria <a class=\"mh-excerpt-more\" href=\"https:\/\/www.anovapeneira.gal\/index.php\/2022\/04\/18\/o-morrazo-contra-os-recortes-da-sua-sanidade\/\" title=\"O Morrazo contra os recortes da s\u00faa sanidade\">[&#8230;]<\/a><\/p>\n<\/div>","protected":false},"author":3,"featured_media":7311,"comment_status":"open","ping_status":"open","sticky":false,"template":"","format":"standard","meta":{"_exactmetrics_skip_tracking":false,"_exactmetrics_sitenote_active":false,"_exactmetrics_sitenote_note":"","_exactmetrics_sitenote_category":0,"footnotes":""},"categories":[22],"tags":[681],"class_list":{"0":"post-7308","1":"post","2":"type-post","3":"status-publish","4":"format-standard","5":"has-post-thumbnail","7":"category-morrazo","8":"tag-concello-de-cangas-do-morrazo"},"yoast_head":"<!-- This site is optimized with the Yoast SEO plugin v27.4 - https:\/\/yoast.com\/product\/yoast-seo-wordpress\/ -->\n<title>O Morrazo contra os recortes da s\u00faa sanidade -<\/title>\n<meta name=\"description\" content=\"En todo o pa\u00eds galego son moi numerosos os exemplos que amosan a nefasta pol\u00edtica sanitaria do partido popular. Recortes continuos en servizos, a non cobertura de xubilaci\u00f3ns e ou vacaci\u00f3ns, o deterioro ata o m\u00e1is profundo da atenci\u00f3n primaria..... levan a que milleiros de persoas afoguen na desesperaci\u00f3n de non poderen recibir unha correcta atenci\u00f3n sanitaria\" \/>\n<meta name=\"robots\" content=\"index, follow, max-snippet:-1, max-image-preview:large, max-video-preview:-1\" \/>\n<link rel=\"canonical\" href=\"https:\/\/www.anovapeneira.gal\/index.php\/2022\/04\/18\/o-morrazo-contra-os-recortes-da-sua-sanidade\/\" \/>\n<meta property=\"og:locale\" content=\"gl_ES\" \/>\n<meta property=\"og:type\" content=\"article\" \/>\n<meta property=\"og:title\" content=\"O Morrazo contra os recortes da s\u00faa sanidade -\" \/>\n<meta property=\"og:description\" content=\"En todo o pa\u00eds galego son moi numerosos os exemplos que amosan a nefasta pol\u00edtica sanitaria do partido popular. Recortes continuos en servizos, a non cobertura de xubilaci\u00f3ns e ou vacaci\u00f3ns, o deterioro ata o m\u00e1is profundo da atenci\u00f3n primaria..... levan a que milleiros de persoas afoguen na desesperaci\u00f3n de non poderen recibir unha correcta atenci\u00f3n sanitaria\" \/>\n<meta property=\"og:url\" content=\"https:\/\/www.anovapeneira.gal\/index.php\/2022\/04\/18\/o-morrazo-contra-os-recortes-da-sua-sanidade\/\" \/>\n<meta property=\"article:publisher\" content=\"https:\/\/www.facebook.com\/anovapeneira\" \/>\n<meta property=\"article:published_time\" content=\"2022-04-18T08:00:17+00:00\" \/>\n<meta property=\"og:image\" content=\"https:\/\/www.anovapeneira.gal\/wp-content\/uploads\/2022\/04\/iria_Aboi.jpg\" \/>\n\t<meta property=\"og:image:width\" content=\"720\" \/>\n\t<meta property=\"og:image:height\" content=\"432\" \/>\n\t<meta property=\"og:image:type\" content=\"image\/jpeg\" \/>\n<meta name=\"author\" content=\"Redacci\u00f3n A Nova Peneira\" \/>\n<meta name=\"twitter:card\" content=\"summary_large_image\" \/>\n<meta name=\"twitter:creator\" content=\"@APeneira\" \/>\n<meta name=\"twitter:site\" content=\"@APeneira\" \/>\n<meta name=\"twitter:label1\" content=\"Escrito por\" \/>\n\t<meta name=\"twitter:data1\" content=\"Redacci\u00f3n A Nova Peneira\" \/>\n\t<meta name=\"twitter:label2\" content=\"Tempo de lectura\" \/>\n\t<meta name=\"twitter:data2\" content=\"8 minutos\" \/>\n<script type=\"application\/ld+json\" class=\"yoast-schema-graph\">{\"@context\":\"https:\\\/\\\/schema.org\",\"@graph\":[{\"@type\":\"Article\",\"@id\":\"https:\\\/\\\/www.anovapeneira.gal\\\/index.php\\\/2022\\\/04\\\/18\\\/o-morrazo-contra-os-recortes-da-sua-sanidade\\\/#article\",\"isPartOf\":{\"@id\":\"https:\\\/\\\/www.anovapeneira.gal\\\/index.php\\\/2022\\\/04\\\/18\\\/o-morrazo-contra-os-recortes-da-sua-sanidade\\\/\"},\"author\":{\"name\":\"Redacci\u00f3n A Nova Peneira\",\"@id\":\"https:\\\/\\\/www.anovapeneira.gal\\\/#\\\/schema\\\/person\\\/b93e3f8932e3f8da96334607eb6ac6aa\"},\"headline\":\"O Morrazo contra os recortes da s\u00faa sanidade\",\"datePublished\":\"2022-04-18T08:00:17+00:00\",\"mainEntityOfPage\":{\"@id\":\"https:\\\/\\\/www.anovapeneira.gal\\\/index.php\\\/2022\\\/04\\\/18\\\/o-morrazo-contra-os-recortes-da-sua-sanidade\\\/\"},\"wordCount\":1561,\"commentCount\":0,\"publisher\":{\"@id\":\"https:\\\/\\\/www.anovapeneira.gal\\\/#organization\"},\"image\":{\"@id\":\"https:\\\/\\\/www.anovapeneira.gal\\\/index.php\\\/2022\\\/04\\\/18\\\/o-morrazo-contra-os-recortes-da-sua-sanidade\\\/#primaryimage\"},\"thumbnailUrl\":\"https:\\\/\\\/www.anovapeneira.gal\\\/wp-content\\\/uploads\\\/2022\\\/04\\\/iria_Aboi.jpg\",\"keywords\":[\"Concello de Cangas do Morrazo\"],\"articleSection\":[\"Morrazo\"],\"inLanguage\":\"gl-ES\",\"potentialAction\":[{\"@type\":\"CommentAction\",\"name\":\"Comment\",\"target\":[\"https:\\\/\\\/www.anovapeneira.gal\\\/index.php\\\/2022\\\/04\\\/18\\\/o-morrazo-contra-os-recortes-da-sua-sanidade\\\/#respond\"]}]},{\"@type\":\"WebPage\",\"@id\":\"https:\\\/\\\/www.anovapeneira.gal\\\/index.php\\\/2022\\\/04\\\/18\\\/o-morrazo-contra-os-recortes-da-sua-sanidade\\\/\",\"url\":\"https:\\\/\\\/www.anovapeneira.gal\\\/index.php\\\/2022\\\/04\\\/18\\\/o-morrazo-contra-os-recortes-da-sua-sanidade\\\/\",\"name\":\"O Morrazo contra os recortes da s\u00faa sanidade -\",\"isPartOf\":{\"@id\":\"https:\\\/\\\/www.anovapeneira.gal\\\/#website\"},\"primaryImageOfPage\":{\"@id\":\"https:\\\/\\\/www.anovapeneira.gal\\\/index.php\\\/2022\\\/04\\\/18\\\/o-morrazo-contra-os-recortes-da-sua-sanidade\\\/#primaryimage\"},\"image\":{\"@id\":\"https:\\\/\\\/www.anovapeneira.gal\\\/index.php\\\/2022\\\/04\\\/18\\\/o-morrazo-contra-os-recortes-da-sua-sanidade\\\/#primaryimage\"},\"thumbnailUrl\":\"https:\\\/\\\/www.anovapeneira.gal\\\/wp-content\\\/uploads\\\/2022\\\/04\\\/iria_Aboi.jpg\",\"datePublished\":\"2022-04-18T08:00:17+00:00\",\"description\":\"En todo o pa\u00eds galego son moi numerosos os exemplos que amosan a nefasta pol\u00edtica sanitaria do partido popular. Recortes continuos en servizos, a non cobertura de xubilaci\u00f3ns e ou vacaci\u00f3ns, o deterioro ata o m\u00e1is profundo da atenci\u00f3n primaria..... levan a que milleiros de persoas afoguen na desesperaci\u00f3n de non poderen recibir unha correcta atenci\u00f3n sanitaria\",\"breadcrumb\":{\"@id\":\"https:\\\/\\\/www.anovapeneira.gal\\\/index.php\\\/2022\\\/04\\\/18\\\/o-morrazo-contra-os-recortes-da-sua-sanidade\\\/#breadcrumb\"},\"inLanguage\":\"gl-ES\",\"potentialAction\":[{\"@type\":\"ReadAction\",\"target\":[\"https:\\\/\\\/www.anovapeneira.gal\\\/index.php\\\/2022\\\/04\\\/18\\\/o-morrazo-contra-os-recortes-da-sua-sanidade\\\/\"]}]},{\"@type\":\"ImageObject\",\"inLanguage\":\"gl-ES\",\"@id\":\"https:\\\/\\\/www.anovapeneira.gal\\\/index.php\\\/2022\\\/04\\\/18\\\/o-morrazo-contra-os-recortes-da-sua-sanidade\\\/#primaryimage\",\"url\":\"https:\\\/\\\/www.anovapeneira.gal\\\/wp-content\\\/uploads\\\/2022\\\/04\\\/iria_Aboi.jpg\",\"contentUrl\":\"https:\\\/\\\/www.anovapeneira.gal\\\/wp-content\\\/uploads\\\/2022\\\/04\\\/iria_Aboi.jpg\",\"width\":720,\"height\":432,\"caption\":\"Iria Aboi\"},{\"@type\":\"BreadcrumbList\",\"@id\":\"https:\\\/\\\/www.anovapeneira.gal\\\/index.php\\\/2022\\\/04\\\/18\\\/o-morrazo-contra-os-recortes-da-sua-sanidade\\\/#breadcrumb\",\"itemListElement\":[{\"@type\":\"ListItem\",\"position\":1,\"name\":\"Portada\",\"item\":\"https:\\\/\\\/www.anovapeneira.gal\\\/\"},{\"@type\":\"ListItem\",\"position\":2,\"name\":\"O Morrazo contra os recortes da s\u00faa sanidade\"}]},{\"@type\":\"WebSite\",\"@id\":\"https:\\\/\\\/www.anovapeneira.gal\\\/#website\",\"url\":\"https:\\\/\\\/www.anovapeneira.gal\\\/\",\"name\":\"\",\"description\":\"Xornal galego de informaci\u00f3n xeral Publicaci\u00f3n mensual de novas de Galicia e en especial dos Concellos da sur da provincia de Pontevedra.\",\"publisher\":{\"@id\":\"https:\\\/\\\/www.anovapeneira.gal\\\/#organization\"},\"potentialAction\":[{\"@type\":\"SearchAction\",\"target\":{\"@type\":\"EntryPoint\",\"urlTemplate\":\"https:\\\/\\\/www.anovapeneira.gal\\\/?s={search_term_string}\"},\"query-input\":{\"@type\":\"PropertyValueSpecification\",\"valueRequired\":true,\"valueName\":\"search_term_string\"}}],\"inLanguage\":\"gl-ES\"},{\"@type\":\"Organization\",\"@id\":\"https:\\\/\\\/www.anovapeneira.gal\\\/#organization\",\"name\":\"A Nova Peneira\",\"url\":\"https:\\\/\\\/www.anovapeneira.gal\\\/\",\"logo\":{\"@type\":\"ImageObject\",\"inLanguage\":\"gl-ES\",\"@id\":\"https:\\\/\\\/www.anovapeneira.gal\\\/#\\\/schema\\\/logo\\\/image\\\/\",\"url\":\"http:\\\/\\\/www.anovapeneira.gal\\\/wp-content\\\/uploads\\\/2019\\\/06\\\/logo_a_nova_peneira_portal_web.png\",\"contentUrl\":\"http:\\\/\\\/www.anovapeneira.gal\\\/wp-content\\\/uploads\\\/2019\\\/06\\\/logo_a_nova_peneira_portal_web.png\",\"width\":300,\"height\":100,\"caption\":\"A Nova Peneira\"},\"image\":{\"@id\":\"https:\\\/\\\/www.anovapeneira.gal\\\/#\\\/schema\\\/logo\\\/image\\\/\"},\"sameAs\":[\"https:\\\/\\\/www.facebook.com\\\/anovapeneira\",\"https:\\\/\\\/x.com\\\/APeneira\"]},{\"@type\":\"Person\",\"@id\":\"https:\\\/\\\/www.anovapeneira.gal\\\/#\\\/schema\\\/person\\\/b93e3f8932e3f8da96334607eb6ac6aa\",\"name\":\"Redacci\u00f3n A Nova Peneira\",\"image\":{\"@type\":\"ImageObject\",\"inLanguage\":\"gl-ES\",\"@id\":\"https:\\\/\\\/secure.gravatar.com\\\/avatar\\\/c052a2551a06e23fac63626232eaa90abd78dbcf1700fc46a2b2c89fd27b735f?s=96&d=mm&r=g\",\"url\":\"https:\\\/\\\/secure.gravatar.com\\\/avatar\\\/c052a2551a06e23fac63626232eaa90abd78dbcf1700fc46a2b2c89fd27b735f?s=96&d=mm&r=g\",\"contentUrl\":\"https:\\\/\\\/secure.gravatar.com\\\/avatar\\\/c052a2551a06e23fac63626232eaa90abd78dbcf1700fc46a2b2c89fd27b735f?s=96&d=mm&r=g\",\"caption\":\"Redacci\u00f3n A Nova Peneira\"},\"sameAs\":[\"http:\\\/\\\/www.anovapeneira.gal\\\/\"],\"url\":\"https:\\\/\\\/www.anovapeneira.gal\\\/index.php\\\/author\\\/redactor\\\/\"}]}<\/script>\n<!-- \/ Yoast SEO plugin. -->","yoast_head_json":{"title":"O Morrazo contra os recortes da s\u00faa sanidade -","description":"En todo o pa\u00eds galego son moi numerosos os exemplos que amosan a nefasta pol\u00edtica sanitaria do partido popular. Recortes continuos en servizos, a non cobertura de xubilaci\u00f3ns e ou vacaci\u00f3ns, o deterioro ata o m\u00e1is profundo da atenci\u00f3n primaria..... levan a que milleiros de persoas afoguen na desesperaci\u00f3n de non poderen recibir unha correcta atenci\u00f3n sanitaria","robots":{"index":"index","follow":"follow","max-snippet":"max-snippet:-1","max-image-preview":"max-image-preview:large","max-video-preview":"max-video-preview:-1"},"canonical":"https:\/\/www.anovapeneira.gal\/index.php\/2022\/04\/18\/o-morrazo-contra-os-recortes-da-sua-sanidade\/","og_locale":"gl_ES","og_type":"article","og_title":"O Morrazo contra os recortes da s\u00faa sanidade -","og_description":"En todo o pa\u00eds galego son moi numerosos os exemplos que amosan a nefasta pol\u00edtica sanitaria do partido popular. Recortes continuos en servizos, a non cobertura de xubilaci\u00f3ns e ou vacaci\u00f3ns, o deterioro ata o m\u00e1is profundo da atenci\u00f3n primaria..... levan a que milleiros de persoas afoguen na desesperaci\u00f3n de non poderen recibir unha correcta atenci\u00f3n sanitaria","og_url":"https:\/\/www.anovapeneira.gal\/index.php\/2022\/04\/18\/o-morrazo-contra-os-recortes-da-sua-sanidade\/","article_publisher":"https:\/\/www.facebook.com\/anovapeneira","article_published_time":"2022-04-18T08:00:17+00:00","og_image":[{"width":720,"height":432,"url":"https:\/\/www.anovapeneira.gal\/wp-content\/uploads\/2022\/04\/iria_Aboi.jpg","type":"image\/jpeg"}],"author":"Redacci\u00f3n A Nova Peneira","twitter_card":"summary_large_image","twitter_creator":"@APeneira","twitter_site":"@APeneira","twitter_misc":{"Escrito por":"Redacci\u00f3n A Nova Peneira","Tempo de lectura":"8 minutos"},"schema":{"@context":"https:\/\/schema.org","@graph":[{"@type":"Article","@id":"https:\/\/www.anovapeneira.gal\/index.php\/2022\/04\/18\/o-morrazo-contra-os-recortes-da-sua-sanidade\/#article","isPartOf":{"@id":"https:\/\/www.anovapeneira.gal\/index.php\/2022\/04\/18\/o-morrazo-contra-os-recortes-da-sua-sanidade\/"},"author":{"name":"Redacci\u00f3n A Nova Peneira","@id":"https:\/\/www.anovapeneira.gal\/#\/schema\/person\/b93e3f8932e3f8da96334607eb6ac6aa"},"headline":"O Morrazo contra os recortes da s\u00faa sanidade","datePublished":"2022-04-18T08:00:17+00:00","mainEntityOfPage":{"@id":"https:\/\/www.anovapeneira.gal\/index.php\/2022\/04\/18\/o-morrazo-contra-os-recortes-da-sua-sanidade\/"},"wordCount":1561,"commentCount":0,"publisher":{"@id":"https:\/\/www.anovapeneira.gal\/#organization"},"image":{"@id":"https:\/\/www.anovapeneira.gal\/index.php\/2022\/04\/18\/o-morrazo-contra-os-recortes-da-sua-sanidade\/#primaryimage"},"thumbnailUrl":"https:\/\/www.anovapeneira.gal\/wp-content\/uploads\/2022\/04\/iria_Aboi.jpg","keywords":["Concello de Cangas do Morrazo"],"articleSection":["Morrazo"],"inLanguage":"gl-ES","potentialAction":[{"@type":"CommentAction","name":"Comment","target":["https:\/\/www.anovapeneira.gal\/index.php\/2022\/04\/18\/o-morrazo-contra-os-recortes-da-sua-sanidade\/#respond"]}]},{"@type":"WebPage","@id":"https:\/\/www.anovapeneira.gal\/index.php\/2022\/04\/18\/o-morrazo-contra-os-recortes-da-sua-sanidade\/","url":"https:\/\/www.anovapeneira.gal\/index.php\/2022\/04\/18\/o-morrazo-contra-os-recortes-da-sua-sanidade\/","name":"O Morrazo contra os recortes da s\u00faa sanidade -","isPartOf":{"@id":"https:\/\/www.anovapeneira.gal\/#website"},"primaryImageOfPage":{"@id":"https:\/\/www.anovapeneira.gal\/index.php\/2022\/04\/18\/o-morrazo-contra-os-recortes-da-sua-sanidade\/#primaryimage"},"image":{"@id":"https:\/\/www.anovapeneira.gal\/index.php\/2022\/04\/18\/o-morrazo-contra-os-recortes-da-sua-sanidade\/#primaryimage"},"thumbnailUrl":"https:\/\/www.anovapeneira.gal\/wp-content\/uploads\/2022\/04\/iria_Aboi.jpg","datePublished":"2022-04-18T08:00:17+00:00","description":"En todo o pa\u00eds galego son moi numerosos os exemplos que amosan a nefasta pol\u00edtica sanitaria do partido popular. Recortes continuos en servizos, a non cobertura de xubilaci\u00f3ns e ou vacaci\u00f3ns, o deterioro ata o m\u00e1is profundo da atenci\u00f3n primaria..... levan a que milleiros de persoas afoguen na desesperaci\u00f3n de non poderen recibir unha correcta atenci\u00f3n sanitaria","breadcrumb":{"@id":"https:\/\/www.anovapeneira.gal\/index.php\/2022\/04\/18\/o-morrazo-contra-os-recortes-da-sua-sanidade\/#breadcrumb"},"inLanguage":"gl-ES","potentialAction":[{"@type":"ReadAction","target":["https:\/\/www.anovapeneira.gal\/index.php\/2022\/04\/18\/o-morrazo-contra-os-recortes-da-sua-sanidade\/"]}]},{"@type":"ImageObject","inLanguage":"gl-ES","@id":"https:\/\/www.anovapeneira.gal\/index.php\/2022\/04\/18\/o-morrazo-contra-os-recortes-da-sua-sanidade\/#primaryimage","url":"https:\/\/www.anovapeneira.gal\/wp-content\/uploads\/2022\/04\/iria_Aboi.jpg","contentUrl":"https:\/\/www.anovapeneira.gal\/wp-content\/uploads\/2022\/04\/iria_Aboi.jpg","width":720,"height":432,"caption":"Iria Aboi"},{"@type":"BreadcrumbList","@id":"https:\/\/www.anovapeneira.gal\/index.php\/2022\/04\/18\/o-morrazo-contra-os-recortes-da-sua-sanidade\/#breadcrumb","itemListElement":[{"@type":"ListItem","position":1,"name":"Portada","item":"https:\/\/www.anovapeneira.gal\/"},{"@type":"ListItem","position":2,"name":"O Morrazo contra os recortes da s\u00faa sanidade"}]},{"@type":"WebSite","@id":"https:\/\/www.anovapeneira.gal\/#website","url":"https:\/\/www.anovapeneira.gal\/","name":"","description":"Xornal galego de informaci\u00f3n xeral Publicaci\u00f3n mensual de novas de Galicia e en especial dos Concellos da sur da provincia de Pontevedra.","publisher":{"@id":"https:\/\/www.anovapeneira.gal\/#organization"},"potentialAction":[{"@type":"SearchAction","target":{"@type":"EntryPoint","urlTemplate":"https:\/\/www.anovapeneira.gal\/?s={search_term_string}"},"query-input":{"@type":"PropertyValueSpecification","valueRequired":true,"valueName":"search_term_string"}}],"inLanguage":"gl-ES"},{"@type":"Organization","@id":"https:\/\/www.anovapeneira.gal\/#organization","name":"A Nova Peneira","url":"https:\/\/www.anovapeneira.gal\/","logo":{"@type":"ImageObject","inLanguage":"gl-ES","@id":"https:\/\/www.anovapeneira.gal\/#\/schema\/logo\/image\/","url":"http:\/\/www.anovapeneira.gal\/wp-content\/uploads\/2019\/06\/logo_a_nova_peneira_portal_web.png","contentUrl":"http:\/\/www.anovapeneira.gal\/wp-content\/uploads\/2019\/06\/logo_a_nova_peneira_portal_web.png","width":300,"height":100,"caption":"A Nova Peneira"},"image":{"@id":"https:\/\/www.anovapeneira.gal\/#\/schema\/logo\/image\/"},"sameAs":["https:\/\/www.facebook.com\/anovapeneira","https:\/\/x.com\/APeneira"]},{"@type":"Person","@id":"https:\/\/www.anovapeneira.gal\/#\/schema\/person\/b93e3f8932e3f8da96334607eb6ac6aa","name":"Redacci\u00f3n A Nova Peneira","image":{"@type":"ImageObject","inLanguage":"gl-ES","@id":"https:\/\/secure.gravatar.com\/avatar\/c052a2551a06e23fac63626232eaa90abd78dbcf1700fc46a2b2c89fd27b735f?s=96&d=mm&r=g","url":"https:\/\/secure.gravatar.com\/avatar\/c052a2551a06e23fac63626232eaa90abd78dbcf1700fc46a2b2c89fd27b735f?s=96&d=mm&r=g","contentUrl":"https:\/\/secure.gravatar.com\/avatar\/c052a2551a06e23fac63626232eaa90abd78dbcf1700fc46a2b2c89fd27b735f?s=96&d=mm&r=g","caption":"Redacci\u00f3n A Nova Peneira"},"sameAs":["http:\/\/www.anovapeneira.gal\/"],"url":"https:\/\/www.anovapeneira.gal\/index.php\/author\/redactor\/"}]}},"jetpack_featured_media_url":"https:\/\/www.anovapeneira.gal\/wp-content\/uploads\/2022\/04\/iria_Aboi.jpg","_links":{"self":[{"href":"https:\/\/www.anovapeneira.gal\/index.php\/wp-json\/wp\/v2\/posts\/7308","targetHints":{"allow":["GET"]}}],"collection":[{"href":"https:\/\/www.anovapeneira.gal\/index.php\/wp-json\/wp\/v2\/posts"}],"about":[{"href":"https:\/\/www.anovapeneira.gal\/index.php\/wp-json\/wp\/v2\/types\/post"}],"author":[{"embeddable":true,"href":"https:\/\/www.anovapeneira.gal\/index.php\/wp-json\/wp\/v2\/users\/3"}],"replies":[{"embeddable":true,"href":"https:\/\/www.anovapeneira.gal\/index.php\/wp-json\/wp\/v2\/comments?post=7308"}],"version-history":[{"count":3,"href":"https:\/\/www.anovapeneira.gal\/index.php\/wp-json\/wp\/v2\/posts\/7308\/revisions"}],"predecessor-version":[{"id":7312,"href":"https:\/\/www.anovapeneira.gal\/index.php\/wp-json\/wp\/v2\/posts\/7308\/revisions\/7312"}],"wp:featuredmedia":[{"embeddable":true,"href":"https:\/\/www.anovapeneira.gal\/index.php\/wp-json\/wp\/v2\/media\/7311"}],"wp:attachment":[{"href":"https:\/\/www.anovapeneira.gal\/index.php\/wp-json\/wp\/v2\/media?parent=7308"}],"wp:term":[{"taxonomy":"category","embeddable":true,"href":"https:\/\/www.anovapeneira.gal\/index.php\/wp-json\/wp\/v2\/categories?post=7308"},{"taxonomy":"post_tag","embeddable":true,"href":"https:\/\/www.anovapeneira.gal\/index.php\/wp-json\/wp\/v2\/tags?post=7308"}],"curies":[{"name":"wp","href":"https:\/\/api.w.org\/{rel}","templated":true}]}}