{"id":7313,"date":"2022-04-18T12:00:19","date_gmt":"2022-04-18T10:00:19","guid":{"rendered":"https:\/\/www.anovapeneira.gal\/?p=7313"},"modified":"2022-04-18T10:20:55","modified_gmt":"2022-04-18T08:20:55","slug":"os-monicreques-de-redondela-xxiii-anos-de-exitos","status":"publish","type":"post","link":"https:\/\/www.anovapeneira.gal\/index.php\/2022\/04\/18\/os-monicreques-de-redondela-xxiii-anos-de-exitos\/","title":{"rendered":"Os monicreques de Redondela , XXIII anos de \u00e9xitos"},"content":{"rendered":"\n<p><strong>Marcos Santos<\/strong><\/p>\n\n\n\n<p>Un ano m\u00e1is, e xa estamos a piques de chegarmos ao primeiro cuarto de s\u00e9culo, chegan \u00e1s r\u00faas da nosa vila os monicreques do \u201c festival de t\u00edteres de Redondela\u201d. E despois de d\u00faas edici\u00f3ns an\u00f3malas, motivadas pola pandemia sanitaria, volve ser o mes de maio no que o espect\u00e1culo de luz, fantas\u00eda e cor do universo dos monicreques alumear\u00e1 as r\u00faas de Redondela, as almas e os coraz\u00f3ns das miles de persoas que gozaremos dalgunhas das s\u00faas oitenta representaci\u00f3ns. N\u00f3s conversamos con Luis Crespo, o director do festival.<\/p>\n\n\n\n<p><strong>Luis Crespo director do festival de t\u00edteres de Redondela<\/strong><\/p>\n\n\n\n<p>\u201c<strong>Despois destes dous anos de pandemia \u00e9 m\u00e1is necesario que nunca vir aos \u201ct\u00edteres\u201d, recargar as pilas e gozar\u201d<\/strong><\/p>\n\n\n\n<p><strong>Sempre falamos moito de monicreques e moi pouco de ti. Fainos unha pequena escolma da t\u00faa historia?<\/strong><\/p>\n\n\n\n<blockquote class=\"wp-block-quote is-layout-flow wp-block-quote-is-layout-flow\"><p>Eu son de Redondela e con 18 anos funme para Madrid. Al\u00ed estudei arte dram\u00e1tica, neses anos colaborei na creaci\u00f3n dunha compa\u00f1\u00eda que a\u00ednda funciona<\/p><\/blockquote>\n\n\n\n<p><strong>Eu creo que ti es un tipo inquieto dos que sempre anda a facer cousas?<\/strong><\/p>\n\n\n\n<blockquote class=\"wp-block-quote is-layout-flow wp-block-quote-is-layout-flow\"><p>Si, a\u00ednda que eu penso que a casualidade, nos termos tan bonitos que a poetizou Julio Cortazar, en grande medida foi o motor que impulsou a mi\u00f1a traxectoria vital neste mundo da arte. De feito eu cando cheguei a Madrid, inicialmente o que tratei era de buscar traballo de camareiro<\/p><\/blockquote>\n\n\n\n<p><strong>E non che deron traballo de camareiro?<\/strong><\/p>\n\n\n\n<blockquote class=\"wp-block-quote is-layout-flow wp-block-quote-is-layout-flow\"><p>Pois non. E f\u00edxate ti que como, de novo por casualidade, fixera un curso de mimo co Celso Bugallo cheguei a estar 6 meses facendo mimo na porta dun gran centro comercial. E despois descubr\u00edn o retiro e botei varios anos al\u00ed facendo cousas<\/p><\/blockquote>\n\n\n\n<p><strong>Gust\u00e1bache?<\/strong><\/p>\n\n\n\n<blockquote class=\"wp-block-quote is-layout-flow wp-block-quote-is-layout-flow\"><p>Moito.<\/p><\/blockquote>\n\n\n\n<p><strong>A connotaci\u00f3n pexorativa que tradicionalmente se asociaba ao adxectivo \u201ctitiriteiro\u201d xa \u00e9 algo que pasou \u00e1 historia?<\/strong><\/p>\n\n\n\n<blockquote class=\"wp-block-quote is-layout-flow wp-block-quote-is-layout-flow\"><p>Non. Algo si se mellorou pero a\u00ednda segue a estar asociada a unha certa visi\u00f3n negativa.<\/p><\/blockquote>\n\n\n\n<p><strong>Como chegas desde o retiro de Madrid a ser o director do festival de \u201ct\u00edteres\u201d de Redondela?<\/strong><\/p>\n\n\n\n<blockquote class=\"wp-block-quote is-layout-flow wp-block-quote-is-layout-flow\"><p>Pois este ano xa imos pola XXIII edici\u00f3n. Naquel momento do Retiro desde o Concello form\u00falanme a hip\u00f3tese de traer toda esa espiritualidade, que supu\u00f1an os artistas facendo arte no parque, a Redondela. Eu incorporeime \u00e1 direcci\u00f3n na edici\u00f3n XI. Entre a IV e a XI levaba as cuesti\u00f3ns econ\u00f3micas<\/p><\/blockquote>\n\n\n\n<p><strong>Segues facendo cousas f\u00f3ra?<\/strong><\/p>\n\n\n\n<blockquote class=\"wp-block-quote is-layout-flow wp-block-quote-is-layout-flow\"><p>Si claro. Eu onde podo \u201c colgo o sombreiro\u201d<\/p><\/blockquote>\n\n\n\n<p><strong>Cantas compa\u00f1\u00edas imos ter nesta edici\u00f3n?<\/strong><\/p>\n\n\n\n<blockquote class=\"wp-block-quote is-layout-flow wp-block-quote-is-layout-flow\"><p>31<\/p><\/blockquote>\n\n\n\n<p><strong>Caramba vaia progresi\u00f3n con relaci\u00f3n \u00e1s primeiras edici\u00f3ns non?<\/strong><\/p>\n\n\n\n<blockquote class=\"wp-block-quote is-layout-flow wp-block-quote-is-layout-flow\"><p>E tanto que si. Na primeiras edici\u00f3ns traiamos 4 compa\u00f1\u00edas. Fomos medrando aos poucos<\/p><\/blockquote>\n\n\n\n<p><strong>Vai seguir sendo pastor o autor do Cartel?<\/strong><\/p>\n\n\n\n<blockquote class=\"wp-block-quote is-layout-flow wp-block-quote-is-layout-flow\"><p>Si, claro que si. A verdade para o festival contar con Pastor \u00e9 unha aut\u00e9ntica sorte. O seu bo facer danos unha solidez notable. Para n\u00f3s o equilibrio entre a forma e o contido \u00e9 esencial. E as\u00ed procuramos que sexa ano tras ano.<\/p><\/blockquote>\n\n\n\n<p><strong>Despois das d\u00faas \u00faltimas edici\u00f3ns tan diferentes por causa da pandemia, este ano pretendemos que volva a normalidade?<\/strong><\/p>\n\n\n\n<blockquote class=\"wp-block-quote is-layout-flow wp-block-quote-is-layout-flow\"><p>Esa \u00e9 a nosa intenci\u00f3n. A verdade se boto a vista atr\u00e1s quedo abraiado do traballo inmenso, case de escravos, que tivemos que facer para podermos desenvolver as edici\u00f3ns do 2020 e do 2021<\/p><\/blockquote>\n\n\n\n<p><strong>Volvemos ent\u00f3n a Maio?<\/strong><\/p>\n\n\n\n<blockquote class=\"wp-block-quote is-layout-flow wp-block-quote-is-layout-flow\"><p><strong>S<\/strong>i, ese \u00e9 o mes natural. En parte pola coincidencia co d\u00eda das nosas letras, que penso debera de ser unha festa cultural en todas e cada unha das vilas de Galicia.<\/p><\/blockquote>\n\n\n\n<p><strong>Este ano o 17 cadra en martes<\/strong><\/p>\n\n\n\n<blockquote class=\"wp-block-quote is-layout-flow wp-block-quote-is-layout-flow\"><p>Si, e n\u00f3s pretendemos estar o s\u00e1bado domingo e luns anteriores a tope, e o propio martes tam\u00e9n desde logo<\/p><\/blockquote>\n\n\n\n<p><strong>Algunha novidade significativa?<\/strong><\/p>\n\n\n\n<blockquote class=\"wp-block-quote is-layout-flow wp-block-quote-is-layout-flow\"><p>Eu creo que a s\u00faa enorme densidade \u00e9 unha das novidades m\u00e1is importantes. Pensa que son 31 compa\u00f1\u00edas, 80 representaci\u00f3ns , teatro de sala para adultos, teatro de sala familiar,7 escenarios, unha bater\u00eda de concertos nas distintas prazas da vila, media ducia de espect\u00e1culos con lingua de signos, facilidades de acceso para as persoas con mobilidade reducida&#8230;<\/p><\/blockquote>\n\n\n\n<p><strong>Supo\u00f1o que con tanta compa\u00f1\u00eda haber\u00e1 unha mestura de procedencias moi variada?<\/strong><\/p>\n\n\n\n<blockquote class=\"wp-block-quote is-layout-flow wp-block-quote-is-layout-flow\"><p>Temos de Israel, Eslovenia, Francia, Arxentina,Portugal, de Madrid, Castela, Cantabria. E m\u00e1is da metade deste ano son propostas galegas. A nosa programaci\u00f3n \u00e9 como escribir unha novela; nunca se remata s\u00f3 se deixa en pausa<\/p><\/blockquote>\n\n\n\n<p><strong>Supo\u00f1o que coa lox\u00edstica empezaredes un pouco antes non?<\/strong><\/p>\n\n\n\n<blockquote class=\"wp-block-quote is-layout-flow wp-block-quote-is-layout-flow\"><p>Si claro. A fin de semana anterior estaremos no multiusos coas entradas, carteis, camisolas&#8230;<\/p><\/blockquote>\n\n\n\n<p><strong>Vamos ter o mercadi\u00f1o \u201ctitiriteiro\u201d?<\/strong><\/p>\n\n\n\n<blockquote class=\"wp-block-quote is-layout-flow wp-block-quote-is-layout-flow\"><p>Si e imos tentar que todos os postos te\u00f1an relaci\u00f3n co universo dos monicreques<\/p><\/blockquote>\n\n\n\n<p><strong>O festival xa ten unha sona moi relevante, pero sempre se pode medrar. Para algu\u00e9n que non o co\u00f1eza que lle dir\u00edas para que se anime a facelo?<\/strong><\/p>\n\n\n\n<blockquote class=\"wp-block-quote is-layout-flow wp-block-quote-is-layout-flow\"><p>O que acontece no noso festival \u00e9 unha experiencia para o espectador e a espectadora. Non est\u00e1 dentro dos circu\u00edtos habituais do espect\u00e1culo, xa non s\u00f3 polas representaci\u00f3ns en si sen\u00f3n pola espiritualidade que transmiten. Por outra parte \u00e9 unha festa interxeracional e aqu\u00ed todo o mundo o pasa ben. Despois deste dous anos de pandemia \u00e9 m\u00e1is necesario que nunca vir a Redondela, recargar as pilas e gozar.<\/p><\/blockquote>\n","protected":false},"excerpt":{"rendered":"<div class=\"mh-excerpt\"><p>Un ano m\u00e1is, e xa estamos a piques de chegarmos ao primeiro cuarto de s\u00e9culo, chegan \u00e1s r\u00faas da nosa vila os monicreques do \u201c festival de t\u00edteres de Redondela\u201d. <a class=\"mh-excerpt-more\" href=\"https:\/\/www.anovapeneira.gal\/index.php\/2022\/04\/18\/os-monicreques-de-redondela-xxiii-anos-de-exitos\/\" title=\"Os monicreques de Redondela , XXIII anos de \u00e9xitos\">[&#8230;]<\/a><\/p>\n<\/div>","protected":false},"author":3,"featured_media":7315,"comment_status":"open","ping_status":"open","sticky":false,"template":"","format":"standard","meta":{"_exactmetrics_skip_tracking":false,"_exactmetrics_sitenote_active":false,"_exactmetrics_sitenote_note":"","_exactmetrics_sitenote_category":0,"footnotes":""},"categories":[270],"tags":[171],"class_list":{"0":"post-7313","1":"post","2":"type-post","3":"status-publish","4":"format-standard","5":"has-post-thumbnail","7":"category-redondela-entrevistas","8":"tag-concello-de-redondela"},"yoast_head":"<!-- This site is optimized with the Yoast SEO plugin v27.4 - https:\/\/yoast.com\/product\/yoast-seo-wordpress\/ -->\n<title>Os monicreques de Redondela , XXIII anos de \u00e9xitos -<\/title>\n<meta name=\"description\" content=\"Un ano m\u00e1is, e xa estamos a piques de chegarmos ao primeiro cuarto de s\u00e9culo, chegan \u00e1s r\u00faas da nosa vila os monicreques do \u201c festival de t\u00edteres de Redondela\u201d\" \/>\n<meta name=\"robots\" content=\"index, follow, max-snippet:-1, max-image-preview:large, max-video-preview:-1\" \/>\n<link rel=\"canonical\" href=\"https:\/\/www.anovapeneira.gal\/index.php\/2022\/04\/18\/os-monicreques-de-redondela-xxiii-anos-de-exitos\/\" \/>\n<meta property=\"og:locale\" content=\"gl_ES\" \/>\n<meta property=\"og:type\" content=\"article\" \/>\n<meta property=\"og:title\" content=\"Os monicreques de Redondela , XXIII anos de \u00e9xitos -\" \/>\n<meta property=\"og:description\" content=\"Un ano m\u00e1is, e xa estamos a piques de chegarmos ao primeiro cuarto de s\u00e9culo, chegan \u00e1s r\u00faas da nosa vila os monicreques do \u201c festival de t\u00edteres de Redondela\u201d\" \/>\n<meta property=\"og:url\" content=\"https:\/\/www.anovapeneira.gal\/index.php\/2022\/04\/18\/os-monicreques-de-redondela-xxiii-anos-de-exitos\/\" \/>\n<meta property=\"article:publisher\" content=\"https:\/\/www.facebook.com\/anovapeneira\" \/>\n<meta property=\"article:published_time\" content=\"2022-04-18T10:00:19+00:00\" \/>\n<meta property=\"og:image\" content=\"https:\/\/www.anovapeneira.gal\/wp-content\/uploads\/2022\/04\/monicreques_redondela.jpg\" \/>\n\t<meta property=\"og:image:width\" content=\"720\" \/>\n\t<meta property=\"og:image:height\" content=\"432\" \/>\n\t<meta property=\"og:image:type\" content=\"image\/jpeg\" \/>\n<meta name=\"author\" content=\"Redacci\u00f3n A Nova Peneira\" \/>\n<meta name=\"twitter:card\" content=\"summary_large_image\" \/>\n<meta name=\"twitter:creator\" content=\"@APeneira\" \/>\n<meta name=\"twitter:site\" content=\"@APeneira\" \/>\n<meta name=\"twitter:label1\" content=\"Escrito por\" \/>\n\t<meta name=\"twitter:data1\" content=\"Redacci\u00f3n A Nova Peneira\" \/>\n\t<meta name=\"twitter:label2\" content=\"Tempo de lectura\" \/>\n\t<meta name=\"twitter:data2\" content=\"5 minutos\" \/>\n<script type=\"application\/ld+json\" class=\"yoast-schema-graph\">{\"@context\":\"https:\\\/\\\/schema.org\",\"@graph\":[{\"@type\":\"Article\",\"@id\":\"https:\\\/\\\/www.anovapeneira.gal\\\/index.php\\\/2022\\\/04\\\/18\\\/os-monicreques-de-redondela-xxiii-anos-de-exitos\\\/#article\",\"isPartOf\":{\"@id\":\"https:\\\/\\\/www.anovapeneira.gal\\\/index.php\\\/2022\\\/04\\\/18\\\/os-monicreques-de-redondela-xxiii-anos-de-exitos\\\/\"},\"author\":{\"name\":\"Redacci\u00f3n A Nova Peneira\",\"@id\":\"https:\\\/\\\/www.anovapeneira.gal\\\/#\\\/schema\\\/person\\\/b93e3f8932e3f8da96334607eb6ac6aa\"},\"headline\":\"Os monicreques de Redondela , XXIII anos de \u00e9xitos\",\"datePublished\":\"2022-04-18T10:00:19+00:00\",\"mainEntityOfPage\":{\"@id\":\"https:\\\/\\\/www.anovapeneira.gal\\\/index.php\\\/2022\\\/04\\\/18\\\/os-monicreques-de-redondela-xxiii-anos-de-exitos\\\/\"},\"wordCount\":901,\"commentCount\":0,\"publisher\":{\"@id\":\"https:\\\/\\\/www.anovapeneira.gal\\\/#organization\"},\"image\":{\"@id\":\"https:\\\/\\\/www.anovapeneira.gal\\\/index.php\\\/2022\\\/04\\\/18\\\/os-monicreques-de-redondela-xxiii-anos-de-exitos\\\/#primaryimage\"},\"thumbnailUrl\":\"https:\\\/\\\/www.anovapeneira.gal\\\/wp-content\\\/uploads\\\/2022\\\/04\\\/monicreques_redondela.jpg\",\"keywords\":[\"Concello de Redondela\"],\"articleSection\":[\"Redondela\"],\"inLanguage\":\"gl-ES\",\"potentialAction\":[{\"@type\":\"CommentAction\",\"name\":\"Comment\",\"target\":[\"https:\\\/\\\/www.anovapeneira.gal\\\/index.php\\\/2022\\\/04\\\/18\\\/os-monicreques-de-redondela-xxiii-anos-de-exitos\\\/#respond\"]}]},{\"@type\":\"WebPage\",\"@id\":\"https:\\\/\\\/www.anovapeneira.gal\\\/index.php\\\/2022\\\/04\\\/18\\\/os-monicreques-de-redondela-xxiii-anos-de-exitos\\\/\",\"url\":\"https:\\\/\\\/www.anovapeneira.gal\\\/index.php\\\/2022\\\/04\\\/18\\\/os-monicreques-de-redondela-xxiii-anos-de-exitos\\\/\",\"name\":\"Os monicreques de Redondela , XXIII anos de \u00e9xitos -\",\"isPartOf\":{\"@id\":\"https:\\\/\\\/www.anovapeneira.gal\\\/#website\"},\"primaryImageOfPage\":{\"@id\":\"https:\\\/\\\/www.anovapeneira.gal\\\/index.php\\\/2022\\\/04\\\/18\\\/os-monicreques-de-redondela-xxiii-anos-de-exitos\\\/#primaryimage\"},\"image\":{\"@id\":\"https:\\\/\\\/www.anovapeneira.gal\\\/index.php\\\/2022\\\/04\\\/18\\\/os-monicreques-de-redondela-xxiii-anos-de-exitos\\\/#primaryimage\"},\"thumbnailUrl\":\"https:\\\/\\\/www.anovapeneira.gal\\\/wp-content\\\/uploads\\\/2022\\\/04\\\/monicreques_redondela.jpg\",\"datePublished\":\"2022-04-18T10:00:19+00:00\",\"description\":\"Un ano m\u00e1is, e xa estamos a piques de chegarmos ao primeiro cuarto de s\u00e9culo, chegan \u00e1s r\u00faas da nosa vila os monicreques do \u201c festival de t\u00edteres de Redondela\u201d\",\"breadcrumb\":{\"@id\":\"https:\\\/\\\/www.anovapeneira.gal\\\/index.php\\\/2022\\\/04\\\/18\\\/os-monicreques-de-redondela-xxiii-anos-de-exitos\\\/#breadcrumb\"},\"inLanguage\":\"gl-ES\",\"potentialAction\":[{\"@type\":\"ReadAction\",\"target\":[\"https:\\\/\\\/www.anovapeneira.gal\\\/index.php\\\/2022\\\/04\\\/18\\\/os-monicreques-de-redondela-xxiii-anos-de-exitos\\\/\"]}]},{\"@type\":\"ImageObject\",\"inLanguage\":\"gl-ES\",\"@id\":\"https:\\\/\\\/www.anovapeneira.gal\\\/index.php\\\/2022\\\/04\\\/18\\\/os-monicreques-de-redondela-xxiii-anos-de-exitos\\\/#primaryimage\",\"url\":\"https:\\\/\\\/www.anovapeneira.gal\\\/wp-content\\\/uploads\\\/2022\\\/04\\\/monicreques_redondela.jpg\",\"contentUrl\":\"https:\\\/\\\/www.anovapeneira.gal\\\/wp-content\\\/uploads\\\/2022\\\/04\\\/monicreques_redondela.jpg\",\"width\":720,\"height\":432},{\"@type\":\"BreadcrumbList\",\"@id\":\"https:\\\/\\\/www.anovapeneira.gal\\\/index.php\\\/2022\\\/04\\\/18\\\/os-monicreques-de-redondela-xxiii-anos-de-exitos\\\/#breadcrumb\",\"itemListElement\":[{\"@type\":\"ListItem\",\"position\":1,\"name\":\"Portada\",\"item\":\"https:\\\/\\\/www.anovapeneira.gal\\\/\"},{\"@type\":\"ListItem\",\"position\":2,\"name\":\"Os monicreques de Redondela , XXIII anos de \u00e9xitos\"}]},{\"@type\":\"WebSite\",\"@id\":\"https:\\\/\\\/www.anovapeneira.gal\\\/#website\",\"url\":\"https:\\\/\\\/www.anovapeneira.gal\\\/\",\"name\":\"\",\"description\":\"Xornal galego de informaci\u00f3n xeral Publicaci\u00f3n mensual de novas de Galicia e en especial dos Concellos da sur da provincia de Pontevedra.\",\"publisher\":{\"@id\":\"https:\\\/\\\/www.anovapeneira.gal\\\/#organization\"},\"potentialAction\":[{\"@type\":\"SearchAction\",\"target\":{\"@type\":\"EntryPoint\",\"urlTemplate\":\"https:\\\/\\\/www.anovapeneira.gal\\\/?s={search_term_string}\"},\"query-input\":{\"@type\":\"PropertyValueSpecification\",\"valueRequired\":true,\"valueName\":\"search_term_string\"}}],\"inLanguage\":\"gl-ES\"},{\"@type\":\"Organization\",\"@id\":\"https:\\\/\\\/www.anovapeneira.gal\\\/#organization\",\"name\":\"A Nova Peneira\",\"url\":\"https:\\\/\\\/www.anovapeneira.gal\\\/\",\"logo\":{\"@type\":\"ImageObject\",\"inLanguage\":\"gl-ES\",\"@id\":\"https:\\\/\\\/www.anovapeneira.gal\\\/#\\\/schema\\\/logo\\\/image\\\/\",\"url\":\"http:\\\/\\\/www.anovapeneira.gal\\\/wp-content\\\/uploads\\\/2019\\\/06\\\/logo_a_nova_peneira_portal_web.png\",\"contentUrl\":\"http:\\\/\\\/www.anovapeneira.gal\\\/wp-content\\\/uploads\\\/2019\\\/06\\\/logo_a_nova_peneira_portal_web.png\",\"width\":300,\"height\":100,\"caption\":\"A Nova Peneira\"},\"image\":{\"@id\":\"https:\\\/\\\/www.anovapeneira.gal\\\/#\\\/schema\\\/logo\\\/image\\\/\"},\"sameAs\":[\"https:\\\/\\\/www.facebook.com\\\/anovapeneira\",\"https:\\\/\\\/x.com\\\/APeneira\"]},{\"@type\":\"Person\",\"@id\":\"https:\\\/\\\/www.anovapeneira.gal\\\/#\\\/schema\\\/person\\\/b93e3f8932e3f8da96334607eb6ac6aa\",\"name\":\"Redacci\u00f3n A Nova Peneira\",\"image\":{\"@type\":\"ImageObject\",\"inLanguage\":\"gl-ES\",\"@id\":\"https:\\\/\\\/secure.gravatar.com\\\/avatar\\\/c052a2551a06e23fac63626232eaa90abd78dbcf1700fc46a2b2c89fd27b735f?s=96&d=mm&r=g\",\"url\":\"https:\\\/\\\/secure.gravatar.com\\\/avatar\\\/c052a2551a06e23fac63626232eaa90abd78dbcf1700fc46a2b2c89fd27b735f?s=96&d=mm&r=g\",\"contentUrl\":\"https:\\\/\\\/secure.gravatar.com\\\/avatar\\\/c052a2551a06e23fac63626232eaa90abd78dbcf1700fc46a2b2c89fd27b735f?s=96&d=mm&r=g\",\"caption\":\"Redacci\u00f3n A Nova Peneira\"},\"sameAs\":[\"http:\\\/\\\/www.anovapeneira.gal\\\/\"],\"url\":\"https:\\\/\\\/www.anovapeneira.gal\\\/index.php\\\/author\\\/redactor\\\/\"}]}<\/script>\n<!-- \/ Yoast SEO plugin. -->","yoast_head_json":{"title":"Os monicreques de Redondela , XXIII anos de \u00e9xitos -","description":"Un ano m\u00e1is, e xa estamos a piques de chegarmos ao primeiro cuarto de s\u00e9culo, chegan \u00e1s r\u00faas da nosa vila os monicreques do \u201c festival de t\u00edteres de Redondela\u201d","robots":{"index":"index","follow":"follow","max-snippet":"max-snippet:-1","max-image-preview":"max-image-preview:large","max-video-preview":"max-video-preview:-1"},"canonical":"https:\/\/www.anovapeneira.gal\/index.php\/2022\/04\/18\/os-monicreques-de-redondela-xxiii-anos-de-exitos\/","og_locale":"gl_ES","og_type":"article","og_title":"Os monicreques de Redondela , XXIII anos de \u00e9xitos -","og_description":"Un ano m\u00e1is, e xa estamos a piques de chegarmos ao primeiro cuarto de s\u00e9culo, chegan \u00e1s r\u00faas da nosa vila os monicreques do \u201c festival de t\u00edteres de Redondela\u201d","og_url":"https:\/\/www.anovapeneira.gal\/index.php\/2022\/04\/18\/os-monicreques-de-redondela-xxiii-anos-de-exitos\/","article_publisher":"https:\/\/www.facebook.com\/anovapeneira","article_published_time":"2022-04-18T10:00:19+00:00","og_image":[{"width":720,"height":432,"url":"https:\/\/www.anovapeneira.gal\/wp-content\/uploads\/2022\/04\/monicreques_redondela.jpg","type":"image\/jpeg"}],"author":"Redacci\u00f3n A Nova Peneira","twitter_card":"summary_large_image","twitter_creator":"@APeneira","twitter_site":"@APeneira","twitter_misc":{"Escrito por":"Redacci\u00f3n A Nova Peneira","Tempo de lectura":"5 minutos"},"schema":{"@context":"https:\/\/schema.org","@graph":[{"@type":"Article","@id":"https:\/\/www.anovapeneira.gal\/index.php\/2022\/04\/18\/os-monicreques-de-redondela-xxiii-anos-de-exitos\/#article","isPartOf":{"@id":"https:\/\/www.anovapeneira.gal\/index.php\/2022\/04\/18\/os-monicreques-de-redondela-xxiii-anos-de-exitos\/"},"author":{"name":"Redacci\u00f3n A Nova Peneira","@id":"https:\/\/www.anovapeneira.gal\/#\/schema\/person\/b93e3f8932e3f8da96334607eb6ac6aa"},"headline":"Os monicreques de Redondela , XXIII anos de \u00e9xitos","datePublished":"2022-04-18T10:00:19+00:00","mainEntityOfPage":{"@id":"https:\/\/www.anovapeneira.gal\/index.php\/2022\/04\/18\/os-monicreques-de-redondela-xxiii-anos-de-exitos\/"},"wordCount":901,"commentCount":0,"publisher":{"@id":"https:\/\/www.anovapeneira.gal\/#organization"},"image":{"@id":"https:\/\/www.anovapeneira.gal\/index.php\/2022\/04\/18\/os-monicreques-de-redondela-xxiii-anos-de-exitos\/#primaryimage"},"thumbnailUrl":"https:\/\/www.anovapeneira.gal\/wp-content\/uploads\/2022\/04\/monicreques_redondela.jpg","keywords":["Concello de Redondela"],"articleSection":["Redondela"],"inLanguage":"gl-ES","potentialAction":[{"@type":"CommentAction","name":"Comment","target":["https:\/\/www.anovapeneira.gal\/index.php\/2022\/04\/18\/os-monicreques-de-redondela-xxiii-anos-de-exitos\/#respond"]}]},{"@type":"WebPage","@id":"https:\/\/www.anovapeneira.gal\/index.php\/2022\/04\/18\/os-monicreques-de-redondela-xxiii-anos-de-exitos\/","url":"https:\/\/www.anovapeneira.gal\/index.php\/2022\/04\/18\/os-monicreques-de-redondela-xxiii-anos-de-exitos\/","name":"Os monicreques de Redondela , XXIII anos de \u00e9xitos -","isPartOf":{"@id":"https:\/\/www.anovapeneira.gal\/#website"},"primaryImageOfPage":{"@id":"https:\/\/www.anovapeneira.gal\/index.php\/2022\/04\/18\/os-monicreques-de-redondela-xxiii-anos-de-exitos\/#primaryimage"},"image":{"@id":"https:\/\/www.anovapeneira.gal\/index.php\/2022\/04\/18\/os-monicreques-de-redondela-xxiii-anos-de-exitos\/#primaryimage"},"thumbnailUrl":"https:\/\/www.anovapeneira.gal\/wp-content\/uploads\/2022\/04\/monicreques_redondela.jpg","datePublished":"2022-04-18T10:00:19+00:00","description":"Un ano m\u00e1is, e xa estamos a piques de chegarmos ao primeiro cuarto de s\u00e9culo, chegan \u00e1s r\u00faas da nosa vila os monicreques do \u201c festival de t\u00edteres de Redondela\u201d","breadcrumb":{"@id":"https:\/\/www.anovapeneira.gal\/index.php\/2022\/04\/18\/os-monicreques-de-redondela-xxiii-anos-de-exitos\/#breadcrumb"},"inLanguage":"gl-ES","potentialAction":[{"@type":"ReadAction","target":["https:\/\/www.anovapeneira.gal\/index.php\/2022\/04\/18\/os-monicreques-de-redondela-xxiii-anos-de-exitos\/"]}]},{"@type":"ImageObject","inLanguage":"gl-ES","@id":"https:\/\/www.anovapeneira.gal\/index.php\/2022\/04\/18\/os-monicreques-de-redondela-xxiii-anos-de-exitos\/#primaryimage","url":"https:\/\/www.anovapeneira.gal\/wp-content\/uploads\/2022\/04\/monicreques_redondela.jpg","contentUrl":"https:\/\/www.anovapeneira.gal\/wp-content\/uploads\/2022\/04\/monicreques_redondela.jpg","width":720,"height":432},{"@type":"BreadcrumbList","@id":"https:\/\/www.anovapeneira.gal\/index.php\/2022\/04\/18\/os-monicreques-de-redondela-xxiii-anos-de-exitos\/#breadcrumb","itemListElement":[{"@type":"ListItem","position":1,"name":"Portada","item":"https:\/\/www.anovapeneira.gal\/"},{"@type":"ListItem","position":2,"name":"Os monicreques de Redondela , XXIII anos de \u00e9xitos"}]},{"@type":"WebSite","@id":"https:\/\/www.anovapeneira.gal\/#website","url":"https:\/\/www.anovapeneira.gal\/","name":"","description":"Xornal galego de informaci\u00f3n xeral Publicaci\u00f3n mensual de novas de Galicia e en especial dos Concellos da sur da provincia de Pontevedra.","publisher":{"@id":"https:\/\/www.anovapeneira.gal\/#organization"},"potentialAction":[{"@type":"SearchAction","target":{"@type":"EntryPoint","urlTemplate":"https:\/\/www.anovapeneira.gal\/?s={search_term_string}"},"query-input":{"@type":"PropertyValueSpecification","valueRequired":true,"valueName":"search_term_string"}}],"inLanguage":"gl-ES"},{"@type":"Organization","@id":"https:\/\/www.anovapeneira.gal\/#organization","name":"A Nova Peneira","url":"https:\/\/www.anovapeneira.gal\/","logo":{"@type":"ImageObject","inLanguage":"gl-ES","@id":"https:\/\/www.anovapeneira.gal\/#\/schema\/logo\/image\/","url":"http:\/\/www.anovapeneira.gal\/wp-content\/uploads\/2019\/06\/logo_a_nova_peneira_portal_web.png","contentUrl":"http:\/\/www.anovapeneira.gal\/wp-content\/uploads\/2019\/06\/logo_a_nova_peneira_portal_web.png","width":300,"height":100,"caption":"A Nova Peneira"},"image":{"@id":"https:\/\/www.anovapeneira.gal\/#\/schema\/logo\/image\/"},"sameAs":["https:\/\/www.facebook.com\/anovapeneira","https:\/\/x.com\/APeneira"]},{"@type":"Person","@id":"https:\/\/www.anovapeneira.gal\/#\/schema\/person\/b93e3f8932e3f8da96334607eb6ac6aa","name":"Redacci\u00f3n A Nova Peneira","image":{"@type":"ImageObject","inLanguage":"gl-ES","@id":"https:\/\/secure.gravatar.com\/avatar\/c052a2551a06e23fac63626232eaa90abd78dbcf1700fc46a2b2c89fd27b735f?s=96&d=mm&r=g","url":"https:\/\/secure.gravatar.com\/avatar\/c052a2551a06e23fac63626232eaa90abd78dbcf1700fc46a2b2c89fd27b735f?s=96&d=mm&r=g","contentUrl":"https:\/\/secure.gravatar.com\/avatar\/c052a2551a06e23fac63626232eaa90abd78dbcf1700fc46a2b2c89fd27b735f?s=96&d=mm&r=g","caption":"Redacci\u00f3n A Nova Peneira"},"sameAs":["http:\/\/www.anovapeneira.gal\/"],"url":"https:\/\/www.anovapeneira.gal\/index.php\/author\/redactor\/"}]}},"jetpack_featured_media_url":"https:\/\/www.anovapeneira.gal\/wp-content\/uploads\/2022\/04\/monicreques_redondela.jpg","_links":{"self":[{"href":"https:\/\/www.anovapeneira.gal\/index.php\/wp-json\/wp\/v2\/posts\/7313","targetHints":{"allow":["GET"]}}],"collection":[{"href":"https:\/\/www.anovapeneira.gal\/index.php\/wp-json\/wp\/v2\/posts"}],"about":[{"href":"https:\/\/www.anovapeneira.gal\/index.php\/wp-json\/wp\/v2\/types\/post"}],"author":[{"embeddable":true,"href":"https:\/\/www.anovapeneira.gal\/index.php\/wp-json\/wp\/v2\/users\/3"}],"replies":[{"embeddable":true,"href":"https:\/\/www.anovapeneira.gal\/index.php\/wp-json\/wp\/v2\/comments?post=7313"}],"version-history":[{"count":2,"href":"https:\/\/www.anovapeneira.gal\/index.php\/wp-json\/wp\/v2\/posts\/7313\/revisions"}],"predecessor-version":[{"id":7317,"href":"https:\/\/www.anovapeneira.gal\/index.php\/wp-json\/wp\/v2\/posts\/7313\/revisions\/7317"}],"wp:featuredmedia":[{"embeddable":true,"href":"https:\/\/www.anovapeneira.gal\/index.php\/wp-json\/wp\/v2\/media\/7315"}],"wp:attachment":[{"href":"https:\/\/www.anovapeneira.gal\/index.php\/wp-json\/wp\/v2\/media?parent=7313"}],"wp:term":[{"taxonomy":"category","embeddable":true,"href":"https:\/\/www.anovapeneira.gal\/index.php\/wp-json\/wp\/v2\/categories?post=7313"},{"taxonomy":"post_tag","embeddable":true,"href":"https:\/\/www.anovapeneira.gal\/index.php\/wp-json\/wp\/v2\/tags?post=7313"}],"curies":[{"name":"wp","href":"https:\/\/api.w.org\/{rel}","templated":true}]}}