{"id":7319,"date":"2022-04-19T10:00:24","date_gmt":"2022-04-19T08:00:24","guid":{"rendered":"https:\/\/www.anovapeneira.gal\/?p=7319"},"modified":"2022-04-12T11:26:52","modified_gmt":"2022-04-12T09:26:52","slug":"con-nestor-rego-contra-o-macartismo","status":"publish","type":"post","link":"https:\/\/www.anovapeneira.gal\/index.php\/2022\/04\/19\/con-nestor-rego-contra-o-macartismo\/","title":{"rendered":"Con N\u00e9stor Rego. Contra o macartismo"},"content":{"rendered":"\n<figure class=\"wp-block-image size-full is-resized\"><img loading=\"lazy\" decoding=\"async\" src=\"https:\/\/www.anovapeneira.gal\/wp-content\/uploads\/2019\/05\/tino_lago_director_a_nova_peneira.jpg\" alt=\"Tino Lago director a Nova Peneira\" class=\"wp-image-189\" width=\"95\" height=\"111\"\/><figcaption>Tino Lago director a Nova Peneira<\/figcaption><\/figure>\n\n\n\n<p>Ucra\u00edna est\u00e1 a ser agredida por Rusia. O primeiro \u00e9 o agredido e o segundo \u00e9 o agresor. Condeno con todas as mi\u00f1as forzas esa agresi\u00f3n, exactamente igual que condeno calquera outra. E coa mesma intensidade condeno as b\u00e1rbaras presi\u00f3ns antidemocr\u00e1ticas contra todas aquelas persoas, ou organizaci\u00f3ns pol\u00edticas, que tratan de entender as raz\u00f3ns do outro, e que non acreditan nas visi\u00f3ns puer\u00eds, propias das pel\u00edculas do oeste de cando a mi\u00f1a xeraci\u00f3n gozaba os d\u00edas de vi\u00f1o e rosas da mocidade, que fan duns completamente malos, absolutamente culpables, e dos outros completamente bos, absolutamente inocentes.<\/p>\n\n\n\n<p>A principios deste mes o presidente ucra\u00edno, Vlodimir Zelenski, dirix\u00edase ao parlamento espa\u00f1ol expondo a s\u00faa visi\u00f3n sobre o conflito b\u00e9lico que est\u00e1 a sufrir o seu pa\u00eds, insisto, agredido polo seu veci\u00f1o ruso. Ao rematar a s\u00faa intervenci\u00f3n, que non vou valorar, case todos os deputados e deputadas presentes ovacion\u00e1rono ag\u00e1s uns poucos que non quixeron facelo. Un dos que non o fixo foi N\u00e9stor Rego, deputado do BNG. Case inmediatamente moitos medios de comunicaci\u00f3n e algunhas organizaci\u00f3ns pol\u00edticas, entre elas o PSdeG( que decepci\u00f3n, que decepci\u00f3n m\u00e1is profunda), comezaron unha campa\u00f1a de acoso ao \u201c disidente\u201d que ousou non aplaudir ao presidente ucra\u00edno, sinal\u00e1ndoos como se fosen apestados , como se fosen as bruxas pecadoras acusadas pola inquisici\u00f3n na idade media, como se fosen os infortunados que ,nos EEUU dos anos 50 do pasado s\u00e9culo ,sofreron o peso abafante das gadoupas do macartismo.<\/p>\n\n\n\n<p>Todos aqueles que conscientemente participan neste tipo de campa\u00f1as amosan unha irresponsabilidade manifesta, pois nun contexto b\u00e9lico po\u00f1er a algu\u00e9n na diana, para ga\u00f1ar alg\u00fan punto de audiencia ou para tratar de erosionar electoralmente \u00e1 formaci\u00f3n pol\u00edtica da que forma parte, desborda as fronteiras da cordura e sit\u00faase nos l\u00edmites m\u00e1is extremos do delirio. \u00c9 como se o sinalado carecese de sensibilidade ante o sufrimento alleo fronte aos que sinalan que si a ter\u00edan. \u00c9 como se o sinalado tivese alg\u00fan tipo de responsabilidade ante a horrible guerra que est\u00e1 a sufrir o pobo ucra\u00edno fronte aos que sinalan que ser\u00edan os que tratan de evitala. \u00c9 como se o sinalado estivese en contra da paz e a prol da guerra, fronte aos que sinalan que ser\u00edan unha especie de modernos Hare Krishnas que predican e practican o amor universal.<\/p>\n\n\n\n<p>Pero a que tipo de tolemia nos conducen os ap\u00f3stolos da rusofobia?: a aquela que leva \u00e1 reitora dunha universidade espa\u00f1ola a suxerir aos alumnos rusos que se marchen\u00a1\u00a1. Pero a onde nos quere levar un personaxe sinistro como Borrell?: \u00e1 3\u00ba guerra mundial para defender a unha \u201cdemocracia\u201d que ilegaliza aos partidos pol\u00edticos de esquerda e que humilla( presuntamente) \u00e1s minor\u00edas \u00e9tnicas do seu propio pa\u00eds?. Pero \u00e9 que non aplaudir ao representante dun estado que supostamente \u00e9 responsable de queimar vivos a 50 sindicalistas en Odessa conv\u00e9rteche en peor persoa que quen si aplaude?. Pero onde estaban todos estes que agora practican o pacifismo militante armando aos ucra\u00ednos e sinalando ao disidente, cando os bombardeos de Belgrado?.Cando o estado Iraqu\u00ed foi esnaquizado en que lugar se situaban ?. Cando o pa\u00eds Libio foi arrasado convert\u00e9ndoo nun estado frustrado onde se encontraban?.Cando Siria foi convertida nunha copia do inferno de Dante a quen sinalou os que agora forman a executiva do PSdeG?. E con Palestina onde?, e co S\u00e1hara onde?, e cando o conflito de Timor leste onde?,e co Iemen onde?, e con todos os conflitos que asolan ao mundo onde?, onde? , onde?, unha e mil veces onde?.<\/p>\n\n\n\n<p>O BNG condenou a invasi\u00f3n rusa de Ucra\u00edna e N\u00e9stor Rego est\u00e1 onde estivo sempre: a prol da paz ,da liberdade e da dignidade de todos os pobos do mundo, o ucra\u00edno tam\u00e9n claro que si. E n\u00f3s estamos, como sempre, onde nos manda a \u00fanica \u00e1 que sempre obedecemos; a nosa conciencia: pola paz.<\/p>\n\n\n\n<p>Non \u00e1 guerra, non a todas as guerras. Solidariedade infinita con todas as persoas que a sofren en calquera parte do mundo.<\/p>\n","protected":false},"excerpt":{"rendered":"<div class=\"mh-excerpt\"><p>Ucra\u00edna est\u00e1 a ser agredida por Rusia. O primeiro \u00e9 o agredido e o segundo \u00e9 o agresor. Condeno con todas as mi\u00f1as forzas esa agresi\u00f3n, exactamente igual que condeno calquera outra <a class=\"mh-excerpt-more\" href=\"https:\/\/www.anovapeneira.gal\/index.php\/2022\/04\/19\/con-nestor-rego-contra-o-macartismo\/\" title=\"Con N\u00e9stor Rego. Contra o macartismo\">[&#8230;]<\/a><\/p>\n<\/div>","protected":false},"author":2,"featured_media":584,"comment_status":"open","ping_status":"open","sticky":false,"template":"","format":"standard","meta":{"_exactmetrics_skip_tracking":false,"_exactmetrics_sitenote_active":false,"_exactmetrics_sitenote_note":"","_exactmetrics_sitenote_category":0,"footnotes":""},"categories":[61],"tags":[],"class_list":{"0":"post-7319","1":"post","2":"type-post","3":"status-publish","4":"format-standard","5":"has-post-thumbnail","7":"category-artigo-editorial"},"yoast_head":"<!-- This site is optimized with the Yoast SEO plugin v27.4 - https:\/\/yoast.com\/product\/yoast-seo-wordpress\/ -->\n<title>Con N\u00e9stor Rego. Contra o macartismo -<\/title>\n<meta name=\"description\" content=\"Ucra\u00edna est\u00e1 a ser agredida por Rusia. O primeiro \u00e9 o agredido e o segundo \u00e9 o agresor. Condeno con todas as mi\u00f1as forzas esa agresi\u00f3n, exactamente igual que condeno calquera outra\" \/>\n<meta name=\"robots\" content=\"index, follow, max-snippet:-1, max-image-preview:large, max-video-preview:-1\" \/>\n<link rel=\"canonical\" href=\"https:\/\/www.anovapeneira.gal\/index.php\/2022\/04\/19\/con-nestor-rego-contra-o-macartismo\/\" \/>\n<meta property=\"og:locale\" content=\"gl_ES\" \/>\n<meta property=\"og:type\" content=\"article\" \/>\n<meta property=\"og:title\" content=\"Con N\u00e9stor Rego. Contra o macartismo -\" \/>\n<meta property=\"og:description\" content=\"Ucra\u00edna est\u00e1 a ser agredida por Rusia. O primeiro \u00e9 o agredido e o segundo \u00e9 o agresor. Condeno con todas as mi\u00f1as forzas esa agresi\u00f3n, exactamente igual que condeno calquera outra\" \/>\n<meta property=\"og:url\" content=\"https:\/\/www.anovapeneira.gal\/index.php\/2022\/04\/19\/con-nestor-rego-contra-o-macartismo\/\" \/>\n<meta property=\"article:publisher\" content=\"https:\/\/www.facebook.com\/anovapeneira\" \/>\n<meta property=\"article:published_time\" content=\"2022-04-19T08:00:24+00:00\" \/>\n<meta property=\"og:image\" content=\"https:\/\/www.anovapeneira.gal\/wp-content\/uploads\/2019\/07\/ARTIGO_DE_OPINION_A_NOVA_PENEIRA.jpg\" \/>\n\t<meta property=\"og:image:width\" content=\"720\" \/>\n\t<meta property=\"og:image:height\" content=\"473\" \/>\n\t<meta property=\"og:image:type\" content=\"image\/jpeg\" \/>\n<meta name=\"author\" content=\"Tino Lago\" \/>\n<meta name=\"twitter:card\" content=\"summary_large_image\" \/>\n<meta name=\"twitter:image\" content=\"https:\/\/www.anovapeneira.gal\/wp-content\/uploads\/2019\/07\/ARTIGO_DE_OPINION_A_NOVA_PENEIRA.jpg\" \/>\n<meta name=\"twitter:creator\" content=\"@APeneira\" \/>\n<meta name=\"twitter:site\" content=\"@APeneira\" \/>\n<meta name=\"twitter:label1\" content=\"Escrito por\" \/>\n\t<meta name=\"twitter:data1\" content=\"Tino Lago\" \/>\n\t<meta name=\"twitter:label2\" content=\"Tempo de lectura\" \/>\n\t<meta name=\"twitter:data2\" content=\"4 minutos\" \/>\n<script type=\"application\/ld+json\" class=\"yoast-schema-graph\">{\"@context\":\"https:\\\/\\\/schema.org\",\"@graph\":[{\"@type\":\"Article\",\"@id\":\"https:\\\/\\\/www.anovapeneira.gal\\\/index.php\\\/2022\\\/04\\\/19\\\/con-nestor-rego-contra-o-macartismo\\\/#article\",\"isPartOf\":{\"@id\":\"https:\\\/\\\/www.anovapeneira.gal\\\/index.php\\\/2022\\\/04\\\/19\\\/con-nestor-rego-contra-o-macartismo\\\/\"},\"author\":{\"name\":\"Tino Lago\",\"@id\":\"https:\\\/\\\/www.anovapeneira.gal\\\/#\\\/schema\\\/person\\\/424dfe65e3070fd8a44d22d2c088762a\"},\"headline\":\"Con N\u00e9stor Rego. Contra o macartismo\",\"datePublished\":\"2022-04-19T08:00:24+00:00\",\"mainEntityOfPage\":{\"@id\":\"https:\\\/\\\/www.anovapeneira.gal\\\/index.php\\\/2022\\\/04\\\/19\\\/con-nestor-rego-contra-o-macartismo\\\/\"},\"wordCount\":727,\"commentCount\":0,\"publisher\":{\"@id\":\"https:\\\/\\\/www.anovapeneira.gal\\\/#organization\"},\"image\":{\"@id\":\"https:\\\/\\\/www.anovapeneira.gal\\\/index.php\\\/2022\\\/04\\\/19\\\/con-nestor-rego-contra-o-macartismo\\\/#primaryimage\"},\"thumbnailUrl\":\"https:\\\/\\\/www.anovapeneira.gal\\\/wp-content\\\/uploads\\\/2019\\\/07\\\/ARTIGO_DE_OPINION_A_NOVA_PENEIRA.jpg\",\"articleSection\":[\"Artigo editorial\"],\"inLanguage\":\"gl-ES\",\"potentialAction\":[{\"@type\":\"CommentAction\",\"name\":\"Comment\",\"target\":[\"https:\\\/\\\/www.anovapeneira.gal\\\/index.php\\\/2022\\\/04\\\/19\\\/con-nestor-rego-contra-o-macartismo\\\/#respond\"]}]},{\"@type\":\"WebPage\",\"@id\":\"https:\\\/\\\/www.anovapeneira.gal\\\/index.php\\\/2022\\\/04\\\/19\\\/con-nestor-rego-contra-o-macartismo\\\/\",\"url\":\"https:\\\/\\\/www.anovapeneira.gal\\\/index.php\\\/2022\\\/04\\\/19\\\/con-nestor-rego-contra-o-macartismo\\\/\",\"name\":\"Con N\u00e9stor Rego. Contra o macartismo -\",\"isPartOf\":{\"@id\":\"https:\\\/\\\/www.anovapeneira.gal\\\/#website\"},\"primaryImageOfPage\":{\"@id\":\"https:\\\/\\\/www.anovapeneira.gal\\\/index.php\\\/2022\\\/04\\\/19\\\/con-nestor-rego-contra-o-macartismo\\\/#primaryimage\"},\"image\":{\"@id\":\"https:\\\/\\\/www.anovapeneira.gal\\\/index.php\\\/2022\\\/04\\\/19\\\/con-nestor-rego-contra-o-macartismo\\\/#primaryimage\"},\"thumbnailUrl\":\"https:\\\/\\\/www.anovapeneira.gal\\\/wp-content\\\/uploads\\\/2019\\\/07\\\/ARTIGO_DE_OPINION_A_NOVA_PENEIRA.jpg\",\"datePublished\":\"2022-04-19T08:00:24+00:00\",\"description\":\"Ucra\u00edna est\u00e1 a ser agredida por Rusia. O primeiro \u00e9 o agredido e o segundo \u00e9 o agresor. Condeno con todas as mi\u00f1as forzas esa agresi\u00f3n, exactamente igual que condeno calquera outra\",\"breadcrumb\":{\"@id\":\"https:\\\/\\\/www.anovapeneira.gal\\\/index.php\\\/2022\\\/04\\\/19\\\/con-nestor-rego-contra-o-macartismo\\\/#breadcrumb\"},\"inLanguage\":\"gl-ES\",\"potentialAction\":[{\"@type\":\"ReadAction\",\"target\":[\"https:\\\/\\\/www.anovapeneira.gal\\\/index.php\\\/2022\\\/04\\\/19\\\/con-nestor-rego-contra-o-macartismo\\\/\"]}]},{\"@type\":\"ImageObject\",\"inLanguage\":\"gl-ES\",\"@id\":\"https:\\\/\\\/www.anovapeneira.gal\\\/index.php\\\/2022\\\/04\\\/19\\\/con-nestor-rego-contra-o-macartismo\\\/#primaryimage\",\"url\":\"https:\\\/\\\/www.anovapeneira.gal\\\/wp-content\\\/uploads\\\/2019\\\/07\\\/ARTIGO_DE_OPINION_A_NOVA_PENEIRA.jpg\",\"contentUrl\":\"https:\\\/\\\/www.anovapeneira.gal\\\/wp-content\\\/uploads\\\/2019\\\/07\\\/ARTIGO_DE_OPINION_A_NOVA_PENEIRA.jpg\",\"width\":720,\"height\":473,\"caption\":\"Artigo de opini\u00f3n A Nova Peneira\"},{\"@type\":\"BreadcrumbList\",\"@id\":\"https:\\\/\\\/www.anovapeneira.gal\\\/index.php\\\/2022\\\/04\\\/19\\\/con-nestor-rego-contra-o-macartismo\\\/#breadcrumb\",\"itemListElement\":[{\"@type\":\"ListItem\",\"position\":1,\"name\":\"Portada\",\"item\":\"https:\\\/\\\/www.anovapeneira.gal\\\/\"},{\"@type\":\"ListItem\",\"position\":2,\"name\":\"Con N\u00e9stor Rego. Contra o macartismo\"}]},{\"@type\":\"WebSite\",\"@id\":\"https:\\\/\\\/www.anovapeneira.gal\\\/#website\",\"url\":\"https:\\\/\\\/www.anovapeneira.gal\\\/\",\"name\":\"\",\"description\":\"Xornal galego de informaci\u00f3n xeral Publicaci\u00f3n mensual de novas de Galicia e en especial dos Concellos da sur da provincia de Pontevedra.\",\"publisher\":{\"@id\":\"https:\\\/\\\/www.anovapeneira.gal\\\/#organization\"},\"potentialAction\":[{\"@type\":\"SearchAction\",\"target\":{\"@type\":\"EntryPoint\",\"urlTemplate\":\"https:\\\/\\\/www.anovapeneira.gal\\\/?s={search_term_string}\"},\"query-input\":{\"@type\":\"PropertyValueSpecification\",\"valueRequired\":true,\"valueName\":\"search_term_string\"}}],\"inLanguage\":\"gl-ES\"},{\"@type\":\"Organization\",\"@id\":\"https:\\\/\\\/www.anovapeneira.gal\\\/#organization\",\"name\":\"A Nova Peneira\",\"url\":\"https:\\\/\\\/www.anovapeneira.gal\\\/\",\"logo\":{\"@type\":\"ImageObject\",\"inLanguage\":\"gl-ES\",\"@id\":\"https:\\\/\\\/www.anovapeneira.gal\\\/#\\\/schema\\\/logo\\\/image\\\/\",\"url\":\"http:\\\/\\\/www.anovapeneira.gal\\\/wp-content\\\/uploads\\\/2019\\\/06\\\/logo_a_nova_peneira_portal_web.png\",\"contentUrl\":\"http:\\\/\\\/www.anovapeneira.gal\\\/wp-content\\\/uploads\\\/2019\\\/06\\\/logo_a_nova_peneira_portal_web.png\",\"width\":300,\"height\":100,\"caption\":\"A Nova Peneira\"},\"image\":{\"@id\":\"https:\\\/\\\/www.anovapeneira.gal\\\/#\\\/schema\\\/logo\\\/image\\\/\"},\"sameAs\":[\"https:\\\/\\\/www.facebook.com\\\/anovapeneira\",\"https:\\\/\\\/x.com\\\/APeneira\"]},{\"@type\":\"Person\",\"@id\":\"https:\\\/\\\/www.anovapeneira.gal\\\/#\\\/schema\\\/person\\\/424dfe65e3070fd8a44d22d2c088762a\",\"name\":\"Tino Lago\",\"image\":{\"@type\":\"ImageObject\",\"inLanguage\":\"gl-ES\",\"@id\":\"https:\\\/\\\/secure.gravatar.com\\\/avatar\\\/b3df6a06e44bab3111583b90f0f33a0379ee5e3d22cbadd232d39f21c30c62be?s=96&d=mm&r=g\",\"url\":\"https:\\\/\\\/secure.gravatar.com\\\/avatar\\\/b3df6a06e44bab3111583b90f0f33a0379ee5e3d22cbadd232d39f21c30c62be?s=96&d=mm&r=g\",\"contentUrl\":\"https:\\\/\\\/secure.gravatar.com\\\/avatar\\\/b3df6a06e44bab3111583b90f0f33a0379ee5e3d22cbadd232d39f21c30c62be?s=96&d=mm&r=g\",\"caption\":\"Tino Lago\"},\"sameAs\":[\"http:\\\/\\\/www.anovapeneira.gal\"],\"url\":\"https:\\\/\\\/www.anovapeneira.gal\\\/index.php\\\/author\\\/director\\\/\"}]}<\/script>\n<!-- \/ Yoast SEO plugin. -->","yoast_head_json":{"title":"Con N\u00e9stor Rego. Contra o macartismo -","description":"Ucra\u00edna est\u00e1 a ser agredida por Rusia. O primeiro \u00e9 o agredido e o segundo \u00e9 o agresor. Condeno con todas as mi\u00f1as forzas esa agresi\u00f3n, exactamente igual que condeno calquera outra","robots":{"index":"index","follow":"follow","max-snippet":"max-snippet:-1","max-image-preview":"max-image-preview:large","max-video-preview":"max-video-preview:-1"},"canonical":"https:\/\/www.anovapeneira.gal\/index.php\/2022\/04\/19\/con-nestor-rego-contra-o-macartismo\/","og_locale":"gl_ES","og_type":"article","og_title":"Con N\u00e9stor Rego. Contra o macartismo -","og_description":"Ucra\u00edna est\u00e1 a ser agredida por Rusia. O primeiro \u00e9 o agredido e o segundo \u00e9 o agresor. Condeno con todas as mi\u00f1as forzas esa agresi\u00f3n, exactamente igual que condeno calquera outra","og_url":"https:\/\/www.anovapeneira.gal\/index.php\/2022\/04\/19\/con-nestor-rego-contra-o-macartismo\/","article_publisher":"https:\/\/www.facebook.com\/anovapeneira","article_published_time":"2022-04-19T08:00:24+00:00","og_image":[{"width":720,"height":473,"url":"https:\/\/www.anovapeneira.gal\/wp-content\/uploads\/2019\/07\/ARTIGO_DE_OPINION_A_NOVA_PENEIRA.jpg","type":"image\/jpeg"}],"author":"Tino Lago","twitter_card":"summary_large_image","twitter_image":"https:\/\/www.anovapeneira.gal\/wp-content\/uploads\/2019\/07\/ARTIGO_DE_OPINION_A_NOVA_PENEIRA.jpg","twitter_creator":"@APeneira","twitter_site":"@APeneira","twitter_misc":{"Escrito por":"Tino Lago","Tempo de lectura":"4 minutos"},"schema":{"@context":"https:\/\/schema.org","@graph":[{"@type":"Article","@id":"https:\/\/www.anovapeneira.gal\/index.php\/2022\/04\/19\/con-nestor-rego-contra-o-macartismo\/#article","isPartOf":{"@id":"https:\/\/www.anovapeneira.gal\/index.php\/2022\/04\/19\/con-nestor-rego-contra-o-macartismo\/"},"author":{"name":"Tino Lago","@id":"https:\/\/www.anovapeneira.gal\/#\/schema\/person\/424dfe65e3070fd8a44d22d2c088762a"},"headline":"Con N\u00e9stor Rego. Contra o macartismo","datePublished":"2022-04-19T08:00:24+00:00","mainEntityOfPage":{"@id":"https:\/\/www.anovapeneira.gal\/index.php\/2022\/04\/19\/con-nestor-rego-contra-o-macartismo\/"},"wordCount":727,"commentCount":0,"publisher":{"@id":"https:\/\/www.anovapeneira.gal\/#organization"},"image":{"@id":"https:\/\/www.anovapeneira.gal\/index.php\/2022\/04\/19\/con-nestor-rego-contra-o-macartismo\/#primaryimage"},"thumbnailUrl":"https:\/\/www.anovapeneira.gal\/wp-content\/uploads\/2019\/07\/ARTIGO_DE_OPINION_A_NOVA_PENEIRA.jpg","articleSection":["Artigo editorial"],"inLanguage":"gl-ES","potentialAction":[{"@type":"CommentAction","name":"Comment","target":["https:\/\/www.anovapeneira.gal\/index.php\/2022\/04\/19\/con-nestor-rego-contra-o-macartismo\/#respond"]}]},{"@type":"WebPage","@id":"https:\/\/www.anovapeneira.gal\/index.php\/2022\/04\/19\/con-nestor-rego-contra-o-macartismo\/","url":"https:\/\/www.anovapeneira.gal\/index.php\/2022\/04\/19\/con-nestor-rego-contra-o-macartismo\/","name":"Con N\u00e9stor Rego. Contra o macartismo -","isPartOf":{"@id":"https:\/\/www.anovapeneira.gal\/#website"},"primaryImageOfPage":{"@id":"https:\/\/www.anovapeneira.gal\/index.php\/2022\/04\/19\/con-nestor-rego-contra-o-macartismo\/#primaryimage"},"image":{"@id":"https:\/\/www.anovapeneira.gal\/index.php\/2022\/04\/19\/con-nestor-rego-contra-o-macartismo\/#primaryimage"},"thumbnailUrl":"https:\/\/www.anovapeneira.gal\/wp-content\/uploads\/2019\/07\/ARTIGO_DE_OPINION_A_NOVA_PENEIRA.jpg","datePublished":"2022-04-19T08:00:24+00:00","description":"Ucra\u00edna est\u00e1 a ser agredida por Rusia. O primeiro \u00e9 o agredido e o segundo \u00e9 o agresor. Condeno con todas as mi\u00f1as forzas esa agresi\u00f3n, exactamente igual que condeno calquera outra","breadcrumb":{"@id":"https:\/\/www.anovapeneira.gal\/index.php\/2022\/04\/19\/con-nestor-rego-contra-o-macartismo\/#breadcrumb"},"inLanguage":"gl-ES","potentialAction":[{"@type":"ReadAction","target":["https:\/\/www.anovapeneira.gal\/index.php\/2022\/04\/19\/con-nestor-rego-contra-o-macartismo\/"]}]},{"@type":"ImageObject","inLanguage":"gl-ES","@id":"https:\/\/www.anovapeneira.gal\/index.php\/2022\/04\/19\/con-nestor-rego-contra-o-macartismo\/#primaryimage","url":"https:\/\/www.anovapeneira.gal\/wp-content\/uploads\/2019\/07\/ARTIGO_DE_OPINION_A_NOVA_PENEIRA.jpg","contentUrl":"https:\/\/www.anovapeneira.gal\/wp-content\/uploads\/2019\/07\/ARTIGO_DE_OPINION_A_NOVA_PENEIRA.jpg","width":720,"height":473,"caption":"Artigo de opini\u00f3n A Nova Peneira"},{"@type":"BreadcrumbList","@id":"https:\/\/www.anovapeneira.gal\/index.php\/2022\/04\/19\/con-nestor-rego-contra-o-macartismo\/#breadcrumb","itemListElement":[{"@type":"ListItem","position":1,"name":"Portada","item":"https:\/\/www.anovapeneira.gal\/"},{"@type":"ListItem","position":2,"name":"Con N\u00e9stor Rego. Contra o macartismo"}]},{"@type":"WebSite","@id":"https:\/\/www.anovapeneira.gal\/#website","url":"https:\/\/www.anovapeneira.gal\/","name":"","description":"Xornal galego de informaci\u00f3n xeral Publicaci\u00f3n mensual de novas de Galicia e en especial dos Concellos da sur da provincia de Pontevedra.","publisher":{"@id":"https:\/\/www.anovapeneira.gal\/#organization"},"potentialAction":[{"@type":"SearchAction","target":{"@type":"EntryPoint","urlTemplate":"https:\/\/www.anovapeneira.gal\/?s={search_term_string}"},"query-input":{"@type":"PropertyValueSpecification","valueRequired":true,"valueName":"search_term_string"}}],"inLanguage":"gl-ES"},{"@type":"Organization","@id":"https:\/\/www.anovapeneira.gal\/#organization","name":"A Nova Peneira","url":"https:\/\/www.anovapeneira.gal\/","logo":{"@type":"ImageObject","inLanguage":"gl-ES","@id":"https:\/\/www.anovapeneira.gal\/#\/schema\/logo\/image\/","url":"http:\/\/www.anovapeneira.gal\/wp-content\/uploads\/2019\/06\/logo_a_nova_peneira_portal_web.png","contentUrl":"http:\/\/www.anovapeneira.gal\/wp-content\/uploads\/2019\/06\/logo_a_nova_peneira_portal_web.png","width":300,"height":100,"caption":"A Nova Peneira"},"image":{"@id":"https:\/\/www.anovapeneira.gal\/#\/schema\/logo\/image\/"},"sameAs":["https:\/\/www.facebook.com\/anovapeneira","https:\/\/x.com\/APeneira"]},{"@type":"Person","@id":"https:\/\/www.anovapeneira.gal\/#\/schema\/person\/424dfe65e3070fd8a44d22d2c088762a","name":"Tino Lago","image":{"@type":"ImageObject","inLanguage":"gl-ES","@id":"https:\/\/secure.gravatar.com\/avatar\/b3df6a06e44bab3111583b90f0f33a0379ee5e3d22cbadd232d39f21c30c62be?s=96&d=mm&r=g","url":"https:\/\/secure.gravatar.com\/avatar\/b3df6a06e44bab3111583b90f0f33a0379ee5e3d22cbadd232d39f21c30c62be?s=96&d=mm&r=g","contentUrl":"https:\/\/secure.gravatar.com\/avatar\/b3df6a06e44bab3111583b90f0f33a0379ee5e3d22cbadd232d39f21c30c62be?s=96&d=mm&r=g","caption":"Tino Lago"},"sameAs":["http:\/\/www.anovapeneira.gal"],"url":"https:\/\/www.anovapeneira.gal\/index.php\/author\/director\/"}]}},"jetpack_featured_media_url":"https:\/\/www.anovapeneira.gal\/wp-content\/uploads\/2019\/07\/ARTIGO_DE_OPINION_A_NOVA_PENEIRA.jpg","_links":{"self":[{"href":"https:\/\/www.anovapeneira.gal\/index.php\/wp-json\/wp\/v2\/posts\/7319","targetHints":{"allow":["GET"]}}],"collection":[{"href":"https:\/\/www.anovapeneira.gal\/index.php\/wp-json\/wp\/v2\/posts"}],"about":[{"href":"https:\/\/www.anovapeneira.gal\/index.php\/wp-json\/wp\/v2\/types\/post"}],"author":[{"embeddable":true,"href":"https:\/\/www.anovapeneira.gal\/index.php\/wp-json\/wp\/v2\/users\/2"}],"replies":[{"embeddable":true,"href":"https:\/\/www.anovapeneira.gal\/index.php\/wp-json\/wp\/v2\/comments?post=7319"}],"version-history":[{"count":1,"href":"https:\/\/www.anovapeneira.gal\/index.php\/wp-json\/wp\/v2\/posts\/7319\/revisions"}],"predecessor-version":[{"id":7320,"href":"https:\/\/www.anovapeneira.gal\/index.php\/wp-json\/wp\/v2\/posts\/7319\/revisions\/7320"}],"wp:featuredmedia":[{"embeddable":true,"href":"https:\/\/www.anovapeneira.gal\/index.php\/wp-json\/wp\/v2\/media\/584"}],"wp:attachment":[{"href":"https:\/\/www.anovapeneira.gal\/index.php\/wp-json\/wp\/v2\/media?parent=7319"}],"wp:term":[{"taxonomy":"category","embeddable":true,"href":"https:\/\/www.anovapeneira.gal\/index.php\/wp-json\/wp\/v2\/categories?post=7319"},{"taxonomy":"post_tag","embeddable":true,"href":"https:\/\/www.anovapeneira.gal\/index.php\/wp-json\/wp\/v2\/tags?post=7319"}],"curies":[{"name":"wp","href":"https:\/\/api.w.org\/{rel}","templated":true}]}}