{"id":7321,"date":"2022-04-20T10:00:09","date_gmt":"2022-04-20T08:00:09","guid":{"rendered":"https:\/\/www.anovapeneira.gal\/?p=7321"},"modified":"2022-04-21T09:25:38","modified_gmt":"2022-04-21T07:25:38","slug":"florencio-delgado-letras-galegas-2022","status":"publish","type":"post","link":"https:\/\/www.anovapeneira.gal\/index.php\/2022\/04\/20\/florencio-delgado-letras-galegas-2022\/","title":{"rendered":"Florencio Delgado letras galegas 2022"},"content":{"rendered":"\n<pre class=\"wp-block-verse\"><strong>G. Figueiredo<\/strong>\n\nO D\u00eda das Letras Galegas \u00e9 unha celebraci\u00f3n para aclamar a persoas que destacaron pola achega literaria ao noso idioma. Desde 1963, cada 17 de maio a Real Academia Galega dedica esta celebraci\u00f3n a unha personalidade diferente.\nEscolleuse esta data para homenaxear \u00e1 publicaci\u00f3n do primeiro exemplar da grand\u00edsima obra da nosa poeta nacional Rosal\u00eda de Castro, Cantares Gallegos, en 1863. Data que marca o inicio do \u201c Rexurdimento\u201d, o renacemento cultural galego.\nEste ano, a Real Academia Galega acordou dedicarlle o \u201cD\u00eda das Letras Galegas 2022\u201d a Florencio Delgado, tendo en conta catro aspectos fundamentais para elo: a s\u00faa obra po\u00e9tica, catro libros con diferentes rexistros; a s\u00faa defensa e militancia a prol dos valores democr\u00e1ticos nun tempo adverso que el mantivo acesos mesmo nas angosturas do desterro; as terras de Valdeorras, coa s\u00faa cultura, tradici\u00f3ns, patrimonio hist\u00f3rico (material e inmaterial) e lingua; o entusiasmo, a colaboraci\u00f3n, a demanda expl\u00edcita que as instituci\u00f3ns e as xentes dos concellos e as asociaci\u00f3ns de Valdeorras lle transmitiron \u00e1 Academia para que o ano 2022 fose o ano Florencio Delgado.\nFlorencio Manuel Delgado Gurriar\u00e1n, naceu en C\u00f3rgomo, Vilamart\u00edn de Valdeorras, o 27 de agosto  de 1903. Foi avogado, escritor e poeta galego. \nFlorencio estudou na aldea, en escolas particulares. Aos seis anos marchou coa familia a Palencia onde estudou cos Maristas. Rematou o bacharelato en Valladolid e licenciouse en Dereito nesa universidade con 20 anos. Al\u00e1 espertou cara ao \u00abprotonacionalismo\u00bb ao ler o xornal \u201cA Nosa Terra\u201d, voceiro das Irmandades da Fala. Anteriormente lera a Rosal\u00eda, Curros e Cabanillas na biblioteca familiar de C\u00f3rgomo, onde tan s\u00f3 acud\u00eda os ver\u00e1ns. Estas lecturas espertaran a s\u00faa vocaci\u00f3n po\u00e9tica. \nDe volta en C\u00f3rgomo, 1928, exerceu como avogado no Barco de Valdeorras mentres preparaba oposici\u00f3ns a Rexistros, que non aprobou. Tam\u00e9n participaba nas estruturas asociativas de C\u00f3rgomo: organizaba festas, promov\u00eda actividades culturais...; e levaba preitos dos veci\u00f1os, pois traballaba de pasante nun bufete do Barco. \nCando botou a andar a Irmandade Galeguista Valdeorresa foi o representante de C\u00f3rgomo. En 1930 tam\u00e9n comezar\u00eda a celebrarse en Valdeorras a \u201cDiada de Galiza\u201d, como festexo nacionalista, e editaron un manifesto en defensa da lingua. Enviou unha nota de adhesi\u00f3n \u00e1 Asemblea Galeguista de Pontevedra, na que xurdir\u00eda o Partido Galeguista. Naquel final de 1931, xa ti\u00f1a escrito poemas de ton socioling\u00fc\u00edstico e pol\u00edtico, e alg\u00fan traballo en prosa sobre pol\u00edtica caciquil e centralista, e avogando por \u201cunha Confederaci\u00f3n Ib\u00e9rica dentro da Confederaci\u00f3n Europea\u201d. Comezou a colaborar con artigos e poemas no xornal \u201cHeraldo Orensano\u201dco pseud\u00f3nimo de \"Corgom\u00f3filo\", e tam\u00e9n en\u201cHeraldo de Galicia\u201de\u201cA Nosa Terra\u201d.  Despois dun ano en Madrid para preparar as nunca consumadas oposici\u00f3ns, retornou a Valdeorras e afiliouse ao Partido Galeguista. En xaneiro de 1934 asistiu en Ourense \u00e1 III Asemblea anual do partido en representaci\u00f3n do grupo de C\u00f3rgomo-Portela, onde co\u00f1eceu a Castelao. Tam\u00e9n se achegou ao Seminario de Estudos Galegos, do que foi socio protector.\nNese mesmo ano accedeu \u00e1 executiva do Partido Galeguista como Secretario de Propaganda. Tras estalar a Guerra Civil, logrou escapar da represi\u00f3n iniciada na comarca de Valdeorras polos sublevados en xullo de 1936, ata alcanzar O Porto, en Portugal, desde onde puido trasladarse a Bordeus, Francia, para chegar \u00e1 Barcelona republicana en xaneiro de 1938.\nColabora en \u201cNueva Galicia\u201d con poemas de combate, baixo o pseud\u00f3nimo Nadel, que en alem\u00e1n significa \u201cagulla\u201d. En ocasi\u00f3ns foi \u00e1 fronte do Ebro, mais deseguida cambiaron os cometidos. Viaxou a Francia nos comezos de 1939 en misi\u00f3n oficial, con pasaporte republicano, visado polo goberno franc\u00e9s, o que lle permitiu mobilidade para preparar a evacuaci\u00f3n ante a inminente derrota do Ex\u00e9rcito republicano. Al\u00e1, entre Par\u00eds e a franxa sur, con Valenzuela,Pla e Ramiro Isla, sacaron galegos dos campos de concentraci\u00f3n do sur de Francia. Finalmente, entre outras axudas, as SHC (Sociedades Hispanas Confederadas) financiaron o \u201cIpanema\u201d, barco onde moitos galegos puideron recalar en Veracruz o d\u00eda de San Ferm\u00edn, con Florencio Delgado entre os mil pasaxeiros. Viaxaban con el, entre outros, Roxelio Rodr\u00edguez de Breta\u00f1a, Andr\u00e9s Val\u00edn Salvador, Carlos Tom\u00e9 Alonso, Joh\u00e1n L\u00f3pez Dur\u00e1, Seraf\u00edn Ferro ou Elixio Rodr\u00edguez. \nFoi no exilio en M\u00e9xico, onde se estableceu definitivamente. Al\u00ed casou en 1944 con Celia Teijeiro, filla de emigrantes galegos, e tiveron cinco fillos.\nFoi un dos creadores da revista Vieiros, con Lu\u00eds Soto e Carlos Velo. Tam\u00e9n fundou o Padroado da cultura galega de M\u00e9xico, a Irmandade Galeguista, a asociaci\u00f3n A nosa xente, o Ateneo de Galicia e a audici\u00f3n radiof\u00f3nica \u201cHora de Galicia\u201d, que estivo en antena todos os domingos durante case d\u00faas d\u00e9cadas. Colaborou nas publicaci\u00f3ns Saudade, Verba galega das Am\u00e9ricas, Galicia, Heraldo de Galicia, Nova Galicia e Opini\u00f3n Gallega. Con Xo\u00e1n L\u00f3pez Dur\u00e1, negociou, redactou e asinou o pacto Galeuzca de 1944, en nome do Partido Galeguista, pouco antes de po\u00f1erse a tr\u00e1mite o Estatuto de Galicia nas Cortes espa\u00f1olas celebradas na Praza do Z\u00f3colo de M\u00e9xico DF, en 1945. Recibiu a medalla Eduardo Pondal en 1975 da asociaci\u00f3n A Nosa Xente de M\u00e9xico.\nDurante a \u00e9poca de Vieiros, mantivo especial relaci\u00f3n coa intelectualidade do exilio interior, como Francisco Fern\u00e1ndez del Riego e Valent\u00edn Paz-Andrade, e co Grupo Brais Pinto. Tam\u00e9n se relacionou con Rodolfo Prada e outros galeguistas de Arxentina.\nPara estes escritos de prensa ou revistas, utilizou varios pseud\u00f3nimos: \u201cKorgom\u00f3filo, Nadel, Porto do R\u00edo, Xan do Sil, Sil e R. Mi\u00f1o\u201d.\nA s\u00faa obra:\n\u201cBebedeira\u201d, poemario editado pola Editorial N\u00f3s en 1934.\n\u201cGalicia infinda\u201d:  Publicada na Colecci\u00f3n Saln\u00e9s da Editorial Galaxia en 1963, esta obra reuniu boa parte da s\u00faa poes\u00eda de posguerra. Est\u00e1 composta por cinco apartados: Cantarenas,Valdeorras,Casti\u00f1eiros,Varia e Poemas mexicanos.\n\u201cCantarenas\u201d. Poemas 1934-1980. Publicado por Edici\u00f3s do Castro en 1981 e con limiar de Xos\u00e9 Gayoso D\u00edaz, recolle os poemas de Bebedeira e engade outros novos: Valdeorresas e Dionisias.\n\u201cO so\u00f1o do guieiro\u201d:  Publicado na \u201cColecci\u00f3n Op\u00fasculos de poes\u00eda\u201d de Edici\u00f3s do Castro en 1986 e subtitulado\u201cXeiras dun galeguista\u201d, est\u00e1 dedicado a Castelao.\nTam\u00e9n foi responsable intelectual e principal colaborador da obra\u201cCancioneiro da loita galega de 1943\u201d, a primeira publicaci\u00f3n do Partido Galeguista en M\u00e9xico. A s\u00faa contribuci\u00f3n nesta edici\u00f3n de \u201cpoes\u00eda de combate\u201d \u00e9 variada e significativa, con poemas dedicados ao seu amigo Alexandre B\u00f3veda. Aqu\u00ed asina os poemas baixo o pseud\u00f3nimo Nadel. \nO volume colectivo\u201cPresencia de Galicia en M\u00e9xico\u201d, Padroado da Cultura Galega, 1956 tam\u00e9n estivo organizado por Florencio. Nel, amais, participaron intelectuais non galegos como o historiador catal\u00e1n Pere Bosch i Gimpera. \nColaborou tam\u00e9n con Pl\u00e1cido Castro e Lois Tob\u00edo Fern\u00e1ndez no volume\u201cPoes\u00eda inglesa e francesa vertida ao galego\u201d en 1949, premiado nun concurso de traduci\u00f3ns de poemas ingleses e franceses ao galego da Federaci\u00f3n das Sociedades Galegas da Arxentina. Delgado Gurriar\u00e1n tam\u00e9n verteu ao galego a Arthur Rimbaud, St\u00e9phane Mallarm\u00e9 ou Paul Val\u00e9ry.\nDespois de trinta anos no exilio volveu a Galicia para ver aos seus familiares no ano 1968  e m\u00e1is tarde, no ano 1976 volveu de novo para contemplar como era o escenario posfranquista e albiscar as posibilidades de revitalizar o vello Partido Galeguista. A s\u00faa \u00faltima visita foi en 1981,quixo vir e contemplar a publicaci\u00f3n compilada dos seus poemas de loita e combate e, marchou para non volver, cunha doenza card\u00edaca. Nese ano foi reco\u00f1ecido como membro correspondente da Real Academia Galega.\nFinalmente finou en Fair Oaks, o 14 de maio de 1987, cando se atopaba na casa dun dos seus fillos en California. As s\u00faas cinzas foron trasladadas a C\u00f3rgomo o 12 de xullo dese ano. \nO seu parente Ricardo Gurriar\u00e1n escribiu trala s\u00faa morte:<\/pre>\n\n\n\n<blockquote class=\"wp-block-quote is-layout-flow wp-block-quote-is-layout-flow\"><p>\u201c<em>Este poeta moderno, bail\u00f3n, musiqueiro, cantador de tangos, fados, milongas, rancheiras, repeniqueador, namoreiro&#8230; e sobre todo sensible e agradecido, sendo republicano, mat\u00e1rono as coronarias. Naquela primavera que se foi, levou no peto un itinerario vital de compromiso coa terra, pre\u00f1ado de \u00e9tica e dignidade persoal<\/em>\u201d.<\/p><\/blockquote>\n","protected":false},"excerpt":{"rendered":"<div class=\"mh-excerpt\"><p>literaria ao noso idioma. Desde 1963, cada 17 de maio a Real Academia Galega dedica esta celebraci\u00f3n a unha personalidade diferente <a class=\"mh-excerpt-more\" href=\"https:\/\/www.anovapeneira.gal\/index.php\/2022\/04\/20\/florencio-delgado-letras-galegas-2022\/\" title=\"Florencio Delgado letras galegas 2022\">[&#8230;]<\/a><\/p>\n<\/div>","protected":false},"author":17,"featured_media":7322,"comment_status":"open","ping_status":"open","sticky":false,"template":"","format":"standard","meta":{"_exactmetrics_skip_tracking":false,"_exactmetrics_sitenote_active":false,"_exactmetrics_sitenote_note":"","_exactmetrics_sitenote_category":0,"footnotes":""},"categories":[263],"tags":[],"class_list":{"0":"post-7321","1":"post","2":"type-post","3":"status-publish","4":"format-standard","5":"has-post-thumbnail","7":"category-novas"},"yoast_head":"<!-- This site is optimized with the Yoast SEO plugin v27.4 - https:\/\/yoast.com\/product\/yoast-seo-wordpress\/ -->\n<title>Florencio Delgado letras galegas 2022 -<\/title>\n<meta name=\"description\" content=\"O D\u00eda das Letras Galegas \u00e9 unha celebraci\u00f3n para aclamar a persoas que destacaron pola achega literaria ao noso idioma. Desde 1963, cada 17 de maio a Real Academia Galega dedica esta celebraci\u00f3n a unha personalidade diferente\" \/>\n<meta name=\"robots\" content=\"index, follow, max-snippet:-1, max-image-preview:large, max-video-preview:-1\" \/>\n<link rel=\"canonical\" href=\"https:\/\/www.anovapeneira.gal\/index.php\/2022\/04\/20\/florencio-delgado-letras-galegas-2022\/\" \/>\n<meta property=\"og:locale\" content=\"gl_ES\" \/>\n<meta property=\"og:type\" content=\"article\" \/>\n<meta property=\"og:title\" content=\"Florencio Delgado letras galegas 2022 -\" \/>\n<meta property=\"og:description\" content=\"O D\u00eda das Letras Galegas \u00e9 unha celebraci\u00f3n para aclamar a persoas que destacaron pola achega literaria ao noso idioma. Desde 1963, cada 17 de maio a Real Academia Galega dedica esta celebraci\u00f3n a unha personalidade diferente\" \/>\n<meta property=\"og:url\" content=\"https:\/\/www.anovapeneira.gal\/index.php\/2022\/04\/20\/florencio-delgado-letras-galegas-2022\/\" \/>\n<meta property=\"article:publisher\" content=\"https:\/\/www.facebook.com\/anovapeneira\" \/>\n<meta property=\"article:published_time\" content=\"2022-04-20T08:00:09+00:00\" \/>\n<meta property=\"article:modified_time\" content=\"2022-04-21T07:25:38+00:00\" \/>\n<meta property=\"og:image\" content=\"https:\/\/www.anovapeneira.gal\/wp-content\/uploads\/2022\/04\/Mural_corgomo_florencio.jpg\" \/>\n\t<meta property=\"og:image:width\" content=\"720\" \/>\n\t<meta property=\"og:image:height\" content=\"432\" \/>\n\t<meta property=\"og:image:type\" content=\"image\/jpeg\" \/>\n<meta name=\"author\" content=\"G. Figueiredo\" \/>\n<meta name=\"twitter:card\" content=\"summary_large_image\" \/>\n<meta name=\"twitter:creator\" content=\"@APeneira\" \/>\n<meta name=\"twitter:site\" content=\"@APeneira\" \/>\n<meta name=\"twitter:label1\" content=\"Escrito por\" \/>\n\t<meta name=\"twitter:data1\" content=\"G. Figueiredo\" \/>\n\t<meta name=\"twitter:label2\" content=\"Tempo de lectura\" \/>\n\t<meta name=\"twitter:data2\" content=\"8 minutos\" \/>\n<script type=\"application\/ld+json\" class=\"yoast-schema-graph\">{\"@context\":\"https:\\\/\\\/schema.org\",\"@graph\":[{\"@type\":\"Article\",\"@id\":\"https:\\\/\\\/www.anovapeneira.gal\\\/index.php\\\/2022\\\/04\\\/20\\\/florencio-delgado-letras-galegas-2022\\\/#article\",\"isPartOf\":{\"@id\":\"https:\\\/\\\/www.anovapeneira.gal\\\/index.php\\\/2022\\\/04\\\/20\\\/florencio-delgado-letras-galegas-2022\\\/\"},\"author\":{\"name\":\"G. Figueiredo\",\"@id\":\"https:\\\/\\\/www.anovapeneira.gal\\\/#\\\/schema\\\/person\\\/42f904d7cac80cf3f5a31494dd82a9b6\"},\"headline\":\"Florencio Delgado letras galegas 2022\",\"datePublished\":\"2022-04-20T08:00:09+00:00\",\"dateModified\":\"2022-04-21T07:25:38+00:00\",\"mainEntityOfPage\":{\"@id\":\"https:\\\/\\\/www.anovapeneira.gal\\\/index.php\\\/2022\\\/04\\\/20\\\/florencio-delgado-letras-galegas-2022\\\/\"},\"wordCount\":52,\"commentCount\":0,\"publisher\":{\"@id\":\"https:\\\/\\\/www.anovapeneira.gal\\\/#organization\"},\"image\":{\"@id\":\"https:\\\/\\\/www.anovapeneira.gal\\\/index.php\\\/2022\\\/04\\\/20\\\/florencio-delgado-letras-galegas-2022\\\/#primaryimage\"},\"thumbnailUrl\":\"https:\\\/\\\/www.anovapeneira.gal\\\/wp-content\\\/uploads\\\/2022\\\/04\\\/Mural_corgomo_florencio.jpg\",\"articleSection\":[\"Novas\"],\"inLanguage\":\"gl-ES\",\"potentialAction\":[{\"@type\":\"CommentAction\",\"name\":\"Comment\",\"target\":[\"https:\\\/\\\/www.anovapeneira.gal\\\/index.php\\\/2022\\\/04\\\/20\\\/florencio-delgado-letras-galegas-2022\\\/#respond\"]}]},{\"@type\":\"WebPage\",\"@id\":\"https:\\\/\\\/www.anovapeneira.gal\\\/index.php\\\/2022\\\/04\\\/20\\\/florencio-delgado-letras-galegas-2022\\\/\",\"url\":\"https:\\\/\\\/www.anovapeneira.gal\\\/index.php\\\/2022\\\/04\\\/20\\\/florencio-delgado-letras-galegas-2022\\\/\",\"name\":\"Florencio Delgado letras galegas 2022 -\",\"isPartOf\":{\"@id\":\"https:\\\/\\\/www.anovapeneira.gal\\\/#website\"},\"primaryImageOfPage\":{\"@id\":\"https:\\\/\\\/www.anovapeneira.gal\\\/index.php\\\/2022\\\/04\\\/20\\\/florencio-delgado-letras-galegas-2022\\\/#primaryimage\"},\"image\":{\"@id\":\"https:\\\/\\\/www.anovapeneira.gal\\\/index.php\\\/2022\\\/04\\\/20\\\/florencio-delgado-letras-galegas-2022\\\/#primaryimage\"},\"thumbnailUrl\":\"https:\\\/\\\/www.anovapeneira.gal\\\/wp-content\\\/uploads\\\/2022\\\/04\\\/Mural_corgomo_florencio.jpg\",\"datePublished\":\"2022-04-20T08:00:09+00:00\",\"dateModified\":\"2022-04-21T07:25:38+00:00\",\"description\":\"O D\u00eda das Letras Galegas \u00e9 unha celebraci\u00f3n para aclamar a persoas que destacaron pola achega literaria ao noso idioma. Desde 1963, cada 17 de maio a Real Academia Galega dedica esta celebraci\u00f3n a unha personalidade diferente\",\"breadcrumb\":{\"@id\":\"https:\\\/\\\/www.anovapeneira.gal\\\/index.php\\\/2022\\\/04\\\/20\\\/florencio-delgado-letras-galegas-2022\\\/#breadcrumb\"},\"inLanguage\":\"gl-ES\",\"potentialAction\":[{\"@type\":\"ReadAction\",\"target\":[\"https:\\\/\\\/www.anovapeneira.gal\\\/index.php\\\/2022\\\/04\\\/20\\\/florencio-delgado-letras-galegas-2022\\\/\"]}]},{\"@type\":\"ImageObject\",\"inLanguage\":\"gl-ES\",\"@id\":\"https:\\\/\\\/www.anovapeneira.gal\\\/index.php\\\/2022\\\/04\\\/20\\\/florencio-delgado-letras-galegas-2022\\\/#primaryimage\",\"url\":\"https:\\\/\\\/www.anovapeneira.gal\\\/wp-content\\\/uploads\\\/2022\\\/04\\\/Mural_corgomo_florencio.jpg\",\"contentUrl\":\"https:\\\/\\\/www.anovapeneira.gal\\\/wp-content\\\/uploads\\\/2022\\\/04\\\/Mural_corgomo_florencio.jpg\",\"width\":720,\"height\":432,\"caption\":\"Mural en C\u00f3rgomo, obra de Anxo Baranga.\"},{\"@type\":\"BreadcrumbList\",\"@id\":\"https:\\\/\\\/www.anovapeneira.gal\\\/index.php\\\/2022\\\/04\\\/20\\\/florencio-delgado-letras-galegas-2022\\\/#breadcrumb\",\"itemListElement\":[{\"@type\":\"ListItem\",\"position\":1,\"name\":\"Portada\",\"item\":\"https:\\\/\\\/www.anovapeneira.gal\\\/\"},{\"@type\":\"ListItem\",\"position\":2,\"name\":\"Florencio Delgado letras galegas 2022\"}]},{\"@type\":\"WebSite\",\"@id\":\"https:\\\/\\\/www.anovapeneira.gal\\\/#website\",\"url\":\"https:\\\/\\\/www.anovapeneira.gal\\\/\",\"name\":\"\",\"description\":\"Xornal galego de informaci\u00f3n xeral Publicaci\u00f3n mensual de novas de Galicia e en especial dos Concellos da sur da provincia de Pontevedra.\",\"publisher\":{\"@id\":\"https:\\\/\\\/www.anovapeneira.gal\\\/#organization\"},\"potentialAction\":[{\"@type\":\"SearchAction\",\"target\":{\"@type\":\"EntryPoint\",\"urlTemplate\":\"https:\\\/\\\/www.anovapeneira.gal\\\/?s={search_term_string}\"},\"query-input\":{\"@type\":\"PropertyValueSpecification\",\"valueRequired\":true,\"valueName\":\"search_term_string\"}}],\"inLanguage\":\"gl-ES\"},{\"@type\":\"Organization\",\"@id\":\"https:\\\/\\\/www.anovapeneira.gal\\\/#organization\",\"name\":\"A Nova Peneira\",\"url\":\"https:\\\/\\\/www.anovapeneira.gal\\\/\",\"logo\":{\"@type\":\"ImageObject\",\"inLanguage\":\"gl-ES\",\"@id\":\"https:\\\/\\\/www.anovapeneira.gal\\\/#\\\/schema\\\/logo\\\/image\\\/\",\"url\":\"http:\\\/\\\/www.anovapeneira.gal\\\/wp-content\\\/uploads\\\/2019\\\/06\\\/logo_a_nova_peneira_portal_web.png\",\"contentUrl\":\"http:\\\/\\\/www.anovapeneira.gal\\\/wp-content\\\/uploads\\\/2019\\\/06\\\/logo_a_nova_peneira_portal_web.png\",\"width\":300,\"height\":100,\"caption\":\"A Nova Peneira\"},\"image\":{\"@id\":\"https:\\\/\\\/www.anovapeneira.gal\\\/#\\\/schema\\\/logo\\\/image\\\/\"},\"sameAs\":[\"https:\\\/\\\/www.facebook.com\\\/anovapeneira\",\"https:\\\/\\\/x.com\\\/APeneira\"]},{\"@type\":\"Person\",\"@id\":\"https:\\\/\\\/www.anovapeneira.gal\\\/#\\\/schema\\\/person\\\/42f904d7cac80cf3f5a31494dd82a9b6\",\"name\":\"G. Figueiredo\",\"image\":{\"@type\":\"ImageObject\",\"inLanguage\":\"gl-ES\",\"@id\":\"https:\\\/\\\/secure.gravatar.com\\\/avatar\\\/2d970086688458e0398ef8b84f5cbb8cc1ec3ab115aeb8435135a9f556af97b3?s=96&d=mm&r=g\",\"url\":\"https:\\\/\\\/secure.gravatar.com\\\/avatar\\\/2d970086688458e0398ef8b84f5cbb8cc1ec3ab115aeb8435135a9f556af97b3?s=96&d=mm&r=g\",\"contentUrl\":\"https:\\\/\\\/secure.gravatar.com\\\/avatar\\\/2d970086688458e0398ef8b84f5cbb8cc1ec3ab115aeb8435135a9f556af97b3?s=96&d=mm&r=g\",\"caption\":\"G. Figueiredo\"},\"sameAs\":[\"http:\\\/\\\/www.anovapeneira.gal\\\/\"],\"url\":\"https:\\\/\\\/www.anovapeneira.gal\\\/index.php\\\/author\\\/g-figueiredo\\\/\"}]}<\/script>\n<!-- \/ Yoast SEO plugin. -->","yoast_head_json":{"title":"Florencio Delgado letras galegas 2022 -","description":"O D\u00eda das Letras Galegas \u00e9 unha celebraci\u00f3n para aclamar a persoas que destacaron pola achega literaria ao noso idioma. Desde 1963, cada 17 de maio a Real Academia Galega dedica esta celebraci\u00f3n a unha personalidade diferente","robots":{"index":"index","follow":"follow","max-snippet":"max-snippet:-1","max-image-preview":"max-image-preview:large","max-video-preview":"max-video-preview:-1"},"canonical":"https:\/\/www.anovapeneira.gal\/index.php\/2022\/04\/20\/florencio-delgado-letras-galegas-2022\/","og_locale":"gl_ES","og_type":"article","og_title":"Florencio Delgado letras galegas 2022 -","og_description":"O D\u00eda das Letras Galegas \u00e9 unha celebraci\u00f3n para aclamar a persoas que destacaron pola achega literaria ao noso idioma. Desde 1963, cada 17 de maio a Real Academia Galega dedica esta celebraci\u00f3n a unha personalidade diferente","og_url":"https:\/\/www.anovapeneira.gal\/index.php\/2022\/04\/20\/florencio-delgado-letras-galegas-2022\/","article_publisher":"https:\/\/www.facebook.com\/anovapeneira","article_published_time":"2022-04-20T08:00:09+00:00","article_modified_time":"2022-04-21T07:25:38+00:00","og_image":[{"width":720,"height":432,"url":"https:\/\/www.anovapeneira.gal\/wp-content\/uploads\/2022\/04\/Mural_corgomo_florencio.jpg","type":"image\/jpeg"}],"author":"G. Figueiredo","twitter_card":"summary_large_image","twitter_creator":"@APeneira","twitter_site":"@APeneira","twitter_misc":{"Escrito por":"G. Figueiredo","Tempo de lectura":"8 minutos"},"schema":{"@context":"https:\/\/schema.org","@graph":[{"@type":"Article","@id":"https:\/\/www.anovapeneira.gal\/index.php\/2022\/04\/20\/florencio-delgado-letras-galegas-2022\/#article","isPartOf":{"@id":"https:\/\/www.anovapeneira.gal\/index.php\/2022\/04\/20\/florencio-delgado-letras-galegas-2022\/"},"author":{"name":"G. Figueiredo","@id":"https:\/\/www.anovapeneira.gal\/#\/schema\/person\/42f904d7cac80cf3f5a31494dd82a9b6"},"headline":"Florencio Delgado letras galegas 2022","datePublished":"2022-04-20T08:00:09+00:00","dateModified":"2022-04-21T07:25:38+00:00","mainEntityOfPage":{"@id":"https:\/\/www.anovapeneira.gal\/index.php\/2022\/04\/20\/florencio-delgado-letras-galegas-2022\/"},"wordCount":52,"commentCount":0,"publisher":{"@id":"https:\/\/www.anovapeneira.gal\/#organization"},"image":{"@id":"https:\/\/www.anovapeneira.gal\/index.php\/2022\/04\/20\/florencio-delgado-letras-galegas-2022\/#primaryimage"},"thumbnailUrl":"https:\/\/www.anovapeneira.gal\/wp-content\/uploads\/2022\/04\/Mural_corgomo_florencio.jpg","articleSection":["Novas"],"inLanguage":"gl-ES","potentialAction":[{"@type":"CommentAction","name":"Comment","target":["https:\/\/www.anovapeneira.gal\/index.php\/2022\/04\/20\/florencio-delgado-letras-galegas-2022\/#respond"]}]},{"@type":"WebPage","@id":"https:\/\/www.anovapeneira.gal\/index.php\/2022\/04\/20\/florencio-delgado-letras-galegas-2022\/","url":"https:\/\/www.anovapeneira.gal\/index.php\/2022\/04\/20\/florencio-delgado-letras-galegas-2022\/","name":"Florencio Delgado letras galegas 2022 -","isPartOf":{"@id":"https:\/\/www.anovapeneira.gal\/#website"},"primaryImageOfPage":{"@id":"https:\/\/www.anovapeneira.gal\/index.php\/2022\/04\/20\/florencio-delgado-letras-galegas-2022\/#primaryimage"},"image":{"@id":"https:\/\/www.anovapeneira.gal\/index.php\/2022\/04\/20\/florencio-delgado-letras-galegas-2022\/#primaryimage"},"thumbnailUrl":"https:\/\/www.anovapeneira.gal\/wp-content\/uploads\/2022\/04\/Mural_corgomo_florencio.jpg","datePublished":"2022-04-20T08:00:09+00:00","dateModified":"2022-04-21T07:25:38+00:00","description":"O D\u00eda das Letras Galegas \u00e9 unha celebraci\u00f3n para aclamar a persoas que destacaron pola achega literaria ao noso idioma. Desde 1963, cada 17 de maio a Real Academia Galega dedica esta celebraci\u00f3n a unha personalidade diferente","breadcrumb":{"@id":"https:\/\/www.anovapeneira.gal\/index.php\/2022\/04\/20\/florencio-delgado-letras-galegas-2022\/#breadcrumb"},"inLanguage":"gl-ES","potentialAction":[{"@type":"ReadAction","target":["https:\/\/www.anovapeneira.gal\/index.php\/2022\/04\/20\/florencio-delgado-letras-galegas-2022\/"]}]},{"@type":"ImageObject","inLanguage":"gl-ES","@id":"https:\/\/www.anovapeneira.gal\/index.php\/2022\/04\/20\/florencio-delgado-letras-galegas-2022\/#primaryimage","url":"https:\/\/www.anovapeneira.gal\/wp-content\/uploads\/2022\/04\/Mural_corgomo_florencio.jpg","contentUrl":"https:\/\/www.anovapeneira.gal\/wp-content\/uploads\/2022\/04\/Mural_corgomo_florencio.jpg","width":720,"height":432,"caption":"Mural en C\u00f3rgomo, obra de Anxo Baranga."},{"@type":"BreadcrumbList","@id":"https:\/\/www.anovapeneira.gal\/index.php\/2022\/04\/20\/florencio-delgado-letras-galegas-2022\/#breadcrumb","itemListElement":[{"@type":"ListItem","position":1,"name":"Portada","item":"https:\/\/www.anovapeneira.gal\/"},{"@type":"ListItem","position":2,"name":"Florencio Delgado letras galegas 2022"}]},{"@type":"WebSite","@id":"https:\/\/www.anovapeneira.gal\/#website","url":"https:\/\/www.anovapeneira.gal\/","name":"","description":"Xornal galego de informaci\u00f3n xeral Publicaci\u00f3n mensual de novas de Galicia e en especial dos Concellos da sur da provincia de Pontevedra.","publisher":{"@id":"https:\/\/www.anovapeneira.gal\/#organization"},"potentialAction":[{"@type":"SearchAction","target":{"@type":"EntryPoint","urlTemplate":"https:\/\/www.anovapeneira.gal\/?s={search_term_string}"},"query-input":{"@type":"PropertyValueSpecification","valueRequired":true,"valueName":"search_term_string"}}],"inLanguage":"gl-ES"},{"@type":"Organization","@id":"https:\/\/www.anovapeneira.gal\/#organization","name":"A Nova Peneira","url":"https:\/\/www.anovapeneira.gal\/","logo":{"@type":"ImageObject","inLanguage":"gl-ES","@id":"https:\/\/www.anovapeneira.gal\/#\/schema\/logo\/image\/","url":"http:\/\/www.anovapeneira.gal\/wp-content\/uploads\/2019\/06\/logo_a_nova_peneira_portal_web.png","contentUrl":"http:\/\/www.anovapeneira.gal\/wp-content\/uploads\/2019\/06\/logo_a_nova_peneira_portal_web.png","width":300,"height":100,"caption":"A Nova Peneira"},"image":{"@id":"https:\/\/www.anovapeneira.gal\/#\/schema\/logo\/image\/"},"sameAs":["https:\/\/www.facebook.com\/anovapeneira","https:\/\/x.com\/APeneira"]},{"@type":"Person","@id":"https:\/\/www.anovapeneira.gal\/#\/schema\/person\/42f904d7cac80cf3f5a31494dd82a9b6","name":"G. Figueiredo","image":{"@type":"ImageObject","inLanguage":"gl-ES","@id":"https:\/\/secure.gravatar.com\/avatar\/2d970086688458e0398ef8b84f5cbb8cc1ec3ab115aeb8435135a9f556af97b3?s=96&d=mm&r=g","url":"https:\/\/secure.gravatar.com\/avatar\/2d970086688458e0398ef8b84f5cbb8cc1ec3ab115aeb8435135a9f556af97b3?s=96&d=mm&r=g","contentUrl":"https:\/\/secure.gravatar.com\/avatar\/2d970086688458e0398ef8b84f5cbb8cc1ec3ab115aeb8435135a9f556af97b3?s=96&d=mm&r=g","caption":"G. Figueiredo"},"sameAs":["http:\/\/www.anovapeneira.gal\/"],"url":"https:\/\/www.anovapeneira.gal\/index.php\/author\/g-figueiredo\/"}]}},"jetpack_featured_media_url":"https:\/\/www.anovapeneira.gal\/wp-content\/uploads\/2022\/04\/Mural_corgomo_florencio.jpg","_links":{"self":[{"href":"https:\/\/www.anovapeneira.gal\/index.php\/wp-json\/wp\/v2\/posts\/7321","targetHints":{"allow":["GET"]}}],"collection":[{"href":"https:\/\/www.anovapeneira.gal\/index.php\/wp-json\/wp\/v2\/posts"}],"about":[{"href":"https:\/\/www.anovapeneira.gal\/index.php\/wp-json\/wp\/v2\/types\/post"}],"author":[{"embeddable":true,"href":"https:\/\/www.anovapeneira.gal\/index.php\/wp-json\/wp\/v2\/users\/17"}],"replies":[{"embeddable":true,"href":"https:\/\/www.anovapeneira.gal\/index.php\/wp-json\/wp\/v2\/comments?post=7321"}],"version-history":[{"count":2,"href":"https:\/\/www.anovapeneira.gal\/index.php\/wp-json\/wp\/v2\/posts\/7321\/revisions"}],"predecessor-version":[{"id":7357,"href":"https:\/\/www.anovapeneira.gal\/index.php\/wp-json\/wp\/v2\/posts\/7321\/revisions\/7357"}],"wp:featuredmedia":[{"embeddable":true,"href":"https:\/\/www.anovapeneira.gal\/index.php\/wp-json\/wp\/v2\/media\/7322"}],"wp:attachment":[{"href":"https:\/\/www.anovapeneira.gal\/index.php\/wp-json\/wp\/v2\/media?parent=7321"}],"wp:term":[{"taxonomy":"category","embeddable":true,"href":"https:\/\/www.anovapeneira.gal\/index.php\/wp-json\/wp\/v2\/categories?post=7321"},{"taxonomy":"post_tag","embeddable":true,"href":"https:\/\/www.anovapeneira.gal\/index.php\/wp-json\/wp\/v2\/tags?post=7321"}],"curies":[{"name":"wp","href":"https:\/\/api.w.org\/{rel}","templated":true}]}}