{"id":7327,"date":"2022-04-21T12:00:20","date_gmt":"2022-04-21T10:00:20","guid":{"rendered":"https:\/\/www.anovapeneira.gal\/?p=7327"},"modified":"2022-04-18T10:29:41","modified_gmt":"2022-04-18T08:29:41","slug":"a-fronte-nacionalista-reitera-a-necesidade-dunha-auditoria-integral-diante-dos-diferentes-estudos-que-alertan-de-perdas-dun-30-na-rede-de-abastecemento","status":"publish","type":"post","link":"https:\/\/www.anovapeneira.gal\/index.php\/2022\/04\/21\/a-fronte-nacionalista-reitera-a-necesidade-dunha-auditoria-integral-diante-dos-diferentes-estudos-que-alertan-de-perdas-dun-30-na-rede-de-abastecemento\/","title":{"rendered":"A fronte nacionalista reitera a necesidade dunha auditor\u00eda integral diante dos diferentes estudos que alertan de perdas dun 30% na rede de abastecemento"},"content":{"rendered":"\n<h2 class=\"wp-block-heading\">D\u00edaz tacha de \u2018ocurrencia\u2019 este novo plantexamento e esixe \u201cseriedade\u201d \u00e1s tres administraci\u00f3ns implicadas: Concello de Vigo, Xunta de Galicia e Ministerio de Transici\u00f3n Ecol\u00f3xica<\/h2>\n\n\n\n<p><strong>Ponte Caldelas, 13 de abril de 2021<\/strong><\/p>\n\n\n\n<p>O Concello de Ponte Caldelas enterouse hoxe a trav\u00e9s dos medios de comunicaci\u00f3n de que o \u00faltimo estudio para paliar a sequia do concello de Vigo e a s\u00faa \u00e1rea metropolitana incl\u00fae a construcci\u00f3n dun novo encoro no lugar de Forz\u00e1ns, no concello de Ponte Caldelas.<\/p>\n\n\n\n<p>O Concello de Ponte Caldelas solicitar\u00e1 por escrito \u00e1 Confederaci\u00f3n Hidrogr\u00e1fica Mi\u00f1oSil o estudio que determina este conxunto de actuaci\u00f3ns que afectar\u00edan a Ponte Caldelas en d\u00faas vertentes, por un lado coa construcci\u00f3n dunha nova presa no lugar de Forz\u00e1ns e, por outra, cun bombeo de auga dende o R\u00edo Verdugo, agora augas abaixo de Ponte Caldelas, xa no concello de Soutomaior.<\/p>\n\n\n\n<p>Por outra banda, solicitarase por escrito a Augas de Galicia un informe sobre a viabilidade destas actuaci\u00f3ns e o posicionamento deste organismo da Xunta de Galicia ante as propostas deste informe, posta que Augas de Galicia \u00e9 o \u00fanico organismo que ten competencia para executar esta obra. Neste sentido, Andr\u00e9s D\u00edaz, alcalde de Ponte Caldelas, lembra que a firme oposici\u00f3n \u00f3 trasvase do R\u00edo Verdugo que se levou a cabo dende o Concello de Ponte Caldelas no ano 2017 rematou coa destitici\u00f3n do, en aquel entonces, director de Augas de Galicia.<\/p>\n\n\n\n<p>D\u00edaz esxe seriedade \u00e1s tres administraci\u00f3ns implicadas nesta cuesti\u00f3n: Concello de Vigo, Xunta de Galicia e Ministerio de Transici\u00f3n Ecol\u00f3xica, \u201cpois non se poden lanzar estas propostas en prensa, sin fundamentos, sen falar cos concellos afectados e creando unha gran preocupaci\u00f3n entre os veci\u00f1os de toda Ponte Caldelas\u201d.<\/p>\n\n\n\n<p>D\u00edaz explica que non se trata dun posicionamento egoista por parte do Concello de Ponte Caldelas, sen\u00f3n unha cuesti\u00f3n de futuro para todo o municipio. A oposici\u00f3n xa foi firme en 2017 porque 29 dos 33 lugares do termo municipal abast\u00e9cense a trav\u00e9s de tra\u00eddas veci\u00f1ais e durante o ver\u00e1n son habituais as faltas de suministro, que ten obriga de paliar o Concello e as\u00ed o fai tendo como \u00fanica fonte de abastecemento o R\u00edo Verdugo. \u201c\u00c9 unha cuesti\u00f3n de futuro. Ponte Caldelas non deixa de medrar e temos que garantizar o abastecemento de auga a todo o concello. Se fan unha nova captaci\u00f3n r\u00edo abaixo non nos conceder\u00e1n unha nova r\u00edo arriba en caso de necesidade\u201d, explica D\u00edaz.<\/p>\n\n\n\n<p>\u201cEsiximos \u00f3 Ministerio, \u00e1 Xunta e \u00f3 Concello de Vigo seriedade nos plantexamento, responsabilidade no que se anuncia, porque ning\u00fan dos tres est\u00e1 a ter en conta \u00f3s concellos nin \u00f3s veci\u00f1os afectado. Que te\u00f1an claro os tres que defenderei o meu concello e \u00f3s meus veci\u00f1os chegando ata a v\u00eda xudicial se fai falta\u201d, recalca D\u00edaz.<\/p>\n","protected":false},"excerpt":{"rendered":"<div class=\"mh-excerpt\"><p>D\u00edaz tacha de \u2018ocurrencia\u2019 este novo plantexamento e esixe \u201cseriedade\u201d \u00e1s tres administraci\u00f3ns implicadas: Concello de Vigo, Xunta de Galicia e Ministerio de Transici\u00f3n Ecol\u00f3xica <a class=\"mh-excerpt-more\" href=\"https:\/\/www.anovapeneira.gal\/index.php\/2022\/04\/21\/a-fronte-nacionalista-reitera-a-necesidade-dunha-auditoria-integral-diante-dos-diferentes-estudos-que-alertan-de-perdas-dun-30-na-rede-de-abastecemento\/\" title=\"A fronte nacionalista reitera a necesidade dunha auditor\u00eda integral diante dos diferentes estudos que alertan de perdas dun 30% na rede de abastecemento\">[&#8230;]<\/a><\/p>\n<\/div>","protected":false},"author":3,"featured_media":3219,"comment_status":"open","ping_status":"open","sticky":false,"template":"","format":"standard","meta":{"_exactmetrics_skip_tracking":false,"_exactmetrics_sitenote_active":false,"_exactmetrics_sitenote_note":"","_exactmetrics_sitenote_category":0,"footnotes":""},"categories":[26],"tags":[756],"class_list":{"0":"post-7327","1":"post","2":"type-post","3":"status-publish","4":"format-standard","5":"has-post-thumbnail","7":"category-pontevedra","8":"tag-concello-de-pontevedra"},"yoast_head":"<!-- This site is optimized with the Yoast SEO plugin v27.4 - https:\/\/yoast.com\/product\/yoast-seo-wordpress\/ -->\n<title>A fronte nacionalista reitera a necesidade dunha auditor\u00eda integral diante dos diferentes estudos que alertan de perdas dun 30% na rede de abastecemento -<\/title>\n<meta name=\"robots\" content=\"index, follow, max-snippet:-1, max-image-preview:large, max-video-preview:-1\" \/>\n<link rel=\"canonical\" href=\"https:\/\/www.anovapeneira.gal\/index.php\/2022\/04\/21\/a-fronte-nacionalista-reitera-a-necesidade-dunha-auditoria-integral-diante-dos-diferentes-estudos-que-alertan-de-perdas-dun-30-na-rede-de-abastecemento\/\" \/>\n<meta property=\"og:locale\" content=\"gl_ES\" \/>\n<meta property=\"og:type\" content=\"article\" \/>\n<meta property=\"og:title\" content=\"A fronte nacionalista reitera a necesidade dunha auditor\u00eda integral diante dos diferentes estudos que alertan de perdas dun 30% na rede de abastecemento -\" \/>\n<meta property=\"og:description\" content=\"D\u00edaz tacha de \u2018ocurrencia\u2019 este novo plantexamento e esixe \u201cseriedade\u201d \u00e1s tres administraci\u00f3ns implicadas: Concello de Vigo, Xunta de Galicia e Ministerio de Transici\u00f3n Ecol\u00f3xica [...]\" \/>\n<meta property=\"og:url\" content=\"https:\/\/www.anovapeneira.gal\/index.php\/2022\/04\/21\/a-fronte-nacionalista-reitera-a-necesidade-dunha-auditoria-integral-diante-dos-diferentes-estudos-que-alertan-de-perdas-dun-30-na-rede-de-abastecemento\/\" \/>\n<meta property=\"article:publisher\" content=\"https:\/\/www.facebook.com\/anovapeneira\" \/>\n<meta property=\"article:published_time\" content=\"2022-04-21T10:00:20+00:00\" \/>\n<meta property=\"og:image\" content=\"https:\/\/www.anovapeneira.gal\/wp-content\/uploads\/2020\/05\/logo_ponte_caldelas_a_nova_peneira.jpg\" \/>\n\t<meta property=\"og:image:width\" content=\"720\" \/>\n\t<meta property=\"og:image:height\" content=\"432\" \/>\n\t<meta property=\"og:image:type\" content=\"image\/jpeg\" \/>\n<meta name=\"author\" content=\"Redacci\u00f3n A Nova Peneira\" \/>\n<meta name=\"twitter:card\" content=\"summary_large_image\" \/>\n<meta name=\"twitter:creator\" content=\"@APeneira\" \/>\n<meta name=\"twitter:site\" content=\"@APeneira\" \/>\n<meta name=\"twitter:label1\" content=\"Escrito por\" \/>\n\t<meta name=\"twitter:data1\" content=\"Redacci\u00f3n A Nova Peneira\" \/>\n\t<meta name=\"twitter:label2\" content=\"Tempo de lectura\" \/>\n\t<meta name=\"twitter:data2\" content=\"3 minutos\" \/>\n<script type=\"application\/ld+json\" class=\"yoast-schema-graph\">{\"@context\":\"https:\\\/\\\/schema.org\",\"@graph\":[{\"@type\":\"Article\",\"@id\":\"https:\\\/\\\/www.anovapeneira.gal\\\/index.php\\\/2022\\\/04\\\/21\\\/a-fronte-nacionalista-reitera-a-necesidade-dunha-auditoria-integral-diante-dos-diferentes-estudos-que-alertan-de-perdas-dun-30-na-rede-de-abastecemento\\\/#article\",\"isPartOf\":{\"@id\":\"https:\\\/\\\/www.anovapeneira.gal\\\/index.php\\\/2022\\\/04\\\/21\\\/a-fronte-nacionalista-reitera-a-necesidade-dunha-auditoria-integral-diante-dos-diferentes-estudos-que-alertan-de-perdas-dun-30-na-rede-de-abastecemento\\\/\"},\"author\":{\"name\":\"Redacci\u00f3n A Nova Peneira\",\"@id\":\"https:\\\/\\\/www.anovapeneira.gal\\\/#\\\/schema\\\/person\\\/b93e3f8932e3f8da96334607eb6ac6aa\"},\"headline\":\"A fronte nacionalista reitera a necesidade dunha auditor\u00eda integral diante dos diferentes estudos que alertan de perdas dun 30% na rede de abastecemento\",\"datePublished\":\"2022-04-21T10:00:20+00:00\",\"mainEntityOfPage\":{\"@id\":\"https:\\\/\\\/www.anovapeneira.gal\\\/index.php\\\/2022\\\/04\\\/21\\\/a-fronte-nacionalista-reitera-a-necesidade-dunha-auditoria-integral-diante-dos-diferentes-estudos-que-alertan-de-perdas-dun-30-na-rede-de-abastecemento\\\/\"},\"wordCount\":519,\"commentCount\":0,\"publisher\":{\"@id\":\"https:\\\/\\\/www.anovapeneira.gal\\\/#organization\"},\"image\":{\"@id\":\"https:\\\/\\\/www.anovapeneira.gal\\\/index.php\\\/2022\\\/04\\\/21\\\/a-fronte-nacionalista-reitera-a-necesidade-dunha-auditoria-integral-diante-dos-diferentes-estudos-que-alertan-de-perdas-dun-30-na-rede-de-abastecemento\\\/#primaryimage\"},\"thumbnailUrl\":\"https:\\\/\\\/www.anovapeneira.gal\\\/wp-content\\\/uploads\\\/2020\\\/05\\\/logo_ponte_caldelas_a_nova_peneira.jpg\",\"keywords\":[\"Concello de Pontevedra\"],\"articleSection\":[\"Pontevedra\"],\"inLanguage\":\"gl-ES\",\"potentialAction\":[{\"@type\":\"CommentAction\",\"name\":\"Comment\",\"target\":[\"https:\\\/\\\/www.anovapeneira.gal\\\/index.php\\\/2022\\\/04\\\/21\\\/a-fronte-nacionalista-reitera-a-necesidade-dunha-auditoria-integral-diante-dos-diferentes-estudos-que-alertan-de-perdas-dun-30-na-rede-de-abastecemento\\\/#respond\"]}]},{\"@type\":\"WebPage\",\"@id\":\"https:\\\/\\\/www.anovapeneira.gal\\\/index.php\\\/2022\\\/04\\\/21\\\/a-fronte-nacionalista-reitera-a-necesidade-dunha-auditoria-integral-diante-dos-diferentes-estudos-que-alertan-de-perdas-dun-30-na-rede-de-abastecemento\\\/\",\"url\":\"https:\\\/\\\/www.anovapeneira.gal\\\/index.php\\\/2022\\\/04\\\/21\\\/a-fronte-nacionalista-reitera-a-necesidade-dunha-auditoria-integral-diante-dos-diferentes-estudos-que-alertan-de-perdas-dun-30-na-rede-de-abastecemento\\\/\",\"name\":\"A fronte nacionalista reitera a necesidade dunha auditor\u00eda integral diante dos diferentes estudos que alertan de perdas dun 30% na rede de abastecemento -\",\"isPartOf\":{\"@id\":\"https:\\\/\\\/www.anovapeneira.gal\\\/#website\"},\"primaryImageOfPage\":{\"@id\":\"https:\\\/\\\/www.anovapeneira.gal\\\/index.php\\\/2022\\\/04\\\/21\\\/a-fronte-nacionalista-reitera-a-necesidade-dunha-auditoria-integral-diante-dos-diferentes-estudos-que-alertan-de-perdas-dun-30-na-rede-de-abastecemento\\\/#primaryimage\"},\"image\":{\"@id\":\"https:\\\/\\\/www.anovapeneira.gal\\\/index.php\\\/2022\\\/04\\\/21\\\/a-fronte-nacionalista-reitera-a-necesidade-dunha-auditoria-integral-diante-dos-diferentes-estudos-que-alertan-de-perdas-dun-30-na-rede-de-abastecemento\\\/#primaryimage\"},\"thumbnailUrl\":\"https:\\\/\\\/www.anovapeneira.gal\\\/wp-content\\\/uploads\\\/2020\\\/05\\\/logo_ponte_caldelas_a_nova_peneira.jpg\",\"datePublished\":\"2022-04-21T10:00:20+00:00\",\"breadcrumb\":{\"@id\":\"https:\\\/\\\/www.anovapeneira.gal\\\/index.php\\\/2022\\\/04\\\/21\\\/a-fronte-nacionalista-reitera-a-necesidade-dunha-auditoria-integral-diante-dos-diferentes-estudos-que-alertan-de-perdas-dun-30-na-rede-de-abastecemento\\\/#breadcrumb\"},\"inLanguage\":\"gl-ES\",\"potentialAction\":[{\"@type\":\"ReadAction\",\"target\":[\"https:\\\/\\\/www.anovapeneira.gal\\\/index.php\\\/2022\\\/04\\\/21\\\/a-fronte-nacionalista-reitera-a-necesidade-dunha-auditoria-integral-diante-dos-diferentes-estudos-que-alertan-de-perdas-dun-30-na-rede-de-abastecemento\\\/\"]}]},{\"@type\":\"ImageObject\",\"inLanguage\":\"gl-ES\",\"@id\":\"https:\\\/\\\/www.anovapeneira.gal\\\/index.php\\\/2022\\\/04\\\/21\\\/a-fronte-nacionalista-reitera-a-necesidade-dunha-auditoria-integral-diante-dos-diferentes-estudos-que-alertan-de-perdas-dun-30-na-rede-de-abastecemento\\\/#primaryimage\",\"url\":\"https:\\\/\\\/www.anovapeneira.gal\\\/wp-content\\\/uploads\\\/2020\\\/05\\\/logo_ponte_caldelas_a_nova_peneira.jpg\",\"contentUrl\":\"https:\\\/\\\/www.anovapeneira.gal\\\/wp-content\\\/uploads\\\/2020\\\/05\\\/logo_ponte_caldelas_a_nova_peneira.jpg\",\"width\":720,\"height\":432,\"caption\":\"Concello de Ponte Caldelas A Nova Peneira\"},{\"@type\":\"BreadcrumbList\",\"@id\":\"https:\\\/\\\/www.anovapeneira.gal\\\/index.php\\\/2022\\\/04\\\/21\\\/a-fronte-nacionalista-reitera-a-necesidade-dunha-auditoria-integral-diante-dos-diferentes-estudos-que-alertan-de-perdas-dun-30-na-rede-de-abastecemento\\\/#breadcrumb\",\"itemListElement\":[{\"@type\":\"ListItem\",\"position\":1,\"name\":\"Portada\",\"item\":\"https:\\\/\\\/www.anovapeneira.gal\\\/\"},{\"@type\":\"ListItem\",\"position\":2,\"name\":\"A fronte nacionalista reitera a necesidade dunha auditor\u00eda integral diante dos diferentes estudos que alertan de perdas dun 30% na rede de abastecemento\"}]},{\"@type\":\"WebSite\",\"@id\":\"https:\\\/\\\/www.anovapeneira.gal\\\/#website\",\"url\":\"https:\\\/\\\/www.anovapeneira.gal\\\/\",\"name\":\"\",\"description\":\"Xornal galego de informaci\u00f3n xeral Publicaci\u00f3n mensual de novas de Galicia e en especial dos Concellos da sur da provincia de Pontevedra.\",\"publisher\":{\"@id\":\"https:\\\/\\\/www.anovapeneira.gal\\\/#organization\"},\"potentialAction\":[{\"@type\":\"SearchAction\",\"target\":{\"@type\":\"EntryPoint\",\"urlTemplate\":\"https:\\\/\\\/www.anovapeneira.gal\\\/?s={search_term_string}\"},\"query-input\":{\"@type\":\"PropertyValueSpecification\",\"valueRequired\":true,\"valueName\":\"search_term_string\"}}],\"inLanguage\":\"gl-ES\"},{\"@type\":\"Organization\",\"@id\":\"https:\\\/\\\/www.anovapeneira.gal\\\/#organization\",\"name\":\"A Nova Peneira\",\"url\":\"https:\\\/\\\/www.anovapeneira.gal\\\/\",\"logo\":{\"@type\":\"ImageObject\",\"inLanguage\":\"gl-ES\",\"@id\":\"https:\\\/\\\/www.anovapeneira.gal\\\/#\\\/schema\\\/logo\\\/image\\\/\",\"url\":\"http:\\\/\\\/www.anovapeneira.gal\\\/wp-content\\\/uploads\\\/2019\\\/06\\\/logo_a_nova_peneira_portal_web.png\",\"contentUrl\":\"http:\\\/\\\/www.anovapeneira.gal\\\/wp-content\\\/uploads\\\/2019\\\/06\\\/logo_a_nova_peneira_portal_web.png\",\"width\":300,\"height\":100,\"caption\":\"A Nova Peneira\"},\"image\":{\"@id\":\"https:\\\/\\\/www.anovapeneira.gal\\\/#\\\/schema\\\/logo\\\/image\\\/\"},\"sameAs\":[\"https:\\\/\\\/www.facebook.com\\\/anovapeneira\",\"https:\\\/\\\/x.com\\\/APeneira\"]},{\"@type\":\"Person\",\"@id\":\"https:\\\/\\\/www.anovapeneira.gal\\\/#\\\/schema\\\/person\\\/b93e3f8932e3f8da96334607eb6ac6aa\",\"name\":\"Redacci\u00f3n A Nova Peneira\",\"image\":{\"@type\":\"ImageObject\",\"inLanguage\":\"gl-ES\",\"@id\":\"https:\\\/\\\/secure.gravatar.com\\\/avatar\\\/c052a2551a06e23fac63626232eaa90abd78dbcf1700fc46a2b2c89fd27b735f?s=96&d=mm&r=g\",\"url\":\"https:\\\/\\\/secure.gravatar.com\\\/avatar\\\/c052a2551a06e23fac63626232eaa90abd78dbcf1700fc46a2b2c89fd27b735f?s=96&d=mm&r=g\",\"contentUrl\":\"https:\\\/\\\/secure.gravatar.com\\\/avatar\\\/c052a2551a06e23fac63626232eaa90abd78dbcf1700fc46a2b2c89fd27b735f?s=96&d=mm&r=g\",\"caption\":\"Redacci\u00f3n A Nova Peneira\"},\"sameAs\":[\"http:\\\/\\\/www.anovapeneira.gal\\\/\"],\"url\":\"https:\\\/\\\/www.anovapeneira.gal\\\/index.php\\\/author\\\/redactor\\\/\"}]}<\/script>\n<!-- \/ Yoast SEO plugin. -->","yoast_head_json":{"title":"A fronte nacionalista reitera a necesidade dunha auditor\u00eda integral diante dos diferentes estudos que alertan de perdas dun 30% na rede de abastecemento -","robots":{"index":"index","follow":"follow","max-snippet":"max-snippet:-1","max-image-preview":"max-image-preview:large","max-video-preview":"max-video-preview:-1"},"canonical":"https:\/\/www.anovapeneira.gal\/index.php\/2022\/04\/21\/a-fronte-nacionalista-reitera-a-necesidade-dunha-auditoria-integral-diante-dos-diferentes-estudos-que-alertan-de-perdas-dun-30-na-rede-de-abastecemento\/","og_locale":"gl_ES","og_type":"article","og_title":"A fronte nacionalista reitera a necesidade dunha auditor\u00eda integral diante dos diferentes estudos que alertan de perdas dun 30% na rede de abastecemento -","og_description":"D\u00edaz tacha de \u2018ocurrencia\u2019 este novo plantexamento e esixe \u201cseriedade\u201d \u00e1s tres administraci\u00f3ns implicadas: Concello de Vigo, Xunta de Galicia e Ministerio de Transici\u00f3n Ecol\u00f3xica [...]","og_url":"https:\/\/www.anovapeneira.gal\/index.php\/2022\/04\/21\/a-fronte-nacionalista-reitera-a-necesidade-dunha-auditoria-integral-diante-dos-diferentes-estudos-que-alertan-de-perdas-dun-30-na-rede-de-abastecemento\/","article_publisher":"https:\/\/www.facebook.com\/anovapeneira","article_published_time":"2022-04-21T10:00:20+00:00","og_image":[{"width":720,"height":432,"url":"https:\/\/www.anovapeneira.gal\/wp-content\/uploads\/2020\/05\/logo_ponte_caldelas_a_nova_peneira.jpg","type":"image\/jpeg"}],"author":"Redacci\u00f3n A Nova Peneira","twitter_card":"summary_large_image","twitter_creator":"@APeneira","twitter_site":"@APeneira","twitter_misc":{"Escrito por":"Redacci\u00f3n A Nova Peneira","Tempo de lectura":"3 minutos"},"schema":{"@context":"https:\/\/schema.org","@graph":[{"@type":"Article","@id":"https:\/\/www.anovapeneira.gal\/index.php\/2022\/04\/21\/a-fronte-nacionalista-reitera-a-necesidade-dunha-auditoria-integral-diante-dos-diferentes-estudos-que-alertan-de-perdas-dun-30-na-rede-de-abastecemento\/#article","isPartOf":{"@id":"https:\/\/www.anovapeneira.gal\/index.php\/2022\/04\/21\/a-fronte-nacionalista-reitera-a-necesidade-dunha-auditoria-integral-diante-dos-diferentes-estudos-que-alertan-de-perdas-dun-30-na-rede-de-abastecemento\/"},"author":{"name":"Redacci\u00f3n A Nova Peneira","@id":"https:\/\/www.anovapeneira.gal\/#\/schema\/person\/b93e3f8932e3f8da96334607eb6ac6aa"},"headline":"A fronte nacionalista reitera a necesidade dunha auditor\u00eda integral diante dos diferentes estudos que alertan de perdas dun 30% na rede de abastecemento","datePublished":"2022-04-21T10:00:20+00:00","mainEntityOfPage":{"@id":"https:\/\/www.anovapeneira.gal\/index.php\/2022\/04\/21\/a-fronte-nacionalista-reitera-a-necesidade-dunha-auditoria-integral-diante-dos-diferentes-estudos-que-alertan-de-perdas-dun-30-na-rede-de-abastecemento\/"},"wordCount":519,"commentCount":0,"publisher":{"@id":"https:\/\/www.anovapeneira.gal\/#organization"},"image":{"@id":"https:\/\/www.anovapeneira.gal\/index.php\/2022\/04\/21\/a-fronte-nacionalista-reitera-a-necesidade-dunha-auditoria-integral-diante-dos-diferentes-estudos-que-alertan-de-perdas-dun-30-na-rede-de-abastecemento\/#primaryimage"},"thumbnailUrl":"https:\/\/www.anovapeneira.gal\/wp-content\/uploads\/2020\/05\/logo_ponte_caldelas_a_nova_peneira.jpg","keywords":["Concello de Pontevedra"],"articleSection":["Pontevedra"],"inLanguage":"gl-ES","potentialAction":[{"@type":"CommentAction","name":"Comment","target":["https:\/\/www.anovapeneira.gal\/index.php\/2022\/04\/21\/a-fronte-nacionalista-reitera-a-necesidade-dunha-auditoria-integral-diante-dos-diferentes-estudos-que-alertan-de-perdas-dun-30-na-rede-de-abastecemento\/#respond"]}]},{"@type":"WebPage","@id":"https:\/\/www.anovapeneira.gal\/index.php\/2022\/04\/21\/a-fronte-nacionalista-reitera-a-necesidade-dunha-auditoria-integral-diante-dos-diferentes-estudos-que-alertan-de-perdas-dun-30-na-rede-de-abastecemento\/","url":"https:\/\/www.anovapeneira.gal\/index.php\/2022\/04\/21\/a-fronte-nacionalista-reitera-a-necesidade-dunha-auditoria-integral-diante-dos-diferentes-estudos-que-alertan-de-perdas-dun-30-na-rede-de-abastecemento\/","name":"A fronte nacionalista reitera a necesidade dunha auditor\u00eda integral diante dos diferentes estudos que alertan de perdas dun 30% na rede de abastecemento -","isPartOf":{"@id":"https:\/\/www.anovapeneira.gal\/#website"},"primaryImageOfPage":{"@id":"https:\/\/www.anovapeneira.gal\/index.php\/2022\/04\/21\/a-fronte-nacionalista-reitera-a-necesidade-dunha-auditoria-integral-diante-dos-diferentes-estudos-que-alertan-de-perdas-dun-30-na-rede-de-abastecemento\/#primaryimage"},"image":{"@id":"https:\/\/www.anovapeneira.gal\/index.php\/2022\/04\/21\/a-fronte-nacionalista-reitera-a-necesidade-dunha-auditoria-integral-diante-dos-diferentes-estudos-que-alertan-de-perdas-dun-30-na-rede-de-abastecemento\/#primaryimage"},"thumbnailUrl":"https:\/\/www.anovapeneira.gal\/wp-content\/uploads\/2020\/05\/logo_ponte_caldelas_a_nova_peneira.jpg","datePublished":"2022-04-21T10:00:20+00:00","breadcrumb":{"@id":"https:\/\/www.anovapeneira.gal\/index.php\/2022\/04\/21\/a-fronte-nacionalista-reitera-a-necesidade-dunha-auditoria-integral-diante-dos-diferentes-estudos-que-alertan-de-perdas-dun-30-na-rede-de-abastecemento\/#breadcrumb"},"inLanguage":"gl-ES","potentialAction":[{"@type":"ReadAction","target":["https:\/\/www.anovapeneira.gal\/index.php\/2022\/04\/21\/a-fronte-nacionalista-reitera-a-necesidade-dunha-auditoria-integral-diante-dos-diferentes-estudos-que-alertan-de-perdas-dun-30-na-rede-de-abastecemento\/"]}]},{"@type":"ImageObject","inLanguage":"gl-ES","@id":"https:\/\/www.anovapeneira.gal\/index.php\/2022\/04\/21\/a-fronte-nacionalista-reitera-a-necesidade-dunha-auditoria-integral-diante-dos-diferentes-estudos-que-alertan-de-perdas-dun-30-na-rede-de-abastecemento\/#primaryimage","url":"https:\/\/www.anovapeneira.gal\/wp-content\/uploads\/2020\/05\/logo_ponte_caldelas_a_nova_peneira.jpg","contentUrl":"https:\/\/www.anovapeneira.gal\/wp-content\/uploads\/2020\/05\/logo_ponte_caldelas_a_nova_peneira.jpg","width":720,"height":432,"caption":"Concello de Ponte Caldelas A Nova Peneira"},{"@type":"BreadcrumbList","@id":"https:\/\/www.anovapeneira.gal\/index.php\/2022\/04\/21\/a-fronte-nacionalista-reitera-a-necesidade-dunha-auditoria-integral-diante-dos-diferentes-estudos-que-alertan-de-perdas-dun-30-na-rede-de-abastecemento\/#breadcrumb","itemListElement":[{"@type":"ListItem","position":1,"name":"Portada","item":"https:\/\/www.anovapeneira.gal\/"},{"@type":"ListItem","position":2,"name":"A fronte nacionalista reitera a necesidade dunha auditor\u00eda integral diante dos diferentes estudos que alertan de perdas dun 30% na rede de abastecemento"}]},{"@type":"WebSite","@id":"https:\/\/www.anovapeneira.gal\/#website","url":"https:\/\/www.anovapeneira.gal\/","name":"","description":"Xornal galego de informaci\u00f3n xeral Publicaci\u00f3n mensual de novas de Galicia e en especial dos Concellos da sur da provincia de Pontevedra.","publisher":{"@id":"https:\/\/www.anovapeneira.gal\/#organization"},"potentialAction":[{"@type":"SearchAction","target":{"@type":"EntryPoint","urlTemplate":"https:\/\/www.anovapeneira.gal\/?s={search_term_string}"},"query-input":{"@type":"PropertyValueSpecification","valueRequired":true,"valueName":"search_term_string"}}],"inLanguage":"gl-ES"},{"@type":"Organization","@id":"https:\/\/www.anovapeneira.gal\/#organization","name":"A Nova Peneira","url":"https:\/\/www.anovapeneira.gal\/","logo":{"@type":"ImageObject","inLanguage":"gl-ES","@id":"https:\/\/www.anovapeneira.gal\/#\/schema\/logo\/image\/","url":"http:\/\/www.anovapeneira.gal\/wp-content\/uploads\/2019\/06\/logo_a_nova_peneira_portal_web.png","contentUrl":"http:\/\/www.anovapeneira.gal\/wp-content\/uploads\/2019\/06\/logo_a_nova_peneira_portal_web.png","width":300,"height":100,"caption":"A Nova Peneira"},"image":{"@id":"https:\/\/www.anovapeneira.gal\/#\/schema\/logo\/image\/"},"sameAs":["https:\/\/www.facebook.com\/anovapeneira","https:\/\/x.com\/APeneira"]},{"@type":"Person","@id":"https:\/\/www.anovapeneira.gal\/#\/schema\/person\/b93e3f8932e3f8da96334607eb6ac6aa","name":"Redacci\u00f3n A Nova Peneira","image":{"@type":"ImageObject","inLanguage":"gl-ES","@id":"https:\/\/secure.gravatar.com\/avatar\/c052a2551a06e23fac63626232eaa90abd78dbcf1700fc46a2b2c89fd27b735f?s=96&d=mm&r=g","url":"https:\/\/secure.gravatar.com\/avatar\/c052a2551a06e23fac63626232eaa90abd78dbcf1700fc46a2b2c89fd27b735f?s=96&d=mm&r=g","contentUrl":"https:\/\/secure.gravatar.com\/avatar\/c052a2551a06e23fac63626232eaa90abd78dbcf1700fc46a2b2c89fd27b735f?s=96&d=mm&r=g","caption":"Redacci\u00f3n A Nova Peneira"},"sameAs":["http:\/\/www.anovapeneira.gal\/"],"url":"https:\/\/www.anovapeneira.gal\/index.php\/author\/redactor\/"}]}},"jetpack_featured_media_url":"https:\/\/www.anovapeneira.gal\/wp-content\/uploads\/2020\/05\/logo_ponte_caldelas_a_nova_peneira.jpg","_links":{"self":[{"href":"https:\/\/www.anovapeneira.gal\/index.php\/wp-json\/wp\/v2\/posts\/7327","targetHints":{"allow":["GET"]}}],"collection":[{"href":"https:\/\/www.anovapeneira.gal\/index.php\/wp-json\/wp\/v2\/posts"}],"about":[{"href":"https:\/\/www.anovapeneira.gal\/index.php\/wp-json\/wp\/v2\/types\/post"}],"author":[{"embeddable":true,"href":"https:\/\/www.anovapeneira.gal\/index.php\/wp-json\/wp\/v2\/users\/3"}],"replies":[{"embeddable":true,"href":"https:\/\/www.anovapeneira.gal\/index.php\/wp-json\/wp\/v2\/comments?post=7327"}],"version-history":[{"count":1,"href":"https:\/\/www.anovapeneira.gal\/index.php\/wp-json\/wp\/v2\/posts\/7327\/revisions"}],"predecessor-version":[{"id":7328,"href":"https:\/\/www.anovapeneira.gal\/index.php\/wp-json\/wp\/v2\/posts\/7327\/revisions\/7328"}],"wp:featuredmedia":[{"embeddable":true,"href":"https:\/\/www.anovapeneira.gal\/index.php\/wp-json\/wp\/v2\/media\/3219"}],"wp:attachment":[{"href":"https:\/\/www.anovapeneira.gal\/index.php\/wp-json\/wp\/v2\/media?parent=7327"}],"wp:term":[{"taxonomy":"category","embeddable":true,"href":"https:\/\/www.anovapeneira.gal\/index.php\/wp-json\/wp\/v2\/categories?post=7327"},{"taxonomy":"post_tag","embeddable":true,"href":"https:\/\/www.anovapeneira.gal\/index.php\/wp-json\/wp\/v2\/tags?post=7327"}],"curies":[{"name":"wp","href":"https:\/\/api.w.org\/{rel}","templated":true}]}}