{"id":7329,"date":"2022-04-22T10:00:00","date_gmt":"2022-04-22T08:00:00","guid":{"rendered":"https:\/\/www.anovapeneira.gal\/?p=7329"},"modified":"2022-04-18T10:30:52","modified_gmt":"2022-04-18T08:30:52","slug":"o-ministerio-rectifica-as-oposicions-docentes-non-seran-por-un-unicosistema-de-ingreso","status":"publish","type":"post","link":"https:\/\/www.anovapeneira.gal\/index.php\/2022\/04\/22\/o-ministerio-rectifica-as-oposicions-docentes-non-seran-por-un-unicosistema-de-ingreso\/","title":{"rendered":"O\u00a0Ministerio\u00a0rectifica:\u00a0as\u00a0oposici\u00f3ns\u00a0docentes\u00a0non\u00a0ser\u00e1n\u00a0por\u00a0un\u00a0\u00fanicosistema\u00a0de\u00a0ingreso"},"content":{"rendered":"\n<p><strong>Compostela,\u00a013\u00a0de\u00a0abril\u00a0de\u00a02022<\/strong><\/p>\n\n\n\n<p>A CIG-Ensino lamenta que non se tivesen atendido as alegaci\u00f3ns do sindicato, que xa advertiu en decembro da d\u00fabidas legais de aplicar un mesmo sistema \u00e1s prazas derivadas da lei 20\/2021 e \u00e1s prazas de reposici\u00f3n.<br><br>Novo xiro de gui\u00f3n no despr\u00f3posito de xesti\u00f3n do Ministerio de Educaci\u00f3n no que respecta aos procesos selectivos que se desenvolver\u00e1n nos pr\u00f3ximos dous anos. Dun xeito totalmente inesperado o Goberno aprobou o RD 270\/2022, que modifica o RD 276\/2007, cun cambio fundamental sobre o texto previsto.<br><br>A modificaci\u00f3n implica que as prazas de reposici\u00f3n (xubilaci\u00f3ns, falecementos etc) non poden ter o mesmo sistema de ingreso que as de \u201cestabilizaci\u00f3n\u201d que se ofertan pola v\u00eda do concurso oposici\u00f3n extraordinario (vinculadas co artigo 2 da Lei 20\/2021). En consecuencia, e no que afecta a Galiza, a Consellar\u00eda deber\u00e1 convocar por separado d\u00faas oposici\u00f3ns con dous sistemas diferentes:<br><br>&#8211; Un concurso oposici\u00f3n extraordinario (coas normas do novo RD 270\/2022) para as prazas de estabilizaci\u00f3n derivadas da Lei 20\/2021 e que, segundo a os criterios e a proposta inicial da Consellar\u00eda, ser\u00edan 115 co seguinte reparto por especialidades: ligaz\u00f3n. [<a href=\"https:\/\/www.cig-ensino.gal\/files\/MS\/2022\/20220329OPEs\/20220329-115-prazas-ope-oposicion-inicial-consellaria.pdf\" target=\"_blank\" rel=\"noreferrer noopener\">1<\/a>]<br><br>&#8211; Un concurso oposici\u00f3n ordinario (coas mesmas normas que as oposici\u00f3ns deste ano 2022 [<a href=\"https:\/\/www.cig-ensino.gal\/files\/MS\/2022\/20220114MesaOfertaOpos\/BaremoOPOS.jpg\" target=\"_blank\" rel=\"noreferrer noopener\">2<\/a>]) que se recollen no RD 276\/2007 para todas as prazas de reposici\u00f3n (xubilaci\u00f3ns, defunci\u00f3ns, etc) que se produzan neste ano 2022.<br><br>Para procurar botar algo de luz a unha xesti\u00f3n err\u00e1tica por parte do Ministerio \u00e9 ben recuperar a informaci\u00f3n da CIG-Ensino sobre a \u201cnegociaci\u00f3n\u201d na Mesa estatal, [<a href=\"https:\/\/www.cig-ensino.gal\/nova\/mesa-sectorial-estado-rd-acceso-ingreso.html\" target=\"_blank\" rel=\"noreferrer noopener\">3<\/a>] na que con todo luxo de detalles o sindicato maioritario en Galiza cuestionou a legalidade da proposta de unificar ambos procesos (estabilizaci\u00f3n e reposici\u00f3n) polo car\u00e1cter<br>restritivo e limitante da Lei 20\/2021 e propuxo que negociase unha modificaci\u00f3n do RD 276\/2007 con car\u00e1cter xeral -para os procesos ordinarios-.<br><br>O concurso de m\u00e9ritos excepcional non se ve afectado<br><br>A modificaci\u00f3n final s\u00f3 afecta ao concurso oposici\u00f3n extraordinario, polo que todo o relacionado coa convocatoria do concurso excepcional segue o seu curso. Tras a publicaci\u00f3n do RD 270\/2022, co que se recolle na disposici\u00f3n transitoria 5\u00aa que se incorpora ao RD276\/2007, a Consellar\u00eda de Educaci\u00f3n ten xa todos os recursos legais na s\u00faa man para negociar e publicar a OPE vinculada a este proceso que, como \u00e9 sabido, ten que facerse antes do 1 de xu\u00f1o e coa convocatoria prevista para setembro ou outubro, cunha oferta inicial de 1.101 prazas [<a href=\"https:\/\/www.cig-ensino.gal\/files\/MS\/2022\/20220329OPEs\/20220329-1101-prazas-ope-concurso-inicial-consellaria.pdf\" target=\"_blank\" rel=\"noreferrer noopener\">4<\/a>], en fase de alegaci\u00f3ns.<br><br>Que vai pasar coa convocatoria do concurso-oposici\u00f3n extraordinario?<br><br>A Consellar\u00eda de Educaci\u00f3n ten agora d\u00faas alternativas: convocar simultaneamente nas mesmas datas (xu\u00f1o de 2023) os dous procesos selectivos de concurso oposici\u00f3n (estabilizaci\u00f3n e reposici\u00f3n) ou facelo en datas diferentes. Os \u00fanicos requisitos formais que ten a obriga de cumprir ao respecto do proceso extraordinario son dous:<br>publicar a convocatoria antes de rematar o ano e ter rematado proceso antes de finais de 2024.<br><br>Se se tivese previsto legalmente un \u00fanico sistema extraordinario, como propuxo a CIG-Ensino, no que se computasen de partida todas as prazas ocupadas por profesorado interino con antig\u00fcidade previa a 2018, a situaci\u00f3n ser\u00eda ben diferente: teriamos neste momento un sistema moi semellante \u00e1 dobre v\u00eda de acceso que defendeu e defende o sindicato.<br><br>En todo caso, e tendo en conta que o proceso extraordinario afectar\u00e1 a un n\u00famero reducido de prazas, a conclusi\u00f3n \u00e9 que, f\u00f3ra deste proceso, as oposici\u00f3ns que se celebren no 2023 e 2024 ser\u00e1n en Galiza polo sistema ordinario.<br><br>Conf\u00edrmase que o que menos lle interesa ao Goberno e aos sindicatos a nivel estatal \u00e9 a situaci\u00f3n do profesorado galego, actual e futuro.<br><br>Esta afirmaci\u00f3n sust\u00e9ntase nos datos dos acordos sindicais previos, nas medidas lexislativas dese\u00f1adas de costas \u00e1 realidade galega, e nas posici\u00f3ns na Mesa Docente estatal, tanto da administraci\u00f3n como dos valedores dos acordos sindicais: en ning\u00fan destes pasos se tivo en conta que a realidade do profesorado galego, e do interino en<br>particular, non se acomoda para nada coa que existe na maior\u00eda das CC.AA.<br><br>O feito de que a realidade do profesorado interino galego nos leve a unha oferta moi cativa de prazas no concurso oposici\u00f3n extraordinario, con esa cifra actual de 115 prazas (logo de priorizar, como \u00e9 l\u00f3xico, as prazas de concurso) evidencia que a norma se dese\u00f1ou e apoiou, tanto desde a banda gobernamental como desde a sindical, de costas \u00e1 nosa realidade.<br><br>A CIG-Ensino xa alertou durante a negociaci\u00f3n de cuesti\u00f3ns que, de se teren en conta, nos situar\u00edan nun escenario ben diferente. A formulaci\u00f3n das nosas propostas part\u00eda, evidentemente, dunha \u201cfacilidade\u201d: co\u00f1ec\u00edamos a situaci\u00f3n do profesorado galego e as<br>iniciativas part\u00edan desta realidade; non de solucionar outros problemas de car\u00e1cter xeral (de todos os sectores da administraci\u00f3n p\u00fablica) nin do \u00e1mbito educativo estatal (cunhas diferenzas enormes entres as diferentes comunidades aut\u00f3nomas). Todos os feitos acontecidos nestes \u00faltimos meses confirman a nosa denuncia de decembro de 2021: _\u201cA<br>mellor norma estatal \u00e9 a que non existe ou, no seu caso, a que non impide que os procesos selectivos se poidan acomodar \u00e1 realidade galega. A modificaci\u00f3n do RD de ingreso na funci\u00f3n docente non o fai nin de lonxe\u201d.<\/p>\n","protected":false},"excerpt":{"rendered":"<div class=\"mh-excerpt\"><p>ecembro da d\u00fabidas legais de aplicar un mesmo sistema \u00e1s prazas derivadas da lei 20\/2021 e \u00e1s prazas de reposici\u00f3n <a class=\"mh-excerpt-more\" href=\"https:\/\/www.anovapeneira.gal\/index.php\/2022\/04\/22\/o-ministerio-rectifica-as-oposicions-docentes-non-seran-por-un-unicosistema-de-ingreso\/\" title=\"O\u00a0Ministerio\u00a0rectifica:\u00a0as\u00a0oposici\u00f3ns\u00a0docentes\u00a0non\u00a0ser\u00e1n\u00a0por\u00a0un\u00a0\u00fanicosistema\u00a0de\u00a0ingreso\">[&#8230;]<\/a><\/p>\n<\/div>","protected":false},"author":3,"featured_media":632,"comment_status":"open","ping_status":"open","sticky":false,"template":"","format":"standard","meta":{"_exactmetrics_skip_tracking":false,"_exactmetrics_sitenote_active":false,"_exactmetrics_sitenote_note":"","_exactmetrics_sitenote_category":0,"footnotes":""},"categories":[263],"tags":[254],"class_list":{"0":"post-7329","1":"post","2":"type-post","3":"status-publish","4":"format-standard","5":"has-post-thumbnail","7":"category-novas","8":"tag-cig-ensino"},"yoast_head":"<!-- This site is optimized with the Yoast SEO plugin v27.4 - https:\/\/yoast.com\/product\/yoast-seo-wordpress\/ -->\n<title>O\u00a0Ministerio\u00a0rectifica:\u00a0as\u00a0oposici\u00f3ns\u00a0docentes\u00a0non\u00a0ser\u00e1n\u00a0por\u00a0un\u00a0\u00fanicosistema\u00a0de\u00a0ingreso -<\/title>\n<meta name=\"description\" content=\"CIG-Ensino lamenta que non se tivesen atendido as alegaci\u00f3ns do sindicato, que xa advertiu en decembro da d\u00fabidas legais de aplicar un mesmo sistema \u00e1s prazas derivadas da lei 20\/2021 e \u00e1s prazas de reposici\u00f3n\" \/>\n<meta name=\"robots\" content=\"index, follow, max-snippet:-1, max-image-preview:large, max-video-preview:-1\" \/>\n<link rel=\"canonical\" href=\"https:\/\/www.anovapeneira.gal\/index.php\/2022\/04\/22\/o-ministerio-rectifica-as-oposicions-docentes-non-seran-por-un-unicosistema-de-ingreso\/\" \/>\n<meta property=\"og:locale\" content=\"gl_ES\" \/>\n<meta property=\"og:type\" content=\"article\" \/>\n<meta property=\"og:title\" content=\"O\u00a0Ministerio\u00a0rectifica:\u00a0as\u00a0oposici\u00f3ns\u00a0docentes\u00a0non\u00a0ser\u00e1n\u00a0por\u00a0un\u00a0\u00fanicosistema\u00a0de\u00a0ingreso -\" \/>\n<meta property=\"og:description\" content=\"CIG-Ensino lamenta que non se tivesen atendido as alegaci\u00f3ns do sindicato, que xa advertiu en decembro da d\u00fabidas legais de aplicar un mesmo sistema \u00e1s prazas derivadas da lei 20\/2021 e \u00e1s prazas de reposici\u00f3n\" \/>\n<meta property=\"og:url\" content=\"https:\/\/www.anovapeneira.gal\/index.php\/2022\/04\/22\/o-ministerio-rectifica-as-oposicions-docentes-non-seran-por-un-unicosistema-de-ingreso\/\" \/>\n<meta property=\"article:publisher\" content=\"https:\/\/www.facebook.com\/anovapeneira\" \/>\n<meta property=\"article:published_time\" content=\"2022-04-22T08:00:00+00:00\" \/>\n<meta property=\"og:image\" content=\"https:\/\/www.anovapeneira.gal\/wp-content\/uploads\/2019\/07\/CIG_a_nova_peneira.png\" \/>\n\t<meta property=\"og:image:width\" content=\"720\" \/>\n\t<meta property=\"og:image:height\" content=\"473\" \/>\n\t<meta property=\"og:image:type\" content=\"image\/png\" \/>\n<meta name=\"author\" content=\"Redacci\u00f3n A Nova Peneira\" \/>\n<meta name=\"twitter:card\" content=\"summary_large_image\" \/>\n<meta name=\"twitter:creator\" content=\"@APeneira\" \/>\n<meta name=\"twitter:site\" content=\"@APeneira\" \/>\n<meta name=\"twitter:label1\" content=\"Escrito por\" \/>\n\t<meta name=\"twitter:data1\" content=\"Redacci\u00f3n A Nova Peneira\" \/>\n\t<meta name=\"twitter:label2\" content=\"Tempo de lectura\" \/>\n\t<meta name=\"twitter:data2\" content=\"5 minutos\" \/>\n<script type=\"application\/ld+json\" class=\"yoast-schema-graph\">{\"@context\":\"https:\\\/\\\/schema.org\",\"@graph\":[{\"@type\":\"Article\",\"@id\":\"https:\\\/\\\/www.anovapeneira.gal\\\/index.php\\\/2022\\\/04\\\/22\\\/o-ministerio-rectifica-as-oposicions-docentes-non-seran-por-un-unicosistema-de-ingreso\\\/#article\",\"isPartOf\":{\"@id\":\"https:\\\/\\\/www.anovapeneira.gal\\\/index.php\\\/2022\\\/04\\\/22\\\/o-ministerio-rectifica-as-oposicions-docentes-non-seran-por-un-unicosistema-de-ingreso\\\/\"},\"author\":{\"name\":\"Redacci\u00f3n A Nova Peneira\",\"@id\":\"https:\\\/\\\/www.anovapeneira.gal\\\/#\\\/schema\\\/person\\\/b93e3f8932e3f8da96334607eb6ac6aa\"},\"headline\":\"O\u00a0Ministerio\u00a0rectifica:\u00a0as\u00a0oposici\u00f3ns\u00a0docentes\u00a0non\u00a0ser\u00e1n\u00a0por\u00a0un\u00a0\u00fanicosistema\u00a0de\u00a0ingreso\",\"datePublished\":\"2022-04-22T08:00:00+00:00\",\"mainEntityOfPage\":{\"@id\":\"https:\\\/\\\/www.anovapeneira.gal\\\/index.php\\\/2022\\\/04\\\/22\\\/o-ministerio-rectifica-as-oposicions-docentes-non-seran-por-un-unicosistema-de-ingreso\\\/\"},\"wordCount\":914,\"commentCount\":0,\"publisher\":{\"@id\":\"https:\\\/\\\/www.anovapeneira.gal\\\/#organization\"},\"image\":{\"@id\":\"https:\\\/\\\/www.anovapeneira.gal\\\/index.php\\\/2022\\\/04\\\/22\\\/o-ministerio-rectifica-as-oposicions-docentes-non-seran-por-un-unicosistema-de-ingreso\\\/#primaryimage\"},\"thumbnailUrl\":\"https:\\\/\\\/www.anovapeneira.gal\\\/wp-content\\\/uploads\\\/2019\\\/07\\\/CIG_a_nova_peneira.png\",\"keywords\":[\"CIG-Ensino\"],\"articleSection\":[\"Novas\"],\"inLanguage\":\"gl-ES\",\"potentialAction\":[{\"@type\":\"CommentAction\",\"name\":\"Comment\",\"target\":[\"https:\\\/\\\/www.anovapeneira.gal\\\/index.php\\\/2022\\\/04\\\/22\\\/o-ministerio-rectifica-as-oposicions-docentes-non-seran-por-un-unicosistema-de-ingreso\\\/#respond\"]}]},{\"@type\":\"WebPage\",\"@id\":\"https:\\\/\\\/www.anovapeneira.gal\\\/index.php\\\/2022\\\/04\\\/22\\\/o-ministerio-rectifica-as-oposicions-docentes-non-seran-por-un-unicosistema-de-ingreso\\\/\",\"url\":\"https:\\\/\\\/www.anovapeneira.gal\\\/index.php\\\/2022\\\/04\\\/22\\\/o-ministerio-rectifica-as-oposicions-docentes-non-seran-por-un-unicosistema-de-ingreso\\\/\",\"name\":\"O\u00a0Ministerio\u00a0rectifica:\u00a0as\u00a0oposici\u00f3ns\u00a0docentes\u00a0non\u00a0ser\u00e1n\u00a0por\u00a0un\u00a0\u00fanicosistema\u00a0de\u00a0ingreso -\",\"isPartOf\":{\"@id\":\"https:\\\/\\\/www.anovapeneira.gal\\\/#website\"},\"primaryImageOfPage\":{\"@id\":\"https:\\\/\\\/www.anovapeneira.gal\\\/index.php\\\/2022\\\/04\\\/22\\\/o-ministerio-rectifica-as-oposicions-docentes-non-seran-por-un-unicosistema-de-ingreso\\\/#primaryimage\"},\"image\":{\"@id\":\"https:\\\/\\\/www.anovapeneira.gal\\\/index.php\\\/2022\\\/04\\\/22\\\/o-ministerio-rectifica-as-oposicions-docentes-non-seran-por-un-unicosistema-de-ingreso\\\/#primaryimage\"},\"thumbnailUrl\":\"https:\\\/\\\/www.anovapeneira.gal\\\/wp-content\\\/uploads\\\/2019\\\/07\\\/CIG_a_nova_peneira.png\",\"datePublished\":\"2022-04-22T08:00:00+00:00\",\"description\":\"CIG-Ensino lamenta que non se tivesen atendido as alegaci\u00f3ns do sindicato, que xa advertiu en decembro da d\u00fabidas legais de aplicar un mesmo sistema \u00e1s prazas derivadas da lei 20\\\/2021 e \u00e1s prazas de reposici\u00f3n\",\"breadcrumb\":{\"@id\":\"https:\\\/\\\/www.anovapeneira.gal\\\/index.php\\\/2022\\\/04\\\/22\\\/o-ministerio-rectifica-as-oposicions-docentes-non-seran-por-un-unicosistema-de-ingreso\\\/#breadcrumb\"},\"inLanguage\":\"gl-ES\",\"potentialAction\":[{\"@type\":\"ReadAction\",\"target\":[\"https:\\\/\\\/www.anovapeneira.gal\\\/index.php\\\/2022\\\/04\\\/22\\\/o-ministerio-rectifica-as-oposicions-docentes-non-seran-por-un-unicosistema-de-ingreso\\\/\"]}]},{\"@type\":\"ImageObject\",\"inLanguage\":\"gl-ES\",\"@id\":\"https:\\\/\\\/www.anovapeneira.gal\\\/index.php\\\/2022\\\/04\\\/22\\\/o-ministerio-rectifica-as-oposicions-docentes-non-seran-por-un-unicosistema-de-ingreso\\\/#primaryimage\",\"url\":\"https:\\\/\\\/www.anovapeneira.gal\\\/wp-content\\\/uploads\\\/2019\\\/07\\\/CIG_a_nova_peneira.png\",\"contentUrl\":\"https:\\\/\\\/www.anovapeneira.gal\\\/wp-content\\\/uploads\\\/2019\\\/07\\\/CIG_a_nova_peneira.png\",\"width\":720,\"height\":473,\"caption\":\"Confederaci\u00f3n Intersindical Galega A Nova Peneira\"},{\"@type\":\"BreadcrumbList\",\"@id\":\"https:\\\/\\\/www.anovapeneira.gal\\\/index.php\\\/2022\\\/04\\\/22\\\/o-ministerio-rectifica-as-oposicions-docentes-non-seran-por-un-unicosistema-de-ingreso\\\/#breadcrumb\",\"itemListElement\":[{\"@type\":\"ListItem\",\"position\":1,\"name\":\"Portada\",\"item\":\"https:\\\/\\\/www.anovapeneira.gal\\\/\"},{\"@type\":\"ListItem\",\"position\":2,\"name\":\"O\u00a0Ministerio\u00a0rectifica:\u00a0as\u00a0oposici\u00f3ns\u00a0docentes\u00a0non\u00a0ser\u00e1n\u00a0por\u00a0un\u00a0\u00fanicosistema\u00a0de\u00a0ingreso\"}]},{\"@type\":\"WebSite\",\"@id\":\"https:\\\/\\\/www.anovapeneira.gal\\\/#website\",\"url\":\"https:\\\/\\\/www.anovapeneira.gal\\\/\",\"name\":\"\",\"description\":\"Xornal galego de informaci\u00f3n xeral Publicaci\u00f3n mensual de novas de Galicia e en especial dos Concellos da sur da provincia de Pontevedra.\",\"publisher\":{\"@id\":\"https:\\\/\\\/www.anovapeneira.gal\\\/#organization\"},\"potentialAction\":[{\"@type\":\"SearchAction\",\"target\":{\"@type\":\"EntryPoint\",\"urlTemplate\":\"https:\\\/\\\/www.anovapeneira.gal\\\/?s={search_term_string}\"},\"query-input\":{\"@type\":\"PropertyValueSpecification\",\"valueRequired\":true,\"valueName\":\"search_term_string\"}}],\"inLanguage\":\"gl-ES\"},{\"@type\":\"Organization\",\"@id\":\"https:\\\/\\\/www.anovapeneira.gal\\\/#organization\",\"name\":\"A Nova Peneira\",\"url\":\"https:\\\/\\\/www.anovapeneira.gal\\\/\",\"logo\":{\"@type\":\"ImageObject\",\"inLanguage\":\"gl-ES\",\"@id\":\"https:\\\/\\\/www.anovapeneira.gal\\\/#\\\/schema\\\/logo\\\/image\\\/\",\"url\":\"http:\\\/\\\/www.anovapeneira.gal\\\/wp-content\\\/uploads\\\/2019\\\/06\\\/logo_a_nova_peneira_portal_web.png\",\"contentUrl\":\"http:\\\/\\\/www.anovapeneira.gal\\\/wp-content\\\/uploads\\\/2019\\\/06\\\/logo_a_nova_peneira_portal_web.png\",\"width\":300,\"height\":100,\"caption\":\"A Nova Peneira\"},\"image\":{\"@id\":\"https:\\\/\\\/www.anovapeneira.gal\\\/#\\\/schema\\\/logo\\\/image\\\/\"},\"sameAs\":[\"https:\\\/\\\/www.facebook.com\\\/anovapeneira\",\"https:\\\/\\\/x.com\\\/APeneira\"]},{\"@type\":\"Person\",\"@id\":\"https:\\\/\\\/www.anovapeneira.gal\\\/#\\\/schema\\\/person\\\/b93e3f8932e3f8da96334607eb6ac6aa\",\"name\":\"Redacci\u00f3n A Nova Peneira\",\"image\":{\"@type\":\"ImageObject\",\"inLanguage\":\"gl-ES\",\"@id\":\"https:\\\/\\\/secure.gravatar.com\\\/avatar\\\/c052a2551a06e23fac63626232eaa90abd78dbcf1700fc46a2b2c89fd27b735f?s=96&d=mm&r=g\",\"url\":\"https:\\\/\\\/secure.gravatar.com\\\/avatar\\\/c052a2551a06e23fac63626232eaa90abd78dbcf1700fc46a2b2c89fd27b735f?s=96&d=mm&r=g\",\"contentUrl\":\"https:\\\/\\\/secure.gravatar.com\\\/avatar\\\/c052a2551a06e23fac63626232eaa90abd78dbcf1700fc46a2b2c89fd27b735f?s=96&d=mm&r=g\",\"caption\":\"Redacci\u00f3n A Nova Peneira\"},\"sameAs\":[\"http:\\\/\\\/www.anovapeneira.gal\\\/\"],\"url\":\"https:\\\/\\\/www.anovapeneira.gal\\\/index.php\\\/author\\\/redactor\\\/\"}]}<\/script>\n<!-- \/ Yoast SEO plugin. -->","yoast_head_json":{"title":"O\u00a0Ministerio\u00a0rectifica:\u00a0as\u00a0oposici\u00f3ns\u00a0docentes\u00a0non\u00a0ser\u00e1n\u00a0por\u00a0un\u00a0\u00fanicosistema\u00a0de\u00a0ingreso -","description":"CIG-Ensino lamenta que non se tivesen atendido as alegaci\u00f3ns do sindicato, que xa advertiu en decembro da d\u00fabidas legais de aplicar un mesmo sistema \u00e1s prazas derivadas da lei 20\/2021 e \u00e1s prazas de reposici\u00f3n","robots":{"index":"index","follow":"follow","max-snippet":"max-snippet:-1","max-image-preview":"max-image-preview:large","max-video-preview":"max-video-preview:-1"},"canonical":"https:\/\/www.anovapeneira.gal\/index.php\/2022\/04\/22\/o-ministerio-rectifica-as-oposicions-docentes-non-seran-por-un-unicosistema-de-ingreso\/","og_locale":"gl_ES","og_type":"article","og_title":"O\u00a0Ministerio\u00a0rectifica:\u00a0as\u00a0oposici\u00f3ns\u00a0docentes\u00a0non\u00a0ser\u00e1n\u00a0por\u00a0un\u00a0\u00fanicosistema\u00a0de\u00a0ingreso -","og_description":"CIG-Ensino lamenta que non se tivesen atendido as alegaci\u00f3ns do sindicato, que xa advertiu en decembro da d\u00fabidas legais de aplicar un mesmo sistema \u00e1s prazas derivadas da lei 20\/2021 e \u00e1s prazas de reposici\u00f3n","og_url":"https:\/\/www.anovapeneira.gal\/index.php\/2022\/04\/22\/o-ministerio-rectifica-as-oposicions-docentes-non-seran-por-un-unicosistema-de-ingreso\/","article_publisher":"https:\/\/www.facebook.com\/anovapeneira","article_published_time":"2022-04-22T08:00:00+00:00","og_image":[{"width":720,"height":473,"url":"https:\/\/www.anovapeneira.gal\/wp-content\/uploads\/2019\/07\/CIG_a_nova_peneira.png","type":"image\/png"}],"author":"Redacci\u00f3n A Nova Peneira","twitter_card":"summary_large_image","twitter_creator":"@APeneira","twitter_site":"@APeneira","twitter_misc":{"Escrito por":"Redacci\u00f3n A Nova Peneira","Tempo de lectura":"5 minutos"},"schema":{"@context":"https:\/\/schema.org","@graph":[{"@type":"Article","@id":"https:\/\/www.anovapeneira.gal\/index.php\/2022\/04\/22\/o-ministerio-rectifica-as-oposicions-docentes-non-seran-por-un-unicosistema-de-ingreso\/#article","isPartOf":{"@id":"https:\/\/www.anovapeneira.gal\/index.php\/2022\/04\/22\/o-ministerio-rectifica-as-oposicions-docentes-non-seran-por-un-unicosistema-de-ingreso\/"},"author":{"name":"Redacci\u00f3n A Nova Peneira","@id":"https:\/\/www.anovapeneira.gal\/#\/schema\/person\/b93e3f8932e3f8da96334607eb6ac6aa"},"headline":"O\u00a0Ministerio\u00a0rectifica:\u00a0as\u00a0oposici\u00f3ns\u00a0docentes\u00a0non\u00a0ser\u00e1n\u00a0por\u00a0un\u00a0\u00fanicosistema\u00a0de\u00a0ingreso","datePublished":"2022-04-22T08:00:00+00:00","mainEntityOfPage":{"@id":"https:\/\/www.anovapeneira.gal\/index.php\/2022\/04\/22\/o-ministerio-rectifica-as-oposicions-docentes-non-seran-por-un-unicosistema-de-ingreso\/"},"wordCount":914,"commentCount":0,"publisher":{"@id":"https:\/\/www.anovapeneira.gal\/#organization"},"image":{"@id":"https:\/\/www.anovapeneira.gal\/index.php\/2022\/04\/22\/o-ministerio-rectifica-as-oposicions-docentes-non-seran-por-un-unicosistema-de-ingreso\/#primaryimage"},"thumbnailUrl":"https:\/\/www.anovapeneira.gal\/wp-content\/uploads\/2019\/07\/CIG_a_nova_peneira.png","keywords":["CIG-Ensino"],"articleSection":["Novas"],"inLanguage":"gl-ES","potentialAction":[{"@type":"CommentAction","name":"Comment","target":["https:\/\/www.anovapeneira.gal\/index.php\/2022\/04\/22\/o-ministerio-rectifica-as-oposicions-docentes-non-seran-por-un-unicosistema-de-ingreso\/#respond"]}]},{"@type":"WebPage","@id":"https:\/\/www.anovapeneira.gal\/index.php\/2022\/04\/22\/o-ministerio-rectifica-as-oposicions-docentes-non-seran-por-un-unicosistema-de-ingreso\/","url":"https:\/\/www.anovapeneira.gal\/index.php\/2022\/04\/22\/o-ministerio-rectifica-as-oposicions-docentes-non-seran-por-un-unicosistema-de-ingreso\/","name":"O\u00a0Ministerio\u00a0rectifica:\u00a0as\u00a0oposici\u00f3ns\u00a0docentes\u00a0non\u00a0ser\u00e1n\u00a0por\u00a0un\u00a0\u00fanicosistema\u00a0de\u00a0ingreso -","isPartOf":{"@id":"https:\/\/www.anovapeneira.gal\/#website"},"primaryImageOfPage":{"@id":"https:\/\/www.anovapeneira.gal\/index.php\/2022\/04\/22\/o-ministerio-rectifica-as-oposicions-docentes-non-seran-por-un-unicosistema-de-ingreso\/#primaryimage"},"image":{"@id":"https:\/\/www.anovapeneira.gal\/index.php\/2022\/04\/22\/o-ministerio-rectifica-as-oposicions-docentes-non-seran-por-un-unicosistema-de-ingreso\/#primaryimage"},"thumbnailUrl":"https:\/\/www.anovapeneira.gal\/wp-content\/uploads\/2019\/07\/CIG_a_nova_peneira.png","datePublished":"2022-04-22T08:00:00+00:00","description":"CIG-Ensino lamenta que non se tivesen atendido as alegaci\u00f3ns do sindicato, que xa advertiu en decembro da d\u00fabidas legais de aplicar un mesmo sistema \u00e1s prazas derivadas da lei 20\/2021 e \u00e1s prazas de reposici\u00f3n","breadcrumb":{"@id":"https:\/\/www.anovapeneira.gal\/index.php\/2022\/04\/22\/o-ministerio-rectifica-as-oposicions-docentes-non-seran-por-un-unicosistema-de-ingreso\/#breadcrumb"},"inLanguage":"gl-ES","potentialAction":[{"@type":"ReadAction","target":["https:\/\/www.anovapeneira.gal\/index.php\/2022\/04\/22\/o-ministerio-rectifica-as-oposicions-docentes-non-seran-por-un-unicosistema-de-ingreso\/"]}]},{"@type":"ImageObject","inLanguage":"gl-ES","@id":"https:\/\/www.anovapeneira.gal\/index.php\/2022\/04\/22\/o-ministerio-rectifica-as-oposicions-docentes-non-seran-por-un-unicosistema-de-ingreso\/#primaryimage","url":"https:\/\/www.anovapeneira.gal\/wp-content\/uploads\/2019\/07\/CIG_a_nova_peneira.png","contentUrl":"https:\/\/www.anovapeneira.gal\/wp-content\/uploads\/2019\/07\/CIG_a_nova_peneira.png","width":720,"height":473,"caption":"Confederaci\u00f3n Intersindical Galega A Nova Peneira"},{"@type":"BreadcrumbList","@id":"https:\/\/www.anovapeneira.gal\/index.php\/2022\/04\/22\/o-ministerio-rectifica-as-oposicions-docentes-non-seran-por-un-unicosistema-de-ingreso\/#breadcrumb","itemListElement":[{"@type":"ListItem","position":1,"name":"Portada","item":"https:\/\/www.anovapeneira.gal\/"},{"@type":"ListItem","position":2,"name":"O\u00a0Ministerio\u00a0rectifica:\u00a0as\u00a0oposici\u00f3ns\u00a0docentes\u00a0non\u00a0ser\u00e1n\u00a0por\u00a0un\u00a0\u00fanicosistema\u00a0de\u00a0ingreso"}]},{"@type":"WebSite","@id":"https:\/\/www.anovapeneira.gal\/#website","url":"https:\/\/www.anovapeneira.gal\/","name":"","description":"Xornal galego de informaci\u00f3n xeral Publicaci\u00f3n mensual de novas de Galicia e en especial dos Concellos da sur da provincia de Pontevedra.","publisher":{"@id":"https:\/\/www.anovapeneira.gal\/#organization"},"potentialAction":[{"@type":"SearchAction","target":{"@type":"EntryPoint","urlTemplate":"https:\/\/www.anovapeneira.gal\/?s={search_term_string}"},"query-input":{"@type":"PropertyValueSpecification","valueRequired":true,"valueName":"search_term_string"}}],"inLanguage":"gl-ES"},{"@type":"Organization","@id":"https:\/\/www.anovapeneira.gal\/#organization","name":"A Nova Peneira","url":"https:\/\/www.anovapeneira.gal\/","logo":{"@type":"ImageObject","inLanguage":"gl-ES","@id":"https:\/\/www.anovapeneira.gal\/#\/schema\/logo\/image\/","url":"http:\/\/www.anovapeneira.gal\/wp-content\/uploads\/2019\/06\/logo_a_nova_peneira_portal_web.png","contentUrl":"http:\/\/www.anovapeneira.gal\/wp-content\/uploads\/2019\/06\/logo_a_nova_peneira_portal_web.png","width":300,"height":100,"caption":"A Nova Peneira"},"image":{"@id":"https:\/\/www.anovapeneira.gal\/#\/schema\/logo\/image\/"},"sameAs":["https:\/\/www.facebook.com\/anovapeneira","https:\/\/x.com\/APeneira"]},{"@type":"Person","@id":"https:\/\/www.anovapeneira.gal\/#\/schema\/person\/b93e3f8932e3f8da96334607eb6ac6aa","name":"Redacci\u00f3n A Nova Peneira","image":{"@type":"ImageObject","inLanguage":"gl-ES","@id":"https:\/\/secure.gravatar.com\/avatar\/c052a2551a06e23fac63626232eaa90abd78dbcf1700fc46a2b2c89fd27b735f?s=96&d=mm&r=g","url":"https:\/\/secure.gravatar.com\/avatar\/c052a2551a06e23fac63626232eaa90abd78dbcf1700fc46a2b2c89fd27b735f?s=96&d=mm&r=g","contentUrl":"https:\/\/secure.gravatar.com\/avatar\/c052a2551a06e23fac63626232eaa90abd78dbcf1700fc46a2b2c89fd27b735f?s=96&d=mm&r=g","caption":"Redacci\u00f3n A Nova Peneira"},"sameAs":["http:\/\/www.anovapeneira.gal\/"],"url":"https:\/\/www.anovapeneira.gal\/index.php\/author\/redactor\/"}]}},"jetpack_featured_media_url":"https:\/\/www.anovapeneira.gal\/wp-content\/uploads\/2019\/07\/CIG_a_nova_peneira.png","_links":{"self":[{"href":"https:\/\/www.anovapeneira.gal\/index.php\/wp-json\/wp\/v2\/posts\/7329","targetHints":{"allow":["GET"]}}],"collection":[{"href":"https:\/\/www.anovapeneira.gal\/index.php\/wp-json\/wp\/v2\/posts"}],"about":[{"href":"https:\/\/www.anovapeneira.gal\/index.php\/wp-json\/wp\/v2\/types\/post"}],"author":[{"embeddable":true,"href":"https:\/\/www.anovapeneira.gal\/index.php\/wp-json\/wp\/v2\/users\/3"}],"replies":[{"embeddable":true,"href":"https:\/\/www.anovapeneira.gal\/index.php\/wp-json\/wp\/v2\/comments?post=7329"}],"version-history":[{"count":3,"href":"https:\/\/www.anovapeneira.gal\/index.php\/wp-json\/wp\/v2\/posts\/7329\/revisions"}],"predecessor-version":[{"id":7333,"href":"https:\/\/www.anovapeneira.gal\/index.php\/wp-json\/wp\/v2\/posts\/7329\/revisions\/7333"}],"wp:featuredmedia":[{"embeddable":true,"href":"https:\/\/www.anovapeneira.gal\/index.php\/wp-json\/wp\/v2\/media\/632"}],"wp:attachment":[{"href":"https:\/\/www.anovapeneira.gal\/index.php\/wp-json\/wp\/v2\/media?parent=7329"}],"wp:term":[{"taxonomy":"category","embeddable":true,"href":"https:\/\/www.anovapeneira.gal\/index.php\/wp-json\/wp\/v2\/categories?post=7329"},{"taxonomy":"post_tag","embeddable":true,"href":"https:\/\/www.anovapeneira.gal\/index.php\/wp-json\/wp\/v2\/tags?post=7329"}],"curies":[{"name":"wp","href":"https:\/\/api.w.org\/{rel}","templated":true}]}}