{"id":7334,"date":"2022-04-19T12:00:16","date_gmt":"2022-04-19T10:00:16","guid":{"rendered":"https:\/\/www.anovapeneira.gal\/?p=7334"},"modified":"2022-04-19T09:19:24","modified_gmt":"2022-04-19T07:19:24","slug":"ana-ponton-portavoz-nacional-do-bng-2","status":"publish","type":"post","link":"https:\/\/www.anovapeneira.gal\/index.php\/2022\/04\/19\/ana-ponton-portavoz-nacional-do-bng-2\/","title":{"rendered":"Ana Pont\u00f3n, portavoz nacional do BNG"},"content":{"rendered":"\n<p><strong>Tino Lago<\/strong><\/p>\n\n\n\n<p><strong>A piques de que o noso pa\u00eds estree presidente,despois de que quen ga\u00f1ou as pasadas auton\u00f3micas co slogan \u201cGalicia Galicia Galicia\u201d marchase para Madrid na procura da liberdade, falamos coa xefa da oposici\u00f3n e portavoz do BNG Ana Pont\u00f3n. Ela \u00e9 unha muller que defende con paix\u00f3n e rigor aquilo no que cre, e que se amosa moi ilusionada en acadar o fito hist\u00f3rico de que por primeira vez o nacionalismo chegue a gobernar este pa\u00eds. Vela\u00ed vai o que deu de si a nosa conversa.<\/strong><\/p>\n\n\n\n<p>\u201c<strong>Temos o mellor proxecto para Galiza. E toca traballar desde a humildade, a convicci\u00f3n e o amor polo pa\u00eds para ensanchar o BNG e acadar o obxectivo dun cambio pol\u00edtico, tan necesario, para darlle futuro a todas as persoas que aqu\u00ed vivimos\u201d<\/strong><\/p>\n\n\n\n<p><strong>Comezamos pola horrible actualidade que \u00e9 a guerra que est\u00e1 a sufrir Ucra\u00edna. Cal \u00e9 a vosa posici\u00f3n ao respecto deste conflito?<\/strong><\/p>\n\n\n\n<blockquote class=\"wp-block-quote is-layout-flow wp-block-quote-is-layout-flow\"><p>N\u00f3s desde o primeiro momento tivemos moi claro que hai un agresor, que \u00e9 Rusia, e un agredido que \u00e9 Ucra\u00edna. Condenamos esta agresi\u00f3n e puxemos o foco en que a prioridade debe de ser p\u00f3r fin \u00e1 guerra. Tam\u00e9n \u00e9 certo \u00e9 que os acontecementos parecen amosar que hai intereses ocultos detr\u00e1s da guerra, que aos EEUU non lle interesa unha posici\u00f3n pacifista e que o que est\u00e1 pasando expl\u00edcase por raz\u00f3ns xeo estrat\u00e9xicas.<\/p><\/blockquote>\n\n\n\n<p><strong>Cando o presidente ucra\u00edno falou perante o parlamento espa\u00f1ol o voso deputado N\u00e9stor Rego non aplaudiu as s\u00faas palabras. Este episodio trouxo como consecuencia distintos ataques ao BNG. C\u00f3ntanos a t\u00faa opini\u00f3n?<\/strong><\/p>\n\n\n\n<blockquote class=\"wp-block-quote is-layout-flow wp-block-quote-is-layout-flow\"><p>Ben, eu reafirmo \u00e1 nosa posici\u00f3n e lamento profundamente que o PP e o PSdeG queiran atacar ao BNG con mentiras e usando a dor do pobo ucra\u00edno. Cadaqu\u00e9n retr\u00e1tase coas s\u00faas posici\u00f3ns e n\u00f3s imos estar sempre do lado da paz, do lado da solidariedade e tam\u00e9n do lado do antiimperialismo.<\/p><\/blockquote>\n\n\n\n<p><strong>Como prev\u00e9s que poidan evolucionar as cousas para poder chegar \u00e1 fin do conflito?<\/strong><\/p>\n\n\n\n<blockquote class=\"wp-block-quote is-layout-flow wp-block-quote-is-layout-flow\"><p>Non resulta f\u00e1cil de prever .O que te\u00f1o claro \u00e9 que canto m\u00e1is se alimente \u00e1 guerra m\u00e1is ucra\u00ednos e ucra\u00ednas van morrer, e m\u00e1is dor e sufrimento vai experimentar a poboaci\u00f3n dese pa\u00eds. N\u00f3s seguimos insistindo en que a soluci\u00f3n \u00e9 a v\u00eda diplom\u00e1tica. Pero a diplomacia utilizada coa convicci\u00f3n de p\u00f3r fin \u00e1 guerra, non a modo de escenificaci\u00f3n.<\/p><\/blockquote>\n\n\n\n<p><strong>A ra\u00edz do conflito b\u00e9lico entramos nunha espiral delirante de suba de prezos que fai insostible a vida para moitas persoas. A guerra \u00e9 a causa?, ou a guerra \u00e9 unha escusa para encher os petos dos que sempre os enchen?<\/strong><\/p>\n\n\n\n<blockquote class=\"wp-block-quote is-layout-flow wp-block-quote-is-layout-flow\"><p>A suba de produtos b\u00e1sicos, como por exemplo a electricidade, \u00e9 moi anterior \u00e1 guerra. Dicir que o conflito b\u00e9lico \u00e9 a causa \u00fanica da alza dos prezos \u00e9 unha falacia e un engano \u00e1 cidadan\u00eda. Seguro que hai alg\u00fans aspectos nos que a guerra infl\u00fae en que haxa unha maior inflaci\u00f3n, pero detr\u00e1s desta espiral inflacionista o que estamos vendo \u00e9 a usura dos grandes poderes econ\u00f3micos.<\/p><\/blockquote>\n\n\n\n<p><strong>As distintas administraci\u00f3ns do estado est\u00e1n a tomar medidas reais para conter a suba de prezos?<\/strong><\/p>\n\n\n\n<blockquote class=\"wp-block-quote is-layout-flow wp-block-quote-is-layout-flow\"><p>Non, vemos con estupefacci\u00f3n como non se toman medidas reais para evitar a escalada de prezos. E desde o BNG temos propostas moi claras.<\/p><\/blockquote>\n\n\n\n<p><strong>Cales son?<\/strong><\/p>\n\n\n\n<blockquote class=\"wp-block-quote is-layout-flow wp-block-quote-is-layout-flow\"><p>Unha tarifa el\u00e9ctrica galega m\u00e1is barata, p\u00f3r en marcha cambios estruturais no \u00e1mbito enerx\u00e9tico que acaben cos beneficios ca\u00eddos do ceo, subirlle os impostos \u00e1s el\u00e9ctricas para que contrib\u00faan nesta crise, apostar por unha empresa p\u00fablica de enerx\u00eda e avanzar cara a un modelo no que as renovables sexan un eixo fundamental<\/p><\/blockquote>\n\n\n\n<p><strong>E dos e\u00f3licos que nos dis?<\/strong><\/p>\n\n\n\n<blockquote class=\"wp-block-quote is-layout-flow wp-block-quote-is-layout-flow\"><p>N\u00f3s estamos en contra do modelo e\u00f3lico depredador que est\u00e1 a impulsar o partido popular en Galiza<\/p><\/blockquote>\n\n\n\n<p><strong>Finalmente o para\u00edso natural que \u00e9 a Serra da Groba acabar\u00e1 inzado de e\u00f3licos?<\/strong><\/p>\n\n\n\n<blockquote class=\"wp-block-quote is-layout-flow wp-block-quote-is-layout-flow\"><p>Eu agardo que con toda a presi\u00f3n social que existe conseguiremos que non se consume un modelo no que \u00e9 imprescindible po\u00f1er orde. A enerx\u00eda renovable \u00e9 o futuro, pero non pode facerse carg\u00e1ndose o medio ambiente, non pode facerse carg\u00e1ndose espazos singulares e non pode facerse sen que exista retorno para o pa\u00eds. Hai un clamor na sociedade galega que acabar\u00e1 por frear moitos deses proxectos m\u00e1is agresivos como o da Groba<\/p><\/blockquote>\n\n\n\n<p><strong>Val\u00f3ranos a manifestaci\u00f3n que convocou o BNG o pasado 3 de abril?<\/strong><\/p>\n\n\n\n<blockquote class=\"wp-block-quote is-layout-flow wp-block-quote-is-layout-flow\"><p>Ti\u00f1a dous obxectivos: amosar o insostible da situaci\u00f3n e reclamarlle m\u00e1is valent\u00eda aos gobernos para que tomen medidas efectivas que combatan esta escalada inflacionista, porque por unha banda temos un goberno central que d\u00e1 a sensaci\u00f3n de preocuparse m\u00e1is dos intereses das grandes multinacionais que dos problemas das e dos cidad\u00e1ns e por outra parte temos a un goberno galego que leva dous meses empantanado no proceso de sucesi\u00f3n de Feijoo.<\/p><\/blockquote>\n\n\n\n<p><strong>Ent\u00f3n a actuaci\u00f3n do goberno galego ao respecto da crise de prezos par\u00e9ceche insuficiente?<\/strong><\/p>\n\n\n\n<blockquote class=\"wp-block-quote is-layout-flow wp-block-quote-is-layout-flow\"><p>Non \u00e9 que sexa insuficiente , \u00e9 que \u00e9 inexistente. Non tomou nin unha soa medida extraordinaria para tratar de enfrontarse a un contexto tan delicado como este. E esta par\u00e1lise en parte explica que a inflaci\u00f3n sexa en Galiza superior \u00e1 do resto do estado.<\/p><\/blockquote>\n\n\n\n<p><strong>Un sector a que afecta especialmente a suba xeneralizada de prezos \u00e9 ao dos mozos e as mozas. Estudar, Ana, estase a converter nun luxo ao que cada vez \u00e9 m\u00e1is dif\u00edcil de acceder?<\/strong><\/p>\n\n\n\n<blockquote class=\"wp-block-quote is-layout-flow wp-block-quote-is-layout-flow\"><p>N\u00f3s apostamos claramente, sen matices, por unha universidade p\u00fablica e gratu\u00edta e desde logo entendemos que \u00e9 necesario destinar m\u00e1is recursos p\u00fablicos \u00e1 educaci\u00f3n, un dos valores esenciais da sociedade, para que estudar estea ao alcance de todas as persoas por igual. N\u00f3s consideramos que se debe cami\u00f1ar cara a supresi\u00f3n das taxas universitarias e entendemos necesario incrementar as axudas \u00e1s bolsas de estudo.<\/p><\/blockquote>\n\n\n\n<p><strong>Cal \u00e9 a opini\u00f3n do BNG sobre os descontos que est\u00e1 a aplicar o goberno central na compra de combustibles?<\/strong><\/p>\n\n\n\n<blockquote class=\"wp-block-quote is-layout-flow wp-block-quote-is-layout-flow\"><p>Esta \u00e9 unha medida necesaria pero insuficiente pois o prezo da gasolina segue a estar alt\u00edsimo. N\u00f3s entendemos necesaria unha medida excepcional nun contexto excepcional como ser\u00eda establecer uns topes m\u00e1ximos para os carburantes e para a enerx\u00eda que permitan \u00e1s familias e as empresas te\u00f1an unhas perspectivas algo mellores. Pensa que xa antes deste inicio do 2022 o que dic\u00edan as estat\u00edsticas \u00e9 que a metade das e dos galegos non pod\u00edan chegar a fin de mes. A d\u00eda de hoxe con todo disparado \u00e9 evidente que a situaci\u00f3n non se pode manter moito m\u00e1is no tempo e que se precisan medidas valentes que lle po\u00f1an coto \u00e1s especulaci\u00f3ns que est\u00e1n levando alg\u00fans sectores do \u00e1mbito enerx\u00e9tico que se est\u00e1n literalmente forrando<\/p><\/blockquote>\n\n\n\n<p><strong>O goberno do estado est\u00e1 a cumprir o acordo de investidura que asinou co BNG?<\/strong><\/p>\n\n\n\n<blockquote class=\"wp-block-quote is-layout-flow wp-block-quote-is-layout-flow\"><p>N\u00f3s somos cr\u00edticos ao respecto do cumprimento dese acordo. Hai alg\u00fan aspecto, como por exemplo a rebaixa das peaxes da AP9, que si se fixo pero quedan moitos por concretar<\/p><\/blockquote>\n\n\n\n<p><strong>Cales?<\/strong><\/p>\n\n\n\n<blockquote class=\"wp-block-quote is-layout-flow wp-block-quote-is-layout-flow\"><p>A modernizaci\u00f3n do noso ferrocarril, solucionar a problem\u00e1tica da industria electro intensiva, avanzar no saneamento das nosas r\u00edas, a creaci\u00f3n de xulgados de violencia de x\u00e9nero&#8230;A\u00ednda queda lexislatura pero o que percibo \u00e9 que non hai vontade suficiente pata mudar a discriminaci\u00f3n hist\u00f3rica de Galiza<\/p><\/blockquote>\n\n\n\n<p><strong>Como se pode reverter esa discriminaci\u00f3n?<\/strong><\/p>\n\n\n\n<blockquote class=\"wp-block-quote is-layout-flow wp-block-quote-is-layout-flow\"><p>O \u00fanico vector que pode cambiar ese discriminaci\u00f3n \u00e9 que o BNG te\u00f1a m\u00e1is peso en Madrid<\/p><\/blockquote>\n\n\n\n<p><strong>Na nosa \u00e1rea de influencia estamos a vivir o 2\u00ba intento do Celta por desembarcar nos montes comunais de Tameiga para os seus negocios . A principios deste mes tiveches unha xuntanza con representantes da Organizaci\u00f3n galega de montes veci\u00f1ais en man com\u00fan, c\u00f3ntanos como a valoras?<\/strong><\/p>\n\n\n\n<blockquote class=\"wp-block-quote is-layout-flow wp-block-quote-is-layout-flow\"><p>Foi unha xuntanza moi positiva na que n\u00f3s lles trasladamos o noso apoio \u00e1 ILP que est\u00e1n a impulsar para defender a propiedade do monte en man com\u00fan, e que asemade \u00e9 unha singularidade que temos en Galiza que significa o ben com\u00fan para o conxunto da sociedade. Pola contra o que estamos vendo \u00e9 que o PP quere entregarlle os montes comunais \u00e1s grandes multinacionais<\/p><\/blockquote>\n\n\n\n<p><strong>No d\u00eda que facemos esta entrevista, 12 de abril, o pa\u00eds galego ten presidente?<\/strong><\/p>\n\n\n\n<blockquote class=\"wp-block-quote is-layout-flow wp-block-quote-is-layout-flow\"><p>Eu creo que Feijoo nunca foi un presidente \u00e1 altura de Galiza. Nestes \u00faltimos dous meses o que temos \u00e9 a Feijoo perseguindo as s\u00faas ambici\u00f3ns persoais e cun goberno paralizado. A sensaci\u00f3n que te\u00f1o \u00e9 que o proceso de sucesi\u00f3n estase a dilatar porque hai augas revoltas no seo dun PP no que as baron\u00edas est\u00e1n claramente buscando a s\u00faa cota de poder. Unha vez m\u00e1is para o PP a s\u00faa organizaci\u00f3n est\u00e1 por encima de Galiza.<\/p><\/blockquote>\n\n\n\n<p><strong>Cal ser\u00eda a sa\u00edda adecuada, ao voso xu\u00edzo, para esta situaci\u00f3n, convocar elecci\u00f3ns anticipadas?<\/strong><\/p>\n\n\n\n<blockquote class=\"wp-block-quote is-layout-flow wp-block-quote-is-layout-flow\"><p>O marco legal perm\u00edteo pero o PP non o vai facer porque sabe que est\u00e1 \u00e1 baixa. O pr\u00f3ximo presidente da Xunta ser\u00e1 resultado dun dedazo de Feijoo<\/p><\/blockquote>\n\n\n\n<p><strong>Ser\u00e1 Alfonso Rueda?<\/strong><\/p>\n\n\n\n<blockquote class=\"wp-block-quote is-layout-flow wp-block-quote-is-layout-flow\"><p>Realmente creo que d\u00e1 igual sen\u00f3n se mudan as pol\u00edticas que se est\u00e1n a desenvolver. Levamos 13 anos vendo como en Galiza se triplica a d\u00e9beda p\u00fablica, como emigraron m\u00e1is de 200.000 mozas e mozos, como a nosa industria est\u00e1 nunha situaci\u00f3n cr\u00edtica( perdeu m\u00e1is de 14.000 empregos) &#8230;..Non creo que o segundo de Feijoo vaia facelo mellor. Este pa\u00eds o que necesita \u00e9 un cambio e no BNG temos a firme vontade e a ilusi\u00f3n de lideralo .N\u00f3s desde logo que imos traballar con toda a humildade pero con toda convicci\u00f3n para facelo realidade.<\/p><\/blockquote>\n\n\n\n<p><strong>Barreras e Vulcano te\u00f1en soluci\u00f3n?<\/strong><\/p>\n\n\n\n<blockquote class=\"wp-block-quote is-layout-flow wp-block-quote-is-layout-flow\"><p>Abof\u00e9 que te\u00f1en soluci\u00f3n. N\u00f3s temos capacidade para poder facer barcos e temos que volver producir. O que fallaron aqu\u00ed son as d\u00faas administraci\u00f3ns que non souberon crear as condici\u00f3ns necesarias para que os que foron os dous estaleiros privados m\u00e1is importantes do estado puidesen manter a s\u00faa capacidade produtiva e a inmensa potencialidade da que dispu\u00f1an para xerar emprego na r\u00eda de Vigo. Estamos en tempo de darlle futuro aos dous, pero \u00e9 imprescindible a implicaci\u00f3n activa de ambos gobernos.<\/p><\/blockquote>\n\n\n\n<p><strong>Se non hai ning\u00fan tipo de adianto o primeiro proceso electoral que teremos ser\u00e1n as municipais do 2023.Quero preguntarche polas perspectivas do bloque para ese proceso na \u00e1rea de influencia de A Nova Peneira?<\/strong><\/p>\n\n\n\n<blockquote class=\"wp-block-quote is-layout-flow wp-block-quote-is-layout-flow\"><p>N\u00f3s somos unha organizaci\u00f3n pol\u00edtica cun proxecto s\u00f3lido e solvente. E os nosos gobernos municipais son un exemplo de boa xesti\u00f3n e incluso de capacidade para podermos transformar a realidade. Imos a por todas nas pr\u00f3ximas municipais en todo o pa\u00eds convencidos e convencidas de que os nosos gobernos melloran a vida da xente. En concreto na vosa zona estou segura de que consolidaremos todas as nosas alcald\u00edas:Pontevedra, Tomi\u00f1o, O Rosal, Moa\u00f1a, Bueu, Ponteareas, Mondariz, As Neves, ga\u00f1aremos algunha m\u00e1is e fortaleceremos a nosa posici\u00f3n en todos os concellos.<\/p><\/blockquote>\n\n\n\n<p><strong>Rematamos Ana. Como est\u00e1s ti de \u00e1nimos e que predisposici\u00f3n tes para canto toquen celebrar as elecci\u00f3ns auton\u00f3micas?<\/strong><\/p>\n\n\n\n<blockquote class=\"wp-block-quote is-layout-flow wp-block-quote-is-layout-flow\"><p>Entendo que o relevante non \u00e9 como estea eu sen\u00f3n o estado colectivo do BNG. E o que se percibe \u00e9 que hai nas r\u00faas, nos cami\u00f1os e corredoiras de Galiza, nas almas e nos coraz\u00f3ns de cada vez m\u00e1is galegas e galegos unha gran ilusi\u00f3n en torno ao proxecto do BNG. Eu estou moi ben, animada e optimista. O que m\u00e1is me motiva \u00e9 Galiza, traballar por darlle un futuro ao noso pa\u00eds. Temos o mellor proxecto para sacar a Galiza da crise e o que temos que facer e traballar desde a humildade, desde a convicci\u00f3n e o amor por Galiza para seguir agrandando o BNG e conseguir o obxectivo dun cambio, tan necesario, para este pa\u00eds que lle dea futuro a todas as persoas que aqu\u00ed vivimos.<\/p><\/blockquote>\n","protected":false},"excerpt":{"rendered":"<div class=\"mh-excerpt\"><p>A piques de que o noso pa\u00eds estree presidente,despois de que quen ga\u00f1ou as pasadas auton\u00f3micas co slogan \u201cGalicia Galicia Galicia\u201d marchase para Madrid na procura da liberdade, falamos coa xefa da oposici\u00f3n e portavoz do BNG Ana Pont\u00f3n <a class=\"mh-excerpt-more\" href=\"https:\/\/www.anovapeneira.gal\/index.php\/2022\/04\/19\/ana-ponton-portavoz-nacional-do-bng-2\/\" title=\"Ana Pont\u00f3n, portavoz nacional do BNG\">[&#8230;]<\/a><\/p>\n<\/div>","protected":false},"author":2,"featured_media":7339,"comment_status":"open","ping_status":"open","sticky":false,"template":"","format":"standard","meta":{"_exactmetrics_skip_tracking":false,"_exactmetrics_sitenote_active":false,"_exactmetrics_sitenote_note":"","_exactmetrics_sitenote_category":0,"footnotes":""},"categories":[264],"tags":[281,10],"class_list":{"0":"post-7334","1":"post","2":"type-post","3":"status-publish","4":"format-standard","5":"has-post-thumbnail","7":"category-entrevistas-galicia","8":"tag-ana-ponton","9":"tag-bng"},"yoast_head":"<!-- This site is optimized with the Yoast SEO plugin v27.4 - https:\/\/yoast.com\/product\/yoast-seo-wordpress\/ -->\n<title>Ana Pont\u00f3n, portavoz nacional do BNG -<\/title>\n<meta name=\"description\" content=\"A piques de que o noso pa\u00eds estree presidente,despois de que quen ga\u00f1ou as pasadas auton\u00f3micas co slogan \u201cGalicia Galicia Galicia\u201d marchase para Madrid na procura da liberdade, falamos coa xefa da oposici\u00f3n e portavoz do BNG Ana Pont\u00f3n\" \/>\n<meta name=\"robots\" content=\"index, follow, max-snippet:-1, max-image-preview:large, max-video-preview:-1\" \/>\n<link rel=\"canonical\" href=\"https:\/\/www.anovapeneira.gal\/index.php\/2022\/04\/19\/ana-ponton-portavoz-nacional-do-bng-2\/\" \/>\n<meta property=\"og:locale\" content=\"gl_ES\" \/>\n<meta property=\"og:type\" content=\"article\" \/>\n<meta property=\"og:title\" content=\"Ana Pont\u00f3n, portavoz nacional do BNG -\" \/>\n<meta property=\"og:description\" content=\"A piques de que o noso pa\u00eds estree presidente,despois de que quen ga\u00f1ou as pasadas auton\u00f3micas co slogan \u201cGalicia Galicia Galicia\u201d marchase para Madrid na procura da liberdade, falamos coa xefa da oposici\u00f3n e portavoz do BNG Ana Pont\u00f3n\" \/>\n<meta property=\"og:url\" content=\"https:\/\/www.anovapeneira.gal\/index.php\/2022\/04\/19\/ana-ponton-portavoz-nacional-do-bng-2\/\" \/>\n<meta property=\"article:publisher\" content=\"https:\/\/www.facebook.com\/anovapeneira\" \/>\n<meta property=\"article:published_time\" content=\"2022-04-19T10:00:16+00:00\" \/>\n<meta property=\"og:image\" content=\"https:\/\/www.anovapeneira.gal\/wp-content\/uploads\/2022\/04\/ana_ponton_entrevista_a_nova_peneira.jpg\" \/>\n\t<meta property=\"og:image:width\" content=\"720\" \/>\n\t<meta property=\"og:image:height\" content=\"432\" \/>\n\t<meta property=\"og:image:type\" content=\"image\/jpeg\" \/>\n<meta name=\"author\" content=\"Tino Lago\" \/>\n<meta name=\"twitter:card\" content=\"summary_large_image\" \/>\n<meta name=\"twitter:creator\" content=\"@APeneira\" \/>\n<meta name=\"twitter:site\" content=\"@APeneira\" \/>\n<meta name=\"twitter:label1\" content=\"Escrito por\" \/>\n\t<meta name=\"twitter:data1\" content=\"Tino Lago\" \/>\n\t<meta name=\"twitter:label2\" content=\"Tempo de lectura\" \/>\n\t<meta name=\"twitter:data2\" content=\"11 minutos\" \/>\n<script type=\"application\/ld+json\" class=\"yoast-schema-graph\">{\"@context\":\"https:\\\/\\\/schema.org\",\"@graph\":[{\"@type\":\"Article\",\"@id\":\"https:\\\/\\\/www.anovapeneira.gal\\\/index.php\\\/2022\\\/04\\\/19\\\/ana-ponton-portavoz-nacional-do-bng-2\\\/#article\",\"isPartOf\":{\"@id\":\"https:\\\/\\\/www.anovapeneira.gal\\\/index.php\\\/2022\\\/04\\\/19\\\/ana-ponton-portavoz-nacional-do-bng-2\\\/\"},\"author\":{\"name\":\"Tino Lago\",\"@id\":\"https:\\\/\\\/www.anovapeneira.gal\\\/#\\\/schema\\\/person\\\/424dfe65e3070fd8a44d22d2c088762a\"},\"headline\":\"Ana Pont\u00f3n, portavoz nacional do BNG\",\"datePublished\":\"2022-04-19T10:00:16+00:00\",\"mainEntityOfPage\":{\"@id\":\"https:\\\/\\\/www.anovapeneira.gal\\\/index.php\\\/2022\\\/04\\\/19\\\/ana-ponton-portavoz-nacional-do-bng-2\\\/\"},\"wordCount\":2081,\"commentCount\":0,\"publisher\":{\"@id\":\"https:\\\/\\\/www.anovapeneira.gal\\\/#organization\"},\"image\":{\"@id\":\"https:\\\/\\\/www.anovapeneira.gal\\\/index.php\\\/2022\\\/04\\\/19\\\/ana-ponton-portavoz-nacional-do-bng-2\\\/#primaryimage\"},\"thumbnailUrl\":\"https:\\\/\\\/www.anovapeneira.gal\\\/wp-content\\\/uploads\\\/2022\\\/04\\\/ana_ponton_entrevista_a_nova_peneira.jpg\",\"keywords\":[\"Ana Pont\u00f3n\",\"BNG\"],\"articleSection\":[\"Entrevistas\"],\"inLanguage\":\"gl-ES\",\"potentialAction\":[{\"@type\":\"CommentAction\",\"name\":\"Comment\",\"target\":[\"https:\\\/\\\/www.anovapeneira.gal\\\/index.php\\\/2022\\\/04\\\/19\\\/ana-ponton-portavoz-nacional-do-bng-2\\\/#respond\"]}]},{\"@type\":\"WebPage\",\"@id\":\"https:\\\/\\\/www.anovapeneira.gal\\\/index.php\\\/2022\\\/04\\\/19\\\/ana-ponton-portavoz-nacional-do-bng-2\\\/\",\"url\":\"https:\\\/\\\/www.anovapeneira.gal\\\/index.php\\\/2022\\\/04\\\/19\\\/ana-ponton-portavoz-nacional-do-bng-2\\\/\",\"name\":\"Ana Pont\u00f3n, portavoz nacional do BNG -\",\"isPartOf\":{\"@id\":\"https:\\\/\\\/www.anovapeneira.gal\\\/#website\"},\"primaryImageOfPage\":{\"@id\":\"https:\\\/\\\/www.anovapeneira.gal\\\/index.php\\\/2022\\\/04\\\/19\\\/ana-ponton-portavoz-nacional-do-bng-2\\\/#primaryimage\"},\"image\":{\"@id\":\"https:\\\/\\\/www.anovapeneira.gal\\\/index.php\\\/2022\\\/04\\\/19\\\/ana-ponton-portavoz-nacional-do-bng-2\\\/#primaryimage\"},\"thumbnailUrl\":\"https:\\\/\\\/www.anovapeneira.gal\\\/wp-content\\\/uploads\\\/2022\\\/04\\\/ana_ponton_entrevista_a_nova_peneira.jpg\",\"datePublished\":\"2022-04-19T10:00:16+00:00\",\"description\":\"A piques de que o noso pa\u00eds estree presidente,despois de que quen ga\u00f1ou as pasadas auton\u00f3micas co slogan \u201cGalicia Galicia Galicia\u201d marchase para Madrid na procura da liberdade, falamos coa xefa da oposici\u00f3n e portavoz do BNG Ana Pont\u00f3n\",\"breadcrumb\":{\"@id\":\"https:\\\/\\\/www.anovapeneira.gal\\\/index.php\\\/2022\\\/04\\\/19\\\/ana-ponton-portavoz-nacional-do-bng-2\\\/#breadcrumb\"},\"inLanguage\":\"gl-ES\",\"potentialAction\":[{\"@type\":\"ReadAction\",\"target\":[\"https:\\\/\\\/www.anovapeneira.gal\\\/index.php\\\/2022\\\/04\\\/19\\\/ana-ponton-portavoz-nacional-do-bng-2\\\/\"]}]},{\"@type\":\"ImageObject\",\"inLanguage\":\"gl-ES\",\"@id\":\"https:\\\/\\\/www.anovapeneira.gal\\\/index.php\\\/2022\\\/04\\\/19\\\/ana-ponton-portavoz-nacional-do-bng-2\\\/#primaryimage\",\"url\":\"https:\\\/\\\/www.anovapeneira.gal\\\/wp-content\\\/uploads\\\/2022\\\/04\\\/ana_ponton_entrevista_a_nova_peneira.jpg\",\"contentUrl\":\"https:\\\/\\\/www.anovapeneira.gal\\\/wp-content\\\/uploads\\\/2022\\\/04\\\/ana_ponton_entrevista_a_nova_peneira.jpg\",\"width\":720,\"height\":432,\"caption\":\"Ana Pont\u00f3n BNG\"},{\"@type\":\"BreadcrumbList\",\"@id\":\"https:\\\/\\\/www.anovapeneira.gal\\\/index.php\\\/2022\\\/04\\\/19\\\/ana-ponton-portavoz-nacional-do-bng-2\\\/#breadcrumb\",\"itemListElement\":[{\"@type\":\"ListItem\",\"position\":1,\"name\":\"Portada\",\"item\":\"https:\\\/\\\/www.anovapeneira.gal\\\/\"},{\"@type\":\"ListItem\",\"position\":2,\"name\":\"Ana Pont\u00f3n, portavoz nacional do BNG\"}]},{\"@type\":\"WebSite\",\"@id\":\"https:\\\/\\\/www.anovapeneira.gal\\\/#website\",\"url\":\"https:\\\/\\\/www.anovapeneira.gal\\\/\",\"name\":\"\",\"description\":\"Xornal galego de informaci\u00f3n xeral Publicaci\u00f3n mensual de novas de Galicia e en especial dos Concellos da sur da provincia de Pontevedra.\",\"publisher\":{\"@id\":\"https:\\\/\\\/www.anovapeneira.gal\\\/#organization\"},\"potentialAction\":[{\"@type\":\"SearchAction\",\"target\":{\"@type\":\"EntryPoint\",\"urlTemplate\":\"https:\\\/\\\/www.anovapeneira.gal\\\/?s={search_term_string}\"},\"query-input\":{\"@type\":\"PropertyValueSpecification\",\"valueRequired\":true,\"valueName\":\"search_term_string\"}}],\"inLanguage\":\"gl-ES\"},{\"@type\":\"Organization\",\"@id\":\"https:\\\/\\\/www.anovapeneira.gal\\\/#organization\",\"name\":\"A Nova Peneira\",\"url\":\"https:\\\/\\\/www.anovapeneira.gal\\\/\",\"logo\":{\"@type\":\"ImageObject\",\"inLanguage\":\"gl-ES\",\"@id\":\"https:\\\/\\\/www.anovapeneira.gal\\\/#\\\/schema\\\/logo\\\/image\\\/\",\"url\":\"http:\\\/\\\/www.anovapeneira.gal\\\/wp-content\\\/uploads\\\/2019\\\/06\\\/logo_a_nova_peneira_portal_web.png\",\"contentUrl\":\"http:\\\/\\\/www.anovapeneira.gal\\\/wp-content\\\/uploads\\\/2019\\\/06\\\/logo_a_nova_peneira_portal_web.png\",\"width\":300,\"height\":100,\"caption\":\"A Nova Peneira\"},\"image\":{\"@id\":\"https:\\\/\\\/www.anovapeneira.gal\\\/#\\\/schema\\\/logo\\\/image\\\/\"},\"sameAs\":[\"https:\\\/\\\/www.facebook.com\\\/anovapeneira\",\"https:\\\/\\\/x.com\\\/APeneira\"]},{\"@type\":\"Person\",\"@id\":\"https:\\\/\\\/www.anovapeneira.gal\\\/#\\\/schema\\\/person\\\/424dfe65e3070fd8a44d22d2c088762a\",\"name\":\"Tino Lago\",\"image\":{\"@type\":\"ImageObject\",\"inLanguage\":\"gl-ES\",\"@id\":\"https:\\\/\\\/secure.gravatar.com\\\/avatar\\\/b3df6a06e44bab3111583b90f0f33a0379ee5e3d22cbadd232d39f21c30c62be?s=96&d=mm&r=g\",\"url\":\"https:\\\/\\\/secure.gravatar.com\\\/avatar\\\/b3df6a06e44bab3111583b90f0f33a0379ee5e3d22cbadd232d39f21c30c62be?s=96&d=mm&r=g\",\"contentUrl\":\"https:\\\/\\\/secure.gravatar.com\\\/avatar\\\/b3df6a06e44bab3111583b90f0f33a0379ee5e3d22cbadd232d39f21c30c62be?s=96&d=mm&r=g\",\"caption\":\"Tino Lago\"},\"sameAs\":[\"http:\\\/\\\/www.anovapeneira.gal\"],\"url\":\"https:\\\/\\\/www.anovapeneira.gal\\\/index.php\\\/author\\\/director\\\/\"}]}<\/script>\n<!-- \/ Yoast SEO plugin. -->","yoast_head_json":{"title":"Ana Pont\u00f3n, portavoz nacional do BNG -","description":"A piques de que o noso pa\u00eds estree presidente,despois de que quen ga\u00f1ou as pasadas auton\u00f3micas co slogan \u201cGalicia Galicia Galicia\u201d marchase para Madrid na procura da liberdade, falamos coa xefa da oposici\u00f3n e portavoz do BNG Ana Pont\u00f3n","robots":{"index":"index","follow":"follow","max-snippet":"max-snippet:-1","max-image-preview":"max-image-preview:large","max-video-preview":"max-video-preview:-1"},"canonical":"https:\/\/www.anovapeneira.gal\/index.php\/2022\/04\/19\/ana-ponton-portavoz-nacional-do-bng-2\/","og_locale":"gl_ES","og_type":"article","og_title":"Ana Pont\u00f3n, portavoz nacional do BNG -","og_description":"A piques de que o noso pa\u00eds estree presidente,despois de que quen ga\u00f1ou as pasadas auton\u00f3micas co slogan \u201cGalicia Galicia Galicia\u201d marchase para Madrid na procura da liberdade, falamos coa xefa da oposici\u00f3n e portavoz do BNG Ana Pont\u00f3n","og_url":"https:\/\/www.anovapeneira.gal\/index.php\/2022\/04\/19\/ana-ponton-portavoz-nacional-do-bng-2\/","article_publisher":"https:\/\/www.facebook.com\/anovapeneira","article_published_time":"2022-04-19T10:00:16+00:00","og_image":[{"width":720,"height":432,"url":"https:\/\/www.anovapeneira.gal\/wp-content\/uploads\/2022\/04\/ana_ponton_entrevista_a_nova_peneira.jpg","type":"image\/jpeg"}],"author":"Tino Lago","twitter_card":"summary_large_image","twitter_creator":"@APeneira","twitter_site":"@APeneira","twitter_misc":{"Escrito por":"Tino Lago","Tempo de lectura":"11 minutos"},"schema":{"@context":"https:\/\/schema.org","@graph":[{"@type":"Article","@id":"https:\/\/www.anovapeneira.gal\/index.php\/2022\/04\/19\/ana-ponton-portavoz-nacional-do-bng-2\/#article","isPartOf":{"@id":"https:\/\/www.anovapeneira.gal\/index.php\/2022\/04\/19\/ana-ponton-portavoz-nacional-do-bng-2\/"},"author":{"name":"Tino Lago","@id":"https:\/\/www.anovapeneira.gal\/#\/schema\/person\/424dfe65e3070fd8a44d22d2c088762a"},"headline":"Ana Pont\u00f3n, portavoz nacional do BNG","datePublished":"2022-04-19T10:00:16+00:00","mainEntityOfPage":{"@id":"https:\/\/www.anovapeneira.gal\/index.php\/2022\/04\/19\/ana-ponton-portavoz-nacional-do-bng-2\/"},"wordCount":2081,"commentCount":0,"publisher":{"@id":"https:\/\/www.anovapeneira.gal\/#organization"},"image":{"@id":"https:\/\/www.anovapeneira.gal\/index.php\/2022\/04\/19\/ana-ponton-portavoz-nacional-do-bng-2\/#primaryimage"},"thumbnailUrl":"https:\/\/www.anovapeneira.gal\/wp-content\/uploads\/2022\/04\/ana_ponton_entrevista_a_nova_peneira.jpg","keywords":["Ana Pont\u00f3n","BNG"],"articleSection":["Entrevistas"],"inLanguage":"gl-ES","potentialAction":[{"@type":"CommentAction","name":"Comment","target":["https:\/\/www.anovapeneira.gal\/index.php\/2022\/04\/19\/ana-ponton-portavoz-nacional-do-bng-2\/#respond"]}]},{"@type":"WebPage","@id":"https:\/\/www.anovapeneira.gal\/index.php\/2022\/04\/19\/ana-ponton-portavoz-nacional-do-bng-2\/","url":"https:\/\/www.anovapeneira.gal\/index.php\/2022\/04\/19\/ana-ponton-portavoz-nacional-do-bng-2\/","name":"Ana Pont\u00f3n, portavoz nacional do BNG -","isPartOf":{"@id":"https:\/\/www.anovapeneira.gal\/#website"},"primaryImageOfPage":{"@id":"https:\/\/www.anovapeneira.gal\/index.php\/2022\/04\/19\/ana-ponton-portavoz-nacional-do-bng-2\/#primaryimage"},"image":{"@id":"https:\/\/www.anovapeneira.gal\/index.php\/2022\/04\/19\/ana-ponton-portavoz-nacional-do-bng-2\/#primaryimage"},"thumbnailUrl":"https:\/\/www.anovapeneira.gal\/wp-content\/uploads\/2022\/04\/ana_ponton_entrevista_a_nova_peneira.jpg","datePublished":"2022-04-19T10:00:16+00:00","description":"A piques de que o noso pa\u00eds estree presidente,despois de que quen ga\u00f1ou as pasadas auton\u00f3micas co slogan \u201cGalicia Galicia Galicia\u201d marchase para Madrid na procura da liberdade, falamos coa xefa da oposici\u00f3n e portavoz do BNG Ana Pont\u00f3n","breadcrumb":{"@id":"https:\/\/www.anovapeneira.gal\/index.php\/2022\/04\/19\/ana-ponton-portavoz-nacional-do-bng-2\/#breadcrumb"},"inLanguage":"gl-ES","potentialAction":[{"@type":"ReadAction","target":["https:\/\/www.anovapeneira.gal\/index.php\/2022\/04\/19\/ana-ponton-portavoz-nacional-do-bng-2\/"]}]},{"@type":"ImageObject","inLanguage":"gl-ES","@id":"https:\/\/www.anovapeneira.gal\/index.php\/2022\/04\/19\/ana-ponton-portavoz-nacional-do-bng-2\/#primaryimage","url":"https:\/\/www.anovapeneira.gal\/wp-content\/uploads\/2022\/04\/ana_ponton_entrevista_a_nova_peneira.jpg","contentUrl":"https:\/\/www.anovapeneira.gal\/wp-content\/uploads\/2022\/04\/ana_ponton_entrevista_a_nova_peneira.jpg","width":720,"height":432,"caption":"Ana Pont\u00f3n BNG"},{"@type":"BreadcrumbList","@id":"https:\/\/www.anovapeneira.gal\/index.php\/2022\/04\/19\/ana-ponton-portavoz-nacional-do-bng-2\/#breadcrumb","itemListElement":[{"@type":"ListItem","position":1,"name":"Portada","item":"https:\/\/www.anovapeneira.gal\/"},{"@type":"ListItem","position":2,"name":"Ana Pont\u00f3n, portavoz nacional do BNG"}]},{"@type":"WebSite","@id":"https:\/\/www.anovapeneira.gal\/#website","url":"https:\/\/www.anovapeneira.gal\/","name":"","description":"Xornal galego de informaci\u00f3n xeral Publicaci\u00f3n mensual de novas de Galicia e en especial dos Concellos da sur da provincia de Pontevedra.","publisher":{"@id":"https:\/\/www.anovapeneira.gal\/#organization"},"potentialAction":[{"@type":"SearchAction","target":{"@type":"EntryPoint","urlTemplate":"https:\/\/www.anovapeneira.gal\/?s={search_term_string}"},"query-input":{"@type":"PropertyValueSpecification","valueRequired":true,"valueName":"search_term_string"}}],"inLanguage":"gl-ES"},{"@type":"Organization","@id":"https:\/\/www.anovapeneira.gal\/#organization","name":"A Nova Peneira","url":"https:\/\/www.anovapeneira.gal\/","logo":{"@type":"ImageObject","inLanguage":"gl-ES","@id":"https:\/\/www.anovapeneira.gal\/#\/schema\/logo\/image\/","url":"http:\/\/www.anovapeneira.gal\/wp-content\/uploads\/2019\/06\/logo_a_nova_peneira_portal_web.png","contentUrl":"http:\/\/www.anovapeneira.gal\/wp-content\/uploads\/2019\/06\/logo_a_nova_peneira_portal_web.png","width":300,"height":100,"caption":"A Nova Peneira"},"image":{"@id":"https:\/\/www.anovapeneira.gal\/#\/schema\/logo\/image\/"},"sameAs":["https:\/\/www.facebook.com\/anovapeneira","https:\/\/x.com\/APeneira"]},{"@type":"Person","@id":"https:\/\/www.anovapeneira.gal\/#\/schema\/person\/424dfe65e3070fd8a44d22d2c088762a","name":"Tino Lago","image":{"@type":"ImageObject","inLanguage":"gl-ES","@id":"https:\/\/secure.gravatar.com\/avatar\/b3df6a06e44bab3111583b90f0f33a0379ee5e3d22cbadd232d39f21c30c62be?s=96&d=mm&r=g","url":"https:\/\/secure.gravatar.com\/avatar\/b3df6a06e44bab3111583b90f0f33a0379ee5e3d22cbadd232d39f21c30c62be?s=96&d=mm&r=g","contentUrl":"https:\/\/secure.gravatar.com\/avatar\/b3df6a06e44bab3111583b90f0f33a0379ee5e3d22cbadd232d39f21c30c62be?s=96&d=mm&r=g","caption":"Tino Lago"},"sameAs":["http:\/\/www.anovapeneira.gal"],"url":"https:\/\/www.anovapeneira.gal\/index.php\/author\/director\/"}]}},"jetpack_featured_media_url":"https:\/\/www.anovapeneira.gal\/wp-content\/uploads\/2022\/04\/ana_ponton_entrevista_a_nova_peneira.jpg","_links":{"self":[{"href":"https:\/\/www.anovapeneira.gal\/index.php\/wp-json\/wp\/v2\/posts\/7334","targetHints":{"allow":["GET"]}}],"collection":[{"href":"https:\/\/www.anovapeneira.gal\/index.php\/wp-json\/wp\/v2\/posts"}],"about":[{"href":"https:\/\/www.anovapeneira.gal\/index.php\/wp-json\/wp\/v2\/types\/post"}],"author":[{"embeddable":true,"href":"https:\/\/www.anovapeneira.gal\/index.php\/wp-json\/wp\/v2\/users\/2"}],"replies":[{"embeddable":true,"href":"https:\/\/www.anovapeneira.gal\/index.php\/wp-json\/wp\/v2\/comments?post=7334"}],"version-history":[{"count":1,"href":"https:\/\/www.anovapeneira.gal\/index.php\/wp-json\/wp\/v2\/posts\/7334\/revisions"}],"predecessor-version":[{"id":7335,"href":"https:\/\/www.anovapeneira.gal\/index.php\/wp-json\/wp\/v2\/posts\/7334\/revisions\/7335"}],"wp:featuredmedia":[{"embeddable":true,"href":"https:\/\/www.anovapeneira.gal\/index.php\/wp-json\/wp\/v2\/media\/7339"}],"wp:attachment":[{"href":"https:\/\/www.anovapeneira.gal\/index.php\/wp-json\/wp\/v2\/media?parent=7334"}],"wp:term":[{"taxonomy":"category","embeddable":true,"href":"https:\/\/www.anovapeneira.gal\/index.php\/wp-json\/wp\/v2\/categories?post=7334"},{"taxonomy":"post_tag","embeddable":true,"href":"https:\/\/www.anovapeneira.gal\/index.php\/wp-json\/wp\/v2\/tags?post=7334"}],"curies":[{"name":"wp","href":"https:\/\/api.w.org\/{rel}","templated":true}]}}