{"id":7336,"date":"2022-04-22T12:00:18","date_gmt":"2022-04-22T10:00:18","guid":{"rendered":"https:\/\/www.anovapeneira.gal\/?p=7336"},"modified":"2022-04-18T10:42:38","modified_gmt":"2022-04-18T08:42:38","slug":"os-comezos-da-federacion-obreira-de-marin-1901-1904","status":"publish","type":"post","link":"https:\/\/www.anovapeneira.gal\/index.php\/2022\/04\/22\/os-comezos-da-federacion-obreira-de-marin-1901-1904\/","title":{"rendered":"Os comezos da Federaci\u00f3n Obreira de Mar\u00edn (1901-1904)"},"content":{"rendered":"\n<pre class=\"wp-block-verse\">Celso Milleiro<\/pre>\n\n\n\n<p>Exist\u00eda inquedanza entre as sociedades de resistencia obreira que se formaron a finais do s\u00e9culo XIX de crear unha organizaci\u00f3n maior que abranguera todas elas. No mes de maio de 1900 as sociedades de mari\u00f1eiros do xeito, carpinteiros, canteiros e albaneis estudaban levar adiante este proceso coa intenci\u00f3n de crear unha Federaci\u00f3n de Traballadores.<\/p>\n\n\n\n<p>Non ser\u00eda at\u00e9 o 12 de outubro de 1901 cando se legalizou o ente perante a Delegaci\u00f3n Provincial do Goberno, sendo o seu primeiro Presidente o canteiro Joaqu\u00edn Rodr\u00edguez Peleteiro. Naquel ent\u00f3n, o operario Jos\u00e9 Portela representou aos obreiros marinenses nun mitin celebrado en Pontevedra cunha cr\u00edtica aos m\u00e1is ricos ao que acusaba de non lles importar a problem\u00e1tica de consumos. A presencia de Portela aparecer\u00eda meses despois ao repetir como voceiro da localidade no II Congreso Obreiro Galaico-Portugu\u00e9s.<\/p>\n\n\n\n<p>A d\u00eda de hoxe non temos constancia de ning\u00fan exemplar do regulamento da sociedade, mais a presidencia elix\u00edase normalmente por trimestre e algunha vez f\u00edxose por elecci\u00f3n semestral. Entre as persoas que ocuparon dito cargo p\u00f3dense citar a Salvador Grau, o albanel Antonio Santiago Santiago, Domingo Ram\u00edrez e Jos\u00e9 Rodr\u00edguez.<\/p>\n\n\n\n<p>Entre as preocupaci\u00f3ns que inicialmente ti\u00f1a a Federaci\u00f3n atop\u00e1banse a organizaci\u00f3n dunha sociedade das mulleres da conserveira e salgadura e a construci\u00f3n dun edificio no que reunirse os obreiros para o que acordaron que unha comisi\u00f3n interna estudaran o proxecto.<\/p>\n\n\n\n<p>A comezos de 1902 prod\u00facese unha crise interna no seu seo, os canteiros racharon cos carpinteiros acordando arrendar outro local diferente, esta situaci\u00f3n durar\u00eda algo m\u00e1is de dous meses chegando ambas partes a un acordo.<\/p>\n\n\n\n<p>O poder local pol\u00edtico e relixioso non miraban con bos ollos a organizaci\u00f3n obreira provocando continuos conflitos co intento non s\u00f3 de controlala sen\u00f3n tam\u00e9n de minar e debilitar \u00e1s sociedades de traballadores. A s\u00faa vez, estas ti\u00f1an unha ideolox\u00eda claramente anticlerical que fac\u00edan que non participasen de eventos relixiosos, carrex\u00e1ndolles cr\u00edticas por parte dalg\u00fan medio de comunicaci\u00f3n cara os operarios pola escasa presencia na festa de San Xos\u00e9 de 1903. Mostra da actitude obreira perante os asuntos relixiosos foi deso\u00edr a invitaci\u00f3n dada pola Alcald\u00eda para que participasen nos festexos de Santa Mar\u00eda do Porto no mes de setembro.<\/p>\n\n\n\n<p>Ese mesmo ano estouparon varios conflitos na escola do Padroado Cat\u00f3lico con l\u00edderes obreiros como Santiago Moreira e Salvador Grau que ti\u00f1an al\u00ed aos seus fillos, evidenciando as tensi\u00f3ns existentes entre os estamentos obreiros e relixiosos, entre os que se atopaba unha figura con trazos de catolicismo integrista como Seraf\u00edn Tub\u00edo.<\/p>\n\n\n\n<p>A celebraci\u00f3n do 1\u00ba de Maio de 1904 acabou cunha multa de 15 pesetas imposta polo Concello de Mar\u00edn \u00e1 Federaci\u00f3n por \u201ccontravir unha e d\u00faas veces unha orde equitativa\u201d. Ao ano seguinte o Alcalde suspend\u00eda unha xuntanza obreira desaloxando o local coa axuda da Garda Civil. Os obreiros acudiron ao Goberno Civil solicitando que o Concello respectase a Lei de Asociaci\u00f3ns e o dereito de reuni\u00f3n. Uns meses antes mandou deter a un l\u00edder obreiro acusado de chamar ladr\u00f3n a Montero R\u00edos.<\/p>\n","protected":false},"excerpt":{"rendered":"<div class=\"mh-excerpt\"><p>s do xeito, carpinteiros, canteiros e albaneis estudaban levar adiante este proceso coa intenci\u00f3n de crear unha Federaci\u00f3n de Traballadores <a class=\"mh-excerpt-more\" href=\"https:\/\/www.anovapeneira.gal\/index.php\/2022\/04\/22\/os-comezos-da-federacion-obreira-de-marin-1901-1904\/\" title=\"Os comezos da Federaci\u00f3n Obreira de Mar\u00edn (1901-1904)\">[&#8230;]<\/a><\/p>\n<\/div>","protected":false},"author":12,"featured_media":7338,"comment_status":"open","ping_status":"open","sticky":false,"template":"","format":"standard","meta":{"_exactmetrics_skip_tracking":false,"_exactmetrics_sitenote_active":false,"_exactmetrics_sitenote_note":"","_exactmetrics_sitenote_category":0,"footnotes":""},"categories":[7],"tags":[],"class_list":{"0":"post-7336","1":"post","2":"type-post","3":"status-publish","4":"format-standard","5":"has-post-thumbnail","7":"category-artigos-de-opinion"},"yoast_head":"<!-- This site is optimized with the Yoast SEO plugin v27.4 - https:\/\/yoast.com\/product\/yoast-seo-wordpress\/ -->\n<title>Os comezos da Federaci\u00f3n Obreira de Mar\u00edn (1901-1904) -<\/title>\n<meta name=\"description\" content=\"s do xeito, carpinteiros, canteiros e albaneis estudaban levar adiante este proceso coa intenci\u00f3n de crear unha Federaci\u00f3n de Traballadores\" \/>\n<meta name=\"robots\" content=\"index, follow, max-snippet:-1, max-image-preview:large, max-video-preview:-1\" \/>\n<link rel=\"canonical\" href=\"https:\/\/www.anovapeneira.gal\/index.php\/2022\/04\/22\/os-comezos-da-federacion-obreira-de-marin-1901-1904\/\" \/>\n<meta property=\"og:locale\" content=\"gl_ES\" \/>\n<meta property=\"og:type\" content=\"article\" \/>\n<meta property=\"og:title\" content=\"Os comezos da Federaci\u00f3n Obreira de Mar\u00edn (1901-1904) -\" \/>\n<meta property=\"og:description\" content=\"s do xeito, carpinteiros, canteiros e albaneis estudaban levar adiante este proceso coa intenci\u00f3n de crear unha Federaci\u00f3n de Traballadores\" \/>\n<meta property=\"og:url\" content=\"https:\/\/www.anovapeneira.gal\/index.php\/2022\/04\/22\/os-comezos-da-federacion-obreira-de-marin-1901-1904\/\" \/>\n<meta property=\"article:publisher\" content=\"https:\/\/www.facebook.com\/anovapeneira\" \/>\n<meta property=\"article:published_time\" content=\"2022-04-22T10:00:18+00:00\" \/>\n<meta property=\"og:image\" content=\"https:\/\/www.anovapeneira.gal\/wp-content\/uploads\/2022\/04\/cantodarea.jpg\" \/>\n\t<meta property=\"og:image:width\" content=\"720\" \/>\n\t<meta property=\"og:image:height\" content=\"432\" \/>\n\t<meta property=\"og:image:type\" content=\"image\/jpeg\" \/>\n<meta name=\"author\" content=\"Artigos Opini\u00f3n\" \/>\n<meta name=\"twitter:card\" content=\"summary_large_image\" \/>\n<meta name=\"twitter:creator\" content=\"@APeneira\" \/>\n<meta name=\"twitter:site\" content=\"@APeneira\" \/>\n<meta name=\"twitter:label1\" content=\"Escrito por\" \/>\n\t<meta name=\"twitter:data1\" content=\"Artigos Opini\u00f3n\" \/>\n\t<meta name=\"twitter:label2\" content=\"Tempo de lectura\" \/>\n\t<meta name=\"twitter:data2\" content=\"3 minutos\" \/>\n<script type=\"application\/ld+json\" class=\"yoast-schema-graph\">{\"@context\":\"https:\\\/\\\/schema.org\",\"@graph\":[{\"@type\":\"Article\",\"@id\":\"https:\\\/\\\/www.anovapeneira.gal\\\/index.php\\\/2022\\\/04\\\/22\\\/os-comezos-da-federacion-obreira-de-marin-1901-1904\\\/#article\",\"isPartOf\":{\"@id\":\"https:\\\/\\\/www.anovapeneira.gal\\\/index.php\\\/2022\\\/04\\\/22\\\/os-comezos-da-federacion-obreira-de-marin-1901-1904\\\/\"},\"author\":{\"name\":\"Artigos Opini\u00f3n\",\"@id\":\"https:\\\/\\\/www.anovapeneira.gal\\\/#\\\/schema\\\/person\\\/f18a4feb302e8f20bcef4490b5b60bb3\"},\"headline\":\"Os comezos da Federaci\u00f3n Obreira de Mar\u00edn (1901-1904)\",\"datePublished\":\"2022-04-22T10:00:18+00:00\",\"mainEntityOfPage\":{\"@id\":\"https:\\\/\\\/www.anovapeneira.gal\\\/index.php\\\/2022\\\/04\\\/22\\\/os-comezos-da-federacion-obreira-de-marin-1901-1904\\\/\"},\"wordCount\":560,\"commentCount\":1,\"publisher\":{\"@id\":\"https:\\\/\\\/www.anovapeneira.gal\\\/#organization\"},\"image\":{\"@id\":\"https:\\\/\\\/www.anovapeneira.gal\\\/index.php\\\/2022\\\/04\\\/22\\\/os-comezos-da-federacion-obreira-de-marin-1901-1904\\\/#primaryimage\"},\"thumbnailUrl\":\"https:\\\/\\\/www.anovapeneira.gal\\\/wp-content\\\/uploads\\\/2022\\\/04\\\/cantodarea.jpg\",\"articleSection\":[\"Artigos de opini\u00f3n\"],\"inLanguage\":\"gl-ES\",\"potentialAction\":[{\"@type\":\"CommentAction\",\"name\":\"Comment\",\"target\":[\"https:\\\/\\\/www.anovapeneira.gal\\\/index.php\\\/2022\\\/04\\\/22\\\/os-comezos-da-federacion-obreira-de-marin-1901-1904\\\/#respond\"]}]},{\"@type\":\"WebPage\",\"@id\":\"https:\\\/\\\/www.anovapeneira.gal\\\/index.php\\\/2022\\\/04\\\/22\\\/os-comezos-da-federacion-obreira-de-marin-1901-1904\\\/\",\"url\":\"https:\\\/\\\/www.anovapeneira.gal\\\/index.php\\\/2022\\\/04\\\/22\\\/os-comezos-da-federacion-obreira-de-marin-1901-1904\\\/\",\"name\":\"Os comezos da Federaci\u00f3n Obreira de Mar\u00edn (1901-1904) -\",\"isPartOf\":{\"@id\":\"https:\\\/\\\/www.anovapeneira.gal\\\/#website\"},\"primaryImageOfPage\":{\"@id\":\"https:\\\/\\\/www.anovapeneira.gal\\\/index.php\\\/2022\\\/04\\\/22\\\/os-comezos-da-federacion-obreira-de-marin-1901-1904\\\/#primaryimage\"},\"image\":{\"@id\":\"https:\\\/\\\/www.anovapeneira.gal\\\/index.php\\\/2022\\\/04\\\/22\\\/os-comezos-da-federacion-obreira-de-marin-1901-1904\\\/#primaryimage\"},\"thumbnailUrl\":\"https:\\\/\\\/www.anovapeneira.gal\\\/wp-content\\\/uploads\\\/2022\\\/04\\\/cantodarea.jpg\",\"datePublished\":\"2022-04-22T10:00:18+00:00\",\"description\":\"s do xeito, carpinteiros, canteiros e albaneis estudaban levar adiante este proceso coa intenci\u00f3n de crear unha Federaci\u00f3n de Traballadores\",\"breadcrumb\":{\"@id\":\"https:\\\/\\\/www.anovapeneira.gal\\\/index.php\\\/2022\\\/04\\\/22\\\/os-comezos-da-federacion-obreira-de-marin-1901-1904\\\/#breadcrumb\"},\"inLanguage\":\"gl-ES\",\"potentialAction\":[{\"@type\":\"ReadAction\",\"target\":[\"https:\\\/\\\/www.anovapeneira.gal\\\/index.php\\\/2022\\\/04\\\/22\\\/os-comezos-da-federacion-obreira-de-marin-1901-1904\\\/\"]}]},{\"@type\":\"ImageObject\",\"inLanguage\":\"gl-ES\",\"@id\":\"https:\\\/\\\/www.anovapeneira.gal\\\/index.php\\\/2022\\\/04\\\/22\\\/os-comezos-da-federacion-obreira-de-marin-1901-1904\\\/#primaryimage\",\"url\":\"https:\\\/\\\/www.anovapeneira.gal\\\/wp-content\\\/uploads\\\/2022\\\/04\\\/cantodarea.jpg\",\"contentUrl\":\"https:\\\/\\\/www.anovapeneira.gal\\\/wp-content\\\/uploads\\\/2022\\\/04\\\/cantodarea.jpg\",\"width\":720,\"height\":432,\"caption\":\"Cantodarea. Carpinteiros de Ribeira. O Tombo e edificio da Lonxa. 1910\"},{\"@type\":\"BreadcrumbList\",\"@id\":\"https:\\\/\\\/www.anovapeneira.gal\\\/index.php\\\/2022\\\/04\\\/22\\\/os-comezos-da-federacion-obreira-de-marin-1901-1904\\\/#breadcrumb\",\"itemListElement\":[{\"@type\":\"ListItem\",\"position\":1,\"name\":\"Portada\",\"item\":\"https:\\\/\\\/www.anovapeneira.gal\\\/\"},{\"@type\":\"ListItem\",\"position\":2,\"name\":\"Os comezos da Federaci\u00f3n Obreira de Mar\u00edn (1901-1904)\"}]},{\"@type\":\"WebSite\",\"@id\":\"https:\\\/\\\/www.anovapeneira.gal\\\/#website\",\"url\":\"https:\\\/\\\/www.anovapeneira.gal\\\/\",\"name\":\"\",\"description\":\"Xornal galego de informaci\u00f3n xeral Publicaci\u00f3n mensual de novas de Galicia e en especial dos Concellos da sur da provincia de Pontevedra.\",\"publisher\":{\"@id\":\"https:\\\/\\\/www.anovapeneira.gal\\\/#organization\"},\"potentialAction\":[{\"@type\":\"SearchAction\",\"target\":{\"@type\":\"EntryPoint\",\"urlTemplate\":\"https:\\\/\\\/www.anovapeneira.gal\\\/?s={search_term_string}\"},\"query-input\":{\"@type\":\"PropertyValueSpecification\",\"valueRequired\":true,\"valueName\":\"search_term_string\"}}],\"inLanguage\":\"gl-ES\"},{\"@type\":\"Organization\",\"@id\":\"https:\\\/\\\/www.anovapeneira.gal\\\/#organization\",\"name\":\"A Nova Peneira\",\"url\":\"https:\\\/\\\/www.anovapeneira.gal\\\/\",\"logo\":{\"@type\":\"ImageObject\",\"inLanguage\":\"gl-ES\",\"@id\":\"https:\\\/\\\/www.anovapeneira.gal\\\/#\\\/schema\\\/logo\\\/image\\\/\",\"url\":\"http:\\\/\\\/www.anovapeneira.gal\\\/wp-content\\\/uploads\\\/2019\\\/06\\\/logo_a_nova_peneira_portal_web.png\",\"contentUrl\":\"http:\\\/\\\/www.anovapeneira.gal\\\/wp-content\\\/uploads\\\/2019\\\/06\\\/logo_a_nova_peneira_portal_web.png\",\"width\":300,\"height\":100,\"caption\":\"A Nova Peneira\"},\"image\":{\"@id\":\"https:\\\/\\\/www.anovapeneira.gal\\\/#\\\/schema\\\/logo\\\/image\\\/\"},\"sameAs\":[\"https:\\\/\\\/www.facebook.com\\\/anovapeneira\",\"https:\\\/\\\/x.com\\\/APeneira\"]},{\"@type\":\"Person\",\"@id\":\"https:\\\/\\\/www.anovapeneira.gal\\\/#\\\/schema\\\/person\\\/f18a4feb302e8f20bcef4490b5b60bb3\",\"name\":\"Artigos Opini\u00f3n\",\"image\":{\"@type\":\"ImageObject\",\"inLanguage\":\"gl-ES\",\"@id\":\"https:\\\/\\\/secure.gravatar.com\\\/avatar\\\/072844300f4881150aee2da4278f7a65d16eefdf8262eb67085f1e702de2b959?s=96&d=mm&r=g\",\"url\":\"https:\\\/\\\/secure.gravatar.com\\\/avatar\\\/072844300f4881150aee2da4278f7a65d16eefdf8262eb67085f1e702de2b959?s=96&d=mm&r=g\",\"contentUrl\":\"https:\\\/\\\/secure.gravatar.com\\\/avatar\\\/072844300f4881150aee2da4278f7a65d16eefdf8262eb67085f1e702de2b959?s=96&d=mm&r=g\",\"caption\":\"Artigos Opini\u00f3n\"},\"sameAs\":[\"http:\\\/\\\/anovapeneira.gal\"],\"url\":\"https:\\\/\\\/www.anovapeneira.gal\\\/index.php\\\/author\\\/artigosopinion\\\/\"}]}<\/script>\n<!-- \/ Yoast SEO plugin. -->","yoast_head_json":{"title":"Os comezos da Federaci\u00f3n Obreira de Mar\u00edn (1901-1904) -","description":"s do xeito, carpinteiros, canteiros e albaneis estudaban levar adiante este proceso coa intenci\u00f3n de crear unha Federaci\u00f3n de Traballadores","robots":{"index":"index","follow":"follow","max-snippet":"max-snippet:-1","max-image-preview":"max-image-preview:large","max-video-preview":"max-video-preview:-1"},"canonical":"https:\/\/www.anovapeneira.gal\/index.php\/2022\/04\/22\/os-comezos-da-federacion-obreira-de-marin-1901-1904\/","og_locale":"gl_ES","og_type":"article","og_title":"Os comezos da Federaci\u00f3n Obreira de Mar\u00edn (1901-1904) -","og_description":"s do xeito, carpinteiros, canteiros e albaneis estudaban levar adiante este proceso coa intenci\u00f3n de crear unha Federaci\u00f3n de Traballadores","og_url":"https:\/\/www.anovapeneira.gal\/index.php\/2022\/04\/22\/os-comezos-da-federacion-obreira-de-marin-1901-1904\/","article_publisher":"https:\/\/www.facebook.com\/anovapeneira","article_published_time":"2022-04-22T10:00:18+00:00","og_image":[{"width":720,"height":432,"url":"https:\/\/www.anovapeneira.gal\/wp-content\/uploads\/2022\/04\/cantodarea.jpg","type":"image\/jpeg"}],"author":"Artigos Opini\u00f3n","twitter_card":"summary_large_image","twitter_creator":"@APeneira","twitter_site":"@APeneira","twitter_misc":{"Escrito por":"Artigos Opini\u00f3n","Tempo de lectura":"3 minutos"},"schema":{"@context":"https:\/\/schema.org","@graph":[{"@type":"Article","@id":"https:\/\/www.anovapeneira.gal\/index.php\/2022\/04\/22\/os-comezos-da-federacion-obreira-de-marin-1901-1904\/#article","isPartOf":{"@id":"https:\/\/www.anovapeneira.gal\/index.php\/2022\/04\/22\/os-comezos-da-federacion-obreira-de-marin-1901-1904\/"},"author":{"name":"Artigos Opini\u00f3n","@id":"https:\/\/www.anovapeneira.gal\/#\/schema\/person\/f18a4feb302e8f20bcef4490b5b60bb3"},"headline":"Os comezos da Federaci\u00f3n Obreira de Mar\u00edn (1901-1904)","datePublished":"2022-04-22T10:00:18+00:00","mainEntityOfPage":{"@id":"https:\/\/www.anovapeneira.gal\/index.php\/2022\/04\/22\/os-comezos-da-federacion-obreira-de-marin-1901-1904\/"},"wordCount":560,"commentCount":1,"publisher":{"@id":"https:\/\/www.anovapeneira.gal\/#organization"},"image":{"@id":"https:\/\/www.anovapeneira.gal\/index.php\/2022\/04\/22\/os-comezos-da-federacion-obreira-de-marin-1901-1904\/#primaryimage"},"thumbnailUrl":"https:\/\/www.anovapeneira.gal\/wp-content\/uploads\/2022\/04\/cantodarea.jpg","articleSection":["Artigos de opini\u00f3n"],"inLanguage":"gl-ES","potentialAction":[{"@type":"CommentAction","name":"Comment","target":["https:\/\/www.anovapeneira.gal\/index.php\/2022\/04\/22\/os-comezos-da-federacion-obreira-de-marin-1901-1904\/#respond"]}]},{"@type":"WebPage","@id":"https:\/\/www.anovapeneira.gal\/index.php\/2022\/04\/22\/os-comezos-da-federacion-obreira-de-marin-1901-1904\/","url":"https:\/\/www.anovapeneira.gal\/index.php\/2022\/04\/22\/os-comezos-da-federacion-obreira-de-marin-1901-1904\/","name":"Os comezos da Federaci\u00f3n Obreira de Mar\u00edn (1901-1904) -","isPartOf":{"@id":"https:\/\/www.anovapeneira.gal\/#website"},"primaryImageOfPage":{"@id":"https:\/\/www.anovapeneira.gal\/index.php\/2022\/04\/22\/os-comezos-da-federacion-obreira-de-marin-1901-1904\/#primaryimage"},"image":{"@id":"https:\/\/www.anovapeneira.gal\/index.php\/2022\/04\/22\/os-comezos-da-federacion-obreira-de-marin-1901-1904\/#primaryimage"},"thumbnailUrl":"https:\/\/www.anovapeneira.gal\/wp-content\/uploads\/2022\/04\/cantodarea.jpg","datePublished":"2022-04-22T10:00:18+00:00","description":"s do xeito, carpinteiros, canteiros e albaneis estudaban levar adiante este proceso coa intenci\u00f3n de crear unha Federaci\u00f3n de Traballadores","breadcrumb":{"@id":"https:\/\/www.anovapeneira.gal\/index.php\/2022\/04\/22\/os-comezos-da-federacion-obreira-de-marin-1901-1904\/#breadcrumb"},"inLanguage":"gl-ES","potentialAction":[{"@type":"ReadAction","target":["https:\/\/www.anovapeneira.gal\/index.php\/2022\/04\/22\/os-comezos-da-federacion-obreira-de-marin-1901-1904\/"]}]},{"@type":"ImageObject","inLanguage":"gl-ES","@id":"https:\/\/www.anovapeneira.gal\/index.php\/2022\/04\/22\/os-comezos-da-federacion-obreira-de-marin-1901-1904\/#primaryimage","url":"https:\/\/www.anovapeneira.gal\/wp-content\/uploads\/2022\/04\/cantodarea.jpg","contentUrl":"https:\/\/www.anovapeneira.gal\/wp-content\/uploads\/2022\/04\/cantodarea.jpg","width":720,"height":432,"caption":"Cantodarea. Carpinteiros de Ribeira. O Tombo e edificio da Lonxa. 1910"},{"@type":"BreadcrumbList","@id":"https:\/\/www.anovapeneira.gal\/index.php\/2022\/04\/22\/os-comezos-da-federacion-obreira-de-marin-1901-1904\/#breadcrumb","itemListElement":[{"@type":"ListItem","position":1,"name":"Portada","item":"https:\/\/www.anovapeneira.gal\/"},{"@type":"ListItem","position":2,"name":"Os comezos da Federaci\u00f3n Obreira de Mar\u00edn (1901-1904)"}]},{"@type":"WebSite","@id":"https:\/\/www.anovapeneira.gal\/#website","url":"https:\/\/www.anovapeneira.gal\/","name":"","description":"Xornal galego de informaci\u00f3n xeral Publicaci\u00f3n mensual de novas de Galicia e en especial dos Concellos da sur da provincia de Pontevedra.","publisher":{"@id":"https:\/\/www.anovapeneira.gal\/#organization"},"potentialAction":[{"@type":"SearchAction","target":{"@type":"EntryPoint","urlTemplate":"https:\/\/www.anovapeneira.gal\/?s={search_term_string}"},"query-input":{"@type":"PropertyValueSpecification","valueRequired":true,"valueName":"search_term_string"}}],"inLanguage":"gl-ES"},{"@type":"Organization","@id":"https:\/\/www.anovapeneira.gal\/#organization","name":"A Nova Peneira","url":"https:\/\/www.anovapeneira.gal\/","logo":{"@type":"ImageObject","inLanguage":"gl-ES","@id":"https:\/\/www.anovapeneira.gal\/#\/schema\/logo\/image\/","url":"http:\/\/www.anovapeneira.gal\/wp-content\/uploads\/2019\/06\/logo_a_nova_peneira_portal_web.png","contentUrl":"http:\/\/www.anovapeneira.gal\/wp-content\/uploads\/2019\/06\/logo_a_nova_peneira_portal_web.png","width":300,"height":100,"caption":"A Nova Peneira"},"image":{"@id":"https:\/\/www.anovapeneira.gal\/#\/schema\/logo\/image\/"},"sameAs":["https:\/\/www.facebook.com\/anovapeneira","https:\/\/x.com\/APeneira"]},{"@type":"Person","@id":"https:\/\/www.anovapeneira.gal\/#\/schema\/person\/f18a4feb302e8f20bcef4490b5b60bb3","name":"Artigos Opini\u00f3n","image":{"@type":"ImageObject","inLanguage":"gl-ES","@id":"https:\/\/secure.gravatar.com\/avatar\/072844300f4881150aee2da4278f7a65d16eefdf8262eb67085f1e702de2b959?s=96&d=mm&r=g","url":"https:\/\/secure.gravatar.com\/avatar\/072844300f4881150aee2da4278f7a65d16eefdf8262eb67085f1e702de2b959?s=96&d=mm&r=g","contentUrl":"https:\/\/secure.gravatar.com\/avatar\/072844300f4881150aee2da4278f7a65d16eefdf8262eb67085f1e702de2b959?s=96&d=mm&r=g","caption":"Artigos Opini\u00f3n"},"sameAs":["http:\/\/anovapeneira.gal"],"url":"https:\/\/www.anovapeneira.gal\/index.php\/author\/artigosopinion\/"}]}},"jetpack_featured_media_url":"https:\/\/www.anovapeneira.gal\/wp-content\/uploads\/2022\/04\/cantodarea.jpg","_links":{"self":[{"href":"https:\/\/www.anovapeneira.gal\/index.php\/wp-json\/wp\/v2\/posts\/7336","targetHints":{"allow":["GET"]}}],"collection":[{"href":"https:\/\/www.anovapeneira.gal\/index.php\/wp-json\/wp\/v2\/posts"}],"about":[{"href":"https:\/\/www.anovapeneira.gal\/index.php\/wp-json\/wp\/v2\/types\/post"}],"author":[{"embeddable":true,"href":"https:\/\/www.anovapeneira.gal\/index.php\/wp-json\/wp\/v2\/users\/12"}],"replies":[{"embeddable":true,"href":"https:\/\/www.anovapeneira.gal\/index.php\/wp-json\/wp\/v2\/comments?post=7336"}],"version-history":[{"count":1,"href":"https:\/\/www.anovapeneira.gal\/index.php\/wp-json\/wp\/v2\/posts\/7336\/revisions"}],"predecessor-version":[{"id":7337,"href":"https:\/\/www.anovapeneira.gal\/index.php\/wp-json\/wp\/v2\/posts\/7336\/revisions\/7337"}],"wp:featuredmedia":[{"embeddable":true,"href":"https:\/\/www.anovapeneira.gal\/index.php\/wp-json\/wp\/v2\/media\/7338"}],"wp:attachment":[{"href":"https:\/\/www.anovapeneira.gal\/index.php\/wp-json\/wp\/v2\/media?parent=7336"}],"wp:term":[{"taxonomy":"category","embeddable":true,"href":"https:\/\/www.anovapeneira.gal\/index.php\/wp-json\/wp\/v2\/categories?post=7336"},{"taxonomy":"post_tag","embeddable":true,"href":"https:\/\/www.anovapeneira.gal\/index.php\/wp-json\/wp\/v2\/tags?post=7336"}],"curies":[{"name":"wp","href":"https:\/\/api.w.org\/{rel}","templated":true}]}}