{"id":7346,"date":"2022-04-25T10:00:53","date_gmt":"2022-04-25T08:00:53","guid":{"rendered":"https:\/\/www.anovapeneira.gal\/?p=7346"},"modified":"2022-04-20T17:34:08","modified_gmt":"2022-04-20T15:34:08","slug":"mes-de-maio-festas-consoladoras-co-idioma","status":"publish","type":"post","link":"https:\/\/www.anovapeneira.gal\/index.php\/2022\/04\/25\/mes-de-maio-festas-consoladoras-co-idioma\/","title":{"rendered":"Mes de maio, festas consoladoras co idioma"},"content":{"rendered":"\n<figure class=\"wp-block-image size-large is-resized\"><img loading=\"lazy\" decoding=\"async\" src=\"http:\/\/www.anovapeneira.gal\/wp-content\/uploads\/2019\/07\/Baldomero_Iglesias_Dobarrio_Mero.jpg\" alt=\"Baldomero Iglesias Dobarrio Mero artigos de opini\u00f3n A Nova Peneira\" class=\"wp-image-482\" width=\"95\" height=\"111\"\/><figcaption>Baldomero Iglesias Dobarrio, Mero<\/figcaption><\/figure>\n\n\n\n<p>Creo que \u00e9 o momento de dicilo, anque antes c\u00e1 min houbo moitos que o dixeron, quizais doutra maneira o con m\u00e1is prevenci\u00f3ns ou eufemismos. Pero non, agora \u00e9 momento: non \u00e9 que se ataque desde Madrid tan s\u00f3 a financiaci\u00f3n de Catalu\u00f1a e doutras naci\u00f3ns do estado, tam\u00e9n se atacan os seus idiomas e os seus \u00e1mbitos de desenvolvemento e de ensino, desde a inmersi\u00f3n ling\u00fc\u00edstica, por exemplo, que ser\u00eda quen de recuperar estas as s\u00faas linguas minorizadas, que sabemos feridas desde a noite dos tempos. Negan a capacidade lexislativa dos pobos e das naci\u00f3ns para que poidan facelo en proveito propio. Queren seguir movendo todos os f\u00edos. Tam\u00e9n atacan as s\u00faas Culturas e a promoci\u00f3n das mesmas, non facendo caso do que indica a Constituci\u00f3n que prometeron cumprir. Pasan dela, nestes casos e noutros, cando lles conv\u00e9n. O que fixeron os sucesivos gobernos do Estado e tam\u00e9n, as autonom\u00edas como a nosa, foi un apa\u00f1o de m\u00ednimos, un abuso. E estamos como estamos, nesta desafecci\u00f3n por quen, sen mirar onde nin por que, deu golpes mortais aos nosos sentimentos e aos dos perif\u00e9ricos, neg\u00e1ndonos a auga e o pan da nosa propia Cultura, na nosa propia Casa. Empezan por confrontarnos con eles, que se imos por libre e non obedecemos o idioma &#8220;com\u00fan&#8221; e esas cousas. Menosprezarnos todo canto deles prov\u00e9n, por exemplo a redacci\u00f3n -na Constituci\u00f3n- das &#8220;categor\u00edas&#8221; das linguas. En principio todo era e debe ser, igual para as linguas. Ah, pero non o \u00e9. Unha \u00e9 de obrigado co\u00f1ecemento, as outras s\u00f3 ofrecen o dereito de exercelas, nin na propia Casa! Iso indica desigualdade e invasi\u00f3n. Ben sei, eles preferir\u00edan foramos mudos. Ese conto do idioma &#8220;com\u00fan&#8221; que non \u00e9 tan com\u00fan, de non ser pola imposici\u00f3n que nos depararon.<br>A partir de a\u00ed, empezan a faltarnos, mesmo con procacidades, provocaci\u00f3ns como que &#8220;impo\u00f1emos&#8221; a nosa lingua, na nosa casa. Coido que todos os idiomas &#8220;per se&#8221; est\u00e1n &#8220;impostos&#8221; na s\u00faa casa, ou non? Eu quero que me impo\u00f1an os grelos e o lac\u00f3n cocido, quero que me impo\u00f1an a paisaxe da mi\u00f1a Terra Cha, &#8230;quero que impo\u00f1an o amor \u00e1<br>Orixe, a Galiza! Hai alg\u00fan problema? Eu e n\u00f3s, os que as\u00ed pensamos nesta perda de idioma, non damos creto. Ah, despois v\u00e9n iso de que os pais te\u00f1en dereito a revocalo ensino e escoller o que -cada quen queira- nunha anarqu\u00eda mal entendida que prop\u00f3n a desorde total.<br>Quen lles preguntou aos pais se queren m\u00e1is Educaci\u00f3n F\u00edsica onCo\u00f1ecementos de Arte, ou calquera materia? Se polos pais fose, para moitos, s\u00f3 se dar\u00edan linguas e matem\u00e1tica e f\u00edsica, &#8230;as outra son &#8220;mar\u00edas&#8221; que douran a perdiz pero non dan curr\u00edculo. Medos e<br>temores, transmiten aos pais e nais de se non van aprender castel\u00e1n<br>(cando todo est\u00e1 mediatizado nese idioma: teles, prensa, contos, revistas, libros, letreiros, propagandas, &#8230;todo!). Ah, pero coidado, chegou o ingl\u00e9s, lingua de &#8220;futuro&#8221; ou de rango mundial e econ\u00f3mico.<br>Hai que protexer o ingl\u00e9s, anque a Constituci\u00f3n non diga nada del. E non hai problema, se \u00e9 preciso con inmersi\u00f3n total, igual que co espa\u00f1ol!. O problema est\u00e1 co catal\u00e1n, \u00e9uscaro e galego. A\u00ed \u00e9 moi perigoso facer inmersi\u00f3n para que aprendan! Poder\u00edan pero \u00e9 o que eles non queren, nin deixan. Volven con conceptos err\u00f3neos, a lingua<br>&#8220;com\u00fan&#8221;. E n\u00f3s dicimos, \u00e9 que a nosa \u00e9 a lingua &#8220;propia&#8221;. Ent\u00f3n deber\u00edan calar pero non o fan, porque te\u00f1en esa forma de facer as cousas: por pelotas e decretos de falsidade! Sexan biling\u00fcismos harm\u00f3nicos, triling\u00fc\u00edsimos modelos de evitar o tema. Non entenden<br>que a nosa Lingua, a propia de n\u00f3s \u00e9 a que nos rexe o mundo, a que nos conduce, a que nos permitir\u00e1 co\u00f1ecer as cousas todas do universo, visible e oculto, e tam\u00e9n todas as linguas que nos pete da gana, non s\u00f3 as que eles propo\u00f1an. Vese como os nosos gobernantes mesmo gobernan contra n\u00f3s. Deber\u00eda haber alg\u00fan regulamento que o impedise, non poden seguir esnaquizando m\u00e1is a nosa Cultura. Son servos dos que quixeron, desde sempre, acabar con ela. Seguen a p\u00e9 de letra a uniformaci\u00f3n do territorio, que nos xeneralizou provincias outorg\u00e1ndonos un certo grao de capacidade lexislativa (sen pasarse, eh!) e non lembraron m\u00e1is que Galiza, Catalu\u00f1a e Euskadi aprobaron<br>en referendo uns estatutos que, agora, estes, trocan na m\u00e1is baixa intensidade, sen protecci\u00f3n de n\u00f3s e do noso, sen restaurar competencias merecidas de &#8220;naci\u00f3ns&#8221; e autogoberno. Prefiren o &#8220;caf\u00e9 para todos&#8221;. E a\u00ed estamos nesta desafecci\u00f3n que non entende ningu\u00e9n, na que todos esiximos o dereito a decidir, claro est\u00e1, n\u00f3s<br>no noso e cada un no seu! Non quixera eu que ningu\u00e9n de Murcia, por po\u00f1er un caso, poida ter que aceptar o que n\u00f3s decidimos. Teremos que ser n\u00f3s, no noso igual que eles no seu, non si? Penso haber\u00eda que petar na mesa e pedir respecto. Xa est\u00e1 ben de tanto insulto.<\/p>\n","protected":false},"excerpt":{"rendered":"<div class=\"mh-excerpt\"><p>Creo que \u00e9 o momento de dicilo, anque antes c\u00e1 min houbo moitos que o dixeron, quizais doutra maneira o con m\u00e1is prevenci\u00f3ns ou eufemismos <a class=\"mh-excerpt-more\" href=\"https:\/\/www.anovapeneira.gal\/index.php\/2022\/04\/25\/mes-de-maio-festas-consoladoras-co-idioma\/\" title=\"Mes de maio, festas consoladoras co idioma\">[&#8230;]<\/a><\/p>\n<\/div>","protected":false},"author":5,"featured_media":584,"comment_status":"open","ping_status":"open","sticky":false,"template":"","format":"standard","meta":{"_exactmetrics_skip_tracking":false,"_exactmetrics_sitenote_active":false,"_exactmetrics_sitenote_note":"","_exactmetrics_sitenote_category":0,"footnotes":""},"categories":[7],"tags":[78],"class_list":{"0":"post-7346","1":"post","2":"type-post","3":"status-publish","4":"format-standard","5":"has-post-thumbnail","7":"category-artigos-de-opinion","8":"tag-mero"},"yoast_head":"<!-- This site is optimized with the Yoast SEO plugin v27.4 - https:\/\/yoast.com\/product\/yoast-seo-wordpress\/ -->\n<title>Mes de maio, festas consoladoras co idioma -<\/title>\n<meta name=\"description\" content=\"Creo que \u00e9 o momento de dicilo, anque antes c\u00e1 min houbo moitos que o dixeron, quizais doutra maneira o con m\u00e1is prevenci\u00f3ns ou eufemismos\" \/>\n<meta name=\"robots\" content=\"index, follow, max-snippet:-1, max-image-preview:large, max-video-preview:-1\" \/>\n<link rel=\"canonical\" href=\"https:\/\/www.anovapeneira.gal\/index.php\/2022\/04\/25\/mes-de-maio-festas-consoladoras-co-idioma\/\" \/>\n<meta property=\"og:locale\" content=\"gl_ES\" \/>\n<meta property=\"og:type\" content=\"article\" \/>\n<meta property=\"og:title\" content=\"Mes de maio, festas consoladoras co idioma -\" \/>\n<meta property=\"og:description\" content=\"Creo que \u00e9 o momento de dicilo, anque antes c\u00e1 min houbo moitos que o dixeron, quizais doutra maneira o con m\u00e1is prevenci\u00f3ns ou eufemismos\" \/>\n<meta property=\"og:url\" content=\"https:\/\/www.anovapeneira.gal\/index.php\/2022\/04\/25\/mes-de-maio-festas-consoladoras-co-idioma\/\" \/>\n<meta property=\"article:publisher\" content=\"https:\/\/www.facebook.com\/anovapeneira\" \/>\n<meta property=\"article:published_time\" content=\"2022-04-25T08:00:53+00:00\" \/>\n<meta property=\"og:image\" content=\"https:\/\/www.anovapeneira.gal\/wp-content\/uploads\/2019\/07\/ARTIGO_DE_OPINION_A_NOVA_PENEIRA.jpg\" \/>\n\t<meta property=\"og:image:width\" content=\"720\" \/>\n\t<meta property=\"og:image:height\" content=\"473\" \/>\n\t<meta property=\"og:image:type\" content=\"image\/jpeg\" \/>\n<meta name=\"author\" content=\"Baldomero Iglesias Dobarrio, Mero\" \/>\n<meta name=\"twitter:card\" content=\"summary_large_image\" \/>\n<meta name=\"twitter:image\" content=\"https:\/\/www.anovapeneira.gal\/wp-content\/uploads\/2019\/07\/ARTIGO_DE_OPINION_A_NOVA_PENEIRA.jpg\" \/>\n<meta name=\"twitter:creator\" content=\"@APeneira\" \/>\n<meta name=\"twitter:site\" content=\"@APeneira\" \/>\n<meta name=\"twitter:label1\" content=\"Escrito por\" \/>\n\t<meta name=\"twitter:data1\" content=\"Baldomero Iglesias Dobarrio, Mero\" \/>\n\t<meta name=\"twitter:label2\" content=\"Tempo de lectura\" \/>\n\t<meta name=\"twitter:data2\" content=\"5 minutos\" \/>\n<script type=\"application\/ld+json\" class=\"yoast-schema-graph\">{\"@context\":\"https:\\\/\\\/schema.org\",\"@graph\":[{\"@type\":\"Article\",\"@id\":\"https:\\\/\\\/www.anovapeneira.gal\\\/index.php\\\/2022\\\/04\\\/25\\\/mes-de-maio-festas-consoladoras-co-idioma\\\/#article\",\"isPartOf\":{\"@id\":\"https:\\\/\\\/www.anovapeneira.gal\\\/index.php\\\/2022\\\/04\\\/25\\\/mes-de-maio-festas-consoladoras-co-idioma\\\/\"},\"author\":{\"name\":\"Baldomero Iglesias Dobarrio, Mero\",\"@id\":\"https:\\\/\\\/www.anovapeneira.gal\\\/#\\\/schema\\\/person\\\/b051ed40cfc100e281476674783b32fc\"},\"headline\":\"Mes de maio, festas consoladoras co idioma\",\"datePublished\":\"2022-04-25T08:00:53+00:00\",\"mainEntityOfPage\":{\"@id\":\"https:\\\/\\\/www.anovapeneira.gal\\\/index.php\\\/2022\\\/04\\\/25\\\/mes-de-maio-festas-consoladoras-co-idioma\\\/\"},\"wordCount\":906,\"commentCount\":0,\"publisher\":{\"@id\":\"https:\\\/\\\/www.anovapeneira.gal\\\/#organization\"},\"image\":{\"@id\":\"https:\\\/\\\/www.anovapeneira.gal\\\/index.php\\\/2022\\\/04\\\/25\\\/mes-de-maio-festas-consoladoras-co-idioma\\\/#primaryimage\"},\"thumbnailUrl\":\"https:\\\/\\\/www.anovapeneira.gal\\\/wp-content\\\/uploads\\\/2019\\\/07\\\/ARTIGO_DE_OPINION_A_NOVA_PENEIRA.jpg\",\"keywords\":[\"Mero\"],\"articleSection\":[\"Artigos de opini\u00f3n\"],\"inLanguage\":\"gl-ES\",\"potentialAction\":[{\"@type\":\"CommentAction\",\"name\":\"Comment\",\"target\":[\"https:\\\/\\\/www.anovapeneira.gal\\\/index.php\\\/2022\\\/04\\\/25\\\/mes-de-maio-festas-consoladoras-co-idioma\\\/#respond\"]}]},{\"@type\":\"WebPage\",\"@id\":\"https:\\\/\\\/www.anovapeneira.gal\\\/index.php\\\/2022\\\/04\\\/25\\\/mes-de-maio-festas-consoladoras-co-idioma\\\/\",\"url\":\"https:\\\/\\\/www.anovapeneira.gal\\\/index.php\\\/2022\\\/04\\\/25\\\/mes-de-maio-festas-consoladoras-co-idioma\\\/\",\"name\":\"Mes de maio, festas consoladoras co idioma -\",\"isPartOf\":{\"@id\":\"https:\\\/\\\/www.anovapeneira.gal\\\/#website\"},\"primaryImageOfPage\":{\"@id\":\"https:\\\/\\\/www.anovapeneira.gal\\\/index.php\\\/2022\\\/04\\\/25\\\/mes-de-maio-festas-consoladoras-co-idioma\\\/#primaryimage\"},\"image\":{\"@id\":\"https:\\\/\\\/www.anovapeneira.gal\\\/index.php\\\/2022\\\/04\\\/25\\\/mes-de-maio-festas-consoladoras-co-idioma\\\/#primaryimage\"},\"thumbnailUrl\":\"https:\\\/\\\/www.anovapeneira.gal\\\/wp-content\\\/uploads\\\/2019\\\/07\\\/ARTIGO_DE_OPINION_A_NOVA_PENEIRA.jpg\",\"datePublished\":\"2022-04-25T08:00:53+00:00\",\"description\":\"Creo que \u00e9 o momento de dicilo, anque antes c\u00e1 min houbo moitos que o dixeron, quizais doutra maneira o con m\u00e1is prevenci\u00f3ns ou eufemismos\",\"breadcrumb\":{\"@id\":\"https:\\\/\\\/www.anovapeneira.gal\\\/index.php\\\/2022\\\/04\\\/25\\\/mes-de-maio-festas-consoladoras-co-idioma\\\/#breadcrumb\"},\"inLanguage\":\"gl-ES\",\"potentialAction\":[{\"@type\":\"ReadAction\",\"target\":[\"https:\\\/\\\/www.anovapeneira.gal\\\/index.php\\\/2022\\\/04\\\/25\\\/mes-de-maio-festas-consoladoras-co-idioma\\\/\"]}]},{\"@type\":\"ImageObject\",\"inLanguage\":\"gl-ES\",\"@id\":\"https:\\\/\\\/www.anovapeneira.gal\\\/index.php\\\/2022\\\/04\\\/25\\\/mes-de-maio-festas-consoladoras-co-idioma\\\/#primaryimage\",\"url\":\"https:\\\/\\\/www.anovapeneira.gal\\\/wp-content\\\/uploads\\\/2019\\\/07\\\/ARTIGO_DE_OPINION_A_NOVA_PENEIRA.jpg\",\"contentUrl\":\"https:\\\/\\\/www.anovapeneira.gal\\\/wp-content\\\/uploads\\\/2019\\\/07\\\/ARTIGO_DE_OPINION_A_NOVA_PENEIRA.jpg\",\"width\":720,\"height\":473,\"caption\":\"Artigo de opini\u00f3n A Nova Peneira\"},{\"@type\":\"BreadcrumbList\",\"@id\":\"https:\\\/\\\/www.anovapeneira.gal\\\/index.php\\\/2022\\\/04\\\/25\\\/mes-de-maio-festas-consoladoras-co-idioma\\\/#breadcrumb\",\"itemListElement\":[{\"@type\":\"ListItem\",\"position\":1,\"name\":\"Portada\",\"item\":\"https:\\\/\\\/www.anovapeneira.gal\\\/\"},{\"@type\":\"ListItem\",\"position\":2,\"name\":\"Mes de maio, festas consoladoras co idioma\"}]},{\"@type\":\"WebSite\",\"@id\":\"https:\\\/\\\/www.anovapeneira.gal\\\/#website\",\"url\":\"https:\\\/\\\/www.anovapeneira.gal\\\/\",\"name\":\"\",\"description\":\"Xornal galego de informaci\u00f3n xeral Publicaci\u00f3n mensual de novas de Galicia e en especial dos Concellos da sur da provincia de Pontevedra.\",\"publisher\":{\"@id\":\"https:\\\/\\\/www.anovapeneira.gal\\\/#organization\"},\"potentialAction\":[{\"@type\":\"SearchAction\",\"target\":{\"@type\":\"EntryPoint\",\"urlTemplate\":\"https:\\\/\\\/www.anovapeneira.gal\\\/?s={search_term_string}\"},\"query-input\":{\"@type\":\"PropertyValueSpecification\",\"valueRequired\":true,\"valueName\":\"search_term_string\"}}],\"inLanguage\":\"gl-ES\"},{\"@type\":\"Organization\",\"@id\":\"https:\\\/\\\/www.anovapeneira.gal\\\/#organization\",\"name\":\"A Nova Peneira\",\"url\":\"https:\\\/\\\/www.anovapeneira.gal\\\/\",\"logo\":{\"@type\":\"ImageObject\",\"inLanguage\":\"gl-ES\",\"@id\":\"https:\\\/\\\/www.anovapeneira.gal\\\/#\\\/schema\\\/logo\\\/image\\\/\",\"url\":\"http:\\\/\\\/www.anovapeneira.gal\\\/wp-content\\\/uploads\\\/2019\\\/06\\\/logo_a_nova_peneira_portal_web.png\",\"contentUrl\":\"http:\\\/\\\/www.anovapeneira.gal\\\/wp-content\\\/uploads\\\/2019\\\/06\\\/logo_a_nova_peneira_portal_web.png\",\"width\":300,\"height\":100,\"caption\":\"A Nova Peneira\"},\"image\":{\"@id\":\"https:\\\/\\\/www.anovapeneira.gal\\\/#\\\/schema\\\/logo\\\/image\\\/\"},\"sameAs\":[\"https:\\\/\\\/www.facebook.com\\\/anovapeneira\",\"https:\\\/\\\/x.com\\\/APeneira\"]},{\"@type\":\"Person\",\"@id\":\"https:\\\/\\\/www.anovapeneira.gal\\\/#\\\/schema\\\/person\\\/b051ed40cfc100e281476674783b32fc\",\"name\":\"Baldomero Iglesias Dobarrio, Mero\",\"image\":{\"@type\":\"ImageObject\",\"inLanguage\":\"gl-ES\",\"@id\":\"https:\\\/\\\/secure.gravatar.com\\\/avatar\\\/ca78fc089f8cf28197f88de2c9ac213e2f7d2097d8e359d9359b8778b539c59d?s=96&d=mm&r=g\",\"url\":\"https:\\\/\\\/secure.gravatar.com\\\/avatar\\\/ca78fc089f8cf28197f88de2c9ac213e2f7d2097d8e359d9359b8778b539c59d?s=96&d=mm&r=g\",\"contentUrl\":\"https:\\\/\\\/secure.gravatar.com\\\/avatar\\\/ca78fc089f8cf28197f88de2c9ac213e2f7d2097d8e359d9359b8778b539c59d?s=96&d=mm&r=g\",\"caption\":\"Baldomero Iglesias Dobarrio, Mero\"},\"sameAs\":[\"http:\\\/\\\/anovapeneira.gal\"],\"url\":\"https:\\\/\\\/www.anovapeneira.gal\\\/index.php\\\/author\\\/opinionmero\\\/\"}]}<\/script>\n<!-- \/ Yoast SEO plugin. -->","yoast_head_json":{"title":"Mes de maio, festas consoladoras co idioma -","description":"Creo que \u00e9 o momento de dicilo, anque antes c\u00e1 min houbo moitos que o dixeron, quizais doutra maneira o con m\u00e1is prevenci\u00f3ns ou eufemismos","robots":{"index":"index","follow":"follow","max-snippet":"max-snippet:-1","max-image-preview":"max-image-preview:large","max-video-preview":"max-video-preview:-1"},"canonical":"https:\/\/www.anovapeneira.gal\/index.php\/2022\/04\/25\/mes-de-maio-festas-consoladoras-co-idioma\/","og_locale":"gl_ES","og_type":"article","og_title":"Mes de maio, festas consoladoras co idioma -","og_description":"Creo que \u00e9 o momento de dicilo, anque antes c\u00e1 min houbo moitos que o dixeron, quizais doutra maneira o con m\u00e1is prevenci\u00f3ns ou eufemismos","og_url":"https:\/\/www.anovapeneira.gal\/index.php\/2022\/04\/25\/mes-de-maio-festas-consoladoras-co-idioma\/","article_publisher":"https:\/\/www.facebook.com\/anovapeneira","article_published_time":"2022-04-25T08:00:53+00:00","og_image":[{"width":720,"height":473,"url":"https:\/\/www.anovapeneira.gal\/wp-content\/uploads\/2019\/07\/ARTIGO_DE_OPINION_A_NOVA_PENEIRA.jpg","type":"image\/jpeg"}],"author":"Baldomero Iglesias Dobarrio, Mero","twitter_card":"summary_large_image","twitter_image":"https:\/\/www.anovapeneira.gal\/wp-content\/uploads\/2019\/07\/ARTIGO_DE_OPINION_A_NOVA_PENEIRA.jpg","twitter_creator":"@APeneira","twitter_site":"@APeneira","twitter_misc":{"Escrito por":"Baldomero Iglesias Dobarrio, Mero","Tempo de lectura":"5 minutos"},"schema":{"@context":"https:\/\/schema.org","@graph":[{"@type":"Article","@id":"https:\/\/www.anovapeneira.gal\/index.php\/2022\/04\/25\/mes-de-maio-festas-consoladoras-co-idioma\/#article","isPartOf":{"@id":"https:\/\/www.anovapeneira.gal\/index.php\/2022\/04\/25\/mes-de-maio-festas-consoladoras-co-idioma\/"},"author":{"name":"Baldomero Iglesias Dobarrio, Mero","@id":"https:\/\/www.anovapeneira.gal\/#\/schema\/person\/b051ed40cfc100e281476674783b32fc"},"headline":"Mes de maio, festas consoladoras co idioma","datePublished":"2022-04-25T08:00:53+00:00","mainEntityOfPage":{"@id":"https:\/\/www.anovapeneira.gal\/index.php\/2022\/04\/25\/mes-de-maio-festas-consoladoras-co-idioma\/"},"wordCount":906,"commentCount":0,"publisher":{"@id":"https:\/\/www.anovapeneira.gal\/#organization"},"image":{"@id":"https:\/\/www.anovapeneira.gal\/index.php\/2022\/04\/25\/mes-de-maio-festas-consoladoras-co-idioma\/#primaryimage"},"thumbnailUrl":"https:\/\/www.anovapeneira.gal\/wp-content\/uploads\/2019\/07\/ARTIGO_DE_OPINION_A_NOVA_PENEIRA.jpg","keywords":["Mero"],"articleSection":["Artigos de opini\u00f3n"],"inLanguage":"gl-ES","potentialAction":[{"@type":"CommentAction","name":"Comment","target":["https:\/\/www.anovapeneira.gal\/index.php\/2022\/04\/25\/mes-de-maio-festas-consoladoras-co-idioma\/#respond"]}]},{"@type":"WebPage","@id":"https:\/\/www.anovapeneira.gal\/index.php\/2022\/04\/25\/mes-de-maio-festas-consoladoras-co-idioma\/","url":"https:\/\/www.anovapeneira.gal\/index.php\/2022\/04\/25\/mes-de-maio-festas-consoladoras-co-idioma\/","name":"Mes de maio, festas consoladoras co idioma -","isPartOf":{"@id":"https:\/\/www.anovapeneira.gal\/#website"},"primaryImageOfPage":{"@id":"https:\/\/www.anovapeneira.gal\/index.php\/2022\/04\/25\/mes-de-maio-festas-consoladoras-co-idioma\/#primaryimage"},"image":{"@id":"https:\/\/www.anovapeneira.gal\/index.php\/2022\/04\/25\/mes-de-maio-festas-consoladoras-co-idioma\/#primaryimage"},"thumbnailUrl":"https:\/\/www.anovapeneira.gal\/wp-content\/uploads\/2019\/07\/ARTIGO_DE_OPINION_A_NOVA_PENEIRA.jpg","datePublished":"2022-04-25T08:00:53+00:00","description":"Creo que \u00e9 o momento de dicilo, anque antes c\u00e1 min houbo moitos que o dixeron, quizais doutra maneira o con m\u00e1is prevenci\u00f3ns ou eufemismos","breadcrumb":{"@id":"https:\/\/www.anovapeneira.gal\/index.php\/2022\/04\/25\/mes-de-maio-festas-consoladoras-co-idioma\/#breadcrumb"},"inLanguage":"gl-ES","potentialAction":[{"@type":"ReadAction","target":["https:\/\/www.anovapeneira.gal\/index.php\/2022\/04\/25\/mes-de-maio-festas-consoladoras-co-idioma\/"]}]},{"@type":"ImageObject","inLanguage":"gl-ES","@id":"https:\/\/www.anovapeneira.gal\/index.php\/2022\/04\/25\/mes-de-maio-festas-consoladoras-co-idioma\/#primaryimage","url":"https:\/\/www.anovapeneira.gal\/wp-content\/uploads\/2019\/07\/ARTIGO_DE_OPINION_A_NOVA_PENEIRA.jpg","contentUrl":"https:\/\/www.anovapeneira.gal\/wp-content\/uploads\/2019\/07\/ARTIGO_DE_OPINION_A_NOVA_PENEIRA.jpg","width":720,"height":473,"caption":"Artigo de opini\u00f3n A Nova Peneira"},{"@type":"BreadcrumbList","@id":"https:\/\/www.anovapeneira.gal\/index.php\/2022\/04\/25\/mes-de-maio-festas-consoladoras-co-idioma\/#breadcrumb","itemListElement":[{"@type":"ListItem","position":1,"name":"Portada","item":"https:\/\/www.anovapeneira.gal\/"},{"@type":"ListItem","position":2,"name":"Mes de maio, festas consoladoras co idioma"}]},{"@type":"WebSite","@id":"https:\/\/www.anovapeneira.gal\/#website","url":"https:\/\/www.anovapeneira.gal\/","name":"","description":"Xornal galego de informaci\u00f3n xeral Publicaci\u00f3n mensual de novas de Galicia e en especial dos Concellos da sur da provincia de Pontevedra.","publisher":{"@id":"https:\/\/www.anovapeneira.gal\/#organization"},"potentialAction":[{"@type":"SearchAction","target":{"@type":"EntryPoint","urlTemplate":"https:\/\/www.anovapeneira.gal\/?s={search_term_string}"},"query-input":{"@type":"PropertyValueSpecification","valueRequired":true,"valueName":"search_term_string"}}],"inLanguage":"gl-ES"},{"@type":"Organization","@id":"https:\/\/www.anovapeneira.gal\/#organization","name":"A Nova Peneira","url":"https:\/\/www.anovapeneira.gal\/","logo":{"@type":"ImageObject","inLanguage":"gl-ES","@id":"https:\/\/www.anovapeneira.gal\/#\/schema\/logo\/image\/","url":"http:\/\/www.anovapeneira.gal\/wp-content\/uploads\/2019\/06\/logo_a_nova_peneira_portal_web.png","contentUrl":"http:\/\/www.anovapeneira.gal\/wp-content\/uploads\/2019\/06\/logo_a_nova_peneira_portal_web.png","width":300,"height":100,"caption":"A Nova Peneira"},"image":{"@id":"https:\/\/www.anovapeneira.gal\/#\/schema\/logo\/image\/"},"sameAs":["https:\/\/www.facebook.com\/anovapeneira","https:\/\/x.com\/APeneira"]},{"@type":"Person","@id":"https:\/\/www.anovapeneira.gal\/#\/schema\/person\/b051ed40cfc100e281476674783b32fc","name":"Baldomero Iglesias Dobarrio, Mero","image":{"@type":"ImageObject","inLanguage":"gl-ES","@id":"https:\/\/secure.gravatar.com\/avatar\/ca78fc089f8cf28197f88de2c9ac213e2f7d2097d8e359d9359b8778b539c59d?s=96&d=mm&r=g","url":"https:\/\/secure.gravatar.com\/avatar\/ca78fc089f8cf28197f88de2c9ac213e2f7d2097d8e359d9359b8778b539c59d?s=96&d=mm&r=g","contentUrl":"https:\/\/secure.gravatar.com\/avatar\/ca78fc089f8cf28197f88de2c9ac213e2f7d2097d8e359d9359b8778b539c59d?s=96&d=mm&r=g","caption":"Baldomero Iglesias Dobarrio, Mero"},"sameAs":["http:\/\/anovapeneira.gal"],"url":"https:\/\/www.anovapeneira.gal\/index.php\/author\/opinionmero\/"}]}},"jetpack_featured_media_url":"https:\/\/www.anovapeneira.gal\/wp-content\/uploads\/2019\/07\/ARTIGO_DE_OPINION_A_NOVA_PENEIRA.jpg","_links":{"self":[{"href":"https:\/\/www.anovapeneira.gal\/index.php\/wp-json\/wp\/v2\/posts\/7346","targetHints":{"allow":["GET"]}}],"collection":[{"href":"https:\/\/www.anovapeneira.gal\/index.php\/wp-json\/wp\/v2\/posts"}],"about":[{"href":"https:\/\/www.anovapeneira.gal\/index.php\/wp-json\/wp\/v2\/types\/post"}],"author":[{"embeddable":true,"href":"https:\/\/www.anovapeneira.gal\/index.php\/wp-json\/wp\/v2\/users\/5"}],"replies":[{"embeddable":true,"href":"https:\/\/www.anovapeneira.gal\/index.php\/wp-json\/wp\/v2\/comments?post=7346"}],"version-history":[{"count":1,"href":"https:\/\/www.anovapeneira.gal\/index.php\/wp-json\/wp\/v2\/posts\/7346\/revisions"}],"predecessor-version":[{"id":7347,"href":"https:\/\/www.anovapeneira.gal\/index.php\/wp-json\/wp\/v2\/posts\/7346\/revisions\/7347"}],"wp:featuredmedia":[{"embeddable":true,"href":"https:\/\/www.anovapeneira.gal\/index.php\/wp-json\/wp\/v2\/media\/584"}],"wp:attachment":[{"href":"https:\/\/www.anovapeneira.gal\/index.php\/wp-json\/wp\/v2\/media?parent=7346"}],"wp:term":[{"taxonomy":"category","embeddable":true,"href":"https:\/\/www.anovapeneira.gal\/index.php\/wp-json\/wp\/v2\/categories?post=7346"},{"taxonomy":"post_tag","embeddable":true,"href":"https:\/\/www.anovapeneira.gal\/index.php\/wp-json\/wp\/v2\/tags?post=7346"}],"curies":[{"name":"wp","href":"https:\/\/api.w.org\/{rel}","templated":true}]}}