{"id":7354,"date":"2022-04-26T10:00:24","date_gmt":"2022-04-26T08:00:24","guid":{"rendered":"https:\/\/www.anovapeneira.gal\/?p=7354"},"modified":"2022-04-20T18:09:48","modified_gmt":"2022-04-20T16:09:48","slug":"ponton-presenta-un-plan-de-choque-de-700-me-contra-a-subida-de-prezos-centrado-en-axudar-as-persoas-e-as-pemes","status":"publish","type":"post","link":"https:\/\/www.anovapeneira.gal\/index.php\/2022\/04\/26\/ponton-presenta-un-plan-de-choque-de-700-me-contra-a-subida-de-prezos-centrado-en-axudar-as-persoas-e-as-pemes\/","title":{"rendered":"Pont\u00f3n presenta un plan de choque de 700 M\u20ac contra a subida de prezos centrado en axudar \u00e1s persoas e \u00e1s PEMES"},"content":{"rendered":"\n<h2 class=\"wp-block-heading\">\u201c<strong>Son as medidas que por\u00eda en marcha un goberno do BNG\u201d, destaca, fronte a un Goberno do PP paralizado \u00e1 espera de resolver as s\u00faa liortas de poder<\/strong><\/h2>\n\n\n\n<p><strong>Incl\u00fae 90 M\u20ac para un fondo de rescate social, 175 M\u20ac para empresas e sectores produtivos, 325 M\u20ac en obra p\u00fablica e 35 M\u20ac para os concellos<\/strong><\/p>\n\n\n\n<p><strong>En paralelo, o BNG ultima unha proposici\u00f3n de lei de modernizaci\u00f3n e transformaci\u00f3n de Galiza con medidas de car\u00e1cter estrat\u00e9xico para o Pa\u00eds<\/strong><\/p>\n\n\n\n<p><strong>Santiago de Compostela, 18 de abril 2022.<\/strong><\/p>\n\n\n\n<p>A peor crise de prezos en catro d\u00e9cadas require medidas urxentes e por iso o BNG presenta un plan de choque para mobilizar 700 mill\u00f3ns de euros destinados a paliar os efectos dunha inflaci\u00f3n do 10,5%, -por riba da media estatal-, plan que levar\u00e1 ao Parlamento para o debate e negociaci\u00f3n co resto de grupos.<\/p>\n\n\n\n<p>\u201cSon as medidas que tomar\u00eda un goberno do BNG ante a escalada de prezos que est\u00e1 afogando \u00e1s familias \u00e9 \u00e1s empresas\u201d, salientou a portavoz nacional, Ana Pont\u00f3n, na presentaci\u00f3n do plan de choque, en contraposici\u00f3n \u00e1 par\u00e1lise dun goberno do PP que sigue enfrascado nas liortas internas de reparto de poder. \u201cSupeditar os intereses de Galiza \u00f3s do PP \u00e9 unha irresponsabilidade e unha falta de respecto \u00f3s galegos e \u00e1s galegas sempre, pero m\u00e1is estando no medio dunha crise e cando m\u00e1is se necesita un goberno que aporte soluci\u00f3ns\u201d, alega.<\/p>\n\n\n\n<p>Pont\u00f3n detallou as principais propostas dese plan de choque, que incl\u00fae un fondo de recaste social por importe de 90 mill\u00f3ns de euros para axudar \u00f3s colectivos m\u00e1is desfavorecidos con medidas como incrementar en cen euros mensuais o tramo auton\u00f3mico das pensi\u00f3ns non contributivas, que son precisamente as de menor cont\u00eda; mellorar a prestaci\u00f3n da RISGA e facer que sexa compatible coa percepci\u00f3n do ingreso m\u00ednimo vital; as\u00ed como incrementar as axudas para sufragar os gastos b\u00e1sicos de vivenda para as rendas m\u00e1is baixas.<\/p>\n\n\n\n<p>A segunda gran li\u00f1a de actuaci\u00f3n \u00e9 un fondo de rescate econ\u00f3mico dotado con 175 M\u20ac destinado \u00f3s sectores produtivos e \u00e1s PEMES, con medidas como un programa para incentivar o consumo no comercio local e hostaler\u00eda e 40 M\u20ac para o sector primario, tanto agrogandeiro como pesqueiro, en ambos casos moi afectados nos custes de produci\u00f3n polo incremento de prezos.<\/p>\n\n\n\n<p>O plan de choque incl\u00fae como terceira medida un plan de investimentos extraordinario en obra p\u00fablica, centrado en vivenda, transici\u00f3n enerx\u00e9tica e transici\u00f3n dixital, capaz de mobilizar 325 mill\u00f3ns de euros. En cuarto lugar, un fondo de apoio \u00f3s concellos de 35 M\u20ac para compensar a subida da factura da luz e dos carburantes, &#8211; cifrada en 100.000 \u20ac de media anuais nos municipios galegos-, as\u00ed como para cubrir a revisi\u00f3n de prezos nos contratos de obra da administraci\u00f3n local, que afectan sobre todo \u00e1 pequena empresa con implantaci\u00f3n local.<\/p>\n\n\n\n<p>Por \u00faltimo, o plan de choque que formula o BNG incl\u00fae un fondo de liquidez de 75 mill\u00f3ns de euros para facilitar li\u00f1as de financiamento e avais \u00e1s pequenas e medianas empresas. \u201cSon as medidas que imos levar \u00f3 Parlamento para o seu debate, non esperamos que se aproben na s\u00faa literalidade pero si que sexa posible sacar esta proposta adiante a trav\u00e9s dunha negociaci\u00f3n co resto dos grupos\u201d, indicou Pont\u00f3n.<\/p>\n\n\n\n<p>A l\u00edder nacionalista tam\u00e9n avanzou que xunto con estas medidas de urxencia, o Bloque est\u00e1 preparando unha proposici\u00f3n de lei con medidas a medio e longo prazo de car\u00e1cter estrutural, unha proposici\u00f3n de lei para modernizar e transformar Galiza estruturada en cinco \u00e1reas estrat\u00e9xicas.<\/p>\n\n\n\n<p>\u00c1rea financeira, coa creaci\u00f3n do instituto de cr\u00e9dito e investimento; \u00e1rea enerx\u00e9tica coa creaci\u00f3n dunha empresa p\u00fablica de enerx\u00eda e unha tarifa el\u00e9ctrica galega; \u00e1rea de reactivaci\u00f3n industrial, para reverter o proceso de desertizaci\u00f3n na industria da \u00faltima d\u00e9cada e \u00e1rea de reactivaci\u00f3n do sector primario, para avanzar na soberan\u00eda alimentaria, na produci\u00f3n de alimentos de calidade e na recuperaci\u00f3n do medio rural.<\/p>\n\n\n\n<p><em><strong>Rueda, continuismo puro e duro<\/strong><\/em><\/p>\n\n\n\n<p><a><\/a>\u201cEste Pa\u00eds ten potencial pero precisa un goberno \u00e1 altura e con visi\u00f3n estrat\u00e9xica pero o que temos \u00e9 un Executivo do PP paralizado, interino e ausente. Desde logo, no BNG imos seguir traballando con m\u00e1is empe\u00f1o que nunca para abrir un tempo novo liderando un goberno que conf\u00ede no potencial e na capacidade de Galiza, capaz de deixar atr\u00e1s a Galiza en pequeno que nos deixa o PP\u201d, conclu\u00edu.<\/p>\n\n\n\n<p>Preguntada polo relevo na Xunta, a l\u00edder do Bloque ve ao actual vicepresidente Alfonso Rueda como unha opci\u00f3n de \u201ccontinuismo puro e duro do PP e dunhas pol\u00edticas que nos deixan unha Galiza peor que a que Feix\u00f3o encontrou fai trece anos, unha Galiza con menos servizos p\u00fablicos, con menos sanidade, con menos industria, con menos sector produtivo. Lamentablemente, Galiza s\u00f3 medrou en d\u00e9beda p\u00fablica, en emigraci\u00f3n, en desigualdade social e en recortes na sanidade\u201d.<\/p>\n","protected":false},"excerpt":{"rendered":"<div class=\"mh-excerpt\"><p>estaca, fronte a un Goberno do PP paralizado \u00e1 espera de resolver as s\u00faa liortas de poder <a class=\"mh-excerpt-more\" href=\"https:\/\/www.anovapeneira.gal\/index.php\/2022\/04\/26\/ponton-presenta-un-plan-de-choque-de-700-me-contra-a-subida-de-prezos-centrado-en-axudar-as-persoas-e-as-pemes\/\" title=\"Pont\u00f3n presenta un plan de choque de 700 M\u20ac contra a subida de prezos centrado en axudar \u00e1s persoas e \u00e1s PEMES\">[&#8230;]<\/a><\/p>\n<\/div>","protected":false},"author":3,"featured_media":7355,"comment_status":"open","ping_status":"open","sticky":false,"template":"","format":"standard","meta":{"_exactmetrics_skip_tracking":false,"_exactmetrics_sitenote_active":false,"_exactmetrics_sitenote_note":"","_exactmetrics_sitenote_category":0,"footnotes":""},"categories":[263],"tags":[281,10],"class_list":{"0":"post-7354","1":"post","2":"type-post","3":"status-publish","4":"format-standard","5":"has-post-thumbnail","7":"category-novas","8":"tag-ana-ponton","9":"tag-bng"},"yoast_head":"<!-- This site is optimized with the Yoast SEO plugin v27.4 - https:\/\/yoast.com\/product\/yoast-seo-wordpress\/ -->\n<title>Pont\u00f3n presenta un plan de choque de 700 M\u20ac contra a subida de prezos centrado en axudar \u00e1s persoas e \u00e1s PEMES -<\/title>\n<meta name=\"description\" content=\"estaca, fronte a un Goberno do PP paralizado \u00e1 espera de resolver as s\u00faa liortas de poder\" \/>\n<meta name=\"robots\" content=\"index, follow, max-snippet:-1, max-image-preview:large, max-video-preview:-1\" \/>\n<link rel=\"canonical\" href=\"https:\/\/www.anovapeneira.gal\/index.php\/2022\/04\/26\/ponton-presenta-un-plan-de-choque-de-700-me-contra-a-subida-de-prezos-centrado-en-axudar-as-persoas-e-as-pemes\/\" \/>\n<meta property=\"og:locale\" content=\"gl_ES\" \/>\n<meta property=\"og:type\" content=\"article\" \/>\n<meta property=\"og:title\" content=\"Pont\u00f3n presenta un plan de choque de 700 M\u20ac contra a subida de prezos centrado en axudar \u00e1s persoas e \u00e1s PEMES -\" \/>\n<meta property=\"og:description\" content=\"estaca, fronte a un Goberno do PP paralizado \u00e1 espera de resolver as s\u00faa liortas de poder\" \/>\n<meta property=\"og:url\" content=\"https:\/\/www.anovapeneira.gal\/index.php\/2022\/04\/26\/ponton-presenta-un-plan-de-choque-de-700-me-contra-a-subida-de-prezos-centrado-en-axudar-as-persoas-e-as-pemes\/\" \/>\n<meta property=\"article:publisher\" content=\"https:\/\/www.facebook.com\/anovapeneira\" \/>\n<meta property=\"article:published_time\" content=\"2022-04-26T08:00:24+00:00\" \/>\n<meta property=\"og:image\" content=\"https:\/\/www.anovapeneira.gal\/wp-content\/uploads\/2022\/04\/rolda_prensa_ana_ponton.jpg\" \/>\n\t<meta property=\"og:image:width\" content=\"720\" \/>\n\t<meta property=\"og:image:height\" content=\"432\" \/>\n\t<meta property=\"og:image:type\" content=\"image\/jpeg\" \/>\n<meta name=\"author\" content=\"Redacci\u00f3n A Nova Peneira\" \/>\n<meta name=\"twitter:card\" content=\"summary_large_image\" \/>\n<meta name=\"twitter:creator\" content=\"@APeneira\" \/>\n<meta name=\"twitter:site\" content=\"@APeneira\" \/>\n<meta name=\"twitter:label1\" content=\"Escrito por\" \/>\n\t<meta name=\"twitter:data1\" content=\"Redacci\u00f3n A Nova Peneira\" \/>\n\t<meta name=\"twitter:label2\" content=\"Tempo de lectura\" \/>\n\t<meta name=\"twitter:data2\" content=\"5 minutos\" \/>\n<script type=\"application\/ld+json\" class=\"yoast-schema-graph\">{\"@context\":\"https:\\\/\\\/schema.org\",\"@graph\":[{\"@type\":\"Article\",\"@id\":\"https:\\\/\\\/www.anovapeneira.gal\\\/index.php\\\/2022\\\/04\\\/26\\\/ponton-presenta-un-plan-de-choque-de-700-me-contra-a-subida-de-prezos-centrado-en-axudar-as-persoas-e-as-pemes\\\/#article\",\"isPartOf\":{\"@id\":\"https:\\\/\\\/www.anovapeneira.gal\\\/index.php\\\/2022\\\/04\\\/26\\\/ponton-presenta-un-plan-de-choque-de-700-me-contra-a-subida-de-prezos-centrado-en-axudar-as-persoas-e-as-pemes\\\/\"},\"author\":{\"name\":\"Redacci\u00f3n A Nova Peneira\",\"@id\":\"https:\\\/\\\/www.anovapeneira.gal\\\/#\\\/schema\\\/person\\\/b93e3f8932e3f8da96334607eb6ac6aa\"},\"headline\":\"Pont\u00f3n presenta un plan de choque de 700 M\u20ac contra a subida de prezos centrado en axudar \u00e1s persoas e \u00e1s PEMES\",\"datePublished\":\"2022-04-26T08:00:24+00:00\",\"mainEntityOfPage\":{\"@id\":\"https:\\\/\\\/www.anovapeneira.gal\\\/index.php\\\/2022\\\/04\\\/26\\\/ponton-presenta-un-plan-de-choque-de-700-me-contra-a-subida-de-prezos-centrado-en-axudar-as-persoas-e-as-pemes\\\/\"},\"wordCount\":883,\"commentCount\":0,\"publisher\":{\"@id\":\"https:\\\/\\\/www.anovapeneira.gal\\\/#organization\"},\"image\":{\"@id\":\"https:\\\/\\\/www.anovapeneira.gal\\\/index.php\\\/2022\\\/04\\\/26\\\/ponton-presenta-un-plan-de-choque-de-700-me-contra-a-subida-de-prezos-centrado-en-axudar-as-persoas-e-as-pemes\\\/#primaryimage\"},\"thumbnailUrl\":\"https:\\\/\\\/www.anovapeneira.gal\\\/wp-content\\\/uploads\\\/2022\\\/04\\\/rolda_prensa_ana_ponton.jpg\",\"keywords\":[\"Ana Pont\u00f3n\",\"BNG\"],\"articleSection\":[\"Novas\"],\"inLanguage\":\"gl-ES\",\"potentialAction\":[{\"@type\":\"CommentAction\",\"name\":\"Comment\",\"target\":[\"https:\\\/\\\/www.anovapeneira.gal\\\/index.php\\\/2022\\\/04\\\/26\\\/ponton-presenta-un-plan-de-choque-de-700-me-contra-a-subida-de-prezos-centrado-en-axudar-as-persoas-e-as-pemes\\\/#respond\"]}]},{\"@type\":\"WebPage\",\"@id\":\"https:\\\/\\\/www.anovapeneira.gal\\\/index.php\\\/2022\\\/04\\\/26\\\/ponton-presenta-un-plan-de-choque-de-700-me-contra-a-subida-de-prezos-centrado-en-axudar-as-persoas-e-as-pemes\\\/\",\"url\":\"https:\\\/\\\/www.anovapeneira.gal\\\/index.php\\\/2022\\\/04\\\/26\\\/ponton-presenta-un-plan-de-choque-de-700-me-contra-a-subida-de-prezos-centrado-en-axudar-as-persoas-e-as-pemes\\\/\",\"name\":\"Pont\u00f3n presenta un plan de choque de 700 M\u20ac contra a subida de prezos centrado en axudar \u00e1s persoas e \u00e1s PEMES -\",\"isPartOf\":{\"@id\":\"https:\\\/\\\/www.anovapeneira.gal\\\/#website\"},\"primaryImageOfPage\":{\"@id\":\"https:\\\/\\\/www.anovapeneira.gal\\\/index.php\\\/2022\\\/04\\\/26\\\/ponton-presenta-un-plan-de-choque-de-700-me-contra-a-subida-de-prezos-centrado-en-axudar-as-persoas-e-as-pemes\\\/#primaryimage\"},\"image\":{\"@id\":\"https:\\\/\\\/www.anovapeneira.gal\\\/index.php\\\/2022\\\/04\\\/26\\\/ponton-presenta-un-plan-de-choque-de-700-me-contra-a-subida-de-prezos-centrado-en-axudar-as-persoas-e-as-pemes\\\/#primaryimage\"},\"thumbnailUrl\":\"https:\\\/\\\/www.anovapeneira.gal\\\/wp-content\\\/uploads\\\/2022\\\/04\\\/rolda_prensa_ana_ponton.jpg\",\"datePublished\":\"2022-04-26T08:00:24+00:00\",\"description\":\"estaca, fronte a un Goberno do PP paralizado \u00e1 espera de resolver as s\u00faa liortas de poder\",\"breadcrumb\":{\"@id\":\"https:\\\/\\\/www.anovapeneira.gal\\\/index.php\\\/2022\\\/04\\\/26\\\/ponton-presenta-un-plan-de-choque-de-700-me-contra-a-subida-de-prezos-centrado-en-axudar-as-persoas-e-as-pemes\\\/#breadcrumb\"},\"inLanguage\":\"gl-ES\",\"potentialAction\":[{\"@type\":\"ReadAction\",\"target\":[\"https:\\\/\\\/www.anovapeneira.gal\\\/index.php\\\/2022\\\/04\\\/26\\\/ponton-presenta-un-plan-de-choque-de-700-me-contra-a-subida-de-prezos-centrado-en-axudar-as-persoas-e-as-pemes\\\/\"]}]},{\"@type\":\"ImageObject\",\"inLanguage\":\"gl-ES\",\"@id\":\"https:\\\/\\\/www.anovapeneira.gal\\\/index.php\\\/2022\\\/04\\\/26\\\/ponton-presenta-un-plan-de-choque-de-700-me-contra-a-subida-de-prezos-centrado-en-axudar-as-persoas-e-as-pemes\\\/#primaryimage\",\"url\":\"https:\\\/\\\/www.anovapeneira.gal\\\/wp-content\\\/uploads\\\/2022\\\/04\\\/rolda_prensa_ana_ponton.jpg\",\"contentUrl\":\"https:\\\/\\\/www.anovapeneira.gal\\\/wp-content\\\/uploads\\\/2022\\\/04\\\/rolda_prensa_ana_ponton.jpg\",\"width\":720,\"height\":432,\"caption\":\"Ana Pont\u00f3n\"},{\"@type\":\"BreadcrumbList\",\"@id\":\"https:\\\/\\\/www.anovapeneira.gal\\\/index.php\\\/2022\\\/04\\\/26\\\/ponton-presenta-un-plan-de-choque-de-700-me-contra-a-subida-de-prezos-centrado-en-axudar-as-persoas-e-as-pemes\\\/#breadcrumb\",\"itemListElement\":[{\"@type\":\"ListItem\",\"position\":1,\"name\":\"Portada\",\"item\":\"https:\\\/\\\/www.anovapeneira.gal\\\/\"},{\"@type\":\"ListItem\",\"position\":2,\"name\":\"Pont\u00f3n presenta un plan de choque de 700 M\u20ac contra a subida de prezos centrado en axudar \u00e1s persoas e \u00e1s PEMES\"}]},{\"@type\":\"WebSite\",\"@id\":\"https:\\\/\\\/www.anovapeneira.gal\\\/#website\",\"url\":\"https:\\\/\\\/www.anovapeneira.gal\\\/\",\"name\":\"\",\"description\":\"Xornal galego de informaci\u00f3n xeral Publicaci\u00f3n mensual de novas de Galicia e en especial dos Concellos da sur da provincia de Pontevedra.\",\"publisher\":{\"@id\":\"https:\\\/\\\/www.anovapeneira.gal\\\/#organization\"},\"potentialAction\":[{\"@type\":\"SearchAction\",\"target\":{\"@type\":\"EntryPoint\",\"urlTemplate\":\"https:\\\/\\\/www.anovapeneira.gal\\\/?s={search_term_string}\"},\"query-input\":{\"@type\":\"PropertyValueSpecification\",\"valueRequired\":true,\"valueName\":\"search_term_string\"}}],\"inLanguage\":\"gl-ES\"},{\"@type\":\"Organization\",\"@id\":\"https:\\\/\\\/www.anovapeneira.gal\\\/#organization\",\"name\":\"A Nova Peneira\",\"url\":\"https:\\\/\\\/www.anovapeneira.gal\\\/\",\"logo\":{\"@type\":\"ImageObject\",\"inLanguage\":\"gl-ES\",\"@id\":\"https:\\\/\\\/www.anovapeneira.gal\\\/#\\\/schema\\\/logo\\\/image\\\/\",\"url\":\"http:\\\/\\\/www.anovapeneira.gal\\\/wp-content\\\/uploads\\\/2019\\\/06\\\/logo_a_nova_peneira_portal_web.png\",\"contentUrl\":\"http:\\\/\\\/www.anovapeneira.gal\\\/wp-content\\\/uploads\\\/2019\\\/06\\\/logo_a_nova_peneira_portal_web.png\",\"width\":300,\"height\":100,\"caption\":\"A Nova Peneira\"},\"image\":{\"@id\":\"https:\\\/\\\/www.anovapeneira.gal\\\/#\\\/schema\\\/logo\\\/image\\\/\"},\"sameAs\":[\"https:\\\/\\\/www.facebook.com\\\/anovapeneira\",\"https:\\\/\\\/x.com\\\/APeneira\"]},{\"@type\":\"Person\",\"@id\":\"https:\\\/\\\/www.anovapeneira.gal\\\/#\\\/schema\\\/person\\\/b93e3f8932e3f8da96334607eb6ac6aa\",\"name\":\"Redacci\u00f3n A Nova Peneira\",\"image\":{\"@type\":\"ImageObject\",\"inLanguage\":\"gl-ES\",\"@id\":\"https:\\\/\\\/secure.gravatar.com\\\/avatar\\\/c052a2551a06e23fac63626232eaa90abd78dbcf1700fc46a2b2c89fd27b735f?s=96&d=mm&r=g\",\"url\":\"https:\\\/\\\/secure.gravatar.com\\\/avatar\\\/c052a2551a06e23fac63626232eaa90abd78dbcf1700fc46a2b2c89fd27b735f?s=96&d=mm&r=g\",\"contentUrl\":\"https:\\\/\\\/secure.gravatar.com\\\/avatar\\\/c052a2551a06e23fac63626232eaa90abd78dbcf1700fc46a2b2c89fd27b735f?s=96&d=mm&r=g\",\"caption\":\"Redacci\u00f3n A Nova Peneira\"},\"sameAs\":[\"http:\\\/\\\/www.anovapeneira.gal\\\/\"],\"url\":\"https:\\\/\\\/www.anovapeneira.gal\\\/index.php\\\/author\\\/redactor\\\/\"}]}<\/script>\n<!-- \/ Yoast SEO plugin. -->","yoast_head_json":{"title":"Pont\u00f3n presenta un plan de choque de 700 M\u20ac contra a subida de prezos centrado en axudar \u00e1s persoas e \u00e1s PEMES -","description":"estaca, fronte a un Goberno do PP paralizado \u00e1 espera de resolver as s\u00faa liortas de poder","robots":{"index":"index","follow":"follow","max-snippet":"max-snippet:-1","max-image-preview":"max-image-preview:large","max-video-preview":"max-video-preview:-1"},"canonical":"https:\/\/www.anovapeneira.gal\/index.php\/2022\/04\/26\/ponton-presenta-un-plan-de-choque-de-700-me-contra-a-subida-de-prezos-centrado-en-axudar-as-persoas-e-as-pemes\/","og_locale":"gl_ES","og_type":"article","og_title":"Pont\u00f3n presenta un plan de choque de 700 M\u20ac contra a subida de prezos centrado en axudar \u00e1s persoas e \u00e1s PEMES -","og_description":"estaca, fronte a un Goberno do PP paralizado \u00e1 espera de resolver as s\u00faa liortas de poder","og_url":"https:\/\/www.anovapeneira.gal\/index.php\/2022\/04\/26\/ponton-presenta-un-plan-de-choque-de-700-me-contra-a-subida-de-prezos-centrado-en-axudar-as-persoas-e-as-pemes\/","article_publisher":"https:\/\/www.facebook.com\/anovapeneira","article_published_time":"2022-04-26T08:00:24+00:00","og_image":[{"width":720,"height":432,"url":"https:\/\/www.anovapeneira.gal\/wp-content\/uploads\/2022\/04\/rolda_prensa_ana_ponton.jpg","type":"image\/jpeg"}],"author":"Redacci\u00f3n A Nova Peneira","twitter_card":"summary_large_image","twitter_creator":"@APeneira","twitter_site":"@APeneira","twitter_misc":{"Escrito por":"Redacci\u00f3n A Nova Peneira","Tempo de lectura":"5 minutos"},"schema":{"@context":"https:\/\/schema.org","@graph":[{"@type":"Article","@id":"https:\/\/www.anovapeneira.gal\/index.php\/2022\/04\/26\/ponton-presenta-un-plan-de-choque-de-700-me-contra-a-subida-de-prezos-centrado-en-axudar-as-persoas-e-as-pemes\/#article","isPartOf":{"@id":"https:\/\/www.anovapeneira.gal\/index.php\/2022\/04\/26\/ponton-presenta-un-plan-de-choque-de-700-me-contra-a-subida-de-prezos-centrado-en-axudar-as-persoas-e-as-pemes\/"},"author":{"name":"Redacci\u00f3n A Nova Peneira","@id":"https:\/\/www.anovapeneira.gal\/#\/schema\/person\/b93e3f8932e3f8da96334607eb6ac6aa"},"headline":"Pont\u00f3n presenta un plan de choque de 700 M\u20ac contra a subida de prezos centrado en axudar \u00e1s persoas e \u00e1s PEMES","datePublished":"2022-04-26T08:00:24+00:00","mainEntityOfPage":{"@id":"https:\/\/www.anovapeneira.gal\/index.php\/2022\/04\/26\/ponton-presenta-un-plan-de-choque-de-700-me-contra-a-subida-de-prezos-centrado-en-axudar-as-persoas-e-as-pemes\/"},"wordCount":883,"commentCount":0,"publisher":{"@id":"https:\/\/www.anovapeneira.gal\/#organization"},"image":{"@id":"https:\/\/www.anovapeneira.gal\/index.php\/2022\/04\/26\/ponton-presenta-un-plan-de-choque-de-700-me-contra-a-subida-de-prezos-centrado-en-axudar-as-persoas-e-as-pemes\/#primaryimage"},"thumbnailUrl":"https:\/\/www.anovapeneira.gal\/wp-content\/uploads\/2022\/04\/rolda_prensa_ana_ponton.jpg","keywords":["Ana Pont\u00f3n","BNG"],"articleSection":["Novas"],"inLanguage":"gl-ES","potentialAction":[{"@type":"CommentAction","name":"Comment","target":["https:\/\/www.anovapeneira.gal\/index.php\/2022\/04\/26\/ponton-presenta-un-plan-de-choque-de-700-me-contra-a-subida-de-prezos-centrado-en-axudar-as-persoas-e-as-pemes\/#respond"]}]},{"@type":"WebPage","@id":"https:\/\/www.anovapeneira.gal\/index.php\/2022\/04\/26\/ponton-presenta-un-plan-de-choque-de-700-me-contra-a-subida-de-prezos-centrado-en-axudar-as-persoas-e-as-pemes\/","url":"https:\/\/www.anovapeneira.gal\/index.php\/2022\/04\/26\/ponton-presenta-un-plan-de-choque-de-700-me-contra-a-subida-de-prezos-centrado-en-axudar-as-persoas-e-as-pemes\/","name":"Pont\u00f3n presenta un plan de choque de 700 M\u20ac contra a subida de prezos centrado en axudar \u00e1s persoas e \u00e1s PEMES -","isPartOf":{"@id":"https:\/\/www.anovapeneira.gal\/#website"},"primaryImageOfPage":{"@id":"https:\/\/www.anovapeneira.gal\/index.php\/2022\/04\/26\/ponton-presenta-un-plan-de-choque-de-700-me-contra-a-subida-de-prezos-centrado-en-axudar-as-persoas-e-as-pemes\/#primaryimage"},"image":{"@id":"https:\/\/www.anovapeneira.gal\/index.php\/2022\/04\/26\/ponton-presenta-un-plan-de-choque-de-700-me-contra-a-subida-de-prezos-centrado-en-axudar-as-persoas-e-as-pemes\/#primaryimage"},"thumbnailUrl":"https:\/\/www.anovapeneira.gal\/wp-content\/uploads\/2022\/04\/rolda_prensa_ana_ponton.jpg","datePublished":"2022-04-26T08:00:24+00:00","description":"estaca, fronte a un Goberno do PP paralizado \u00e1 espera de resolver as s\u00faa liortas de poder","breadcrumb":{"@id":"https:\/\/www.anovapeneira.gal\/index.php\/2022\/04\/26\/ponton-presenta-un-plan-de-choque-de-700-me-contra-a-subida-de-prezos-centrado-en-axudar-as-persoas-e-as-pemes\/#breadcrumb"},"inLanguage":"gl-ES","potentialAction":[{"@type":"ReadAction","target":["https:\/\/www.anovapeneira.gal\/index.php\/2022\/04\/26\/ponton-presenta-un-plan-de-choque-de-700-me-contra-a-subida-de-prezos-centrado-en-axudar-as-persoas-e-as-pemes\/"]}]},{"@type":"ImageObject","inLanguage":"gl-ES","@id":"https:\/\/www.anovapeneira.gal\/index.php\/2022\/04\/26\/ponton-presenta-un-plan-de-choque-de-700-me-contra-a-subida-de-prezos-centrado-en-axudar-as-persoas-e-as-pemes\/#primaryimage","url":"https:\/\/www.anovapeneira.gal\/wp-content\/uploads\/2022\/04\/rolda_prensa_ana_ponton.jpg","contentUrl":"https:\/\/www.anovapeneira.gal\/wp-content\/uploads\/2022\/04\/rolda_prensa_ana_ponton.jpg","width":720,"height":432,"caption":"Ana Pont\u00f3n"},{"@type":"BreadcrumbList","@id":"https:\/\/www.anovapeneira.gal\/index.php\/2022\/04\/26\/ponton-presenta-un-plan-de-choque-de-700-me-contra-a-subida-de-prezos-centrado-en-axudar-as-persoas-e-as-pemes\/#breadcrumb","itemListElement":[{"@type":"ListItem","position":1,"name":"Portada","item":"https:\/\/www.anovapeneira.gal\/"},{"@type":"ListItem","position":2,"name":"Pont\u00f3n presenta un plan de choque de 700 M\u20ac contra a subida de prezos centrado en axudar \u00e1s persoas e \u00e1s PEMES"}]},{"@type":"WebSite","@id":"https:\/\/www.anovapeneira.gal\/#website","url":"https:\/\/www.anovapeneira.gal\/","name":"","description":"Xornal galego de informaci\u00f3n xeral Publicaci\u00f3n mensual de novas de Galicia e en especial dos Concellos da sur da provincia de Pontevedra.","publisher":{"@id":"https:\/\/www.anovapeneira.gal\/#organization"},"potentialAction":[{"@type":"SearchAction","target":{"@type":"EntryPoint","urlTemplate":"https:\/\/www.anovapeneira.gal\/?s={search_term_string}"},"query-input":{"@type":"PropertyValueSpecification","valueRequired":true,"valueName":"search_term_string"}}],"inLanguage":"gl-ES"},{"@type":"Organization","@id":"https:\/\/www.anovapeneira.gal\/#organization","name":"A Nova Peneira","url":"https:\/\/www.anovapeneira.gal\/","logo":{"@type":"ImageObject","inLanguage":"gl-ES","@id":"https:\/\/www.anovapeneira.gal\/#\/schema\/logo\/image\/","url":"http:\/\/www.anovapeneira.gal\/wp-content\/uploads\/2019\/06\/logo_a_nova_peneira_portal_web.png","contentUrl":"http:\/\/www.anovapeneira.gal\/wp-content\/uploads\/2019\/06\/logo_a_nova_peneira_portal_web.png","width":300,"height":100,"caption":"A Nova Peneira"},"image":{"@id":"https:\/\/www.anovapeneira.gal\/#\/schema\/logo\/image\/"},"sameAs":["https:\/\/www.facebook.com\/anovapeneira","https:\/\/x.com\/APeneira"]},{"@type":"Person","@id":"https:\/\/www.anovapeneira.gal\/#\/schema\/person\/b93e3f8932e3f8da96334607eb6ac6aa","name":"Redacci\u00f3n A Nova Peneira","image":{"@type":"ImageObject","inLanguage":"gl-ES","@id":"https:\/\/secure.gravatar.com\/avatar\/c052a2551a06e23fac63626232eaa90abd78dbcf1700fc46a2b2c89fd27b735f?s=96&d=mm&r=g","url":"https:\/\/secure.gravatar.com\/avatar\/c052a2551a06e23fac63626232eaa90abd78dbcf1700fc46a2b2c89fd27b735f?s=96&d=mm&r=g","contentUrl":"https:\/\/secure.gravatar.com\/avatar\/c052a2551a06e23fac63626232eaa90abd78dbcf1700fc46a2b2c89fd27b735f?s=96&d=mm&r=g","caption":"Redacci\u00f3n A Nova Peneira"},"sameAs":["http:\/\/www.anovapeneira.gal\/"],"url":"https:\/\/www.anovapeneira.gal\/index.php\/author\/redactor\/"}]}},"jetpack_featured_media_url":"https:\/\/www.anovapeneira.gal\/wp-content\/uploads\/2022\/04\/rolda_prensa_ana_ponton.jpg","_links":{"self":[{"href":"https:\/\/www.anovapeneira.gal\/index.php\/wp-json\/wp\/v2\/posts\/7354","targetHints":{"allow":["GET"]}}],"collection":[{"href":"https:\/\/www.anovapeneira.gal\/index.php\/wp-json\/wp\/v2\/posts"}],"about":[{"href":"https:\/\/www.anovapeneira.gal\/index.php\/wp-json\/wp\/v2\/types\/post"}],"author":[{"embeddable":true,"href":"https:\/\/www.anovapeneira.gal\/index.php\/wp-json\/wp\/v2\/users\/3"}],"replies":[{"embeddable":true,"href":"https:\/\/www.anovapeneira.gal\/index.php\/wp-json\/wp\/v2\/comments?post=7354"}],"version-history":[{"count":1,"href":"https:\/\/www.anovapeneira.gal\/index.php\/wp-json\/wp\/v2\/posts\/7354\/revisions"}],"predecessor-version":[{"id":7356,"href":"https:\/\/www.anovapeneira.gal\/index.php\/wp-json\/wp\/v2\/posts\/7354\/revisions\/7356"}],"wp:featuredmedia":[{"embeddable":true,"href":"https:\/\/www.anovapeneira.gal\/index.php\/wp-json\/wp\/v2\/media\/7355"}],"wp:attachment":[{"href":"https:\/\/www.anovapeneira.gal\/index.php\/wp-json\/wp\/v2\/media?parent=7354"}],"wp:term":[{"taxonomy":"category","embeddable":true,"href":"https:\/\/www.anovapeneira.gal\/index.php\/wp-json\/wp\/v2\/categories?post=7354"},{"taxonomy":"post_tag","embeddable":true,"href":"https:\/\/www.anovapeneira.gal\/index.php\/wp-json\/wp\/v2\/tags?post=7354"}],"curies":[{"name":"wp","href":"https:\/\/api.w.org\/{rel}","templated":true}]}}