{"id":7358,"date":"2022-04-27T10:00:54","date_gmt":"2022-04-27T08:00:54","guid":{"rendered":"https:\/\/www.anovapeneira.gal\/?p=7358"},"modified":"2022-04-25T12:48:15","modified_gmt":"2022-04-25T10:48:15","slug":"a-seleccion-de-persoal-no-concello-de-nigran","status":"publish","type":"post","link":"https:\/\/www.anovapeneira.gal\/index.php\/2022\/04\/27\/a-seleccion-de-persoal-no-concello-de-nigran\/","title":{"rendered":"A selecci\u00f3n de persoal no Concello de Nigr\u00e1n"},"content":{"rendered":"\n<figure class=\"wp-block-image size-full is-resized\"><img loading=\"lazy\" decoding=\"async\" src=\"https:\/\/www.anovapeneira.gal\/wp-content\/uploads\/2019\/08\/xabi_nigran_a_nova_peneira.jpg\" alt=\"Xavier Rodr\u00edguez BNG de Nigr\u00e1n A Nova Peneira\" class=\"wp-image-1093\" width=\"95\" height=\"111\"\/><figcaption>Xavier Rodr\u00edguez BNG de Nigr\u00e1n<\/figcaption><\/figure>\n\n\n\n<p>A principios deste ano o goberno de Nigr\u00e1n aprobou o procedemento de selecci\u00f3n para a contrataci\u00f3n do persoal laboral temporal que poida precisar. Para este tipo de contrataci\u00f3ns o concello acude \u00e1 presentaci\u00f3n de oferta no Servizo P\u00fablico de Emprego (SPE), en vez de facer unha convocatoria p\u00fablica mediante solicitude das persoas interesadas. A diferencia radica en que no primeiro dos casos o concello demanda \u00e1 oficina de emprego que lle remita un determinado perfil de aspirantes, previamente acoutado coas caracter\u00edsticas que definen na oferta, e restrinxido \u00e1s persoas que eventualmente poidan estar inscritas como demandantes de emprego nas categor\u00edas e coas denominaci\u00f3ns que m\u00e1is se axusten ao indicado na oferta do concello. Como todos sabemos isto \u00e9 unha porta aberta \u00e1 golfada. A oferta non \u00e9 p\u00fablica, s\u00f3 a co\u00f1ece o concello e a oficina de emprego, pero ningu\u00e9n ten a seguridade de que poida haber persoas que previamente a s\u00faa presentaci\u00f3n saiban en que categor\u00edas ten que anotarse como demandantes de emprego.<\/p>\n\n\n\n<p>Isto non poder\u00eda pasar se o proceso fose mediante convocatoria p\u00fablica \u00e1 que poida concorrer calquera aspirante que cumpra os requisitos esixidos, formulando a correspondente solicitude.<\/p>\n\n\n\n<p>Pero est\u00e1 claro que ao alcalde os principios de igualdade, m\u00e9rito, capacidade e, sobre todo, publicidade, non lle din moito. Por iso aprobou cunha resoluci\u00f3n de alcald\u00eda as bases para un procedemento de selecci\u00f3n desigual, restrinxido, arbitrario e, sobre todo, opaco.<\/p>\n\n\n\n<p>Con estes procedementos retrocedemos as \u00e9pocas da Operaci\u00f3n Patos que provocou no seu momento o rexistro das oficinas municipais e a imputaci\u00f3n de funcionarios e autoridades locais. D\u00e1 a impresi\u00f3n que as maior\u00edas absolut\u00edsimas outorgan a alg\u00fans dos que as desfrutan unha visi\u00f3n parcial da realidade, seguramente condicionada pola ausencia de cr\u00edtica, que os some nunha sensaci\u00f3n de impunidade e soberbia coa que esquecen calquera compromiso \u00e9tico. \u00c1s veces, con sorte, acaban empap\u00e1ndose nesa especie de borracheira de \u00e9xito ata que caen.<\/p>\n\n\n\n<p>Con todo, realizar a selecci\u00f3n do persoal cunha oferta ao SPE en troques dunha convocatoria p\u00fablica non \u00e9 o \u00fanico, e atrever\u00edame a dicir que nin sequera o peor, desta deplorable resoluci\u00f3n do alcalde.<\/p>\n\n\n\n<p>Nela establece o concurso-oposici\u00f3n como sistema de acceso, pero permite que a fase de oposici\u00f3n poida consistir&#8230; nunha entrevista persoal. Sen d\u00fabida a mellor proba posible para unha valoraci\u00f3n aritm\u00e9tica plena de obxectividade. Este tipo de probas, das que non queda rexistro documental alg\u00fan, deber\u00edan de desaparecer de calquera proceso selectivo na administraci\u00f3n p\u00fablica, canto m\u00e1is se, como en Nigr\u00e1n, pode chegar a ser a \u00fanica proba da fase de oposici\u00f3n.<\/p>\n\n\n\n<p>Pola s\u00faa banda na fase de concurso, sorprendentemente punt\u00faa diferente unha licenciatura e un grao universitario, algo manifestamente ilegal dende a entrada en vigor do Plan Bolonia, e que s\u00f3 pode explicarse se o que se pretende \u00e9 favorecer aos candidatos que realizaron os seus estudos nunha \u00e9poca anterior.<\/p>\n\n\n\n<p>Iso si, o requisito de co\u00f1ecemento da lingua galega para os empregados p\u00fablicos, tal e como disp\u00f3n a Lei de emprego p\u00fablico de Galicia, desaparece completamente. Tal \u00e9 o respecto deste goberno polo noso idioma e o desprezo pola legalidade.<\/p>\n\n\n\n<p>E falando de omisi\u00f3ns, hai que sinalar que misteriosamente esqueceron determinar o \u00f3rgano de selecci\u00f3n, o cal debera significar a nulidade desta resoluci\u00f3n infame, pois como calquera pode apreciar, un dos elementos obrigatorios das bases de selecci\u00f3n \u00e9 o \u00f3rgano encargado de realizala. Non \u00e9 casual que eviten falar de tribunais e apenas haxa unha referencia a unha difusa comisi\u00f3n de valoraci\u00f3n que non se sabe quen integrar\u00eda.<\/p>\n\n\n\n<p>En definitiva, ti d\u00e1me 13 concelleiros que xa me encargo eu do demais.<\/p>\n","protected":false},"excerpt":{"rendered":"<div class=\"mh-excerpt\"><p>A principios deste ano o goberno de Nigr\u00e1n aprobou o procedemento de selecci\u00f3n para a contrataci\u00f3n do persoal laboral temporal que poida precisar. Para este tipo de contrataci\u00f3ns o concello acude \u00e1 presentaci\u00f3n de oferta no Servizo P\u00fablico de Emprego (SPE), en vez de facer unha convocatoria p\u00fablica mediante solicitude das persoas interesadas <a class=\"mh-excerpt-more\" href=\"https:\/\/www.anovapeneira.gal\/index.php\/2022\/04\/27\/a-seleccion-de-persoal-no-concello-de-nigran\/\" title=\"A selecci\u00f3n de persoal no Concello de Nigr\u00e1n\">[&#8230;]<\/a><\/p>\n<\/div>","protected":false},"author":16,"featured_media":584,"comment_status":"open","ping_status":"open","sticky":false,"template":"","format":"standard","meta":{"_exactmetrics_skip_tracking":false,"_exactmetrics_sitenote_active":false,"_exactmetrics_sitenote_note":"","_exactmetrics_sitenote_category":0,"footnotes":""},"categories":[7],"tags":[135],"class_list":{"0":"post-7358","1":"post","2":"type-post","3":"status-publish","4":"format-standard","5":"has-post-thumbnail","7":"category-artigos-de-opinion","8":"tag-concello-de-nigran"},"yoast_head":"<!-- This site is optimized with the Yoast SEO plugin v27.4 - https:\/\/yoast.com\/product\/yoast-seo-wordpress\/ -->\n<title>A selecci\u00f3n de persoal no Concello de Nigr\u00e1n -<\/title>\n<meta name=\"description\" content=\"sentaci\u00f3n de oferta no Servizo P\u00fablico de Emprego (SPE), en vez de facer unha convocatoria p\u00fablica mediante solicitude das persoas interesadas\" \/>\n<meta name=\"robots\" content=\"index, follow, max-snippet:-1, max-image-preview:large, max-video-preview:-1\" \/>\n<link rel=\"canonical\" href=\"https:\/\/www.anovapeneira.gal\/index.php\/2022\/04\/27\/a-seleccion-de-persoal-no-concello-de-nigran\/\" \/>\n<meta property=\"og:locale\" content=\"gl_ES\" \/>\n<meta property=\"og:type\" content=\"article\" \/>\n<meta property=\"og:title\" content=\"A selecci\u00f3n de persoal no Concello de Nigr\u00e1n -\" \/>\n<meta property=\"og:description\" content=\"sentaci\u00f3n de oferta no Servizo P\u00fablico de Emprego (SPE), en vez de facer unha convocatoria p\u00fablica mediante solicitude das persoas interesadas\" \/>\n<meta property=\"og:url\" content=\"https:\/\/www.anovapeneira.gal\/index.php\/2022\/04\/27\/a-seleccion-de-persoal-no-concello-de-nigran\/\" \/>\n<meta property=\"article:publisher\" content=\"https:\/\/www.facebook.com\/anovapeneira\" \/>\n<meta property=\"article:published_time\" content=\"2022-04-27T08:00:54+00:00\" \/>\n<meta property=\"og:image\" content=\"https:\/\/www.anovapeneira.gal\/wp-content\/uploads\/2019\/07\/ARTIGO_DE_OPINION_A_NOVA_PENEIRA.jpg\" \/>\n\t<meta property=\"og:image:width\" content=\"720\" \/>\n\t<meta property=\"og:image:height\" content=\"473\" \/>\n\t<meta property=\"og:image:type\" content=\"image\/jpeg\" \/>\n<meta name=\"author\" content=\"Xavier Rodr\u00edguez\" \/>\n<meta name=\"twitter:card\" content=\"summary_large_image\" \/>\n<meta name=\"twitter:image\" content=\"https:\/\/www.anovapeneira.gal\/wp-content\/uploads\/2019\/07\/ARTIGO_DE_OPINION_A_NOVA_PENEIRA.jpg\" \/>\n<meta name=\"twitter:creator\" content=\"@APeneira\" \/>\n<meta name=\"twitter:site\" content=\"@APeneira\" \/>\n<meta name=\"twitter:label1\" content=\"Escrito por\" \/>\n\t<meta name=\"twitter:data1\" content=\"Xavier Rodr\u00edguez\" \/>\n\t<meta name=\"twitter:label2\" content=\"Tempo de lectura\" \/>\n\t<meta name=\"twitter:data2\" content=\"4 minutos\" \/>\n<script type=\"application\/ld+json\" class=\"yoast-schema-graph\">{\"@context\":\"https:\\\/\\\/schema.org\",\"@graph\":[{\"@type\":\"Article\",\"@id\":\"https:\\\/\\\/www.anovapeneira.gal\\\/index.php\\\/2022\\\/04\\\/27\\\/a-seleccion-de-persoal-no-concello-de-nigran\\\/#article\",\"isPartOf\":{\"@id\":\"https:\\\/\\\/www.anovapeneira.gal\\\/index.php\\\/2022\\\/04\\\/27\\\/a-seleccion-de-persoal-no-concello-de-nigran\\\/\"},\"author\":{\"name\":\"Xavier Rodr\u00edguez\",\"@id\":\"https:\\\/\\\/www.anovapeneira.gal\\\/#\\\/schema\\\/person\\\/e598b63030664c413236c3f685e56918\"},\"headline\":\"A selecci\u00f3n de persoal no Concello de Nigr\u00e1n\",\"datePublished\":\"2022-04-27T08:00:54+00:00\",\"mainEntityOfPage\":{\"@id\":\"https:\\\/\\\/www.anovapeneira.gal\\\/index.php\\\/2022\\\/04\\\/27\\\/a-seleccion-de-persoal-no-concello-de-nigran\\\/\"},\"wordCount\":656,\"commentCount\":0,\"publisher\":{\"@id\":\"https:\\\/\\\/www.anovapeneira.gal\\\/#organization\"},\"image\":{\"@id\":\"https:\\\/\\\/www.anovapeneira.gal\\\/index.php\\\/2022\\\/04\\\/27\\\/a-seleccion-de-persoal-no-concello-de-nigran\\\/#primaryimage\"},\"thumbnailUrl\":\"https:\\\/\\\/www.anovapeneira.gal\\\/wp-content\\\/uploads\\\/2019\\\/07\\\/ARTIGO_DE_OPINION_A_NOVA_PENEIRA.jpg\",\"keywords\":[\"Concello de Nigr\u00e1n\"],\"articleSection\":[\"Artigos de opini\u00f3n\"],\"inLanguage\":\"gl-ES\",\"potentialAction\":[{\"@type\":\"CommentAction\",\"name\":\"Comment\",\"target\":[\"https:\\\/\\\/www.anovapeneira.gal\\\/index.php\\\/2022\\\/04\\\/27\\\/a-seleccion-de-persoal-no-concello-de-nigran\\\/#respond\"]}]},{\"@type\":\"WebPage\",\"@id\":\"https:\\\/\\\/www.anovapeneira.gal\\\/index.php\\\/2022\\\/04\\\/27\\\/a-seleccion-de-persoal-no-concello-de-nigran\\\/\",\"url\":\"https:\\\/\\\/www.anovapeneira.gal\\\/index.php\\\/2022\\\/04\\\/27\\\/a-seleccion-de-persoal-no-concello-de-nigran\\\/\",\"name\":\"A selecci\u00f3n de persoal no Concello de Nigr\u00e1n -\",\"isPartOf\":{\"@id\":\"https:\\\/\\\/www.anovapeneira.gal\\\/#website\"},\"primaryImageOfPage\":{\"@id\":\"https:\\\/\\\/www.anovapeneira.gal\\\/index.php\\\/2022\\\/04\\\/27\\\/a-seleccion-de-persoal-no-concello-de-nigran\\\/#primaryimage\"},\"image\":{\"@id\":\"https:\\\/\\\/www.anovapeneira.gal\\\/index.php\\\/2022\\\/04\\\/27\\\/a-seleccion-de-persoal-no-concello-de-nigran\\\/#primaryimage\"},\"thumbnailUrl\":\"https:\\\/\\\/www.anovapeneira.gal\\\/wp-content\\\/uploads\\\/2019\\\/07\\\/ARTIGO_DE_OPINION_A_NOVA_PENEIRA.jpg\",\"datePublished\":\"2022-04-27T08:00:54+00:00\",\"description\":\"sentaci\u00f3n de oferta no Servizo P\u00fablico de Emprego (SPE), en vez de facer unha convocatoria p\u00fablica mediante solicitude das persoas interesadas\",\"breadcrumb\":{\"@id\":\"https:\\\/\\\/www.anovapeneira.gal\\\/index.php\\\/2022\\\/04\\\/27\\\/a-seleccion-de-persoal-no-concello-de-nigran\\\/#breadcrumb\"},\"inLanguage\":\"gl-ES\",\"potentialAction\":[{\"@type\":\"ReadAction\",\"target\":[\"https:\\\/\\\/www.anovapeneira.gal\\\/index.php\\\/2022\\\/04\\\/27\\\/a-seleccion-de-persoal-no-concello-de-nigran\\\/\"]}]},{\"@type\":\"ImageObject\",\"inLanguage\":\"gl-ES\",\"@id\":\"https:\\\/\\\/www.anovapeneira.gal\\\/index.php\\\/2022\\\/04\\\/27\\\/a-seleccion-de-persoal-no-concello-de-nigran\\\/#primaryimage\",\"url\":\"https:\\\/\\\/www.anovapeneira.gal\\\/wp-content\\\/uploads\\\/2019\\\/07\\\/ARTIGO_DE_OPINION_A_NOVA_PENEIRA.jpg\",\"contentUrl\":\"https:\\\/\\\/www.anovapeneira.gal\\\/wp-content\\\/uploads\\\/2019\\\/07\\\/ARTIGO_DE_OPINION_A_NOVA_PENEIRA.jpg\",\"width\":720,\"height\":473,\"caption\":\"Artigo de opini\u00f3n A Nova Peneira\"},{\"@type\":\"BreadcrumbList\",\"@id\":\"https:\\\/\\\/www.anovapeneira.gal\\\/index.php\\\/2022\\\/04\\\/27\\\/a-seleccion-de-persoal-no-concello-de-nigran\\\/#breadcrumb\",\"itemListElement\":[{\"@type\":\"ListItem\",\"position\":1,\"name\":\"Portada\",\"item\":\"https:\\\/\\\/www.anovapeneira.gal\\\/\"},{\"@type\":\"ListItem\",\"position\":2,\"name\":\"A selecci\u00f3n de persoal no Concello de Nigr\u00e1n\"}]},{\"@type\":\"WebSite\",\"@id\":\"https:\\\/\\\/www.anovapeneira.gal\\\/#website\",\"url\":\"https:\\\/\\\/www.anovapeneira.gal\\\/\",\"name\":\"\",\"description\":\"Xornal galego de informaci\u00f3n xeral Publicaci\u00f3n mensual de novas de Galicia e en especial dos Concellos da sur da provincia de Pontevedra.\",\"publisher\":{\"@id\":\"https:\\\/\\\/www.anovapeneira.gal\\\/#organization\"},\"potentialAction\":[{\"@type\":\"SearchAction\",\"target\":{\"@type\":\"EntryPoint\",\"urlTemplate\":\"https:\\\/\\\/www.anovapeneira.gal\\\/?s={search_term_string}\"},\"query-input\":{\"@type\":\"PropertyValueSpecification\",\"valueRequired\":true,\"valueName\":\"search_term_string\"}}],\"inLanguage\":\"gl-ES\"},{\"@type\":\"Organization\",\"@id\":\"https:\\\/\\\/www.anovapeneira.gal\\\/#organization\",\"name\":\"A Nova Peneira\",\"url\":\"https:\\\/\\\/www.anovapeneira.gal\\\/\",\"logo\":{\"@type\":\"ImageObject\",\"inLanguage\":\"gl-ES\",\"@id\":\"https:\\\/\\\/www.anovapeneira.gal\\\/#\\\/schema\\\/logo\\\/image\\\/\",\"url\":\"http:\\\/\\\/www.anovapeneira.gal\\\/wp-content\\\/uploads\\\/2019\\\/06\\\/logo_a_nova_peneira_portal_web.png\",\"contentUrl\":\"http:\\\/\\\/www.anovapeneira.gal\\\/wp-content\\\/uploads\\\/2019\\\/06\\\/logo_a_nova_peneira_portal_web.png\",\"width\":300,\"height\":100,\"caption\":\"A Nova Peneira\"},\"image\":{\"@id\":\"https:\\\/\\\/www.anovapeneira.gal\\\/#\\\/schema\\\/logo\\\/image\\\/\"},\"sameAs\":[\"https:\\\/\\\/www.facebook.com\\\/anovapeneira\",\"https:\\\/\\\/x.com\\\/APeneira\"]},{\"@type\":\"Person\",\"@id\":\"https:\\\/\\\/www.anovapeneira.gal\\\/#\\\/schema\\\/person\\\/e598b63030664c413236c3f685e56918\",\"name\":\"Xavier Rodr\u00edguez\",\"image\":{\"@type\":\"ImageObject\",\"inLanguage\":\"gl-ES\",\"@id\":\"https:\\\/\\\/secure.gravatar.com\\\/avatar\\\/d9b9f992d649071928b76ede112924ee61e9f7be582c6755dc0932efc9f011eb?s=96&d=mm&r=g\",\"url\":\"https:\\\/\\\/secure.gravatar.com\\\/avatar\\\/d9b9f992d649071928b76ede112924ee61e9f7be582c6755dc0932efc9f011eb?s=96&d=mm&r=g\",\"contentUrl\":\"https:\\\/\\\/secure.gravatar.com\\\/avatar\\\/d9b9f992d649071928b76ede112924ee61e9f7be582c6755dc0932efc9f011eb?s=96&d=mm&r=g\",\"caption\":\"Xavier Rodr\u00edguez\"},\"sameAs\":[\"http:\\\/\\\/www.anovapeneira.gal\\\/\"],\"url\":\"https:\\\/\\\/www.anovapeneira.gal\\\/index.php\\\/author\\\/xavierrodriguez\\\/\"}]}<\/script>\n<!-- \/ Yoast SEO plugin. -->","yoast_head_json":{"title":"A selecci\u00f3n de persoal no Concello de Nigr\u00e1n -","description":"sentaci\u00f3n de oferta no Servizo P\u00fablico de Emprego (SPE), en vez de facer unha convocatoria p\u00fablica mediante solicitude das persoas interesadas","robots":{"index":"index","follow":"follow","max-snippet":"max-snippet:-1","max-image-preview":"max-image-preview:large","max-video-preview":"max-video-preview:-1"},"canonical":"https:\/\/www.anovapeneira.gal\/index.php\/2022\/04\/27\/a-seleccion-de-persoal-no-concello-de-nigran\/","og_locale":"gl_ES","og_type":"article","og_title":"A selecci\u00f3n de persoal no Concello de Nigr\u00e1n -","og_description":"sentaci\u00f3n de oferta no Servizo P\u00fablico de Emprego (SPE), en vez de facer unha convocatoria p\u00fablica mediante solicitude das persoas interesadas","og_url":"https:\/\/www.anovapeneira.gal\/index.php\/2022\/04\/27\/a-seleccion-de-persoal-no-concello-de-nigran\/","article_publisher":"https:\/\/www.facebook.com\/anovapeneira","article_published_time":"2022-04-27T08:00:54+00:00","og_image":[{"width":720,"height":473,"url":"https:\/\/www.anovapeneira.gal\/wp-content\/uploads\/2019\/07\/ARTIGO_DE_OPINION_A_NOVA_PENEIRA.jpg","type":"image\/jpeg"}],"author":"Xavier Rodr\u00edguez","twitter_card":"summary_large_image","twitter_image":"https:\/\/www.anovapeneira.gal\/wp-content\/uploads\/2019\/07\/ARTIGO_DE_OPINION_A_NOVA_PENEIRA.jpg","twitter_creator":"@APeneira","twitter_site":"@APeneira","twitter_misc":{"Escrito por":"Xavier Rodr\u00edguez","Tempo de lectura":"4 minutos"},"schema":{"@context":"https:\/\/schema.org","@graph":[{"@type":"Article","@id":"https:\/\/www.anovapeneira.gal\/index.php\/2022\/04\/27\/a-seleccion-de-persoal-no-concello-de-nigran\/#article","isPartOf":{"@id":"https:\/\/www.anovapeneira.gal\/index.php\/2022\/04\/27\/a-seleccion-de-persoal-no-concello-de-nigran\/"},"author":{"name":"Xavier Rodr\u00edguez","@id":"https:\/\/www.anovapeneira.gal\/#\/schema\/person\/e598b63030664c413236c3f685e56918"},"headline":"A selecci\u00f3n de persoal no Concello de Nigr\u00e1n","datePublished":"2022-04-27T08:00:54+00:00","mainEntityOfPage":{"@id":"https:\/\/www.anovapeneira.gal\/index.php\/2022\/04\/27\/a-seleccion-de-persoal-no-concello-de-nigran\/"},"wordCount":656,"commentCount":0,"publisher":{"@id":"https:\/\/www.anovapeneira.gal\/#organization"},"image":{"@id":"https:\/\/www.anovapeneira.gal\/index.php\/2022\/04\/27\/a-seleccion-de-persoal-no-concello-de-nigran\/#primaryimage"},"thumbnailUrl":"https:\/\/www.anovapeneira.gal\/wp-content\/uploads\/2019\/07\/ARTIGO_DE_OPINION_A_NOVA_PENEIRA.jpg","keywords":["Concello de Nigr\u00e1n"],"articleSection":["Artigos de opini\u00f3n"],"inLanguage":"gl-ES","potentialAction":[{"@type":"CommentAction","name":"Comment","target":["https:\/\/www.anovapeneira.gal\/index.php\/2022\/04\/27\/a-seleccion-de-persoal-no-concello-de-nigran\/#respond"]}]},{"@type":"WebPage","@id":"https:\/\/www.anovapeneira.gal\/index.php\/2022\/04\/27\/a-seleccion-de-persoal-no-concello-de-nigran\/","url":"https:\/\/www.anovapeneira.gal\/index.php\/2022\/04\/27\/a-seleccion-de-persoal-no-concello-de-nigran\/","name":"A selecci\u00f3n de persoal no Concello de Nigr\u00e1n -","isPartOf":{"@id":"https:\/\/www.anovapeneira.gal\/#website"},"primaryImageOfPage":{"@id":"https:\/\/www.anovapeneira.gal\/index.php\/2022\/04\/27\/a-seleccion-de-persoal-no-concello-de-nigran\/#primaryimage"},"image":{"@id":"https:\/\/www.anovapeneira.gal\/index.php\/2022\/04\/27\/a-seleccion-de-persoal-no-concello-de-nigran\/#primaryimage"},"thumbnailUrl":"https:\/\/www.anovapeneira.gal\/wp-content\/uploads\/2019\/07\/ARTIGO_DE_OPINION_A_NOVA_PENEIRA.jpg","datePublished":"2022-04-27T08:00:54+00:00","description":"sentaci\u00f3n de oferta no Servizo P\u00fablico de Emprego (SPE), en vez de facer unha convocatoria p\u00fablica mediante solicitude das persoas interesadas","breadcrumb":{"@id":"https:\/\/www.anovapeneira.gal\/index.php\/2022\/04\/27\/a-seleccion-de-persoal-no-concello-de-nigran\/#breadcrumb"},"inLanguage":"gl-ES","potentialAction":[{"@type":"ReadAction","target":["https:\/\/www.anovapeneira.gal\/index.php\/2022\/04\/27\/a-seleccion-de-persoal-no-concello-de-nigran\/"]}]},{"@type":"ImageObject","inLanguage":"gl-ES","@id":"https:\/\/www.anovapeneira.gal\/index.php\/2022\/04\/27\/a-seleccion-de-persoal-no-concello-de-nigran\/#primaryimage","url":"https:\/\/www.anovapeneira.gal\/wp-content\/uploads\/2019\/07\/ARTIGO_DE_OPINION_A_NOVA_PENEIRA.jpg","contentUrl":"https:\/\/www.anovapeneira.gal\/wp-content\/uploads\/2019\/07\/ARTIGO_DE_OPINION_A_NOVA_PENEIRA.jpg","width":720,"height":473,"caption":"Artigo de opini\u00f3n A Nova Peneira"},{"@type":"BreadcrumbList","@id":"https:\/\/www.anovapeneira.gal\/index.php\/2022\/04\/27\/a-seleccion-de-persoal-no-concello-de-nigran\/#breadcrumb","itemListElement":[{"@type":"ListItem","position":1,"name":"Portada","item":"https:\/\/www.anovapeneira.gal\/"},{"@type":"ListItem","position":2,"name":"A selecci\u00f3n de persoal no Concello de Nigr\u00e1n"}]},{"@type":"WebSite","@id":"https:\/\/www.anovapeneira.gal\/#website","url":"https:\/\/www.anovapeneira.gal\/","name":"","description":"Xornal galego de informaci\u00f3n xeral Publicaci\u00f3n mensual de novas de Galicia e en especial dos Concellos da sur da provincia de Pontevedra.","publisher":{"@id":"https:\/\/www.anovapeneira.gal\/#organization"},"potentialAction":[{"@type":"SearchAction","target":{"@type":"EntryPoint","urlTemplate":"https:\/\/www.anovapeneira.gal\/?s={search_term_string}"},"query-input":{"@type":"PropertyValueSpecification","valueRequired":true,"valueName":"search_term_string"}}],"inLanguage":"gl-ES"},{"@type":"Organization","@id":"https:\/\/www.anovapeneira.gal\/#organization","name":"A Nova Peneira","url":"https:\/\/www.anovapeneira.gal\/","logo":{"@type":"ImageObject","inLanguage":"gl-ES","@id":"https:\/\/www.anovapeneira.gal\/#\/schema\/logo\/image\/","url":"http:\/\/www.anovapeneira.gal\/wp-content\/uploads\/2019\/06\/logo_a_nova_peneira_portal_web.png","contentUrl":"http:\/\/www.anovapeneira.gal\/wp-content\/uploads\/2019\/06\/logo_a_nova_peneira_portal_web.png","width":300,"height":100,"caption":"A Nova Peneira"},"image":{"@id":"https:\/\/www.anovapeneira.gal\/#\/schema\/logo\/image\/"},"sameAs":["https:\/\/www.facebook.com\/anovapeneira","https:\/\/x.com\/APeneira"]},{"@type":"Person","@id":"https:\/\/www.anovapeneira.gal\/#\/schema\/person\/e598b63030664c413236c3f685e56918","name":"Xavier Rodr\u00edguez","image":{"@type":"ImageObject","inLanguage":"gl-ES","@id":"https:\/\/secure.gravatar.com\/avatar\/d9b9f992d649071928b76ede112924ee61e9f7be582c6755dc0932efc9f011eb?s=96&d=mm&r=g","url":"https:\/\/secure.gravatar.com\/avatar\/d9b9f992d649071928b76ede112924ee61e9f7be582c6755dc0932efc9f011eb?s=96&d=mm&r=g","contentUrl":"https:\/\/secure.gravatar.com\/avatar\/d9b9f992d649071928b76ede112924ee61e9f7be582c6755dc0932efc9f011eb?s=96&d=mm&r=g","caption":"Xavier Rodr\u00edguez"},"sameAs":["http:\/\/www.anovapeneira.gal\/"],"url":"https:\/\/www.anovapeneira.gal\/index.php\/author\/xavierrodriguez\/"}]}},"jetpack_featured_media_url":"https:\/\/www.anovapeneira.gal\/wp-content\/uploads\/2019\/07\/ARTIGO_DE_OPINION_A_NOVA_PENEIRA.jpg","_links":{"self":[{"href":"https:\/\/www.anovapeneira.gal\/index.php\/wp-json\/wp\/v2\/posts\/7358","targetHints":{"allow":["GET"]}}],"collection":[{"href":"https:\/\/www.anovapeneira.gal\/index.php\/wp-json\/wp\/v2\/posts"}],"about":[{"href":"https:\/\/www.anovapeneira.gal\/index.php\/wp-json\/wp\/v2\/types\/post"}],"author":[{"embeddable":true,"href":"https:\/\/www.anovapeneira.gal\/index.php\/wp-json\/wp\/v2\/users\/16"}],"replies":[{"embeddable":true,"href":"https:\/\/www.anovapeneira.gal\/index.php\/wp-json\/wp\/v2\/comments?post=7358"}],"version-history":[{"count":1,"href":"https:\/\/www.anovapeneira.gal\/index.php\/wp-json\/wp\/v2\/posts\/7358\/revisions"}],"predecessor-version":[{"id":7359,"href":"https:\/\/www.anovapeneira.gal\/index.php\/wp-json\/wp\/v2\/posts\/7358\/revisions\/7359"}],"wp:featuredmedia":[{"embeddable":true,"href":"https:\/\/www.anovapeneira.gal\/index.php\/wp-json\/wp\/v2\/media\/584"}],"wp:attachment":[{"href":"https:\/\/www.anovapeneira.gal\/index.php\/wp-json\/wp\/v2\/media?parent=7358"}],"wp:term":[{"taxonomy":"category","embeddable":true,"href":"https:\/\/www.anovapeneira.gal\/index.php\/wp-json\/wp\/v2\/categories?post=7358"},{"taxonomy":"post_tag","embeddable":true,"href":"https:\/\/www.anovapeneira.gal\/index.php\/wp-json\/wp\/v2\/tags?post=7358"}],"curies":[{"name":"wp","href":"https:\/\/api.w.org\/{rel}","templated":true}]}}