{"id":736,"date":"2019-07-24T11:56:59","date_gmt":"2019-07-24T09:56:59","guid":{"rendered":"http:\/\/www.anovapeneira.gal\/?p=736"},"modified":"2019-07-24T11:57:00","modified_gmt":"2019-07-24T09:57:00","slug":"o-concello-organiza-este-veran-diversas-rutas-de-sendeirismo-para-divulgar-o-patrimonio","status":"publish","type":"post","link":"https:\/\/www.anovapeneira.gal\/index.php\/2019\/07\/24\/o-concello-organiza-este-veran-diversas-rutas-de-sendeirismo-para-divulgar-o-patrimonio\/","title":{"rendered":"O Concello organiza este ver\u00e1n diversas rutas de sendeirismo para divulgar o patrimonio"},"content":{"rendered":"\n<p><strong>Bueu, 24 de xullo de 2019<\/strong><\/p>\n\n\n\n<h2 class=\"wp-block-heading\"><strong>As cami\u00f1adas ter\u00e1n lugar todos os s\u00e1bados do 20 de xullo ao 31 de agosto, cons inscrici\u00f3ns na Oficina de Turismo<\/strong><\/h2>\n\n\n\n<p>O Concello de Bueu por\u00e1 en marcha diversas rutas de sendeirismo para a divulgaci\u00f3n do patrimonio natural e cultural da vila este ver\u00e1n. As\u00ed o salientou hoxe a concelleira de turismo, Silvia Carballo, na rolda de prensa de presentaci\u00f3n, na que anunciou que o programa se desenvolver\u00e1 todos os s\u00e1bados entre o 20 de xullo e o 31 de agosto. Para a participaci\u00f3n das cami\u00f1adas, cunha duraci\u00f3n de catro horas, as persoas interesadas deber\u00e1n inscribirse na Oficina de Turismo, no tel\u00e9fono 986 324 457 ou no correo electr\u00f3nico&nbsp;<a href=\"mailto:turismo@concellodebueu.gal\">turismo@concellodebueu.gal<\/a>.&nbsp;<\/p>\n\n\n\n<p>O 20 de xullo, a sa\u00edda ser\u00e1 desde a praia de Lagos ata Cabo Udra; o 27 de xullo, ter\u00e1 lugar a Ruta dos Pazos, con sa\u00edda desde a Oficina de Turismo; o 3 de agosto, por Ermelo con sa\u00edda desde a igrexa; o 10 de agosto polo Sendeiro do Litoral con sa\u00edda desde a praia de Beluso: o 17 de agosto, pola Ruta dos Abades I, con sa\u00edda desde a Igrexa de Cela; o 24 de agosto, a dos Abades II desde a Igrexa de Ermelo; e o 31 de agosto, a ruta dos Mu\u00ed\u00f1os con sa\u00edda desde a Oficina de Turismo. Todas elas comezar\u00e1n \u00e1s 9.30 h da ma\u00f1\u00e1.<\/p>\n","protected":false},"excerpt":{"rendered":"<div class=\"mh-excerpt\"><p>Bueu, 24 de xullo de 2019 As cami\u00f1adas ter\u00e1n lugar todos os s\u00e1bados do 20 de xullo ao 31 de agosto, cons inscrici\u00f3ns na Oficina de Turismo O Concello de Bueu por\u00e1 en marcha diversas <a class=\"mh-excerpt-more\" href=\"https:\/\/www.anovapeneira.gal\/index.php\/2019\/07\/24\/o-concello-organiza-este-veran-diversas-rutas-de-sendeirismo-para-divulgar-o-patrimonio\/\" title=\"O Concello organiza este ver\u00e1n diversas rutas de sendeirismo para divulgar o patrimonio\">[&#8230;]<\/a><\/p>\n<\/div>","protected":false},"author":3,"featured_media":719,"comment_status":"open","ping_status":"open","sticky":false,"template":"","format":"standard","meta":{"_exactmetrics_skip_tracking":false,"_exactmetrics_sitenote_active":false,"_exactmetrics_sitenote_note":"","_exactmetrics_sitenote_category":0,"footnotes":""},"categories":[22],"tags":[310,312,311,28],"class_list":{"0":"post-736","1":"post","2":"type-post","3":"status-publish","4":"format-standard","5":"has-post-thumbnail","7":"category-morrazo","8":"tag-congelo-de-bueu","9":"tag-patrimonio","10":"tag-senderismo","11":"tag-turismo"},"yoast_head":"<!-- This site is optimized with the Yoast SEO plugin v27.4 - https:\/\/yoast.com\/product\/yoast-seo-wordpress\/ -->\n<title>O Concello organiza este ver\u00e1n diversas rutas de sendeirismo para divulgar o patrimonio -<\/title>\n<meta name=\"robots\" content=\"index, follow, max-snippet:-1, max-image-preview:large, max-video-preview:-1\" \/>\n<link rel=\"canonical\" href=\"https:\/\/www.anovapeneira.gal\/index.php\/2019\/07\/24\/o-concello-organiza-este-veran-diversas-rutas-de-sendeirismo-para-divulgar-o-patrimonio\/\" \/>\n<meta property=\"og:locale\" content=\"gl_ES\" \/>\n<meta property=\"og:type\" content=\"article\" \/>\n<meta property=\"og:title\" content=\"O Concello organiza este ver\u00e1n diversas rutas de sendeirismo para divulgar o patrimonio -\" \/>\n<meta property=\"og:description\" content=\"Bueu, 24 de xullo de 2019 As cami\u00f1adas ter\u00e1n lugar todos os s\u00e1bados do 20 de xullo ao 31 de agosto, cons inscrici\u00f3ns na Oficina de Turismo O Concello de Bueu por\u00e1 en marcha diversas [...]\" \/>\n<meta property=\"og:url\" content=\"https:\/\/www.anovapeneira.gal\/index.php\/2019\/07\/24\/o-concello-organiza-este-veran-diversas-rutas-de-sendeirismo-para-divulgar-o-patrimonio\/\" \/>\n<meta property=\"article:publisher\" content=\"https:\/\/www.facebook.com\/anovapeneira\" \/>\n<meta property=\"article:published_time\" content=\"2019-07-24T09:56:59+00:00\" \/>\n<meta property=\"article:modified_time\" content=\"2019-07-24T09:57:00+00:00\" \/>\n<meta property=\"og:image\" content=\"https:\/\/www.anovapeneira.gal\/wp-content\/uploads\/2019\/07\/rutas_de_sendeirismo_a_nova_peneira.jpg\" \/>\n\t<meta property=\"og:image:width\" content=\"720\" \/>\n\t<meta property=\"og:image:height\" content=\"473\" \/>\n\t<meta property=\"og:image:type\" content=\"image\/jpeg\" \/>\n<meta name=\"author\" content=\"Redacci\u00f3n A Nova Peneira\" \/>\n<meta name=\"twitter:card\" content=\"summary_large_image\" \/>\n<meta name=\"twitter:creator\" content=\"@APeneira\" \/>\n<meta name=\"twitter:site\" content=\"@APeneira\" \/>\n<meta name=\"twitter:label1\" content=\"Escrito por\" \/>\n\t<meta name=\"twitter:data1\" content=\"Redacci\u00f3n A Nova Peneira\" \/>\n\t<meta name=\"twitter:label2\" content=\"Tempo de lectura\" \/>\n\t<meta name=\"twitter:data2\" content=\"1 minuto\" \/>\n<script type=\"application\/ld+json\" class=\"yoast-schema-graph\">{\"@context\":\"https:\\\/\\\/schema.org\",\"@graph\":[{\"@type\":\"Article\",\"@id\":\"https:\\\/\\\/www.anovapeneira.gal\\\/index.php\\\/2019\\\/07\\\/24\\\/o-concello-organiza-este-veran-diversas-rutas-de-sendeirismo-para-divulgar-o-patrimonio\\\/#article\",\"isPartOf\":{\"@id\":\"https:\\\/\\\/www.anovapeneira.gal\\\/index.php\\\/2019\\\/07\\\/24\\\/o-concello-organiza-este-veran-diversas-rutas-de-sendeirismo-para-divulgar-o-patrimonio\\\/\"},\"author\":{\"name\":\"Redacci\u00f3n A Nova Peneira\",\"@id\":\"https:\\\/\\\/www.anovapeneira.gal\\\/#\\\/schema\\\/person\\\/b93e3f8932e3f8da96334607eb6ac6aa\"},\"headline\":\"O Concello organiza este ver\u00e1n diversas rutas de sendeirismo para divulgar o patrimonio\",\"datePublished\":\"2019-07-24T09:56:59+00:00\",\"dateModified\":\"2019-07-24T09:57:00+00:00\",\"mainEntityOfPage\":{\"@id\":\"https:\\\/\\\/www.anovapeneira.gal\\\/index.php\\\/2019\\\/07\\\/24\\\/o-concello-organiza-este-veran-diversas-rutas-de-sendeirismo-para-divulgar-o-patrimonio\\\/\"},\"wordCount\":250,\"commentCount\":0,\"publisher\":{\"@id\":\"https:\\\/\\\/www.anovapeneira.gal\\\/#organization\"},\"image\":{\"@id\":\"https:\\\/\\\/www.anovapeneira.gal\\\/index.php\\\/2019\\\/07\\\/24\\\/o-concello-organiza-este-veran-diversas-rutas-de-sendeirismo-para-divulgar-o-patrimonio\\\/#primaryimage\"},\"thumbnailUrl\":\"https:\\\/\\\/www.anovapeneira.gal\\\/wp-content\\\/uploads\\\/2019\\\/07\\\/rutas_de_sendeirismo_a_nova_peneira.jpg\",\"keywords\":[\"Congelo de Bueu\",\"Patrimonio\",\"Senderismo\",\"Turismo\"],\"articleSection\":[\"Morrazo\"],\"inLanguage\":\"gl-ES\",\"potentialAction\":[{\"@type\":\"CommentAction\",\"name\":\"Comment\",\"target\":[\"https:\\\/\\\/www.anovapeneira.gal\\\/index.php\\\/2019\\\/07\\\/24\\\/o-concello-organiza-este-veran-diversas-rutas-de-sendeirismo-para-divulgar-o-patrimonio\\\/#respond\"]}]},{\"@type\":\"WebPage\",\"@id\":\"https:\\\/\\\/www.anovapeneira.gal\\\/index.php\\\/2019\\\/07\\\/24\\\/o-concello-organiza-este-veran-diversas-rutas-de-sendeirismo-para-divulgar-o-patrimonio\\\/\",\"url\":\"https:\\\/\\\/www.anovapeneira.gal\\\/index.php\\\/2019\\\/07\\\/24\\\/o-concello-organiza-este-veran-diversas-rutas-de-sendeirismo-para-divulgar-o-patrimonio\\\/\",\"name\":\"O Concello organiza este ver\u00e1n diversas rutas de sendeirismo para divulgar o patrimonio -\",\"isPartOf\":{\"@id\":\"https:\\\/\\\/www.anovapeneira.gal\\\/#website\"},\"primaryImageOfPage\":{\"@id\":\"https:\\\/\\\/www.anovapeneira.gal\\\/index.php\\\/2019\\\/07\\\/24\\\/o-concello-organiza-este-veran-diversas-rutas-de-sendeirismo-para-divulgar-o-patrimonio\\\/#primaryimage\"},\"image\":{\"@id\":\"https:\\\/\\\/www.anovapeneira.gal\\\/index.php\\\/2019\\\/07\\\/24\\\/o-concello-organiza-este-veran-diversas-rutas-de-sendeirismo-para-divulgar-o-patrimonio\\\/#primaryimage\"},\"thumbnailUrl\":\"https:\\\/\\\/www.anovapeneira.gal\\\/wp-content\\\/uploads\\\/2019\\\/07\\\/rutas_de_sendeirismo_a_nova_peneira.jpg\",\"datePublished\":\"2019-07-24T09:56:59+00:00\",\"dateModified\":\"2019-07-24T09:57:00+00:00\",\"breadcrumb\":{\"@id\":\"https:\\\/\\\/www.anovapeneira.gal\\\/index.php\\\/2019\\\/07\\\/24\\\/o-concello-organiza-este-veran-diversas-rutas-de-sendeirismo-para-divulgar-o-patrimonio\\\/#breadcrumb\"},\"inLanguage\":\"gl-ES\",\"potentialAction\":[{\"@type\":\"ReadAction\",\"target\":[\"https:\\\/\\\/www.anovapeneira.gal\\\/index.php\\\/2019\\\/07\\\/24\\\/o-concello-organiza-este-veran-diversas-rutas-de-sendeirismo-para-divulgar-o-patrimonio\\\/\"]}]},{\"@type\":\"ImageObject\",\"inLanguage\":\"gl-ES\",\"@id\":\"https:\\\/\\\/www.anovapeneira.gal\\\/index.php\\\/2019\\\/07\\\/24\\\/o-concello-organiza-este-veran-diversas-rutas-de-sendeirismo-para-divulgar-o-patrimonio\\\/#primaryimage\",\"url\":\"https:\\\/\\\/www.anovapeneira.gal\\\/wp-content\\\/uploads\\\/2019\\\/07\\\/rutas_de_sendeirismo_a_nova_peneira.jpg\",\"contentUrl\":\"https:\\\/\\\/www.anovapeneira.gal\\\/wp-content\\\/uploads\\\/2019\\\/07\\\/rutas_de_sendeirismo_a_nova_peneira.jpg\",\"width\":720,\"height\":473,\"caption\":\"Rutas de senderismo congelo de Bueu A Nova Peneira\"},{\"@type\":\"BreadcrumbList\",\"@id\":\"https:\\\/\\\/www.anovapeneira.gal\\\/index.php\\\/2019\\\/07\\\/24\\\/o-concello-organiza-este-veran-diversas-rutas-de-sendeirismo-para-divulgar-o-patrimonio\\\/#breadcrumb\",\"itemListElement\":[{\"@type\":\"ListItem\",\"position\":1,\"name\":\"Portada\",\"item\":\"https:\\\/\\\/www.anovapeneira.gal\\\/\"},{\"@type\":\"ListItem\",\"position\":2,\"name\":\"O Concello organiza este ver\u00e1n diversas rutas de sendeirismo para divulgar o patrimonio\"}]},{\"@type\":\"WebSite\",\"@id\":\"https:\\\/\\\/www.anovapeneira.gal\\\/#website\",\"url\":\"https:\\\/\\\/www.anovapeneira.gal\\\/\",\"name\":\"\",\"description\":\"Xornal galego de informaci\u00f3n xeral Publicaci\u00f3n mensual de novas de Galicia e en especial dos Concellos da sur da provincia de Pontevedra.\",\"publisher\":{\"@id\":\"https:\\\/\\\/www.anovapeneira.gal\\\/#organization\"},\"potentialAction\":[{\"@type\":\"SearchAction\",\"target\":{\"@type\":\"EntryPoint\",\"urlTemplate\":\"https:\\\/\\\/www.anovapeneira.gal\\\/?s={search_term_string}\"},\"query-input\":{\"@type\":\"PropertyValueSpecification\",\"valueRequired\":true,\"valueName\":\"search_term_string\"}}],\"inLanguage\":\"gl-ES\"},{\"@type\":\"Organization\",\"@id\":\"https:\\\/\\\/www.anovapeneira.gal\\\/#organization\",\"name\":\"A Nova Peneira\",\"url\":\"https:\\\/\\\/www.anovapeneira.gal\\\/\",\"logo\":{\"@type\":\"ImageObject\",\"inLanguage\":\"gl-ES\",\"@id\":\"https:\\\/\\\/www.anovapeneira.gal\\\/#\\\/schema\\\/logo\\\/image\\\/\",\"url\":\"http:\\\/\\\/www.anovapeneira.gal\\\/wp-content\\\/uploads\\\/2019\\\/06\\\/logo_a_nova_peneira_portal_web.png\",\"contentUrl\":\"http:\\\/\\\/www.anovapeneira.gal\\\/wp-content\\\/uploads\\\/2019\\\/06\\\/logo_a_nova_peneira_portal_web.png\",\"width\":300,\"height\":100,\"caption\":\"A Nova Peneira\"},\"image\":{\"@id\":\"https:\\\/\\\/www.anovapeneira.gal\\\/#\\\/schema\\\/logo\\\/image\\\/\"},\"sameAs\":[\"https:\\\/\\\/www.facebook.com\\\/anovapeneira\",\"https:\\\/\\\/x.com\\\/APeneira\"]},{\"@type\":\"Person\",\"@id\":\"https:\\\/\\\/www.anovapeneira.gal\\\/#\\\/schema\\\/person\\\/b93e3f8932e3f8da96334607eb6ac6aa\",\"name\":\"Redacci\u00f3n A Nova Peneira\",\"image\":{\"@type\":\"ImageObject\",\"inLanguage\":\"gl-ES\",\"@id\":\"https:\\\/\\\/secure.gravatar.com\\\/avatar\\\/c052a2551a06e23fac63626232eaa90abd78dbcf1700fc46a2b2c89fd27b735f?s=96&d=mm&r=g\",\"url\":\"https:\\\/\\\/secure.gravatar.com\\\/avatar\\\/c052a2551a06e23fac63626232eaa90abd78dbcf1700fc46a2b2c89fd27b735f?s=96&d=mm&r=g\",\"contentUrl\":\"https:\\\/\\\/secure.gravatar.com\\\/avatar\\\/c052a2551a06e23fac63626232eaa90abd78dbcf1700fc46a2b2c89fd27b735f?s=96&d=mm&r=g\",\"caption\":\"Redacci\u00f3n A Nova Peneira\"},\"sameAs\":[\"http:\\\/\\\/www.anovapeneira.gal\\\/\"],\"url\":\"https:\\\/\\\/www.anovapeneira.gal\\\/index.php\\\/author\\\/redactor\\\/\"}]}<\/script>\n<!-- \/ Yoast SEO plugin. -->","yoast_head_json":{"title":"O Concello organiza este ver\u00e1n diversas rutas de sendeirismo para divulgar o patrimonio -","robots":{"index":"index","follow":"follow","max-snippet":"max-snippet:-1","max-image-preview":"max-image-preview:large","max-video-preview":"max-video-preview:-1"},"canonical":"https:\/\/www.anovapeneira.gal\/index.php\/2019\/07\/24\/o-concello-organiza-este-veran-diversas-rutas-de-sendeirismo-para-divulgar-o-patrimonio\/","og_locale":"gl_ES","og_type":"article","og_title":"O Concello organiza este ver\u00e1n diversas rutas de sendeirismo para divulgar o patrimonio -","og_description":"Bueu, 24 de xullo de 2019 As cami\u00f1adas ter\u00e1n lugar todos os s\u00e1bados do 20 de xullo ao 31 de agosto, cons inscrici\u00f3ns na Oficina de Turismo O Concello de Bueu por\u00e1 en marcha diversas [...]","og_url":"https:\/\/www.anovapeneira.gal\/index.php\/2019\/07\/24\/o-concello-organiza-este-veran-diversas-rutas-de-sendeirismo-para-divulgar-o-patrimonio\/","article_publisher":"https:\/\/www.facebook.com\/anovapeneira","article_published_time":"2019-07-24T09:56:59+00:00","article_modified_time":"2019-07-24T09:57:00+00:00","og_image":[{"width":720,"height":473,"url":"https:\/\/www.anovapeneira.gal\/wp-content\/uploads\/2019\/07\/rutas_de_sendeirismo_a_nova_peneira.jpg","type":"image\/jpeg"}],"author":"Redacci\u00f3n A Nova Peneira","twitter_card":"summary_large_image","twitter_creator":"@APeneira","twitter_site":"@APeneira","twitter_misc":{"Escrito por":"Redacci\u00f3n A Nova Peneira","Tempo de lectura":"1 minuto"},"schema":{"@context":"https:\/\/schema.org","@graph":[{"@type":"Article","@id":"https:\/\/www.anovapeneira.gal\/index.php\/2019\/07\/24\/o-concello-organiza-este-veran-diversas-rutas-de-sendeirismo-para-divulgar-o-patrimonio\/#article","isPartOf":{"@id":"https:\/\/www.anovapeneira.gal\/index.php\/2019\/07\/24\/o-concello-organiza-este-veran-diversas-rutas-de-sendeirismo-para-divulgar-o-patrimonio\/"},"author":{"name":"Redacci\u00f3n A Nova Peneira","@id":"https:\/\/www.anovapeneira.gal\/#\/schema\/person\/b93e3f8932e3f8da96334607eb6ac6aa"},"headline":"O Concello organiza este ver\u00e1n diversas rutas de sendeirismo para divulgar o patrimonio","datePublished":"2019-07-24T09:56:59+00:00","dateModified":"2019-07-24T09:57:00+00:00","mainEntityOfPage":{"@id":"https:\/\/www.anovapeneira.gal\/index.php\/2019\/07\/24\/o-concello-organiza-este-veran-diversas-rutas-de-sendeirismo-para-divulgar-o-patrimonio\/"},"wordCount":250,"commentCount":0,"publisher":{"@id":"https:\/\/www.anovapeneira.gal\/#organization"},"image":{"@id":"https:\/\/www.anovapeneira.gal\/index.php\/2019\/07\/24\/o-concello-organiza-este-veran-diversas-rutas-de-sendeirismo-para-divulgar-o-patrimonio\/#primaryimage"},"thumbnailUrl":"https:\/\/www.anovapeneira.gal\/wp-content\/uploads\/2019\/07\/rutas_de_sendeirismo_a_nova_peneira.jpg","keywords":["Congelo de Bueu","Patrimonio","Senderismo","Turismo"],"articleSection":["Morrazo"],"inLanguage":"gl-ES","potentialAction":[{"@type":"CommentAction","name":"Comment","target":["https:\/\/www.anovapeneira.gal\/index.php\/2019\/07\/24\/o-concello-organiza-este-veran-diversas-rutas-de-sendeirismo-para-divulgar-o-patrimonio\/#respond"]}]},{"@type":"WebPage","@id":"https:\/\/www.anovapeneira.gal\/index.php\/2019\/07\/24\/o-concello-organiza-este-veran-diversas-rutas-de-sendeirismo-para-divulgar-o-patrimonio\/","url":"https:\/\/www.anovapeneira.gal\/index.php\/2019\/07\/24\/o-concello-organiza-este-veran-diversas-rutas-de-sendeirismo-para-divulgar-o-patrimonio\/","name":"O Concello organiza este ver\u00e1n diversas rutas de sendeirismo para divulgar o patrimonio -","isPartOf":{"@id":"https:\/\/www.anovapeneira.gal\/#website"},"primaryImageOfPage":{"@id":"https:\/\/www.anovapeneira.gal\/index.php\/2019\/07\/24\/o-concello-organiza-este-veran-diversas-rutas-de-sendeirismo-para-divulgar-o-patrimonio\/#primaryimage"},"image":{"@id":"https:\/\/www.anovapeneira.gal\/index.php\/2019\/07\/24\/o-concello-organiza-este-veran-diversas-rutas-de-sendeirismo-para-divulgar-o-patrimonio\/#primaryimage"},"thumbnailUrl":"https:\/\/www.anovapeneira.gal\/wp-content\/uploads\/2019\/07\/rutas_de_sendeirismo_a_nova_peneira.jpg","datePublished":"2019-07-24T09:56:59+00:00","dateModified":"2019-07-24T09:57:00+00:00","breadcrumb":{"@id":"https:\/\/www.anovapeneira.gal\/index.php\/2019\/07\/24\/o-concello-organiza-este-veran-diversas-rutas-de-sendeirismo-para-divulgar-o-patrimonio\/#breadcrumb"},"inLanguage":"gl-ES","potentialAction":[{"@type":"ReadAction","target":["https:\/\/www.anovapeneira.gal\/index.php\/2019\/07\/24\/o-concello-organiza-este-veran-diversas-rutas-de-sendeirismo-para-divulgar-o-patrimonio\/"]}]},{"@type":"ImageObject","inLanguage":"gl-ES","@id":"https:\/\/www.anovapeneira.gal\/index.php\/2019\/07\/24\/o-concello-organiza-este-veran-diversas-rutas-de-sendeirismo-para-divulgar-o-patrimonio\/#primaryimage","url":"https:\/\/www.anovapeneira.gal\/wp-content\/uploads\/2019\/07\/rutas_de_sendeirismo_a_nova_peneira.jpg","contentUrl":"https:\/\/www.anovapeneira.gal\/wp-content\/uploads\/2019\/07\/rutas_de_sendeirismo_a_nova_peneira.jpg","width":720,"height":473,"caption":"Rutas de senderismo congelo de Bueu A Nova Peneira"},{"@type":"BreadcrumbList","@id":"https:\/\/www.anovapeneira.gal\/index.php\/2019\/07\/24\/o-concello-organiza-este-veran-diversas-rutas-de-sendeirismo-para-divulgar-o-patrimonio\/#breadcrumb","itemListElement":[{"@type":"ListItem","position":1,"name":"Portada","item":"https:\/\/www.anovapeneira.gal\/"},{"@type":"ListItem","position":2,"name":"O Concello organiza este ver\u00e1n diversas rutas de sendeirismo para divulgar o patrimonio"}]},{"@type":"WebSite","@id":"https:\/\/www.anovapeneira.gal\/#website","url":"https:\/\/www.anovapeneira.gal\/","name":"","description":"Xornal galego de informaci\u00f3n xeral Publicaci\u00f3n mensual de novas de Galicia e en especial dos Concellos da sur da provincia de Pontevedra.","publisher":{"@id":"https:\/\/www.anovapeneira.gal\/#organization"},"potentialAction":[{"@type":"SearchAction","target":{"@type":"EntryPoint","urlTemplate":"https:\/\/www.anovapeneira.gal\/?s={search_term_string}"},"query-input":{"@type":"PropertyValueSpecification","valueRequired":true,"valueName":"search_term_string"}}],"inLanguage":"gl-ES"},{"@type":"Organization","@id":"https:\/\/www.anovapeneira.gal\/#organization","name":"A Nova Peneira","url":"https:\/\/www.anovapeneira.gal\/","logo":{"@type":"ImageObject","inLanguage":"gl-ES","@id":"https:\/\/www.anovapeneira.gal\/#\/schema\/logo\/image\/","url":"http:\/\/www.anovapeneira.gal\/wp-content\/uploads\/2019\/06\/logo_a_nova_peneira_portal_web.png","contentUrl":"http:\/\/www.anovapeneira.gal\/wp-content\/uploads\/2019\/06\/logo_a_nova_peneira_portal_web.png","width":300,"height":100,"caption":"A Nova Peneira"},"image":{"@id":"https:\/\/www.anovapeneira.gal\/#\/schema\/logo\/image\/"},"sameAs":["https:\/\/www.facebook.com\/anovapeneira","https:\/\/x.com\/APeneira"]},{"@type":"Person","@id":"https:\/\/www.anovapeneira.gal\/#\/schema\/person\/b93e3f8932e3f8da96334607eb6ac6aa","name":"Redacci\u00f3n A Nova Peneira","image":{"@type":"ImageObject","inLanguage":"gl-ES","@id":"https:\/\/secure.gravatar.com\/avatar\/c052a2551a06e23fac63626232eaa90abd78dbcf1700fc46a2b2c89fd27b735f?s=96&d=mm&r=g","url":"https:\/\/secure.gravatar.com\/avatar\/c052a2551a06e23fac63626232eaa90abd78dbcf1700fc46a2b2c89fd27b735f?s=96&d=mm&r=g","contentUrl":"https:\/\/secure.gravatar.com\/avatar\/c052a2551a06e23fac63626232eaa90abd78dbcf1700fc46a2b2c89fd27b735f?s=96&d=mm&r=g","caption":"Redacci\u00f3n A Nova Peneira"},"sameAs":["http:\/\/www.anovapeneira.gal\/"],"url":"https:\/\/www.anovapeneira.gal\/index.php\/author\/redactor\/"}]}},"jetpack_featured_media_url":"https:\/\/www.anovapeneira.gal\/wp-content\/uploads\/2019\/07\/rutas_de_sendeirismo_a_nova_peneira.jpg","_links":{"self":[{"href":"https:\/\/www.anovapeneira.gal\/index.php\/wp-json\/wp\/v2\/posts\/736","targetHints":{"allow":["GET"]}}],"collection":[{"href":"https:\/\/www.anovapeneira.gal\/index.php\/wp-json\/wp\/v2\/posts"}],"about":[{"href":"https:\/\/www.anovapeneira.gal\/index.php\/wp-json\/wp\/v2\/types\/post"}],"author":[{"embeddable":true,"href":"https:\/\/www.anovapeneira.gal\/index.php\/wp-json\/wp\/v2\/users\/3"}],"replies":[{"embeddable":true,"href":"https:\/\/www.anovapeneira.gal\/index.php\/wp-json\/wp\/v2\/comments?post=736"}],"version-history":[{"count":1,"href":"https:\/\/www.anovapeneira.gal\/index.php\/wp-json\/wp\/v2\/posts\/736\/revisions"}],"predecessor-version":[{"id":737,"href":"https:\/\/www.anovapeneira.gal\/index.php\/wp-json\/wp\/v2\/posts\/736\/revisions\/737"}],"wp:featuredmedia":[{"embeddable":true,"href":"https:\/\/www.anovapeneira.gal\/index.php\/wp-json\/wp\/v2\/media\/719"}],"wp:attachment":[{"href":"https:\/\/www.anovapeneira.gal\/index.php\/wp-json\/wp\/v2\/media?parent=736"}],"wp:term":[{"taxonomy":"category","embeddable":true,"href":"https:\/\/www.anovapeneira.gal\/index.php\/wp-json\/wp\/v2\/categories?post=736"},{"taxonomy":"post_tag","embeddable":true,"href":"https:\/\/www.anovapeneira.gal\/index.php\/wp-json\/wp\/v2\/tags?post=736"}],"curies":[{"name":"wp","href":"https:\/\/api.w.org\/{rel}","templated":true}]}}