{"id":7360,"date":"2022-04-25T09:50:57","date_gmt":"2022-04-25T07:50:57","guid":{"rendered":"https:\/\/www.anovapeneira.gal\/?p=7360"},"modified":"2022-04-25T09:50:58","modified_gmt":"2022-04-25T07:50:58","slug":"fernando-sanchez-alvarez-bo-e-xeneroso-in-memoriam","status":"publish","type":"post","link":"https:\/\/www.anovapeneira.gal\/index.php\/2022\/04\/25\/fernando-sanchez-alvarez-bo-e-xeneroso-in-memoriam\/","title":{"rendered":"Fernando S\u00e1nchez \u00c1lvarez, bo e xeneroso, In Memoriam"},"content":{"rendered":"\n<pre class=\"wp-block-verse\">Tino Lago<\/pre>\n\n\n\n<p>Poucos d\u00edas antes de que esta edici\u00f3n de A Nova Peneira vise a luz, apagouse para sempre a luz do cami\u00f1o de Fernando. El era o propietario de S\u00e1nchez \u00c1lvarez unha importante empresa da nosa comarca con m\u00e1is de 40 anos de experiencia no seu sector. E tam\u00e9n era un home que posu\u00eda infinitas doses de bondade e xenerosidade. Fernando era unha persoa dunha educaci\u00f3n exquisita, amigo dos seus amigos, aos que profesaba unha lealdade a proba de calquera treboada que puidera acontecer no dif\u00edcil cami\u00f1o da vida, e un conversador excelente ao que lle encantaba gozar da vida con intensidade. Cando o pasado d\u00eda 20 souben da s\u00faa morte unha profunda sensaci\u00f3n de tristura invadiu o meu coraz\u00f3n, al\u00e9n da necesidade de expresarlle o meu p\u00e9same e o meu afecto a toda a s\u00faa familia e a todas as persoas que o quer\u00edan.<\/p>\n\n\n\n<p>Ata sempre Fernando, foi un pracer compartir contigo un treito da viaxe da vida. En A Nova Peneira nunca imos esquecer a t\u00faa xenerosidade e sempre haber\u00e1 un oco nas nosas p\u00e1xinas e nos nosos coraz\u00f3ns para ti.<\/p>\n\n\n\n<p>Que a terra sexa luz para ti, Fernando.<\/p>\n\n\n\n<p>PS:O ex concelleiro Jes\u00fas Crespo p\u00faxose en contacto con n\u00f3s e manifestounos o seu profundo pesar pola morte de Fernando, al\u00e9n do seu desexo de expresar a s\u00faa gratitude e reco\u00f1ecemento pola inmensa xenerosidade que Fernando sempre amosou coa parroquia de Cesantes.<\/p>\n","protected":false},"excerpt":{"rendered":"<div class=\"mh-excerpt\"><p>Poucos d\u00edas antes de que esta edici\u00f3n de A Nova Peneira vise a luz, apagouse para sempre a luz do cami\u00f1o de Fernando. El era o propietario de S\u00e1nchez \u00c1lvarez unha importante empresa da nosa comarca con m\u00e1is de 40 anos de experiencia no seu sector <a class=\"mh-excerpt-more\" href=\"https:\/\/www.anovapeneira.gal\/index.php\/2022\/04\/25\/fernando-sanchez-alvarez-bo-e-xeneroso-in-memoriam\/\" title=\"Fernando S\u00e1nchez \u00c1lvarez, bo e xeneroso, In Memoriam\">[&#8230;]<\/a><\/p>\n<\/div>","protected":false},"author":2,"featured_media":7361,"comment_status":"open","ping_status":"open","sticky":false,"template":"","format":"standard","meta":{"_exactmetrics_skip_tracking":false,"_exactmetrics_sitenote_active":false,"_exactmetrics_sitenote_note":"","_exactmetrics_sitenote_category":0,"footnotes":""},"categories":[61],"tags":[],"class_list":{"0":"post-7360","1":"post","2":"type-post","3":"status-publish","4":"format-standard","5":"has-post-thumbnail","7":"category-artigo-editorial"},"yoast_head":"<!-- This site is optimized with the Yoast SEO plugin v27.4 - https:\/\/yoast.com\/product\/yoast-seo-wordpress\/ -->\n<title>Fernando S\u00e1nchez \u00c1lvarez, bo e xeneroso, In Memoriam -<\/title>\n<meta name=\"description\" content=\"Poucos d\u00edas antes de que esta edici\u00f3n de A Nova Peneira vise a luz, apagouse para sempre a luz do cami\u00f1o de Fernando. El era o propietario de S\u00e1nchez \u00c1lvarez unha importante empresa da nosa comarca con m\u00e1is de 40 anos de experiencia no seu sector\" \/>\n<meta name=\"robots\" content=\"index, follow, max-snippet:-1, max-image-preview:large, max-video-preview:-1\" \/>\n<link rel=\"canonical\" href=\"https:\/\/www.anovapeneira.gal\/index.php\/2022\/04\/25\/fernando-sanchez-alvarez-bo-e-xeneroso-in-memoriam\/\" \/>\n<meta property=\"og:locale\" content=\"gl_ES\" \/>\n<meta property=\"og:type\" content=\"article\" \/>\n<meta property=\"og:title\" content=\"Fernando S\u00e1nchez \u00c1lvarez, bo e xeneroso, In Memoriam -\" \/>\n<meta property=\"og:description\" content=\"Poucos d\u00edas antes de que esta edici\u00f3n de A Nova Peneira vise a luz, apagouse para sempre a luz do cami\u00f1o de Fernando. El era o propietario de S\u00e1nchez \u00c1lvarez unha importante empresa da nosa comarca con m\u00e1is de 40 anos de experiencia no seu sector\" \/>\n<meta property=\"og:url\" content=\"https:\/\/www.anovapeneira.gal\/index.php\/2022\/04\/25\/fernando-sanchez-alvarez-bo-e-xeneroso-in-memoriam\/\" \/>\n<meta property=\"article:publisher\" content=\"https:\/\/www.facebook.com\/anovapeneira\" \/>\n<meta property=\"article:published_time\" content=\"2022-04-25T07:50:57+00:00\" \/>\n<meta property=\"article:modified_time\" content=\"2022-04-25T07:50:58+00:00\" \/>\n<meta property=\"og:image\" content=\"https:\/\/www.anovapeneira.gal\/wp-content\/uploads\/2022\/04\/necroloxica.jpg\" \/>\n\t<meta property=\"og:image:width\" content=\"720\" \/>\n\t<meta property=\"og:image:height\" content=\"432\" \/>\n\t<meta property=\"og:image:type\" content=\"image\/jpeg\" \/>\n<meta name=\"author\" content=\"Tino Lago\" \/>\n<meta name=\"twitter:card\" content=\"summary_large_image\" \/>\n<meta name=\"twitter:creator\" content=\"@APeneira\" \/>\n<meta name=\"twitter:site\" content=\"@APeneira\" \/>\n<meta name=\"twitter:label1\" content=\"Escrito por\" \/>\n\t<meta name=\"twitter:data1\" content=\"Tino Lago\" \/>\n\t<meta name=\"twitter:label2\" content=\"Tempo de lectura\" \/>\n\t<meta name=\"twitter:data2\" content=\"2 minutos\" \/>\n<script type=\"application\/ld+json\" class=\"yoast-schema-graph\">{\"@context\":\"https:\\\/\\\/schema.org\",\"@graph\":[{\"@type\":\"Article\",\"@id\":\"https:\\\/\\\/www.anovapeneira.gal\\\/index.php\\\/2022\\\/04\\\/25\\\/fernando-sanchez-alvarez-bo-e-xeneroso-in-memoriam\\\/#article\",\"isPartOf\":{\"@id\":\"https:\\\/\\\/www.anovapeneira.gal\\\/index.php\\\/2022\\\/04\\\/25\\\/fernando-sanchez-alvarez-bo-e-xeneroso-in-memoriam\\\/\"},\"author\":{\"name\":\"Tino Lago\",\"@id\":\"https:\\\/\\\/www.anovapeneira.gal\\\/#\\\/schema\\\/person\\\/424dfe65e3070fd8a44d22d2c088762a\"},\"headline\":\"Fernando S\u00e1nchez \u00c1lvarez, bo e xeneroso, In Memoriam\",\"datePublished\":\"2022-04-25T07:50:57+00:00\",\"dateModified\":\"2022-04-25T07:50:58+00:00\",\"mainEntityOfPage\":{\"@id\":\"https:\\\/\\\/www.anovapeneira.gal\\\/index.php\\\/2022\\\/04\\\/25\\\/fernando-sanchez-alvarez-bo-e-xeneroso-in-memoriam\\\/\"},\"wordCount\":267,\"commentCount\":0,\"publisher\":{\"@id\":\"https:\\\/\\\/www.anovapeneira.gal\\\/#organization\"},\"image\":{\"@id\":\"https:\\\/\\\/www.anovapeneira.gal\\\/index.php\\\/2022\\\/04\\\/25\\\/fernando-sanchez-alvarez-bo-e-xeneroso-in-memoriam\\\/#primaryimage\"},\"thumbnailUrl\":\"https:\\\/\\\/www.anovapeneira.gal\\\/wp-content\\\/uploads\\\/2022\\\/04\\\/necroloxica.jpg\",\"articleSection\":[\"Artigo editorial\"],\"inLanguage\":\"gl-ES\",\"potentialAction\":[{\"@type\":\"CommentAction\",\"name\":\"Comment\",\"target\":[\"https:\\\/\\\/www.anovapeneira.gal\\\/index.php\\\/2022\\\/04\\\/25\\\/fernando-sanchez-alvarez-bo-e-xeneroso-in-memoriam\\\/#respond\"]}]},{\"@type\":\"WebPage\",\"@id\":\"https:\\\/\\\/www.anovapeneira.gal\\\/index.php\\\/2022\\\/04\\\/25\\\/fernando-sanchez-alvarez-bo-e-xeneroso-in-memoriam\\\/\",\"url\":\"https:\\\/\\\/www.anovapeneira.gal\\\/index.php\\\/2022\\\/04\\\/25\\\/fernando-sanchez-alvarez-bo-e-xeneroso-in-memoriam\\\/\",\"name\":\"Fernando S\u00e1nchez \u00c1lvarez, bo e xeneroso, In Memoriam -\",\"isPartOf\":{\"@id\":\"https:\\\/\\\/www.anovapeneira.gal\\\/#website\"},\"primaryImageOfPage\":{\"@id\":\"https:\\\/\\\/www.anovapeneira.gal\\\/index.php\\\/2022\\\/04\\\/25\\\/fernando-sanchez-alvarez-bo-e-xeneroso-in-memoriam\\\/#primaryimage\"},\"image\":{\"@id\":\"https:\\\/\\\/www.anovapeneira.gal\\\/index.php\\\/2022\\\/04\\\/25\\\/fernando-sanchez-alvarez-bo-e-xeneroso-in-memoriam\\\/#primaryimage\"},\"thumbnailUrl\":\"https:\\\/\\\/www.anovapeneira.gal\\\/wp-content\\\/uploads\\\/2022\\\/04\\\/necroloxica.jpg\",\"datePublished\":\"2022-04-25T07:50:57+00:00\",\"dateModified\":\"2022-04-25T07:50:58+00:00\",\"description\":\"Poucos d\u00edas antes de que esta edici\u00f3n de A Nova Peneira vise a luz, apagouse para sempre a luz do cami\u00f1o de Fernando. El era o propietario de S\u00e1nchez \u00c1lvarez unha importante empresa da nosa comarca con m\u00e1is de 40 anos de experiencia no seu sector\",\"breadcrumb\":{\"@id\":\"https:\\\/\\\/www.anovapeneira.gal\\\/index.php\\\/2022\\\/04\\\/25\\\/fernando-sanchez-alvarez-bo-e-xeneroso-in-memoriam\\\/#breadcrumb\"},\"inLanguage\":\"gl-ES\",\"potentialAction\":[{\"@type\":\"ReadAction\",\"target\":[\"https:\\\/\\\/www.anovapeneira.gal\\\/index.php\\\/2022\\\/04\\\/25\\\/fernando-sanchez-alvarez-bo-e-xeneroso-in-memoriam\\\/\"]}]},{\"@type\":\"ImageObject\",\"inLanguage\":\"gl-ES\",\"@id\":\"https:\\\/\\\/www.anovapeneira.gal\\\/index.php\\\/2022\\\/04\\\/25\\\/fernando-sanchez-alvarez-bo-e-xeneroso-in-memoriam\\\/#primaryimage\",\"url\":\"https:\\\/\\\/www.anovapeneira.gal\\\/wp-content\\\/uploads\\\/2022\\\/04\\\/necroloxica.jpg\",\"contentUrl\":\"https:\\\/\\\/www.anovapeneira.gal\\\/wp-content\\\/uploads\\\/2022\\\/04\\\/necroloxica.jpg\",\"width\":720,\"height\":432,\"caption\":\"Fernando S\u00e1nchez \u00c1lvarez\"},{\"@type\":\"BreadcrumbList\",\"@id\":\"https:\\\/\\\/www.anovapeneira.gal\\\/index.php\\\/2022\\\/04\\\/25\\\/fernando-sanchez-alvarez-bo-e-xeneroso-in-memoriam\\\/#breadcrumb\",\"itemListElement\":[{\"@type\":\"ListItem\",\"position\":1,\"name\":\"Portada\",\"item\":\"https:\\\/\\\/www.anovapeneira.gal\\\/\"},{\"@type\":\"ListItem\",\"position\":2,\"name\":\"Fernando S\u00e1nchez \u00c1lvarez, bo e xeneroso, In Memoriam\"}]},{\"@type\":\"WebSite\",\"@id\":\"https:\\\/\\\/www.anovapeneira.gal\\\/#website\",\"url\":\"https:\\\/\\\/www.anovapeneira.gal\\\/\",\"name\":\"\",\"description\":\"Xornal galego de informaci\u00f3n xeral Publicaci\u00f3n mensual de novas de Galicia e en especial dos Concellos da sur da provincia de Pontevedra.\",\"publisher\":{\"@id\":\"https:\\\/\\\/www.anovapeneira.gal\\\/#organization\"},\"potentialAction\":[{\"@type\":\"SearchAction\",\"target\":{\"@type\":\"EntryPoint\",\"urlTemplate\":\"https:\\\/\\\/www.anovapeneira.gal\\\/?s={search_term_string}\"},\"query-input\":{\"@type\":\"PropertyValueSpecification\",\"valueRequired\":true,\"valueName\":\"search_term_string\"}}],\"inLanguage\":\"gl-ES\"},{\"@type\":\"Organization\",\"@id\":\"https:\\\/\\\/www.anovapeneira.gal\\\/#organization\",\"name\":\"A Nova Peneira\",\"url\":\"https:\\\/\\\/www.anovapeneira.gal\\\/\",\"logo\":{\"@type\":\"ImageObject\",\"inLanguage\":\"gl-ES\",\"@id\":\"https:\\\/\\\/www.anovapeneira.gal\\\/#\\\/schema\\\/logo\\\/image\\\/\",\"url\":\"http:\\\/\\\/www.anovapeneira.gal\\\/wp-content\\\/uploads\\\/2019\\\/06\\\/logo_a_nova_peneira_portal_web.png\",\"contentUrl\":\"http:\\\/\\\/www.anovapeneira.gal\\\/wp-content\\\/uploads\\\/2019\\\/06\\\/logo_a_nova_peneira_portal_web.png\",\"width\":300,\"height\":100,\"caption\":\"A Nova Peneira\"},\"image\":{\"@id\":\"https:\\\/\\\/www.anovapeneira.gal\\\/#\\\/schema\\\/logo\\\/image\\\/\"},\"sameAs\":[\"https:\\\/\\\/www.facebook.com\\\/anovapeneira\",\"https:\\\/\\\/x.com\\\/APeneira\"]},{\"@type\":\"Person\",\"@id\":\"https:\\\/\\\/www.anovapeneira.gal\\\/#\\\/schema\\\/person\\\/424dfe65e3070fd8a44d22d2c088762a\",\"name\":\"Tino Lago\",\"image\":{\"@type\":\"ImageObject\",\"inLanguage\":\"gl-ES\",\"@id\":\"https:\\\/\\\/secure.gravatar.com\\\/avatar\\\/b3df6a06e44bab3111583b90f0f33a0379ee5e3d22cbadd232d39f21c30c62be?s=96&d=mm&r=g\",\"url\":\"https:\\\/\\\/secure.gravatar.com\\\/avatar\\\/b3df6a06e44bab3111583b90f0f33a0379ee5e3d22cbadd232d39f21c30c62be?s=96&d=mm&r=g\",\"contentUrl\":\"https:\\\/\\\/secure.gravatar.com\\\/avatar\\\/b3df6a06e44bab3111583b90f0f33a0379ee5e3d22cbadd232d39f21c30c62be?s=96&d=mm&r=g\",\"caption\":\"Tino Lago\"},\"sameAs\":[\"http:\\\/\\\/www.anovapeneira.gal\"],\"url\":\"https:\\\/\\\/www.anovapeneira.gal\\\/index.php\\\/author\\\/director\\\/\"}]}<\/script>\n<!-- \/ Yoast SEO plugin. -->","yoast_head_json":{"title":"Fernando S\u00e1nchez \u00c1lvarez, bo e xeneroso, In Memoriam -","description":"Poucos d\u00edas antes de que esta edici\u00f3n de A Nova Peneira vise a luz, apagouse para sempre a luz do cami\u00f1o de Fernando. El era o propietario de S\u00e1nchez \u00c1lvarez unha importante empresa da nosa comarca con m\u00e1is de 40 anos de experiencia no seu sector","robots":{"index":"index","follow":"follow","max-snippet":"max-snippet:-1","max-image-preview":"max-image-preview:large","max-video-preview":"max-video-preview:-1"},"canonical":"https:\/\/www.anovapeneira.gal\/index.php\/2022\/04\/25\/fernando-sanchez-alvarez-bo-e-xeneroso-in-memoriam\/","og_locale":"gl_ES","og_type":"article","og_title":"Fernando S\u00e1nchez \u00c1lvarez, bo e xeneroso, In Memoriam -","og_description":"Poucos d\u00edas antes de que esta edici\u00f3n de A Nova Peneira vise a luz, apagouse para sempre a luz do cami\u00f1o de Fernando. El era o propietario de S\u00e1nchez \u00c1lvarez unha importante empresa da nosa comarca con m\u00e1is de 40 anos de experiencia no seu sector","og_url":"https:\/\/www.anovapeneira.gal\/index.php\/2022\/04\/25\/fernando-sanchez-alvarez-bo-e-xeneroso-in-memoriam\/","article_publisher":"https:\/\/www.facebook.com\/anovapeneira","article_published_time":"2022-04-25T07:50:57+00:00","article_modified_time":"2022-04-25T07:50:58+00:00","og_image":[{"width":720,"height":432,"url":"https:\/\/www.anovapeneira.gal\/wp-content\/uploads\/2022\/04\/necroloxica.jpg","type":"image\/jpeg"}],"author":"Tino Lago","twitter_card":"summary_large_image","twitter_creator":"@APeneira","twitter_site":"@APeneira","twitter_misc":{"Escrito por":"Tino Lago","Tempo de lectura":"2 minutos"},"schema":{"@context":"https:\/\/schema.org","@graph":[{"@type":"Article","@id":"https:\/\/www.anovapeneira.gal\/index.php\/2022\/04\/25\/fernando-sanchez-alvarez-bo-e-xeneroso-in-memoriam\/#article","isPartOf":{"@id":"https:\/\/www.anovapeneira.gal\/index.php\/2022\/04\/25\/fernando-sanchez-alvarez-bo-e-xeneroso-in-memoriam\/"},"author":{"name":"Tino Lago","@id":"https:\/\/www.anovapeneira.gal\/#\/schema\/person\/424dfe65e3070fd8a44d22d2c088762a"},"headline":"Fernando S\u00e1nchez \u00c1lvarez, bo e xeneroso, In Memoriam","datePublished":"2022-04-25T07:50:57+00:00","dateModified":"2022-04-25T07:50:58+00:00","mainEntityOfPage":{"@id":"https:\/\/www.anovapeneira.gal\/index.php\/2022\/04\/25\/fernando-sanchez-alvarez-bo-e-xeneroso-in-memoriam\/"},"wordCount":267,"commentCount":0,"publisher":{"@id":"https:\/\/www.anovapeneira.gal\/#organization"},"image":{"@id":"https:\/\/www.anovapeneira.gal\/index.php\/2022\/04\/25\/fernando-sanchez-alvarez-bo-e-xeneroso-in-memoriam\/#primaryimage"},"thumbnailUrl":"https:\/\/www.anovapeneira.gal\/wp-content\/uploads\/2022\/04\/necroloxica.jpg","articleSection":["Artigo editorial"],"inLanguage":"gl-ES","potentialAction":[{"@type":"CommentAction","name":"Comment","target":["https:\/\/www.anovapeneira.gal\/index.php\/2022\/04\/25\/fernando-sanchez-alvarez-bo-e-xeneroso-in-memoriam\/#respond"]}]},{"@type":"WebPage","@id":"https:\/\/www.anovapeneira.gal\/index.php\/2022\/04\/25\/fernando-sanchez-alvarez-bo-e-xeneroso-in-memoriam\/","url":"https:\/\/www.anovapeneira.gal\/index.php\/2022\/04\/25\/fernando-sanchez-alvarez-bo-e-xeneroso-in-memoriam\/","name":"Fernando S\u00e1nchez \u00c1lvarez, bo e xeneroso, In Memoriam -","isPartOf":{"@id":"https:\/\/www.anovapeneira.gal\/#website"},"primaryImageOfPage":{"@id":"https:\/\/www.anovapeneira.gal\/index.php\/2022\/04\/25\/fernando-sanchez-alvarez-bo-e-xeneroso-in-memoriam\/#primaryimage"},"image":{"@id":"https:\/\/www.anovapeneira.gal\/index.php\/2022\/04\/25\/fernando-sanchez-alvarez-bo-e-xeneroso-in-memoriam\/#primaryimage"},"thumbnailUrl":"https:\/\/www.anovapeneira.gal\/wp-content\/uploads\/2022\/04\/necroloxica.jpg","datePublished":"2022-04-25T07:50:57+00:00","dateModified":"2022-04-25T07:50:58+00:00","description":"Poucos d\u00edas antes de que esta edici\u00f3n de A Nova Peneira vise a luz, apagouse para sempre a luz do cami\u00f1o de Fernando. El era o propietario de S\u00e1nchez \u00c1lvarez unha importante empresa da nosa comarca con m\u00e1is de 40 anos de experiencia no seu sector","breadcrumb":{"@id":"https:\/\/www.anovapeneira.gal\/index.php\/2022\/04\/25\/fernando-sanchez-alvarez-bo-e-xeneroso-in-memoriam\/#breadcrumb"},"inLanguage":"gl-ES","potentialAction":[{"@type":"ReadAction","target":["https:\/\/www.anovapeneira.gal\/index.php\/2022\/04\/25\/fernando-sanchez-alvarez-bo-e-xeneroso-in-memoriam\/"]}]},{"@type":"ImageObject","inLanguage":"gl-ES","@id":"https:\/\/www.anovapeneira.gal\/index.php\/2022\/04\/25\/fernando-sanchez-alvarez-bo-e-xeneroso-in-memoriam\/#primaryimage","url":"https:\/\/www.anovapeneira.gal\/wp-content\/uploads\/2022\/04\/necroloxica.jpg","contentUrl":"https:\/\/www.anovapeneira.gal\/wp-content\/uploads\/2022\/04\/necroloxica.jpg","width":720,"height":432,"caption":"Fernando S\u00e1nchez \u00c1lvarez"},{"@type":"BreadcrumbList","@id":"https:\/\/www.anovapeneira.gal\/index.php\/2022\/04\/25\/fernando-sanchez-alvarez-bo-e-xeneroso-in-memoriam\/#breadcrumb","itemListElement":[{"@type":"ListItem","position":1,"name":"Portada","item":"https:\/\/www.anovapeneira.gal\/"},{"@type":"ListItem","position":2,"name":"Fernando S\u00e1nchez \u00c1lvarez, bo e xeneroso, In Memoriam"}]},{"@type":"WebSite","@id":"https:\/\/www.anovapeneira.gal\/#website","url":"https:\/\/www.anovapeneira.gal\/","name":"","description":"Xornal galego de informaci\u00f3n xeral Publicaci\u00f3n mensual de novas de Galicia e en especial dos Concellos da sur da provincia de Pontevedra.","publisher":{"@id":"https:\/\/www.anovapeneira.gal\/#organization"},"potentialAction":[{"@type":"SearchAction","target":{"@type":"EntryPoint","urlTemplate":"https:\/\/www.anovapeneira.gal\/?s={search_term_string}"},"query-input":{"@type":"PropertyValueSpecification","valueRequired":true,"valueName":"search_term_string"}}],"inLanguage":"gl-ES"},{"@type":"Organization","@id":"https:\/\/www.anovapeneira.gal\/#organization","name":"A Nova Peneira","url":"https:\/\/www.anovapeneira.gal\/","logo":{"@type":"ImageObject","inLanguage":"gl-ES","@id":"https:\/\/www.anovapeneira.gal\/#\/schema\/logo\/image\/","url":"http:\/\/www.anovapeneira.gal\/wp-content\/uploads\/2019\/06\/logo_a_nova_peneira_portal_web.png","contentUrl":"http:\/\/www.anovapeneira.gal\/wp-content\/uploads\/2019\/06\/logo_a_nova_peneira_portal_web.png","width":300,"height":100,"caption":"A Nova Peneira"},"image":{"@id":"https:\/\/www.anovapeneira.gal\/#\/schema\/logo\/image\/"},"sameAs":["https:\/\/www.facebook.com\/anovapeneira","https:\/\/x.com\/APeneira"]},{"@type":"Person","@id":"https:\/\/www.anovapeneira.gal\/#\/schema\/person\/424dfe65e3070fd8a44d22d2c088762a","name":"Tino Lago","image":{"@type":"ImageObject","inLanguage":"gl-ES","@id":"https:\/\/secure.gravatar.com\/avatar\/b3df6a06e44bab3111583b90f0f33a0379ee5e3d22cbadd232d39f21c30c62be?s=96&d=mm&r=g","url":"https:\/\/secure.gravatar.com\/avatar\/b3df6a06e44bab3111583b90f0f33a0379ee5e3d22cbadd232d39f21c30c62be?s=96&d=mm&r=g","contentUrl":"https:\/\/secure.gravatar.com\/avatar\/b3df6a06e44bab3111583b90f0f33a0379ee5e3d22cbadd232d39f21c30c62be?s=96&d=mm&r=g","caption":"Tino Lago"},"sameAs":["http:\/\/www.anovapeneira.gal"],"url":"https:\/\/www.anovapeneira.gal\/index.php\/author\/director\/"}]}},"jetpack_featured_media_url":"https:\/\/www.anovapeneira.gal\/wp-content\/uploads\/2022\/04\/necroloxica.jpg","_links":{"self":[{"href":"https:\/\/www.anovapeneira.gal\/index.php\/wp-json\/wp\/v2\/posts\/7360","targetHints":{"allow":["GET"]}}],"collection":[{"href":"https:\/\/www.anovapeneira.gal\/index.php\/wp-json\/wp\/v2\/posts"}],"about":[{"href":"https:\/\/www.anovapeneira.gal\/index.php\/wp-json\/wp\/v2\/types\/post"}],"author":[{"embeddable":true,"href":"https:\/\/www.anovapeneira.gal\/index.php\/wp-json\/wp\/v2\/users\/2"}],"replies":[{"embeddable":true,"href":"https:\/\/www.anovapeneira.gal\/index.php\/wp-json\/wp\/v2\/comments?post=7360"}],"version-history":[{"count":1,"href":"https:\/\/www.anovapeneira.gal\/index.php\/wp-json\/wp\/v2\/posts\/7360\/revisions"}],"predecessor-version":[{"id":7362,"href":"https:\/\/www.anovapeneira.gal\/index.php\/wp-json\/wp\/v2\/posts\/7360\/revisions\/7362"}],"wp:featuredmedia":[{"embeddable":true,"href":"https:\/\/www.anovapeneira.gal\/index.php\/wp-json\/wp\/v2\/media\/7361"}],"wp:attachment":[{"href":"https:\/\/www.anovapeneira.gal\/index.php\/wp-json\/wp\/v2\/media?parent=7360"}],"wp:term":[{"taxonomy":"category","embeddable":true,"href":"https:\/\/www.anovapeneira.gal\/index.php\/wp-json\/wp\/v2\/categories?post=7360"},{"taxonomy":"post_tag","embeddable":true,"href":"https:\/\/www.anovapeneira.gal\/index.php\/wp-json\/wp\/v2\/tags?post=7360"}],"curies":[{"name":"wp","href":"https:\/\/api.w.org\/{rel}","templated":true}]}}