{"id":7372,"date":"2022-04-28T12:00:19","date_gmt":"2022-04-28T10:00:19","guid":{"rendered":"https:\/\/www.anovapeneira.gal\/?p=7372"},"modified":"2022-04-26T11:33:36","modified_gmt":"2022-04-26T09:33:36","slug":"a-cig-industria-de-vigo-faise-cos-5-representantes-no-comite-de-empresa-do-cetec-centro-tecnoloxico-do-grupo-copo","status":"publish","type":"post","link":"https:\/\/www.anovapeneira.gal\/index.php\/2022\/04\/28\/a-cig-industria-de-vigo-faise-cos-5-representantes-no-comite-de-empresa-do-cetec-centro-tecnoloxico-do-grupo-copo\/","title":{"rendered":"A CIG-Industria de Vigo faise cos 5 representantes no comit\u00e9 de empresa do CETEC, centro tecnol\u00f3xico do Grupo Copo"},"content":{"rendered":"\n<h2 class=\"wp-block-heading\">A central sindical foi a \u00fanica organizaci\u00f3n que logrou presentar candidatura<\/h2>\n\n\n\n<p><strong>Vigo, 22 de abril de 2022.<\/strong><\/p>\n\n\n\n<p>A federaci\u00f3n de Industria da CIG de Vigo f\u00edxose cos cinco delegados\/as que se escoll\u00edan no comit\u00e9 de empresa do CETEC, centro tecnol\u00f3xico do Grupo Copo, nas elecci\u00f3ns sindicais que se ve\u00f1en de celebrar na compa\u00f1\u00eda con sede en Mos. A central sindical foi a \u00fanica organizaci\u00f3n que logrou presentar candidatura ao proceso.<\/p>\n\n\n\n<p>Do total de 76 traballadores\/as da empresa, participaron no proceso 58. Entre o persoal t\u00e9cnico e administrativo emit\u00edronse 20 (19 a favor e 1 en branco), escoll\u00e9ndose dous representantes. Entre os especialistas contabiliz\u00e1ronse 38 votos (36 a favor e 2 en branco), escoll\u00e9ndose tres representantes. Nas anteriores elecci\u00f3ns sindicais a CIG xa obtivera os tres delegados\/as de persoal que se escoll\u00edan, pero nesta ocasi\u00f3n pasouse a comit\u00e9 de empresa ao superarse os 50 traballadores\/as.<\/p>\n\n\n\n<p>Dende a CIG de Vigo valoran o feito de que o resultado obtido pola candidatura da CIG \u00e9 froito do intenso traballo sindical desenvolvido nos \u00faltimos anos pola representaci\u00f3n da central sindical no CETEC, inclu\u00edndo convocatoria de folgas e mobilizaci\u00f3ns para rexeitar o despedimento de varios\/as empregados\/as.<\/p>\n\n\n\n<p>Ao mesmo tempo, os delegados\/as da CIG na empresa de I+D+i do Grupo Copo, dedicado ao sector da automoci\u00f3n, adiantan a s\u00faa disposici\u00f3n a seguir loitando na defensa dos dereitos laborais e sociais do conxunto do cadro de persoal do CETEC.<\/p>\n","protected":false},"excerpt":{"rendered":"<div class=\"mh-excerpt\"><p>A federaci\u00f3n de Industria da CIG de Vigo f\u00edxose cos cinco delegados\/as que se escoll\u00edan no comit\u00e9 de empresa do CETEC, centro tecnol\u00f3xico do Grupo Copo, nas elecci\u00f3ns sindicais que se ve\u00f1en de celebrar na compa\u00f1\u00eda con sede en Mos.  <a class=\"mh-excerpt-more\" href=\"https:\/\/www.anovapeneira.gal\/index.php\/2022\/04\/28\/a-cig-industria-de-vigo-faise-cos-5-representantes-no-comite-de-empresa-do-cetec-centro-tecnoloxico-do-grupo-copo\/\" title=\"A CIG-Industria de Vigo faise cos 5 representantes no comit\u00e9 de empresa do CETEC, centro tecnol\u00f3xico do Grupo Copo\">[&#8230;]<\/a><\/p>\n<\/div>","protected":false},"author":3,"featured_media":632,"comment_status":"open","ping_status":"open","sticky":false,"template":"","format":"standard","meta":{"_exactmetrics_skip_tracking":false,"_exactmetrics_sitenote_active":false,"_exactmetrics_sitenote_note":"","_exactmetrics_sitenote_category":0,"footnotes":""},"categories":[19],"tags":[227],"class_list":{"0":"post-7372","1":"post","2":"type-post","3":"status-publish","4":"format-standard","5":"has-post-thumbnail","7":"category-vigo","8":"tag-concello-de-vigo"},"yoast_head":"<!-- This site is optimized with the Yoast SEO plugin v27.4 - https:\/\/yoast.com\/product\/yoast-seo-wordpress\/ -->\n<title>A CIG-Industria de Vigo faise cos 5 representantes no comit\u00e9 de empresa do CETEC, centro tecnol\u00f3xico do Grupo Copo -<\/title>\n<meta name=\"description\" content=\"A federaci\u00f3n de Industria da CIG de Vigo f\u00edxose cos cinco delegados\/as que se escoll\u00edan no comit\u00e9 de empresa do CETEC, centro tecnol\u00f3xico do Grupo Copo, nas elecci\u00f3ns sindicais que se ve\u00f1en de celebrar na compa\u00f1\u00eda con sede en Mos.\" \/>\n<meta name=\"robots\" content=\"index, follow, max-snippet:-1, max-image-preview:large, max-video-preview:-1\" \/>\n<link rel=\"canonical\" href=\"https:\/\/www.anovapeneira.gal\/index.php\/2022\/04\/28\/a-cig-industria-de-vigo-faise-cos-5-representantes-no-comite-de-empresa-do-cetec-centro-tecnoloxico-do-grupo-copo\/\" \/>\n<meta property=\"og:locale\" content=\"gl_ES\" \/>\n<meta property=\"og:type\" content=\"article\" \/>\n<meta property=\"og:title\" content=\"A CIG-Industria de Vigo faise cos 5 representantes no comit\u00e9 de empresa do CETEC, centro tecnol\u00f3xico do Grupo Copo -\" \/>\n<meta property=\"og:description\" content=\"A federaci\u00f3n de Industria da CIG de Vigo f\u00edxose cos cinco delegados\/as que se escoll\u00edan no comit\u00e9 de empresa do CETEC, centro tecnol\u00f3xico do Grupo Copo, nas elecci\u00f3ns sindicais que se ve\u00f1en de celebrar na compa\u00f1\u00eda con sede en Mos.\" \/>\n<meta property=\"og:url\" content=\"https:\/\/www.anovapeneira.gal\/index.php\/2022\/04\/28\/a-cig-industria-de-vigo-faise-cos-5-representantes-no-comite-de-empresa-do-cetec-centro-tecnoloxico-do-grupo-copo\/\" \/>\n<meta property=\"article:publisher\" content=\"https:\/\/www.facebook.com\/anovapeneira\" \/>\n<meta property=\"article:published_time\" content=\"2022-04-28T10:00:19+00:00\" \/>\n<meta property=\"og:image\" content=\"https:\/\/www.anovapeneira.gal\/wp-content\/uploads\/2019\/07\/CIG_a_nova_peneira.png\" \/>\n\t<meta property=\"og:image:width\" content=\"720\" \/>\n\t<meta property=\"og:image:height\" content=\"473\" \/>\n\t<meta property=\"og:image:type\" content=\"image\/png\" \/>\n<meta name=\"author\" content=\"Redacci\u00f3n A Nova Peneira\" \/>\n<meta name=\"twitter:card\" content=\"summary_large_image\" \/>\n<meta name=\"twitter:creator\" content=\"@APeneira\" \/>\n<meta name=\"twitter:site\" content=\"@APeneira\" \/>\n<meta name=\"twitter:label1\" content=\"Escrito por\" \/>\n\t<meta name=\"twitter:data1\" content=\"Redacci\u00f3n A Nova Peneira\" \/>\n\t<meta name=\"twitter:label2\" content=\"Tempo de lectura\" \/>\n\t<meta name=\"twitter:data2\" content=\"2 minutos\" \/>\n<script type=\"application\/ld+json\" class=\"yoast-schema-graph\">{\"@context\":\"https:\\\/\\\/schema.org\",\"@graph\":[{\"@type\":\"Article\",\"@id\":\"https:\\\/\\\/www.anovapeneira.gal\\\/index.php\\\/2022\\\/04\\\/28\\\/a-cig-industria-de-vigo-faise-cos-5-representantes-no-comite-de-empresa-do-cetec-centro-tecnoloxico-do-grupo-copo\\\/#article\",\"isPartOf\":{\"@id\":\"https:\\\/\\\/www.anovapeneira.gal\\\/index.php\\\/2022\\\/04\\\/28\\\/a-cig-industria-de-vigo-faise-cos-5-representantes-no-comite-de-empresa-do-cetec-centro-tecnoloxico-do-grupo-copo\\\/\"},\"author\":{\"name\":\"Redacci\u00f3n A Nova Peneira\",\"@id\":\"https:\\\/\\\/www.anovapeneira.gal\\\/#\\\/schema\\\/person\\\/b93e3f8932e3f8da96334607eb6ac6aa\"},\"headline\":\"A CIG-Industria de Vigo faise cos 5 representantes no comit\u00e9 de empresa do CETEC, centro tecnol\u00f3xico do Grupo Copo\",\"datePublished\":\"2022-04-28T10:00:19+00:00\",\"mainEntityOfPage\":{\"@id\":\"https:\\\/\\\/www.anovapeneira.gal\\\/index.php\\\/2022\\\/04\\\/28\\\/a-cig-industria-de-vigo-faise-cos-5-representantes-no-comite-de-empresa-do-cetec-centro-tecnoloxico-do-grupo-copo\\\/\"},\"wordCount\":271,\"commentCount\":0,\"publisher\":{\"@id\":\"https:\\\/\\\/www.anovapeneira.gal\\\/#organization\"},\"image\":{\"@id\":\"https:\\\/\\\/www.anovapeneira.gal\\\/index.php\\\/2022\\\/04\\\/28\\\/a-cig-industria-de-vigo-faise-cos-5-representantes-no-comite-de-empresa-do-cetec-centro-tecnoloxico-do-grupo-copo\\\/#primaryimage\"},\"thumbnailUrl\":\"https:\\\/\\\/www.anovapeneira.gal\\\/wp-content\\\/uploads\\\/2019\\\/07\\\/CIG_a_nova_peneira.png\",\"keywords\":[\"Concello de Vigo\"],\"articleSection\":[\"Vigo\"],\"inLanguage\":\"gl-ES\",\"potentialAction\":[{\"@type\":\"CommentAction\",\"name\":\"Comment\",\"target\":[\"https:\\\/\\\/www.anovapeneira.gal\\\/index.php\\\/2022\\\/04\\\/28\\\/a-cig-industria-de-vigo-faise-cos-5-representantes-no-comite-de-empresa-do-cetec-centro-tecnoloxico-do-grupo-copo\\\/#respond\"]}]},{\"@type\":\"WebPage\",\"@id\":\"https:\\\/\\\/www.anovapeneira.gal\\\/index.php\\\/2022\\\/04\\\/28\\\/a-cig-industria-de-vigo-faise-cos-5-representantes-no-comite-de-empresa-do-cetec-centro-tecnoloxico-do-grupo-copo\\\/\",\"url\":\"https:\\\/\\\/www.anovapeneira.gal\\\/index.php\\\/2022\\\/04\\\/28\\\/a-cig-industria-de-vigo-faise-cos-5-representantes-no-comite-de-empresa-do-cetec-centro-tecnoloxico-do-grupo-copo\\\/\",\"name\":\"A CIG-Industria de Vigo faise cos 5 representantes no comit\u00e9 de empresa do CETEC, centro tecnol\u00f3xico do Grupo Copo -\",\"isPartOf\":{\"@id\":\"https:\\\/\\\/www.anovapeneira.gal\\\/#website\"},\"primaryImageOfPage\":{\"@id\":\"https:\\\/\\\/www.anovapeneira.gal\\\/index.php\\\/2022\\\/04\\\/28\\\/a-cig-industria-de-vigo-faise-cos-5-representantes-no-comite-de-empresa-do-cetec-centro-tecnoloxico-do-grupo-copo\\\/#primaryimage\"},\"image\":{\"@id\":\"https:\\\/\\\/www.anovapeneira.gal\\\/index.php\\\/2022\\\/04\\\/28\\\/a-cig-industria-de-vigo-faise-cos-5-representantes-no-comite-de-empresa-do-cetec-centro-tecnoloxico-do-grupo-copo\\\/#primaryimage\"},\"thumbnailUrl\":\"https:\\\/\\\/www.anovapeneira.gal\\\/wp-content\\\/uploads\\\/2019\\\/07\\\/CIG_a_nova_peneira.png\",\"datePublished\":\"2022-04-28T10:00:19+00:00\",\"description\":\"A federaci\u00f3n de Industria da CIG de Vigo f\u00edxose cos cinco delegados\\\/as que se escoll\u00edan no comit\u00e9 de empresa do CETEC, centro tecnol\u00f3xico do Grupo Copo, nas elecci\u00f3ns sindicais que se ve\u00f1en de celebrar na compa\u00f1\u00eda con sede en Mos.\",\"breadcrumb\":{\"@id\":\"https:\\\/\\\/www.anovapeneira.gal\\\/index.php\\\/2022\\\/04\\\/28\\\/a-cig-industria-de-vigo-faise-cos-5-representantes-no-comite-de-empresa-do-cetec-centro-tecnoloxico-do-grupo-copo\\\/#breadcrumb\"},\"inLanguage\":\"gl-ES\",\"potentialAction\":[{\"@type\":\"ReadAction\",\"target\":[\"https:\\\/\\\/www.anovapeneira.gal\\\/index.php\\\/2022\\\/04\\\/28\\\/a-cig-industria-de-vigo-faise-cos-5-representantes-no-comite-de-empresa-do-cetec-centro-tecnoloxico-do-grupo-copo\\\/\"]}]},{\"@type\":\"ImageObject\",\"inLanguage\":\"gl-ES\",\"@id\":\"https:\\\/\\\/www.anovapeneira.gal\\\/index.php\\\/2022\\\/04\\\/28\\\/a-cig-industria-de-vigo-faise-cos-5-representantes-no-comite-de-empresa-do-cetec-centro-tecnoloxico-do-grupo-copo\\\/#primaryimage\",\"url\":\"https:\\\/\\\/www.anovapeneira.gal\\\/wp-content\\\/uploads\\\/2019\\\/07\\\/CIG_a_nova_peneira.png\",\"contentUrl\":\"https:\\\/\\\/www.anovapeneira.gal\\\/wp-content\\\/uploads\\\/2019\\\/07\\\/CIG_a_nova_peneira.png\",\"width\":720,\"height\":473,\"caption\":\"Confederaci\u00f3n Intersindical Galega A Nova Peneira\"},{\"@type\":\"BreadcrumbList\",\"@id\":\"https:\\\/\\\/www.anovapeneira.gal\\\/index.php\\\/2022\\\/04\\\/28\\\/a-cig-industria-de-vigo-faise-cos-5-representantes-no-comite-de-empresa-do-cetec-centro-tecnoloxico-do-grupo-copo\\\/#breadcrumb\",\"itemListElement\":[{\"@type\":\"ListItem\",\"position\":1,\"name\":\"Portada\",\"item\":\"https:\\\/\\\/www.anovapeneira.gal\\\/\"},{\"@type\":\"ListItem\",\"position\":2,\"name\":\"A CIG-Industria de Vigo faise cos 5 representantes no comit\u00e9 de empresa do CETEC, centro tecnol\u00f3xico do Grupo Copo\"}]},{\"@type\":\"WebSite\",\"@id\":\"https:\\\/\\\/www.anovapeneira.gal\\\/#website\",\"url\":\"https:\\\/\\\/www.anovapeneira.gal\\\/\",\"name\":\"\",\"description\":\"Xornal galego de informaci\u00f3n xeral Publicaci\u00f3n mensual de novas de Galicia e en especial dos Concellos da sur da provincia de Pontevedra.\",\"publisher\":{\"@id\":\"https:\\\/\\\/www.anovapeneira.gal\\\/#organization\"},\"potentialAction\":[{\"@type\":\"SearchAction\",\"target\":{\"@type\":\"EntryPoint\",\"urlTemplate\":\"https:\\\/\\\/www.anovapeneira.gal\\\/?s={search_term_string}\"},\"query-input\":{\"@type\":\"PropertyValueSpecification\",\"valueRequired\":true,\"valueName\":\"search_term_string\"}}],\"inLanguage\":\"gl-ES\"},{\"@type\":\"Organization\",\"@id\":\"https:\\\/\\\/www.anovapeneira.gal\\\/#organization\",\"name\":\"A Nova Peneira\",\"url\":\"https:\\\/\\\/www.anovapeneira.gal\\\/\",\"logo\":{\"@type\":\"ImageObject\",\"inLanguage\":\"gl-ES\",\"@id\":\"https:\\\/\\\/www.anovapeneira.gal\\\/#\\\/schema\\\/logo\\\/image\\\/\",\"url\":\"http:\\\/\\\/www.anovapeneira.gal\\\/wp-content\\\/uploads\\\/2019\\\/06\\\/logo_a_nova_peneira_portal_web.png\",\"contentUrl\":\"http:\\\/\\\/www.anovapeneira.gal\\\/wp-content\\\/uploads\\\/2019\\\/06\\\/logo_a_nova_peneira_portal_web.png\",\"width\":300,\"height\":100,\"caption\":\"A Nova Peneira\"},\"image\":{\"@id\":\"https:\\\/\\\/www.anovapeneira.gal\\\/#\\\/schema\\\/logo\\\/image\\\/\"},\"sameAs\":[\"https:\\\/\\\/www.facebook.com\\\/anovapeneira\",\"https:\\\/\\\/x.com\\\/APeneira\"]},{\"@type\":\"Person\",\"@id\":\"https:\\\/\\\/www.anovapeneira.gal\\\/#\\\/schema\\\/person\\\/b93e3f8932e3f8da96334607eb6ac6aa\",\"name\":\"Redacci\u00f3n A Nova Peneira\",\"image\":{\"@type\":\"ImageObject\",\"inLanguage\":\"gl-ES\",\"@id\":\"https:\\\/\\\/secure.gravatar.com\\\/avatar\\\/c052a2551a06e23fac63626232eaa90abd78dbcf1700fc46a2b2c89fd27b735f?s=96&d=mm&r=g\",\"url\":\"https:\\\/\\\/secure.gravatar.com\\\/avatar\\\/c052a2551a06e23fac63626232eaa90abd78dbcf1700fc46a2b2c89fd27b735f?s=96&d=mm&r=g\",\"contentUrl\":\"https:\\\/\\\/secure.gravatar.com\\\/avatar\\\/c052a2551a06e23fac63626232eaa90abd78dbcf1700fc46a2b2c89fd27b735f?s=96&d=mm&r=g\",\"caption\":\"Redacci\u00f3n A Nova Peneira\"},\"sameAs\":[\"http:\\\/\\\/www.anovapeneira.gal\\\/\"],\"url\":\"https:\\\/\\\/www.anovapeneira.gal\\\/index.php\\\/author\\\/redactor\\\/\"}]}<\/script>\n<!-- \/ Yoast SEO plugin. -->","yoast_head_json":{"title":"A CIG-Industria de Vigo faise cos 5 representantes no comit\u00e9 de empresa do CETEC, centro tecnol\u00f3xico do Grupo Copo -","description":"A federaci\u00f3n de Industria da CIG de Vigo f\u00edxose cos cinco delegados\/as que se escoll\u00edan no comit\u00e9 de empresa do CETEC, centro tecnol\u00f3xico do Grupo Copo, nas elecci\u00f3ns sindicais que se ve\u00f1en de celebrar na compa\u00f1\u00eda con sede en Mos.","robots":{"index":"index","follow":"follow","max-snippet":"max-snippet:-1","max-image-preview":"max-image-preview:large","max-video-preview":"max-video-preview:-1"},"canonical":"https:\/\/www.anovapeneira.gal\/index.php\/2022\/04\/28\/a-cig-industria-de-vigo-faise-cos-5-representantes-no-comite-de-empresa-do-cetec-centro-tecnoloxico-do-grupo-copo\/","og_locale":"gl_ES","og_type":"article","og_title":"A CIG-Industria de Vigo faise cos 5 representantes no comit\u00e9 de empresa do CETEC, centro tecnol\u00f3xico do Grupo Copo -","og_description":"A federaci\u00f3n de Industria da CIG de Vigo f\u00edxose cos cinco delegados\/as que se escoll\u00edan no comit\u00e9 de empresa do CETEC, centro tecnol\u00f3xico do Grupo Copo, nas elecci\u00f3ns sindicais que se ve\u00f1en de celebrar na compa\u00f1\u00eda con sede en Mos.","og_url":"https:\/\/www.anovapeneira.gal\/index.php\/2022\/04\/28\/a-cig-industria-de-vigo-faise-cos-5-representantes-no-comite-de-empresa-do-cetec-centro-tecnoloxico-do-grupo-copo\/","article_publisher":"https:\/\/www.facebook.com\/anovapeneira","article_published_time":"2022-04-28T10:00:19+00:00","og_image":[{"width":720,"height":473,"url":"https:\/\/www.anovapeneira.gal\/wp-content\/uploads\/2019\/07\/CIG_a_nova_peneira.png","type":"image\/png"}],"author":"Redacci\u00f3n A Nova Peneira","twitter_card":"summary_large_image","twitter_creator":"@APeneira","twitter_site":"@APeneira","twitter_misc":{"Escrito por":"Redacci\u00f3n A Nova Peneira","Tempo de lectura":"2 minutos"},"schema":{"@context":"https:\/\/schema.org","@graph":[{"@type":"Article","@id":"https:\/\/www.anovapeneira.gal\/index.php\/2022\/04\/28\/a-cig-industria-de-vigo-faise-cos-5-representantes-no-comite-de-empresa-do-cetec-centro-tecnoloxico-do-grupo-copo\/#article","isPartOf":{"@id":"https:\/\/www.anovapeneira.gal\/index.php\/2022\/04\/28\/a-cig-industria-de-vigo-faise-cos-5-representantes-no-comite-de-empresa-do-cetec-centro-tecnoloxico-do-grupo-copo\/"},"author":{"name":"Redacci\u00f3n A Nova Peneira","@id":"https:\/\/www.anovapeneira.gal\/#\/schema\/person\/b93e3f8932e3f8da96334607eb6ac6aa"},"headline":"A CIG-Industria de Vigo faise cos 5 representantes no comit\u00e9 de empresa do CETEC, centro tecnol\u00f3xico do Grupo Copo","datePublished":"2022-04-28T10:00:19+00:00","mainEntityOfPage":{"@id":"https:\/\/www.anovapeneira.gal\/index.php\/2022\/04\/28\/a-cig-industria-de-vigo-faise-cos-5-representantes-no-comite-de-empresa-do-cetec-centro-tecnoloxico-do-grupo-copo\/"},"wordCount":271,"commentCount":0,"publisher":{"@id":"https:\/\/www.anovapeneira.gal\/#organization"},"image":{"@id":"https:\/\/www.anovapeneira.gal\/index.php\/2022\/04\/28\/a-cig-industria-de-vigo-faise-cos-5-representantes-no-comite-de-empresa-do-cetec-centro-tecnoloxico-do-grupo-copo\/#primaryimage"},"thumbnailUrl":"https:\/\/www.anovapeneira.gal\/wp-content\/uploads\/2019\/07\/CIG_a_nova_peneira.png","keywords":["Concello de Vigo"],"articleSection":["Vigo"],"inLanguage":"gl-ES","potentialAction":[{"@type":"CommentAction","name":"Comment","target":["https:\/\/www.anovapeneira.gal\/index.php\/2022\/04\/28\/a-cig-industria-de-vigo-faise-cos-5-representantes-no-comite-de-empresa-do-cetec-centro-tecnoloxico-do-grupo-copo\/#respond"]}]},{"@type":"WebPage","@id":"https:\/\/www.anovapeneira.gal\/index.php\/2022\/04\/28\/a-cig-industria-de-vigo-faise-cos-5-representantes-no-comite-de-empresa-do-cetec-centro-tecnoloxico-do-grupo-copo\/","url":"https:\/\/www.anovapeneira.gal\/index.php\/2022\/04\/28\/a-cig-industria-de-vigo-faise-cos-5-representantes-no-comite-de-empresa-do-cetec-centro-tecnoloxico-do-grupo-copo\/","name":"A CIG-Industria de Vigo faise cos 5 representantes no comit\u00e9 de empresa do CETEC, centro tecnol\u00f3xico do Grupo Copo -","isPartOf":{"@id":"https:\/\/www.anovapeneira.gal\/#website"},"primaryImageOfPage":{"@id":"https:\/\/www.anovapeneira.gal\/index.php\/2022\/04\/28\/a-cig-industria-de-vigo-faise-cos-5-representantes-no-comite-de-empresa-do-cetec-centro-tecnoloxico-do-grupo-copo\/#primaryimage"},"image":{"@id":"https:\/\/www.anovapeneira.gal\/index.php\/2022\/04\/28\/a-cig-industria-de-vigo-faise-cos-5-representantes-no-comite-de-empresa-do-cetec-centro-tecnoloxico-do-grupo-copo\/#primaryimage"},"thumbnailUrl":"https:\/\/www.anovapeneira.gal\/wp-content\/uploads\/2019\/07\/CIG_a_nova_peneira.png","datePublished":"2022-04-28T10:00:19+00:00","description":"A federaci\u00f3n de Industria da CIG de Vigo f\u00edxose cos cinco delegados\/as que se escoll\u00edan no comit\u00e9 de empresa do CETEC, centro tecnol\u00f3xico do Grupo Copo, nas elecci\u00f3ns sindicais que se ve\u00f1en de celebrar na compa\u00f1\u00eda con sede en Mos.","breadcrumb":{"@id":"https:\/\/www.anovapeneira.gal\/index.php\/2022\/04\/28\/a-cig-industria-de-vigo-faise-cos-5-representantes-no-comite-de-empresa-do-cetec-centro-tecnoloxico-do-grupo-copo\/#breadcrumb"},"inLanguage":"gl-ES","potentialAction":[{"@type":"ReadAction","target":["https:\/\/www.anovapeneira.gal\/index.php\/2022\/04\/28\/a-cig-industria-de-vigo-faise-cos-5-representantes-no-comite-de-empresa-do-cetec-centro-tecnoloxico-do-grupo-copo\/"]}]},{"@type":"ImageObject","inLanguage":"gl-ES","@id":"https:\/\/www.anovapeneira.gal\/index.php\/2022\/04\/28\/a-cig-industria-de-vigo-faise-cos-5-representantes-no-comite-de-empresa-do-cetec-centro-tecnoloxico-do-grupo-copo\/#primaryimage","url":"https:\/\/www.anovapeneira.gal\/wp-content\/uploads\/2019\/07\/CIG_a_nova_peneira.png","contentUrl":"https:\/\/www.anovapeneira.gal\/wp-content\/uploads\/2019\/07\/CIG_a_nova_peneira.png","width":720,"height":473,"caption":"Confederaci\u00f3n Intersindical Galega A Nova Peneira"},{"@type":"BreadcrumbList","@id":"https:\/\/www.anovapeneira.gal\/index.php\/2022\/04\/28\/a-cig-industria-de-vigo-faise-cos-5-representantes-no-comite-de-empresa-do-cetec-centro-tecnoloxico-do-grupo-copo\/#breadcrumb","itemListElement":[{"@type":"ListItem","position":1,"name":"Portada","item":"https:\/\/www.anovapeneira.gal\/"},{"@type":"ListItem","position":2,"name":"A CIG-Industria de Vigo faise cos 5 representantes no comit\u00e9 de empresa do CETEC, centro tecnol\u00f3xico do Grupo Copo"}]},{"@type":"WebSite","@id":"https:\/\/www.anovapeneira.gal\/#website","url":"https:\/\/www.anovapeneira.gal\/","name":"","description":"Xornal galego de informaci\u00f3n xeral Publicaci\u00f3n mensual de novas de Galicia e en especial dos Concellos da sur da provincia de Pontevedra.","publisher":{"@id":"https:\/\/www.anovapeneira.gal\/#organization"},"potentialAction":[{"@type":"SearchAction","target":{"@type":"EntryPoint","urlTemplate":"https:\/\/www.anovapeneira.gal\/?s={search_term_string}"},"query-input":{"@type":"PropertyValueSpecification","valueRequired":true,"valueName":"search_term_string"}}],"inLanguage":"gl-ES"},{"@type":"Organization","@id":"https:\/\/www.anovapeneira.gal\/#organization","name":"A Nova Peneira","url":"https:\/\/www.anovapeneira.gal\/","logo":{"@type":"ImageObject","inLanguage":"gl-ES","@id":"https:\/\/www.anovapeneira.gal\/#\/schema\/logo\/image\/","url":"http:\/\/www.anovapeneira.gal\/wp-content\/uploads\/2019\/06\/logo_a_nova_peneira_portal_web.png","contentUrl":"http:\/\/www.anovapeneira.gal\/wp-content\/uploads\/2019\/06\/logo_a_nova_peneira_portal_web.png","width":300,"height":100,"caption":"A Nova Peneira"},"image":{"@id":"https:\/\/www.anovapeneira.gal\/#\/schema\/logo\/image\/"},"sameAs":["https:\/\/www.facebook.com\/anovapeneira","https:\/\/x.com\/APeneira"]},{"@type":"Person","@id":"https:\/\/www.anovapeneira.gal\/#\/schema\/person\/b93e3f8932e3f8da96334607eb6ac6aa","name":"Redacci\u00f3n A Nova Peneira","image":{"@type":"ImageObject","inLanguage":"gl-ES","@id":"https:\/\/secure.gravatar.com\/avatar\/c052a2551a06e23fac63626232eaa90abd78dbcf1700fc46a2b2c89fd27b735f?s=96&d=mm&r=g","url":"https:\/\/secure.gravatar.com\/avatar\/c052a2551a06e23fac63626232eaa90abd78dbcf1700fc46a2b2c89fd27b735f?s=96&d=mm&r=g","contentUrl":"https:\/\/secure.gravatar.com\/avatar\/c052a2551a06e23fac63626232eaa90abd78dbcf1700fc46a2b2c89fd27b735f?s=96&d=mm&r=g","caption":"Redacci\u00f3n A Nova Peneira"},"sameAs":["http:\/\/www.anovapeneira.gal\/"],"url":"https:\/\/www.anovapeneira.gal\/index.php\/author\/redactor\/"}]}},"jetpack_featured_media_url":"https:\/\/www.anovapeneira.gal\/wp-content\/uploads\/2019\/07\/CIG_a_nova_peneira.png","_links":{"self":[{"href":"https:\/\/www.anovapeneira.gal\/index.php\/wp-json\/wp\/v2\/posts\/7372","targetHints":{"allow":["GET"]}}],"collection":[{"href":"https:\/\/www.anovapeneira.gal\/index.php\/wp-json\/wp\/v2\/posts"}],"about":[{"href":"https:\/\/www.anovapeneira.gal\/index.php\/wp-json\/wp\/v2\/types\/post"}],"author":[{"embeddable":true,"href":"https:\/\/www.anovapeneira.gal\/index.php\/wp-json\/wp\/v2\/users\/3"}],"replies":[{"embeddable":true,"href":"https:\/\/www.anovapeneira.gal\/index.php\/wp-json\/wp\/v2\/comments?post=7372"}],"version-history":[{"count":1,"href":"https:\/\/www.anovapeneira.gal\/index.php\/wp-json\/wp\/v2\/posts\/7372\/revisions"}],"predecessor-version":[{"id":7373,"href":"https:\/\/www.anovapeneira.gal\/index.php\/wp-json\/wp\/v2\/posts\/7372\/revisions\/7373"}],"wp:featuredmedia":[{"embeddable":true,"href":"https:\/\/www.anovapeneira.gal\/index.php\/wp-json\/wp\/v2\/media\/632"}],"wp:attachment":[{"href":"https:\/\/www.anovapeneira.gal\/index.php\/wp-json\/wp\/v2\/media?parent=7372"}],"wp:term":[{"taxonomy":"category","embeddable":true,"href":"https:\/\/www.anovapeneira.gal\/index.php\/wp-json\/wp\/v2\/categories?post=7372"},{"taxonomy":"post_tag","embeddable":true,"href":"https:\/\/www.anovapeneira.gal\/index.php\/wp-json\/wp\/v2\/tags?post=7372"}],"curies":[{"name":"wp","href":"https:\/\/api.w.org\/{rel}","templated":true}]}}