{"id":7374,"date":"2022-04-29T10:00:47","date_gmt":"2022-04-29T08:00:47","guid":{"rendered":"https:\/\/www.anovapeneira.gal\/?p=7374"},"modified":"2022-04-26T11:39:07","modified_gmt":"2022-04-26T09:39:07","slug":"aberto-o-prazo-de-solicitude-de-participacion-na-xxiv-feira-de-artesania-que-se-vai-celebrar-do-14-ao-17-de-maio","status":"publish","type":"post","link":"https:\/\/www.anovapeneira.gal\/index.php\/2022\/04\/29\/aberto-o-prazo-de-solicitude-de-participacion-na-xxiv-feira-de-artesania-que-se-vai-celebrar-do-14-ao-17-de-maio\/","title":{"rendered":"Aberto o prazo de solicitude de participaci\u00f3n na XXIV Feira de Artesan\u00eda que se vai celebrar do 14 ao 17 de maio"},"content":{"rendered":"\n<h2 class=\"wp-block-heading\">As persoas interesadas te\u00f1en at\u00e9 \u00e1s 23.59 do 1 de maio para inscribirse<\/h2>\n\n\n\n<p><em><strong>Tui. Xoves, 21 de abril de 2022<\/strong><\/em><strong>.<\/strong> <\/p>\n\n\n\n<p>Hoxe v\u00e9n de abrir o prazo para solicitar a participaci\u00f3n na XXIV Feira de Artesan\u00eda que se vai celebrar do s\u00e1bado 14 ao martes 17 de maio, na r\u00faa Ord\u00f3\u00f1ez, e nas prazas do Concello e San Fernando.<\/p>\n\n\n\n<p>A Feira est\u00e1 organizada polo Concello de Tui, contado coa colaboraci\u00f3n coa Asociaci\u00f3n Galega de Artes\u00e1ns. Tras o par\u00f3n motivado pola pandemia, ret\u00f3mase esta tradicional cita coa artesan\u00eda, coa que se busca impulsar a promoci\u00f3n comercial do sector artes\u00e1n galego e apoiar a divulgaci\u00f3n da artesan\u00eda.<\/p>\n\n\n\n<p>As persoas interesadas en participar, sexan persoas f\u00edsicas ou sociedades, legalmente constitu\u00eddos ou regularizados no r\u00e9xime de traballadores por conta propia, segundo o caso, deber\u00e1n estar en posesi\u00f3n da carta de artes\u00e1\/artes\u00e1ns. A inscrici\u00f3n est\u00e1 aberta at\u00e9 as 23.59 h do 1 de maio a trav\u00e9s do formulario dispo\u00f1ible en <a href=\"http:\/\/www.tui.gal\">www.tui.gal<\/a>. Ademais, as persoas solicitantes deber\u00e1n remitir \u00e1 organizaci\u00f3n fotograf\u00edas representativas dos seus produtos ao correo <a href=\"mailto:comercio@tui.gal\">comercio@tui.gal<\/a>. &nbsp;Est\u00e1 terminantemente prohibida a exposici\u00f3n ou venda de pezas non artesanais.<\/p>\n\n\n\n<p>Na selecci\u00f3n dos expositores ter\u00e1n prioridade as persoas artes\u00e1ns solicitantes con raz\u00f3n social no Concello de Tui e comarca e as persoas artes\u00e1ns tradicionais populares. &nbsp;Valorarase tam\u00e9n a calidade, singularidade e car\u00e1cter diferencial da produci\u00f3n, a variedade de oficios representados na feira, que o obradoiro este radicado en Galicia e a presenza dos titulares ao fronte do posto durante a feira, e o ofrecemento do realizaci\u00f3n de obradoiros para o p\u00fablico.<\/p>\n\n\n\n<p>O Concello dispor\u00e1 ata un total de 40 postos de venda que ser\u00e1n distribu\u00eddos entre a r\u00faa Ord\u00f3\u00f1ez,&nbsp; a praza de San Fernando e praza do Concello. A Feira ser\u00e1 inaugurada o s\u00e1bado 14 de maio \u00e1s 12 h e abrir\u00e1 cada xornada de 12 a 21 h. De forma paralela \u00e1 actividade de exposici\u00f3n e venda a organizaci\u00f3n est\u00e1 a dese\u00f1ar un programa que incluir\u00e1 actividades musicais, obradoiros, demostraci\u00f3ns en directo, e actividades infant\u00eds. Amais a celebraci\u00f3n deste evento coincidir\u00e1 coa celebraci\u00f3n do D\u00eda das Letras Galegas e a Feira do Libro Galego en Tui.<\/p>\n\n\n\n<p>As persoas interesadas poden solicitar informaci\u00f3n complementaria a trav\u00e9s da direcci\u00f3n electr\u00f3nica <a href=\"mailto:comercio@tui.gal\">comercio@tui.gal<\/a>.<\/p>\n\n\n\n<p><a href=\"https:\/\/forms.gle\/xJaNgwDzYSVQnF6x9\"><em><strong>FORMULARIO DE INSCRICI\u00d3N<\/strong><\/em><\/a><\/p>\n","protected":false},"excerpt":{"rendered":"<div class=\"mh-excerpt\"><p>As persoas interesadas te\u00f1en at\u00e9 \u00e1s 23.59 do 1 de maio para inscribirse <a class=\"mh-excerpt-more\" href=\"https:\/\/www.anovapeneira.gal\/index.php\/2022\/04\/29\/aberto-o-prazo-de-solicitude-de-participacion-na-xxiv-feira-de-artesania-que-se-vai-celebrar-do-14-ao-17-de-maio\/\" title=\"Aberto o prazo de solicitude de participaci\u00f3n na XXIV Feira de Artesan\u00eda que se vai celebrar do 14 ao 17 de maio\">[&#8230;]<\/a><\/p>\n<\/div>","protected":false},"author":3,"featured_media":7376,"comment_status":"open","ping_status":"open","sticky":false,"template":"","format":"standard","meta":{"_exactmetrics_skip_tracking":false,"_exactmetrics_sitenote_active":false,"_exactmetrics_sitenote_note":"","_exactmetrics_sitenote_category":0,"footnotes":""},"categories":[21],"tags":[426],"class_list":{"0":"post-7374","1":"post","2":"type-post","3":"status-publish","4":"format-standard","5":"has-post-thumbnail","7":"category-baixo-mino","8":"tag-concello-de-tui"},"yoast_head":"<!-- This site is optimized with the Yoast SEO plugin v27.4 - https:\/\/yoast.com\/product\/yoast-seo-wordpress\/ -->\n<title>Aberto o prazo de solicitude de participaci\u00f3n na XXIV Feira de Artesan\u00eda que se vai celebrar do 14 ao 17 de maio -<\/title>\n<meta name=\"description\" content=\"As persoas interesadas te\u00f1en at\u00e9 \u00e1s 23.59 do 1 de maio para inscribirse\" \/>\n<meta name=\"robots\" content=\"index, follow, max-snippet:-1, max-image-preview:large, max-video-preview:-1\" \/>\n<link rel=\"canonical\" href=\"https:\/\/www.anovapeneira.gal\/index.php\/2022\/04\/29\/aberto-o-prazo-de-solicitude-de-participacion-na-xxiv-feira-de-artesania-que-se-vai-celebrar-do-14-ao-17-de-maio\/\" \/>\n<meta property=\"og:locale\" content=\"gl_ES\" \/>\n<meta property=\"og:type\" content=\"article\" \/>\n<meta property=\"og:title\" content=\"Aberto o prazo de solicitude de participaci\u00f3n na XXIV Feira de Artesan\u00eda que se vai celebrar do 14 ao 17 de maio -\" \/>\n<meta property=\"og:description\" content=\"As persoas interesadas te\u00f1en at\u00e9 \u00e1s 23.59 do 1 de maio para inscribirse\" \/>\n<meta property=\"og:url\" content=\"https:\/\/www.anovapeneira.gal\/index.php\/2022\/04\/29\/aberto-o-prazo-de-solicitude-de-participacion-na-xxiv-feira-de-artesania-que-se-vai-celebrar-do-14-ao-17-de-maio\/\" \/>\n<meta property=\"article:publisher\" content=\"https:\/\/www.facebook.com\/anovapeneira\" \/>\n<meta property=\"article:published_time\" content=\"2022-04-29T08:00:47+00:00\" \/>\n<meta property=\"og:image\" content=\"https:\/\/www.anovapeneira.gal\/wp-content\/uploads\/2022\/04\/feira_artesania_tui.jpg\" \/>\n\t<meta property=\"og:image:width\" content=\"720\" \/>\n\t<meta property=\"og:image:height\" content=\"432\" \/>\n\t<meta property=\"og:image:type\" content=\"image\/jpeg\" \/>\n<meta name=\"author\" content=\"Redacci\u00f3n A Nova Peneira\" \/>\n<meta name=\"twitter:card\" content=\"summary_large_image\" \/>\n<meta name=\"twitter:creator\" content=\"@APeneira\" \/>\n<meta name=\"twitter:site\" content=\"@APeneira\" \/>\n<meta name=\"twitter:label1\" content=\"Escrito por\" \/>\n\t<meta name=\"twitter:data1\" content=\"Redacci\u00f3n A Nova Peneira\" \/>\n\t<meta name=\"twitter:label2\" content=\"Tempo de lectura\" \/>\n\t<meta name=\"twitter:data2\" content=\"2 minutos\" \/>\n<script type=\"application\/ld+json\" class=\"yoast-schema-graph\">{\"@context\":\"https:\\\/\\\/schema.org\",\"@graph\":[{\"@type\":\"Article\",\"@id\":\"https:\\\/\\\/www.anovapeneira.gal\\\/index.php\\\/2022\\\/04\\\/29\\\/aberto-o-prazo-de-solicitude-de-participacion-na-xxiv-feira-de-artesania-que-se-vai-celebrar-do-14-ao-17-de-maio\\\/#article\",\"isPartOf\":{\"@id\":\"https:\\\/\\\/www.anovapeneira.gal\\\/index.php\\\/2022\\\/04\\\/29\\\/aberto-o-prazo-de-solicitude-de-participacion-na-xxiv-feira-de-artesania-que-se-vai-celebrar-do-14-ao-17-de-maio\\\/\"},\"author\":{\"name\":\"Redacci\u00f3n A Nova Peneira\",\"@id\":\"https:\\\/\\\/www.anovapeneira.gal\\\/#\\\/schema\\\/person\\\/b93e3f8932e3f8da96334607eb6ac6aa\"},\"headline\":\"Aberto o prazo de solicitude de participaci\u00f3n na XXIV Feira de Artesan\u00eda que se vai celebrar do 14 ao 17 de maio\",\"datePublished\":\"2022-04-29T08:00:47+00:00\",\"mainEntityOfPage\":{\"@id\":\"https:\\\/\\\/www.anovapeneira.gal\\\/index.php\\\/2022\\\/04\\\/29\\\/aberto-o-prazo-de-solicitude-de-participacion-na-xxiv-feira-de-artesania-que-se-vai-celebrar-do-14-ao-17-de-maio\\\/\"},\"wordCount\":440,\"commentCount\":0,\"publisher\":{\"@id\":\"https:\\\/\\\/www.anovapeneira.gal\\\/#organization\"},\"image\":{\"@id\":\"https:\\\/\\\/www.anovapeneira.gal\\\/index.php\\\/2022\\\/04\\\/29\\\/aberto-o-prazo-de-solicitude-de-participacion-na-xxiv-feira-de-artesania-que-se-vai-celebrar-do-14-ao-17-de-maio\\\/#primaryimage\"},\"thumbnailUrl\":\"https:\\\/\\\/www.anovapeneira.gal\\\/wp-content\\\/uploads\\\/2022\\\/04\\\/feira_artesania_tui.jpg\",\"keywords\":[\"Concello de Tui\"],\"articleSection\":[\"Baixo Mi\u00f1o\"],\"inLanguage\":\"gl-ES\",\"potentialAction\":[{\"@type\":\"CommentAction\",\"name\":\"Comment\",\"target\":[\"https:\\\/\\\/www.anovapeneira.gal\\\/index.php\\\/2022\\\/04\\\/29\\\/aberto-o-prazo-de-solicitude-de-participacion-na-xxiv-feira-de-artesania-que-se-vai-celebrar-do-14-ao-17-de-maio\\\/#respond\"]}]},{\"@type\":\"WebPage\",\"@id\":\"https:\\\/\\\/www.anovapeneira.gal\\\/index.php\\\/2022\\\/04\\\/29\\\/aberto-o-prazo-de-solicitude-de-participacion-na-xxiv-feira-de-artesania-que-se-vai-celebrar-do-14-ao-17-de-maio\\\/\",\"url\":\"https:\\\/\\\/www.anovapeneira.gal\\\/index.php\\\/2022\\\/04\\\/29\\\/aberto-o-prazo-de-solicitude-de-participacion-na-xxiv-feira-de-artesania-que-se-vai-celebrar-do-14-ao-17-de-maio\\\/\",\"name\":\"Aberto o prazo de solicitude de participaci\u00f3n na XXIV Feira de Artesan\u00eda que se vai celebrar do 14 ao 17 de maio -\",\"isPartOf\":{\"@id\":\"https:\\\/\\\/www.anovapeneira.gal\\\/#website\"},\"primaryImageOfPage\":{\"@id\":\"https:\\\/\\\/www.anovapeneira.gal\\\/index.php\\\/2022\\\/04\\\/29\\\/aberto-o-prazo-de-solicitude-de-participacion-na-xxiv-feira-de-artesania-que-se-vai-celebrar-do-14-ao-17-de-maio\\\/#primaryimage\"},\"image\":{\"@id\":\"https:\\\/\\\/www.anovapeneira.gal\\\/index.php\\\/2022\\\/04\\\/29\\\/aberto-o-prazo-de-solicitude-de-participacion-na-xxiv-feira-de-artesania-que-se-vai-celebrar-do-14-ao-17-de-maio\\\/#primaryimage\"},\"thumbnailUrl\":\"https:\\\/\\\/www.anovapeneira.gal\\\/wp-content\\\/uploads\\\/2022\\\/04\\\/feira_artesania_tui.jpg\",\"datePublished\":\"2022-04-29T08:00:47+00:00\",\"description\":\"As persoas interesadas te\u00f1en at\u00e9 \u00e1s 23.59 do 1 de maio para inscribirse\",\"breadcrumb\":{\"@id\":\"https:\\\/\\\/www.anovapeneira.gal\\\/index.php\\\/2022\\\/04\\\/29\\\/aberto-o-prazo-de-solicitude-de-participacion-na-xxiv-feira-de-artesania-que-se-vai-celebrar-do-14-ao-17-de-maio\\\/#breadcrumb\"},\"inLanguage\":\"gl-ES\",\"potentialAction\":[{\"@type\":\"ReadAction\",\"target\":[\"https:\\\/\\\/www.anovapeneira.gal\\\/index.php\\\/2022\\\/04\\\/29\\\/aberto-o-prazo-de-solicitude-de-participacion-na-xxiv-feira-de-artesania-que-se-vai-celebrar-do-14-ao-17-de-maio\\\/\"]}]},{\"@type\":\"ImageObject\",\"inLanguage\":\"gl-ES\",\"@id\":\"https:\\\/\\\/www.anovapeneira.gal\\\/index.php\\\/2022\\\/04\\\/29\\\/aberto-o-prazo-de-solicitude-de-participacion-na-xxiv-feira-de-artesania-que-se-vai-celebrar-do-14-ao-17-de-maio\\\/#primaryimage\",\"url\":\"https:\\\/\\\/www.anovapeneira.gal\\\/wp-content\\\/uploads\\\/2022\\\/04\\\/feira_artesania_tui.jpg\",\"contentUrl\":\"https:\\\/\\\/www.anovapeneira.gal\\\/wp-content\\\/uploads\\\/2022\\\/04\\\/feira_artesania_tui.jpg\",\"width\":720,\"height\":432,\"caption\":\"Feira de Artesan\u00eda Tui\"},{\"@type\":\"BreadcrumbList\",\"@id\":\"https:\\\/\\\/www.anovapeneira.gal\\\/index.php\\\/2022\\\/04\\\/29\\\/aberto-o-prazo-de-solicitude-de-participacion-na-xxiv-feira-de-artesania-que-se-vai-celebrar-do-14-ao-17-de-maio\\\/#breadcrumb\",\"itemListElement\":[{\"@type\":\"ListItem\",\"position\":1,\"name\":\"Portada\",\"item\":\"https:\\\/\\\/www.anovapeneira.gal\\\/\"},{\"@type\":\"ListItem\",\"position\":2,\"name\":\"Aberto o prazo de solicitude de participaci\u00f3n na XXIV Feira de Artesan\u00eda que se vai celebrar do 14 ao 17 de maio\"}]},{\"@type\":\"WebSite\",\"@id\":\"https:\\\/\\\/www.anovapeneira.gal\\\/#website\",\"url\":\"https:\\\/\\\/www.anovapeneira.gal\\\/\",\"name\":\"\",\"description\":\"Xornal galego de informaci\u00f3n xeral Publicaci\u00f3n mensual de novas de Galicia e en especial dos Concellos da sur da provincia de Pontevedra.\",\"publisher\":{\"@id\":\"https:\\\/\\\/www.anovapeneira.gal\\\/#organization\"},\"potentialAction\":[{\"@type\":\"SearchAction\",\"target\":{\"@type\":\"EntryPoint\",\"urlTemplate\":\"https:\\\/\\\/www.anovapeneira.gal\\\/?s={search_term_string}\"},\"query-input\":{\"@type\":\"PropertyValueSpecification\",\"valueRequired\":true,\"valueName\":\"search_term_string\"}}],\"inLanguage\":\"gl-ES\"},{\"@type\":\"Organization\",\"@id\":\"https:\\\/\\\/www.anovapeneira.gal\\\/#organization\",\"name\":\"A Nova Peneira\",\"url\":\"https:\\\/\\\/www.anovapeneira.gal\\\/\",\"logo\":{\"@type\":\"ImageObject\",\"inLanguage\":\"gl-ES\",\"@id\":\"https:\\\/\\\/www.anovapeneira.gal\\\/#\\\/schema\\\/logo\\\/image\\\/\",\"url\":\"http:\\\/\\\/www.anovapeneira.gal\\\/wp-content\\\/uploads\\\/2019\\\/06\\\/logo_a_nova_peneira_portal_web.png\",\"contentUrl\":\"http:\\\/\\\/www.anovapeneira.gal\\\/wp-content\\\/uploads\\\/2019\\\/06\\\/logo_a_nova_peneira_portal_web.png\",\"width\":300,\"height\":100,\"caption\":\"A Nova Peneira\"},\"image\":{\"@id\":\"https:\\\/\\\/www.anovapeneira.gal\\\/#\\\/schema\\\/logo\\\/image\\\/\"},\"sameAs\":[\"https:\\\/\\\/www.facebook.com\\\/anovapeneira\",\"https:\\\/\\\/x.com\\\/APeneira\"]},{\"@type\":\"Person\",\"@id\":\"https:\\\/\\\/www.anovapeneira.gal\\\/#\\\/schema\\\/person\\\/b93e3f8932e3f8da96334607eb6ac6aa\",\"name\":\"Redacci\u00f3n A Nova Peneira\",\"image\":{\"@type\":\"ImageObject\",\"inLanguage\":\"gl-ES\",\"@id\":\"https:\\\/\\\/secure.gravatar.com\\\/avatar\\\/c052a2551a06e23fac63626232eaa90abd78dbcf1700fc46a2b2c89fd27b735f?s=96&d=mm&r=g\",\"url\":\"https:\\\/\\\/secure.gravatar.com\\\/avatar\\\/c052a2551a06e23fac63626232eaa90abd78dbcf1700fc46a2b2c89fd27b735f?s=96&d=mm&r=g\",\"contentUrl\":\"https:\\\/\\\/secure.gravatar.com\\\/avatar\\\/c052a2551a06e23fac63626232eaa90abd78dbcf1700fc46a2b2c89fd27b735f?s=96&d=mm&r=g\",\"caption\":\"Redacci\u00f3n A Nova Peneira\"},\"sameAs\":[\"http:\\\/\\\/www.anovapeneira.gal\\\/\"],\"url\":\"https:\\\/\\\/www.anovapeneira.gal\\\/index.php\\\/author\\\/redactor\\\/\"}]}<\/script>\n<!-- \/ Yoast SEO plugin. -->","yoast_head_json":{"title":"Aberto o prazo de solicitude de participaci\u00f3n na XXIV Feira de Artesan\u00eda que se vai celebrar do 14 ao 17 de maio -","description":"As persoas interesadas te\u00f1en at\u00e9 \u00e1s 23.59 do 1 de maio para inscribirse","robots":{"index":"index","follow":"follow","max-snippet":"max-snippet:-1","max-image-preview":"max-image-preview:large","max-video-preview":"max-video-preview:-1"},"canonical":"https:\/\/www.anovapeneira.gal\/index.php\/2022\/04\/29\/aberto-o-prazo-de-solicitude-de-participacion-na-xxiv-feira-de-artesania-que-se-vai-celebrar-do-14-ao-17-de-maio\/","og_locale":"gl_ES","og_type":"article","og_title":"Aberto o prazo de solicitude de participaci\u00f3n na XXIV Feira de Artesan\u00eda que se vai celebrar do 14 ao 17 de maio -","og_description":"As persoas interesadas te\u00f1en at\u00e9 \u00e1s 23.59 do 1 de maio para inscribirse","og_url":"https:\/\/www.anovapeneira.gal\/index.php\/2022\/04\/29\/aberto-o-prazo-de-solicitude-de-participacion-na-xxiv-feira-de-artesania-que-se-vai-celebrar-do-14-ao-17-de-maio\/","article_publisher":"https:\/\/www.facebook.com\/anovapeneira","article_published_time":"2022-04-29T08:00:47+00:00","og_image":[{"width":720,"height":432,"url":"https:\/\/www.anovapeneira.gal\/wp-content\/uploads\/2022\/04\/feira_artesania_tui.jpg","type":"image\/jpeg"}],"author":"Redacci\u00f3n A Nova Peneira","twitter_card":"summary_large_image","twitter_creator":"@APeneira","twitter_site":"@APeneira","twitter_misc":{"Escrito por":"Redacci\u00f3n A Nova Peneira","Tempo de lectura":"2 minutos"},"schema":{"@context":"https:\/\/schema.org","@graph":[{"@type":"Article","@id":"https:\/\/www.anovapeneira.gal\/index.php\/2022\/04\/29\/aberto-o-prazo-de-solicitude-de-participacion-na-xxiv-feira-de-artesania-que-se-vai-celebrar-do-14-ao-17-de-maio\/#article","isPartOf":{"@id":"https:\/\/www.anovapeneira.gal\/index.php\/2022\/04\/29\/aberto-o-prazo-de-solicitude-de-participacion-na-xxiv-feira-de-artesania-que-se-vai-celebrar-do-14-ao-17-de-maio\/"},"author":{"name":"Redacci\u00f3n A Nova Peneira","@id":"https:\/\/www.anovapeneira.gal\/#\/schema\/person\/b93e3f8932e3f8da96334607eb6ac6aa"},"headline":"Aberto o prazo de solicitude de participaci\u00f3n na XXIV Feira de Artesan\u00eda que se vai celebrar do 14 ao 17 de maio","datePublished":"2022-04-29T08:00:47+00:00","mainEntityOfPage":{"@id":"https:\/\/www.anovapeneira.gal\/index.php\/2022\/04\/29\/aberto-o-prazo-de-solicitude-de-participacion-na-xxiv-feira-de-artesania-que-se-vai-celebrar-do-14-ao-17-de-maio\/"},"wordCount":440,"commentCount":0,"publisher":{"@id":"https:\/\/www.anovapeneira.gal\/#organization"},"image":{"@id":"https:\/\/www.anovapeneira.gal\/index.php\/2022\/04\/29\/aberto-o-prazo-de-solicitude-de-participacion-na-xxiv-feira-de-artesania-que-se-vai-celebrar-do-14-ao-17-de-maio\/#primaryimage"},"thumbnailUrl":"https:\/\/www.anovapeneira.gal\/wp-content\/uploads\/2022\/04\/feira_artesania_tui.jpg","keywords":["Concello de Tui"],"articleSection":["Baixo Mi\u00f1o"],"inLanguage":"gl-ES","potentialAction":[{"@type":"CommentAction","name":"Comment","target":["https:\/\/www.anovapeneira.gal\/index.php\/2022\/04\/29\/aberto-o-prazo-de-solicitude-de-participacion-na-xxiv-feira-de-artesania-que-se-vai-celebrar-do-14-ao-17-de-maio\/#respond"]}]},{"@type":"WebPage","@id":"https:\/\/www.anovapeneira.gal\/index.php\/2022\/04\/29\/aberto-o-prazo-de-solicitude-de-participacion-na-xxiv-feira-de-artesania-que-se-vai-celebrar-do-14-ao-17-de-maio\/","url":"https:\/\/www.anovapeneira.gal\/index.php\/2022\/04\/29\/aberto-o-prazo-de-solicitude-de-participacion-na-xxiv-feira-de-artesania-que-se-vai-celebrar-do-14-ao-17-de-maio\/","name":"Aberto o prazo de solicitude de participaci\u00f3n na XXIV Feira de Artesan\u00eda que se vai celebrar do 14 ao 17 de maio -","isPartOf":{"@id":"https:\/\/www.anovapeneira.gal\/#website"},"primaryImageOfPage":{"@id":"https:\/\/www.anovapeneira.gal\/index.php\/2022\/04\/29\/aberto-o-prazo-de-solicitude-de-participacion-na-xxiv-feira-de-artesania-que-se-vai-celebrar-do-14-ao-17-de-maio\/#primaryimage"},"image":{"@id":"https:\/\/www.anovapeneira.gal\/index.php\/2022\/04\/29\/aberto-o-prazo-de-solicitude-de-participacion-na-xxiv-feira-de-artesania-que-se-vai-celebrar-do-14-ao-17-de-maio\/#primaryimage"},"thumbnailUrl":"https:\/\/www.anovapeneira.gal\/wp-content\/uploads\/2022\/04\/feira_artesania_tui.jpg","datePublished":"2022-04-29T08:00:47+00:00","description":"As persoas interesadas te\u00f1en at\u00e9 \u00e1s 23.59 do 1 de maio para inscribirse","breadcrumb":{"@id":"https:\/\/www.anovapeneira.gal\/index.php\/2022\/04\/29\/aberto-o-prazo-de-solicitude-de-participacion-na-xxiv-feira-de-artesania-que-se-vai-celebrar-do-14-ao-17-de-maio\/#breadcrumb"},"inLanguage":"gl-ES","potentialAction":[{"@type":"ReadAction","target":["https:\/\/www.anovapeneira.gal\/index.php\/2022\/04\/29\/aberto-o-prazo-de-solicitude-de-participacion-na-xxiv-feira-de-artesania-que-se-vai-celebrar-do-14-ao-17-de-maio\/"]}]},{"@type":"ImageObject","inLanguage":"gl-ES","@id":"https:\/\/www.anovapeneira.gal\/index.php\/2022\/04\/29\/aberto-o-prazo-de-solicitude-de-participacion-na-xxiv-feira-de-artesania-que-se-vai-celebrar-do-14-ao-17-de-maio\/#primaryimage","url":"https:\/\/www.anovapeneira.gal\/wp-content\/uploads\/2022\/04\/feira_artesania_tui.jpg","contentUrl":"https:\/\/www.anovapeneira.gal\/wp-content\/uploads\/2022\/04\/feira_artesania_tui.jpg","width":720,"height":432,"caption":"Feira de Artesan\u00eda Tui"},{"@type":"BreadcrumbList","@id":"https:\/\/www.anovapeneira.gal\/index.php\/2022\/04\/29\/aberto-o-prazo-de-solicitude-de-participacion-na-xxiv-feira-de-artesania-que-se-vai-celebrar-do-14-ao-17-de-maio\/#breadcrumb","itemListElement":[{"@type":"ListItem","position":1,"name":"Portada","item":"https:\/\/www.anovapeneira.gal\/"},{"@type":"ListItem","position":2,"name":"Aberto o prazo de solicitude de participaci\u00f3n na XXIV Feira de Artesan\u00eda que se vai celebrar do 14 ao 17 de maio"}]},{"@type":"WebSite","@id":"https:\/\/www.anovapeneira.gal\/#website","url":"https:\/\/www.anovapeneira.gal\/","name":"","description":"Xornal galego de informaci\u00f3n xeral Publicaci\u00f3n mensual de novas de Galicia e en especial dos Concellos da sur da provincia de Pontevedra.","publisher":{"@id":"https:\/\/www.anovapeneira.gal\/#organization"},"potentialAction":[{"@type":"SearchAction","target":{"@type":"EntryPoint","urlTemplate":"https:\/\/www.anovapeneira.gal\/?s={search_term_string}"},"query-input":{"@type":"PropertyValueSpecification","valueRequired":true,"valueName":"search_term_string"}}],"inLanguage":"gl-ES"},{"@type":"Organization","@id":"https:\/\/www.anovapeneira.gal\/#organization","name":"A Nova Peneira","url":"https:\/\/www.anovapeneira.gal\/","logo":{"@type":"ImageObject","inLanguage":"gl-ES","@id":"https:\/\/www.anovapeneira.gal\/#\/schema\/logo\/image\/","url":"http:\/\/www.anovapeneira.gal\/wp-content\/uploads\/2019\/06\/logo_a_nova_peneira_portal_web.png","contentUrl":"http:\/\/www.anovapeneira.gal\/wp-content\/uploads\/2019\/06\/logo_a_nova_peneira_portal_web.png","width":300,"height":100,"caption":"A Nova Peneira"},"image":{"@id":"https:\/\/www.anovapeneira.gal\/#\/schema\/logo\/image\/"},"sameAs":["https:\/\/www.facebook.com\/anovapeneira","https:\/\/x.com\/APeneira"]},{"@type":"Person","@id":"https:\/\/www.anovapeneira.gal\/#\/schema\/person\/b93e3f8932e3f8da96334607eb6ac6aa","name":"Redacci\u00f3n A Nova Peneira","image":{"@type":"ImageObject","inLanguage":"gl-ES","@id":"https:\/\/secure.gravatar.com\/avatar\/c052a2551a06e23fac63626232eaa90abd78dbcf1700fc46a2b2c89fd27b735f?s=96&d=mm&r=g","url":"https:\/\/secure.gravatar.com\/avatar\/c052a2551a06e23fac63626232eaa90abd78dbcf1700fc46a2b2c89fd27b735f?s=96&d=mm&r=g","contentUrl":"https:\/\/secure.gravatar.com\/avatar\/c052a2551a06e23fac63626232eaa90abd78dbcf1700fc46a2b2c89fd27b735f?s=96&d=mm&r=g","caption":"Redacci\u00f3n A Nova Peneira"},"sameAs":["http:\/\/www.anovapeneira.gal\/"],"url":"https:\/\/www.anovapeneira.gal\/index.php\/author\/redactor\/"}]}},"jetpack_featured_media_url":"https:\/\/www.anovapeneira.gal\/wp-content\/uploads\/2022\/04\/feira_artesania_tui.jpg","_links":{"self":[{"href":"https:\/\/www.anovapeneira.gal\/index.php\/wp-json\/wp\/v2\/posts\/7374","targetHints":{"allow":["GET"]}}],"collection":[{"href":"https:\/\/www.anovapeneira.gal\/index.php\/wp-json\/wp\/v2\/posts"}],"about":[{"href":"https:\/\/www.anovapeneira.gal\/index.php\/wp-json\/wp\/v2\/types\/post"}],"author":[{"embeddable":true,"href":"https:\/\/www.anovapeneira.gal\/index.php\/wp-json\/wp\/v2\/users\/3"}],"replies":[{"embeddable":true,"href":"https:\/\/www.anovapeneira.gal\/index.php\/wp-json\/wp\/v2\/comments?post=7374"}],"version-history":[{"count":1,"href":"https:\/\/www.anovapeneira.gal\/index.php\/wp-json\/wp\/v2\/posts\/7374\/revisions"}],"predecessor-version":[{"id":7375,"href":"https:\/\/www.anovapeneira.gal\/index.php\/wp-json\/wp\/v2\/posts\/7374\/revisions\/7375"}],"wp:featuredmedia":[{"embeddable":true,"href":"https:\/\/www.anovapeneira.gal\/index.php\/wp-json\/wp\/v2\/media\/7376"}],"wp:attachment":[{"href":"https:\/\/www.anovapeneira.gal\/index.php\/wp-json\/wp\/v2\/media?parent=7374"}],"wp:term":[{"taxonomy":"category","embeddable":true,"href":"https:\/\/www.anovapeneira.gal\/index.php\/wp-json\/wp\/v2\/categories?post=7374"},{"taxonomy":"post_tag","embeddable":true,"href":"https:\/\/www.anovapeneira.gal\/index.php\/wp-json\/wp\/v2\/tags?post=7374"}],"curies":[{"name":"wp","href":"https:\/\/api.w.org\/{rel}","templated":true}]}}