{"id":738,"date":"2019-07-24T12:09:22","date_gmt":"2019-07-24T10:09:22","guid":{"rendered":"http:\/\/www.anovapeneira.gal\/?p=738"},"modified":"2019-07-24T12:12:22","modified_gmt":"2019-07-24T10:12:22","slug":"a-exposicion-30-anos-do-teatro-do-morcego-en-cangas-ata-final-de-mes","status":"publish","type":"post","link":"https:\/\/www.anovapeneira.gal\/index.php\/2019\/07\/24\/a-exposicion-30-anos-do-teatro-do-morcego-en-cangas-ata-final-de-mes\/","title":{"rendered":"A exposici\u00f3n &#8220;30 Anos do Teatro do Morcego&#8221;, en Cangas ata final de mes"},"content":{"rendered":"\n<p><strong>Cangas, 19 de xullo de 2019<\/strong><\/p>\n\n\n\n<p>Un dos grandes atractivos da Mostra Internacional de Teatro C\u00f3mico e Festivo de Cangas, que v\u00e9n de rematar hai escasamente trece d\u00edas na s\u00faa trinta e seis edici\u00f3n, foi a exposici\u00f3n adicada ao aniversario da creaci\u00f3n da compa\u00f1\u00eda teatral Teatro do Morcego.<\/p>\n\n\n\n<p>A convocatoria de recordo, baixo o t\u00edtulo de \u201830 anos do Teatro do Morcego\u2019, obtivo unha excelente acollida do p\u00fablico que fixo acto de presenza no vest\u00edbulo do Auditorio Municipal de Cangas. Al\u00ed foron ubicadas pezas xa hist\u00f3ricas do vestiario, a escenograf\u00eda, a memoria gr\u00e1fica e a dramaturxia, sempre atrevida e comprometida, dun dos grupos teatrais senlleiros na historia do teatro galego.<\/p>\n\n\n\n<p>A organizaci\u00f3n da Mostra, atendendo \u00e1s petici\u00f3ns de diferentes colectivos culturais do Morrazo e ao interese suscitado pola retrospectiva dos \u2018morcegos\u2019, prolonga at\u00e9 o 31 deste mes de xullo a duraci\u00f3n do evento nos horarios habituais: dende as 12:00 \u00e1s 14:00 horas na ma\u00f1\u00e1 e de 17:30 a 22:00 horas, pola tarde.<\/p>\n\n\n\n<p>A exposici\u00f3n, que reborda colorido e unha visi\u00f3n de conxunto dos cami\u00f1os teatrais percorridos pola compa\u00f1\u00eda ao longo de tres d\u00e9cadas de actividade, o que a fai singularmente atractiva \u00e1 vista, foi inaugurada o pasado 28 de xu\u00f1o. Al\u00ed estiveron presentes, entre outros, o dramaturgo e alcalde de Cangas, Xos\u00e9 Manuel Pazos; Casilda Garc\u00eda Alfaro, actriz e directora; Quico Cadaval, c\u00f3mico e dramaturgo; Eduardo Rodr\u00edguez Cunha \u201cTat\u00e1n\u201d, actor, e Manuel Guede, ex director do Centro Dram\u00e1tico Galego ademais dunha boa presada de amigos e co\u00f1ecidos de Celso Parada e Isabel \u00c1vila.<\/p>\n\n\n\n<p><strong>Os morcegos de Castelao<\/strong><\/p>\n\n\n\n<p>A compa\u00f1\u00eda do Teatro do Morcego foi fundada no ano 1989 polo actor e director Celso Parada e Isabel \u00c1vila e recibiu o seu nome \u00e1 mantenta como expl\u00edcita homenaxe a Castelao e \u00e1 fascinaci\u00f3n que o ilustre galeguista e artista desenvolveu polo Th\u00e9\u00e2tre du Chauve-Sauris de Nikita Balief na s\u00faa viaxe a Par\u00eds en 1921.<\/p>\n\n\n\n<p>O teatro do Morcego mant\u00e9n a s\u00faa actividade ininterrompida desde ent\u00f3n, recibindo premios en distintas modalidades nos Compostela por Misterio c\u00f3mico e Doberman; nos Mar\u00eda Casares por Lazari\u00f1o de Tormes, Gran ilusi\u00f3n e Momo, sendo adem\u00e1is finalista en varias ocasi\u00f3ns.<\/p>\n\n\n\n<p>Entre 1993 e 1998 constit\u00fae, xunto con Teatro de Ningures e Tanxarina, a compa\u00f1\u00eda Produci\u00f3ns Teatrais do Sur.<\/p>\n\n\n\n<p>No ano 2009 conv\u00e9rtese en compa\u00f1\u00eda residente do Concello de Nar\u00f3n pola s\u00faa longa traxectoria profesional cunha produci\u00f3n estable.<\/p>\n\n\n\n<p>Ao longo destes trinta anos produciu 31 espect\u00e1culos nos que participaron m\u00e1is de 50 actores, actrices, m\u00fasicos e bailarinas.<\/p>\n\n\n\n<p>Ademais de Celso Parada, a compa\u00f1\u00eda contratou a diferentes directores: Julio Cardoso. Quico Cadaval, Bernardo Galli, Etelvino V\u00e1quez, Andr\u00e9s Pazos, Xo\u00e1n Cejudo,\u00a0 \u00c1lvaro Lav\u00edn, Antonio Sim\u00f3n,\u00a0 Jos\u00e9 Prieto e Kevin Orr.<\/p>\n\n\n\n<p>Actualmente a compa\u00f1\u00eda est\u00e1 preparando \u201cDelicatessem\u201d, un espect\u00e1culo que xoga ao ilusionismo a partir de textos de Eduardo de Filippo, Eduardo Galeano e Roland Toppor. Dramaturxia e direcci\u00f3n de Celso Parada. En escena, o propio Celso e Eduardo Rodr\u00edguez Cunha \u201cTat\u00e1n\u201d.<\/p>\n\n\n\n<p><br><\/p>\n","protected":false},"excerpt":{"rendered":"<div class=\"mh-excerpt\"><p>Un dos grandes atractivos da Mostra Internacional de Teatro C\u00f3mico e Festivo de Cangas, que v\u00e9n de rematar hai escasamente trece d\u00edas na s\u00faa trinta e seis edici\u00f3n, foi a exposici\u00f3n adicada ao aniversario da creaci\u00f3n da compa\u00f1\u00eda teatral Teatro do Morcego <a class=\"mh-excerpt-more\" href=\"https:\/\/www.anovapeneira.gal\/index.php\/2019\/07\/24\/a-exposicion-30-anos-do-teatro-do-morcego-en-cangas-ata-final-de-mes\/\" title=\"A exposici\u00f3n &#8220;30 Anos do Teatro do Morcego&#8221;, en Cangas ata final de mes\">[&#8230;]<\/a><\/p>\n<\/div>","protected":false},"author":3,"featured_media":720,"comment_status":"open","ping_status":"open","sticky":false,"template":"","format":"standard","meta":{"_exactmetrics_skip_tracking":false,"_exactmetrics_sitenote_active":false,"_exactmetrics_sitenote_note":"","_exactmetrics_sitenote_category":0,"footnotes":""},"categories":[22],"tags":[322,320,323,318,315,313,33,319,124,324,316,325,317,185,314,321],"class_list":{"0":"post-738","1":"post","2":"type-post","3":"status-publish","4":"format-standard","5":"has-post-thumbnail","7":"category-morrazo","8":"tag-alvaro-lavin","9":"tag-andres-pazos","10":"tag-antonio-simon","11":"tag-bernardo-galli","12":"tag-celso-parada","13":"tag-congelo-de-cangas","14":"tag-cultura","15":"tag-etelvino-vazquez","16":"tag-exposicion","17":"tag-jose-prieto","18":"tag-julio-cardoso","19":"tag-kevin-orr","20":"tag-quico-cadaval","21":"tag-teatro","22":"tag-teatro-morcego","23":"tag-xoan-cejudo"},"yoast_head":"<!-- This site is optimized with the Yoast SEO plugin v27.4 - https:\/\/yoast.com\/product\/yoast-seo-wordpress\/ -->\n<title>A exposici\u00f3n &quot;30 Anos do Teatro do Morcego&quot;, en Cangas ata final de mes -<\/title>\n<meta name=\"robots\" content=\"index, follow, max-snippet:-1, max-image-preview:large, max-video-preview:-1\" \/>\n<link rel=\"canonical\" href=\"https:\/\/www.anovapeneira.gal\/index.php\/2019\/07\/24\/a-exposicion-30-anos-do-teatro-do-morcego-en-cangas-ata-final-de-mes\/\" \/>\n<meta property=\"og:locale\" content=\"gl_ES\" \/>\n<meta property=\"og:type\" content=\"article\" \/>\n<meta property=\"og:title\" content=\"A exposici\u00f3n &quot;30 Anos do Teatro do Morcego&quot;, en Cangas ata final de mes -\" \/>\n<meta property=\"og:description\" content=\"Un dos grandes atractivos da Mostra Internacional de Teatro C\u00f3mico e Festivo de Cangas, que v\u00e9n de rematar hai escasamente trece d\u00edas na s\u00faa trinta e seis edici\u00f3n, foi a exposici\u00f3n adicada ao aniversario da creaci\u00f3n da compa\u00f1\u00eda teatral Teatro do Morcego [...]\" \/>\n<meta property=\"og:url\" content=\"https:\/\/www.anovapeneira.gal\/index.php\/2019\/07\/24\/a-exposicion-30-anos-do-teatro-do-morcego-en-cangas-ata-final-de-mes\/\" \/>\n<meta property=\"article:publisher\" content=\"https:\/\/www.facebook.com\/anovapeneira\" \/>\n<meta property=\"article:published_time\" content=\"2019-07-24T10:09:22+00:00\" \/>\n<meta property=\"article:modified_time\" content=\"2019-07-24T10:12:22+00:00\" \/>\n<meta property=\"og:image\" content=\"https:\/\/www.anovapeneira.gal\/wp-content\/uploads\/2019\/07\/teatro_morcego_a_nova_peneira.jpg\" \/>\n\t<meta property=\"og:image:width\" content=\"720\" \/>\n\t<meta property=\"og:image:height\" content=\"473\" \/>\n\t<meta property=\"og:image:type\" content=\"image\/jpeg\" \/>\n<meta name=\"author\" content=\"Redacci\u00f3n A Nova Peneira\" \/>\n<meta name=\"twitter:card\" content=\"summary_large_image\" \/>\n<meta name=\"twitter:creator\" content=\"@APeneira\" \/>\n<meta name=\"twitter:site\" content=\"@APeneira\" \/>\n<meta name=\"twitter:label1\" content=\"Escrito por\" \/>\n\t<meta name=\"twitter:data1\" content=\"Redacci\u00f3n A Nova Peneira\" \/>\n\t<meta name=\"twitter:label2\" content=\"Tempo de lectura\" \/>\n\t<meta name=\"twitter:data2\" content=\"3 minutos\" \/>\n<script type=\"application\/ld+json\" class=\"yoast-schema-graph\">{\"@context\":\"https:\\\/\\\/schema.org\",\"@graph\":[{\"@type\":\"Article\",\"@id\":\"https:\\\/\\\/www.anovapeneira.gal\\\/index.php\\\/2019\\\/07\\\/24\\\/a-exposicion-30-anos-do-teatro-do-morcego-en-cangas-ata-final-de-mes\\\/#article\",\"isPartOf\":{\"@id\":\"https:\\\/\\\/www.anovapeneira.gal\\\/index.php\\\/2019\\\/07\\\/24\\\/a-exposicion-30-anos-do-teatro-do-morcego-en-cangas-ata-final-de-mes\\\/\"},\"author\":{\"name\":\"Redacci\u00f3n A Nova Peneira\",\"@id\":\"https:\\\/\\\/www.anovapeneira.gal\\\/#\\\/schema\\\/person\\\/b93e3f8932e3f8da96334607eb6ac6aa\"},\"headline\":\"A exposici\u00f3n &#8220;30 Anos do Teatro do Morcego&#8221;, en Cangas ata final de mes\",\"datePublished\":\"2019-07-24T10:09:22+00:00\",\"dateModified\":\"2019-07-24T10:12:22+00:00\",\"mainEntityOfPage\":{\"@id\":\"https:\\\/\\\/www.anovapeneira.gal\\\/index.php\\\/2019\\\/07\\\/24\\\/a-exposicion-30-anos-do-teatro-do-morcego-en-cangas-ata-final-de-mes\\\/\"},\"wordCount\":542,\"commentCount\":0,\"publisher\":{\"@id\":\"https:\\\/\\\/www.anovapeneira.gal\\\/#organization\"},\"image\":{\"@id\":\"https:\\\/\\\/www.anovapeneira.gal\\\/index.php\\\/2019\\\/07\\\/24\\\/a-exposicion-30-anos-do-teatro-do-morcego-en-cangas-ata-final-de-mes\\\/#primaryimage\"},\"thumbnailUrl\":\"https:\\\/\\\/www.anovapeneira.gal\\\/wp-content\\\/uploads\\\/2019\\\/07\\\/teatro_morcego_a_nova_peneira.jpg\",\"keywords\":[\"\u00c1lvaro Lav\u00edn\",\"Andr\u00e9s Pazos\",\"Antonio Sim\u00f3n\",\"Bernardo Galli\",\"Celso Parada\",\"Congelo de Cangas\",\"Cultura\",\"Etelvino V\u00e1zquez\",\"Exposici\u00f3n\",\"Jos\u00e9 Prieto\",\"Julio Cardoso\",\"Kevin Orr\",\"Quico Cadaval\",\"Teatro\",\"Teatro Morcego\",\"Xo\u00e1n Cejudo\"],\"articleSection\":[\"Morrazo\"],\"inLanguage\":\"gl-ES\",\"potentialAction\":[{\"@type\":\"CommentAction\",\"name\":\"Comment\",\"target\":[\"https:\\\/\\\/www.anovapeneira.gal\\\/index.php\\\/2019\\\/07\\\/24\\\/a-exposicion-30-anos-do-teatro-do-morcego-en-cangas-ata-final-de-mes\\\/#respond\"]}]},{\"@type\":\"WebPage\",\"@id\":\"https:\\\/\\\/www.anovapeneira.gal\\\/index.php\\\/2019\\\/07\\\/24\\\/a-exposicion-30-anos-do-teatro-do-morcego-en-cangas-ata-final-de-mes\\\/\",\"url\":\"https:\\\/\\\/www.anovapeneira.gal\\\/index.php\\\/2019\\\/07\\\/24\\\/a-exposicion-30-anos-do-teatro-do-morcego-en-cangas-ata-final-de-mes\\\/\",\"name\":\"A exposici\u00f3n \\\"30 Anos do Teatro do Morcego\\\", en Cangas ata final de mes -\",\"isPartOf\":{\"@id\":\"https:\\\/\\\/www.anovapeneira.gal\\\/#website\"},\"primaryImageOfPage\":{\"@id\":\"https:\\\/\\\/www.anovapeneira.gal\\\/index.php\\\/2019\\\/07\\\/24\\\/a-exposicion-30-anos-do-teatro-do-morcego-en-cangas-ata-final-de-mes\\\/#primaryimage\"},\"image\":{\"@id\":\"https:\\\/\\\/www.anovapeneira.gal\\\/index.php\\\/2019\\\/07\\\/24\\\/a-exposicion-30-anos-do-teatro-do-morcego-en-cangas-ata-final-de-mes\\\/#primaryimage\"},\"thumbnailUrl\":\"https:\\\/\\\/www.anovapeneira.gal\\\/wp-content\\\/uploads\\\/2019\\\/07\\\/teatro_morcego_a_nova_peneira.jpg\",\"datePublished\":\"2019-07-24T10:09:22+00:00\",\"dateModified\":\"2019-07-24T10:12:22+00:00\",\"breadcrumb\":{\"@id\":\"https:\\\/\\\/www.anovapeneira.gal\\\/index.php\\\/2019\\\/07\\\/24\\\/a-exposicion-30-anos-do-teatro-do-morcego-en-cangas-ata-final-de-mes\\\/#breadcrumb\"},\"inLanguage\":\"gl-ES\",\"potentialAction\":[{\"@type\":\"ReadAction\",\"target\":[\"https:\\\/\\\/www.anovapeneira.gal\\\/index.php\\\/2019\\\/07\\\/24\\\/a-exposicion-30-anos-do-teatro-do-morcego-en-cangas-ata-final-de-mes\\\/\"]}]},{\"@type\":\"ImageObject\",\"inLanguage\":\"gl-ES\",\"@id\":\"https:\\\/\\\/www.anovapeneira.gal\\\/index.php\\\/2019\\\/07\\\/24\\\/a-exposicion-30-anos-do-teatro-do-morcego-en-cangas-ata-final-de-mes\\\/#primaryimage\",\"url\":\"https:\\\/\\\/www.anovapeneira.gal\\\/wp-content\\\/uploads\\\/2019\\\/07\\\/teatro_morcego_a_nova_peneira.jpg\",\"contentUrl\":\"https:\\\/\\\/www.anovapeneira.gal\\\/wp-content\\\/uploads\\\/2019\\\/07\\\/teatro_morcego_a_nova_peneira.jpg\",\"width\":720,\"height\":473,\"caption\":\"Teatro Morcego Concello de Cangas A Nova Peneira\"},{\"@type\":\"BreadcrumbList\",\"@id\":\"https:\\\/\\\/www.anovapeneira.gal\\\/index.php\\\/2019\\\/07\\\/24\\\/a-exposicion-30-anos-do-teatro-do-morcego-en-cangas-ata-final-de-mes\\\/#breadcrumb\",\"itemListElement\":[{\"@type\":\"ListItem\",\"position\":1,\"name\":\"Portada\",\"item\":\"https:\\\/\\\/www.anovapeneira.gal\\\/\"},{\"@type\":\"ListItem\",\"position\":2,\"name\":\"A exposici\u00f3n &#8220;30 Anos do Teatro do Morcego&#8221;, en Cangas ata final de mes\"}]},{\"@type\":\"WebSite\",\"@id\":\"https:\\\/\\\/www.anovapeneira.gal\\\/#website\",\"url\":\"https:\\\/\\\/www.anovapeneira.gal\\\/\",\"name\":\"\",\"description\":\"Xornal galego de informaci\u00f3n xeral Publicaci\u00f3n mensual de novas de Galicia e en especial dos Concellos da sur da provincia de Pontevedra.\",\"publisher\":{\"@id\":\"https:\\\/\\\/www.anovapeneira.gal\\\/#organization\"},\"potentialAction\":[{\"@type\":\"SearchAction\",\"target\":{\"@type\":\"EntryPoint\",\"urlTemplate\":\"https:\\\/\\\/www.anovapeneira.gal\\\/?s={search_term_string}\"},\"query-input\":{\"@type\":\"PropertyValueSpecification\",\"valueRequired\":true,\"valueName\":\"search_term_string\"}}],\"inLanguage\":\"gl-ES\"},{\"@type\":\"Organization\",\"@id\":\"https:\\\/\\\/www.anovapeneira.gal\\\/#organization\",\"name\":\"A Nova Peneira\",\"url\":\"https:\\\/\\\/www.anovapeneira.gal\\\/\",\"logo\":{\"@type\":\"ImageObject\",\"inLanguage\":\"gl-ES\",\"@id\":\"https:\\\/\\\/www.anovapeneira.gal\\\/#\\\/schema\\\/logo\\\/image\\\/\",\"url\":\"http:\\\/\\\/www.anovapeneira.gal\\\/wp-content\\\/uploads\\\/2019\\\/06\\\/logo_a_nova_peneira_portal_web.png\",\"contentUrl\":\"http:\\\/\\\/www.anovapeneira.gal\\\/wp-content\\\/uploads\\\/2019\\\/06\\\/logo_a_nova_peneira_portal_web.png\",\"width\":300,\"height\":100,\"caption\":\"A Nova Peneira\"},\"image\":{\"@id\":\"https:\\\/\\\/www.anovapeneira.gal\\\/#\\\/schema\\\/logo\\\/image\\\/\"},\"sameAs\":[\"https:\\\/\\\/www.facebook.com\\\/anovapeneira\",\"https:\\\/\\\/x.com\\\/APeneira\"]},{\"@type\":\"Person\",\"@id\":\"https:\\\/\\\/www.anovapeneira.gal\\\/#\\\/schema\\\/person\\\/b93e3f8932e3f8da96334607eb6ac6aa\",\"name\":\"Redacci\u00f3n A Nova Peneira\",\"image\":{\"@type\":\"ImageObject\",\"inLanguage\":\"gl-ES\",\"@id\":\"https:\\\/\\\/secure.gravatar.com\\\/avatar\\\/c052a2551a06e23fac63626232eaa90abd78dbcf1700fc46a2b2c89fd27b735f?s=96&d=mm&r=g\",\"url\":\"https:\\\/\\\/secure.gravatar.com\\\/avatar\\\/c052a2551a06e23fac63626232eaa90abd78dbcf1700fc46a2b2c89fd27b735f?s=96&d=mm&r=g\",\"contentUrl\":\"https:\\\/\\\/secure.gravatar.com\\\/avatar\\\/c052a2551a06e23fac63626232eaa90abd78dbcf1700fc46a2b2c89fd27b735f?s=96&d=mm&r=g\",\"caption\":\"Redacci\u00f3n A Nova Peneira\"},\"sameAs\":[\"http:\\\/\\\/www.anovapeneira.gal\\\/\"],\"url\":\"https:\\\/\\\/www.anovapeneira.gal\\\/index.php\\\/author\\\/redactor\\\/\"}]}<\/script>\n<!-- \/ Yoast SEO plugin. -->","yoast_head_json":{"title":"A exposici\u00f3n \"30 Anos do Teatro do Morcego\", en Cangas ata final de mes -","robots":{"index":"index","follow":"follow","max-snippet":"max-snippet:-1","max-image-preview":"max-image-preview:large","max-video-preview":"max-video-preview:-1"},"canonical":"https:\/\/www.anovapeneira.gal\/index.php\/2019\/07\/24\/a-exposicion-30-anos-do-teatro-do-morcego-en-cangas-ata-final-de-mes\/","og_locale":"gl_ES","og_type":"article","og_title":"A exposici\u00f3n \"30 Anos do Teatro do Morcego\", en Cangas ata final de mes -","og_description":"Un dos grandes atractivos da Mostra Internacional de Teatro C\u00f3mico e Festivo de Cangas, que v\u00e9n de rematar hai escasamente trece d\u00edas na s\u00faa trinta e seis edici\u00f3n, foi a exposici\u00f3n adicada ao aniversario da creaci\u00f3n da compa\u00f1\u00eda teatral Teatro do Morcego [...]","og_url":"https:\/\/www.anovapeneira.gal\/index.php\/2019\/07\/24\/a-exposicion-30-anos-do-teatro-do-morcego-en-cangas-ata-final-de-mes\/","article_publisher":"https:\/\/www.facebook.com\/anovapeneira","article_published_time":"2019-07-24T10:09:22+00:00","article_modified_time":"2019-07-24T10:12:22+00:00","og_image":[{"width":720,"height":473,"url":"https:\/\/www.anovapeneira.gal\/wp-content\/uploads\/2019\/07\/teatro_morcego_a_nova_peneira.jpg","type":"image\/jpeg"}],"author":"Redacci\u00f3n A Nova Peneira","twitter_card":"summary_large_image","twitter_creator":"@APeneira","twitter_site":"@APeneira","twitter_misc":{"Escrito por":"Redacci\u00f3n A Nova Peneira","Tempo de lectura":"3 minutos"},"schema":{"@context":"https:\/\/schema.org","@graph":[{"@type":"Article","@id":"https:\/\/www.anovapeneira.gal\/index.php\/2019\/07\/24\/a-exposicion-30-anos-do-teatro-do-morcego-en-cangas-ata-final-de-mes\/#article","isPartOf":{"@id":"https:\/\/www.anovapeneira.gal\/index.php\/2019\/07\/24\/a-exposicion-30-anos-do-teatro-do-morcego-en-cangas-ata-final-de-mes\/"},"author":{"name":"Redacci\u00f3n A Nova Peneira","@id":"https:\/\/www.anovapeneira.gal\/#\/schema\/person\/b93e3f8932e3f8da96334607eb6ac6aa"},"headline":"A exposici\u00f3n &#8220;30 Anos do Teatro do Morcego&#8221;, en Cangas ata final de mes","datePublished":"2019-07-24T10:09:22+00:00","dateModified":"2019-07-24T10:12:22+00:00","mainEntityOfPage":{"@id":"https:\/\/www.anovapeneira.gal\/index.php\/2019\/07\/24\/a-exposicion-30-anos-do-teatro-do-morcego-en-cangas-ata-final-de-mes\/"},"wordCount":542,"commentCount":0,"publisher":{"@id":"https:\/\/www.anovapeneira.gal\/#organization"},"image":{"@id":"https:\/\/www.anovapeneira.gal\/index.php\/2019\/07\/24\/a-exposicion-30-anos-do-teatro-do-morcego-en-cangas-ata-final-de-mes\/#primaryimage"},"thumbnailUrl":"https:\/\/www.anovapeneira.gal\/wp-content\/uploads\/2019\/07\/teatro_morcego_a_nova_peneira.jpg","keywords":["\u00c1lvaro Lav\u00edn","Andr\u00e9s Pazos","Antonio Sim\u00f3n","Bernardo Galli","Celso Parada","Congelo de Cangas","Cultura","Etelvino V\u00e1zquez","Exposici\u00f3n","Jos\u00e9 Prieto","Julio Cardoso","Kevin Orr","Quico Cadaval","Teatro","Teatro Morcego","Xo\u00e1n Cejudo"],"articleSection":["Morrazo"],"inLanguage":"gl-ES","potentialAction":[{"@type":"CommentAction","name":"Comment","target":["https:\/\/www.anovapeneira.gal\/index.php\/2019\/07\/24\/a-exposicion-30-anos-do-teatro-do-morcego-en-cangas-ata-final-de-mes\/#respond"]}]},{"@type":"WebPage","@id":"https:\/\/www.anovapeneira.gal\/index.php\/2019\/07\/24\/a-exposicion-30-anos-do-teatro-do-morcego-en-cangas-ata-final-de-mes\/","url":"https:\/\/www.anovapeneira.gal\/index.php\/2019\/07\/24\/a-exposicion-30-anos-do-teatro-do-morcego-en-cangas-ata-final-de-mes\/","name":"A exposici\u00f3n \"30 Anos do Teatro do Morcego\", en Cangas ata final de mes -","isPartOf":{"@id":"https:\/\/www.anovapeneira.gal\/#website"},"primaryImageOfPage":{"@id":"https:\/\/www.anovapeneira.gal\/index.php\/2019\/07\/24\/a-exposicion-30-anos-do-teatro-do-morcego-en-cangas-ata-final-de-mes\/#primaryimage"},"image":{"@id":"https:\/\/www.anovapeneira.gal\/index.php\/2019\/07\/24\/a-exposicion-30-anos-do-teatro-do-morcego-en-cangas-ata-final-de-mes\/#primaryimage"},"thumbnailUrl":"https:\/\/www.anovapeneira.gal\/wp-content\/uploads\/2019\/07\/teatro_morcego_a_nova_peneira.jpg","datePublished":"2019-07-24T10:09:22+00:00","dateModified":"2019-07-24T10:12:22+00:00","breadcrumb":{"@id":"https:\/\/www.anovapeneira.gal\/index.php\/2019\/07\/24\/a-exposicion-30-anos-do-teatro-do-morcego-en-cangas-ata-final-de-mes\/#breadcrumb"},"inLanguage":"gl-ES","potentialAction":[{"@type":"ReadAction","target":["https:\/\/www.anovapeneira.gal\/index.php\/2019\/07\/24\/a-exposicion-30-anos-do-teatro-do-morcego-en-cangas-ata-final-de-mes\/"]}]},{"@type":"ImageObject","inLanguage":"gl-ES","@id":"https:\/\/www.anovapeneira.gal\/index.php\/2019\/07\/24\/a-exposicion-30-anos-do-teatro-do-morcego-en-cangas-ata-final-de-mes\/#primaryimage","url":"https:\/\/www.anovapeneira.gal\/wp-content\/uploads\/2019\/07\/teatro_morcego_a_nova_peneira.jpg","contentUrl":"https:\/\/www.anovapeneira.gal\/wp-content\/uploads\/2019\/07\/teatro_morcego_a_nova_peneira.jpg","width":720,"height":473,"caption":"Teatro Morcego Concello de Cangas A Nova Peneira"},{"@type":"BreadcrumbList","@id":"https:\/\/www.anovapeneira.gal\/index.php\/2019\/07\/24\/a-exposicion-30-anos-do-teatro-do-morcego-en-cangas-ata-final-de-mes\/#breadcrumb","itemListElement":[{"@type":"ListItem","position":1,"name":"Portada","item":"https:\/\/www.anovapeneira.gal\/"},{"@type":"ListItem","position":2,"name":"A exposici\u00f3n &#8220;30 Anos do Teatro do Morcego&#8221;, en Cangas ata final de mes"}]},{"@type":"WebSite","@id":"https:\/\/www.anovapeneira.gal\/#website","url":"https:\/\/www.anovapeneira.gal\/","name":"","description":"Xornal galego de informaci\u00f3n xeral Publicaci\u00f3n mensual de novas de Galicia e en especial dos Concellos da sur da provincia de Pontevedra.","publisher":{"@id":"https:\/\/www.anovapeneira.gal\/#organization"},"potentialAction":[{"@type":"SearchAction","target":{"@type":"EntryPoint","urlTemplate":"https:\/\/www.anovapeneira.gal\/?s={search_term_string}"},"query-input":{"@type":"PropertyValueSpecification","valueRequired":true,"valueName":"search_term_string"}}],"inLanguage":"gl-ES"},{"@type":"Organization","@id":"https:\/\/www.anovapeneira.gal\/#organization","name":"A Nova Peneira","url":"https:\/\/www.anovapeneira.gal\/","logo":{"@type":"ImageObject","inLanguage":"gl-ES","@id":"https:\/\/www.anovapeneira.gal\/#\/schema\/logo\/image\/","url":"http:\/\/www.anovapeneira.gal\/wp-content\/uploads\/2019\/06\/logo_a_nova_peneira_portal_web.png","contentUrl":"http:\/\/www.anovapeneira.gal\/wp-content\/uploads\/2019\/06\/logo_a_nova_peneira_portal_web.png","width":300,"height":100,"caption":"A Nova Peneira"},"image":{"@id":"https:\/\/www.anovapeneira.gal\/#\/schema\/logo\/image\/"},"sameAs":["https:\/\/www.facebook.com\/anovapeneira","https:\/\/x.com\/APeneira"]},{"@type":"Person","@id":"https:\/\/www.anovapeneira.gal\/#\/schema\/person\/b93e3f8932e3f8da96334607eb6ac6aa","name":"Redacci\u00f3n A Nova Peneira","image":{"@type":"ImageObject","inLanguage":"gl-ES","@id":"https:\/\/secure.gravatar.com\/avatar\/c052a2551a06e23fac63626232eaa90abd78dbcf1700fc46a2b2c89fd27b735f?s=96&d=mm&r=g","url":"https:\/\/secure.gravatar.com\/avatar\/c052a2551a06e23fac63626232eaa90abd78dbcf1700fc46a2b2c89fd27b735f?s=96&d=mm&r=g","contentUrl":"https:\/\/secure.gravatar.com\/avatar\/c052a2551a06e23fac63626232eaa90abd78dbcf1700fc46a2b2c89fd27b735f?s=96&d=mm&r=g","caption":"Redacci\u00f3n A Nova Peneira"},"sameAs":["http:\/\/www.anovapeneira.gal\/"],"url":"https:\/\/www.anovapeneira.gal\/index.php\/author\/redactor\/"}]}},"jetpack_featured_media_url":"https:\/\/www.anovapeneira.gal\/wp-content\/uploads\/2019\/07\/teatro_morcego_a_nova_peneira.jpg","_links":{"self":[{"href":"https:\/\/www.anovapeneira.gal\/index.php\/wp-json\/wp\/v2\/posts\/738","targetHints":{"allow":["GET"]}}],"collection":[{"href":"https:\/\/www.anovapeneira.gal\/index.php\/wp-json\/wp\/v2\/posts"}],"about":[{"href":"https:\/\/www.anovapeneira.gal\/index.php\/wp-json\/wp\/v2\/types\/post"}],"author":[{"embeddable":true,"href":"https:\/\/www.anovapeneira.gal\/index.php\/wp-json\/wp\/v2\/users\/3"}],"replies":[{"embeddable":true,"href":"https:\/\/www.anovapeneira.gal\/index.php\/wp-json\/wp\/v2\/comments?post=738"}],"version-history":[{"count":2,"href":"https:\/\/www.anovapeneira.gal\/index.php\/wp-json\/wp\/v2\/posts\/738\/revisions"}],"predecessor-version":[{"id":740,"href":"https:\/\/www.anovapeneira.gal\/index.php\/wp-json\/wp\/v2\/posts\/738\/revisions\/740"}],"wp:featuredmedia":[{"embeddable":true,"href":"https:\/\/www.anovapeneira.gal\/index.php\/wp-json\/wp\/v2\/media\/720"}],"wp:attachment":[{"href":"https:\/\/www.anovapeneira.gal\/index.php\/wp-json\/wp\/v2\/media?parent=738"}],"wp:term":[{"taxonomy":"category","embeddable":true,"href":"https:\/\/www.anovapeneira.gal\/index.php\/wp-json\/wp\/v2\/categories?post=738"},{"taxonomy":"post_tag","embeddable":true,"href":"https:\/\/www.anovapeneira.gal\/index.php\/wp-json\/wp\/v2\/tags?post=738"}],"curies":[{"name":"wp","href":"https:\/\/api.w.org\/{rel}","templated":true}]}}