{"id":7386,"date":"2022-05-02T12:00:35","date_gmt":"2022-05-02T10:00:35","guid":{"rendered":"https:\/\/www.anovapeneira.gal\/?p=7386"},"modified":"2022-04-28T09:50:18","modified_gmt":"2022-04-28T07:50:18","slug":"un-raio-de-esperanza-no-iemen","status":"publish","type":"post","link":"https:\/\/www.anovapeneira.gal\/index.php\/2022\/05\/02\/un-raio-de-esperanza-no-iemen\/","title":{"rendered":"Un raio de esperanza no Iemen"},"content":{"rendered":"\n<figure class=\"wp-block-image size-large is-resized is-style-default\"><img loading=\"lazy\" decoding=\"async\" src=\"http:\/\/www.anovapeneira.gal\/wp-content\/uploads\/2020\/12\/Xurxo-Agra-do-Pazo.jpg\" alt=\"\" class=\"wp-image-4554\" width=\"95\" height=\"115\"\/><figcaption>Xurxo Agra. Especialista en pol\u00edtica internacional<\/figcaption><\/figure>\n\n\n\n<p>O pasado s\u00e1bado 2 de abril, coincidindo co inicio do mes sagrado musulm\u00e1n do Ramad\u00e1n, deu comezo unha tregua de dous meses no Iemen, que sup\u00f3n a primeira gran interrupci\u00f3n das hostilidades desde 2016 e o paso m\u00e1is significativo cara a resoluci\u00f3n dun conflito que provocou a peor crise humanitaria do planeta e que nos \u00faltimos meses experimentara unha not\u00e1bel intensificaci\u00f3n.<\/p>\n\n\n\n<p>Os hut\u00edes, cuxa maior\u00eda practica o isl\u00e1m zaid\u00ed xi\u00edta, son un movemento pol\u00edtico e militar orixinario do norte do Iemen, tam\u00e9n co\u00f1ecido como Ansar Allah, que controla importantes partes do pa\u00eds onde vive a maior\u00eda da poboaci\u00f3n, inclu\u00edda a capital San\u00e1, que tomaron en 2014. Nos \u00faltimos meses puxeron o foco na toma da estrat\u00e9xica rexi\u00f3n de Marib, a principal rexi\u00f3n produtora de petr\u00f3leo e \u00faltimo basti\u00f3n no norte do goberno reco\u00f1ecido internacionalmente do Iemen.<\/p>\n\n\n\n<p>Pola s\u00faa banda a coalici\u00f3n liderada por Arabia Saudita, que conta co apoio de varios pa\u00edses \u00e1rabes e occidentais, interv\u00e9n militarmente no Iemen en marzo de 2015 para combater os hut\u00edes, restaurar o goberno do Presidente Abd-Rabbu Mansour Hadi e reverter o que consideran crecente influencia iraniana na rexi\u00f3n.<\/p>\n\n\n\n<p>En 2017 xorde o Consello Transitorio Sure\u00f1o, apoiado polos EAU, separatistas que procuran a independencia do sur do Iemen e que controlan importantes partes do pa\u00eds, inclu\u00edda a cidade portuaria de Aden, sede temporal do goberno iemen\u00ed. En 2020 fan parte do gabinete do Presidente Hadi como parte dun acordo de poder compartido, mais a relaci\u00f3n \u00e9 tensa.<\/p>\n\n\n\n<p>2022 veu marcado por unha forte escalada no conflito. Xaneiro rexistrou m\u00e1is v\u00edtimas civ\u00eds que todo o 2021, sendo probabelmente o peor mes en 7 anos de guerra. Mentres a coalici\u00f3n realizou m\u00e1is de 1.400 ataques a\u00e9reos no Iemen, as forzas hut\u00edes lanzaron 40 operaci\u00f3ns militares sobre infraestruturas estrat\u00e9xicas en Arabia Saudita e os EAU, inclu\u00edndo aeroportos, campos de gas e petroleiros no Mar Vermello.<\/p>\n\n\n\n<p>O pa\u00eds est\u00e1 en ruinas e a econom\u00eda destrozada no medio dun bloqueo da coalici\u00f3n, que limitou o acceso a comida, combust\u00edbel e outros produtos non esenciais. Como consecuencia produciuse unha inflaci\u00f3n impar\u00e1bel, os prezos da comida increment\u00e1ronse m\u00e1is do dobre en 2021, e a moeda iemen\u00ed caeu ao seu nivel m\u00e1is baixo a finais do pasado ano.<\/p>\n\n\n\n<p>O impacto da guerra \u00e9 devastador. Polo menos 4 mill\u00f3ns de persoas foron desprazadas e est\u00edmase que a guerra matou 377.000 persoas a finais de 2021 (o 70% nenos), das cales o 60% indirectamente a trav\u00e9s da fame e enfermidade. M\u00e1is do 80% dos 30 mill\u00f3ns de iemen\u00edes vive por debaixo do umbral da pobreza (2 de cada 3 na pobreza extrema) nun pa\u00eds onde o acceso \u00e1 auga non est\u00e1 garantido, 14,5 mill\u00f3ns enfr\u00f3ntanse a un perigo inminente de fame e 20 mill\u00f3ns precisan asistencia humanitaria.<\/p>\n\n\n\n<p>A comezos de ano, o Programa Mundial de Alimentos veuse forzado a reducir as raci\u00f3ns de comida para 8 mill\u00f3ns de persoas debido \u00e1 escaseza de fondos, con familias recibindo apenas a metade da cesta da compra m\u00ednima estandar. Case a metade dos nenos menores de 5 anos sofren malnutrici\u00f3n cr\u00f3nica e moitas familias vense obrigadas a enviar os seus fillos a traballar ou mendigar nas r\u00faas.<\/p>\n\n\n\n<p>Se as previsi\u00f3ns eran demoledoras para este 2022, con estimaci\u00f3ns que alertaban da posibilidade de que 19 mill\u00f3ns pasaran fame na segunda metade do ano, a extrema situaci\u00f3n humanitaria a\u00ednda pode empeorar, dado que o pa\u00eds depende case enteiramente de importaci\u00f3ns de alimentos e o conflito en Ucra\u00edna est\u00e1 a aumentar o prezo do trigo e pode chegar a\u00ednda a interromper a subministraci\u00f3n.<\/p>\n\n\n\n<p>A tregua acordada polos hut\u00edes e o goberno do Iemen, benvida por EEUU e Ir\u00e1n, que sup\u00f3n un cesamento de todas as operaci\u00f3ns ofensivas militares por terra, mar e aire, ofrece un raio de esperanza e un alivio moi necesario para a poboaci\u00f3n iemen\u00ed. As partes semellan exhaustas, conscientes de que non van ga\u00f1ar a guerra e preparadas para buscar soluci\u00f3n a unha guerra civil, cun gran compe\u00f1ente internacional, que o pasado 26 de marzo entraba no seu oitavo ano.<\/p>\n\n\n\n<p>Os hut\u00edes creron durante moito tempo que o seu triunfo era inevit\u00e1bel mais sofriron un gran rev\u00e9s en Marib, sitiada durante m\u00e1is dun ano, e a intervenci\u00f3n saud\u00ed foi un fracaso: non restaurou Hadi no poder; reforzou os lazos entre os hut\u00edes e Ir\u00e1n; o conflito expandiuse a Arabia Saudita e EAU; a carga econ\u00f3mica da guerra; e o dano da s\u00faa reputaci\u00f3n internacional tras as numerosas violaci\u00f3ns dos dereitos humanos.<\/p>\n\n\n\n<p>O xoves 7 de abril, no \u00faltimo d\u00eda das conversas celebradas en Riad polo Consello de Cooperaci\u00f3n do Golfo para abordar a situaci\u00f3n do Iemen, que comezaran o 30 de marzo coa ausencia dos hut\u00edes, debido a s\u00faa negativa a participar en conversas en territorio saudita, o exiliado presidente do Iemen, Hadi, a instancias de Riad, anunciou que transfer\u00eda os seus poderes a un Consello Presidencial, que agrupa representantes dos diferentes grupos anti-hut\u00edes e ter\u00e1 a tarefa de negociar un cesamento do fogo permanente.<\/p>\n\n\n\n<p>A falta de alternativas e a lexitimidade internacional mantiveron Hadi no poder durante 10 anos malia atoparse exiliado en Riad e ser impopular. Subordinado a Arabia Saudita, foi un presidente visto como un l\u00edder accidental, pois \u00eda estar no poder durante os dous anos de transici\u00f3n cara a democracia no Iemen, que foi incapaz de liderar as forzas gubernamentais durante a guerra que arrasou o pa\u00eds.<\/p>\n\n\n\n<p>Mais c\u00f3mpre ser moi prudentes ante un proceso que vir\u00e1 cheo de dificultades. O Consello Presidencial, criticado polos hut\u00edes por ser imposto por estranxeiros e non representativo, ter\u00e1 dificultades para manterse unido, pois os diferentes intereses est\u00e1n destinados a chocar. Amais rexistr\u00e1ronse xa varios ataques en Marib, refuxio de centos de milleiros de iemen\u00edes desprazados pola guerra (pasou de 300.000 habitantes a m\u00e1is de 2 mill\u00f3ns desde 2015), e os hut\u00edes critican que o goberno iemen\u00ed e a coalici\u00f3n, que controla o espazo a\u00e9reo e mar\u00edtimo do Iemen, non est\u00e1n a cumprir a s\u00faa parte do acordo, que incl\u00fae o libre acceso ao porto de Hodeidah para barcos con combust\u00edbel e a reanudaci\u00f3n dos voos desde o aeroporto de San\u00e1, pechado a voos comerciais desde agosto de 2016.<\/p>\n\n\n\n<p>O sistema tribal, a divisi\u00f3n norte-sur, os grupos xihadistas, os actores locais e estranxeiros forman parte da complexa realidade iemen\u00ed, polo que a gran cantidade de diferentes intereses presentes no Iemen fai dif\u00edcil establecer un progn\u00f3stico sobre o futuro do pa\u00eds.<\/p>\n","protected":false},"excerpt":{"rendered":"<div class=\"mh-excerpt\"><p>O pasado s\u00e1bado 2 de abril, coincidindo co inicio do mes sagrado musulm\u00e1n do Ramad\u00e1n, deu comezo unha tregua de dous meses no Iemen, que sup\u00f3n a primeira gran interrupci\u00f3n das hostilidades desde 2016 e o paso m\u00e1is significativo cara a resoluci\u00f3n dun conflito que provocou a peor crise humanitaria do planeta e que nos \u00faltimos meses experimentara unha not\u00e1bel intensificaci\u00f3n <a class=\"mh-excerpt-more\" href=\"https:\/\/www.anovapeneira.gal\/index.php\/2022\/05\/02\/un-raio-de-esperanza-no-iemen\/\" title=\"Un raio de esperanza no Iemen\">[&#8230;]<\/a><\/p>\n<\/div>","protected":false},"author":35,"featured_media":584,"comment_status":"open","ping_status":"open","sticky":false,"template":"","format":"standard","meta":{"_exactmetrics_skip_tracking":false,"_exactmetrics_sitenote_active":false,"_exactmetrics_sitenote_note":"","_exactmetrics_sitenote_category":0,"footnotes":""},"categories":[7],"tags":[507],"class_list":{"0":"post-7386","1":"post","2":"type-post","3":"status-publish","4":"format-standard","5":"has-post-thumbnail","7":"category-artigos-de-opinion","8":"tag-internacional"},"yoast_head":"<!-- This site is optimized with the Yoast SEO plugin v27.4 - https:\/\/yoast.com\/product\/yoast-seo-wordpress\/ -->\n<title>Un raio de esperanza no Iemen -<\/title>\n<meta name=\"description\" content=\"O pasado s\u00e1bado 2 de abril, coincidindo co inicio do mes sagrado musulm\u00e1n do Ramad\u00e1n, deu comezo unha tregua de dous meses no Iemen\" \/>\n<meta name=\"robots\" content=\"index, follow, max-snippet:-1, max-image-preview:large, max-video-preview:-1\" \/>\n<link rel=\"canonical\" href=\"https:\/\/www.anovapeneira.gal\/index.php\/2022\/05\/02\/un-raio-de-esperanza-no-iemen\/\" \/>\n<meta property=\"og:locale\" content=\"gl_ES\" \/>\n<meta property=\"og:type\" content=\"article\" \/>\n<meta property=\"og:title\" content=\"Un raio de esperanza no Iemen -\" \/>\n<meta property=\"og:description\" content=\"O pasado s\u00e1bado 2 de abril, coincidindo co inicio do mes sagrado musulm\u00e1n do Ramad\u00e1n, deu comezo unha tregua de dous meses no Iemen\" \/>\n<meta property=\"og:url\" content=\"https:\/\/www.anovapeneira.gal\/index.php\/2022\/05\/02\/un-raio-de-esperanza-no-iemen\/\" \/>\n<meta property=\"article:publisher\" content=\"https:\/\/www.facebook.com\/anovapeneira\" \/>\n<meta property=\"article:published_time\" content=\"2022-05-02T10:00:35+00:00\" \/>\n<meta property=\"og:image\" content=\"https:\/\/www.anovapeneira.gal\/wp-content\/uploads\/2019\/07\/ARTIGO_DE_OPINION_A_NOVA_PENEIRA.jpg\" \/>\n\t<meta property=\"og:image:width\" content=\"720\" \/>\n\t<meta property=\"og:image:height\" content=\"473\" \/>\n\t<meta property=\"og:image:type\" content=\"image\/jpeg\" \/>\n<meta name=\"author\" content=\"Xurxo Agra\" \/>\n<meta name=\"twitter:card\" content=\"summary_large_image\" \/>\n<meta name=\"twitter:image\" content=\"https:\/\/www.anovapeneira.gal\/wp-content\/uploads\/2019\/07\/ARTIGO_DE_OPINION_A_NOVA_PENEIRA.jpg\" \/>\n<meta name=\"twitter:creator\" content=\"@APeneira\" \/>\n<meta name=\"twitter:site\" content=\"@APeneira\" \/>\n<meta name=\"twitter:label1\" content=\"Escrito por\" \/>\n\t<meta name=\"twitter:data1\" content=\"Xurxo Agra\" \/>\n\t<meta name=\"twitter:label2\" content=\"Tempo de lectura\" \/>\n\t<meta name=\"twitter:data2\" content=\"6 minutos\" \/>\n<script type=\"application\/ld+json\" class=\"yoast-schema-graph\">{\"@context\":\"https:\\\/\\\/schema.org\",\"@graph\":[{\"@type\":\"Article\",\"@id\":\"https:\\\/\\\/www.anovapeneira.gal\\\/index.php\\\/2022\\\/05\\\/02\\\/un-raio-de-esperanza-no-iemen\\\/#article\",\"isPartOf\":{\"@id\":\"https:\\\/\\\/www.anovapeneira.gal\\\/index.php\\\/2022\\\/05\\\/02\\\/un-raio-de-esperanza-no-iemen\\\/\"},\"author\":{\"name\":\"Xurxo Agra\",\"@id\":\"https:\\\/\\\/www.anovapeneira.gal\\\/#\\\/schema\\\/person\\\/a366bebab0087abcaac646148d290ba6\"},\"headline\":\"Un raio de esperanza no Iemen\",\"datePublished\":\"2022-05-02T10:00:35+00:00\",\"mainEntityOfPage\":{\"@id\":\"https:\\\/\\\/www.anovapeneira.gal\\\/index.php\\\/2022\\\/05\\\/02\\\/un-raio-de-esperanza-no-iemen\\\/\"},\"wordCount\":1150,\"commentCount\":0,\"publisher\":{\"@id\":\"https:\\\/\\\/www.anovapeneira.gal\\\/#organization\"},\"image\":{\"@id\":\"https:\\\/\\\/www.anovapeneira.gal\\\/index.php\\\/2022\\\/05\\\/02\\\/un-raio-de-esperanza-no-iemen\\\/#primaryimage\"},\"thumbnailUrl\":\"https:\\\/\\\/www.anovapeneira.gal\\\/wp-content\\\/uploads\\\/2019\\\/07\\\/ARTIGO_DE_OPINION_A_NOVA_PENEIRA.jpg\",\"keywords\":[\"Internacional\"],\"articleSection\":[\"Artigos de opini\u00f3n\"],\"inLanguage\":\"gl-ES\",\"potentialAction\":[{\"@type\":\"CommentAction\",\"name\":\"Comment\",\"target\":[\"https:\\\/\\\/www.anovapeneira.gal\\\/index.php\\\/2022\\\/05\\\/02\\\/un-raio-de-esperanza-no-iemen\\\/#respond\"]}]},{\"@type\":\"WebPage\",\"@id\":\"https:\\\/\\\/www.anovapeneira.gal\\\/index.php\\\/2022\\\/05\\\/02\\\/un-raio-de-esperanza-no-iemen\\\/\",\"url\":\"https:\\\/\\\/www.anovapeneira.gal\\\/index.php\\\/2022\\\/05\\\/02\\\/un-raio-de-esperanza-no-iemen\\\/\",\"name\":\"Un raio de esperanza no Iemen -\",\"isPartOf\":{\"@id\":\"https:\\\/\\\/www.anovapeneira.gal\\\/#website\"},\"primaryImageOfPage\":{\"@id\":\"https:\\\/\\\/www.anovapeneira.gal\\\/index.php\\\/2022\\\/05\\\/02\\\/un-raio-de-esperanza-no-iemen\\\/#primaryimage\"},\"image\":{\"@id\":\"https:\\\/\\\/www.anovapeneira.gal\\\/index.php\\\/2022\\\/05\\\/02\\\/un-raio-de-esperanza-no-iemen\\\/#primaryimage\"},\"thumbnailUrl\":\"https:\\\/\\\/www.anovapeneira.gal\\\/wp-content\\\/uploads\\\/2019\\\/07\\\/ARTIGO_DE_OPINION_A_NOVA_PENEIRA.jpg\",\"datePublished\":\"2022-05-02T10:00:35+00:00\",\"description\":\"O pasado s\u00e1bado 2 de abril, coincidindo co inicio do mes sagrado musulm\u00e1n do Ramad\u00e1n, deu comezo unha tregua de dous meses no Iemen\",\"breadcrumb\":{\"@id\":\"https:\\\/\\\/www.anovapeneira.gal\\\/index.php\\\/2022\\\/05\\\/02\\\/un-raio-de-esperanza-no-iemen\\\/#breadcrumb\"},\"inLanguage\":\"gl-ES\",\"potentialAction\":[{\"@type\":\"ReadAction\",\"target\":[\"https:\\\/\\\/www.anovapeneira.gal\\\/index.php\\\/2022\\\/05\\\/02\\\/un-raio-de-esperanza-no-iemen\\\/\"]}]},{\"@type\":\"ImageObject\",\"inLanguage\":\"gl-ES\",\"@id\":\"https:\\\/\\\/www.anovapeneira.gal\\\/index.php\\\/2022\\\/05\\\/02\\\/un-raio-de-esperanza-no-iemen\\\/#primaryimage\",\"url\":\"https:\\\/\\\/www.anovapeneira.gal\\\/wp-content\\\/uploads\\\/2019\\\/07\\\/ARTIGO_DE_OPINION_A_NOVA_PENEIRA.jpg\",\"contentUrl\":\"https:\\\/\\\/www.anovapeneira.gal\\\/wp-content\\\/uploads\\\/2019\\\/07\\\/ARTIGO_DE_OPINION_A_NOVA_PENEIRA.jpg\",\"width\":720,\"height\":473,\"caption\":\"Artigo de opini\u00f3n A Nova Peneira\"},{\"@type\":\"BreadcrumbList\",\"@id\":\"https:\\\/\\\/www.anovapeneira.gal\\\/index.php\\\/2022\\\/05\\\/02\\\/un-raio-de-esperanza-no-iemen\\\/#breadcrumb\",\"itemListElement\":[{\"@type\":\"ListItem\",\"position\":1,\"name\":\"Portada\",\"item\":\"https:\\\/\\\/www.anovapeneira.gal\\\/\"},{\"@type\":\"ListItem\",\"position\":2,\"name\":\"Un raio de esperanza no Iemen\"}]},{\"@type\":\"WebSite\",\"@id\":\"https:\\\/\\\/www.anovapeneira.gal\\\/#website\",\"url\":\"https:\\\/\\\/www.anovapeneira.gal\\\/\",\"name\":\"\",\"description\":\"Xornal galego de informaci\u00f3n xeral Publicaci\u00f3n mensual de novas de Galicia e en especial dos Concellos da sur da provincia de Pontevedra.\",\"publisher\":{\"@id\":\"https:\\\/\\\/www.anovapeneira.gal\\\/#organization\"},\"potentialAction\":[{\"@type\":\"SearchAction\",\"target\":{\"@type\":\"EntryPoint\",\"urlTemplate\":\"https:\\\/\\\/www.anovapeneira.gal\\\/?s={search_term_string}\"},\"query-input\":{\"@type\":\"PropertyValueSpecification\",\"valueRequired\":true,\"valueName\":\"search_term_string\"}}],\"inLanguage\":\"gl-ES\"},{\"@type\":\"Organization\",\"@id\":\"https:\\\/\\\/www.anovapeneira.gal\\\/#organization\",\"name\":\"A Nova Peneira\",\"url\":\"https:\\\/\\\/www.anovapeneira.gal\\\/\",\"logo\":{\"@type\":\"ImageObject\",\"inLanguage\":\"gl-ES\",\"@id\":\"https:\\\/\\\/www.anovapeneira.gal\\\/#\\\/schema\\\/logo\\\/image\\\/\",\"url\":\"http:\\\/\\\/www.anovapeneira.gal\\\/wp-content\\\/uploads\\\/2019\\\/06\\\/logo_a_nova_peneira_portal_web.png\",\"contentUrl\":\"http:\\\/\\\/www.anovapeneira.gal\\\/wp-content\\\/uploads\\\/2019\\\/06\\\/logo_a_nova_peneira_portal_web.png\",\"width\":300,\"height\":100,\"caption\":\"A Nova Peneira\"},\"image\":{\"@id\":\"https:\\\/\\\/www.anovapeneira.gal\\\/#\\\/schema\\\/logo\\\/image\\\/\"},\"sameAs\":[\"https:\\\/\\\/www.facebook.com\\\/anovapeneira\",\"https:\\\/\\\/x.com\\\/APeneira\"]},{\"@type\":\"Person\",\"@id\":\"https:\\\/\\\/www.anovapeneira.gal\\\/#\\\/schema\\\/person\\\/a366bebab0087abcaac646148d290ba6\",\"name\":\"Xurxo Agra\",\"image\":{\"@type\":\"ImageObject\",\"inLanguage\":\"gl-ES\",\"@id\":\"https:\\\/\\\/secure.gravatar.com\\\/avatar\\\/2393f992666bf58af5aa00ae513f24da53518b6d1531c6fd7b2e60fde1026c15?s=96&d=mm&r=g\",\"url\":\"https:\\\/\\\/secure.gravatar.com\\\/avatar\\\/2393f992666bf58af5aa00ae513f24da53518b6d1531c6fd7b2e60fde1026c15?s=96&d=mm&r=g\",\"contentUrl\":\"https:\\\/\\\/secure.gravatar.com\\\/avatar\\\/2393f992666bf58af5aa00ae513f24da53518b6d1531c6fd7b2e60fde1026c15?s=96&d=mm&r=g\",\"caption\":\"Xurxo Agra\"},\"url\":\"https:\\\/\\\/www.anovapeneira.gal\\\/index.php\\\/author\\\/xurxoagra\\\/\"}]}<\/script>\n<!-- \/ Yoast SEO plugin. -->","yoast_head_json":{"title":"Un raio de esperanza no Iemen -","description":"O pasado s\u00e1bado 2 de abril, coincidindo co inicio do mes sagrado musulm\u00e1n do Ramad\u00e1n, deu comezo unha tregua de dous meses no Iemen","robots":{"index":"index","follow":"follow","max-snippet":"max-snippet:-1","max-image-preview":"max-image-preview:large","max-video-preview":"max-video-preview:-1"},"canonical":"https:\/\/www.anovapeneira.gal\/index.php\/2022\/05\/02\/un-raio-de-esperanza-no-iemen\/","og_locale":"gl_ES","og_type":"article","og_title":"Un raio de esperanza no Iemen -","og_description":"O pasado s\u00e1bado 2 de abril, coincidindo co inicio do mes sagrado musulm\u00e1n do Ramad\u00e1n, deu comezo unha tregua de dous meses no Iemen","og_url":"https:\/\/www.anovapeneira.gal\/index.php\/2022\/05\/02\/un-raio-de-esperanza-no-iemen\/","article_publisher":"https:\/\/www.facebook.com\/anovapeneira","article_published_time":"2022-05-02T10:00:35+00:00","og_image":[{"width":720,"height":473,"url":"https:\/\/www.anovapeneira.gal\/wp-content\/uploads\/2019\/07\/ARTIGO_DE_OPINION_A_NOVA_PENEIRA.jpg","type":"image\/jpeg"}],"author":"Xurxo Agra","twitter_card":"summary_large_image","twitter_image":"https:\/\/www.anovapeneira.gal\/wp-content\/uploads\/2019\/07\/ARTIGO_DE_OPINION_A_NOVA_PENEIRA.jpg","twitter_creator":"@APeneira","twitter_site":"@APeneira","twitter_misc":{"Escrito por":"Xurxo Agra","Tempo de lectura":"6 minutos"},"schema":{"@context":"https:\/\/schema.org","@graph":[{"@type":"Article","@id":"https:\/\/www.anovapeneira.gal\/index.php\/2022\/05\/02\/un-raio-de-esperanza-no-iemen\/#article","isPartOf":{"@id":"https:\/\/www.anovapeneira.gal\/index.php\/2022\/05\/02\/un-raio-de-esperanza-no-iemen\/"},"author":{"name":"Xurxo Agra","@id":"https:\/\/www.anovapeneira.gal\/#\/schema\/person\/a366bebab0087abcaac646148d290ba6"},"headline":"Un raio de esperanza no Iemen","datePublished":"2022-05-02T10:00:35+00:00","mainEntityOfPage":{"@id":"https:\/\/www.anovapeneira.gal\/index.php\/2022\/05\/02\/un-raio-de-esperanza-no-iemen\/"},"wordCount":1150,"commentCount":0,"publisher":{"@id":"https:\/\/www.anovapeneira.gal\/#organization"},"image":{"@id":"https:\/\/www.anovapeneira.gal\/index.php\/2022\/05\/02\/un-raio-de-esperanza-no-iemen\/#primaryimage"},"thumbnailUrl":"https:\/\/www.anovapeneira.gal\/wp-content\/uploads\/2019\/07\/ARTIGO_DE_OPINION_A_NOVA_PENEIRA.jpg","keywords":["Internacional"],"articleSection":["Artigos de opini\u00f3n"],"inLanguage":"gl-ES","potentialAction":[{"@type":"CommentAction","name":"Comment","target":["https:\/\/www.anovapeneira.gal\/index.php\/2022\/05\/02\/un-raio-de-esperanza-no-iemen\/#respond"]}]},{"@type":"WebPage","@id":"https:\/\/www.anovapeneira.gal\/index.php\/2022\/05\/02\/un-raio-de-esperanza-no-iemen\/","url":"https:\/\/www.anovapeneira.gal\/index.php\/2022\/05\/02\/un-raio-de-esperanza-no-iemen\/","name":"Un raio de esperanza no Iemen -","isPartOf":{"@id":"https:\/\/www.anovapeneira.gal\/#website"},"primaryImageOfPage":{"@id":"https:\/\/www.anovapeneira.gal\/index.php\/2022\/05\/02\/un-raio-de-esperanza-no-iemen\/#primaryimage"},"image":{"@id":"https:\/\/www.anovapeneira.gal\/index.php\/2022\/05\/02\/un-raio-de-esperanza-no-iemen\/#primaryimage"},"thumbnailUrl":"https:\/\/www.anovapeneira.gal\/wp-content\/uploads\/2019\/07\/ARTIGO_DE_OPINION_A_NOVA_PENEIRA.jpg","datePublished":"2022-05-02T10:00:35+00:00","description":"O pasado s\u00e1bado 2 de abril, coincidindo co inicio do mes sagrado musulm\u00e1n do Ramad\u00e1n, deu comezo unha tregua de dous meses no Iemen","breadcrumb":{"@id":"https:\/\/www.anovapeneira.gal\/index.php\/2022\/05\/02\/un-raio-de-esperanza-no-iemen\/#breadcrumb"},"inLanguage":"gl-ES","potentialAction":[{"@type":"ReadAction","target":["https:\/\/www.anovapeneira.gal\/index.php\/2022\/05\/02\/un-raio-de-esperanza-no-iemen\/"]}]},{"@type":"ImageObject","inLanguage":"gl-ES","@id":"https:\/\/www.anovapeneira.gal\/index.php\/2022\/05\/02\/un-raio-de-esperanza-no-iemen\/#primaryimage","url":"https:\/\/www.anovapeneira.gal\/wp-content\/uploads\/2019\/07\/ARTIGO_DE_OPINION_A_NOVA_PENEIRA.jpg","contentUrl":"https:\/\/www.anovapeneira.gal\/wp-content\/uploads\/2019\/07\/ARTIGO_DE_OPINION_A_NOVA_PENEIRA.jpg","width":720,"height":473,"caption":"Artigo de opini\u00f3n A Nova Peneira"},{"@type":"BreadcrumbList","@id":"https:\/\/www.anovapeneira.gal\/index.php\/2022\/05\/02\/un-raio-de-esperanza-no-iemen\/#breadcrumb","itemListElement":[{"@type":"ListItem","position":1,"name":"Portada","item":"https:\/\/www.anovapeneira.gal\/"},{"@type":"ListItem","position":2,"name":"Un raio de esperanza no Iemen"}]},{"@type":"WebSite","@id":"https:\/\/www.anovapeneira.gal\/#website","url":"https:\/\/www.anovapeneira.gal\/","name":"","description":"Xornal galego de informaci\u00f3n xeral Publicaci\u00f3n mensual de novas de Galicia e en especial dos Concellos da sur da provincia de Pontevedra.","publisher":{"@id":"https:\/\/www.anovapeneira.gal\/#organization"},"potentialAction":[{"@type":"SearchAction","target":{"@type":"EntryPoint","urlTemplate":"https:\/\/www.anovapeneira.gal\/?s={search_term_string}"},"query-input":{"@type":"PropertyValueSpecification","valueRequired":true,"valueName":"search_term_string"}}],"inLanguage":"gl-ES"},{"@type":"Organization","@id":"https:\/\/www.anovapeneira.gal\/#organization","name":"A Nova Peneira","url":"https:\/\/www.anovapeneira.gal\/","logo":{"@type":"ImageObject","inLanguage":"gl-ES","@id":"https:\/\/www.anovapeneira.gal\/#\/schema\/logo\/image\/","url":"http:\/\/www.anovapeneira.gal\/wp-content\/uploads\/2019\/06\/logo_a_nova_peneira_portal_web.png","contentUrl":"http:\/\/www.anovapeneira.gal\/wp-content\/uploads\/2019\/06\/logo_a_nova_peneira_portal_web.png","width":300,"height":100,"caption":"A Nova Peneira"},"image":{"@id":"https:\/\/www.anovapeneira.gal\/#\/schema\/logo\/image\/"},"sameAs":["https:\/\/www.facebook.com\/anovapeneira","https:\/\/x.com\/APeneira"]},{"@type":"Person","@id":"https:\/\/www.anovapeneira.gal\/#\/schema\/person\/a366bebab0087abcaac646148d290ba6","name":"Xurxo Agra","image":{"@type":"ImageObject","inLanguage":"gl-ES","@id":"https:\/\/secure.gravatar.com\/avatar\/2393f992666bf58af5aa00ae513f24da53518b6d1531c6fd7b2e60fde1026c15?s=96&d=mm&r=g","url":"https:\/\/secure.gravatar.com\/avatar\/2393f992666bf58af5aa00ae513f24da53518b6d1531c6fd7b2e60fde1026c15?s=96&d=mm&r=g","contentUrl":"https:\/\/secure.gravatar.com\/avatar\/2393f992666bf58af5aa00ae513f24da53518b6d1531c6fd7b2e60fde1026c15?s=96&d=mm&r=g","caption":"Xurxo Agra"},"url":"https:\/\/www.anovapeneira.gal\/index.php\/author\/xurxoagra\/"}]}},"jetpack_featured_media_url":"https:\/\/www.anovapeneira.gal\/wp-content\/uploads\/2019\/07\/ARTIGO_DE_OPINION_A_NOVA_PENEIRA.jpg","_links":{"self":[{"href":"https:\/\/www.anovapeneira.gal\/index.php\/wp-json\/wp\/v2\/posts\/7386","targetHints":{"allow":["GET"]}}],"collection":[{"href":"https:\/\/www.anovapeneira.gal\/index.php\/wp-json\/wp\/v2\/posts"}],"about":[{"href":"https:\/\/www.anovapeneira.gal\/index.php\/wp-json\/wp\/v2\/types\/post"}],"author":[{"embeddable":true,"href":"https:\/\/www.anovapeneira.gal\/index.php\/wp-json\/wp\/v2\/users\/35"}],"replies":[{"embeddable":true,"href":"https:\/\/www.anovapeneira.gal\/index.php\/wp-json\/wp\/v2\/comments?post=7386"}],"version-history":[{"count":2,"href":"https:\/\/www.anovapeneira.gal\/index.php\/wp-json\/wp\/v2\/posts\/7386\/revisions"}],"predecessor-version":[{"id":7388,"href":"https:\/\/www.anovapeneira.gal\/index.php\/wp-json\/wp\/v2\/posts\/7386\/revisions\/7388"}],"wp:featuredmedia":[{"embeddable":true,"href":"https:\/\/www.anovapeneira.gal\/index.php\/wp-json\/wp\/v2\/media\/584"}],"wp:attachment":[{"href":"https:\/\/www.anovapeneira.gal\/index.php\/wp-json\/wp\/v2\/media?parent=7386"}],"wp:term":[{"taxonomy":"category","embeddable":true,"href":"https:\/\/www.anovapeneira.gal\/index.php\/wp-json\/wp\/v2\/categories?post=7386"},{"taxonomy":"post_tag","embeddable":true,"href":"https:\/\/www.anovapeneira.gal\/index.php\/wp-json\/wp\/v2\/tags?post=7386"}],"curies":[{"name":"wp","href":"https:\/\/api.w.org\/{rel}","templated":true}]}}