{"id":7389,"date":"2022-05-03T10:00:08","date_gmt":"2022-05-03T08:00:08","guid":{"rendered":"https:\/\/www.anovapeneira.gal\/?p=7389"},"modified":"2022-04-28T10:37:35","modified_gmt":"2022-04-28T08:37:35","slug":"tomino-xestiona-mais-de-6000-incidencias-mediante-a-plataforma-linea-verde","status":"publish","type":"post","link":"https:\/\/www.anovapeneira.gal\/index.php\/2022\/05\/03\/tomino-xestiona-mais-de-6000-incidencias-mediante-a-plataforma-linea-verde\/","title":{"rendered":"Tomi\u00f1o xestiona m\u00e1is de 6000 incidencias mediante a plataforma \u201cL\u00ednea Verde\u201d"},"content":{"rendered":"\n<h2 class=\"wp-block-heading\"><strong>Nestes dous \u00faltimos dous anos, o 62.32% das incidencias foron realizadas a trav\u00e9s da App m\u00f3bil , o 3,71 % a trav\u00e9s da p\u00e1xina web municipal e un 33,97 % s\u00e9guense comunicando a trav\u00e9s do rexistro do Concello<\/strong><\/h2>\n\n\n\n<p><strong>Tomi\u00f1o, 27 de abril de 2022.<\/strong><\/p>\n\n\n\n<p>A plataforma \u201cL\u00ednea Verde\u201d posta en marcha polo Concello de Tomi\u00f1o hai pouco m\u00e1is de dous anos, rexistrou nese per\u00edodo de tempo m\u00e1is de 6.000 incidencias chegadas dende todas as parroquias do municipio. A d\u00eda de hoxe pech\u00e1ronse 5761 incidencias (92,38 %), estando en tr\u00e1mite 475 (7,62%).<\/p>\n\n\n\n<p>\u201cL\u00ednea Verde\u201d \u00e9 unha ferramenta de comunicaci\u00f3n directa que permite aos veci\u00f1os e veci\u00f1as comunicar incidencias acontecidas no municipio tales como luces fundidas, fochancas no pavimento, lixo na r\u00faa ou mobiliario p\u00fablico deteriorado, entre outras.&nbsp;De todas as comunicaci\u00f3ns recibidas da veci\u00f1anza, a maior parte (36,57%) corresponden a avar\u00edas no alumeado p\u00fablico.<\/p>\n\n\n\n<p>O Concelleiro de Obras e Acci\u00f3n Rural, Alexandre P\u00e9rez Souto, precisa que o 62,32% das incidencias son realizadas a trav\u00e9s da App m\u00f3bil, o 3,71 % mediante a web municipal e o 33,97% restante comun\u00edcase no rexistro do Concello, tanto presencialmente, como por tel\u00e9fono. As\u00ed mesmo, comenta que coa incorporaci\u00f3n de novo persoal contratado dentro do Plan Concellos, estase acelerando a s\u00faa resoluci\u00f3n.<\/p>\n\n\n\n<p>Desde a s\u00faa posta en marcha en marzo do 2020, a App rexistrou m\u00e1is de 6000 incidencias, resolv\u00e9ndose <strong>9 de cada 10<\/strong>. Algunhas adoitan arranxarse en poucos d\u00edas, como as avar\u00edas no alumeado p\u00fablico, que representan un terzo do total.<strong> Cada mes o sistema rexistra unha media de entre 200 e 300 notificaci\u00f3ns<\/strong>, unha cifra que aumenta especialmente nos meses de inverno debido \u00e1s tormentas e avar\u00edas que estas causan no tendido el\u00e9ctrico. Do mesmo xeito, apr\u00e9ciase unha tendencia ascendente debido ao maior co\u00f1ecemento da aplicaci\u00f3n por parte da veci\u00f1anza, que a emprega cada vez m\u00e1is, grazas \u00e1 s\u00faa utilidade e sinxeleza.<\/p>\n\n\n\n<p>Comezar a empregala \u00e9 moi sinxelo para o usuario. Tan s\u00f3 \u00e9 necesario descargar a app \u2018L\u00ednea Verde\u2019, de xeito gratu\u00edto, a trav\u00e9s de Google Play ou da App Store, e seleccionar o municipio de Tomi\u00f1o. Para comunicar unha nova incidencia soamente hai que premer no bot\u00f3n \u2018Nova incidencia\u2019, escoller a s\u00faa tipolox\u00eda, enviar a ubicaci\u00f3n e achegar unha foto e explicaci\u00f3n breve sobre o problema.&nbsp;<\/p>\n\n\n\n<p>Este proceso de dixitalizaci\u00f3n tam\u00e9n foi asumido polo persoal do Concello; unha vez que o cidad\u00e1n env\u00eda unha notificaci\u00f3n, esta chega \u00e1 tablet de cada equipo de traballo en funci\u00f3n da natureza da incidencia, e nese momento in\u00edcianse os tr\u00e1mites para resolver o problema en cuesti\u00f3n. \u201cEste sistema facilita moito o traballo do persoal municipal, xa que permite organizar a resoluci\u00f3n das tarefas dun xeito moito m\u00e1is eficiente, ademais de proporcionar moitos datos e estat\u00edsticas a tempo real\u201d, comenta o concelleiro. Unha vez completado o proceso, o cidad\u00e1n recibe unha notificaci\u00f3n no seu m\u00f3bil informando que a incidencia foi solucionada.<\/p>\n","protected":false},"excerpt":{"rendered":"<div class=\"mh-excerpt\"><p>unicipal e un 33,97 % s\u00e9guense comunicando a trav\u00e9s do rexistro do Concello <a class=\"mh-excerpt-more\" href=\"https:\/\/www.anovapeneira.gal\/index.php\/2022\/05\/03\/tomino-xestiona-mais-de-6000-incidencias-mediante-a-plataforma-linea-verde\/\" title=\"Tomi\u00f1o xestiona m\u00e1is de 6000 incidencias mediante a plataforma \u201cL\u00ednea Verde\u201d\">[&#8230;]<\/a><\/p>\n<\/div>","protected":false},"author":3,"featured_media":7391,"comment_status":"open","ping_status":"open","sticky":false,"template":"","format":"standard","meta":{"_exactmetrics_skip_tracking":false,"_exactmetrics_sitenote_active":false,"_exactmetrics_sitenote_note":"","_exactmetrics_sitenote_category":0,"footnotes":""},"categories":[21],"tags":[81],"class_list":{"0":"post-7389","1":"post","2":"type-post","3":"status-publish","4":"format-standard","5":"has-post-thumbnail","7":"category-baixo-mino","8":"tag-concello-de-tomino"},"yoast_head":"<!-- This site is optimized with the Yoast SEO plugin v27.4 - https:\/\/yoast.com\/product\/yoast-seo-wordpress\/ -->\n<title>Tomi\u00f1o xestiona m\u00e1is de 6000 incidencias mediante a plataforma \u201cL\u00ednea Verde\u201d -<\/title>\n<meta name=\"description\" content=\"unicipal e un 33,97 % s\u00e9guense comunicando a trav\u00e9s do rexistro do Concello\" \/>\n<meta name=\"robots\" content=\"index, follow, max-snippet:-1, max-image-preview:large, max-video-preview:-1\" \/>\n<link rel=\"canonical\" href=\"https:\/\/www.anovapeneira.gal\/index.php\/2022\/05\/03\/tomino-xestiona-mais-de-6000-incidencias-mediante-a-plataforma-linea-verde\/\" \/>\n<meta property=\"og:locale\" content=\"gl_ES\" \/>\n<meta property=\"og:type\" content=\"article\" \/>\n<meta property=\"og:title\" content=\"Tomi\u00f1o xestiona m\u00e1is de 6000 incidencias mediante a plataforma \u201cL\u00ednea Verde\u201d -\" \/>\n<meta property=\"og:description\" content=\"unicipal e un 33,97 % s\u00e9guense comunicando a trav\u00e9s do rexistro do Concello\" \/>\n<meta property=\"og:url\" content=\"https:\/\/www.anovapeneira.gal\/index.php\/2022\/05\/03\/tomino-xestiona-mais-de-6000-incidencias-mediante-a-plataforma-linea-verde\/\" \/>\n<meta property=\"article:publisher\" content=\"https:\/\/www.facebook.com\/anovapeneira\" \/>\n<meta property=\"article:published_time\" content=\"2022-05-03T08:00:08+00:00\" \/>\n<meta property=\"og:image\" content=\"https:\/\/www.anovapeneira.gal\/wp-content\/uploads\/2022\/04\/tominho-verde.jpg\" \/>\n\t<meta property=\"og:image:width\" content=\"720\" \/>\n\t<meta property=\"og:image:height\" content=\"432\" \/>\n\t<meta property=\"og:image:type\" content=\"image\/jpeg\" \/>\n<meta name=\"author\" content=\"Redacci\u00f3n A Nova Peneira\" \/>\n<meta name=\"twitter:card\" content=\"summary_large_image\" \/>\n<meta name=\"twitter:creator\" content=\"@APeneira\" \/>\n<meta name=\"twitter:site\" content=\"@APeneira\" \/>\n<meta name=\"twitter:label1\" content=\"Escrito por\" \/>\n\t<meta name=\"twitter:data1\" content=\"Redacci\u00f3n A Nova Peneira\" \/>\n\t<meta name=\"twitter:label2\" content=\"Tempo de lectura\" \/>\n\t<meta name=\"twitter:data2\" content=\"3 minutos\" \/>\n<script type=\"application\/ld+json\" class=\"yoast-schema-graph\">{\"@context\":\"https:\\\/\\\/schema.org\",\"@graph\":[{\"@type\":\"Article\",\"@id\":\"https:\\\/\\\/www.anovapeneira.gal\\\/index.php\\\/2022\\\/05\\\/03\\\/tomino-xestiona-mais-de-6000-incidencias-mediante-a-plataforma-linea-verde\\\/#article\",\"isPartOf\":{\"@id\":\"https:\\\/\\\/www.anovapeneira.gal\\\/index.php\\\/2022\\\/05\\\/03\\\/tomino-xestiona-mais-de-6000-incidencias-mediante-a-plataforma-linea-verde\\\/\"},\"author\":{\"name\":\"Redacci\u00f3n A Nova Peneira\",\"@id\":\"https:\\\/\\\/www.anovapeneira.gal\\\/#\\\/schema\\\/person\\\/b93e3f8932e3f8da96334607eb6ac6aa\"},\"headline\":\"Tomi\u00f1o xestiona m\u00e1is de 6000 incidencias mediante a plataforma \u201cL\u00ednea Verde\u201d\",\"datePublished\":\"2022-05-03T08:00:08+00:00\",\"mainEntityOfPage\":{\"@id\":\"https:\\\/\\\/www.anovapeneira.gal\\\/index.php\\\/2022\\\/05\\\/03\\\/tomino-xestiona-mais-de-6000-incidencias-mediante-a-plataforma-linea-verde\\\/\"},\"wordCount\":532,\"commentCount\":0,\"publisher\":{\"@id\":\"https:\\\/\\\/www.anovapeneira.gal\\\/#organization\"},\"image\":{\"@id\":\"https:\\\/\\\/www.anovapeneira.gal\\\/index.php\\\/2022\\\/05\\\/03\\\/tomino-xestiona-mais-de-6000-incidencias-mediante-a-plataforma-linea-verde\\\/#primaryimage\"},\"thumbnailUrl\":\"https:\\\/\\\/www.anovapeneira.gal\\\/wp-content\\\/uploads\\\/2022\\\/04\\\/tominho-verde.jpg\",\"keywords\":[\"Concello de Tomi\u00f1o\"],\"articleSection\":[\"Baixo Mi\u00f1o\"],\"inLanguage\":\"gl-ES\",\"potentialAction\":[{\"@type\":\"CommentAction\",\"name\":\"Comment\",\"target\":[\"https:\\\/\\\/www.anovapeneira.gal\\\/index.php\\\/2022\\\/05\\\/03\\\/tomino-xestiona-mais-de-6000-incidencias-mediante-a-plataforma-linea-verde\\\/#respond\"]}]},{\"@type\":\"WebPage\",\"@id\":\"https:\\\/\\\/www.anovapeneira.gal\\\/index.php\\\/2022\\\/05\\\/03\\\/tomino-xestiona-mais-de-6000-incidencias-mediante-a-plataforma-linea-verde\\\/\",\"url\":\"https:\\\/\\\/www.anovapeneira.gal\\\/index.php\\\/2022\\\/05\\\/03\\\/tomino-xestiona-mais-de-6000-incidencias-mediante-a-plataforma-linea-verde\\\/\",\"name\":\"Tomi\u00f1o xestiona m\u00e1is de 6000 incidencias mediante a plataforma \u201cL\u00ednea Verde\u201d -\",\"isPartOf\":{\"@id\":\"https:\\\/\\\/www.anovapeneira.gal\\\/#website\"},\"primaryImageOfPage\":{\"@id\":\"https:\\\/\\\/www.anovapeneira.gal\\\/index.php\\\/2022\\\/05\\\/03\\\/tomino-xestiona-mais-de-6000-incidencias-mediante-a-plataforma-linea-verde\\\/#primaryimage\"},\"image\":{\"@id\":\"https:\\\/\\\/www.anovapeneira.gal\\\/index.php\\\/2022\\\/05\\\/03\\\/tomino-xestiona-mais-de-6000-incidencias-mediante-a-plataforma-linea-verde\\\/#primaryimage\"},\"thumbnailUrl\":\"https:\\\/\\\/www.anovapeneira.gal\\\/wp-content\\\/uploads\\\/2022\\\/04\\\/tominho-verde.jpg\",\"datePublished\":\"2022-05-03T08:00:08+00:00\",\"description\":\"unicipal e un 33,97 % s\u00e9guense comunicando a trav\u00e9s do rexistro do Concello\",\"breadcrumb\":{\"@id\":\"https:\\\/\\\/www.anovapeneira.gal\\\/index.php\\\/2022\\\/05\\\/03\\\/tomino-xestiona-mais-de-6000-incidencias-mediante-a-plataforma-linea-verde\\\/#breadcrumb\"},\"inLanguage\":\"gl-ES\",\"potentialAction\":[{\"@type\":\"ReadAction\",\"target\":[\"https:\\\/\\\/www.anovapeneira.gal\\\/index.php\\\/2022\\\/05\\\/03\\\/tomino-xestiona-mais-de-6000-incidencias-mediante-a-plataforma-linea-verde\\\/\"]}]},{\"@type\":\"ImageObject\",\"inLanguage\":\"gl-ES\",\"@id\":\"https:\\\/\\\/www.anovapeneira.gal\\\/index.php\\\/2022\\\/05\\\/03\\\/tomino-xestiona-mais-de-6000-incidencias-mediante-a-plataforma-linea-verde\\\/#primaryimage\",\"url\":\"https:\\\/\\\/www.anovapeneira.gal\\\/wp-content\\\/uploads\\\/2022\\\/04\\\/tominho-verde.jpg\",\"contentUrl\":\"https:\\\/\\\/www.anovapeneira.gal\\\/wp-content\\\/uploads\\\/2022\\\/04\\\/tominho-verde.jpg\",\"width\":720,\"height\":432,\"caption\":\"Tomi\u00f1o verde\"},{\"@type\":\"BreadcrumbList\",\"@id\":\"https:\\\/\\\/www.anovapeneira.gal\\\/index.php\\\/2022\\\/05\\\/03\\\/tomino-xestiona-mais-de-6000-incidencias-mediante-a-plataforma-linea-verde\\\/#breadcrumb\",\"itemListElement\":[{\"@type\":\"ListItem\",\"position\":1,\"name\":\"Portada\",\"item\":\"https:\\\/\\\/www.anovapeneira.gal\\\/\"},{\"@type\":\"ListItem\",\"position\":2,\"name\":\"Tomi\u00f1o xestiona m\u00e1is de 6000 incidencias mediante a plataforma \u201cL\u00ednea Verde\u201d\"}]},{\"@type\":\"WebSite\",\"@id\":\"https:\\\/\\\/www.anovapeneira.gal\\\/#website\",\"url\":\"https:\\\/\\\/www.anovapeneira.gal\\\/\",\"name\":\"\",\"description\":\"Xornal galego de informaci\u00f3n xeral Publicaci\u00f3n mensual de novas de Galicia e en especial dos Concellos da sur da provincia de Pontevedra.\",\"publisher\":{\"@id\":\"https:\\\/\\\/www.anovapeneira.gal\\\/#organization\"},\"potentialAction\":[{\"@type\":\"SearchAction\",\"target\":{\"@type\":\"EntryPoint\",\"urlTemplate\":\"https:\\\/\\\/www.anovapeneira.gal\\\/?s={search_term_string}\"},\"query-input\":{\"@type\":\"PropertyValueSpecification\",\"valueRequired\":true,\"valueName\":\"search_term_string\"}}],\"inLanguage\":\"gl-ES\"},{\"@type\":\"Organization\",\"@id\":\"https:\\\/\\\/www.anovapeneira.gal\\\/#organization\",\"name\":\"A Nova Peneira\",\"url\":\"https:\\\/\\\/www.anovapeneira.gal\\\/\",\"logo\":{\"@type\":\"ImageObject\",\"inLanguage\":\"gl-ES\",\"@id\":\"https:\\\/\\\/www.anovapeneira.gal\\\/#\\\/schema\\\/logo\\\/image\\\/\",\"url\":\"http:\\\/\\\/www.anovapeneira.gal\\\/wp-content\\\/uploads\\\/2019\\\/06\\\/logo_a_nova_peneira_portal_web.png\",\"contentUrl\":\"http:\\\/\\\/www.anovapeneira.gal\\\/wp-content\\\/uploads\\\/2019\\\/06\\\/logo_a_nova_peneira_portal_web.png\",\"width\":300,\"height\":100,\"caption\":\"A Nova Peneira\"},\"image\":{\"@id\":\"https:\\\/\\\/www.anovapeneira.gal\\\/#\\\/schema\\\/logo\\\/image\\\/\"},\"sameAs\":[\"https:\\\/\\\/www.facebook.com\\\/anovapeneira\",\"https:\\\/\\\/x.com\\\/APeneira\"]},{\"@type\":\"Person\",\"@id\":\"https:\\\/\\\/www.anovapeneira.gal\\\/#\\\/schema\\\/person\\\/b93e3f8932e3f8da96334607eb6ac6aa\",\"name\":\"Redacci\u00f3n A Nova Peneira\",\"image\":{\"@type\":\"ImageObject\",\"inLanguage\":\"gl-ES\",\"@id\":\"https:\\\/\\\/secure.gravatar.com\\\/avatar\\\/c052a2551a06e23fac63626232eaa90abd78dbcf1700fc46a2b2c89fd27b735f?s=96&d=mm&r=g\",\"url\":\"https:\\\/\\\/secure.gravatar.com\\\/avatar\\\/c052a2551a06e23fac63626232eaa90abd78dbcf1700fc46a2b2c89fd27b735f?s=96&d=mm&r=g\",\"contentUrl\":\"https:\\\/\\\/secure.gravatar.com\\\/avatar\\\/c052a2551a06e23fac63626232eaa90abd78dbcf1700fc46a2b2c89fd27b735f?s=96&d=mm&r=g\",\"caption\":\"Redacci\u00f3n A Nova Peneira\"},\"sameAs\":[\"http:\\\/\\\/www.anovapeneira.gal\\\/\"],\"url\":\"https:\\\/\\\/www.anovapeneira.gal\\\/index.php\\\/author\\\/redactor\\\/\"}]}<\/script>\n<!-- \/ Yoast SEO plugin. -->","yoast_head_json":{"title":"Tomi\u00f1o xestiona m\u00e1is de 6000 incidencias mediante a plataforma \u201cL\u00ednea Verde\u201d -","description":"unicipal e un 33,97 % s\u00e9guense comunicando a trav\u00e9s do rexistro do Concello","robots":{"index":"index","follow":"follow","max-snippet":"max-snippet:-1","max-image-preview":"max-image-preview:large","max-video-preview":"max-video-preview:-1"},"canonical":"https:\/\/www.anovapeneira.gal\/index.php\/2022\/05\/03\/tomino-xestiona-mais-de-6000-incidencias-mediante-a-plataforma-linea-verde\/","og_locale":"gl_ES","og_type":"article","og_title":"Tomi\u00f1o xestiona m\u00e1is de 6000 incidencias mediante a plataforma \u201cL\u00ednea Verde\u201d -","og_description":"unicipal e un 33,97 % s\u00e9guense comunicando a trav\u00e9s do rexistro do Concello","og_url":"https:\/\/www.anovapeneira.gal\/index.php\/2022\/05\/03\/tomino-xestiona-mais-de-6000-incidencias-mediante-a-plataforma-linea-verde\/","article_publisher":"https:\/\/www.facebook.com\/anovapeneira","article_published_time":"2022-05-03T08:00:08+00:00","og_image":[{"width":720,"height":432,"url":"https:\/\/www.anovapeneira.gal\/wp-content\/uploads\/2022\/04\/tominho-verde.jpg","type":"image\/jpeg"}],"author":"Redacci\u00f3n A Nova Peneira","twitter_card":"summary_large_image","twitter_creator":"@APeneira","twitter_site":"@APeneira","twitter_misc":{"Escrito por":"Redacci\u00f3n A Nova Peneira","Tempo de lectura":"3 minutos"},"schema":{"@context":"https:\/\/schema.org","@graph":[{"@type":"Article","@id":"https:\/\/www.anovapeneira.gal\/index.php\/2022\/05\/03\/tomino-xestiona-mais-de-6000-incidencias-mediante-a-plataforma-linea-verde\/#article","isPartOf":{"@id":"https:\/\/www.anovapeneira.gal\/index.php\/2022\/05\/03\/tomino-xestiona-mais-de-6000-incidencias-mediante-a-plataforma-linea-verde\/"},"author":{"name":"Redacci\u00f3n A Nova Peneira","@id":"https:\/\/www.anovapeneira.gal\/#\/schema\/person\/b93e3f8932e3f8da96334607eb6ac6aa"},"headline":"Tomi\u00f1o xestiona m\u00e1is de 6000 incidencias mediante a plataforma \u201cL\u00ednea Verde\u201d","datePublished":"2022-05-03T08:00:08+00:00","mainEntityOfPage":{"@id":"https:\/\/www.anovapeneira.gal\/index.php\/2022\/05\/03\/tomino-xestiona-mais-de-6000-incidencias-mediante-a-plataforma-linea-verde\/"},"wordCount":532,"commentCount":0,"publisher":{"@id":"https:\/\/www.anovapeneira.gal\/#organization"},"image":{"@id":"https:\/\/www.anovapeneira.gal\/index.php\/2022\/05\/03\/tomino-xestiona-mais-de-6000-incidencias-mediante-a-plataforma-linea-verde\/#primaryimage"},"thumbnailUrl":"https:\/\/www.anovapeneira.gal\/wp-content\/uploads\/2022\/04\/tominho-verde.jpg","keywords":["Concello de Tomi\u00f1o"],"articleSection":["Baixo Mi\u00f1o"],"inLanguage":"gl-ES","potentialAction":[{"@type":"CommentAction","name":"Comment","target":["https:\/\/www.anovapeneira.gal\/index.php\/2022\/05\/03\/tomino-xestiona-mais-de-6000-incidencias-mediante-a-plataforma-linea-verde\/#respond"]}]},{"@type":"WebPage","@id":"https:\/\/www.anovapeneira.gal\/index.php\/2022\/05\/03\/tomino-xestiona-mais-de-6000-incidencias-mediante-a-plataforma-linea-verde\/","url":"https:\/\/www.anovapeneira.gal\/index.php\/2022\/05\/03\/tomino-xestiona-mais-de-6000-incidencias-mediante-a-plataforma-linea-verde\/","name":"Tomi\u00f1o xestiona m\u00e1is de 6000 incidencias mediante a plataforma \u201cL\u00ednea Verde\u201d -","isPartOf":{"@id":"https:\/\/www.anovapeneira.gal\/#website"},"primaryImageOfPage":{"@id":"https:\/\/www.anovapeneira.gal\/index.php\/2022\/05\/03\/tomino-xestiona-mais-de-6000-incidencias-mediante-a-plataforma-linea-verde\/#primaryimage"},"image":{"@id":"https:\/\/www.anovapeneira.gal\/index.php\/2022\/05\/03\/tomino-xestiona-mais-de-6000-incidencias-mediante-a-plataforma-linea-verde\/#primaryimage"},"thumbnailUrl":"https:\/\/www.anovapeneira.gal\/wp-content\/uploads\/2022\/04\/tominho-verde.jpg","datePublished":"2022-05-03T08:00:08+00:00","description":"unicipal e un 33,97 % s\u00e9guense comunicando a trav\u00e9s do rexistro do Concello","breadcrumb":{"@id":"https:\/\/www.anovapeneira.gal\/index.php\/2022\/05\/03\/tomino-xestiona-mais-de-6000-incidencias-mediante-a-plataforma-linea-verde\/#breadcrumb"},"inLanguage":"gl-ES","potentialAction":[{"@type":"ReadAction","target":["https:\/\/www.anovapeneira.gal\/index.php\/2022\/05\/03\/tomino-xestiona-mais-de-6000-incidencias-mediante-a-plataforma-linea-verde\/"]}]},{"@type":"ImageObject","inLanguage":"gl-ES","@id":"https:\/\/www.anovapeneira.gal\/index.php\/2022\/05\/03\/tomino-xestiona-mais-de-6000-incidencias-mediante-a-plataforma-linea-verde\/#primaryimage","url":"https:\/\/www.anovapeneira.gal\/wp-content\/uploads\/2022\/04\/tominho-verde.jpg","contentUrl":"https:\/\/www.anovapeneira.gal\/wp-content\/uploads\/2022\/04\/tominho-verde.jpg","width":720,"height":432,"caption":"Tomi\u00f1o verde"},{"@type":"BreadcrumbList","@id":"https:\/\/www.anovapeneira.gal\/index.php\/2022\/05\/03\/tomino-xestiona-mais-de-6000-incidencias-mediante-a-plataforma-linea-verde\/#breadcrumb","itemListElement":[{"@type":"ListItem","position":1,"name":"Portada","item":"https:\/\/www.anovapeneira.gal\/"},{"@type":"ListItem","position":2,"name":"Tomi\u00f1o xestiona m\u00e1is de 6000 incidencias mediante a plataforma \u201cL\u00ednea Verde\u201d"}]},{"@type":"WebSite","@id":"https:\/\/www.anovapeneira.gal\/#website","url":"https:\/\/www.anovapeneira.gal\/","name":"","description":"Xornal galego de informaci\u00f3n xeral Publicaci\u00f3n mensual de novas de Galicia e en especial dos Concellos da sur da provincia de Pontevedra.","publisher":{"@id":"https:\/\/www.anovapeneira.gal\/#organization"},"potentialAction":[{"@type":"SearchAction","target":{"@type":"EntryPoint","urlTemplate":"https:\/\/www.anovapeneira.gal\/?s={search_term_string}"},"query-input":{"@type":"PropertyValueSpecification","valueRequired":true,"valueName":"search_term_string"}}],"inLanguage":"gl-ES"},{"@type":"Organization","@id":"https:\/\/www.anovapeneira.gal\/#organization","name":"A Nova Peneira","url":"https:\/\/www.anovapeneira.gal\/","logo":{"@type":"ImageObject","inLanguage":"gl-ES","@id":"https:\/\/www.anovapeneira.gal\/#\/schema\/logo\/image\/","url":"http:\/\/www.anovapeneira.gal\/wp-content\/uploads\/2019\/06\/logo_a_nova_peneira_portal_web.png","contentUrl":"http:\/\/www.anovapeneira.gal\/wp-content\/uploads\/2019\/06\/logo_a_nova_peneira_portal_web.png","width":300,"height":100,"caption":"A Nova Peneira"},"image":{"@id":"https:\/\/www.anovapeneira.gal\/#\/schema\/logo\/image\/"},"sameAs":["https:\/\/www.facebook.com\/anovapeneira","https:\/\/x.com\/APeneira"]},{"@type":"Person","@id":"https:\/\/www.anovapeneira.gal\/#\/schema\/person\/b93e3f8932e3f8da96334607eb6ac6aa","name":"Redacci\u00f3n A Nova Peneira","image":{"@type":"ImageObject","inLanguage":"gl-ES","@id":"https:\/\/secure.gravatar.com\/avatar\/c052a2551a06e23fac63626232eaa90abd78dbcf1700fc46a2b2c89fd27b735f?s=96&d=mm&r=g","url":"https:\/\/secure.gravatar.com\/avatar\/c052a2551a06e23fac63626232eaa90abd78dbcf1700fc46a2b2c89fd27b735f?s=96&d=mm&r=g","contentUrl":"https:\/\/secure.gravatar.com\/avatar\/c052a2551a06e23fac63626232eaa90abd78dbcf1700fc46a2b2c89fd27b735f?s=96&d=mm&r=g","caption":"Redacci\u00f3n A Nova Peneira"},"sameAs":["http:\/\/www.anovapeneira.gal\/"],"url":"https:\/\/www.anovapeneira.gal\/index.php\/author\/redactor\/"}]}},"jetpack_featured_media_url":"https:\/\/www.anovapeneira.gal\/wp-content\/uploads\/2022\/04\/tominho-verde.jpg","_links":{"self":[{"href":"https:\/\/www.anovapeneira.gal\/index.php\/wp-json\/wp\/v2\/posts\/7389","targetHints":{"allow":["GET"]}}],"collection":[{"href":"https:\/\/www.anovapeneira.gal\/index.php\/wp-json\/wp\/v2\/posts"}],"about":[{"href":"https:\/\/www.anovapeneira.gal\/index.php\/wp-json\/wp\/v2\/types\/post"}],"author":[{"embeddable":true,"href":"https:\/\/www.anovapeneira.gal\/index.php\/wp-json\/wp\/v2\/users\/3"}],"replies":[{"embeddable":true,"href":"https:\/\/www.anovapeneira.gal\/index.php\/wp-json\/wp\/v2\/comments?post=7389"}],"version-history":[{"count":2,"href":"https:\/\/www.anovapeneira.gal\/index.php\/wp-json\/wp\/v2\/posts\/7389\/revisions"}],"predecessor-version":[{"id":7392,"href":"https:\/\/www.anovapeneira.gal\/index.php\/wp-json\/wp\/v2\/posts\/7389\/revisions\/7392"}],"wp:featuredmedia":[{"embeddable":true,"href":"https:\/\/www.anovapeneira.gal\/index.php\/wp-json\/wp\/v2\/media\/7391"}],"wp:attachment":[{"href":"https:\/\/www.anovapeneira.gal\/index.php\/wp-json\/wp\/v2\/media?parent=7389"}],"wp:term":[{"taxonomy":"category","embeddable":true,"href":"https:\/\/www.anovapeneira.gal\/index.php\/wp-json\/wp\/v2\/categories?post=7389"},{"taxonomy":"post_tag","embeddable":true,"href":"https:\/\/www.anovapeneira.gal\/index.php\/wp-json\/wp\/v2\/tags?post=7389"}],"curies":[{"name":"wp","href":"https:\/\/api.w.org\/{rel}","templated":true}]}}