{"id":7432,"date":"2022-05-09T12:00:51","date_gmt":"2022-05-09T10:00:51","guid":{"rendered":"https:\/\/www.anovapeneira.gal\/?p=7432"},"modified":"2022-05-04T17:11:17","modified_gmt":"2022-05-04T15:11:17","slug":"menos-impostos-mais-recortes","status":"publish","type":"post","link":"https:\/\/www.anovapeneira.gal\/index.php\/2022\/05\/09\/menos-impostos-mais-recortes\/","title":{"rendered":"Menos impostos, m\u00e1is recortes"},"content":{"rendered":"\n<figure class=\"wp-block-image size-large is-resized\"><img loading=\"lazy\" decoding=\"async\" src=\"http:\/\/www.anovapeneira.gal\/wp-content\/uploads\/2019\/07\/pedro_cortegoso_opinion_a_nova_peneira_bn.jpg\" alt=\"Pedro M. Cortegoso Gago Artigo Opini\u00f3n A Nova Peneira\" class=\"wp-image-464\" width=\"95\" height=\"111\"\/><figcaption>Pedro M. Cortegoso Gago Traballador do Centro de Sa\u00fade de Moa\u00f1a<\/figcaption><\/figure>\n\n\n\n<p>\u00c9 un mantra de case todos os partidos sist\u00e9micos propo\u00f1er recortes de impostos como a panacea para solucionar todos os males econ\u00f3micos das familias, a clase media, as pequenas e medianas empresas, etc.<\/p>\n\n\n\n<p>O PP, na s\u00faa nova etapa con Feijoo \u00e1 fronte, inicia a s\u00faa andaina coa mesma vella e caduca proposta de baixar os impostos. Regala os nosos o\u00eddos coa reduci\u00f3n do IRPF, do IVE e non sei cantas cousas m\u00e1is.<\/p>\n\n\n\n<p>Esta melod\u00eda xa a temos moi escoitada na Galiza e sabemos o que significa. Non temos necesidade de acudir a un tradutor para decat\u00e1rmonos de que as baixadas de impostos son sempre para as rendas m\u00e1is altas e, ademais, supo\u00f1en o recorte dos servizos p\u00fablicos e a xustificaci\u00f3n para desviar fondos ao sector privado. Recortes en sanidade, en servizos sociais, etc. As matem\u00e1ticas non fallan, son unha ciencia exacta, e se restamos ingresos tam\u00e9n temos que restar en gasto ou investimento.<\/p>\n\n\n\n<p>Os galegos e galegas levamos tempo pagando as consecuencias de ter un goberno enganchado \u00e1s \u201cbaixadas de impostos\u201d. O mesmo goberno que puxo unha taxa ao consumo de auga duplicando o prezo dos recibos que pagamos todas as vivendas galegas.<\/p>\n\n\n\n<p><strong>A sanidade p\u00fablica galega foi unha das principais \u201cbeneficiadas\u201d desta pol\u00edtica fiscal de baixadas de impostos.<\/strong><\/p>\n\n\n\n<p>S\u00f3 temos que dar unha volta estes d\u00edas polo servizo de urxencias do Hospital Montecelo par comprobar a situaci\u00f3n lament\u00e1bel en que se atopa. Podemos ver cos nosos ollos como non s\u00f3 os corredores est\u00e1n cheos de padiolas con pacientes esperando, tam\u00e9n a sala de espera para os\/as acompa\u00f1antes serven como almac\u00e9n improvisado de pacientes.<\/p>\n\n\n\n<p>Unha imaxe m\u00e1is propia dun hospital de campa\u00f1a, que non coincide coa propaganda oficial da Xunta do PP que n\u00f3s vende a \u201cmellor sanidade p\u00fablica do mundo\u201d. E todo isto a pesares da magnifica atenci\u00f3n e o bo facer do desbordado persoal de urxencias.<\/p>\n\n\n\n<p>Outra das consecuencias de todo isto \u00e9 o incremento das listas de agarda para ser operado pola falta de persoal ou por deixar de operar polas tardes. E o Sergas como alternativa deriva aos pacientes a centros privados, un negocio redondo para estas empresas ben relacionadas coas autoridades sanitarias.<\/p>\n\n\n\n<p><strong>A Atenci\u00f3n Primaria a gran prexudicada polos recortes.<\/strong><\/p>\n\n\n\n<p>A saturaci\u00f3n das urxencias hospitalarias ten unha causa principal que \u00e9 o desmantelamento da Atenci\u00f3n Primaria. A falta de persoal sanitario e administrativo nos centros de sa\u00fade e nos Puntos de Atenci\u00f3n Continuada provocan que moita xente acuda \u00e1s urxencias hospitalarias, colapsando o servizo, para solucionar os seus problemas de sa\u00fade.<\/p>\n\n\n\n<p>Non fai moito o centro de sa\u00fade de Mar\u00edn quedou con tan s\u00f3 catro m\u00e9dicos\/as para atender a unha poboaci\u00f3n de 25,000 habitantes. E que poden facer eses catro m\u00e9dicos\/as? Poden levar un seguimento das persoas enfermas? Non, atendendo a cincuenta ou sesenta pacientes ao d\u00eda s\u00f3 poden facer xesti\u00f3ns administrativas como baixas e partes ou atender urxencias.<\/p>\n\n\n\n<p>Esta non \u00e9 unha situaci\u00f3n excepcional. O normal en Mar\u00edn \u00e9 a falla de m\u00e9dicos\/as, xa que levamos tempo sen ter todas as prazas cubertas. Como tam\u00e9n ven sendo habitual as ausencias no PAC cando hai que atender urxencias f\u00f3ra do centro e queda o servizo desatendido.<\/p>\n\n\n\n<p>A Atenci\u00f3n Primaria est\u00e1 padecendo como ning\u00fan outro servizo p\u00fablico a pol\u00edtica de baixada de impostos da \u201cescola neoliberal\u201d e o desv\u00edo de recursos \u00e1 sanidade privada. Reduci\u00f3n de orzamentos, falta de persoal, maltrato nas condici\u00f3ns laborais, etc, isto \u00e9 o que ven facendo o goberno do PP estes anos.<\/p>\n\n\n\n<p>Esta foi unha das prioridades do PP nos \u00faltimos anos, desfacer a Atenci\u00f3n Primaria. Para iso empreg\u00e1ronse a fondo reducindo cada ano as partidas orzamentarias e facendo unha pol\u00edtica de persoal que botou f\u00f3ra a un gran n\u00famero de profesionais de todas categor\u00edas. Reino Unido, Portugal, Alema\u00f1a, etc, foron o destino de moitos que buscaron mellores condici\u00f3ns laborais e salarios m\u00e1is altos.<\/p>\n\n\n\n<p>Hoxe non chegan os m\u00e9dicos\/as, non hai pediatras, e o respons\u00e1bel, o que ten as competencias en sanidade, bota bal\u00f3ns f\u00f3ra e di que a culpa \u00e9 de outros.<\/p>\n\n\n\n<p>En Mar\u00edn xa levamos d\u00faas manifestaci\u00f3ns contra o deterioro da sanidade convocadas pola Plataforma den Defensa do Centro de Sa\u00fade de Seixo, unha en Seixo e outra en Mar\u00edn, para demandar melloras nos dous centros de sa\u00fade.<\/p>\n\n\n\n<p>De momento as autoridades sanitarias non fixeron ren. Teremos que continuar coas mobilizaci\u00f3ns para facernos escoitar.<\/p>\n\n\n\n<p>Mar\u00edn, 2 de maio de 2022.<\/p>\n","protected":false},"excerpt":{"rendered":"<div class=\"mh-excerpt\"><p>\u00c9 un mantra de case todos os partidos sist\u00e9micos propo\u00f1er recortes de impostos como a panacea para solucionar todos os males econ\u00f3micos das familias, a clase media, as pequenas e medianas empresas, etc <a class=\"mh-excerpt-more\" href=\"https:\/\/www.anovapeneira.gal\/index.php\/2022\/05\/09\/menos-impostos-mais-recortes\/\" title=\"Menos impostos, m\u00e1is recortes\">[&#8230;]<\/a><\/p>\n<\/div>","protected":false},"author":4,"featured_media":584,"comment_status":"open","ping_status":"open","sticky":false,"template":"","format":"standard","meta":{"_exactmetrics_skip_tracking":false,"_exactmetrics_sitenote_active":false,"_exactmetrics_sitenote_note":"","_exactmetrics_sitenote_category":0,"footnotes":""},"categories":[7],"tags":[129],"class_list":{"0":"post-7432","1":"post","2":"type-post","3":"status-publish","4":"format-standard","5":"has-post-thumbnail","7":"category-artigos-de-opinion","8":"tag-sanidade"},"yoast_head":"<!-- This site is optimized with the Yoast SEO plugin v27.4 - https:\/\/yoast.com\/product\/yoast-seo-wordpress\/ -->\n<title>Menos impostos, m\u00e1is recortes -<\/title>\n<meta name=\"description\" content=\"\u00c9 un mantra de case todos os partidos sist\u00e9micos propo\u00f1er recortes de impostos como a panacea para solucionar todos os males econ\u00f3micos das familias, a clase media, as pequenas e medianas empresas, etc\" \/>\n<meta name=\"robots\" content=\"index, follow, max-snippet:-1, max-image-preview:large, max-video-preview:-1\" \/>\n<link rel=\"canonical\" href=\"https:\/\/www.anovapeneira.gal\/index.php\/2022\/05\/09\/menos-impostos-mais-recortes\/\" \/>\n<meta property=\"og:locale\" content=\"gl_ES\" \/>\n<meta property=\"og:type\" content=\"article\" \/>\n<meta property=\"og:title\" content=\"Menos impostos, m\u00e1is recortes -\" \/>\n<meta property=\"og:description\" content=\"\u00c9 un mantra de case todos os partidos sist\u00e9micos propo\u00f1er recortes de impostos como a panacea para solucionar todos os males econ\u00f3micos das familias, a clase media, as pequenas e medianas empresas, etc\" \/>\n<meta property=\"og:url\" content=\"https:\/\/www.anovapeneira.gal\/index.php\/2022\/05\/09\/menos-impostos-mais-recortes\/\" \/>\n<meta property=\"article:publisher\" content=\"https:\/\/www.facebook.com\/anovapeneira\" \/>\n<meta property=\"article:published_time\" content=\"2022-05-09T10:00:51+00:00\" \/>\n<meta property=\"og:image\" content=\"https:\/\/www.anovapeneira.gal\/wp-content\/uploads\/2019\/07\/ARTIGO_DE_OPINION_A_NOVA_PENEIRA.jpg\" \/>\n\t<meta property=\"og:image:width\" content=\"720\" \/>\n\t<meta property=\"og:image:height\" content=\"473\" \/>\n\t<meta property=\"og:image:type\" content=\"image\/jpeg\" \/>\n<meta name=\"author\" content=\"Pedro M. Cortegoso Gago\" \/>\n<meta name=\"twitter:card\" content=\"summary_large_image\" \/>\n<meta name=\"twitter:image\" content=\"https:\/\/www.anovapeneira.gal\/wp-content\/uploads\/2019\/07\/ARTIGO_DE_OPINION_A_NOVA_PENEIRA.jpg\" \/>\n<meta name=\"twitter:creator\" content=\"@APeneira\" \/>\n<meta name=\"twitter:site\" content=\"@APeneira\" \/>\n<meta name=\"twitter:label1\" content=\"Escrito por\" \/>\n\t<meta name=\"twitter:data1\" content=\"Pedro M. Cortegoso Gago\" \/>\n\t<meta name=\"twitter:label2\" content=\"Tempo de lectura\" \/>\n\t<meta name=\"twitter:data2\" content=\"4 minutos\" \/>\n<script type=\"application\/ld+json\" class=\"yoast-schema-graph\">{\"@context\":\"https:\\\/\\\/schema.org\",\"@graph\":[{\"@type\":\"Article\",\"@id\":\"https:\\\/\\\/www.anovapeneira.gal\\\/index.php\\\/2022\\\/05\\\/09\\\/menos-impostos-mais-recortes\\\/#article\",\"isPartOf\":{\"@id\":\"https:\\\/\\\/www.anovapeneira.gal\\\/index.php\\\/2022\\\/05\\\/09\\\/menos-impostos-mais-recortes\\\/\"},\"author\":{\"name\":\"Pedro M. Cortegoso Gago\",\"@id\":\"https:\\\/\\\/www.anovapeneira.gal\\\/#\\\/schema\\\/person\\\/c04a9c9f722c9446e71ae434c0353337\"},\"headline\":\"Menos impostos, m\u00e1is recortes\",\"datePublished\":\"2022-05-09T10:00:51+00:00\",\"mainEntityOfPage\":{\"@id\":\"https:\\\/\\\/www.anovapeneira.gal\\\/index.php\\\/2022\\\/05\\\/09\\\/menos-impostos-mais-recortes\\\/\"},\"wordCount\":796,\"commentCount\":0,\"publisher\":{\"@id\":\"https:\\\/\\\/www.anovapeneira.gal\\\/#organization\"},\"image\":{\"@id\":\"https:\\\/\\\/www.anovapeneira.gal\\\/index.php\\\/2022\\\/05\\\/09\\\/menos-impostos-mais-recortes\\\/#primaryimage\"},\"thumbnailUrl\":\"https:\\\/\\\/www.anovapeneira.gal\\\/wp-content\\\/uploads\\\/2019\\\/07\\\/ARTIGO_DE_OPINION_A_NOVA_PENEIRA.jpg\",\"keywords\":[\"Sanidade\"],\"articleSection\":[\"Artigos de opini\u00f3n\"],\"inLanguage\":\"gl-ES\",\"potentialAction\":[{\"@type\":\"CommentAction\",\"name\":\"Comment\",\"target\":[\"https:\\\/\\\/www.anovapeneira.gal\\\/index.php\\\/2022\\\/05\\\/09\\\/menos-impostos-mais-recortes\\\/#respond\"]}]},{\"@type\":\"WebPage\",\"@id\":\"https:\\\/\\\/www.anovapeneira.gal\\\/index.php\\\/2022\\\/05\\\/09\\\/menos-impostos-mais-recortes\\\/\",\"url\":\"https:\\\/\\\/www.anovapeneira.gal\\\/index.php\\\/2022\\\/05\\\/09\\\/menos-impostos-mais-recortes\\\/\",\"name\":\"Menos impostos, m\u00e1is recortes -\",\"isPartOf\":{\"@id\":\"https:\\\/\\\/www.anovapeneira.gal\\\/#website\"},\"primaryImageOfPage\":{\"@id\":\"https:\\\/\\\/www.anovapeneira.gal\\\/index.php\\\/2022\\\/05\\\/09\\\/menos-impostos-mais-recortes\\\/#primaryimage\"},\"image\":{\"@id\":\"https:\\\/\\\/www.anovapeneira.gal\\\/index.php\\\/2022\\\/05\\\/09\\\/menos-impostos-mais-recortes\\\/#primaryimage\"},\"thumbnailUrl\":\"https:\\\/\\\/www.anovapeneira.gal\\\/wp-content\\\/uploads\\\/2019\\\/07\\\/ARTIGO_DE_OPINION_A_NOVA_PENEIRA.jpg\",\"datePublished\":\"2022-05-09T10:00:51+00:00\",\"description\":\"\u00c9 un mantra de case todos os partidos sist\u00e9micos propo\u00f1er recortes de impostos como a panacea para solucionar todos os males econ\u00f3micos das familias, a clase media, as pequenas e medianas empresas, etc\",\"breadcrumb\":{\"@id\":\"https:\\\/\\\/www.anovapeneira.gal\\\/index.php\\\/2022\\\/05\\\/09\\\/menos-impostos-mais-recortes\\\/#breadcrumb\"},\"inLanguage\":\"gl-ES\",\"potentialAction\":[{\"@type\":\"ReadAction\",\"target\":[\"https:\\\/\\\/www.anovapeneira.gal\\\/index.php\\\/2022\\\/05\\\/09\\\/menos-impostos-mais-recortes\\\/\"]}]},{\"@type\":\"ImageObject\",\"inLanguage\":\"gl-ES\",\"@id\":\"https:\\\/\\\/www.anovapeneira.gal\\\/index.php\\\/2022\\\/05\\\/09\\\/menos-impostos-mais-recortes\\\/#primaryimage\",\"url\":\"https:\\\/\\\/www.anovapeneira.gal\\\/wp-content\\\/uploads\\\/2019\\\/07\\\/ARTIGO_DE_OPINION_A_NOVA_PENEIRA.jpg\",\"contentUrl\":\"https:\\\/\\\/www.anovapeneira.gal\\\/wp-content\\\/uploads\\\/2019\\\/07\\\/ARTIGO_DE_OPINION_A_NOVA_PENEIRA.jpg\",\"width\":720,\"height\":473,\"caption\":\"Artigo de opini\u00f3n A Nova Peneira\"},{\"@type\":\"BreadcrumbList\",\"@id\":\"https:\\\/\\\/www.anovapeneira.gal\\\/index.php\\\/2022\\\/05\\\/09\\\/menos-impostos-mais-recortes\\\/#breadcrumb\",\"itemListElement\":[{\"@type\":\"ListItem\",\"position\":1,\"name\":\"Portada\",\"item\":\"https:\\\/\\\/www.anovapeneira.gal\\\/\"},{\"@type\":\"ListItem\",\"position\":2,\"name\":\"Menos impostos, m\u00e1is recortes\"}]},{\"@type\":\"WebSite\",\"@id\":\"https:\\\/\\\/www.anovapeneira.gal\\\/#website\",\"url\":\"https:\\\/\\\/www.anovapeneira.gal\\\/\",\"name\":\"\",\"description\":\"Xornal galego de informaci\u00f3n xeral Publicaci\u00f3n mensual de novas de Galicia e en especial dos Concellos da sur da provincia de Pontevedra.\",\"publisher\":{\"@id\":\"https:\\\/\\\/www.anovapeneira.gal\\\/#organization\"},\"potentialAction\":[{\"@type\":\"SearchAction\",\"target\":{\"@type\":\"EntryPoint\",\"urlTemplate\":\"https:\\\/\\\/www.anovapeneira.gal\\\/?s={search_term_string}\"},\"query-input\":{\"@type\":\"PropertyValueSpecification\",\"valueRequired\":true,\"valueName\":\"search_term_string\"}}],\"inLanguage\":\"gl-ES\"},{\"@type\":\"Organization\",\"@id\":\"https:\\\/\\\/www.anovapeneira.gal\\\/#organization\",\"name\":\"A Nova Peneira\",\"url\":\"https:\\\/\\\/www.anovapeneira.gal\\\/\",\"logo\":{\"@type\":\"ImageObject\",\"inLanguage\":\"gl-ES\",\"@id\":\"https:\\\/\\\/www.anovapeneira.gal\\\/#\\\/schema\\\/logo\\\/image\\\/\",\"url\":\"http:\\\/\\\/www.anovapeneira.gal\\\/wp-content\\\/uploads\\\/2019\\\/06\\\/logo_a_nova_peneira_portal_web.png\",\"contentUrl\":\"http:\\\/\\\/www.anovapeneira.gal\\\/wp-content\\\/uploads\\\/2019\\\/06\\\/logo_a_nova_peneira_portal_web.png\",\"width\":300,\"height\":100,\"caption\":\"A Nova Peneira\"},\"image\":{\"@id\":\"https:\\\/\\\/www.anovapeneira.gal\\\/#\\\/schema\\\/logo\\\/image\\\/\"},\"sameAs\":[\"https:\\\/\\\/www.facebook.com\\\/anovapeneira\",\"https:\\\/\\\/x.com\\\/APeneira\"]},{\"@type\":\"Person\",\"@id\":\"https:\\\/\\\/www.anovapeneira.gal\\\/#\\\/schema\\\/person\\\/c04a9c9f722c9446e71ae434c0353337\",\"name\":\"Pedro M. Cortegoso Gago\",\"image\":{\"@type\":\"ImageObject\",\"inLanguage\":\"gl-ES\",\"@id\":\"https:\\\/\\\/secure.gravatar.com\\\/avatar\\\/1613b27278a972c04db5c2f04fb2cbfa9edb58d6c3e2547817ecb8240eb58381?s=96&d=mm&r=g\",\"url\":\"https:\\\/\\\/secure.gravatar.com\\\/avatar\\\/1613b27278a972c04db5c2f04fb2cbfa9edb58d6c3e2547817ecb8240eb58381?s=96&d=mm&r=g\",\"contentUrl\":\"https:\\\/\\\/secure.gravatar.com\\\/avatar\\\/1613b27278a972c04db5c2f04fb2cbfa9edb58d6c3e2547817ecb8240eb58381?s=96&d=mm&r=g\",\"caption\":\"Pedro M. Cortegoso Gago\"},\"sameAs\":[\"http:\\\/\\\/anovapeneira.gal\"],\"url\":\"https:\\\/\\\/www.anovapeneira.gal\\\/index.php\\\/author\\\/opinionpcortegoso\\\/\"}]}<\/script>\n<!-- \/ Yoast SEO plugin. -->","yoast_head_json":{"title":"Menos impostos, m\u00e1is recortes -","description":"\u00c9 un mantra de case todos os partidos sist\u00e9micos propo\u00f1er recortes de impostos como a panacea para solucionar todos os males econ\u00f3micos das familias, a clase media, as pequenas e medianas empresas, etc","robots":{"index":"index","follow":"follow","max-snippet":"max-snippet:-1","max-image-preview":"max-image-preview:large","max-video-preview":"max-video-preview:-1"},"canonical":"https:\/\/www.anovapeneira.gal\/index.php\/2022\/05\/09\/menos-impostos-mais-recortes\/","og_locale":"gl_ES","og_type":"article","og_title":"Menos impostos, m\u00e1is recortes -","og_description":"\u00c9 un mantra de case todos os partidos sist\u00e9micos propo\u00f1er recortes de impostos como a panacea para solucionar todos os males econ\u00f3micos das familias, a clase media, as pequenas e medianas empresas, etc","og_url":"https:\/\/www.anovapeneira.gal\/index.php\/2022\/05\/09\/menos-impostos-mais-recortes\/","article_publisher":"https:\/\/www.facebook.com\/anovapeneira","article_published_time":"2022-05-09T10:00:51+00:00","og_image":[{"width":720,"height":473,"url":"https:\/\/www.anovapeneira.gal\/wp-content\/uploads\/2019\/07\/ARTIGO_DE_OPINION_A_NOVA_PENEIRA.jpg","type":"image\/jpeg"}],"author":"Pedro M. Cortegoso Gago","twitter_card":"summary_large_image","twitter_image":"https:\/\/www.anovapeneira.gal\/wp-content\/uploads\/2019\/07\/ARTIGO_DE_OPINION_A_NOVA_PENEIRA.jpg","twitter_creator":"@APeneira","twitter_site":"@APeneira","twitter_misc":{"Escrito por":"Pedro M. Cortegoso Gago","Tempo de lectura":"4 minutos"},"schema":{"@context":"https:\/\/schema.org","@graph":[{"@type":"Article","@id":"https:\/\/www.anovapeneira.gal\/index.php\/2022\/05\/09\/menos-impostos-mais-recortes\/#article","isPartOf":{"@id":"https:\/\/www.anovapeneira.gal\/index.php\/2022\/05\/09\/menos-impostos-mais-recortes\/"},"author":{"name":"Pedro M. Cortegoso Gago","@id":"https:\/\/www.anovapeneira.gal\/#\/schema\/person\/c04a9c9f722c9446e71ae434c0353337"},"headline":"Menos impostos, m\u00e1is recortes","datePublished":"2022-05-09T10:00:51+00:00","mainEntityOfPage":{"@id":"https:\/\/www.anovapeneira.gal\/index.php\/2022\/05\/09\/menos-impostos-mais-recortes\/"},"wordCount":796,"commentCount":0,"publisher":{"@id":"https:\/\/www.anovapeneira.gal\/#organization"},"image":{"@id":"https:\/\/www.anovapeneira.gal\/index.php\/2022\/05\/09\/menos-impostos-mais-recortes\/#primaryimage"},"thumbnailUrl":"https:\/\/www.anovapeneira.gal\/wp-content\/uploads\/2019\/07\/ARTIGO_DE_OPINION_A_NOVA_PENEIRA.jpg","keywords":["Sanidade"],"articleSection":["Artigos de opini\u00f3n"],"inLanguage":"gl-ES","potentialAction":[{"@type":"CommentAction","name":"Comment","target":["https:\/\/www.anovapeneira.gal\/index.php\/2022\/05\/09\/menos-impostos-mais-recortes\/#respond"]}]},{"@type":"WebPage","@id":"https:\/\/www.anovapeneira.gal\/index.php\/2022\/05\/09\/menos-impostos-mais-recortes\/","url":"https:\/\/www.anovapeneira.gal\/index.php\/2022\/05\/09\/menos-impostos-mais-recortes\/","name":"Menos impostos, m\u00e1is recortes -","isPartOf":{"@id":"https:\/\/www.anovapeneira.gal\/#website"},"primaryImageOfPage":{"@id":"https:\/\/www.anovapeneira.gal\/index.php\/2022\/05\/09\/menos-impostos-mais-recortes\/#primaryimage"},"image":{"@id":"https:\/\/www.anovapeneira.gal\/index.php\/2022\/05\/09\/menos-impostos-mais-recortes\/#primaryimage"},"thumbnailUrl":"https:\/\/www.anovapeneira.gal\/wp-content\/uploads\/2019\/07\/ARTIGO_DE_OPINION_A_NOVA_PENEIRA.jpg","datePublished":"2022-05-09T10:00:51+00:00","description":"\u00c9 un mantra de case todos os partidos sist\u00e9micos propo\u00f1er recortes de impostos como a panacea para solucionar todos os males econ\u00f3micos das familias, a clase media, as pequenas e medianas empresas, etc","breadcrumb":{"@id":"https:\/\/www.anovapeneira.gal\/index.php\/2022\/05\/09\/menos-impostos-mais-recortes\/#breadcrumb"},"inLanguage":"gl-ES","potentialAction":[{"@type":"ReadAction","target":["https:\/\/www.anovapeneira.gal\/index.php\/2022\/05\/09\/menos-impostos-mais-recortes\/"]}]},{"@type":"ImageObject","inLanguage":"gl-ES","@id":"https:\/\/www.anovapeneira.gal\/index.php\/2022\/05\/09\/menos-impostos-mais-recortes\/#primaryimage","url":"https:\/\/www.anovapeneira.gal\/wp-content\/uploads\/2019\/07\/ARTIGO_DE_OPINION_A_NOVA_PENEIRA.jpg","contentUrl":"https:\/\/www.anovapeneira.gal\/wp-content\/uploads\/2019\/07\/ARTIGO_DE_OPINION_A_NOVA_PENEIRA.jpg","width":720,"height":473,"caption":"Artigo de opini\u00f3n A Nova Peneira"},{"@type":"BreadcrumbList","@id":"https:\/\/www.anovapeneira.gal\/index.php\/2022\/05\/09\/menos-impostos-mais-recortes\/#breadcrumb","itemListElement":[{"@type":"ListItem","position":1,"name":"Portada","item":"https:\/\/www.anovapeneira.gal\/"},{"@type":"ListItem","position":2,"name":"Menos impostos, m\u00e1is recortes"}]},{"@type":"WebSite","@id":"https:\/\/www.anovapeneira.gal\/#website","url":"https:\/\/www.anovapeneira.gal\/","name":"","description":"Xornal galego de informaci\u00f3n xeral Publicaci\u00f3n mensual de novas de Galicia e en especial dos Concellos da sur da provincia de Pontevedra.","publisher":{"@id":"https:\/\/www.anovapeneira.gal\/#organization"},"potentialAction":[{"@type":"SearchAction","target":{"@type":"EntryPoint","urlTemplate":"https:\/\/www.anovapeneira.gal\/?s={search_term_string}"},"query-input":{"@type":"PropertyValueSpecification","valueRequired":true,"valueName":"search_term_string"}}],"inLanguage":"gl-ES"},{"@type":"Organization","@id":"https:\/\/www.anovapeneira.gal\/#organization","name":"A Nova Peneira","url":"https:\/\/www.anovapeneira.gal\/","logo":{"@type":"ImageObject","inLanguage":"gl-ES","@id":"https:\/\/www.anovapeneira.gal\/#\/schema\/logo\/image\/","url":"http:\/\/www.anovapeneira.gal\/wp-content\/uploads\/2019\/06\/logo_a_nova_peneira_portal_web.png","contentUrl":"http:\/\/www.anovapeneira.gal\/wp-content\/uploads\/2019\/06\/logo_a_nova_peneira_portal_web.png","width":300,"height":100,"caption":"A Nova Peneira"},"image":{"@id":"https:\/\/www.anovapeneira.gal\/#\/schema\/logo\/image\/"},"sameAs":["https:\/\/www.facebook.com\/anovapeneira","https:\/\/x.com\/APeneira"]},{"@type":"Person","@id":"https:\/\/www.anovapeneira.gal\/#\/schema\/person\/c04a9c9f722c9446e71ae434c0353337","name":"Pedro M. Cortegoso Gago","image":{"@type":"ImageObject","inLanguage":"gl-ES","@id":"https:\/\/secure.gravatar.com\/avatar\/1613b27278a972c04db5c2f04fb2cbfa9edb58d6c3e2547817ecb8240eb58381?s=96&d=mm&r=g","url":"https:\/\/secure.gravatar.com\/avatar\/1613b27278a972c04db5c2f04fb2cbfa9edb58d6c3e2547817ecb8240eb58381?s=96&d=mm&r=g","contentUrl":"https:\/\/secure.gravatar.com\/avatar\/1613b27278a972c04db5c2f04fb2cbfa9edb58d6c3e2547817ecb8240eb58381?s=96&d=mm&r=g","caption":"Pedro M. Cortegoso Gago"},"sameAs":["http:\/\/anovapeneira.gal"],"url":"https:\/\/www.anovapeneira.gal\/index.php\/author\/opinionpcortegoso\/"}]}},"jetpack_featured_media_url":"https:\/\/www.anovapeneira.gal\/wp-content\/uploads\/2019\/07\/ARTIGO_DE_OPINION_A_NOVA_PENEIRA.jpg","_links":{"self":[{"href":"https:\/\/www.anovapeneira.gal\/index.php\/wp-json\/wp\/v2\/posts\/7432","targetHints":{"allow":["GET"]}}],"collection":[{"href":"https:\/\/www.anovapeneira.gal\/index.php\/wp-json\/wp\/v2\/posts"}],"about":[{"href":"https:\/\/www.anovapeneira.gal\/index.php\/wp-json\/wp\/v2\/types\/post"}],"author":[{"embeddable":true,"href":"https:\/\/www.anovapeneira.gal\/index.php\/wp-json\/wp\/v2\/users\/4"}],"replies":[{"embeddable":true,"href":"https:\/\/www.anovapeneira.gal\/index.php\/wp-json\/wp\/v2\/comments?post=7432"}],"version-history":[{"count":1,"href":"https:\/\/www.anovapeneira.gal\/index.php\/wp-json\/wp\/v2\/posts\/7432\/revisions"}],"predecessor-version":[{"id":7433,"href":"https:\/\/www.anovapeneira.gal\/index.php\/wp-json\/wp\/v2\/posts\/7432\/revisions\/7433"}],"wp:featuredmedia":[{"embeddable":true,"href":"https:\/\/www.anovapeneira.gal\/index.php\/wp-json\/wp\/v2\/media\/584"}],"wp:attachment":[{"href":"https:\/\/www.anovapeneira.gal\/index.php\/wp-json\/wp\/v2\/media?parent=7432"}],"wp:term":[{"taxonomy":"category","embeddable":true,"href":"https:\/\/www.anovapeneira.gal\/index.php\/wp-json\/wp\/v2\/categories?post=7432"},{"taxonomy":"post_tag","embeddable":true,"href":"https:\/\/www.anovapeneira.gal\/index.php\/wp-json\/wp\/v2\/tags?post=7432"}],"curies":[{"name":"wp","href":"https:\/\/api.w.org\/{rel}","templated":true}]}}