{"id":7434,"date":"2022-05-09T12:00:00","date_gmt":"2022-05-09T10:00:00","guid":{"rendered":"https:\/\/www.anovapeneira.gal\/?p=7434"},"modified":"2022-05-04T17:16:22","modified_gmt":"2022-05-04T15:16:22","slug":"nace-o-encontro-galego-contra-o-cumio-da-otan-unha-iniciativa-popular-para-amosar-a-repulsa-do-pobo-galego-a-tal-organismo","status":"publish","type":"post","link":"https:\/\/www.anovapeneira.gal\/index.php\/2022\/05\/09\/nace-o-encontro-galego-contra-o-cumio-da-otan-unha-iniciativa-popular-para-amosar-a-repulsa-do-pobo-galego-a-tal-organismo\/","title":{"rendered":"Nace o \u2018Encontro Galego contra o Cumio da OTAN\u2019, unha iniciativa popular para amosar a repulsa do pobo galego a tal Organismo"},"content":{"rendered":"\n<h2 class=\"wp-block-heading\">Chaman a constru\u00edr un movemento unitario, popular e aberto de rexeitamento ao Cumio da OTAN que se celebrar\u00e1 en Madrid o 29 e 30 de xu\u00f1o<\/h2>\n\n\n\n<p>Afirman que a falla de soberan\u00eda do noso pa\u00eds conv\u00e9rteo en c\u00f3mplice pasivo da escalada imperialista.<\/p>\n\n\n\n<p>Compostela, 27 de abril de 2022. Esta ma\u00f1\u00e1 deuse a co\u00f1ecer en Compostela o \u2018Encontro Galego contra o Cumio da OTAN\u2019, conformado por persoas da sociedade civil as\u00ed como por diversas organizaci\u00f3ns antiimperialistas. Te\u00f1en como obxectivo desenvolver unha campa\u00f1a de mobilizaci\u00f3n<br>social contra o Cumio que a OTAN celebrar\u00e1 en Madrid os vindeiros 29 e 30 de xu\u00f1o.<\/p>\n\n\n\n<p>Afirman que nos atopamos nunha \u201cconxuntura internacional de ofensiva imperialista\u201d, que fai m\u00e1is<br>necesario ca nunca recuperar o esp\u00edrito dos Comit\u00e9s Anti-OTAN dos anos 80. \u201cA OTAN \u00e9 unha<br>organizaci\u00f3n criminal xurdida da l\u00f3xica de acumulaci\u00f3n do capital\u201d. O Encontro pretende levar a<br>cabo acci\u00f3ns unitarias e amplas, principalmente nas r\u00faas, que amosen o rexeitamento do noso pobo<br>a que o pretendido \u201cgoberno m\u00e1is progresista\u201d do Estado Espa\u00f1ol acolla a cimeira dunha<br>organizaci\u00f3n que ataca a soberan\u00eda dos pobos do mundo e que, xunto aos EEUU e \u00e1 Uni\u00f3n Europea,<br>expande a base de actos de guerra e terroristas os intereses do modelo imperante.<\/p>\n\n\n\n<p>Denuncian tam\u00e9n o papel servil do goberno actual, que utiliza instalaci\u00f3ns portuarias e a\u00e9reas da<br>maquinaria militar espa\u00f1ola na Galiza para po\u00f1elas ao servizo do terrorismo imperialista. \u201cA<br>carencia de soberan\u00eda do noso pa\u00eds converte o noso pobo en c\u00f3mplice pasivo dunha escalada<br>imperialista que s\u00f3 favorece os intereses do complexo militar-industrial norteamericano\u201d. Exemplo<br>disto \u00e9 a actual guerra de Ucra\u00edna, sobre a que esixen a retirada de todas as tropas enviadas \u00e1 zona e<br>o cese da venta de armamento.<\/p>\n\n\n\n<p>O Encontro constitu\u00eduse formalmente o 1 de abril, tras unha rolda de contactos iniciada a comezos<br>deste ano. Con car\u00e1cter democr\u00e1tico e aberto, fan un chamamento a que outras organizaci\u00f3ns e<br>persoas do movemento popular e da esquerda transformadora se unan na denuncia combativa e<br>firme das alianzas militares da OTAN e a UE.<\/p>\n","protected":false},"excerpt":{"rendered":"<div class=\"mh-excerpt\"><p>Chaman a constru\u00edr un movemento unitario, popular e aberto de rexeitamento ao Cumio da OTAN que se celebrar\u00e1 en Madrid o 29 e 30 de xu\u00f1o <a class=\"mh-excerpt-more\" href=\"https:\/\/www.anovapeneira.gal\/index.php\/2022\/05\/09\/nace-o-encontro-galego-contra-o-cumio-da-otan-unha-iniciativa-popular-para-amosar-a-repulsa-do-pobo-galego-a-tal-organismo\/\" title=\"Nace o \u2018Encontro Galego contra o Cumio da OTAN\u2019, unha iniciativa popular para amosar a repulsa do pobo galego a tal Organismo\">[&#8230;]<\/a><\/p>\n<\/div>","protected":false},"author":3,"featured_media":7436,"comment_status":"open","ping_status":"open","sticky":false,"template":"","format":"standard","meta":{"_exactmetrics_skip_tracking":false,"_exactmetrics_sitenote_active":false,"_exactmetrics_sitenote_note":"","_exactmetrics_sitenote_category":0,"footnotes":""},"categories":[263],"tags":[],"class_list":{"0":"post-7434","1":"post","2":"type-post","3":"status-publish","4":"format-standard","5":"has-post-thumbnail","7":"category-novas"},"yoast_head":"<!-- This site is optimized with the Yoast SEO plugin v27.4 - https:\/\/yoast.com\/product\/yoast-seo-wordpress\/ -->\n<title>Nace o \u2018Encontro Galego contra o Cumio da OTAN\u2019, unha iniciativa popular para amosar a repulsa do pobo galego a tal Organismo -<\/title>\n<meta name=\"description\" content=\"Chaman a constru\u00edr un movemento unitario, popular e aberto de rexeitamento ao Cumio da OTAN que se celebrar\u00e1 en Madrid o 29 e 30 de xu\u00f1o\" \/>\n<meta name=\"robots\" content=\"index, follow, max-snippet:-1, max-image-preview:large, max-video-preview:-1\" \/>\n<link rel=\"canonical\" href=\"https:\/\/www.anovapeneira.gal\/index.php\/2022\/05\/09\/nace-o-encontro-galego-contra-o-cumio-da-otan-unha-iniciativa-popular-para-amosar-a-repulsa-do-pobo-galego-a-tal-organismo\/\" \/>\n<meta property=\"og:locale\" content=\"gl_ES\" \/>\n<meta property=\"og:type\" content=\"article\" \/>\n<meta property=\"og:title\" content=\"Nace o \u2018Encontro Galego contra o Cumio da OTAN\u2019, unha iniciativa popular para amosar a repulsa do pobo galego a tal Organismo -\" \/>\n<meta property=\"og:description\" content=\"Chaman a constru\u00edr un movemento unitario, popular e aberto de rexeitamento ao Cumio da OTAN que se celebrar\u00e1 en Madrid o 29 e 30 de xu\u00f1o\" \/>\n<meta property=\"og:url\" content=\"https:\/\/www.anovapeneira.gal\/index.php\/2022\/05\/09\/nace-o-encontro-galego-contra-o-cumio-da-otan-unha-iniciativa-popular-para-amosar-a-repulsa-do-pobo-galego-a-tal-organismo\/\" \/>\n<meta property=\"article:publisher\" content=\"https:\/\/www.facebook.com\/anovapeneira\" \/>\n<meta property=\"article:published_time\" content=\"2022-05-09T10:00:00+00:00\" \/>\n<meta property=\"og:image\" content=\"https:\/\/www.anovapeneira.gal\/wp-content\/uploads\/2022\/05\/contra-cumio-da-otan.jpg\" \/>\n\t<meta property=\"og:image:width\" content=\"720\" \/>\n\t<meta property=\"og:image:height\" content=\"432\" \/>\n\t<meta property=\"og:image:type\" content=\"image\/jpeg\" \/>\n<meta name=\"author\" content=\"Redacci\u00f3n A Nova Peneira\" \/>\n<meta name=\"twitter:card\" content=\"summary_large_image\" \/>\n<meta name=\"twitter:creator\" content=\"@APeneira\" \/>\n<meta name=\"twitter:site\" content=\"@APeneira\" \/>\n<meta name=\"twitter:label1\" content=\"Escrito por\" \/>\n\t<meta name=\"twitter:data1\" content=\"Redacci\u00f3n A Nova Peneira\" \/>\n\t<meta name=\"twitter:label2\" content=\"Tempo de lectura\" \/>\n\t<meta name=\"twitter:data2\" content=\"2 minutos\" \/>\n<script type=\"application\/ld+json\" class=\"yoast-schema-graph\">{\"@context\":\"https:\\\/\\\/schema.org\",\"@graph\":[{\"@type\":\"Article\",\"@id\":\"https:\\\/\\\/www.anovapeneira.gal\\\/index.php\\\/2022\\\/05\\\/09\\\/nace-o-encontro-galego-contra-o-cumio-da-otan-unha-iniciativa-popular-para-amosar-a-repulsa-do-pobo-galego-a-tal-organismo\\\/#article\",\"isPartOf\":{\"@id\":\"https:\\\/\\\/www.anovapeneira.gal\\\/index.php\\\/2022\\\/05\\\/09\\\/nace-o-encontro-galego-contra-o-cumio-da-otan-unha-iniciativa-popular-para-amosar-a-repulsa-do-pobo-galego-a-tal-organismo\\\/\"},\"author\":{\"name\":\"Redacci\u00f3n A Nova Peneira\",\"@id\":\"https:\\\/\\\/www.anovapeneira.gal\\\/#\\\/schema\\\/person\\\/b93e3f8932e3f8da96334607eb6ac6aa\"},\"headline\":\"Nace o \u2018Encontro Galego contra o Cumio da OTAN\u2019, unha iniciativa popular para amosar a repulsa do pobo galego a tal Organismo\",\"datePublished\":\"2022-05-09T10:00:00+00:00\",\"mainEntityOfPage\":{\"@id\":\"https:\\\/\\\/www.anovapeneira.gal\\\/index.php\\\/2022\\\/05\\\/09\\\/nace-o-encontro-galego-contra-o-cumio-da-otan-unha-iniciativa-popular-para-amosar-a-repulsa-do-pobo-galego-a-tal-organismo\\\/\"},\"wordCount\":373,\"commentCount\":0,\"publisher\":{\"@id\":\"https:\\\/\\\/www.anovapeneira.gal\\\/#organization\"},\"image\":{\"@id\":\"https:\\\/\\\/www.anovapeneira.gal\\\/index.php\\\/2022\\\/05\\\/09\\\/nace-o-encontro-galego-contra-o-cumio-da-otan-unha-iniciativa-popular-para-amosar-a-repulsa-do-pobo-galego-a-tal-organismo\\\/#primaryimage\"},\"thumbnailUrl\":\"https:\\\/\\\/www.anovapeneira.gal\\\/wp-content\\\/uploads\\\/2022\\\/05\\\/contra-cumio-da-otan.jpg\",\"articleSection\":[\"Novas\"],\"inLanguage\":\"gl-ES\",\"potentialAction\":[{\"@type\":\"CommentAction\",\"name\":\"Comment\",\"target\":[\"https:\\\/\\\/www.anovapeneira.gal\\\/index.php\\\/2022\\\/05\\\/09\\\/nace-o-encontro-galego-contra-o-cumio-da-otan-unha-iniciativa-popular-para-amosar-a-repulsa-do-pobo-galego-a-tal-organismo\\\/#respond\"]}]},{\"@type\":\"WebPage\",\"@id\":\"https:\\\/\\\/www.anovapeneira.gal\\\/index.php\\\/2022\\\/05\\\/09\\\/nace-o-encontro-galego-contra-o-cumio-da-otan-unha-iniciativa-popular-para-amosar-a-repulsa-do-pobo-galego-a-tal-organismo\\\/\",\"url\":\"https:\\\/\\\/www.anovapeneira.gal\\\/index.php\\\/2022\\\/05\\\/09\\\/nace-o-encontro-galego-contra-o-cumio-da-otan-unha-iniciativa-popular-para-amosar-a-repulsa-do-pobo-galego-a-tal-organismo\\\/\",\"name\":\"Nace o \u2018Encontro Galego contra o Cumio da OTAN\u2019, unha iniciativa popular para amosar a repulsa do pobo galego a tal Organismo -\",\"isPartOf\":{\"@id\":\"https:\\\/\\\/www.anovapeneira.gal\\\/#website\"},\"primaryImageOfPage\":{\"@id\":\"https:\\\/\\\/www.anovapeneira.gal\\\/index.php\\\/2022\\\/05\\\/09\\\/nace-o-encontro-galego-contra-o-cumio-da-otan-unha-iniciativa-popular-para-amosar-a-repulsa-do-pobo-galego-a-tal-organismo\\\/#primaryimage\"},\"image\":{\"@id\":\"https:\\\/\\\/www.anovapeneira.gal\\\/index.php\\\/2022\\\/05\\\/09\\\/nace-o-encontro-galego-contra-o-cumio-da-otan-unha-iniciativa-popular-para-amosar-a-repulsa-do-pobo-galego-a-tal-organismo\\\/#primaryimage\"},\"thumbnailUrl\":\"https:\\\/\\\/www.anovapeneira.gal\\\/wp-content\\\/uploads\\\/2022\\\/05\\\/contra-cumio-da-otan.jpg\",\"datePublished\":\"2022-05-09T10:00:00+00:00\",\"description\":\"Chaman a constru\u00edr un movemento unitario, popular e aberto de rexeitamento ao Cumio da OTAN que se celebrar\u00e1 en Madrid o 29 e 30 de xu\u00f1o\",\"breadcrumb\":{\"@id\":\"https:\\\/\\\/www.anovapeneira.gal\\\/index.php\\\/2022\\\/05\\\/09\\\/nace-o-encontro-galego-contra-o-cumio-da-otan-unha-iniciativa-popular-para-amosar-a-repulsa-do-pobo-galego-a-tal-organismo\\\/#breadcrumb\"},\"inLanguage\":\"gl-ES\",\"potentialAction\":[{\"@type\":\"ReadAction\",\"target\":[\"https:\\\/\\\/www.anovapeneira.gal\\\/index.php\\\/2022\\\/05\\\/09\\\/nace-o-encontro-galego-contra-o-cumio-da-otan-unha-iniciativa-popular-para-amosar-a-repulsa-do-pobo-galego-a-tal-organismo\\\/\"]}]},{\"@type\":\"ImageObject\",\"inLanguage\":\"gl-ES\",\"@id\":\"https:\\\/\\\/www.anovapeneira.gal\\\/index.php\\\/2022\\\/05\\\/09\\\/nace-o-encontro-galego-contra-o-cumio-da-otan-unha-iniciativa-popular-para-amosar-a-repulsa-do-pobo-galego-a-tal-organismo\\\/#primaryimage\",\"url\":\"https:\\\/\\\/www.anovapeneira.gal\\\/wp-content\\\/uploads\\\/2022\\\/05\\\/contra-cumio-da-otan.jpg\",\"contentUrl\":\"https:\\\/\\\/www.anovapeneira.gal\\\/wp-content\\\/uploads\\\/2022\\\/05\\\/contra-cumio-da-otan.jpg\",\"width\":720,\"height\":432,\"caption\":\"Contra o cumio da OTAN\"},{\"@type\":\"BreadcrumbList\",\"@id\":\"https:\\\/\\\/www.anovapeneira.gal\\\/index.php\\\/2022\\\/05\\\/09\\\/nace-o-encontro-galego-contra-o-cumio-da-otan-unha-iniciativa-popular-para-amosar-a-repulsa-do-pobo-galego-a-tal-organismo\\\/#breadcrumb\",\"itemListElement\":[{\"@type\":\"ListItem\",\"position\":1,\"name\":\"Portada\",\"item\":\"https:\\\/\\\/www.anovapeneira.gal\\\/\"},{\"@type\":\"ListItem\",\"position\":2,\"name\":\"Nace o \u2018Encontro Galego contra o Cumio da OTAN\u2019, unha iniciativa popular para amosar a repulsa do pobo galego a tal Organismo\"}]},{\"@type\":\"WebSite\",\"@id\":\"https:\\\/\\\/www.anovapeneira.gal\\\/#website\",\"url\":\"https:\\\/\\\/www.anovapeneira.gal\\\/\",\"name\":\"\",\"description\":\"Xornal galego de informaci\u00f3n xeral Publicaci\u00f3n mensual de novas de Galicia e en especial dos Concellos da sur da provincia de Pontevedra.\",\"publisher\":{\"@id\":\"https:\\\/\\\/www.anovapeneira.gal\\\/#organization\"},\"potentialAction\":[{\"@type\":\"SearchAction\",\"target\":{\"@type\":\"EntryPoint\",\"urlTemplate\":\"https:\\\/\\\/www.anovapeneira.gal\\\/?s={search_term_string}\"},\"query-input\":{\"@type\":\"PropertyValueSpecification\",\"valueRequired\":true,\"valueName\":\"search_term_string\"}}],\"inLanguage\":\"gl-ES\"},{\"@type\":\"Organization\",\"@id\":\"https:\\\/\\\/www.anovapeneira.gal\\\/#organization\",\"name\":\"A Nova Peneira\",\"url\":\"https:\\\/\\\/www.anovapeneira.gal\\\/\",\"logo\":{\"@type\":\"ImageObject\",\"inLanguage\":\"gl-ES\",\"@id\":\"https:\\\/\\\/www.anovapeneira.gal\\\/#\\\/schema\\\/logo\\\/image\\\/\",\"url\":\"http:\\\/\\\/www.anovapeneira.gal\\\/wp-content\\\/uploads\\\/2019\\\/06\\\/logo_a_nova_peneira_portal_web.png\",\"contentUrl\":\"http:\\\/\\\/www.anovapeneira.gal\\\/wp-content\\\/uploads\\\/2019\\\/06\\\/logo_a_nova_peneira_portal_web.png\",\"width\":300,\"height\":100,\"caption\":\"A Nova Peneira\"},\"image\":{\"@id\":\"https:\\\/\\\/www.anovapeneira.gal\\\/#\\\/schema\\\/logo\\\/image\\\/\"},\"sameAs\":[\"https:\\\/\\\/www.facebook.com\\\/anovapeneira\",\"https:\\\/\\\/x.com\\\/APeneira\"]},{\"@type\":\"Person\",\"@id\":\"https:\\\/\\\/www.anovapeneira.gal\\\/#\\\/schema\\\/person\\\/b93e3f8932e3f8da96334607eb6ac6aa\",\"name\":\"Redacci\u00f3n A Nova Peneira\",\"image\":{\"@type\":\"ImageObject\",\"inLanguage\":\"gl-ES\",\"@id\":\"https:\\\/\\\/secure.gravatar.com\\\/avatar\\\/c052a2551a06e23fac63626232eaa90abd78dbcf1700fc46a2b2c89fd27b735f?s=96&d=mm&r=g\",\"url\":\"https:\\\/\\\/secure.gravatar.com\\\/avatar\\\/c052a2551a06e23fac63626232eaa90abd78dbcf1700fc46a2b2c89fd27b735f?s=96&d=mm&r=g\",\"contentUrl\":\"https:\\\/\\\/secure.gravatar.com\\\/avatar\\\/c052a2551a06e23fac63626232eaa90abd78dbcf1700fc46a2b2c89fd27b735f?s=96&d=mm&r=g\",\"caption\":\"Redacci\u00f3n A Nova Peneira\"},\"sameAs\":[\"http:\\\/\\\/www.anovapeneira.gal\\\/\"],\"url\":\"https:\\\/\\\/www.anovapeneira.gal\\\/index.php\\\/author\\\/redactor\\\/\"}]}<\/script>\n<!-- \/ Yoast SEO plugin. -->","yoast_head_json":{"title":"Nace o \u2018Encontro Galego contra o Cumio da OTAN\u2019, unha iniciativa popular para amosar a repulsa do pobo galego a tal Organismo -","description":"Chaman a constru\u00edr un movemento unitario, popular e aberto de rexeitamento ao Cumio da OTAN que se celebrar\u00e1 en Madrid o 29 e 30 de xu\u00f1o","robots":{"index":"index","follow":"follow","max-snippet":"max-snippet:-1","max-image-preview":"max-image-preview:large","max-video-preview":"max-video-preview:-1"},"canonical":"https:\/\/www.anovapeneira.gal\/index.php\/2022\/05\/09\/nace-o-encontro-galego-contra-o-cumio-da-otan-unha-iniciativa-popular-para-amosar-a-repulsa-do-pobo-galego-a-tal-organismo\/","og_locale":"gl_ES","og_type":"article","og_title":"Nace o \u2018Encontro Galego contra o Cumio da OTAN\u2019, unha iniciativa popular para amosar a repulsa do pobo galego a tal Organismo -","og_description":"Chaman a constru\u00edr un movemento unitario, popular e aberto de rexeitamento ao Cumio da OTAN que se celebrar\u00e1 en Madrid o 29 e 30 de xu\u00f1o","og_url":"https:\/\/www.anovapeneira.gal\/index.php\/2022\/05\/09\/nace-o-encontro-galego-contra-o-cumio-da-otan-unha-iniciativa-popular-para-amosar-a-repulsa-do-pobo-galego-a-tal-organismo\/","article_publisher":"https:\/\/www.facebook.com\/anovapeneira","article_published_time":"2022-05-09T10:00:00+00:00","og_image":[{"width":720,"height":432,"url":"https:\/\/www.anovapeneira.gal\/wp-content\/uploads\/2022\/05\/contra-cumio-da-otan.jpg","type":"image\/jpeg"}],"author":"Redacci\u00f3n A Nova Peneira","twitter_card":"summary_large_image","twitter_creator":"@APeneira","twitter_site":"@APeneira","twitter_misc":{"Escrito por":"Redacci\u00f3n A Nova Peneira","Tempo de lectura":"2 minutos"},"schema":{"@context":"https:\/\/schema.org","@graph":[{"@type":"Article","@id":"https:\/\/www.anovapeneira.gal\/index.php\/2022\/05\/09\/nace-o-encontro-galego-contra-o-cumio-da-otan-unha-iniciativa-popular-para-amosar-a-repulsa-do-pobo-galego-a-tal-organismo\/#article","isPartOf":{"@id":"https:\/\/www.anovapeneira.gal\/index.php\/2022\/05\/09\/nace-o-encontro-galego-contra-o-cumio-da-otan-unha-iniciativa-popular-para-amosar-a-repulsa-do-pobo-galego-a-tal-organismo\/"},"author":{"name":"Redacci\u00f3n A Nova Peneira","@id":"https:\/\/www.anovapeneira.gal\/#\/schema\/person\/b93e3f8932e3f8da96334607eb6ac6aa"},"headline":"Nace o \u2018Encontro Galego contra o Cumio da OTAN\u2019, unha iniciativa popular para amosar a repulsa do pobo galego a tal Organismo","datePublished":"2022-05-09T10:00:00+00:00","mainEntityOfPage":{"@id":"https:\/\/www.anovapeneira.gal\/index.php\/2022\/05\/09\/nace-o-encontro-galego-contra-o-cumio-da-otan-unha-iniciativa-popular-para-amosar-a-repulsa-do-pobo-galego-a-tal-organismo\/"},"wordCount":373,"commentCount":0,"publisher":{"@id":"https:\/\/www.anovapeneira.gal\/#organization"},"image":{"@id":"https:\/\/www.anovapeneira.gal\/index.php\/2022\/05\/09\/nace-o-encontro-galego-contra-o-cumio-da-otan-unha-iniciativa-popular-para-amosar-a-repulsa-do-pobo-galego-a-tal-organismo\/#primaryimage"},"thumbnailUrl":"https:\/\/www.anovapeneira.gal\/wp-content\/uploads\/2022\/05\/contra-cumio-da-otan.jpg","articleSection":["Novas"],"inLanguage":"gl-ES","potentialAction":[{"@type":"CommentAction","name":"Comment","target":["https:\/\/www.anovapeneira.gal\/index.php\/2022\/05\/09\/nace-o-encontro-galego-contra-o-cumio-da-otan-unha-iniciativa-popular-para-amosar-a-repulsa-do-pobo-galego-a-tal-organismo\/#respond"]}]},{"@type":"WebPage","@id":"https:\/\/www.anovapeneira.gal\/index.php\/2022\/05\/09\/nace-o-encontro-galego-contra-o-cumio-da-otan-unha-iniciativa-popular-para-amosar-a-repulsa-do-pobo-galego-a-tal-organismo\/","url":"https:\/\/www.anovapeneira.gal\/index.php\/2022\/05\/09\/nace-o-encontro-galego-contra-o-cumio-da-otan-unha-iniciativa-popular-para-amosar-a-repulsa-do-pobo-galego-a-tal-organismo\/","name":"Nace o \u2018Encontro Galego contra o Cumio da OTAN\u2019, unha iniciativa popular para amosar a repulsa do pobo galego a tal Organismo -","isPartOf":{"@id":"https:\/\/www.anovapeneira.gal\/#website"},"primaryImageOfPage":{"@id":"https:\/\/www.anovapeneira.gal\/index.php\/2022\/05\/09\/nace-o-encontro-galego-contra-o-cumio-da-otan-unha-iniciativa-popular-para-amosar-a-repulsa-do-pobo-galego-a-tal-organismo\/#primaryimage"},"image":{"@id":"https:\/\/www.anovapeneira.gal\/index.php\/2022\/05\/09\/nace-o-encontro-galego-contra-o-cumio-da-otan-unha-iniciativa-popular-para-amosar-a-repulsa-do-pobo-galego-a-tal-organismo\/#primaryimage"},"thumbnailUrl":"https:\/\/www.anovapeneira.gal\/wp-content\/uploads\/2022\/05\/contra-cumio-da-otan.jpg","datePublished":"2022-05-09T10:00:00+00:00","description":"Chaman a constru\u00edr un movemento unitario, popular e aberto de rexeitamento ao Cumio da OTAN que se celebrar\u00e1 en Madrid o 29 e 30 de xu\u00f1o","breadcrumb":{"@id":"https:\/\/www.anovapeneira.gal\/index.php\/2022\/05\/09\/nace-o-encontro-galego-contra-o-cumio-da-otan-unha-iniciativa-popular-para-amosar-a-repulsa-do-pobo-galego-a-tal-organismo\/#breadcrumb"},"inLanguage":"gl-ES","potentialAction":[{"@type":"ReadAction","target":["https:\/\/www.anovapeneira.gal\/index.php\/2022\/05\/09\/nace-o-encontro-galego-contra-o-cumio-da-otan-unha-iniciativa-popular-para-amosar-a-repulsa-do-pobo-galego-a-tal-organismo\/"]}]},{"@type":"ImageObject","inLanguage":"gl-ES","@id":"https:\/\/www.anovapeneira.gal\/index.php\/2022\/05\/09\/nace-o-encontro-galego-contra-o-cumio-da-otan-unha-iniciativa-popular-para-amosar-a-repulsa-do-pobo-galego-a-tal-organismo\/#primaryimage","url":"https:\/\/www.anovapeneira.gal\/wp-content\/uploads\/2022\/05\/contra-cumio-da-otan.jpg","contentUrl":"https:\/\/www.anovapeneira.gal\/wp-content\/uploads\/2022\/05\/contra-cumio-da-otan.jpg","width":720,"height":432,"caption":"Contra o cumio da OTAN"},{"@type":"BreadcrumbList","@id":"https:\/\/www.anovapeneira.gal\/index.php\/2022\/05\/09\/nace-o-encontro-galego-contra-o-cumio-da-otan-unha-iniciativa-popular-para-amosar-a-repulsa-do-pobo-galego-a-tal-organismo\/#breadcrumb","itemListElement":[{"@type":"ListItem","position":1,"name":"Portada","item":"https:\/\/www.anovapeneira.gal\/"},{"@type":"ListItem","position":2,"name":"Nace o \u2018Encontro Galego contra o Cumio da OTAN\u2019, unha iniciativa popular para amosar a repulsa do pobo galego a tal Organismo"}]},{"@type":"WebSite","@id":"https:\/\/www.anovapeneira.gal\/#website","url":"https:\/\/www.anovapeneira.gal\/","name":"","description":"Xornal galego de informaci\u00f3n xeral Publicaci\u00f3n mensual de novas de Galicia e en especial dos Concellos da sur da provincia de Pontevedra.","publisher":{"@id":"https:\/\/www.anovapeneira.gal\/#organization"},"potentialAction":[{"@type":"SearchAction","target":{"@type":"EntryPoint","urlTemplate":"https:\/\/www.anovapeneira.gal\/?s={search_term_string}"},"query-input":{"@type":"PropertyValueSpecification","valueRequired":true,"valueName":"search_term_string"}}],"inLanguage":"gl-ES"},{"@type":"Organization","@id":"https:\/\/www.anovapeneira.gal\/#organization","name":"A Nova Peneira","url":"https:\/\/www.anovapeneira.gal\/","logo":{"@type":"ImageObject","inLanguage":"gl-ES","@id":"https:\/\/www.anovapeneira.gal\/#\/schema\/logo\/image\/","url":"http:\/\/www.anovapeneira.gal\/wp-content\/uploads\/2019\/06\/logo_a_nova_peneira_portal_web.png","contentUrl":"http:\/\/www.anovapeneira.gal\/wp-content\/uploads\/2019\/06\/logo_a_nova_peneira_portal_web.png","width":300,"height":100,"caption":"A Nova Peneira"},"image":{"@id":"https:\/\/www.anovapeneira.gal\/#\/schema\/logo\/image\/"},"sameAs":["https:\/\/www.facebook.com\/anovapeneira","https:\/\/x.com\/APeneira"]},{"@type":"Person","@id":"https:\/\/www.anovapeneira.gal\/#\/schema\/person\/b93e3f8932e3f8da96334607eb6ac6aa","name":"Redacci\u00f3n A Nova Peneira","image":{"@type":"ImageObject","inLanguage":"gl-ES","@id":"https:\/\/secure.gravatar.com\/avatar\/c052a2551a06e23fac63626232eaa90abd78dbcf1700fc46a2b2c89fd27b735f?s=96&d=mm&r=g","url":"https:\/\/secure.gravatar.com\/avatar\/c052a2551a06e23fac63626232eaa90abd78dbcf1700fc46a2b2c89fd27b735f?s=96&d=mm&r=g","contentUrl":"https:\/\/secure.gravatar.com\/avatar\/c052a2551a06e23fac63626232eaa90abd78dbcf1700fc46a2b2c89fd27b735f?s=96&d=mm&r=g","caption":"Redacci\u00f3n A Nova Peneira"},"sameAs":["http:\/\/www.anovapeneira.gal\/"],"url":"https:\/\/www.anovapeneira.gal\/index.php\/author\/redactor\/"}]}},"jetpack_featured_media_url":"https:\/\/www.anovapeneira.gal\/wp-content\/uploads\/2022\/05\/contra-cumio-da-otan.jpg","_links":{"self":[{"href":"https:\/\/www.anovapeneira.gal\/index.php\/wp-json\/wp\/v2\/posts\/7434","targetHints":{"allow":["GET"]}}],"collection":[{"href":"https:\/\/www.anovapeneira.gal\/index.php\/wp-json\/wp\/v2\/posts"}],"about":[{"href":"https:\/\/www.anovapeneira.gal\/index.php\/wp-json\/wp\/v2\/types\/post"}],"author":[{"embeddable":true,"href":"https:\/\/www.anovapeneira.gal\/index.php\/wp-json\/wp\/v2\/users\/3"}],"replies":[{"embeddable":true,"href":"https:\/\/www.anovapeneira.gal\/index.php\/wp-json\/wp\/v2\/comments?post=7434"}],"version-history":[{"count":2,"href":"https:\/\/www.anovapeneira.gal\/index.php\/wp-json\/wp\/v2\/posts\/7434\/revisions"}],"predecessor-version":[{"id":7437,"href":"https:\/\/www.anovapeneira.gal\/index.php\/wp-json\/wp\/v2\/posts\/7434\/revisions\/7437"}],"wp:featuredmedia":[{"embeddable":true,"href":"https:\/\/www.anovapeneira.gal\/index.php\/wp-json\/wp\/v2\/media\/7436"}],"wp:attachment":[{"href":"https:\/\/www.anovapeneira.gal\/index.php\/wp-json\/wp\/v2\/media?parent=7434"}],"wp:term":[{"taxonomy":"category","embeddable":true,"href":"https:\/\/www.anovapeneira.gal\/index.php\/wp-json\/wp\/v2\/categories?post=7434"},{"taxonomy":"post_tag","embeddable":true,"href":"https:\/\/www.anovapeneira.gal\/index.php\/wp-json\/wp\/v2\/tags?post=7434"}],"curies":[{"name":"wp","href":"https:\/\/api.w.org\/{rel}","templated":true}]}}